{"id":10169,"date":"2013-03-19T23:50:26","date_gmt":"2013-03-19T22:50:26","guid":{"rendered":"http:\/\/www.kobler-margreid.com\/blog\/?p=10169"},"modified":"2013-03-27T15:02:15","modified_gmt":"2013-03-27T14:02:15","slug":"zu-josefi-bluehen-die-mandelbaeume_a-san-giuseppe-fioriscono-i-mandorli","status":"publish","type":"post","link":"https:\/\/www.kobler-margreid.com\/blog\/blog\/2013\/03\/19\/zu-josefi-bluehen-die-mandelbaeume_a-san-giuseppe-fioriscono-i-mandorli\/","title":{"rendered":"Zu Josefi bl\u00fchen die Mandelb\u00e4ume \u2014 A San Giuseppe fioriscono i mandorli"},"content":{"rendered":"<p><a href=\"http:\/\/www.kobler-margreid.com\/blog\/wp-content\/2013\/03\/2013-03-19_08-54-161.jpg\" rel=\"lightbox[10169]\"><img loading=\"lazy\" decoding=\"async\" class=\"alignleft size-full wp-image-10171\" style=\"border: 0px;\" alt=\"IF\" src=\"http:\/\/www.kobler-margreid.com\/blog\/wp-content\/2013\/03\/2013-03-19_08-54-161.jpg\" width=\"530\" height=\"398\" srcset=\"https:\/\/www.kobler-margreid.com\/blog\/wp-content\/2013\/03\/2013-03-19_08-54-161.jpg 530w, https:\/\/www.kobler-margreid.com\/blog\/wp-content\/2013\/03\/2013-03-19_08-54-161-300x225.jpg 300w\" sizes=\"auto, (max-width: 530px) 100vw, 530px\" \/><\/a><\/p>\n<p>Heute ist der Tag des heiligen Josefs, des Tiroler Landespatrons. Man sagt bei uns, dass zu Josefi die Mandelb\u00e4ume bl\u00fchen. Hatten sie das in den letzten Jahren oftmals schon eine Woche fr\u00fcher als \u00fcberliefert getan, so sieht es im Fr\u00fchjahr 2013 einmal ganz anders aus. Am Vortag hat es bei uns in Margreid noch auf knapp 220 m Seeh\u00f6he mehr als zehn Zentimeter geschneit, die Bl\u00fcten werden wohl erst n\u00e4chste Woche aufgehen.<\/p>\n<p><em>Oggi \u00e8 il giorno di San Giuseppe, tra l&#8217;altro il patrono del Tirolo. Da noi si dice che in quel giorno i mandorli sono in fioritura. Mentre gli anni passati hanno cominciato a fiorire anche una settimana prima del 19 marzo, quest&#8217;anno non \u00e8 proprio cos\u00ed. Il giorno prima a Magr\u00e9, stiamo a 220 m sul livello del mare, sono arrivati pi\u00f9 di dieci centimetri di neve, i fiori si apriranno probabilmente soltanto la settimana prossima.<\/em><\/p>\n<p><!--more--><\/p>\n<p>Wir verzeichnen also einen deutlichen Vegetationsr\u00fcckstand. Dabei war der Winter eigentlich gar nicht so streng: der Kalterer See, ein lokaler Gradmesser f\u00fcr die Winterk\u00e4lte, ist nur f\u00fcr ein paar Tage zugefroren und beim Rebschnitt musste ich au\u00dfer an den letzthin sehr windigen Tagen nie die schwere Jacke anziehen. Andrerseits ist es gegen Ende des kalendarischen Winters fast nie so warm geworden, wie es oft andere Jahre passiert ist; diese die Vegetation aufweckenden W\u00e4rmetage haben anscheinend gefehlt.<\/p>\n<p><em>Si nota infatti un netto ritardo della vegetazione. Ci\u00f2 malgrado l&#8217;inverno non era particolarmente rigido: il lago di Caldaro, per menzionare un indicatore, era ghiacciato solo per pochi giorni e durante la potatura delle viti mi dovevo metere il giaccone soltanto nelle giornate ventose. Per\u00f2 alla fine di questo inverno non si hanno mai avuto quei singoli giorni veramente caldi come negli anni passati. Questi singoli giorni dalle alte temperature che risvegliano la natura sembra che siano mancati.<\/em><\/p>\n<p><a href=\"http:\/\/www.kobler-margreid.com\/blog\/wp-content\/2013\/03\/2013-03-16_16-13-48.jpg\" rel=\"lightbox[10169]\"><img loading=\"lazy\" decoding=\"async\" class=\"alignleft size-full wp-image-10187\" style=\"border: 0px;\" alt=\"2013-03-16_16-13-48\" src=\"http:\/\/www.kobler-margreid.com\/blog\/wp-content\/2013\/03\/2013-03-16_16-13-48.jpg\" width=\"530\" height=\"398\" srcset=\"https:\/\/www.kobler-margreid.com\/blog\/wp-content\/2013\/03\/2013-03-16_16-13-48.jpg 530w, https:\/\/www.kobler-margreid.com\/blog\/wp-content\/2013\/03\/2013-03-16_16-13-48-300x225.jpg 300w\" sizes=\"auto, (max-width: 530px) 100vw, 530px\" \/><\/a><\/p>\n<p>Auch wenn sich die allermeisten ein Ende des Winters herbeisehnen, bin ich \u00fcber die momentane Entwicklung sehr erfreut. Ein sp\u00e4ter Austrieb ist der erste Schritt in die Richtung eines sp\u00e4teren Jahrgangs, wo die Trauben in einer k\u00fchleren Zeit reifen k\u00f6nnen. Davon profitieren besonders die Wei\u00dfweine sehr, weil frische Aromen erhalten bleiben und bei gleicher Reife tendenziell weniger Zucker eingelagert wird. Nat\u00fcrlich ist das Vegetationsjahr noch lang und es kann allerhand passieren, der Vegetationsstand kann unter besonderen Umst\u00e4nden auch wieder aufgeholt werden, aber ein erster Schritt ist gemacht. Sich freuen \u00fcber ein versp\u00e4tetes Fr\u00fchjahr, das kann sich auch nur jemand mit einem\u00a0\u0153nozentrischem Weltbild&#8230;<\/p>\n<p><em>Anche se la maggioranza delle persone attende con ansia la fine dell&#8217;inverno, io sono molto contento di questo andamento. Infatti un ritardato germogliamento \u00e8 il primo passo verso un&#8217;annata tardiva, dove le uve maturano in un periodo gi\u00e0 pi\u00f9 fresco. Di questo ne approfittano soprattutto i vini bianchi in quanto si conservano meglio gli aromi, la freschezza, ed a pari grado di maturazione si ha un minore accumulo in zuccheri. Naturalmente la stagione vegetativa \u00e8 ancora lunga ed in certe condizioni la vegetazione pu\u00f2 anche recuperare, un primo passo si \u00e8 per\u00f2 fatto. Gioire di una primavera ritardata, solo uno con una visione <\/em><em>enocentrica\u00a0<\/em>del mondo lo pu\u00f2 fare&#8230;<\/p>\n<p>&nbsp;<\/p>\n","protected":false},"excerpt":{"rendered":"<p>Heute ist der Tag des heiligen Josefs, des Tiroler Landespatrons. Man sagt bei uns, dass zu Josefi die Mandelb\u00e4ume bl\u00fchen. Hatten sie das in den letzten Jahren oftmals schon eine Woche fr\u00fcher als \u00fcberliefert getan, so sieht es im Fr\u00fchjahr &hellip; <a href=\"https:\/\/www.kobler-margreid.com\/blog\/blog\/2013\/03\/19\/zu-josefi-bluehen-die-mandelbaeume_a-san-giuseppe-fioriscono-i-mandorli\/\">Weiterlesen <span class=\"meta-nav\">&rarr;<\/span><\/a><\/p>\n","protected":false},"author":1,"featured_media":0,"comment_status":"open","ping_status":"open","sticky":false,"template":"","format":"standard","meta":{"ngg_post_thumbnail":0,"footnotes":"","_links_to":"","_links_to_target":""},"categories":[14],"tags":[525,674,675,524],"class_list":["post-10169","post","type-post","status-publish","format-standard","hentry","category-weingarten","tag-annata","tag-austrieb","tag-germogliamento","tag-jahrgang"],"yoast_head":"<!-- This site is optimized with the Yoast SEO plugin v27.5 - https:\/\/yoast.com\/product\/yoast-seo-wordpress\/ -->\n<title>Zu Josefi bl\u00fchen die Mandelb\u00e4ume \u2014 A San Giuseppe fioriscono i mandorli - weinhof KOBLER weblog<\/title>\n<meta name=\"robots\" content=\"index, follow, max-snippet:-1, max-image-preview:large, max-video-preview:-1\" \/>\n<link rel=\"canonical\" href=\"https:\/\/www.kobler-margreid.com\/blog\/blog\/2013\/03\/19\/zu-josefi-bluehen-die-mandelbaeume_a-san-giuseppe-fioriscono-i-mandorli\/\" \/>\n<meta property=\"og:locale\" content=\"de_DE\" \/>\n<meta property=\"og:type\" content=\"article\" \/>\n<meta property=\"og:title\" content=\"Zu Josefi bl\u00fchen die Mandelb\u00e4ume \u2014 A San Giuseppe fioriscono i mandorli - weinhof KOBLER weblog\" \/>\n<meta property=\"og:description\" content=\"Heute ist der Tag des heiligen Josefs, des Tiroler Landespatrons. Man sagt bei uns, dass zu Josefi die Mandelb\u00e4ume bl\u00fchen. Hatten sie das in den letzten Jahren oftmals schon eine Woche fr\u00fcher als \u00fcberliefert getan, so sieht es im Fr\u00fchjahr &hellip; Weiterlesen &rarr;\" \/>\n<meta property=\"og:url\" content=\"https:\/\/www.kobler-margreid.com\/blog\/blog\/2013\/03\/19\/zu-josefi-bluehen-die-mandelbaeume_a-san-giuseppe-fioriscono-i-mandorli\/\" \/>\n<meta property=\"og:site_name\" content=\"weinhof KOBLER weblog\" \/>\n<meta property=\"article:publisher\" content=\"https:\/\/www.facebook.com\/armin.kobler\/\" \/>\n<meta property=\"article:author\" content=\"https:\/\/www.facebook.com\/armin.kobler\/\" \/>\n<meta property=\"article:published_time\" content=\"2013-03-19T22:50:26+00:00\" \/>\n<meta property=\"article:modified_time\" content=\"2013-03-27T14:02:15+00:00\" \/>\n<meta property=\"og:image\" content=\"http:\/\/www.kobler-margreid.com\/blog\/wp-content\/2013\/03\/2013-03-19_08-54-161.jpg\" \/>\n<meta name=\"author\" content=\"armin kobler\" \/>\n<meta name=\"twitter:card\" content=\"summary_large_image\" \/>\n<meta name=\"twitter:label1\" content=\"Verfasst von\" \/>\n\t<meta name=\"twitter:data1\" content=\"armin kobler\" \/>\n\t<meta name=\"twitter:label2\" content=\"Gesch\u00e4tzte Lesezeit\" \/>\n\t<meta name=\"twitter:data2\" content=\"3\u00a0Minuten\" \/>\n<script type=\"application\/ld+json\" class=\"yoast-schema-graph\">{\"@context\":\"https:\\\/\\\/schema.org\",\"@graph\":[{\"@type\":\"Article\",\"@id\":\"https:\\\/\\\/www.kobler-margreid.com\\\/blog\\\/blog\\\/2013\\\/03\\\/19\\\/zu-josefi-bluehen-die-mandelbaeume_a-san-giuseppe-fioriscono-i-mandorli\\\/#article\",\"isPartOf\":{\"@id\":\"https:\\\/\\\/www.kobler-margreid.com\\\/blog\\\/blog\\\/2013\\\/03\\\/19\\\/zu-josefi-bluehen-die-mandelbaeume_a-san-giuseppe-fioriscono-i-mandorli\\\/\"},\"author\":{\"name\":\"armin kobler\",\"@id\":\"https:\\\/\\\/www.kobler-margreid.com\\\/blog\\\/#\\\/schema\\\/person\\\/6a2290c17f680f59c1fa7e1c7a36df3a\"},\"headline\":\"Zu Josefi bl\u00fchen die Mandelb\u00e4ume \u2014 A San Giuseppe fioriscono i mandorli\",\"datePublished\":\"2013-03-19T22:50:26+00:00\",\"dateModified\":\"2013-03-27T14:02:15+00:00\",\"mainEntityOfPage\":{\"@id\":\"https:\\\/\\\/www.kobler-margreid.com\\\/blog\\\/blog\\\/2013\\\/03\\\/19\\\/zu-josefi-bluehen-die-mandelbaeume_a-san-giuseppe-fioriscono-i-mandorli\\\/\"},\"wordCount\":541,\"commentCount\":3,\"publisher\":{\"@id\":\"https:\\\/\\\/www.kobler-margreid.com\\\/blog\\\/#\\\/schema\\\/person\\\/6a2290c17f680f59c1fa7e1c7a36df3a\"},\"image\":{\"@id\":\"https:\\\/\\\/www.kobler-margreid.com\\\/blog\\\/blog\\\/2013\\\/03\\\/19\\\/zu-josefi-bluehen-die-mandelbaeume_a-san-giuseppe-fioriscono-i-mandorli\\\/#primaryimage\"},\"thumbnailUrl\":\"http:\\\/\\\/www.kobler-margreid.com\\\/blog\\\/wp-content\\\/2013\\\/03\\\/2013-03-19_08-54-161.jpg\",\"keywords\":[\"Annata\",\"Austrieb\",\"Germogliamento\",\"Jahrgang\"],\"articleSection\":[\"Weingarten - Vigneto\"],\"inLanguage\":\"de\",\"potentialAction\":[{\"@type\":\"CommentAction\",\"name\":\"Comment\",\"target\":[\"https:\\\/\\\/www.kobler-margreid.com\\\/blog\\\/blog\\\/2013\\\/03\\\/19\\\/zu-josefi-bluehen-die-mandelbaeume_a-san-giuseppe-fioriscono-i-mandorli\\\/#respond\"]}]},{\"@type\":\"WebPage\",\"@id\":\"https:\\\/\\\/www.kobler-margreid.com\\\/blog\\\/blog\\\/2013\\\/03\\\/19\\\/zu-josefi-bluehen-die-mandelbaeume_a-san-giuseppe-fioriscono-i-mandorli\\\/\",\"url\":\"https:\\\/\\\/www.kobler-margreid.com\\\/blog\\\/blog\\\/2013\\\/03\\\/19\\\/zu-josefi-bluehen-die-mandelbaeume_a-san-giuseppe-fioriscono-i-mandorli\\\/\",\"name\":\"Zu Josefi bl\u00fchen die Mandelb\u00e4ume \u2014 A San Giuseppe fioriscono i mandorli - weinhof KOBLER weblog\",\"isPartOf\":{\"@id\":\"https:\\\/\\\/www.kobler-margreid.com\\\/blog\\\/#website\"},\"primaryImageOfPage\":{\"@id\":\"https:\\\/\\\/www.kobler-margreid.com\\\/blog\\\/blog\\\/2013\\\/03\\\/19\\\/zu-josefi-bluehen-die-mandelbaeume_a-san-giuseppe-fioriscono-i-mandorli\\\/#primaryimage\"},\"image\":{\"@id\":\"https:\\\/\\\/www.kobler-margreid.com\\\/blog\\\/blog\\\/2013\\\/03\\\/19\\\/zu-josefi-bluehen-die-mandelbaeume_a-san-giuseppe-fioriscono-i-mandorli\\\/#primaryimage\"},\"thumbnailUrl\":\"http:\\\/\\\/www.kobler-margreid.com\\\/blog\\\/wp-content\\\/2013\\\/03\\\/2013-03-19_08-54-161.jpg\",\"datePublished\":\"2013-03-19T22:50:26+00:00\",\"dateModified\":\"2013-03-27T14:02:15+00:00\",\"breadcrumb\":{\"@id\":\"https:\\\/\\\/www.kobler-margreid.com\\\/blog\\\/blog\\\/2013\\\/03\\\/19\\\/zu-josefi-bluehen-die-mandelbaeume_a-san-giuseppe-fioriscono-i-mandorli\\\/#breadcrumb\"},\"inLanguage\":\"de\",\"potentialAction\":[{\"@type\":\"ReadAction\",\"target\":[\"https:\\\/\\\/www.kobler-margreid.com\\\/blog\\\/blog\\\/2013\\\/03\\\/19\\\/zu-josefi-bluehen-die-mandelbaeume_a-san-giuseppe-fioriscono-i-mandorli\\\/\"]}]},{\"@type\":\"ImageObject\",\"inLanguage\":\"de\",\"@id\":\"https:\\\/\\\/www.kobler-margreid.com\\\/blog\\\/blog\\\/2013\\\/03\\\/19\\\/zu-josefi-bluehen-die-mandelbaeume_a-san-giuseppe-fioriscono-i-mandorli\\\/#primaryimage\",\"url\":\"http:\\\/\\\/www.kobler-margreid.com\\\/blog\\\/wp-content\\\/2013\\\/03\\\/2013-03-19_08-54-161.jpg\",\"contentUrl\":\"http:\\\/\\\/www.kobler-margreid.com\\\/blog\\\/wp-content\\\/2013\\\/03\\\/2013-03-19_08-54-161.jpg\"},{\"@type\":\"BreadcrumbList\",\"@id\":\"https:\\\/\\\/www.kobler-margreid.com\\\/blog\\\/blog\\\/2013\\\/03\\\/19\\\/zu-josefi-bluehen-die-mandelbaeume_a-san-giuseppe-fioriscono-i-mandorli\\\/#breadcrumb\",\"itemListElement\":[{\"@type\":\"ListItem\",\"position\":1,\"name\":\"Startseite\",\"item\":\"https:\\\/\\\/www.kobler-margreid.com\\\/blog\\\/\"},{\"@type\":\"ListItem\",\"position\":2,\"name\":\"Zu Josefi bl\u00fchen die Mandelb\u00e4ume \u2014 A San Giuseppe fioriscono i mandorli\"}]},{\"@type\":\"WebSite\",\"@id\":\"https:\\\/\\\/www.kobler-margreid.com\\\/blog\\\/#website\",\"url\":\"https:\\\/\\\/www.kobler-margreid.com\\\/blog\\\/\",\"name\":\"weinhof KOBLER weblog\",\"description\":\"dem wein ganz nah \u2013 all&#039;interno del vino\",\"publisher\":{\"@id\":\"https:\\\/\\\/www.kobler-margreid.com\\\/blog\\\/#\\\/schema\\\/person\\\/6a2290c17f680f59c1fa7e1c7a36df3a\"},\"potentialAction\":[{\"@type\":\"SearchAction\",\"target\":{\"@type\":\"EntryPoint\",\"urlTemplate\":\"https:\\\/\\\/www.kobler-margreid.com\\\/blog\\\/?s={search_term_string}\"},\"query-input\":{\"@type\":\"PropertyValueSpecification\",\"valueRequired\":true,\"valueName\":\"search_term_string\"}}],\"inLanguage\":\"de\"},{\"@type\":[\"Person\",\"Organization\"],\"@id\":\"https:\\\/\\\/www.kobler-margreid.com\\\/blog\\\/#\\\/schema\\\/person\\\/6a2290c17f680f59c1fa7e1c7a36df3a\",\"name\":\"armin kobler\",\"image\":{\"@type\":\"ImageObject\",\"inLanguage\":\"de\",\"@id\":\"https:\\\/\\\/www.kobler-margreid.com\\\/blog\\\/wp-content\\\/2023\\\/11\\\/2012-05-08_09-33-03a.jpg\",\"url\":\"https:\\\/\\\/www.kobler-margreid.com\\\/blog\\\/wp-content\\\/2023\\\/11\\\/2012-05-08_09-33-03a.jpg\",\"contentUrl\":\"https:\\\/\\\/www.kobler-margreid.com\\\/blog\\\/wp-content\\\/2023\\\/11\\\/2012-05-08_09-33-03a.jpg\",\"width\":1088,\"height\":1184,\"caption\":\"armin kobler\"},\"logo\":{\"@id\":\"https:\\\/\\\/www.kobler-margreid.com\\\/blog\\\/wp-content\\\/2023\\\/11\\\/2012-05-08_09-33-03a.jpg\"},\"sameAs\":[\"http:\\\/\\\/www.kobler-margreid.com\",\"https:\\\/\\\/www.facebook.com\\\/armin.kobler\\\/\"],\"url\":\"https:\\\/\\\/www.kobler-margreid.com\\\/blog\\\/blog\\\/author\\\/admin\\\/\"}]}<\/script>\n<!-- \/ Yoast SEO plugin. -->","yoast_head_json":{"title":"Zu Josefi bl\u00fchen die Mandelb\u00e4ume \u2014 A San Giuseppe fioriscono i mandorli - weinhof KOBLER weblog","robots":{"index":"index","follow":"follow","max-snippet":"max-snippet:-1","max-image-preview":"max-image-preview:large","max-video-preview":"max-video-preview:-1"},"canonical":"https:\/\/www.kobler-margreid.com\/blog\/blog\/2013\/03\/19\/zu-josefi-bluehen-die-mandelbaeume_a-san-giuseppe-fioriscono-i-mandorli\/","og_locale":"de_DE","og_type":"article","og_title":"Zu Josefi bl\u00fchen die Mandelb\u00e4ume \u2014 A San Giuseppe fioriscono i mandorli - weinhof KOBLER weblog","og_description":"Heute ist der Tag des heiligen Josefs, des Tiroler Landespatrons. Man sagt bei uns, dass zu Josefi die Mandelb\u00e4ume bl\u00fchen. Hatten sie das in den letzten Jahren oftmals schon eine Woche fr\u00fcher als \u00fcberliefert getan, so sieht es im Fr\u00fchjahr &hellip; Weiterlesen &rarr;","og_url":"https:\/\/www.kobler-margreid.com\/blog\/blog\/2013\/03\/19\/zu-josefi-bluehen-die-mandelbaeume_a-san-giuseppe-fioriscono-i-mandorli\/","og_site_name":"weinhof KOBLER weblog","article_publisher":"https:\/\/www.facebook.com\/armin.kobler\/","article_author":"https:\/\/www.facebook.com\/armin.kobler\/","article_published_time":"2013-03-19T22:50:26+00:00","article_modified_time":"2013-03-27T14:02:15+00:00","og_image":[{"url":"http:\/\/www.kobler-margreid.com\/blog\/wp-content\/2013\/03\/2013-03-19_08-54-161.jpg","type":"","width":"","height":""}],"author":"armin kobler","twitter_card":"summary_large_image","twitter_misc":{"Verfasst von":"armin kobler","Gesch\u00e4tzte Lesezeit":"3\u00a0Minuten"},"schema":{"@context":"https:\/\/schema.org","@graph":[{"@type":"Article","@id":"https:\/\/www.kobler-margreid.com\/blog\/blog\/2013\/03\/19\/zu-josefi-bluehen-die-mandelbaeume_a-san-giuseppe-fioriscono-i-mandorli\/#article","isPartOf":{"@id":"https:\/\/www.kobler-margreid.com\/blog\/blog\/2013\/03\/19\/zu-josefi-bluehen-die-mandelbaeume_a-san-giuseppe-fioriscono-i-mandorli\/"},"author":{"name":"armin kobler","@id":"https:\/\/www.kobler-margreid.com\/blog\/#\/schema\/person\/6a2290c17f680f59c1fa7e1c7a36df3a"},"headline":"Zu Josefi bl\u00fchen die Mandelb\u00e4ume \u2014 A San Giuseppe fioriscono i mandorli","datePublished":"2013-03-19T22:50:26+00:00","dateModified":"2013-03-27T14:02:15+00:00","mainEntityOfPage":{"@id":"https:\/\/www.kobler-margreid.com\/blog\/blog\/2013\/03\/19\/zu-josefi-bluehen-die-mandelbaeume_a-san-giuseppe-fioriscono-i-mandorli\/"},"wordCount":541,"commentCount":3,"publisher":{"@id":"https:\/\/www.kobler-margreid.com\/blog\/#\/schema\/person\/6a2290c17f680f59c1fa7e1c7a36df3a"},"image":{"@id":"https:\/\/www.kobler-margreid.com\/blog\/blog\/2013\/03\/19\/zu-josefi-bluehen-die-mandelbaeume_a-san-giuseppe-fioriscono-i-mandorli\/#primaryimage"},"thumbnailUrl":"http:\/\/www.kobler-margreid.com\/blog\/wp-content\/2013\/03\/2013-03-19_08-54-161.jpg","keywords":["Annata","Austrieb","Germogliamento","Jahrgang"],"articleSection":["Weingarten - Vigneto"],"inLanguage":"de","potentialAction":[{"@type":"CommentAction","name":"Comment","target":["https:\/\/www.kobler-margreid.com\/blog\/blog\/2013\/03\/19\/zu-josefi-bluehen-die-mandelbaeume_a-san-giuseppe-fioriscono-i-mandorli\/#respond"]}]},{"@type":"WebPage","@id":"https:\/\/www.kobler-margreid.com\/blog\/blog\/2013\/03\/19\/zu-josefi-bluehen-die-mandelbaeume_a-san-giuseppe-fioriscono-i-mandorli\/","url":"https:\/\/www.kobler-margreid.com\/blog\/blog\/2013\/03\/19\/zu-josefi-bluehen-die-mandelbaeume_a-san-giuseppe-fioriscono-i-mandorli\/","name":"Zu Josefi bl\u00fchen die Mandelb\u00e4ume \u2014 A San Giuseppe fioriscono i mandorli - weinhof KOBLER weblog","isPartOf":{"@id":"https:\/\/www.kobler-margreid.com\/blog\/#website"},"primaryImageOfPage":{"@id":"https:\/\/www.kobler-margreid.com\/blog\/blog\/2013\/03\/19\/zu-josefi-bluehen-die-mandelbaeume_a-san-giuseppe-fioriscono-i-mandorli\/#primaryimage"},"image":{"@id":"https:\/\/www.kobler-margreid.com\/blog\/blog\/2013\/03\/19\/zu-josefi-bluehen-die-mandelbaeume_a-san-giuseppe-fioriscono-i-mandorli\/#primaryimage"},"thumbnailUrl":"http:\/\/www.kobler-margreid.com\/blog\/wp-content\/2013\/03\/2013-03-19_08-54-161.jpg","datePublished":"2013-03-19T22:50:26+00:00","dateModified":"2013-03-27T14:02:15+00:00","breadcrumb":{"@id":"https:\/\/www.kobler-margreid.com\/blog\/blog\/2013\/03\/19\/zu-josefi-bluehen-die-mandelbaeume_a-san-giuseppe-fioriscono-i-mandorli\/#breadcrumb"},"inLanguage":"de","potentialAction":[{"@type":"ReadAction","target":["https:\/\/www.kobler-margreid.com\/blog\/blog\/2013\/03\/19\/zu-josefi-bluehen-die-mandelbaeume_a-san-giuseppe-fioriscono-i-mandorli\/"]}]},{"@type":"ImageObject","inLanguage":"de","@id":"https:\/\/www.kobler-margreid.com\/blog\/blog\/2013\/03\/19\/zu-josefi-bluehen-die-mandelbaeume_a-san-giuseppe-fioriscono-i-mandorli\/#primaryimage","url":"http:\/\/www.kobler-margreid.com\/blog\/wp-content\/2013\/03\/2013-03-19_08-54-161.jpg","contentUrl":"http:\/\/www.kobler-margreid.com\/blog\/wp-content\/2013\/03\/2013-03-19_08-54-161.jpg"},{"@type":"BreadcrumbList","@id":"https:\/\/www.kobler-margreid.com\/blog\/blog\/2013\/03\/19\/zu-josefi-bluehen-die-mandelbaeume_a-san-giuseppe-fioriscono-i-mandorli\/#breadcrumb","itemListElement":[{"@type":"ListItem","position":1,"name":"Startseite","item":"https:\/\/www.kobler-margreid.com\/blog\/"},{"@type":"ListItem","position":2,"name":"Zu Josefi bl\u00fchen die Mandelb\u00e4ume \u2014 A San Giuseppe fioriscono i mandorli"}]},{"@type":"WebSite","@id":"https:\/\/www.kobler-margreid.com\/blog\/#website","url":"https:\/\/www.kobler-margreid.com\/blog\/","name":"weinhof KOBLER weblog","description":"dem wein ganz nah \u2013 all&#039;interno del vino","publisher":{"@id":"https:\/\/www.kobler-margreid.com\/blog\/#\/schema\/person\/6a2290c17f680f59c1fa7e1c7a36df3a"},"potentialAction":[{"@type":"SearchAction","target":{"@type":"EntryPoint","urlTemplate":"https:\/\/www.kobler-margreid.com\/blog\/?s={search_term_string}"},"query-input":{"@type":"PropertyValueSpecification","valueRequired":true,"valueName":"search_term_string"}}],"inLanguage":"de"},{"@type":["Person","Organization"],"@id":"https:\/\/www.kobler-margreid.com\/blog\/#\/schema\/person\/6a2290c17f680f59c1fa7e1c7a36df3a","name":"armin kobler","image":{"@type":"ImageObject","inLanguage":"de","@id":"https:\/\/www.kobler-margreid.com\/blog\/wp-content\/2023\/11\/2012-05-08_09-33-03a.jpg","url":"https:\/\/www.kobler-margreid.com\/blog\/wp-content\/2023\/11\/2012-05-08_09-33-03a.jpg","contentUrl":"https:\/\/www.kobler-margreid.com\/blog\/wp-content\/2023\/11\/2012-05-08_09-33-03a.jpg","width":1088,"height":1184,"caption":"armin kobler"},"logo":{"@id":"https:\/\/www.kobler-margreid.com\/blog\/wp-content\/2023\/11\/2012-05-08_09-33-03a.jpg"},"sameAs":["http:\/\/www.kobler-margreid.com","https:\/\/www.facebook.com\/armin.kobler\/"],"url":"https:\/\/www.kobler-margreid.com\/blog\/blog\/author\/admin\/"}]}},"_links":{"self":[{"href":"https:\/\/www.kobler-margreid.com\/blog\/wp-json\/wp\/v2\/posts\/10169","targetHints":{"allow":["GET"]}}],"collection":[{"href":"https:\/\/www.kobler-margreid.com\/blog\/wp-json\/wp\/v2\/posts"}],"about":[{"href":"https:\/\/www.kobler-margreid.com\/blog\/wp-json\/wp\/v2\/types\/post"}],"author":[{"embeddable":true,"href":"https:\/\/www.kobler-margreid.com\/blog\/wp-json\/wp\/v2\/users\/1"}],"replies":[{"embeddable":true,"href":"https:\/\/www.kobler-margreid.com\/blog\/wp-json\/wp\/v2\/comments?post=10169"}],"version-history":[{"count":0,"href":"https:\/\/www.kobler-margreid.com\/blog\/wp-json\/wp\/v2\/posts\/10169\/revisions"}],"wp:attachment":[{"href":"https:\/\/www.kobler-margreid.com\/blog\/wp-json\/wp\/v2\/media?parent=10169"}],"wp:term":[{"taxonomy":"category","embeddable":true,"href":"https:\/\/www.kobler-margreid.com\/blog\/wp-json\/wp\/v2\/categories?post=10169"},{"taxonomy":"post_tag","embeddable":true,"href":"https:\/\/www.kobler-margreid.com\/blog\/wp-json\/wp\/v2\/tags?post=10169"}],"curies":[{"name":"wp","href":"https:\/\/api.w.org\/{rel}","templated":true}]}}