{"id":10577,"date":"2013-05-26T22:26:04","date_gmt":"2013-05-26T20:26:04","guid":{"rendered":"http:\/\/www.kobler-margreid.com\/blog\/?p=10577"},"modified":"2013-05-27T20:34:52","modified_gmt":"2013-05-27T18:34:52","slug":"das-ende-eines-versuchs_la-fine-di-un-esperimento","status":"publish","type":"post","link":"https:\/\/www.kobler-margreid.com\/blog\/blog\/2013\/05\/26\/das-ende-eines-versuchs_la-fine-di-un-esperimento\/","title":{"rendered":"Das Ende eines Versuchs \u2014 La fine di un esperimento"},"content":{"rendered":"<p><a href=\"http:\/\/www.kobler-margreid.com\/blog\/wp-content\/2013\/05\/2013-05-25_10-56-12.jpg\" rel=\"lightbox[10577]\"><img loading=\"lazy\" decoding=\"async\" class=\"float  left alignleft  wp-image-10581\" style=\"border: 0px; margin: 0px 3px 10px -5px;\" alt=\"2013-05-25_10-56-12\" src=\"http:\/\/www.kobler-margreid.com\/blog\/wp-content\/2013\/05\/2013-05-25_10-56-12.jpg\" width=\"318\" height=\"426\" srcset=\"https:\/\/www.kobler-margreid.com\/blog\/wp-content\/2013\/05\/2013-05-25_10-56-12.jpg 968w, https:\/\/www.kobler-margreid.com\/blog\/wp-content\/2013\/05\/2013-05-25_10-56-12-224x300.jpg 224w, https:\/\/www.kobler-margreid.com\/blog\/wp-content\/2013\/05\/2013-05-25_10-56-12-764x1024.jpg 764w\" sizes=\"auto, (max-width: 318px) 100vw, 318px\" \/><\/a><\/p>\n<p>Als 2001 in der Lage\u00a0<em>Oberfeld\u00a0<\/em>nach einem Obstbauzwischenspiel von 40 Jahren wieder Reben von uns gesetzt wurden, habe ich zus\u00e4tzlich zu den Grauburgunderreben auch versuchsweise 100 St\u00f6cke der Sorte Lagrein mit dazu genommen. Die f\u00fcnf Mikroparzellen zu je 20 St\u00f6cke wurden in der Anlage randomisiert verteilt, die dort geernteten Trauben habe ich in den letzten vier Jahren im Kleingebinde ausgebaut. Mit vergangenem Herbst ist der Versuch ausgelaufen, in den n\u00e4chsten Tagen werden die Lagreinst\u00f6cke auf Grauer Burgunder umveredelt.<\/p>\n<p><em>Quando nel 2001 dopo 40 anni di meleto, abbiamo riconvertito l&#8217;appezzamento <\/em>Oberfeld <em>a vigneto, ho messo a titolo sperimentale\u00a0oltre al Pinot grigio 100 barbatelle di Lagrein. Le cinque microparcelle sono distribuite in modo randomizzato nel vigneto, le uve ivi raccolte le ho microvinificate negli scorsi quattro anni. Con l&#8217;autunno scorso la prova \u00e8 terminata, i prossimi giorni l&#8217;innesto al verde li convertir\u00e0 a Pinot grigio.<\/em><\/p>\n<p><!--more-->Warum das ganze und weshalb jetzt das Ende? Weil ich wissen wollte, ob ich zumindest \u00fcber eine Lage verf\u00fcge, wo ich diese Sorte mit einem gewissen Mindestqualit\u00e4t erfolgreich anbauen kann. Nat\u00fcrlich, Margreid geh\u00f6rt nicht zu den klassischen Lagreingebieten, wie es z.B. Bozen oder Auer sind. Aber nachdem\u00a0die Sorte\u00a0vielleicht\u00a0einmal wichtig f\u00fcr mein Portfolio werden k\u00f6nnte, wollte ich beizeiten Bescheid wissen. Best\u00e4rkt wurde ich\u00a0in meiner Annahme durch die positiven \u00dcberraschungen des\u00a0Sorten-Lagen-Projektes der Laimburg und durch die recht anst\u00e4ndigen Jahrgangslagreinweine, welche Kollegen in vergleichbaren Lagen letztlich hergestellt haben.<\/p>\n<p><em>Perch\u00e9 questo esperimento e come mai \u00e8 finito adesso? Perch\u00e9 volevo sapere se dispongo di almeno un vigneto dove posso coltivare questa variet\u00e0 con un certo successo qualitativo. Certo, Magr\u00e8 non appartiene alle zone classiche del Lagrein come Bolzano o Ora. Ma siccome il vitigno potrebbe in futuro diventare importante per la mia proposta commerciale, volevo avere chiarezza a proposito. I risultati delle prove di zonazione del Centro Sperimentale Laimburg mi hanno incoraggiato in ci\u00f2 come anche i vini di alcuni miei collegi in zone paragonabili.\u00a0<\/em><\/p>\n<p>Nun, nach vier Ausbauten unterschiedlicher Jahrg\u00e4nge ohne Holzeinsatz kann ich sagen, dass in der dortigen Lage Lagrein eine zuk\u00fcnftige Option sein k\u00f6nnte. Zumindest in der Version als\u00a0Jahrgangslagrein, auch Basislagrein genannt. Letzterer Ausdruck gef\u00e4llt mir nicht so gut, da er zu sehr wertet. Ich selbst ziehe diese Kategorie Lagrein den Riservaqualit\u00e4ten zumeist vor, da ohne die Verwendung von kleinen F\u00e4ssern mit Neuholzanteil die charakterisierenden Fruchtnoten m.E. und daher die Typizit\u00e4t besser zu Tage kommen. Zudem haben diese Weine ein tolles Preis-Leistung-Verh\u00e4ltnis und laden sehr zum Trinken ein.<\/p>\n<p><em>Adesso, dopo la vinificazione di quattro annate diverse senza l&#8217;impiego di legno posso dire che per la zona in oggetto Lagrein potrebbe essere in futuro un&#8217;opzione. Almeno per la versione Lagrein d&#8217;annata, detto anche Lagrein base. Anche se quest&#8217;ultimo termine non mi piace tanto perch\u00e9 valuta troppo. Personalmente preferisco quasi sempre questa categoria di Lagrein alle riserve dello stesso vitigno in quanto senza l&#8217;impiego di legno piccolo in parte nuovo il vino sviluppa pi\u00f9 nettamente la sua spiccata aromaticit\u00e0 fruttata e la tipicit\u00e0. Inoltre questi vini hanno un rapporto qualit\u00e0\/prezzo ottimo e sono di una grande bevibilit\u00e0.\u00a0<\/em><\/p>\n<p>Nun, momentan kann ich diese Erkenntnis nicht umsetzen, trotzdem ist es gut, schon jetzt zu wissen, was es in der betreffenden Lage f\u00fcr Alternativen zum bestehenden Grauen Burgunder gibt. Zudem wei\u00df ich jetzt auch wo, sollte es irgendwann gar nicht mehr ohne gehen, der Lagrein zu setzen w\u00e4re. Vor etwas mehr als zehn Jahren habe ich so einen Versuch schon einmal gemacht. In einer Wei\u00dfburgunderanlage, von der ich wusste, dass sie in den folgenden Jahren zu roden war, habe ich im gleichen Ausma\u00df Wei\u00dfen Sauvignon auf die bestehenden St\u00f6cke veredeln lassen. Wenn ich eine Sauvignon-Lage haben w\u00fcrde, dann w\u00e4re es diese. In zwei von drei Ausbaujahren waren die Weine zwar trinkbar aber alles andere als begeisternd, nur in einem Jahr war der Sauvignon mir gen\u00fcgend erkennbar. Als dann Jahre sp\u00e4ter der Rebberg gerodet wurde, wusste ich endg\u00fcltig, dass Wei\u00dfer Sauvignon nicht einmal dort eine Option war. Schade, dass ich wahrscheinlich f\u00fcr immer auf den Anbau dieser interessanten Sorte verzichten muss&#8230;<\/p>\n<p><em>Al momento non posso applicare i risultati ottenuti ma non guasta sapere gi\u00e0 adesso quale potrebbe essere una variet\u00e0 alternativa la Pinot grigio in quel vigneto. Inoltre, se un giono non potr\u00f2 pi\u00f9 fare a meno di questo vitigno so dove metterlo. Un po&#8216; pi\u00f9 di dieci anni fa ho fatto gi\u00e0 una prova simile. In un vigneto a Pinot bianco destinato all&#8217;estirpazione ho fatto innestare al verde un numero simile di piante a Sauvignon bianco. Se avessi avuto una zona a Sauvignon sarebbe stata proprio questa. I vini di due annate su tre erano bevibili ma tuttaltro che entusiasmanti, in una era riconoscibile come vino varietale. Quando sono passato al rinnovamento sapevo definitivamente che il Sauvignon bianco neanche l\u00ec era un&#8217;opzione per me. Peccato che dovr\u00f2 probabilmente rinunciare per sempre a questa variet\u00e0 cos\u00ec interessante&#8230;<\/em><\/p>\n","protected":false},"excerpt":{"rendered":"<p>Als 2001 in der Lage\u00a0Oberfeld\u00a0nach einem Obstbauzwischenspiel von 40 Jahren wieder Reben von uns gesetzt wurden, habe ich zus\u00e4tzlich zu den Grauburgunderreben auch versuchsweise 100 St\u00f6cke der Sorte Lagrein mit dazu genommen. Die f\u00fcnf Mikroparzellen zu je 20 St\u00f6cke wurden &hellip; <a href=\"https:\/\/www.kobler-margreid.com\/blog\/blog\/2013\/05\/26\/das-ende-eines-versuchs_la-fine-di-un-esperimento\/\">Weiterlesen <span class=\"meta-nav\">&rarr;<\/span><\/a><\/p>\n","protected":false},"author":1,"featured_media":0,"comment_status":"open","ping_status":"open","sticky":false,"template":"","format":"standard","meta":{"ngg_post_thumbnail":0,"footnotes":"","_links_to":"","_links_to_target":""},"categories":[14],"tags":[1250,1249,1248,340,92,444,1251,1254,1252,319,1253],"class_list":["post-10577","post","type-post","status-publish","format-standard","hentry","category-weingarten","tag-auer","tag-bolzano","tag-bozen","tag-lagrein","tag-margreid","tag-oberfeld","tag-ora","tag-sauvignon-bianco","tag-sorten-lagen-projekt","tag-weiser-sauvignon","tag-zonazione"],"yoast_head":"<!-- This site is optimized with the Yoast SEO plugin v27.5 - https:\/\/yoast.com\/product\/yoast-seo-wordpress\/ -->\n<title>Das Ende eines Versuchs \u2014 La fine di un esperimento - weinhof KOBLER weblog<\/title>\n<meta name=\"robots\" content=\"index, follow, max-snippet:-1, max-image-preview:large, max-video-preview:-1\" \/>\n<link rel=\"canonical\" href=\"https:\/\/www.kobler-margreid.com\/blog\/blog\/2013\/05\/26\/das-ende-eines-versuchs_la-fine-di-un-esperimento\/\" \/>\n<meta property=\"og:locale\" content=\"de_DE\" \/>\n<meta property=\"og:type\" content=\"article\" \/>\n<meta property=\"og:title\" content=\"Das Ende eines Versuchs \u2014 La fine di un esperimento - weinhof KOBLER weblog\" \/>\n<meta property=\"og:description\" content=\"Als 2001 in der Lage\u00a0Oberfeld\u00a0nach einem Obstbauzwischenspiel von 40 Jahren wieder Reben von uns gesetzt wurden, habe ich zus\u00e4tzlich zu den Grauburgunderreben auch versuchsweise 100 St\u00f6cke der Sorte Lagrein mit dazu genommen. Die f\u00fcnf Mikroparzellen zu je 20 St\u00f6cke wurden &hellip; Weiterlesen &rarr;\" \/>\n<meta property=\"og:url\" content=\"https:\/\/www.kobler-margreid.com\/blog\/blog\/2013\/05\/26\/das-ende-eines-versuchs_la-fine-di-un-esperimento\/\" \/>\n<meta property=\"og:site_name\" content=\"weinhof KOBLER weblog\" \/>\n<meta property=\"article:publisher\" content=\"https:\/\/www.facebook.com\/armin.kobler\/\" \/>\n<meta property=\"article:author\" content=\"https:\/\/www.facebook.com\/armin.kobler\/\" \/>\n<meta property=\"article:published_time\" content=\"2013-05-26T20:26:04+00:00\" \/>\n<meta property=\"article:modified_time\" content=\"2013-05-27T18:34:52+00:00\" \/>\n<meta property=\"og:image\" content=\"http:\/\/www.kobler-margreid.com\/blog\/wp-content\/2013\/05\/2013-05-25_10-56-12.jpg\" \/>\n<meta name=\"author\" content=\"armin kobler\" \/>\n<meta name=\"twitter:card\" content=\"summary_large_image\" \/>\n<meta name=\"twitter:label1\" content=\"Verfasst von\" \/>\n\t<meta name=\"twitter:data1\" content=\"armin kobler\" \/>\n\t<meta name=\"twitter:label2\" content=\"Gesch\u00e4tzte Lesezeit\" \/>\n\t<meta name=\"twitter:data2\" content=\"4\u00a0Minuten\" \/>\n<script type=\"application\/ld+json\" class=\"yoast-schema-graph\">{\"@context\":\"https:\\\/\\\/schema.org\",\"@graph\":[{\"@type\":\"Article\",\"@id\":\"https:\\\/\\\/www.kobler-margreid.com\\\/blog\\\/blog\\\/2013\\\/05\\\/26\\\/das-ende-eines-versuchs_la-fine-di-un-esperimento\\\/#article\",\"isPartOf\":{\"@id\":\"https:\\\/\\\/www.kobler-margreid.com\\\/blog\\\/blog\\\/2013\\\/05\\\/26\\\/das-ende-eines-versuchs_la-fine-di-un-esperimento\\\/\"},\"author\":{\"name\":\"armin kobler\",\"@id\":\"https:\\\/\\\/www.kobler-margreid.com\\\/blog\\\/#\\\/schema\\\/person\\\/6a2290c17f680f59c1fa7e1c7a36df3a\"},\"headline\":\"Das Ende eines Versuchs \u2014 La fine di un esperimento\",\"datePublished\":\"2013-05-26T20:26:04+00:00\",\"dateModified\":\"2013-05-27T18:34:52+00:00\",\"mainEntityOfPage\":{\"@id\":\"https:\\\/\\\/www.kobler-margreid.com\\\/blog\\\/blog\\\/2013\\\/05\\\/26\\\/das-ende-eines-versuchs_la-fine-di-un-esperimento\\\/\"},\"wordCount\":838,\"commentCount\":3,\"publisher\":{\"@id\":\"https:\\\/\\\/www.kobler-margreid.com\\\/blog\\\/#\\\/schema\\\/person\\\/6a2290c17f680f59c1fa7e1c7a36df3a\"},\"image\":{\"@id\":\"https:\\\/\\\/www.kobler-margreid.com\\\/blog\\\/blog\\\/2013\\\/05\\\/26\\\/das-ende-eines-versuchs_la-fine-di-un-esperimento\\\/#primaryimage\"},\"thumbnailUrl\":\"http:\\\/\\\/www.kobler-margreid.com\\\/blog\\\/wp-content\\\/2013\\\/05\\\/2013-05-25_10-56-12.jpg\",\"keywords\":[\"Auer\",\"Bolzano\",\"Bozen\",\"Lagrein\",\"Margreid\",\"Oberfeld\",\"Ora\",\"Sauvignon bianco\",\"Sorten-Lagen-Projekt\",\"Wei\u00dfer Sauvignon\",\"Zonazione\"],\"articleSection\":[\"Weingarten - Vigneto\"],\"inLanguage\":\"de\",\"potentialAction\":[{\"@type\":\"CommentAction\",\"name\":\"Comment\",\"target\":[\"https:\\\/\\\/www.kobler-margreid.com\\\/blog\\\/blog\\\/2013\\\/05\\\/26\\\/das-ende-eines-versuchs_la-fine-di-un-esperimento\\\/#respond\"]}]},{\"@type\":\"WebPage\",\"@id\":\"https:\\\/\\\/www.kobler-margreid.com\\\/blog\\\/blog\\\/2013\\\/05\\\/26\\\/das-ende-eines-versuchs_la-fine-di-un-esperimento\\\/\",\"url\":\"https:\\\/\\\/www.kobler-margreid.com\\\/blog\\\/blog\\\/2013\\\/05\\\/26\\\/das-ende-eines-versuchs_la-fine-di-un-esperimento\\\/\",\"name\":\"Das Ende eines Versuchs \u2014 La fine di un esperimento - weinhof KOBLER weblog\",\"isPartOf\":{\"@id\":\"https:\\\/\\\/www.kobler-margreid.com\\\/blog\\\/#website\"},\"primaryImageOfPage\":{\"@id\":\"https:\\\/\\\/www.kobler-margreid.com\\\/blog\\\/blog\\\/2013\\\/05\\\/26\\\/das-ende-eines-versuchs_la-fine-di-un-esperimento\\\/#primaryimage\"},\"image\":{\"@id\":\"https:\\\/\\\/www.kobler-margreid.com\\\/blog\\\/blog\\\/2013\\\/05\\\/26\\\/das-ende-eines-versuchs_la-fine-di-un-esperimento\\\/#primaryimage\"},\"thumbnailUrl\":\"http:\\\/\\\/www.kobler-margreid.com\\\/blog\\\/wp-content\\\/2013\\\/05\\\/2013-05-25_10-56-12.jpg\",\"datePublished\":\"2013-05-26T20:26:04+00:00\",\"dateModified\":\"2013-05-27T18:34:52+00:00\",\"breadcrumb\":{\"@id\":\"https:\\\/\\\/www.kobler-margreid.com\\\/blog\\\/blog\\\/2013\\\/05\\\/26\\\/das-ende-eines-versuchs_la-fine-di-un-esperimento\\\/#breadcrumb\"},\"inLanguage\":\"de\",\"potentialAction\":[{\"@type\":\"ReadAction\",\"target\":[\"https:\\\/\\\/www.kobler-margreid.com\\\/blog\\\/blog\\\/2013\\\/05\\\/26\\\/das-ende-eines-versuchs_la-fine-di-un-esperimento\\\/\"]}]},{\"@type\":\"ImageObject\",\"inLanguage\":\"de\",\"@id\":\"https:\\\/\\\/www.kobler-margreid.com\\\/blog\\\/blog\\\/2013\\\/05\\\/26\\\/das-ende-eines-versuchs_la-fine-di-un-esperimento\\\/#primaryimage\",\"url\":\"http:\\\/\\\/www.kobler-margreid.com\\\/blog\\\/wp-content\\\/2013\\\/05\\\/2013-05-25_10-56-12.jpg\",\"contentUrl\":\"http:\\\/\\\/www.kobler-margreid.com\\\/blog\\\/wp-content\\\/2013\\\/05\\\/2013-05-25_10-56-12.jpg\"},{\"@type\":\"BreadcrumbList\",\"@id\":\"https:\\\/\\\/www.kobler-margreid.com\\\/blog\\\/blog\\\/2013\\\/05\\\/26\\\/das-ende-eines-versuchs_la-fine-di-un-esperimento\\\/#breadcrumb\",\"itemListElement\":[{\"@type\":\"ListItem\",\"position\":1,\"name\":\"Startseite\",\"item\":\"https:\\\/\\\/www.kobler-margreid.com\\\/blog\\\/\"},{\"@type\":\"ListItem\",\"position\":2,\"name\":\"Das Ende eines Versuchs \u2014 La fine di un esperimento\"}]},{\"@type\":\"WebSite\",\"@id\":\"https:\\\/\\\/www.kobler-margreid.com\\\/blog\\\/#website\",\"url\":\"https:\\\/\\\/www.kobler-margreid.com\\\/blog\\\/\",\"name\":\"weinhof KOBLER weblog\",\"description\":\"dem wein ganz nah \u2013 all&#039;interno del vino\",\"publisher\":{\"@id\":\"https:\\\/\\\/www.kobler-margreid.com\\\/blog\\\/#\\\/schema\\\/person\\\/6a2290c17f680f59c1fa7e1c7a36df3a\"},\"potentialAction\":[{\"@type\":\"SearchAction\",\"target\":{\"@type\":\"EntryPoint\",\"urlTemplate\":\"https:\\\/\\\/www.kobler-margreid.com\\\/blog\\\/?s={search_term_string}\"},\"query-input\":{\"@type\":\"PropertyValueSpecification\",\"valueRequired\":true,\"valueName\":\"search_term_string\"}}],\"inLanguage\":\"de\"},{\"@type\":[\"Person\",\"Organization\"],\"@id\":\"https:\\\/\\\/www.kobler-margreid.com\\\/blog\\\/#\\\/schema\\\/person\\\/6a2290c17f680f59c1fa7e1c7a36df3a\",\"name\":\"armin kobler\",\"image\":{\"@type\":\"ImageObject\",\"inLanguage\":\"de\",\"@id\":\"https:\\\/\\\/www.kobler-margreid.com\\\/blog\\\/wp-content\\\/2023\\\/11\\\/2012-05-08_09-33-03a.jpg\",\"url\":\"https:\\\/\\\/www.kobler-margreid.com\\\/blog\\\/wp-content\\\/2023\\\/11\\\/2012-05-08_09-33-03a.jpg\",\"contentUrl\":\"https:\\\/\\\/www.kobler-margreid.com\\\/blog\\\/wp-content\\\/2023\\\/11\\\/2012-05-08_09-33-03a.jpg\",\"width\":1088,\"height\":1184,\"caption\":\"armin kobler\"},\"logo\":{\"@id\":\"https:\\\/\\\/www.kobler-margreid.com\\\/blog\\\/wp-content\\\/2023\\\/11\\\/2012-05-08_09-33-03a.jpg\"},\"sameAs\":[\"http:\\\/\\\/www.kobler-margreid.com\",\"https:\\\/\\\/www.facebook.com\\\/armin.kobler\\\/\"],\"url\":\"https:\\\/\\\/www.kobler-margreid.com\\\/blog\\\/blog\\\/author\\\/admin\\\/\"}]}<\/script>\n<!-- \/ Yoast SEO plugin. -->","yoast_head_json":{"title":"Das Ende eines Versuchs \u2014 La fine di un esperimento - weinhof KOBLER weblog","robots":{"index":"index","follow":"follow","max-snippet":"max-snippet:-1","max-image-preview":"max-image-preview:large","max-video-preview":"max-video-preview:-1"},"canonical":"https:\/\/www.kobler-margreid.com\/blog\/blog\/2013\/05\/26\/das-ende-eines-versuchs_la-fine-di-un-esperimento\/","og_locale":"de_DE","og_type":"article","og_title":"Das Ende eines Versuchs \u2014 La fine di un esperimento - weinhof KOBLER weblog","og_description":"Als 2001 in der Lage\u00a0Oberfeld\u00a0nach einem Obstbauzwischenspiel von 40 Jahren wieder Reben von uns gesetzt wurden, habe ich zus\u00e4tzlich zu den Grauburgunderreben auch versuchsweise 100 St\u00f6cke der Sorte Lagrein mit dazu genommen. Die f\u00fcnf Mikroparzellen zu je 20 St\u00f6cke wurden &hellip; Weiterlesen &rarr;","og_url":"https:\/\/www.kobler-margreid.com\/blog\/blog\/2013\/05\/26\/das-ende-eines-versuchs_la-fine-di-un-esperimento\/","og_site_name":"weinhof KOBLER weblog","article_publisher":"https:\/\/www.facebook.com\/armin.kobler\/","article_author":"https:\/\/www.facebook.com\/armin.kobler\/","article_published_time":"2013-05-26T20:26:04+00:00","article_modified_time":"2013-05-27T18:34:52+00:00","og_image":[{"url":"http:\/\/www.kobler-margreid.com\/blog\/wp-content\/2013\/05\/2013-05-25_10-56-12.jpg","type":"","width":"","height":""}],"author":"armin kobler","twitter_card":"summary_large_image","twitter_misc":{"Verfasst von":"armin kobler","Gesch\u00e4tzte Lesezeit":"4\u00a0Minuten"},"schema":{"@context":"https:\/\/schema.org","@graph":[{"@type":"Article","@id":"https:\/\/www.kobler-margreid.com\/blog\/blog\/2013\/05\/26\/das-ende-eines-versuchs_la-fine-di-un-esperimento\/#article","isPartOf":{"@id":"https:\/\/www.kobler-margreid.com\/blog\/blog\/2013\/05\/26\/das-ende-eines-versuchs_la-fine-di-un-esperimento\/"},"author":{"name":"armin kobler","@id":"https:\/\/www.kobler-margreid.com\/blog\/#\/schema\/person\/6a2290c17f680f59c1fa7e1c7a36df3a"},"headline":"Das Ende eines Versuchs \u2014 La fine di un esperimento","datePublished":"2013-05-26T20:26:04+00:00","dateModified":"2013-05-27T18:34:52+00:00","mainEntityOfPage":{"@id":"https:\/\/www.kobler-margreid.com\/blog\/blog\/2013\/05\/26\/das-ende-eines-versuchs_la-fine-di-un-esperimento\/"},"wordCount":838,"commentCount":3,"publisher":{"@id":"https:\/\/www.kobler-margreid.com\/blog\/#\/schema\/person\/6a2290c17f680f59c1fa7e1c7a36df3a"},"image":{"@id":"https:\/\/www.kobler-margreid.com\/blog\/blog\/2013\/05\/26\/das-ende-eines-versuchs_la-fine-di-un-esperimento\/#primaryimage"},"thumbnailUrl":"http:\/\/www.kobler-margreid.com\/blog\/wp-content\/2013\/05\/2013-05-25_10-56-12.jpg","keywords":["Auer","Bolzano","Bozen","Lagrein","Margreid","Oberfeld","Ora","Sauvignon bianco","Sorten-Lagen-Projekt","Wei\u00dfer Sauvignon","Zonazione"],"articleSection":["Weingarten - Vigneto"],"inLanguage":"de","potentialAction":[{"@type":"CommentAction","name":"Comment","target":["https:\/\/www.kobler-margreid.com\/blog\/blog\/2013\/05\/26\/das-ende-eines-versuchs_la-fine-di-un-esperimento\/#respond"]}]},{"@type":"WebPage","@id":"https:\/\/www.kobler-margreid.com\/blog\/blog\/2013\/05\/26\/das-ende-eines-versuchs_la-fine-di-un-esperimento\/","url":"https:\/\/www.kobler-margreid.com\/blog\/blog\/2013\/05\/26\/das-ende-eines-versuchs_la-fine-di-un-esperimento\/","name":"Das Ende eines Versuchs \u2014 La fine di un esperimento - weinhof KOBLER weblog","isPartOf":{"@id":"https:\/\/www.kobler-margreid.com\/blog\/#website"},"primaryImageOfPage":{"@id":"https:\/\/www.kobler-margreid.com\/blog\/blog\/2013\/05\/26\/das-ende-eines-versuchs_la-fine-di-un-esperimento\/#primaryimage"},"image":{"@id":"https:\/\/www.kobler-margreid.com\/blog\/blog\/2013\/05\/26\/das-ende-eines-versuchs_la-fine-di-un-esperimento\/#primaryimage"},"thumbnailUrl":"http:\/\/www.kobler-margreid.com\/blog\/wp-content\/2013\/05\/2013-05-25_10-56-12.jpg","datePublished":"2013-05-26T20:26:04+00:00","dateModified":"2013-05-27T18:34:52+00:00","breadcrumb":{"@id":"https:\/\/www.kobler-margreid.com\/blog\/blog\/2013\/05\/26\/das-ende-eines-versuchs_la-fine-di-un-esperimento\/#breadcrumb"},"inLanguage":"de","potentialAction":[{"@type":"ReadAction","target":["https:\/\/www.kobler-margreid.com\/blog\/blog\/2013\/05\/26\/das-ende-eines-versuchs_la-fine-di-un-esperimento\/"]}]},{"@type":"ImageObject","inLanguage":"de","@id":"https:\/\/www.kobler-margreid.com\/blog\/blog\/2013\/05\/26\/das-ende-eines-versuchs_la-fine-di-un-esperimento\/#primaryimage","url":"http:\/\/www.kobler-margreid.com\/blog\/wp-content\/2013\/05\/2013-05-25_10-56-12.jpg","contentUrl":"http:\/\/www.kobler-margreid.com\/blog\/wp-content\/2013\/05\/2013-05-25_10-56-12.jpg"},{"@type":"BreadcrumbList","@id":"https:\/\/www.kobler-margreid.com\/blog\/blog\/2013\/05\/26\/das-ende-eines-versuchs_la-fine-di-un-esperimento\/#breadcrumb","itemListElement":[{"@type":"ListItem","position":1,"name":"Startseite","item":"https:\/\/www.kobler-margreid.com\/blog\/"},{"@type":"ListItem","position":2,"name":"Das Ende eines Versuchs \u2014 La fine di un esperimento"}]},{"@type":"WebSite","@id":"https:\/\/www.kobler-margreid.com\/blog\/#website","url":"https:\/\/www.kobler-margreid.com\/blog\/","name":"weinhof KOBLER weblog","description":"dem wein ganz nah \u2013 all&#039;interno del vino","publisher":{"@id":"https:\/\/www.kobler-margreid.com\/blog\/#\/schema\/person\/6a2290c17f680f59c1fa7e1c7a36df3a"},"potentialAction":[{"@type":"SearchAction","target":{"@type":"EntryPoint","urlTemplate":"https:\/\/www.kobler-margreid.com\/blog\/?s={search_term_string}"},"query-input":{"@type":"PropertyValueSpecification","valueRequired":true,"valueName":"search_term_string"}}],"inLanguage":"de"},{"@type":["Person","Organization"],"@id":"https:\/\/www.kobler-margreid.com\/blog\/#\/schema\/person\/6a2290c17f680f59c1fa7e1c7a36df3a","name":"armin kobler","image":{"@type":"ImageObject","inLanguage":"de","@id":"https:\/\/www.kobler-margreid.com\/blog\/wp-content\/2023\/11\/2012-05-08_09-33-03a.jpg","url":"https:\/\/www.kobler-margreid.com\/blog\/wp-content\/2023\/11\/2012-05-08_09-33-03a.jpg","contentUrl":"https:\/\/www.kobler-margreid.com\/blog\/wp-content\/2023\/11\/2012-05-08_09-33-03a.jpg","width":1088,"height":1184,"caption":"armin kobler"},"logo":{"@id":"https:\/\/www.kobler-margreid.com\/blog\/wp-content\/2023\/11\/2012-05-08_09-33-03a.jpg"},"sameAs":["http:\/\/www.kobler-margreid.com","https:\/\/www.facebook.com\/armin.kobler\/"],"url":"https:\/\/www.kobler-margreid.com\/blog\/blog\/author\/admin\/"}]}},"_links":{"self":[{"href":"https:\/\/www.kobler-margreid.com\/blog\/wp-json\/wp\/v2\/posts\/10577","targetHints":{"allow":["GET"]}}],"collection":[{"href":"https:\/\/www.kobler-margreid.com\/blog\/wp-json\/wp\/v2\/posts"}],"about":[{"href":"https:\/\/www.kobler-margreid.com\/blog\/wp-json\/wp\/v2\/types\/post"}],"author":[{"embeddable":true,"href":"https:\/\/www.kobler-margreid.com\/blog\/wp-json\/wp\/v2\/users\/1"}],"replies":[{"embeddable":true,"href":"https:\/\/www.kobler-margreid.com\/blog\/wp-json\/wp\/v2\/comments?post=10577"}],"version-history":[{"count":0,"href":"https:\/\/www.kobler-margreid.com\/blog\/wp-json\/wp\/v2\/posts\/10577\/revisions"}],"wp:attachment":[{"href":"https:\/\/www.kobler-margreid.com\/blog\/wp-json\/wp\/v2\/media?parent=10577"}],"wp:term":[{"taxonomy":"category","embeddable":true,"href":"https:\/\/www.kobler-margreid.com\/blog\/wp-json\/wp\/v2\/categories?post=10577"},{"taxonomy":"post_tag","embeddable":true,"href":"https:\/\/www.kobler-margreid.com\/blog\/wp-json\/wp\/v2\/tags?post=10577"}],"curies":[{"name":"wp","href":"https:\/\/api.w.org\/{rel}","templated":true}]}}