{"id":10871,"date":"2013-07-31T23:00:08","date_gmt":"2013-07-31T21:00:08","guid":{"rendered":"http:\/\/www.kobler-margreid.com\/blog\/?p=10871"},"modified":"2013-08-01T10:10:15","modified_gmt":"2013-08-01T08:10:15","slug":"adegga-com-war-es-das_tutto-qui","status":"publish","type":"post","link":"https:\/\/www.kobler-margreid.com\/blog\/blog\/2013\/07\/31\/adegga-com-war-es-das_tutto-qui\/","title":{"rendered":"adegga.com: War es das? \u2014 Tutto qu\u00ec?"},"content":{"rendered":"<p><a href=\"http:\/\/www.kobler-margreid.com\/blog\/wp-content\/2013\/07\/adegga.jpg\" rel=\"lightbox[10871]\"><img loading=\"lazy\" decoding=\"async\" class=\"float left alignleft  wp-image-10873\" style=\"border: 0px; margin: -3px 3px 10px -5px;\" alt=\"adegga\" src=\"http:\/\/www.kobler-margreid.com\/blog\/wp-content\/2013\/07\/adegga.jpg\" width=\"292\" height=\"368\" srcset=\"https:\/\/www.kobler-margreid.com\/blog\/wp-content\/2013\/07\/adegga.jpg 360w, https:\/\/www.kobler-margreid.com\/blog\/wp-content\/2013\/07\/adegga-237x300.jpg 237w\" sizes=\"auto, (max-width: 292px) 100vw, 292px\" \/><\/a>Seit zwei Jahren stelle ich meine Weine bei <a href=\"http:\/\/www.adegga.com\/wine\/query\/kobler\">adegga.com<\/a> ein, gerade haben meine letztlich gef\u00fcllten Weine dort Eingang gefunden. &#8222;Track your favorite wines and get recommendations from people you know&#8220; hei\u00dft es zu Beginn und tats\u00e4chlich ist dieses Portal ideal f\u00fcr alle Weininteressierten. Jede und jeder kann nach einer kostenlosen Anmeldung Weine einstellen, diese bekommen einen einmaligen AVIN-Code zugeteilt (der \u00e4hnlich der eindeutigen ISBN-Nummer bei den B\u00fcchern ist), jede und jeder kann die Weine beurteilen, seinen eigenen Keller f\u00fchren und Suchroboter suchen im Netz nach Anbietern und deren Preise. \u00a0Eigentlich ideal, ich finde keine Fehler.<\/p>\n<p><em>Da due anni metto i miei vini su <a href=\"http:\/\/www.adegga.com\/wine\/query\/kobler\">adegga.com<\/a>, appena adesso ho finito di inserire le annate imbottigliate da poco.\u00a0&#8222;Track your favorite wines and get recommendations from people you know&#8220; \u00e8 lo slogan del portale cos\u00ec interessante per ogni appassionato di vino. Ognuno pu\u00f2 previa registrazione gratuita inserire qualsiasi vino che in quel momento riceve\u00a0il codice AVIN, una serie die numeri univoca, simile al codice ISBN dei libri. Tutti gli utenti registrati possono giudicare i vini, gestire tramite la pagina la propria cantina e dei robot di rete cercano ed elencano dove si possono acquistare i vini con i relativi prezzi.<\/em><\/p>\n<p><!--more-->Und trotzdem: So richtig weiter kommt die Seite nicht. Zumindest scheint es mir so. Dass ein bew\u00e4hrtes Layout nicht dauernd ge\u00e4ndert werden muss, sehe ich ein, dass aber sich bei den Weinen weniger als fr\u00fcher tut, ist \u2014\u00a0glaube ich \u2014\u00a0mehr als nur ein Eindruck. Speziell im Fall meiner Weine ist es bei den paar anf\u00e4nglichen Beurteilungen geblieben und Zugriffe von dort auf meine Seiten finden \u00fcberhaupt nicht statt.<\/p>\n<p><em>Comunque non mi pare che la pagina decolli veramente. Che un layout affidato non deve venite cambiato ogni anno \u00e8 comprensibile ma che con i vini si fa meno di una volta credo non sar\u00e0 solo una mia impressione. Almeno nel caso dei miei vini \u00e8 stata fatta all&#8217;inizio qualche valutazione, ma accessi alle mie pagine web partendo da adegga non sono state segnalate.<\/em><\/p>\n<p>Warum wird adegga.con nicht im Verh\u00e4ltnis zu seinen Vorteilen gen\u00fctzt? Ist der Bedarf nach dieser Art von Wein-Social-Medias schon gedeckt oder gibt es inzwischen andere, bessere Konkurrenzprodukte? Was ist eure Meinung dazu?<\/p>\n<p><em>Perch\u00e9 adegga.com non viene utilizzata nella misura delle facilitazioni che comporta? La richiesta di Wine social \u00e8 gi\u00e0 satura o ci sono adesso dei prodotti concorrenziali migliori? Com&#8217;\u00e8 a proposito la vostra opinione?\u00a0<\/em><!-- pingbacker_start --><\/p>\n<h4>Related Blogs<\/h4>\n<ul class=\"pc_pingback\"><\/ul>\n<p><!-- pingbacker_end --><\/p>\n","protected":false},"excerpt":{"rendered":"<p>Seit zwei Jahren stelle ich meine Weine bei adegga.com ein, gerade haben meine letztlich gef\u00fcllten Weine dort Eingang gefunden. &#8222;Track your favorite wines and get recommendations from people you know&#8220; hei\u00dft es zu Beginn und tats\u00e4chlich ist dieses Portal ideal &hellip; <a href=\"https:\/\/www.kobler-margreid.com\/blog\/blog\/2013\/07\/31\/adegga-com-war-es-das_tutto-qui\/\">Weiterlesen <span class=\"meta-nav\">&rarr;<\/span><\/a><\/p>\n","protected":false},"author":1,"featured_media":0,"comment_status":"open","ping_status":"open","sticky":false,"template":"","format":"standard","meta":{"ngg_post_thumbnail":0,"footnotes":"","_links_to":"","_links_to_target":""},"categories":[138,9],"tags":[954,1262,1263],"class_list":["post-10871","post","type-post","status-publish","format-standard","hentry","category-ankundigung","category-oeffentlichkeitsarbeit","tag-adegga-com","tag-avin-code","tag-wine-social-media"],"yoast_head":"<!-- This site is optimized with the Yoast SEO plugin v27.5 - https:\/\/yoast.com\/product\/yoast-seo-wordpress\/ -->\n<title>adegga.com: War es das? \u2014 Tutto qu\u00ec? - weinhof KOBLER weblog<\/title>\n<meta name=\"robots\" content=\"index, follow, max-snippet:-1, max-image-preview:large, max-video-preview:-1\" \/>\n<link rel=\"canonical\" href=\"https:\/\/www.kobler-margreid.com\/blog\/blog\/2013\/07\/31\/adegga-com-war-es-das_tutto-qui\/\" \/>\n<meta property=\"og:locale\" content=\"de_DE\" \/>\n<meta property=\"og:type\" content=\"article\" \/>\n<meta property=\"og:title\" content=\"adegga.com: War es das? \u2014 Tutto qu\u00ec? - weinhof KOBLER weblog\" \/>\n<meta property=\"og:description\" content=\"Seit zwei Jahren stelle ich meine Weine bei adegga.com ein, gerade haben meine letztlich gef\u00fcllten Weine dort Eingang gefunden. &#8222;Track your favorite wines and get recommendations from people you know&#8220; hei\u00dft es zu Beginn und tats\u00e4chlich ist dieses Portal ideal &hellip; Weiterlesen &rarr;\" \/>\n<meta property=\"og:url\" content=\"https:\/\/www.kobler-margreid.com\/blog\/blog\/2013\/07\/31\/adegga-com-war-es-das_tutto-qui\/\" \/>\n<meta property=\"og:site_name\" content=\"weinhof KOBLER weblog\" \/>\n<meta property=\"article:publisher\" content=\"https:\/\/www.facebook.com\/armin.kobler\/\" \/>\n<meta property=\"article:author\" content=\"https:\/\/www.facebook.com\/armin.kobler\/\" \/>\n<meta property=\"article:published_time\" content=\"2013-07-31T21:00:08+00:00\" \/>\n<meta property=\"article:modified_time\" content=\"2013-08-01T08:10:15+00:00\" \/>\n<meta property=\"og:image\" content=\"http:\/\/www.kobler-margreid.com\/blog\/wp-content\/2013\/07\/adegga.jpg\" \/>\n<meta name=\"author\" content=\"armin kobler\" \/>\n<meta name=\"twitter:card\" content=\"summary_large_image\" \/>\n<meta name=\"twitter:label1\" content=\"Verfasst von\" \/>\n\t<meta name=\"twitter:data1\" content=\"armin kobler\" \/>\n\t<meta name=\"twitter:label2\" content=\"Gesch\u00e4tzte Lesezeit\" \/>\n\t<meta name=\"twitter:data2\" content=\"2\u00a0Minuten\" \/>\n<script type=\"application\/ld+json\" class=\"yoast-schema-graph\">{\"@context\":\"https:\\\/\\\/schema.org\",\"@graph\":[{\"@type\":\"Article\",\"@id\":\"https:\\\/\\\/www.kobler-margreid.com\\\/blog\\\/blog\\\/2013\\\/07\\\/31\\\/adegga-com-war-es-das_tutto-qui\\\/#article\",\"isPartOf\":{\"@id\":\"https:\\\/\\\/www.kobler-margreid.com\\\/blog\\\/blog\\\/2013\\\/07\\\/31\\\/adegga-com-war-es-das_tutto-qui\\\/\"},\"author\":{\"name\":\"armin kobler\",\"@id\":\"https:\\\/\\\/www.kobler-margreid.com\\\/blog\\\/#\\\/schema\\\/person\\\/6a2290c17f680f59c1fa7e1c7a36df3a\"},\"headline\":\"adegga.com: War es das? \u2014 Tutto qu\u00ec?\",\"datePublished\":\"2013-07-31T21:00:08+00:00\",\"dateModified\":\"2013-08-01T08:10:15+00:00\",\"mainEntityOfPage\":{\"@id\":\"https:\\\/\\\/www.kobler-margreid.com\\\/blog\\\/blog\\\/2013\\\/07\\\/31\\\/adegga-com-war-es-das_tutto-qui\\\/\"},\"wordCount\":416,\"commentCount\":0,\"publisher\":{\"@id\":\"https:\\\/\\\/www.kobler-margreid.com\\\/blog\\\/#\\\/schema\\\/person\\\/6a2290c17f680f59c1fa7e1c7a36df3a\"},\"image\":{\"@id\":\"https:\\\/\\\/www.kobler-margreid.com\\\/blog\\\/blog\\\/2013\\\/07\\\/31\\\/adegga-com-war-es-das_tutto-qui\\\/#primaryimage\"},\"thumbnailUrl\":\"http:\\\/\\\/www.kobler-margreid.com\\\/blog\\\/wp-content\\\/2013\\\/07\\\/adegga.jpg\",\"keywords\":[\"adegga.com\",\"AVIN-Code\",\"Wine Social Media\"],\"articleSection\":[\"Ank\u00fcndigung - Annuncio\",\"\u00d6ffentlichkeitsarbeit - Pubbliche relazioni\"],\"inLanguage\":\"de\",\"potentialAction\":[{\"@type\":\"CommentAction\",\"name\":\"Comment\",\"target\":[\"https:\\\/\\\/www.kobler-margreid.com\\\/blog\\\/blog\\\/2013\\\/07\\\/31\\\/adegga-com-war-es-das_tutto-qui\\\/#respond\"]}]},{\"@type\":\"WebPage\",\"@id\":\"https:\\\/\\\/www.kobler-margreid.com\\\/blog\\\/blog\\\/2013\\\/07\\\/31\\\/adegga-com-war-es-das_tutto-qui\\\/\",\"url\":\"https:\\\/\\\/www.kobler-margreid.com\\\/blog\\\/blog\\\/2013\\\/07\\\/31\\\/adegga-com-war-es-das_tutto-qui\\\/\",\"name\":\"adegga.com: War es das? \u2014 Tutto qu\u00ec? - weinhof KOBLER weblog\",\"isPartOf\":{\"@id\":\"https:\\\/\\\/www.kobler-margreid.com\\\/blog\\\/#website\"},\"primaryImageOfPage\":{\"@id\":\"https:\\\/\\\/www.kobler-margreid.com\\\/blog\\\/blog\\\/2013\\\/07\\\/31\\\/adegga-com-war-es-das_tutto-qui\\\/#primaryimage\"},\"image\":{\"@id\":\"https:\\\/\\\/www.kobler-margreid.com\\\/blog\\\/blog\\\/2013\\\/07\\\/31\\\/adegga-com-war-es-das_tutto-qui\\\/#primaryimage\"},\"thumbnailUrl\":\"http:\\\/\\\/www.kobler-margreid.com\\\/blog\\\/wp-content\\\/2013\\\/07\\\/adegga.jpg\",\"datePublished\":\"2013-07-31T21:00:08+00:00\",\"dateModified\":\"2013-08-01T08:10:15+00:00\",\"breadcrumb\":{\"@id\":\"https:\\\/\\\/www.kobler-margreid.com\\\/blog\\\/blog\\\/2013\\\/07\\\/31\\\/adegga-com-war-es-das_tutto-qui\\\/#breadcrumb\"},\"inLanguage\":\"de\",\"potentialAction\":[{\"@type\":\"ReadAction\",\"target\":[\"https:\\\/\\\/www.kobler-margreid.com\\\/blog\\\/blog\\\/2013\\\/07\\\/31\\\/adegga-com-war-es-das_tutto-qui\\\/\"]}]},{\"@type\":\"ImageObject\",\"inLanguage\":\"de\",\"@id\":\"https:\\\/\\\/www.kobler-margreid.com\\\/blog\\\/blog\\\/2013\\\/07\\\/31\\\/adegga-com-war-es-das_tutto-qui\\\/#primaryimage\",\"url\":\"http:\\\/\\\/www.kobler-margreid.com\\\/blog\\\/wp-content\\\/2013\\\/07\\\/adegga.jpg\",\"contentUrl\":\"http:\\\/\\\/www.kobler-margreid.com\\\/blog\\\/wp-content\\\/2013\\\/07\\\/adegga.jpg\"},{\"@type\":\"BreadcrumbList\",\"@id\":\"https:\\\/\\\/www.kobler-margreid.com\\\/blog\\\/blog\\\/2013\\\/07\\\/31\\\/adegga-com-war-es-das_tutto-qui\\\/#breadcrumb\",\"itemListElement\":[{\"@type\":\"ListItem\",\"position\":1,\"name\":\"Startseite\",\"item\":\"https:\\\/\\\/www.kobler-margreid.com\\\/blog\\\/\"},{\"@type\":\"ListItem\",\"position\":2,\"name\":\"adegga.com: War es das? \u2014 Tutto qu\u00ec?\"}]},{\"@type\":\"WebSite\",\"@id\":\"https:\\\/\\\/www.kobler-margreid.com\\\/blog\\\/#website\",\"url\":\"https:\\\/\\\/www.kobler-margreid.com\\\/blog\\\/\",\"name\":\"weinhof KOBLER weblog\",\"description\":\"dem wein ganz nah \u2013 all&#039;interno del vino\",\"publisher\":{\"@id\":\"https:\\\/\\\/www.kobler-margreid.com\\\/blog\\\/#\\\/schema\\\/person\\\/6a2290c17f680f59c1fa7e1c7a36df3a\"},\"potentialAction\":[{\"@type\":\"SearchAction\",\"target\":{\"@type\":\"EntryPoint\",\"urlTemplate\":\"https:\\\/\\\/www.kobler-margreid.com\\\/blog\\\/?s={search_term_string}\"},\"query-input\":{\"@type\":\"PropertyValueSpecification\",\"valueRequired\":true,\"valueName\":\"search_term_string\"}}],\"inLanguage\":\"de\"},{\"@type\":[\"Person\",\"Organization\"],\"@id\":\"https:\\\/\\\/www.kobler-margreid.com\\\/blog\\\/#\\\/schema\\\/person\\\/6a2290c17f680f59c1fa7e1c7a36df3a\",\"name\":\"armin kobler\",\"image\":{\"@type\":\"ImageObject\",\"inLanguage\":\"de\",\"@id\":\"https:\\\/\\\/www.kobler-margreid.com\\\/blog\\\/wp-content\\\/2023\\\/11\\\/2012-05-08_09-33-03a.jpg\",\"url\":\"https:\\\/\\\/www.kobler-margreid.com\\\/blog\\\/wp-content\\\/2023\\\/11\\\/2012-05-08_09-33-03a.jpg\",\"contentUrl\":\"https:\\\/\\\/www.kobler-margreid.com\\\/blog\\\/wp-content\\\/2023\\\/11\\\/2012-05-08_09-33-03a.jpg\",\"width\":1088,\"height\":1184,\"caption\":\"armin kobler\"},\"logo\":{\"@id\":\"https:\\\/\\\/www.kobler-margreid.com\\\/blog\\\/wp-content\\\/2023\\\/11\\\/2012-05-08_09-33-03a.jpg\"},\"sameAs\":[\"http:\\\/\\\/www.kobler-margreid.com\",\"https:\\\/\\\/www.facebook.com\\\/armin.kobler\\\/\"],\"url\":\"https:\\\/\\\/www.kobler-margreid.com\\\/blog\\\/blog\\\/author\\\/admin\\\/\"}]}<\/script>\n<!-- \/ Yoast SEO plugin. -->","yoast_head_json":{"title":"adegga.com: War es das? \u2014 Tutto qu\u00ec? - weinhof KOBLER weblog","robots":{"index":"index","follow":"follow","max-snippet":"max-snippet:-1","max-image-preview":"max-image-preview:large","max-video-preview":"max-video-preview:-1"},"canonical":"https:\/\/www.kobler-margreid.com\/blog\/blog\/2013\/07\/31\/adegga-com-war-es-das_tutto-qui\/","og_locale":"de_DE","og_type":"article","og_title":"adegga.com: War es das? \u2014 Tutto qu\u00ec? - weinhof KOBLER weblog","og_description":"Seit zwei Jahren stelle ich meine Weine bei adegga.com ein, gerade haben meine letztlich gef\u00fcllten Weine dort Eingang gefunden. &#8222;Track your favorite wines and get recommendations from people you know&#8220; hei\u00dft es zu Beginn und tats\u00e4chlich ist dieses Portal ideal &hellip; Weiterlesen &rarr;","og_url":"https:\/\/www.kobler-margreid.com\/blog\/blog\/2013\/07\/31\/adegga-com-war-es-das_tutto-qui\/","og_site_name":"weinhof KOBLER weblog","article_publisher":"https:\/\/www.facebook.com\/armin.kobler\/","article_author":"https:\/\/www.facebook.com\/armin.kobler\/","article_published_time":"2013-07-31T21:00:08+00:00","article_modified_time":"2013-08-01T08:10:15+00:00","og_image":[{"url":"http:\/\/www.kobler-margreid.com\/blog\/wp-content\/2013\/07\/adegga.jpg","type":"","width":"","height":""}],"author":"armin kobler","twitter_card":"summary_large_image","twitter_misc":{"Verfasst von":"armin kobler","Gesch\u00e4tzte Lesezeit":"2\u00a0Minuten"},"schema":{"@context":"https:\/\/schema.org","@graph":[{"@type":"Article","@id":"https:\/\/www.kobler-margreid.com\/blog\/blog\/2013\/07\/31\/adegga-com-war-es-das_tutto-qui\/#article","isPartOf":{"@id":"https:\/\/www.kobler-margreid.com\/blog\/blog\/2013\/07\/31\/adegga-com-war-es-das_tutto-qui\/"},"author":{"name":"armin kobler","@id":"https:\/\/www.kobler-margreid.com\/blog\/#\/schema\/person\/6a2290c17f680f59c1fa7e1c7a36df3a"},"headline":"adegga.com: War es das? \u2014 Tutto qu\u00ec?","datePublished":"2013-07-31T21:00:08+00:00","dateModified":"2013-08-01T08:10:15+00:00","mainEntityOfPage":{"@id":"https:\/\/www.kobler-margreid.com\/blog\/blog\/2013\/07\/31\/adegga-com-war-es-das_tutto-qui\/"},"wordCount":416,"commentCount":0,"publisher":{"@id":"https:\/\/www.kobler-margreid.com\/blog\/#\/schema\/person\/6a2290c17f680f59c1fa7e1c7a36df3a"},"image":{"@id":"https:\/\/www.kobler-margreid.com\/blog\/blog\/2013\/07\/31\/adegga-com-war-es-das_tutto-qui\/#primaryimage"},"thumbnailUrl":"http:\/\/www.kobler-margreid.com\/blog\/wp-content\/2013\/07\/adegga.jpg","keywords":["adegga.com","AVIN-Code","Wine Social Media"],"articleSection":["Ank\u00fcndigung - Annuncio","\u00d6ffentlichkeitsarbeit - Pubbliche relazioni"],"inLanguage":"de","potentialAction":[{"@type":"CommentAction","name":"Comment","target":["https:\/\/www.kobler-margreid.com\/blog\/blog\/2013\/07\/31\/adegga-com-war-es-das_tutto-qui\/#respond"]}]},{"@type":"WebPage","@id":"https:\/\/www.kobler-margreid.com\/blog\/blog\/2013\/07\/31\/adegga-com-war-es-das_tutto-qui\/","url":"https:\/\/www.kobler-margreid.com\/blog\/blog\/2013\/07\/31\/adegga-com-war-es-das_tutto-qui\/","name":"adegga.com: War es das? \u2014 Tutto qu\u00ec? - weinhof KOBLER weblog","isPartOf":{"@id":"https:\/\/www.kobler-margreid.com\/blog\/#website"},"primaryImageOfPage":{"@id":"https:\/\/www.kobler-margreid.com\/blog\/blog\/2013\/07\/31\/adegga-com-war-es-das_tutto-qui\/#primaryimage"},"image":{"@id":"https:\/\/www.kobler-margreid.com\/blog\/blog\/2013\/07\/31\/adegga-com-war-es-das_tutto-qui\/#primaryimage"},"thumbnailUrl":"http:\/\/www.kobler-margreid.com\/blog\/wp-content\/2013\/07\/adegga.jpg","datePublished":"2013-07-31T21:00:08+00:00","dateModified":"2013-08-01T08:10:15+00:00","breadcrumb":{"@id":"https:\/\/www.kobler-margreid.com\/blog\/blog\/2013\/07\/31\/adegga-com-war-es-das_tutto-qui\/#breadcrumb"},"inLanguage":"de","potentialAction":[{"@type":"ReadAction","target":["https:\/\/www.kobler-margreid.com\/blog\/blog\/2013\/07\/31\/adegga-com-war-es-das_tutto-qui\/"]}]},{"@type":"ImageObject","inLanguage":"de","@id":"https:\/\/www.kobler-margreid.com\/blog\/blog\/2013\/07\/31\/adegga-com-war-es-das_tutto-qui\/#primaryimage","url":"http:\/\/www.kobler-margreid.com\/blog\/wp-content\/2013\/07\/adegga.jpg","contentUrl":"http:\/\/www.kobler-margreid.com\/blog\/wp-content\/2013\/07\/adegga.jpg"},{"@type":"BreadcrumbList","@id":"https:\/\/www.kobler-margreid.com\/blog\/blog\/2013\/07\/31\/adegga-com-war-es-das_tutto-qui\/#breadcrumb","itemListElement":[{"@type":"ListItem","position":1,"name":"Startseite","item":"https:\/\/www.kobler-margreid.com\/blog\/"},{"@type":"ListItem","position":2,"name":"adegga.com: War es das? \u2014 Tutto qu\u00ec?"}]},{"@type":"WebSite","@id":"https:\/\/www.kobler-margreid.com\/blog\/#website","url":"https:\/\/www.kobler-margreid.com\/blog\/","name":"weinhof KOBLER weblog","description":"dem wein ganz nah \u2013 all&#039;interno del vino","publisher":{"@id":"https:\/\/www.kobler-margreid.com\/blog\/#\/schema\/person\/6a2290c17f680f59c1fa7e1c7a36df3a"},"potentialAction":[{"@type":"SearchAction","target":{"@type":"EntryPoint","urlTemplate":"https:\/\/www.kobler-margreid.com\/blog\/?s={search_term_string}"},"query-input":{"@type":"PropertyValueSpecification","valueRequired":true,"valueName":"search_term_string"}}],"inLanguage":"de"},{"@type":["Person","Organization"],"@id":"https:\/\/www.kobler-margreid.com\/blog\/#\/schema\/person\/6a2290c17f680f59c1fa7e1c7a36df3a","name":"armin kobler","image":{"@type":"ImageObject","inLanguage":"de","@id":"https:\/\/www.kobler-margreid.com\/blog\/wp-content\/2023\/11\/2012-05-08_09-33-03a.jpg","url":"https:\/\/www.kobler-margreid.com\/blog\/wp-content\/2023\/11\/2012-05-08_09-33-03a.jpg","contentUrl":"https:\/\/www.kobler-margreid.com\/blog\/wp-content\/2023\/11\/2012-05-08_09-33-03a.jpg","width":1088,"height":1184,"caption":"armin kobler"},"logo":{"@id":"https:\/\/www.kobler-margreid.com\/blog\/wp-content\/2023\/11\/2012-05-08_09-33-03a.jpg"},"sameAs":["http:\/\/www.kobler-margreid.com","https:\/\/www.facebook.com\/armin.kobler\/"],"url":"https:\/\/www.kobler-margreid.com\/blog\/blog\/author\/admin\/"}]}},"_links":{"self":[{"href":"https:\/\/www.kobler-margreid.com\/blog\/wp-json\/wp\/v2\/posts\/10871","targetHints":{"allow":["GET"]}}],"collection":[{"href":"https:\/\/www.kobler-margreid.com\/blog\/wp-json\/wp\/v2\/posts"}],"about":[{"href":"https:\/\/www.kobler-margreid.com\/blog\/wp-json\/wp\/v2\/types\/post"}],"author":[{"embeddable":true,"href":"https:\/\/www.kobler-margreid.com\/blog\/wp-json\/wp\/v2\/users\/1"}],"replies":[{"embeddable":true,"href":"https:\/\/www.kobler-margreid.com\/blog\/wp-json\/wp\/v2\/comments?post=10871"}],"version-history":[{"count":0,"href":"https:\/\/www.kobler-margreid.com\/blog\/wp-json\/wp\/v2\/posts\/10871\/revisions"}],"wp:attachment":[{"href":"https:\/\/www.kobler-margreid.com\/blog\/wp-json\/wp\/v2\/media?parent=10871"}],"wp:term":[{"taxonomy":"category","embeddable":true,"href":"https:\/\/www.kobler-margreid.com\/blog\/wp-json\/wp\/v2\/categories?post=10871"},{"taxonomy":"post_tag","embeddable":true,"href":"https:\/\/www.kobler-margreid.com\/blog\/wp-json\/wp\/v2\/tags?post=10871"}],"curies":[{"name":"wp","href":"https:\/\/api.w.org\/{rel}","templated":true}]}}