{"id":11026,"date":"2013-09-08T23:11:53","date_gmt":"2013-09-08T21:11:53","guid":{"rendered":"http:\/\/www.kobler-margreid.com\/blog\/?p=11026"},"modified":"2013-10-04T17:24:33","modified_gmt":"2013-10-04T15:24:33","slug":"erntezeit-sorgezeit_tempo-di-maturazione-tempo-di-preoccupazione","status":"publish","type":"post","link":"https:\/\/www.kobler-margreid.com\/blog\/blog\/2013\/09\/08\/erntezeit-sorgezeit_tempo-di-maturazione-tempo-di-preoccupazione\/","title":{"rendered":"Reifezeit, Sorgenzeit \u2014 Tempo di maturazione, tempo di preoccupazione"},"content":{"rendered":"<p><a href=\"http:\/\/www.kobler-margreid.com\/blog\/wp-content\/2013\/09\/wetter.jpg\" rel=\"lightbox[11026]\"><img loading=\"lazy\" decoding=\"async\" class=\"alignleft size-full wp-image-11028\" style=\"border: 0px;\" alt=\"wetter\" src=\"http:\/\/www.kobler-margreid.com\/blog\/wp-content\/2013\/09\/wetter.jpg\" width=\"530\" height=\"173\" srcset=\"https:\/\/www.kobler-margreid.com\/blog\/wp-content\/2013\/09\/wetter.jpg 530w, https:\/\/www.kobler-margreid.com\/blog\/wp-content\/2013\/09\/wetter-300x97.jpg 300w\" sizes=\"auto, (max-width: 530px) 100vw, 530px\" \/><\/a><\/p>\n<p>Die Zeit hat begonnen, wo ich mir mehrmals am Tag nicht nur einen, sondern gleich mehrere Wetterberichte im Internet anschaue. Wie schon mehrmals betont, entscheidet ab jetzt mehr denn je der Witterungsverlauf dar\u00fcber, welche Art von Trauben wir in den Keller bringen (wie der Wein schlussendlich wird, ist dann wieder ein anderes Kapitel). Jetzt sind die Beerenschalen reifebedingt d\u00fcnn geworden, von innen her l\u00f6sen sie sich auf, weswegen jeder Niederschlag ein Risiko darstellt. Den Regen vor drei Wochen hat es dringend gebraucht, um eine f\u00fcr unsere Verh\u00e4ltnisse lang anhaltende D\u00fcrreperiode zu beenden; alles was jetzt kommt wird aber mehr oder weniger schaden. Es braucht dabei nicht unbedingt viel Niederschlag, eine lang anhaltende Blattnassperiode kann gleichsam sch\u00e4dlich sein.<\/p>\n<p><em>\u00c8 cominciato il periodo dove pi\u00f9 volte al giorno consulto in internet non solo uno ma fino a quattro servizi meteorologici . Come ho gi\u00e0 affermato in diverse occasioni, \u00a0adesso pi\u00f9 che mai il tempo\u00a0decide che tipo di uve porteremo a casa (come sar\u00e0 il vino che ne uscir\u00e0 \u00e8 poi ancora un&#8217;altra storia). Le bucce sono diventate sottili a causa della maturazione, si decompongono dall&#8217;interno ed ogni precipitazione \u00e8 ormai da rischio. Le piogge di tre settimane fa erano necessarie per finire un periodo molto lungo di siccit\u00e0; tutto quello che verr\u00e0 adesso potr\u00e0 danneggiare pi\u00f9 o meno gravemente. A ci\u00f2 non serve neanche tanta pioggia, bastano ore di bagnatura.<\/em><\/p>\n<p><!--more-->Die heutige Flurbegehung hat folgendes gezeigt: Die Beeren sind niederschlagsbedingt letztlich ziemlich angeschwollen. Dies ist besonders bei den engbeerigen Burgundersorten bedenklich, so manche Beere ist geplatzt, der auslaufende Saft verursacht Essigf\u00e4ule und Botrytis. Es k\u00f6nnte sich jetzt r\u00e4chen, dass ich aus Furcht vor \u00fcberm\u00e4\u00dfigem Ausrieseln im regnerisch kalten Fr\u00fchjahr auf eine ausd\u00fcnnende Berelex-Behandlung verzichtet habe.<\/p>\n<p><em>La visita odierna ai vigneti ha fatto vedere il seguente: Gli acini hanno acquistato notevolmente in volume grazie alle piogge. Questo preoccupa particolarmente nel caso dei vitigni Pinot che sono di per s\u00e9 a grappoli compatti. Alcuni acini sono gi\u00e0 scoppiati, il mosto che ne esce provoca marciume acido o botrite. Adesso mi pento di non aver fatto il solito trattamento diradante con Berelex per la paura (infondata come si \u00e8 visto) di avere <\/em><em>eccessive\u00a0<\/em>colature.<\/p>\n<p>Was bei den roten Sorten sichtbar wird &#8211; aber wahrscheinlich auch die wei\u00dfen betrifft, wo man es aber nicht sieht &#8211; ist der noch nie dagewesene Reifeunterschied zwischen den St\u00f6cken. W\u00e4hrend bei den meisten Merlot- und Cabernetreben alle Beeren dunkel gef\u00e4rbt sind und schon etwas s\u00fc\u00df schmecken, kommen gleich daneben wachsende St\u00f6cke bez\u00fcglich der Reife einfach nicht vom Fleck. Auch andere Betriebe in der Gegend klagen dar\u00fcber. Ich denke, dass dieses Ph\u00e4nomen von dem extrem regnerisch und kalten Fr\u00fchjahr und\/oder von der langen Hitze- und Trockenperiode herr\u00fchrt. Wie soll man damit umgehen? Mehrere Leseg\u00e4nge einplanen, hoffen, dass sich der Reifezustand doch noch angleicht, alles trotzdem zugleich wimmen und hoffen, dass sich die Unterschiede erg\u00e4nzen? Fragen \u00fcber Fragen, spannend bleibt diese Zeit allemal.<\/p>\n<p><em>Quello che si vede sulle variet\u00e0 rosse &#8211; ma interessa sicuramente anche quelle a bacca bianca, dove per\u00f2 non si vede &#8211; \u00e8 una finora mai vista differenza di maturazione tra le viti. Mentre la maggiorparte dei ceppi di Merlot e Cabernet ha gli acini ormai scuri ed anche un po&#8216; dolci, altre viti in mezzo non riescono ad andare avanti in termini di maturazione. Anche altre aziende della zona hanno osservato questo fenomeno. Suppongo che questo comportamento derivi dalla primavera fredda e piovosa e\/o dal lungo periodo estivo di caldo e siccit\u00e0. Come comportarsi adesso? Pianificare pi\u00f9 passaggi di vendemmia? Sperare che la differenza di maturazione si uniformi alla fine? Vendemmiare tutto in una volta e sperare che le diversit\u00e0 si integrino poi nel vino? Domande su domande, il periodo \u00e8 come sempre emozionante.\u00a0<\/em><!-- pingbacker_start --><\/p>\n<h4>Related Blogs<\/h4>\n<ul class=\"pc_pingback\"><\/ul>\n<p><!-- pingbacker_end --><\/p>\n","protected":false},"excerpt":{"rendered":"<p>Die Zeit hat begonnen, wo ich mir mehrmals am Tag nicht nur einen, sondern gleich mehrere Wetterberichte im Internet anschaue. Wie schon mehrmals betont, entscheidet ab jetzt mehr denn je der Witterungsverlauf dar\u00fcber, welche Art von Trauben wir in den &hellip; <a href=\"https:\/\/www.kobler-margreid.com\/blog\/blog\/2013\/09\/08\/erntezeit-sorgezeit_tempo-di-maturazione-tempo-di-preoccupazione\/\">Weiterlesen <span class=\"meta-nav\">&rarr;<\/span><\/a><\/p>\n","protected":false},"author":1,"featured_media":0,"comment_status":"open","ping_status":"open","sticky":false,"template":"","format":"standard","meta":{"ngg_post_thumbnail":0,"footnotes":"","_links_to":"","_links_to_target":""},"categories":[14],"tags":[1133,465,676,1132],"class_list":["post-11026","post","type-post","status-publish","format-standard","hentry","category-weingarten","tag-condizioni-meteorologiche","tag-maturazione","tag-reife","tag-wetter"],"yoast_head":"<!-- This site is optimized with the Yoast SEO plugin v27.5 - https:\/\/yoast.com\/product\/yoast-seo-wordpress\/ -->\n<title>Reifezeit, Sorgenzeit \u2014 Tempo di maturazione, tempo di preoccupazione - weinhof KOBLER weblog<\/title>\n<meta name=\"robots\" content=\"index, follow, max-snippet:-1, max-image-preview:large, max-video-preview:-1\" \/>\n<link rel=\"canonical\" href=\"https:\/\/www.kobler-margreid.com\/blog\/blog\/2013\/09\/08\/erntezeit-sorgezeit_tempo-di-maturazione-tempo-di-preoccupazione\/\" \/>\n<meta property=\"og:locale\" content=\"de_DE\" \/>\n<meta property=\"og:type\" content=\"article\" \/>\n<meta property=\"og:title\" content=\"Reifezeit, Sorgenzeit \u2014 Tempo di maturazione, tempo di preoccupazione - weinhof KOBLER weblog\" \/>\n<meta property=\"og:description\" content=\"Die Zeit hat begonnen, wo ich mir mehrmals am Tag nicht nur einen, sondern gleich mehrere Wetterberichte im Internet anschaue. Wie schon mehrmals betont, entscheidet ab jetzt mehr denn je der Witterungsverlauf dar\u00fcber, welche Art von Trauben wir in den &hellip; Weiterlesen &rarr;\" \/>\n<meta property=\"og:url\" content=\"https:\/\/www.kobler-margreid.com\/blog\/blog\/2013\/09\/08\/erntezeit-sorgezeit_tempo-di-maturazione-tempo-di-preoccupazione\/\" \/>\n<meta property=\"og:site_name\" content=\"weinhof KOBLER weblog\" \/>\n<meta property=\"article:publisher\" content=\"https:\/\/www.facebook.com\/armin.kobler\/\" \/>\n<meta property=\"article:author\" content=\"https:\/\/www.facebook.com\/armin.kobler\/\" \/>\n<meta property=\"article:published_time\" content=\"2013-09-08T21:11:53+00:00\" \/>\n<meta property=\"article:modified_time\" content=\"2013-10-04T15:24:33+00:00\" \/>\n<meta property=\"og:image\" content=\"http:\/\/www.kobler-margreid.com\/blog\/wp-content\/2013\/09\/wetter.jpg\" \/>\n<meta name=\"author\" content=\"armin kobler\" \/>\n<meta name=\"twitter:card\" content=\"summary_large_image\" \/>\n<meta name=\"twitter:label1\" content=\"Verfasst von\" \/>\n\t<meta name=\"twitter:data1\" content=\"armin kobler\" \/>\n\t<meta name=\"twitter:label2\" content=\"Gesch\u00e4tzte Lesezeit\" \/>\n\t<meta name=\"twitter:data2\" content=\"3\u00a0Minuten\" \/>\n<script type=\"application\/ld+json\" class=\"yoast-schema-graph\">{\"@context\":\"https:\\\/\\\/schema.org\",\"@graph\":[{\"@type\":\"Article\",\"@id\":\"https:\\\/\\\/www.kobler-margreid.com\\\/blog\\\/blog\\\/2013\\\/09\\\/08\\\/erntezeit-sorgezeit_tempo-di-maturazione-tempo-di-preoccupazione\\\/#article\",\"isPartOf\":{\"@id\":\"https:\\\/\\\/www.kobler-margreid.com\\\/blog\\\/blog\\\/2013\\\/09\\\/08\\\/erntezeit-sorgezeit_tempo-di-maturazione-tempo-di-preoccupazione\\\/\"},\"author\":{\"name\":\"armin kobler\",\"@id\":\"https:\\\/\\\/www.kobler-margreid.com\\\/blog\\\/#\\\/schema\\\/person\\\/6a2290c17f680f59c1fa7e1c7a36df3a\"},\"headline\":\"Reifezeit, Sorgenzeit \u2014 Tempo di maturazione, tempo di preoccupazione\",\"datePublished\":\"2013-09-08T21:11:53+00:00\",\"dateModified\":\"2013-10-04T15:24:33+00:00\",\"mainEntityOfPage\":{\"@id\":\"https:\\\/\\\/www.kobler-margreid.com\\\/blog\\\/blog\\\/2013\\\/09\\\/08\\\/erntezeit-sorgezeit_tempo-di-maturazione-tempo-di-preoccupazione\\\/\"},\"wordCount\":647,\"commentCount\":0,\"publisher\":{\"@id\":\"https:\\\/\\\/www.kobler-margreid.com\\\/blog\\\/#\\\/schema\\\/person\\\/6a2290c17f680f59c1fa7e1c7a36df3a\"},\"image\":{\"@id\":\"https:\\\/\\\/www.kobler-margreid.com\\\/blog\\\/blog\\\/2013\\\/09\\\/08\\\/erntezeit-sorgezeit_tempo-di-maturazione-tempo-di-preoccupazione\\\/#primaryimage\"},\"thumbnailUrl\":\"http:\\\/\\\/www.kobler-margreid.com\\\/blog\\\/wp-content\\\/2013\\\/09\\\/wetter.jpg\",\"keywords\":[\"Condizioni meteorologiche\",\"Maturazione\",\"Reife\",\"Wetter\"],\"articleSection\":[\"Weingarten - Vigneto\"],\"inLanguage\":\"de\",\"potentialAction\":[{\"@type\":\"CommentAction\",\"name\":\"Comment\",\"target\":[\"https:\\\/\\\/www.kobler-margreid.com\\\/blog\\\/blog\\\/2013\\\/09\\\/08\\\/erntezeit-sorgezeit_tempo-di-maturazione-tempo-di-preoccupazione\\\/#respond\"]}]},{\"@type\":\"WebPage\",\"@id\":\"https:\\\/\\\/www.kobler-margreid.com\\\/blog\\\/blog\\\/2013\\\/09\\\/08\\\/erntezeit-sorgezeit_tempo-di-maturazione-tempo-di-preoccupazione\\\/\",\"url\":\"https:\\\/\\\/www.kobler-margreid.com\\\/blog\\\/blog\\\/2013\\\/09\\\/08\\\/erntezeit-sorgezeit_tempo-di-maturazione-tempo-di-preoccupazione\\\/\",\"name\":\"Reifezeit, Sorgenzeit \u2014 Tempo di maturazione, tempo di preoccupazione - weinhof KOBLER weblog\",\"isPartOf\":{\"@id\":\"https:\\\/\\\/www.kobler-margreid.com\\\/blog\\\/#website\"},\"primaryImageOfPage\":{\"@id\":\"https:\\\/\\\/www.kobler-margreid.com\\\/blog\\\/blog\\\/2013\\\/09\\\/08\\\/erntezeit-sorgezeit_tempo-di-maturazione-tempo-di-preoccupazione\\\/#primaryimage\"},\"image\":{\"@id\":\"https:\\\/\\\/www.kobler-margreid.com\\\/blog\\\/blog\\\/2013\\\/09\\\/08\\\/erntezeit-sorgezeit_tempo-di-maturazione-tempo-di-preoccupazione\\\/#primaryimage\"},\"thumbnailUrl\":\"http:\\\/\\\/www.kobler-margreid.com\\\/blog\\\/wp-content\\\/2013\\\/09\\\/wetter.jpg\",\"datePublished\":\"2013-09-08T21:11:53+00:00\",\"dateModified\":\"2013-10-04T15:24:33+00:00\",\"breadcrumb\":{\"@id\":\"https:\\\/\\\/www.kobler-margreid.com\\\/blog\\\/blog\\\/2013\\\/09\\\/08\\\/erntezeit-sorgezeit_tempo-di-maturazione-tempo-di-preoccupazione\\\/#breadcrumb\"},\"inLanguage\":\"de\",\"potentialAction\":[{\"@type\":\"ReadAction\",\"target\":[\"https:\\\/\\\/www.kobler-margreid.com\\\/blog\\\/blog\\\/2013\\\/09\\\/08\\\/erntezeit-sorgezeit_tempo-di-maturazione-tempo-di-preoccupazione\\\/\"]}]},{\"@type\":\"ImageObject\",\"inLanguage\":\"de\",\"@id\":\"https:\\\/\\\/www.kobler-margreid.com\\\/blog\\\/blog\\\/2013\\\/09\\\/08\\\/erntezeit-sorgezeit_tempo-di-maturazione-tempo-di-preoccupazione\\\/#primaryimage\",\"url\":\"http:\\\/\\\/www.kobler-margreid.com\\\/blog\\\/wp-content\\\/2013\\\/09\\\/wetter.jpg\",\"contentUrl\":\"http:\\\/\\\/www.kobler-margreid.com\\\/blog\\\/wp-content\\\/2013\\\/09\\\/wetter.jpg\"},{\"@type\":\"BreadcrumbList\",\"@id\":\"https:\\\/\\\/www.kobler-margreid.com\\\/blog\\\/blog\\\/2013\\\/09\\\/08\\\/erntezeit-sorgezeit_tempo-di-maturazione-tempo-di-preoccupazione\\\/#breadcrumb\",\"itemListElement\":[{\"@type\":\"ListItem\",\"position\":1,\"name\":\"Startseite\",\"item\":\"https:\\\/\\\/www.kobler-margreid.com\\\/blog\\\/\"},{\"@type\":\"ListItem\",\"position\":2,\"name\":\"Reifezeit, Sorgenzeit \u2014 Tempo di maturazione, tempo di preoccupazione\"}]},{\"@type\":\"WebSite\",\"@id\":\"https:\\\/\\\/www.kobler-margreid.com\\\/blog\\\/#website\",\"url\":\"https:\\\/\\\/www.kobler-margreid.com\\\/blog\\\/\",\"name\":\"weinhof KOBLER weblog\",\"description\":\"dem wein ganz nah \u2013 all&#039;interno del vino\",\"publisher\":{\"@id\":\"https:\\\/\\\/www.kobler-margreid.com\\\/blog\\\/#\\\/schema\\\/person\\\/6a2290c17f680f59c1fa7e1c7a36df3a\"},\"potentialAction\":[{\"@type\":\"SearchAction\",\"target\":{\"@type\":\"EntryPoint\",\"urlTemplate\":\"https:\\\/\\\/www.kobler-margreid.com\\\/blog\\\/?s={search_term_string}\"},\"query-input\":{\"@type\":\"PropertyValueSpecification\",\"valueRequired\":true,\"valueName\":\"search_term_string\"}}],\"inLanguage\":\"de\"},{\"@type\":[\"Person\",\"Organization\"],\"@id\":\"https:\\\/\\\/www.kobler-margreid.com\\\/blog\\\/#\\\/schema\\\/person\\\/6a2290c17f680f59c1fa7e1c7a36df3a\",\"name\":\"armin kobler\",\"image\":{\"@type\":\"ImageObject\",\"inLanguage\":\"de\",\"@id\":\"https:\\\/\\\/www.kobler-margreid.com\\\/blog\\\/wp-content\\\/2023\\\/11\\\/2012-05-08_09-33-03a.jpg\",\"url\":\"https:\\\/\\\/www.kobler-margreid.com\\\/blog\\\/wp-content\\\/2023\\\/11\\\/2012-05-08_09-33-03a.jpg\",\"contentUrl\":\"https:\\\/\\\/www.kobler-margreid.com\\\/blog\\\/wp-content\\\/2023\\\/11\\\/2012-05-08_09-33-03a.jpg\",\"width\":1088,\"height\":1184,\"caption\":\"armin kobler\"},\"logo\":{\"@id\":\"https:\\\/\\\/www.kobler-margreid.com\\\/blog\\\/wp-content\\\/2023\\\/11\\\/2012-05-08_09-33-03a.jpg\"},\"sameAs\":[\"http:\\\/\\\/www.kobler-margreid.com\",\"https:\\\/\\\/www.facebook.com\\\/armin.kobler\\\/\"],\"url\":\"https:\\\/\\\/www.kobler-margreid.com\\\/blog\\\/blog\\\/author\\\/admin\\\/\"}]}<\/script>\n<!-- \/ Yoast SEO plugin. -->","yoast_head_json":{"title":"Reifezeit, Sorgenzeit \u2014 Tempo di maturazione, tempo di preoccupazione - weinhof KOBLER weblog","robots":{"index":"index","follow":"follow","max-snippet":"max-snippet:-1","max-image-preview":"max-image-preview:large","max-video-preview":"max-video-preview:-1"},"canonical":"https:\/\/www.kobler-margreid.com\/blog\/blog\/2013\/09\/08\/erntezeit-sorgezeit_tempo-di-maturazione-tempo-di-preoccupazione\/","og_locale":"de_DE","og_type":"article","og_title":"Reifezeit, Sorgenzeit \u2014 Tempo di maturazione, tempo di preoccupazione - weinhof KOBLER weblog","og_description":"Die Zeit hat begonnen, wo ich mir mehrmals am Tag nicht nur einen, sondern gleich mehrere Wetterberichte im Internet anschaue. Wie schon mehrmals betont, entscheidet ab jetzt mehr denn je der Witterungsverlauf dar\u00fcber, welche Art von Trauben wir in den &hellip; Weiterlesen &rarr;","og_url":"https:\/\/www.kobler-margreid.com\/blog\/blog\/2013\/09\/08\/erntezeit-sorgezeit_tempo-di-maturazione-tempo-di-preoccupazione\/","og_site_name":"weinhof KOBLER weblog","article_publisher":"https:\/\/www.facebook.com\/armin.kobler\/","article_author":"https:\/\/www.facebook.com\/armin.kobler\/","article_published_time":"2013-09-08T21:11:53+00:00","article_modified_time":"2013-10-04T15:24:33+00:00","og_image":[{"url":"http:\/\/www.kobler-margreid.com\/blog\/wp-content\/2013\/09\/wetter.jpg","type":"","width":"","height":""}],"author":"armin kobler","twitter_card":"summary_large_image","twitter_misc":{"Verfasst von":"armin kobler","Gesch\u00e4tzte Lesezeit":"3\u00a0Minuten"},"schema":{"@context":"https:\/\/schema.org","@graph":[{"@type":"Article","@id":"https:\/\/www.kobler-margreid.com\/blog\/blog\/2013\/09\/08\/erntezeit-sorgezeit_tempo-di-maturazione-tempo-di-preoccupazione\/#article","isPartOf":{"@id":"https:\/\/www.kobler-margreid.com\/blog\/blog\/2013\/09\/08\/erntezeit-sorgezeit_tempo-di-maturazione-tempo-di-preoccupazione\/"},"author":{"name":"armin kobler","@id":"https:\/\/www.kobler-margreid.com\/blog\/#\/schema\/person\/6a2290c17f680f59c1fa7e1c7a36df3a"},"headline":"Reifezeit, Sorgenzeit \u2014 Tempo di maturazione, tempo di preoccupazione","datePublished":"2013-09-08T21:11:53+00:00","dateModified":"2013-10-04T15:24:33+00:00","mainEntityOfPage":{"@id":"https:\/\/www.kobler-margreid.com\/blog\/blog\/2013\/09\/08\/erntezeit-sorgezeit_tempo-di-maturazione-tempo-di-preoccupazione\/"},"wordCount":647,"commentCount":0,"publisher":{"@id":"https:\/\/www.kobler-margreid.com\/blog\/#\/schema\/person\/6a2290c17f680f59c1fa7e1c7a36df3a"},"image":{"@id":"https:\/\/www.kobler-margreid.com\/blog\/blog\/2013\/09\/08\/erntezeit-sorgezeit_tempo-di-maturazione-tempo-di-preoccupazione\/#primaryimage"},"thumbnailUrl":"http:\/\/www.kobler-margreid.com\/blog\/wp-content\/2013\/09\/wetter.jpg","keywords":["Condizioni meteorologiche","Maturazione","Reife","Wetter"],"articleSection":["Weingarten - Vigneto"],"inLanguage":"de","potentialAction":[{"@type":"CommentAction","name":"Comment","target":["https:\/\/www.kobler-margreid.com\/blog\/blog\/2013\/09\/08\/erntezeit-sorgezeit_tempo-di-maturazione-tempo-di-preoccupazione\/#respond"]}]},{"@type":"WebPage","@id":"https:\/\/www.kobler-margreid.com\/blog\/blog\/2013\/09\/08\/erntezeit-sorgezeit_tempo-di-maturazione-tempo-di-preoccupazione\/","url":"https:\/\/www.kobler-margreid.com\/blog\/blog\/2013\/09\/08\/erntezeit-sorgezeit_tempo-di-maturazione-tempo-di-preoccupazione\/","name":"Reifezeit, Sorgenzeit \u2014 Tempo di maturazione, tempo di preoccupazione - weinhof KOBLER weblog","isPartOf":{"@id":"https:\/\/www.kobler-margreid.com\/blog\/#website"},"primaryImageOfPage":{"@id":"https:\/\/www.kobler-margreid.com\/blog\/blog\/2013\/09\/08\/erntezeit-sorgezeit_tempo-di-maturazione-tempo-di-preoccupazione\/#primaryimage"},"image":{"@id":"https:\/\/www.kobler-margreid.com\/blog\/blog\/2013\/09\/08\/erntezeit-sorgezeit_tempo-di-maturazione-tempo-di-preoccupazione\/#primaryimage"},"thumbnailUrl":"http:\/\/www.kobler-margreid.com\/blog\/wp-content\/2013\/09\/wetter.jpg","datePublished":"2013-09-08T21:11:53+00:00","dateModified":"2013-10-04T15:24:33+00:00","breadcrumb":{"@id":"https:\/\/www.kobler-margreid.com\/blog\/blog\/2013\/09\/08\/erntezeit-sorgezeit_tempo-di-maturazione-tempo-di-preoccupazione\/#breadcrumb"},"inLanguage":"de","potentialAction":[{"@type":"ReadAction","target":["https:\/\/www.kobler-margreid.com\/blog\/blog\/2013\/09\/08\/erntezeit-sorgezeit_tempo-di-maturazione-tempo-di-preoccupazione\/"]}]},{"@type":"ImageObject","inLanguage":"de","@id":"https:\/\/www.kobler-margreid.com\/blog\/blog\/2013\/09\/08\/erntezeit-sorgezeit_tempo-di-maturazione-tempo-di-preoccupazione\/#primaryimage","url":"http:\/\/www.kobler-margreid.com\/blog\/wp-content\/2013\/09\/wetter.jpg","contentUrl":"http:\/\/www.kobler-margreid.com\/blog\/wp-content\/2013\/09\/wetter.jpg"},{"@type":"BreadcrumbList","@id":"https:\/\/www.kobler-margreid.com\/blog\/blog\/2013\/09\/08\/erntezeit-sorgezeit_tempo-di-maturazione-tempo-di-preoccupazione\/#breadcrumb","itemListElement":[{"@type":"ListItem","position":1,"name":"Startseite","item":"https:\/\/www.kobler-margreid.com\/blog\/"},{"@type":"ListItem","position":2,"name":"Reifezeit, Sorgenzeit \u2014 Tempo di maturazione, tempo di preoccupazione"}]},{"@type":"WebSite","@id":"https:\/\/www.kobler-margreid.com\/blog\/#website","url":"https:\/\/www.kobler-margreid.com\/blog\/","name":"weinhof KOBLER weblog","description":"dem wein ganz nah \u2013 all&#039;interno del vino","publisher":{"@id":"https:\/\/www.kobler-margreid.com\/blog\/#\/schema\/person\/6a2290c17f680f59c1fa7e1c7a36df3a"},"potentialAction":[{"@type":"SearchAction","target":{"@type":"EntryPoint","urlTemplate":"https:\/\/www.kobler-margreid.com\/blog\/?s={search_term_string}"},"query-input":{"@type":"PropertyValueSpecification","valueRequired":true,"valueName":"search_term_string"}}],"inLanguage":"de"},{"@type":["Person","Organization"],"@id":"https:\/\/www.kobler-margreid.com\/blog\/#\/schema\/person\/6a2290c17f680f59c1fa7e1c7a36df3a","name":"armin kobler","image":{"@type":"ImageObject","inLanguage":"de","@id":"https:\/\/www.kobler-margreid.com\/blog\/wp-content\/2023\/11\/2012-05-08_09-33-03a.jpg","url":"https:\/\/www.kobler-margreid.com\/blog\/wp-content\/2023\/11\/2012-05-08_09-33-03a.jpg","contentUrl":"https:\/\/www.kobler-margreid.com\/blog\/wp-content\/2023\/11\/2012-05-08_09-33-03a.jpg","width":1088,"height":1184,"caption":"armin kobler"},"logo":{"@id":"https:\/\/www.kobler-margreid.com\/blog\/wp-content\/2023\/11\/2012-05-08_09-33-03a.jpg"},"sameAs":["http:\/\/www.kobler-margreid.com","https:\/\/www.facebook.com\/armin.kobler\/"],"url":"https:\/\/www.kobler-margreid.com\/blog\/blog\/author\/admin\/"}]}},"_links":{"self":[{"href":"https:\/\/www.kobler-margreid.com\/blog\/wp-json\/wp\/v2\/posts\/11026","targetHints":{"allow":["GET"]}}],"collection":[{"href":"https:\/\/www.kobler-margreid.com\/blog\/wp-json\/wp\/v2\/posts"}],"about":[{"href":"https:\/\/www.kobler-margreid.com\/blog\/wp-json\/wp\/v2\/types\/post"}],"author":[{"embeddable":true,"href":"https:\/\/www.kobler-margreid.com\/blog\/wp-json\/wp\/v2\/users\/1"}],"replies":[{"embeddable":true,"href":"https:\/\/www.kobler-margreid.com\/blog\/wp-json\/wp\/v2\/comments?post=11026"}],"version-history":[{"count":0,"href":"https:\/\/www.kobler-margreid.com\/blog\/wp-json\/wp\/v2\/posts\/11026\/revisions"}],"wp:attachment":[{"href":"https:\/\/www.kobler-margreid.com\/blog\/wp-json\/wp\/v2\/media?parent=11026"}],"wp:term":[{"taxonomy":"category","embeddable":true,"href":"https:\/\/www.kobler-margreid.com\/blog\/wp-json\/wp\/v2\/categories?post=11026"},{"taxonomy":"post_tag","embeddable":true,"href":"https:\/\/www.kobler-margreid.com\/blog\/wp-json\/wp\/v2\/tags?post=11026"}],"curies":[{"name":"wp","href":"https:\/\/api.w.org\/{rel}","templated":true}]}}