{"id":1108,"date":"2009-02-17T07:46:33","date_gmt":"2009-02-17T05:46:33","guid":{"rendered":"http:\/\/www.kobler-margreid.com\/blog\/?p=1108"},"modified":"2009-02-17T12:09:47","modified_gmt":"2009-02-17T10:09:47","slug":"die-weingenieser-konnen-aufatmen-zumindest-in-osterreich-deutschland-und-italien","status":"publish","type":"post","link":"https:\/\/www.kobler-margreid.com\/blog\/blog\/2009\/02\/17\/die-weingenieser-konnen-aufatmen-zumindest-in-osterreich-deutschland-und-italien\/","title":{"rendered":"Die Weingenie\u00dfer k\u00f6nnen aufatmen &#8211; zumindest in \u00d6sterreich, Deutschland und Italien"},"content":{"rendered":"<p style=\"text-align: center;\"><a href=\"http:\/\/www.kobler-margreid.com\/deutsch\/online_verkauf\/online_shop_de_ad_gem.html\"><img loading=\"lazy\" decoding=\"async\" class=\"size-full wp-image-1261 aligncenter\" style=\"border: 0pt none; margin-top: 0px; margin-bottom: 0px;\" title=\"paketuebergabe2\" src=\"http:\/\/www.kobler-margreid.com\/blog\/wp-content\/imagescaler\/99bb1f1598e340038e33c6a7c37356fa.jpg\" alt=\"paketuebergabe2\" width=\"519\" height=\"338\" \/><\/a><\/p>\n<p style=\"text-align: left;\">Der Weinfachh\u00e4ndler in Castrop-Rauxel hat noch nie von meinen Weinen geh\u00f6rt? Die Vinothek in Rekawinkel verkauft nur \u00f6sterreichische Produkte? Der Enotecario in Voghera hat mich nicht in den Weinf\u00fchrern gefunden und lehnt Flaschen mit Drehverschluss prinzipiell ab?<\/p>\n<p style=\"text-align: left;\">Nicht verzweifeln, Ihnen kann jetzt geholfen werden. Denn ab heute k\u00f6nnen die Produkte vom weinhof KOBLER ganz komfortabel und \u00fcberall hin in den genannten L\u00e4ndern online bezogen werden. Eine Kreditkarte, ein Paypal-Konto oder eine \u00dcberweisung sowie ein paar Mausklicks gen\u00fcgen und innerhalb weniger Tage sind sie gl\u00fccklicher Besitzer von mindestens f\u00fcnf Flaschen Wein aus Margreid.<\/p>\n<p style=\"text-align: left;\">Sie hatten noch nie Gelegenheit, unsere Weine zu kosten und haben noch keine fixe Vorstellung, welcher Wein ihnen am besten schmecken k\u00f6nnte? Dann ist die Probierpackung mit allen weinhof-KOBLER-Produkten vorerst einmal das Richtige f\u00fcr Sie. Sind ihre Vorlieben schon etwas eingegrenzter? Unsere gemischten Packungen mit zwei oder drei Flaschen der gleichen Sorte kommen ihren Bed\u00fcrfnissen optimal entgegen. Ist ein bestimmter Wein von uns inzwischen zu einem &#8222;must have&#8220; f\u00fcr ihren perfekt best\u00fcckten Weinkeller avanciert? F\u00fcr Sie f\u00fcllen wir die bew\u00e4hrten Versandkartone auch mit sechs Flaschen des gleichen Typs.<\/p>\n<p style=\"text-align: left;\">Sie m\u00f6chte sich oder Ihren Freunde Gutes tun? <a title=\"weinhof KOBLER: Online-Shop\" href=\"http:\/\/www.kobler-margreid.com\/deutsch\/online_verkauf\/online_shop_de_ad_gem.html\" target=\"_blank\">Hier<\/a> entlang bitte!<\/p>\n<p style=\"text-align: left;\">\n","protected":false},"excerpt":{"rendered":"<p>Der Weinfachh\u00e4ndler in Castrop-Rauxel hat noch nie von meinen Weinen geh\u00f6rt? Die Vinothek in Rekawinkel verkauft nur \u00f6sterreichische Produkte? Der Enotecario in Voghera hat mich nicht in den Weinf\u00fchrern gefunden und lehnt Flaschen mit Drehverschluss prinzipiell ab? Nicht verzweifeln, Ihnen &hellip; <a href=\"https:\/\/www.kobler-margreid.com\/blog\/blog\/2009\/02\/17\/die-weingenieser-konnen-aufatmen-zumindest-in-osterreich-deutschland-und-italien\/\">Weiterlesen <span class=\"meta-nav\">&rarr;<\/span><\/a><\/p>\n","protected":false},"author":1,"featured_media":0,"comment_status":"open","ping_status":"open","sticky":false,"template":"","format":"standard","meta":{"ngg_post_thumbnail":0,"footnotes":"","_links_to":"","_links_to_target":""},"categories":[138,114,207],"tags":[324,297,236,59,30,79,187],"class_list":["post-1108","post","type-post","status-publish","format-standard","hentry","category-ankundigung","category-verkauf","category-web","tag-online-verkauf","tag-paypal","tag-sudtiroler-chardonnay","tag-suedtiroler-gewuerztraminer","tag-suedtiroler-grauer-burgunder","tag-suedtiroler-merlot-kretze","tag-suedtiroler-merlot-riserva"],"yoast_head":"<!-- This site is optimized with the Yoast SEO plugin v27.5 - https:\/\/yoast.com\/product\/yoast-seo-wordpress\/ -->\n<title>Die Weingenie\u00dfer k\u00f6nnen aufatmen - zumindest in \u00d6sterreich, Deutschland und Italien - weinhof KOBLER weblog<\/title>\n<meta name=\"robots\" content=\"index, follow, max-snippet:-1, max-image-preview:large, max-video-preview:-1\" \/>\n<link rel=\"canonical\" href=\"https:\/\/www.kobler-margreid.com\/blog\/blog\/2009\/02\/17\/die-weingenieser-konnen-aufatmen-zumindest-in-osterreich-deutschland-und-italien\/\" \/>\n<meta property=\"og:locale\" content=\"de_DE\" \/>\n<meta property=\"og:type\" content=\"article\" \/>\n<meta property=\"og:title\" content=\"Die Weingenie\u00dfer k\u00f6nnen aufatmen - zumindest in \u00d6sterreich, Deutschland und Italien - weinhof KOBLER weblog\" \/>\n<meta property=\"og:description\" content=\"Der Weinfachh\u00e4ndler in Castrop-Rauxel hat noch nie von meinen Weinen geh\u00f6rt? Die Vinothek in Rekawinkel verkauft nur \u00f6sterreichische Produkte? Der Enotecario in Voghera hat mich nicht in den Weinf\u00fchrern gefunden und lehnt Flaschen mit Drehverschluss prinzipiell ab? Nicht verzweifeln, Ihnen &hellip; Weiterlesen &rarr;\" \/>\n<meta property=\"og:url\" content=\"https:\/\/www.kobler-margreid.com\/blog\/blog\/2009\/02\/17\/die-weingenieser-konnen-aufatmen-zumindest-in-osterreich-deutschland-und-italien\/\" \/>\n<meta property=\"og:site_name\" content=\"weinhof KOBLER weblog\" \/>\n<meta property=\"article:publisher\" content=\"https:\/\/www.facebook.com\/armin.kobler\/\" \/>\n<meta property=\"article:author\" content=\"https:\/\/www.facebook.com\/armin.kobler\/\" \/>\n<meta property=\"article:published_time\" content=\"2009-02-17T05:46:33+00:00\" \/>\n<meta property=\"article:modified_time\" content=\"2009-02-17T10:09:47+00:00\" \/>\n<meta property=\"og:image\" content=\"http:\/\/www.kobler-margreid.com\/blog\/wp-content\/imagescaler\/99bb1f1598e340038e33c6a7c37356fa.jpg\" \/>\n<meta name=\"author\" content=\"armin kobler\" \/>\n<meta name=\"twitter:card\" content=\"summary_large_image\" \/>\n<meta name=\"twitter:label1\" content=\"Verfasst von\" \/>\n\t<meta name=\"twitter:data1\" content=\"armin kobler\" \/>\n\t<meta name=\"twitter:label2\" content=\"Gesch\u00e4tzte Lesezeit\" \/>\n\t<meta name=\"twitter:data2\" content=\"1\u00a0Minute\" \/>\n<script type=\"application\/ld+json\" class=\"yoast-schema-graph\">{\"@context\":\"https:\\\/\\\/schema.org\",\"@graph\":[{\"@type\":\"Article\",\"@id\":\"https:\\\/\\\/www.kobler-margreid.com\\\/blog\\\/blog\\\/2009\\\/02\\\/17\\\/die-weingenieser-konnen-aufatmen-zumindest-in-osterreich-deutschland-und-italien\\\/#article\",\"isPartOf\":{\"@id\":\"https:\\\/\\\/www.kobler-margreid.com\\\/blog\\\/blog\\\/2009\\\/02\\\/17\\\/die-weingenieser-konnen-aufatmen-zumindest-in-osterreich-deutschland-und-italien\\\/\"},\"author\":{\"name\":\"armin kobler\",\"@id\":\"https:\\\/\\\/www.kobler-margreid.com\\\/blog\\\/#\\\/schema\\\/person\\\/6a2290c17f680f59c1fa7e1c7a36df3a\"},\"headline\":\"Die Weingenie\u00dfer k\u00f6nnen aufatmen &#8211; zumindest in \u00d6sterreich, Deutschland und Italien\",\"datePublished\":\"2009-02-17T05:46:33+00:00\",\"dateModified\":\"2009-02-17T10:09:47+00:00\",\"mainEntityOfPage\":{\"@id\":\"https:\\\/\\\/www.kobler-margreid.com\\\/blog\\\/blog\\\/2009\\\/02\\\/17\\\/die-weingenieser-konnen-aufatmen-zumindest-in-osterreich-deutschland-und-italien\\\/\"},\"wordCount\":221,\"commentCount\":0,\"publisher\":{\"@id\":\"https:\\\/\\\/www.kobler-margreid.com\\\/blog\\\/#\\\/schema\\\/person\\\/6a2290c17f680f59c1fa7e1c7a36df3a\"},\"image\":{\"@id\":\"https:\\\/\\\/www.kobler-margreid.com\\\/blog\\\/blog\\\/2009\\\/02\\\/17\\\/die-weingenieser-konnen-aufatmen-zumindest-in-osterreich-deutschland-und-italien\\\/#primaryimage\"},\"thumbnailUrl\":\"http:\\\/\\\/www.kobler-margreid.com\\\/blog\\\/wp-content\\\/imagescaler\\\/99bb1f1598e340038e33c6a7c37356fa.jpg\",\"keywords\":[\"Online-Verkauf\",\"PayPal\",\"S\u00fcdtiroler Chardonnay\",\"S\u00fcdtiroler Gew\u00fcrztraminer\",\"S\u00fcdtiroler Grauer Burgunder\",\"S\u00fcdtiroler Merlot Kretzer\",\"S\u00fcdtiroler Merlot Riserva\"],\"articleSection\":[\"Ank\u00fcndigung - Annuncio\",\"Verkauf - Vendita\",\"Web\"],\"inLanguage\":\"de\",\"potentialAction\":[{\"@type\":\"CommentAction\",\"name\":\"Comment\",\"target\":[\"https:\\\/\\\/www.kobler-margreid.com\\\/blog\\\/blog\\\/2009\\\/02\\\/17\\\/die-weingenieser-konnen-aufatmen-zumindest-in-osterreich-deutschland-und-italien\\\/#respond\"]}]},{\"@type\":\"WebPage\",\"@id\":\"https:\\\/\\\/www.kobler-margreid.com\\\/blog\\\/blog\\\/2009\\\/02\\\/17\\\/die-weingenieser-konnen-aufatmen-zumindest-in-osterreich-deutschland-und-italien\\\/\",\"url\":\"https:\\\/\\\/www.kobler-margreid.com\\\/blog\\\/blog\\\/2009\\\/02\\\/17\\\/die-weingenieser-konnen-aufatmen-zumindest-in-osterreich-deutschland-und-italien\\\/\",\"name\":\"Die Weingenie\u00dfer k\u00f6nnen aufatmen - zumindest in \u00d6sterreich, Deutschland und Italien - weinhof KOBLER weblog\",\"isPartOf\":{\"@id\":\"https:\\\/\\\/www.kobler-margreid.com\\\/blog\\\/#website\"},\"primaryImageOfPage\":{\"@id\":\"https:\\\/\\\/www.kobler-margreid.com\\\/blog\\\/blog\\\/2009\\\/02\\\/17\\\/die-weingenieser-konnen-aufatmen-zumindest-in-osterreich-deutschland-und-italien\\\/#primaryimage\"},\"image\":{\"@id\":\"https:\\\/\\\/www.kobler-margreid.com\\\/blog\\\/blog\\\/2009\\\/02\\\/17\\\/die-weingenieser-konnen-aufatmen-zumindest-in-osterreich-deutschland-und-italien\\\/#primaryimage\"},\"thumbnailUrl\":\"http:\\\/\\\/www.kobler-margreid.com\\\/blog\\\/wp-content\\\/imagescaler\\\/99bb1f1598e340038e33c6a7c37356fa.jpg\",\"datePublished\":\"2009-02-17T05:46:33+00:00\",\"dateModified\":\"2009-02-17T10:09:47+00:00\",\"breadcrumb\":{\"@id\":\"https:\\\/\\\/www.kobler-margreid.com\\\/blog\\\/blog\\\/2009\\\/02\\\/17\\\/die-weingenieser-konnen-aufatmen-zumindest-in-osterreich-deutschland-und-italien\\\/#breadcrumb\"},\"inLanguage\":\"de\",\"potentialAction\":[{\"@type\":\"ReadAction\",\"target\":[\"https:\\\/\\\/www.kobler-margreid.com\\\/blog\\\/blog\\\/2009\\\/02\\\/17\\\/die-weingenieser-konnen-aufatmen-zumindest-in-osterreich-deutschland-und-italien\\\/\"]}]},{\"@type\":\"ImageObject\",\"inLanguage\":\"de\",\"@id\":\"https:\\\/\\\/www.kobler-margreid.com\\\/blog\\\/blog\\\/2009\\\/02\\\/17\\\/die-weingenieser-konnen-aufatmen-zumindest-in-osterreich-deutschland-und-italien\\\/#primaryimage\",\"url\":\"https:\\\/\\\/www.kobler-margreid.com\\\/blog\\\/wp-content\\\/2009\\\/02\\\/paketuebergabe2.jpg\",\"contentUrl\":\"https:\\\/\\\/www.kobler-margreid.com\\\/blog\\\/wp-content\\\/2009\\\/02\\\/paketuebergabe2.jpg\",\"width\":\"1082\",\"height\":\"705\"},{\"@type\":\"BreadcrumbList\",\"@id\":\"https:\\\/\\\/www.kobler-margreid.com\\\/blog\\\/blog\\\/2009\\\/02\\\/17\\\/die-weingenieser-konnen-aufatmen-zumindest-in-osterreich-deutschland-und-italien\\\/#breadcrumb\",\"itemListElement\":[{\"@type\":\"ListItem\",\"position\":1,\"name\":\"Startseite\",\"item\":\"https:\\\/\\\/www.kobler-margreid.com\\\/blog\\\/\"},{\"@type\":\"ListItem\",\"position\":2,\"name\":\"Die Weingenie\u00dfer k\u00f6nnen aufatmen &#8211; zumindest in \u00d6sterreich, Deutschland und Italien\"}]},{\"@type\":\"WebSite\",\"@id\":\"https:\\\/\\\/www.kobler-margreid.com\\\/blog\\\/#website\",\"url\":\"https:\\\/\\\/www.kobler-margreid.com\\\/blog\\\/\",\"name\":\"weinhof KOBLER weblog\",\"description\":\"dem wein ganz nah \u2013 all&#039;interno del vino\",\"publisher\":{\"@id\":\"https:\\\/\\\/www.kobler-margreid.com\\\/blog\\\/#\\\/schema\\\/person\\\/6a2290c17f680f59c1fa7e1c7a36df3a\"},\"potentialAction\":[{\"@type\":\"SearchAction\",\"target\":{\"@type\":\"EntryPoint\",\"urlTemplate\":\"https:\\\/\\\/www.kobler-margreid.com\\\/blog\\\/?s={search_term_string}\"},\"query-input\":{\"@type\":\"PropertyValueSpecification\",\"valueRequired\":true,\"valueName\":\"search_term_string\"}}],\"inLanguage\":\"de\"},{\"@type\":[\"Person\",\"Organization\"],\"@id\":\"https:\\\/\\\/www.kobler-margreid.com\\\/blog\\\/#\\\/schema\\\/person\\\/6a2290c17f680f59c1fa7e1c7a36df3a\",\"name\":\"armin kobler\",\"image\":{\"@type\":\"ImageObject\",\"inLanguage\":\"de\",\"@id\":\"https:\\\/\\\/www.kobler-margreid.com\\\/blog\\\/wp-content\\\/2023\\\/11\\\/2012-05-08_09-33-03a.jpg\",\"url\":\"https:\\\/\\\/www.kobler-margreid.com\\\/blog\\\/wp-content\\\/2023\\\/11\\\/2012-05-08_09-33-03a.jpg\",\"contentUrl\":\"https:\\\/\\\/www.kobler-margreid.com\\\/blog\\\/wp-content\\\/2023\\\/11\\\/2012-05-08_09-33-03a.jpg\",\"width\":1088,\"height\":1184,\"caption\":\"armin kobler\"},\"logo\":{\"@id\":\"https:\\\/\\\/www.kobler-margreid.com\\\/blog\\\/wp-content\\\/2023\\\/11\\\/2012-05-08_09-33-03a.jpg\"},\"sameAs\":[\"http:\\\/\\\/www.kobler-margreid.com\",\"https:\\\/\\\/www.facebook.com\\\/armin.kobler\\\/\"],\"url\":\"https:\\\/\\\/www.kobler-margreid.com\\\/blog\\\/blog\\\/author\\\/admin\\\/\"}]}<\/script>\n<!-- \/ Yoast SEO plugin. -->","yoast_head_json":{"title":"Die Weingenie\u00dfer k\u00f6nnen aufatmen - zumindest in \u00d6sterreich, Deutschland und Italien - weinhof KOBLER weblog","robots":{"index":"index","follow":"follow","max-snippet":"max-snippet:-1","max-image-preview":"max-image-preview:large","max-video-preview":"max-video-preview:-1"},"canonical":"https:\/\/www.kobler-margreid.com\/blog\/blog\/2009\/02\/17\/die-weingenieser-konnen-aufatmen-zumindest-in-osterreich-deutschland-und-italien\/","og_locale":"de_DE","og_type":"article","og_title":"Die Weingenie\u00dfer k\u00f6nnen aufatmen - zumindest in \u00d6sterreich, Deutschland und Italien - weinhof KOBLER weblog","og_description":"Der Weinfachh\u00e4ndler in Castrop-Rauxel hat noch nie von meinen Weinen geh\u00f6rt? Die Vinothek in Rekawinkel verkauft nur \u00f6sterreichische Produkte? Der Enotecario in Voghera hat mich nicht in den Weinf\u00fchrern gefunden und lehnt Flaschen mit Drehverschluss prinzipiell ab? Nicht verzweifeln, Ihnen &hellip; Weiterlesen &rarr;","og_url":"https:\/\/www.kobler-margreid.com\/blog\/blog\/2009\/02\/17\/die-weingenieser-konnen-aufatmen-zumindest-in-osterreich-deutschland-und-italien\/","og_site_name":"weinhof KOBLER weblog","article_publisher":"https:\/\/www.facebook.com\/armin.kobler\/","article_author":"https:\/\/www.facebook.com\/armin.kobler\/","article_published_time":"2009-02-17T05:46:33+00:00","article_modified_time":"2009-02-17T10:09:47+00:00","og_image":[{"url":"http:\/\/www.kobler-margreid.com\/blog\/wp-content\/imagescaler\/99bb1f1598e340038e33c6a7c37356fa.jpg","type":"","width":"","height":""}],"author":"armin kobler","twitter_card":"summary_large_image","twitter_misc":{"Verfasst von":"armin kobler","Gesch\u00e4tzte Lesezeit":"1\u00a0Minute"},"schema":{"@context":"https:\/\/schema.org","@graph":[{"@type":"Article","@id":"https:\/\/www.kobler-margreid.com\/blog\/blog\/2009\/02\/17\/die-weingenieser-konnen-aufatmen-zumindest-in-osterreich-deutschland-und-italien\/#article","isPartOf":{"@id":"https:\/\/www.kobler-margreid.com\/blog\/blog\/2009\/02\/17\/die-weingenieser-konnen-aufatmen-zumindest-in-osterreich-deutschland-und-italien\/"},"author":{"name":"armin kobler","@id":"https:\/\/www.kobler-margreid.com\/blog\/#\/schema\/person\/6a2290c17f680f59c1fa7e1c7a36df3a"},"headline":"Die Weingenie\u00dfer k\u00f6nnen aufatmen &#8211; zumindest in \u00d6sterreich, Deutschland und Italien","datePublished":"2009-02-17T05:46:33+00:00","dateModified":"2009-02-17T10:09:47+00:00","mainEntityOfPage":{"@id":"https:\/\/www.kobler-margreid.com\/blog\/blog\/2009\/02\/17\/die-weingenieser-konnen-aufatmen-zumindest-in-osterreich-deutschland-und-italien\/"},"wordCount":221,"commentCount":0,"publisher":{"@id":"https:\/\/www.kobler-margreid.com\/blog\/#\/schema\/person\/6a2290c17f680f59c1fa7e1c7a36df3a"},"image":{"@id":"https:\/\/www.kobler-margreid.com\/blog\/blog\/2009\/02\/17\/die-weingenieser-konnen-aufatmen-zumindest-in-osterreich-deutschland-und-italien\/#primaryimage"},"thumbnailUrl":"http:\/\/www.kobler-margreid.com\/blog\/wp-content\/imagescaler\/99bb1f1598e340038e33c6a7c37356fa.jpg","keywords":["Online-Verkauf","PayPal","S\u00fcdtiroler Chardonnay","S\u00fcdtiroler Gew\u00fcrztraminer","S\u00fcdtiroler Grauer Burgunder","S\u00fcdtiroler Merlot Kretzer","S\u00fcdtiroler Merlot Riserva"],"articleSection":["Ank\u00fcndigung - Annuncio","Verkauf - Vendita","Web"],"inLanguage":"de","potentialAction":[{"@type":"CommentAction","name":"Comment","target":["https:\/\/www.kobler-margreid.com\/blog\/blog\/2009\/02\/17\/die-weingenieser-konnen-aufatmen-zumindest-in-osterreich-deutschland-und-italien\/#respond"]}]},{"@type":"WebPage","@id":"https:\/\/www.kobler-margreid.com\/blog\/blog\/2009\/02\/17\/die-weingenieser-konnen-aufatmen-zumindest-in-osterreich-deutschland-und-italien\/","url":"https:\/\/www.kobler-margreid.com\/blog\/blog\/2009\/02\/17\/die-weingenieser-konnen-aufatmen-zumindest-in-osterreich-deutschland-und-italien\/","name":"Die Weingenie\u00dfer k\u00f6nnen aufatmen - zumindest in \u00d6sterreich, Deutschland und Italien - weinhof KOBLER weblog","isPartOf":{"@id":"https:\/\/www.kobler-margreid.com\/blog\/#website"},"primaryImageOfPage":{"@id":"https:\/\/www.kobler-margreid.com\/blog\/blog\/2009\/02\/17\/die-weingenieser-konnen-aufatmen-zumindest-in-osterreich-deutschland-und-italien\/#primaryimage"},"image":{"@id":"https:\/\/www.kobler-margreid.com\/blog\/blog\/2009\/02\/17\/die-weingenieser-konnen-aufatmen-zumindest-in-osterreich-deutschland-und-italien\/#primaryimage"},"thumbnailUrl":"http:\/\/www.kobler-margreid.com\/blog\/wp-content\/imagescaler\/99bb1f1598e340038e33c6a7c37356fa.jpg","datePublished":"2009-02-17T05:46:33+00:00","dateModified":"2009-02-17T10:09:47+00:00","breadcrumb":{"@id":"https:\/\/www.kobler-margreid.com\/blog\/blog\/2009\/02\/17\/die-weingenieser-konnen-aufatmen-zumindest-in-osterreich-deutschland-und-italien\/#breadcrumb"},"inLanguage":"de","potentialAction":[{"@type":"ReadAction","target":["https:\/\/www.kobler-margreid.com\/blog\/blog\/2009\/02\/17\/die-weingenieser-konnen-aufatmen-zumindest-in-osterreich-deutschland-und-italien\/"]}]},{"@type":"ImageObject","inLanguage":"de","@id":"https:\/\/www.kobler-margreid.com\/blog\/blog\/2009\/02\/17\/die-weingenieser-konnen-aufatmen-zumindest-in-osterreich-deutschland-und-italien\/#primaryimage","url":"https:\/\/www.kobler-margreid.com\/blog\/wp-content\/2009\/02\/paketuebergabe2.jpg","contentUrl":"https:\/\/www.kobler-margreid.com\/blog\/wp-content\/2009\/02\/paketuebergabe2.jpg","width":"1082","height":"705"},{"@type":"BreadcrumbList","@id":"https:\/\/www.kobler-margreid.com\/blog\/blog\/2009\/02\/17\/die-weingenieser-konnen-aufatmen-zumindest-in-osterreich-deutschland-und-italien\/#breadcrumb","itemListElement":[{"@type":"ListItem","position":1,"name":"Startseite","item":"https:\/\/www.kobler-margreid.com\/blog\/"},{"@type":"ListItem","position":2,"name":"Die Weingenie\u00dfer k\u00f6nnen aufatmen &#8211; zumindest in \u00d6sterreich, Deutschland und Italien"}]},{"@type":"WebSite","@id":"https:\/\/www.kobler-margreid.com\/blog\/#website","url":"https:\/\/www.kobler-margreid.com\/blog\/","name":"weinhof KOBLER weblog","description":"dem wein ganz nah \u2013 all&#039;interno del vino","publisher":{"@id":"https:\/\/www.kobler-margreid.com\/blog\/#\/schema\/person\/6a2290c17f680f59c1fa7e1c7a36df3a"},"potentialAction":[{"@type":"SearchAction","target":{"@type":"EntryPoint","urlTemplate":"https:\/\/www.kobler-margreid.com\/blog\/?s={search_term_string}"},"query-input":{"@type":"PropertyValueSpecification","valueRequired":true,"valueName":"search_term_string"}}],"inLanguage":"de"},{"@type":["Person","Organization"],"@id":"https:\/\/www.kobler-margreid.com\/blog\/#\/schema\/person\/6a2290c17f680f59c1fa7e1c7a36df3a","name":"armin kobler","image":{"@type":"ImageObject","inLanguage":"de","@id":"https:\/\/www.kobler-margreid.com\/blog\/wp-content\/2023\/11\/2012-05-08_09-33-03a.jpg","url":"https:\/\/www.kobler-margreid.com\/blog\/wp-content\/2023\/11\/2012-05-08_09-33-03a.jpg","contentUrl":"https:\/\/www.kobler-margreid.com\/blog\/wp-content\/2023\/11\/2012-05-08_09-33-03a.jpg","width":1088,"height":1184,"caption":"armin kobler"},"logo":{"@id":"https:\/\/www.kobler-margreid.com\/blog\/wp-content\/2023\/11\/2012-05-08_09-33-03a.jpg"},"sameAs":["http:\/\/www.kobler-margreid.com","https:\/\/www.facebook.com\/armin.kobler\/"],"url":"https:\/\/www.kobler-margreid.com\/blog\/blog\/author\/admin\/"}]}},"_links":{"self":[{"href":"https:\/\/www.kobler-margreid.com\/blog\/wp-json\/wp\/v2\/posts\/1108","targetHints":{"allow":["GET"]}}],"collection":[{"href":"https:\/\/www.kobler-margreid.com\/blog\/wp-json\/wp\/v2\/posts"}],"about":[{"href":"https:\/\/www.kobler-margreid.com\/blog\/wp-json\/wp\/v2\/types\/post"}],"author":[{"embeddable":true,"href":"https:\/\/www.kobler-margreid.com\/blog\/wp-json\/wp\/v2\/users\/1"}],"replies":[{"embeddable":true,"href":"https:\/\/www.kobler-margreid.com\/blog\/wp-json\/wp\/v2\/comments?post=1108"}],"version-history":[{"count":0,"href":"https:\/\/www.kobler-margreid.com\/blog\/wp-json\/wp\/v2\/posts\/1108\/revisions"}],"wp:attachment":[{"href":"https:\/\/www.kobler-margreid.com\/blog\/wp-json\/wp\/v2\/media?parent=1108"}],"wp:term":[{"taxonomy":"category","embeddable":true,"href":"https:\/\/www.kobler-margreid.com\/blog\/wp-json\/wp\/v2\/categories?post=1108"},{"taxonomy":"post_tag","embeddable":true,"href":"https:\/\/www.kobler-margreid.com\/blog\/wp-json\/wp\/v2\/tags?post=1108"}],"curies":[{"name":"wp","href":"https:\/\/api.w.org\/{rel}","templated":true}]}}