{"id":12212,"date":"2014-06-04T14:33:03","date_gmt":"2014-06-04T12:33:03","guid":{"rendered":"http:\/\/www.kobler-margreid.com\/blog\/?p=12212"},"modified":"2014-06-04T19:04:28","modified_gmt":"2014-06-04T17:04:28","slug":"nacht-der-keller-2014_notte-delle-cantine-2014","status":"publish","type":"post","link":"https:\/\/www.kobler-margreid.com\/blog\/blog\/2014\/06\/04\/nacht-der-keller-2014_notte-delle-cantine-2014\/","title":{"rendered":"Nacht der Keller 2014 \u2014 Notte delle cantine 2014"},"content":{"rendered":"<p><a href=\"http:\/\/www.kobler-margreid.com\/blog\/2013\/01\/24\/in-die-tiefe_in-profondita\/\" rel=\"http:\/\/www.kobler-margreid.com\/blog\/tag\/kellererweiterung\/\"><img loading=\"lazy\" decoding=\"async\" class=\"float left alignleft wp-image-12214\" style=\"border: 0px; margin: -3px 3px 0px -5px;\" src=\"http:\/\/www.kobler-margreid.com\/blog\/wp-content\/2014\/06\/2013-05-29_11-09-55.jpg\" alt=\"2013-05-29_11-09-55\" width=\"300\" height=\"395\" srcset=\"https:\/\/www.kobler-margreid.com\/blog\/wp-content\/2014\/06\/2013-05-29_11-09-55.jpg 1157w, https:\/\/www.kobler-margreid.com\/blog\/wp-content\/2014\/06\/2013-05-29_11-09-55-227x300.jpg 227w, https:\/\/www.kobler-margreid.com\/blog\/wp-content\/2014\/06\/2013-05-29_11-09-55-777x1024.jpg 777w, https:\/\/www.kobler-margreid.com\/blog\/wp-content\/2014\/06\/2013-05-29_11-09-55-900x1184.jpg 900w\" sizes=\"auto, (max-width: 300px) 100vw, 300px\" \/><\/a>Auch heuer nehmen wir an der <a title=\"Nacht der Keller\" href=\"http:\/\/www.suedtiroler-weinstrasse.it\/deutsch\/aktuelle-veranstaltungen\/nacht-der-keller.html\" target=\"_blank\">Nacht der Keller<\/a> der S\u00fcdtiroler Weinstra\u00dfe teil. Am 7. Juni \u00f6ffnen wir bei dieser Gelegenheit erstmals von 17.00 bis 24.00 Uhr unseren <a title=\"Kellerweiterung\" href=\"http:\/\/www.kobler-margreid.com\/blog\/tag\/kellererweiterung\/\" target=\"_blank\">neuen Keller<\/a>. In dieser modernen Kelleratmosph\u00e4re k\u00f6nnt ihr gem\u00fctlich unsere Weine verkosten, einen Teller K\u00e4se des Caseificio Val di Fassa genie\u00dfen und von 18.30 bis 22.30 zarten Harfenkl\u00e4ngen lauschen. Zudem werden\u00a0auch Kellerf\u00fchrungen durchgef\u00fchrt. Wir freuen uns auf euch!<\/p>\n<p><em>Anche questa volta partecipiamo alla <a title=\"Notte delle cantine\" href=\"http:\/\/www.suedtiroler-weinstrasse.it\/italiano\/manifestazioni-attuali\/notte-delle-cantine.html\" target=\"_blank\">Notte delle cantine<\/a> della Strada del Vino. Il 7 giugno in quell&#8217;occasione apriamo dalle 17 alle 24 la prima volta la <a title=\"Ampliamento cantina\" href=\"http:\/\/www.kobler-margreid.com\/blog\/tag\/kellererweiterung\/\" target=\"_blank\">nuova cantina<\/a>. Un&#8217;occasione unica per degustare i vini della nuova annata ed i formaggi del Caseificio Val di Fassa alle note di musica d&#8217;arpa (dalle 18.30 alle 22.30). Inoltre vengono proposte anche visite guidate. Vi aspettiamo!<\/em><\/p>\n<p>&nbsp;<\/p>\n<p><!--more--><\/p>\n<p><a href=\"http:\/\/www.kobler-margreid.com\/blog\/wp-content\/2014\/06\/NachtKeller2014_DT-IT_final_2.jpg\" rel=\"lightbox[12212]\"><img loading=\"lazy\" decoding=\"async\" class=\"alignleft wp-image-12223\" style=\"border: 0px; margin: -0px 0px 0px -0px;\" src=\"http:\/\/www.kobler-margreid.com\/blog\/wp-content\/2014\/06\/NachtKeller2014_DT-IT_final_2.jpg\" alt=\"NachtKeller2014_DT-IT_final_2\" width=\"530\" height=\"281\" srcset=\"https:\/\/www.kobler-margreid.com\/blog\/wp-content\/2014\/06\/NachtKeller2014_DT-IT_final_2.jpg 1543w, https:\/\/www.kobler-margreid.com\/blog\/wp-content\/2014\/06\/NachtKeller2014_DT-IT_final_2-300x159.jpg 300w, https:\/\/www.kobler-margreid.com\/blog\/wp-content\/2014\/06\/NachtKeller2014_DT-IT_final_2-1024x542.jpg 1024w, https:\/\/www.kobler-margreid.com\/blog\/wp-content\/2014\/06\/NachtKeller2014_DT-IT_final_2-900x477.jpg 900w\" sizes=\"auto, (max-width: 530px) 100vw, 530px\" \/><\/a><\/p>\n<p><a href=\"http:\/\/www.kobler-margreid.com\/blog\/wp-content\/2014\/06\/NachtKeller2014_DT-IT_final_1.jpg\" rel=\"lightbox[12212]\"><img loading=\"lazy\" decoding=\"async\" class=\"alignleft wp-image-12223\" style=\"border: 0px; margin: -0px 0px 0px -0px;\" src=\"http:\/\/www.kobler-margreid.com\/blog\/wp-content\/2014\/06\/NachtKeller2014_DT-IT_final_1.jpg\" alt=\"NachtKeller2014_DT-IT_final_1\" width=\"530\" height=\"281\" \/><\/a><\/p>\n","protected":false},"excerpt":{"rendered":"<p>Auch heuer nehmen wir an der Nacht der Keller der S\u00fcdtiroler Weinstra\u00dfe teil. Am 7. Juni \u00f6ffnen wir bei dieser Gelegenheit erstmals von 17.00 bis 24.00 Uhr unseren neuen Keller. In dieser modernen Kelleratmosph\u00e4re k\u00f6nnt ihr gem\u00fctlich unsere Weine verkosten, &hellip; <a href=\"https:\/\/www.kobler-margreid.com\/blog\/blog\/2014\/06\/04\/nacht-der-keller-2014_notte-delle-cantine-2014\/\">Weiterlesen <span class=\"meta-nav\">&rarr;<\/span><\/a><\/p>\n","protected":false},"author":1,"featured_media":0,"comment_status":"open","ping_status":"open","sticky":false,"template":"","format":"standard","meta":{"ngg_post_thumbnail":0,"footnotes":"","_links_to":"","_links_to_target":""},"categories":[138],"tags":[81,436,564,563],"class_list":["post-12212","post","type-post","status-publish","format-standard","hentry","category-ankundigung","tag-nacht-der-keller","tag-notte-delle-cantine","tag-strada-del-vino","tag-sudtiroler-weinstrase"],"yoast_head":"<!-- This site is optimized with the Yoast SEO plugin v27.5 - https:\/\/yoast.com\/product\/yoast-seo-wordpress\/ -->\n<title>Nacht der Keller 2014 \u2014 Notte delle cantine 2014 - weinhof KOBLER weblog<\/title>\n<meta name=\"robots\" content=\"index, follow, max-snippet:-1, max-image-preview:large, max-video-preview:-1\" \/>\n<link rel=\"canonical\" href=\"https:\/\/www.kobler-margreid.com\/blog\/blog\/2014\/06\/04\/nacht-der-keller-2014_notte-delle-cantine-2014\/\" \/>\n<meta property=\"og:locale\" content=\"de_DE\" \/>\n<meta property=\"og:type\" content=\"article\" \/>\n<meta property=\"og:title\" content=\"Nacht der Keller 2014 \u2014 Notte delle cantine 2014 - weinhof KOBLER weblog\" \/>\n<meta property=\"og:description\" content=\"Auch heuer nehmen wir an der Nacht der Keller der S\u00fcdtiroler Weinstra\u00dfe teil. Am 7. Juni \u00f6ffnen wir bei dieser Gelegenheit erstmals von 17.00 bis 24.00 Uhr unseren neuen Keller. In dieser modernen Kelleratmosph\u00e4re k\u00f6nnt ihr gem\u00fctlich unsere Weine verkosten, &hellip; Weiterlesen &rarr;\" \/>\n<meta property=\"og:url\" content=\"https:\/\/www.kobler-margreid.com\/blog\/blog\/2014\/06\/04\/nacht-der-keller-2014_notte-delle-cantine-2014\/\" \/>\n<meta property=\"og:site_name\" content=\"weinhof KOBLER weblog\" \/>\n<meta property=\"article:publisher\" content=\"https:\/\/www.facebook.com\/armin.kobler\/\" \/>\n<meta property=\"article:author\" content=\"https:\/\/www.facebook.com\/armin.kobler\/\" \/>\n<meta property=\"article:published_time\" content=\"2014-06-04T12:33:03+00:00\" \/>\n<meta property=\"article:modified_time\" content=\"2014-06-04T17:04:28+00:00\" \/>\n<meta property=\"og:image\" content=\"http:\/\/www.kobler-margreid.com\/blog\/wp-content\/2014\/06\/2013-05-29_11-09-55.jpg\" \/>\n<meta name=\"author\" content=\"armin kobler\" \/>\n<meta name=\"twitter:card\" content=\"summary_large_image\" \/>\n<meta name=\"twitter:label1\" content=\"Verfasst von\" \/>\n\t<meta name=\"twitter:data1\" content=\"armin kobler\" \/>\n\t<meta name=\"twitter:label2\" content=\"Gesch\u00e4tzte Lesezeit\" \/>\n\t<meta name=\"twitter:data2\" content=\"1\u00a0Minute\" \/>\n<script type=\"application\/ld+json\" class=\"yoast-schema-graph\">{\"@context\":\"https:\\\/\\\/schema.org\",\"@graph\":[{\"@type\":\"Article\",\"@id\":\"https:\\\/\\\/www.kobler-margreid.com\\\/blog\\\/blog\\\/2014\\\/06\\\/04\\\/nacht-der-keller-2014_notte-delle-cantine-2014\\\/#article\",\"isPartOf\":{\"@id\":\"https:\\\/\\\/www.kobler-margreid.com\\\/blog\\\/blog\\\/2014\\\/06\\\/04\\\/nacht-der-keller-2014_notte-delle-cantine-2014\\\/\"},\"author\":{\"name\":\"armin kobler\",\"@id\":\"https:\\\/\\\/www.kobler-margreid.com\\\/blog\\\/#\\\/schema\\\/person\\\/6a2290c17f680f59c1fa7e1c7a36df3a\"},\"headline\":\"Nacht der Keller 2014 \u2014 Notte delle cantine 2014\",\"datePublished\":\"2014-06-04T12:33:03+00:00\",\"dateModified\":\"2014-06-04T17:04:28+00:00\",\"mainEntityOfPage\":{\"@id\":\"https:\\\/\\\/www.kobler-margreid.com\\\/blog\\\/blog\\\/2014\\\/06\\\/04\\\/nacht-der-keller-2014_notte-delle-cantine-2014\\\/\"},\"wordCount\":136,\"commentCount\":0,\"publisher\":{\"@id\":\"https:\\\/\\\/www.kobler-margreid.com\\\/blog\\\/#\\\/schema\\\/person\\\/6a2290c17f680f59c1fa7e1c7a36df3a\"},\"image\":{\"@id\":\"https:\\\/\\\/www.kobler-margreid.com\\\/blog\\\/blog\\\/2014\\\/06\\\/04\\\/nacht-der-keller-2014_notte-delle-cantine-2014\\\/#primaryimage\"},\"thumbnailUrl\":\"http:\\\/\\\/www.kobler-margreid.com\\\/blog\\\/wp-content\\\/2014\\\/06\\\/2013-05-29_11-09-55.jpg\",\"keywords\":[\"Nacht der Keller\",\"Notte delle Cantine\",\"Strada del Vino\",\"S\u00fcdtiroler Weinstra\u00dfe\"],\"articleSection\":[\"Ank\u00fcndigung - Annuncio\"],\"inLanguage\":\"de\",\"potentialAction\":[{\"@type\":\"CommentAction\",\"name\":\"Comment\",\"target\":[\"https:\\\/\\\/www.kobler-margreid.com\\\/blog\\\/blog\\\/2014\\\/06\\\/04\\\/nacht-der-keller-2014_notte-delle-cantine-2014\\\/#respond\"]}]},{\"@type\":\"WebPage\",\"@id\":\"https:\\\/\\\/www.kobler-margreid.com\\\/blog\\\/blog\\\/2014\\\/06\\\/04\\\/nacht-der-keller-2014_notte-delle-cantine-2014\\\/\",\"url\":\"https:\\\/\\\/www.kobler-margreid.com\\\/blog\\\/blog\\\/2014\\\/06\\\/04\\\/nacht-der-keller-2014_notte-delle-cantine-2014\\\/\",\"name\":\"Nacht der Keller 2014 \u2014 Notte delle cantine 2014 - weinhof KOBLER weblog\",\"isPartOf\":{\"@id\":\"https:\\\/\\\/www.kobler-margreid.com\\\/blog\\\/#website\"},\"primaryImageOfPage\":{\"@id\":\"https:\\\/\\\/www.kobler-margreid.com\\\/blog\\\/blog\\\/2014\\\/06\\\/04\\\/nacht-der-keller-2014_notte-delle-cantine-2014\\\/#primaryimage\"},\"image\":{\"@id\":\"https:\\\/\\\/www.kobler-margreid.com\\\/blog\\\/blog\\\/2014\\\/06\\\/04\\\/nacht-der-keller-2014_notte-delle-cantine-2014\\\/#primaryimage\"},\"thumbnailUrl\":\"http:\\\/\\\/www.kobler-margreid.com\\\/blog\\\/wp-content\\\/2014\\\/06\\\/2013-05-29_11-09-55.jpg\",\"datePublished\":\"2014-06-04T12:33:03+00:00\",\"dateModified\":\"2014-06-04T17:04:28+00:00\",\"breadcrumb\":{\"@id\":\"https:\\\/\\\/www.kobler-margreid.com\\\/blog\\\/blog\\\/2014\\\/06\\\/04\\\/nacht-der-keller-2014_notte-delle-cantine-2014\\\/#breadcrumb\"},\"inLanguage\":\"de\",\"potentialAction\":[{\"@type\":\"ReadAction\",\"target\":[\"https:\\\/\\\/www.kobler-margreid.com\\\/blog\\\/blog\\\/2014\\\/06\\\/04\\\/nacht-der-keller-2014_notte-delle-cantine-2014\\\/\"]}]},{\"@type\":\"ImageObject\",\"inLanguage\":\"de\",\"@id\":\"https:\\\/\\\/www.kobler-margreid.com\\\/blog\\\/blog\\\/2014\\\/06\\\/04\\\/nacht-der-keller-2014_notte-delle-cantine-2014\\\/#primaryimage\",\"url\":\"https:\\\/\\\/www.kobler-margreid.com\\\/blog\\\/wp-content\\\/2014\\\/06\\\/2013-05-29_11-09-55.jpg\",\"contentUrl\":\"https:\\\/\\\/www.kobler-margreid.com\\\/blog\\\/wp-content\\\/2014\\\/06\\\/2013-05-29_11-09-55.jpg\",\"width\":1157,\"height\":1523},{\"@type\":\"BreadcrumbList\",\"@id\":\"https:\\\/\\\/www.kobler-margreid.com\\\/blog\\\/blog\\\/2014\\\/06\\\/04\\\/nacht-der-keller-2014_notte-delle-cantine-2014\\\/#breadcrumb\",\"itemListElement\":[{\"@type\":\"ListItem\",\"position\":1,\"name\":\"Startseite\",\"item\":\"https:\\\/\\\/www.kobler-margreid.com\\\/blog\\\/\"},{\"@type\":\"ListItem\",\"position\":2,\"name\":\"Nacht der Keller 2014 \u2014 Notte delle cantine 2014\"}]},{\"@type\":\"WebSite\",\"@id\":\"https:\\\/\\\/www.kobler-margreid.com\\\/blog\\\/#website\",\"url\":\"https:\\\/\\\/www.kobler-margreid.com\\\/blog\\\/\",\"name\":\"weinhof KOBLER weblog\",\"description\":\"dem wein ganz nah \u2013 all&#039;interno del vino\",\"publisher\":{\"@id\":\"https:\\\/\\\/www.kobler-margreid.com\\\/blog\\\/#\\\/schema\\\/person\\\/6a2290c17f680f59c1fa7e1c7a36df3a\"},\"potentialAction\":[{\"@type\":\"SearchAction\",\"target\":{\"@type\":\"EntryPoint\",\"urlTemplate\":\"https:\\\/\\\/www.kobler-margreid.com\\\/blog\\\/?s={search_term_string}\"},\"query-input\":{\"@type\":\"PropertyValueSpecification\",\"valueRequired\":true,\"valueName\":\"search_term_string\"}}],\"inLanguage\":\"de\"},{\"@type\":[\"Person\",\"Organization\"],\"@id\":\"https:\\\/\\\/www.kobler-margreid.com\\\/blog\\\/#\\\/schema\\\/person\\\/6a2290c17f680f59c1fa7e1c7a36df3a\",\"name\":\"armin kobler\",\"image\":{\"@type\":\"ImageObject\",\"inLanguage\":\"de\",\"@id\":\"https:\\\/\\\/www.kobler-margreid.com\\\/blog\\\/wp-content\\\/2023\\\/11\\\/2012-05-08_09-33-03a.jpg\",\"url\":\"https:\\\/\\\/www.kobler-margreid.com\\\/blog\\\/wp-content\\\/2023\\\/11\\\/2012-05-08_09-33-03a.jpg\",\"contentUrl\":\"https:\\\/\\\/www.kobler-margreid.com\\\/blog\\\/wp-content\\\/2023\\\/11\\\/2012-05-08_09-33-03a.jpg\",\"width\":1088,\"height\":1184,\"caption\":\"armin kobler\"},\"logo\":{\"@id\":\"https:\\\/\\\/www.kobler-margreid.com\\\/blog\\\/wp-content\\\/2023\\\/11\\\/2012-05-08_09-33-03a.jpg\"},\"sameAs\":[\"http:\\\/\\\/www.kobler-margreid.com\",\"https:\\\/\\\/www.facebook.com\\\/armin.kobler\\\/\"],\"url\":\"https:\\\/\\\/www.kobler-margreid.com\\\/blog\\\/blog\\\/author\\\/admin\\\/\"}]}<\/script>\n<!-- \/ Yoast SEO plugin. -->","yoast_head_json":{"title":"Nacht der Keller 2014 \u2014 Notte delle cantine 2014 - weinhof KOBLER weblog","robots":{"index":"index","follow":"follow","max-snippet":"max-snippet:-1","max-image-preview":"max-image-preview:large","max-video-preview":"max-video-preview:-1"},"canonical":"https:\/\/www.kobler-margreid.com\/blog\/blog\/2014\/06\/04\/nacht-der-keller-2014_notte-delle-cantine-2014\/","og_locale":"de_DE","og_type":"article","og_title":"Nacht der Keller 2014 \u2014 Notte delle cantine 2014 - weinhof KOBLER weblog","og_description":"Auch heuer nehmen wir an der Nacht der Keller der S\u00fcdtiroler Weinstra\u00dfe teil. Am 7. Juni \u00f6ffnen wir bei dieser Gelegenheit erstmals von 17.00 bis 24.00 Uhr unseren neuen Keller. In dieser modernen Kelleratmosph\u00e4re k\u00f6nnt ihr gem\u00fctlich unsere Weine verkosten, &hellip; Weiterlesen &rarr;","og_url":"https:\/\/www.kobler-margreid.com\/blog\/blog\/2014\/06\/04\/nacht-der-keller-2014_notte-delle-cantine-2014\/","og_site_name":"weinhof KOBLER weblog","article_publisher":"https:\/\/www.facebook.com\/armin.kobler\/","article_author":"https:\/\/www.facebook.com\/armin.kobler\/","article_published_time":"2014-06-04T12:33:03+00:00","article_modified_time":"2014-06-04T17:04:28+00:00","og_image":[{"url":"http:\/\/www.kobler-margreid.com\/blog\/wp-content\/2014\/06\/2013-05-29_11-09-55.jpg","type":"","width":"","height":""}],"author":"armin kobler","twitter_card":"summary_large_image","twitter_misc":{"Verfasst von":"armin kobler","Gesch\u00e4tzte Lesezeit":"1\u00a0Minute"},"schema":{"@context":"https:\/\/schema.org","@graph":[{"@type":"Article","@id":"https:\/\/www.kobler-margreid.com\/blog\/blog\/2014\/06\/04\/nacht-der-keller-2014_notte-delle-cantine-2014\/#article","isPartOf":{"@id":"https:\/\/www.kobler-margreid.com\/blog\/blog\/2014\/06\/04\/nacht-der-keller-2014_notte-delle-cantine-2014\/"},"author":{"name":"armin kobler","@id":"https:\/\/www.kobler-margreid.com\/blog\/#\/schema\/person\/6a2290c17f680f59c1fa7e1c7a36df3a"},"headline":"Nacht der Keller 2014 \u2014 Notte delle cantine 2014","datePublished":"2014-06-04T12:33:03+00:00","dateModified":"2014-06-04T17:04:28+00:00","mainEntityOfPage":{"@id":"https:\/\/www.kobler-margreid.com\/blog\/blog\/2014\/06\/04\/nacht-der-keller-2014_notte-delle-cantine-2014\/"},"wordCount":136,"commentCount":0,"publisher":{"@id":"https:\/\/www.kobler-margreid.com\/blog\/#\/schema\/person\/6a2290c17f680f59c1fa7e1c7a36df3a"},"image":{"@id":"https:\/\/www.kobler-margreid.com\/blog\/blog\/2014\/06\/04\/nacht-der-keller-2014_notte-delle-cantine-2014\/#primaryimage"},"thumbnailUrl":"http:\/\/www.kobler-margreid.com\/blog\/wp-content\/2014\/06\/2013-05-29_11-09-55.jpg","keywords":["Nacht der Keller","Notte delle Cantine","Strada del Vino","S\u00fcdtiroler Weinstra\u00dfe"],"articleSection":["Ank\u00fcndigung - Annuncio"],"inLanguage":"de","potentialAction":[{"@type":"CommentAction","name":"Comment","target":["https:\/\/www.kobler-margreid.com\/blog\/blog\/2014\/06\/04\/nacht-der-keller-2014_notte-delle-cantine-2014\/#respond"]}]},{"@type":"WebPage","@id":"https:\/\/www.kobler-margreid.com\/blog\/blog\/2014\/06\/04\/nacht-der-keller-2014_notte-delle-cantine-2014\/","url":"https:\/\/www.kobler-margreid.com\/blog\/blog\/2014\/06\/04\/nacht-der-keller-2014_notte-delle-cantine-2014\/","name":"Nacht der Keller 2014 \u2014 Notte delle cantine 2014 - weinhof KOBLER weblog","isPartOf":{"@id":"https:\/\/www.kobler-margreid.com\/blog\/#website"},"primaryImageOfPage":{"@id":"https:\/\/www.kobler-margreid.com\/blog\/blog\/2014\/06\/04\/nacht-der-keller-2014_notte-delle-cantine-2014\/#primaryimage"},"image":{"@id":"https:\/\/www.kobler-margreid.com\/blog\/blog\/2014\/06\/04\/nacht-der-keller-2014_notte-delle-cantine-2014\/#primaryimage"},"thumbnailUrl":"http:\/\/www.kobler-margreid.com\/blog\/wp-content\/2014\/06\/2013-05-29_11-09-55.jpg","datePublished":"2014-06-04T12:33:03+00:00","dateModified":"2014-06-04T17:04:28+00:00","breadcrumb":{"@id":"https:\/\/www.kobler-margreid.com\/blog\/blog\/2014\/06\/04\/nacht-der-keller-2014_notte-delle-cantine-2014\/#breadcrumb"},"inLanguage":"de","potentialAction":[{"@type":"ReadAction","target":["https:\/\/www.kobler-margreid.com\/blog\/blog\/2014\/06\/04\/nacht-der-keller-2014_notte-delle-cantine-2014\/"]}]},{"@type":"ImageObject","inLanguage":"de","@id":"https:\/\/www.kobler-margreid.com\/blog\/blog\/2014\/06\/04\/nacht-der-keller-2014_notte-delle-cantine-2014\/#primaryimage","url":"https:\/\/www.kobler-margreid.com\/blog\/wp-content\/2014\/06\/2013-05-29_11-09-55.jpg","contentUrl":"https:\/\/www.kobler-margreid.com\/blog\/wp-content\/2014\/06\/2013-05-29_11-09-55.jpg","width":1157,"height":1523},{"@type":"BreadcrumbList","@id":"https:\/\/www.kobler-margreid.com\/blog\/blog\/2014\/06\/04\/nacht-der-keller-2014_notte-delle-cantine-2014\/#breadcrumb","itemListElement":[{"@type":"ListItem","position":1,"name":"Startseite","item":"https:\/\/www.kobler-margreid.com\/blog\/"},{"@type":"ListItem","position":2,"name":"Nacht der Keller 2014 \u2014 Notte delle cantine 2014"}]},{"@type":"WebSite","@id":"https:\/\/www.kobler-margreid.com\/blog\/#website","url":"https:\/\/www.kobler-margreid.com\/blog\/","name":"weinhof KOBLER weblog","description":"dem wein ganz nah \u2013 all&#039;interno del vino","publisher":{"@id":"https:\/\/www.kobler-margreid.com\/blog\/#\/schema\/person\/6a2290c17f680f59c1fa7e1c7a36df3a"},"potentialAction":[{"@type":"SearchAction","target":{"@type":"EntryPoint","urlTemplate":"https:\/\/www.kobler-margreid.com\/blog\/?s={search_term_string}"},"query-input":{"@type":"PropertyValueSpecification","valueRequired":true,"valueName":"search_term_string"}}],"inLanguage":"de"},{"@type":["Person","Organization"],"@id":"https:\/\/www.kobler-margreid.com\/blog\/#\/schema\/person\/6a2290c17f680f59c1fa7e1c7a36df3a","name":"armin kobler","image":{"@type":"ImageObject","inLanguage":"de","@id":"https:\/\/www.kobler-margreid.com\/blog\/wp-content\/2023\/11\/2012-05-08_09-33-03a.jpg","url":"https:\/\/www.kobler-margreid.com\/blog\/wp-content\/2023\/11\/2012-05-08_09-33-03a.jpg","contentUrl":"https:\/\/www.kobler-margreid.com\/blog\/wp-content\/2023\/11\/2012-05-08_09-33-03a.jpg","width":1088,"height":1184,"caption":"armin kobler"},"logo":{"@id":"https:\/\/www.kobler-margreid.com\/blog\/wp-content\/2023\/11\/2012-05-08_09-33-03a.jpg"},"sameAs":["http:\/\/www.kobler-margreid.com","https:\/\/www.facebook.com\/armin.kobler\/"],"url":"https:\/\/www.kobler-margreid.com\/blog\/blog\/author\/admin\/"}]}},"_links":{"self":[{"href":"https:\/\/www.kobler-margreid.com\/blog\/wp-json\/wp\/v2\/posts\/12212","targetHints":{"allow":["GET"]}}],"collection":[{"href":"https:\/\/www.kobler-margreid.com\/blog\/wp-json\/wp\/v2\/posts"}],"about":[{"href":"https:\/\/www.kobler-margreid.com\/blog\/wp-json\/wp\/v2\/types\/post"}],"author":[{"embeddable":true,"href":"https:\/\/www.kobler-margreid.com\/blog\/wp-json\/wp\/v2\/users\/1"}],"replies":[{"embeddable":true,"href":"https:\/\/www.kobler-margreid.com\/blog\/wp-json\/wp\/v2\/comments?post=12212"}],"version-history":[{"count":0,"href":"https:\/\/www.kobler-margreid.com\/blog\/wp-json\/wp\/v2\/posts\/12212\/revisions"}],"wp:attachment":[{"href":"https:\/\/www.kobler-margreid.com\/blog\/wp-json\/wp\/v2\/media?parent=12212"}],"wp:term":[{"taxonomy":"category","embeddable":true,"href":"https:\/\/www.kobler-margreid.com\/blog\/wp-json\/wp\/v2\/categories?post=12212"},{"taxonomy":"post_tag","embeddable":true,"href":"https:\/\/www.kobler-margreid.com\/blog\/wp-json\/wp\/v2\/tags?post=12212"}],"curies":[{"name":"wp","href":"https:\/\/api.w.org\/{rel}","templated":true}]}}