{"id":12553,"date":"2014-09-30T23:00:58","date_gmt":"2014-09-30T21:00:58","guid":{"rendered":"http:\/\/www.kobler-margreid.com\/blog\/?p=12553"},"modified":"2014-10-01T16:14:06","modified_gmt":"2014-10-01T14:14:06","slug":"mann-goennt-sich-ja-sonst-nichts_almeno-questo","status":"publish","type":"post","link":"https:\/\/www.kobler-margreid.com\/blog\/blog\/2014\/09\/30\/mann-goennt-sich-ja-sonst-nichts_almeno-questo\/","title":{"rendered":"Gruppenarbeit \u2014 Lavoro di gruppo (9): Mann g\u00f6nnt sich ja sonst nichts \u2014 Almeno questo"},"content":{"rendered":"<p>[vimeo width=&#8220;530&#8243; height=&#8220;300&#8243;]https:\/\/vimeo.com\/107640824[\/vimeo]<\/p>\n<p>Meine\u00a0R\u00fcckenprobleme im vorigen Sommer und eine kurzzeitige Zerrung bei meinem Mitarbeiter w\u00e4hrend der vorigen Ernte haben aufgezeigt, wie riskant es ist, wenn ein Betrieb gerade in dieser k\u00f6rperlich intensivsten Zeit des Jahres nur auf zwei m\u00e4nnlichen Arbeitskr\u00e4ften aufgebaut ist. Bisher wurden n\u00e4mlich die Trauben in Plastikkistchen gewimmt, welche dann zwischen 20 und 25 kg schwer waren und bis zur Verarbeitung drei mal aufgehoben werden mussten. Zudem war das Reinigen der vielen Kisten danach auch immer recht langwierig.<\/p>\n<p><em>I miei problemi con la schiena dell&#8217;estate scorsa ed uno strappo che ha preso il mio collaboratore durante la vendemmia di quell&#8217;anno mi hanno fatto capire quanto sia rischioso\u00a0lavorare con solo due uomini durante il periodo pi\u00f9 intenso dell&#8217;anno. Finora abbiamo vendemmiato in cassette di plastica che pesavano tra i 20 ed i 25 kg e che dovevano essere prese in mano ben tre volte. Inoltre questi numerosi contenitori dovevano essere anche lavati ogni giorno, un lavoro piuttosto lungo e fastidioso.<\/em><\/p>\n<p><!--more--><a href=\"http:\/\/www.kobler-margreid.com\/blog\/wp-content\/2014\/10\/2014-09-29_12-39-30.jpg\" rel=\"lightbox[12553]\"><img loading=\"lazy\" decoding=\"async\" class=\"float left alignleft wp-image-12568\" style=\"border: 0px; margin: -0px 0px 0px -0px;\" src=\"http:\/\/www.kobler-margreid.com\/blog\/wp-content\/2014\/10\/2014-09-29_12-39-30.jpg\" alt=\"2014-09-29_12-39-30\" width=\"350\" height=\"262\" srcset=\"https:\/\/www.kobler-margreid.com\/blog\/wp-content\/2014\/10\/2014-09-29_12-39-30.jpg 1077w, https:\/\/www.kobler-margreid.com\/blog\/wp-content\/2014\/10\/2014-09-29_12-39-30-300x224.jpg 300w, https:\/\/www.kobler-margreid.com\/blog\/wp-content\/2014\/10\/2014-09-29_12-39-30-1024x767.jpg 1024w, https:\/\/www.kobler-margreid.com\/blog\/wp-content\/2014\/10\/2014-09-29_12-39-30-900x674.jpg 900w\" sizes=\"auto, (max-width: 350px) 100vw, 350px\" \/><\/a>Um diese Arbeitsabl\u00e4ufe haupts\u00e4chlich physikalisch\u00a0zu erleichtern und zudem\u00a0auch etwas Arbeitszeit zu sparen, habe ich mir im Laufe des vergangenen Sommers ein System eingerichtet, das mit den \u00fcblichen, meistens 270 kg Trauben fassende Gro\u00dfkisten zurechtkommt. Die Einrichtung sollte einfach und raumsparend sein sowie\u00a0ohne bewegliche Teile auskommen. Gro\u00dfe Auffangwannen mit Transportschnecken, R\u00fctteltrichter oder B\u00e4nder wollte ich vermeiden, die bew\u00e4hrte von der Schwerkraft bediente Kombination von Rebel, Rutsche und Presse wollte ich unbedingt beibehalten.<\/p>\n<p><em>Per facilitare il lavoro dal punto di vista dell&#8217;impegno fisico e per risparmiare un po&#8216; di tempo ho addattato il sistema di ricezione dell&#8217;uva in modo di poter lavorare con i cassoni da circa 270 kg. Per me era importante che il sistema sia semplice e da imgombro ridotto, visto gli spazi ristretti. Volevo evitare tramogge con coclee, imbuti vibranti o\u00a0nastri trasportatori, volevo continuare a lavorare con la combinazione provata di pigiadiraspatrice, scivolo e pressa, aiutato solamente dal\u00a0dislivello.<\/em><\/p>\n<p><a href=\"http:\/\/www.kobler-margreid.com\/blog\/wp-content\/2014\/10\/2014-09-27_19-11-34.jpg\" rel=\"lightbox[12553]\"><img loading=\"lazy\" decoding=\"async\" class=\"float left alignleft wp-image-12566\" style=\"border: 0px; margin: -0px 0px 0px -0px;\" src=\"http:\/\/www.kobler-margreid.com\/blog\/wp-content\/2014\/10\/2014-09-27_19-11-34.jpg\" alt=\"2014-09-27_19-11-34\" width=\"350\" height=\"467\" srcset=\"https:\/\/www.kobler-margreid.com\/blog\/wp-content\/2014\/10\/2014-09-27_19-11-34.jpg 808w, https:\/\/www.kobler-margreid.com\/blog\/wp-content\/2014\/10\/2014-09-27_19-11-34-225x300.jpg 225w, https:\/\/www.kobler-margreid.com\/blog\/wp-content\/2014\/10\/2014-09-27_19-11-34-768x1024.jpg 768w, https:\/\/www.kobler-margreid.com\/blog\/wp-content\/2014\/10\/2014-09-27_19-11-34-300x399.jpg 300w\" sizes=\"auto, (max-width: 350px) 100vw, 350px\" \/><\/a>So baute mir der Edelstahlverarbeiter <a href=\"http:\/\/www.calinox-edelstahlverarbeitung.com\/\" target=\"_blank\">Calinox<\/a> aus dem Nachbardorf Kurtinig einen\u00a0mobilen Trichter, in dem eine ganze Kistenf\u00fcllung leicht Platz hat und der die Trauben der Rebel zuf\u00fchrt. Von der Firma <a href=\"http:\/\/www.aedes.bz\/\" target=\"_blank\">AEDES<\/a>\u00a0aus Andrian kaufte ich die Kippvorrichtung f\u00fcr die Gro\u00dfkisten der Neumarktner Firma <a href=\"http:\/\/www.palbox.it\/\" target=\"_blank\">Palbox<\/a> und einen neuen Traktorstapler, der alte kam nicht auf die ben\u00f6tigte H\u00f6he. Damit ich endlich schon bei zu Beginn der Einkellerung die Mengen wei\u00df, habe ich mir schlie\u00dflich eine <a href=\"https:\/\/www.pce-instruments.com\/deutsch\/waegetechnik\/waagen-im-online-vertrieb\/balkenwaage-pce-instruments-balkenwaage-pce-sw-1500n-det_516385.htm?_list=qr.art&amp;_listpos=1\" target=\"_blank\">Balkenwaage<\/a> zugelegt und im Keller soll mir ein Durchflussmesser endlich die Volumen bestimmen, besonders bei den von mir h\u00e4ufig verwendeten Schwimmdeckeltanks.<\/p>\n<p><em>In questa maniera la ditta\u00a0<a href=\"http:\/\/www.calinox-edelstahlverarbeitung.com\/\" target=\"_blank\">Calinox<\/a>\u00a0del paese limitrofo Cortina mi ha fatto l&#8217;imbuto mobile in cui ha posto un cassone intero di uva e che con le pareti inclinate mi convoglia i grappoli verso la pigiadiraspatrice. Presso la ditta\u00a0<a href=\"http:\/\/www.aedes.bz\/\" target=\"_blank\">AEDES<\/a>\u00a0di Andriano ho acquistato il rovesciatore dei cassoni della ditta\u00a0<a href=\"http:\/\/www.palbox.it\/\" target=\"_blank\">Palbox<\/a>\u00a0di Egna ed il nuovo muletto da trattore in quanto quello vecchio non arrivava all&#8217;altezza necessaria. Per sapere finalmente gi\u00e0 all&#8217;inizio della lavorazione dell&#8217;uva i quantitativi ho preso\u00a0una\u00a0<a href=\"https:\/\/www.pce-instruments.com\/italiano\/strumento-per-pesare\/bilancia\/bilancia-da-pavimento-pce-instruments-bilancia-da-pavimento-pce-sw-1500n-det_516743.htm?_list=qr.art&amp;_listpos=1\" target=\"_blank\">bilancia da pavimento<\/a>\u00a0e per avere pi\u00f9 certezze lavorando spesso con i contenitori semprepieni un misuratore di portata.<\/em><\/p>\n","protected":false},"excerpt":{"rendered":"<p>[vimeo width=&#8220;530&#8243; height=&#8220;300&#8243;]https:\/\/vimeo.com\/107640824[\/vimeo] Meine\u00a0R\u00fcckenprobleme im vorigen Sommer und eine kurzzeitige Zerrung bei meinem Mitarbeiter w\u00e4hrend der vorigen Ernte haben aufgezeigt, wie riskant es ist, wenn ein Betrieb gerade in dieser k\u00f6rperlich intensivsten Zeit des Jahres nur auf zwei m\u00e4nnlichen Arbeitskr\u00e4ften &hellip; <a href=\"https:\/\/www.kobler-margreid.com\/blog\/blog\/2014\/09\/30\/mann-goennt-sich-ja-sonst-nichts_almeno-questo\/\">Weiterlesen <span class=\"meta-nav\">&rarr;<\/span><\/a><\/p>\n","protected":false},"author":1,"featured_media":0,"comment_status":"open","ping_status":"open","sticky":false,"template":"","format":"standard","meta":{"ngg_post_thumbnail":0,"footnotes":"","_links_to":"","_links_to_target":""},"categories":[15],"tags":[403,1402,1405,1389,1404,1403,1407,1406],"class_list":["post-12553","post","type-post","status-publish","format-standard","hentry","category-keller","tag-108-sma","tag-aedes","tag-balkenwaage","tag-calinox","tag-durchflussmesser","tag-palbox","tag-ricezione-uva","tag-traubenannahme"],"yoast_head":"<!-- This site is optimized with the Yoast SEO plugin v27.5 - https:\/\/yoast.com\/product\/yoast-seo-wordpress\/ -->\n<title>Gruppenarbeit \u2014 Lavoro di gruppo (9): Mann g\u00f6nnt sich ja sonst nichts \u2014 Almeno questo - weinhof KOBLER weblog<\/title>\n<meta name=\"robots\" content=\"index, follow, max-snippet:-1, max-image-preview:large, max-video-preview:-1\" \/>\n<link rel=\"canonical\" href=\"https:\/\/www.kobler-margreid.com\/blog\/blog\/2014\/09\/30\/mann-goennt-sich-ja-sonst-nichts_almeno-questo\/\" \/>\n<meta property=\"og:locale\" content=\"de_DE\" \/>\n<meta property=\"og:type\" content=\"article\" \/>\n<meta property=\"og:title\" content=\"Gruppenarbeit \u2014 Lavoro di gruppo (9): Mann g\u00f6nnt sich ja sonst nichts \u2014 Almeno questo - weinhof KOBLER weblog\" \/>\n<meta property=\"og:description\" content=\"[vimeo width=&#8220;530&#8243; height=&#8220;300&#8243;]https:\/\/vimeo.com\/107640824[\/vimeo] Meine\u00a0R\u00fcckenprobleme im vorigen Sommer und eine kurzzeitige Zerrung bei meinem Mitarbeiter w\u00e4hrend der vorigen Ernte haben aufgezeigt, wie riskant es ist, wenn ein Betrieb gerade in dieser k\u00f6rperlich intensivsten Zeit des Jahres nur auf zwei m\u00e4nnlichen Arbeitskr\u00e4ften &hellip; Weiterlesen &rarr;\" \/>\n<meta property=\"og:url\" content=\"https:\/\/www.kobler-margreid.com\/blog\/blog\/2014\/09\/30\/mann-goennt-sich-ja-sonst-nichts_almeno-questo\/\" \/>\n<meta property=\"og:site_name\" content=\"weinhof KOBLER weblog\" \/>\n<meta property=\"article:publisher\" content=\"https:\/\/www.facebook.com\/armin.kobler\/\" \/>\n<meta property=\"article:author\" content=\"https:\/\/www.facebook.com\/armin.kobler\/\" \/>\n<meta property=\"article:published_time\" content=\"2014-09-30T21:00:58+00:00\" \/>\n<meta property=\"article:modified_time\" content=\"2014-10-01T14:14:06+00:00\" \/>\n<meta property=\"og:image\" content=\"http:\/\/www.kobler-margreid.com\/blog\/wp-content\/2014\/10\/2014-09-29_12-39-30.jpg\" \/>\n<meta name=\"author\" content=\"armin kobler\" \/>\n<meta name=\"twitter:card\" content=\"summary_large_image\" \/>\n<meta name=\"twitter:label1\" content=\"Verfasst von\" \/>\n\t<meta name=\"twitter:data1\" content=\"armin kobler\" \/>\n\t<meta name=\"twitter:label2\" content=\"Gesch\u00e4tzte Lesezeit\" \/>\n\t<meta name=\"twitter:data2\" content=\"3\u00a0Minuten\" \/>\n<script type=\"application\/ld+json\" class=\"yoast-schema-graph\">{\"@context\":\"https:\\\/\\\/schema.org\",\"@graph\":[{\"@type\":\"Article\",\"@id\":\"https:\\\/\\\/www.kobler-margreid.com\\\/blog\\\/blog\\\/2014\\\/09\\\/30\\\/mann-goennt-sich-ja-sonst-nichts_almeno-questo\\\/#article\",\"isPartOf\":{\"@id\":\"https:\\\/\\\/www.kobler-margreid.com\\\/blog\\\/blog\\\/2014\\\/09\\\/30\\\/mann-goennt-sich-ja-sonst-nichts_almeno-questo\\\/\"},\"author\":{\"name\":\"armin kobler\",\"@id\":\"https:\\\/\\\/www.kobler-margreid.com\\\/blog\\\/#\\\/schema\\\/person\\\/6a2290c17f680f59c1fa7e1c7a36df3a\"},\"headline\":\"Gruppenarbeit \u2014 Lavoro di gruppo (9): Mann g\u00f6nnt sich ja sonst nichts \u2014 Almeno questo\",\"datePublished\":\"2014-09-30T21:00:58+00:00\",\"dateModified\":\"2014-10-01T14:14:06+00:00\",\"mainEntityOfPage\":{\"@id\":\"https:\\\/\\\/www.kobler-margreid.com\\\/blog\\\/blog\\\/2014\\\/09\\\/30\\\/mann-goennt-sich-ja-sonst-nichts_almeno-questo\\\/\"},\"wordCount\":543,\"commentCount\":2,\"publisher\":{\"@id\":\"https:\\\/\\\/www.kobler-margreid.com\\\/blog\\\/#\\\/schema\\\/person\\\/6a2290c17f680f59c1fa7e1c7a36df3a\"},\"image\":{\"@id\":\"https:\\\/\\\/www.kobler-margreid.com\\\/blog\\\/blog\\\/2014\\\/09\\\/30\\\/mann-goennt-sich-ja-sonst-nichts_almeno-questo\\\/#primaryimage\"},\"thumbnailUrl\":\"http:\\\/\\\/www.kobler-margreid.com\\\/blog\\\/wp-content\\\/2014\\\/10\\\/2014-09-29_12-39-30.jpg\",\"keywords\":[\"108 SMA\",\"AEDES\",\"Balkenwaage\",\"Calinox\",\"Durchflussmesser\",\"Palbox\",\"Ricezione uva\",\"Traubenannahme\"],\"articleSection\":[\"Keller - Cantina\"],\"inLanguage\":\"de\",\"potentialAction\":[{\"@type\":\"CommentAction\",\"name\":\"Comment\",\"target\":[\"https:\\\/\\\/www.kobler-margreid.com\\\/blog\\\/blog\\\/2014\\\/09\\\/30\\\/mann-goennt-sich-ja-sonst-nichts_almeno-questo\\\/#respond\"]}]},{\"@type\":\"WebPage\",\"@id\":\"https:\\\/\\\/www.kobler-margreid.com\\\/blog\\\/blog\\\/2014\\\/09\\\/30\\\/mann-goennt-sich-ja-sonst-nichts_almeno-questo\\\/\",\"url\":\"https:\\\/\\\/www.kobler-margreid.com\\\/blog\\\/blog\\\/2014\\\/09\\\/30\\\/mann-goennt-sich-ja-sonst-nichts_almeno-questo\\\/\",\"name\":\"Gruppenarbeit \u2014 Lavoro di gruppo (9): Mann g\u00f6nnt sich ja sonst nichts \u2014 Almeno questo - weinhof KOBLER weblog\",\"isPartOf\":{\"@id\":\"https:\\\/\\\/www.kobler-margreid.com\\\/blog\\\/#website\"},\"primaryImageOfPage\":{\"@id\":\"https:\\\/\\\/www.kobler-margreid.com\\\/blog\\\/blog\\\/2014\\\/09\\\/30\\\/mann-goennt-sich-ja-sonst-nichts_almeno-questo\\\/#primaryimage\"},\"image\":{\"@id\":\"https:\\\/\\\/www.kobler-margreid.com\\\/blog\\\/blog\\\/2014\\\/09\\\/30\\\/mann-goennt-sich-ja-sonst-nichts_almeno-questo\\\/#primaryimage\"},\"thumbnailUrl\":\"http:\\\/\\\/www.kobler-margreid.com\\\/blog\\\/wp-content\\\/2014\\\/10\\\/2014-09-29_12-39-30.jpg\",\"datePublished\":\"2014-09-30T21:00:58+00:00\",\"dateModified\":\"2014-10-01T14:14:06+00:00\",\"breadcrumb\":{\"@id\":\"https:\\\/\\\/www.kobler-margreid.com\\\/blog\\\/blog\\\/2014\\\/09\\\/30\\\/mann-goennt-sich-ja-sonst-nichts_almeno-questo\\\/#breadcrumb\"},\"inLanguage\":\"de\",\"potentialAction\":[{\"@type\":\"ReadAction\",\"target\":[\"https:\\\/\\\/www.kobler-margreid.com\\\/blog\\\/blog\\\/2014\\\/09\\\/30\\\/mann-goennt-sich-ja-sonst-nichts_almeno-questo\\\/\"]}]},{\"@type\":\"ImageObject\",\"inLanguage\":\"de\",\"@id\":\"https:\\\/\\\/www.kobler-margreid.com\\\/blog\\\/blog\\\/2014\\\/09\\\/30\\\/mann-goennt-sich-ja-sonst-nichts_almeno-questo\\\/#primaryimage\",\"url\":\"http:\\\/\\\/www.kobler-margreid.com\\\/blog\\\/wp-content\\\/2014\\\/10\\\/2014-09-29_12-39-30.jpg\",\"contentUrl\":\"http:\\\/\\\/www.kobler-margreid.com\\\/blog\\\/wp-content\\\/2014\\\/10\\\/2014-09-29_12-39-30.jpg\"},{\"@type\":\"BreadcrumbList\",\"@id\":\"https:\\\/\\\/www.kobler-margreid.com\\\/blog\\\/blog\\\/2014\\\/09\\\/30\\\/mann-goennt-sich-ja-sonst-nichts_almeno-questo\\\/#breadcrumb\",\"itemListElement\":[{\"@type\":\"ListItem\",\"position\":1,\"name\":\"Startseite\",\"item\":\"https:\\\/\\\/www.kobler-margreid.com\\\/blog\\\/\"},{\"@type\":\"ListItem\",\"position\":2,\"name\":\"Gruppenarbeit \u2014 Lavoro di gruppo (9): Mann g\u00f6nnt sich ja sonst nichts \u2014 Almeno questo\"}]},{\"@type\":\"WebSite\",\"@id\":\"https:\\\/\\\/www.kobler-margreid.com\\\/blog\\\/#website\",\"url\":\"https:\\\/\\\/www.kobler-margreid.com\\\/blog\\\/\",\"name\":\"weinhof KOBLER weblog\",\"description\":\"dem wein ganz nah \u2013 all&#039;interno del vino\",\"publisher\":{\"@id\":\"https:\\\/\\\/www.kobler-margreid.com\\\/blog\\\/#\\\/schema\\\/person\\\/6a2290c17f680f59c1fa7e1c7a36df3a\"},\"potentialAction\":[{\"@type\":\"SearchAction\",\"target\":{\"@type\":\"EntryPoint\",\"urlTemplate\":\"https:\\\/\\\/www.kobler-margreid.com\\\/blog\\\/?s={search_term_string}\"},\"query-input\":{\"@type\":\"PropertyValueSpecification\",\"valueRequired\":true,\"valueName\":\"search_term_string\"}}],\"inLanguage\":\"de\"},{\"@type\":[\"Person\",\"Organization\"],\"@id\":\"https:\\\/\\\/www.kobler-margreid.com\\\/blog\\\/#\\\/schema\\\/person\\\/6a2290c17f680f59c1fa7e1c7a36df3a\",\"name\":\"armin kobler\",\"image\":{\"@type\":\"ImageObject\",\"inLanguage\":\"de\",\"@id\":\"https:\\\/\\\/www.kobler-margreid.com\\\/blog\\\/wp-content\\\/2023\\\/11\\\/2012-05-08_09-33-03a.jpg\",\"url\":\"https:\\\/\\\/www.kobler-margreid.com\\\/blog\\\/wp-content\\\/2023\\\/11\\\/2012-05-08_09-33-03a.jpg\",\"contentUrl\":\"https:\\\/\\\/www.kobler-margreid.com\\\/blog\\\/wp-content\\\/2023\\\/11\\\/2012-05-08_09-33-03a.jpg\",\"width\":1088,\"height\":1184,\"caption\":\"armin kobler\"},\"logo\":{\"@id\":\"https:\\\/\\\/www.kobler-margreid.com\\\/blog\\\/wp-content\\\/2023\\\/11\\\/2012-05-08_09-33-03a.jpg\"},\"sameAs\":[\"http:\\\/\\\/www.kobler-margreid.com\",\"https:\\\/\\\/www.facebook.com\\\/armin.kobler\\\/\"],\"url\":\"https:\\\/\\\/www.kobler-margreid.com\\\/blog\\\/blog\\\/author\\\/admin\\\/\"}]}<\/script>\n<!-- \/ Yoast SEO plugin. -->","yoast_head_json":{"title":"Gruppenarbeit \u2014 Lavoro di gruppo (9): Mann g\u00f6nnt sich ja sonst nichts \u2014 Almeno questo - weinhof KOBLER weblog","robots":{"index":"index","follow":"follow","max-snippet":"max-snippet:-1","max-image-preview":"max-image-preview:large","max-video-preview":"max-video-preview:-1"},"canonical":"https:\/\/www.kobler-margreid.com\/blog\/blog\/2014\/09\/30\/mann-goennt-sich-ja-sonst-nichts_almeno-questo\/","og_locale":"de_DE","og_type":"article","og_title":"Gruppenarbeit \u2014 Lavoro di gruppo (9): Mann g\u00f6nnt sich ja sonst nichts \u2014 Almeno questo - weinhof KOBLER weblog","og_description":"[vimeo width=&#8220;530&#8243; height=&#8220;300&#8243;]https:\/\/vimeo.com\/107640824[\/vimeo] Meine\u00a0R\u00fcckenprobleme im vorigen Sommer und eine kurzzeitige Zerrung bei meinem Mitarbeiter w\u00e4hrend der vorigen Ernte haben aufgezeigt, wie riskant es ist, wenn ein Betrieb gerade in dieser k\u00f6rperlich intensivsten Zeit des Jahres nur auf zwei m\u00e4nnlichen Arbeitskr\u00e4ften &hellip; Weiterlesen &rarr;","og_url":"https:\/\/www.kobler-margreid.com\/blog\/blog\/2014\/09\/30\/mann-goennt-sich-ja-sonst-nichts_almeno-questo\/","og_site_name":"weinhof KOBLER weblog","article_publisher":"https:\/\/www.facebook.com\/armin.kobler\/","article_author":"https:\/\/www.facebook.com\/armin.kobler\/","article_published_time":"2014-09-30T21:00:58+00:00","article_modified_time":"2014-10-01T14:14:06+00:00","og_image":[{"url":"http:\/\/www.kobler-margreid.com\/blog\/wp-content\/2014\/10\/2014-09-29_12-39-30.jpg","type":"","width":"","height":""}],"author":"armin kobler","twitter_card":"summary_large_image","twitter_misc":{"Verfasst von":"armin kobler","Gesch\u00e4tzte Lesezeit":"3\u00a0Minuten"},"schema":{"@context":"https:\/\/schema.org","@graph":[{"@type":"Article","@id":"https:\/\/www.kobler-margreid.com\/blog\/blog\/2014\/09\/30\/mann-goennt-sich-ja-sonst-nichts_almeno-questo\/#article","isPartOf":{"@id":"https:\/\/www.kobler-margreid.com\/blog\/blog\/2014\/09\/30\/mann-goennt-sich-ja-sonst-nichts_almeno-questo\/"},"author":{"name":"armin kobler","@id":"https:\/\/www.kobler-margreid.com\/blog\/#\/schema\/person\/6a2290c17f680f59c1fa7e1c7a36df3a"},"headline":"Gruppenarbeit \u2014 Lavoro di gruppo (9): Mann g\u00f6nnt sich ja sonst nichts \u2014 Almeno questo","datePublished":"2014-09-30T21:00:58+00:00","dateModified":"2014-10-01T14:14:06+00:00","mainEntityOfPage":{"@id":"https:\/\/www.kobler-margreid.com\/blog\/blog\/2014\/09\/30\/mann-goennt-sich-ja-sonst-nichts_almeno-questo\/"},"wordCount":543,"commentCount":2,"publisher":{"@id":"https:\/\/www.kobler-margreid.com\/blog\/#\/schema\/person\/6a2290c17f680f59c1fa7e1c7a36df3a"},"image":{"@id":"https:\/\/www.kobler-margreid.com\/blog\/blog\/2014\/09\/30\/mann-goennt-sich-ja-sonst-nichts_almeno-questo\/#primaryimage"},"thumbnailUrl":"http:\/\/www.kobler-margreid.com\/blog\/wp-content\/2014\/10\/2014-09-29_12-39-30.jpg","keywords":["108 SMA","AEDES","Balkenwaage","Calinox","Durchflussmesser","Palbox","Ricezione uva","Traubenannahme"],"articleSection":["Keller - Cantina"],"inLanguage":"de","potentialAction":[{"@type":"CommentAction","name":"Comment","target":["https:\/\/www.kobler-margreid.com\/blog\/blog\/2014\/09\/30\/mann-goennt-sich-ja-sonst-nichts_almeno-questo\/#respond"]}]},{"@type":"WebPage","@id":"https:\/\/www.kobler-margreid.com\/blog\/blog\/2014\/09\/30\/mann-goennt-sich-ja-sonst-nichts_almeno-questo\/","url":"https:\/\/www.kobler-margreid.com\/blog\/blog\/2014\/09\/30\/mann-goennt-sich-ja-sonst-nichts_almeno-questo\/","name":"Gruppenarbeit \u2014 Lavoro di gruppo (9): Mann g\u00f6nnt sich ja sonst nichts \u2014 Almeno questo - weinhof KOBLER weblog","isPartOf":{"@id":"https:\/\/www.kobler-margreid.com\/blog\/#website"},"primaryImageOfPage":{"@id":"https:\/\/www.kobler-margreid.com\/blog\/blog\/2014\/09\/30\/mann-goennt-sich-ja-sonst-nichts_almeno-questo\/#primaryimage"},"image":{"@id":"https:\/\/www.kobler-margreid.com\/blog\/blog\/2014\/09\/30\/mann-goennt-sich-ja-sonst-nichts_almeno-questo\/#primaryimage"},"thumbnailUrl":"http:\/\/www.kobler-margreid.com\/blog\/wp-content\/2014\/10\/2014-09-29_12-39-30.jpg","datePublished":"2014-09-30T21:00:58+00:00","dateModified":"2014-10-01T14:14:06+00:00","breadcrumb":{"@id":"https:\/\/www.kobler-margreid.com\/blog\/blog\/2014\/09\/30\/mann-goennt-sich-ja-sonst-nichts_almeno-questo\/#breadcrumb"},"inLanguage":"de","potentialAction":[{"@type":"ReadAction","target":["https:\/\/www.kobler-margreid.com\/blog\/blog\/2014\/09\/30\/mann-goennt-sich-ja-sonst-nichts_almeno-questo\/"]}]},{"@type":"ImageObject","inLanguage":"de","@id":"https:\/\/www.kobler-margreid.com\/blog\/blog\/2014\/09\/30\/mann-goennt-sich-ja-sonst-nichts_almeno-questo\/#primaryimage","url":"http:\/\/www.kobler-margreid.com\/blog\/wp-content\/2014\/10\/2014-09-29_12-39-30.jpg","contentUrl":"http:\/\/www.kobler-margreid.com\/blog\/wp-content\/2014\/10\/2014-09-29_12-39-30.jpg"},{"@type":"BreadcrumbList","@id":"https:\/\/www.kobler-margreid.com\/blog\/blog\/2014\/09\/30\/mann-goennt-sich-ja-sonst-nichts_almeno-questo\/#breadcrumb","itemListElement":[{"@type":"ListItem","position":1,"name":"Startseite","item":"https:\/\/www.kobler-margreid.com\/blog\/"},{"@type":"ListItem","position":2,"name":"Gruppenarbeit \u2014 Lavoro di gruppo (9): Mann g\u00f6nnt sich ja sonst nichts \u2014 Almeno questo"}]},{"@type":"WebSite","@id":"https:\/\/www.kobler-margreid.com\/blog\/#website","url":"https:\/\/www.kobler-margreid.com\/blog\/","name":"weinhof KOBLER weblog","description":"dem wein ganz nah \u2013 all&#039;interno del vino","publisher":{"@id":"https:\/\/www.kobler-margreid.com\/blog\/#\/schema\/person\/6a2290c17f680f59c1fa7e1c7a36df3a"},"potentialAction":[{"@type":"SearchAction","target":{"@type":"EntryPoint","urlTemplate":"https:\/\/www.kobler-margreid.com\/blog\/?s={search_term_string}"},"query-input":{"@type":"PropertyValueSpecification","valueRequired":true,"valueName":"search_term_string"}}],"inLanguage":"de"},{"@type":["Person","Organization"],"@id":"https:\/\/www.kobler-margreid.com\/blog\/#\/schema\/person\/6a2290c17f680f59c1fa7e1c7a36df3a","name":"armin kobler","image":{"@type":"ImageObject","inLanguage":"de","@id":"https:\/\/www.kobler-margreid.com\/blog\/wp-content\/2023\/11\/2012-05-08_09-33-03a.jpg","url":"https:\/\/www.kobler-margreid.com\/blog\/wp-content\/2023\/11\/2012-05-08_09-33-03a.jpg","contentUrl":"https:\/\/www.kobler-margreid.com\/blog\/wp-content\/2023\/11\/2012-05-08_09-33-03a.jpg","width":1088,"height":1184,"caption":"armin kobler"},"logo":{"@id":"https:\/\/www.kobler-margreid.com\/blog\/wp-content\/2023\/11\/2012-05-08_09-33-03a.jpg"},"sameAs":["http:\/\/www.kobler-margreid.com","https:\/\/www.facebook.com\/armin.kobler\/"],"url":"https:\/\/www.kobler-margreid.com\/blog\/blog\/author\/admin\/"}]}},"_links":{"self":[{"href":"https:\/\/www.kobler-margreid.com\/blog\/wp-json\/wp\/v2\/posts\/12553","targetHints":{"allow":["GET"]}}],"collection":[{"href":"https:\/\/www.kobler-margreid.com\/blog\/wp-json\/wp\/v2\/posts"}],"about":[{"href":"https:\/\/www.kobler-margreid.com\/blog\/wp-json\/wp\/v2\/types\/post"}],"author":[{"embeddable":true,"href":"https:\/\/www.kobler-margreid.com\/blog\/wp-json\/wp\/v2\/users\/1"}],"replies":[{"embeddable":true,"href":"https:\/\/www.kobler-margreid.com\/blog\/wp-json\/wp\/v2\/comments?post=12553"}],"version-history":[{"count":0,"href":"https:\/\/www.kobler-margreid.com\/blog\/wp-json\/wp\/v2\/posts\/12553\/revisions"}],"wp:attachment":[{"href":"https:\/\/www.kobler-margreid.com\/blog\/wp-json\/wp\/v2\/media?parent=12553"}],"wp:term":[{"taxonomy":"category","embeddable":true,"href":"https:\/\/www.kobler-margreid.com\/blog\/wp-json\/wp\/v2\/categories?post=12553"},{"taxonomy":"post_tag","embeddable":true,"href":"https:\/\/www.kobler-margreid.com\/blog\/wp-json\/wp\/v2\/tags?post=12553"}],"curies":[{"name":"wp","href":"https:\/\/api.w.org\/{rel}","templated":true}]}}