{"id":12629,"date":"2014-10-30T17:03:09","date_gmt":"2014-10-30T16:03:09","guid":{"rendered":"http:\/\/www.kobler-margreid.com\/blog\/?p=12629"},"modified":"2014-10-30T17:05:31","modified_gmt":"2014-10-30T16:05:31","slug":"wie-alt-werden-reben_che-et-raggiungono-le-viti","status":"publish","type":"post","link":"https:\/\/www.kobler-margreid.com\/blog\/blog\/2014\/10\/30\/wie-alt-werden-reben_che-et-raggiungono-le-viti\/","title":{"rendered":"Wie alt werden Reben? \u2014 Che et\u00e0 raggiunge la vite?"},"content":{"rendered":"<p><a href=\"http:\/\/www.kobler-margreid.com\/blog\/wp-content\/2014\/10\/alterebe.jpg\" rel=\"lightbox[12629]\"><img loading=\"lazy\" decoding=\"async\" class=\"alignleft wp-image-12632\" style=\"border: 0px; margin: -0px 0px 0px -0px;\" src=\"http:\/\/www.kobler-margreid.com\/blog\/wp-content\/2014\/10\/alterebe.jpg\" alt=\"alterebe\" width=\"530\" height=\"311\" srcset=\"https:\/\/www.kobler-margreid.com\/blog\/wp-content\/2014\/10\/alterebe.jpg 729w, https:\/\/www.kobler-margreid.com\/blog\/wp-content\/2014\/10\/alterebe-300x176.jpg 300w\" sizes=\"auto, (max-width: 530px) 100vw, 530px\" \/><\/a><\/p>\n<p>Wenn ich bei der Pr\u00e4sentation des Chardonnay <em>Ogeaner<\/em> auf das verh\u00e4ltnism\u00e4\u00dfig hohe Alter der Reben hinweise, dann mache ich es nicht, um zu\u00a0sagen, dasss Weine von alten Reben automatisch besser seien. Vielmehr will ich damit zu bedenken geben, dass diese und andere Sorten aus dem Burgund, dem Bordolais und auch aus Deutschland schon recht lange im s\u00fcdlichen Tirol angebaut werden.\u00a0\u00dcber die diesbez\u00fcglich segensreiche Arbeit <a href=\"http:\/\/www.kobler-margreid.com\/blog\/2014\/06\/08\/erzherzog-johann-2_larciduca-giovanni-2\/\" target=\"_blank\">Erzherzog Johanns<\/a>\u00a0vor \u00fcber 150 Jahren hatte ich schon fr\u00fcher berichtet.<\/p>\n<p><em>Quando alle presentazioni parlando dello\u00a0Chardonnay <\/em>Ogeaner <em>faccio notare l&#8217;et\u00e0 relativamente alta delle viti non lo faccio per dire che i vini di viti vecchie siano automaticamente migliori. Lo dico perch\u00e9 voglio ricordare che questa variet\u00e0 ed altri vitigni borgognotti, bordolesi ed anche germanici sono coltivati nel Tirolo meridionale da tanto tempo. Circa i meriti dell&#8216;<a href=\"http:\/\/www.kobler-margreid.com\/blog\/2014\/06\/08\/erzherzog-johann-2_larciduca-giovanni-2\/\" target=\"_blank\">arciduca Giovanni <\/a>pi\u00f9 di 150 anni fa ho gi\u00e0 scritto\u00a0in passato.<\/em><\/p>\n<p><!--more-->Sehr oft wird daraufhin gefragt, wie alt denn eigentlich Reben werden k\u00f6nnen. Das Alter wird von physiologischen Faktoren, die Rebe als Organismus betrachtend, und wirtschaftlichen Umst\u00e4nden bestimmt. Eine Rebanlage wird deshalb dann gerodet, wenn zumindest eines der folgenden Ereignisse eintrifft:<\/p>\n<ol>\n<li>Winterk\u00e4lte l\u00e4sst die St\u00f6cke sterben<\/li>\n<li>Krankheiten des Holzes schw\u00e4chen und t\u00f6ten die St\u00f6cke ab<\/li>\n<li>die Sorte ergibt Weine, welche nicht mehr gefragt sind<\/li>\n<li>das Erziehungssystem soll gewechselt werden<\/li>\n<li>die Ertr\u00e4ge\u00a0gen\u00fcgen nicht mehr<\/li>\n<\/ol>\n<p><em>Spesso di seguito viene chiesto quale et\u00e0 possano raggiungere le viti. La loro durata viene determinata da fattori fisiologici, cio\u00e8 riguardanti il funzionamento della pianta, e da circostanze economiche e di lavoro. Un vigneto viene quindi estirpato quando almeno uno di questi fattori si avvera:<\/em><\/p>\n<ol>\n<li><em>gelate invernali fanno morire i ceppi<\/em><\/li>\n<li><em>malattie del legno indeboliscono e\u00a0stroncano\u00a0le viti<\/em><\/li>\n<li><em>il vitigno da vini che non sono pi\u00f9 richiesti<\/em><\/li>\n<li><em>si vuole cambiare il sistema di allevamento<\/em><\/li>\n<li><em>le rese non sono pi\u00f9 sufficienti<\/em><\/li>\n<\/ol>\n<p>Am <em>Ogeaner<\/em> als unsere \u00e4lteste Rebanlage haben die frostgesch\u00e4digten Reben immer noch an der Basis ausgetrieben, wodurch der Stamm wieder aufgebaut werden konnte und die Esca sowie die Schwarzholzkrankheit sind\u00a0gl\u00fccklicherweise noch nicht massiv in Erscheinung getreten. Chardonnay als Sorte war mit nat\u00fcrlichen Auf und Ab immer gefragt und das Erziehungssystem Pergl hat nicht nur Vorteile, aber eine Rodung\u00a0nur deshalb\u00a0h\u00e4tte sich\u00a0wirtschaftlich bis jetzt nie gerechtfertigt. Schlussendlich, auch\u00a0der Ertrag stimmt immer noch, ganz im Gegenteil! Mittels\u00a0des Rebschnittes im Winter und beim Schabigen im Fr\u00fchjahr muss er ziemlich nach Unten korrigiert werden. W\u00e4re ich vordergr\u00fcndig an Menge interessiert, k\u00f6nnte diese Anlage ohne Probleme das doppelte der angestrebten Menge, also 20.000 kg pro Hektar produzieren.\u00a0Der Wahrheit halber muss man schon sagen, dass immer wieder einzelne Reben sich verabschieden. Es wird j\u00e4hrlich nachgesetzt, weswegen man sagen kann, dass inzwischen immer noch vier von f\u00fcnf der urspr\u00fcnglichen Pflanzung entstammen.<\/p>\n<p><em>Nell&#8216;<\/em>Ogeaner<em>, il nostro vigneto pi\u00f9 antico, le viti danneggiate dal freddo hanno sempre germogliato alla base ridando origine ad\u00a0un ceppo nuovo ed il mal dell&#8217;esca ed il legno verde ancora non hanno colpito in modo massiccio. Chardonnay come vitigno \u00e8 stato sempre richiesto con i soliti alti e bassi\u00a0attraverso gli anni ed il sistema della pergola certamente non ha solo vantaggi, ma rifare il vigneto solo per cambiare la forma di allevamento non \u00e8 valsa la pena finora dal punto di vista economico. Infine anche la resa \u00e8 tuttora pi\u00f9 che soddisfacente! Infatti \u00e8 necessario una potatura invernale ed una scacchiatura primaverile piuttosto severa per abbassarla. Se volessi, potrei produrre senza problemi il doppio del voluto, cio\u00e8 200 quintali per ettaro. Per essere veramente sinceri bisogna per\u00f2 anche ammettere che da sempre ogni tanto singole viti anche l\u00ec\u00a0muoiono. Vengono rimpiazzate ogni anno e si pu\u00f2 dire cheal momento ancora circa quattro su cinque derivano dall&#8217;impianto originario.<\/em><\/p>\n<p><a href=\"http:\/\/www.kobler-margreid.com\/blog\/wp-content\/2014\/10\/alterebe2.jpg\" rel=\"lightbox[12629]\"><img loading=\"lazy\" decoding=\"async\" class=\"float left alignleft wp-image-12657\" style=\"border: 0px; margin: -0px 0px 0px -0px;\" src=\"http:\/\/www.kobler-margreid.com\/blog\/wp-content\/2014\/10\/alterebe2.jpg\" alt=\"alterebe2\" width=\"300\" height=\"317\" srcset=\"https:\/\/www.kobler-margreid.com\/blog\/wp-content\/2014\/10\/alterebe2.jpg 497w, https:\/\/www.kobler-margreid.com\/blog\/wp-content\/2014\/10\/alterebe2-284x300.jpg 284w, https:\/\/www.kobler-margreid.com\/blog\/wp-content\/2014\/10\/alterebe2-300x316.jpg 300w\" sizes=\"auto, (max-width: 300px) 100vw, 300px\" \/><\/a>Haupts\u00e4chlich wegen der Abschw\u00e4chung der obgenannten wirtschaftlichen Gr\u00fcnde\u00a0haben Hausreben die weitaus gr\u00f6\u00dfere Wahrscheinlichkeit, alt zu werden als ihre Schwestern in den Weing\u00e4rten. Ein ziemlich bekanntes Beispiel ist jenes der <a href=\"http:\/\/www.weinstrasse.com\/de\/natur-landschaft\/die-urrebe-in-margreid.html\" target=\"_blank\">Alten Rebe von Margreid<\/a>, der Kragstein auf der Hausmauer deutet auf das Pflanzjahr 1601 hin.<\/p>\n<p><em>Soprattutto per la diminuzione delle ragioni economiche sopra esposte le viti di casa hanno un probabilit\u00e0 di longevit\u00e0 molto pi\u00f9 alta che le loro sorelle nei vigneti. Un esempio abbastanza famoso \u00e8 la <a href=\"http:\/\/www.weinstrasse.com\/it\/natura-e-paesaggio\/vite-centenaria-di-magre.html\" target=\"_blank\">Vecchia Vite\u00a0di Magr\u00e8<\/a>, Una pietra sulla facciata indica il 1601 come anno di impianto.<\/em><\/p>\n","protected":false},"excerpt":{"rendered":"<p>Wenn ich bei der Pr\u00e4sentation des Chardonnay Ogeaner auf das verh\u00e4ltnism\u00e4\u00dfig hohe Alter der Reben hinweise, dann mache ich es nicht, um zu\u00a0sagen, dasss Weine von alten Reben automatisch besser seien. Vielmehr will ich damit zu bedenken geben, dass diese &hellip; <a href=\"https:\/\/www.kobler-margreid.com\/blog\/blog\/2014\/10\/30\/wie-alt-werden-reben_che-et-raggiungono-le-viti\/\">Weiterlesen <span class=\"meta-nav\">&rarr;<\/span><\/a><\/p>\n","protected":false},"author":1,"featured_media":0,"comment_status":"open","ping_status":"open","sticky":false,"template":"","format":"standard","meta":{"ngg_post_thumbnail":0,"footnotes":"","_links_to":"","_links_to_target":""},"categories":[14,1344],"tags":[1416,1414,1417,1415],"class_list":["post-12629","post","type-post","status-publish","format-standard","hentry","category-weingarten","category-weingeschichte-storia-viticola","tag-alte-rebe-margreid","tag-alte-reben","tag-vecchia-vite-magr","tag-vecchie-viti"],"yoast_head":"<!-- This site is optimized with the Yoast SEO plugin v27.5 - https:\/\/yoast.com\/product\/yoast-seo-wordpress\/ -->\n<title>Wie alt werden Reben? \u2014 Che et\u00e0 raggiunge la vite? - weinhof KOBLER weblog<\/title>\n<meta name=\"robots\" content=\"index, follow, max-snippet:-1, max-image-preview:large, max-video-preview:-1\" \/>\n<link rel=\"canonical\" href=\"https:\/\/www.kobler-margreid.com\/blog\/blog\/2014\/10\/30\/wie-alt-werden-reben_che-et-raggiungono-le-viti\/\" \/>\n<meta property=\"og:locale\" content=\"de_DE\" \/>\n<meta property=\"og:type\" content=\"article\" \/>\n<meta property=\"og:title\" content=\"Wie alt werden Reben? \u2014 Che et\u00e0 raggiunge la vite? - weinhof KOBLER weblog\" \/>\n<meta property=\"og:description\" content=\"Wenn ich bei der Pr\u00e4sentation des Chardonnay Ogeaner auf das verh\u00e4ltnism\u00e4\u00dfig hohe Alter der Reben hinweise, dann mache ich es nicht, um zu\u00a0sagen, dasss Weine von alten Reben automatisch besser seien. Vielmehr will ich damit zu bedenken geben, dass diese &hellip; Weiterlesen &rarr;\" \/>\n<meta property=\"og:url\" content=\"https:\/\/www.kobler-margreid.com\/blog\/blog\/2014\/10\/30\/wie-alt-werden-reben_che-et-raggiungono-le-viti\/\" \/>\n<meta property=\"og:site_name\" content=\"weinhof KOBLER weblog\" \/>\n<meta property=\"article:publisher\" content=\"https:\/\/www.facebook.com\/armin.kobler\/\" \/>\n<meta property=\"article:author\" content=\"https:\/\/www.facebook.com\/armin.kobler\/\" \/>\n<meta property=\"article:published_time\" content=\"2014-10-30T16:03:09+00:00\" \/>\n<meta property=\"article:modified_time\" content=\"2014-10-30T16:05:31+00:00\" \/>\n<meta property=\"og:image\" content=\"http:\/\/www.kobler-margreid.com\/blog\/wp-content\/2014\/10\/alterebe.jpg\" \/>\n<meta name=\"author\" content=\"armin kobler\" \/>\n<meta name=\"twitter:card\" content=\"summary_large_image\" \/>\n<meta name=\"twitter:label1\" content=\"Verfasst von\" \/>\n\t<meta name=\"twitter:data1\" content=\"armin kobler\" \/>\n\t<meta name=\"twitter:label2\" content=\"Gesch\u00e4tzte Lesezeit\" \/>\n\t<meta name=\"twitter:data2\" content=\"4\u00a0Minuten\" \/>\n<script type=\"application\/ld+json\" class=\"yoast-schema-graph\">{\"@context\":\"https:\\\/\\\/schema.org\",\"@graph\":[{\"@type\":\"Article\",\"@id\":\"https:\\\/\\\/www.kobler-margreid.com\\\/blog\\\/blog\\\/2014\\\/10\\\/30\\\/wie-alt-werden-reben_che-et-raggiungono-le-viti\\\/#article\",\"isPartOf\":{\"@id\":\"https:\\\/\\\/www.kobler-margreid.com\\\/blog\\\/blog\\\/2014\\\/10\\\/30\\\/wie-alt-werden-reben_che-et-raggiungono-le-viti\\\/\"},\"author\":{\"name\":\"armin kobler\",\"@id\":\"https:\\\/\\\/www.kobler-margreid.com\\\/blog\\\/#\\\/schema\\\/person\\\/6a2290c17f680f59c1fa7e1c7a36df3a\"},\"headline\":\"Wie alt werden Reben? \u2014 Che et\u00e0 raggiunge la vite?\",\"datePublished\":\"2014-10-30T16:03:09+00:00\",\"dateModified\":\"2014-10-30T16:05:31+00:00\",\"mainEntityOfPage\":{\"@id\":\"https:\\\/\\\/www.kobler-margreid.com\\\/blog\\\/blog\\\/2014\\\/10\\\/30\\\/wie-alt-werden-reben_che-et-raggiungono-le-viti\\\/\"},\"wordCount\":730,\"commentCount\":0,\"publisher\":{\"@id\":\"https:\\\/\\\/www.kobler-margreid.com\\\/blog\\\/#\\\/schema\\\/person\\\/6a2290c17f680f59c1fa7e1c7a36df3a\"},\"image\":{\"@id\":\"https:\\\/\\\/www.kobler-margreid.com\\\/blog\\\/blog\\\/2014\\\/10\\\/30\\\/wie-alt-werden-reben_che-et-raggiungono-le-viti\\\/#primaryimage\"},\"thumbnailUrl\":\"http:\\\/\\\/www.kobler-margreid.com\\\/blog\\\/wp-content\\\/2014\\\/10\\\/alterebe.jpg\",\"keywords\":[\"Alte Rebe Margreid\",\"Alte Reben\",\"Vecchia vite Magr\u00e8\",\"Vecchie viti\"],\"articleSection\":[\"Weingarten - Vigneto\",\"Weingeschichte - Storia viticola\"],\"inLanguage\":\"de\",\"potentialAction\":[{\"@type\":\"CommentAction\",\"name\":\"Comment\",\"target\":[\"https:\\\/\\\/www.kobler-margreid.com\\\/blog\\\/blog\\\/2014\\\/10\\\/30\\\/wie-alt-werden-reben_che-et-raggiungono-le-viti\\\/#respond\"]}]},{\"@type\":\"WebPage\",\"@id\":\"https:\\\/\\\/www.kobler-margreid.com\\\/blog\\\/blog\\\/2014\\\/10\\\/30\\\/wie-alt-werden-reben_che-et-raggiungono-le-viti\\\/\",\"url\":\"https:\\\/\\\/www.kobler-margreid.com\\\/blog\\\/blog\\\/2014\\\/10\\\/30\\\/wie-alt-werden-reben_che-et-raggiungono-le-viti\\\/\",\"name\":\"Wie alt werden Reben? \u2014 Che et\u00e0 raggiunge la vite? - weinhof KOBLER weblog\",\"isPartOf\":{\"@id\":\"https:\\\/\\\/www.kobler-margreid.com\\\/blog\\\/#website\"},\"primaryImageOfPage\":{\"@id\":\"https:\\\/\\\/www.kobler-margreid.com\\\/blog\\\/blog\\\/2014\\\/10\\\/30\\\/wie-alt-werden-reben_che-et-raggiungono-le-viti\\\/#primaryimage\"},\"image\":{\"@id\":\"https:\\\/\\\/www.kobler-margreid.com\\\/blog\\\/blog\\\/2014\\\/10\\\/30\\\/wie-alt-werden-reben_che-et-raggiungono-le-viti\\\/#primaryimage\"},\"thumbnailUrl\":\"http:\\\/\\\/www.kobler-margreid.com\\\/blog\\\/wp-content\\\/2014\\\/10\\\/alterebe.jpg\",\"datePublished\":\"2014-10-30T16:03:09+00:00\",\"dateModified\":\"2014-10-30T16:05:31+00:00\",\"breadcrumb\":{\"@id\":\"https:\\\/\\\/www.kobler-margreid.com\\\/blog\\\/blog\\\/2014\\\/10\\\/30\\\/wie-alt-werden-reben_che-et-raggiungono-le-viti\\\/#breadcrumb\"},\"inLanguage\":\"de\",\"potentialAction\":[{\"@type\":\"ReadAction\",\"target\":[\"https:\\\/\\\/www.kobler-margreid.com\\\/blog\\\/blog\\\/2014\\\/10\\\/30\\\/wie-alt-werden-reben_che-et-raggiungono-le-viti\\\/\"]}]},{\"@type\":\"ImageObject\",\"inLanguage\":\"de\",\"@id\":\"https:\\\/\\\/www.kobler-margreid.com\\\/blog\\\/blog\\\/2014\\\/10\\\/30\\\/wie-alt-werden-reben_che-et-raggiungono-le-viti\\\/#primaryimage\",\"url\":\"http:\\\/\\\/www.kobler-margreid.com\\\/blog\\\/wp-content\\\/2014\\\/10\\\/alterebe.jpg\",\"contentUrl\":\"http:\\\/\\\/www.kobler-margreid.com\\\/blog\\\/wp-content\\\/2014\\\/10\\\/alterebe.jpg\"},{\"@type\":\"BreadcrumbList\",\"@id\":\"https:\\\/\\\/www.kobler-margreid.com\\\/blog\\\/blog\\\/2014\\\/10\\\/30\\\/wie-alt-werden-reben_che-et-raggiungono-le-viti\\\/#breadcrumb\",\"itemListElement\":[{\"@type\":\"ListItem\",\"position\":1,\"name\":\"Startseite\",\"item\":\"https:\\\/\\\/www.kobler-margreid.com\\\/blog\\\/\"},{\"@type\":\"ListItem\",\"position\":2,\"name\":\"Wie alt werden Reben? \u2014 Che et\u00e0 raggiunge la vite?\"}]},{\"@type\":\"WebSite\",\"@id\":\"https:\\\/\\\/www.kobler-margreid.com\\\/blog\\\/#website\",\"url\":\"https:\\\/\\\/www.kobler-margreid.com\\\/blog\\\/\",\"name\":\"weinhof KOBLER weblog\",\"description\":\"dem wein ganz nah \u2013 all&#039;interno del vino\",\"publisher\":{\"@id\":\"https:\\\/\\\/www.kobler-margreid.com\\\/blog\\\/#\\\/schema\\\/person\\\/6a2290c17f680f59c1fa7e1c7a36df3a\"},\"potentialAction\":[{\"@type\":\"SearchAction\",\"target\":{\"@type\":\"EntryPoint\",\"urlTemplate\":\"https:\\\/\\\/www.kobler-margreid.com\\\/blog\\\/?s={search_term_string}\"},\"query-input\":{\"@type\":\"PropertyValueSpecification\",\"valueRequired\":true,\"valueName\":\"search_term_string\"}}],\"inLanguage\":\"de\"},{\"@type\":[\"Person\",\"Organization\"],\"@id\":\"https:\\\/\\\/www.kobler-margreid.com\\\/blog\\\/#\\\/schema\\\/person\\\/6a2290c17f680f59c1fa7e1c7a36df3a\",\"name\":\"armin kobler\",\"image\":{\"@type\":\"ImageObject\",\"inLanguage\":\"de\",\"@id\":\"https:\\\/\\\/www.kobler-margreid.com\\\/blog\\\/wp-content\\\/2023\\\/11\\\/2012-05-08_09-33-03a.jpg\",\"url\":\"https:\\\/\\\/www.kobler-margreid.com\\\/blog\\\/wp-content\\\/2023\\\/11\\\/2012-05-08_09-33-03a.jpg\",\"contentUrl\":\"https:\\\/\\\/www.kobler-margreid.com\\\/blog\\\/wp-content\\\/2023\\\/11\\\/2012-05-08_09-33-03a.jpg\",\"width\":1088,\"height\":1184,\"caption\":\"armin kobler\"},\"logo\":{\"@id\":\"https:\\\/\\\/www.kobler-margreid.com\\\/blog\\\/wp-content\\\/2023\\\/11\\\/2012-05-08_09-33-03a.jpg\"},\"sameAs\":[\"http:\\\/\\\/www.kobler-margreid.com\",\"https:\\\/\\\/www.facebook.com\\\/armin.kobler\\\/\"],\"url\":\"https:\\\/\\\/www.kobler-margreid.com\\\/blog\\\/blog\\\/author\\\/admin\\\/\"}]}<\/script>\n<!-- \/ Yoast SEO plugin. -->","yoast_head_json":{"title":"Wie alt werden Reben? \u2014 Che et\u00e0 raggiunge la vite? - weinhof KOBLER weblog","robots":{"index":"index","follow":"follow","max-snippet":"max-snippet:-1","max-image-preview":"max-image-preview:large","max-video-preview":"max-video-preview:-1"},"canonical":"https:\/\/www.kobler-margreid.com\/blog\/blog\/2014\/10\/30\/wie-alt-werden-reben_che-et-raggiungono-le-viti\/","og_locale":"de_DE","og_type":"article","og_title":"Wie alt werden Reben? \u2014 Che et\u00e0 raggiunge la vite? - weinhof KOBLER weblog","og_description":"Wenn ich bei der Pr\u00e4sentation des Chardonnay Ogeaner auf das verh\u00e4ltnism\u00e4\u00dfig hohe Alter der Reben hinweise, dann mache ich es nicht, um zu\u00a0sagen, dasss Weine von alten Reben automatisch besser seien. Vielmehr will ich damit zu bedenken geben, dass diese &hellip; Weiterlesen &rarr;","og_url":"https:\/\/www.kobler-margreid.com\/blog\/blog\/2014\/10\/30\/wie-alt-werden-reben_che-et-raggiungono-le-viti\/","og_site_name":"weinhof KOBLER weblog","article_publisher":"https:\/\/www.facebook.com\/armin.kobler\/","article_author":"https:\/\/www.facebook.com\/armin.kobler\/","article_published_time":"2014-10-30T16:03:09+00:00","article_modified_time":"2014-10-30T16:05:31+00:00","og_image":[{"url":"http:\/\/www.kobler-margreid.com\/blog\/wp-content\/2014\/10\/alterebe.jpg","type":"","width":"","height":""}],"author":"armin kobler","twitter_card":"summary_large_image","twitter_misc":{"Verfasst von":"armin kobler","Gesch\u00e4tzte Lesezeit":"4\u00a0Minuten"},"schema":{"@context":"https:\/\/schema.org","@graph":[{"@type":"Article","@id":"https:\/\/www.kobler-margreid.com\/blog\/blog\/2014\/10\/30\/wie-alt-werden-reben_che-et-raggiungono-le-viti\/#article","isPartOf":{"@id":"https:\/\/www.kobler-margreid.com\/blog\/blog\/2014\/10\/30\/wie-alt-werden-reben_che-et-raggiungono-le-viti\/"},"author":{"name":"armin kobler","@id":"https:\/\/www.kobler-margreid.com\/blog\/#\/schema\/person\/6a2290c17f680f59c1fa7e1c7a36df3a"},"headline":"Wie alt werden Reben? \u2014 Che et\u00e0 raggiunge la vite?","datePublished":"2014-10-30T16:03:09+00:00","dateModified":"2014-10-30T16:05:31+00:00","mainEntityOfPage":{"@id":"https:\/\/www.kobler-margreid.com\/blog\/blog\/2014\/10\/30\/wie-alt-werden-reben_che-et-raggiungono-le-viti\/"},"wordCount":730,"commentCount":0,"publisher":{"@id":"https:\/\/www.kobler-margreid.com\/blog\/#\/schema\/person\/6a2290c17f680f59c1fa7e1c7a36df3a"},"image":{"@id":"https:\/\/www.kobler-margreid.com\/blog\/blog\/2014\/10\/30\/wie-alt-werden-reben_che-et-raggiungono-le-viti\/#primaryimage"},"thumbnailUrl":"http:\/\/www.kobler-margreid.com\/blog\/wp-content\/2014\/10\/alterebe.jpg","keywords":["Alte Rebe Margreid","Alte Reben","Vecchia vite Magr\u00e8","Vecchie viti"],"articleSection":["Weingarten - Vigneto","Weingeschichte - Storia viticola"],"inLanguage":"de","potentialAction":[{"@type":"CommentAction","name":"Comment","target":["https:\/\/www.kobler-margreid.com\/blog\/blog\/2014\/10\/30\/wie-alt-werden-reben_che-et-raggiungono-le-viti\/#respond"]}]},{"@type":"WebPage","@id":"https:\/\/www.kobler-margreid.com\/blog\/blog\/2014\/10\/30\/wie-alt-werden-reben_che-et-raggiungono-le-viti\/","url":"https:\/\/www.kobler-margreid.com\/blog\/blog\/2014\/10\/30\/wie-alt-werden-reben_che-et-raggiungono-le-viti\/","name":"Wie alt werden Reben? \u2014 Che et\u00e0 raggiunge la vite? - weinhof KOBLER weblog","isPartOf":{"@id":"https:\/\/www.kobler-margreid.com\/blog\/#website"},"primaryImageOfPage":{"@id":"https:\/\/www.kobler-margreid.com\/blog\/blog\/2014\/10\/30\/wie-alt-werden-reben_che-et-raggiungono-le-viti\/#primaryimage"},"image":{"@id":"https:\/\/www.kobler-margreid.com\/blog\/blog\/2014\/10\/30\/wie-alt-werden-reben_che-et-raggiungono-le-viti\/#primaryimage"},"thumbnailUrl":"http:\/\/www.kobler-margreid.com\/blog\/wp-content\/2014\/10\/alterebe.jpg","datePublished":"2014-10-30T16:03:09+00:00","dateModified":"2014-10-30T16:05:31+00:00","breadcrumb":{"@id":"https:\/\/www.kobler-margreid.com\/blog\/blog\/2014\/10\/30\/wie-alt-werden-reben_che-et-raggiungono-le-viti\/#breadcrumb"},"inLanguage":"de","potentialAction":[{"@type":"ReadAction","target":["https:\/\/www.kobler-margreid.com\/blog\/blog\/2014\/10\/30\/wie-alt-werden-reben_che-et-raggiungono-le-viti\/"]}]},{"@type":"ImageObject","inLanguage":"de","@id":"https:\/\/www.kobler-margreid.com\/blog\/blog\/2014\/10\/30\/wie-alt-werden-reben_che-et-raggiungono-le-viti\/#primaryimage","url":"http:\/\/www.kobler-margreid.com\/blog\/wp-content\/2014\/10\/alterebe.jpg","contentUrl":"http:\/\/www.kobler-margreid.com\/blog\/wp-content\/2014\/10\/alterebe.jpg"},{"@type":"BreadcrumbList","@id":"https:\/\/www.kobler-margreid.com\/blog\/blog\/2014\/10\/30\/wie-alt-werden-reben_che-et-raggiungono-le-viti\/#breadcrumb","itemListElement":[{"@type":"ListItem","position":1,"name":"Startseite","item":"https:\/\/www.kobler-margreid.com\/blog\/"},{"@type":"ListItem","position":2,"name":"Wie alt werden Reben? \u2014 Che et\u00e0 raggiunge la vite?"}]},{"@type":"WebSite","@id":"https:\/\/www.kobler-margreid.com\/blog\/#website","url":"https:\/\/www.kobler-margreid.com\/blog\/","name":"weinhof KOBLER weblog","description":"dem wein ganz nah \u2013 all&#039;interno del vino","publisher":{"@id":"https:\/\/www.kobler-margreid.com\/blog\/#\/schema\/person\/6a2290c17f680f59c1fa7e1c7a36df3a"},"potentialAction":[{"@type":"SearchAction","target":{"@type":"EntryPoint","urlTemplate":"https:\/\/www.kobler-margreid.com\/blog\/?s={search_term_string}"},"query-input":{"@type":"PropertyValueSpecification","valueRequired":true,"valueName":"search_term_string"}}],"inLanguage":"de"},{"@type":["Person","Organization"],"@id":"https:\/\/www.kobler-margreid.com\/blog\/#\/schema\/person\/6a2290c17f680f59c1fa7e1c7a36df3a","name":"armin kobler","image":{"@type":"ImageObject","inLanguage":"de","@id":"https:\/\/www.kobler-margreid.com\/blog\/wp-content\/2023\/11\/2012-05-08_09-33-03a.jpg","url":"https:\/\/www.kobler-margreid.com\/blog\/wp-content\/2023\/11\/2012-05-08_09-33-03a.jpg","contentUrl":"https:\/\/www.kobler-margreid.com\/blog\/wp-content\/2023\/11\/2012-05-08_09-33-03a.jpg","width":1088,"height":1184,"caption":"armin kobler"},"logo":{"@id":"https:\/\/www.kobler-margreid.com\/blog\/wp-content\/2023\/11\/2012-05-08_09-33-03a.jpg"},"sameAs":["http:\/\/www.kobler-margreid.com","https:\/\/www.facebook.com\/armin.kobler\/"],"url":"https:\/\/www.kobler-margreid.com\/blog\/blog\/author\/admin\/"}]}},"_links":{"self":[{"href":"https:\/\/www.kobler-margreid.com\/blog\/wp-json\/wp\/v2\/posts\/12629","targetHints":{"allow":["GET"]}}],"collection":[{"href":"https:\/\/www.kobler-margreid.com\/blog\/wp-json\/wp\/v2\/posts"}],"about":[{"href":"https:\/\/www.kobler-margreid.com\/blog\/wp-json\/wp\/v2\/types\/post"}],"author":[{"embeddable":true,"href":"https:\/\/www.kobler-margreid.com\/blog\/wp-json\/wp\/v2\/users\/1"}],"replies":[{"embeddable":true,"href":"https:\/\/www.kobler-margreid.com\/blog\/wp-json\/wp\/v2\/comments?post=12629"}],"version-history":[{"count":0,"href":"https:\/\/www.kobler-margreid.com\/blog\/wp-json\/wp\/v2\/posts\/12629\/revisions"}],"wp:attachment":[{"href":"https:\/\/www.kobler-margreid.com\/blog\/wp-json\/wp\/v2\/media?parent=12629"}],"wp:term":[{"taxonomy":"category","embeddable":true,"href":"https:\/\/www.kobler-margreid.com\/blog\/wp-json\/wp\/v2\/categories?post=12629"},{"taxonomy":"post_tag","embeddable":true,"href":"https:\/\/www.kobler-margreid.com\/blog\/wp-json\/wp\/v2\/tags?post=12629"}],"curies":[{"name":"wp","href":"https:\/\/api.w.org\/{rel}","templated":true}]}}