{"id":12667,"date":"2014-10-31T22:37:45","date_gmt":"2014-10-31T21:37:45","guid":{"rendered":"http:\/\/www.kobler-margreid.com\/blog\/?p=12667"},"modified":"2016-12-29T17:17:43","modified_gmt":"2016-12-29T16:17:43","slug":"jetzt-gibt-es-ihn_adesso-e-disponibile","status":"publish","type":"post","link":"https:\/\/www.kobler-margreid.com\/blog\/blog\/2014\/10\/31\/jetzt-gibt-es-ihn_adesso-e-disponibile\/","title":{"rendered":"Jetzt gibt es ihn&#8230; \u2014 Adesso \u00e8 disponibile&#8230;"},"content":{"rendered":"<p><a href=\"http:\/\/www.kobler-margreid.com\/blog\/wp-content\/2014\/10\/cf_12.jpg\" rel=\"lightbox[12667]\"><img loading=\"lazy\" decoding=\"async\" class=\"float left alignleft wp-image-12668\" style=\"margin: 0px 5px 0px -0px;\" src=\"http:\/\/www.kobler-margreid.com\/blog\/wp-content\/2014\/10\/cf_12.jpg\" alt=\"cf_12\" width=\"300\" height=\"240\" srcset=\"https:\/\/www.kobler-margreid.com\/blog\/wp-content\/2014\/10\/cf_12.jpg 1181w, https:\/\/www.kobler-margreid.com\/blog\/wp-content\/2014\/10\/cf_12-300x239.jpg 300w, https:\/\/www.kobler-margreid.com\/blog\/wp-content\/2014\/10\/cf_12-1024x818.jpg 1024w, https:\/\/www.kobler-margreid.com\/blog\/wp-content\/2014\/10\/cf_12-900x719.jpg 900w\" sizes=\"auto, (max-width: 300px) 100vw, 300px\" \/><\/a>&#8230; und er ist nicht grasig! Denn leider wird immer noch sehr oft&nbsp;<a href=\"http:\/\/de.wikipedia.org\/wiki\/Cabernet_Franc\" target=\"_blank\">Cabernet Franc<\/a> mit vegetalen Aromen in Verbindung gebracht. Schuld daran sind einerseits die vierlerorts in Nordostitalien noch vorhandenen <a href=\"http:\/\/de.wikipedia.org\/wiki\/Carm%C3%A9n%C3%A8re\" target=\"_blank\">Carm\u00e9n\u00e8re<\/a>-Anlagen sowie Cabernet-Weing\u00e4rten, welche auf Grund der angestrebten hohen Hektarertr\u00e4ge nicht zur wirklich vollst\u00e4ndigen Reife gelangen. Trotz dieser nicht gerade schmeichelhaften Vorurteile&nbsp;haben wir 2012 begonnen, Trauben des 2001 erstellten Weingartens <em>Puit<\/em>, wie betriebs\u00fcblich, reinsortig auszubauen.<\/p>\n<p><em>&nbsp;&#8230; e non \u00e8 erbaceo! Perch\u00e9 ancora&nbsp;troppo spesso&nbsp;si associano con&nbsp;il <a href=\"http:\/\/it.wikipedia.org\/wiki\/Cabernet_franc\" target=\"_blank\">Cabernet Franc<\/a> aromi vegetali. \u00c8 per colpa degli impianti di <a href=\"http:\/\/it.wikipedia.org\/wiki\/Carmenere\" target=\"_blank\">Carm\u00e9n\u00e8re<\/a> ampiamente diffusi ancora nel nordest Italia e di quei&nbsp;vigneti di Cabernet dove a causa&nbsp;di rese elevate non si raggiunge una maturazione completa. Nonostante questi pregiudizi non proprio lusinghevoli abbiamo cominciato a vinificare nel 2012 le prime uve del vigneto <\/em>Puit<em>, impiantato nel 2001. In purezza, come di consueto nella nostra azienda.<\/em><\/p>\n<p><!--more-->Das Verarbeitungs- und Ausbauschema ist das gleiche, wie beim Merlot: sp\u00e4testm\u00f6gliche Lese, Verg\u00e4rung und BSA im Stahltank mit Untersto\u00dfen, \u00dcberpumpen und manchmal auch D\u00e9lestage mit einer Maischekontaktzeit von ca. vier Wochen, Abzug von den Trestern und leichtes Auspressen derselben, statische Kl\u00e4rung im Stahltank, Lagerung in sehr gebrauchten Pi\u00e8ces (momentan neunte bis dreizehnte Belegung) f\u00fcr ca. 18 Monate, Tangentialfiltration und F\u00fcllung, weitere Reifung in der Flasche.<\/p>\n<p><em>Lo schema di vinificazione \u00e8 quello del Merlot: vendemmia il pi\u00f9 tardi possibile, fermentazione alcolica e malolattica in tini di acciaio con rimontaggi, follature e qualche volta anche un d\u00e9lestage, macerazione di circa quattro settimane, svinatura e leggera pressatura delle vinacce, chiarifica statica in serbatoio d&#8217;acciaio, affinamento&nbsp;in pi\u00e8ces molto usate (dal nono al tredicesimo passaggio) per 18 mesi, filtrazione tangenziale ed imbottigliamento, maturazione in bottiglia.<\/em><br \/>\n<a href=\"http:\/\/www.kobler-margreid.com\/blog\/wp-content\/2014\/10\/2014-10-08_18-31-03.jpg\" rel=\"lightbox[12667]\"><img loading=\"lazy\" decoding=\"async\" class=\"float left alignleft wp-image-12676\" style=\"border: 0px; margin: -0px 0px 10px -0px;\" src=\"http:\/\/www.kobler-margreid.com\/blog\/wp-content\/2014\/10\/2014-10-08_18-31-03.jpg\" alt=\"2014-10-08_18-31-03\" width=\"320\" height=\"427\" srcset=\"https:\/\/www.kobler-margreid.com\/blog\/wp-content\/2014\/10\/2014-10-08_18-31-03.jpg 808w, https:\/\/www.kobler-margreid.com\/blog\/wp-content\/2014\/10\/2014-10-08_18-31-03-225x300.jpg 225w, https:\/\/www.kobler-margreid.com\/blog\/wp-content\/2014\/10\/2014-10-08_18-31-03-768x1024.jpg 768w, https:\/\/www.kobler-margreid.com\/blog\/wp-content\/2014\/10\/2014-10-08_18-31-03-300x399.jpg 300w\" sizes=\"auto, (max-width: 320px) 100vw, 320px\" \/><\/a><\/p>\n<p>Von daher k\u00f6nnten wir den <em>Puit<\/em> auch Riserva nennen. Ich bin aber der Meinung, dass wir diese Lage und Sorte noch besser kennenlernen werden und der Wein das Potential hat, mit&nbsp;den n\u00e4chsten Jahrg\u00e4ngen noch einen Gang zuzulegen. Dann erst wird er den Zusatz Riserva bekommen und auch als solches vermarktet werden. Eine Beschreibung des Weines? Darum bitten wir Sie, werter Konsument.<\/p>\n<p><em>Perci\u00f2 potremmo chiamare il <\/em>Puit<em> anche Riserva. Per\u00f2 non lo dichiaro tale &nbsp;in quanto sono convinto che dobbiamo ancora capire meglio questo vitigno. Forse&nbsp;con le prossime annate gli possiamo dare una marcia in pi\u00f9. Se ci\u00f2 si avverr\u00e0 lo si&nbsp;commercializzer\u00e0 come Riserva. La descrizione di questo vino? La fornirete voi, cari consumatori.<\/em><\/p>\n","protected":false},"excerpt":{"rendered":"<p>&#8230; und er ist nicht grasig! Denn leider wird immer noch sehr oft&nbsp;Cabernet Franc mit vegetalen Aromen in Verbindung gebracht. Schuld daran sind einerseits die vierlerorts in Nordostitalien noch vorhandenen Carm\u00e9n\u00e8re-Anlagen sowie Cabernet-Weing\u00e4rten, welche auf Grund der angestrebten hohen Hektarertr\u00e4ge &hellip; <a href=\"https:\/\/www.kobler-margreid.com\/blog\/blog\/2014\/10\/31\/jetzt-gibt-es-ihn_adesso-e-disponibile\/\">Weiterlesen <span class=\"meta-nav\">&rarr;<\/span><\/a><\/p>\n","protected":false},"author":1,"featured_media":0,"comment_status":"open","ping_status":"open","sticky":false,"template":"","format":"standard","meta":{"ngg_post_thumbnail":0,"footnotes":"","_links_to":"","_links_to_target":""},"categories":[138],"tags":[526,1418,527],"class_list":["post-12667","post","type-post","status-publish","format-standard","hentry","category-ankundigung","tag-cabernet-franc","tag-carmnre","tag-puit"],"yoast_head":"<!-- This site is optimized with the Yoast SEO plugin v27.5 - https:\/\/yoast.com\/product\/yoast-seo-wordpress\/ -->\n<title>Jetzt gibt es ihn... \u2014 Adesso \u00e8 disponibile... - weinhof KOBLER weblog<\/title>\n<meta name=\"robots\" content=\"index, follow, max-snippet:-1, max-image-preview:large, max-video-preview:-1\" \/>\n<link rel=\"canonical\" href=\"https:\/\/www.kobler-margreid.com\/blog\/blog\/2014\/10\/31\/jetzt-gibt-es-ihn_adesso-e-disponibile\/\" \/>\n<meta property=\"og:locale\" content=\"de_DE\" \/>\n<meta property=\"og:type\" content=\"article\" \/>\n<meta property=\"og:title\" content=\"Jetzt gibt es ihn... \u2014 Adesso \u00e8 disponibile... - weinhof KOBLER weblog\" \/>\n<meta property=\"og:description\" content=\"&#8230; und er ist nicht grasig! Denn leider wird immer noch sehr oft&nbsp;Cabernet Franc mit vegetalen Aromen in Verbindung gebracht. Schuld daran sind einerseits die vierlerorts in Nordostitalien noch vorhandenen Carm\u00e9n\u00e8re-Anlagen sowie Cabernet-Weing\u00e4rten, welche auf Grund der angestrebten hohen Hektarertr\u00e4ge &hellip; Weiterlesen &rarr;\" \/>\n<meta property=\"og:url\" content=\"https:\/\/www.kobler-margreid.com\/blog\/blog\/2014\/10\/31\/jetzt-gibt-es-ihn_adesso-e-disponibile\/\" \/>\n<meta property=\"og:site_name\" content=\"weinhof KOBLER weblog\" \/>\n<meta property=\"article:publisher\" content=\"https:\/\/www.facebook.com\/armin.kobler\/\" \/>\n<meta property=\"article:author\" content=\"https:\/\/www.facebook.com\/armin.kobler\/\" \/>\n<meta property=\"article:published_time\" content=\"2014-10-31T21:37:45+00:00\" \/>\n<meta property=\"article:modified_time\" content=\"2016-12-29T16:17:43+00:00\" \/>\n<meta property=\"og:image\" content=\"http:\/\/www.kobler-margreid.com\/blog\/wp-content\/2014\/10\/cf_12.jpg\" \/>\n<meta name=\"author\" content=\"armin kobler\" \/>\n<meta name=\"twitter:card\" content=\"summary_large_image\" \/>\n<meta name=\"twitter:label1\" content=\"Verfasst von\" \/>\n\t<meta name=\"twitter:data1\" content=\"armin kobler\" \/>\n\t<meta name=\"twitter:label2\" content=\"Gesch\u00e4tzte Lesezeit\" \/>\n\t<meta name=\"twitter:data2\" content=\"2\u00a0Minuten\" \/>\n<script type=\"application\/ld+json\" class=\"yoast-schema-graph\">{\"@context\":\"https:\\\/\\\/schema.org\",\"@graph\":[{\"@type\":\"Article\",\"@id\":\"https:\\\/\\\/www.kobler-margreid.com\\\/blog\\\/blog\\\/2014\\\/10\\\/31\\\/jetzt-gibt-es-ihn_adesso-e-disponibile\\\/#article\",\"isPartOf\":{\"@id\":\"https:\\\/\\\/www.kobler-margreid.com\\\/blog\\\/blog\\\/2014\\\/10\\\/31\\\/jetzt-gibt-es-ihn_adesso-e-disponibile\\\/\"},\"author\":{\"name\":\"armin kobler\",\"@id\":\"https:\\\/\\\/www.kobler-margreid.com\\\/blog\\\/#\\\/schema\\\/person\\\/6a2290c17f680f59c1fa7e1c7a36df3a\"},\"headline\":\"Jetzt gibt es ihn&#8230; \u2014 Adesso \u00e8 disponibile&#8230;\",\"datePublished\":\"2014-10-31T21:37:45+00:00\",\"dateModified\":\"2016-12-29T16:17:43+00:00\",\"mainEntityOfPage\":{\"@id\":\"https:\\\/\\\/www.kobler-margreid.com\\\/blog\\\/blog\\\/2014\\\/10\\\/31\\\/jetzt-gibt-es-ihn_adesso-e-disponibile\\\/\"},\"wordCount\":421,\"commentCount\":1,\"publisher\":{\"@id\":\"https:\\\/\\\/www.kobler-margreid.com\\\/blog\\\/#\\\/schema\\\/person\\\/6a2290c17f680f59c1fa7e1c7a36df3a\"},\"image\":{\"@id\":\"https:\\\/\\\/www.kobler-margreid.com\\\/blog\\\/blog\\\/2014\\\/10\\\/31\\\/jetzt-gibt-es-ihn_adesso-e-disponibile\\\/#primaryimage\"},\"thumbnailUrl\":\"http:\\\/\\\/www.kobler-margreid.com\\\/blog\\\/wp-content\\\/2014\\\/10\\\/cf_12.jpg\",\"keywords\":[\"Cabernet franc\",\"Carm\u00e9n\u00e8re\",\"Puit\"],\"articleSection\":[\"Ank\u00fcndigung - Annuncio\"],\"inLanguage\":\"de\",\"potentialAction\":[{\"@type\":\"CommentAction\",\"name\":\"Comment\",\"target\":[\"https:\\\/\\\/www.kobler-margreid.com\\\/blog\\\/blog\\\/2014\\\/10\\\/31\\\/jetzt-gibt-es-ihn_adesso-e-disponibile\\\/#respond\"]}]},{\"@type\":\"WebPage\",\"@id\":\"https:\\\/\\\/www.kobler-margreid.com\\\/blog\\\/blog\\\/2014\\\/10\\\/31\\\/jetzt-gibt-es-ihn_adesso-e-disponibile\\\/\",\"url\":\"https:\\\/\\\/www.kobler-margreid.com\\\/blog\\\/blog\\\/2014\\\/10\\\/31\\\/jetzt-gibt-es-ihn_adesso-e-disponibile\\\/\",\"name\":\"Jetzt gibt es ihn... \u2014 Adesso \u00e8 disponibile... - weinhof KOBLER weblog\",\"isPartOf\":{\"@id\":\"https:\\\/\\\/www.kobler-margreid.com\\\/blog\\\/#website\"},\"primaryImageOfPage\":{\"@id\":\"https:\\\/\\\/www.kobler-margreid.com\\\/blog\\\/blog\\\/2014\\\/10\\\/31\\\/jetzt-gibt-es-ihn_adesso-e-disponibile\\\/#primaryimage\"},\"image\":{\"@id\":\"https:\\\/\\\/www.kobler-margreid.com\\\/blog\\\/blog\\\/2014\\\/10\\\/31\\\/jetzt-gibt-es-ihn_adesso-e-disponibile\\\/#primaryimage\"},\"thumbnailUrl\":\"http:\\\/\\\/www.kobler-margreid.com\\\/blog\\\/wp-content\\\/2014\\\/10\\\/cf_12.jpg\",\"datePublished\":\"2014-10-31T21:37:45+00:00\",\"dateModified\":\"2016-12-29T16:17:43+00:00\",\"breadcrumb\":{\"@id\":\"https:\\\/\\\/www.kobler-margreid.com\\\/blog\\\/blog\\\/2014\\\/10\\\/31\\\/jetzt-gibt-es-ihn_adesso-e-disponibile\\\/#breadcrumb\"},\"inLanguage\":\"de\",\"potentialAction\":[{\"@type\":\"ReadAction\",\"target\":[\"https:\\\/\\\/www.kobler-margreid.com\\\/blog\\\/blog\\\/2014\\\/10\\\/31\\\/jetzt-gibt-es-ihn_adesso-e-disponibile\\\/\"]}]},{\"@type\":\"ImageObject\",\"inLanguage\":\"de\",\"@id\":\"https:\\\/\\\/www.kobler-margreid.com\\\/blog\\\/blog\\\/2014\\\/10\\\/31\\\/jetzt-gibt-es-ihn_adesso-e-disponibile\\\/#primaryimage\",\"url\":\"http:\\\/\\\/www.kobler-margreid.com\\\/blog\\\/wp-content\\\/2014\\\/10\\\/cf_12.jpg\",\"contentUrl\":\"http:\\\/\\\/www.kobler-margreid.com\\\/blog\\\/wp-content\\\/2014\\\/10\\\/cf_12.jpg\"},{\"@type\":\"BreadcrumbList\",\"@id\":\"https:\\\/\\\/www.kobler-margreid.com\\\/blog\\\/blog\\\/2014\\\/10\\\/31\\\/jetzt-gibt-es-ihn_adesso-e-disponibile\\\/#breadcrumb\",\"itemListElement\":[{\"@type\":\"ListItem\",\"position\":1,\"name\":\"Startseite\",\"item\":\"https:\\\/\\\/www.kobler-margreid.com\\\/blog\\\/\"},{\"@type\":\"ListItem\",\"position\":2,\"name\":\"Jetzt gibt es ihn&#8230; \u2014 Adesso \u00e8 disponibile&#8230;\"}]},{\"@type\":\"WebSite\",\"@id\":\"https:\\\/\\\/www.kobler-margreid.com\\\/blog\\\/#website\",\"url\":\"https:\\\/\\\/www.kobler-margreid.com\\\/blog\\\/\",\"name\":\"weinhof KOBLER weblog\",\"description\":\"dem wein ganz nah \u2013 all&#039;interno del vino\",\"publisher\":{\"@id\":\"https:\\\/\\\/www.kobler-margreid.com\\\/blog\\\/#\\\/schema\\\/person\\\/6a2290c17f680f59c1fa7e1c7a36df3a\"},\"potentialAction\":[{\"@type\":\"SearchAction\",\"target\":{\"@type\":\"EntryPoint\",\"urlTemplate\":\"https:\\\/\\\/www.kobler-margreid.com\\\/blog\\\/?s={search_term_string}\"},\"query-input\":{\"@type\":\"PropertyValueSpecification\",\"valueRequired\":true,\"valueName\":\"search_term_string\"}}],\"inLanguage\":\"de\"},{\"@type\":[\"Person\",\"Organization\"],\"@id\":\"https:\\\/\\\/www.kobler-margreid.com\\\/blog\\\/#\\\/schema\\\/person\\\/6a2290c17f680f59c1fa7e1c7a36df3a\",\"name\":\"armin kobler\",\"image\":{\"@type\":\"ImageObject\",\"inLanguage\":\"de\",\"@id\":\"https:\\\/\\\/www.kobler-margreid.com\\\/blog\\\/wp-content\\\/2023\\\/11\\\/2012-05-08_09-33-03a.jpg\",\"url\":\"https:\\\/\\\/www.kobler-margreid.com\\\/blog\\\/wp-content\\\/2023\\\/11\\\/2012-05-08_09-33-03a.jpg\",\"contentUrl\":\"https:\\\/\\\/www.kobler-margreid.com\\\/blog\\\/wp-content\\\/2023\\\/11\\\/2012-05-08_09-33-03a.jpg\",\"width\":1088,\"height\":1184,\"caption\":\"armin kobler\"},\"logo\":{\"@id\":\"https:\\\/\\\/www.kobler-margreid.com\\\/blog\\\/wp-content\\\/2023\\\/11\\\/2012-05-08_09-33-03a.jpg\"},\"sameAs\":[\"http:\\\/\\\/www.kobler-margreid.com\",\"https:\\\/\\\/www.facebook.com\\\/armin.kobler\\\/\"],\"url\":\"https:\\\/\\\/www.kobler-margreid.com\\\/blog\\\/blog\\\/author\\\/admin\\\/\"}]}<\/script>\n<!-- \/ Yoast SEO plugin. -->","yoast_head_json":{"title":"Jetzt gibt es ihn... \u2014 Adesso \u00e8 disponibile... - weinhof KOBLER weblog","robots":{"index":"index","follow":"follow","max-snippet":"max-snippet:-1","max-image-preview":"max-image-preview:large","max-video-preview":"max-video-preview:-1"},"canonical":"https:\/\/www.kobler-margreid.com\/blog\/blog\/2014\/10\/31\/jetzt-gibt-es-ihn_adesso-e-disponibile\/","og_locale":"de_DE","og_type":"article","og_title":"Jetzt gibt es ihn... \u2014 Adesso \u00e8 disponibile... - weinhof KOBLER weblog","og_description":"&#8230; und er ist nicht grasig! Denn leider wird immer noch sehr oft&nbsp;Cabernet Franc mit vegetalen Aromen in Verbindung gebracht. Schuld daran sind einerseits die vierlerorts in Nordostitalien noch vorhandenen Carm\u00e9n\u00e8re-Anlagen sowie Cabernet-Weing\u00e4rten, welche auf Grund der angestrebten hohen Hektarertr\u00e4ge &hellip; Weiterlesen &rarr;","og_url":"https:\/\/www.kobler-margreid.com\/blog\/blog\/2014\/10\/31\/jetzt-gibt-es-ihn_adesso-e-disponibile\/","og_site_name":"weinhof KOBLER weblog","article_publisher":"https:\/\/www.facebook.com\/armin.kobler\/","article_author":"https:\/\/www.facebook.com\/armin.kobler\/","article_published_time":"2014-10-31T21:37:45+00:00","article_modified_time":"2016-12-29T16:17:43+00:00","og_image":[{"url":"http:\/\/www.kobler-margreid.com\/blog\/wp-content\/2014\/10\/cf_12.jpg","type":"","width":"","height":""}],"author":"armin kobler","twitter_card":"summary_large_image","twitter_misc":{"Verfasst von":"armin kobler","Gesch\u00e4tzte Lesezeit":"2\u00a0Minuten"},"schema":{"@context":"https:\/\/schema.org","@graph":[{"@type":"Article","@id":"https:\/\/www.kobler-margreid.com\/blog\/blog\/2014\/10\/31\/jetzt-gibt-es-ihn_adesso-e-disponibile\/#article","isPartOf":{"@id":"https:\/\/www.kobler-margreid.com\/blog\/blog\/2014\/10\/31\/jetzt-gibt-es-ihn_adesso-e-disponibile\/"},"author":{"name":"armin kobler","@id":"https:\/\/www.kobler-margreid.com\/blog\/#\/schema\/person\/6a2290c17f680f59c1fa7e1c7a36df3a"},"headline":"Jetzt gibt es ihn&#8230; \u2014 Adesso \u00e8 disponibile&#8230;","datePublished":"2014-10-31T21:37:45+00:00","dateModified":"2016-12-29T16:17:43+00:00","mainEntityOfPage":{"@id":"https:\/\/www.kobler-margreid.com\/blog\/blog\/2014\/10\/31\/jetzt-gibt-es-ihn_adesso-e-disponibile\/"},"wordCount":421,"commentCount":1,"publisher":{"@id":"https:\/\/www.kobler-margreid.com\/blog\/#\/schema\/person\/6a2290c17f680f59c1fa7e1c7a36df3a"},"image":{"@id":"https:\/\/www.kobler-margreid.com\/blog\/blog\/2014\/10\/31\/jetzt-gibt-es-ihn_adesso-e-disponibile\/#primaryimage"},"thumbnailUrl":"http:\/\/www.kobler-margreid.com\/blog\/wp-content\/2014\/10\/cf_12.jpg","keywords":["Cabernet franc","Carm\u00e9n\u00e8re","Puit"],"articleSection":["Ank\u00fcndigung - Annuncio"],"inLanguage":"de","potentialAction":[{"@type":"CommentAction","name":"Comment","target":["https:\/\/www.kobler-margreid.com\/blog\/blog\/2014\/10\/31\/jetzt-gibt-es-ihn_adesso-e-disponibile\/#respond"]}]},{"@type":"WebPage","@id":"https:\/\/www.kobler-margreid.com\/blog\/blog\/2014\/10\/31\/jetzt-gibt-es-ihn_adesso-e-disponibile\/","url":"https:\/\/www.kobler-margreid.com\/blog\/blog\/2014\/10\/31\/jetzt-gibt-es-ihn_adesso-e-disponibile\/","name":"Jetzt gibt es ihn... \u2014 Adesso \u00e8 disponibile... - weinhof KOBLER weblog","isPartOf":{"@id":"https:\/\/www.kobler-margreid.com\/blog\/#website"},"primaryImageOfPage":{"@id":"https:\/\/www.kobler-margreid.com\/blog\/blog\/2014\/10\/31\/jetzt-gibt-es-ihn_adesso-e-disponibile\/#primaryimage"},"image":{"@id":"https:\/\/www.kobler-margreid.com\/blog\/blog\/2014\/10\/31\/jetzt-gibt-es-ihn_adesso-e-disponibile\/#primaryimage"},"thumbnailUrl":"http:\/\/www.kobler-margreid.com\/blog\/wp-content\/2014\/10\/cf_12.jpg","datePublished":"2014-10-31T21:37:45+00:00","dateModified":"2016-12-29T16:17:43+00:00","breadcrumb":{"@id":"https:\/\/www.kobler-margreid.com\/blog\/blog\/2014\/10\/31\/jetzt-gibt-es-ihn_adesso-e-disponibile\/#breadcrumb"},"inLanguage":"de","potentialAction":[{"@type":"ReadAction","target":["https:\/\/www.kobler-margreid.com\/blog\/blog\/2014\/10\/31\/jetzt-gibt-es-ihn_adesso-e-disponibile\/"]}]},{"@type":"ImageObject","inLanguage":"de","@id":"https:\/\/www.kobler-margreid.com\/blog\/blog\/2014\/10\/31\/jetzt-gibt-es-ihn_adesso-e-disponibile\/#primaryimage","url":"http:\/\/www.kobler-margreid.com\/blog\/wp-content\/2014\/10\/cf_12.jpg","contentUrl":"http:\/\/www.kobler-margreid.com\/blog\/wp-content\/2014\/10\/cf_12.jpg"},{"@type":"BreadcrumbList","@id":"https:\/\/www.kobler-margreid.com\/blog\/blog\/2014\/10\/31\/jetzt-gibt-es-ihn_adesso-e-disponibile\/#breadcrumb","itemListElement":[{"@type":"ListItem","position":1,"name":"Startseite","item":"https:\/\/www.kobler-margreid.com\/blog\/"},{"@type":"ListItem","position":2,"name":"Jetzt gibt es ihn&#8230; \u2014 Adesso \u00e8 disponibile&#8230;"}]},{"@type":"WebSite","@id":"https:\/\/www.kobler-margreid.com\/blog\/#website","url":"https:\/\/www.kobler-margreid.com\/blog\/","name":"weinhof KOBLER weblog","description":"dem wein ganz nah \u2013 all&#039;interno del vino","publisher":{"@id":"https:\/\/www.kobler-margreid.com\/blog\/#\/schema\/person\/6a2290c17f680f59c1fa7e1c7a36df3a"},"potentialAction":[{"@type":"SearchAction","target":{"@type":"EntryPoint","urlTemplate":"https:\/\/www.kobler-margreid.com\/blog\/?s={search_term_string}"},"query-input":{"@type":"PropertyValueSpecification","valueRequired":true,"valueName":"search_term_string"}}],"inLanguage":"de"},{"@type":["Person","Organization"],"@id":"https:\/\/www.kobler-margreid.com\/blog\/#\/schema\/person\/6a2290c17f680f59c1fa7e1c7a36df3a","name":"armin kobler","image":{"@type":"ImageObject","inLanguage":"de","@id":"https:\/\/www.kobler-margreid.com\/blog\/wp-content\/2023\/11\/2012-05-08_09-33-03a.jpg","url":"https:\/\/www.kobler-margreid.com\/blog\/wp-content\/2023\/11\/2012-05-08_09-33-03a.jpg","contentUrl":"https:\/\/www.kobler-margreid.com\/blog\/wp-content\/2023\/11\/2012-05-08_09-33-03a.jpg","width":1088,"height":1184,"caption":"armin kobler"},"logo":{"@id":"https:\/\/www.kobler-margreid.com\/blog\/wp-content\/2023\/11\/2012-05-08_09-33-03a.jpg"},"sameAs":["http:\/\/www.kobler-margreid.com","https:\/\/www.facebook.com\/armin.kobler\/"],"url":"https:\/\/www.kobler-margreid.com\/blog\/blog\/author\/admin\/"}]}},"_links":{"self":[{"href":"https:\/\/www.kobler-margreid.com\/blog\/wp-json\/wp\/v2\/posts\/12667","targetHints":{"allow":["GET"]}}],"collection":[{"href":"https:\/\/www.kobler-margreid.com\/blog\/wp-json\/wp\/v2\/posts"}],"about":[{"href":"https:\/\/www.kobler-margreid.com\/blog\/wp-json\/wp\/v2\/types\/post"}],"author":[{"embeddable":true,"href":"https:\/\/www.kobler-margreid.com\/blog\/wp-json\/wp\/v2\/users\/1"}],"replies":[{"embeddable":true,"href":"https:\/\/www.kobler-margreid.com\/blog\/wp-json\/wp\/v2\/comments?post=12667"}],"version-history":[{"count":0,"href":"https:\/\/www.kobler-margreid.com\/blog\/wp-json\/wp\/v2\/posts\/12667\/revisions"}],"wp:attachment":[{"href":"https:\/\/www.kobler-margreid.com\/blog\/wp-json\/wp\/v2\/media?parent=12667"}],"wp:term":[{"taxonomy":"category","embeddable":true,"href":"https:\/\/www.kobler-margreid.com\/blog\/wp-json\/wp\/v2\/categories?post=12667"},{"taxonomy":"post_tag","embeddable":true,"href":"https:\/\/www.kobler-margreid.com\/blog\/wp-json\/wp\/v2\/tags?post=12667"}],"curies":[{"name":"wp","href":"https:\/\/api.w.org\/{rel}","templated":true}]}}