{"id":1289,"date":"2009-02-23T21:46:08","date_gmt":"2009-02-23T20:46:08","guid":{"rendered":"http:\/\/www.kobler-margreid.com\/blog\/?p=1289"},"modified":"2009-03-20T23:37:19","modified_gmt":"2009-03-20T22:37:19","slug":"weinbauern-urbanistikreferenten-vignaiolo-assessore-all-urbanisitica","status":"publish","type":"post","link":"https:\/\/www.kobler-margreid.com\/blog\/blog\/2009\/02\/23\/weinbauern-urbanistikreferenten-vignaiolo-assessore-all-urbanisitica\/","title":{"rendered":"Was kann einem Weinbauern und Urbanistikreferenten besseres passieren? &#8211; Cosa pu\u00f2 succedere di meglio ad un vignaiolo ed assessore all&#8217;urbanistica?"},"content":{"rendered":"<p style=\"text-align: left;\"><a href=\"http:\/\/www.kobler-margreid.com\/blog\/wp-content\/2009\/02\/cci00002b.jpg\" rel=\"lightbox[1289]\"><img loading=\"lazy\" decoding=\"async\" class=\"aligncenter size-full wp-image-1293\" style=\"border: 0pt none; margin: 0px;\" title=\"Vergr\u00f6\u00dfern - Ingrandire: Villa Klaus Maran\" src=\"http:\/\/www.kobler-margreid.com\/blog\/wp-content\/imagescaler\/e771fb5fa39fdcd93147d393759bcacc.jpg\" alt=\"cci00002b\" width=\"491\" height=\"270\" \/><\/a> <a title=\"Website A.G. Hempel\" href=\"http:\/\/www.agh.bz\" target=\"_blank\">Andreas Gottlieb Hempel<\/a> ist inzwischen auch in S\u00fcdtirol kein Unbekannter mehr. Der geb\u00fcrtige Dresdner hat sich international einen Namen als Architekt gemacht und stand u.a. der Deutschen Architektenkammer vor. Seit 2003 lebt er in Brixen und befasst sich intensiv mit der S\u00fcdtiroler Lebenskultur. Das Land wandernd und einkehrend zu erkunden und immer wieder auf die mehr oder weniger gelungene Architektur hinzuweisen hat bei ihm zur Ver\u00f6ffentlichung diverser <a title=\"Publikationen A.G. Hempel\" href=\"http:\/\/www.agh.bz\/script\/templates\/modules\/fotogallery\/popup.asp?L=de&amp;galleryId=3120&amp;modid=926&amp;m1=3991&amp;m2=0&amp;m3=0\" target=\"_blank\">B\u00fccher<\/a> gef\u00fchrt.<\/p>\n<p style=\"text-align: left;\"><em><a title=\"Website A.G. Hempel\" href=\"http:\/\/www.agh.bz\" target=\"_blank\">Andreas Gottlieb Hempel<\/a><\/em><em> non \u00e8 pi\u00f9 uno sconosciuto in Alto Adige. Nato a Dresda in Germania si fece un nome come architetto e ricopr\u00ec anche la carica di presidente alla Camera degli Architetti Tedeschi. Dal 2003 vive a Bressanone dove tra l\u2019altro si occupa intensamente del modo di vivere sudtirolese. Percorrendo l\u2019Alto Adige in veste di escursionista, buongustaio e amante dell\u2019arte ha pubblicato diversi <a title=\"Publikationen A.G. Hempel\" href=\"http:\/\/www.agh.bz\/script\/templates\/modules\/fotogallery\/popup.asp?L=de&amp;galleryId=3120&amp;modid=926&amp;m1=3991&amp;m2=0&amp;m3=0\" target=\"_blank\">libri<\/a> in cui viene trattato ovviamente sempre anche l&#8217;architettura dei posti visitati. <\/em><\/p>\n<p style=\"text-align: left;\"><!--more--><\/p>\n<p style=\"text-align: left;\"><a href=\"http:\/\/www.kobler-margreid.com\/blog\/wp-content\/2009\/02\/ccx00001a.jpg\" rel=\"lightbox[1289]\"><img loading=\"lazy\" decoding=\"async\" class=\"float left alignleft size-full wp-image-1300\" style=\"border: 0pt none; margin: 0px 5px;\" title=\"Andreas Gottlieb Hempel\" src=\"http:\/\/www.kobler-margreid.com\/blog\/wp-content\/2009\/02\/ccx00001b.jpg\" alt=\"ccx00001b\" width=\"190\" height=\"270\" srcset=\"https:\/\/www.kobler-margreid.com\/blog\/wp-content\/2009\/02\/ccx00001b.jpg 237w, https:\/\/www.kobler-margreid.com\/blog\/wp-content\/2009\/02\/ccx00001b-210x300.jpg 210w\" sizes=\"auto, (max-width: 190px) 100vw, 190px\" \/><\/a>Mehr und mehr hat er auch begonnen, zu aktuellen Baufragen bei uns Stellung zu nehmen und hat in der Folge das Buch <a title=\"libri: Architektur in S\u00fcdtirol\" href=\"http:\/\/www.libri.de\/shop\/action\/productDetails\/7408595\/andreas_gottlieb_hempel_architektur_in_suedtirol_3766717650.html\" target=\"_blank\">Architektur in S\u00fcdtirol<\/a> geschrieben. Auf fast 160 Seiten werden 45 letztlich abgeschlossene Projekte dargestellt, welche einen repr\u00e4sentativen Querschnitt der aktuellen Architekturszene im Tirol s\u00fcdlich es Brenners ergeben.<\/p>\n<p style=\"text-align: left;\"><span style=\"color: #000000; font-size: x-small;\"><em> <\/em><\/span><em>Contemporaneamente ha cominciato a prendere sempre pi\u00f9 posizione riguardo a problemi architettonici attuali nella nostra provincia. Nel suo ultimo libro <a title=\"libri: Architektur in S\u00fcdtirol\" href=\"http:\/\/www.libri.de\/shop\/action\/productDetails\/7408595\/andreas_gottlieb_hempel_architektur_in_suedtirol_3766717650.html\" target=\"_blank\">Architektur in S\u00fcdtirol<\/a><\/em><em> vengono presentati su quasi 160 pagine 45 progetti recenti, che sono rappresentativi per la scena architettonica attuale sudtirolese.<\/em><\/p>\n<p style=\"text-align: left;\"><em>ngg_shortcode_0_placeholder<\/em><\/p>\n<p style=\"text-align: left;\">Hempel, der inzwischen zum Sommelier anvanciert ist, bereicherte die Publikation mit einer un\u00fcblichen, individuellen Note: jedem Bau wurde ein Wein zugeordnet, der auf irgend einer Weise mit dem Projekt, dem Bauherrn oder der Gegend in Bezug steht.\u00a0 Ein Exemplar von <em>Architektur in S\u00fcdtirol<\/em> habe ich k\u00fcrzlich von Monika geschenkt bekommen und ich habe nicht wenig dar\u00fcber gestaunt, einen Wein von uns darin zu finden. Ob mein Grauer Burgunder den Bau von Klaus Maran (Projekt Othmar Barth) in Kaltern vervollst\u00e4ndigen darf, weil dieser meine Weine im Restaurant <a title=\"weinhof KOBLER Blog: In bester Gesellschaft\" href=\"http:\/\/www.kobler-margreid.com\/blog\/2008\/08\/18\/in-bester-gesellschaft\/\" target=\"_blank\">Gretl am See<\/a> f\u00fchrt? Oder sind es andere Gemeinsamkeiten, die zu dieser Kombination gef\u00fchrt haben? Ich muss Herrn Hempel das n\u00e4chste Mal, wo wir uns \u00fcber den Weg laufen, unbedingt fragen.<\/p>\n<p style=\"text-align: left;\"><em>Hempel, che nel frattempo si \u00e8 anche diplomato Sommelier, arricchisce questa sua pubblicazione con delle note insolite e individuali: ad ogni costruzione viene assegnato un vino, che\u00a0 in qualche modo ha una relazione con il progetto, il committente o il paesaggio. Il libro me lo ha regalato Monika recentemente e sono rimasto molto sorpreso di trovarci anche un nostro vino.\u00a0 Mi domando, se il mio Grauer Burgunder\/Pinot grigio pu\u00f2 completare la casa di Klaus Maran (progetto di Othmar Barth)<\/em><em> a Caldaro, perch\u00e9 quest\u2019ultimo tiene questo mio vino nel suo ristorante<\/em> <em><a title=\"weinhof KOBLER Blog: In bester Gesellschaft\" href=\"http:\/\/www.kobler-margreid.com\/blog\/2008\/08\/18\/in-bester-gesellschaft\/\" target=\"_blank\">Gretl am See<\/a>. O qual\u2019\u00e8 la sintonia, che ha portato a questo abbinamento? Lo chieder\u00f2 al Signor Hempel, la prossima volta che le nostre strade si incrociano&#8230;<\/em><\/p>\n<p style=\"text-align: left;\">\n<p style=\"text-align: left;\">\n<p style=\"text-align: left;\">\n<p style=\"text-align: left;\">\n<p style=\"text-align: left;\">\n<p style=\"text-align: left;\">\n<p><a href=\"http:\/\/www.kobler-margreid.com\/blog\/wp-content\/2009\/02\/cci00000a.jpg\" rel=\"lightbox[1289]\"><br \/>\n<\/a><\/p>\n<p style=\"text-align: left;\">\n<p style=\"text-align: left;\">\n<p style=\"text-align: left;\">\n<p style=\"text-align: left;\">\n<p style=\"text-align: left;\">\n<p style=\"text-align: left;\">\n<p><a href=\"http:\/\/www.kobler-margreid.com\/blog\/wp-content\/2009\/02\/cci00000a.jpg\" rel=\"lightbox[1289]\"><br \/>\n<\/a><\/p>\n<p style=\"text-align: left;\">\n<p style=\"text-align: left;\">\n","protected":false},"excerpt":{"rendered":"<p>Andreas Gottlieb Hempel ist inzwischen auch in S\u00fcdtirol kein Unbekannter mehr. Der geb\u00fcrtige Dresdner hat sich international einen Namen als Architekt gemacht und stand u.a. der Deutschen Architektenkammer vor. Seit 2003 lebt er in Brixen und befasst sich intensiv mit &hellip; <a href=\"https:\/\/www.kobler-margreid.com\/blog\/blog\/2009\/02\/23\/weinbauern-urbanistikreferenten-vignaiolo-assessore-all-urbanisitica\/\">Weiterlesen <span class=\"meta-nav\">&rarr;<\/span><\/a><\/p>\n","protected":false},"author":1,"featured_media":0,"comment_status":"open","ping_status":"open","sticky":false,"template":"","format":"standard","meta":{"ngg_post_thumbnail":0,"footnotes":"","_links_to":"","_links_to_target":""},"categories":[328],"tags":[325,326,327,30],"class_list":["post-1289","post","type-post","status-publish","format-standard","hentry","category-rezension-recensione","tag-andreas-gottlieb-hempel","tag-architektur","tag-othmar-barth","tag-suedtiroler-grauer-burgunder"],"yoast_head":"<!-- This site is optimized with the Yoast SEO plugin v27.5 - https:\/\/yoast.com\/product\/yoast-seo-wordpress\/ -->\n<title>Was kann einem Weinbauern und Urbanistikreferenten besseres passieren? - Cosa pu\u00f2 succedere di meglio ad un vignaiolo ed assessore all&#039;urbanistica?  - weinhof KOBLER weblog<\/title>\n<meta name=\"robots\" content=\"index, follow, max-snippet:-1, max-image-preview:large, max-video-preview:-1\" \/>\n<link rel=\"canonical\" href=\"https:\/\/www.kobler-margreid.com\/blog\/blog\/2009\/02\/23\/weinbauern-urbanistikreferenten-vignaiolo-assessore-all-urbanisitica\/\" \/>\n<meta property=\"og:locale\" content=\"de_DE\" \/>\n<meta property=\"og:type\" content=\"article\" \/>\n<meta property=\"og:title\" content=\"Was kann einem Weinbauern und Urbanistikreferenten besseres passieren? - Cosa pu\u00f2 succedere di meglio ad un vignaiolo ed assessore all&#039;urbanistica?  - weinhof KOBLER weblog\" \/>\n<meta property=\"og:description\" content=\"Andreas Gottlieb Hempel ist inzwischen auch in S\u00fcdtirol kein Unbekannter mehr. Der geb\u00fcrtige Dresdner hat sich international einen Namen als Architekt gemacht und stand u.a. der Deutschen Architektenkammer vor. Seit 2003 lebt er in Brixen und befasst sich intensiv mit &hellip; Weiterlesen &rarr;\" \/>\n<meta property=\"og:url\" content=\"https:\/\/www.kobler-margreid.com\/blog\/blog\/2009\/02\/23\/weinbauern-urbanistikreferenten-vignaiolo-assessore-all-urbanisitica\/\" \/>\n<meta property=\"og:site_name\" content=\"weinhof KOBLER weblog\" \/>\n<meta property=\"article:publisher\" content=\"https:\/\/www.facebook.com\/armin.kobler\/\" \/>\n<meta property=\"article:author\" content=\"https:\/\/www.facebook.com\/armin.kobler\/\" \/>\n<meta property=\"article:published_time\" content=\"2009-02-23T20:46:08+00:00\" \/>\n<meta property=\"article:modified_time\" content=\"2009-03-20T22:37:19+00:00\" \/>\n<meta property=\"og:image\" content=\"http:\/\/www.kobler-margreid.com\/blog\/wp-content\/imagescaler\/e771fb5fa39fdcd93147d393759bcacc.jpg\" \/>\n<meta name=\"author\" content=\"armin kobler\" \/>\n<meta name=\"twitter:card\" content=\"summary_large_image\" \/>\n<meta name=\"twitter:label1\" content=\"Verfasst von\" \/>\n\t<meta name=\"twitter:data1\" content=\"armin kobler\" \/>\n\t<meta name=\"twitter:label2\" content=\"Gesch\u00e4tzte Lesezeit\" \/>\n\t<meta name=\"twitter:data2\" content=\"2\u00a0Minuten\" \/>\n<script type=\"application\/ld+json\" class=\"yoast-schema-graph\">{\"@context\":\"https:\\\/\\\/schema.org\",\"@graph\":[{\"@type\":\"Article\",\"@id\":\"https:\\\/\\\/www.kobler-margreid.com\\\/blog\\\/blog\\\/2009\\\/02\\\/23\\\/weinbauern-urbanistikreferenten-vignaiolo-assessore-all-urbanisitica\\\/#article\",\"isPartOf\":{\"@id\":\"https:\\\/\\\/www.kobler-margreid.com\\\/blog\\\/blog\\\/2009\\\/02\\\/23\\\/weinbauern-urbanistikreferenten-vignaiolo-assessore-all-urbanisitica\\\/\"},\"author\":{\"name\":\"armin kobler\",\"@id\":\"https:\\\/\\\/www.kobler-margreid.com\\\/blog\\\/#\\\/schema\\\/person\\\/6a2290c17f680f59c1fa7e1c7a36df3a\"},\"headline\":\"Was kann einem Weinbauern und Urbanistikreferenten besseres passieren? &#8211; Cosa pu\u00f2 succedere di meglio ad un vignaiolo ed assessore all&#8217;urbanistica?\",\"datePublished\":\"2009-02-23T20:46:08+00:00\",\"dateModified\":\"2009-03-20T22:37:19+00:00\",\"mainEntityOfPage\":{\"@id\":\"https:\\\/\\\/www.kobler-margreid.com\\\/blog\\\/blog\\\/2009\\\/02\\\/23\\\/weinbauern-urbanistikreferenten-vignaiolo-assessore-all-urbanisitica\\\/\"},\"wordCount\":507,\"commentCount\":4,\"publisher\":{\"@id\":\"https:\\\/\\\/www.kobler-margreid.com\\\/blog\\\/#\\\/schema\\\/person\\\/6a2290c17f680f59c1fa7e1c7a36df3a\"},\"image\":{\"@id\":\"https:\\\/\\\/www.kobler-margreid.com\\\/blog\\\/blog\\\/2009\\\/02\\\/23\\\/weinbauern-urbanistikreferenten-vignaiolo-assessore-all-urbanisitica\\\/#primaryimage\"},\"thumbnailUrl\":\"http:\\\/\\\/www.kobler-margreid.com\\\/blog\\\/wp-content\\\/imagescaler\\\/e771fb5fa39fdcd93147d393759bcacc.jpg\",\"keywords\":[\"Andreas Gottlieb Hempel\",\"Architektur\",\"Othmar Barth\",\"S\u00fcdtiroler Grauer Burgunder\"],\"articleSection\":[\"Rezensionen - Recensioni\"],\"inLanguage\":\"de\",\"potentialAction\":[{\"@type\":\"CommentAction\",\"name\":\"Comment\",\"target\":[\"https:\\\/\\\/www.kobler-margreid.com\\\/blog\\\/blog\\\/2009\\\/02\\\/23\\\/weinbauern-urbanistikreferenten-vignaiolo-assessore-all-urbanisitica\\\/#respond\"]}]},{\"@type\":\"WebPage\",\"@id\":\"https:\\\/\\\/www.kobler-margreid.com\\\/blog\\\/blog\\\/2009\\\/02\\\/23\\\/weinbauern-urbanistikreferenten-vignaiolo-assessore-all-urbanisitica\\\/\",\"url\":\"https:\\\/\\\/www.kobler-margreid.com\\\/blog\\\/blog\\\/2009\\\/02\\\/23\\\/weinbauern-urbanistikreferenten-vignaiolo-assessore-all-urbanisitica\\\/\",\"name\":\"Was kann einem Weinbauern und Urbanistikreferenten besseres passieren? - Cosa pu\u00f2 succedere di meglio ad un vignaiolo ed assessore all'urbanistica? - weinhof KOBLER weblog\",\"isPartOf\":{\"@id\":\"https:\\\/\\\/www.kobler-margreid.com\\\/blog\\\/#website\"},\"primaryImageOfPage\":{\"@id\":\"https:\\\/\\\/www.kobler-margreid.com\\\/blog\\\/blog\\\/2009\\\/02\\\/23\\\/weinbauern-urbanistikreferenten-vignaiolo-assessore-all-urbanisitica\\\/#primaryimage\"},\"image\":{\"@id\":\"https:\\\/\\\/www.kobler-margreid.com\\\/blog\\\/blog\\\/2009\\\/02\\\/23\\\/weinbauern-urbanistikreferenten-vignaiolo-assessore-all-urbanisitica\\\/#primaryimage\"},\"thumbnailUrl\":\"http:\\\/\\\/www.kobler-margreid.com\\\/blog\\\/wp-content\\\/imagescaler\\\/e771fb5fa39fdcd93147d393759bcacc.jpg\",\"datePublished\":\"2009-02-23T20:46:08+00:00\",\"dateModified\":\"2009-03-20T22:37:19+00:00\",\"breadcrumb\":{\"@id\":\"https:\\\/\\\/www.kobler-margreid.com\\\/blog\\\/blog\\\/2009\\\/02\\\/23\\\/weinbauern-urbanistikreferenten-vignaiolo-assessore-all-urbanisitica\\\/#breadcrumb\"},\"inLanguage\":\"de\",\"potentialAction\":[{\"@type\":\"ReadAction\",\"target\":[\"https:\\\/\\\/www.kobler-margreid.com\\\/blog\\\/blog\\\/2009\\\/02\\\/23\\\/weinbauern-urbanistikreferenten-vignaiolo-assessore-all-urbanisitica\\\/\"]}]},{\"@type\":\"ImageObject\",\"inLanguage\":\"de\",\"@id\":\"https:\\\/\\\/www.kobler-margreid.com\\\/blog\\\/blog\\\/2009\\\/02\\\/23\\\/weinbauern-urbanistikreferenten-vignaiolo-assessore-all-urbanisitica\\\/#primaryimage\",\"url\":\"https:\\\/\\\/www.kobler-margreid.com\\\/blog\\\/wp-content\\\/2009\\\/02\\\/cci00002b.jpg\",\"contentUrl\":\"https:\\\/\\\/www.kobler-margreid.com\\\/blog\\\/wp-content\\\/2009\\\/02\\\/cci00002b.jpg\",\"width\":\"1024\",\"height\":\"563\"},{\"@type\":\"BreadcrumbList\",\"@id\":\"https:\\\/\\\/www.kobler-margreid.com\\\/blog\\\/blog\\\/2009\\\/02\\\/23\\\/weinbauern-urbanistikreferenten-vignaiolo-assessore-all-urbanisitica\\\/#breadcrumb\",\"itemListElement\":[{\"@type\":\"ListItem\",\"position\":1,\"name\":\"Startseite\",\"item\":\"https:\\\/\\\/www.kobler-margreid.com\\\/blog\\\/\"},{\"@type\":\"ListItem\",\"position\":2,\"name\":\"Was kann einem Weinbauern und Urbanistikreferenten besseres passieren? &#8211; Cosa pu\u00f2 succedere di meglio ad un vignaiolo ed assessore all&#8217;urbanistica?\"}]},{\"@type\":\"WebSite\",\"@id\":\"https:\\\/\\\/www.kobler-margreid.com\\\/blog\\\/#website\",\"url\":\"https:\\\/\\\/www.kobler-margreid.com\\\/blog\\\/\",\"name\":\"weinhof KOBLER weblog\",\"description\":\"dem wein ganz nah \u2013 all&#039;interno del vino\",\"publisher\":{\"@id\":\"https:\\\/\\\/www.kobler-margreid.com\\\/blog\\\/#\\\/schema\\\/person\\\/6a2290c17f680f59c1fa7e1c7a36df3a\"},\"potentialAction\":[{\"@type\":\"SearchAction\",\"target\":{\"@type\":\"EntryPoint\",\"urlTemplate\":\"https:\\\/\\\/www.kobler-margreid.com\\\/blog\\\/?s={search_term_string}\"},\"query-input\":{\"@type\":\"PropertyValueSpecification\",\"valueRequired\":true,\"valueName\":\"search_term_string\"}}],\"inLanguage\":\"de\"},{\"@type\":[\"Person\",\"Organization\"],\"@id\":\"https:\\\/\\\/www.kobler-margreid.com\\\/blog\\\/#\\\/schema\\\/person\\\/6a2290c17f680f59c1fa7e1c7a36df3a\",\"name\":\"armin kobler\",\"image\":{\"@type\":\"ImageObject\",\"inLanguage\":\"de\",\"@id\":\"https:\\\/\\\/www.kobler-margreid.com\\\/blog\\\/wp-content\\\/2023\\\/11\\\/2012-05-08_09-33-03a.jpg\",\"url\":\"https:\\\/\\\/www.kobler-margreid.com\\\/blog\\\/wp-content\\\/2023\\\/11\\\/2012-05-08_09-33-03a.jpg\",\"contentUrl\":\"https:\\\/\\\/www.kobler-margreid.com\\\/blog\\\/wp-content\\\/2023\\\/11\\\/2012-05-08_09-33-03a.jpg\",\"width\":1088,\"height\":1184,\"caption\":\"armin kobler\"},\"logo\":{\"@id\":\"https:\\\/\\\/www.kobler-margreid.com\\\/blog\\\/wp-content\\\/2023\\\/11\\\/2012-05-08_09-33-03a.jpg\"},\"sameAs\":[\"http:\\\/\\\/www.kobler-margreid.com\",\"https:\\\/\\\/www.facebook.com\\\/armin.kobler\\\/\"],\"url\":\"https:\\\/\\\/www.kobler-margreid.com\\\/blog\\\/blog\\\/author\\\/admin\\\/\"}]}<\/script>\n<!-- \/ Yoast SEO plugin. -->","yoast_head_json":{"title":"Was kann einem Weinbauern und Urbanistikreferenten besseres passieren? - Cosa pu\u00f2 succedere di meglio ad un vignaiolo ed assessore all'urbanistica?  - weinhof KOBLER weblog","robots":{"index":"index","follow":"follow","max-snippet":"max-snippet:-1","max-image-preview":"max-image-preview:large","max-video-preview":"max-video-preview:-1"},"canonical":"https:\/\/www.kobler-margreid.com\/blog\/blog\/2009\/02\/23\/weinbauern-urbanistikreferenten-vignaiolo-assessore-all-urbanisitica\/","og_locale":"de_DE","og_type":"article","og_title":"Was kann einem Weinbauern und Urbanistikreferenten besseres passieren? - Cosa pu\u00f2 succedere di meglio ad un vignaiolo ed assessore all'urbanistica?  - weinhof KOBLER weblog","og_description":"Andreas Gottlieb Hempel ist inzwischen auch in S\u00fcdtirol kein Unbekannter mehr. Der geb\u00fcrtige Dresdner hat sich international einen Namen als Architekt gemacht und stand u.a. der Deutschen Architektenkammer vor. Seit 2003 lebt er in Brixen und befasst sich intensiv mit &hellip; Weiterlesen &rarr;","og_url":"https:\/\/www.kobler-margreid.com\/blog\/blog\/2009\/02\/23\/weinbauern-urbanistikreferenten-vignaiolo-assessore-all-urbanisitica\/","og_site_name":"weinhof KOBLER weblog","article_publisher":"https:\/\/www.facebook.com\/armin.kobler\/","article_author":"https:\/\/www.facebook.com\/armin.kobler\/","article_published_time":"2009-02-23T20:46:08+00:00","article_modified_time":"2009-03-20T22:37:19+00:00","og_image":[{"url":"http:\/\/www.kobler-margreid.com\/blog\/wp-content\/imagescaler\/e771fb5fa39fdcd93147d393759bcacc.jpg","type":"","width":"","height":""}],"author":"armin kobler","twitter_card":"summary_large_image","twitter_misc":{"Verfasst von":"armin kobler","Gesch\u00e4tzte Lesezeit":"2\u00a0Minuten"},"schema":{"@context":"https:\/\/schema.org","@graph":[{"@type":"Article","@id":"https:\/\/www.kobler-margreid.com\/blog\/blog\/2009\/02\/23\/weinbauern-urbanistikreferenten-vignaiolo-assessore-all-urbanisitica\/#article","isPartOf":{"@id":"https:\/\/www.kobler-margreid.com\/blog\/blog\/2009\/02\/23\/weinbauern-urbanistikreferenten-vignaiolo-assessore-all-urbanisitica\/"},"author":{"name":"armin kobler","@id":"https:\/\/www.kobler-margreid.com\/blog\/#\/schema\/person\/6a2290c17f680f59c1fa7e1c7a36df3a"},"headline":"Was kann einem Weinbauern und Urbanistikreferenten besseres passieren? &#8211; Cosa pu\u00f2 succedere di meglio ad un vignaiolo ed assessore all&#8217;urbanistica?","datePublished":"2009-02-23T20:46:08+00:00","dateModified":"2009-03-20T22:37:19+00:00","mainEntityOfPage":{"@id":"https:\/\/www.kobler-margreid.com\/blog\/blog\/2009\/02\/23\/weinbauern-urbanistikreferenten-vignaiolo-assessore-all-urbanisitica\/"},"wordCount":507,"commentCount":4,"publisher":{"@id":"https:\/\/www.kobler-margreid.com\/blog\/#\/schema\/person\/6a2290c17f680f59c1fa7e1c7a36df3a"},"image":{"@id":"https:\/\/www.kobler-margreid.com\/blog\/blog\/2009\/02\/23\/weinbauern-urbanistikreferenten-vignaiolo-assessore-all-urbanisitica\/#primaryimage"},"thumbnailUrl":"http:\/\/www.kobler-margreid.com\/blog\/wp-content\/imagescaler\/e771fb5fa39fdcd93147d393759bcacc.jpg","keywords":["Andreas Gottlieb Hempel","Architektur","Othmar Barth","S\u00fcdtiroler Grauer Burgunder"],"articleSection":["Rezensionen - Recensioni"],"inLanguage":"de","potentialAction":[{"@type":"CommentAction","name":"Comment","target":["https:\/\/www.kobler-margreid.com\/blog\/blog\/2009\/02\/23\/weinbauern-urbanistikreferenten-vignaiolo-assessore-all-urbanisitica\/#respond"]}]},{"@type":"WebPage","@id":"https:\/\/www.kobler-margreid.com\/blog\/blog\/2009\/02\/23\/weinbauern-urbanistikreferenten-vignaiolo-assessore-all-urbanisitica\/","url":"https:\/\/www.kobler-margreid.com\/blog\/blog\/2009\/02\/23\/weinbauern-urbanistikreferenten-vignaiolo-assessore-all-urbanisitica\/","name":"Was kann einem Weinbauern und Urbanistikreferenten besseres passieren? - Cosa pu\u00f2 succedere di meglio ad un vignaiolo ed assessore all'urbanistica? - weinhof KOBLER weblog","isPartOf":{"@id":"https:\/\/www.kobler-margreid.com\/blog\/#website"},"primaryImageOfPage":{"@id":"https:\/\/www.kobler-margreid.com\/blog\/blog\/2009\/02\/23\/weinbauern-urbanistikreferenten-vignaiolo-assessore-all-urbanisitica\/#primaryimage"},"image":{"@id":"https:\/\/www.kobler-margreid.com\/blog\/blog\/2009\/02\/23\/weinbauern-urbanistikreferenten-vignaiolo-assessore-all-urbanisitica\/#primaryimage"},"thumbnailUrl":"http:\/\/www.kobler-margreid.com\/blog\/wp-content\/imagescaler\/e771fb5fa39fdcd93147d393759bcacc.jpg","datePublished":"2009-02-23T20:46:08+00:00","dateModified":"2009-03-20T22:37:19+00:00","breadcrumb":{"@id":"https:\/\/www.kobler-margreid.com\/blog\/blog\/2009\/02\/23\/weinbauern-urbanistikreferenten-vignaiolo-assessore-all-urbanisitica\/#breadcrumb"},"inLanguage":"de","potentialAction":[{"@type":"ReadAction","target":["https:\/\/www.kobler-margreid.com\/blog\/blog\/2009\/02\/23\/weinbauern-urbanistikreferenten-vignaiolo-assessore-all-urbanisitica\/"]}]},{"@type":"ImageObject","inLanguage":"de","@id":"https:\/\/www.kobler-margreid.com\/blog\/blog\/2009\/02\/23\/weinbauern-urbanistikreferenten-vignaiolo-assessore-all-urbanisitica\/#primaryimage","url":"https:\/\/www.kobler-margreid.com\/blog\/wp-content\/2009\/02\/cci00002b.jpg","contentUrl":"https:\/\/www.kobler-margreid.com\/blog\/wp-content\/2009\/02\/cci00002b.jpg","width":"1024","height":"563"},{"@type":"BreadcrumbList","@id":"https:\/\/www.kobler-margreid.com\/blog\/blog\/2009\/02\/23\/weinbauern-urbanistikreferenten-vignaiolo-assessore-all-urbanisitica\/#breadcrumb","itemListElement":[{"@type":"ListItem","position":1,"name":"Startseite","item":"https:\/\/www.kobler-margreid.com\/blog\/"},{"@type":"ListItem","position":2,"name":"Was kann einem Weinbauern und Urbanistikreferenten besseres passieren? &#8211; Cosa pu\u00f2 succedere di meglio ad un vignaiolo ed assessore all&#8217;urbanistica?"}]},{"@type":"WebSite","@id":"https:\/\/www.kobler-margreid.com\/blog\/#website","url":"https:\/\/www.kobler-margreid.com\/blog\/","name":"weinhof KOBLER weblog","description":"dem wein ganz nah \u2013 all&#039;interno del vino","publisher":{"@id":"https:\/\/www.kobler-margreid.com\/blog\/#\/schema\/person\/6a2290c17f680f59c1fa7e1c7a36df3a"},"potentialAction":[{"@type":"SearchAction","target":{"@type":"EntryPoint","urlTemplate":"https:\/\/www.kobler-margreid.com\/blog\/?s={search_term_string}"},"query-input":{"@type":"PropertyValueSpecification","valueRequired":true,"valueName":"search_term_string"}}],"inLanguage":"de"},{"@type":["Person","Organization"],"@id":"https:\/\/www.kobler-margreid.com\/blog\/#\/schema\/person\/6a2290c17f680f59c1fa7e1c7a36df3a","name":"armin kobler","image":{"@type":"ImageObject","inLanguage":"de","@id":"https:\/\/www.kobler-margreid.com\/blog\/wp-content\/2023\/11\/2012-05-08_09-33-03a.jpg","url":"https:\/\/www.kobler-margreid.com\/blog\/wp-content\/2023\/11\/2012-05-08_09-33-03a.jpg","contentUrl":"https:\/\/www.kobler-margreid.com\/blog\/wp-content\/2023\/11\/2012-05-08_09-33-03a.jpg","width":1088,"height":1184,"caption":"armin kobler"},"logo":{"@id":"https:\/\/www.kobler-margreid.com\/blog\/wp-content\/2023\/11\/2012-05-08_09-33-03a.jpg"},"sameAs":["http:\/\/www.kobler-margreid.com","https:\/\/www.facebook.com\/armin.kobler\/"],"url":"https:\/\/www.kobler-margreid.com\/blog\/blog\/author\/admin\/"}]}},"_links":{"self":[{"href":"https:\/\/www.kobler-margreid.com\/blog\/wp-json\/wp\/v2\/posts\/1289","targetHints":{"allow":["GET"]}}],"collection":[{"href":"https:\/\/www.kobler-margreid.com\/blog\/wp-json\/wp\/v2\/posts"}],"about":[{"href":"https:\/\/www.kobler-margreid.com\/blog\/wp-json\/wp\/v2\/types\/post"}],"author":[{"embeddable":true,"href":"https:\/\/www.kobler-margreid.com\/blog\/wp-json\/wp\/v2\/users\/1"}],"replies":[{"embeddable":true,"href":"https:\/\/www.kobler-margreid.com\/blog\/wp-json\/wp\/v2\/comments?post=1289"}],"version-history":[{"count":0,"href":"https:\/\/www.kobler-margreid.com\/blog\/wp-json\/wp\/v2\/posts\/1289\/revisions"}],"wp:attachment":[{"href":"https:\/\/www.kobler-margreid.com\/blog\/wp-json\/wp\/v2\/media?parent=1289"}],"wp:term":[{"taxonomy":"category","embeddable":true,"href":"https:\/\/www.kobler-margreid.com\/blog\/wp-json\/wp\/v2\/categories?post=1289"},{"taxonomy":"post_tag","embeddable":true,"href":"https:\/\/www.kobler-margreid.com\/blog\/wp-json\/wp\/v2\/tags?post=1289"}],"curies":[{"name":"wp","href":"https:\/\/api.w.org\/{rel}","templated":true}]}}