{"id":13383,"date":"2015-08-16T18:01:51","date_gmt":"2015-08-16T16:01:51","guid":{"rendered":"http:\/\/www.kobler-margreid.com\/blog\/?p=13383"},"modified":"2015-09-01T01:03:36","modified_gmt":"2015-08-31T23:03:36","slug":"perglpergola-relaunch-2","status":"publish","type":"post","link":"https:\/\/www.kobler-margreid.com\/blog\/blog\/2015\/08\/16\/perglpergola-relaunch-2\/","title":{"rendered":"Pergl\/Pergola Relaunch (2)"},"content":{"rendered":"<p>&nbsp;<\/p>\n<p><a href=\"http:\/\/www.kobler-margreid.com\/blog\/wp-content\/2015\/08\/2015-08-22_16-29-19.jpg\" rel=\"lightbox[13383]\"><img loading=\"lazy\" decoding=\"async\" class=\"alignleft wp-image-13422\" style=\"border: 0px; margin: -0px 0px 0px -0px;\" src=\"http:\/\/www.kobler-margreid.com\/blog\/wp-content\/2015\/08\/2015-08-22_16-29-19.jpg\" alt=\"2015-08-22_16-29-19\" width=\"531\" height=\"398\" srcset=\"https:\/\/www.kobler-margreid.com\/blog\/wp-content\/2015\/08\/2015-08-22_16-29-19.jpg 1024w, https:\/\/www.kobler-margreid.com\/blog\/wp-content\/2015\/08\/2015-08-22_16-29-19-300x225.jpg 300w, https:\/\/www.kobler-margreid.com\/blog\/wp-content\/2015\/08\/2015-08-22_16-29-19-900x675.jpg 900w\" sizes=\"auto, (max-width: 531px) 100vw, 531px\" \/><\/a><\/p>\n<p>Wie ich schon im vorigen <a href=\"http:\/\/www.kobler-margreid.com\/blog\/2015\/06\/25\/perglpergola-relaunch-1\/\" target=\"_blank\">Beitrag<\/a> erkl\u00e4rt habe, wird auch in den n\u00e4chsten Jahren die Pergl in meinem Betrieb eine wichtige Rolle spielen. Seit der Betriebs\u00fcbernahme habe ich immer wieder dar\u00fcber nachgedacht, wie man diese ehrw\u00fcrdige Erziehungsmethode reformieren, wie man bestimmte Vorteile, welche der Drahtrahmen bietet, auch auf der Pergl anwenden k\u00f6nnte. Die Gestaltung der Laubwand, eigentlich in diesem Fall des Laubdaches, ist hierzu\u00a0ausschlaggebend. Die Wachstumsintensit\u00e4t der Rebe sowie die St\u00e4rke und Richtung der vorherrschenden Winde entscheiden, ob wir mit mehr oder weniger h\u00e4ndischem Aufwand das Ziel einer gleichm\u00e4\u00dfig verteilten, aufger\u00e4umten aber doch lockeren Laubmasse, welche auch den Trauben noch genug Licht und Durchl\u00fcftung l\u00e4sst, erreichen.<\/p>\n<p><em>Nello scorso post a proposito della pergola ho spiegato che anche nei prossimi anni questa\u00a0avr\u00e0 una certa importanza nella mia azienda. Da quando ci lavoro, ho riflettuto pi\u00f9 volte come si potrebbe riformare\u00a0questo spettabile sistema, come si potrebbe fare a trasferire diversi vantaggi della spalliera alla pergola. In questo intento la gestione della palizzata, o meglio, dell&#8217;ala fogliare \u00e8 determinante. La vigoria della vite e l&#8217;intensit\u00e0 e la direzione dei venti dominanti determinano il nostro sforzo, espresso in ore lavorative,\u00a0per raggiungere il risultato: Una massa\u00a0fogliare distribuita uniformemente, possibilmente ordinata ma lo stesso non compatta, cin modo di garantire abbastanza luce (non sole!) ed aria ai grappoli.<\/em><\/p>\n<p><!--more-->Von Anfang an schneide ich zu diesem Ziel, wie empfohlen, konsequent zwei Fruchtruten pro Stock an, eine immer links hinten und die andere rechts vorne, wie schon <a href=\"http:\/\/www.kobler-margreid.com\/blog\/2013\/02\/23\/schnitt-der-pergl_potatura-della-pergola\/\" target=\"_blank\">berichtet<\/a>, welche im Fr\u00fchling im rechten Winkel an die Dr\u00e4hte gebunden werden.\u00a0Dort, wo die Rebzeilen so gesetzt werden konnten, dass der Wind, welche \u00fcbrigens bei uns in der Vegetationszeit ab Mittag ein steter\u00a0und\u00a0heftiger Begleiter aus s\u00fcdlicher Richtung ist, im Normalfall von hinten kommt, hilft dieser, die Laubwand zu &#8222;k\u00e4mmen&#8220;, die Jahrestriebe wachsen mehrheitlich nach vorne. Die Arbeit, sie nach vorne zu ziehen und gelegentlich anzuh\u00e4ngen ist dort (Grauer Burgunder und Merlot am Klausner) bew\u00e4ltigbar. Freilich, wenn der\u00a0seltene, aber daf\u00fcr aber zumeist desto heftiger wehende\u00a0Nordwind von vorne in die Pergl bl\u00e4st, &#8222;\u00fcberwirft&#8220; er alle\u00a0freien Triebe\u00a0in kurzer Zeit und die Arbeit kann \u00a0wieder von vorne beginnen.<\/p>\n<p><em>Da\u00a0quando\u00a0poto, lascio sempre due capi a frutto, rigorosamente alternati, cio\u00e8 quello a sinistra in prossimit\u00e0 del tronco, quello a destra invece in una posizione distale. In primavera vengono legati ai fili ad angolo retto. Da noi il vento durante il periodo vegetativo soffia forte, venendo da sud, a partire da mezzogiorno. Per cui in quei posti, dove la forma del appezzamento lo consente,\u00a0le file sono piantate in modo che il vento viene da dietro ed aiuta a &#8222;pettinare&#8220; in avanti le ali, mettendo in linea i tralci. In quei vigneti (Pinot grigio e Merlot nel Klausner) il lavoro che serve per tirarli avanti e di legarli ogni tanto al filo \u00e8 fattibile. Certo, quando arriva talvolta il vento fortissimo da nord questo capovolge tutti i getti non legati e bisogna ricominciare da capo.<\/em><\/p>\n<p>Prinzipiell\u00a0schwieriger\u00a0schaut es hingegen dort aus, wo auf Grund der Grundst\u00fccksform die Pergeln im ann\u00e4hernd rechten Winkel zur vorherrschenden Windrichtung gesetzt wurden (Chardonnay am Ogeaner und Merlot im Kotzner). Der nun von der\u00a0Seite kommende Wind verschiebt gerne\u00a0die Fruchtruten, sobald diese mit der sich bildenden Laubmasse gen\u00fcgend Luftwiderstand bieten; gerne kippen\u00a0sie sich auch in Windrichtung nach unten. Wenn man nicht andauernd mit dementsprechend hohem und zeitgerechten Arbeitsaufwand die neuen Triebe an den Dr\u00e4hten anh\u00e4ngt, kommt es an bestimmten Stellen zu unakzeptablen Anh\u00e4ufungen von Laubmasse w\u00e4hrend andere Stellen des Pergeldaches unbedeckt bleiben. Kann man zudem auf Grund von Arbeitsspitzen nicht p\u00fcnktlich eingreifen, wird der Aufwand mit der Zeit immer h\u00f6her, da die Triebe mittels ihrer Ranken immer st\u00e4rker\u00a0zusammenwachsen und vor dem Anbinden erst m\u00fchsam voneinander getrennt werden m\u00fcssen. Eine unbefriedigende Situation.<\/p>\n<p><em>La situazione \u00e8 pi\u00f9 impegnativa l\u00e0, dove le pergole sono state piantate pi\u00f9 o meno ad angolo retto rispetto al vento (Chardonnay all&#8217;Ogeaner e\u00a0Merlot nel\u00a0Kotzner). Il vento che l\u00ec viene lateralmente sposta i capi a frutto appena che questi dopo il germogliamento gli offrono abbastanza\u00a0superficie. Spesso si rovesciano anche, facendo pendere in basso i germogli. Se non si interviene in tempo e pi\u00f9 volte,\u00a0succede che alcune parti del tetto della pergola sono scoperte ed in altre si ammassa tutta la superficie fogliare. Se poi\u00a0per diverse cause non si riesce ad intervenire puntualmente l&#8217;impegno\u00a0aumenta in modo sproporzionato in quanto nel frattempo i viticci legano assieme i tralci. Prima di metterli a loro posto bisogna separarli\u00a0con parecchio sforzo. Una circostanza\u00a0per niente soddisfacente.<\/em><\/p>\n<p><a href=\"http:\/\/www.kobler-margreid.com\/blog\/wp-content\/2015\/08\/2015-08-18_15-12-48.jpg\" rel=\"lightbox[13383]\"><img loading=\"lazy\" decoding=\"async\" class=\"alignleft wp-image-13407\" style=\"border: 0px; margin: -0px 0px 0px -0px;\" src=\"http:\/\/www.kobler-margreid.com\/blog\/wp-content\/2015\/08\/2015-08-18_15-12-48.jpg\" alt=\"2015-08-18_15-12-48\" width=\"531\" height=\"398\" srcset=\"https:\/\/www.kobler-margreid.com\/blog\/wp-content\/2015\/08\/2015-08-18_15-12-48.jpg 1024w, https:\/\/www.kobler-margreid.com\/blog\/wp-content\/2015\/08\/2015-08-18_15-12-48-300x225.jpg 300w, https:\/\/www.kobler-margreid.com\/blog\/wp-content\/2015\/08\/2015-08-18_15-12-48-900x675.jpg 900w\" sizes=\"auto, (max-width: 531px) 100vw, 531px\" \/><\/a><\/p>\n<p>Um etwas mehr funktionale Ordnung in das Laubdach zu bringen, habe ich im heurigen Winter den Schnitt und das Binden probeweise am Ogeaner und im Kotzner etwas ver\u00e4ndert.\u00a0Und zwar ausgehend von der Beobachtung, dass in den gleichen Lagen und bei gleicher Zeilenausrichtung der\u00a0Drahtrahmens solche\u00a0Windprobleme nicht hat.\u00a0Ich habe deshalb\u00a0die beiden Fruchtruten, bei ann\u00e4hernder Beibehaltung der Position und L\u00e4nge, parallel statt rechtwinkelig an die Dr\u00e4hte gebunden, und zwar gegen die vorherrschende Windrichtung. Die gr\u00fcnen Jahrestriebe werden zwar weiterhin vom Wind in eine bestimmte Richtung gedr\u00e4ngt, aber der Abstand untereinander ist schon von vorne herein gr\u00f6\u00dfer und ihre Basis, die Fruchtrute, bleibt immer an ihrem Platz; auch heftiger Wind kann sie nicht aus dem letzten Anbindeknopf schl\u00fcpfen\u00a0lassen. Sie kann sich nat\u00fcrlich noch am Draht drehen und den\u00a0Austrieb in die falsche Richtung kippen, aber sobald man beim ersten Durchgang zumindest einen der Triebe am n\u00e4chsten Draht angeh\u00e4ngt hat, wachsen alle der betroffenen Fruchtruten wie gewollt nach au\u00dfen.\u00a0Die Trauben sind alle auf zwei Niveaus zu finden, es gibt also zwei Traubenzonen.<\/p>\n<p><em>Per mettere un po&#8216; pi\u00f9 di ordine nella pergola, ho modificato per prova il metodo di potatura e di legatura sull&#8217;Ogeaner e nel Kotzner. Sono partito dall&#8217;osservazione che le spalliere, piantate negli stessi vigneti e nella stessa direzione delle pergole, non presentano questi problemi legati al vento. Per cui\u00a0ho legato i capi a frutto, mantenendo principalmente la loro posizione e lunghezza, parallelamente al filo e pi\u00f9 precisamente verso sud,<\/em><em>\u00a0in opposizione alla direzione predominante del vento. Ovviamente i germogli vengono spinti tendenzialmente ancora verso nord, le distanze tra di loro in partenza sono per\u00f2 maggiori ed il capo a frutto rimane als suo posto, non si sfiler\u00e0 pi\u00f9 all&#8217;ultimo nodo. Certo, si potr\u00e0 volgere ancora nella direzione sbagliata, cio\u00e8 indietro, ma basta che uno dei germogli venga legato in fuori e tutti gli altri vanno nella stessa corretta direzione. Le uve si trovano ravvicinate su due livelli, esistono perci\u00f2 due zone produttive.<\/em><\/p>\n<p>Vorl\u00e4ufige Schlussfolgerungen: Obwohl die Reben in einer ein- bis maximal zweij\u00e4hrigen Umstellungsphase sind, haben wir heuer produktiver gearbeitet. Wir haben zwar nicht wesentlich weniger Stunden in die Laubarbeit dieser St\u00f6cke gesteckt, haben aber einen Pflegezustand, der deutlich besser ist. N\u00e4chstes Jahr,\u00a0nach ein paar Verbesserungen, d\u00fcrfte m.E. auch die Anzahl der investierten Handarbeitsstunden sinken. Angenehm ist auch, dass der Bereich, wo die Trauben h\u00e4ngen, enger geworden ist, das bringt Vorteile bei der \u00a0eventuellen Applikation von Pflanzenschutzmitteln, welche nur der Frucht selbst dienen (Mehltau, Botrytis z.B.). Wie man heraush\u00f6ren kann, bin ich dieses Jahr recht zufrieden mit dieser Neuerung,\u00a0vielleicht kann sie auch als Anregung f\u00fcr manch anderen\u00a0Pergel-Kollegen dienen. Hoffentlich muss ich n\u00e4chstes Jahr um diese Zeit nicht das Gegenteil schreiben, ich werde aber sicherlich \u00fcber die n\u00e4chsten Erfahrungen damit berichten.<\/p>\n<p><em>Conclusioni provvisorie: Nonostante che le viti sono in una fase di\u00a0conversione di uno, al massimo due anni, abbiamo lavorato in modo pi\u00f9 produttivo. Infatti\u00a0non abbiamo investito meno ore nei lavori al verde di queste viti ma abbiamo uno stato di gestione decisamente migliore. Secondo me l&#8217;anno prossimo a seguito di qualche messa a punto dovrebbero anche diminuire le ore necessarie. Un altro vantaggio\u00a0consiste nel fatto che i grappoli sono meno distribuiti sull&#8217;ala. Ci\u00f2 comporta vantaggi per esempio nel caso di trattamenti che sono rivolti solo al frutto come per la botrite e qualche volta anche per l&#8217;oidio. Intanto\u00a0sono abbastanza contento di questa innovazione. Forse potrebbe esser di aiuto anche a\u00a0qualche altro &#8222;collega pergolato&#8220; che ne potr\u00e0 trarre spunti interessanti. Speriamo che l&#8217;anno prossimo non dovr\u00f2 pronunciare\u00a0conclusioni contrarie, in ogni caso per\u00f2 ne scriver\u00f2.<\/em><\/p>\n","protected":false},"excerpt":{"rendered":"<p>&nbsp; Wie ich schon im vorigen Beitrag erkl\u00e4rt habe, wird auch in den n\u00e4chsten Jahren die Pergl in meinem Betrieb eine wichtige Rolle spielen. Seit der Betriebs\u00fcbernahme habe ich immer wieder dar\u00fcber nachgedacht, wie man diese ehrw\u00fcrdige Erziehungsmethode reformieren, wie &hellip; <a href=\"https:\/\/www.kobler-margreid.com\/blog\/blog\/2015\/08\/16\/perglpergola-relaunch-2\/\">Weiterlesen <span class=\"meta-nav\">&rarr;<\/span><\/a><\/p>\n","protected":false},"author":1,"featured_media":0,"comment_status":"open","ping_status":"open","sticky":false,"template":"","format":"standard","meta":{"ngg_post_thumbnail":0,"footnotes":"","_links_to":"","_links_to_target":""},"categories":[14],"tags":[1476,1477,286,846,341,1478],"class_list":["post-13383","post","type-post","status-publish","format-standard","hentry","category-weingarten","tag-erziehungssystem","tag-forma-di-allevamento","tag-pergl","tag-pergola","tag-potatura","tag-schnitt"],"yoast_head":"<!-- This site is optimized with the Yoast SEO plugin v27.5 - https:\/\/yoast.com\/product\/yoast-seo-wordpress\/ -->\n<title>Pergl\/Pergola Relaunch (2) - weinhof KOBLER weblog<\/title>\n<meta name=\"robots\" content=\"index, follow, max-snippet:-1, max-image-preview:large, max-video-preview:-1\" \/>\n<link rel=\"canonical\" href=\"https:\/\/www.kobler-margreid.com\/blog\/blog\/2015\/08\/16\/perglpergola-relaunch-2\/\" \/>\n<meta property=\"og:locale\" content=\"de_DE\" \/>\n<meta property=\"og:type\" content=\"article\" \/>\n<meta property=\"og:title\" content=\"Pergl\/Pergola Relaunch (2) - weinhof KOBLER weblog\" \/>\n<meta property=\"og:description\" content=\"&nbsp; Wie ich schon im vorigen Beitrag erkl\u00e4rt habe, wird auch in den n\u00e4chsten Jahren die Pergl in meinem Betrieb eine wichtige Rolle spielen. Seit der Betriebs\u00fcbernahme habe ich immer wieder dar\u00fcber nachgedacht, wie man diese ehrw\u00fcrdige Erziehungsmethode reformieren, wie &hellip; Weiterlesen &rarr;\" \/>\n<meta property=\"og:url\" content=\"https:\/\/www.kobler-margreid.com\/blog\/blog\/2015\/08\/16\/perglpergola-relaunch-2\/\" \/>\n<meta property=\"og:site_name\" content=\"weinhof KOBLER weblog\" \/>\n<meta property=\"article:publisher\" content=\"https:\/\/www.facebook.com\/armin.kobler\/\" \/>\n<meta property=\"article:author\" content=\"https:\/\/www.facebook.com\/armin.kobler\/\" \/>\n<meta property=\"article:published_time\" content=\"2015-08-16T16:01:51+00:00\" \/>\n<meta property=\"article:modified_time\" content=\"2015-08-31T23:03:36+00:00\" \/>\n<meta property=\"og:image\" content=\"http:\/\/www.kobler-margreid.com\/blog\/wp-content\/2015\/08\/2015-08-22_16-29-19.jpg\" \/>\n<meta name=\"author\" content=\"armin kobler\" \/>\n<meta name=\"twitter:card\" content=\"summary_large_image\" \/>\n<meta name=\"twitter:label1\" content=\"Verfasst von\" \/>\n\t<meta name=\"twitter:data1\" content=\"armin kobler\" \/>\n\t<meta name=\"twitter:label2\" content=\"Gesch\u00e4tzte Lesezeit\" \/>\n\t<meta name=\"twitter:data2\" content=\"7\u00a0Minuten\" \/>\n<script type=\"application\/ld+json\" class=\"yoast-schema-graph\">{\"@context\":\"https:\\\/\\\/schema.org\",\"@graph\":[{\"@type\":\"Article\",\"@id\":\"https:\\\/\\\/www.kobler-margreid.com\\\/blog\\\/blog\\\/2015\\\/08\\\/16\\\/perglpergola-relaunch-2\\\/#article\",\"isPartOf\":{\"@id\":\"https:\\\/\\\/www.kobler-margreid.com\\\/blog\\\/blog\\\/2015\\\/08\\\/16\\\/perglpergola-relaunch-2\\\/\"},\"author\":{\"name\":\"armin kobler\",\"@id\":\"https:\\\/\\\/www.kobler-margreid.com\\\/blog\\\/#\\\/schema\\\/person\\\/6a2290c17f680f59c1fa7e1c7a36df3a\"},\"headline\":\"Pergl\\\/Pergola Relaunch (2)\",\"datePublished\":\"2015-08-16T16:01:51+00:00\",\"dateModified\":\"2015-08-31T23:03:36+00:00\",\"mainEntityOfPage\":{\"@id\":\"https:\\\/\\\/www.kobler-margreid.com\\\/blog\\\/blog\\\/2015\\\/08\\\/16\\\/perglpergola-relaunch-2\\\/\"},\"wordCount\":1408,\"commentCount\":1,\"publisher\":{\"@id\":\"https:\\\/\\\/www.kobler-margreid.com\\\/blog\\\/#\\\/schema\\\/person\\\/6a2290c17f680f59c1fa7e1c7a36df3a\"},\"image\":{\"@id\":\"https:\\\/\\\/www.kobler-margreid.com\\\/blog\\\/blog\\\/2015\\\/08\\\/16\\\/perglpergola-relaunch-2\\\/#primaryimage\"},\"thumbnailUrl\":\"http:\\\/\\\/www.kobler-margreid.com\\\/blog\\\/wp-content\\\/2015\\\/08\\\/2015-08-22_16-29-19.jpg\",\"keywords\":[\"Erziehungssystem\",\"Forma di allevamento\",\"Pergl\",\"Pergola\",\"Potatura\",\"Schnitt\"],\"articleSection\":[\"Weingarten - Vigneto\"],\"inLanguage\":\"de\",\"potentialAction\":[{\"@type\":\"CommentAction\",\"name\":\"Comment\",\"target\":[\"https:\\\/\\\/www.kobler-margreid.com\\\/blog\\\/blog\\\/2015\\\/08\\\/16\\\/perglpergola-relaunch-2\\\/#respond\"]}]},{\"@type\":\"WebPage\",\"@id\":\"https:\\\/\\\/www.kobler-margreid.com\\\/blog\\\/blog\\\/2015\\\/08\\\/16\\\/perglpergola-relaunch-2\\\/\",\"url\":\"https:\\\/\\\/www.kobler-margreid.com\\\/blog\\\/blog\\\/2015\\\/08\\\/16\\\/perglpergola-relaunch-2\\\/\",\"name\":\"Pergl\\\/Pergola Relaunch (2) - weinhof KOBLER weblog\",\"isPartOf\":{\"@id\":\"https:\\\/\\\/www.kobler-margreid.com\\\/blog\\\/#website\"},\"primaryImageOfPage\":{\"@id\":\"https:\\\/\\\/www.kobler-margreid.com\\\/blog\\\/blog\\\/2015\\\/08\\\/16\\\/perglpergola-relaunch-2\\\/#primaryimage\"},\"image\":{\"@id\":\"https:\\\/\\\/www.kobler-margreid.com\\\/blog\\\/blog\\\/2015\\\/08\\\/16\\\/perglpergola-relaunch-2\\\/#primaryimage\"},\"thumbnailUrl\":\"http:\\\/\\\/www.kobler-margreid.com\\\/blog\\\/wp-content\\\/2015\\\/08\\\/2015-08-22_16-29-19.jpg\",\"datePublished\":\"2015-08-16T16:01:51+00:00\",\"dateModified\":\"2015-08-31T23:03:36+00:00\",\"breadcrumb\":{\"@id\":\"https:\\\/\\\/www.kobler-margreid.com\\\/blog\\\/blog\\\/2015\\\/08\\\/16\\\/perglpergola-relaunch-2\\\/#breadcrumb\"},\"inLanguage\":\"de\",\"potentialAction\":[{\"@type\":\"ReadAction\",\"target\":[\"https:\\\/\\\/www.kobler-margreid.com\\\/blog\\\/blog\\\/2015\\\/08\\\/16\\\/perglpergola-relaunch-2\\\/\"]}]},{\"@type\":\"ImageObject\",\"inLanguage\":\"de\",\"@id\":\"https:\\\/\\\/www.kobler-margreid.com\\\/blog\\\/blog\\\/2015\\\/08\\\/16\\\/perglpergola-relaunch-2\\\/#primaryimage\",\"url\":\"http:\\\/\\\/www.kobler-margreid.com\\\/blog\\\/wp-content\\\/2015\\\/08\\\/2015-08-22_16-29-19.jpg\",\"contentUrl\":\"http:\\\/\\\/www.kobler-margreid.com\\\/blog\\\/wp-content\\\/2015\\\/08\\\/2015-08-22_16-29-19.jpg\"},{\"@type\":\"BreadcrumbList\",\"@id\":\"https:\\\/\\\/www.kobler-margreid.com\\\/blog\\\/blog\\\/2015\\\/08\\\/16\\\/perglpergola-relaunch-2\\\/#breadcrumb\",\"itemListElement\":[{\"@type\":\"ListItem\",\"position\":1,\"name\":\"Startseite\",\"item\":\"https:\\\/\\\/www.kobler-margreid.com\\\/blog\\\/\"},{\"@type\":\"ListItem\",\"position\":2,\"name\":\"Pergl\\\/Pergola Relaunch (2)\"}]},{\"@type\":\"WebSite\",\"@id\":\"https:\\\/\\\/www.kobler-margreid.com\\\/blog\\\/#website\",\"url\":\"https:\\\/\\\/www.kobler-margreid.com\\\/blog\\\/\",\"name\":\"weinhof KOBLER weblog\",\"description\":\"dem wein ganz nah \u2013 all&#039;interno del vino\",\"publisher\":{\"@id\":\"https:\\\/\\\/www.kobler-margreid.com\\\/blog\\\/#\\\/schema\\\/person\\\/6a2290c17f680f59c1fa7e1c7a36df3a\"},\"potentialAction\":[{\"@type\":\"SearchAction\",\"target\":{\"@type\":\"EntryPoint\",\"urlTemplate\":\"https:\\\/\\\/www.kobler-margreid.com\\\/blog\\\/?s={search_term_string}\"},\"query-input\":{\"@type\":\"PropertyValueSpecification\",\"valueRequired\":true,\"valueName\":\"search_term_string\"}}],\"inLanguage\":\"de\"},{\"@type\":[\"Person\",\"Organization\"],\"@id\":\"https:\\\/\\\/www.kobler-margreid.com\\\/blog\\\/#\\\/schema\\\/person\\\/6a2290c17f680f59c1fa7e1c7a36df3a\",\"name\":\"armin kobler\",\"image\":{\"@type\":\"ImageObject\",\"inLanguage\":\"de\",\"@id\":\"https:\\\/\\\/www.kobler-margreid.com\\\/blog\\\/wp-content\\\/2023\\\/11\\\/2012-05-08_09-33-03a.jpg\",\"url\":\"https:\\\/\\\/www.kobler-margreid.com\\\/blog\\\/wp-content\\\/2023\\\/11\\\/2012-05-08_09-33-03a.jpg\",\"contentUrl\":\"https:\\\/\\\/www.kobler-margreid.com\\\/blog\\\/wp-content\\\/2023\\\/11\\\/2012-05-08_09-33-03a.jpg\",\"width\":1088,\"height\":1184,\"caption\":\"armin kobler\"},\"logo\":{\"@id\":\"https:\\\/\\\/www.kobler-margreid.com\\\/blog\\\/wp-content\\\/2023\\\/11\\\/2012-05-08_09-33-03a.jpg\"},\"sameAs\":[\"http:\\\/\\\/www.kobler-margreid.com\",\"https:\\\/\\\/www.facebook.com\\\/armin.kobler\\\/\"],\"url\":\"https:\\\/\\\/www.kobler-margreid.com\\\/blog\\\/blog\\\/author\\\/admin\\\/\"}]}<\/script>\n<!-- \/ Yoast SEO plugin. -->","yoast_head_json":{"title":"Pergl\/Pergola Relaunch (2) - weinhof KOBLER weblog","robots":{"index":"index","follow":"follow","max-snippet":"max-snippet:-1","max-image-preview":"max-image-preview:large","max-video-preview":"max-video-preview:-1"},"canonical":"https:\/\/www.kobler-margreid.com\/blog\/blog\/2015\/08\/16\/perglpergola-relaunch-2\/","og_locale":"de_DE","og_type":"article","og_title":"Pergl\/Pergola Relaunch (2) - weinhof KOBLER weblog","og_description":"&nbsp; Wie ich schon im vorigen Beitrag erkl\u00e4rt habe, wird auch in den n\u00e4chsten Jahren die Pergl in meinem Betrieb eine wichtige Rolle spielen. Seit der Betriebs\u00fcbernahme habe ich immer wieder dar\u00fcber nachgedacht, wie man diese ehrw\u00fcrdige Erziehungsmethode reformieren, wie &hellip; Weiterlesen &rarr;","og_url":"https:\/\/www.kobler-margreid.com\/blog\/blog\/2015\/08\/16\/perglpergola-relaunch-2\/","og_site_name":"weinhof KOBLER weblog","article_publisher":"https:\/\/www.facebook.com\/armin.kobler\/","article_author":"https:\/\/www.facebook.com\/armin.kobler\/","article_published_time":"2015-08-16T16:01:51+00:00","article_modified_time":"2015-08-31T23:03:36+00:00","og_image":[{"url":"http:\/\/www.kobler-margreid.com\/blog\/wp-content\/2015\/08\/2015-08-22_16-29-19.jpg","type":"","width":"","height":""}],"author":"armin kobler","twitter_card":"summary_large_image","twitter_misc":{"Verfasst von":"armin kobler","Gesch\u00e4tzte Lesezeit":"7\u00a0Minuten"},"schema":{"@context":"https:\/\/schema.org","@graph":[{"@type":"Article","@id":"https:\/\/www.kobler-margreid.com\/blog\/blog\/2015\/08\/16\/perglpergola-relaunch-2\/#article","isPartOf":{"@id":"https:\/\/www.kobler-margreid.com\/blog\/blog\/2015\/08\/16\/perglpergola-relaunch-2\/"},"author":{"name":"armin kobler","@id":"https:\/\/www.kobler-margreid.com\/blog\/#\/schema\/person\/6a2290c17f680f59c1fa7e1c7a36df3a"},"headline":"Pergl\/Pergola Relaunch (2)","datePublished":"2015-08-16T16:01:51+00:00","dateModified":"2015-08-31T23:03:36+00:00","mainEntityOfPage":{"@id":"https:\/\/www.kobler-margreid.com\/blog\/blog\/2015\/08\/16\/perglpergola-relaunch-2\/"},"wordCount":1408,"commentCount":1,"publisher":{"@id":"https:\/\/www.kobler-margreid.com\/blog\/#\/schema\/person\/6a2290c17f680f59c1fa7e1c7a36df3a"},"image":{"@id":"https:\/\/www.kobler-margreid.com\/blog\/blog\/2015\/08\/16\/perglpergola-relaunch-2\/#primaryimage"},"thumbnailUrl":"http:\/\/www.kobler-margreid.com\/blog\/wp-content\/2015\/08\/2015-08-22_16-29-19.jpg","keywords":["Erziehungssystem","Forma di allevamento","Pergl","Pergola","Potatura","Schnitt"],"articleSection":["Weingarten - Vigneto"],"inLanguage":"de","potentialAction":[{"@type":"CommentAction","name":"Comment","target":["https:\/\/www.kobler-margreid.com\/blog\/blog\/2015\/08\/16\/perglpergola-relaunch-2\/#respond"]}]},{"@type":"WebPage","@id":"https:\/\/www.kobler-margreid.com\/blog\/blog\/2015\/08\/16\/perglpergola-relaunch-2\/","url":"https:\/\/www.kobler-margreid.com\/blog\/blog\/2015\/08\/16\/perglpergola-relaunch-2\/","name":"Pergl\/Pergola Relaunch (2) - weinhof KOBLER weblog","isPartOf":{"@id":"https:\/\/www.kobler-margreid.com\/blog\/#website"},"primaryImageOfPage":{"@id":"https:\/\/www.kobler-margreid.com\/blog\/blog\/2015\/08\/16\/perglpergola-relaunch-2\/#primaryimage"},"image":{"@id":"https:\/\/www.kobler-margreid.com\/blog\/blog\/2015\/08\/16\/perglpergola-relaunch-2\/#primaryimage"},"thumbnailUrl":"http:\/\/www.kobler-margreid.com\/blog\/wp-content\/2015\/08\/2015-08-22_16-29-19.jpg","datePublished":"2015-08-16T16:01:51+00:00","dateModified":"2015-08-31T23:03:36+00:00","breadcrumb":{"@id":"https:\/\/www.kobler-margreid.com\/blog\/blog\/2015\/08\/16\/perglpergola-relaunch-2\/#breadcrumb"},"inLanguage":"de","potentialAction":[{"@type":"ReadAction","target":["https:\/\/www.kobler-margreid.com\/blog\/blog\/2015\/08\/16\/perglpergola-relaunch-2\/"]}]},{"@type":"ImageObject","inLanguage":"de","@id":"https:\/\/www.kobler-margreid.com\/blog\/blog\/2015\/08\/16\/perglpergola-relaunch-2\/#primaryimage","url":"http:\/\/www.kobler-margreid.com\/blog\/wp-content\/2015\/08\/2015-08-22_16-29-19.jpg","contentUrl":"http:\/\/www.kobler-margreid.com\/blog\/wp-content\/2015\/08\/2015-08-22_16-29-19.jpg"},{"@type":"BreadcrumbList","@id":"https:\/\/www.kobler-margreid.com\/blog\/blog\/2015\/08\/16\/perglpergola-relaunch-2\/#breadcrumb","itemListElement":[{"@type":"ListItem","position":1,"name":"Startseite","item":"https:\/\/www.kobler-margreid.com\/blog\/"},{"@type":"ListItem","position":2,"name":"Pergl\/Pergola Relaunch (2)"}]},{"@type":"WebSite","@id":"https:\/\/www.kobler-margreid.com\/blog\/#website","url":"https:\/\/www.kobler-margreid.com\/blog\/","name":"weinhof KOBLER weblog","description":"dem wein ganz nah \u2013 all&#039;interno del vino","publisher":{"@id":"https:\/\/www.kobler-margreid.com\/blog\/#\/schema\/person\/6a2290c17f680f59c1fa7e1c7a36df3a"},"potentialAction":[{"@type":"SearchAction","target":{"@type":"EntryPoint","urlTemplate":"https:\/\/www.kobler-margreid.com\/blog\/?s={search_term_string}"},"query-input":{"@type":"PropertyValueSpecification","valueRequired":true,"valueName":"search_term_string"}}],"inLanguage":"de"},{"@type":["Person","Organization"],"@id":"https:\/\/www.kobler-margreid.com\/blog\/#\/schema\/person\/6a2290c17f680f59c1fa7e1c7a36df3a","name":"armin kobler","image":{"@type":"ImageObject","inLanguage":"de","@id":"https:\/\/www.kobler-margreid.com\/blog\/wp-content\/2023\/11\/2012-05-08_09-33-03a.jpg","url":"https:\/\/www.kobler-margreid.com\/blog\/wp-content\/2023\/11\/2012-05-08_09-33-03a.jpg","contentUrl":"https:\/\/www.kobler-margreid.com\/blog\/wp-content\/2023\/11\/2012-05-08_09-33-03a.jpg","width":1088,"height":1184,"caption":"armin kobler"},"logo":{"@id":"https:\/\/www.kobler-margreid.com\/blog\/wp-content\/2023\/11\/2012-05-08_09-33-03a.jpg"},"sameAs":["http:\/\/www.kobler-margreid.com","https:\/\/www.facebook.com\/armin.kobler\/"],"url":"https:\/\/www.kobler-margreid.com\/blog\/blog\/author\/admin\/"}]}},"_links":{"self":[{"href":"https:\/\/www.kobler-margreid.com\/blog\/wp-json\/wp\/v2\/posts\/13383","targetHints":{"allow":["GET"]}}],"collection":[{"href":"https:\/\/www.kobler-margreid.com\/blog\/wp-json\/wp\/v2\/posts"}],"about":[{"href":"https:\/\/www.kobler-margreid.com\/blog\/wp-json\/wp\/v2\/types\/post"}],"author":[{"embeddable":true,"href":"https:\/\/www.kobler-margreid.com\/blog\/wp-json\/wp\/v2\/users\/1"}],"replies":[{"embeddable":true,"href":"https:\/\/www.kobler-margreid.com\/blog\/wp-json\/wp\/v2\/comments?post=13383"}],"version-history":[{"count":0,"href":"https:\/\/www.kobler-margreid.com\/blog\/wp-json\/wp\/v2\/posts\/13383\/revisions"}],"wp:attachment":[{"href":"https:\/\/www.kobler-margreid.com\/blog\/wp-json\/wp\/v2\/media?parent=13383"}],"wp:term":[{"taxonomy":"category","embeddable":true,"href":"https:\/\/www.kobler-margreid.com\/blog\/wp-json\/wp\/v2\/categories?post=13383"},{"taxonomy":"post_tag","embeddable":true,"href":"https:\/\/www.kobler-margreid.com\/blog\/wp-json\/wp\/v2\/tags?post=13383"}],"curies":[{"name":"wp","href":"https:\/\/api.w.org\/{rel}","templated":true}]}}