{"id":13616,"date":"2015-12-21T21:19:47","date_gmt":"2015-12-21T20:19:47","guid":{"rendered":"http:\/\/www.kobler-margreid.com\/blog\/?p=13616"},"modified":"2016-01-07T18:26:38","modified_gmt":"2016-01-07T17:26:38","slug":"jede-menge-gute-vorsaetze_i-buoni-propositi-non-mancano","status":"publish","type":"post","link":"https:\/\/www.kobler-margreid.com\/blog\/blog\/2015\/12\/21\/jede-menge-gute-vorsaetze_i-buoni-propositi-non-mancano\/","title":{"rendered":"Jede Menge gute Vors\u00e4tze (1) \u2014 I buoni propositi non mancano (1)"},"content":{"rendered":"<p class=\"p1\" style=\"text-align: left;\"><a href=\"http:\/\/www.kobler-margreid.com\/blog\/wp-content\/2015\/12\/resolutions.jpg\" rel=\"attachment wp-att-13650\" rel=\"lightbox[13616]\"><img loading=\"lazy\" decoding=\"async\" class=\"float left alignleft wp-image-13650\" style=\"border: 0px; margin: -0px 0px 0px -0px;\" src=\"http:\/\/www.kobler-margreid.com\/blog\/wp-content\/2015\/12\/resolutions.jpg\" alt=\"resolutions\" width=\"330\" height=\"220\" srcset=\"https:\/\/www.kobler-margreid.com\/blog\/wp-content\/2015\/12\/resolutions.jpg 575w, https:\/\/www.kobler-margreid.com\/blog\/wp-content\/2015\/12\/resolutions-300x200.jpg 300w\" sizes=\"auto, (max-width: 330px) 100vw, 330px\" \/><\/a>Eigentlich wollte ich dieses Posting schon zum Ende des Landwirtschaftsjahres, also zu Martini (11.11.) schreiben. Leider habe ich aber dieses Vorhaben dauernd ver\u00ad\u00adschie\u00adben m\u00fcssen, da viele\u00a0vor\u00addringlichere\u00a0Arbeiten in dieser Zeit zu erledigen waren: letzte Kellerarbeiten, be\u00adson\u00addere Kundenbetreuung im Hinblick auf geringere Wein\u00admengen (eigenes Posting in Vorbereitung), Pr\u00e4\u00adsen\u00adta\u00adtionen (<a href=\"http:\/\/www.wineroute.be\/armin-kobler\/\" target=\"_blank\">Belgien<\/a>, <a href=\"http:\/\/www.fws.it\/smartedit\/documents\/download\/communicatostampa.pdf\" target=\"_blank\">Mailand<\/a>, <a href=\"http:\/\/www.mercatodeivini.it\/\" target=\"_blank\">Piacenza<\/a>, <a href=\"https:\/\/www.facebook.com\/Corte.San.Mattia.Agriturismo.Verona\/photos\/a.440031429154.237150.273066199154\/10153940530394155\/?type=3&amp;theater\" target=\"_blank\">Verona<\/a>), Vor\u00adbe\u00adrei\u00adtungen f\u00fcr den zuk\u00fcnftigen Export in die <a href=\"http:\/\/www.enoclassica.com\" target=\"_blank\">USA<\/a> (<a href=\"https:\/\/www.cab.de\" target=\"_blank\">Etikettendrucker<\/a> und <a href=\"http:\/\/www.latt.it\/\" target=\"_blank\">Verbrauchsmaterial<\/a> aussuchen und kaufen, Flaschen umetikettieren), Weiterbildung (nehmen: <a href=\"http:\/\/www.simei.it\/\" target=\"_blank\">SIMEI<\/a>, <a href=\"http:\/\/www.fierabolzano.it\/agrialp\" target=\"_blank\">Agrialp<\/a>, Lagentagung und geben: <a href=\"http:\/\/www.cesfor.bz.it\/corso\/spirito-divino-introduzione-allenologia\" target=\"_blank\">CESFOR<\/a>, Gastvortag an der <a href=\"http:\/\/www.boku.ac.at\/\" target=\"_blank\">BOKU<\/a>), usw.\u00a0Endlich finde ich jetzt wieder die notwendige Zeit, etwas Ordnung in die\u00a0\u00fcber&#8217;s Jahr im Weingarten und Keller angesammelten Beobachtungen zu machen, sie\u00a0zu sortieren, zu bewerten, R\u00fcckschl\u00fcsse zu ziehen und diese gegebenenfalls umzusetzen.<\/p>\n<p class=\"p1\" style=\"text-align: left;\"><em>In realt\u00e0 volevo scrivere questo post alla fine dell&#8217;annata agricola, cio\u00e8 a San Martino (11\/11). Purtroppo ho dovuto rinviare l&#8217;intento in quanto avevo da compiere diversi lavori pi\u00f9 urgenti: ultimi lavori in cantina, contatti pi\u00f9 intensi con i clienti in vista di quantit\u00e0 a disposizione significativamente minori (post in preparazione), pre\u00adsen\u00adta\u00adzioni (<a href=\"http:\/\/www.wineroute.be\/armin-kobler\/\" target=\"_blank\">Belgio<\/a>, <a href=\"http:\/\/www.fws.it\/smartedit\/documents\/download\/communicatostampa.pdf\" target=\"_blank\">Milano<\/a>, <a href=\"http:\/\/www.mercatodeivini.it\/\" target=\"_blank\">Piacenza<\/a>, <a href=\"https:\/\/www.facebook.com\/Corte.San.Mattia.Agriturismo.Verona\/photos\/a.440031429154.237150.273066199154\/10153940530394155\/?type=3&amp;theater\" target=\"_blank\">Verona<\/a>), preparativi per il primo export negli\u00a0<a href=\"http:\/\/www.enoclassica.com\" target=\"_blank\">USA<\/a>\u00a0(scegliere ed acquistare\u00a0<a href=\"https:\/\/www.cab.de\" target=\"_blank\">stampante<\/a> per etichette\u00a0e\u00a0<a href=\"http:\/\/www.latt.it\/\" target=\"_blank\">materiale<\/a> di consumo, reetichettare le bottiglie), formazione (consumare:\u00a0<a href=\"http:\/\/www.simei.it\/\" target=\"_blank\">SIMEI<\/a>, <a href=\"http:\/\/www.fierabolzano.it\/agrialp\" target=\"_blank\">Agrialp<\/a>, Convegno su zonazione\u00a0e\u00a0dare: <a href=\"http:\/\/www.cesfor.bz.it\/corso\/spirito-divino-introduzione-allenologia\" target=\"_blank\">CESFOR<\/a>, relazione presso la\u00a0<a href=\"http:\/\/www.boku.ac.at\/\" target=\"_blank\">BOKU<\/a>), ecc. Finalmente trovo ora il tempo necessario per mettere ordine nelle osservazioni che ho raccolto in campagna ed in cantina durante l&#8217;anno, di valutarli, di trarne le conclusioni e di mettere quest&#8217;ultime\u00a0possibilmente in pratica.<\/em><\/p>\n<p class=\"p1\" style=\"text-align: left;\"><!--more--><strong>Weinbau\/Viticoltura<\/strong><\/p>\n<p class=\"p1\" style=\"text-align: left;\">Im Au\u00dfenbereich sehe ich momentan am mei\u00dften Handlungsbedarf, auch weil einige Ma\u00dfnahmen von Bed\u00fcrfnissen im Keller herr\u00fchren.\u00a0Der modifizierte, 2014 das erste Mal in zwei Weing\u00e4rten angewandte <strong>Rebschnitt<\/strong> hat sich bew\u00e4hrt, weswegen wir ihn auch an den Pergeln am Klausner (Grauer Burgunder und Merlot) in dieser gerade begonnenen Schnittsaison anwenden werden. Letztes Jahr haben wir diesbez\u00fcglich wertvolle <a href=\"http:\/\/www.kobler-margreid.com\/blog\/2015\/08\/16\/perglpergola-relaunch-2\/\" target=\"_blank\">Erfahrungen<\/a> sammeln k\u00f6nnen, so dass die Methode nun optimiert werden kann. Beispielsweise werden wir die parallel zu den Dr\u00e4hten gebundenen Fruchtruten in Zukunft etwas k\u00fcrzer halten und intensiver schabigen um die sp\u00e4tere Laubarbeit zu erleichtern und das Laubdach lockerer zu gestalten.<\/p>\n<p class=\"p1\" style=\"text-align: left;\"><em><a href=\"http:\/\/www.kobler-margreid.com\/blog\/wp-content\/2015\/12\/2015-12-15_14-51-40.jpg\" rel=\"attachment wp-att-13664\" rel=\"lightbox[13616]\"><img loading=\"lazy\" decoding=\"async\" class=\"float left alignleft wp-image-13664\" style=\"border: 0px; margin: -0px 0px 0px -0px;\" src=\"http:\/\/www.kobler-margreid.com\/blog\/wp-content\/2015\/12\/2015-12-15_14-51-40-300x225.jpg\" alt=\"2015-12-15_14-51-40\" width=\"330\" height=\"248\" srcset=\"https:\/\/www.kobler-margreid.com\/blog\/wp-content\/2015\/12\/2015-12-15_14-51-40-300x225.jpg 300w, https:\/\/www.kobler-margreid.com\/blog\/wp-content\/2015\/12\/2015-12-15_14-51-40-768x576.jpg 768w, https:\/\/www.kobler-margreid.com\/blog\/wp-content\/2015\/12\/2015-12-15_14-51-40.jpg 800w\" sizes=\"auto, (max-width: 330px) 100vw, 330px\" \/><\/a>In vigneto vedo per il momento il\u00a0maggiori bi\u00adsogno\u00a0di intervenire, anche perch\u00e9 ai dovuti miglioramenti viticoli\u00a0si ag\u00adgiun\u00adgono\u00a0ne\u00adces\u00adsit\u00e0 eno\u00adlo\u00adgiche. La <strong>potatura<\/strong> modificata della pergola ha dato buoni risultati per cui l&#8217;adotteremo anche sulle pergole del vigneto Klausner (Merlot e Pinot grigio). L&#8217;anno scorso abbiamo acquisito importanti\u00a0<a href=\"http:\/\/www.kobler-margreid.com\/blog\/2015\/08\/16\/perglpergola-relaunch-2\/\" target=\"_blank\">conoscenze<\/a> a pro\u00adpo\u00adsito per cui possiamo pas\u00adsare all&#8217;ottimizzazione del metodo. Per esempio terremo i tralci a frutto legati in pa\u00adral\u00adlelo al filo pi\u00f9 corti dell&#8217;anno scorso e faremo una scacchiatura pi\u00f9 intensa in modo di facilitare i lavori sul verde e per garantire un massa fogliare meno compatta.<\/em><\/p>\n<p class=\"p1\" style=\"text-align: left;\">Auch in den Drahtrahmenanlagen ist Feintuning angesagt: Dort, wo sich \u00f6fters Traubenpakete angesammelt haben, was pflanzensch\u00fctzerische Probleme verursacht, werden wir konsequenter schauen, dass sich die Fruchtruten nicht wieder zu nahe kommen. In den Anlagen, wo es hingegen Probleme mit unregelm\u00e4\u00dfigen Austrieb gibt, probieren wir versuchsweise den Doppelrutenschnitt. Mal schauen, ob er wirklich wesentlich arbeitsintensiver ist.<\/p>\n<p class=\"p1\" style=\"text-align: left;\"><em>Anche nelle spalliere bisogna aggiustare il tiro: in quei posti dove spesso i grappoli rimangono attaccati uno all&#8217;altro creando problemi fitosanitari, cercher\u00f2 di evitare meglio l&#8217;avvicinamento dei capi a frutto. In quelli impianti invece, dove il germogliamento \u00e8 sempre irregolare, prover\u00f2 ad applicare una potatura che prevede due capi a frutto. Vedremo se comporta veramente un aumento significativo delle ore lavorative. \u00a0<\/em><\/p>\n<p class=\"p1\" style=\"text-align: left;\">Nachzubessern gilt es auch im <strong>Pflanzenschutz<\/strong>. Sollten die an den Pero\u00adnospora\u00adinfektionen orientieren Spritzabst\u00e4nde wieder so weit gestaffelt wie letztes Jahr sein &#8211; was durchaus willkommen ist -, w\u00e4re der Einsatz eines wirksamen Mehltaumittels, wie beispielsweise eines Sterolsynthesehemmers (SSH), zumindest bei der empfindlichen Sorte Chardonnay, anzudenken. 2015 waren wir n\u00e4mlich schon etwas am Limit, einige mehltaubefallene Trauben mussten auf den Boden geschnitten werden. Bei den sp\u00e4treifenden Rotweinsorten sollte hingegen die Peronosporabek\u00e4mpfung nicht so fr\u00fch wie 2015 abgeschlossen werden, eine funktionst\u00fcchtige Laubmasse ist n\u00e4mlich m\u00f6glichst lang zu gew\u00e4hrleisten.<\/p>\n<p class=\"p1\" style=\"text-align: left;\"><em><a href=\"http:\/\/www.kobler-margreid.com\/blog\/wp-content\/2015\/12\/2015-05-13_19-22-06.jpg\" rel=\"attachment wp-att-13666\" rel=\"lightbox[13616]\"><img loading=\"lazy\" decoding=\"async\" class=\"float left alignleft wp-image-13666\" style=\"border: 0px; margin: -0px 0px 0px -0px;\" src=\"http:\/\/www.kobler-margreid.com\/blog\/wp-content\/2015\/12\/2015-05-13_19-22-06.jpg\" alt=\"2015-05-13_19-22-06\" width=\"300\" height=\"400\" srcset=\"https:\/\/www.kobler-margreid.com\/blog\/wp-content\/2015\/12\/2015-05-13_19-22-06.jpg 800w, https:\/\/www.kobler-margreid.com\/blog\/wp-content\/2015\/12\/2015-05-13_19-22-06-225x300.jpg 225w, https:\/\/www.kobler-margreid.com\/blog\/wp-content\/2015\/12\/2015-05-13_19-22-06-768x1024.jpg 768w, https:\/\/www.kobler-margreid.com\/blog\/wp-content\/2015\/12\/2015-05-13_19-22-06-300x400.jpg 300w\" sizes=\"auto, (max-width: 300px) 100vw, 300px\" \/><\/a>Da ottimizzare \u00e8 anche la <strong>difesa della vite<\/strong> nei confronti delle malattie funginee. Trattiamo in base ai pericoli di infezioni pero\u00adnospori\u00adche e l&#8217;anno scorso era possibile per fortuna tirare molto gli intervalli. Per lo Chardonnay, che \u00e8 pi\u00f9 sensibile all&#8217;oidio, era un po&#8216; troppo, lo zolfo aggiunto non dura per quel periodo di tempo e qualche grappolo colpito l&#8217;abbiamo dovuto tagliare per terra. Penso di utilizzare in una situazione analoga in futuro almeno una volta un antioidico pi\u00f9 efficace, tipo inibitore di biosintesi dello stirolo (IBS). Sui vitigni tardivi invece sar\u00e0 meglio prolungare di un po&#8216; la lotta contro la peronospora. Infatti \u00e8 bene garantire un apparato fogliare efficiente il pi\u00f9 a lungo possibile, ci\u00f2 che nel 2015 era senz&#8217;altro migliorabile.<\/em><\/p>\n<p class=\"p1\" style=\"text-align: left;\">Starke \u00c4nderungen wird es hingegen bei der <strong>Bodenpflege<\/strong> geben. Seit sechs Jahren ver\u00adzichten wir auf den Einsatz von Herbiziden im Unterstockbereich, ein B\u00fcrstenger\u00e4t h\u00e4lt das Gras in den Spalier\u00adanlagen kurz, unter der Pergl m\u00e4he ich hingegen mit dem Fadenm\u00e4her mehrmals im Sommer. Wenn auch gerade letztere Arbeit schwei\u00dftreibend und das dauernde Einatmen von Zweitaktabgasen im Zweifelsfall nicht gerade gesund\u00adheits\u00adf\u00f6rdernd sind, hat dieses Arbeitsweise an sich bisher recht gut funk\u00adtion\u00adiert. Leider setzen sich aber immer mehr bestimmte Gr\u00e4serarten durch, welche den rotierenden Kunst\u00adstoff\u00adf\u00e4den der B\u00fcrste und sogar denen des Fadenm\u00e4hers widerstehen. Eine h\u00f6here Umdrehungszahl bringt\u00a0nur bedingt Abhilfe, da Verletzungen an den\u00a0Reb\u00adst\u00e4mmen\u00a0h\u00e4ufiger auftreten\u00a0w\u00fcrden. Aus diesem Grund habe ich mich entschlossen, ein Mulchger\u00e4t anzuschaffen, das beidseitig Schwenk\u00adscheiben mit Feintastautomatik hat. Dieses m\u00e4ht auch die obgenannten Problembeikr\u00e4uter. Grasb\u00fcschel in Stamm\u00adn\u00e4he, die\u00a0konstruktionsbedingt nicht immer erfasst werden, holt sich dann das B\u00fcrstenger\u00e4t, das nur mehr ein- bis maximal zweimal\u00a0im Jahr eingesetzt wird.<\/p>\n<p class=\"p1\" style=\"text-align: left;\"><em>Cambiamenti notevoli ci saranno circa la <strong>gestione del suolo<\/strong>. Da sei anni non utilizziamo pi\u00f9 erbicidi per tenere a bada la vegetazione nel sottofila. Nei vigneti a spalliera una spazzola spollonatrice tiene corto l&#8217;erba mentre sotto le pergole passo almeno due volte con il de\u00adce\u00adspuglia\u00adtore. Anche se quest&#8217;ultima pratica si rileva faticosa soprattutto in estate e se respirare i gas di un due tempi non sar\u00e0 il massimo dal punto di vista della salute, questo modo di procedere tutto sommato\u00a0ha fun\u00adzionato. Purtroppo negli ultimi anni in questo modo abbiamo favorito la diffussione di specie che resistono ai fili di plastica rotanti sia della spazzola che del de\u00adce\u00adspuglia\u00adtore. Un numero pi\u00f9 elevato di giri non \u00e8 una vera soluzione in quando si\u00a0scorticano pi\u00f9 frequentemente i ceppi. Per questo motivo ho deciso di comprare una macchina tagliaerba con due braccia\u00a0interfilari con rientro meccanico. Questa taglia tutta la vegetazione. I ciuffi di infestanti vicino al ceppo di vite che la macchina\u00a0non riesce a tagliare vengono allontanati dalla spazzola che passer\u00e0\u00a0in futuro come massimo una o due volte l&#8217;anno.<\/em><\/p>\n<p class=\"p1\" style=\"text-align: left;\"><a href=\"http:\/\/www.kobler-margreid.com\/blog\/wp-content\/2015\/12\/Bildschirmfoto-2015-12-21-um-19.08.27.png\" rel=\"attachment wp-att-13668\" rel=\"lightbox[13616]\"><img loading=\"lazy\" decoding=\"async\" class=\"float left alignleft wp-image-13668\" style=\"border: 0px; margin: -0px 0px 0px -0px;\" src=\"http:\/\/www.kobler-margreid.com\/blog\/wp-content\/2015\/12\/Bildschirmfoto-2015-12-21-um-19.08.27.png\" alt=\"Bildschirmfoto 2015-12-21 um 19.08.27\" width=\"329\" height=\"207\" srcset=\"https:\/\/www.kobler-margreid.com\/blog\/wp-content\/2015\/12\/Bildschirmfoto-2015-12-21-um-19.08.27.png 622w, https:\/\/www.kobler-margreid.com\/blog\/wp-content\/2015\/12\/Bildschirmfoto-2015-12-21-um-19.08.27-300x189.png 300w\" sizes=\"auto, (max-width: 329px) 100vw, 329px\" \/><\/a>Die Bodenpflege spielt auch hinsichtlich des <strong>N\u00e4hr\u00adstoff\u00adhaus\u00adhaltes<\/strong>\u00a0eine bedeutende Rolle. Hier gilt es deutlich nachzubessern, stelle ich doch von Jahr zu Jahr niedrigere Gehalte an hefeverwertbarem Stickstoff im Most (HVS) fest. Dies bringt nicht nur das Risiko von G\u00e4rstockungen mit sich, auch die Haltbarkeit der Weine und die Auspr\u00e4gung ihrer Aromen kann\u00a0be\u00adein\u00adtr\u00e4ch\u00adtigt werden. In manchen An\u00adla\u00adgen ver\u00adhin\u00addert das damit einhergehende verringerte Wachstum auch befriedigende Ertragsmengen. Nach Jahren ohne N\u00e4hrstoffgaben ist \u00a0also wieder eine gezielte mineralische Stick\u00adstoff\u00add\u00fcngung in Stockn\u00e4he angebracht. Erstmal werde ich auch probieren, den Unter\u00adstock\u00adbereich zum Zwecke der Stickstoffmobilisierung aufzubrechen. Sollte es mein in die Jahre gekommener IHC 433 erlauben, werde ich es mit einem geliehenen Pellenc Tournesol probieren.<\/p>\n<p class=\"p1\" style=\"text-align: left;\"><em>La gestione del suolo gioca un ruolo fondamentale pure nei confronti del\u00a0<strong>bilancio nutrizionale<\/strong>. Qu\u00ec bisogna migliorare nettamente in quanto di anno in anno i contenuti nel mosto di azoto prontamente assimilabile (APA) diminuiscono. Ci\u00f2 non comporta soltanto rischi di fermentazioni incomplete ma pu\u00f2 comportare anche modificazioni dell&#8217;assetto aromatico e compromettere la longevit\u00e0 dei vini. In alcuni vigneti la vigoria ridotta che tra l&#8217;altro ne consegue ha causato\u00a0inoltre quantit\u00e0 di uve insufficienti. Dopo anni senza alcun apporto di concime provveder\u00f2 di nuovo ad una mirata fertilizzazione minerale in vicinanza del ceppo. Per la prima volta prover\u00f2 inoltre di rompere il cotico erboso del sottofila allo scopo di\u00a0liberare azoto. Se il mio vecchio IHC 433 lo permetter\u00e0, utilizzer\u00f2 un Pellenc Tournesol noleggiato.<\/em><\/p>\n<p class=\"p1\" style=\"text-align: justify;\">\n","protected":false},"excerpt":{"rendered":"<p>Eigentlich wollte ich dieses Posting schon zum Ende des Landwirtschaftsjahres, also zu Martini (11.11.) schreiben. Leider habe ich aber dieses Vorhaben dauernd ver\u00ad\u00adschie\u00adben m\u00fcssen, da viele\u00a0vor\u00addringlichere\u00a0Arbeiten in dieser Zeit zu erledigen waren: letzte Kellerarbeiten, be\u00adson\u00addere Kundenbetreuung im Hinblick auf geringere &hellip; <a href=\"https:\/\/www.kobler-margreid.com\/blog\/blog\/2015\/12\/21\/jede-menge-gute-vorsaetze_i-buoni-propositi-non-mancano\/\">Weiterlesen <span class=\"meta-nav\">&rarr;<\/span><\/a><\/p>\n","protected":false},"author":1,"featured_media":0,"comment_status":"open","ping_status":"open","sticky":false,"template":"","format":"standard","meta":{"ngg_post_thumbnail":0,"footnotes":"","_links_to":"","_links_to_target":""},"categories":[14],"tags":[1490,703,1489,1492,1488,128,341,337,704,1491],"class_list":["post-13616","post","type-post","status-publish","format-standard","hentry","category-weingarten","tag-bilancio-nutrizionale","tag-buerstengeraet","tag-difesa-della-vite","tag-mulchgeraet","tag-naehrstoffhaushalt","tag-pflanzenschutz","tag-potatura","tag-rebschnitt","tag-spollonatrice","tag-tagliaerba"],"yoast_head":"<!-- This site is optimized with the Yoast SEO plugin v27.5 - https:\/\/yoast.com\/product\/yoast-seo-wordpress\/ -->\n<title>Jede Menge gute Vors\u00e4tze (1) \u2014 I buoni propositi non mancano (1) - weinhof KOBLER weblog<\/title>\n<meta name=\"robots\" content=\"index, follow, max-snippet:-1, max-image-preview:large, max-video-preview:-1\" \/>\n<link rel=\"canonical\" href=\"https:\/\/www.kobler-margreid.com\/blog\/blog\/2015\/12\/21\/jede-menge-gute-vorsaetze_i-buoni-propositi-non-mancano\/\" \/>\n<meta property=\"og:locale\" content=\"de_DE\" \/>\n<meta property=\"og:type\" content=\"article\" \/>\n<meta property=\"og:title\" content=\"Jede Menge gute Vors\u00e4tze (1) \u2014 I buoni propositi non mancano (1) - weinhof KOBLER weblog\" \/>\n<meta property=\"og:description\" content=\"Eigentlich wollte ich dieses Posting schon zum Ende des Landwirtschaftsjahres, also zu Martini (11.11.) schreiben. Leider habe ich aber dieses Vorhaben dauernd ver\u00ad\u00adschie\u00adben m\u00fcssen, da viele\u00a0vor\u00addringlichere\u00a0Arbeiten in dieser Zeit zu erledigen waren: letzte Kellerarbeiten, be\u00adson\u00addere Kundenbetreuung im Hinblick auf geringere &hellip; Weiterlesen &rarr;\" \/>\n<meta property=\"og:url\" content=\"https:\/\/www.kobler-margreid.com\/blog\/blog\/2015\/12\/21\/jede-menge-gute-vorsaetze_i-buoni-propositi-non-mancano\/\" \/>\n<meta property=\"og:site_name\" content=\"weinhof KOBLER weblog\" \/>\n<meta property=\"article:publisher\" content=\"https:\/\/www.facebook.com\/armin.kobler\/\" \/>\n<meta property=\"article:author\" content=\"https:\/\/www.facebook.com\/armin.kobler\/\" \/>\n<meta property=\"article:published_time\" content=\"2015-12-21T20:19:47+00:00\" \/>\n<meta property=\"article:modified_time\" content=\"2016-01-07T17:26:38+00:00\" \/>\n<meta property=\"og:image\" content=\"http:\/\/www.kobler-margreid.com\/blog\/wp-content\/2015\/12\/resolutions.jpg\" \/>\n<meta name=\"author\" content=\"armin kobler\" \/>\n<meta name=\"twitter:card\" content=\"summary_large_image\" \/>\n<meta name=\"twitter:label1\" content=\"Verfasst von\" \/>\n\t<meta name=\"twitter:data1\" content=\"armin kobler\" \/>\n\t<meta name=\"twitter:label2\" content=\"Gesch\u00e4tzte Lesezeit\" \/>\n\t<meta name=\"twitter:data2\" content=\"7\u00a0Minuten\" \/>\n<script type=\"application\/ld+json\" class=\"yoast-schema-graph\">{\"@context\":\"https:\\\/\\\/schema.org\",\"@graph\":[{\"@type\":\"Article\",\"@id\":\"https:\\\/\\\/www.kobler-margreid.com\\\/blog\\\/blog\\\/2015\\\/12\\\/21\\\/jede-menge-gute-vorsaetze_i-buoni-propositi-non-mancano\\\/#article\",\"isPartOf\":{\"@id\":\"https:\\\/\\\/www.kobler-margreid.com\\\/blog\\\/blog\\\/2015\\\/12\\\/21\\\/jede-menge-gute-vorsaetze_i-buoni-propositi-non-mancano\\\/\"},\"author\":{\"name\":\"armin kobler\",\"@id\":\"https:\\\/\\\/www.kobler-margreid.com\\\/blog\\\/#\\\/schema\\\/person\\\/6a2290c17f680f59c1fa7e1c7a36df3a\"},\"headline\":\"Jede Menge gute Vors\u00e4tze (1) \u2014 I buoni propositi non mancano (1)\",\"datePublished\":\"2015-12-21T20:19:47+00:00\",\"dateModified\":\"2016-01-07T17:26:38+00:00\",\"mainEntityOfPage\":{\"@id\":\"https:\\\/\\\/www.kobler-margreid.com\\\/blog\\\/blog\\\/2015\\\/12\\\/21\\\/jede-menge-gute-vorsaetze_i-buoni-propositi-non-mancano\\\/\"},\"wordCount\":1442,\"commentCount\":0,\"publisher\":{\"@id\":\"https:\\\/\\\/www.kobler-margreid.com\\\/blog\\\/#\\\/schema\\\/person\\\/6a2290c17f680f59c1fa7e1c7a36df3a\"},\"image\":{\"@id\":\"https:\\\/\\\/www.kobler-margreid.com\\\/blog\\\/blog\\\/2015\\\/12\\\/21\\\/jede-menge-gute-vorsaetze_i-buoni-propositi-non-mancano\\\/#primaryimage\"},\"thumbnailUrl\":\"http:\\\/\\\/www.kobler-margreid.com\\\/blog\\\/wp-content\\\/2015\\\/12\\\/resolutions.jpg\",\"keywords\":[\"Bilancio nutrizionale\",\"B\u00fcrstenger\u00e4t\",\"Difesa della vite\",\"Mulchger\u00e4t\",\"N\u00e4hr\u00adstoff\u00adhaus\u00adhalt\",\"Pflanzenschutz\",\"Potatura\",\"Rebschnitt\",\"Spollonatrice\",\"Tagliaerba\"],\"articleSection\":[\"Weingarten - Vigneto\"],\"inLanguage\":\"de\",\"potentialAction\":[{\"@type\":\"CommentAction\",\"name\":\"Comment\",\"target\":[\"https:\\\/\\\/www.kobler-margreid.com\\\/blog\\\/blog\\\/2015\\\/12\\\/21\\\/jede-menge-gute-vorsaetze_i-buoni-propositi-non-mancano\\\/#respond\"]}]},{\"@type\":\"WebPage\",\"@id\":\"https:\\\/\\\/www.kobler-margreid.com\\\/blog\\\/blog\\\/2015\\\/12\\\/21\\\/jede-menge-gute-vorsaetze_i-buoni-propositi-non-mancano\\\/\",\"url\":\"https:\\\/\\\/www.kobler-margreid.com\\\/blog\\\/blog\\\/2015\\\/12\\\/21\\\/jede-menge-gute-vorsaetze_i-buoni-propositi-non-mancano\\\/\",\"name\":\"Jede Menge gute Vors\u00e4tze (1) \u2014 I buoni propositi non mancano (1) - weinhof KOBLER weblog\",\"isPartOf\":{\"@id\":\"https:\\\/\\\/www.kobler-margreid.com\\\/blog\\\/#website\"},\"primaryImageOfPage\":{\"@id\":\"https:\\\/\\\/www.kobler-margreid.com\\\/blog\\\/blog\\\/2015\\\/12\\\/21\\\/jede-menge-gute-vorsaetze_i-buoni-propositi-non-mancano\\\/#primaryimage\"},\"image\":{\"@id\":\"https:\\\/\\\/www.kobler-margreid.com\\\/blog\\\/blog\\\/2015\\\/12\\\/21\\\/jede-menge-gute-vorsaetze_i-buoni-propositi-non-mancano\\\/#primaryimage\"},\"thumbnailUrl\":\"http:\\\/\\\/www.kobler-margreid.com\\\/blog\\\/wp-content\\\/2015\\\/12\\\/resolutions.jpg\",\"datePublished\":\"2015-12-21T20:19:47+00:00\",\"dateModified\":\"2016-01-07T17:26:38+00:00\",\"breadcrumb\":{\"@id\":\"https:\\\/\\\/www.kobler-margreid.com\\\/blog\\\/blog\\\/2015\\\/12\\\/21\\\/jede-menge-gute-vorsaetze_i-buoni-propositi-non-mancano\\\/#breadcrumb\"},\"inLanguage\":\"de\",\"potentialAction\":[{\"@type\":\"ReadAction\",\"target\":[\"https:\\\/\\\/www.kobler-margreid.com\\\/blog\\\/blog\\\/2015\\\/12\\\/21\\\/jede-menge-gute-vorsaetze_i-buoni-propositi-non-mancano\\\/\"]}]},{\"@type\":\"ImageObject\",\"inLanguage\":\"de\",\"@id\":\"https:\\\/\\\/www.kobler-margreid.com\\\/blog\\\/blog\\\/2015\\\/12\\\/21\\\/jede-menge-gute-vorsaetze_i-buoni-propositi-non-mancano\\\/#primaryimage\",\"url\":\"http:\\\/\\\/www.kobler-margreid.com\\\/blog\\\/wp-content\\\/2015\\\/12\\\/resolutions.jpg\",\"contentUrl\":\"http:\\\/\\\/www.kobler-margreid.com\\\/blog\\\/wp-content\\\/2015\\\/12\\\/resolutions.jpg\"},{\"@type\":\"BreadcrumbList\",\"@id\":\"https:\\\/\\\/www.kobler-margreid.com\\\/blog\\\/blog\\\/2015\\\/12\\\/21\\\/jede-menge-gute-vorsaetze_i-buoni-propositi-non-mancano\\\/#breadcrumb\",\"itemListElement\":[{\"@type\":\"ListItem\",\"position\":1,\"name\":\"Startseite\",\"item\":\"https:\\\/\\\/www.kobler-margreid.com\\\/blog\\\/\"},{\"@type\":\"ListItem\",\"position\":2,\"name\":\"Jede Menge gute Vors\u00e4tze (1) \u2014 I buoni propositi non mancano (1)\"}]},{\"@type\":\"WebSite\",\"@id\":\"https:\\\/\\\/www.kobler-margreid.com\\\/blog\\\/#website\",\"url\":\"https:\\\/\\\/www.kobler-margreid.com\\\/blog\\\/\",\"name\":\"weinhof KOBLER weblog\",\"description\":\"dem wein ganz nah \u2013 all&#039;interno del vino\",\"publisher\":{\"@id\":\"https:\\\/\\\/www.kobler-margreid.com\\\/blog\\\/#\\\/schema\\\/person\\\/6a2290c17f680f59c1fa7e1c7a36df3a\"},\"potentialAction\":[{\"@type\":\"SearchAction\",\"target\":{\"@type\":\"EntryPoint\",\"urlTemplate\":\"https:\\\/\\\/www.kobler-margreid.com\\\/blog\\\/?s={search_term_string}\"},\"query-input\":{\"@type\":\"PropertyValueSpecification\",\"valueRequired\":true,\"valueName\":\"search_term_string\"}}],\"inLanguage\":\"de\"},{\"@type\":[\"Person\",\"Organization\"],\"@id\":\"https:\\\/\\\/www.kobler-margreid.com\\\/blog\\\/#\\\/schema\\\/person\\\/6a2290c17f680f59c1fa7e1c7a36df3a\",\"name\":\"armin kobler\",\"image\":{\"@type\":\"ImageObject\",\"inLanguage\":\"de\",\"@id\":\"https:\\\/\\\/www.kobler-margreid.com\\\/blog\\\/wp-content\\\/2023\\\/11\\\/2012-05-08_09-33-03a.jpg\",\"url\":\"https:\\\/\\\/www.kobler-margreid.com\\\/blog\\\/wp-content\\\/2023\\\/11\\\/2012-05-08_09-33-03a.jpg\",\"contentUrl\":\"https:\\\/\\\/www.kobler-margreid.com\\\/blog\\\/wp-content\\\/2023\\\/11\\\/2012-05-08_09-33-03a.jpg\",\"width\":1088,\"height\":1184,\"caption\":\"armin kobler\"},\"logo\":{\"@id\":\"https:\\\/\\\/www.kobler-margreid.com\\\/blog\\\/wp-content\\\/2023\\\/11\\\/2012-05-08_09-33-03a.jpg\"},\"sameAs\":[\"http:\\\/\\\/www.kobler-margreid.com\",\"https:\\\/\\\/www.facebook.com\\\/armin.kobler\\\/\"],\"url\":\"https:\\\/\\\/www.kobler-margreid.com\\\/blog\\\/blog\\\/author\\\/admin\\\/\"}]}<\/script>\n<!-- \/ Yoast SEO plugin. -->","yoast_head_json":{"title":"Jede Menge gute Vors\u00e4tze (1) \u2014 I buoni propositi non mancano (1) - weinhof KOBLER weblog","robots":{"index":"index","follow":"follow","max-snippet":"max-snippet:-1","max-image-preview":"max-image-preview:large","max-video-preview":"max-video-preview:-1"},"canonical":"https:\/\/www.kobler-margreid.com\/blog\/blog\/2015\/12\/21\/jede-menge-gute-vorsaetze_i-buoni-propositi-non-mancano\/","og_locale":"de_DE","og_type":"article","og_title":"Jede Menge gute Vors\u00e4tze (1) \u2014 I buoni propositi non mancano (1) - weinhof KOBLER weblog","og_description":"Eigentlich wollte ich dieses Posting schon zum Ende des Landwirtschaftsjahres, also zu Martini (11.11.) schreiben. Leider habe ich aber dieses Vorhaben dauernd ver\u00ad\u00adschie\u00adben m\u00fcssen, da viele\u00a0vor\u00addringlichere\u00a0Arbeiten in dieser Zeit zu erledigen waren: letzte Kellerarbeiten, be\u00adson\u00addere Kundenbetreuung im Hinblick auf geringere &hellip; Weiterlesen &rarr;","og_url":"https:\/\/www.kobler-margreid.com\/blog\/blog\/2015\/12\/21\/jede-menge-gute-vorsaetze_i-buoni-propositi-non-mancano\/","og_site_name":"weinhof KOBLER weblog","article_publisher":"https:\/\/www.facebook.com\/armin.kobler\/","article_author":"https:\/\/www.facebook.com\/armin.kobler\/","article_published_time":"2015-12-21T20:19:47+00:00","article_modified_time":"2016-01-07T17:26:38+00:00","og_image":[{"url":"http:\/\/www.kobler-margreid.com\/blog\/wp-content\/2015\/12\/resolutions.jpg","type":"","width":"","height":""}],"author":"armin kobler","twitter_card":"summary_large_image","twitter_misc":{"Verfasst von":"armin kobler","Gesch\u00e4tzte Lesezeit":"7\u00a0Minuten"},"schema":{"@context":"https:\/\/schema.org","@graph":[{"@type":"Article","@id":"https:\/\/www.kobler-margreid.com\/blog\/blog\/2015\/12\/21\/jede-menge-gute-vorsaetze_i-buoni-propositi-non-mancano\/#article","isPartOf":{"@id":"https:\/\/www.kobler-margreid.com\/blog\/blog\/2015\/12\/21\/jede-menge-gute-vorsaetze_i-buoni-propositi-non-mancano\/"},"author":{"name":"armin kobler","@id":"https:\/\/www.kobler-margreid.com\/blog\/#\/schema\/person\/6a2290c17f680f59c1fa7e1c7a36df3a"},"headline":"Jede Menge gute Vors\u00e4tze (1) \u2014 I buoni propositi non mancano (1)","datePublished":"2015-12-21T20:19:47+00:00","dateModified":"2016-01-07T17:26:38+00:00","mainEntityOfPage":{"@id":"https:\/\/www.kobler-margreid.com\/blog\/blog\/2015\/12\/21\/jede-menge-gute-vorsaetze_i-buoni-propositi-non-mancano\/"},"wordCount":1442,"commentCount":0,"publisher":{"@id":"https:\/\/www.kobler-margreid.com\/blog\/#\/schema\/person\/6a2290c17f680f59c1fa7e1c7a36df3a"},"image":{"@id":"https:\/\/www.kobler-margreid.com\/blog\/blog\/2015\/12\/21\/jede-menge-gute-vorsaetze_i-buoni-propositi-non-mancano\/#primaryimage"},"thumbnailUrl":"http:\/\/www.kobler-margreid.com\/blog\/wp-content\/2015\/12\/resolutions.jpg","keywords":["Bilancio nutrizionale","B\u00fcrstenger\u00e4t","Difesa della vite","Mulchger\u00e4t","N\u00e4hr\u00adstoff\u00adhaus\u00adhalt","Pflanzenschutz","Potatura","Rebschnitt","Spollonatrice","Tagliaerba"],"articleSection":["Weingarten - Vigneto"],"inLanguage":"de","potentialAction":[{"@type":"CommentAction","name":"Comment","target":["https:\/\/www.kobler-margreid.com\/blog\/blog\/2015\/12\/21\/jede-menge-gute-vorsaetze_i-buoni-propositi-non-mancano\/#respond"]}]},{"@type":"WebPage","@id":"https:\/\/www.kobler-margreid.com\/blog\/blog\/2015\/12\/21\/jede-menge-gute-vorsaetze_i-buoni-propositi-non-mancano\/","url":"https:\/\/www.kobler-margreid.com\/blog\/blog\/2015\/12\/21\/jede-menge-gute-vorsaetze_i-buoni-propositi-non-mancano\/","name":"Jede Menge gute Vors\u00e4tze (1) \u2014 I buoni propositi non mancano (1) - weinhof KOBLER weblog","isPartOf":{"@id":"https:\/\/www.kobler-margreid.com\/blog\/#website"},"primaryImageOfPage":{"@id":"https:\/\/www.kobler-margreid.com\/blog\/blog\/2015\/12\/21\/jede-menge-gute-vorsaetze_i-buoni-propositi-non-mancano\/#primaryimage"},"image":{"@id":"https:\/\/www.kobler-margreid.com\/blog\/blog\/2015\/12\/21\/jede-menge-gute-vorsaetze_i-buoni-propositi-non-mancano\/#primaryimage"},"thumbnailUrl":"http:\/\/www.kobler-margreid.com\/blog\/wp-content\/2015\/12\/resolutions.jpg","datePublished":"2015-12-21T20:19:47+00:00","dateModified":"2016-01-07T17:26:38+00:00","breadcrumb":{"@id":"https:\/\/www.kobler-margreid.com\/blog\/blog\/2015\/12\/21\/jede-menge-gute-vorsaetze_i-buoni-propositi-non-mancano\/#breadcrumb"},"inLanguage":"de","potentialAction":[{"@type":"ReadAction","target":["https:\/\/www.kobler-margreid.com\/blog\/blog\/2015\/12\/21\/jede-menge-gute-vorsaetze_i-buoni-propositi-non-mancano\/"]}]},{"@type":"ImageObject","inLanguage":"de","@id":"https:\/\/www.kobler-margreid.com\/blog\/blog\/2015\/12\/21\/jede-menge-gute-vorsaetze_i-buoni-propositi-non-mancano\/#primaryimage","url":"http:\/\/www.kobler-margreid.com\/blog\/wp-content\/2015\/12\/resolutions.jpg","contentUrl":"http:\/\/www.kobler-margreid.com\/blog\/wp-content\/2015\/12\/resolutions.jpg"},{"@type":"BreadcrumbList","@id":"https:\/\/www.kobler-margreid.com\/blog\/blog\/2015\/12\/21\/jede-menge-gute-vorsaetze_i-buoni-propositi-non-mancano\/#breadcrumb","itemListElement":[{"@type":"ListItem","position":1,"name":"Startseite","item":"https:\/\/www.kobler-margreid.com\/blog\/"},{"@type":"ListItem","position":2,"name":"Jede Menge gute Vors\u00e4tze (1) \u2014 I buoni propositi non mancano (1)"}]},{"@type":"WebSite","@id":"https:\/\/www.kobler-margreid.com\/blog\/#website","url":"https:\/\/www.kobler-margreid.com\/blog\/","name":"weinhof KOBLER weblog","description":"dem wein ganz nah \u2013 all&#039;interno del vino","publisher":{"@id":"https:\/\/www.kobler-margreid.com\/blog\/#\/schema\/person\/6a2290c17f680f59c1fa7e1c7a36df3a"},"potentialAction":[{"@type":"SearchAction","target":{"@type":"EntryPoint","urlTemplate":"https:\/\/www.kobler-margreid.com\/blog\/?s={search_term_string}"},"query-input":{"@type":"PropertyValueSpecification","valueRequired":true,"valueName":"search_term_string"}}],"inLanguage":"de"},{"@type":["Person","Organization"],"@id":"https:\/\/www.kobler-margreid.com\/blog\/#\/schema\/person\/6a2290c17f680f59c1fa7e1c7a36df3a","name":"armin kobler","image":{"@type":"ImageObject","inLanguage":"de","@id":"https:\/\/www.kobler-margreid.com\/blog\/wp-content\/2023\/11\/2012-05-08_09-33-03a.jpg","url":"https:\/\/www.kobler-margreid.com\/blog\/wp-content\/2023\/11\/2012-05-08_09-33-03a.jpg","contentUrl":"https:\/\/www.kobler-margreid.com\/blog\/wp-content\/2023\/11\/2012-05-08_09-33-03a.jpg","width":1088,"height":1184,"caption":"armin kobler"},"logo":{"@id":"https:\/\/www.kobler-margreid.com\/blog\/wp-content\/2023\/11\/2012-05-08_09-33-03a.jpg"},"sameAs":["http:\/\/www.kobler-margreid.com","https:\/\/www.facebook.com\/armin.kobler\/"],"url":"https:\/\/www.kobler-margreid.com\/blog\/blog\/author\/admin\/"}]}},"_links":{"self":[{"href":"https:\/\/www.kobler-margreid.com\/blog\/wp-json\/wp\/v2\/posts\/13616","targetHints":{"allow":["GET"]}}],"collection":[{"href":"https:\/\/www.kobler-margreid.com\/blog\/wp-json\/wp\/v2\/posts"}],"about":[{"href":"https:\/\/www.kobler-margreid.com\/blog\/wp-json\/wp\/v2\/types\/post"}],"author":[{"embeddable":true,"href":"https:\/\/www.kobler-margreid.com\/blog\/wp-json\/wp\/v2\/users\/1"}],"replies":[{"embeddable":true,"href":"https:\/\/www.kobler-margreid.com\/blog\/wp-json\/wp\/v2\/comments?post=13616"}],"version-history":[{"count":0,"href":"https:\/\/www.kobler-margreid.com\/blog\/wp-json\/wp\/v2\/posts\/13616\/revisions"}],"wp:attachment":[{"href":"https:\/\/www.kobler-margreid.com\/blog\/wp-json\/wp\/v2\/media?parent=13616"}],"wp:term":[{"taxonomy":"category","embeddable":true,"href":"https:\/\/www.kobler-margreid.com\/blog\/wp-json\/wp\/v2\/categories?post=13616"},{"taxonomy":"post_tag","embeddable":true,"href":"https:\/\/www.kobler-margreid.com\/blog\/wp-json\/wp\/v2\/tags?post=13616"}],"curies":[{"name":"wp","href":"https:\/\/api.w.org\/{rel}","templated":true}]}}