{"id":13715,"date":"2015-12-31T00:34:04","date_gmt":"2015-12-30T23:34:04","guid":{"rendered":"http:\/\/www.kobler-margreid.com\/blog\/?p=13715"},"modified":"2018-01-16T11:31:03","modified_gmt":"2018-01-16T10:31:03","slug":"unsere-weine-i-nostri-vini-grauer-burgunderpinot-grigio-klausner","status":"publish","type":"post","link":"https:\/\/www.kobler-margreid.com\/blog\/blog\/2015\/12\/31\/unsere-weine-i-nostri-vini-grauer-burgunderpinot-grigio-klausner\/","title":{"rendered":"Unsere Weine \u2014 I nostri vini: Grauer Burgunder\/Pinot grigio Klausner"},"content":{"rendered":"<p><a href=\"http:\/\/www.kobler-margreid.com\/blog\/wp-content\/2015\/10\/grauer_burgunder_klausner1.png\" rel=\"attachment wp-att-13558\" rel=\"lightbox[13715]\"><img loading=\"lazy\" decoding=\"async\" class=\"float left alignleft wp-image-13558\" style=\"border: 0px; margin: -0px 10px 0px -0px;\" src=\"http:\/\/www.kobler-margreid.com\/blog\/wp-content\/2015\/10\/grauer_burgunder_klausner1.png\" alt=\"grauer_burgunder_klausner\" width=\"165\" height=\"607\"\/><\/a> Der <a href=\"http:\/\/www.kobler-margreid.com\/deutsch\/lagen_weine\/uebersicht\/uebersicht.html\" target=\"_blank\" rel=\"noopener\">Klausner<\/a> befindet sich, Luftlinie gemessen, ca. 200 Meter vom Ogeaner, \u00fcber den ich in der ersten Folge dieser Serie schrieb, entfernt. Der Boden besteht&nbsp;jedoch nicht mehr nur aus feinem Sand, sondern es ist etwas Lehm darunter gemischt. Er erstreckt mehr oder weniger von Osten nach Westen&nbsp;und&nbsp;wird an diesen beiden Seiten von den beiden Kalterer Gr\u00e4ben begrenzt. Mit seinen 1,5 Hektar ist er mit Abstand unser gr\u00f6\u00dfter Weingarten. 1972 wurde er einer alten Dame aus Aichholz abgekauft, zu der Zeit war er, so h\u00f6rte ich immer, mit Lambrusco-Reben bepflanzt; offen Doppelpergeln mit mehreren Metern Abstand dazwischen zeugten von der Fr\u00fcheren Doppel- und Dreifachnutzung: Traubenproduktion und dazwischen Futter- bzw. Ackerbau.<\/p>\n<p><em>Il vigneto <a href=\"http:\/\/www.kobler-margreid.com\/italiano\/vigneti_vini\/panoramica\/panoramica.html\" target=\"_blank\" rel=\"noopener\">Klausner<\/a>&nbsp;si trova a solo 200 metri di distanza dall&#8217;Ogeaner, di cui ho parlato nella prima puntata di questa serie. A differenza di quell&#8217;appezzamento per\u00f2 il terreno del Klausner non \u00e8 costituito solo di sabbia fine ma c&#8217;\u00e8 anche un po&#8216; di limo. Si estende pi\u00f9 o meno da Est ad Ovest, e viene delimitato su questi due lati dalle due Fosse di Caldaro. Con i suoi 1,5 ettari \u00e8 decisamente il nostro vigneto pi\u00f9 grande. Nel 1972 \u00e8 stato comprato da un&#8217;anziana signora di Rover\u00e9 della Luna e a quell&#8217;epoca, cos\u00ec mi \u00e8 stato sempre raccontato, era impiantato con Lambrusco (a foglia frastigliata? Enantio?). Erano pergole doppie aperte con diversi metri di distanza tra i filari&nbsp;ed in questo vecchi testimoni di un utilizzo diversificato del vigneto: Produzione di uva e tra le ale&nbsp;foraggicoltura ed arativo.<\/em><\/p>\n<p><!--more-->Kurz nach dem Erwerb wurde der Weingarten aber gerodet und im gleichen Ausma\u00df mit Merlot, Carm\u00e9n\u00e8re und Grauem Burgunder, nat\u00fcrlich mit der (einfachen) Pergl als Erziehungssystem, bestockt. Dass es sich eben um&nbsp;Carm\u00e9n\u00e8re handelt, wussten wir, wie viel andere auch, erst seit Anfang der 90er Jahre, die Jungreben wurden damals nicht nur uns als Cabernet Franc verkauft. Nachdem unsere Kellereigenossenschaft mit diesen Trauben gar keine Freude hatte \u2014 die Weine dieser Sorte sind bei uns durch stark rustikal ausgepr\u00e4gte vegetale Noten, niedrigem&nbsp;Gerbstoffgehalt und geringer Haltbarkeit gekennzeichnet \u2014 wurden die Reben&nbsp;2006 durch Grauen Burgunder ersetzt. Deshalb haben wir am Klausner insgesamt einen Hektar dieser Sorte: Die Trauben, welche&nbsp;von der&nbsp;inzwischen \u00fcber 40j\u00e4hrigen Pergl stammen, werden von mir vinifiziert, jener der j\u00fcngeren Spalieranlage gehen in die Kellereigenossenschaft.<\/p>\n<p><a href=\"http:\/\/www.kobler-margreid.com\/blog\/wp-content\/2015\/12\/2008-10-18_08-42-49.jpg\" rel=\"attachment wp-att-13741\" rel=\"lightbox[13715]\"><img loading=\"lazy\" decoding=\"async\" class=\"wp-image-13741\" style=\"border: 0px; margin: -0px 0px 0px -0px;\" src=\"http:\/\/www.kobler-margreid.com\/blog\/wp-content\/2015\/12\/2008-10-18_08-42-49.jpg\" alt=\"IF\" width=\"531\" height=\"398\" srcset=\"https:\/\/www.kobler-margreid.com\/blog\/wp-content\/2015\/12\/2008-10-18_08-42-49.jpg 1300w, https:\/\/www.kobler-margreid.com\/blog\/wp-content\/2015\/12\/2008-10-18_08-42-49-300x225.jpg 300w, https:\/\/www.kobler-margreid.com\/blog\/wp-content\/2015\/12\/2008-10-18_08-42-49-768x576.jpg 768w, https:\/\/www.kobler-margreid.com\/blog\/wp-content\/2015\/12\/2008-10-18_08-42-49-1024x768.jpg 1024w, https:\/\/www.kobler-margreid.com\/blog\/wp-content\/2015\/12\/2008-10-18_08-42-49-900x675.jpg 900w\" sizes=\"auto, (max-width: 531px) 100vw, 531px\" \/><\/a><\/p>\n<p><em>Subito dopo l&#8217;avvenuto acquisto il vigneto \u00e8 stato estirpato e reimpiantato con Merlot, Carm\u00e9n\u00e8re e Pinot grigio, ovviamente a pergola (semplice). Che si trattasse infatti di&nbsp;<\/em><em>Carm\u00e9n\u00e8re l&#8217;abbiamo saputo, come tanti altri viticolori&nbsp;soltanto all&#8217;inizio degli anni 90; infatti le barbatelle di quella variet\u00e0 non sono state vendute solo a noi con il falso nome di Caberent Franc. La nostra cantina cooperativa non ha mai avuto un grande piacere con quest&#8217;uva in quanto nella nostra zona i vini di&nbsp;questa variet\u00e0 bordolese sono grossolani, caratterizzati da un&#8217;aromaticit\u00e0&nbsp;molto vegetale, con poca struttura e di ridotta&nbsp;longevit\u00e0. Perci\u00f2 nel 2006 questa variet\u00e0 fu sostituita con Pinot grigio, per cui in quell&#8217;appezzamento abbiamo attualmente un ettaro di questo vitigno. Le uve derivanti dalla pergola di ormai pi\u00f9 di 40 anni vengono vinificate da me, quelle della spalliera recente vengono conferite alla Cantina Sociale di Cortaccia.<\/em><\/p>\n<p>Wie bei allen unseren Weinen m\u00f6chten wir auch hier soviel wie m\u00f6glich die Eigenheiten der Sorte, des Weingartens und des Jahrgangs riech- und schmeckbar machen. Und dies nicht nur im ersten Jahr nach seiner Abf\u00fcllung&nbsp;sondern m\u00f6glichst f\u00fcr l\u00e4ngere Zeit. Der <strong>Weinausbau<\/strong> entspricht&nbsp;daher im grunds\u00e4tzlichen Ablauf dem&nbsp;Ausbauprotokoll&nbsp;des&nbsp;schon besprochenen <a href=\"http:\/\/www.kobler-margreid.com\/blog\/2015\/10\/31\/unsere-weine_i-nostri-vini-chardonnay-ogeaner\/#kapitel01\">Chardonnay Ogeaner<\/a>, weshalb ich mich hier beschr\u00e4nke, darauf hinzuweisen.<\/p>\n<p><em><a href=\"http:\/\/www.kobler-margreid.com\/blog\/wp-content\/2015\/12\/2013-09-25_10-10-04.jpg\" rel=\"attachment wp-att-13743\" rel=\"lightbox[13715]\"><img loading=\"lazy\" decoding=\"async\" class=\"alignleft wp-image-13743\" style=\"border: 0px; margin: -0px 0px 0px -0px;\" src=\"http:\/\/www.kobler-margreid.com\/blog\/wp-content\/2015\/12\/2013-09-25_10-10-04.jpg\" alt=\"2013-09-25_10-10-04\" width=\"529\" height=\"395\" srcset=\"https:\/\/www.kobler-margreid.com\/blog\/wp-content\/2015\/12\/2013-09-25_10-10-04.jpg 1300w, https:\/\/www.kobler-margreid.com\/blog\/wp-content\/2015\/12\/2013-09-25_10-10-04-300x224.jpg 300w, https:\/\/www.kobler-margreid.com\/blog\/wp-content\/2015\/12\/2013-09-25_10-10-04-768x573.jpg 768w, https:\/\/www.kobler-margreid.com\/blog\/wp-content\/2015\/12\/2013-09-25_10-10-04-1024x764.jpg 1024w, https:\/\/www.kobler-margreid.com\/blog\/wp-content\/2015\/12\/2013-09-25_10-10-04-900x672.jpg 900w\" sizes=\"auto, (max-width: 529px) 100vw, 529px\" \/><\/a><\/em><\/p>\n<p><em>Come in tutti cerchiamo anche in questo caso di rendere percepibile, organoletticamente parlando, le particolarit\u00e0 della variet\u00e0, del vigneto e dell&#8217;annata. Possibilmente per diversi anni e non soltanto per la durata del primo anno dopo l&#8217;imbottigliamento. La <strong>vinificazione<\/strong>&nbsp;corrisponde di conseguenza&nbsp;grosso modo a quella dello <a href=\"http:\/\/www.kobler-margreid.com\/blog\/2015\/10\/31\/unsere-weine_i-nostri-vini-chardonnay-ogeaner\/#kapitel02\">Chardonnay Ogeaner<\/a>, spiegata nella puntata precedente, a cui preferisco rimandare in questo momento.<\/em><\/p>\n<p>Hinsichtlich der <strong>Sensorik<\/strong> unterscheidet er sich aber sehr vom Chardonnay. Der Geruch erinnert deutlich an reifes Kernobst, mehr Birne als Apfel; unser Grauer Burgunder&nbsp;ist recht leicht als Vertreter seiner Sorte erkennbar. Beginnend mit dem zweiten, sp\u00e4testens dritten Jahr nach der Lese, gesellt sich auch das Aroma von \u00fcberreifer Honigmelone dazu. Ich habe das Gl\u00fcck, mit dem Klausner eine Lage am Talgrund zu besitzen, und damit ein Nutznie\u00dfer der&nbsp;dort herrschenden Tag-Nacht-Temperaturunterschiede zu sein. Dadurch ist der Geschmack stets von der sortentypischen F\u00fclle gekennzeichnet, aber die pr\u00e4sente S\u00e4ure l\u00e4sst ihn nie plump oder gar mastig erscheinen. Dieses gut strukturierte aber doch trinkige Mundgef\u00fchl l\u00e4sst ihn einen guter Essenbegleiter zu sehr vielen Gerichten sein, insbesondere kr\u00e4ftigeren Vorspeisen. Daher ist er besonders in der Gastronomie als willkommender Allrounder recht gefragt.<\/p>\n<p><em><a href=\"http:\/\/www.kobler-margreid.com\/blog\/wp-content\/2015\/12\/2011-09-10_14-14-11.jpg\" rel=\"attachment wp-att-13744\" rel=\"lightbox[13715]\"><img loading=\"lazy\" decoding=\"async\" class=\"alignleft wp-image-13744\" style=\"border: 0px; margin: -0px 0px 0px -0px;\" src=\"http:\/\/www.kobler-margreid.com\/blog\/wp-content\/2015\/12\/2011-09-10_14-14-11.jpg\" alt=\"2011-09-10_14-14-11\" width=\"530\" height=\"398\" srcset=\"https:\/\/www.kobler-margreid.com\/blog\/wp-content\/2015\/12\/2011-09-10_14-14-11.jpg 1300w, https:\/\/www.kobler-margreid.com\/blog\/wp-content\/2015\/12\/2011-09-10_14-14-11-300x225.jpg 300w, https:\/\/www.kobler-margreid.com\/blog\/wp-content\/2015\/12\/2011-09-10_14-14-11-768x576.jpg 768w, https:\/\/www.kobler-margreid.com\/blog\/wp-content\/2015\/12\/2011-09-10_14-14-11-1024x768.jpg 1024w, https:\/\/www.kobler-margreid.com\/blog\/wp-content\/2015\/12\/2011-09-10_14-14-11-900x675.jpg 900w\" sizes=\"auto, (max-width: 530px) 100vw, 530px\" \/><\/a><\/em><\/p>\n<p><em>Per quanto concerne la <strong>caratteristiche organolettiche<\/strong> si distingue nettamente dallo Chardonnay. L&#8217;aroma ricorda i frutti maturi della mela ma soprattutto della pera, per cui \u00e8 facilmente riconoscibile come rappresentante della sua variet\u00e0. A cominciare con il secondo, a pi\u00f9 tardi terzo anno dopo la vendemmia si instaura anche l&#8217;odore di melone stramaturo. Ho la fortuna di possedere con il Klausner un vigneto del fondovalle, per cui soggetto ad escursioni termiche notevoli tra giorno e notte.&nbsp;In conseguenza di questo il sapore \u00e8 s\u00ec pieno come lo&nbsp;si aspetta, ma caratterizzato anche da un&#8217;acidit\u00e0 che gli dona la freschezza necessaria per controbilanciare. La sensazione di vino strutturato ma lo stesso bevibile lo rende un buon accompagnatore di molti piatti, soprattutto di primi di un certo spessore. Per questo \u00e8 richiesto molto soprattutto nella ristorazione, dove riveste il&nbsp;ruolo benvisto di vino all-round.<\/em><\/p>\n","protected":false},"excerpt":{"rendered":"<p>Der Klausner befindet sich, Luftlinie gemessen, ca. 200 Meter vom Ogeaner, \u00fcber den ich in der ersten Folge dieser Serie schrieb, entfernt. Der Boden besteht&nbsp;jedoch nicht mehr nur aus feinem Sand, sondern es ist etwas Lehm darunter gemischt. Er erstreckt &hellip; <a href=\"https:\/\/www.kobler-margreid.com\/blog\/blog\/2015\/12\/31\/unsere-weine-i-nostri-vini-grauer-burgunderpinot-grigio-klausner\/\">Weiterlesen <span class=\"meta-nav\">&rarr;<\/span><\/a><\/p>\n","protected":false},"author":1,"featured_media":0,"comment_status":"open","ping_status":"open","sticky":false,"template":"","format":"standard","meta":{"ngg_post_thumbnail":0,"footnotes":"","_links_to":"","_links_to_target":""},"categories":[15,14],"tags":[1494,433,1575],"class_list":["post-13715","post","type-post","status-publish","format-standard","hentry","category-keller","category-weingarten","tag-pinot-grigio-alto-adige-doc","tag-sudtiroler-grauer-burgunder-klausner","tag-unsereweine"],"yoast_head":"<!-- This site is optimized with the Yoast SEO plugin v27.5 - https:\/\/yoast.com\/product\/yoast-seo-wordpress\/ -->\n<title>Unsere Weine \u2014 I nostri vini: Grauer Burgunder\/Pinot grigio Klausner - weinhof KOBLER weblog<\/title>\n<meta name=\"robots\" content=\"index, follow, max-snippet:-1, max-image-preview:large, max-video-preview:-1\" \/>\n<link rel=\"canonical\" href=\"https:\/\/www.kobler-margreid.com\/blog\/blog\/2015\/12\/31\/unsere-weine-i-nostri-vini-grauer-burgunderpinot-grigio-klausner\/\" \/>\n<meta property=\"og:locale\" content=\"de_DE\" \/>\n<meta property=\"og:type\" content=\"article\" \/>\n<meta property=\"og:title\" content=\"Unsere Weine \u2014 I nostri vini: Grauer Burgunder\/Pinot grigio Klausner - weinhof KOBLER weblog\" \/>\n<meta property=\"og:description\" content=\"Der Klausner befindet sich, Luftlinie gemessen, ca. 200 Meter vom Ogeaner, \u00fcber den ich in der ersten Folge dieser Serie schrieb, entfernt. Der Boden besteht&nbsp;jedoch nicht mehr nur aus feinem Sand, sondern es ist etwas Lehm darunter gemischt. Er erstreckt &hellip; Weiterlesen &rarr;\" \/>\n<meta property=\"og:url\" content=\"https:\/\/www.kobler-margreid.com\/blog\/blog\/2015\/12\/31\/unsere-weine-i-nostri-vini-grauer-burgunderpinot-grigio-klausner\/\" \/>\n<meta property=\"og:site_name\" content=\"weinhof KOBLER weblog\" \/>\n<meta property=\"article:publisher\" content=\"https:\/\/www.facebook.com\/armin.kobler\/\" \/>\n<meta property=\"article:author\" content=\"https:\/\/www.facebook.com\/armin.kobler\/\" \/>\n<meta property=\"article:published_time\" content=\"2015-12-30T23:34:04+00:00\" \/>\n<meta property=\"article:modified_time\" content=\"2018-01-16T10:31:03+00:00\" \/>\n<meta property=\"og:image\" content=\"http:\/\/www.kobler-margreid.com\/blog\/wp-content\/2015\/10\/grauer_burgunder_klausner1.png\" \/>\n<meta name=\"author\" content=\"armin kobler\" \/>\n<meta name=\"twitter:card\" content=\"summary_large_image\" \/>\n<meta name=\"twitter:label1\" content=\"Verfasst von\" \/>\n\t<meta name=\"twitter:data1\" content=\"armin kobler\" \/>\n\t<meta name=\"twitter:label2\" content=\"Gesch\u00e4tzte Lesezeit\" \/>\n\t<meta name=\"twitter:data2\" content=\"5\u00a0Minuten\" \/>\n<script type=\"application\/ld+json\" class=\"yoast-schema-graph\">{\"@context\":\"https:\\\/\\\/schema.org\",\"@graph\":[{\"@type\":\"Article\",\"@id\":\"https:\\\/\\\/www.kobler-margreid.com\\\/blog\\\/blog\\\/2015\\\/12\\\/31\\\/unsere-weine-i-nostri-vini-grauer-burgunderpinot-grigio-klausner\\\/#article\",\"isPartOf\":{\"@id\":\"https:\\\/\\\/www.kobler-margreid.com\\\/blog\\\/blog\\\/2015\\\/12\\\/31\\\/unsere-weine-i-nostri-vini-grauer-burgunderpinot-grigio-klausner\\\/\"},\"author\":{\"name\":\"armin kobler\",\"@id\":\"https:\\\/\\\/www.kobler-margreid.com\\\/blog\\\/#\\\/schema\\\/person\\\/6a2290c17f680f59c1fa7e1c7a36df3a\"},\"headline\":\"Unsere Weine \u2014 I nostri vini: Grauer Burgunder\\\/Pinot grigio Klausner\",\"datePublished\":\"2015-12-30T23:34:04+00:00\",\"dateModified\":\"2018-01-16T10:31:03+00:00\",\"mainEntityOfPage\":{\"@id\":\"https:\\\/\\\/www.kobler-margreid.com\\\/blog\\\/blog\\\/2015\\\/12\\\/31\\\/unsere-weine-i-nostri-vini-grauer-burgunderpinot-grigio-klausner\\\/\"},\"wordCount\":964,\"commentCount\":0,\"publisher\":{\"@id\":\"https:\\\/\\\/www.kobler-margreid.com\\\/blog\\\/#\\\/schema\\\/person\\\/6a2290c17f680f59c1fa7e1c7a36df3a\"},\"image\":{\"@id\":\"https:\\\/\\\/www.kobler-margreid.com\\\/blog\\\/blog\\\/2015\\\/12\\\/31\\\/unsere-weine-i-nostri-vini-grauer-burgunderpinot-grigio-klausner\\\/#primaryimage\"},\"thumbnailUrl\":\"http:\\\/\\\/www.kobler-margreid.com\\\/blog\\\/wp-content\\\/2015\\\/10\\\/grauer_burgunder_klausner1.png\",\"keywords\":[\"Pinot grigio Alto Adige DOC\",\"S\u00fcdtiroler Grauer Burgunder Klausner\",\"UnsereWeine\"],\"articleSection\":[\"Keller - Cantina\",\"Weingarten - Vigneto\"],\"inLanguage\":\"de\",\"potentialAction\":[{\"@type\":\"CommentAction\",\"name\":\"Comment\",\"target\":[\"https:\\\/\\\/www.kobler-margreid.com\\\/blog\\\/blog\\\/2015\\\/12\\\/31\\\/unsere-weine-i-nostri-vini-grauer-burgunderpinot-grigio-klausner\\\/#respond\"]}]},{\"@type\":\"WebPage\",\"@id\":\"https:\\\/\\\/www.kobler-margreid.com\\\/blog\\\/blog\\\/2015\\\/12\\\/31\\\/unsere-weine-i-nostri-vini-grauer-burgunderpinot-grigio-klausner\\\/\",\"url\":\"https:\\\/\\\/www.kobler-margreid.com\\\/blog\\\/blog\\\/2015\\\/12\\\/31\\\/unsere-weine-i-nostri-vini-grauer-burgunderpinot-grigio-klausner\\\/\",\"name\":\"Unsere Weine \u2014 I nostri vini: Grauer Burgunder\\\/Pinot grigio Klausner - weinhof KOBLER weblog\",\"isPartOf\":{\"@id\":\"https:\\\/\\\/www.kobler-margreid.com\\\/blog\\\/#website\"},\"primaryImageOfPage\":{\"@id\":\"https:\\\/\\\/www.kobler-margreid.com\\\/blog\\\/blog\\\/2015\\\/12\\\/31\\\/unsere-weine-i-nostri-vini-grauer-burgunderpinot-grigio-klausner\\\/#primaryimage\"},\"image\":{\"@id\":\"https:\\\/\\\/www.kobler-margreid.com\\\/blog\\\/blog\\\/2015\\\/12\\\/31\\\/unsere-weine-i-nostri-vini-grauer-burgunderpinot-grigio-klausner\\\/#primaryimage\"},\"thumbnailUrl\":\"http:\\\/\\\/www.kobler-margreid.com\\\/blog\\\/wp-content\\\/2015\\\/10\\\/grauer_burgunder_klausner1.png\",\"datePublished\":\"2015-12-30T23:34:04+00:00\",\"dateModified\":\"2018-01-16T10:31:03+00:00\",\"breadcrumb\":{\"@id\":\"https:\\\/\\\/www.kobler-margreid.com\\\/blog\\\/blog\\\/2015\\\/12\\\/31\\\/unsere-weine-i-nostri-vini-grauer-burgunderpinot-grigio-klausner\\\/#breadcrumb\"},\"inLanguage\":\"de\",\"potentialAction\":[{\"@type\":\"ReadAction\",\"target\":[\"https:\\\/\\\/www.kobler-margreid.com\\\/blog\\\/blog\\\/2015\\\/12\\\/31\\\/unsere-weine-i-nostri-vini-grauer-burgunderpinot-grigio-klausner\\\/\"]}]},{\"@type\":\"ImageObject\",\"inLanguage\":\"de\",\"@id\":\"https:\\\/\\\/www.kobler-margreid.com\\\/blog\\\/blog\\\/2015\\\/12\\\/31\\\/unsere-weine-i-nostri-vini-grauer-burgunderpinot-grigio-klausner\\\/#primaryimage\",\"url\":\"http:\\\/\\\/www.kobler-margreid.com\\\/blog\\\/wp-content\\\/2015\\\/10\\\/grauer_burgunder_klausner1.png\",\"contentUrl\":\"http:\\\/\\\/www.kobler-margreid.com\\\/blog\\\/wp-content\\\/2015\\\/10\\\/grauer_burgunder_klausner1.png\"},{\"@type\":\"BreadcrumbList\",\"@id\":\"https:\\\/\\\/www.kobler-margreid.com\\\/blog\\\/blog\\\/2015\\\/12\\\/31\\\/unsere-weine-i-nostri-vini-grauer-burgunderpinot-grigio-klausner\\\/#breadcrumb\",\"itemListElement\":[{\"@type\":\"ListItem\",\"position\":1,\"name\":\"Startseite\",\"item\":\"https:\\\/\\\/www.kobler-margreid.com\\\/blog\\\/\"},{\"@type\":\"ListItem\",\"position\":2,\"name\":\"Unsere Weine \u2014 I nostri vini: Grauer Burgunder\\\/Pinot grigio Klausner\"}]},{\"@type\":\"WebSite\",\"@id\":\"https:\\\/\\\/www.kobler-margreid.com\\\/blog\\\/#website\",\"url\":\"https:\\\/\\\/www.kobler-margreid.com\\\/blog\\\/\",\"name\":\"weinhof KOBLER weblog\",\"description\":\"dem wein ganz nah \u2013 all&#039;interno del vino\",\"publisher\":{\"@id\":\"https:\\\/\\\/www.kobler-margreid.com\\\/blog\\\/#\\\/schema\\\/person\\\/6a2290c17f680f59c1fa7e1c7a36df3a\"},\"potentialAction\":[{\"@type\":\"SearchAction\",\"target\":{\"@type\":\"EntryPoint\",\"urlTemplate\":\"https:\\\/\\\/www.kobler-margreid.com\\\/blog\\\/?s={search_term_string}\"},\"query-input\":{\"@type\":\"PropertyValueSpecification\",\"valueRequired\":true,\"valueName\":\"search_term_string\"}}],\"inLanguage\":\"de\"},{\"@type\":[\"Person\",\"Organization\"],\"@id\":\"https:\\\/\\\/www.kobler-margreid.com\\\/blog\\\/#\\\/schema\\\/person\\\/6a2290c17f680f59c1fa7e1c7a36df3a\",\"name\":\"armin kobler\",\"image\":{\"@type\":\"ImageObject\",\"inLanguage\":\"de\",\"@id\":\"https:\\\/\\\/www.kobler-margreid.com\\\/blog\\\/wp-content\\\/2023\\\/11\\\/2012-05-08_09-33-03a.jpg\",\"url\":\"https:\\\/\\\/www.kobler-margreid.com\\\/blog\\\/wp-content\\\/2023\\\/11\\\/2012-05-08_09-33-03a.jpg\",\"contentUrl\":\"https:\\\/\\\/www.kobler-margreid.com\\\/blog\\\/wp-content\\\/2023\\\/11\\\/2012-05-08_09-33-03a.jpg\",\"width\":1088,\"height\":1184,\"caption\":\"armin kobler\"},\"logo\":{\"@id\":\"https:\\\/\\\/www.kobler-margreid.com\\\/blog\\\/wp-content\\\/2023\\\/11\\\/2012-05-08_09-33-03a.jpg\"},\"sameAs\":[\"http:\\\/\\\/www.kobler-margreid.com\",\"https:\\\/\\\/www.facebook.com\\\/armin.kobler\\\/\"],\"url\":\"https:\\\/\\\/www.kobler-margreid.com\\\/blog\\\/blog\\\/author\\\/admin\\\/\"}]}<\/script>\n<!-- \/ Yoast SEO plugin. -->","yoast_head_json":{"title":"Unsere Weine \u2014 I nostri vini: Grauer Burgunder\/Pinot grigio Klausner - weinhof KOBLER weblog","robots":{"index":"index","follow":"follow","max-snippet":"max-snippet:-1","max-image-preview":"max-image-preview:large","max-video-preview":"max-video-preview:-1"},"canonical":"https:\/\/www.kobler-margreid.com\/blog\/blog\/2015\/12\/31\/unsere-weine-i-nostri-vini-grauer-burgunderpinot-grigio-klausner\/","og_locale":"de_DE","og_type":"article","og_title":"Unsere Weine \u2014 I nostri vini: Grauer Burgunder\/Pinot grigio Klausner - weinhof KOBLER weblog","og_description":"Der Klausner befindet sich, Luftlinie gemessen, ca. 200 Meter vom Ogeaner, \u00fcber den ich in der ersten Folge dieser Serie schrieb, entfernt. Der Boden besteht&nbsp;jedoch nicht mehr nur aus feinem Sand, sondern es ist etwas Lehm darunter gemischt. Er erstreckt &hellip; Weiterlesen &rarr;","og_url":"https:\/\/www.kobler-margreid.com\/blog\/blog\/2015\/12\/31\/unsere-weine-i-nostri-vini-grauer-burgunderpinot-grigio-klausner\/","og_site_name":"weinhof KOBLER weblog","article_publisher":"https:\/\/www.facebook.com\/armin.kobler\/","article_author":"https:\/\/www.facebook.com\/armin.kobler\/","article_published_time":"2015-12-30T23:34:04+00:00","article_modified_time":"2018-01-16T10:31:03+00:00","og_image":[{"url":"http:\/\/www.kobler-margreid.com\/blog\/wp-content\/2015\/10\/grauer_burgunder_klausner1.png","type":"","width":"","height":""}],"author":"armin kobler","twitter_card":"summary_large_image","twitter_misc":{"Verfasst von":"armin kobler","Gesch\u00e4tzte Lesezeit":"5\u00a0Minuten"},"schema":{"@context":"https:\/\/schema.org","@graph":[{"@type":"Article","@id":"https:\/\/www.kobler-margreid.com\/blog\/blog\/2015\/12\/31\/unsere-weine-i-nostri-vini-grauer-burgunderpinot-grigio-klausner\/#article","isPartOf":{"@id":"https:\/\/www.kobler-margreid.com\/blog\/blog\/2015\/12\/31\/unsere-weine-i-nostri-vini-grauer-burgunderpinot-grigio-klausner\/"},"author":{"name":"armin kobler","@id":"https:\/\/www.kobler-margreid.com\/blog\/#\/schema\/person\/6a2290c17f680f59c1fa7e1c7a36df3a"},"headline":"Unsere Weine \u2014 I nostri vini: Grauer Burgunder\/Pinot grigio Klausner","datePublished":"2015-12-30T23:34:04+00:00","dateModified":"2018-01-16T10:31:03+00:00","mainEntityOfPage":{"@id":"https:\/\/www.kobler-margreid.com\/blog\/blog\/2015\/12\/31\/unsere-weine-i-nostri-vini-grauer-burgunderpinot-grigio-klausner\/"},"wordCount":964,"commentCount":0,"publisher":{"@id":"https:\/\/www.kobler-margreid.com\/blog\/#\/schema\/person\/6a2290c17f680f59c1fa7e1c7a36df3a"},"image":{"@id":"https:\/\/www.kobler-margreid.com\/blog\/blog\/2015\/12\/31\/unsere-weine-i-nostri-vini-grauer-burgunderpinot-grigio-klausner\/#primaryimage"},"thumbnailUrl":"http:\/\/www.kobler-margreid.com\/blog\/wp-content\/2015\/10\/grauer_burgunder_klausner1.png","keywords":["Pinot grigio Alto Adige DOC","S\u00fcdtiroler Grauer Burgunder Klausner","UnsereWeine"],"articleSection":["Keller - Cantina","Weingarten - Vigneto"],"inLanguage":"de","potentialAction":[{"@type":"CommentAction","name":"Comment","target":["https:\/\/www.kobler-margreid.com\/blog\/blog\/2015\/12\/31\/unsere-weine-i-nostri-vini-grauer-burgunderpinot-grigio-klausner\/#respond"]}]},{"@type":"WebPage","@id":"https:\/\/www.kobler-margreid.com\/blog\/blog\/2015\/12\/31\/unsere-weine-i-nostri-vini-grauer-burgunderpinot-grigio-klausner\/","url":"https:\/\/www.kobler-margreid.com\/blog\/blog\/2015\/12\/31\/unsere-weine-i-nostri-vini-grauer-burgunderpinot-grigio-klausner\/","name":"Unsere Weine \u2014 I nostri vini: Grauer Burgunder\/Pinot grigio Klausner - weinhof KOBLER weblog","isPartOf":{"@id":"https:\/\/www.kobler-margreid.com\/blog\/#website"},"primaryImageOfPage":{"@id":"https:\/\/www.kobler-margreid.com\/blog\/blog\/2015\/12\/31\/unsere-weine-i-nostri-vini-grauer-burgunderpinot-grigio-klausner\/#primaryimage"},"image":{"@id":"https:\/\/www.kobler-margreid.com\/blog\/blog\/2015\/12\/31\/unsere-weine-i-nostri-vini-grauer-burgunderpinot-grigio-klausner\/#primaryimage"},"thumbnailUrl":"http:\/\/www.kobler-margreid.com\/blog\/wp-content\/2015\/10\/grauer_burgunder_klausner1.png","datePublished":"2015-12-30T23:34:04+00:00","dateModified":"2018-01-16T10:31:03+00:00","breadcrumb":{"@id":"https:\/\/www.kobler-margreid.com\/blog\/blog\/2015\/12\/31\/unsere-weine-i-nostri-vini-grauer-burgunderpinot-grigio-klausner\/#breadcrumb"},"inLanguage":"de","potentialAction":[{"@type":"ReadAction","target":["https:\/\/www.kobler-margreid.com\/blog\/blog\/2015\/12\/31\/unsere-weine-i-nostri-vini-grauer-burgunderpinot-grigio-klausner\/"]}]},{"@type":"ImageObject","inLanguage":"de","@id":"https:\/\/www.kobler-margreid.com\/blog\/blog\/2015\/12\/31\/unsere-weine-i-nostri-vini-grauer-burgunderpinot-grigio-klausner\/#primaryimage","url":"http:\/\/www.kobler-margreid.com\/blog\/wp-content\/2015\/10\/grauer_burgunder_klausner1.png","contentUrl":"http:\/\/www.kobler-margreid.com\/blog\/wp-content\/2015\/10\/grauer_burgunder_klausner1.png"},{"@type":"BreadcrumbList","@id":"https:\/\/www.kobler-margreid.com\/blog\/blog\/2015\/12\/31\/unsere-weine-i-nostri-vini-grauer-burgunderpinot-grigio-klausner\/#breadcrumb","itemListElement":[{"@type":"ListItem","position":1,"name":"Startseite","item":"https:\/\/www.kobler-margreid.com\/blog\/"},{"@type":"ListItem","position":2,"name":"Unsere Weine \u2014 I nostri vini: Grauer Burgunder\/Pinot grigio Klausner"}]},{"@type":"WebSite","@id":"https:\/\/www.kobler-margreid.com\/blog\/#website","url":"https:\/\/www.kobler-margreid.com\/blog\/","name":"weinhof KOBLER weblog","description":"dem wein ganz nah \u2013 all&#039;interno del vino","publisher":{"@id":"https:\/\/www.kobler-margreid.com\/blog\/#\/schema\/person\/6a2290c17f680f59c1fa7e1c7a36df3a"},"potentialAction":[{"@type":"SearchAction","target":{"@type":"EntryPoint","urlTemplate":"https:\/\/www.kobler-margreid.com\/blog\/?s={search_term_string}"},"query-input":{"@type":"PropertyValueSpecification","valueRequired":true,"valueName":"search_term_string"}}],"inLanguage":"de"},{"@type":["Person","Organization"],"@id":"https:\/\/www.kobler-margreid.com\/blog\/#\/schema\/person\/6a2290c17f680f59c1fa7e1c7a36df3a","name":"armin kobler","image":{"@type":"ImageObject","inLanguage":"de","@id":"https:\/\/www.kobler-margreid.com\/blog\/wp-content\/2023\/11\/2012-05-08_09-33-03a.jpg","url":"https:\/\/www.kobler-margreid.com\/blog\/wp-content\/2023\/11\/2012-05-08_09-33-03a.jpg","contentUrl":"https:\/\/www.kobler-margreid.com\/blog\/wp-content\/2023\/11\/2012-05-08_09-33-03a.jpg","width":1088,"height":1184,"caption":"armin kobler"},"logo":{"@id":"https:\/\/www.kobler-margreid.com\/blog\/wp-content\/2023\/11\/2012-05-08_09-33-03a.jpg"},"sameAs":["http:\/\/www.kobler-margreid.com","https:\/\/www.facebook.com\/armin.kobler\/"],"url":"https:\/\/www.kobler-margreid.com\/blog\/blog\/author\/admin\/"}]}},"_links":{"self":[{"href":"https:\/\/www.kobler-margreid.com\/blog\/wp-json\/wp\/v2\/posts\/13715","targetHints":{"allow":["GET"]}}],"collection":[{"href":"https:\/\/www.kobler-margreid.com\/blog\/wp-json\/wp\/v2\/posts"}],"about":[{"href":"https:\/\/www.kobler-margreid.com\/blog\/wp-json\/wp\/v2\/types\/post"}],"author":[{"embeddable":true,"href":"https:\/\/www.kobler-margreid.com\/blog\/wp-json\/wp\/v2\/users\/1"}],"replies":[{"embeddable":true,"href":"https:\/\/www.kobler-margreid.com\/blog\/wp-json\/wp\/v2\/comments?post=13715"}],"version-history":[{"count":0,"href":"https:\/\/www.kobler-margreid.com\/blog\/wp-json\/wp\/v2\/posts\/13715\/revisions"}],"wp:attachment":[{"href":"https:\/\/www.kobler-margreid.com\/blog\/wp-json\/wp\/v2\/media?parent=13715"}],"wp:term":[{"taxonomy":"category","embeddable":true,"href":"https:\/\/www.kobler-margreid.com\/blog\/wp-json\/wp\/v2\/categories?post=13715"},{"taxonomy":"post_tag","embeddable":true,"href":"https:\/\/www.kobler-margreid.com\/blog\/wp-json\/wp\/v2\/tags?post=13715"}],"curies":[{"name":"wp","href":"https:\/\/api.w.org\/{rel}","templated":true}]}}