{"id":13848,"date":"2016-02-07T15:48:00","date_gmt":"2016-02-07T14:48:00","guid":{"rendered":"http:\/\/www.kobler-margreid.com\/blog\/?p=13848"},"modified":"2018-01-16T11:30:36","modified_gmt":"2018-01-16T10:30:36","slug":"unsere-weine-i-nostri-vini-gewuerztraminer-feld","status":"publish","type":"post","link":"https:\/\/www.kobler-margreid.com\/blog\/blog\/2016\/02\/07\/unsere-weine-i-nostri-vini-gewuerztraminer-feld\/","title":{"rendered":"Unsere Weine \u2014 I nostri vini: Gew\u00fcrztraminer Feld"},"content":{"rendered":"<p><a href=\"http:\/\/www.kobler-margreid.com\/blog\/wp-content\/2016\/02\/gewuerztraminer_feld.png\" rel=\"attachment wp-att-13874\" rel=\"lightbox[13848]\"><img loading=\"lazy\" decoding=\"async\" class=\"float left alignleft wp-image-13874\" style=\"border: 0px; margin: -0px 10px 0px -0px;\" src=\"http:\/\/www.kobler-margreid.com\/blog\/wp-content\/2016\/02\/gewuerztraminer_feld.png\" alt=\"gewuerztraminer_feld\" width=\"150\" height=\"664\" srcset=\"https:\/\/www.kobler-margreid.com\/blog\/wp-content\/2016\/02\/gewuerztraminer_feld.png 248w, https:\/\/www.kobler-margreid.com\/blog\/wp-content\/2016\/02\/gewuerztraminer_feld-68x300.png 68w, https:\/\/www.kobler-margreid.com\/blog\/wp-content\/2016\/02\/gewuerztraminer_feld-231x1024.png 231w\" sizes=\"auto, (max-width: 150px) 100vw, 150px\" \/><\/a><\/p>\n<p>Vier unserer Weing\u00e4rten befinden sich am Talgrund, drei in Dorfn\u00e4he, auf dem Schwemmkegel des Fenner Baches. Zu den letzteren geh\u00f6rt die Lage <a href=\"http:\/\/www.kobler-margreid.com\/deutsch\/lagen_weine\/uebersicht\/uebersicht.html\" target=\"_blank\" rel=\"noopener\">Feld<\/a>, wo unser Gew\u00fcrztraminer w\u00e4chst. Haupts\u00e4chlich auf Grund zweier Eigenschaften heben sich letztere Weing\u00e4rten&nbsp;von den Tallagen ab. Der geringe (um die 20 m) aber in diesem Fall doch bedeutsame H\u00f6henunterschied sowie die Zusammensetzung des Bodens. Auf dem Schwemmkegel h\u00e4lt sich n\u00e4mlich die n\u00e4chtliche Abk\u00fchlung in Grenzen und der Untergrund ist einzig vom angeschwemmten Dolomitschutt charakterisiert, wodurch ein lehmig sandiger, basischer Boden vorherrscht.<\/p>\n<p><em>Quattro dei nostri vigneti si trovano nel fondovalle, tre in vicinanza del paese, sul conoide del rio Favogna. Il vigneto <a href=\"http:\/\/www.kobler-margreid.com\/italiano\/vigneti_vini\/panoramica\/panoramica.html\" target=\"_blank\" rel=\"noopener\">Feld<\/a>, da dove viene il nostro Gew\u00fcrztraminer,&nbsp;appartiene a quest&#8217;ultimi. Si distinguono soprattutto per due cose: per una sebbene limitata differenza in altitudine di 20 m e per una differente composizione del terreno. Infatti sul conoide l&#8217;escursione termica \u00e8 minore ed il terreno originato solo dai detriti dolomitici \u00e8 argillosabbioso e leggermente basico.&nbsp;<\/em><\/p>\n<p>1973 wurden dort unseren ersten Gew\u00fcrztraminer-Reben gesetzt, aber die Anlage wurde leider nicht sehr alt. Sehr viel St\u00f6cke fielen der Esca-Krankheit \u2014 die Sorte ist diesbez\u00fcglich sehr empfindlich \u2014 zum Opfer, wobei das Ersetzen der abgestorbenen Reben sich als schwierig herausstellte. Zudem war die Qualit\u00e4t der vollst\u00e4ndig aus Holz bestehenden Pergl sehr schlecht, weswegen in der Folge das Laubdach&nbsp;sich immer mehr senkte und das Begehen sowie&nbsp;das Befahren der Anlage immer m\u00fchevoller wurden.&nbsp;2004, nach 31 Jahren, wurde schlie\u00dflich ein Schlussstrich gezogen, d.h. die alte Anlage wurde gerodet und der Weingarten neu bepflanzt. Wieder Gew\u00fcrztraminer, diesmal aber das den sorteneigenen Wuchseigenschaften viel besser entsprechende Spaliersystem und die Reihen parallel zu den L\u00e4ngsseiten gef\u00fchrt, was wiederum die Mechanisierung erleichtert.<\/p>\n<p><em>Nel 1973 sono state piantate l\u00ec le nostre prime viti di&nbsp;<\/em><em>Gew\u00fcrztraminer, ma l&#8217;impianto non fu di lunga durata. Molti ceppi divennero vittime del mal dell&#8217;esca (questo vitigno ne \u00e8 particolarmente sensibile) e la loro sostituzione fu difficile. Inoltre la qualit\u00e0 del materiale delle pergole completamente in legno non era la migliore per cui si abbassa in continuazione rendendo difficile il passaggio sia a piedi che con le macchinari&nbsp;agricoli. Nel 2004, dopo 31 anni, abbiamo chiuso il capitolo estirpando e reimpiantando il vigneto. Di nuovo&nbsp;<\/em><em>Gew\u00fcrztraminer, questa volta per\u00f2 col sistema di allevamento a spalliera che rispetta molto di pi\u00f9 il comportamento assurgente della variet\u00e0 e con i filari paralleli ai lati lunghi per facilitare la meccanizzazione.<\/em><\/p>\n<p><!--more-->Wie bei jedem von uns erstellten Spalier haben wir auch hier vier Heftdrahtpaare, d.h. eine h\u00f6here Laubwand als es in der Gegend \u00fcblich ist. Die Gr\u00fcnde daf\u00fcr sind im Pflanzenschutz (bei vielen Bl\u00e4ttern kann man sich es sich leisten, dass auch welche befallen sind) und in der gewollten Ertragsstruktur (gro\u00dfz\u00fcgiges Blatt-Frucht-Verh\u00e4ltnis) zu suchen. Am Schwemmkegel ist der Boden sehr durchl\u00e4ssig und der Grundwasserspiegel tief, weswegen es in trockenen Jahren zur Wahrung der Menge und G\u00fcte einer <a href=\"http:\/\/www.kobler-margreid.com\/blog\/2015\/07\/23\/weinbau-und-bewaesserung-ein-tabu_viticoltura-ed-irrigazione-un-tab\/\" target=\"_blank\" rel=\"noopener\">Bew\u00e4sserung<\/a> bedarf.<\/p>\n<p><em>Come anche negli altri nostri sistemi a spalliera abbiamo come particolarit\u00e0 le quattro coppie di fili, cio\u00e8 lavoriamo con un parete fogliare pi\u00f9 alta dello standard praticato in zona. Lo faccio per ragioni fitosanitarie (con tante foglie puoi permetterti di perderne qualcuna) e di capacit\u00e0 assimilatoria (un rapporto superficie fogliare\/produzione di uva generoso). Sul conoide il terreno \u00e8 molto permeabile e la falda acquifera profonda. In anni siccitosi \u00e8 necessario l&#8216;<a href=\"http:\/\/www.kobler-margreid.com\/blog\/2015\/07\/23\/weinbau-und-bewaesserung-ein-tabu_viticoltura-ed-irrigazione-un-tab\/\" target=\"_blank\" rel=\"noopener\">irrigazione<\/a>&nbsp;per preservare sia la quantit\u00e0 che la qualit\u00e0.&nbsp;<\/em><\/p>\n<p><a href=\"http:\/\/www.kobler-margreid.com\/blog\/wp-content\/2016\/02\/2010-09-24_14-05-46.jpg\" rel=\"attachment wp-att-13878\" rel=\"lightbox[13848]\"><img loading=\"lazy\" decoding=\"async\" class=\"float left alignleft wp-image-13878\" style=\"border: 0px; margin: -3px 0px 0px -5px;\" src=\"http:\/\/www.kobler-margreid.com\/blog\/wp-content\/2016\/02\/2010-09-24_14-05-46.jpg\" alt=\"2010-09-24_14-05-46\" width=\"300\" height=\"400\" srcset=\"https:\/\/www.kobler-margreid.com\/blog\/wp-content\/2016\/02\/2010-09-24_14-05-46.jpg 1236w, https:\/\/www.kobler-margreid.com\/blog\/wp-content\/2016\/02\/2010-09-24_14-05-46-225x300.jpg 225w, https:\/\/www.kobler-margreid.com\/blog\/wp-content\/2016\/02\/2010-09-24_14-05-46-768x1024.jpg 768w, https:\/\/www.kobler-margreid.com\/blog\/wp-content\/2016\/02\/2010-09-24_14-05-46-300x400.jpg 300w, https:\/\/www.kobler-margreid.com\/blog\/wp-content\/2016\/02\/2010-09-24_14-05-46-900x1200.jpg 900w\" sizes=\"auto, (max-width: 300px) 100vw, 300px\" \/><\/a>Beim Gew\u00fcrztraminer ist eine vollst\u00e4ndige Reife noch notwendiger f\u00fcr die Herausbildung eines charaktervollen, die sortentypischen Eigenheiten darstellenden m\u00f6glichst <a href=\"http:\/\/www.kobler-margreid.com\/blog\/2013\/06\/21\/necrofilia-enoica_weinnekrophilie\/\" target=\"_blank\" rel=\"noopener\">langlebigen<\/a> Weines, als dies bei den anderen Wei\u00dfweinsorten der Fall ist. Drastisch sinkende S\u00e4urewerte und kontinuierlich steigende Zuckergehalte sind kein Grund f\u00fcr eine vorzeitige Lese. Schon bei unvollst\u00e4ndiger Reife sehen die Trauben je nach Klon wenig fotogen aus, im Moment der sp\u00e4ten Lese, nach Erreichen der technologischen Reife, sind sie nahezu unappetitlich. Neben gesunden fleischfarbenen befinden sich schwarze, zu Sultaninen eingetrocknete sonnenverbrannte sowie braunfarbene, vom Botrytispilz gezeichnete Beeren. Auch der <a href=\"http:\/\/www.kobler-margreid.com\/blog\/2009\/09\/23\/big-bubbles\/\" target=\"_blank\" rel=\"noopener\">Most<\/a> l\u00e4dt ob seines Aussehens nicht unbedingt zum Kosten ein.&nbsp;Die Verarbeitung der Trauben und der Weinausbau unterscheiden sich nicht grundlegend von jenen der anderen Wei\u00dfweine. Schalenkontakt vor dem Abpressen praktiziere ich nicht, der pH-Wert w\u00fcrde zu sehr ansteigen. Doch kann man schon die sp\u00e4te Lese als Mazeration am Stock bezeichnen, nachdem die aufl\u00f6sende Schale wertgebende Inhaltsstoffe ins Innere der Beeren freisetzt (<a href=\"http:\/\/www.kobler-margreid.com\/blog\/2010\/10\/07\/hassliebe\/\" target=\"_blank\" rel=\"noopener\">1<\/a>,<a href=\"http:\/\/www.kobler-margreid.com\/blog\/2009\/09\/27\/haesslicher-gewuerztraminer-gewuerztraminer-ripugnante\/\" target=\"_blank\" rel=\"noopener\">2<\/a>,<a href=\"http:\/\/www.kobler-margreid.com\/blog\/2011\/09\/26\/getrennte-sammlung_raccolta-differenziata\/\" target=\"_blank\" rel=\"noopener\">3<\/a>).<\/p>\n<p><em>Per il&nbsp;Gew\u00fcrztraminer la piena maturazione \u00e8 ancora pi\u00f9 importante che negli altri vini bianchi. \u00c8 la condizione perch\u00e9 escano vini con carattere, che presentino una spiccata tipicit\u00e0 varietale ed una certa <a href=\"http:\/\/www.kobler-margreid.com\/blog\/2013\/06\/21\/necrofilia-enoica_weinnekrophilie\/\" target=\"_blank\" rel=\"noopener\">longevit\u00e0<\/a>. Un&#8217;acidit\u00e0 in forte diminuzione ed un contenuto zuccherino in continua ascesa non sono motivi sufficienti per vendemmiarlo precocemente. Mentre gi\u00e0 a maturazione incompleta i grappoli a seconda del clone sono poco fotogenici, raggiunto la maturazione tecnologica hanno proprio un aspetto disgustoso. Accanto ad acini normali di colore carne ci sono di quelli neri, bruciati dal sole e raggrinziti a uva sultanina nonch\u00e9 alcuni&nbsp;brunastri in quanto colpiti dalla botrite. Anche il <a href=\"http:\/\/www.kobler-margreid.com\/blog\/2009\/09\/23\/big-bubbles\/\" target=\"_blank\" rel=\"noopener\">mosto<\/a> grazie als suo aspetto non invita ad essere degustato. La lavorazione dell&#8217;uva e la vinificazione non si discostano in modo significativo dai metodi applicati per le altre uve bianche. Non pratico la macerazione prefermentativa in quanto allora il pH gi\u00e0 alto salirebbe troppo. Comunque gi\u00e0 la vendemmia ritardata pu\u00f2 essere considerata come una macerazione eseguita sul ceppo in quanto la buccia che si sta decomponendo rilascia verso l&#8217;interno sostanze importanti (<a href=\"http:\/\/www.kobler-margreid.com\/blog\/2009\/09\/27\/haesslicher-gewuerztraminer-gewuerztraminer-ripugnante\/\" target=\"_blank\" rel=\"noopener\">1<\/a>,<a href=\"http:\/\/www.kobler-margreid.com\/blog\/2011\/09\/26\/getrennte-sammlung_raccolta-differenziata\/\" target=\"_blank\" rel=\"noopener\">2<\/a>).<\/em><\/p>\n<p><a href=\"http:\/\/www.kobler-margreid.com\/blog\/wp-content\/2016\/02\/2015-09-19_13-29-24.jpg\" rel=\"attachment wp-att-13884\" rel=\"lightbox[13848]\"><img loading=\"lazy\" decoding=\"async\" class=\"float left alignleft wp-image-13884\" style=\"border: 0px; margin: -3px 0px 0px -5px;\" src=\"http:\/\/www.kobler-margreid.com\/blog\/wp-content\/2016\/02\/2015-09-19_13-29-24.jpg\" alt=\"2015-09-19_13-29-24\" width=\"351\" height=\"263\" srcset=\"https:\/\/www.kobler-margreid.com\/blog\/wp-content\/2016\/02\/2015-09-19_13-29-24.jpg 1632w, https:\/\/www.kobler-margreid.com\/blog\/wp-content\/2016\/02\/2015-09-19_13-29-24-300x225.jpg 300w, https:\/\/www.kobler-margreid.com\/blog\/wp-content\/2016\/02\/2015-09-19_13-29-24-768x576.jpg 768w, https:\/\/www.kobler-margreid.com\/blog\/wp-content\/2016\/02\/2015-09-19_13-29-24-1024x768.jpg 1024w, https:\/\/www.kobler-margreid.com\/blog\/wp-content\/2016\/02\/2015-09-19_13-29-24-900x675.jpg 900w\" sizes=\"auto, (max-width: 351px) 100vw, 351px\" \/><\/a>Sehr oft wird meinem Gew\u00fcrztraminer eine besondere positiv empfundene Diversit\u00e4t beschieden. Ich kann das nicht ganz nachvollziehen, da ich ihn doch in einer Linie mit den anderen, im klassischen Gebiet von Tramin, Kurtatsch und Margreid produzierten Weinen dieser Sorte&nbsp;einordne. Sicher, etwas trockener, mit einem <a href=\"http:\/\/www.kobler-margreid.com\/blog\/2012\/09\/30\/hinter-gittern_dietro-le-sbarre\/\" target=\"_blank\" rel=\"noopener\">Restzuckergehalt<\/a> zumeist zwischen 4 und 5 g\/L, als die meisten anderen ist er schon. Wenn&nbsp;er schmeckt, muss es unbedingt&nbsp;m\u00f6glich sein, weitere Gl\u00e4ser davon zu trinken, bin ich der Meinung. Und bzgl. der Kombination <a href=\"http:\/\/www.kobler-margreid.com\/blog\/wp-content\/2009\/04\/menu_dt.pdf\" target=\"_blank\" rel=\"noopener\">Wein und Speisen<\/a> braucht man sich beim Gew\u00fcrztraminer keine Sorgen machen, vorausgesetzt man ist ein wenig experimentierfreudig.<\/p>\n<p><em>Spesso alle degustazione viene attestata al mio Gew\u00fcrztraminer una diversit\u00e0 ritenuta positiva. Non riesco a condividere del tutto in quanto lo classifico in linea con gli altri prodotti della zona classica comprendente i paesi di Termeno, Cortaccia e Magr\u00e9. Certo, \u00e8 un po&#8216; pi\u00f9 secco della media, con valori di <a href=\"http:\/\/www.kobler-margreid.com\/blog\/2012\/09\/30\/hinter-gittern_dietro-le-sbarre\/\" target=\"_blank\" rel=\"noopener\">zuccheri residui<\/a>&nbsp;tra i 4 e 5 g\/L normalmente. Io sono dell&#8217;opinione infatti che nel caso che piaccia si deve poter bere anche pi\u00f9 di un bicchiere. E circa gli <a href=\"http:\/\/www.kobler-margreid.com\/blog\/wp-content\/2009\/04\/menue_it.pdf\" target=\"_blank\" rel=\"noopener\">abbinamenti vino piatto<\/a> non bisogna farsi troppi problemi, a condizione di avere un po&#8216; di fantasia.&nbsp;<\/em><\/p>\n<p>[vimeo width=&#8220;530&#8243; height=&#8220;300&#8243;]https:\/\/vimeo.com\/154478850[\/vimeo]Hinsichtlich der Sensorik stellt sich der&nbsp;Gew\u00fcrztraminer deutlich abseits der gewohnten Wei\u00dfweintypologien. Er polarisiert ob seiner organoleptischen Eigenschaften auch wie kein anderer in meinem Umfeld. W\u00e4hrend beispielsweise Chardonnay und Grauer Burgunder eine durch Fr\u00fcchte gepr\u00e4gte&nbsp;Nase&nbsp;aufweisen, verf\u00fcgt&nbsp;der&nbsp;Gew\u00fcrztraminer \u00fcber&nbsp;floreale Aromen: haupts\u00e4chlich Rose, vervollst\u00e4ndigt durch Spezereien&nbsp;wie Zimt und Gew\u00fcrznelke. W\u00e4hrend von den landl\u00e4ufigen&nbsp;Wei\u00dfweinen&nbsp;Frische verlangt wird, steht beim&nbsp;Gew\u00fcrztraminer eine \u00fcberbordende F\u00fclle im Vordergrund. Bildlich ausgedr\u00fcckt: protestantische Askese kontra katholische Sinnenfreudigkeit, Bauhaus kontra Rokoko, Magermodel kontra Pornodiva.<\/p>\n<p><em>Circa&nbsp;gli aspetti sensoriali il&nbsp;Traminer speziato, tradotto letteralmente, si discosta drasticamente dalle tipologie convenzionali di vino bianco. Polarizza come pochi altri le preferenze del&nbsp;consumatore. Infatti mentre lo Chardonnay ed il Pinot grigio per esempio sono caratterizzati da un naso fruttato, il&nbsp;Gew\u00fcrztraminer dispone di aromi floreali pronunciati: soprattutto la rosa,&nbsp;integrata da odori di spezie come cannella e soprattutto chiodi di garofano. Allorch\u00e9 dai vini bianchi si attende freschezza, nel caso del&nbsp;<\/em><em>Gew\u00fcrztraminer la pienezza prorompente sta in primo piano. Riassumendo in modo metaforico:Ascesi protestante contro cattolicesimo&nbsp;godereccio, stile razionalista contro rococo, modella similanoressica contro pornostar.<\/em><\/p>\n","protected":false},"excerpt":{"rendered":"<p>Vier unserer Weing\u00e4rten befinden sich am Talgrund, drei in Dorfn\u00e4he, auf dem Schwemmkegel des Fenner Baches. Zu den letzteren geh\u00f6rt die Lage Feld, wo unser Gew\u00fcrztraminer w\u00e4chst. Haupts\u00e4chlich auf Grund zweier Eigenschaften heben sich letztere Weing\u00e4rten&nbsp;von den Tallagen ab. Der &hellip; <a href=\"https:\/\/www.kobler-margreid.com\/blog\/blog\/2016\/02\/07\/unsere-weine-i-nostri-vini-gewuerztraminer-feld\/\">Weiterlesen <span class=\"meta-nav\">&rarr;<\/span><\/a><\/p>\n","protected":false},"author":1,"featured_media":0,"comment_status":"open","ping_status":"open","sticky":false,"template":"","format":"standard","meta":{"ngg_post_thumbnail":0,"footnotes":"","_links_to":"","_links_to_target":""},"categories":[15,14],"tags":[293,1575],"class_list":["post-13848","post","type-post","status-publish","format-standard","hentry","category-keller","category-weingarten","tag-sudtiroler-gewurztraminer-feld","tag-unsereweine"],"yoast_head":"<!-- This site is optimized with the Yoast SEO plugin v27.5 - https:\/\/yoast.com\/product\/yoast-seo-wordpress\/ -->\n<title>Unsere Weine \u2014 I nostri vini: Gew\u00fcrztraminer Feld - weinhof KOBLER weblog<\/title>\n<meta name=\"robots\" content=\"index, follow, max-snippet:-1, max-image-preview:large, max-video-preview:-1\" \/>\n<link rel=\"canonical\" href=\"https:\/\/www.kobler-margreid.com\/blog\/blog\/2016\/02\/07\/unsere-weine-i-nostri-vini-gewuerztraminer-feld\/\" \/>\n<meta property=\"og:locale\" content=\"de_DE\" \/>\n<meta property=\"og:type\" content=\"article\" \/>\n<meta property=\"og:title\" content=\"Unsere Weine \u2014 I nostri vini: Gew\u00fcrztraminer Feld - weinhof KOBLER weblog\" \/>\n<meta property=\"og:description\" content=\"Vier unserer Weing\u00e4rten befinden sich am Talgrund, drei in Dorfn\u00e4he, auf dem Schwemmkegel des Fenner Baches. Zu den letzteren geh\u00f6rt die Lage Feld, wo unser Gew\u00fcrztraminer w\u00e4chst. Haupts\u00e4chlich auf Grund zweier Eigenschaften heben sich letztere Weing\u00e4rten&nbsp;von den Tallagen ab. Der &hellip; Weiterlesen &rarr;\" \/>\n<meta property=\"og:url\" content=\"https:\/\/www.kobler-margreid.com\/blog\/blog\/2016\/02\/07\/unsere-weine-i-nostri-vini-gewuerztraminer-feld\/\" \/>\n<meta property=\"og:site_name\" content=\"weinhof KOBLER weblog\" \/>\n<meta property=\"article:publisher\" content=\"https:\/\/www.facebook.com\/armin.kobler\/\" \/>\n<meta property=\"article:author\" content=\"https:\/\/www.facebook.com\/armin.kobler\/\" \/>\n<meta property=\"article:published_time\" content=\"2016-02-07T14:48:00+00:00\" \/>\n<meta property=\"article:modified_time\" content=\"2018-01-16T10:30:36+00:00\" \/>\n<meta property=\"og:image\" content=\"http:\/\/www.kobler-margreid.com\/blog\/wp-content\/2016\/02\/gewuerztraminer_feld.png\" \/>\n<meta name=\"author\" content=\"armin kobler\" \/>\n<meta name=\"twitter:card\" content=\"summary_large_image\" \/>\n<meta name=\"twitter:label1\" content=\"Verfasst von\" \/>\n\t<meta name=\"twitter:data1\" content=\"armin kobler\" \/>\n\t<meta name=\"twitter:label2\" content=\"Gesch\u00e4tzte Lesezeit\" \/>\n\t<meta name=\"twitter:data2\" content=\"7\u00a0Minuten\" \/>\n<script type=\"application\/ld+json\" class=\"yoast-schema-graph\">{\"@context\":\"https:\\\/\\\/schema.org\",\"@graph\":[{\"@type\":\"Article\",\"@id\":\"https:\\\/\\\/www.kobler-margreid.com\\\/blog\\\/blog\\\/2016\\\/02\\\/07\\\/unsere-weine-i-nostri-vini-gewuerztraminer-feld\\\/#article\",\"isPartOf\":{\"@id\":\"https:\\\/\\\/www.kobler-margreid.com\\\/blog\\\/blog\\\/2016\\\/02\\\/07\\\/unsere-weine-i-nostri-vini-gewuerztraminer-feld\\\/\"},\"author\":{\"name\":\"armin kobler\",\"@id\":\"https:\\\/\\\/www.kobler-margreid.com\\\/blog\\\/#\\\/schema\\\/person\\\/6a2290c17f680f59c1fa7e1c7a36df3a\"},\"headline\":\"Unsere Weine \u2014 I nostri vini: Gew\u00fcrztraminer Feld\",\"datePublished\":\"2016-02-07T14:48:00+00:00\",\"dateModified\":\"2018-01-16T10:30:36+00:00\",\"mainEntityOfPage\":{\"@id\":\"https:\\\/\\\/www.kobler-margreid.com\\\/blog\\\/blog\\\/2016\\\/02\\\/07\\\/unsere-weine-i-nostri-vini-gewuerztraminer-feld\\\/\"},\"wordCount\":1358,\"commentCount\":4,\"publisher\":{\"@id\":\"https:\\\/\\\/www.kobler-margreid.com\\\/blog\\\/#\\\/schema\\\/person\\\/6a2290c17f680f59c1fa7e1c7a36df3a\"},\"image\":{\"@id\":\"https:\\\/\\\/www.kobler-margreid.com\\\/blog\\\/blog\\\/2016\\\/02\\\/07\\\/unsere-weine-i-nostri-vini-gewuerztraminer-feld\\\/#primaryimage\"},\"thumbnailUrl\":\"http:\\\/\\\/www.kobler-margreid.com\\\/blog\\\/wp-content\\\/2016\\\/02\\\/gewuerztraminer_feld.png\",\"keywords\":[\"S\u00fcdtiroler Gew\u00fcrztraminer Feld\",\"UnsereWeine\"],\"articleSection\":[\"Keller - Cantina\",\"Weingarten - Vigneto\"],\"inLanguage\":\"de\",\"potentialAction\":[{\"@type\":\"CommentAction\",\"name\":\"Comment\",\"target\":[\"https:\\\/\\\/www.kobler-margreid.com\\\/blog\\\/blog\\\/2016\\\/02\\\/07\\\/unsere-weine-i-nostri-vini-gewuerztraminer-feld\\\/#respond\"]}]},{\"@type\":\"WebPage\",\"@id\":\"https:\\\/\\\/www.kobler-margreid.com\\\/blog\\\/blog\\\/2016\\\/02\\\/07\\\/unsere-weine-i-nostri-vini-gewuerztraminer-feld\\\/\",\"url\":\"https:\\\/\\\/www.kobler-margreid.com\\\/blog\\\/blog\\\/2016\\\/02\\\/07\\\/unsere-weine-i-nostri-vini-gewuerztraminer-feld\\\/\",\"name\":\"Unsere Weine \u2014 I nostri vini: Gew\u00fcrztraminer Feld - weinhof KOBLER weblog\",\"isPartOf\":{\"@id\":\"https:\\\/\\\/www.kobler-margreid.com\\\/blog\\\/#website\"},\"primaryImageOfPage\":{\"@id\":\"https:\\\/\\\/www.kobler-margreid.com\\\/blog\\\/blog\\\/2016\\\/02\\\/07\\\/unsere-weine-i-nostri-vini-gewuerztraminer-feld\\\/#primaryimage\"},\"image\":{\"@id\":\"https:\\\/\\\/www.kobler-margreid.com\\\/blog\\\/blog\\\/2016\\\/02\\\/07\\\/unsere-weine-i-nostri-vini-gewuerztraminer-feld\\\/#primaryimage\"},\"thumbnailUrl\":\"http:\\\/\\\/www.kobler-margreid.com\\\/blog\\\/wp-content\\\/2016\\\/02\\\/gewuerztraminer_feld.png\",\"datePublished\":\"2016-02-07T14:48:00+00:00\",\"dateModified\":\"2018-01-16T10:30:36+00:00\",\"breadcrumb\":{\"@id\":\"https:\\\/\\\/www.kobler-margreid.com\\\/blog\\\/blog\\\/2016\\\/02\\\/07\\\/unsere-weine-i-nostri-vini-gewuerztraminer-feld\\\/#breadcrumb\"},\"inLanguage\":\"de\",\"potentialAction\":[{\"@type\":\"ReadAction\",\"target\":[\"https:\\\/\\\/www.kobler-margreid.com\\\/blog\\\/blog\\\/2016\\\/02\\\/07\\\/unsere-weine-i-nostri-vini-gewuerztraminer-feld\\\/\"]}]},{\"@type\":\"ImageObject\",\"inLanguage\":\"de\",\"@id\":\"https:\\\/\\\/www.kobler-margreid.com\\\/blog\\\/blog\\\/2016\\\/02\\\/07\\\/unsere-weine-i-nostri-vini-gewuerztraminer-feld\\\/#primaryimage\",\"url\":\"http:\\\/\\\/www.kobler-margreid.com\\\/blog\\\/wp-content\\\/2016\\\/02\\\/gewuerztraminer_feld.png\",\"contentUrl\":\"http:\\\/\\\/www.kobler-margreid.com\\\/blog\\\/wp-content\\\/2016\\\/02\\\/gewuerztraminer_feld.png\"},{\"@type\":\"BreadcrumbList\",\"@id\":\"https:\\\/\\\/www.kobler-margreid.com\\\/blog\\\/blog\\\/2016\\\/02\\\/07\\\/unsere-weine-i-nostri-vini-gewuerztraminer-feld\\\/#breadcrumb\",\"itemListElement\":[{\"@type\":\"ListItem\",\"position\":1,\"name\":\"Startseite\",\"item\":\"https:\\\/\\\/www.kobler-margreid.com\\\/blog\\\/\"},{\"@type\":\"ListItem\",\"position\":2,\"name\":\"Unsere Weine \u2014 I nostri vini: Gew\u00fcrztraminer Feld\"}]},{\"@type\":\"WebSite\",\"@id\":\"https:\\\/\\\/www.kobler-margreid.com\\\/blog\\\/#website\",\"url\":\"https:\\\/\\\/www.kobler-margreid.com\\\/blog\\\/\",\"name\":\"weinhof KOBLER weblog\",\"description\":\"dem wein ganz nah \u2013 all&#039;interno del vino\",\"publisher\":{\"@id\":\"https:\\\/\\\/www.kobler-margreid.com\\\/blog\\\/#\\\/schema\\\/person\\\/6a2290c17f680f59c1fa7e1c7a36df3a\"},\"potentialAction\":[{\"@type\":\"SearchAction\",\"target\":{\"@type\":\"EntryPoint\",\"urlTemplate\":\"https:\\\/\\\/www.kobler-margreid.com\\\/blog\\\/?s={search_term_string}\"},\"query-input\":{\"@type\":\"PropertyValueSpecification\",\"valueRequired\":true,\"valueName\":\"search_term_string\"}}],\"inLanguage\":\"de\"},{\"@type\":[\"Person\",\"Organization\"],\"@id\":\"https:\\\/\\\/www.kobler-margreid.com\\\/blog\\\/#\\\/schema\\\/person\\\/6a2290c17f680f59c1fa7e1c7a36df3a\",\"name\":\"armin kobler\",\"image\":{\"@type\":\"ImageObject\",\"inLanguage\":\"de\",\"@id\":\"https:\\\/\\\/www.kobler-margreid.com\\\/blog\\\/wp-content\\\/2023\\\/11\\\/2012-05-08_09-33-03a.jpg\",\"url\":\"https:\\\/\\\/www.kobler-margreid.com\\\/blog\\\/wp-content\\\/2023\\\/11\\\/2012-05-08_09-33-03a.jpg\",\"contentUrl\":\"https:\\\/\\\/www.kobler-margreid.com\\\/blog\\\/wp-content\\\/2023\\\/11\\\/2012-05-08_09-33-03a.jpg\",\"width\":1088,\"height\":1184,\"caption\":\"armin kobler\"},\"logo\":{\"@id\":\"https:\\\/\\\/www.kobler-margreid.com\\\/blog\\\/wp-content\\\/2023\\\/11\\\/2012-05-08_09-33-03a.jpg\"},\"sameAs\":[\"http:\\\/\\\/www.kobler-margreid.com\",\"https:\\\/\\\/www.facebook.com\\\/armin.kobler\\\/\"],\"url\":\"https:\\\/\\\/www.kobler-margreid.com\\\/blog\\\/blog\\\/author\\\/admin\\\/\"}]}<\/script>\n<!-- \/ Yoast SEO plugin. -->","yoast_head_json":{"title":"Unsere Weine \u2014 I nostri vini: Gew\u00fcrztraminer Feld - weinhof KOBLER weblog","robots":{"index":"index","follow":"follow","max-snippet":"max-snippet:-1","max-image-preview":"max-image-preview:large","max-video-preview":"max-video-preview:-1"},"canonical":"https:\/\/www.kobler-margreid.com\/blog\/blog\/2016\/02\/07\/unsere-weine-i-nostri-vini-gewuerztraminer-feld\/","og_locale":"de_DE","og_type":"article","og_title":"Unsere Weine \u2014 I nostri vini: Gew\u00fcrztraminer Feld - weinhof KOBLER weblog","og_description":"Vier unserer Weing\u00e4rten befinden sich am Talgrund, drei in Dorfn\u00e4he, auf dem Schwemmkegel des Fenner Baches. Zu den letzteren geh\u00f6rt die Lage Feld, wo unser Gew\u00fcrztraminer w\u00e4chst. Haupts\u00e4chlich auf Grund zweier Eigenschaften heben sich letztere Weing\u00e4rten&nbsp;von den Tallagen ab. Der &hellip; Weiterlesen &rarr;","og_url":"https:\/\/www.kobler-margreid.com\/blog\/blog\/2016\/02\/07\/unsere-weine-i-nostri-vini-gewuerztraminer-feld\/","og_site_name":"weinhof KOBLER weblog","article_publisher":"https:\/\/www.facebook.com\/armin.kobler\/","article_author":"https:\/\/www.facebook.com\/armin.kobler\/","article_published_time":"2016-02-07T14:48:00+00:00","article_modified_time":"2018-01-16T10:30:36+00:00","og_image":[{"url":"http:\/\/www.kobler-margreid.com\/blog\/wp-content\/2016\/02\/gewuerztraminer_feld.png","type":"","width":"","height":""}],"author":"armin kobler","twitter_card":"summary_large_image","twitter_misc":{"Verfasst von":"armin kobler","Gesch\u00e4tzte Lesezeit":"7\u00a0Minuten"},"schema":{"@context":"https:\/\/schema.org","@graph":[{"@type":"Article","@id":"https:\/\/www.kobler-margreid.com\/blog\/blog\/2016\/02\/07\/unsere-weine-i-nostri-vini-gewuerztraminer-feld\/#article","isPartOf":{"@id":"https:\/\/www.kobler-margreid.com\/blog\/blog\/2016\/02\/07\/unsere-weine-i-nostri-vini-gewuerztraminer-feld\/"},"author":{"name":"armin kobler","@id":"https:\/\/www.kobler-margreid.com\/blog\/#\/schema\/person\/6a2290c17f680f59c1fa7e1c7a36df3a"},"headline":"Unsere Weine \u2014 I nostri vini: Gew\u00fcrztraminer Feld","datePublished":"2016-02-07T14:48:00+00:00","dateModified":"2018-01-16T10:30:36+00:00","mainEntityOfPage":{"@id":"https:\/\/www.kobler-margreid.com\/blog\/blog\/2016\/02\/07\/unsere-weine-i-nostri-vini-gewuerztraminer-feld\/"},"wordCount":1358,"commentCount":4,"publisher":{"@id":"https:\/\/www.kobler-margreid.com\/blog\/#\/schema\/person\/6a2290c17f680f59c1fa7e1c7a36df3a"},"image":{"@id":"https:\/\/www.kobler-margreid.com\/blog\/blog\/2016\/02\/07\/unsere-weine-i-nostri-vini-gewuerztraminer-feld\/#primaryimage"},"thumbnailUrl":"http:\/\/www.kobler-margreid.com\/blog\/wp-content\/2016\/02\/gewuerztraminer_feld.png","keywords":["S\u00fcdtiroler Gew\u00fcrztraminer Feld","UnsereWeine"],"articleSection":["Keller - Cantina","Weingarten - Vigneto"],"inLanguage":"de","potentialAction":[{"@type":"CommentAction","name":"Comment","target":["https:\/\/www.kobler-margreid.com\/blog\/blog\/2016\/02\/07\/unsere-weine-i-nostri-vini-gewuerztraminer-feld\/#respond"]}]},{"@type":"WebPage","@id":"https:\/\/www.kobler-margreid.com\/blog\/blog\/2016\/02\/07\/unsere-weine-i-nostri-vini-gewuerztraminer-feld\/","url":"https:\/\/www.kobler-margreid.com\/blog\/blog\/2016\/02\/07\/unsere-weine-i-nostri-vini-gewuerztraminer-feld\/","name":"Unsere Weine \u2014 I nostri vini: Gew\u00fcrztraminer Feld - weinhof KOBLER weblog","isPartOf":{"@id":"https:\/\/www.kobler-margreid.com\/blog\/#website"},"primaryImageOfPage":{"@id":"https:\/\/www.kobler-margreid.com\/blog\/blog\/2016\/02\/07\/unsere-weine-i-nostri-vini-gewuerztraminer-feld\/#primaryimage"},"image":{"@id":"https:\/\/www.kobler-margreid.com\/blog\/blog\/2016\/02\/07\/unsere-weine-i-nostri-vini-gewuerztraminer-feld\/#primaryimage"},"thumbnailUrl":"http:\/\/www.kobler-margreid.com\/blog\/wp-content\/2016\/02\/gewuerztraminer_feld.png","datePublished":"2016-02-07T14:48:00+00:00","dateModified":"2018-01-16T10:30:36+00:00","breadcrumb":{"@id":"https:\/\/www.kobler-margreid.com\/blog\/blog\/2016\/02\/07\/unsere-weine-i-nostri-vini-gewuerztraminer-feld\/#breadcrumb"},"inLanguage":"de","potentialAction":[{"@type":"ReadAction","target":["https:\/\/www.kobler-margreid.com\/blog\/blog\/2016\/02\/07\/unsere-weine-i-nostri-vini-gewuerztraminer-feld\/"]}]},{"@type":"ImageObject","inLanguage":"de","@id":"https:\/\/www.kobler-margreid.com\/blog\/blog\/2016\/02\/07\/unsere-weine-i-nostri-vini-gewuerztraminer-feld\/#primaryimage","url":"http:\/\/www.kobler-margreid.com\/blog\/wp-content\/2016\/02\/gewuerztraminer_feld.png","contentUrl":"http:\/\/www.kobler-margreid.com\/blog\/wp-content\/2016\/02\/gewuerztraminer_feld.png"},{"@type":"BreadcrumbList","@id":"https:\/\/www.kobler-margreid.com\/blog\/blog\/2016\/02\/07\/unsere-weine-i-nostri-vini-gewuerztraminer-feld\/#breadcrumb","itemListElement":[{"@type":"ListItem","position":1,"name":"Startseite","item":"https:\/\/www.kobler-margreid.com\/blog\/"},{"@type":"ListItem","position":2,"name":"Unsere Weine \u2014 I nostri vini: Gew\u00fcrztraminer Feld"}]},{"@type":"WebSite","@id":"https:\/\/www.kobler-margreid.com\/blog\/#website","url":"https:\/\/www.kobler-margreid.com\/blog\/","name":"weinhof KOBLER weblog","description":"dem wein ganz nah \u2013 all&#039;interno del vino","publisher":{"@id":"https:\/\/www.kobler-margreid.com\/blog\/#\/schema\/person\/6a2290c17f680f59c1fa7e1c7a36df3a"},"potentialAction":[{"@type":"SearchAction","target":{"@type":"EntryPoint","urlTemplate":"https:\/\/www.kobler-margreid.com\/blog\/?s={search_term_string}"},"query-input":{"@type":"PropertyValueSpecification","valueRequired":true,"valueName":"search_term_string"}}],"inLanguage":"de"},{"@type":["Person","Organization"],"@id":"https:\/\/www.kobler-margreid.com\/blog\/#\/schema\/person\/6a2290c17f680f59c1fa7e1c7a36df3a","name":"armin kobler","image":{"@type":"ImageObject","inLanguage":"de","@id":"https:\/\/www.kobler-margreid.com\/blog\/wp-content\/2023\/11\/2012-05-08_09-33-03a.jpg","url":"https:\/\/www.kobler-margreid.com\/blog\/wp-content\/2023\/11\/2012-05-08_09-33-03a.jpg","contentUrl":"https:\/\/www.kobler-margreid.com\/blog\/wp-content\/2023\/11\/2012-05-08_09-33-03a.jpg","width":1088,"height":1184,"caption":"armin kobler"},"logo":{"@id":"https:\/\/www.kobler-margreid.com\/blog\/wp-content\/2023\/11\/2012-05-08_09-33-03a.jpg"},"sameAs":["http:\/\/www.kobler-margreid.com","https:\/\/www.facebook.com\/armin.kobler\/"],"url":"https:\/\/www.kobler-margreid.com\/blog\/blog\/author\/admin\/"}]}},"_links":{"self":[{"href":"https:\/\/www.kobler-margreid.com\/blog\/wp-json\/wp\/v2\/posts\/13848","targetHints":{"allow":["GET"]}}],"collection":[{"href":"https:\/\/www.kobler-margreid.com\/blog\/wp-json\/wp\/v2\/posts"}],"about":[{"href":"https:\/\/www.kobler-margreid.com\/blog\/wp-json\/wp\/v2\/types\/post"}],"author":[{"embeddable":true,"href":"https:\/\/www.kobler-margreid.com\/blog\/wp-json\/wp\/v2\/users\/1"}],"replies":[{"embeddable":true,"href":"https:\/\/www.kobler-margreid.com\/blog\/wp-json\/wp\/v2\/comments?post=13848"}],"version-history":[{"count":0,"href":"https:\/\/www.kobler-margreid.com\/blog\/wp-json\/wp\/v2\/posts\/13848\/revisions"}],"wp:attachment":[{"href":"https:\/\/www.kobler-margreid.com\/blog\/wp-json\/wp\/v2\/media?parent=13848"}],"wp:term":[{"taxonomy":"category","embeddable":true,"href":"https:\/\/www.kobler-margreid.com\/blog\/wp-json\/wp\/v2\/categories?post=13848"},{"taxonomy":"post_tag","embeddable":true,"href":"https:\/\/www.kobler-margreid.com\/blog\/wp-json\/wp\/v2\/tags?post=13848"}],"curies":[{"name":"wp","href":"https:\/\/api.w.org\/{rel}","templated":true}]}}