{"id":13959,"date":"2016-03-26T14:21:34","date_gmt":"2016-03-26T13:21:34","guid":{"rendered":"http:\/\/www.kobler-margreid.com\/blog\/?p=13959"},"modified":"2016-04-20T00:40:29","modified_gmt":"2016-04-19T22:40:29","slug":"aufrichten-conciar-su","status":"publish","type":"post","link":"https:\/\/www.kobler-margreid.com\/blog\/blog\/2016\/03\/26\/aufrichten-conciar-su\/","title":{"rendered":"&#8222;Aufrichten&#8220; \u2014 &#8222;Conciar su&#8220;"},"content":{"rendered":"<p><a href=\"http:\/\/www.kobler-margreid.com\/blog\/wp-content\/2016\/03\/2016-03-25_16-03-06_1.jpg\" rel=\"attachment wp-att-13964\" rel=\"lightbox[13959]\"><img loading=\"lazy\" decoding=\"async\" class=\"float left alignleft wp-image-13964\" style=\"border: 0px; margin: -0px 0px 0px -0px;\" src=\"http:\/\/www.kobler-margreid.com\/blog\/wp-content\/2016\/03\/2016-03-25_16-03-06_1.jpg\" alt=\"2016-03-25_16-03-06_1\" width=\"350\" height=\"562\" srcset=\"https:\/\/www.kobler-margreid.com\/blog\/wp-content\/2016\/03\/2016-03-25_16-03-06_1.jpg 943w, https:\/\/www.kobler-margreid.com\/blog\/wp-content\/2016\/03\/2016-03-25_16-03-06_1-187x300.jpg 187w, https:\/\/www.kobler-margreid.com\/blog\/wp-content\/2016\/03\/2016-03-25_16-03-06_1-768x1232.jpg 768w, https:\/\/www.kobler-margreid.com\/blog\/wp-content\/2016\/03\/2016-03-25_16-03-06_1-638x1024.jpg 638w, https:\/\/www.kobler-margreid.com\/blog\/wp-content\/2016\/03\/2016-03-25_16-03-06_1-300x481.jpg 300w\" sizes=\"auto, (max-width: 350px) 100vw, 350px\" \/><\/a>Bevor man nach dem Rebschnitt die verbliebenen Fruchtruten an die Dr\u00e4hte bindet, gilt es, das Unterst\u00fctzungssystem in Stand zu halten und eventuell auszubessern. Nachdem die Pergl das historische Erziehungssystem in S\u00fcdtirol ist, sind die Bezeichnungen der Arbeiten immer noch davon abgeleitet, auch wenn sich immer mehr der Drahtrahmen durchsetzt (sch\u00e4tzungsweise 95 % der Neuanlagen werden inzwischen solcherart errichtet).<\/p>\n<p><em>A potatura ultimata, prima di poter legare i capi a frutto ai fili, \u00e8 necessario fare la manutenzione al sistema si sostegno. Siccome in Sudtirolo il sistema di allevamento storico \u00e8 la pergola, i nomi dei relativi lavori derivano da essa, nonostante che\u00a0le spalliere si affermano sempre di pi\u00f9 (a occhio e croce il 95 % degli impianti nuovi viene fatto in contrasto alla tradizione).\u00a0<\/em><\/p>\n<p><!--more-->Zuerst gilt es, sich einen \u00dcberblick hinsichtlich der notwendigen Arbeiten zu machen, die Rebanlage wird also diesbez\u00fcglich begangen, wir sagen <em>gemustert<\/em>. Danach beginnt man mit dem eigentlichen Arbeiten, welche als <em>aufpergeln<\/em> oder <em>Pergl aufrichten<\/em> bezeichnet werden. Der alte Ausdruck s<em>toa\u00dfen<\/em>\u00a0\u2014 die Holzs\u00e4ulen wurden in den Boden gesto\u00dfen \u2014 hat sich nur mehr im Vinschgau und in der Meraner Gegend erhalten. S\u00e4ulen, gleichwohl ob aus Holz, Beton oder Stahl, welche nicht mehr ausreichend gerade stehen, werden schonend wieder aufgestellt oder gar ausgetauscht, falls sie z.B. vom Traktor angefahren worden sind.\u00a0Angefaulte Holztr\u00e4ger, <em>Schaltern<\/em> und <em>Armelen<\/em> genannt, werden\u00a0durch neue ersetzt und an den S\u00e4ulen mit Hilfe von verzinktem Stahldraht <em>ongedrahtelt<\/em>. Mit dem allm\u00e4hlichen Verwitterung des Holzes verlieren auch zunehmend jene Klammern den Halt, welche die Dr\u00e4hte geordnet \u00fcber die <em>Schaltern<\/em> f\u00fchren und m\u00fcssen erg\u00e4nzt werden. Die Dr\u00e4hte selbst werden\u00a0immer wieder nachgespannt; wo sie\u00a0\u2014 altersm\u00fcrbe geworden\u00a0\u2014 abgebrochen sind, werden sie mit Hilfe eines St\u00fcckes neuen wieder\u00a0<em>zommgedrahtelt<\/em>.<\/p>\n<p><em>Prima di tutto bisogna farsi un quadro della situazione e guardare quanto materiale serve; delle mancanze pi\u00f9 evidenti ci si rende\u00a0conto gi\u00e0 durante la potatura. Dopo si comincia con il lavoro vero e proprio che nel dialetto italiano locale viene chiamato <\/em>conciar su le pergole<em>. I pali, che siano di legno, cemento o acciaio, in caso di necessit\u00e0 vengono raddrizzati o sostituiti se si sono rotti a causa per esempio di un contatto troppo violento con le macchine agricole. Le cantinelle indebolite dal marciume del legno vengono sostituite, quelle nuove attaccate ai pali con \u00a0il filo di ferro. Col passare del tempo anche\u00a0le graffette che tengono i cavi\u00a0sopra le cantinelle non tengono pi\u00f9 abbastanza e vengono rimpiazzate. I fili stessi vengono tesi alle testate, il peso del raccolto ed il vento gli allentano in continuazione.<\/em><\/p>\n<p><a href=\"http:\/\/www.kobler-margreid.com\/blog\/wp-content\/2016\/03\/2016-02-18_14-04-50.jpg\" rel=\"attachment wp-att-13984\" rel=\"lightbox[13959]\"><img loading=\"lazy\" decoding=\"async\" class=\"float left alignleft wp-image-13984\" style=\"border: 0px; margin: -0px 0px 0px -5px;\" src=\"http:\/\/www.kobler-margreid.com\/blog\/wp-content\/2016\/03\/2016-02-18_14-04-50.jpg\" alt=\"2016-02-18_14-04-50\" width=\"320\" height=\"427\" srcset=\"https:\/\/www.kobler-margreid.com\/blog\/wp-content\/2016\/03\/2016-02-18_14-04-50.jpg 612w, https:\/\/www.kobler-margreid.com\/blog\/wp-content\/2016\/03\/2016-02-18_14-04-50-225x300.jpg 225w, https:\/\/www.kobler-margreid.com\/blog\/wp-content\/2016\/03\/2016-02-18_14-04-50-300x400.jpg 300w\" sizes=\"auto, (max-width: 320px) 100vw, 320px\" \/><\/a>Beim Drahtrahmen fehlen die horizontalen Elemente, das Gewicht der Ernte oder des Schnees kommen weniger zur Geltung, weshalb weniger <em>aufgerichtet<\/em>\u00a0d.h. wieder aufgestellt werden muss. Dort werden in erster Linie schadhafte\u00a0S\u00e4ulen ersetzt (die Fahrgasse ist deutlich enger als bei der Pergl, weswegen \u00f6fter eine vom Traktor touchiert\u00a0wird)\u00a0sowie die zahlreicheren Dr\u00e4hte nachgespannt. Als au\u00dferordentliche Arbeit musst ich heuer fast ein Viertel alle Pflanzstabklammern ersetzen, da jene, welche\u00a0seinerzeit beim Erstellen der Anlage montiert wurden, sich als zu\u00a0wenig haltbar herausgestellt haben.<\/p>\n<p><em>Nelle spalliere manca la parte orrizontale, il peso dell&#8217;uva e della neve si fa valere meno per cui serve meno <\/em>conciar su<em>. Nell&#8217;ipotesi migliore\u00a0il lavoro si esaurisce nel tendere i numerosi fili tipici per questo sistema di allevamento. Normalmente i pali rotti sono pi\u00f9 numerosi\u00a0che nelle pergole in quanto a causa\u00a0dei filari pi\u00f9 stretti la frequenza di urtarli con gli attrezzi \u00e8 maggiore. Come lavoro straordinario ho dovuto sostituire tantissimi di quegli agganci che\u00a0fissano il filo al tutore,\u00a0in quanto quelli montati\u00a0al momento dell&#8217;impianto si sono rilevati di scarsa qualit\u00e0.<\/em><\/p>\n<p>Der Arbeitsaufwand pro Hektar h\u00e4ngt sehr davon ab, wie gut und mit welcher Materialqualit\u00e4t die Anlage seinerzeit erstellt wurde, wie schonend unterm Jahr mit der Anlage umgegangen wird und nat\u00fcrlich wie regelm\u00e4\u00dfig und vollst\u00e4ndig die anfallenden Wartungsarbeiten durchgef\u00fchrt wurden. Heuer wollte ich einige aufgeschobenen Arbeiten nachholen, weshalb wir in einigen Weing\u00e4rten sicherlich etwas l\u00e4nger besch\u00e4ftigt waren. So erkl\u00e4rt sich auch die gro\u00dfe Spannweite von 15 bis 40 geleisteten Stunden pro Hektar.<\/p>\n<p><em>Il dispendio di manodopera dipende molto dalla qualit\u00e0 del materiale dell&#8217;impianto, dalla cura durante l&#8217;anno e naturalmente dalla frequenza con cui \u00e8 stata svolta la manutenzione negli anni precedenti. Quest&#8217;anno ho dovuto recuperare diversi interventi per cui ci siamo soffermati di pi\u00f9 in alcuni vigneti. Questo spiega anche il numero di ore che spazia tra le 15 ed i 40 per ettaro.<\/em><\/p>\n<p><a href=\"http:\/\/www.kobler-margreid.com\/blog\/wp-content\/2016\/03\/VomPerglwerkZurTorggl.png\" rel=\"attachment wp-att-13981\" rel=\"lightbox[13959]\"><img loading=\"lazy\" decoding=\"async\" class=\"float left alignleft wp-image-13981\" style=\"border: 0px; margin: -0px 0px 0px -5px;\" src=\"http:\/\/www.kobler-margreid.com\/blog\/wp-content\/2016\/03\/VomPerglwerkZurTorggl.png\" alt=\"VomPerglwerkZurTorggl\" width=\"320\" height=\"413\" srcset=\"https:\/\/www.kobler-margreid.com\/blog\/wp-content\/2016\/03\/VomPerglwerkZurTorggl.png 383w, https:\/\/www.kobler-margreid.com\/blog\/wp-content\/2016\/03\/VomPerglwerkZurTorggl-233x300.png 233w, https:\/\/www.kobler-margreid.com\/blog\/wp-content\/2016\/03\/VomPerglwerkZurTorggl-300x387.png 300w\" sizes=\"auto, (max-width: 320px) 100vw, 320px\" \/><\/a>Wer sich volkskundlich-geschichtlich f\u00fcr den Weinbau und die Kellerwirtschaft in S\u00fcdtirol interessiert, dem sei das Buch von Matthias Ladurner-Parthanes &#8222;Vom Perglwerk zur Torggl&#8220; (1972, Athesia Verlag) sehr empfohlen. Ein Standardwerk hinsichtlich den \u00fcberaus komplexen Arbeitsweisen, Ger\u00e4ten, Vorschriften und Br\u00e4uchen rund um den hiesigen Weinbau der letzten Jahrhunderte.<\/p>\n<p><em>Per chi si interessa della viticoltura ed enologia sudtirolese dal punto di vista storico-popolare e legge il tedesco posso raccomandare il libro di\u00a0Matthias Ladurner-Parthanes &#8222;Vom Perglwerk zur Torggl&#8220; (1972, Athesia Edizioni). Un testo di riferimento circa i complessi usi e costumi, le regolamentazioni, gli attrezzi e le modalit\u00e0 della viticoltura locale dei secoli passati.<\/em><\/p>\n","protected":false},"excerpt":{"rendered":"<p>Bevor man nach dem Rebschnitt die verbliebenen Fruchtruten an die Dr\u00e4hte bindet, gilt es, das Unterst\u00fctzungssystem in Stand zu halten und eventuell auszubessern. Nachdem die Pergl das historische Erziehungssystem in S\u00fcdtirol ist, sind die Bezeichnungen der Arbeiten immer noch davon &hellip; <a href=\"https:\/\/www.kobler-margreid.com\/blog\/blog\/2016\/03\/26\/aufrichten-conciar-su\/\">Weiterlesen <span class=\"meta-nav\">&rarr;<\/span><\/a><\/p>\n","protected":false},"author":1,"featured_media":0,"comment_status":"open","ping_status":"open","sticky":false,"template":"","format":"standard","meta":{"ngg_post_thumbnail":0,"footnotes":"","_links_to":"","_links_to_target":""},"categories":[14,1344],"tags":[1515,1516,844,1476,1519,286,846,1517,845,1518],"class_list":["post-13959","post","type-post","status-publish","format-standard","hentry","category-weingarten","category-weingeschichte-storia-viticola","tag-aufrichten","tag-conciar-su","tag-drahtrahmen","tag-erziehungssystem","tag-manutenzione","tag-pergl","tag-pergola","tag-sistema-di-allevamento","tag-spalliera","tag-wartung"],"yoast_head":"<!-- This site is optimized with the Yoast SEO plugin v27.5 - https:\/\/yoast.com\/product\/yoast-seo-wordpress\/ -->\n<title>&quot;Aufrichten&quot; \u2014 &quot;Conciar su&quot; - weinhof KOBLER weblog<\/title>\n<meta name=\"robots\" content=\"index, follow, max-snippet:-1, max-image-preview:large, max-video-preview:-1\" \/>\n<link rel=\"canonical\" href=\"https:\/\/www.kobler-margreid.com\/blog\/blog\/2016\/03\/26\/aufrichten-conciar-su\/\" \/>\n<meta property=\"og:locale\" content=\"de_DE\" \/>\n<meta property=\"og:type\" content=\"article\" \/>\n<meta property=\"og:title\" content=\"&quot;Aufrichten&quot; \u2014 &quot;Conciar su&quot; - weinhof KOBLER weblog\" \/>\n<meta property=\"og:description\" content=\"Bevor man nach dem Rebschnitt die verbliebenen Fruchtruten an die Dr\u00e4hte bindet, gilt es, das Unterst\u00fctzungssystem in Stand zu halten und eventuell auszubessern. Nachdem die Pergl das historische Erziehungssystem in S\u00fcdtirol ist, sind die Bezeichnungen der Arbeiten immer noch davon &hellip; Weiterlesen &rarr;\" \/>\n<meta property=\"og:url\" content=\"https:\/\/www.kobler-margreid.com\/blog\/blog\/2016\/03\/26\/aufrichten-conciar-su\/\" \/>\n<meta property=\"og:site_name\" content=\"weinhof KOBLER weblog\" \/>\n<meta property=\"article:publisher\" content=\"https:\/\/www.facebook.com\/armin.kobler\/\" \/>\n<meta property=\"article:author\" content=\"https:\/\/www.facebook.com\/armin.kobler\/\" \/>\n<meta property=\"article:published_time\" content=\"2016-03-26T13:21:34+00:00\" \/>\n<meta property=\"article:modified_time\" content=\"2016-04-19T22:40:29+00:00\" \/>\n<meta property=\"og:image\" content=\"http:\/\/www.kobler-margreid.com\/blog\/wp-content\/2016\/03\/2016-03-25_16-03-06_1.jpg\" \/>\n<meta name=\"author\" content=\"armin kobler\" \/>\n<meta name=\"twitter:card\" content=\"summary_large_image\" \/>\n<meta name=\"twitter:label1\" content=\"Verfasst von\" \/>\n\t<meta name=\"twitter:data1\" content=\"armin kobler\" \/>\n\t<meta name=\"twitter:label2\" content=\"Gesch\u00e4tzte Lesezeit\" \/>\n\t<meta name=\"twitter:data2\" content=\"4\u00a0Minuten\" \/>\n<script type=\"application\/ld+json\" class=\"yoast-schema-graph\">{\"@context\":\"https:\\\/\\\/schema.org\",\"@graph\":[{\"@type\":\"Article\",\"@id\":\"https:\\\/\\\/www.kobler-margreid.com\\\/blog\\\/blog\\\/2016\\\/03\\\/26\\\/aufrichten-conciar-su\\\/#article\",\"isPartOf\":{\"@id\":\"https:\\\/\\\/www.kobler-margreid.com\\\/blog\\\/blog\\\/2016\\\/03\\\/26\\\/aufrichten-conciar-su\\\/\"},\"author\":{\"name\":\"armin kobler\",\"@id\":\"https:\\\/\\\/www.kobler-margreid.com\\\/blog\\\/#\\\/schema\\\/person\\\/6a2290c17f680f59c1fa7e1c7a36df3a\"},\"headline\":\"&#8222;Aufrichten&#8220; \u2014 &#8222;Conciar su&#8220;\",\"datePublished\":\"2016-03-26T13:21:34+00:00\",\"dateModified\":\"2016-04-19T22:40:29+00:00\",\"mainEntityOfPage\":{\"@id\":\"https:\\\/\\\/www.kobler-margreid.com\\\/blog\\\/blog\\\/2016\\\/03\\\/26\\\/aufrichten-conciar-su\\\/\"},\"wordCount\":858,\"commentCount\":0,\"publisher\":{\"@id\":\"https:\\\/\\\/www.kobler-margreid.com\\\/blog\\\/#\\\/schema\\\/person\\\/6a2290c17f680f59c1fa7e1c7a36df3a\"},\"image\":{\"@id\":\"https:\\\/\\\/www.kobler-margreid.com\\\/blog\\\/blog\\\/2016\\\/03\\\/26\\\/aufrichten-conciar-su\\\/#primaryimage\"},\"thumbnailUrl\":\"http:\\\/\\\/www.kobler-margreid.com\\\/blog\\\/wp-content\\\/2016\\\/03\\\/2016-03-25_16-03-06_1.jpg\",\"keywords\":[\"Aufrichten\",\"Conciar su\",\"Drahtrahmen\",\"Erziehungssystem\",\"Manutenzione\",\"Pergl\",\"Pergola\",\"Sistema di allevamento\",\"Spalliera\",\"Wartung\"],\"articleSection\":[\"Weingarten - Vigneto\",\"Weingeschichte - Storia viticola\"],\"inLanguage\":\"de\",\"potentialAction\":[{\"@type\":\"CommentAction\",\"name\":\"Comment\",\"target\":[\"https:\\\/\\\/www.kobler-margreid.com\\\/blog\\\/blog\\\/2016\\\/03\\\/26\\\/aufrichten-conciar-su\\\/#respond\"]}]},{\"@type\":\"WebPage\",\"@id\":\"https:\\\/\\\/www.kobler-margreid.com\\\/blog\\\/blog\\\/2016\\\/03\\\/26\\\/aufrichten-conciar-su\\\/\",\"url\":\"https:\\\/\\\/www.kobler-margreid.com\\\/blog\\\/blog\\\/2016\\\/03\\\/26\\\/aufrichten-conciar-su\\\/\",\"name\":\"\\\"Aufrichten\\\" \u2014 \\\"Conciar su\\\" - weinhof KOBLER weblog\",\"isPartOf\":{\"@id\":\"https:\\\/\\\/www.kobler-margreid.com\\\/blog\\\/#website\"},\"primaryImageOfPage\":{\"@id\":\"https:\\\/\\\/www.kobler-margreid.com\\\/blog\\\/blog\\\/2016\\\/03\\\/26\\\/aufrichten-conciar-su\\\/#primaryimage\"},\"image\":{\"@id\":\"https:\\\/\\\/www.kobler-margreid.com\\\/blog\\\/blog\\\/2016\\\/03\\\/26\\\/aufrichten-conciar-su\\\/#primaryimage\"},\"thumbnailUrl\":\"http:\\\/\\\/www.kobler-margreid.com\\\/blog\\\/wp-content\\\/2016\\\/03\\\/2016-03-25_16-03-06_1.jpg\",\"datePublished\":\"2016-03-26T13:21:34+00:00\",\"dateModified\":\"2016-04-19T22:40:29+00:00\",\"breadcrumb\":{\"@id\":\"https:\\\/\\\/www.kobler-margreid.com\\\/blog\\\/blog\\\/2016\\\/03\\\/26\\\/aufrichten-conciar-su\\\/#breadcrumb\"},\"inLanguage\":\"de\",\"potentialAction\":[{\"@type\":\"ReadAction\",\"target\":[\"https:\\\/\\\/www.kobler-margreid.com\\\/blog\\\/blog\\\/2016\\\/03\\\/26\\\/aufrichten-conciar-su\\\/\"]}]},{\"@type\":\"ImageObject\",\"inLanguage\":\"de\",\"@id\":\"https:\\\/\\\/www.kobler-margreid.com\\\/blog\\\/blog\\\/2016\\\/03\\\/26\\\/aufrichten-conciar-su\\\/#primaryimage\",\"url\":\"http:\\\/\\\/www.kobler-margreid.com\\\/blog\\\/wp-content\\\/2016\\\/03\\\/2016-03-25_16-03-06_1.jpg\",\"contentUrl\":\"http:\\\/\\\/www.kobler-margreid.com\\\/blog\\\/wp-content\\\/2016\\\/03\\\/2016-03-25_16-03-06_1.jpg\"},{\"@type\":\"BreadcrumbList\",\"@id\":\"https:\\\/\\\/www.kobler-margreid.com\\\/blog\\\/blog\\\/2016\\\/03\\\/26\\\/aufrichten-conciar-su\\\/#breadcrumb\",\"itemListElement\":[{\"@type\":\"ListItem\",\"position\":1,\"name\":\"Startseite\",\"item\":\"https:\\\/\\\/www.kobler-margreid.com\\\/blog\\\/\"},{\"@type\":\"ListItem\",\"position\":2,\"name\":\"&#8222;Aufrichten&#8220; \u2014 &#8222;Conciar su&#8220;\"}]},{\"@type\":\"WebSite\",\"@id\":\"https:\\\/\\\/www.kobler-margreid.com\\\/blog\\\/#website\",\"url\":\"https:\\\/\\\/www.kobler-margreid.com\\\/blog\\\/\",\"name\":\"weinhof KOBLER weblog\",\"description\":\"dem wein ganz nah \u2013 all&#039;interno del vino\",\"publisher\":{\"@id\":\"https:\\\/\\\/www.kobler-margreid.com\\\/blog\\\/#\\\/schema\\\/person\\\/6a2290c17f680f59c1fa7e1c7a36df3a\"},\"potentialAction\":[{\"@type\":\"SearchAction\",\"target\":{\"@type\":\"EntryPoint\",\"urlTemplate\":\"https:\\\/\\\/www.kobler-margreid.com\\\/blog\\\/?s={search_term_string}\"},\"query-input\":{\"@type\":\"PropertyValueSpecification\",\"valueRequired\":true,\"valueName\":\"search_term_string\"}}],\"inLanguage\":\"de\"},{\"@type\":[\"Person\",\"Organization\"],\"@id\":\"https:\\\/\\\/www.kobler-margreid.com\\\/blog\\\/#\\\/schema\\\/person\\\/6a2290c17f680f59c1fa7e1c7a36df3a\",\"name\":\"armin kobler\",\"image\":{\"@type\":\"ImageObject\",\"inLanguage\":\"de\",\"@id\":\"https:\\\/\\\/www.kobler-margreid.com\\\/blog\\\/wp-content\\\/2023\\\/11\\\/2012-05-08_09-33-03a.jpg\",\"url\":\"https:\\\/\\\/www.kobler-margreid.com\\\/blog\\\/wp-content\\\/2023\\\/11\\\/2012-05-08_09-33-03a.jpg\",\"contentUrl\":\"https:\\\/\\\/www.kobler-margreid.com\\\/blog\\\/wp-content\\\/2023\\\/11\\\/2012-05-08_09-33-03a.jpg\",\"width\":1088,\"height\":1184,\"caption\":\"armin kobler\"},\"logo\":{\"@id\":\"https:\\\/\\\/www.kobler-margreid.com\\\/blog\\\/wp-content\\\/2023\\\/11\\\/2012-05-08_09-33-03a.jpg\"},\"sameAs\":[\"http:\\\/\\\/www.kobler-margreid.com\",\"https:\\\/\\\/www.facebook.com\\\/armin.kobler\\\/\"],\"url\":\"https:\\\/\\\/www.kobler-margreid.com\\\/blog\\\/blog\\\/author\\\/admin\\\/\"}]}<\/script>\n<!-- \/ Yoast SEO plugin. -->","yoast_head_json":{"title":"\"Aufrichten\" \u2014 \"Conciar su\" - weinhof KOBLER weblog","robots":{"index":"index","follow":"follow","max-snippet":"max-snippet:-1","max-image-preview":"max-image-preview:large","max-video-preview":"max-video-preview:-1"},"canonical":"https:\/\/www.kobler-margreid.com\/blog\/blog\/2016\/03\/26\/aufrichten-conciar-su\/","og_locale":"de_DE","og_type":"article","og_title":"\"Aufrichten\" \u2014 \"Conciar su\" - weinhof KOBLER weblog","og_description":"Bevor man nach dem Rebschnitt die verbliebenen Fruchtruten an die Dr\u00e4hte bindet, gilt es, das Unterst\u00fctzungssystem in Stand zu halten und eventuell auszubessern. Nachdem die Pergl das historische Erziehungssystem in S\u00fcdtirol ist, sind die Bezeichnungen der Arbeiten immer noch davon &hellip; Weiterlesen &rarr;","og_url":"https:\/\/www.kobler-margreid.com\/blog\/blog\/2016\/03\/26\/aufrichten-conciar-su\/","og_site_name":"weinhof KOBLER weblog","article_publisher":"https:\/\/www.facebook.com\/armin.kobler\/","article_author":"https:\/\/www.facebook.com\/armin.kobler\/","article_published_time":"2016-03-26T13:21:34+00:00","article_modified_time":"2016-04-19T22:40:29+00:00","og_image":[{"url":"http:\/\/www.kobler-margreid.com\/blog\/wp-content\/2016\/03\/2016-03-25_16-03-06_1.jpg","type":"","width":"","height":""}],"author":"armin kobler","twitter_card":"summary_large_image","twitter_misc":{"Verfasst von":"armin kobler","Gesch\u00e4tzte Lesezeit":"4\u00a0Minuten"},"schema":{"@context":"https:\/\/schema.org","@graph":[{"@type":"Article","@id":"https:\/\/www.kobler-margreid.com\/blog\/blog\/2016\/03\/26\/aufrichten-conciar-su\/#article","isPartOf":{"@id":"https:\/\/www.kobler-margreid.com\/blog\/blog\/2016\/03\/26\/aufrichten-conciar-su\/"},"author":{"name":"armin kobler","@id":"https:\/\/www.kobler-margreid.com\/blog\/#\/schema\/person\/6a2290c17f680f59c1fa7e1c7a36df3a"},"headline":"&#8222;Aufrichten&#8220; \u2014 &#8222;Conciar su&#8220;","datePublished":"2016-03-26T13:21:34+00:00","dateModified":"2016-04-19T22:40:29+00:00","mainEntityOfPage":{"@id":"https:\/\/www.kobler-margreid.com\/blog\/blog\/2016\/03\/26\/aufrichten-conciar-su\/"},"wordCount":858,"commentCount":0,"publisher":{"@id":"https:\/\/www.kobler-margreid.com\/blog\/#\/schema\/person\/6a2290c17f680f59c1fa7e1c7a36df3a"},"image":{"@id":"https:\/\/www.kobler-margreid.com\/blog\/blog\/2016\/03\/26\/aufrichten-conciar-su\/#primaryimage"},"thumbnailUrl":"http:\/\/www.kobler-margreid.com\/blog\/wp-content\/2016\/03\/2016-03-25_16-03-06_1.jpg","keywords":["Aufrichten","Conciar su","Drahtrahmen","Erziehungssystem","Manutenzione","Pergl","Pergola","Sistema di allevamento","Spalliera","Wartung"],"articleSection":["Weingarten - Vigneto","Weingeschichte - Storia viticola"],"inLanguage":"de","potentialAction":[{"@type":"CommentAction","name":"Comment","target":["https:\/\/www.kobler-margreid.com\/blog\/blog\/2016\/03\/26\/aufrichten-conciar-su\/#respond"]}]},{"@type":"WebPage","@id":"https:\/\/www.kobler-margreid.com\/blog\/blog\/2016\/03\/26\/aufrichten-conciar-su\/","url":"https:\/\/www.kobler-margreid.com\/blog\/blog\/2016\/03\/26\/aufrichten-conciar-su\/","name":"\"Aufrichten\" \u2014 \"Conciar su\" - weinhof KOBLER weblog","isPartOf":{"@id":"https:\/\/www.kobler-margreid.com\/blog\/#website"},"primaryImageOfPage":{"@id":"https:\/\/www.kobler-margreid.com\/blog\/blog\/2016\/03\/26\/aufrichten-conciar-su\/#primaryimage"},"image":{"@id":"https:\/\/www.kobler-margreid.com\/blog\/blog\/2016\/03\/26\/aufrichten-conciar-su\/#primaryimage"},"thumbnailUrl":"http:\/\/www.kobler-margreid.com\/blog\/wp-content\/2016\/03\/2016-03-25_16-03-06_1.jpg","datePublished":"2016-03-26T13:21:34+00:00","dateModified":"2016-04-19T22:40:29+00:00","breadcrumb":{"@id":"https:\/\/www.kobler-margreid.com\/blog\/blog\/2016\/03\/26\/aufrichten-conciar-su\/#breadcrumb"},"inLanguage":"de","potentialAction":[{"@type":"ReadAction","target":["https:\/\/www.kobler-margreid.com\/blog\/blog\/2016\/03\/26\/aufrichten-conciar-su\/"]}]},{"@type":"ImageObject","inLanguage":"de","@id":"https:\/\/www.kobler-margreid.com\/blog\/blog\/2016\/03\/26\/aufrichten-conciar-su\/#primaryimage","url":"http:\/\/www.kobler-margreid.com\/blog\/wp-content\/2016\/03\/2016-03-25_16-03-06_1.jpg","contentUrl":"http:\/\/www.kobler-margreid.com\/blog\/wp-content\/2016\/03\/2016-03-25_16-03-06_1.jpg"},{"@type":"BreadcrumbList","@id":"https:\/\/www.kobler-margreid.com\/blog\/blog\/2016\/03\/26\/aufrichten-conciar-su\/#breadcrumb","itemListElement":[{"@type":"ListItem","position":1,"name":"Startseite","item":"https:\/\/www.kobler-margreid.com\/blog\/"},{"@type":"ListItem","position":2,"name":"&#8222;Aufrichten&#8220; \u2014 &#8222;Conciar su&#8220;"}]},{"@type":"WebSite","@id":"https:\/\/www.kobler-margreid.com\/blog\/#website","url":"https:\/\/www.kobler-margreid.com\/blog\/","name":"weinhof KOBLER weblog","description":"dem wein ganz nah \u2013 all&#039;interno del vino","publisher":{"@id":"https:\/\/www.kobler-margreid.com\/blog\/#\/schema\/person\/6a2290c17f680f59c1fa7e1c7a36df3a"},"potentialAction":[{"@type":"SearchAction","target":{"@type":"EntryPoint","urlTemplate":"https:\/\/www.kobler-margreid.com\/blog\/?s={search_term_string}"},"query-input":{"@type":"PropertyValueSpecification","valueRequired":true,"valueName":"search_term_string"}}],"inLanguage":"de"},{"@type":["Person","Organization"],"@id":"https:\/\/www.kobler-margreid.com\/blog\/#\/schema\/person\/6a2290c17f680f59c1fa7e1c7a36df3a","name":"armin kobler","image":{"@type":"ImageObject","inLanguage":"de","@id":"https:\/\/www.kobler-margreid.com\/blog\/wp-content\/2023\/11\/2012-05-08_09-33-03a.jpg","url":"https:\/\/www.kobler-margreid.com\/blog\/wp-content\/2023\/11\/2012-05-08_09-33-03a.jpg","contentUrl":"https:\/\/www.kobler-margreid.com\/blog\/wp-content\/2023\/11\/2012-05-08_09-33-03a.jpg","width":1088,"height":1184,"caption":"armin kobler"},"logo":{"@id":"https:\/\/www.kobler-margreid.com\/blog\/wp-content\/2023\/11\/2012-05-08_09-33-03a.jpg"},"sameAs":["http:\/\/www.kobler-margreid.com","https:\/\/www.facebook.com\/armin.kobler\/"],"url":"https:\/\/www.kobler-margreid.com\/blog\/blog\/author\/admin\/"}]}},"_links":{"self":[{"href":"https:\/\/www.kobler-margreid.com\/blog\/wp-json\/wp\/v2\/posts\/13959","targetHints":{"allow":["GET"]}}],"collection":[{"href":"https:\/\/www.kobler-margreid.com\/blog\/wp-json\/wp\/v2\/posts"}],"about":[{"href":"https:\/\/www.kobler-margreid.com\/blog\/wp-json\/wp\/v2\/types\/post"}],"author":[{"embeddable":true,"href":"https:\/\/www.kobler-margreid.com\/blog\/wp-json\/wp\/v2\/users\/1"}],"replies":[{"embeddable":true,"href":"https:\/\/www.kobler-margreid.com\/blog\/wp-json\/wp\/v2\/comments?post=13959"}],"version-history":[{"count":0,"href":"https:\/\/www.kobler-margreid.com\/blog\/wp-json\/wp\/v2\/posts\/13959\/revisions"}],"wp:attachment":[{"href":"https:\/\/www.kobler-margreid.com\/blog\/wp-json\/wp\/v2\/media?parent=13959"}],"wp:term":[{"taxonomy":"category","embeddable":true,"href":"https:\/\/www.kobler-margreid.com\/blog\/wp-json\/wp\/v2\/categories?post=13959"},{"taxonomy":"post_tag","embeddable":true,"href":"https:\/\/www.kobler-margreid.com\/blog\/wp-json\/wp\/v2\/tags?post=13959"}],"curies":[{"name":"wp","href":"https:\/\/api.w.org\/{rel}","templated":true}]}}