{"id":14249,"date":"2016-10-17T09:49:44","date_gmt":"2016-10-17T07:49:44","guid":{"rendered":"http:\/\/www.kobler-margreid.com\/blog\/?p=14249"},"modified":"2016-11-15T23:52:00","modified_gmt":"2016-11-15T22:52:00","slug":"einmal-ist-immer-das-erste-mal_c-sempre-una-prima-volta","status":"publish","type":"post","link":"https:\/\/www.kobler-margreid.com\/blog\/blog\/2016\/10\/17\/einmal-ist-immer-das-erste-mal_c-sempre-una-prima-volta\/","title":{"rendered":"Einmal ist immer das erste Mal \u2014 C&#8217;\u00e8 sempre una prima volta"},"content":{"rendered":"<p><a href=\"http:\/\/www.kobler-margreid.com\/blog\/wp-content\/2016\/10\/2016-10-02_08-05-31-1.jpg\" rel=\"lightbox[14249]\"><img loading=\"lazy\" decoding=\"async\" class=\"alignleft wp-image-14259\" style=\"border: 0px; margin: -0px 0px 0px -0px;\" src=\"http:\/\/www.kobler-margreid.com\/blog\/wp-content\/2016\/10\/2016-10-02_08-05-31-1.jpg\" alt=\"2016-10-02_08-05-31\" width=\"529\" height=\"371\" srcset=\"https:\/\/www.kobler-margreid.com\/blog\/wp-content\/2016\/10\/2016-10-02_08-05-31-1.jpg 1638w, https:\/\/www.kobler-margreid.com\/blog\/wp-content\/2016\/10\/2016-10-02_08-05-31-1-300x210.jpg 300w, https:\/\/www.kobler-margreid.com\/blog\/wp-content\/2016\/10\/2016-10-02_08-05-31-1-768x538.jpg 768w, https:\/\/www.kobler-margreid.com\/blog\/wp-content\/2016\/10\/2016-10-02_08-05-31-1-1024x718.jpg 1024w\" sizes=\"auto, (max-width: 529px) 100vw, 529px\" \/><\/a><\/p>\n<p>Heuer, im Zuge der elften professionellen Einkellerung am eigenen Weinhof, konnte ich mich erstmals durchringen, eine Maischestandzeit zu versuchen. Das Wort &#8222;durchringen&#8220; ist vielleicht etwas \u00fcbertrieben, es war bisher einfach keine f\u00fcr mich wichtige Option.&nbsp;Ich war \u00fcberzeugt, und bin es auch heute eher schon als nicht, dass unter meinen Bedingungen der Kontakt des Mostes mit den Schalen vor der G\u00e4rung keine Qualit\u00e4tsverbesserung erbringt.<\/p>\n<p><em>Quest&#8217;anno, all&#8217;undicesima vendemmia professionale nella propria azienda sono&nbsp;arrivato con sforzo alla decisione di provare la macerazione prefermentativa. Suona strano, ma semplicemente per me finora non era un&#8217;opzione cos\u00ec importante da prendere in seria considerazione. Ero convinto e lo sono in parte anche oggi, che nelle mie condizioni il contatto del mosto con le bucce prima della fermentazione non porti&nbsp;ad un miglioramento qualitativo.&nbsp;<\/em><\/p>\n<p><!--more-->Woher diese Meinung kommt: Mehrj\u00e4hrige Versuche im Versuchszentrum Laimburg an Aromasorten, seinerzeit durchgef\u00fchrt von meinem ehemaligen Kollegen Ulrich Pedri, haben gezeigt, dass eine mehrst\u00fcndige Mazeration vor der G\u00e4rung nur dann zu einer Verbesserung der sensorische Qualit\u00e4t f\u00fchrt, wenn &nbsp;das Traubenmaterial eine geringe, maximal eine durchschnittliche Reife aufweist. Maischestandzeit bei Trauben von&nbsp;sp\u00e4teren Erntezeitpunkten ergaben Weine mit zu geringer S\u00e4ure und Frische, sie waren voller aber auch plumper. Und nachdem wir aus mehren Gr\u00fcnden uns immer bem\u00fchen, wirklich vollreife Trauben zu ernten, ist meine bisherige Vorgangsweise nachvollziehbar. Wenn man mit der Lese zuwartet, beginnt sich die Schale von innen her langsam aufzul\u00f6sen, wertgebende Inhaltsstoffe derselben gehen schon vor der Lese in den Traubensaft \u00fcber. Ich pflege deshalb hinsichtlich der Frage, ob wir mit Maischestandzeit arbeiten,&nbsp;zu erkl\u00e4ren, dass&nbsp;wir die Mazeration am Stock machen, nicht im Keller.<\/p>\n<p><em>Su cosa si fonda questa opinione? Prove pluriennali eseguite dal mio allora collega Ulrich Pedri al Centro Sperimentale Laimburg hanno evidenziato che la macerazione prefermentativa porta ad un miglioramento se le uve sono caratterizzate da una modesta, al massimo media maturazione. Macerazioni con uve distinte&nbsp;da una maturazione avanzata hanno dato luogo a vini con acidit\u00e0 e freschezza insufficienti, pi\u00f9 pieni in bocca ma anche pi\u00f9 grossolani. E siccome per vari motivi cerchiamo sempre di vendemmiare uve veramente mature la mia scelta sar\u00e0 anche&nbsp;ripercorribile. Se si aspetta con la vendemmia la buccia comincia a disintegrarsi all&#8217;interno, per cui gi\u00e0 prima della vinificazione sostanze importanti passano dalla buccia nel succo. Per questo rispondo spesso quando vengo chiesto se pratico la macerazione prefermentativa che questa la faccio s\u00ec, ma in pianta e non in cantina.<\/em><\/p>\n<p>Die Trestern unseres Gew\u00fcrztraminers weisen&nbsp;aber trotz des mehrst\u00fcndigen, intensiven Pressvorganges immer noch ganz interessante Aromen auf, weshalb es mir immer schwer gefallen ist, sie einfach so wegzugeben. Es&nbsp;kam in mir verst\u00e4rkt der Wunsch auf, etwas mehr aus diesen heraus und in den Wein zu bringen. Maischestandzeit hilft dabei sicher, es fragt sich nur, ob man sich damit nicht auch Probleme einholt, die man vorher nicht oder weniger hatte und welche die Vorteile wieder aufheben k\u00f6nnten.<\/p>\n<p><em>Le vinacce del nostro Gew\u00fcrztraminer, nonostante che siano pressate intensivamente per pi\u00f9 ore, presentano ancora degli aromi molto interessanti per cui mi \u00e8 sempre ricresciuto darle via. Ultimamente si \u00e8 rafforzato il desiderio di fare passare al futuro vino pi\u00f9 di queste sostanze aromatiche. La macerazione prefermentativa aiuta senz&#8217;altro, ma c&#8217;\u00e8 da domandarsi se nello stesso tempo non si creano dei problemi che con la lavorazione non c&#8217;erano o in misura minore e che potrebbero annullare l&#8217;effetto positivo.<\/em><\/p>\n<p>Aber ohne es zu probieren, wird es auch keine konkrete Antwort geben. Deshalb habe ich heuer bei zwei Partien die Trauben nicht sogleich abgepresst, sondern f\u00fcr ca. 15 Stunden in der Presse bei geschlossenen Saftablaufkan\u00e4len mazerieren lassen. Die Temperatur war jene des Pressraumes, d.h. um die 18 \u00b0C, eine leichte Schwefelung sollte die Entwicklung unerw\u00fcnschter Mikroorganismen verhindern. Ich bin gespannt, ob ein etwaiger Unterschied so deutlich ausfallen wird, dass man den Unterschied zur vorigen Vorgangsweise auch ohne Vergleich feststellen wird, oder ob nur durch mehrj\u00e4hriges Probieren eine Bewertung des Verfahrens unter den spezifischen&nbsp;Umst\u00e4nden m\u00f6glich sein wird. Ich bin gespannt!<\/p>\n<p><em>Per esaminare la validit\u00e0 dei questa pratica enologica nelle mie condizioni invece di pressare subito ho invece fatto macerare due partite di Gew\u00fcrztraminer per circa 15 ore nella pressa con le canalette di sgrondo ovviamente chiuse. La temperatura era quella del locale di pressatura, cio\u00e8 attorno ai 18 \u00b0C ed una leggera solfitazione aveva il compito di evitare sviluppi microbici indesiderati. Sono curioso se eventuali differenze saranno cos\u00ec evidenti da essere percepibili anche senza l&#8217;utilizzo di un confronto o se invece saranno talmente modeste che solo la ripetizione della prova per&nbsp;pi\u00f9 anni dar\u00e0 dei risultati concreti. Vedremo&#8230;<\/em><\/p>\n","protected":false},"excerpt":{"rendered":"<p>Heuer, im Zuge der elften professionellen Einkellerung am eigenen Weinhof, konnte ich mich erstmals durchringen, eine Maischestandzeit zu versuchen. Das Wort &#8222;durchringen&#8220; ist vielleicht etwas \u00fcbertrieben, es war bisher einfach keine f\u00fcr mich wichtige Option.&nbsp;Ich war \u00fcberzeugt, und bin es &hellip; <a href=\"https:\/\/www.kobler-margreid.com\/blog\/blog\/2016\/10\/17\/einmal-ist-immer-das-erste-mal_c-sempre-una-prima-volta\/\">Weiterlesen <span class=\"meta-nav\">&rarr;<\/span><\/a><\/p>\n","protected":false},"author":1,"featured_media":0,"comment_status":"open","ping_status":"open","sticky":false,"template":"","format":"standard","meta":{"ngg_post_thumbnail":0,"footnotes":"","_links_to":"","_links_to_target":""},"categories":[15,14],"tags":[389,1544,186,465,676],"class_list":["post-14249","post","type-post","status-publish","format-standard","hentry","category-keller","category-weingarten","tag-gewurztraminer","tag-macerazione-prefermentativa","tag-maischestandzeit","tag-maturazione","tag-reife"],"yoast_head":"<!-- This site is optimized with the Yoast SEO plugin v27.5 - https:\/\/yoast.com\/product\/yoast-seo-wordpress\/ -->\n<title>Einmal ist immer das erste Mal \u2014 C&#039;\u00e8 sempre una prima volta - weinhof KOBLER weblog<\/title>\n<meta name=\"robots\" content=\"index, follow, max-snippet:-1, max-image-preview:large, max-video-preview:-1\" \/>\n<link rel=\"canonical\" href=\"https:\/\/www.kobler-margreid.com\/blog\/blog\/2016\/10\/17\/einmal-ist-immer-das-erste-mal_c-sempre-una-prima-volta\/\" \/>\n<meta property=\"og:locale\" content=\"de_DE\" \/>\n<meta property=\"og:type\" content=\"article\" \/>\n<meta property=\"og:title\" content=\"Einmal ist immer das erste Mal \u2014 C&#039;\u00e8 sempre una prima volta - weinhof KOBLER weblog\" \/>\n<meta property=\"og:description\" content=\"Heuer, im Zuge der elften professionellen Einkellerung am eigenen Weinhof, konnte ich mich erstmals durchringen, eine Maischestandzeit zu versuchen. Das Wort &#8222;durchringen&#8220; ist vielleicht etwas \u00fcbertrieben, es war bisher einfach keine f\u00fcr mich wichtige Option.&nbsp;Ich war \u00fcberzeugt, und bin es &hellip; Weiterlesen &rarr;\" \/>\n<meta property=\"og:url\" content=\"https:\/\/www.kobler-margreid.com\/blog\/blog\/2016\/10\/17\/einmal-ist-immer-das-erste-mal_c-sempre-una-prima-volta\/\" \/>\n<meta property=\"og:site_name\" content=\"weinhof KOBLER weblog\" \/>\n<meta property=\"article:publisher\" content=\"https:\/\/www.facebook.com\/armin.kobler\/\" \/>\n<meta property=\"article:author\" content=\"https:\/\/www.facebook.com\/armin.kobler\/\" \/>\n<meta property=\"article:published_time\" content=\"2016-10-17T07:49:44+00:00\" \/>\n<meta property=\"article:modified_time\" content=\"2016-11-15T22:52:00+00:00\" \/>\n<meta property=\"og:image\" content=\"http:\/\/www.kobler-margreid.com\/blog\/wp-content\/2016\/10\/2016-10-02_08-05-31-1.jpg\" \/>\n<meta name=\"author\" content=\"armin kobler\" \/>\n<meta name=\"twitter:card\" content=\"summary_large_image\" \/>\n<meta name=\"twitter:label1\" content=\"Verfasst von\" \/>\n\t<meta name=\"twitter:data1\" content=\"armin kobler\" \/>\n\t<meta name=\"twitter:label2\" content=\"Gesch\u00e4tzte Lesezeit\" \/>\n\t<meta name=\"twitter:data2\" content=\"4\u00a0Minuten\" \/>\n<script type=\"application\/ld+json\" class=\"yoast-schema-graph\">{\"@context\":\"https:\\\/\\\/schema.org\",\"@graph\":[{\"@type\":\"Article\",\"@id\":\"https:\\\/\\\/www.kobler-margreid.com\\\/blog\\\/blog\\\/2016\\\/10\\\/17\\\/einmal-ist-immer-das-erste-mal_c-sempre-una-prima-volta\\\/#article\",\"isPartOf\":{\"@id\":\"https:\\\/\\\/www.kobler-margreid.com\\\/blog\\\/blog\\\/2016\\\/10\\\/17\\\/einmal-ist-immer-das-erste-mal_c-sempre-una-prima-volta\\\/\"},\"author\":{\"name\":\"armin kobler\",\"@id\":\"https:\\\/\\\/www.kobler-margreid.com\\\/blog\\\/#\\\/schema\\\/person\\\/6a2290c17f680f59c1fa7e1c7a36df3a\"},\"headline\":\"Einmal ist immer das erste Mal \u2014 C&#8217;\u00e8 sempre una prima volta\",\"datePublished\":\"2016-10-17T07:49:44+00:00\",\"dateModified\":\"2016-11-15T22:52:00+00:00\",\"mainEntityOfPage\":{\"@id\":\"https:\\\/\\\/www.kobler-margreid.com\\\/blog\\\/blog\\\/2016\\\/10\\\/17\\\/einmal-ist-immer-das-erste-mal_c-sempre-una-prima-volta\\\/\"},\"wordCount\":798,\"commentCount\":2,\"publisher\":{\"@id\":\"https:\\\/\\\/www.kobler-margreid.com\\\/blog\\\/#\\\/schema\\\/person\\\/6a2290c17f680f59c1fa7e1c7a36df3a\"},\"image\":{\"@id\":\"https:\\\/\\\/www.kobler-margreid.com\\\/blog\\\/blog\\\/2016\\\/10\\\/17\\\/einmal-ist-immer-das-erste-mal_c-sempre-una-prima-volta\\\/#primaryimage\"},\"thumbnailUrl\":\"http:\\\/\\\/www.kobler-margreid.com\\\/blog\\\/wp-content\\\/2016\\\/10\\\/2016-10-02_08-05-31-1.jpg\",\"keywords\":[\"Gew\u00fcrztraminer\",\"Macerazione prefermentativa\",\"Maischestandzeit\",\"Maturazione\",\"Reife\"],\"articleSection\":[\"Keller - Cantina\",\"Weingarten - Vigneto\"],\"inLanguage\":\"de\",\"potentialAction\":[{\"@type\":\"CommentAction\",\"name\":\"Comment\",\"target\":[\"https:\\\/\\\/www.kobler-margreid.com\\\/blog\\\/blog\\\/2016\\\/10\\\/17\\\/einmal-ist-immer-das-erste-mal_c-sempre-una-prima-volta\\\/#respond\"]}]},{\"@type\":\"WebPage\",\"@id\":\"https:\\\/\\\/www.kobler-margreid.com\\\/blog\\\/blog\\\/2016\\\/10\\\/17\\\/einmal-ist-immer-das-erste-mal_c-sempre-una-prima-volta\\\/\",\"url\":\"https:\\\/\\\/www.kobler-margreid.com\\\/blog\\\/blog\\\/2016\\\/10\\\/17\\\/einmal-ist-immer-das-erste-mal_c-sempre-una-prima-volta\\\/\",\"name\":\"Einmal ist immer das erste Mal \u2014 C'\u00e8 sempre una prima volta - weinhof KOBLER weblog\",\"isPartOf\":{\"@id\":\"https:\\\/\\\/www.kobler-margreid.com\\\/blog\\\/#website\"},\"primaryImageOfPage\":{\"@id\":\"https:\\\/\\\/www.kobler-margreid.com\\\/blog\\\/blog\\\/2016\\\/10\\\/17\\\/einmal-ist-immer-das-erste-mal_c-sempre-una-prima-volta\\\/#primaryimage\"},\"image\":{\"@id\":\"https:\\\/\\\/www.kobler-margreid.com\\\/blog\\\/blog\\\/2016\\\/10\\\/17\\\/einmal-ist-immer-das-erste-mal_c-sempre-una-prima-volta\\\/#primaryimage\"},\"thumbnailUrl\":\"http:\\\/\\\/www.kobler-margreid.com\\\/blog\\\/wp-content\\\/2016\\\/10\\\/2016-10-02_08-05-31-1.jpg\",\"datePublished\":\"2016-10-17T07:49:44+00:00\",\"dateModified\":\"2016-11-15T22:52:00+00:00\",\"breadcrumb\":{\"@id\":\"https:\\\/\\\/www.kobler-margreid.com\\\/blog\\\/blog\\\/2016\\\/10\\\/17\\\/einmal-ist-immer-das-erste-mal_c-sempre-una-prima-volta\\\/#breadcrumb\"},\"inLanguage\":\"de\",\"potentialAction\":[{\"@type\":\"ReadAction\",\"target\":[\"https:\\\/\\\/www.kobler-margreid.com\\\/blog\\\/blog\\\/2016\\\/10\\\/17\\\/einmal-ist-immer-das-erste-mal_c-sempre-una-prima-volta\\\/\"]}]},{\"@type\":\"ImageObject\",\"inLanguage\":\"de\",\"@id\":\"https:\\\/\\\/www.kobler-margreid.com\\\/blog\\\/blog\\\/2016\\\/10\\\/17\\\/einmal-ist-immer-das-erste-mal_c-sempre-una-prima-volta\\\/#primaryimage\",\"url\":\"http:\\\/\\\/www.kobler-margreid.com\\\/blog\\\/wp-content\\\/2016\\\/10\\\/2016-10-02_08-05-31-1.jpg\",\"contentUrl\":\"http:\\\/\\\/www.kobler-margreid.com\\\/blog\\\/wp-content\\\/2016\\\/10\\\/2016-10-02_08-05-31-1.jpg\"},{\"@type\":\"BreadcrumbList\",\"@id\":\"https:\\\/\\\/www.kobler-margreid.com\\\/blog\\\/blog\\\/2016\\\/10\\\/17\\\/einmal-ist-immer-das-erste-mal_c-sempre-una-prima-volta\\\/#breadcrumb\",\"itemListElement\":[{\"@type\":\"ListItem\",\"position\":1,\"name\":\"Startseite\",\"item\":\"https:\\\/\\\/www.kobler-margreid.com\\\/blog\\\/\"},{\"@type\":\"ListItem\",\"position\":2,\"name\":\"Einmal ist immer das erste Mal \u2014 C&#8217;\u00e8 sempre una prima volta\"}]},{\"@type\":\"WebSite\",\"@id\":\"https:\\\/\\\/www.kobler-margreid.com\\\/blog\\\/#website\",\"url\":\"https:\\\/\\\/www.kobler-margreid.com\\\/blog\\\/\",\"name\":\"weinhof KOBLER weblog\",\"description\":\"dem wein ganz nah \u2013 all&#039;interno del vino\",\"publisher\":{\"@id\":\"https:\\\/\\\/www.kobler-margreid.com\\\/blog\\\/#\\\/schema\\\/person\\\/6a2290c17f680f59c1fa7e1c7a36df3a\"},\"potentialAction\":[{\"@type\":\"SearchAction\",\"target\":{\"@type\":\"EntryPoint\",\"urlTemplate\":\"https:\\\/\\\/www.kobler-margreid.com\\\/blog\\\/?s={search_term_string}\"},\"query-input\":{\"@type\":\"PropertyValueSpecification\",\"valueRequired\":true,\"valueName\":\"search_term_string\"}}],\"inLanguage\":\"de\"},{\"@type\":[\"Person\",\"Organization\"],\"@id\":\"https:\\\/\\\/www.kobler-margreid.com\\\/blog\\\/#\\\/schema\\\/person\\\/6a2290c17f680f59c1fa7e1c7a36df3a\",\"name\":\"armin kobler\",\"image\":{\"@type\":\"ImageObject\",\"inLanguage\":\"de\",\"@id\":\"https:\\\/\\\/www.kobler-margreid.com\\\/blog\\\/wp-content\\\/2023\\\/11\\\/2012-05-08_09-33-03a.jpg\",\"url\":\"https:\\\/\\\/www.kobler-margreid.com\\\/blog\\\/wp-content\\\/2023\\\/11\\\/2012-05-08_09-33-03a.jpg\",\"contentUrl\":\"https:\\\/\\\/www.kobler-margreid.com\\\/blog\\\/wp-content\\\/2023\\\/11\\\/2012-05-08_09-33-03a.jpg\",\"width\":1088,\"height\":1184,\"caption\":\"armin kobler\"},\"logo\":{\"@id\":\"https:\\\/\\\/www.kobler-margreid.com\\\/blog\\\/wp-content\\\/2023\\\/11\\\/2012-05-08_09-33-03a.jpg\"},\"sameAs\":[\"http:\\\/\\\/www.kobler-margreid.com\",\"https:\\\/\\\/www.facebook.com\\\/armin.kobler\\\/\"],\"url\":\"https:\\\/\\\/www.kobler-margreid.com\\\/blog\\\/blog\\\/author\\\/admin\\\/\"}]}<\/script>\n<!-- \/ Yoast SEO plugin. -->","yoast_head_json":{"title":"Einmal ist immer das erste Mal \u2014 C'\u00e8 sempre una prima volta - weinhof KOBLER weblog","robots":{"index":"index","follow":"follow","max-snippet":"max-snippet:-1","max-image-preview":"max-image-preview:large","max-video-preview":"max-video-preview:-1"},"canonical":"https:\/\/www.kobler-margreid.com\/blog\/blog\/2016\/10\/17\/einmal-ist-immer-das-erste-mal_c-sempre-una-prima-volta\/","og_locale":"de_DE","og_type":"article","og_title":"Einmal ist immer das erste Mal \u2014 C'\u00e8 sempre una prima volta - weinhof KOBLER weblog","og_description":"Heuer, im Zuge der elften professionellen Einkellerung am eigenen Weinhof, konnte ich mich erstmals durchringen, eine Maischestandzeit zu versuchen. Das Wort &#8222;durchringen&#8220; ist vielleicht etwas \u00fcbertrieben, es war bisher einfach keine f\u00fcr mich wichtige Option.&nbsp;Ich war \u00fcberzeugt, und bin es &hellip; Weiterlesen &rarr;","og_url":"https:\/\/www.kobler-margreid.com\/blog\/blog\/2016\/10\/17\/einmal-ist-immer-das-erste-mal_c-sempre-una-prima-volta\/","og_site_name":"weinhof KOBLER weblog","article_publisher":"https:\/\/www.facebook.com\/armin.kobler\/","article_author":"https:\/\/www.facebook.com\/armin.kobler\/","article_published_time":"2016-10-17T07:49:44+00:00","article_modified_time":"2016-11-15T22:52:00+00:00","og_image":[{"url":"http:\/\/www.kobler-margreid.com\/blog\/wp-content\/2016\/10\/2016-10-02_08-05-31-1.jpg","type":"","width":"","height":""}],"author":"armin kobler","twitter_card":"summary_large_image","twitter_misc":{"Verfasst von":"armin kobler","Gesch\u00e4tzte Lesezeit":"4\u00a0Minuten"},"schema":{"@context":"https:\/\/schema.org","@graph":[{"@type":"Article","@id":"https:\/\/www.kobler-margreid.com\/blog\/blog\/2016\/10\/17\/einmal-ist-immer-das-erste-mal_c-sempre-una-prima-volta\/#article","isPartOf":{"@id":"https:\/\/www.kobler-margreid.com\/blog\/blog\/2016\/10\/17\/einmal-ist-immer-das-erste-mal_c-sempre-una-prima-volta\/"},"author":{"name":"armin kobler","@id":"https:\/\/www.kobler-margreid.com\/blog\/#\/schema\/person\/6a2290c17f680f59c1fa7e1c7a36df3a"},"headline":"Einmal ist immer das erste Mal \u2014 C&#8217;\u00e8 sempre una prima volta","datePublished":"2016-10-17T07:49:44+00:00","dateModified":"2016-11-15T22:52:00+00:00","mainEntityOfPage":{"@id":"https:\/\/www.kobler-margreid.com\/blog\/blog\/2016\/10\/17\/einmal-ist-immer-das-erste-mal_c-sempre-una-prima-volta\/"},"wordCount":798,"commentCount":2,"publisher":{"@id":"https:\/\/www.kobler-margreid.com\/blog\/#\/schema\/person\/6a2290c17f680f59c1fa7e1c7a36df3a"},"image":{"@id":"https:\/\/www.kobler-margreid.com\/blog\/blog\/2016\/10\/17\/einmal-ist-immer-das-erste-mal_c-sempre-una-prima-volta\/#primaryimage"},"thumbnailUrl":"http:\/\/www.kobler-margreid.com\/blog\/wp-content\/2016\/10\/2016-10-02_08-05-31-1.jpg","keywords":["Gew\u00fcrztraminer","Macerazione prefermentativa","Maischestandzeit","Maturazione","Reife"],"articleSection":["Keller - Cantina","Weingarten - Vigneto"],"inLanguage":"de","potentialAction":[{"@type":"CommentAction","name":"Comment","target":["https:\/\/www.kobler-margreid.com\/blog\/blog\/2016\/10\/17\/einmal-ist-immer-das-erste-mal_c-sempre-una-prima-volta\/#respond"]}]},{"@type":"WebPage","@id":"https:\/\/www.kobler-margreid.com\/blog\/blog\/2016\/10\/17\/einmal-ist-immer-das-erste-mal_c-sempre-una-prima-volta\/","url":"https:\/\/www.kobler-margreid.com\/blog\/blog\/2016\/10\/17\/einmal-ist-immer-das-erste-mal_c-sempre-una-prima-volta\/","name":"Einmal ist immer das erste Mal \u2014 C'\u00e8 sempre una prima volta - weinhof KOBLER weblog","isPartOf":{"@id":"https:\/\/www.kobler-margreid.com\/blog\/#website"},"primaryImageOfPage":{"@id":"https:\/\/www.kobler-margreid.com\/blog\/blog\/2016\/10\/17\/einmal-ist-immer-das-erste-mal_c-sempre-una-prima-volta\/#primaryimage"},"image":{"@id":"https:\/\/www.kobler-margreid.com\/blog\/blog\/2016\/10\/17\/einmal-ist-immer-das-erste-mal_c-sempre-una-prima-volta\/#primaryimage"},"thumbnailUrl":"http:\/\/www.kobler-margreid.com\/blog\/wp-content\/2016\/10\/2016-10-02_08-05-31-1.jpg","datePublished":"2016-10-17T07:49:44+00:00","dateModified":"2016-11-15T22:52:00+00:00","breadcrumb":{"@id":"https:\/\/www.kobler-margreid.com\/blog\/blog\/2016\/10\/17\/einmal-ist-immer-das-erste-mal_c-sempre-una-prima-volta\/#breadcrumb"},"inLanguage":"de","potentialAction":[{"@type":"ReadAction","target":["https:\/\/www.kobler-margreid.com\/blog\/blog\/2016\/10\/17\/einmal-ist-immer-das-erste-mal_c-sempre-una-prima-volta\/"]}]},{"@type":"ImageObject","inLanguage":"de","@id":"https:\/\/www.kobler-margreid.com\/blog\/blog\/2016\/10\/17\/einmal-ist-immer-das-erste-mal_c-sempre-una-prima-volta\/#primaryimage","url":"http:\/\/www.kobler-margreid.com\/blog\/wp-content\/2016\/10\/2016-10-02_08-05-31-1.jpg","contentUrl":"http:\/\/www.kobler-margreid.com\/blog\/wp-content\/2016\/10\/2016-10-02_08-05-31-1.jpg"},{"@type":"BreadcrumbList","@id":"https:\/\/www.kobler-margreid.com\/blog\/blog\/2016\/10\/17\/einmal-ist-immer-das-erste-mal_c-sempre-una-prima-volta\/#breadcrumb","itemListElement":[{"@type":"ListItem","position":1,"name":"Startseite","item":"https:\/\/www.kobler-margreid.com\/blog\/"},{"@type":"ListItem","position":2,"name":"Einmal ist immer das erste Mal \u2014 C&#8217;\u00e8 sempre una prima volta"}]},{"@type":"WebSite","@id":"https:\/\/www.kobler-margreid.com\/blog\/#website","url":"https:\/\/www.kobler-margreid.com\/blog\/","name":"weinhof KOBLER weblog","description":"dem wein ganz nah \u2013 all&#039;interno del vino","publisher":{"@id":"https:\/\/www.kobler-margreid.com\/blog\/#\/schema\/person\/6a2290c17f680f59c1fa7e1c7a36df3a"},"potentialAction":[{"@type":"SearchAction","target":{"@type":"EntryPoint","urlTemplate":"https:\/\/www.kobler-margreid.com\/blog\/?s={search_term_string}"},"query-input":{"@type":"PropertyValueSpecification","valueRequired":true,"valueName":"search_term_string"}}],"inLanguage":"de"},{"@type":["Person","Organization"],"@id":"https:\/\/www.kobler-margreid.com\/blog\/#\/schema\/person\/6a2290c17f680f59c1fa7e1c7a36df3a","name":"armin kobler","image":{"@type":"ImageObject","inLanguage":"de","@id":"https:\/\/www.kobler-margreid.com\/blog\/wp-content\/2023\/11\/2012-05-08_09-33-03a.jpg","url":"https:\/\/www.kobler-margreid.com\/blog\/wp-content\/2023\/11\/2012-05-08_09-33-03a.jpg","contentUrl":"https:\/\/www.kobler-margreid.com\/blog\/wp-content\/2023\/11\/2012-05-08_09-33-03a.jpg","width":1088,"height":1184,"caption":"armin kobler"},"logo":{"@id":"https:\/\/www.kobler-margreid.com\/blog\/wp-content\/2023\/11\/2012-05-08_09-33-03a.jpg"},"sameAs":["http:\/\/www.kobler-margreid.com","https:\/\/www.facebook.com\/armin.kobler\/"],"url":"https:\/\/www.kobler-margreid.com\/blog\/blog\/author\/admin\/"}]}},"_links":{"self":[{"href":"https:\/\/www.kobler-margreid.com\/blog\/wp-json\/wp\/v2\/posts\/14249","targetHints":{"allow":["GET"]}}],"collection":[{"href":"https:\/\/www.kobler-margreid.com\/blog\/wp-json\/wp\/v2\/posts"}],"about":[{"href":"https:\/\/www.kobler-margreid.com\/blog\/wp-json\/wp\/v2\/types\/post"}],"author":[{"embeddable":true,"href":"https:\/\/www.kobler-margreid.com\/blog\/wp-json\/wp\/v2\/users\/1"}],"replies":[{"embeddable":true,"href":"https:\/\/www.kobler-margreid.com\/blog\/wp-json\/wp\/v2\/comments?post=14249"}],"version-history":[{"count":0,"href":"https:\/\/www.kobler-margreid.com\/blog\/wp-json\/wp\/v2\/posts\/14249\/revisions"}],"wp:attachment":[{"href":"https:\/\/www.kobler-margreid.com\/blog\/wp-json\/wp\/v2\/media?parent=14249"}],"wp:term":[{"taxonomy":"category","embeddable":true,"href":"https:\/\/www.kobler-margreid.com\/blog\/wp-json\/wp\/v2\/categories?post=14249"},{"taxonomy":"post_tag","embeddable":true,"href":"https:\/\/www.kobler-margreid.com\/blog\/wp-json\/wp\/v2\/tags?post=14249"}],"curies":[{"name":"wp","href":"https:\/\/api.w.org\/{rel}","templated":true}]}}