{"id":14286,"date":"2016-11-15T21:45:31","date_gmt":"2016-11-15T20:45:31","guid":{"rendered":"http:\/\/www.kobler-margreid.com\/blog\/?p=14286"},"modified":"2018-01-16T11:28:01","modified_gmt":"2018-01-16T10:28:01","slug":"unsere-weine_i-nostri-vini-merlot-kretzer-kotzner","status":"publish","type":"post","link":"https:\/\/www.kobler-margreid.com\/blog\/blog\/2016\/11\/15\/unsere-weine_i-nostri-vini-merlot-kretzer-kotzner\/","title":{"rendered":"Unsere Weine \u2014 I nostri vini: Merlot Kretzer Kotzner"},"content":{"rendered":"<p><a href=\"http:\/\/www.kobler-margreid.com\/blog\/wp-content\/2016\/11\/merlot_kretzer_kotzner.png\" rel=\"lightbox[14286]\"><img loading=\"lazy\" decoding=\"async\" class=\"float left alignleft wp-image-14288\" style=\"border: 0px; margin: -0px 10px 0px -0px;\" src=\"http:\/\/www.kobler-margreid.com\/blog\/wp-content\/2016\/11\/merlot_kretzer_kotzner.png\" alt=\"merlot_kretzer_kotzner\" width=\"158\" height=\"650\"\/><\/a><\/p>\n<p>Viele Merlot Ros\u00e9 gibt es in S\u00fcdtirol nicht, meines Wissens sind es nicht mehr als f\u00fcnf verschiedene. In einer Region, wo der Lagrein Kretzer sehr verbreitet und bekannt ist, haben es andere Weine dieser Machart nicht ganz leicht. Und wenn dann gro\u00dfe&nbsp;Gruppen Konsumenten momentan lauthals nach&nbsp;Lagrein und Blauburgunder fragen,&nbsp;wird die Arbeit sicherlich nicht leichter. Aber der <a href=\"http:\/\/www.kobler-margreid.com\/blog\/2016\/06\/30\/unsere-weine_i-nostri-vini-merlot-riserva-klausner\/\" target=\"_blank\" rel=\"noopener\">Merlot<\/a> geh\u00f6rt, wie ich schon vormals berichtete, seit langem zur Weinbautradition meines Ortes, weswegen es mir schon der Trotz gebietet, die Skepsis gegen\u00fcber dieser Sorte im allgemeinen und dieser <a href=\"http:\/\/www.kobler-margreid.com\/blog\/2012\/02\/18\/einen-rose-probieren-wir-ihn-halt-un-rosato-beh-proviamolo\/\" target=\"_blank\" rel=\"noopener\">Machart<\/a> im speziellen L\u00fcgen zu strafen.&nbsp;<\/p>\n<p><em>Non ci sono tanti Merlot rosati sudtirolesi, da quello che sappia io non pi\u00f9 di cinque. In una regione, dove il Lagrein Kretzer \u00e8 molto diffuso e conosciuto \u00e8 difficile che si affermino altri vini della stessa tipologia. Quando poi secondo la tendenza attuale tutti richiedono Lagrein e Pinot nero il lavoro non \u00e8 facilitato. Il&nbsp;<a href=\"http:\/\/www.kobler-margreid.com\/blog\/2016\/06\/30\/unsere-weine_i-nostri-vini-merlot-riserva-klausner\/\" target=\"_blank\" rel=\"noopener\">Merlot<\/a> per\u00f2 appartiene da tempo alla tradizione viticola del mio paese per cui \u00e8 gi\u00e0 per ostinazione che continuo a lavorarci con impegno e convinzione, anche sulla tipologia&nbsp;<a href=\"http:\/\/www.kobler-margreid.com\/blog\/2012\/02\/18\/einen-rose-probieren-wir-ihn-halt-un-rosato-beh-proviamolo\/\" target=\"_blank\" rel=\"noopener\">rosato<\/a>.<\/em><\/p>\n<p>Es ist kein Kretzer oder Ros\u00e9, der von einem Saftentzug stammt, sondern die Maische mazeriert vor G\u00e4rbeginn in der Presse bzw. Tank f\u00fcr ca. 48 Stunden und wird danach mit wenig Druck abgepresst. Er ist also nicht ein Nebenprodukt, das entsteht, weil man den Rotwein verbessern will. Dementsprechend wird er im gleichen Reifestadium gelesen und mit \u00e4hnlichem&nbsp;Hektarertrag produziert&nbsp;wie die Riserva-Version in unserem Programm. Der f\u00fcr einen Ros\u00e9wein sp\u00e4te Erntetermin r\u00fchrt auch daher, dass Merlot&nbsp;\u2014 und nat\u00fcrlich&nbsp;auch Cabernet&nbsp;\u2014 bis ins fortgesetzte Reifestadium von vegetalen Aromen gekennzeichnet sind. W\u00fcrde ich also den Merlot zu der Zeit wimmen, wo der Wein trinkige 12 oder 13 Vol % Alkohol h\u00e4tte, w\u00fcrden einem aus dem Glas vegetale&nbsp;Aromen wie gr\u00fcner Paprika, frisch geschnittenes Gras oder gekochtes Gem\u00fcse entgegenkommen; f\u00fcr (nicht nur) mich ein&nbsp;sensorisches Worst-Case-Szenario. Stattdessen erinnert&nbsp;er fruchtbetont&nbsp;nach Himbeere und Erdbeere, etwas Kirsche ist auch dabei.&nbsp;<\/p>\n<p><em>Non \u00e8 un rosato da salasso, il pigiadiraspato subisce&nbsp;una macerazione prefermentativa in pressa e serbatoio per circa 48 ore a temperatura di cantina, prima di subire una pressatura molto soffice. Per cui non \u00e8 un sottoprodotto che nasce perch\u00e9 si vuole migliorare il rosso. Infatti viene prodotto con le rese paragonabili a quelle del Merlot da riserva ed anche la data di vendemmia \u00e8 molto simile, quest&#8217;anno addirittura posticipata. La scelta della vendemmia in surmaturazione deriva&nbsp;dal fatto che sia Merlot che Cabernet sono caratterizzati da aromi vegetali fino poco prima della piena maturazione. Se vendemmiassi il Merlot a quel punto dove darebbe un vino molto bevibile da 12 o 13 gradi alcolici si sentirebbero nel bicchiere aromi che ricordano il peperone verde, erba appena tagliata o verdura cotta, insomma il worst case organolettico per me e penso anche per altri. Invece sa di lampone e di fragola e&nbsp;c&#8217;\u00e8 anche un po&#8216; di ciliegia.&nbsp;<\/em><\/p>\n<p><!--more-->Der Preis, den wir daf\u00fcr zahlen, ist ein untypischer&nbsp;Alkoholgehalt, der aber fast unmerkbar in einem f\u00fclligen K\u00f6rper eingebettet, unseren Merlot Kretzer zu einem ausgesprochenen Essensros\u00e9 macht. Gefl\u00fcgelgerichte aber auch zartes Kalbfleisch und sogar Wildhase wurden bisher mit Erfolg dazu kombiniert. Die Farbe ist bewusst nicht ganz hell gehalten, damit sich&nbsp;\u00dcbereinstimmung zwischen der visuellen bedingten Erwartungshaltung und dem kr\u00e4ftigen Eindruck in Nase und Mund ergibt.<\/p>\n<p><em>Il prezzo che paghiamo per ottenere ci\u00f2 consiste in un contenuto alcolico maggiore, che per\u00f2 \u00e8 inserito in un corpo molto strutturato rende il prodotto particolarmente adatto ad accompagnare i pasti. Carni bianche ma anche la punta di vitello ed addirittura la lepre sono stati abbinati con successo a questo vino. Il colore \u00e8 volutamente pi\u00f9 intenso di quanto siamo abituati dalla maggior parte dei rosati. Tant&#8217;\u00e8 vero che mi sembra giusto che ci sia una certa corrispondenza tra l&#8217;aspettativa suscitata dal colore e le sensazioni gustative che seguono.<\/em><\/p>\n<p>Bemerkenswert ist, wie an Hand dieses Weines das verschiedenen Kaufverhalten meiner Kunden ersichtlich wird. W\u00fcrde ich meine Produktion g\u00e4nzlich an Private verkaufen, k\u00f6nnte ich von diesem Weine die gleiche Anzahl&nbsp;Flaschen produzieren, wie von den anderen Weinen. Denn dieses Segment kauft zum Gl\u00fcck ausschlie\u00dflich das, was ihm in diesem Moment gut vorkommt. Ein paar Stammkunden kommen sogar haupts\u00e4chlich wegen&nbsp;dieses Weines. Anders hingegen das Verhalten meiner professioneller Gesch\u00e4ftspartner, welche das Kaufverhalten ihrer Kunden in den Augen behalten m\u00fcssen. Mit wenigen aber zum Gl\u00fcck gewichtigen Ausnahmen nehmen sie eine abwartende Haltung ein. Ich wei\u00df, dass er den allermeisten schmeckt, aber sie bef\u00fcrchten, dieses Produkt schwerlich verkaufen zu k\u00f6nnen: &#8222;Mit Ros\u00e9 ist es momentan ganz schwierig und diese Typologie ist dann noch einmal spezieller.&#8220; Ok.<\/p>\n<p><em>Degno di nota \u00e8 il comportamento dei miei diversi segmenti di mercato nei confronti del mio Merlot rosato. Se io vendessi la totalit\u00e0 della mia produzione ai privati potrei farne di questo vino tante bottiglie quante ne faccio degli altri. Questo perch\u00e9 questa tipologia di clienti compra solamente in base a cosa le piace, e per fortuna! Alcuni clienti abituali vengono in azienda addirittura&nbsp;per trovare codesto&nbsp;vino. Diversamente invece le reazioni degli acquirenti professionali che giustamente devono pensare a piazzare i prodotti: a parte qualche eccezione anche importante mostrano un atteggiamento molto cauto. So che alla pi\u00f9 parte piace ma temono di non poter vendere il prodotto abbastanza bene: &#8222;Col rosato \u00e8 al momento molto, molto difficile e poi questa tipologia&#8230;&#8220; Ok.<\/em><\/p>\n","protected":false},"excerpt":{"rendered":"<p>Viele Merlot Ros\u00e9 gibt es in S\u00fcdtirol nicht, meines Wissens sind es nicht mehr als f\u00fcnf verschiedene. In einer Region, wo der Lagrein Kretzer sehr verbreitet und bekannt ist, haben es andere Weine dieser Machart nicht ganz leicht. Und wenn &hellip; <a href=\"https:\/\/www.kobler-margreid.com\/blog\/blog\/2016\/11\/15\/unsere-weine_i-nostri-vini-merlot-kretzer-kotzner\/\">Weiterlesen <span class=\"meta-nav\">&rarr;<\/span><\/a><\/p>\n","protected":false},"author":1,"featured_media":0,"comment_status":"open","ping_status":"open","sticky":false,"template":"","format":"standard","meta":{"ngg_post_thumbnail":0,"footnotes":"","_links_to":"","_links_to_target":""},"categories":[15,14],"tags":[411,1575],"class_list":["post-14286","post","type-post","status-publish","format-standard","hentry","category-keller","category-weingarten","tag-sudtiroler-merlot-kretzer-kotzner","tag-unsereweine"],"yoast_head":"<!-- This site is optimized with the Yoast SEO plugin v27.5 - https:\/\/yoast.com\/product\/yoast-seo-wordpress\/ -->\n<title>Unsere Weine \u2014 I nostri vini: Merlot Kretzer Kotzner - weinhof KOBLER weblog<\/title>\n<meta name=\"robots\" content=\"index, follow, max-snippet:-1, max-image-preview:large, max-video-preview:-1\" \/>\n<link rel=\"canonical\" href=\"https:\/\/www.kobler-margreid.com\/blog\/blog\/2016\/11\/15\/unsere-weine_i-nostri-vini-merlot-kretzer-kotzner\/\" \/>\n<meta property=\"og:locale\" content=\"de_DE\" \/>\n<meta property=\"og:type\" content=\"article\" \/>\n<meta property=\"og:title\" content=\"Unsere Weine \u2014 I nostri vini: Merlot Kretzer Kotzner - weinhof KOBLER weblog\" \/>\n<meta property=\"og:description\" content=\"Viele Merlot Ros\u00e9 gibt es in S\u00fcdtirol nicht, meines Wissens sind es nicht mehr als f\u00fcnf verschiedene. In einer Region, wo der Lagrein Kretzer sehr verbreitet und bekannt ist, haben es andere Weine dieser Machart nicht ganz leicht. Und wenn &hellip; Weiterlesen &rarr;\" \/>\n<meta property=\"og:url\" content=\"https:\/\/www.kobler-margreid.com\/blog\/blog\/2016\/11\/15\/unsere-weine_i-nostri-vini-merlot-kretzer-kotzner\/\" \/>\n<meta property=\"og:site_name\" content=\"weinhof KOBLER weblog\" \/>\n<meta property=\"article:publisher\" content=\"https:\/\/www.facebook.com\/armin.kobler\/\" \/>\n<meta property=\"article:author\" content=\"https:\/\/www.facebook.com\/armin.kobler\/\" \/>\n<meta property=\"article:published_time\" content=\"2016-11-15T20:45:31+00:00\" \/>\n<meta property=\"article:modified_time\" content=\"2018-01-16T10:28:01+00:00\" \/>\n<meta property=\"og:image\" content=\"http:\/\/www.kobler-margreid.com\/blog\/wp-content\/2016\/11\/merlot_kretzer_kotzner.png\" \/>\n<meta name=\"author\" content=\"armin kobler\" \/>\n<meta name=\"twitter:card\" content=\"summary_large_image\" \/>\n<meta name=\"twitter:label1\" content=\"Verfasst von\" \/>\n\t<meta name=\"twitter:data1\" content=\"armin kobler\" \/>\n\t<meta name=\"twitter:label2\" content=\"Gesch\u00e4tzte Lesezeit\" \/>\n\t<meta name=\"twitter:data2\" content=\"5\u00a0Minuten\" \/>\n<script type=\"application\/ld+json\" class=\"yoast-schema-graph\">{\"@context\":\"https:\\\/\\\/schema.org\",\"@graph\":[{\"@type\":\"Article\",\"@id\":\"https:\\\/\\\/www.kobler-margreid.com\\\/blog\\\/blog\\\/2016\\\/11\\\/15\\\/unsere-weine_i-nostri-vini-merlot-kretzer-kotzner\\\/#article\",\"isPartOf\":{\"@id\":\"https:\\\/\\\/www.kobler-margreid.com\\\/blog\\\/blog\\\/2016\\\/11\\\/15\\\/unsere-weine_i-nostri-vini-merlot-kretzer-kotzner\\\/\"},\"author\":{\"name\":\"armin kobler\",\"@id\":\"https:\\\/\\\/www.kobler-margreid.com\\\/blog\\\/#\\\/schema\\\/person\\\/6a2290c17f680f59c1fa7e1c7a36df3a\"},\"headline\":\"Unsere Weine \u2014 I nostri vini: Merlot Kretzer Kotzner\",\"datePublished\":\"2016-11-15T20:45:31+00:00\",\"dateModified\":\"2018-01-16T10:28:01+00:00\",\"mainEntityOfPage\":{\"@id\":\"https:\\\/\\\/www.kobler-margreid.com\\\/blog\\\/blog\\\/2016\\\/11\\\/15\\\/unsere-weine_i-nostri-vini-merlot-kretzer-kotzner\\\/\"},\"wordCount\":933,\"commentCount\":1,\"publisher\":{\"@id\":\"https:\\\/\\\/www.kobler-margreid.com\\\/blog\\\/#\\\/schema\\\/person\\\/6a2290c17f680f59c1fa7e1c7a36df3a\"},\"image\":{\"@id\":\"https:\\\/\\\/www.kobler-margreid.com\\\/blog\\\/blog\\\/2016\\\/11\\\/15\\\/unsere-weine_i-nostri-vini-merlot-kretzer-kotzner\\\/#primaryimage\"},\"thumbnailUrl\":\"http:\\\/\\\/www.kobler-margreid.com\\\/blog\\\/wp-content\\\/2016\\\/11\\\/merlot_kretzer_kotzner.png\",\"keywords\":[\"S\u00fcdtiroler Merlot Kretzer Kotzner\",\"UnsereWeine\"],\"articleSection\":[\"Keller - Cantina\",\"Weingarten - Vigneto\"],\"inLanguage\":\"de\",\"potentialAction\":[{\"@type\":\"CommentAction\",\"name\":\"Comment\",\"target\":[\"https:\\\/\\\/www.kobler-margreid.com\\\/blog\\\/blog\\\/2016\\\/11\\\/15\\\/unsere-weine_i-nostri-vini-merlot-kretzer-kotzner\\\/#respond\"]}]},{\"@type\":\"WebPage\",\"@id\":\"https:\\\/\\\/www.kobler-margreid.com\\\/blog\\\/blog\\\/2016\\\/11\\\/15\\\/unsere-weine_i-nostri-vini-merlot-kretzer-kotzner\\\/\",\"url\":\"https:\\\/\\\/www.kobler-margreid.com\\\/blog\\\/blog\\\/2016\\\/11\\\/15\\\/unsere-weine_i-nostri-vini-merlot-kretzer-kotzner\\\/\",\"name\":\"Unsere Weine \u2014 I nostri vini: Merlot Kretzer Kotzner - weinhof KOBLER weblog\",\"isPartOf\":{\"@id\":\"https:\\\/\\\/www.kobler-margreid.com\\\/blog\\\/#website\"},\"primaryImageOfPage\":{\"@id\":\"https:\\\/\\\/www.kobler-margreid.com\\\/blog\\\/blog\\\/2016\\\/11\\\/15\\\/unsere-weine_i-nostri-vini-merlot-kretzer-kotzner\\\/#primaryimage\"},\"image\":{\"@id\":\"https:\\\/\\\/www.kobler-margreid.com\\\/blog\\\/blog\\\/2016\\\/11\\\/15\\\/unsere-weine_i-nostri-vini-merlot-kretzer-kotzner\\\/#primaryimage\"},\"thumbnailUrl\":\"http:\\\/\\\/www.kobler-margreid.com\\\/blog\\\/wp-content\\\/2016\\\/11\\\/merlot_kretzer_kotzner.png\",\"datePublished\":\"2016-11-15T20:45:31+00:00\",\"dateModified\":\"2018-01-16T10:28:01+00:00\",\"breadcrumb\":{\"@id\":\"https:\\\/\\\/www.kobler-margreid.com\\\/blog\\\/blog\\\/2016\\\/11\\\/15\\\/unsere-weine_i-nostri-vini-merlot-kretzer-kotzner\\\/#breadcrumb\"},\"inLanguage\":\"de\",\"potentialAction\":[{\"@type\":\"ReadAction\",\"target\":[\"https:\\\/\\\/www.kobler-margreid.com\\\/blog\\\/blog\\\/2016\\\/11\\\/15\\\/unsere-weine_i-nostri-vini-merlot-kretzer-kotzner\\\/\"]}]},{\"@type\":\"ImageObject\",\"inLanguage\":\"de\",\"@id\":\"https:\\\/\\\/www.kobler-margreid.com\\\/blog\\\/blog\\\/2016\\\/11\\\/15\\\/unsere-weine_i-nostri-vini-merlot-kretzer-kotzner\\\/#primaryimage\",\"url\":\"http:\\\/\\\/www.kobler-margreid.com\\\/blog\\\/wp-content\\\/2016\\\/11\\\/merlot_kretzer_kotzner.png\",\"contentUrl\":\"http:\\\/\\\/www.kobler-margreid.com\\\/blog\\\/wp-content\\\/2016\\\/11\\\/merlot_kretzer_kotzner.png\"},{\"@type\":\"BreadcrumbList\",\"@id\":\"https:\\\/\\\/www.kobler-margreid.com\\\/blog\\\/blog\\\/2016\\\/11\\\/15\\\/unsere-weine_i-nostri-vini-merlot-kretzer-kotzner\\\/#breadcrumb\",\"itemListElement\":[{\"@type\":\"ListItem\",\"position\":1,\"name\":\"Startseite\",\"item\":\"https:\\\/\\\/www.kobler-margreid.com\\\/blog\\\/\"},{\"@type\":\"ListItem\",\"position\":2,\"name\":\"Unsere Weine \u2014 I nostri vini: Merlot Kretzer Kotzner\"}]},{\"@type\":\"WebSite\",\"@id\":\"https:\\\/\\\/www.kobler-margreid.com\\\/blog\\\/#website\",\"url\":\"https:\\\/\\\/www.kobler-margreid.com\\\/blog\\\/\",\"name\":\"weinhof KOBLER weblog\",\"description\":\"dem wein ganz nah \u2013 all&#039;interno del vino\",\"publisher\":{\"@id\":\"https:\\\/\\\/www.kobler-margreid.com\\\/blog\\\/#\\\/schema\\\/person\\\/6a2290c17f680f59c1fa7e1c7a36df3a\"},\"potentialAction\":[{\"@type\":\"SearchAction\",\"target\":{\"@type\":\"EntryPoint\",\"urlTemplate\":\"https:\\\/\\\/www.kobler-margreid.com\\\/blog\\\/?s={search_term_string}\"},\"query-input\":{\"@type\":\"PropertyValueSpecification\",\"valueRequired\":true,\"valueName\":\"search_term_string\"}}],\"inLanguage\":\"de\"},{\"@type\":[\"Person\",\"Organization\"],\"@id\":\"https:\\\/\\\/www.kobler-margreid.com\\\/blog\\\/#\\\/schema\\\/person\\\/6a2290c17f680f59c1fa7e1c7a36df3a\",\"name\":\"armin kobler\",\"image\":{\"@type\":\"ImageObject\",\"inLanguage\":\"de\",\"@id\":\"https:\\\/\\\/www.kobler-margreid.com\\\/blog\\\/wp-content\\\/2023\\\/11\\\/2012-05-08_09-33-03a.jpg\",\"url\":\"https:\\\/\\\/www.kobler-margreid.com\\\/blog\\\/wp-content\\\/2023\\\/11\\\/2012-05-08_09-33-03a.jpg\",\"contentUrl\":\"https:\\\/\\\/www.kobler-margreid.com\\\/blog\\\/wp-content\\\/2023\\\/11\\\/2012-05-08_09-33-03a.jpg\",\"width\":1088,\"height\":1184,\"caption\":\"armin kobler\"},\"logo\":{\"@id\":\"https:\\\/\\\/www.kobler-margreid.com\\\/blog\\\/wp-content\\\/2023\\\/11\\\/2012-05-08_09-33-03a.jpg\"},\"sameAs\":[\"http:\\\/\\\/www.kobler-margreid.com\",\"https:\\\/\\\/www.facebook.com\\\/armin.kobler\\\/\"],\"url\":\"https:\\\/\\\/www.kobler-margreid.com\\\/blog\\\/blog\\\/author\\\/admin\\\/\"}]}<\/script>\n<!-- \/ Yoast SEO plugin. -->","yoast_head_json":{"title":"Unsere Weine \u2014 I nostri vini: Merlot Kretzer Kotzner - weinhof KOBLER weblog","robots":{"index":"index","follow":"follow","max-snippet":"max-snippet:-1","max-image-preview":"max-image-preview:large","max-video-preview":"max-video-preview:-1"},"canonical":"https:\/\/www.kobler-margreid.com\/blog\/blog\/2016\/11\/15\/unsere-weine_i-nostri-vini-merlot-kretzer-kotzner\/","og_locale":"de_DE","og_type":"article","og_title":"Unsere Weine \u2014 I nostri vini: Merlot Kretzer Kotzner - weinhof KOBLER weblog","og_description":"Viele Merlot Ros\u00e9 gibt es in S\u00fcdtirol nicht, meines Wissens sind es nicht mehr als f\u00fcnf verschiedene. In einer Region, wo der Lagrein Kretzer sehr verbreitet und bekannt ist, haben es andere Weine dieser Machart nicht ganz leicht. Und wenn &hellip; Weiterlesen &rarr;","og_url":"https:\/\/www.kobler-margreid.com\/blog\/blog\/2016\/11\/15\/unsere-weine_i-nostri-vini-merlot-kretzer-kotzner\/","og_site_name":"weinhof KOBLER weblog","article_publisher":"https:\/\/www.facebook.com\/armin.kobler\/","article_author":"https:\/\/www.facebook.com\/armin.kobler\/","article_published_time":"2016-11-15T20:45:31+00:00","article_modified_time":"2018-01-16T10:28:01+00:00","og_image":[{"url":"http:\/\/www.kobler-margreid.com\/blog\/wp-content\/2016\/11\/merlot_kretzer_kotzner.png","type":"","width":"","height":""}],"author":"armin kobler","twitter_card":"summary_large_image","twitter_misc":{"Verfasst von":"armin kobler","Gesch\u00e4tzte Lesezeit":"5\u00a0Minuten"},"schema":{"@context":"https:\/\/schema.org","@graph":[{"@type":"Article","@id":"https:\/\/www.kobler-margreid.com\/blog\/blog\/2016\/11\/15\/unsere-weine_i-nostri-vini-merlot-kretzer-kotzner\/#article","isPartOf":{"@id":"https:\/\/www.kobler-margreid.com\/blog\/blog\/2016\/11\/15\/unsere-weine_i-nostri-vini-merlot-kretzer-kotzner\/"},"author":{"name":"armin kobler","@id":"https:\/\/www.kobler-margreid.com\/blog\/#\/schema\/person\/6a2290c17f680f59c1fa7e1c7a36df3a"},"headline":"Unsere Weine \u2014 I nostri vini: Merlot Kretzer Kotzner","datePublished":"2016-11-15T20:45:31+00:00","dateModified":"2018-01-16T10:28:01+00:00","mainEntityOfPage":{"@id":"https:\/\/www.kobler-margreid.com\/blog\/blog\/2016\/11\/15\/unsere-weine_i-nostri-vini-merlot-kretzer-kotzner\/"},"wordCount":933,"commentCount":1,"publisher":{"@id":"https:\/\/www.kobler-margreid.com\/blog\/#\/schema\/person\/6a2290c17f680f59c1fa7e1c7a36df3a"},"image":{"@id":"https:\/\/www.kobler-margreid.com\/blog\/blog\/2016\/11\/15\/unsere-weine_i-nostri-vini-merlot-kretzer-kotzner\/#primaryimage"},"thumbnailUrl":"http:\/\/www.kobler-margreid.com\/blog\/wp-content\/2016\/11\/merlot_kretzer_kotzner.png","keywords":["S\u00fcdtiroler Merlot Kretzer Kotzner","UnsereWeine"],"articleSection":["Keller - Cantina","Weingarten - Vigneto"],"inLanguage":"de","potentialAction":[{"@type":"CommentAction","name":"Comment","target":["https:\/\/www.kobler-margreid.com\/blog\/blog\/2016\/11\/15\/unsere-weine_i-nostri-vini-merlot-kretzer-kotzner\/#respond"]}]},{"@type":"WebPage","@id":"https:\/\/www.kobler-margreid.com\/blog\/blog\/2016\/11\/15\/unsere-weine_i-nostri-vini-merlot-kretzer-kotzner\/","url":"https:\/\/www.kobler-margreid.com\/blog\/blog\/2016\/11\/15\/unsere-weine_i-nostri-vini-merlot-kretzer-kotzner\/","name":"Unsere Weine \u2014 I nostri vini: Merlot Kretzer Kotzner - weinhof KOBLER weblog","isPartOf":{"@id":"https:\/\/www.kobler-margreid.com\/blog\/#website"},"primaryImageOfPage":{"@id":"https:\/\/www.kobler-margreid.com\/blog\/blog\/2016\/11\/15\/unsere-weine_i-nostri-vini-merlot-kretzer-kotzner\/#primaryimage"},"image":{"@id":"https:\/\/www.kobler-margreid.com\/blog\/blog\/2016\/11\/15\/unsere-weine_i-nostri-vini-merlot-kretzer-kotzner\/#primaryimage"},"thumbnailUrl":"http:\/\/www.kobler-margreid.com\/blog\/wp-content\/2016\/11\/merlot_kretzer_kotzner.png","datePublished":"2016-11-15T20:45:31+00:00","dateModified":"2018-01-16T10:28:01+00:00","breadcrumb":{"@id":"https:\/\/www.kobler-margreid.com\/blog\/blog\/2016\/11\/15\/unsere-weine_i-nostri-vini-merlot-kretzer-kotzner\/#breadcrumb"},"inLanguage":"de","potentialAction":[{"@type":"ReadAction","target":["https:\/\/www.kobler-margreid.com\/blog\/blog\/2016\/11\/15\/unsere-weine_i-nostri-vini-merlot-kretzer-kotzner\/"]}]},{"@type":"ImageObject","inLanguage":"de","@id":"https:\/\/www.kobler-margreid.com\/blog\/blog\/2016\/11\/15\/unsere-weine_i-nostri-vini-merlot-kretzer-kotzner\/#primaryimage","url":"http:\/\/www.kobler-margreid.com\/blog\/wp-content\/2016\/11\/merlot_kretzer_kotzner.png","contentUrl":"http:\/\/www.kobler-margreid.com\/blog\/wp-content\/2016\/11\/merlot_kretzer_kotzner.png"},{"@type":"BreadcrumbList","@id":"https:\/\/www.kobler-margreid.com\/blog\/blog\/2016\/11\/15\/unsere-weine_i-nostri-vini-merlot-kretzer-kotzner\/#breadcrumb","itemListElement":[{"@type":"ListItem","position":1,"name":"Startseite","item":"https:\/\/www.kobler-margreid.com\/blog\/"},{"@type":"ListItem","position":2,"name":"Unsere Weine \u2014 I nostri vini: Merlot Kretzer Kotzner"}]},{"@type":"WebSite","@id":"https:\/\/www.kobler-margreid.com\/blog\/#website","url":"https:\/\/www.kobler-margreid.com\/blog\/","name":"weinhof KOBLER weblog","description":"dem wein ganz nah \u2013 all&#039;interno del vino","publisher":{"@id":"https:\/\/www.kobler-margreid.com\/blog\/#\/schema\/person\/6a2290c17f680f59c1fa7e1c7a36df3a"},"potentialAction":[{"@type":"SearchAction","target":{"@type":"EntryPoint","urlTemplate":"https:\/\/www.kobler-margreid.com\/blog\/?s={search_term_string}"},"query-input":{"@type":"PropertyValueSpecification","valueRequired":true,"valueName":"search_term_string"}}],"inLanguage":"de"},{"@type":["Person","Organization"],"@id":"https:\/\/www.kobler-margreid.com\/blog\/#\/schema\/person\/6a2290c17f680f59c1fa7e1c7a36df3a","name":"armin kobler","image":{"@type":"ImageObject","inLanguage":"de","@id":"https:\/\/www.kobler-margreid.com\/blog\/wp-content\/2023\/11\/2012-05-08_09-33-03a.jpg","url":"https:\/\/www.kobler-margreid.com\/blog\/wp-content\/2023\/11\/2012-05-08_09-33-03a.jpg","contentUrl":"https:\/\/www.kobler-margreid.com\/blog\/wp-content\/2023\/11\/2012-05-08_09-33-03a.jpg","width":1088,"height":1184,"caption":"armin kobler"},"logo":{"@id":"https:\/\/www.kobler-margreid.com\/blog\/wp-content\/2023\/11\/2012-05-08_09-33-03a.jpg"},"sameAs":["http:\/\/www.kobler-margreid.com","https:\/\/www.facebook.com\/armin.kobler\/"],"url":"https:\/\/www.kobler-margreid.com\/blog\/blog\/author\/admin\/"}]}},"_links":{"self":[{"href":"https:\/\/www.kobler-margreid.com\/blog\/wp-json\/wp\/v2\/posts\/14286","targetHints":{"allow":["GET"]}}],"collection":[{"href":"https:\/\/www.kobler-margreid.com\/blog\/wp-json\/wp\/v2\/posts"}],"about":[{"href":"https:\/\/www.kobler-margreid.com\/blog\/wp-json\/wp\/v2\/types\/post"}],"author":[{"embeddable":true,"href":"https:\/\/www.kobler-margreid.com\/blog\/wp-json\/wp\/v2\/users\/1"}],"replies":[{"embeddable":true,"href":"https:\/\/www.kobler-margreid.com\/blog\/wp-json\/wp\/v2\/comments?post=14286"}],"version-history":[{"count":0,"href":"https:\/\/www.kobler-margreid.com\/blog\/wp-json\/wp\/v2\/posts\/14286\/revisions"}],"wp:attachment":[{"href":"https:\/\/www.kobler-margreid.com\/blog\/wp-json\/wp\/v2\/media?parent=14286"}],"wp:term":[{"taxonomy":"category","embeddable":true,"href":"https:\/\/www.kobler-margreid.com\/blog\/wp-json\/wp\/v2\/categories?post=14286"},{"taxonomy":"post_tag","embeddable":true,"href":"https:\/\/www.kobler-margreid.com\/blog\/wp-json\/wp\/v2\/tags?post=14286"}],"curies":[{"name":"wp","href":"https:\/\/api.w.org\/{rel}","templated":true}]}}