{"id":1453,"date":"2009-03-20T23:35:36","date_gmt":"2009-03-20T22:35:36","guid":{"rendered":"http:\/\/www.kobler-margreid.com\/blog\/?p=1453"},"modified":"2009-04-02T21:12:55","modified_gmt":"2009-04-02T20:12:55","slug":"unterwegs-zur-vinitaly-in-strada-per-il-vinitaly","status":"publish","type":"post","link":"https:\/\/www.kobler-margreid.com\/blog\/blog\/2009\/03\/20\/unterwegs-zur-vinitaly-in-strada-per-il-vinitaly\/","title":{"rendered":"Unterwegs zur Vinitaly 2009- In strada per il Vinitaly 2009"},"content":{"rendered":"<p style=\"text-align: left;\"><a href=\"http:\/\/www.kobler-margreid.com\/blog\/wp-content\/2009\/03\/bacchus.jpg\" rel=\"lightbox[1453]\"><img loading=\"lazy\" decoding=\"async\" class=\"aligncenter size-full wp-image-1454\" style=\"border: 0pt none; margin: 0px;\" title=\"bacchus\" src=\"http:\/\/www.kobler-margreid.com\/blog\/wp-content\/2009\/03\/bacchus.jpg\" alt=\"bacchus\" width=\"526\" height=\"282\" srcset=\"https:\/\/www.kobler-margreid.com\/blog\/wp-content\/2009\/03\/bacchus.jpg 973w, https:\/\/www.kobler-margreid.com\/blog\/wp-content\/2009\/03\/bacchus-300x160.jpg 300w\" sizes=\"auto, (max-width: 526px) 100vw, 526px\" \/><\/a>Mal sehen, wenn die fr\u00fchlingshaften Temperaturen weiterhin anhalten und es in der <strong>Halle 6, <\/strong><strong>C2<\/strong> (<a title=\"Download: S\u00fcdtirol auf der Vnitaly\" href=\"http:\/\/www.vinitaly.com\/pdf\/AltoAdigeVinitaly2009.pdf\" target=\"_self\">S\u00fcdtirolbereich<\/a>)<strong> <\/strong> vom <strong>2. bis 6. April<\/strong> <strong>2009<\/strong> etwas weniger als \u00fcblich ziehen wird, dann wird das unser Auftritt anl\u00e4sslich der gr\u00f6\u00dften italienischen Weinmesse sein.  Die bacchantische Panfl\u00f6tenmusik d\u00fcrfte die Besucher von den gut besuchten Nachbarst\u00e4nden abwerben, die von <a title=\"Wikipedia: Putto\" href=\"http:\/\/de.wikipedia.org\/wiki\/Putto\" target=\"_blank\">Putten<\/a> gezogenen Wagen k\u00f6nnten das leidige <a title=\"weinhof KOBLER: M\u00fcssen 0,0 Promille wirklich sein?\" href=\"http:\/\/www.kobler-margreid.com\/blog\/2009\/02\/09\/mussen-00-promille-wirklich-sein\/\" target=\"_blank\">Promille-Problem<\/a> l\u00f6sen.<\/p>\n<p style=\"text-align: left;\"><em>Vediamo, se le temperature rimarranno primaverili e se le correnti d\u2019aria spireranno un p\u00f2 meno del solito dal <strong>2 al 6 aprile<\/strong> <strong>2009<\/strong> nel <strong>Padiglione 6, <\/strong><\/em><em><strong>C2<\/strong> (<\/em><em><a title=\"Download: L'Alto Adige al Vnitaly\" href=\"http:\/\/www.vinitaly.com\/pdf\/AltoAdigeVinitaly2009.pdf\" target=\"_self\">Collettiva Alto Adige<\/a>), allora questo sar\u00e0 la nostra entrata in scena alla rassegna pi\u00f9 importante del vino in Italia: la musica\u00a0 baccante del flauto di Pan sottrarr\u00e0 visitatori ai vicini stand, i carri trainati da <a title=\"Wikipedia: Putto\" href=\"http:\/\/it.wikipedia.org\/wiki\/Putto\" target=\"_blank\">putti<\/a><\/em><em> potrebbero risolvere l\u2019incresciosa <a title=\"weinhof KOBLER: M\u00fcssen 0,0 Promille wirklich sein?\" href=\"http:\/\/www.kobler-margreid.com\/blog\/2009\/02\/09\/mussen-00-promille-wirklich-sein\/\" target=\"_blank\">discussione<\/a> sull\u2019abbassamento del tasso alcolemico.<\/em><\/p>\n<p style=\"text-align: left;\">\n<p style=\"text-align: left;\"><!--more--><\/p>\n<p style=\"text-align: left;\">\u00dcber die Bedeutung der <a title=\"Homepage: Vinitaly\" href=\"http:\/\/www.vinitaly.com\/ricerca_aziende.asp?lingua=it&amp;regione=Alto_Adige&amp;pagina=altoAdige&amp;iPageNum=2\" target=\"_blank\">Vinitaly<\/a> f\u00fcr die S\u00fcdtiroler Weinwirtschaft allgemein und f\u00fcr unseren Betrieb im Besonderen habe ich schon voriges Jahr (<a title=\"weinhof KOBLER: Vinitaly 2008\" href=\"http:\/\/www.kobler-margreid.com\/blog\/2008\/04\/03\/vinitaly-1-tag\/\" target=\"_blank\">hier<\/a>) geschrieben. Gespannt bin ich \u00fcber das zumeist ungewollte Hauptdiskussionsthema f\u00fcr die diesj\u00e4hrige Ausgabe. W\u00e4hrend es voriges Jahr der Skandal um den Kunstwein (<a title=\"Kelablu: L'Espresso rilancia Velenitaly: quel vino \u00e8 pericoloso\" href=\"http:\/\/blog.gamberorosso.it\/kelablu\/node\/723\" target=\"_blank\">Velenitaly<\/a>) und um den Puzzle-Brunello (<a title=\"Kelablu: Quella cosa che se non la chiamassimo Brunellopoli sarebbe meglio, continua\" href=\"http:\/\/blog.gamberorosso.it\/kelablu\/articolo\/quella-cosa-che-perch-dobbiamo-chiamarla-brunellopoli-continuasa\" target=\"_blank\">Brunellopoli<\/a>) waren, der die italienische Weinwirtschaft gerade anl\u00e4sslich ihrer Hauptleistungsschau Vinitaly in Schieflage brachten, d\u00fcrfte heuer sicherlich die Weltwirtschaftskrise und ihre Auswirkungen auf den Weinabsatz ein Thema sein. Es k\u00f6nnte aber durchaus sein, dass sich findige Aufdeckjournalisten sich auch f\u00fcr heuer etwas Brisanteres aufbehalten haben.<\/p>\n<p style=\"text-align: left;\"><em>Sull\u2019importanza del <a title=\"Homepage: Vinitaly\" href=\"http:\/\/www.vinitaly.com\/ricerca_aziende.asp?lingua=it&amp;regione=Alto_Adige&amp;pagina=altoAdige&amp;iPageNum=2\">Vinitaly<\/a> per la l\u2019Alto Adige vinicolo in generale e per la nostra azienda in particolare ho gi\u00e0 scritto (<a title=\"weinhof KOBLER: Vinitaly 2008\" href=\"http:\/\/www.kobler-margreid.com\/blog\/2008\/04\/03\/vinitaly-1-tag\/\" target=\"_blank\">qui<\/a><\/em><em>) l\u2019anno scorso. Sono gi\u00e0 curioso quale sar\u00e0 il tema che\u00a0 quest\u2019anno far\u00e0 pi\u00f9 discutere al Salone del vino. Mentre l\u2019anno scorso le sofisticazioni del vino (<a title=\"Kelablu:     La squadra di Kelablu \u00bb      * Webdesign | Tiziano Fogliata     * Software | Drupal    Commenti su Kelablu? \u00bb      * Comincia da qui    Kelablu dove vuoi tu \u00bb      * Feed Rss (notizie)     * Feed Rss (commenti)    Aggiungi Kelablu a... \u00bb   Link Veloci \u00bb Aristide |  Appunti di gola Barbabietola Camilla Baresani Chow Food Media Consumazione Obbligatoria Diario Enotecario Diner's Journal Dolce la vita Esalazioni Etiliche Food &amp; Co. | GR Forum Il Cavoletto di Bruxelles Il Mangione | K-Kitchen Kataweb\/Cucina Mangiaeabbina Marchi di gola Michele Marziani Papero Giallo |  Peperosso Poggio Argentiera Quinto Quarto Roberto Albanesi Scienza in cucina Serious Eats | Slow Food Tigullio Vino Blog Tommaso Farina Trashfood Viaggiatore Gourmet Vino: |  Vino da Burde Vinography |  Vino al Vino WebWineFood World of mouth L'Espresso rilancia Velenitaly: quel vino \u00e8 pericoloso\" href=\"http:\/\/blog.gamberorosso.it\/kelablu\/node\/723\" target=\"_blank\">Velenitaly<\/a><\/em><em>) e la frode del Bunello puzzle (<a title=\"Kelablu: Quella cosa che se non la chiamassimo Brunellopoli sarebbe meglio, continua\" href=\"http:\/\/blog.gamberorosso.it\/kelablu\/articolo\/quella-cosa-che-perch-dobbiamo-chiamarla-brunellopoli-continuasa\" target=\"_blank\">Brunellopoli<\/a><\/em><em>) hanno messo sottosopra il mondo del vino, quest\u2019anno si parler\u00e0 sicuramente della crisi finanziaria internazionale e le ripercussioni sulle vendite del vino.\u00a0 Ma potrebbe anche essere che qualche giornalista in cerca di clamore stia gi\u00e0 lavorando al lancio dello scoop. <\/em><\/p>\n<p style=\"text-align: left;\">Von den Social-Networks wird die Vinitaly auch immer mehr ber\u00fccksichtigt. So bietet beispielsweise <a title=\"Vinix: un po di vinix al vinitaly\" href=\"http:\/\/www.vinix.it\/myDocDetail.php?ID=2568\" target=\"_blank\">Vinix<\/a> des umtriebigen Filippo Ronco einen Rundgang an, der die auf der Plattform aufscheinenden Betriebe miteinschlie\u00dft. Und Giampiero Nadali hat wieder einen \u00fcberaus n\u00fctzliche <a title=\"Aristide: Vinitaly 2009, manuale di sopravvivenza 4.0\" href=\"http:\/\/www.aristide.biz\/2009\/03\/vinitaly-2009-manuale-di-sopravvivenza-40.html\" target=\"_blank\">Anleitung<\/a> f\u00fcr den Vinitaly-Besucher, inzwischen in der Version 4.0 angelangt, verfasst.<\/p>\n<p style=\"text-align: left;\">\n<p style=\"text-align: left;\"><em>Anche i social-networks si occupano sempre di pi\u00f9 del Vinitaly. <a title=\"Vinix: un po di vinix al vinitaly\" href=\"http:\/\/www.vinix.it\/myDocDetail.php?ID=2568\" target=\"_blank\">Vinix<\/a><\/em><em> dell\u2019intraprendente Filippo Ronco offre ai suoi lettori\u00a0 un percorso interno a Vinitaly che collega con un filo conduttore unico, tutte le aziende vinicole registrate sulla sua piattaforma. E Giampiero Nadali\u00a0 propone il\u00a0 suo \u201e<a title=\"Aristide: Vinitaly 2009, manuale di sopravvivenza 4.0\" href=\"http:\/\/www.aristide.biz\/2009\/03\/vinitaly-2009-manuale-di-sopravvivenza-40.html\" target=\"_blank\">manuale di sopravvivenza<\/a>\u201e<\/em><em> ormai giunto alla quarta edizione con indicazioni utili per visitare al meglio il pi\u00f9 importante salone del vino in Italia.<\/em><\/p>\n<p style=\"text-align: left;\">\n","protected":false},"excerpt":{"rendered":"<p>Mal sehen, wenn die fr\u00fchlingshaften Temperaturen weiterhin anhalten und es in der Halle 6, C2 (S\u00fcdtirolbereich) vom 2. bis 6. April 2009 etwas weniger als \u00fcblich ziehen wird, dann wird das unser Auftritt anl\u00e4sslich der gr\u00f6\u00dften italienischen Weinmesse sein. Die &hellip; <a href=\"https:\/\/www.kobler-margreid.com\/blog\/blog\/2009\/03\/20\/unterwegs-zur-vinitaly-in-strada-per-il-vinitaly\/\">Weiterlesen <span class=\"meta-nav\">&rarr;<\/span><\/a><\/p>\n","protected":false},"author":1,"featured_media":0,"comment_status":"open","ping_status":"open","sticky":false,"template":"","format":"standard","meta":{"ngg_post_thumbnail":0,"footnotes":"","_links_to":"","_links_to_target":""},"categories":[138,9],"tags":[347,348,343,344,349,346],"class_list":["post-1453","post","type-post","status-publish","format-standard","hentry","category-ankundigung","category-oeffentlichkeitsarbeit","tag-aristide","tag-bacchus","tag-brunellopoli","tag-velenitaly","tag-vinitaly-2009","tag-vinix"],"yoast_head":"<!-- This site is optimized with the Yoast SEO plugin v27.5 - https:\/\/yoast.com\/product\/yoast-seo-wordpress\/ -->\n<title>Unterwegs zur Vinitaly 2009- In strada per il Vinitaly 2009 - weinhof KOBLER weblog<\/title>\n<meta name=\"robots\" content=\"index, follow, max-snippet:-1, max-image-preview:large, max-video-preview:-1\" \/>\n<link rel=\"canonical\" href=\"https:\/\/www.kobler-margreid.com\/blog\/blog\/2009\/03\/20\/unterwegs-zur-vinitaly-in-strada-per-il-vinitaly\/\" \/>\n<meta property=\"og:locale\" content=\"de_DE\" \/>\n<meta property=\"og:type\" content=\"article\" \/>\n<meta property=\"og:title\" content=\"Unterwegs zur Vinitaly 2009- In strada per il Vinitaly 2009 - weinhof KOBLER weblog\" \/>\n<meta property=\"og:description\" content=\"Mal sehen, wenn die fr\u00fchlingshaften Temperaturen weiterhin anhalten und es in der Halle 6, C2 (S\u00fcdtirolbereich) vom 2. bis 6. April 2009 etwas weniger als \u00fcblich ziehen wird, dann wird das unser Auftritt anl\u00e4sslich der gr\u00f6\u00dften italienischen Weinmesse sein. Die &hellip; Weiterlesen &rarr;\" \/>\n<meta property=\"og:url\" content=\"https:\/\/www.kobler-margreid.com\/blog\/blog\/2009\/03\/20\/unterwegs-zur-vinitaly-in-strada-per-il-vinitaly\/\" \/>\n<meta property=\"og:site_name\" content=\"weinhof KOBLER weblog\" \/>\n<meta property=\"article:publisher\" content=\"https:\/\/www.facebook.com\/armin.kobler\/\" \/>\n<meta property=\"article:author\" content=\"https:\/\/www.facebook.com\/armin.kobler\/\" \/>\n<meta property=\"article:published_time\" content=\"2009-03-20T22:35:36+00:00\" \/>\n<meta property=\"article:modified_time\" content=\"2009-04-02T20:12:55+00:00\" \/>\n<meta property=\"og:image\" content=\"http:\/\/www.kobler-margreid.com\/blog\/wp-content\/2009\/03\/bacchus.jpg\" \/>\n<meta name=\"author\" content=\"armin kobler\" \/>\n<meta name=\"twitter:card\" content=\"summary_large_image\" \/>\n<meta name=\"twitter:label1\" content=\"Verfasst von\" \/>\n\t<meta name=\"twitter:data1\" content=\"armin kobler\" \/>\n\t<meta name=\"twitter:label2\" content=\"Gesch\u00e4tzte Lesezeit\" \/>\n\t<meta name=\"twitter:data2\" content=\"2\u00a0Minuten\" \/>\n<script type=\"application\/ld+json\" class=\"yoast-schema-graph\">{\"@context\":\"https:\\\/\\\/schema.org\",\"@graph\":[{\"@type\":\"Article\",\"@id\":\"https:\\\/\\\/www.kobler-margreid.com\\\/blog\\\/blog\\\/2009\\\/03\\\/20\\\/unterwegs-zur-vinitaly-in-strada-per-il-vinitaly\\\/#article\",\"isPartOf\":{\"@id\":\"https:\\\/\\\/www.kobler-margreid.com\\\/blog\\\/blog\\\/2009\\\/03\\\/20\\\/unterwegs-zur-vinitaly-in-strada-per-il-vinitaly\\\/\"},\"author\":{\"name\":\"armin kobler\",\"@id\":\"https:\\\/\\\/www.kobler-margreid.com\\\/blog\\\/#\\\/schema\\\/person\\\/6a2290c17f680f59c1fa7e1c7a36df3a\"},\"headline\":\"Unterwegs zur Vinitaly 2009- In strada per il Vinitaly 2009\",\"datePublished\":\"2009-03-20T22:35:36+00:00\",\"dateModified\":\"2009-04-02T20:12:55+00:00\",\"mainEntityOfPage\":{\"@id\":\"https:\\\/\\\/www.kobler-margreid.com\\\/blog\\\/blog\\\/2009\\\/03\\\/20\\\/unterwegs-zur-vinitaly-in-strada-per-il-vinitaly\\\/\"},\"wordCount\":468,\"commentCount\":3,\"publisher\":{\"@id\":\"https:\\\/\\\/www.kobler-margreid.com\\\/blog\\\/#\\\/schema\\\/person\\\/6a2290c17f680f59c1fa7e1c7a36df3a\"},\"image\":{\"@id\":\"https:\\\/\\\/www.kobler-margreid.com\\\/blog\\\/blog\\\/2009\\\/03\\\/20\\\/unterwegs-zur-vinitaly-in-strada-per-il-vinitaly\\\/#primaryimage\"},\"thumbnailUrl\":\"http:\\\/\\\/www.kobler-margreid.com\\\/blog\\\/wp-content\\\/2009\\\/03\\\/bacchus.jpg\",\"keywords\":[\"Aristide\",\"Bacchus\",\"Brunellopoli\",\"Velenitaly\",\"Vinitaly 2009\",\"Vinix\"],\"articleSection\":[\"Ank\u00fcndigung - Annuncio\",\"\u00d6ffentlichkeitsarbeit - Pubbliche relazioni\"],\"inLanguage\":\"de\",\"potentialAction\":[{\"@type\":\"CommentAction\",\"name\":\"Comment\",\"target\":[\"https:\\\/\\\/www.kobler-margreid.com\\\/blog\\\/blog\\\/2009\\\/03\\\/20\\\/unterwegs-zur-vinitaly-in-strada-per-il-vinitaly\\\/#respond\"]}]},{\"@type\":\"WebPage\",\"@id\":\"https:\\\/\\\/www.kobler-margreid.com\\\/blog\\\/blog\\\/2009\\\/03\\\/20\\\/unterwegs-zur-vinitaly-in-strada-per-il-vinitaly\\\/\",\"url\":\"https:\\\/\\\/www.kobler-margreid.com\\\/blog\\\/blog\\\/2009\\\/03\\\/20\\\/unterwegs-zur-vinitaly-in-strada-per-il-vinitaly\\\/\",\"name\":\"Unterwegs zur Vinitaly 2009- In strada per il Vinitaly 2009 - weinhof KOBLER weblog\",\"isPartOf\":{\"@id\":\"https:\\\/\\\/www.kobler-margreid.com\\\/blog\\\/#website\"},\"primaryImageOfPage\":{\"@id\":\"https:\\\/\\\/www.kobler-margreid.com\\\/blog\\\/blog\\\/2009\\\/03\\\/20\\\/unterwegs-zur-vinitaly-in-strada-per-il-vinitaly\\\/#primaryimage\"},\"image\":{\"@id\":\"https:\\\/\\\/www.kobler-margreid.com\\\/blog\\\/blog\\\/2009\\\/03\\\/20\\\/unterwegs-zur-vinitaly-in-strada-per-il-vinitaly\\\/#primaryimage\"},\"thumbnailUrl\":\"http:\\\/\\\/www.kobler-margreid.com\\\/blog\\\/wp-content\\\/2009\\\/03\\\/bacchus.jpg\",\"datePublished\":\"2009-03-20T22:35:36+00:00\",\"dateModified\":\"2009-04-02T20:12:55+00:00\",\"breadcrumb\":{\"@id\":\"https:\\\/\\\/www.kobler-margreid.com\\\/blog\\\/blog\\\/2009\\\/03\\\/20\\\/unterwegs-zur-vinitaly-in-strada-per-il-vinitaly\\\/#breadcrumb\"},\"inLanguage\":\"de\",\"potentialAction\":[{\"@type\":\"ReadAction\",\"target\":[\"https:\\\/\\\/www.kobler-margreid.com\\\/blog\\\/blog\\\/2009\\\/03\\\/20\\\/unterwegs-zur-vinitaly-in-strada-per-il-vinitaly\\\/\"]}]},{\"@type\":\"ImageObject\",\"inLanguage\":\"de\",\"@id\":\"https:\\\/\\\/www.kobler-margreid.com\\\/blog\\\/blog\\\/2009\\\/03\\\/20\\\/unterwegs-zur-vinitaly-in-strada-per-il-vinitaly\\\/#primaryimage\",\"url\":\"http:\\\/\\\/www.kobler-margreid.com\\\/blog\\\/wp-content\\\/2009\\\/03\\\/bacchus.jpg\",\"contentUrl\":\"http:\\\/\\\/www.kobler-margreid.com\\\/blog\\\/wp-content\\\/2009\\\/03\\\/bacchus.jpg\"},{\"@type\":\"BreadcrumbList\",\"@id\":\"https:\\\/\\\/www.kobler-margreid.com\\\/blog\\\/blog\\\/2009\\\/03\\\/20\\\/unterwegs-zur-vinitaly-in-strada-per-il-vinitaly\\\/#breadcrumb\",\"itemListElement\":[{\"@type\":\"ListItem\",\"position\":1,\"name\":\"Startseite\",\"item\":\"https:\\\/\\\/www.kobler-margreid.com\\\/blog\\\/\"},{\"@type\":\"ListItem\",\"position\":2,\"name\":\"Unterwegs zur Vinitaly 2009- In strada per il Vinitaly 2009\"}]},{\"@type\":\"WebSite\",\"@id\":\"https:\\\/\\\/www.kobler-margreid.com\\\/blog\\\/#website\",\"url\":\"https:\\\/\\\/www.kobler-margreid.com\\\/blog\\\/\",\"name\":\"weinhof KOBLER weblog\",\"description\":\"dem wein ganz nah \u2013 all&#039;interno del vino\",\"publisher\":{\"@id\":\"https:\\\/\\\/www.kobler-margreid.com\\\/blog\\\/#\\\/schema\\\/person\\\/6a2290c17f680f59c1fa7e1c7a36df3a\"},\"potentialAction\":[{\"@type\":\"SearchAction\",\"target\":{\"@type\":\"EntryPoint\",\"urlTemplate\":\"https:\\\/\\\/www.kobler-margreid.com\\\/blog\\\/?s={search_term_string}\"},\"query-input\":{\"@type\":\"PropertyValueSpecification\",\"valueRequired\":true,\"valueName\":\"search_term_string\"}}],\"inLanguage\":\"de\"},{\"@type\":[\"Person\",\"Organization\"],\"@id\":\"https:\\\/\\\/www.kobler-margreid.com\\\/blog\\\/#\\\/schema\\\/person\\\/6a2290c17f680f59c1fa7e1c7a36df3a\",\"name\":\"armin kobler\",\"image\":{\"@type\":\"ImageObject\",\"inLanguage\":\"de\",\"@id\":\"https:\\\/\\\/www.kobler-margreid.com\\\/blog\\\/wp-content\\\/2023\\\/11\\\/2012-05-08_09-33-03a.jpg\",\"url\":\"https:\\\/\\\/www.kobler-margreid.com\\\/blog\\\/wp-content\\\/2023\\\/11\\\/2012-05-08_09-33-03a.jpg\",\"contentUrl\":\"https:\\\/\\\/www.kobler-margreid.com\\\/blog\\\/wp-content\\\/2023\\\/11\\\/2012-05-08_09-33-03a.jpg\",\"width\":1088,\"height\":1184,\"caption\":\"armin kobler\"},\"logo\":{\"@id\":\"https:\\\/\\\/www.kobler-margreid.com\\\/blog\\\/wp-content\\\/2023\\\/11\\\/2012-05-08_09-33-03a.jpg\"},\"sameAs\":[\"http:\\\/\\\/www.kobler-margreid.com\",\"https:\\\/\\\/www.facebook.com\\\/armin.kobler\\\/\"],\"url\":\"https:\\\/\\\/www.kobler-margreid.com\\\/blog\\\/blog\\\/author\\\/admin\\\/\"}]}<\/script>\n<!-- \/ Yoast SEO plugin. -->","yoast_head_json":{"title":"Unterwegs zur Vinitaly 2009- In strada per il Vinitaly 2009 - weinhof KOBLER weblog","robots":{"index":"index","follow":"follow","max-snippet":"max-snippet:-1","max-image-preview":"max-image-preview:large","max-video-preview":"max-video-preview:-1"},"canonical":"https:\/\/www.kobler-margreid.com\/blog\/blog\/2009\/03\/20\/unterwegs-zur-vinitaly-in-strada-per-il-vinitaly\/","og_locale":"de_DE","og_type":"article","og_title":"Unterwegs zur Vinitaly 2009- In strada per il Vinitaly 2009 - weinhof KOBLER weblog","og_description":"Mal sehen, wenn die fr\u00fchlingshaften Temperaturen weiterhin anhalten und es in der Halle 6, C2 (S\u00fcdtirolbereich) vom 2. bis 6. April 2009 etwas weniger als \u00fcblich ziehen wird, dann wird das unser Auftritt anl\u00e4sslich der gr\u00f6\u00dften italienischen Weinmesse sein. Die &hellip; Weiterlesen &rarr;","og_url":"https:\/\/www.kobler-margreid.com\/blog\/blog\/2009\/03\/20\/unterwegs-zur-vinitaly-in-strada-per-il-vinitaly\/","og_site_name":"weinhof KOBLER weblog","article_publisher":"https:\/\/www.facebook.com\/armin.kobler\/","article_author":"https:\/\/www.facebook.com\/armin.kobler\/","article_published_time":"2009-03-20T22:35:36+00:00","article_modified_time":"2009-04-02T20:12:55+00:00","og_image":[{"url":"http:\/\/www.kobler-margreid.com\/blog\/wp-content\/2009\/03\/bacchus.jpg","type":"","width":"","height":""}],"author":"armin kobler","twitter_card":"summary_large_image","twitter_misc":{"Verfasst von":"armin kobler","Gesch\u00e4tzte Lesezeit":"2\u00a0Minuten"},"schema":{"@context":"https:\/\/schema.org","@graph":[{"@type":"Article","@id":"https:\/\/www.kobler-margreid.com\/blog\/blog\/2009\/03\/20\/unterwegs-zur-vinitaly-in-strada-per-il-vinitaly\/#article","isPartOf":{"@id":"https:\/\/www.kobler-margreid.com\/blog\/blog\/2009\/03\/20\/unterwegs-zur-vinitaly-in-strada-per-il-vinitaly\/"},"author":{"name":"armin kobler","@id":"https:\/\/www.kobler-margreid.com\/blog\/#\/schema\/person\/6a2290c17f680f59c1fa7e1c7a36df3a"},"headline":"Unterwegs zur Vinitaly 2009- In strada per il Vinitaly 2009","datePublished":"2009-03-20T22:35:36+00:00","dateModified":"2009-04-02T20:12:55+00:00","mainEntityOfPage":{"@id":"https:\/\/www.kobler-margreid.com\/blog\/blog\/2009\/03\/20\/unterwegs-zur-vinitaly-in-strada-per-il-vinitaly\/"},"wordCount":468,"commentCount":3,"publisher":{"@id":"https:\/\/www.kobler-margreid.com\/blog\/#\/schema\/person\/6a2290c17f680f59c1fa7e1c7a36df3a"},"image":{"@id":"https:\/\/www.kobler-margreid.com\/blog\/blog\/2009\/03\/20\/unterwegs-zur-vinitaly-in-strada-per-il-vinitaly\/#primaryimage"},"thumbnailUrl":"http:\/\/www.kobler-margreid.com\/blog\/wp-content\/2009\/03\/bacchus.jpg","keywords":["Aristide","Bacchus","Brunellopoli","Velenitaly","Vinitaly 2009","Vinix"],"articleSection":["Ank\u00fcndigung - Annuncio","\u00d6ffentlichkeitsarbeit - Pubbliche relazioni"],"inLanguage":"de","potentialAction":[{"@type":"CommentAction","name":"Comment","target":["https:\/\/www.kobler-margreid.com\/blog\/blog\/2009\/03\/20\/unterwegs-zur-vinitaly-in-strada-per-il-vinitaly\/#respond"]}]},{"@type":"WebPage","@id":"https:\/\/www.kobler-margreid.com\/blog\/blog\/2009\/03\/20\/unterwegs-zur-vinitaly-in-strada-per-il-vinitaly\/","url":"https:\/\/www.kobler-margreid.com\/blog\/blog\/2009\/03\/20\/unterwegs-zur-vinitaly-in-strada-per-il-vinitaly\/","name":"Unterwegs zur Vinitaly 2009- In strada per il Vinitaly 2009 - weinhof KOBLER weblog","isPartOf":{"@id":"https:\/\/www.kobler-margreid.com\/blog\/#website"},"primaryImageOfPage":{"@id":"https:\/\/www.kobler-margreid.com\/blog\/blog\/2009\/03\/20\/unterwegs-zur-vinitaly-in-strada-per-il-vinitaly\/#primaryimage"},"image":{"@id":"https:\/\/www.kobler-margreid.com\/blog\/blog\/2009\/03\/20\/unterwegs-zur-vinitaly-in-strada-per-il-vinitaly\/#primaryimage"},"thumbnailUrl":"http:\/\/www.kobler-margreid.com\/blog\/wp-content\/2009\/03\/bacchus.jpg","datePublished":"2009-03-20T22:35:36+00:00","dateModified":"2009-04-02T20:12:55+00:00","breadcrumb":{"@id":"https:\/\/www.kobler-margreid.com\/blog\/blog\/2009\/03\/20\/unterwegs-zur-vinitaly-in-strada-per-il-vinitaly\/#breadcrumb"},"inLanguage":"de","potentialAction":[{"@type":"ReadAction","target":["https:\/\/www.kobler-margreid.com\/blog\/blog\/2009\/03\/20\/unterwegs-zur-vinitaly-in-strada-per-il-vinitaly\/"]}]},{"@type":"ImageObject","inLanguage":"de","@id":"https:\/\/www.kobler-margreid.com\/blog\/blog\/2009\/03\/20\/unterwegs-zur-vinitaly-in-strada-per-il-vinitaly\/#primaryimage","url":"http:\/\/www.kobler-margreid.com\/blog\/wp-content\/2009\/03\/bacchus.jpg","contentUrl":"http:\/\/www.kobler-margreid.com\/blog\/wp-content\/2009\/03\/bacchus.jpg"},{"@type":"BreadcrumbList","@id":"https:\/\/www.kobler-margreid.com\/blog\/blog\/2009\/03\/20\/unterwegs-zur-vinitaly-in-strada-per-il-vinitaly\/#breadcrumb","itemListElement":[{"@type":"ListItem","position":1,"name":"Startseite","item":"https:\/\/www.kobler-margreid.com\/blog\/"},{"@type":"ListItem","position":2,"name":"Unterwegs zur Vinitaly 2009- In strada per il Vinitaly 2009"}]},{"@type":"WebSite","@id":"https:\/\/www.kobler-margreid.com\/blog\/#website","url":"https:\/\/www.kobler-margreid.com\/blog\/","name":"weinhof KOBLER weblog","description":"dem wein ganz nah \u2013 all&#039;interno del vino","publisher":{"@id":"https:\/\/www.kobler-margreid.com\/blog\/#\/schema\/person\/6a2290c17f680f59c1fa7e1c7a36df3a"},"potentialAction":[{"@type":"SearchAction","target":{"@type":"EntryPoint","urlTemplate":"https:\/\/www.kobler-margreid.com\/blog\/?s={search_term_string}"},"query-input":{"@type":"PropertyValueSpecification","valueRequired":true,"valueName":"search_term_string"}}],"inLanguage":"de"},{"@type":["Person","Organization"],"@id":"https:\/\/www.kobler-margreid.com\/blog\/#\/schema\/person\/6a2290c17f680f59c1fa7e1c7a36df3a","name":"armin kobler","image":{"@type":"ImageObject","inLanguage":"de","@id":"https:\/\/www.kobler-margreid.com\/blog\/wp-content\/2023\/11\/2012-05-08_09-33-03a.jpg","url":"https:\/\/www.kobler-margreid.com\/blog\/wp-content\/2023\/11\/2012-05-08_09-33-03a.jpg","contentUrl":"https:\/\/www.kobler-margreid.com\/blog\/wp-content\/2023\/11\/2012-05-08_09-33-03a.jpg","width":1088,"height":1184,"caption":"armin kobler"},"logo":{"@id":"https:\/\/www.kobler-margreid.com\/blog\/wp-content\/2023\/11\/2012-05-08_09-33-03a.jpg"},"sameAs":["http:\/\/www.kobler-margreid.com","https:\/\/www.facebook.com\/armin.kobler\/"],"url":"https:\/\/www.kobler-margreid.com\/blog\/blog\/author\/admin\/"}]}},"_links":{"self":[{"href":"https:\/\/www.kobler-margreid.com\/blog\/wp-json\/wp\/v2\/posts\/1453","targetHints":{"allow":["GET"]}}],"collection":[{"href":"https:\/\/www.kobler-margreid.com\/blog\/wp-json\/wp\/v2\/posts"}],"about":[{"href":"https:\/\/www.kobler-margreid.com\/blog\/wp-json\/wp\/v2\/types\/post"}],"author":[{"embeddable":true,"href":"https:\/\/www.kobler-margreid.com\/blog\/wp-json\/wp\/v2\/users\/1"}],"replies":[{"embeddable":true,"href":"https:\/\/www.kobler-margreid.com\/blog\/wp-json\/wp\/v2\/comments?post=1453"}],"version-history":[{"count":0,"href":"https:\/\/www.kobler-margreid.com\/blog\/wp-json\/wp\/v2\/posts\/1453\/revisions"}],"wp:attachment":[{"href":"https:\/\/www.kobler-margreid.com\/blog\/wp-json\/wp\/v2\/media?parent=1453"}],"wp:term":[{"taxonomy":"category","embeddable":true,"href":"https:\/\/www.kobler-margreid.com\/blog\/wp-json\/wp\/v2\/categories?post=1453"},{"taxonomy":"post_tag","embeddable":true,"href":"https:\/\/www.kobler-margreid.com\/blog\/wp-json\/wp\/v2\/tags?post=1453"}],"curies":[{"name":"wp","href":"https:\/\/api.w.org\/{rel}","templated":true}]}}