{"id":14610,"date":"2018-01-04T17:48:30","date_gmt":"2018-01-04T16:48:30","guid":{"rendered":"http:\/\/www.kobler-margreid.com\/blog\/?p=14610"},"modified":"2019-02-26T00:06:51","modified_gmt":"2019-02-25T23:06:51","slug":"es-gibt-nur-fuenf-faesser-rotwein-aber-die-weissen-riechen-phantastisch-abbiamo-fatto-solo-cinque-fusti-di-vino-rosso-ma-i-bianchi-hanno-profumi-fantstici","status":"publish","type":"post","link":"https:\/\/www.kobler-margreid.com\/blog\/blog\/2018\/01\/04\/es-gibt-nur-fuenf-faesser-rotwein-aber-die-weissen-riechen-phantastisch-abbiamo-fatto-solo-cinque-fusti-di-vino-rosso-ma-i-bianchi-hanno-profumi-fantstici\/","title":{"rendered":"Es gibt nur f\u00fcnf F\u00e4sser Rotwein aber die Wei\u00dfen riechen phantastisch \u2014  Abbiamo fatto solo cinque fusti di vino rosso ma i bianchi hanno profumi fantastici"},"content":{"rendered":"<p><a href=\"http:\/\/www.kobler-margreid.com\/blog\/wp-content\/2018\/01\/2018-01-01_17-26-28.jpg\" rel=\"lightbox[14610]\"><br \/>\n<\/a><a href=\"http:\/\/www.kobler-margreid.com\/blog\/wp-content\/2018\/01\/2018-01-01_17-26-28.jpg\" rel=\"lightbox[14610]\"><img loading=\"lazy\" decoding=\"async\" class=\"alignleft wp-image-14613 size-full\" style=\"border: 0px; margin: -0px 0px 0px -0px;\" src=\"https:\/\/www.kobler-margreid.com\/blog\/wp-content\/2018\/01\/2018-01-01_17-26-28.jpg\" alt=\"\" width=\"1275\" height=\"998\" srcset=\"https:\/\/www.kobler-margreid.com\/blog\/wp-content\/2018\/01\/2018-01-01_17-26-28.jpg 1275w, https:\/\/www.kobler-margreid.com\/blog\/wp-content\/2018\/01\/2018-01-01_17-26-28-300x235.jpg 300w, https:\/\/www.kobler-margreid.com\/blog\/wp-content\/2018\/01\/2018-01-01_17-26-28-768x601.jpg 768w, https:\/\/www.kobler-margreid.com\/blog\/wp-content\/2018\/01\/2018-01-01_17-26-28-1024x802.jpg 1024w\" sizes=\"auto, (max-width: 1275px) 100vw, 1275px\" \/><\/a><\/p>\n<p>Dieser locker hingeworfene Satz fasst treffend das vergangene Jahr zusammen. Es war f\u00fcr mich als Weinbauer ein schwieriges Jahr, das kann man wohl sagen. Der trockene und kalte Winter hat zu den st\u00e4rksten Wintersch\u00e4den gef\u00fchrt, die ich bis jetzt erlebt habe. Zahlreiche alte Chardonnay- und Rul\u00e4nderreben am Ogeaner und Klausner erwachten nicht mehr aus dem Winterschlaf. Bei den meisten davon gab es auch keine Austriebe an der Basis, sogenannte Martitschen, mit welchen man in ein bis zwei Jahren einen neuen Stock aufbauen kann; sie mussten mit Jungreben aufwendig ersetzt werden.&nbsp;<\/p>\n<p><em>Questa frase buttata l\u00ec, rispecchia nonostante la sua incompletezza l&#8217;annata scorsa. Per me come vignaiolo era un&#8217;annata difficile, di sicuro. L&#8217;inverno freddo e secco ha provocato i peggiori danni che io abbia visto finora. Tanti ceppi vecchi di Chardonnay e Pinot grigio nei vigneti Ogeaner e Klausner non si sono pi\u00f9 risvegliati in primavera. Nella stragrande maggioranza dei casi le viti non hanno neanche ricacciato dal basso ma dovevano essere sostituite in modo impegnativo con giovani barbatelle.&nbsp;<\/em><\/p>\n<p><!--more-->Im Fr\u00fchling kam auch noch Sp\u00e4tfrost dazu. Ein fr\u00fcher Austrieb gekoppelt mit einem Kaltlufteinbruch aus dem Norden brachte die zarten gr\u00fcnen Triebe in starke Bedr\u00e4ngnis. Im Oberfeld, unser nomalerweise k\u00e4ltester Ort, half die dort noch vom vorigen Apfelanbau herr\u00fchrende \u00dcberkronenbew\u00e4sserung, das Schlimmste abzuwenden. Den Guyot-St\u00f6cken am Ogeaner wurde hingegen ihre Bodenn\u00e4he zum Verh\u00e4ngnis. W\u00e4hrend die Pergeln daneben keine Sch\u00e4den aufwiesen, erntete ich bei ersteren ein Viertel eines normalen Ertrages.<\/p>\n<p><em>In primavera si sono aggiunto a ci\u00f2 le gelate tardive. Il germogliamento precoce assieme a correnti gelide del nord ha messo in evidenza la suscetibilit\u00e0 al freddo dei giovani germogli. &nbsp;Nel vigneto Oberfeld, di consuetudine il posto pi\u00f9 freddo dell&#8217;azienda, ha aiutato l&#8217;impianto irriguo ad aspersione, fino a quindici anni fa era infatti un meleto, a limitare i danni. Per i ceppi di Chardonnay allevati a Guyot dell&#8217;Ogeaner invece la vicinanza dei tralci al terreno era micidiale. Mentre le pergole accanto non evidenziavano danni, nell&#8217;impianto a spalliera i germogli bruciati dal gelo erano cos\u00ec tanti da produrre solo un quarto di un raccolto normale.<\/em><\/p>\n<p>Die Erdraupen, bei uns Rugatten genannt, waren ein weiterer Nadelstich im Jahreslauf. Um einer gezielten chemischen Bek\u00e4mpfung werden wir zumindest in den n\u00e4chsten Jahren nicht herumkommen, nachdem das n\u00e4chtliche Einsammeln extrem arbeitsaufwendig ist und auch nicht die erhofften Ergebnisse gebracht hat. Im Sommer fielen n\u00e4mlich immer wieder St\u00f6cke auf, wo die traubentragenden Haupttriebe fehlten. Diese gefr\u00e4\u00dfigen nachtaktiven Raupen treten momentan in Gebieten auf, wo sie noch nie negativ aufgefallen sind.&nbsp;<\/p>\n<p><i>Le nottue poi hanno costituito un ulteriore&nbsp;punzecchiatura. Temo di dover cominciare a combatterle con un trattamento specifico, in quanto a raccoglierle notte per notte a mano \u00e8 molto impegnativo e non \u00e8 servito a molto. Infatti in estate si vedevano diverse viti dove mancavano i tralci principali, cio\u00e8 gli unici che sono fruttiferi. Queste larve voraci, che risalgono i ceppi di notte, sono apparse ultimamente in zone dove non si erano mai viste prima.<\/i><\/p>\n<p>Ein sp\u00e4ter Peronosporabefall, der in der ganzen Gegend das Laub massiv gesch\u00e4digt hat, gl\u00fccklicherweise&nbsp;aber&nbsp;zu sp\u00e4t aufgetreten ist, um die wichtigeren Trauben zu infizieren, hat uns wieder einmal die Grenzen des Pflanzenschutzes aufgezeigt. Wobei ich immer mehr den Eindruck habe, dass die Ursachen f\u00fcr das Versagen der PSM in diesen extremen F\u00e4llen eher in einer ungen\u00fcgenden Applikationstechnik zu suchen sind. Die sommerliche D\u00fcrre, welche in weiten Gegenden Europas f\u00fcr gro\u00dfe Probleme gesorgt hat, hat hier zum Gl\u00fcck keinen Schaden angerichtet.<\/p>\n<p><em>Un attacco tardivo di peronospora che in tutta la zona ha danneggiato in modo massiccio le foglie ma per fortuna ha lasciato indenne i grappoli, ha evidenziato un altra volta i limiti della lotta anticrittogamica. Ho sempre di pi\u00f9 l&#8217;impressione che le cause di attacchi cos\u00ec deleteri sia da ricercare pi\u00f9 in tecniche di applicazione insufficienti che nell&#8217;inefficacia dei prodotti stessi. La grande siccit\u00e0 che in altre zone d&#8217;Europa ha causato danni ingenti da noi invece non ha dato problemi.<\/em><\/p>\n<p>Den gr\u00f6\u00dften Einschnitt im Produktionsjahr 2017 stellten aber die Hagelschl\u00e4ge vom 9. und 10. August dar. Auch mein inzwischen fast 90j\u00e4hriger Vater wei\u00df nichts von einem Hagelsturm, der so stark war, so ein gro\u00dfes Gebiet gleichzeitig betroffen hat und mehrmals hintereinander am gleichen Tag die schadbringende Ladung niedergehen hat lassen. Es sah furchtbar aus, die Moral war am Boden! Manchmal habe ich schon gedacht, dass heuer eigentlich nur mehr die biblischen Heuschrecken fehlten.<\/p>\n<p><em>Il momento pi\u00f9 cruciale dell&#8217;anno era costituito dalle grandinate del 9 e 10 agosto. Mio padre che si avvicina ai 90 anni non si ricorda una tempesta cos\u00ec forte, che ha colpito una zona cos\u00ec vasta e che ha rilasciato pi\u00f9 volte in due giorni la sua carica deleteria. I vigneti dopo erano terribili da vedere, la morale era per terra! Pi\u00f9 volte quest&#8217;anno mi \u00e8 venuto in mente che mancavano solo le cavallette bibliche&#8230;<\/em><\/p>\n<p>Ein sch\u00f6ner Herbst und eine aufmerksame Lese konnten die Qualit\u00e4t des Jahrgangs retten, mengenm\u00e4\u00dfig m\u00fcssen wir im Betrieb aber insgesamt auf mehr als ein Drittel verzichten.&nbsp;Die Trinker unserer Weine wird der Werdegang des 2017ers bestenfalls interessieren, es betrifft sie aber nicht wirklich. Wie immer sorgen n\u00e4mlich die verantwortungsvollen Produzenten unter uns, dass ein schwieriges Jahr f\u00fcr den Winzer trotzdem zu einem m\u00f6glichst guten Jahrgang im Glas f\u00fchrt. 2014 hat bewiesen, dass das funktioniert. Erinnert ihr Euch noch?<\/p>\n<p><em>L&#8217;autunno bellissimo e la vendemmia accurata hanno salvato l&#8217;annata dal punto di vista qualitativo. Circa la quantit\u00e0 dobbiamo invece rinunciare a pi\u00f9 di un terzo. Nel migliore dei casi il consumatore si interessa del decorso dell&#8217;annata, ma non lo riguarda veramente. Infatti come sempre i produttori coscienti tra di noi hanno fatto s\u00ec che l&#8217;annata difficile non sia percepibile da chi alla fine beve il vino. Il 2014 ha dimostrato che ci\u00f2 funziona. Vi ricordate ancora?<\/em><\/p>\n","protected":false},"excerpt":{"rendered":"<p>Dieser locker hingeworfene Satz fasst treffend das vergangene Jahr zusammen. Es war f\u00fcr mich als Weinbauer ein schwieriges Jahr, das kann man wohl sagen. Der trockene und kalte Winter hat zu den st\u00e4rksten Wintersch\u00e4den gef\u00fchrt, die ich bis jetzt erlebt &hellip; <a href=\"https:\/\/www.kobler-margreid.com\/blog\/blog\/2018\/01\/04\/es-gibt-nur-fuenf-faesser-rotwein-aber-die-weissen-riechen-phantastisch-abbiamo-fatto-solo-cinque-fusti-di-vino-rosso-ma-i-bianchi-hanno-profumi-fantstici\/\">Weiterlesen <span class=\"meta-nav\">&rarr;<\/span><\/a><\/p>\n","protected":false},"author":1,"featured_media":0,"comment_status":"open","ping_status":"open","sticky":false,"template":"","format":"standard","meta":{"ngg_post_thumbnail":0,"footnotes":"","_links_to":"","_links_to_target":""},"categories":[1],"tags":[1569,1551,1571,1572,446,445,1568,1555,127,1525,1570],"class_list":["post-14610","post","type-post","status-publish","format-standard","hentry","category-allgemein","tag-annata-2017","tag-erdraupen","tag-gelata-invernale","tag-gelata-primaverile","tag-grandine","tag-hagel","tag-jahrgang-2017","tag-nottue","tag-peronospora","tag-spaetfrost","tag-winterfrost"],"yoast_head":"<!-- This site is optimized with the Yoast SEO plugin v27.5 - https:\/\/yoast.com\/product\/yoast-seo-wordpress\/ -->\n<title>Es gibt nur f\u00fcnf F\u00e4sser Rotwein aber die Wei\u00dfen riechen phantastisch \u2014 Abbiamo fatto solo cinque fusti di vino rosso ma i bianchi hanno profumi fantastici - weinhof KOBLER weblog<\/title>\n<meta name=\"robots\" content=\"index, follow, max-snippet:-1, max-image-preview:large, max-video-preview:-1\" \/>\n<link rel=\"canonical\" href=\"https:\/\/www.kobler-margreid.com\/blog\/blog\/2018\/01\/04\/es-gibt-nur-fuenf-faesser-rotwein-aber-die-weissen-riechen-phantastisch-abbiamo-fatto-solo-cinque-fusti-di-vino-rosso-ma-i-bianchi-hanno-profumi-fantstici\/\" \/>\n<meta property=\"og:locale\" content=\"de_DE\" \/>\n<meta property=\"og:type\" content=\"article\" \/>\n<meta property=\"og:title\" content=\"Es gibt nur f\u00fcnf F\u00e4sser Rotwein aber die Wei\u00dfen riechen phantastisch \u2014 Abbiamo fatto solo cinque fusti di vino rosso ma i bianchi hanno profumi fantastici - weinhof KOBLER weblog\" \/>\n<meta property=\"og:description\" content=\"Dieser locker hingeworfene Satz fasst treffend das vergangene Jahr zusammen. Es war f\u00fcr mich als Weinbauer ein schwieriges Jahr, das kann man wohl sagen. Der trockene und kalte Winter hat zu den st\u00e4rksten Wintersch\u00e4den gef\u00fchrt, die ich bis jetzt erlebt &hellip; Weiterlesen &rarr;\" \/>\n<meta property=\"og:url\" content=\"https:\/\/www.kobler-margreid.com\/blog\/blog\/2018\/01\/04\/es-gibt-nur-fuenf-faesser-rotwein-aber-die-weissen-riechen-phantastisch-abbiamo-fatto-solo-cinque-fusti-di-vino-rosso-ma-i-bianchi-hanno-profumi-fantstici\/\" \/>\n<meta property=\"og:site_name\" content=\"weinhof KOBLER weblog\" \/>\n<meta property=\"article:publisher\" content=\"https:\/\/www.facebook.com\/armin.kobler\/\" \/>\n<meta property=\"article:author\" content=\"https:\/\/www.facebook.com\/armin.kobler\/\" \/>\n<meta property=\"article:published_time\" content=\"2018-01-04T16:48:30+00:00\" \/>\n<meta property=\"article:modified_time\" content=\"2019-02-25T23:06:51+00:00\" \/>\n<meta property=\"og:image\" content=\"https:\/\/www.kobler-margreid.com\/blog\/wp-content\/2018\/01\/2018-01-01_17-26-28.jpg\" \/>\n<meta name=\"author\" content=\"armin kobler\" \/>\n<meta name=\"twitter:card\" content=\"summary_large_image\" \/>\n<meta name=\"twitter:label1\" content=\"Verfasst von\" \/>\n\t<meta name=\"twitter:data1\" content=\"armin kobler\" \/>\n\t<meta name=\"twitter:label2\" content=\"Gesch\u00e4tzte Lesezeit\" \/>\n\t<meta name=\"twitter:data2\" content=\"5\u00a0Minuten\" \/>\n<script type=\"application\/ld+json\" class=\"yoast-schema-graph\">{\"@context\":\"https:\\\/\\\/schema.org\",\"@graph\":[{\"@type\":\"Article\",\"@id\":\"https:\\\/\\\/www.kobler-margreid.com\\\/blog\\\/blog\\\/2018\\\/01\\\/04\\\/es-gibt-nur-fuenf-faesser-rotwein-aber-die-weissen-riechen-phantastisch-abbiamo-fatto-solo-cinque-fusti-di-vino-rosso-ma-i-bianchi-hanno-profumi-fantstici\\\/#article\",\"isPartOf\":{\"@id\":\"https:\\\/\\\/www.kobler-margreid.com\\\/blog\\\/blog\\\/2018\\\/01\\\/04\\\/es-gibt-nur-fuenf-faesser-rotwein-aber-die-weissen-riechen-phantastisch-abbiamo-fatto-solo-cinque-fusti-di-vino-rosso-ma-i-bianchi-hanno-profumi-fantstici\\\/\"},\"author\":{\"name\":\"armin kobler\",\"@id\":\"https:\\\/\\\/www.kobler-margreid.com\\\/blog\\\/#\\\/schema\\\/person\\\/6a2290c17f680f59c1fa7e1c7a36df3a\"},\"headline\":\"Es gibt nur f\u00fcnf F\u00e4sser Rotwein aber die Wei\u00dfen riechen phantastisch \u2014 Abbiamo fatto solo cinque fusti di vino rosso ma i bianchi hanno profumi fantastici\",\"datePublished\":\"2018-01-04T16:48:30+00:00\",\"dateModified\":\"2019-02-25T23:06:51+00:00\",\"mainEntityOfPage\":{\"@id\":\"https:\\\/\\\/www.kobler-margreid.com\\\/blog\\\/blog\\\/2018\\\/01\\\/04\\\/es-gibt-nur-fuenf-faesser-rotwein-aber-die-weissen-riechen-phantastisch-abbiamo-fatto-solo-cinque-fusti-di-vino-rosso-ma-i-bianchi-hanno-profumi-fantstici\\\/\"},\"wordCount\":1020,\"commentCount\":0,\"publisher\":{\"@id\":\"https:\\\/\\\/www.kobler-margreid.com\\\/blog\\\/#\\\/schema\\\/person\\\/6a2290c17f680f59c1fa7e1c7a36df3a\"},\"image\":{\"@id\":\"https:\\\/\\\/www.kobler-margreid.com\\\/blog\\\/blog\\\/2018\\\/01\\\/04\\\/es-gibt-nur-fuenf-faesser-rotwein-aber-die-weissen-riechen-phantastisch-abbiamo-fatto-solo-cinque-fusti-di-vino-rosso-ma-i-bianchi-hanno-profumi-fantstici\\\/#primaryimage\"},\"thumbnailUrl\":\"https:\\\/\\\/www.kobler-margreid.com\\\/blog\\\/wp-content\\\/2018\\\/01\\\/2018-01-01_17-26-28.jpg\",\"keywords\":[\"Annata 2017\",\"Erdraupen\",\"Gelata invernale\",\"Gelata primaverile\",\"Grandine\",\"Hagel\",\"Jahrgang 2017\",\"Nottue\",\"Peronospora\",\"Sp\u00e4tfrost\",\"Winterfrost\"],\"articleSection\":[\"Allgemein - Generale\"],\"inLanguage\":\"de\",\"potentialAction\":[{\"@type\":\"CommentAction\",\"name\":\"Comment\",\"target\":[\"https:\\\/\\\/www.kobler-margreid.com\\\/blog\\\/blog\\\/2018\\\/01\\\/04\\\/es-gibt-nur-fuenf-faesser-rotwein-aber-die-weissen-riechen-phantastisch-abbiamo-fatto-solo-cinque-fusti-di-vino-rosso-ma-i-bianchi-hanno-profumi-fantstici\\\/#respond\"]}]},{\"@type\":\"WebPage\",\"@id\":\"https:\\\/\\\/www.kobler-margreid.com\\\/blog\\\/blog\\\/2018\\\/01\\\/04\\\/es-gibt-nur-fuenf-faesser-rotwein-aber-die-weissen-riechen-phantastisch-abbiamo-fatto-solo-cinque-fusti-di-vino-rosso-ma-i-bianchi-hanno-profumi-fantstici\\\/\",\"url\":\"https:\\\/\\\/www.kobler-margreid.com\\\/blog\\\/blog\\\/2018\\\/01\\\/04\\\/es-gibt-nur-fuenf-faesser-rotwein-aber-die-weissen-riechen-phantastisch-abbiamo-fatto-solo-cinque-fusti-di-vino-rosso-ma-i-bianchi-hanno-profumi-fantstici\\\/\",\"name\":\"Es gibt nur f\u00fcnf F\u00e4sser Rotwein aber die Wei\u00dfen riechen phantastisch \u2014 Abbiamo fatto solo cinque fusti di vino rosso ma i bianchi hanno profumi fantastici - weinhof KOBLER weblog\",\"isPartOf\":{\"@id\":\"https:\\\/\\\/www.kobler-margreid.com\\\/blog\\\/#website\"},\"primaryImageOfPage\":{\"@id\":\"https:\\\/\\\/www.kobler-margreid.com\\\/blog\\\/blog\\\/2018\\\/01\\\/04\\\/es-gibt-nur-fuenf-faesser-rotwein-aber-die-weissen-riechen-phantastisch-abbiamo-fatto-solo-cinque-fusti-di-vino-rosso-ma-i-bianchi-hanno-profumi-fantstici\\\/#primaryimage\"},\"image\":{\"@id\":\"https:\\\/\\\/www.kobler-margreid.com\\\/blog\\\/blog\\\/2018\\\/01\\\/04\\\/es-gibt-nur-fuenf-faesser-rotwein-aber-die-weissen-riechen-phantastisch-abbiamo-fatto-solo-cinque-fusti-di-vino-rosso-ma-i-bianchi-hanno-profumi-fantstici\\\/#primaryimage\"},\"thumbnailUrl\":\"https:\\\/\\\/www.kobler-margreid.com\\\/blog\\\/wp-content\\\/2018\\\/01\\\/2018-01-01_17-26-28.jpg\",\"datePublished\":\"2018-01-04T16:48:30+00:00\",\"dateModified\":\"2019-02-25T23:06:51+00:00\",\"breadcrumb\":{\"@id\":\"https:\\\/\\\/www.kobler-margreid.com\\\/blog\\\/blog\\\/2018\\\/01\\\/04\\\/es-gibt-nur-fuenf-faesser-rotwein-aber-die-weissen-riechen-phantastisch-abbiamo-fatto-solo-cinque-fusti-di-vino-rosso-ma-i-bianchi-hanno-profumi-fantstici\\\/#breadcrumb\"},\"inLanguage\":\"de\",\"potentialAction\":[{\"@type\":\"ReadAction\",\"target\":[\"https:\\\/\\\/www.kobler-margreid.com\\\/blog\\\/blog\\\/2018\\\/01\\\/04\\\/es-gibt-nur-fuenf-faesser-rotwein-aber-die-weissen-riechen-phantastisch-abbiamo-fatto-solo-cinque-fusti-di-vino-rosso-ma-i-bianchi-hanno-profumi-fantstici\\\/\"]}]},{\"@type\":\"ImageObject\",\"inLanguage\":\"de\",\"@id\":\"https:\\\/\\\/www.kobler-margreid.com\\\/blog\\\/blog\\\/2018\\\/01\\\/04\\\/es-gibt-nur-fuenf-faesser-rotwein-aber-die-weissen-riechen-phantastisch-abbiamo-fatto-solo-cinque-fusti-di-vino-rosso-ma-i-bianchi-hanno-profumi-fantstici\\\/#primaryimage\",\"url\":\"https:\\\/\\\/www.kobler-margreid.com\\\/blog\\\/wp-content\\\/2018\\\/01\\\/2018-01-01_17-26-28.jpg\",\"contentUrl\":\"https:\\\/\\\/www.kobler-margreid.com\\\/blog\\\/wp-content\\\/2018\\\/01\\\/2018-01-01_17-26-28.jpg\",\"width\":1275,\"height\":998},{\"@type\":\"BreadcrumbList\",\"@id\":\"https:\\\/\\\/www.kobler-margreid.com\\\/blog\\\/blog\\\/2018\\\/01\\\/04\\\/es-gibt-nur-fuenf-faesser-rotwein-aber-die-weissen-riechen-phantastisch-abbiamo-fatto-solo-cinque-fusti-di-vino-rosso-ma-i-bianchi-hanno-profumi-fantstici\\\/#breadcrumb\",\"itemListElement\":[{\"@type\":\"ListItem\",\"position\":1,\"name\":\"Startseite\",\"item\":\"https:\\\/\\\/www.kobler-margreid.com\\\/blog\\\/\"},{\"@type\":\"ListItem\",\"position\":2,\"name\":\"Es gibt nur f\u00fcnf F\u00e4sser Rotwein aber die Wei\u00dfen riechen phantastisch \u2014 Abbiamo fatto solo cinque fusti di vino rosso ma i bianchi hanno profumi fantastici\"}]},{\"@type\":\"WebSite\",\"@id\":\"https:\\\/\\\/www.kobler-margreid.com\\\/blog\\\/#website\",\"url\":\"https:\\\/\\\/www.kobler-margreid.com\\\/blog\\\/\",\"name\":\"weinhof KOBLER weblog\",\"description\":\"dem wein ganz nah \u2013 all&#039;interno del vino\",\"publisher\":{\"@id\":\"https:\\\/\\\/www.kobler-margreid.com\\\/blog\\\/#\\\/schema\\\/person\\\/6a2290c17f680f59c1fa7e1c7a36df3a\"},\"potentialAction\":[{\"@type\":\"SearchAction\",\"target\":{\"@type\":\"EntryPoint\",\"urlTemplate\":\"https:\\\/\\\/www.kobler-margreid.com\\\/blog\\\/?s={search_term_string}\"},\"query-input\":{\"@type\":\"PropertyValueSpecification\",\"valueRequired\":true,\"valueName\":\"search_term_string\"}}],\"inLanguage\":\"de\"},{\"@type\":[\"Person\",\"Organization\"],\"@id\":\"https:\\\/\\\/www.kobler-margreid.com\\\/blog\\\/#\\\/schema\\\/person\\\/6a2290c17f680f59c1fa7e1c7a36df3a\",\"name\":\"armin kobler\",\"image\":{\"@type\":\"ImageObject\",\"inLanguage\":\"de\",\"@id\":\"https:\\\/\\\/www.kobler-margreid.com\\\/blog\\\/wp-content\\\/2023\\\/11\\\/2012-05-08_09-33-03a.jpg\",\"url\":\"https:\\\/\\\/www.kobler-margreid.com\\\/blog\\\/wp-content\\\/2023\\\/11\\\/2012-05-08_09-33-03a.jpg\",\"contentUrl\":\"https:\\\/\\\/www.kobler-margreid.com\\\/blog\\\/wp-content\\\/2023\\\/11\\\/2012-05-08_09-33-03a.jpg\",\"width\":1088,\"height\":1184,\"caption\":\"armin kobler\"},\"logo\":{\"@id\":\"https:\\\/\\\/www.kobler-margreid.com\\\/blog\\\/wp-content\\\/2023\\\/11\\\/2012-05-08_09-33-03a.jpg\"},\"sameAs\":[\"http:\\\/\\\/www.kobler-margreid.com\",\"https:\\\/\\\/www.facebook.com\\\/armin.kobler\\\/\"],\"url\":\"https:\\\/\\\/www.kobler-margreid.com\\\/blog\\\/blog\\\/author\\\/admin\\\/\"}]}<\/script>\n<!-- \/ Yoast SEO plugin. -->","yoast_head_json":{"title":"Es gibt nur f\u00fcnf F\u00e4sser Rotwein aber die Wei\u00dfen riechen phantastisch \u2014 Abbiamo fatto solo cinque fusti di vino rosso ma i bianchi hanno profumi fantastici - weinhof KOBLER weblog","robots":{"index":"index","follow":"follow","max-snippet":"max-snippet:-1","max-image-preview":"max-image-preview:large","max-video-preview":"max-video-preview:-1"},"canonical":"https:\/\/www.kobler-margreid.com\/blog\/blog\/2018\/01\/04\/es-gibt-nur-fuenf-faesser-rotwein-aber-die-weissen-riechen-phantastisch-abbiamo-fatto-solo-cinque-fusti-di-vino-rosso-ma-i-bianchi-hanno-profumi-fantstici\/","og_locale":"de_DE","og_type":"article","og_title":"Es gibt nur f\u00fcnf F\u00e4sser Rotwein aber die Wei\u00dfen riechen phantastisch \u2014 Abbiamo fatto solo cinque fusti di vino rosso ma i bianchi hanno profumi fantastici - weinhof KOBLER weblog","og_description":"Dieser locker hingeworfene Satz fasst treffend das vergangene Jahr zusammen. Es war f\u00fcr mich als Weinbauer ein schwieriges Jahr, das kann man wohl sagen. Der trockene und kalte Winter hat zu den st\u00e4rksten Wintersch\u00e4den gef\u00fchrt, die ich bis jetzt erlebt &hellip; Weiterlesen &rarr;","og_url":"https:\/\/www.kobler-margreid.com\/blog\/blog\/2018\/01\/04\/es-gibt-nur-fuenf-faesser-rotwein-aber-die-weissen-riechen-phantastisch-abbiamo-fatto-solo-cinque-fusti-di-vino-rosso-ma-i-bianchi-hanno-profumi-fantstici\/","og_site_name":"weinhof KOBLER weblog","article_publisher":"https:\/\/www.facebook.com\/armin.kobler\/","article_author":"https:\/\/www.facebook.com\/armin.kobler\/","article_published_time":"2018-01-04T16:48:30+00:00","article_modified_time":"2019-02-25T23:06:51+00:00","og_image":[{"url":"https:\/\/www.kobler-margreid.com\/blog\/wp-content\/2018\/01\/2018-01-01_17-26-28.jpg","type":"","width":"","height":""}],"author":"armin kobler","twitter_card":"summary_large_image","twitter_misc":{"Verfasst von":"armin kobler","Gesch\u00e4tzte Lesezeit":"5\u00a0Minuten"},"schema":{"@context":"https:\/\/schema.org","@graph":[{"@type":"Article","@id":"https:\/\/www.kobler-margreid.com\/blog\/blog\/2018\/01\/04\/es-gibt-nur-fuenf-faesser-rotwein-aber-die-weissen-riechen-phantastisch-abbiamo-fatto-solo-cinque-fusti-di-vino-rosso-ma-i-bianchi-hanno-profumi-fantstici\/#article","isPartOf":{"@id":"https:\/\/www.kobler-margreid.com\/blog\/blog\/2018\/01\/04\/es-gibt-nur-fuenf-faesser-rotwein-aber-die-weissen-riechen-phantastisch-abbiamo-fatto-solo-cinque-fusti-di-vino-rosso-ma-i-bianchi-hanno-profumi-fantstici\/"},"author":{"name":"armin kobler","@id":"https:\/\/www.kobler-margreid.com\/blog\/#\/schema\/person\/6a2290c17f680f59c1fa7e1c7a36df3a"},"headline":"Es gibt nur f\u00fcnf F\u00e4sser Rotwein aber die Wei\u00dfen riechen phantastisch \u2014 Abbiamo fatto solo cinque fusti di vino rosso ma i bianchi hanno profumi fantastici","datePublished":"2018-01-04T16:48:30+00:00","dateModified":"2019-02-25T23:06:51+00:00","mainEntityOfPage":{"@id":"https:\/\/www.kobler-margreid.com\/blog\/blog\/2018\/01\/04\/es-gibt-nur-fuenf-faesser-rotwein-aber-die-weissen-riechen-phantastisch-abbiamo-fatto-solo-cinque-fusti-di-vino-rosso-ma-i-bianchi-hanno-profumi-fantstici\/"},"wordCount":1020,"commentCount":0,"publisher":{"@id":"https:\/\/www.kobler-margreid.com\/blog\/#\/schema\/person\/6a2290c17f680f59c1fa7e1c7a36df3a"},"image":{"@id":"https:\/\/www.kobler-margreid.com\/blog\/blog\/2018\/01\/04\/es-gibt-nur-fuenf-faesser-rotwein-aber-die-weissen-riechen-phantastisch-abbiamo-fatto-solo-cinque-fusti-di-vino-rosso-ma-i-bianchi-hanno-profumi-fantstici\/#primaryimage"},"thumbnailUrl":"https:\/\/www.kobler-margreid.com\/blog\/wp-content\/2018\/01\/2018-01-01_17-26-28.jpg","keywords":["Annata 2017","Erdraupen","Gelata invernale","Gelata primaverile","Grandine","Hagel","Jahrgang 2017","Nottue","Peronospora","Sp\u00e4tfrost","Winterfrost"],"articleSection":["Allgemein - Generale"],"inLanguage":"de","potentialAction":[{"@type":"CommentAction","name":"Comment","target":["https:\/\/www.kobler-margreid.com\/blog\/blog\/2018\/01\/04\/es-gibt-nur-fuenf-faesser-rotwein-aber-die-weissen-riechen-phantastisch-abbiamo-fatto-solo-cinque-fusti-di-vino-rosso-ma-i-bianchi-hanno-profumi-fantstici\/#respond"]}]},{"@type":"WebPage","@id":"https:\/\/www.kobler-margreid.com\/blog\/blog\/2018\/01\/04\/es-gibt-nur-fuenf-faesser-rotwein-aber-die-weissen-riechen-phantastisch-abbiamo-fatto-solo-cinque-fusti-di-vino-rosso-ma-i-bianchi-hanno-profumi-fantstici\/","url":"https:\/\/www.kobler-margreid.com\/blog\/blog\/2018\/01\/04\/es-gibt-nur-fuenf-faesser-rotwein-aber-die-weissen-riechen-phantastisch-abbiamo-fatto-solo-cinque-fusti-di-vino-rosso-ma-i-bianchi-hanno-profumi-fantstici\/","name":"Es gibt nur f\u00fcnf F\u00e4sser Rotwein aber die Wei\u00dfen riechen phantastisch \u2014 Abbiamo fatto solo cinque fusti di vino rosso ma i bianchi hanno profumi fantastici - weinhof KOBLER weblog","isPartOf":{"@id":"https:\/\/www.kobler-margreid.com\/blog\/#website"},"primaryImageOfPage":{"@id":"https:\/\/www.kobler-margreid.com\/blog\/blog\/2018\/01\/04\/es-gibt-nur-fuenf-faesser-rotwein-aber-die-weissen-riechen-phantastisch-abbiamo-fatto-solo-cinque-fusti-di-vino-rosso-ma-i-bianchi-hanno-profumi-fantstici\/#primaryimage"},"image":{"@id":"https:\/\/www.kobler-margreid.com\/blog\/blog\/2018\/01\/04\/es-gibt-nur-fuenf-faesser-rotwein-aber-die-weissen-riechen-phantastisch-abbiamo-fatto-solo-cinque-fusti-di-vino-rosso-ma-i-bianchi-hanno-profumi-fantstici\/#primaryimage"},"thumbnailUrl":"https:\/\/www.kobler-margreid.com\/blog\/wp-content\/2018\/01\/2018-01-01_17-26-28.jpg","datePublished":"2018-01-04T16:48:30+00:00","dateModified":"2019-02-25T23:06:51+00:00","breadcrumb":{"@id":"https:\/\/www.kobler-margreid.com\/blog\/blog\/2018\/01\/04\/es-gibt-nur-fuenf-faesser-rotwein-aber-die-weissen-riechen-phantastisch-abbiamo-fatto-solo-cinque-fusti-di-vino-rosso-ma-i-bianchi-hanno-profumi-fantstici\/#breadcrumb"},"inLanguage":"de","potentialAction":[{"@type":"ReadAction","target":["https:\/\/www.kobler-margreid.com\/blog\/blog\/2018\/01\/04\/es-gibt-nur-fuenf-faesser-rotwein-aber-die-weissen-riechen-phantastisch-abbiamo-fatto-solo-cinque-fusti-di-vino-rosso-ma-i-bianchi-hanno-profumi-fantstici\/"]}]},{"@type":"ImageObject","inLanguage":"de","@id":"https:\/\/www.kobler-margreid.com\/blog\/blog\/2018\/01\/04\/es-gibt-nur-fuenf-faesser-rotwein-aber-die-weissen-riechen-phantastisch-abbiamo-fatto-solo-cinque-fusti-di-vino-rosso-ma-i-bianchi-hanno-profumi-fantstici\/#primaryimage","url":"https:\/\/www.kobler-margreid.com\/blog\/wp-content\/2018\/01\/2018-01-01_17-26-28.jpg","contentUrl":"https:\/\/www.kobler-margreid.com\/blog\/wp-content\/2018\/01\/2018-01-01_17-26-28.jpg","width":1275,"height":998},{"@type":"BreadcrumbList","@id":"https:\/\/www.kobler-margreid.com\/blog\/blog\/2018\/01\/04\/es-gibt-nur-fuenf-faesser-rotwein-aber-die-weissen-riechen-phantastisch-abbiamo-fatto-solo-cinque-fusti-di-vino-rosso-ma-i-bianchi-hanno-profumi-fantstici\/#breadcrumb","itemListElement":[{"@type":"ListItem","position":1,"name":"Startseite","item":"https:\/\/www.kobler-margreid.com\/blog\/"},{"@type":"ListItem","position":2,"name":"Es gibt nur f\u00fcnf F\u00e4sser Rotwein aber die Wei\u00dfen riechen phantastisch \u2014 Abbiamo fatto solo cinque fusti di vino rosso ma i bianchi hanno profumi fantastici"}]},{"@type":"WebSite","@id":"https:\/\/www.kobler-margreid.com\/blog\/#website","url":"https:\/\/www.kobler-margreid.com\/blog\/","name":"weinhof KOBLER weblog","description":"dem wein ganz nah \u2013 all&#039;interno del vino","publisher":{"@id":"https:\/\/www.kobler-margreid.com\/blog\/#\/schema\/person\/6a2290c17f680f59c1fa7e1c7a36df3a"},"potentialAction":[{"@type":"SearchAction","target":{"@type":"EntryPoint","urlTemplate":"https:\/\/www.kobler-margreid.com\/blog\/?s={search_term_string}"},"query-input":{"@type":"PropertyValueSpecification","valueRequired":true,"valueName":"search_term_string"}}],"inLanguage":"de"},{"@type":["Person","Organization"],"@id":"https:\/\/www.kobler-margreid.com\/blog\/#\/schema\/person\/6a2290c17f680f59c1fa7e1c7a36df3a","name":"armin kobler","image":{"@type":"ImageObject","inLanguage":"de","@id":"https:\/\/www.kobler-margreid.com\/blog\/wp-content\/2023\/11\/2012-05-08_09-33-03a.jpg","url":"https:\/\/www.kobler-margreid.com\/blog\/wp-content\/2023\/11\/2012-05-08_09-33-03a.jpg","contentUrl":"https:\/\/www.kobler-margreid.com\/blog\/wp-content\/2023\/11\/2012-05-08_09-33-03a.jpg","width":1088,"height":1184,"caption":"armin kobler"},"logo":{"@id":"https:\/\/www.kobler-margreid.com\/blog\/wp-content\/2023\/11\/2012-05-08_09-33-03a.jpg"},"sameAs":["http:\/\/www.kobler-margreid.com","https:\/\/www.facebook.com\/armin.kobler\/"],"url":"https:\/\/www.kobler-margreid.com\/blog\/blog\/author\/admin\/"}]}},"_links":{"self":[{"href":"https:\/\/www.kobler-margreid.com\/blog\/wp-json\/wp\/v2\/posts\/14610","targetHints":{"allow":["GET"]}}],"collection":[{"href":"https:\/\/www.kobler-margreid.com\/blog\/wp-json\/wp\/v2\/posts"}],"about":[{"href":"https:\/\/www.kobler-margreid.com\/blog\/wp-json\/wp\/v2\/types\/post"}],"author":[{"embeddable":true,"href":"https:\/\/www.kobler-margreid.com\/blog\/wp-json\/wp\/v2\/users\/1"}],"replies":[{"embeddable":true,"href":"https:\/\/www.kobler-margreid.com\/blog\/wp-json\/wp\/v2\/comments?post=14610"}],"version-history":[{"count":0,"href":"https:\/\/www.kobler-margreid.com\/blog\/wp-json\/wp\/v2\/posts\/14610\/revisions"}],"wp:attachment":[{"href":"https:\/\/www.kobler-margreid.com\/blog\/wp-json\/wp\/v2\/media?parent=14610"}],"wp:term":[{"taxonomy":"category","embeddable":true,"href":"https:\/\/www.kobler-margreid.com\/blog\/wp-json\/wp\/v2\/categories?post=14610"},{"taxonomy":"post_tag","embeddable":true,"href":"https:\/\/www.kobler-margreid.com\/blog\/wp-json\/wp\/v2\/tags?post=14610"}],"curies":[{"name":"wp","href":"https:\/\/api.w.org\/{rel}","templated":true}]}}