{"id":14700,"date":"2018-03-31T08:00:02","date_gmt":"2018-03-31T06:00:02","guid":{"rendered":"http:\/\/www.kobler-margreid.com\/blog\/?p=14700"},"modified":"2019-02-26T11:09:19","modified_gmt":"2019-02-26T10:09:19","slug":"es-lebe-die-hefe-evviva-la-feccia","status":"publish","type":"post","link":"https:\/\/www.kobler-margreid.com\/blog\/blog\/2018\/03\/31\/es-lebe-die-hefe-evviva-la-feccia\/","title":{"rendered":"Es lebe die Hefe! \u2014 Evviva la feccia!"},"content":{"rendered":"<p><a href=\"http:\/\/www.kobler-margreid.com\/blog\/wp-content\/2018\/04\/2017-12-09_15-29-34.jpg\" rel=\"lightbox[14700]\"><img loading=\"lazy\" decoding=\"async\" class=\"wp-image-14717 aligncenter\" style=\"border: 0px; margin: -0px 0px 0px -0px;\" src=\"http:\/\/www.kobler-margreid.com\/blog\/wp-content\/2018\/04\/2017-12-09_15-29-34.jpg\" alt=\"\" width=\"530\" height=\"707\" srcset=\"https:\/\/www.kobler-margreid.com\/blog\/wp-content\/2018\/04\/2017-12-09_15-29-34.jpg 768w, https:\/\/www.kobler-margreid.com\/blog\/wp-content\/2018\/04\/2017-12-09_15-29-34-225x300.jpg 225w, https:\/\/www.kobler-margreid.com\/blog\/wp-content\/2018\/04\/2017-12-09_15-29-34-300x400.jpg 300w\" sizes=\"auto, (max-width: 530px) 100vw, 530px\" \/><\/a><\/p>\n<p>Es beginnen die Vorbereitungen auf das F\u00fcllen der 17er Wei\u00df- und Ros\u00e9weine und das hei\u00dft, dass ich mich von ihr trennen muss. Sie, das ist die Hefe, welche in verschiedener Form und mit diversen Aufgaben betraut, meine Weine seit den Moststadium bis jetzt nicht nur begleitet sondern eigentlich erst erm\u00f6glicht hat.&nbsp;Zu Beginn vergor sie den Zucker des Mostes zu Alkohol und setzte mit ihren Enzymen viele interessante Aromanoten und Geschmacksstoffe frei. Das ist ihr Hauptjob. Im Laufe der G\u00e4rung vermehrt sie sich, beginnt aber gegen Ende der Zuckerumwandlung abzusterben und zusammen mit anderen Trubbestandteilen auf den Boden zu sinken. Diese sehr dickfl\u00fcssige Masse nennt man das Gel\u00e4ger, in unserem Dialekt einfache nur \u201eLeger\u201c.<\/p>\n<p><em>Cominciano i preparativi per l&#8217;imbottigliamento dei bianchi e rosati dell&#8217;annata 2017 e ci\u00f2 significa che \u00e8 venuto il momento di separarmi da loro. Con loro<\/em><em>&nbsp;intendo i lieviti, che incaricate di diverse funzioni hanno seguito i miei vini dallo stadio di mosto in poi. Anzi, senza di loro non sarebbero neanche vini. All&#8217;inizio hanno trasformato lo zucchero in alcol e liberato con i loro enzimi molecole importanti per il gusto e l&#8217;olfatto. Questo \u00e8 il loro compito principale. Nel corso della fermentazione si moltiplicano, verso la sua fine per\u00f2 le prime cellule cominciano a morire ed insieme ad altre particelle di torbido cominciano a depositarsi sul fondo. Questa massa molto densa si chiama feccia.<\/em><\/p>\n<p><!--more-->Nachdem der Wein trocken ist, wird er das erste Mal abgezogen, d.h. durch das Pumpen in einen anderen Beh\u00e4lter bleibt das Gel\u00e4ger zur\u00fcck und nur jener Teil der Hefe, welcher noch in Schwebe ist, wird mitgenommen, die sogenannte Feinhefe. Wenn man es nicht eilig hat mit dem Ausbau der Weine, dann ist es zumeist vorteilhaft, diese erst zum Schluss abzutrennen. Zwischenzeitlich wird die Hefe aber immer wieder aufger\u00fchrt, um sie in Schwebe zu halten, was man auch mit dem franz\u00f6sischen Namen B\u00e2tonnage bezeichnet. Hefetr\u00fcber Wein ist weniger oxidationsanf\u00e4llig, d.h. man kann dadurch die Schwefelgaben etwas reduzieren und mit der Zeit setzt sie auch interessante Inhaltsstoffe, wie z.B. Mannoproteine frei. Diese reduzieren den Bentonitbedarf, haben aber auch einen positiven \u2014 wenn auch manchmal \u00fcberbewerteten \u2014&nbsp;Einfluss auf das Mundgef\u00fchl. Ist man der Meinung, dass die jeweilige Hefe noch mehr hergeben k\u00f6nnte, dann bel\u00e4sst man den Wein auf dem gesamten Gel\u00e4ger, man macht dann einen Vollhefeausbau.&nbsp;<\/p>\n<p><em>Dopodich\u00e9 il vino \u00e8 andato a secco si fa il primo travaso, cio\u00e8 pompando il vino in un altro serbatoio lo si separa dalla feccia grossolana. Si portano dietro solo i lieviti che in quel momento sono ancora in sospensione, la cosidd\u00e9tta&nbsp;feccia fine. Se non c&#8217;\u00e8 fretta nell&#8217;affinamento del vino \u00e8 consigliabile di solito toglierla soltanto prima dell&#8217;imbottigliamento. A questo scopo ad intervalli periodici si agita il liquido in modo di riportare di nuovo in sospensione&nbsp;le particelle depositate sul fondo. Questo si chiama derivante dal francese b\u00e2tonnage. Un vino torbido da feccia fine \u00e8 meno suscettibile all&#8217;ossidazione per cui si possona abbassare un po&#8216; le dosi di anidride solforosa. Inoltre le cellule di lievito liberano sostanze interessanti come per esempio le mannoproteine. Queste riducono il fabbisogno di bentonite oltre a migliorare le sensazioni gustative del vino, anche se quest&#8217;ultimo effetto viene spesso sovrastimato. Per esaltare gli effetti positivi citati qualcuno affina i suoi vini addirittura sulla feccia intera.<\/em><\/p>\n<p>Ein gesundes, frisches Gel\u00e4ger im Keller zu haben, hat aber auch noch andere Vorteile. G\u00e4rt im Herbst ein Wein sehr langsam oder droht sogar, im Zuckerabbau steckenzubleiben, hilft sehr oft ein altes Hausmittel: Man gibt das Gel\u00e4ger eines anderen Weines dazu, der zu diesem Zeitpunkt gerade abgezogen wird. Denn im Gel\u00e4ger befinden sich noch genug lebende, an den Alkoholgehalt gew\u00f6hnte Zellen, welche den verbliebenen Zuckerrest mit gro\u00dfer Wahrscheinlichkeit vollst\u00e4ndig verg\u00e4ren k\u00f6nnen. Auch hilft sie, mit ihrem Adsorptionspotential eventuell vorhandene Pflanzenschutzmittelr\u00fcckst\u00e4nde zu reduzieren und auch das Schwermetall Kupfer wird von ihr im Wein abgereichert. Ein weiterer wichtiger Verwendungszweck des Gel\u00e4gers ist die sogenannte Hefesch\u00f6nung. Funktioniert diese, erspart man sich das Auffahren schwererer Gesch\u00fctze: voriges Jahr hatte ich selbst einen Beh\u00e4lter, der ab einem gewissen Zeitpunkt einen st\u00f6renden Fehlgeruch aufwies, welcher aber nicht einordenbar war. Zum Gl\u00fcck hatte ich zu dem Zeitpunkt, im Februar, noch einen Wein auf seiner gesunden Vollhefe, noch dazu der gleichen Sorte. Ich mischte sie unter R\u00fchren zum unsauber riechenden Beh\u00e4lter und siehe da, nach einer Woche war das urspr\u00fcngliche, saubere Sortenaroma wieder da.&nbsp;<\/p>\n<p><em>Avere in cantina a portata di mano della feccia fresca ha inoltre altri vantaggi. Se in autunno un vino stenta ad andare a secco spesso aiuta un rimedio casalingo: aggiungere la feccia di una altro vino che ha appena terminato la sua fermentazione Questo perch\u00e9 quella feccia contiene ancora abbastanza cellule vive abituate all&#8217;alcol per concludere la trasformazione degli zuccheri. La feccia inoltre lega eventuali residui di fitofarmaci e diminuisce le concentrazioni nel vino finito del metallo pesante rame. Un ulteriore utilizzo proficuo della feccia \u00e8 il collaggio con essa. Se questo funziona non c&#8217;\u00e8 il bisogno di arrivare con i mezzi pesanti: infatti io stesso l&#8217;anno scorso avevo un serbatoi il cui vino manifestava ad un certo momento un odore non tanto buono che per\u00f2 non riuscivo a classificare. Per fortuna avevo allora, a febbraio, ancora un vino sulla feccia grossa, addirittura della stessa variet\u00e0. L&#8217;ho mescolata col vino del serbatoio che dava problemi e dopo una settimana l&#8217;odore strano era sparito, il fruttato tipico era di nuovo ritornato in primo piano.<\/em><\/p>\n<p>Nat\u00fcrlich birgt der Hefekontakt auch Gefahren. W\u00e4hrend ihre Zersetzung, auch als Autolyse bekannt, werden u.a. schwefelhaltige Substanzen frei. Treffen mehrere Umst\u00e4nde, welche oft kaum bis nicht vom Kellerwirt beeinflussbar sind, aufeinander, dann werden diese Stoffe negativ geruchlich bemerkbar. Von einer leichten Reduktion, welche mit einem Abzug an der Luft entfernbar ist bis zu einem B\u00f6ckser, der nur mehr mit einer Kupfer- oder Silbersch\u00f6nung zu beseitigen ist, kann alles dabei sein. Weine auf der Fein- und noch mehr auf der Vollhefe m\u00fcssen deshalb dauernd sensorisch &nbsp;kontrolliert werden und so bald sich eine beginnende Unsauberkeit abzeichnet, muss der Wein sofort vom Gel\u00e4ger abgetrennt werden.&nbsp;<\/p>\n<p><em>Ovviamente il contatto prolungato con la feccia comporta anche dei rischi. Infatti durante l&#8217;autolisi delle cellule vengono liberate anche delle sostanze solforate. In certe circostanze che solo in parte sono sotto la responsabilit\u00e0 del produttore e spesso sembrano anche casuali queste molecole cominciano a farsi sentire in modo negativo. Da una leggera riduzione che si toglie con un semplice travaso all&#8217;aria all&#8217;odore intenso di uova marce dovuto a mercaptani che si riesce a curare se mai solo con l&#8217;aggiunta di rame o addirittura argento ci pu\u00f2 essere di tutto. Perci\u00f2 i vini tenuti sulle fecce fini ed ancora di pi\u00f9 quelli sulla feccia totale devono venire controllati in continuazione ed appena che cominciano a &#8222;chiudersi&#8220; bisogna separare il vino tramite un travaso o una filtrazione.<\/em><\/p>\n<p>Wie man sieht, kann man die Bedeutung dieser einzelligen Pilze nicht hoch genug einsch\u00e4tzen. Der erfolgreiche Umgang damit erfordert aber Sorgfalt und Genauigkeit. Auch Erfahrung ist dienlich. Improvisation hingegen kann gerade bei diesem Thema allzu leicht den Schuss nach hinten losgehen lassen. Hat man es mit dem Weinausbau eilig, kann man die Weine nicht dauernd im Auge behalten oder hat man immer wieder Partien im Keller, welche b\u00f6ckseranf\u00e4llig sind, dann ist es wirklich besser, sich von der Hefe sofort nach dem Ende der G\u00e4rung und nicht erst jetzt zu verabschieden.<\/p>\n<p><em>Come si pu\u00f2 vedere, l&#8217;importanza di questi funghi monocellulari \u00e8 veramente considerevole. Adesso si capisce che per un enologo il termine feccia non \u00e8 per niente dispregiativo, anzi! Per utilizzarla con successo ci vuole per\u00f2 cura e precisione. Anche l&#8217;esperienza aiuta. Improvvisare a proposito \u00e8 invece troppo pericoloso e pu\u00f2 peggiorare la qualit\u00e0 invece di migliorarla. Se non si ha il tempo per affinare a lungo il vino o non si ha la possibilit\u00e0 di un monitoraggio frequente o perch\u00e9 le partite in cantina sono sensibili a riduzioni, allora \u00e8 veramente meglio separarsi dalla feccia molto presto, cio\u00e8 subito terminata la fermentazione.<\/em><\/p>\n","protected":false},"excerpt":{"rendered":"<p>Es beginnen die Vorbereitungen auf das F\u00fcllen der 17er Wei\u00df- und Ros\u00e9weine und das hei\u00dft, dass ich mich von ihr trennen muss. Sie, das ist die Hefe, welche in verschiedener Form und mit diversen Aufgaben betraut, meine Weine seit den &hellip; <a href=\"https:\/\/www.kobler-margreid.com\/blog\/blog\/2018\/03\/31\/es-lebe-die-hefe-evviva-la-feccia\/\">Weiterlesen <span class=\"meta-nav\">&rarr;<\/span><\/a><\/p>\n","protected":false},"author":6,"featured_media":0,"comment_status":"open","ping_status":"open","sticky":false,"template":"","format":"standard","meta":{"ngg_post_thumbnail":0,"footnotes":"","_links_to":"","_links_to_target":""},"categories":[15],"tags":[1588,1583,981,1582,971,1055,1581,1586,1056,1584,1585,1587],"class_list":["post-14700","post","type-post","status-publish","format-standard","hentry","category-keller","tag-argento","tag-boeckser","tag-feccia","tag-gelaeger","tag-hefe","tag-kupfer","tag-lievito","tag-mercaptani","tag-rame","tag-reduktion","tag-riduzione","tag-silber"],"yoast_head":"<!-- This site is optimized with the Yoast SEO plugin v27.5 - https:\/\/yoast.com\/product\/yoast-seo-wordpress\/ -->\n<title>Es lebe die Hefe! \u2014 Evviva la feccia! - weinhof KOBLER weblog<\/title>\n<meta name=\"robots\" content=\"index, follow, max-snippet:-1, max-image-preview:large, max-video-preview:-1\" \/>\n<link rel=\"canonical\" href=\"https:\/\/www.kobler-margreid.com\/blog\/blog\/2018\/03\/31\/es-lebe-die-hefe-evviva-la-feccia\/\" \/>\n<meta property=\"og:locale\" content=\"de_DE\" \/>\n<meta property=\"og:type\" content=\"article\" \/>\n<meta property=\"og:title\" content=\"Es lebe die Hefe! \u2014 Evviva la feccia! - weinhof KOBLER weblog\" \/>\n<meta property=\"og:description\" content=\"Es beginnen die Vorbereitungen auf das F\u00fcllen der 17er Wei\u00df- und Ros\u00e9weine und das hei\u00dft, dass ich mich von ihr trennen muss. Sie, das ist die Hefe, welche in verschiedener Form und mit diversen Aufgaben betraut, meine Weine seit den &hellip; Weiterlesen &rarr;\" \/>\n<meta property=\"og:url\" content=\"https:\/\/www.kobler-margreid.com\/blog\/blog\/2018\/03\/31\/es-lebe-die-hefe-evviva-la-feccia\/\" \/>\n<meta property=\"og:site_name\" content=\"weinhof KOBLER weblog\" \/>\n<meta property=\"article:publisher\" content=\"https:\/\/www.facebook.com\/armin.kobler\/\" \/>\n<meta property=\"article:published_time\" content=\"2018-03-31T06:00:02+00:00\" \/>\n<meta property=\"article:modified_time\" content=\"2019-02-26T10:09:19+00:00\" \/>\n<meta property=\"og:image\" content=\"http:\/\/www.kobler-margreid.com\/blog\/wp-content\/2018\/04\/2017-12-09_15-29-34.jpg\" \/>\n<meta name=\"author\" content=\"armin kobler\" \/>\n<meta name=\"twitter:card\" content=\"summary_large_image\" \/>\n<meta name=\"twitter:label1\" content=\"Verfasst von\" \/>\n\t<meta name=\"twitter:data1\" content=\"armin kobler\" \/>\n\t<meta name=\"twitter:label2\" content=\"Gesch\u00e4tzte Lesezeit\" \/>\n\t<meta name=\"twitter:data2\" content=\"7\u00a0Minuten\" \/>\n<script type=\"application\/ld+json\" class=\"yoast-schema-graph\">{\"@context\":\"https:\\\/\\\/schema.org\",\"@graph\":[{\"@type\":\"Article\",\"@id\":\"https:\\\/\\\/www.kobler-margreid.com\\\/blog\\\/blog\\\/2018\\\/03\\\/31\\\/es-lebe-die-hefe-evviva-la-feccia\\\/#article\",\"isPartOf\":{\"@id\":\"https:\\\/\\\/www.kobler-margreid.com\\\/blog\\\/blog\\\/2018\\\/03\\\/31\\\/es-lebe-die-hefe-evviva-la-feccia\\\/\"},\"author\":{\"name\":\"armin kobler\",\"@id\":\"https:\\\/\\\/www.kobler-margreid.com\\\/blog\\\/#\\\/schema\\\/person\\\/fcca96145437484793adb0529dc48706\"},\"headline\":\"Es lebe die Hefe! \u2014 Evviva la feccia!\",\"datePublished\":\"2018-03-31T06:00:02+00:00\",\"dateModified\":\"2019-02-26T10:09:19+00:00\",\"mainEntityOfPage\":{\"@id\":\"https:\\\/\\\/www.kobler-margreid.com\\\/blog\\\/blog\\\/2018\\\/03\\\/31\\\/es-lebe-die-hefe-evviva-la-feccia\\\/\"},\"wordCount\":1370,\"commentCount\":0,\"publisher\":{\"@id\":\"https:\\\/\\\/www.kobler-margreid.com\\\/blog\\\/#\\\/schema\\\/person\\\/6a2290c17f680f59c1fa7e1c7a36df3a\"},\"image\":{\"@id\":\"https:\\\/\\\/www.kobler-margreid.com\\\/blog\\\/blog\\\/2018\\\/03\\\/31\\\/es-lebe-die-hefe-evviva-la-feccia\\\/#primaryimage\"},\"thumbnailUrl\":\"http:\\\/\\\/www.kobler-margreid.com\\\/blog\\\/wp-content\\\/2018\\\/04\\\/2017-12-09_15-29-34.jpg\",\"keywords\":[\"Argento\",\"B\u00f6ckser\",\"Feccia\",\"Gel\u00e4ger\",\"Hefe\",\"Kupfer\",\"Lievito\",\"Mercaptani\",\"Rame\",\"Reduktion\",\"Riduzione\",\"Silber\"],\"articleSection\":[\"Keller - Cantina\"],\"inLanguage\":\"de\",\"potentialAction\":[{\"@type\":\"CommentAction\",\"name\":\"Comment\",\"target\":[\"https:\\\/\\\/www.kobler-margreid.com\\\/blog\\\/blog\\\/2018\\\/03\\\/31\\\/es-lebe-die-hefe-evviva-la-feccia\\\/#respond\"]}]},{\"@type\":\"WebPage\",\"@id\":\"https:\\\/\\\/www.kobler-margreid.com\\\/blog\\\/blog\\\/2018\\\/03\\\/31\\\/es-lebe-die-hefe-evviva-la-feccia\\\/\",\"url\":\"https:\\\/\\\/www.kobler-margreid.com\\\/blog\\\/blog\\\/2018\\\/03\\\/31\\\/es-lebe-die-hefe-evviva-la-feccia\\\/\",\"name\":\"Es lebe die Hefe! \u2014 Evviva la feccia! - weinhof KOBLER weblog\",\"isPartOf\":{\"@id\":\"https:\\\/\\\/www.kobler-margreid.com\\\/blog\\\/#website\"},\"primaryImageOfPage\":{\"@id\":\"https:\\\/\\\/www.kobler-margreid.com\\\/blog\\\/blog\\\/2018\\\/03\\\/31\\\/es-lebe-die-hefe-evviva-la-feccia\\\/#primaryimage\"},\"image\":{\"@id\":\"https:\\\/\\\/www.kobler-margreid.com\\\/blog\\\/blog\\\/2018\\\/03\\\/31\\\/es-lebe-die-hefe-evviva-la-feccia\\\/#primaryimage\"},\"thumbnailUrl\":\"http:\\\/\\\/www.kobler-margreid.com\\\/blog\\\/wp-content\\\/2018\\\/04\\\/2017-12-09_15-29-34.jpg\",\"datePublished\":\"2018-03-31T06:00:02+00:00\",\"dateModified\":\"2019-02-26T10:09:19+00:00\",\"breadcrumb\":{\"@id\":\"https:\\\/\\\/www.kobler-margreid.com\\\/blog\\\/blog\\\/2018\\\/03\\\/31\\\/es-lebe-die-hefe-evviva-la-feccia\\\/#breadcrumb\"},\"inLanguage\":\"de\",\"potentialAction\":[{\"@type\":\"ReadAction\",\"target\":[\"https:\\\/\\\/www.kobler-margreid.com\\\/blog\\\/blog\\\/2018\\\/03\\\/31\\\/es-lebe-die-hefe-evviva-la-feccia\\\/\"]}]},{\"@type\":\"ImageObject\",\"inLanguage\":\"de\",\"@id\":\"https:\\\/\\\/www.kobler-margreid.com\\\/blog\\\/blog\\\/2018\\\/03\\\/31\\\/es-lebe-die-hefe-evviva-la-feccia\\\/#primaryimage\",\"url\":\"http:\\\/\\\/www.kobler-margreid.com\\\/blog\\\/wp-content\\\/2018\\\/04\\\/2017-12-09_15-29-34.jpg\",\"contentUrl\":\"http:\\\/\\\/www.kobler-margreid.com\\\/blog\\\/wp-content\\\/2018\\\/04\\\/2017-12-09_15-29-34.jpg\"},{\"@type\":\"BreadcrumbList\",\"@id\":\"https:\\\/\\\/www.kobler-margreid.com\\\/blog\\\/blog\\\/2018\\\/03\\\/31\\\/es-lebe-die-hefe-evviva-la-feccia\\\/#breadcrumb\",\"itemListElement\":[{\"@type\":\"ListItem\",\"position\":1,\"name\":\"Startseite\",\"item\":\"https:\\\/\\\/www.kobler-margreid.com\\\/blog\\\/\"},{\"@type\":\"ListItem\",\"position\":2,\"name\":\"Es lebe die Hefe! \u2014 Evviva la feccia!\"}]},{\"@type\":\"WebSite\",\"@id\":\"https:\\\/\\\/www.kobler-margreid.com\\\/blog\\\/#website\",\"url\":\"https:\\\/\\\/www.kobler-margreid.com\\\/blog\\\/\",\"name\":\"weinhof KOBLER weblog\",\"description\":\"dem wein ganz nah \u2013 all&#039;interno del vino\",\"publisher\":{\"@id\":\"https:\\\/\\\/www.kobler-margreid.com\\\/blog\\\/#\\\/schema\\\/person\\\/6a2290c17f680f59c1fa7e1c7a36df3a\"},\"potentialAction\":[{\"@type\":\"SearchAction\",\"target\":{\"@type\":\"EntryPoint\",\"urlTemplate\":\"https:\\\/\\\/www.kobler-margreid.com\\\/blog\\\/?s={search_term_string}\"},\"query-input\":{\"@type\":\"PropertyValueSpecification\",\"valueRequired\":true,\"valueName\":\"search_term_string\"}}],\"inLanguage\":\"de\"},{\"@type\":[\"Person\",\"Organization\"],\"@id\":\"https:\\\/\\\/www.kobler-margreid.com\\\/blog\\\/#\\\/schema\\\/person\\\/6a2290c17f680f59c1fa7e1c7a36df3a\",\"name\":\"armin kobler\",\"image\":{\"@type\":\"ImageObject\",\"inLanguage\":\"de\",\"@id\":\"https:\\\/\\\/www.kobler-margreid.com\\\/blog\\\/wp-content\\\/2023\\\/11\\\/2012-05-08_09-33-03a.jpg\",\"url\":\"https:\\\/\\\/www.kobler-margreid.com\\\/blog\\\/wp-content\\\/2023\\\/11\\\/2012-05-08_09-33-03a.jpg\",\"contentUrl\":\"https:\\\/\\\/www.kobler-margreid.com\\\/blog\\\/wp-content\\\/2023\\\/11\\\/2012-05-08_09-33-03a.jpg\",\"width\":1088,\"height\":1184,\"caption\":\"armin kobler\"},\"logo\":{\"@id\":\"https:\\\/\\\/www.kobler-margreid.com\\\/blog\\\/wp-content\\\/2023\\\/11\\\/2012-05-08_09-33-03a.jpg\"},\"sameAs\":[\"http:\\\/\\\/www.kobler-margreid.com\",\"https:\\\/\\\/www.facebook.com\\\/armin.kobler\\\/\"]},{\"@type\":\"Person\",\"@id\":\"https:\\\/\\\/www.kobler-margreid.com\\\/blog\\\/#\\\/schema\\\/person\\\/fcca96145437484793adb0529dc48706\",\"name\":\"armin kobler\",\"image\":{\"@type\":\"ImageObject\",\"inLanguage\":\"de\",\"@id\":\"https:\\\/\\\/secure.gravatar.com\\\/avatar\\\/7ed75d18f117c58598b89fcf3ec9fda3311f3fbda827ac1502944a0804d87b7f?s=96&d=mm&r=g\",\"url\":\"https:\\\/\\\/secure.gravatar.com\\\/avatar\\\/7ed75d18f117c58598b89fcf3ec9fda3311f3fbda827ac1502944a0804d87b7f?s=96&d=mm&r=g\",\"contentUrl\":\"https:\\\/\\\/secure.gravatar.com\\\/avatar\\\/7ed75d18f117c58598b89fcf3ec9fda3311f3fbda827ac1502944a0804d87b7f?s=96&d=mm&r=g\",\"caption\":\"armin kobler\"},\"sameAs\":[\"http:\\\/\\\/\"],\"url\":\"https:\\\/\\\/www.kobler-margreid.com\\\/blog\\\/blog\\\/author\\\/armin-kobler\\\/\"}]}<\/script>\n<!-- \/ Yoast SEO plugin. -->","yoast_head_json":{"title":"Es lebe die Hefe! \u2014 Evviva la feccia! - weinhof KOBLER weblog","robots":{"index":"index","follow":"follow","max-snippet":"max-snippet:-1","max-image-preview":"max-image-preview:large","max-video-preview":"max-video-preview:-1"},"canonical":"https:\/\/www.kobler-margreid.com\/blog\/blog\/2018\/03\/31\/es-lebe-die-hefe-evviva-la-feccia\/","og_locale":"de_DE","og_type":"article","og_title":"Es lebe die Hefe! \u2014 Evviva la feccia! - weinhof KOBLER weblog","og_description":"Es beginnen die Vorbereitungen auf das F\u00fcllen der 17er Wei\u00df- und Ros\u00e9weine und das hei\u00dft, dass ich mich von ihr trennen muss. Sie, das ist die Hefe, welche in verschiedener Form und mit diversen Aufgaben betraut, meine Weine seit den &hellip; Weiterlesen &rarr;","og_url":"https:\/\/www.kobler-margreid.com\/blog\/blog\/2018\/03\/31\/es-lebe-die-hefe-evviva-la-feccia\/","og_site_name":"weinhof KOBLER weblog","article_publisher":"https:\/\/www.facebook.com\/armin.kobler\/","article_published_time":"2018-03-31T06:00:02+00:00","article_modified_time":"2019-02-26T10:09:19+00:00","og_image":[{"url":"http:\/\/www.kobler-margreid.com\/blog\/wp-content\/2018\/04\/2017-12-09_15-29-34.jpg","type":"","width":"","height":""}],"author":"armin kobler","twitter_card":"summary_large_image","twitter_misc":{"Verfasst von":"armin kobler","Gesch\u00e4tzte Lesezeit":"7\u00a0Minuten"},"schema":{"@context":"https:\/\/schema.org","@graph":[{"@type":"Article","@id":"https:\/\/www.kobler-margreid.com\/blog\/blog\/2018\/03\/31\/es-lebe-die-hefe-evviva-la-feccia\/#article","isPartOf":{"@id":"https:\/\/www.kobler-margreid.com\/blog\/blog\/2018\/03\/31\/es-lebe-die-hefe-evviva-la-feccia\/"},"author":{"name":"armin kobler","@id":"https:\/\/www.kobler-margreid.com\/blog\/#\/schema\/person\/fcca96145437484793adb0529dc48706"},"headline":"Es lebe die Hefe! \u2014 Evviva la feccia!","datePublished":"2018-03-31T06:00:02+00:00","dateModified":"2019-02-26T10:09:19+00:00","mainEntityOfPage":{"@id":"https:\/\/www.kobler-margreid.com\/blog\/blog\/2018\/03\/31\/es-lebe-die-hefe-evviva-la-feccia\/"},"wordCount":1370,"commentCount":0,"publisher":{"@id":"https:\/\/www.kobler-margreid.com\/blog\/#\/schema\/person\/6a2290c17f680f59c1fa7e1c7a36df3a"},"image":{"@id":"https:\/\/www.kobler-margreid.com\/blog\/blog\/2018\/03\/31\/es-lebe-die-hefe-evviva-la-feccia\/#primaryimage"},"thumbnailUrl":"http:\/\/www.kobler-margreid.com\/blog\/wp-content\/2018\/04\/2017-12-09_15-29-34.jpg","keywords":["Argento","B\u00f6ckser","Feccia","Gel\u00e4ger","Hefe","Kupfer","Lievito","Mercaptani","Rame","Reduktion","Riduzione","Silber"],"articleSection":["Keller - Cantina"],"inLanguage":"de","potentialAction":[{"@type":"CommentAction","name":"Comment","target":["https:\/\/www.kobler-margreid.com\/blog\/blog\/2018\/03\/31\/es-lebe-die-hefe-evviva-la-feccia\/#respond"]}]},{"@type":"WebPage","@id":"https:\/\/www.kobler-margreid.com\/blog\/blog\/2018\/03\/31\/es-lebe-die-hefe-evviva-la-feccia\/","url":"https:\/\/www.kobler-margreid.com\/blog\/blog\/2018\/03\/31\/es-lebe-die-hefe-evviva-la-feccia\/","name":"Es lebe die Hefe! \u2014 Evviva la feccia! - weinhof KOBLER weblog","isPartOf":{"@id":"https:\/\/www.kobler-margreid.com\/blog\/#website"},"primaryImageOfPage":{"@id":"https:\/\/www.kobler-margreid.com\/blog\/blog\/2018\/03\/31\/es-lebe-die-hefe-evviva-la-feccia\/#primaryimage"},"image":{"@id":"https:\/\/www.kobler-margreid.com\/blog\/blog\/2018\/03\/31\/es-lebe-die-hefe-evviva-la-feccia\/#primaryimage"},"thumbnailUrl":"http:\/\/www.kobler-margreid.com\/blog\/wp-content\/2018\/04\/2017-12-09_15-29-34.jpg","datePublished":"2018-03-31T06:00:02+00:00","dateModified":"2019-02-26T10:09:19+00:00","breadcrumb":{"@id":"https:\/\/www.kobler-margreid.com\/blog\/blog\/2018\/03\/31\/es-lebe-die-hefe-evviva-la-feccia\/#breadcrumb"},"inLanguage":"de","potentialAction":[{"@type":"ReadAction","target":["https:\/\/www.kobler-margreid.com\/blog\/blog\/2018\/03\/31\/es-lebe-die-hefe-evviva-la-feccia\/"]}]},{"@type":"ImageObject","inLanguage":"de","@id":"https:\/\/www.kobler-margreid.com\/blog\/blog\/2018\/03\/31\/es-lebe-die-hefe-evviva-la-feccia\/#primaryimage","url":"http:\/\/www.kobler-margreid.com\/blog\/wp-content\/2018\/04\/2017-12-09_15-29-34.jpg","contentUrl":"http:\/\/www.kobler-margreid.com\/blog\/wp-content\/2018\/04\/2017-12-09_15-29-34.jpg"},{"@type":"BreadcrumbList","@id":"https:\/\/www.kobler-margreid.com\/blog\/blog\/2018\/03\/31\/es-lebe-die-hefe-evviva-la-feccia\/#breadcrumb","itemListElement":[{"@type":"ListItem","position":1,"name":"Startseite","item":"https:\/\/www.kobler-margreid.com\/blog\/"},{"@type":"ListItem","position":2,"name":"Es lebe die Hefe! \u2014 Evviva la feccia!"}]},{"@type":"WebSite","@id":"https:\/\/www.kobler-margreid.com\/blog\/#website","url":"https:\/\/www.kobler-margreid.com\/blog\/","name":"weinhof KOBLER weblog","description":"dem wein ganz nah \u2013 all&#039;interno del vino","publisher":{"@id":"https:\/\/www.kobler-margreid.com\/blog\/#\/schema\/person\/6a2290c17f680f59c1fa7e1c7a36df3a"},"potentialAction":[{"@type":"SearchAction","target":{"@type":"EntryPoint","urlTemplate":"https:\/\/www.kobler-margreid.com\/blog\/?s={search_term_string}"},"query-input":{"@type":"PropertyValueSpecification","valueRequired":true,"valueName":"search_term_string"}}],"inLanguage":"de"},{"@type":["Person","Organization"],"@id":"https:\/\/www.kobler-margreid.com\/blog\/#\/schema\/person\/6a2290c17f680f59c1fa7e1c7a36df3a","name":"armin kobler","image":{"@type":"ImageObject","inLanguage":"de","@id":"https:\/\/www.kobler-margreid.com\/blog\/wp-content\/2023\/11\/2012-05-08_09-33-03a.jpg","url":"https:\/\/www.kobler-margreid.com\/blog\/wp-content\/2023\/11\/2012-05-08_09-33-03a.jpg","contentUrl":"https:\/\/www.kobler-margreid.com\/blog\/wp-content\/2023\/11\/2012-05-08_09-33-03a.jpg","width":1088,"height":1184,"caption":"armin kobler"},"logo":{"@id":"https:\/\/www.kobler-margreid.com\/blog\/wp-content\/2023\/11\/2012-05-08_09-33-03a.jpg"},"sameAs":["http:\/\/www.kobler-margreid.com","https:\/\/www.facebook.com\/armin.kobler\/"]},{"@type":"Person","@id":"https:\/\/www.kobler-margreid.com\/blog\/#\/schema\/person\/fcca96145437484793adb0529dc48706","name":"armin kobler","image":{"@type":"ImageObject","inLanguage":"de","@id":"https:\/\/secure.gravatar.com\/avatar\/7ed75d18f117c58598b89fcf3ec9fda3311f3fbda827ac1502944a0804d87b7f?s=96&d=mm&r=g","url":"https:\/\/secure.gravatar.com\/avatar\/7ed75d18f117c58598b89fcf3ec9fda3311f3fbda827ac1502944a0804d87b7f?s=96&d=mm&r=g","contentUrl":"https:\/\/secure.gravatar.com\/avatar\/7ed75d18f117c58598b89fcf3ec9fda3311f3fbda827ac1502944a0804d87b7f?s=96&d=mm&r=g","caption":"armin kobler"},"sameAs":["http:\/\/"],"url":"https:\/\/www.kobler-margreid.com\/blog\/blog\/author\/armin-kobler\/"}]}},"_links":{"self":[{"href":"https:\/\/www.kobler-margreid.com\/blog\/wp-json\/wp\/v2\/posts\/14700","targetHints":{"allow":["GET"]}}],"collection":[{"href":"https:\/\/www.kobler-margreid.com\/blog\/wp-json\/wp\/v2\/posts"}],"about":[{"href":"https:\/\/www.kobler-margreid.com\/blog\/wp-json\/wp\/v2\/types\/post"}],"author":[{"embeddable":true,"href":"https:\/\/www.kobler-margreid.com\/blog\/wp-json\/wp\/v2\/users\/6"}],"replies":[{"embeddable":true,"href":"https:\/\/www.kobler-margreid.com\/blog\/wp-json\/wp\/v2\/comments?post=14700"}],"version-history":[{"count":0,"href":"https:\/\/www.kobler-margreid.com\/blog\/wp-json\/wp\/v2\/posts\/14700\/revisions"}],"wp:attachment":[{"href":"https:\/\/www.kobler-margreid.com\/blog\/wp-json\/wp\/v2\/media?parent=14700"}],"wp:term":[{"taxonomy":"category","embeddable":true,"href":"https:\/\/www.kobler-margreid.com\/blog\/wp-json\/wp\/v2\/categories?post=14700"},{"taxonomy":"post_tag","embeddable":true,"href":"https:\/\/www.kobler-margreid.com\/blog\/wp-json\/wp\/v2\/tags?post=14700"}],"curies":[{"name":"wp","href":"https:\/\/api.w.org\/{rel}","templated":true}]}}