{"id":1526,"date":"2009-03-30T11:04:03","date_gmt":"2009-03-30T10:04:03","guid":{"rendered":"http:\/\/www.kobler-margreid.com\/blog\/?p=1526"},"modified":"2009-04-02T21:18:25","modified_gmt":"2009-04-02T20:18:25","slug":"die-mandeln-bluhen-und-die-reben-weinen-il-mandorli-fioriscono-e-le-viti-piangono","status":"publish","type":"post","link":"https:\/\/www.kobler-margreid.com\/blog\/blog\/2009\/03\/30\/die-mandeln-bluhen-und-die-reben-weinen-il-mandorli-fioriscono-e-le-viti-piangono\/","title":{"rendered":"Die Mandeln bl\u00fchen und die Reben weinen &#8211; I mandorli fioriscono e le viti piangono"},"content":{"rendered":"<p><a href=\"http:\/\/www.kobler-margreid.com\/blog\/wp-content\/2009\/03\/2009-03-30_09-22-29.jpg\" rel=\"lightbox[1526]\"><img loading=\"lazy\" decoding=\"async\" class=\"float left alignleft size-full wp-image-1528\" style=\"border: 0pt none; margin: 0px 5px;\" title=\"2009-03-30_09-22-29\" src=\"http:\/\/www.kobler-margreid.com\/blog\/wp-content\/imagescaler\/94027c6f0eec047064066ab4ba8e5636.jpg\" alt=\"2009-03-30_09-22-29\" width=\"344\" height=\"252\" \/><\/a>Zu Josefi (19. M\u00e4rz) bl\u00fchen die Mandelb\u00e4ume, sagte immer meine Mutter, deren Erinnerungen nicht so sehr von den klimagewandelten Jahren gepr\u00e4gt waren. Unserer ist immer eine Woche sp\u00e4ter als die anderen in der Umgebung dran, der Vegetationsbeginn befindet sich momentan also durchaus im langj\u00e4hrigen Durchschnitt. Dass die Reben momentan stark weinen ist auch normal. Genauso, dass es zu dieser Zeit unter 1.000 Meter Seeh\u00f6he herunterschneien kann (im Bildhintergrund die verschneiten W\u00e4lder von Gfrill).<\/p>\n<p><em>A San Giuseppe (19 marzo) fioriscono i <\/em><em>mandorli<\/em><em>, diceva sempre mia mamma i cui ricordi non erano ancora influenzati dalle annate del cambiamento climatico. Il nostro albero \u00e8 sempre indietro di una settimana rispetto agli altri per cui sembra che l&#8217;inizio della vegetazione sia nella media pluriennale. Che le viti piangano fortemente in queste settimane \u00e8 anche normale. Cos\u00ec come il fatto che <\/em><em>le nevicate <\/em><em>in questo periodo possono scendere anche sotto i 1.000 metri di altitudine (sullo sfondo i boschi innevati di Gfrill\/Cauria).<\/em><\/p>\n<p><a href=\"http:\/\/www.kobler-margreid.com\/blog\/wp-content\/2009\/03\/2009-03-30_09-21-22.jpg\" rel=\"lightbox[1526]\"><img loading=\"lazy\" decoding=\"async\" class=\"float left alignleft size-full wp-image-1533\" style=\"border: 0pt none; margin: 0px 5px;\" title=\"2009-03-30_09-21-22\" src=\"http:\/\/www.kobler-margreid.com\/blog\/wp-content\/2009\/03\/2009-03-30_09-21-22.jpg\" alt=\"2009-03-30_09-21-22\" width=\"272\" height=\"265\" srcset=\"https:\/\/www.kobler-margreid.com\/blog\/wp-content\/2009\/03\/2009-03-30_09-21-22.jpg 600w, https:\/\/www.kobler-margreid.com\/blog\/wp-content\/2009\/03\/2009-03-30_09-21-22-300x292.jpg 300w\" sizes=\"auto, (max-width: 272px) 100vw, 272px\" \/><\/a><\/p>\n","protected":false},"excerpt":{"rendered":"<p>Zu Josefi (19. M\u00e4rz) bl\u00fchen die Mandelb\u00e4ume, sagte immer meine Mutter, deren Erinnerungen nicht so sehr von den klimagewandelten Jahren gepr\u00e4gt waren. Unserer ist immer eine Woche sp\u00e4ter als die anderen in der Umgebung dran, der Vegetationsbeginn befindet sich momentan &hellip; <a href=\"https:\/\/www.kobler-margreid.com\/blog\/blog\/2009\/03\/30\/die-mandeln-bluhen-und-die-reben-weinen-il-mandorli-fioriscono-e-le-viti-piangono\/\">Weiterlesen <span class=\"meta-nav\">&rarr;<\/span><\/a><\/p>\n","protected":false},"author":6,"featured_media":0,"comment_status":"open","ping_status":"open","sticky":false,"template":"","format":"standard","meta":{"ngg_post_thumbnail":0,"footnotes":"","_links_to":"","_links_to_target":""},"categories":[14],"tags":[352,353,355,354],"class_list":["post-1526","post","type-post","status-publish","format-standard","hentry","category-weingarten","tag-mandelbaum","tag-mandorlo","tag-pianto-delle-viti","tag-rebweinen"],"yoast_head":"<!-- This site is optimized with the Yoast SEO plugin v27.5 - https:\/\/yoast.com\/product\/yoast-seo-wordpress\/ -->\n<title>Die Mandeln bl\u00fchen und die Reben weinen - I mandorli fioriscono e le viti piangono - weinhof KOBLER weblog<\/title>\n<meta name=\"robots\" content=\"index, follow, max-snippet:-1, max-image-preview:large, max-video-preview:-1\" \/>\n<link rel=\"canonical\" href=\"https:\/\/www.kobler-margreid.com\/blog\/blog\/2009\/03\/30\/die-mandeln-bluhen-und-die-reben-weinen-il-mandorli-fioriscono-e-le-viti-piangono\/\" \/>\n<meta property=\"og:locale\" content=\"de_DE\" \/>\n<meta property=\"og:type\" content=\"article\" \/>\n<meta property=\"og:title\" content=\"Die Mandeln bl\u00fchen und die Reben weinen - I mandorli fioriscono e le viti piangono - weinhof KOBLER weblog\" \/>\n<meta property=\"og:description\" content=\"Zu Josefi (19. M\u00e4rz) bl\u00fchen die Mandelb\u00e4ume, sagte immer meine Mutter, deren Erinnerungen nicht so sehr von den klimagewandelten Jahren gepr\u00e4gt waren. Unserer ist immer eine Woche sp\u00e4ter als die anderen in der Umgebung dran, der Vegetationsbeginn befindet sich momentan &hellip; Weiterlesen &rarr;\" \/>\n<meta property=\"og:url\" content=\"https:\/\/www.kobler-margreid.com\/blog\/blog\/2009\/03\/30\/die-mandeln-bluhen-und-die-reben-weinen-il-mandorli-fioriscono-e-le-viti-piangono\/\" \/>\n<meta property=\"og:site_name\" content=\"weinhof KOBLER weblog\" \/>\n<meta property=\"article:publisher\" content=\"https:\/\/www.facebook.com\/armin.kobler\/\" \/>\n<meta property=\"article:published_time\" content=\"2009-03-30T10:04:03+00:00\" \/>\n<meta property=\"article:modified_time\" content=\"2009-04-02T20:18:25+00:00\" \/>\n<meta property=\"og:image\" content=\"http:\/\/www.kobler-margreid.com\/blog\/wp-content\/imagescaler\/94027c6f0eec047064066ab4ba8e5636.jpg\" \/>\n<meta name=\"author\" content=\"armin kobler\" \/>\n<meta name=\"twitter:card\" content=\"summary_large_image\" \/>\n<meta name=\"twitter:label1\" content=\"Verfasst von\" \/>\n\t<meta name=\"twitter:data1\" content=\"armin kobler\" \/>\n\t<meta name=\"twitter:label2\" content=\"Gesch\u00e4tzte Lesezeit\" \/>\n\t<meta name=\"twitter:data2\" content=\"1\u00a0Minute\" \/>\n<script type=\"application\/ld+json\" class=\"yoast-schema-graph\">{\"@context\":\"https:\\\/\\\/schema.org\",\"@graph\":[{\"@type\":\"Article\",\"@id\":\"https:\\\/\\\/www.kobler-margreid.com\\\/blog\\\/blog\\\/2009\\\/03\\\/30\\\/die-mandeln-bluhen-und-die-reben-weinen-il-mandorli-fioriscono-e-le-viti-piangono\\\/#article\",\"isPartOf\":{\"@id\":\"https:\\\/\\\/www.kobler-margreid.com\\\/blog\\\/blog\\\/2009\\\/03\\\/30\\\/die-mandeln-bluhen-und-die-reben-weinen-il-mandorli-fioriscono-e-le-viti-piangono\\\/\"},\"author\":{\"name\":\"armin kobler\",\"@id\":\"https:\\\/\\\/www.kobler-margreid.com\\\/blog\\\/#\\\/schema\\\/person\\\/fcca96145437484793adb0529dc48706\"},\"headline\":\"Die Mandeln bl\u00fchen und die Reben weinen &#8211; I mandorli fioriscono e le viti piangono\",\"datePublished\":\"2009-03-30T10:04:03+00:00\",\"dateModified\":\"2009-04-02T20:18:25+00:00\",\"mainEntityOfPage\":{\"@id\":\"https:\\\/\\\/www.kobler-margreid.com\\\/blog\\\/blog\\\/2009\\\/03\\\/30\\\/die-mandeln-bluhen-und-die-reben-weinen-il-mandorli-fioriscono-e-le-viti-piangono\\\/\"},\"wordCount\":176,\"commentCount\":0,\"publisher\":{\"@id\":\"https:\\\/\\\/www.kobler-margreid.com\\\/blog\\\/#\\\/schema\\\/person\\\/6a2290c17f680f59c1fa7e1c7a36df3a\"},\"image\":{\"@id\":\"https:\\\/\\\/www.kobler-margreid.com\\\/blog\\\/blog\\\/2009\\\/03\\\/30\\\/die-mandeln-bluhen-und-die-reben-weinen-il-mandorli-fioriscono-e-le-viti-piangono\\\/#primaryimage\"},\"thumbnailUrl\":\"http:\\\/\\\/www.kobler-margreid.com\\\/blog\\\/wp-content\\\/imagescaler\\\/94027c6f0eec047064066ab4ba8e5636.jpg\",\"keywords\":[\"Mandelbaum\",\"Mandorlo\",\"Pianto delle viti\",\"Rebweinen\"],\"articleSection\":[\"Weingarten - Vigneto\"],\"inLanguage\":\"de\",\"potentialAction\":[{\"@type\":\"CommentAction\",\"name\":\"Comment\",\"target\":[\"https:\\\/\\\/www.kobler-margreid.com\\\/blog\\\/blog\\\/2009\\\/03\\\/30\\\/die-mandeln-bluhen-und-die-reben-weinen-il-mandorli-fioriscono-e-le-viti-piangono\\\/#respond\"]}]},{\"@type\":\"WebPage\",\"@id\":\"https:\\\/\\\/www.kobler-margreid.com\\\/blog\\\/blog\\\/2009\\\/03\\\/30\\\/die-mandeln-bluhen-und-die-reben-weinen-il-mandorli-fioriscono-e-le-viti-piangono\\\/\",\"url\":\"https:\\\/\\\/www.kobler-margreid.com\\\/blog\\\/blog\\\/2009\\\/03\\\/30\\\/die-mandeln-bluhen-und-die-reben-weinen-il-mandorli-fioriscono-e-le-viti-piangono\\\/\",\"name\":\"Die Mandeln bl\u00fchen und die Reben weinen - I mandorli fioriscono e le viti piangono - weinhof KOBLER weblog\",\"isPartOf\":{\"@id\":\"https:\\\/\\\/www.kobler-margreid.com\\\/blog\\\/#website\"},\"primaryImageOfPage\":{\"@id\":\"https:\\\/\\\/www.kobler-margreid.com\\\/blog\\\/blog\\\/2009\\\/03\\\/30\\\/die-mandeln-bluhen-und-die-reben-weinen-il-mandorli-fioriscono-e-le-viti-piangono\\\/#primaryimage\"},\"image\":{\"@id\":\"https:\\\/\\\/www.kobler-margreid.com\\\/blog\\\/blog\\\/2009\\\/03\\\/30\\\/die-mandeln-bluhen-und-die-reben-weinen-il-mandorli-fioriscono-e-le-viti-piangono\\\/#primaryimage\"},\"thumbnailUrl\":\"http:\\\/\\\/www.kobler-margreid.com\\\/blog\\\/wp-content\\\/imagescaler\\\/94027c6f0eec047064066ab4ba8e5636.jpg\",\"datePublished\":\"2009-03-30T10:04:03+00:00\",\"dateModified\":\"2009-04-02T20:18:25+00:00\",\"breadcrumb\":{\"@id\":\"https:\\\/\\\/www.kobler-margreid.com\\\/blog\\\/blog\\\/2009\\\/03\\\/30\\\/die-mandeln-bluhen-und-die-reben-weinen-il-mandorli-fioriscono-e-le-viti-piangono\\\/#breadcrumb\"},\"inLanguage\":\"de\",\"potentialAction\":[{\"@type\":\"ReadAction\",\"target\":[\"https:\\\/\\\/www.kobler-margreid.com\\\/blog\\\/blog\\\/2009\\\/03\\\/30\\\/die-mandeln-bluhen-und-die-reben-weinen-il-mandorli-fioriscono-e-le-viti-piangono\\\/\"]}]},{\"@type\":\"ImageObject\",\"inLanguage\":\"de\",\"@id\":\"https:\\\/\\\/www.kobler-margreid.com\\\/blog\\\/blog\\\/2009\\\/03\\\/30\\\/die-mandeln-bluhen-und-die-reben-weinen-il-mandorli-fioriscono-e-le-viti-piangono\\\/#primaryimage\",\"url\":\"https:\\\/\\\/www.kobler-margreid.com\\\/blog\\\/wp-content\\\/2009\\\/03\\\/2009-03-30_09-22-29.jpg\",\"contentUrl\":\"https:\\\/\\\/www.kobler-margreid.com\\\/blog\\\/wp-content\\\/2009\\\/03\\\/2009-03-30_09-22-29.jpg\",\"width\":\"1024\",\"height\":\"751\"},{\"@type\":\"BreadcrumbList\",\"@id\":\"https:\\\/\\\/www.kobler-margreid.com\\\/blog\\\/blog\\\/2009\\\/03\\\/30\\\/die-mandeln-bluhen-und-die-reben-weinen-il-mandorli-fioriscono-e-le-viti-piangono\\\/#breadcrumb\",\"itemListElement\":[{\"@type\":\"ListItem\",\"position\":1,\"name\":\"Startseite\",\"item\":\"https:\\\/\\\/www.kobler-margreid.com\\\/blog\\\/\"},{\"@type\":\"ListItem\",\"position\":2,\"name\":\"Die Mandeln bl\u00fchen und die Reben weinen &#8211; I mandorli fioriscono e le viti piangono\"}]},{\"@type\":\"WebSite\",\"@id\":\"https:\\\/\\\/www.kobler-margreid.com\\\/blog\\\/#website\",\"url\":\"https:\\\/\\\/www.kobler-margreid.com\\\/blog\\\/\",\"name\":\"weinhof KOBLER weblog\",\"description\":\"dem wein ganz nah \u2013 all&#039;interno del vino\",\"publisher\":{\"@id\":\"https:\\\/\\\/www.kobler-margreid.com\\\/blog\\\/#\\\/schema\\\/person\\\/6a2290c17f680f59c1fa7e1c7a36df3a\"},\"potentialAction\":[{\"@type\":\"SearchAction\",\"target\":{\"@type\":\"EntryPoint\",\"urlTemplate\":\"https:\\\/\\\/www.kobler-margreid.com\\\/blog\\\/?s={search_term_string}\"},\"query-input\":{\"@type\":\"PropertyValueSpecification\",\"valueRequired\":true,\"valueName\":\"search_term_string\"}}],\"inLanguage\":\"de\"},{\"@type\":[\"Person\",\"Organization\"],\"@id\":\"https:\\\/\\\/www.kobler-margreid.com\\\/blog\\\/#\\\/schema\\\/person\\\/6a2290c17f680f59c1fa7e1c7a36df3a\",\"name\":\"armin kobler\",\"image\":{\"@type\":\"ImageObject\",\"inLanguage\":\"de\",\"@id\":\"https:\\\/\\\/www.kobler-margreid.com\\\/blog\\\/wp-content\\\/2023\\\/11\\\/2012-05-08_09-33-03a.jpg\",\"url\":\"https:\\\/\\\/www.kobler-margreid.com\\\/blog\\\/wp-content\\\/2023\\\/11\\\/2012-05-08_09-33-03a.jpg\",\"contentUrl\":\"https:\\\/\\\/www.kobler-margreid.com\\\/blog\\\/wp-content\\\/2023\\\/11\\\/2012-05-08_09-33-03a.jpg\",\"width\":1088,\"height\":1184,\"caption\":\"armin kobler\"},\"logo\":{\"@id\":\"https:\\\/\\\/www.kobler-margreid.com\\\/blog\\\/wp-content\\\/2023\\\/11\\\/2012-05-08_09-33-03a.jpg\"},\"sameAs\":[\"http:\\\/\\\/www.kobler-margreid.com\",\"https:\\\/\\\/www.facebook.com\\\/armin.kobler\\\/\"]},{\"@type\":\"Person\",\"@id\":\"https:\\\/\\\/www.kobler-margreid.com\\\/blog\\\/#\\\/schema\\\/person\\\/fcca96145437484793adb0529dc48706\",\"name\":\"armin kobler\",\"image\":{\"@type\":\"ImageObject\",\"inLanguage\":\"de\",\"@id\":\"https:\\\/\\\/secure.gravatar.com\\\/avatar\\\/7ed75d18f117c58598b89fcf3ec9fda3311f3fbda827ac1502944a0804d87b7f?s=96&d=mm&r=g\",\"url\":\"https:\\\/\\\/secure.gravatar.com\\\/avatar\\\/7ed75d18f117c58598b89fcf3ec9fda3311f3fbda827ac1502944a0804d87b7f?s=96&d=mm&r=g\",\"contentUrl\":\"https:\\\/\\\/secure.gravatar.com\\\/avatar\\\/7ed75d18f117c58598b89fcf3ec9fda3311f3fbda827ac1502944a0804d87b7f?s=96&d=mm&r=g\",\"caption\":\"armin kobler\"},\"sameAs\":[\"http:\\\/\\\/\"],\"url\":\"https:\\\/\\\/www.kobler-margreid.com\\\/blog\\\/blog\\\/author\\\/armin-kobler\\\/\"}]}<\/script>\n<!-- \/ Yoast SEO plugin. -->","yoast_head_json":{"title":"Die Mandeln bl\u00fchen und die Reben weinen - I mandorli fioriscono e le viti piangono - weinhof KOBLER weblog","robots":{"index":"index","follow":"follow","max-snippet":"max-snippet:-1","max-image-preview":"max-image-preview:large","max-video-preview":"max-video-preview:-1"},"canonical":"https:\/\/www.kobler-margreid.com\/blog\/blog\/2009\/03\/30\/die-mandeln-bluhen-und-die-reben-weinen-il-mandorli-fioriscono-e-le-viti-piangono\/","og_locale":"de_DE","og_type":"article","og_title":"Die Mandeln bl\u00fchen und die Reben weinen - I mandorli fioriscono e le viti piangono - weinhof KOBLER weblog","og_description":"Zu Josefi (19. M\u00e4rz) bl\u00fchen die Mandelb\u00e4ume, sagte immer meine Mutter, deren Erinnerungen nicht so sehr von den klimagewandelten Jahren gepr\u00e4gt waren. Unserer ist immer eine Woche sp\u00e4ter als die anderen in der Umgebung dran, der Vegetationsbeginn befindet sich momentan &hellip; Weiterlesen &rarr;","og_url":"https:\/\/www.kobler-margreid.com\/blog\/blog\/2009\/03\/30\/die-mandeln-bluhen-und-die-reben-weinen-il-mandorli-fioriscono-e-le-viti-piangono\/","og_site_name":"weinhof KOBLER weblog","article_publisher":"https:\/\/www.facebook.com\/armin.kobler\/","article_published_time":"2009-03-30T10:04:03+00:00","article_modified_time":"2009-04-02T20:18:25+00:00","og_image":[{"url":"http:\/\/www.kobler-margreid.com\/blog\/wp-content\/imagescaler\/94027c6f0eec047064066ab4ba8e5636.jpg","type":"","width":"","height":""}],"author":"armin kobler","twitter_card":"summary_large_image","twitter_misc":{"Verfasst von":"armin kobler","Gesch\u00e4tzte Lesezeit":"1\u00a0Minute"},"schema":{"@context":"https:\/\/schema.org","@graph":[{"@type":"Article","@id":"https:\/\/www.kobler-margreid.com\/blog\/blog\/2009\/03\/30\/die-mandeln-bluhen-und-die-reben-weinen-il-mandorli-fioriscono-e-le-viti-piangono\/#article","isPartOf":{"@id":"https:\/\/www.kobler-margreid.com\/blog\/blog\/2009\/03\/30\/die-mandeln-bluhen-und-die-reben-weinen-il-mandorli-fioriscono-e-le-viti-piangono\/"},"author":{"name":"armin kobler","@id":"https:\/\/www.kobler-margreid.com\/blog\/#\/schema\/person\/fcca96145437484793adb0529dc48706"},"headline":"Die Mandeln bl\u00fchen und die Reben weinen &#8211; I mandorli fioriscono e le viti piangono","datePublished":"2009-03-30T10:04:03+00:00","dateModified":"2009-04-02T20:18:25+00:00","mainEntityOfPage":{"@id":"https:\/\/www.kobler-margreid.com\/blog\/blog\/2009\/03\/30\/die-mandeln-bluhen-und-die-reben-weinen-il-mandorli-fioriscono-e-le-viti-piangono\/"},"wordCount":176,"commentCount":0,"publisher":{"@id":"https:\/\/www.kobler-margreid.com\/blog\/#\/schema\/person\/6a2290c17f680f59c1fa7e1c7a36df3a"},"image":{"@id":"https:\/\/www.kobler-margreid.com\/blog\/blog\/2009\/03\/30\/die-mandeln-bluhen-und-die-reben-weinen-il-mandorli-fioriscono-e-le-viti-piangono\/#primaryimage"},"thumbnailUrl":"http:\/\/www.kobler-margreid.com\/blog\/wp-content\/imagescaler\/94027c6f0eec047064066ab4ba8e5636.jpg","keywords":["Mandelbaum","Mandorlo","Pianto delle viti","Rebweinen"],"articleSection":["Weingarten - Vigneto"],"inLanguage":"de","potentialAction":[{"@type":"CommentAction","name":"Comment","target":["https:\/\/www.kobler-margreid.com\/blog\/blog\/2009\/03\/30\/die-mandeln-bluhen-und-die-reben-weinen-il-mandorli-fioriscono-e-le-viti-piangono\/#respond"]}]},{"@type":"WebPage","@id":"https:\/\/www.kobler-margreid.com\/blog\/blog\/2009\/03\/30\/die-mandeln-bluhen-und-die-reben-weinen-il-mandorli-fioriscono-e-le-viti-piangono\/","url":"https:\/\/www.kobler-margreid.com\/blog\/blog\/2009\/03\/30\/die-mandeln-bluhen-und-die-reben-weinen-il-mandorli-fioriscono-e-le-viti-piangono\/","name":"Die Mandeln bl\u00fchen und die Reben weinen - I mandorli fioriscono e le viti piangono - weinhof KOBLER weblog","isPartOf":{"@id":"https:\/\/www.kobler-margreid.com\/blog\/#website"},"primaryImageOfPage":{"@id":"https:\/\/www.kobler-margreid.com\/blog\/blog\/2009\/03\/30\/die-mandeln-bluhen-und-die-reben-weinen-il-mandorli-fioriscono-e-le-viti-piangono\/#primaryimage"},"image":{"@id":"https:\/\/www.kobler-margreid.com\/blog\/blog\/2009\/03\/30\/die-mandeln-bluhen-und-die-reben-weinen-il-mandorli-fioriscono-e-le-viti-piangono\/#primaryimage"},"thumbnailUrl":"http:\/\/www.kobler-margreid.com\/blog\/wp-content\/imagescaler\/94027c6f0eec047064066ab4ba8e5636.jpg","datePublished":"2009-03-30T10:04:03+00:00","dateModified":"2009-04-02T20:18:25+00:00","breadcrumb":{"@id":"https:\/\/www.kobler-margreid.com\/blog\/blog\/2009\/03\/30\/die-mandeln-bluhen-und-die-reben-weinen-il-mandorli-fioriscono-e-le-viti-piangono\/#breadcrumb"},"inLanguage":"de","potentialAction":[{"@type":"ReadAction","target":["https:\/\/www.kobler-margreid.com\/blog\/blog\/2009\/03\/30\/die-mandeln-bluhen-und-die-reben-weinen-il-mandorli-fioriscono-e-le-viti-piangono\/"]}]},{"@type":"ImageObject","inLanguage":"de","@id":"https:\/\/www.kobler-margreid.com\/blog\/blog\/2009\/03\/30\/die-mandeln-bluhen-und-die-reben-weinen-il-mandorli-fioriscono-e-le-viti-piangono\/#primaryimage","url":"https:\/\/www.kobler-margreid.com\/blog\/wp-content\/2009\/03\/2009-03-30_09-22-29.jpg","contentUrl":"https:\/\/www.kobler-margreid.com\/blog\/wp-content\/2009\/03\/2009-03-30_09-22-29.jpg","width":"1024","height":"751"},{"@type":"BreadcrumbList","@id":"https:\/\/www.kobler-margreid.com\/blog\/blog\/2009\/03\/30\/die-mandeln-bluhen-und-die-reben-weinen-il-mandorli-fioriscono-e-le-viti-piangono\/#breadcrumb","itemListElement":[{"@type":"ListItem","position":1,"name":"Startseite","item":"https:\/\/www.kobler-margreid.com\/blog\/"},{"@type":"ListItem","position":2,"name":"Die Mandeln bl\u00fchen und die Reben weinen &#8211; I mandorli fioriscono e le viti piangono"}]},{"@type":"WebSite","@id":"https:\/\/www.kobler-margreid.com\/blog\/#website","url":"https:\/\/www.kobler-margreid.com\/blog\/","name":"weinhof KOBLER weblog","description":"dem wein ganz nah \u2013 all&#039;interno del vino","publisher":{"@id":"https:\/\/www.kobler-margreid.com\/blog\/#\/schema\/person\/6a2290c17f680f59c1fa7e1c7a36df3a"},"potentialAction":[{"@type":"SearchAction","target":{"@type":"EntryPoint","urlTemplate":"https:\/\/www.kobler-margreid.com\/blog\/?s={search_term_string}"},"query-input":{"@type":"PropertyValueSpecification","valueRequired":true,"valueName":"search_term_string"}}],"inLanguage":"de"},{"@type":["Person","Organization"],"@id":"https:\/\/www.kobler-margreid.com\/blog\/#\/schema\/person\/6a2290c17f680f59c1fa7e1c7a36df3a","name":"armin kobler","image":{"@type":"ImageObject","inLanguage":"de","@id":"https:\/\/www.kobler-margreid.com\/blog\/wp-content\/2023\/11\/2012-05-08_09-33-03a.jpg","url":"https:\/\/www.kobler-margreid.com\/blog\/wp-content\/2023\/11\/2012-05-08_09-33-03a.jpg","contentUrl":"https:\/\/www.kobler-margreid.com\/blog\/wp-content\/2023\/11\/2012-05-08_09-33-03a.jpg","width":1088,"height":1184,"caption":"armin kobler"},"logo":{"@id":"https:\/\/www.kobler-margreid.com\/blog\/wp-content\/2023\/11\/2012-05-08_09-33-03a.jpg"},"sameAs":["http:\/\/www.kobler-margreid.com","https:\/\/www.facebook.com\/armin.kobler\/"]},{"@type":"Person","@id":"https:\/\/www.kobler-margreid.com\/blog\/#\/schema\/person\/fcca96145437484793adb0529dc48706","name":"armin kobler","image":{"@type":"ImageObject","inLanguage":"de","@id":"https:\/\/secure.gravatar.com\/avatar\/7ed75d18f117c58598b89fcf3ec9fda3311f3fbda827ac1502944a0804d87b7f?s=96&d=mm&r=g","url":"https:\/\/secure.gravatar.com\/avatar\/7ed75d18f117c58598b89fcf3ec9fda3311f3fbda827ac1502944a0804d87b7f?s=96&d=mm&r=g","contentUrl":"https:\/\/secure.gravatar.com\/avatar\/7ed75d18f117c58598b89fcf3ec9fda3311f3fbda827ac1502944a0804d87b7f?s=96&d=mm&r=g","caption":"armin kobler"},"sameAs":["http:\/\/"],"url":"https:\/\/www.kobler-margreid.com\/blog\/blog\/author\/armin-kobler\/"}]}},"_links":{"self":[{"href":"https:\/\/www.kobler-margreid.com\/blog\/wp-json\/wp\/v2\/posts\/1526","targetHints":{"allow":["GET"]}}],"collection":[{"href":"https:\/\/www.kobler-margreid.com\/blog\/wp-json\/wp\/v2\/posts"}],"about":[{"href":"https:\/\/www.kobler-margreid.com\/blog\/wp-json\/wp\/v2\/types\/post"}],"author":[{"embeddable":true,"href":"https:\/\/www.kobler-margreid.com\/blog\/wp-json\/wp\/v2\/users\/6"}],"replies":[{"embeddable":true,"href":"https:\/\/www.kobler-margreid.com\/blog\/wp-json\/wp\/v2\/comments?post=1526"}],"version-history":[{"count":0,"href":"https:\/\/www.kobler-margreid.com\/blog\/wp-json\/wp\/v2\/posts\/1526\/revisions"}],"wp:attachment":[{"href":"https:\/\/www.kobler-margreid.com\/blog\/wp-json\/wp\/v2\/media?parent=1526"}],"wp:term":[{"taxonomy":"category","embeddable":true,"href":"https:\/\/www.kobler-margreid.com\/blog\/wp-json\/wp\/v2\/categories?post=1526"},{"taxonomy":"post_tag","embeddable":true,"href":"https:\/\/www.kobler-margreid.com\/blog\/wp-json\/wp\/v2\/tags?post=1526"}],"curies":[{"name":"wp","href":"https:\/\/api.w.org\/{rel}","templated":true}]}}