{"id":1582,"date":"2009-04-02T21:11:50","date_gmt":"2009-04-02T20:11:50","guid":{"rendered":"http:\/\/www.kobler-margreid.com\/blog\/?p=1582"},"modified":"2009-04-02T21:48:53","modified_gmt":"2009-04-02T20:48:53","slug":"vinitaly-09-1tag-regen-und-minirock-vinitaly-09-1%c2%b0-giorno-pioggia-e-minigonna","status":"publish","type":"post","link":"https:\/\/www.kobler-margreid.com\/blog\/blog\/2009\/04\/02\/vinitaly-09-1tag-regen-und-minirock-vinitaly-09-1%c2%b0-giorno-pioggia-e-minigonna\/","title":{"rendered":"Vinitaly 09 1.Tag: Regen und Minirock &#8211; Vinitaly 09 1\u00b0 giorno: Pioggia e minigonna"},"content":{"rendered":"<p><a href=\"http:\/\/www.kobler-margreid.com\/blog\/wp-content\/2009\/04\/2009-04-02_15-54-011.jpg\" rel=\"lightbox[1582]\"><img loading=\"lazy\" decoding=\"async\" class=\"float left alignleft size-full wp-image-1585\" style=\"border: 0pt none; margin: 0px 5px;\" title=\"2009-04-02_15-54-011\" src=\"http:\/\/www.kobler-margreid.com\/blog\/wp-content\/imagescaler\/86f8174c2b882a578c4f83e4b20f8b80.jpg\" alt=\"2009-04-02_15-54-011\" width=\"294\" height=\"274\" \/><\/a>Dass es auf der Vinitaly mindestens einmal regnet, ist normal. Dass es genau am ersten Tag geschieht, ist besonders \u00e4rgerlich, sind doch noch Weinkartone und anderes Material von den entfernt geparkten Autos auf das Messegel\u00e4nde zu tragen bzw. mit der Alukarre zu schieben. Der Slalom zwischen parplatzsuchenden Autos und den Regenpf\u00fctzen, behindert durch den Regenschirm, zehrt schon vor dem Beginn der eigentlichen Messeveranstaltung ordentlich am Nervenkost\u00fcm.<\/p>\n<p><em>Che piova almeno una volta durante il Vinitaly \u00e8 normale. Che succeda proprio il primo giorno \u00e8 una grande seccatura in quanto in quel giorno si hanno ancora da trasportare cartoni di vino ed altro materiale dalle auto parcheggiate naturalmente distanti allo stand. Lo slalom con i carrelli a mano tra le pozzanghere e le auto in cerca di parcheggi, oltrettutto <\/em><em>ostacolati dall&#8217;ombrello, rende nervosi ancora prima che cominciasse la fiera vera e propria.<\/em><\/p>\n<p><em><!--more--><\/em>Eine weitere Konstante, zugegeben angenehmerer Natur, sind die zahlreichen Damen, welche mit ihren Reizen nicht geizen. Neben den Hostessen, deren Wichtigkeit f\u00fcr einen wirksamen Messeauftritt anderen <a title=\"Stefano Berti Blog: Hostess e modelle\" href=\"http:\/\/stefanoberti.wordpress.com\/2009\/03\/09\/hostess-e-modelle\/\" target=\"_blank\">Bloggerkollegen<\/a> schon klar geworden ist, meinen auch viele Besucherinnen, unabh\u00e4ngig von der Au\u00dfenwitterung, dass es auf der Vinitaly hei\u00df ist oder zumindest hergehen sollte. Wer sich hingegen vornehmlich auf ein paar k\u00fchle Wei\u00dfe konzentrieren will, ist in der Halle 6, Sektor C2 herzlich willkommen.<\/p>\n<p><em>Un&#8217;altra costante, per\u00f2 molto pi\u00f9 piacevole, sono le numerose signorine che non sono avare della loro grazia. Accanto alle Hostess, la cui importanza per avere successo in fiera lo hanno capito anche i miei colleghi <a title=\"Stefano Berti Blog: Hostess e modelle\" href=\"http:\/\/stefanoberti.wordpress.com\/2009\/03\/09\/hostess-e-modelle\/\" target=\"_blank\">Blogger<\/a>, ci sono anche molte visitatrici che indipendentemente dal tempo che fa fuori, soffrono del caldo negli padiglioni. Chi invece si vuole concentrare principalmente su dei bianchi freschi, \u00e8 benvenuto nel padiglione 6, settore C2.<\/em><\/p>\n","protected":false},"excerpt":{"rendered":"<p>Dass es auf der Vinitaly mindestens einmal regnet, ist normal. Dass es genau am ersten Tag geschieht, ist besonders \u00e4rgerlich, sind doch noch Weinkartone und anderes Material von den entfernt geparkten Autos auf das Messegel\u00e4nde zu tragen bzw. mit der &hellip; <a href=\"https:\/\/www.kobler-margreid.com\/blog\/blog\/2009\/04\/02\/vinitaly-09-1tag-regen-und-minirock-vinitaly-09-1%c2%b0-giorno-pioggia-e-minigonna\/\">Weiterlesen <span class=\"meta-nav\">&rarr;<\/span><\/a><\/p>\n","protected":false},"author":6,"featured_media":0,"comment_status":"open","ping_status":"open","sticky":false,"template":"","format":"standard","meta":{"ngg_post_thumbnail":0,"footnotes":"","_links_to":"","_links_to_target":""},"categories":[9],"tags":[349],"class_list":["post-1582","post","type-post","status-publish","format-standard","hentry","category-oeffentlichkeitsarbeit","tag-vinitaly-2009"],"yoast_head":"<!-- This site is optimized with the Yoast SEO plugin v27.5 - https:\/\/yoast.com\/product\/yoast-seo-wordpress\/ -->\n<title>Vinitaly 09 1.Tag: Regen und Minirock - Vinitaly 09 1\u00b0 giorno: Pioggia e minigonna  - weinhof KOBLER weblog<\/title>\n<meta name=\"robots\" content=\"index, follow, max-snippet:-1, max-image-preview:large, max-video-preview:-1\" \/>\n<link rel=\"canonical\" href=\"https:\/\/www.kobler-margreid.com\/blog\/blog\/2009\/04\/02\/vinitaly-09-1tag-regen-und-minirock-vinitaly-09-1\u00b0-giorno-pioggia-e-minigonna\/\" \/>\n<meta property=\"og:locale\" content=\"de_DE\" \/>\n<meta property=\"og:type\" content=\"article\" \/>\n<meta property=\"og:title\" content=\"Vinitaly 09 1.Tag: Regen und Minirock - Vinitaly 09 1\u00b0 giorno: Pioggia e minigonna  - weinhof KOBLER weblog\" \/>\n<meta property=\"og:description\" content=\"Dass es auf der Vinitaly mindestens einmal regnet, ist normal. Dass es genau am ersten Tag geschieht, ist besonders \u00e4rgerlich, sind doch noch Weinkartone und anderes Material von den entfernt geparkten Autos auf das Messegel\u00e4nde zu tragen bzw. mit der &hellip; Weiterlesen &rarr;\" \/>\n<meta property=\"og:url\" content=\"https:\/\/www.kobler-margreid.com\/blog\/blog\/2009\/04\/02\/vinitaly-09-1tag-regen-und-minirock-vinitaly-09-1\u00b0-giorno-pioggia-e-minigonna\/\" \/>\n<meta property=\"og:site_name\" content=\"weinhof KOBLER weblog\" \/>\n<meta property=\"article:publisher\" content=\"https:\/\/www.facebook.com\/armin.kobler\/\" \/>\n<meta property=\"article:published_time\" content=\"2009-04-02T20:11:50+00:00\" \/>\n<meta property=\"article:modified_time\" content=\"2009-04-02T20:48:53+00:00\" \/>\n<meta property=\"og:image\" content=\"http:\/\/www.kobler-margreid.com\/blog\/wp-content\/imagescaler\/86f8174c2b882a578c4f83e4b20f8b80.jpg\" \/>\n<meta name=\"author\" content=\"armin kobler\" \/>\n<meta name=\"twitter:card\" content=\"summary_large_image\" \/>\n<meta name=\"twitter:label1\" content=\"Verfasst von\" \/>\n\t<meta name=\"twitter:data1\" content=\"armin kobler\" \/>\n\t<meta name=\"twitter:label2\" content=\"Gesch\u00e4tzte Lesezeit\" \/>\n\t<meta name=\"twitter:data2\" content=\"1\u00a0Minute\" \/>\n<script type=\"application\/ld+json\" class=\"yoast-schema-graph\">{\"@context\":\"https:\\\/\\\/schema.org\",\"@graph\":[{\"@type\":\"Article\",\"@id\":\"https:\\\/\\\/www.kobler-margreid.com\\\/blog\\\/blog\\\/2009\\\/04\\\/02\\\/vinitaly-09-1tag-regen-und-minirock-vinitaly-09-1%c2%b0-giorno-pioggia-e-minigonna\\\/#article\",\"isPartOf\":{\"@id\":\"https:\\\/\\\/www.kobler-margreid.com\\\/blog\\\/blog\\\/2009\\\/04\\\/02\\\/vinitaly-09-1tag-regen-und-minirock-vinitaly-09-1%c2%b0-giorno-pioggia-e-minigonna\\\/\"},\"author\":{\"name\":\"armin kobler\",\"@id\":\"https:\\\/\\\/www.kobler-margreid.com\\\/blog\\\/#\\\/schema\\\/person\\\/fcca96145437484793adb0529dc48706\"},\"headline\":\"Vinitaly 09 1.Tag: Regen und Minirock &#8211; Vinitaly 09 1\u00b0 giorno: Pioggia e minigonna\",\"datePublished\":\"2009-04-02T20:11:50+00:00\",\"dateModified\":\"2009-04-02T20:48:53+00:00\",\"mainEntityOfPage\":{\"@id\":\"https:\\\/\\\/www.kobler-margreid.com\\\/blog\\\/blog\\\/2009\\\/04\\\/02\\\/vinitaly-09-1tag-regen-und-minirock-vinitaly-09-1%c2%b0-giorno-pioggia-e-minigonna\\\/\"},\"wordCount\":294,\"commentCount\":3,\"publisher\":{\"@id\":\"https:\\\/\\\/www.kobler-margreid.com\\\/blog\\\/#\\\/schema\\\/person\\\/6a2290c17f680f59c1fa7e1c7a36df3a\"},\"image\":{\"@id\":\"https:\\\/\\\/www.kobler-margreid.com\\\/blog\\\/blog\\\/2009\\\/04\\\/02\\\/vinitaly-09-1tag-regen-und-minirock-vinitaly-09-1%c2%b0-giorno-pioggia-e-minigonna\\\/#primaryimage\"},\"thumbnailUrl\":\"http:\\\/\\\/www.kobler-margreid.com\\\/blog\\\/wp-content\\\/imagescaler\\\/86f8174c2b882a578c4f83e4b20f8b80.jpg\",\"keywords\":[\"Vinitaly 2009\"],\"articleSection\":[\"\u00d6ffentlichkeitsarbeit - Pubbliche relazioni\"],\"inLanguage\":\"de\",\"potentialAction\":[{\"@type\":\"CommentAction\",\"name\":\"Comment\",\"target\":[\"https:\\\/\\\/www.kobler-margreid.com\\\/blog\\\/blog\\\/2009\\\/04\\\/02\\\/vinitaly-09-1tag-regen-und-minirock-vinitaly-09-1%c2%b0-giorno-pioggia-e-minigonna\\\/#respond\"]}]},{\"@type\":\"WebPage\",\"@id\":\"https:\\\/\\\/www.kobler-margreid.com\\\/blog\\\/blog\\\/2009\\\/04\\\/02\\\/vinitaly-09-1tag-regen-und-minirock-vinitaly-09-1%c2%b0-giorno-pioggia-e-minigonna\\\/\",\"url\":\"https:\\\/\\\/www.kobler-margreid.com\\\/blog\\\/blog\\\/2009\\\/04\\\/02\\\/vinitaly-09-1tag-regen-und-minirock-vinitaly-09-1%c2%b0-giorno-pioggia-e-minigonna\\\/\",\"name\":\"Vinitaly 09 1.Tag: Regen und Minirock - Vinitaly 09 1\u00b0 giorno: Pioggia e minigonna - weinhof KOBLER weblog\",\"isPartOf\":{\"@id\":\"https:\\\/\\\/www.kobler-margreid.com\\\/blog\\\/#website\"},\"primaryImageOfPage\":{\"@id\":\"https:\\\/\\\/www.kobler-margreid.com\\\/blog\\\/blog\\\/2009\\\/04\\\/02\\\/vinitaly-09-1tag-regen-und-minirock-vinitaly-09-1%c2%b0-giorno-pioggia-e-minigonna\\\/#primaryimage\"},\"image\":{\"@id\":\"https:\\\/\\\/www.kobler-margreid.com\\\/blog\\\/blog\\\/2009\\\/04\\\/02\\\/vinitaly-09-1tag-regen-und-minirock-vinitaly-09-1%c2%b0-giorno-pioggia-e-minigonna\\\/#primaryimage\"},\"thumbnailUrl\":\"http:\\\/\\\/www.kobler-margreid.com\\\/blog\\\/wp-content\\\/imagescaler\\\/86f8174c2b882a578c4f83e4b20f8b80.jpg\",\"datePublished\":\"2009-04-02T20:11:50+00:00\",\"dateModified\":\"2009-04-02T20:48:53+00:00\",\"breadcrumb\":{\"@id\":\"https:\\\/\\\/www.kobler-margreid.com\\\/blog\\\/blog\\\/2009\\\/04\\\/02\\\/vinitaly-09-1tag-regen-und-minirock-vinitaly-09-1%c2%b0-giorno-pioggia-e-minigonna\\\/#breadcrumb\"},\"inLanguage\":\"de\",\"potentialAction\":[{\"@type\":\"ReadAction\",\"target\":[\"https:\\\/\\\/www.kobler-margreid.com\\\/blog\\\/blog\\\/2009\\\/04\\\/02\\\/vinitaly-09-1tag-regen-und-minirock-vinitaly-09-1%c2%b0-giorno-pioggia-e-minigonna\\\/\"]}]},{\"@type\":\"ImageObject\",\"inLanguage\":\"de\",\"@id\":\"https:\\\/\\\/www.kobler-margreid.com\\\/blog\\\/blog\\\/2009\\\/04\\\/02\\\/vinitaly-09-1tag-regen-und-minirock-vinitaly-09-1%c2%b0-giorno-pioggia-e-minigonna\\\/#primaryimage\",\"url\":\"https:\\\/\\\/www.kobler-margreid.com\\\/blog\\\/wp-content\\\/2009\\\/04\\\/2009-04-02_15-54-011.jpg\",\"contentUrl\":\"https:\\\/\\\/www.kobler-margreid.com\\\/blog\\\/wp-content\\\/2009\\\/04\\\/2009-04-02_15-54-011.jpg\",\"width\":\"1024\",\"height\":\"953\"},{\"@type\":\"BreadcrumbList\",\"@id\":\"https:\\\/\\\/www.kobler-margreid.com\\\/blog\\\/blog\\\/2009\\\/04\\\/02\\\/vinitaly-09-1tag-regen-und-minirock-vinitaly-09-1%c2%b0-giorno-pioggia-e-minigonna\\\/#breadcrumb\",\"itemListElement\":[{\"@type\":\"ListItem\",\"position\":1,\"name\":\"Startseite\",\"item\":\"https:\\\/\\\/www.kobler-margreid.com\\\/blog\\\/\"},{\"@type\":\"ListItem\",\"position\":2,\"name\":\"Vinitaly 09 1.Tag: Regen und Minirock &#8211; Vinitaly 09 1\u00b0 giorno: Pioggia e minigonna\"}]},{\"@type\":\"WebSite\",\"@id\":\"https:\\\/\\\/www.kobler-margreid.com\\\/blog\\\/#website\",\"url\":\"https:\\\/\\\/www.kobler-margreid.com\\\/blog\\\/\",\"name\":\"weinhof KOBLER weblog\",\"description\":\"dem wein ganz nah \u2013 all&#039;interno del vino\",\"publisher\":{\"@id\":\"https:\\\/\\\/www.kobler-margreid.com\\\/blog\\\/#\\\/schema\\\/person\\\/6a2290c17f680f59c1fa7e1c7a36df3a\"},\"potentialAction\":[{\"@type\":\"SearchAction\",\"target\":{\"@type\":\"EntryPoint\",\"urlTemplate\":\"https:\\\/\\\/www.kobler-margreid.com\\\/blog\\\/?s={search_term_string}\"},\"query-input\":{\"@type\":\"PropertyValueSpecification\",\"valueRequired\":true,\"valueName\":\"search_term_string\"}}],\"inLanguage\":\"de\"},{\"@type\":[\"Person\",\"Organization\"],\"@id\":\"https:\\\/\\\/www.kobler-margreid.com\\\/blog\\\/#\\\/schema\\\/person\\\/6a2290c17f680f59c1fa7e1c7a36df3a\",\"name\":\"armin kobler\",\"image\":{\"@type\":\"ImageObject\",\"inLanguage\":\"de\",\"@id\":\"https:\\\/\\\/www.kobler-margreid.com\\\/blog\\\/wp-content\\\/2023\\\/11\\\/2012-05-08_09-33-03a.jpg\",\"url\":\"https:\\\/\\\/www.kobler-margreid.com\\\/blog\\\/wp-content\\\/2023\\\/11\\\/2012-05-08_09-33-03a.jpg\",\"contentUrl\":\"https:\\\/\\\/www.kobler-margreid.com\\\/blog\\\/wp-content\\\/2023\\\/11\\\/2012-05-08_09-33-03a.jpg\",\"width\":1088,\"height\":1184,\"caption\":\"armin kobler\"},\"logo\":{\"@id\":\"https:\\\/\\\/www.kobler-margreid.com\\\/blog\\\/wp-content\\\/2023\\\/11\\\/2012-05-08_09-33-03a.jpg\"},\"sameAs\":[\"http:\\\/\\\/www.kobler-margreid.com\",\"https:\\\/\\\/www.facebook.com\\\/armin.kobler\\\/\"]},{\"@type\":\"Person\",\"@id\":\"https:\\\/\\\/www.kobler-margreid.com\\\/blog\\\/#\\\/schema\\\/person\\\/fcca96145437484793adb0529dc48706\",\"name\":\"armin kobler\",\"image\":{\"@type\":\"ImageObject\",\"inLanguage\":\"de\",\"@id\":\"https:\\\/\\\/secure.gravatar.com\\\/avatar\\\/7ed75d18f117c58598b89fcf3ec9fda3311f3fbda827ac1502944a0804d87b7f?s=96&d=mm&r=g\",\"url\":\"https:\\\/\\\/secure.gravatar.com\\\/avatar\\\/7ed75d18f117c58598b89fcf3ec9fda3311f3fbda827ac1502944a0804d87b7f?s=96&d=mm&r=g\",\"contentUrl\":\"https:\\\/\\\/secure.gravatar.com\\\/avatar\\\/7ed75d18f117c58598b89fcf3ec9fda3311f3fbda827ac1502944a0804d87b7f?s=96&d=mm&r=g\",\"caption\":\"armin kobler\"},\"sameAs\":[\"http:\\\/\\\/\"],\"url\":\"https:\\\/\\\/www.kobler-margreid.com\\\/blog\\\/blog\\\/author\\\/armin-kobler\\\/\"}]}<\/script>\n<!-- \/ Yoast SEO plugin. -->","yoast_head_json":{"title":"Vinitaly 09 1.Tag: Regen und Minirock - Vinitaly 09 1\u00b0 giorno: Pioggia e minigonna  - weinhof KOBLER weblog","robots":{"index":"index","follow":"follow","max-snippet":"max-snippet:-1","max-image-preview":"max-image-preview:large","max-video-preview":"max-video-preview:-1"},"canonical":"https:\/\/www.kobler-margreid.com\/blog\/blog\/2009\/04\/02\/vinitaly-09-1tag-regen-und-minirock-vinitaly-09-1\u00b0-giorno-pioggia-e-minigonna\/","og_locale":"de_DE","og_type":"article","og_title":"Vinitaly 09 1.Tag: Regen und Minirock - Vinitaly 09 1\u00b0 giorno: Pioggia e minigonna  - weinhof KOBLER weblog","og_description":"Dass es auf der Vinitaly mindestens einmal regnet, ist normal. Dass es genau am ersten Tag geschieht, ist besonders \u00e4rgerlich, sind doch noch Weinkartone und anderes Material von den entfernt geparkten Autos auf das Messegel\u00e4nde zu tragen bzw. mit der &hellip; Weiterlesen &rarr;","og_url":"https:\/\/www.kobler-margreid.com\/blog\/blog\/2009\/04\/02\/vinitaly-09-1tag-regen-und-minirock-vinitaly-09-1\u00b0-giorno-pioggia-e-minigonna\/","og_site_name":"weinhof KOBLER weblog","article_publisher":"https:\/\/www.facebook.com\/armin.kobler\/","article_published_time":"2009-04-02T20:11:50+00:00","article_modified_time":"2009-04-02T20:48:53+00:00","og_image":[{"url":"http:\/\/www.kobler-margreid.com\/blog\/wp-content\/imagescaler\/86f8174c2b882a578c4f83e4b20f8b80.jpg","type":"","width":"","height":""}],"author":"armin kobler","twitter_card":"summary_large_image","twitter_misc":{"Verfasst von":"armin kobler","Gesch\u00e4tzte Lesezeit":"1\u00a0Minute"},"schema":{"@context":"https:\/\/schema.org","@graph":[{"@type":"Article","@id":"https:\/\/www.kobler-margreid.com\/blog\/blog\/2009\/04\/02\/vinitaly-09-1tag-regen-und-minirock-vinitaly-09-1%c2%b0-giorno-pioggia-e-minigonna\/#article","isPartOf":{"@id":"https:\/\/www.kobler-margreid.com\/blog\/blog\/2009\/04\/02\/vinitaly-09-1tag-regen-und-minirock-vinitaly-09-1%c2%b0-giorno-pioggia-e-minigonna\/"},"author":{"name":"armin kobler","@id":"https:\/\/www.kobler-margreid.com\/blog\/#\/schema\/person\/fcca96145437484793adb0529dc48706"},"headline":"Vinitaly 09 1.Tag: Regen und Minirock &#8211; Vinitaly 09 1\u00b0 giorno: Pioggia e minigonna","datePublished":"2009-04-02T20:11:50+00:00","dateModified":"2009-04-02T20:48:53+00:00","mainEntityOfPage":{"@id":"https:\/\/www.kobler-margreid.com\/blog\/blog\/2009\/04\/02\/vinitaly-09-1tag-regen-und-minirock-vinitaly-09-1%c2%b0-giorno-pioggia-e-minigonna\/"},"wordCount":294,"commentCount":3,"publisher":{"@id":"https:\/\/www.kobler-margreid.com\/blog\/#\/schema\/person\/6a2290c17f680f59c1fa7e1c7a36df3a"},"image":{"@id":"https:\/\/www.kobler-margreid.com\/blog\/blog\/2009\/04\/02\/vinitaly-09-1tag-regen-und-minirock-vinitaly-09-1%c2%b0-giorno-pioggia-e-minigonna\/#primaryimage"},"thumbnailUrl":"http:\/\/www.kobler-margreid.com\/blog\/wp-content\/imagescaler\/86f8174c2b882a578c4f83e4b20f8b80.jpg","keywords":["Vinitaly 2009"],"articleSection":["\u00d6ffentlichkeitsarbeit - Pubbliche relazioni"],"inLanguage":"de","potentialAction":[{"@type":"CommentAction","name":"Comment","target":["https:\/\/www.kobler-margreid.com\/blog\/blog\/2009\/04\/02\/vinitaly-09-1tag-regen-und-minirock-vinitaly-09-1%c2%b0-giorno-pioggia-e-minigonna\/#respond"]}]},{"@type":"WebPage","@id":"https:\/\/www.kobler-margreid.com\/blog\/blog\/2009\/04\/02\/vinitaly-09-1tag-regen-und-minirock-vinitaly-09-1%c2%b0-giorno-pioggia-e-minigonna\/","url":"https:\/\/www.kobler-margreid.com\/blog\/blog\/2009\/04\/02\/vinitaly-09-1tag-regen-und-minirock-vinitaly-09-1%c2%b0-giorno-pioggia-e-minigonna\/","name":"Vinitaly 09 1.Tag: Regen und Minirock - Vinitaly 09 1\u00b0 giorno: Pioggia e minigonna - weinhof KOBLER weblog","isPartOf":{"@id":"https:\/\/www.kobler-margreid.com\/blog\/#website"},"primaryImageOfPage":{"@id":"https:\/\/www.kobler-margreid.com\/blog\/blog\/2009\/04\/02\/vinitaly-09-1tag-regen-und-minirock-vinitaly-09-1%c2%b0-giorno-pioggia-e-minigonna\/#primaryimage"},"image":{"@id":"https:\/\/www.kobler-margreid.com\/blog\/blog\/2009\/04\/02\/vinitaly-09-1tag-regen-und-minirock-vinitaly-09-1%c2%b0-giorno-pioggia-e-minigonna\/#primaryimage"},"thumbnailUrl":"http:\/\/www.kobler-margreid.com\/blog\/wp-content\/imagescaler\/86f8174c2b882a578c4f83e4b20f8b80.jpg","datePublished":"2009-04-02T20:11:50+00:00","dateModified":"2009-04-02T20:48:53+00:00","breadcrumb":{"@id":"https:\/\/www.kobler-margreid.com\/blog\/blog\/2009\/04\/02\/vinitaly-09-1tag-regen-und-minirock-vinitaly-09-1%c2%b0-giorno-pioggia-e-minigonna\/#breadcrumb"},"inLanguage":"de","potentialAction":[{"@type":"ReadAction","target":["https:\/\/www.kobler-margreid.com\/blog\/blog\/2009\/04\/02\/vinitaly-09-1tag-regen-und-minirock-vinitaly-09-1%c2%b0-giorno-pioggia-e-minigonna\/"]}]},{"@type":"ImageObject","inLanguage":"de","@id":"https:\/\/www.kobler-margreid.com\/blog\/blog\/2009\/04\/02\/vinitaly-09-1tag-regen-und-minirock-vinitaly-09-1%c2%b0-giorno-pioggia-e-minigonna\/#primaryimage","url":"https:\/\/www.kobler-margreid.com\/blog\/wp-content\/2009\/04\/2009-04-02_15-54-011.jpg","contentUrl":"https:\/\/www.kobler-margreid.com\/blog\/wp-content\/2009\/04\/2009-04-02_15-54-011.jpg","width":"1024","height":"953"},{"@type":"BreadcrumbList","@id":"https:\/\/www.kobler-margreid.com\/blog\/blog\/2009\/04\/02\/vinitaly-09-1tag-regen-und-minirock-vinitaly-09-1%c2%b0-giorno-pioggia-e-minigonna\/#breadcrumb","itemListElement":[{"@type":"ListItem","position":1,"name":"Startseite","item":"https:\/\/www.kobler-margreid.com\/blog\/"},{"@type":"ListItem","position":2,"name":"Vinitaly 09 1.Tag: Regen und Minirock &#8211; Vinitaly 09 1\u00b0 giorno: Pioggia e minigonna"}]},{"@type":"WebSite","@id":"https:\/\/www.kobler-margreid.com\/blog\/#website","url":"https:\/\/www.kobler-margreid.com\/blog\/","name":"weinhof KOBLER weblog","description":"dem wein ganz nah \u2013 all&#039;interno del vino","publisher":{"@id":"https:\/\/www.kobler-margreid.com\/blog\/#\/schema\/person\/6a2290c17f680f59c1fa7e1c7a36df3a"},"potentialAction":[{"@type":"SearchAction","target":{"@type":"EntryPoint","urlTemplate":"https:\/\/www.kobler-margreid.com\/blog\/?s={search_term_string}"},"query-input":{"@type":"PropertyValueSpecification","valueRequired":true,"valueName":"search_term_string"}}],"inLanguage":"de"},{"@type":["Person","Organization"],"@id":"https:\/\/www.kobler-margreid.com\/blog\/#\/schema\/person\/6a2290c17f680f59c1fa7e1c7a36df3a","name":"armin kobler","image":{"@type":"ImageObject","inLanguage":"de","@id":"https:\/\/www.kobler-margreid.com\/blog\/wp-content\/2023\/11\/2012-05-08_09-33-03a.jpg","url":"https:\/\/www.kobler-margreid.com\/blog\/wp-content\/2023\/11\/2012-05-08_09-33-03a.jpg","contentUrl":"https:\/\/www.kobler-margreid.com\/blog\/wp-content\/2023\/11\/2012-05-08_09-33-03a.jpg","width":1088,"height":1184,"caption":"armin kobler"},"logo":{"@id":"https:\/\/www.kobler-margreid.com\/blog\/wp-content\/2023\/11\/2012-05-08_09-33-03a.jpg"},"sameAs":["http:\/\/www.kobler-margreid.com","https:\/\/www.facebook.com\/armin.kobler\/"]},{"@type":"Person","@id":"https:\/\/www.kobler-margreid.com\/blog\/#\/schema\/person\/fcca96145437484793adb0529dc48706","name":"armin kobler","image":{"@type":"ImageObject","inLanguage":"de","@id":"https:\/\/secure.gravatar.com\/avatar\/7ed75d18f117c58598b89fcf3ec9fda3311f3fbda827ac1502944a0804d87b7f?s=96&d=mm&r=g","url":"https:\/\/secure.gravatar.com\/avatar\/7ed75d18f117c58598b89fcf3ec9fda3311f3fbda827ac1502944a0804d87b7f?s=96&d=mm&r=g","contentUrl":"https:\/\/secure.gravatar.com\/avatar\/7ed75d18f117c58598b89fcf3ec9fda3311f3fbda827ac1502944a0804d87b7f?s=96&d=mm&r=g","caption":"armin kobler"},"sameAs":["http:\/\/"],"url":"https:\/\/www.kobler-margreid.com\/blog\/blog\/author\/armin-kobler\/"}]}},"_links":{"self":[{"href":"https:\/\/www.kobler-margreid.com\/blog\/wp-json\/wp\/v2\/posts\/1582","targetHints":{"allow":["GET"]}}],"collection":[{"href":"https:\/\/www.kobler-margreid.com\/blog\/wp-json\/wp\/v2\/posts"}],"about":[{"href":"https:\/\/www.kobler-margreid.com\/blog\/wp-json\/wp\/v2\/types\/post"}],"author":[{"embeddable":true,"href":"https:\/\/www.kobler-margreid.com\/blog\/wp-json\/wp\/v2\/users\/6"}],"replies":[{"embeddable":true,"href":"https:\/\/www.kobler-margreid.com\/blog\/wp-json\/wp\/v2\/comments?post=1582"}],"version-history":[{"count":0,"href":"https:\/\/www.kobler-margreid.com\/blog\/wp-json\/wp\/v2\/posts\/1582\/revisions"}],"wp:attachment":[{"href":"https:\/\/www.kobler-margreid.com\/blog\/wp-json\/wp\/v2\/media?parent=1582"}],"wp:term":[{"taxonomy":"category","embeddable":true,"href":"https:\/\/www.kobler-margreid.com\/blog\/wp-json\/wp\/v2\/categories?post=1582"},{"taxonomy":"post_tag","embeddable":true,"href":"https:\/\/www.kobler-margreid.com\/blog\/wp-json\/wp\/v2\/tags?post=1582"}],"curies":[{"name":"wp","href":"https:\/\/api.w.org\/{rel}","templated":true}]}}