{"id":1630,"date":"2009-04-06T00:01:14","date_gmt":"2009-04-05T23:01:14","guid":{"rendered":"http:\/\/www.kobler-margreid.com\/blog\/?p=1630"},"modified":"2009-04-06T21:04:47","modified_gmt":"2009-04-06T20:04:47","slug":"vinitaly-09-4-tag-4%c2%b0-giorno-lindiscutibile-gusto-italiano","status":"publish","type":"post","link":"https:\/\/www.kobler-margreid.com\/blog\/blog\/2009\/04\/06\/vinitaly-09-4-tag-4%c2%b0-giorno-lindiscutibile-gusto-italiano\/","title":{"rendered":"Vinitaly 09 4. Tag &#8211; 4\u00b0 giorno: L&#8217;indiscutibile gusto italiano"},"content":{"rendered":"<p><a href=\"http:\/\/www.kobler-margreid.com\/blog\/wp-content\/2009\/04\/2009-04-05_17-57-081.jpg\" rel=\"lightbox[1630]\"><img loading=\"lazy\" decoding=\"async\" class=\"float left alignleft size-full wp-image-1633\" style=\"border: 0pt none; margin: 0px 5px;\" title=\"2009-04-05_17-57-081\" src=\"http:\/\/www.kobler-margreid.com\/blog\/wp-content\/2009\/04\/2009-04-05_17-57-081.jpg\" alt=\"2009-04-05_17-57-081\" width=\"240\" height=\"436\" srcset=\"https:\/\/www.kobler-margreid.com\/blog\/wp-content\/2009\/04\/2009-04-05_17-57-081.jpg 400w, https:\/\/www.kobler-margreid.com\/blog\/wp-content\/2009\/04\/2009-04-05_17-57-081-165x300.jpg 165w\" sizes=\"auto, (max-width: 240px) 100vw, 240px\" \/><\/a>Mit dem Spruch &#8222;Der unbestreitbare italienische Geschmack&#8220; tritt auf der Vinitaly das italienische Landwirtschaftsministerium auf und macht auf einem relativ gro\u00dfem Stand auf seine T\u00e4tigkeiten aufmerksam. Ohne es wahrscheinlich zu wollen, widersprechen sie diesem Slogan und machen deutlich, dass Landwirtschaftspolitik\u00a0 in Italien in erster Linie von Misstrauen und Kontrollen gepr\u00e4gt ist. Ein gro\u00dfer Teil der Plakatw\u00e4nde sind n\u00e4mlich mit gro\u00dfformatigen Bildern gestaltet, welche Kontrolleinheiten bei ihrer Arbeit in Weinkellern zeigt.<\/p>\n<p><em>Con lo slogan &#8222;L&#8217;indiscutibile gusto italiano&#8220; si presenta il Ministero delle politiche agricole, alimentari e forestali al Vinitaly per illustrare il suo lavoro. Senza volerlo ed in contrasto a questo motto evidenzia il fatto che la politica agricola in Italia \u00e8 caratterizzata soprattutto da diffidenza e controlli. Infatti su gran parte degli spazi vengono mostrati in formato grande reparti di controllo al lavoro in cantine.<\/em><\/p>\n<p><!--more-->Wenn es darum geht, den anwesenden Weinproduzenten Respekt einzufl\u00f6\u00dfen, dann ist die Aktion sicher gelungen. Der Anblick der Kontrollorgane im Keller verbreitete mir bei jedem Vorbeigehen Unbehagen, auch wenn ich mich keiner Vergehen schuldig wei\u00df. Denn es kann auch nur ein falsch ausgef\u00fclltes Register oder andere Formfehler sein, welche drakonische Strafen nach sich ziehen k\u00f6nnen. Und wer ist 100%ig sicher, dass er mit allem in Ordnung ist?<\/p>\n<p><em>Se si trattava di incutere rispetto, la cosa \u00e8 riuscita di sicuro. Vedere gli organi di controllo in cantina mi ha provocato ad ogni passaggio disagio anche se sono sicuro di non adottare metodi illeciti. Perch\u00e8 pu\u00f2 bastare un errore formale o sui registri a provocare pene draconiche. E chi \u00e8 veramente sicuro al 100 % che \u00e8 tutto a posto?<\/em><\/p>\n<p><em>ngg_shortcode_0_placeholder<\/em><\/p>\n<p>Was den Zulauf angeht, war der Sonntag entgegen den allgemein ge\u00e4u\u00dferten Bef\u00fcrchtungen nicht so anstregend. Den Ansturm von Weinliebhabern gab es, ihr Verhalten war aber zumeist bis zum Schluss korrekt und entgegen der landl\u00e4ufigen <a title=\"Poggioargentiera: vinitaly-2009-giorno-3\" href=\"http:\/\/poggioargentiera.com\/blog\/2009\/04\/04\/vinitaly-2009-giorno-3\/\" target=\"_blank\">Meinung<\/a> unter den Ausstellern wurden am heutigen Sonntag auch viele gesch\u00e4ftliche Gespr\u00e4che gef\u00fchrt, mehr als am Samstag.<\/p>\n<p><em>Per quello che concerne l&#8217;affluenza, la domenica non era, diversamente alle preoccupazioni comuni, cos\u00ec affaticante. Gli amatori del vino c&#8217;erano, ma il loro comportamento era mediamente corretto fino alla chiusura. All&#8217;opposto dei <a title=\"Poggioargentiera: vinitaly-2009-giorno-3\" href=\"http:\/\/poggioargentiera.com\/blog\/2009\/04\/04\/vinitaly-2009-giorno-3\/\" target=\"_blank\">luo<\/a><\/em><a title=\"Poggioargentiera: vinitaly-2009-giorno-3\" href=\"http:\/\/poggioargentiera.com\/blog\/2009\/04\/04\/vinitaly-2009-giorno-3\/\" target=\"_blank\">g<\/a><em><a title=\"Poggioargentiera: vinitaly-2009-giorno-3\" href=\"http:\/\/poggioargentiera.com\/blog\/2009\/04\/04\/vinitaly-2009-giorno-3\/\" target=\"_blank\">hi comuni<\/a> dei produttori anche la domenica ho avuto <span class=\"headword\">colloquii<\/span><\/em><em> di contenuto professionale, pi\u00f9 che il sabato.<br \/>\n<\/em><\/p>\n","protected":false},"excerpt":{"rendered":"<p>Mit dem Spruch &#8222;Der unbestreitbare italienische Geschmack&#8220; tritt auf der Vinitaly das italienische Landwirtschaftsministerium auf und macht auf einem relativ gro\u00dfem Stand auf seine T\u00e4tigkeiten aufmerksam. Ohne es wahrscheinlich zu wollen, widersprechen sie diesem Slogan und machen deutlich, dass Landwirtschaftspolitik\u00a0 &hellip; <a href=\"https:\/\/www.kobler-margreid.com\/blog\/blog\/2009\/04\/06\/vinitaly-09-4-tag-4%c2%b0-giorno-lindiscutibile-gusto-italiano\/\">Weiterlesen <span class=\"meta-nav\">&rarr;<\/span><\/a><\/p>\n","protected":false},"author":6,"featured_media":0,"comment_status":"open","ping_status":"open","sticky":false,"template":"","format":"standard","meta":{"ngg_post_thumbnail":0,"footnotes":"","_links_to":"","_links_to_target":""},"categories":[9],"tags":[361,362,349],"class_list":["post-1630","post","type-post","status-publish","format-standard","hentry","category-oeffentlichkeitsarbeit","tag-landwirtschaftsministerium","tag-ministero-delle-politiche-agricole-alimentari-e-forestali","tag-vinitaly-2009"],"yoast_head":"<!-- This site is optimized with the Yoast SEO plugin v27.5 - https:\/\/yoast.com\/product\/yoast-seo-wordpress\/ -->\n<title>Vinitaly 09 4. Tag - 4\u00b0 giorno: L&#039;indiscutibile gusto italiano - weinhof KOBLER weblog<\/title>\n<meta name=\"robots\" content=\"index, follow, max-snippet:-1, max-image-preview:large, max-video-preview:-1\" \/>\n<link rel=\"canonical\" href=\"https:\/\/www.kobler-margreid.com\/blog\/blog\/2009\/04\/06\/vinitaly-09-4-tag-4\u00b0-giorno-lindiscutibile-gusto-italiano\/\" \/>\n<meta property=\"og:locale\" content=\"de_DE\" \/>\n<meta property=\"og:type\" content=\"article\" \/>\n<meta property=\"og:title\" content=\"Vinitaly 09 4. Tag - 4\u00b0 giorno: L&#039;indiscutibile gusto italiano - weinhof KOBLER weblog\" \/>\n<meta property=\"og:description\" content=\"Mit dem Spruch &#8222;Der unbestreitbare italienische Geschmack&#8220; tritt auf der Vinitaly das italienische Landwirtschaftsministerium auf und macht auf einem relativ gro\u00dfem Stand auf seine T\u00e4tigkeiten aufmerksam. Ohne es wahrscheinlich zu wollen, widersprechen sie diesem Slogan und machen deutlich, dass Landwirtschaftspolitik\u00a0 &hellip; Weiterlesen &rarr;\" \/>\n<meta property=\"og:url\" content=\"https:\/\/www.kobler-margreid.com\/blog\/blog\/2009\/04\/06\/vinitaly-09-4-tag-4\u00b0-giorno-lindiscutibile-gusto-italiano\/\" \/>\n<meta property=\"og:site_name\" content=\"weinhof KOBLER weblog\" \/>\n<meta property=\"article:publisher\" content=\"https:\/\/www.facebook.com\/armin.kobler\/\" \/>\n<meta property=\"article:published_time\" content=\"2009-04-05T23:01:14+00:00\" \/>\n<meta property=\"article:modified_time\" content=\"2009-04-06T20:04:47+00:00\" \/>\n<meta property=\"og:image\" content=\"http:\/\/www.kobler-margreid.com\/blog\/wp-content\/2009\/04\/2009-04-05_17-57-081.jpg\" \/>\n<meta name=\"author\" content=\"armin kobler\" \/>\n<meta name=\"twitter:card\" content=\"summary_large_image\" \/>\n<meta name=\"twitter:label1\" content=\"Verfasst von\" \/>\n\t<meta name=\"twitter:data1\" content=\"armin kobler\" \/>\n\t<meta name=\"twitter:label2\" content=\"Gesch\u00e4tzte Lesezeit\" \/>\n\t<meta name=\"twitter:data2\" content=\"2\u00a0Minuten\" \/>\n<script type=\"application\/ld+json\" class=\"yoast-schema-graph\">{\"@context\":\"https:\\\/\\\/schema.org\",\"@graph\":[{\"@type\":\"Article\",\"@id\":\"https:\\\/\\\/www.kobler-margreid.com\\\/blog\\\/blog\\\/2009\\\/04\\\/06\\\/vinitaly-09-4-tag-4%c2%b0-giorno-lindiscutibile-gusto-italiano\\\/#article\",\"isPartOf\":{\"@id\":\"https:\\\/\\\/www.kobler-margreid.com\\\/blog\\\/blog\\\/2009\\\/04\\\/06\\\/vinitaly-09-4-tag-4%c2%b0-giorno-lindiscutibile-gusto-italiano\\\/\"},\"author\":{\"name\":\"armin kobler\",\"@id\":\"https:\\\/\\\/www.kobler-margreid.com\\\/blog\\\/#\\\/schema\\\/person\\\/fcca96145437484793adb0529dc48706\"},\"headline\":\"Vinitaly 09 4. Tag &#8211; 4\u00b0 giorno: L&#8217;indiscutibile gusto italiano\",\"datePublished\":\"2009-04-05T23:01:14+00:00\",\"dateModified\":\"2009-04-06T20:04:47+00:00\",\"mainEntityOfPage\":{\"@id\":\"https:\\\/\\\/www.kobler-margreid.com\\\/blog\\\/blog\\\/2009\\\/04\\\/06\\\/vinitaly-09-4-tag-4%c2%b0-giorno-lindiscutibile-gusto-italiano\\\/\"},\"wordCount\":385,\"commentCount\":4,\"publisher\":{\"@id\":\"https:\\\/\\\/www.kobler-margreid.com\\\/blog\\\/#\\\/schema\\\/person\\\/6a2290c17f680f59c1fa7e1c7a36df3a\"},\"image\":{\"@id\":\"https:\\\/\\\/www.kobler-margreid.com\\\/blog\\\/blog\\\/2009\\\/04\\\/06\\\/vinitaly-09-4-tag-4%c2%b0-giorno-lindiscutibile-gusto-italiano\\\/#primaryimage\"},\"thumbnailUrl\":\"http:\\\/\\\/www.kobler-margreid.com\\\/blog\\\/wp-content\\\/2009\\\/04\\\/2009-04-05_17-57-081.jpg\",\"keywords\":[\"Landwirtschaftsministerium\",\"Ministero delle politiche agricole alimentari e forestali\",\"Vinitaly 2009\"],\"articleSection\":[\"\u00d6ffentlichkeitsarbeit - Pubbliche relazioni\"],\"inLanguage\":\"de\",\"potentialAction\":[{\"@type\":\"CommentAction\",\"name\":\"Comment\",\"target\":[\"https:\\\/\\\/www.kobler-margreid.com\\\/blog\\\/blog\\\/2009\\\/04\\\/06\\\/vinitaly-09-4-tag-4%c2%b0-giorno-lindiscutibile-gusto-italiano\\\/#respond\"]}]},{\"@type\":\"WebPage\",\"@id\":\"https:\\\/\\\/www.kobler-margreid.com\\\/blog\\\/blog\\\/2009\\\/04\\\/06\\\/vinitaly-09-4-tag-4%c2%b0-giorno-lindiscutibile-gusto-italiano\\\/\",\"url\":\"https:\\\/\\\/www.kobler-margreid.com\\\/blog\\\/blog\\\/2009\\\/04\\\/06\\\/vinitaly-09-4-tag-4%c2%b0-giorno-lindiscutibile-gusto-italiano\\\/\",\"name\":\"Vinitaly 09 4. Tag - 4\u00b0 giorno: L'indiscutibile gusto italiano - weinhof KOBLER weblog\",\"isPartOf\":{\"@id\":\"https:\\\/\\\/www.kobler-margreid.com\\\/blog\\\/#website\"},\"primaryImageOfPage\":{\"@id\":\"https:\\\/\\\/www.kobler-margreid.com\\\/blog\\\/blog\\\/2009\\\/04\\\/06\\\/vinitaly-09-4-tag-4%c2%b0-giorno-lindiscutibile-gusto-italiano\\\/#primaryimage\"},\"image\":{\"@id\":\"https:\\\/\\\/www.kobler-margreid.com\\\/blog\\\/blog\\\/2009\\\/04\\\/06\\\/vinitaly-09-4-tag-4%c2%b0-giorno-lindiscutibile-gusto-italiano\\\/#primaryimage\"},\"thumbnailUrl\":\"http:\\\/\\\/www.kobler-margreid.com\\\/blog\\\/wp-content\\\/2009\\\/04\\\/2009-04-05_17-57-081.jpg\",\"datePublished\":\"2009-04-05T23:01:14+00:00\",\"dateModified\":\"2009-04-06T20:04:47+00:00\",\"breadcrumb\":{\"@id\":\"https:\\\/\\\/www.kobler-margreid.com\\\/blog\\\/blog\\\/2009\\\/04\\\/06\\\/vinitaly-09-4-tag-4%c2%b0-giorno-lindiscutibile-gusto-italiano\\\/#breadcrumb\"},\"inLanguage\":\"de\",\"potentialAction\":[{\"@type\":\"ReadAction\",\"target\":[\"https:\\\/\\\/www.kobler-margreid.com\\\/blog\\\/blog\\\/2009\\\/04\\\/06\\\/vinitaly-09-4-tag-4%c2%b0-giorno-lindiscutibile-gusto-italiano\\\/\"]}]},{\"@type\":\"ImageObject\",\"inLanguage\":\"de\",\"@id\":\"https:\\\/\\\/www.kobler-margreid.com\\\/blog\\\/blog\\\/2009\\\/04\\\/06\\\/vinitaly-09-4-tag-4%c2%b0-giorno-lindiscutibile-gusto-italiano\\\/#primaryimage\",\"url\":\"http:\\\/\\\/www.kobler-margreid.com\\\/blog\\\/wp-content\\\/2009\\\/04\\\/2009-04-05_17-57-081.jpg\",\"contentUrl\":\"http:\\\/\\\/www.kobler-margreid.com\\\/blog\\\/wp-content\\\/2009\\\/04\\\/2009-04-05_17-57-081.jpg\"},{\"@type\":\"BreadcrumbList\",\"@id\":\"https:\\\/\\\/www.kobler-margreid.com\\\/blog\\\/blog\\\/2009\\\/04\\\/06\\\/vinitaly-09-4-tag-4%c2%b0-giorno-lindiscutibile-gusto-italiano\\\/#breadcrumb\",\"itemListElement\":[{\"@type\":\"ListItem\",\"position\":1,\"name\":\"Startseite\",\"item\":\"https:\\\/\\\/www.kobler-margreid.com\\\/blog\\\/\"},{\"@type\":\"ListItem\",\"position\":2,\"name\":\"Vinitaly 09 4. Tag &#8211; 4\u00b0 giorno: L&#8217;indiscutibile gusto italiano\"}]},{\"@type\":\"WebSite\",\"@id\":\"https:\\\/\\\/www.kobler-margreid.com\\\/blog\\\/#website\",\"url\":\"https:\\\/\\\/www.kobler-margreid.com\\\/blog\\\/\",\"name\":\"weinhof KOBLER weblog\",\"description\":\"dem wein ganz nah \u2013 all&#039;interno del vino\",\"publisher\":{\"@id\":\"https:\\\/\\\/www.kobler-margreid.com\\\/blog\\\/#\\\/schema\\\/person\\\/6a2290c17f680f59c1fa7e1c7a36df3a\"},\"potentialAction\":[{\"@type\":\"SearchAction\",\"target\":{\"@type\":\"EntryPoint\",\"urlTemplate\":\"https:\\\/\\\/www.kobler-margreid.com\\\/blog\\\/?s={search_term_string}\"},\"query-input\":{\"@type\":\"PropertyValueSpecification\",\"valueRequired\":true,\"valueName\":\"search_term_string\"}}],\"inLanguage\":\"de\"},{\"@type\":[\"Person\",\"Organization\"],\"@id\":\"https:\\\/\\\/www.kobler-margreid.com\\\/blog\\\/#\\\/schema\\\/person\\\/6a2290c17f680f59c1fa7e1c7a36df3a\",\"name\":\"armin kobler\",\"image\":{\"@type\":\"ImageObject\",\"inLanguage\":\"de\",\"@id\":\"https:\\\/\\\/www.kobler-margreid.com\\\/blog\\\/wp-content\\\/2023\\\/11\\\/2012-05-08_09-33-03a.jpg\",\"url\":\"https:\\\/\\\/www.kobler-margreid.com\\\/blog\\\/wp-content\\\/2023\\\/11\\\/2012-05-08_09-33-03a.jpg\",\"contentUrl\":\"https:\\\/\\\/www.kobler-margreid.com\\\/blog\\\/wp-content\\\/2023\\\/11\\\/2012-05-08_09-33-03a.jpg\",\"width\":1088,\"height\":1184,\"caption\":\"armin kobler\"},\"logo\":{\"@id\":\"https:\\\/\\\/www.kobler-margreid.com\\\/blog\\\/wp-content\\\/2023\\\/11\\\/2012-05-08_09-33-03a.jpg\"},\"sameAs\":[\"http:\\\/\\\/www.kobler-margreid.com\",\"https:\\\/\\\/www.facebook.com\\\/armin.kobler\\\/\"]},{\"@type\":\"Person\",\"@id\":\"https:\\\/\\\/www.kobler-margreid.com\\\/blog\\\/#\\\/schema\\\/person\\\/fcca96145437484793adb0529dc48706\",\"name\":\"armin kobler\",\"image\":{\"@type\":\"ImageObject\",\"inLanguage\":\"de\",\"@id\":\"https:\\\/\\\/secure.gravatar.com\\\/avatar\\\/7ed75d18f117c58598b89fcf3ec9fda3311f3fbda827ac1502944a0804d87b7f?s=96&d=mm&r=g\",\"url\":\"https:\\\/\\\/secure.gravatar.com\\\/avatar\\\/7ed75d18f117c58598b89fcf3ec9fda3311f3fbda827ac1502944a0804d87b7f?s=96&d=mm&r=g\",\"contentUrl\":\"https:\\\/\\\/secure.gravatar.com\\\/avatar\\\/7ed75d18f117c58598b89fcf3ec9fda3311f3fbda827ac1502944a0804d87b7f?s=96&d=mm&r=g\",\"caption\":\"armin kobler\"},\"sameAs\":[\"http:\\\/\\\/\"],\"url\":\"https:\\\/\\\/www.kobler-margreid.com\\\/blog\\\/blog\\\/author\\\/armin-kobler\\\/\"}]}<\/script>\n<!-- \/ Yoast SEO plugin. -->","yoast_head_json":{"title":"Vinitaly 09 4. Tag - 4\u00b0 giorno: L'indiscutibile gusto italiano - weinhof KOBLER weblog","robots":{"index":"index","follow":"follow","max-snippet":"max-snippet:-1","max-image-preview":"max-image-preview:large","max-video-preview":"max-video-preview:-1"},"canonical":"https:\/\/www.kobler-margreid.com\/blog\/blog\/2009\/04\/06\/vinitaly-09-4-tag-4\u00b0-giorno-lindiscutibile-gusto-italiano\/","og_locale":"de_DE","og_type":"article","og_title":"Vinitaly 09 4. Tag - 4\u00b0 giorno: L'indiscutibile gusto italiano - weinhof KOBLER weblog","og_description":"Mit dem Spruch &#8222;Der unbestreitbare italienische Geschmack&#8220; tritt auf der Vinitaly das italienische Landwirtschaftsministerium auf und macht auf einem relativ gro\u00dfem Stand auf seine T\u00e4tigkeiten aufmerksam. Ohne es wahrscheinlich zu wollen, widersprechen sie diesem Slogan und machen deutlich, dass Landwirtschaftspolitik\u00a0 &hellip; Weiterlesen &rarr;","og_url":"https:\/\/www.kobler-margreid.com\/blog\/blog\/2009\/04\/06\/vinitaly-09-4-tag-4\u00b0-giorno-lindiscutibile-gusto-italiano\/","og_site_name":"weinhof KOBLER weblog","article_publisher":"https:\/\/www.facebook.com\/armin.kobler\/","article_published_time":"2009-04-05T23:01:14+00:00","article_modified_time":"2009-04-06T20:04:47+00:00","og_image":[{"url":"http:\/\/www.kobler-margreid.com\/blog\/wp-content\/2009\/04\/2009-04-05_17-57-081.jpg","type":"","width":"","height":""}],"author":"armin kobler","twitter_card":"summary_large_image","twitter_misc":{"Verfasst von":"armin kobler","Gesch\u00e4tzte Lesezeit":"2\u00a0Minuten"},"schema":{"@context":"https:\/\/schema.org","@graph":[{"@type":"Article","@id":"https:\/\/www.kobler-margreid.com\/blog\/blog\/2009\/04\/06\/vinitaly-09-4-tag-4%c2%b0-giorno-lindiscutibile-gusto-italiano\/#article","isPartOf":{"@id":"https:\/\/www.kobler-margreid.com\/blog\/blog\/2009\/04\/06\/vinitaly-09-4-tag-4%c2%b0-giorno-lindiscutibile-gusto-italiano\/"},"author":{"name":"armin kobler","@id":"https:\/\/www.kobler-margreid.com\/blog\/#\/schema\/person\/fcca96145437484793adb0529dc48706"},"headline":"Vinitaly 09 4. Tag &#8211; 4\u00b0 giorno: L&#8217;indiscutibile gusto italiano","datePublished":"2009-04-05T23:01:14+00:00","dateModified":"2009-04-06T20:04:47+00:00","mainEntityOfPage":{"@id":"https:\/\/www.kobler-margreid.com\/blog\/blog\/2009\/04\/06\/vinitaly-09-4-tag-4%c2%b0-giorno-lindiscutibile-gusto-italiano\/"},"wordCount":385,"commentCount":4,"publisher":{"@id":"https:\/\/www.kobler-margreid.com\/blog\/#\/schema\/person\/6a2290c17f680f59c1fa7e1c7a36df3a"},"image":{"@id":"https:\/\/www.kobler-margreid.com\/blog\/blog\/2009\/04\/06\/vinitaly-09-4-tag-4%c2%b0-giorno-lindiscutibile-gusto-italiano\/#primaryimage"},"thumbnailUrl":"http:\/\/www.kobler-margreid.com\/blog\/wp-content\/2009\/04\/2009-04-05_17-57-081.jpg","keywords":["Landwirtschaftsministerium","Ministero delle politiche agricole alimentari e forestali","Vinitaly 2009"],"articleSection":["\u00d6ffentlichkeitsarbeit - Pubbliche relazioni"],"inLanguage":"de","potentialAction":[{"@type":"CommentAction","name":"Comment","target":["https:\/\/www.kobler-margreid.com\/blog\/blog\/2009\/04\/06\/vinitaly-09-4-tag-4%c2%b0-giorno-lindiscutibile-gusto-italiano\/#respond"]}]},{"@type":"WebPage","@id":"https:\/\/www.kobler-margreid.com\/blog\/blog\/2009\/04\/06\/vinitaly-09-4-tag-4%c2%b0-giorno-lindiscutibile-gusto-italiano\/","url":"https:\/\/www.kobler-margreid.com\/blog\/blog\/2009\/04\/06\/vinitaly-09-4-tag-4%c2%b0-giorno-lindiscutibile-gusto-italiano\/","name":"Vinitaly 09 4. Tag - 4\u00b0 giorno: L'indiscutibile gusto italiano - weinhof KOBLER weblog","isPartOf":{"@id":"https:\/\/www.kobler-margreid.com\/blog\/#website"},"primaryImageOfPage":{"@id":"https:\/\/www.kobler-margreid.com\/blog\/blog\/2009\/04\/06\/vinitaly-09-4-tag-4%c2%b0-giorno-lindiscutibile-gusto-italiano\/#primaryimage"},"image":{"@id":"https:\/\/www.kobler-margreid.com\/blog\/blog\/2009\/04\/06\/vinitaly-09-4-tag-4%c2%b0-giorno-lindiscutibile-gusto-italiano\/#primaryimage"},"thumbnailUrl":"http:\/\/www.kobler-margreid.com\/blog\/wp-content\/2009\/04\/2009-04-05_17-57-081.jpg","datePublished":"2009-04-05T23:01:14+00:00","dateModified":"2009-04-06T20:04:47+00:00","breadcrumb":{"@id":"https:\/\/www.kobler-margreid.com\/blog\/blog\/2009\/04\/06\/vinitaly-09-4-tag-4%c2%b0-giorno-lindiscutibile-gusto-italiano\/#breadcrumb"},"inLanguage":"de","potentialAction":[{"@type":"ReadAction","target":["https:\/\/www.kobler-margreid.com\/blog\/blog\/2009\/04\/06\/vinitaly-09-4-tag-4%c2%b0-giorno-lindiscutibile-gusto-italiano\/"]}]},{"@type":"ImageObject","inLanguage":"de","@id":"https:\/\/www.kobler-margreid.com\/blog\/blog\/2009\/04\/06\/vinitaly-09-4-tag-4%c2%b0-giorno-lindiscutibile-gusto-italiano\/#primaryimage","url":"http:\/\/www.kobler-margreid.com\/blog\/wp-content\/2009\/04\/2009-04-05_17-57-081.jpg","contentUrl":"http:\/\/www.kobler-margreid.com\/blog\/wp-content\/2009\/04\/2009-04-05_17-57-081.jpg"},{"@type":"BreadcrumbList","@id":"https:\/\/www.kobler-margreid.com\/blog\/blog\/2009\/04\/06\/vinitaly-09-4-tag-4%c2%b0-giorno-lindiscutibile-gusto-italiano\/#breadcrumb","itemListElement":[{"@type":"ListItem","position":1,"name":"Startseite","item":"https:\/\/www.kobler-margreid.com\/blog\/"},{"@type":"ListItem","position":2,"name":"Vinitaly 09 4. Tag &#8211; 4\u00b0 giorno: L&#8217;indiscutibile gusto italiano"}]},{"@type":"WebSite","@id":"https:\/\/www.kobler-margreid.com\/blog\/#website","url":"https:\/\/www.kobler-margreid.com\/blog\/","name":"weinhof KOBLER weblog","description":"dem wein ganz nah \u2013 all&#039;interno del vino","publisher":{"@id":"https:\/\/www.kobler-margreid.com\/blog\/#\/schema\/person\/6a2290c17f680f59c1fa7e1c7a36df3a"},"potentialAction":[{"@type":"SearchAction","target":{"@type":"EntryPoint","urlTemplate":"https:\/\/www.kobler-margreid.com\/blog\/?s={search_term_string}"},"query-input":{"@type":"PropertyValueSpecification","valueRequired":true,"valueName":"search_term_string"}}],"inLanguage":"de"},{"@type":["Person","Organization"],"@id":"https:\/\/www.kobler-margreid.com\/blog\/#\/schema\/person\/6a2290c17f680f59c1fa7e1c7a36df3a","name":"armin kobler","image":{"@type":"ImageObject","inLanguage":"de","@id":"https:\/\/www.kobler-margreid.com\/blog\/wp-content\/2023\/11\/2012-05-08_09-33-03a.jpg","url":"https:\/\/www.kobler-margreid.com\/blog\/wp-content\/2023\/11\/2012-05-08_09-33-03a.jpg","contentUrl":"https:\/\/www.kobler-margreid.com\/blog\/wp-content\/2023\/11\/2012-05-08_09-33-03a.jpg","width":1088,"height":1184,"caption":"armin kobler"},"logo":{"@id":"https:\/\/www.kobler-margreid.com\/blog\/wp-content\/2023\/11\/2012-05-08_09-33-03a.jpg"},"sameAs":["http:\/\/www.kobler-margreid.com","https:\/\/www.facebook.com\/armin.kobler\/"]},{"@type":"Person","@id":"https:\/\/www.kobler-margreid.com\/blog\/#\/schema\/person\/fcca96145437484793adb0529dc48706","name":"armin kobler","image":{"@type":"ImageObject","inLanguage":"de","@id":"https:\/\/secure.gravatar.com\/avatar\/7ed75d18f117c58598b89fcf3ec9fda3311f3fbda827ac1502944a0804d87b7f?s=96&d=mm&r=g","url":"https:\/\/secure.gravatar.com\/avatar\/7ed75d18f117c58598b89fcf3ec9fda3311f3fbda827ac1502944a0804d87b7f?s=96&d=mm&r=g","contentUrl":"https:\/\/secure.gravatar.com\/avatar\/7ed75d18f117c58598b89fcf3ec9fda3311f3fbda827ac1502944a0804d87b7f?s=96&d=mm&r=g","caption":"armin kobler"},"sameAs":["http:\/\/"],"url":"https:\/\/www.kobler-margreid.com\/blog\/blog\/author\/armin-kobler\/"}]}},"_links":{"self":[{"href":"https:\/\/www.kobler-margreid.com\/blog\/wp-json\/wp\/v2\/posts\/1630","targetHints":{"allow":["GET"]}}],"collection":[{"href":"https:\/\/www.kobler-margreid.com\/blog\/wp-json\/wp\/v2\/posts"}],"about":[{"href":"https:\/\/www.kobler-margreid.com\/blog\/wp-json\/wp\/v2\/types\/post"}],"author":[{"embeddable":true,"href":"https:\/\/www.kobler-margreid.com\/blog\/wp-json\/wp\/v2\/users\/6"}],"replies":[{"embeddable":true,"href":"https:\/\/www.kobler-margreid.com\/blog\/wp-json\/wp\/v2\/comments?post=1630"}],"version-history":[{"count":0,"href":"https:\/\/www.kobler-margreid.com\/blog\/wp-json\/wp\/v2\/posts\/1630\/revisions"}],"wp:attachment":[{"href":"https:\/\/www.kobler-margreid.com\/blog\/wp-json\/wp\/v2\/media?parent=1630"}],"wp:term":[{"taxonomy":"category","embeddable":true,"href":"https:\/\/www.kobler-margreid.com\/blog\/wp-json\/wp\/v2\/categories?post=1630"},{"taxonomy":"post_tag","embeddable":true,"href":"https:\/\/www.kobler-margreid.com\/blog\/wp-json\/wp\/v2\/tags?post=1630"}],"curies":[{"name":"wp","href":"https:\/\/api.w.org\/{rel}","templated":true}]}}