{"id":1668,"date":"2009-04-06T22:56:58","date_gmt":"2009-04-06T21:56:58","guid":{"rendered":"http:\/\/www.kobler-margreid.com\/blog\/?p=1668"},"modified":"2009-04-16T22:55:21","modified_gmt":"2009-04-16T21:55:21","slug":"vinitaly-09-5-tag-5%c2%b0-giorno-crisis-what-crisis","status":"publish","type":"post","link":"https:\/\/www.kobler-margreid.com\/blog\/blog\/2009\/04\/06\/vinitaly-09-5-tag-5%c2%b0-giorno-crisis-what-crisis\/","title":{"rendered":"Vinitaly 09 5. Tag &#8211; 5\u00b0 giorno: Crisis? What Crisis?"},"content":{"rendered":"<p><a href=\"http:\/\/www.kobler-margreid.com\/blog\/wp-content\/2009\/04\/2009-04-04_16-01-06.jpg\" rel=\"lightbox[1668]\"><img loading=\"lazy\" decoding=\"async\" class=\"float left alignleft size-full wp-image-1670\" style=\"border: 0pt none; margin: 0px 5px;\" title=\"2009-04-04_16-01-06\" src=\"http:\/\/www.kobler-margreid.com\/blog\/wp-content\/imagescaler\/5828fa8f6e8a18688922eacff6cd5a4c.jpg\" alt=\"2009-04-04_16-01-06\" width=\"368\" height=\"276\" \/><\/a>So, nun ist auch diese Vinitaly Geschichte. Die Aufdeckung eines Weinskandals hat es zum Gl\u00fcck nicht gegeben und die Besucheranzahl ist mit jener der vorigen Jahre durchaus vergleichbar, von einigen wird sie sogar als h\u00f6her eingestuft. Dies und das Verhalten der interessierten Standbesucher l\u00e4sst mich fragen: <a title=\"Youtube: Crisis? What Crisis?\" href=\"http:\/\/www.youtube.com\/watch?v=wFR-gzl-2js\" target=\"_blank\">Crisis? What Crisis?<\/a><\/p>\n<p><em>Ecco, anche questo Vinitaly \u00e8 passato. Per fortuna non \u00e8 stato svelato nessun scandalo e il numero dei visitatori \u00e8 rapportabile a quello degli altri anni, alcuni lo considerano addirittura maggiore. Questo dato di fatto mi lascia chiedere: <a title=\"Youtube: Crisis? What Crisis?\" href=\"http:\/\/www.youtube.com\/watch?v=wFR-gzl-2js\" target=\"_blank\">Crisis? What Crisis?<\/a><\/em><\/p>\n<p><em><!--more--><\/em>Mit dieser sicherlich etwas oberfl\u00e4chlichen Einsch\u00e4tzung bin ich nicht alleine, auch gr\u00f6\u00dfere Betriebe sind der Meinung, dass uns S\u00fcdtiroler Betriebe die Wirtschaftskrise gestreift aber nicht getroffen hat, zumindest bis jetzt. Sicher ist auch, dass Interesse nicht unbedingt echte Produktnachfrage mit sich bringen muss. Insofern geht es jetzt darum, die Messe sauber nachzuarbeiten. Ein Problem wird aber in jedem Fall bleiben und wahrscheinlich sich sogar verschlimmern: die Zahlungs(un)moral.<\/p>\n<p><em>Non sono il solo a fare queste considerazioni sicuramente un po&#8216; superficiali, ma anche aziende molto pi\u00f9 grandi sono dell&#8217;opinione che la crisi mondiale abbia colpito le aziende sudtirolesi solo di striscio, non frontalmente, almeno per ora. Certo \u00e8 anche che l&#8217;interesse non si debba tradurre necessariamente in acquisti. Anche per questo \u00e8 importante stare dietro nelle prossime settimane ai nuovi contatti. Ma un problema rimar\u00e0 e peggiorer\u00e0 sicuramente: i pagamenti dilatati.<\/em><\/p>\n<p>Vom freundschaftlichen Gesichtspunkt her betrachtet, kann diese Vinitaly schon jetzt als gro\u00dfer Erfolg verbucht werden: Besonders meine Web-Bekanntschaften machten sich mit Standbesuchen angenehm bemerkbar. Nachdem ich sicher einige Namen vergessen w\u00fcrde zu nennen, bevorzuge ich die Internet-Seiten zu zitieren, von wo ich sie kenne,: <a title=\"Arisitide - blog di viaggio nel vino\" href=\"http:\/\/www.aristide.biz\/\" target=\"_blank\">Aristide<\/a>, <a href=\"http:\/\/www.dissapore.com\/\" target=\"_blank\">Dissapore<\/a>, <a title=\"FaceBook\" href=\"http:\/\/www.facebook.com\">FaceBook<\/a>, <a title=\"Rex Bibendi\" href=\"http:\/\/www.rexbibendi.com\" target=\"_blank\">RexBibendi<\/a>, <a title=\"Vinix\" href=\"http:\/\/vinix.it\" target=\"_blank\">Vinix<\/a>, <a title=\"Vino da Burde\" href=\"http:\/\/vinodaburde.simplicissimus.it\/\" target=\"_blank\">Vino da Burde<\/a>, <a title=\"Vino Pigro\" href=\"http:\/\/www.tigulliovino.it\/vinopigro\/\" target=\"_blank\">Vino pigro<\/a>, <a title=\"Xing\" href=\"https:\/\/www.xing.com\/\" target=\"_blank\">Xing<\/a>. Allen ein herzliches Dankesch\u00f6n!<\/p>\n<p><em>Visto dal punto di vista sociale posso considerare il Vinitaly gi\u00e0 adesso un grande successo. Specialmente i contatti instaurati via web si sono fatti sentire. Siccome dimenticherei sicuramente alcuni nomi preferisco citare i siti, dove ci siamo conosciuti: <\/em><a title=\"Arisitide - blog di viaggio nel vino\" href=\"http:\/\/www.aristide.biz\/\" target=\"_blank\">Aristide<\/a>, <a href=\"http:\/\/www.dissapore.com\/\" target=\"_blank\">Dissapore<\/a>, <a title=\"FaceBook\" href=\"http:\/\/www.facebook.com\">FaceBook<\/a>, <a title=\"Rex Bibendi\" href=\"http:\/\/www.rexbibendi.com\" target=\"_blank\">RexBibendi<\/a>, <a title=\"Vinix\" href=\"http:\/\/vinix.it\" target=\"_blank\">Vinix<\/a>, <a title=\"Vino da Burde\" href=\"http:\/\/vinodaburde.simplicissimus.it\/\" target=\"_blank\">Vino da Burde<\/a>, <a title=\"Vino Pigro\" href=\"http:\/\/www.tigulliovino.it\/vinopigro\/\" target=\"_blank\">Vino pigro<\/a>, <a title=\"Xing\" href=\"https:\/\/www.xing.com\/\" target=\"_blank\">Xing<\/a>. A tutti un sentito grazie!<\/p>\n<p><em><br \/>\n<\/em><\/p>\n<p><em><br \/>\n<\/em><\/p>\n","protected":false},"excerpt":{"rendered":"<p>So, nun ist auch diese Vinitaly Geschichte. Die Aufdeckung eines Weinskandals hat es zum Gl\u00fcck nicht gegeben und die Besucheranzahl ist mit jener der vorigen Jahre durchaus vergleichbar, von einigen wird sie sogar als h\u00f6her eingestuft. Dies und das Verhalten &hellip; <a href=\"https:\/\/www.kobler-margreid.com\/blog\/blog\/2009\/04\/06\/vinitaly-09-5-tag-5%c2%b0-giorno-crisis-what-crisis\/\">Weiterlesen <span class=\"meta-nav\">&rarr;<\/span><\/a><\/p>\n","protected":false},"author":6,"featured_media":0,"comment_status":"open","ping_status":"open","sticky":false,"template":"","format":"standard","meta":{"ngg_post_thumbnail":0,"footnotes":"","_links_to":"","_links_to_target":""},"categories":[9],"tags":[347,363,364,365,349,346,368,366,367],"class_list":["post-1668","post","type-post","status-publish","format-standard","hentry","category-oeffentlichkeitsarbeit","tag-aristide","tag-dissapore","tag-facebook","tag-rexbibendi","tag-vinitaly-2009","tag-vinix","tag-vino-da-burde","tag-vino-pigro","tag-xing"],"yoast_head":"<!-- This site is optimized with the Yoast SEO plugin v27.5 - https:\/\/yoast.com\/product\/yoast-seo-wordpress\/ -->\n<title>Vinitaly 09 5. Tag - 5\u00b0 giorno: Crisis? What Crisis? - weinhof KOBLER weblog<\/title>\n<meta name=\"robots\" content=\"index, follow, max-snippet:-1, max-image-preview:large, max-video-preview:-1\" \/>\n<link rel=\"canonical\" href=\"https:\/\/www.kobler-margreid.com\/blog\/blog\/2009\/04\/06\/vinitaly-09-5-tag-5\u00b0-giorno-crisis-what-crisis\/\" \/>\n<meta property=\"og:locale\" content=\"de_DE\" \/>\n<meta property=\"og:type\" content=\"article\" \/>\n<meta property=\"og:title\" content=\"Vinitaly 09 5. Tag - 5\u00b0 giorno: Crisis? What Crisis? - weinhof KOBLER weblog\" \/>\n<meta property=\"og:description\" content=\"So, nun ist auch diese Vinitaly Geschichte. Die Aufdeckung eines Weinskandals hat es zum Gl\u00fcck nicht gegeben und die Besucheranzahl ist mit jener der vorigen Jahre durchaus vergleichbar, von einigen wird sie sogar als h\u00f6her eingestuft. Dies und das Verhalten &hellip; Weiterlesen &rarr;\" \/>\n<meta property=\"og:url\" content=\"https:\/\/www.kobler-margreid.com\/blog\/blog\/2009\/04\/06\/vinitaly-09-5-tag-5\u00b0-giorno-crisis-what-crisis\/\" \/>\n<meta property=\"og:site_name\" content=\"weinhof KOBLER weblog\" \/>\n<meta property=\"article:publisher\" content=\"https:\/\/www.facebook.com\/armin.kobler\/\" \/>\n<meta property=\"article:published_time\" content=\"2009-04-06T21:56:58+00:00\" \/>\n<meta property=\"article:modified_time\" content=\"2009-04-16T21:55:21+00:00\" \/>\n<meta property=\"og:image\" content=\"http:\/\/www.kobler-margreid.com\/blog\/wp-content\/imagescaler\/5828fa8f6e8a18688922eacff6cd5a4c.jpg\" \/>\n<meta name=\"author\" content=\"armin kobler\" \/>\n<meta name=\"twitter:card\" content=\"summary_large_image\" \/>\n<meta name=\"twitter:label1\" content=\"Verfasst von\" \/>\n\t<meta name=\"twitter:data1\" content=\"armin kobler\" \/>\n\t<meta name=\"twitter:label2\" content=\"Gesch\u00e4tzte Lesezeit\" \/>\n\t<meta name=\"twitter:data2\" content=\"2\u00a0Minuten\" \/>\n<script type=\"application\/ld+json\" class=\"yoast-schema-graph\">{\"@context\":\"https:\\\/\\\/schema.org\",\"@graph\":[{\"@type\":\"Article\",\"@id\":\"https:\\\/\\\/www.kobler-margreid.com\\\/blog\\\/blog\\\/2009\\\/04\\\/06\\\/vinitaly-09-5-tag-5%c2%b0-giorno-crisis-what-crisis\\\/#article\",\"isPartOf\":{\"@id\":\"https:\\\/\\\/www.kobler-margreid.com\\\/blog\\\/blog\\\/2009\\\/04\\\/06\\\/vinitaly-09-5-tag-5%c2%b0-giorno-crisis-what-crisis\\\/\"},\"author\":{\"name\":\"armin kobler\",\"@id\":\"https:\\\/\\\/www.kobler-margreid.com\\\/blog\\\/#\\\/schema\\\/person\\\/fcca96145437484793adb0529dc48706\"},\"headline\":\"Vinitaly 09 5. Tag &#8211; 5\u00b0 giorno: Crisis? What Crisis?\",\"datePublished\":\"2009-04-06T21:56:58+00:00\",\"dateModified\":\"2009-04-16T21:55:21+00:00\",\"mainEntityOfPage\":{\"@id\":\"https:\\\/\\\/www.kobler-margreid.com\\\/blog\\\/blog\\\/2009\\\/04\\\/06\\\/vinitaly-09-5-tag-5%c2%b0-giorno-crisis-what-crisis\\\/\"},\"wordCount\":356,\"commentCount\":4,\"publisher\":{\"@id\":\"https:\\\/\\\/www.kobler-margreid.com\\\/blog\\\/#\\\/schema\\\/person\\\/6a2290c17f680f59c1fa7e1c7a36df3a\"},\"image\":{\"@id\":\"https:\\\/\\\/www.kobler-margreid.com\\\/blog\\\/blog\\\/2009\\\/04\\\/06\\\/vinitaly-09-5-tag-5%c2%b0-giorno-crisis-what-crisis\\\/#primaryimage\"},\"thumbnailUrl\":\"http:\\\/\\\/www.kobler-margreid.com\\\/blog\\\/wp-content\\\/imagescaler\\\/5828fa8f6e8a18688922eacff6cd5a4c.jpg\",\"keywords\":[\"Aristide\",\"Dissapore\",\"FaceBook\",\"RexBibendi\",\"Vinitaly 2009\",\"Vinix\",\"Vino da Burde\",\"Vino pigro\",\"Xing\"],\"articleSection\":[\"\u00d6ffentlichkeitsarbeit - Pubbliche relazioni\"],\"inLanguage\":\"de\",\"potentialAction\":[{\"@type\":\"CommentAction\",\"name\":\"Comment\",\"target\":[\"https:\\\/\\\/www.kobler-margreid.com\\\/blog\\\/blog\\\/2009\\\/04\\\/06\\\/vinitaly-09-5-tag-5%c2%b0-giorno-crisis-what-crisis\\\/#respond\"]}]},{\"@type\":\"WebPage\",\"@id\":\"https:\\\/\\\/www.kobler-margreid.com\\\/blog\\\/blog\\\/2009\\\/04\\\/06\\\/vinitaly-09-5-tag-5%c2%b0-giorno-crisis-what-crisis\\\/\",\"url\":\"https:\\\/\\\/www.kobler-margreid.com\\\/blog\\\/blog\\\/2009\\\/04\\\/06\\\/vinitaly-09-5-tag-5%c2%b0-giorno-crisis-what-crisis\\\/\",\"name\":\"Vinitaly 09 5. Tag - 5\u00b0 giorno: Crisis? What Crisis? - weinhof KOBLER weblog\",\"isPartOf\":{\"@id\":\"https:\\\/\\\/www.kobler-margreid.com\\\/blog\\\/#website\"},\"primaryImageOfPage\":{\"@id\":\"https:\\\/\\\/www.kobler-margreid.com\\\/blog\\\/blog\\\/2009\\\/04\\\/06\\\/vinitaly-09-5-tag-5%c2%b0-giorno-crisis-what-crisis\\\/#primaryimage\"},\"image\":{\"@id\":\"https:\\\/\\\/www.kobler-margreid.com\\\/blog\\\/blog\\\/2009\\\/04\\\/06\\\/vinitaly-09-5-tag-5%c2%b0-giorno-crisis-what-crisis\\\/#primaryimage\"},\"thumbnailUrl\":\"http:\\\/\\\/www.kobler-margreid.com\\\/blog\\\/wp-content\\\/imagescaler\\\/5828fa8f6e8a18688922eacff6cd5a4c.jpg\",\"datePublished\":\"2009-04-06T21:56:58+00:00\",\"dateModified\":\"2009-04-16T21:55:21+00:00\",\"breadcrumb\":{\"@id\":\"https:\\\/\\\/www.kobler-margreid.com\\\/blog\\\/blog\\\/2009\\\/04\\\/06\\\/vinitaly-09-5-tag-5%c2%b0-giorno-crisis-what-crisis\\\/#breadcrumb\"},\"inLanguage\":\"de\",\"potentialAction\":[{\"@type\":\"ReadAction\",\"target\":[\"https:\\\/\\\/www.kobler-margreid.com\\\/blog\\\/blog\\\/2009\\\/04\\\/06\\\/vinitaly-09-5-tag-5%c2%b0-giorno-crisis-what-crisis\\\/\"]}]},{\"@type\":\"ImageObject\",\"inLanguage\":\"de\",\"@id\":\"https:\\\/\\\/www.kobler-margreid.com\\\/blog\\\/blog\\\/2009\\\/04\\\/06\\\/vinitaly-09-5-tag-5%c2%b0-giorno-crisis-what-crisis\\\/#primaryimage\",\"url\":\"https:\\\/\\\/www.kobler-margreid.com\\\/blog\\\/wp-content\\\/2009\\\/04\\\/2009-04-04_16-01-06.jpg\",\"contentUrl\":\"https:\\\/\\\/www.kobler-margreid.com\\\/blog\\\/wp-content\\\/2009\\\/04\\\/2009-04-04_16-01-06.jpg\",\"width\":\"1024\",\"height\":\"768\"},{\"@type\":\"BreadcrumbList\",\"@id\":\"https:\\\/\\\/www.kobler-margreid.com\\\/blog\\\/blog\\\/2009\\\/04\\\/06\\\/vinitaly-09-5-tag-5%c2%b0-giorno-crisis-what-crisis\\\/#breadcrumb\",\"itemListElement\":[{\"@type\":\"ListItem\",\"position\":1,\"name\":\"Startseite\",\"item\":\"https:\\\/\\\/www.kobler-margreid.com\\\/blog\\\/\"},{\"@type\":\"ListItem\",\"position\":2,\"name\":\"Vinitaly 09 5. Tag &#8211; 5\u00b0 giorno: Crisis? What Crisis?\"}]},{\"@type\":\"WebSite\",\"@id\":\"https:\\\/\\\/www.kobler-margreid.com\\\/blog\\\/#website\",\"url\":\"https:\\\/\\\/www.kobler-margreid.com\\\/blog\\\/\",\"name\":\"weinhof KOBLER weblog\",\"description\":\"dem wein ganz nah \u2013 all&#039;interno del vino\",\"publisher\":{\"@id\":\"https:\\\/\\\/www.kobler-margreid.com\\\/blog\\\/#\\\/schema\\\/person\\\/6a2290c17f680f59c1fa7e1c7a36df3a\"},\"potentialAction\":[{\"@type\":\"SearchAction\",\"target\":{\"@type\":\"EntryPoint\",\"urlTemplate\":\"https:\\\/\\\/www.kobler-margreid.com\\\/blog\\\/?s={search_term_string}\"},\"query-input\":{\"@type\":\"PropertyValueSpecification\",\"valueRequired\":true,\"valueName\":\"search_term_string\"}}],\"inLanguage\":\"de\"},{\"@type\":[\"Person\",\"Organization\"],\"@id\":\"https:\\\/\\\/www.kobler-margreid.com\\\/blog\\\/#\\\/schema\\\/person\\\/6a2290c17f680f59c1fa7e1c7a36df3a\",\"name\":\"armin kobler\",\"image\":{\"@type\":\"ImageObject\",\"inLanguage\":\"de\",\"@id\":\"https:\\\/\\\/www.kobler-margreid.com\\\/blog\\\/wp-content\\\/2023\\\/11\\\/2012-05-08_09-33-03a.jpg\",\"url\":\"https:\\\/\\\/www.kobler-margreid.com\\\/blog\\\/wp-content\\\/2023\\\/11\\\/2012-05-08_09-33-03a.jpg\",\"contentUrl\":\"https:\\\/\\\/www.kobler-margreid.com\\\/blog\\\/wp-content\\\/2023\\\/11\\\/2012-05-08_09-33-03a.jpg\",\"width\":1088,\"height\":1184,\"caption\":\"armin kobler\"},\"logo\":{\"@id\":\"https:\\\/\\\/www.kobler-margreid.com\\\/blog\\\/wp-content\\\/2023\\\/11\\\/2012-05-08_09-33-03a.jpg\"},\"sameAs\":[\"http:\\\/\\\/www.kobler-margreid.com\",\"https:\\\/\\\/www.facebook.com\\\/armin.kobler\\\/\"]},{\"@type\":\"Person\",\"@id\":\"https:\\\/\\\/www.kobler-margreid.com\\\/blog\\\/#\\\/schema\\\/person\\\/fcca96145437484793adb0529dc48706\",\"name\":\"armin kobler\",\"image\":{\"@type\":\"ImageObject\",\"inLanguage\":\"de\",\"@id\":\"https:\\\/\\\/secure.gravatar.com\\\/avatar\\\/7ed75d18f117c58598b89fcf3ec9fda3311f3fbda827ac1502944a0804d87b7f?s=96&d=mm&r=g\",\"url\":\"https:\\\/\\\/secure.gravatar.com\\\/avatar\\\/7ed75d18f117c58598b89fcf3ec9fda3311f3fbda827ac1502944a0804d87b7f?s=96&d=mm&r=g\",\"contentUrl\":\"https:\\\/\\\/secure.gravatar.com\\\/avatar\\\/7ed75d18f117c58598b89fcf3ec9fda3311f3fbda827ac1502944a0804d87b7f?s=96&d=mm&r=g\",\"caption\":\"armin kobler\"},\"sameAs\":[\"http:\\\/\\\/\"],\"url\":\"https:\\\/\\\/www.kobler-margreid.com\\\/blog\\\/blog\\\/author\\\/armin-kobler\\\/\"}]}<\/script>\n<!-- \/ Yoast SEO plugin. -->","yoast_head_json":{"title":"Vinitaly 09 5. Tag - 5\u00b0 giorno: Crisis? What Crisis? - weinhof KOBLER weblog","robots":{"index":"index","follow":"follow","max-snippet":"max-snippet:-1","max-image-preview":"max-image-preview:large","max-video-preview":"max-video-preview:-1"},"canonical":"https:\/\/www.kobler-margreid.com\/blog\/blog\/2009\/04\/06\/vinitaly-09-5-tag-5\u00b0-giorno-crisis-what-crisis\/","og_locale":"de_DE","og_type":"article","og_title":"Vinitaly 09 5. Tag - 5\u00b0 giorno: Crisis? What Crisis? - weinhof KOBLER weblog","og_description":"So, nun ist auch diese Vinitaly Geschichte. Die Aufdeckung eines Weinskandals hat es zum Gl\u00fcck nicht gegeben und die Besucheranzahl ist mit jener der vorigen Jahre durchaus vergleichbar, von einigen wird sie sogar als h\u00f6her eingestuft. Dies und das Verhalten &hellip; Weiterlesen &rarr;","og_url":"https:\/\/www.kobler-margreid.com\/blog\/blog\/2009\/04\/06\/vinitaly-09-5-tag-5\u00b0-giorno-crisis-what-crisis\/","og_site_name":"weinhof KOBLER weblog","article_publisher":"https:\/\/www.facebook.com\/armin.kobler\/","article_published_time":"2009-04-06T21:56:58+00:00","article_modified_time":"2009-04-16T21:55:21+00:00","og_image":[{"url":"http:\/\/www.kobler-margreid.com\/blog\/wp-content\/imagescaler\/5828fa8f6e8a18688922eacff6cd5a4c.jpg","type":"","width":"","height":""}],"author":"armin kobler","twitter_card":"summary_large_image","twitter_misc":{"Verfasst von":"armin kobler","Gesch\u00e4tzte Lesezeit":"2\u00a0Minuten"},"schema":{"@context":"https:\/\/schema.org","@graph":[{"@type":"Article","@id":"https:\/\/www.kobler-margreid.com\/blog\/blog\/2009\/04\/06\/vinitaly-09-5-tag-5%c2%b0-giorno-crisis-what-crisis\/#article","isPartOf":{"@id":"https:\/\/www.kobler-margreid.com\/blog\/blog\/2009\/04\/06\/vinitaly-09-5-tag-5%c2%b0-giorno-crisis-what-crisis\/"},"author":{"name":"armin kobler","@id":"https:\/\/www.kobler-margreid.com\/blog\/#\/schema\/person\/fcca96145437484793adb0529dc48706"},"headline":"Vinitaly 09 5. Tag &#8211; 5\u00b0 giorno: Crisis? What Crisis?","datePublished":"2009-04-06T21:56:58+00:00","dateModified":"2009-04-16T21:55:21+00:00","mainEntityOfPage":{"@id":"https:\/\/www.kobler-margreid.com\/blog\/blog\/2009\/04\/06\/vinitaly-09-5-tag-5%c2%b0-giorno-crisis-what-crisis\/"},"wordCount":356,"commentCount":4,"publisher":{"@id":"https:\/\/www.kobler-margreid.com\/blog\/#\/schema\/person\/6a2290c17f680f59c1fa7e1c7a36df3a"},"image":{"@id":"https:\/\/www.kobler-margreid.com\/blog\/blog\/2009\/04\/06\/vinitaly-09-5-tag-5%c2%b0-giorno-crisis-what-crisis\/#primaryimage"},"thumbnailUrl":"http:\/\/www.kobler-margreid.com\/blog\/wp-content\/imagescaler\/5828fa8f6e8a18688922eacff6cd5a4c.jpg","keywords":["Aristide","Dissapore","FaceBook","RexBibendi","Vinitaly 2009","Vinix","Vino da Burde","Vino pigro","Xing"],"articleSection":["\u00d6ffentlichkeitsarbeit - Pubbliche relazioni"],"inLanguage":"de","potentialAction":[{"@type":"CommentAction","name":"Comment","target":["https:\/\/www.kobler-margreid.com\/blog\/blog\/2009\/04\/06\/vinitaly-09-5-tag-5%c2%b0-giorno-crisis-what-crisis\/#respond"]}]},{"@type":"WebPage","@id":"https:\/\/www.kobler-margreid.com\/blog\/blog\/2009\/04\/06\/vinitaly-09-5-tag-5%c2%b0-giorno-crisis-what-crisis\/","url":"https:\/\/www.kobler-margreid.com\/blog\/blog\/2009\/04\/06\/vinitaly-09-5-tag-5%c2%b0-giorno-crisis-what-crisis\/","name":"Vinitaly 09 5. Tag - 5\u00b0 giorno: Crisis? What Crisis? - weinhof KOBLER weblog","isPartOf":{"@id":"https:\/\/www.kobler-margreid.com\/blog\/#website"},"primaryImageOfPage":{"@id":"https:\/\/www.kobler-margreid.com\/blog\/blog\/2009\/04\/06\/vinitaly-09-5-tag-5%c2%b0-giorno-crisis-what-crisis\/#primaryimage"},"image":{"@id":"https:\/\/www.kobler-margreid.com\/blog\/blog\/2009\/04\/06\/vinitaly-09-5-tag-5%c2%b0-giorno-crisis-what-crisis\/#primaryimage"},"thumbnailUrl":"http:\/\/www.kobler-margreid.com\/blog\/wp-content\/imagescaler\/5828fa8f6e8a18688922eacff6cd5a4c.jpg","datePublished":"2009-04-06T21:56:58+00:00","dateModified":"2009-04-16T21:55:21+00:00","breadcrumb":{"@id":"https:\/\/www.kobler-margreid.com\/blog\/blog\/2009\/04\/06\/vinitaly-09-5-tag-5%c2%b0-giorno-crisis-what-crisis\/#breadcrumb"},"inLanguage":"de","potentialAction":[{"@type":"ReadAction","target":["https:\/\/www.kobler-margreid.com\/blog\/blog\/2009\/04\/06\/vinitaly-09-5-tag-5%c2%b0-giorno-crisis-what-crisis\/"]}]},{"@type":"ImageObject","inLanguage":"de","@id":"https:\/\/www.kobler-margreid.com\/blog\/blog\/2009\/04\/06\/vinitaly-09-5-tag-5%c2%b0-giorno-crisis-what-crisis\/#primaryimage","url":"https:\/\/www.kobler-margreid.com\/blog\/wp-content\/2009\/04\/2009-04-04_16-01-06.jpg","contentUrl":"https:\/\/www.kobler-margreid.com\/blog\/wp-content\/2009\/04\/2009-04-04_16-01-06.jpg","width":"1024","height":"768"},{"@type":"BreadcrumbList","@id":"https:\/\/www.kobler-margreid.com\/blog\/blog\/2009\/04\/06\/vinitaly-09-5-tag-5%c2%b0-giorno-crisis-what-crisis\/#breadcrumb","itemListElement":[{"@type":"ListItem","position":1,"name":"Startseite","item":"https:\/\/www.kobler-margreid.com\/blog\/"},{"@type":"ListItem","position":2,"name":"Vinitaly 09 5. Tag &#8211; 5\u00b0 giorno: Crisis? What Crisis?"}]},{"@type":"WebSite","@id":"https:\/\/www.kobler-margreid.com\/blog\/#website","url":"https:\/\/www.kobler-margreid.com\/blog\/","name":"weinhof KOBLER weblog","description":"dem wein ganz nah \u2013 all&#039;interno del vino","publisher":{"@id":"https:\/\/www.kobler-margreid.com\/blog\/#\/schema\/person\/6a2290c17f680f59c1fa7e1c7a36df3a"},"potentialAction":[{"@type":"SearchAction","target":{"@type":"EntryPoint","urlTemplate":"https:\/\/www.kobler-margreid.com\/blog\/?s={search_term_string}"},"query-input":{"@type":"PropertyValueSpecification","valueRequired":true,"valueName":"search_term_string"}}],"inLanguage":"de"},{"@type":["Person","Organization"],"@id":"https:\/\/www.kobler-margreid.com\/blog\/#\/schema\/person\/6a2290c17f680f59c1fa7e1c7a36df3a","name":"armin kobler","image":{"@type":"ImageObject","inLanguage":"de","@id":"https:\/\/www.kobler-margreid.com\/blog\/wp-content\/2023\/11\/2012-05-08_09-33-03a.jpg","url":"https:\/\/www.kobler-margreid.com\/blog\/wp-content\/2023\/11\/2012-05-08_09-33-03a.jpg","contentUrl":"https:\/\/www.kobler-margreid.com\/blog\/wp-content\/2023\/11\/2012-05-08_09-33-03a.jpg","width":1088,"height":1184,"caption":"armin kobler"},"logo":{"@id":"https:\/\/www.kobler-margreid.com\/blog\/wp-content\/2023\/11\/2012-05-08_09-33-03a.jpg"},"sameAs":["http:\/\/www.kobler-margreid.com","https:\/\/www.facebook.com\/armin.kobler\/"]},{"@type":"Person","@id":"https:\/\/www.kobler-margreid.com\/blog\/#\/schema\/person\/fcca96145437484793adb0529dc48706","name":"armin kobler","image":{"@type":"ImageObject","inLanguage":"de","@id":"https:\/\/secure.gravatar.com\/avatar\/7ed75d18f117c58598b89fcf3ec9fda3311f3fbda827ac1502944a0804d87b7f?s=96&d=mm&r=g","url":"https:\/\/secure.gravatar.com\/avatar\/7ed75d18f117c58598b89fcf3ec9fda3311f3fbda827ac1502944a0804d87b7f?s=96&d=mm&r=g","contentUrl":"https:\/\/secure.gravatar.com\/avatar\/7ed75d18f117c58598b89fcf3ec9fda3311f3fbda827ac1502944a0804d87b7f?s=96&d=mm&r=g","caption":"armin kobler"},"sameAs":["http:\/\/"],"url":"https:\/\/www.kobler-margreid.com\/blog\/blog\/author\/armin-kobler\/"}]}},"_links":{"self":[{"href":"https:\/\/www.kobler-margreid.com\/blog\/wp-json\/wp\/v2\/posts\/1668","targetHints":{"allow":["GET"]}}],"collection":[{"href":"https:\/\/www.kobler-margreid.com\/blog\/wp-json\/wp\/v2\/posts"}],"about":[{"href":"https:\/\/www.kobler-margreid.com\/blog\/wp-json\/wp\/v2\/types\/post"}],"author":[{"embeddable":true,"href":"https:\/\/www.kobler-margreid.com\/blog\/wp-json\/wp\/v2\/users\/6"}],"replies":[{"embeddable":true,"href":"https:\/\/www.kobler-margreid.com\/blog\/wp-json\/wp\/v2\/comments?post=1668"}],"version-history":[{"count":0,"href":"https:\/\/www.kobler-margreid.com\/blog\/wp-json\/wp\/v2\/posts\/1668\/revisions"}],"wp:attachment":[{"href":"https:\/\/www.kobler-margreid.com\/blog\/wp-json\/wp\/v2\/media?parent=1668"}],"wp:term":[{"taxonomy":"category","embeddable":true,"href":"https:\/\/www.kobler-margreid.com\/blog\/wp-json\/wp\/v2\/categories?post=1668"},{"taxonomy":"post_tag","embeddable":true,"href":"https:\/\/www.kobler-margreid.com\/blog\/wp-json\/wp\/v2\/tags?post=1668"}],"curies":[{"name":"wp","href":"https:\/\/api.w.org\/{rel}","templated":true}]}}