{"id":1761,"date":"2009-04-17T22:12:33","date_gmt":"2009-04-17T21:12:33","guid":{"rendered":"http:\/\/www.kobler-margreid.com\/blog\/?p=1761"},"modified":"2011-07-14T23:03:19","modified_gmt":"2011-07-14T22:03:19","slug":"neuanlage-ogeaner-1-nuovo-impianto-ogeaner-1","status":"publish","type":"post","link":"https:\/\/www.kobler-margreid.com\/blog\/blog\/2009\/04\/17\/neuanlage-ogeaner-1-nuovo-impianto-ogeaner-1\/","title":{"rendered":"Neuanlage &#8222;Ogeaner&#8220; (1) &#8211; Nuovo impianto &#8222;Ogeaner&#8220; (1)"},"content":{"rendered":"<p><a href=\"http:\/\/www.kobler-margreid.com\/blog\/wp-content\/2009\/04\/2009-04-17_16-53-21.jpg\" rel=\"lightbox[1761]\"><img loading=\"lazy\" decoding=\"async\" class=\"float left alignleft size-full wp-image-1763\" style=\"border: 0pt none; margin: 0px 5px;\" title=\"2009-04-17_16-53-21\" src=\"http:\/\/www.kobler-margreid.com\/blog\/wp-content\/2009\/04\/2009-04-17_16-53-21.jpg\" alt=\"2009-04-17_16-53-21\" width=\"332\" height=\"442\" srcset=\"https:\/\/www.kobler-margreid.com\/blog\/wp-content\/2009\/04\/2009-04-17_16-53-21.jpg 768w, https:\/\/www.kobler-margreid.com\/blog\/wp-content\/2009\/04\/2009-04-17_16-53-21-225x300.jpg 225w\" sizes=\"auto, (max-width: 332px) 100vw, 332px\" \/><\/a>Genug mit den Kommunikations- und Marketingsorgien rund um der Vinitaly, jetzt wird wieder gearbeitet! N\u00e4chste Woche wird nicht nur gef\u00fcllt, auch die im Herbst gerodetete Wei\u00dfburgunder-Anlage am Ogeaner muss neu bestockt werden. Damit einhergeghend das Ausmessen der Fl\u00e4che zur Errechnung der genauen Zeilen- und Rebenzahl.<\/p>\n<p><em>Basta con tutti questi discorsi di comunicazione e di marketing <\/em><em>dentro<\/em><em> e <\/em><em>attorno<\/em><em> il Vinitaly, adesso si lavora di nuovo!\u00a0 La prossima settimana non <\/em><em>solo <\/em><em>si imbottiglia, anche la parte del vigneto Ogeaner estirpata l&#8217;autunno scorso deve venire reimpiantata. Uno dei primi lavori a proposito: il rilevamento della superficie per il calcolo esatto dei numeri di filari e delle barbatelle necessarie.<\/em><!--more--><\/p>\n<p><a href=\"http:\/\/www.kobler-margreid.com\/blog\/wp-content\/2009\/04\/2009-04-17_16-54-21.jpg\" rel=\"lightbox[1761]\"><img loading=\"lazy\" decoding=\"async\" class=\"float left alignleft size-full wp-image-1767\" style=\"border: 0pt none; margin: 5px;\" title=\"2009-04-17_16-54-21\" src=\"http:\/\/www.kobler-margreid.com\/blog\/wp-content\/imagescaler\/1711a88547b8269cae6ca7b36bd62d97.jpg\" alt=\"2009-04-17_16-54-21\" width=\"491\" height=\"368\" \/><\/a><\/p>\n","protected":false},"excerpt":{"rendered":"<p>Genug mit den Kommunikations- und Marketingsorgien rund um der Vinitaly, jetzt wird wieder gearbeitet! N\u00e4chste Woche wird nicht nur gef\u00fcllt, auch die im Herbst gerodetete Wei\u00dfburgunder-Anlage am Ogeaner muss neu bestockt werden. Damit einhergeghend das Ausmessen der Fl\u00e4che zur Errechnung &hellip; <a href=\"https:\/\/www.kobler-margreid.com\/blog\/blog\/2009\/04\/17\/neuanlage-ogeaner-1-nuovo-impianto-ogeaner-1\/\">Weiterlesen <span class=\"meta-nav\">&rarr;<\/span><\/a><\/p>\n","protected":false},"author":6,"featured_media":0,"comment_status":"open","ping_status":"open","sticky":false,"template":"","format":"standard","meta":{"ngg_post_thumbnail":0,"footnotes":"","_links_to":"","_links_to_target":""},"categories":[14],"tags":[405,402,216,956,375],"class_list":["post-1761","post","type-post","status-publish","format-standard","hentry","category-weingarten","tag-impianto-nuovo","tag-neuanlage","tag-ogeaner","tag-rilevamento","tag-vermessung"],"yoast_head":"<!-- This site is optimized with the Yoast SEO plugin v27.5 - https:\/\/yoast.com\/product\/yoast-seo-wordpress\/ -->\n<title>Neuanlage &quot;Ogeaner&quot; (1) - Nuovo impianto &quot;Ogeaner&quot; (1) - weinhof KOBLER weblog<\/title>\n<meta name=\"robots\" content=\"index, follow, max-snippet:-1, max-image-preview:large, max-video-preview:-1\" \/>\n<link rel=\"canonical\" href=\"https:\/\/www.kobler-margreid.com\/blog\/blog\/2009\/04\/17\/neuanlage-ogeaner-1-nuovo-impianto-ogeaner-1\/\" \/>\n<meta property=\"og:locale\" content=\"de_DE\" \/>\n<meta property=\"og:type\" content=\"article\" \/>\n<meta property=\"og:title\" content=\"Neuanlage &quot;Ogeaner&quot; (1) - Nuovo impianto &quot;Ogeaner&quot; (1) - weinhof KOBLER weblog\" \/>\n<meta property=\"og:description\" content=\"Genug mit den Kommunikations- und Marketingsorgien rund um der Vinitaly, jetzt wird wieder gearbeitet! N\u00e4chste Woche wird nicht nur gef\u00fcllt, auch die im Herbst gerodetete Wei\u00dfburgunder-Anlage am Ogeaner muss neu bestockt werden. Damit einhergeghend das Ausmessen der Fl\u00e4che zur Errechnung &hellip; Weiterlesen &rarr;\" \/>\n<meta property=\"og:url\" content=\"https:\/\/www.kobler-margreid.com\/blog\/blog\/2009\/04\/17\/neuanlage-ogeaner-1-nuovo-impianto-ogeaner-1\/\" \/>\n<meta property=\"og:site_name\" content=\"weinhof KOBLER weblog\" \/>\n<meta property=\"article:publisher\" content=\"https:\/\/www.facebook.com\/armin.kobler\/\" \/>\n<meta property=\"article:published_time\" content=\"2009-04-17T21:12:33+00:00\" \/>\n<meta property=\"article:modified_time\" content=\"2011-07-14T22:03:19+00:00\" \/>\n<meta property=\"og:image\" content=\"http:\/\/www.kobler-margreid.com\/blog\/wp-content\/2009\/04\/2009-04-17_16-53-21.jpg\" \/>\n<meta name=\"author\" content=\"armin kobler\" \/>\n<meta name=\"twitter:card\" content=\"summary_large_image\" \/>\n<meta name=\"twitter:label1\" content=\"Verfasst von\" \/>\n\t<meta name=\"twitter:data1\" content=\"armin kobler\" \/>\n\t<meta name=\"twitter:label2\" content=\"Gesch\u00e4tzte Lesezeit\" \/>\n\t<meta name=\"twitter:data2\" content=\"1\u00a0Minute\" \/>\n<script type=\"application\/ld+json\" class=\"yoast-schema-graph\">{\"@context\":\"https:\\\/\\\/schema.org\",\"@graph\":[{\"@type\":\"Article\",\"@id\":\"https:\\\/\\\/www.kobler-margreid.com\\\/blog\\\/blog\\\/2009\\\/04\\\/17\\\/neuanlage-ogeaner-1-nuovo-impianto-ogeaner-1\\\/#article\",\"isPartOf\":{\"@id\":\"https:\\\/\\\/www.kobler-margreid.com\\\/blog\\\/blog\\\/2009\\\/04\\\/17\\\/neuanlage-ogeaner-1-nuovo-impianto-ogeaner-1\\\/\"},\"author\":{\"name\":\"armin kobler\",\"@id\":\"https:\\\/\\\/www.kobler-margreid.com\\\/blog\\\/#\\\/schema\\\/person\\\/fcca96145437484793adb0529dc48706\"},\"headline\":\"Neuanlage &#8222;Ogeaner&#8220; (1) &#8211; Nuovo impianto &#8222;Ogeaner&#8220; (1)\",\"datePublished\":\"2009-04-17T21:12:33+00:00\",\"dateModified\":\"2011-07-14T22:03:19+00:00\",\"mainEntityOfPage\":{\"@id\":\"https:\\\/\\\/www.kobler-margreid.com\\\/blog\\\/blog\\\/2009\\\/04\\\/17\\\/neuanlage-ogeaner-1-nuovo-impianto-ogeaner-1\\\/\"},\"wordCount\":116,\"commentCount\":2,\"publisher\":{\"@id\":\"https:\\\/\\\/www.kobler-margreid.com\\\/blog\\\/#\\\/schema\\\/person\\\/6a2290c17f680f59c1fa7e1c7a36df3a\"},\"image\":{\"@id\":\"https:\\\/\\\/www.kobler-margreid.com\\\/blog\\\/blog\\\/2009\\\/04\\\/17\\\/neuanlage-ogeaner-1-nuovo-impianto-ogeaner-1\\\/#primaryimage\"},\"thumbnailUrl\":\"http:\\\/\\\/www.kobler-margreid.com\\\/blog\\\/wp-content\\\/2009\\\/04\\\/2009-04-17_16-53-21.jpg\",\"keywords\":[\"Impianto nuovo\",\"Neuanlage\",\"Ogeaner\",\"Rilevamento\",\"Vermessung\"],\"articleSection\":[\"Weingarten - Vigneto\"],\"inLanguage\":\"de\",\"potentialAction\":[{\"@type\":\"CommentAction\",\"name\":\"Comment\",\"target\":[\"https:\\\/\\\/www.kobler-margreid.com\\\/blog\\\/blog\\\/2009\\\/04\\\/17\\\/neuanlage-ogeaner-1-nuovo-impianto-ogeaner-1\\\/#respond\"]}]},{\"@type\":\"WebPage\",\"@id\":\"https:\\\/\\\/www.kobler-margreid.com\\\/blog\\\/blog\\\/2009\\\/04\\\/17\\\/neuanlage-ogeaner-1-nuovo-impianto-ogeaner-1\\\/\",\"url\":\"https:\\\/\\\/www.kobler-margreid.com\\\/blog\\\/blog\\\/2009\\\/04\\\/17\\\/neuanlage-ogeaner-1-nuovo-impianto-ogeaner-1\\\/\",\"name\":\"Neuanlage \\\"Ogeaner\\\" (1) - Nuovo impianto \\\"Ogeaner\\\" (1) - weinhof KOBLER weblog\",\"isPartOf\":{\"@id\":\"https:\\\/\\\/www.kobler-margreid.com\\\/blog\\\/#website\"},\"primaryImageOfPage\":{\"@id\":\"https:\\\/\\\/www.kobler-margreid.com\\\/blog\\\/blog\\\/2009\\\/04\\\/17\\\/neuanlage-ogeaner-1-nuovo-impianto-ogeaner-1\\\/#primaryimage\"},\"image\":{\"@id\":\"https:\\\/\\\/www.kobler-margreid.com\\\/blog\\\/blog\\\/2009\\\/04\\\/17\\\/neuanlage-ogeaner-1-nuovo-impianto-ogeaner-1\\\/#primaryimage\"},\"thumbnailUrl\":\"http:\\\/\\\/www.kobler-margreid.com\\\/blog\\\/wp-content\\\/2009\\\/04\\\/2009-04-17_16-53-21.jpg\",\"datePublished\":\"2009-04-17T21:12:33+00:00\",\"dateModified\":\"2011-07-14T22:03:19+00:00\",\"breadcrumb\":{\"@id\":\"https:\\\/\\\/www.kobler-margreid.com\\\/blog\\\/blog\\\/2009\\\/04\\\/17\\\/neuanlage-ogeaner-1-nuovo-impianto-ogeaner-1\\\/#breadcrumb\"},\"inLanguage\":\"de\",\"potentialAction\":[{\"@type\":\"ReadAction\",\"target\":[\"https:\\\/\\\/www.kobler-margreid.com\\\/blog\\\/blog\\\/2009\\\/04\\\/17\\\/neuanlage-ogeaner-1-nuovo-impianto-ogeaner-1\\\/\"]}]},{\"@type\":\"ImageObject\",\"inLanguage\":\"de\",\"@id\":\"https:\\\/\\\/www.kobler-margreid.com\\\/blog\\\/blog\\\/2009\\\/04\\\/17\\\/neuanlage-ogeaner-1-nuovo-impianto-ogeaner-1\\\/#primaryimage\",\"url\":\"http:\\\/\\\/www.kobler-margreid.com\\\/blog\\\/wp-content\\\/2009\\\/04\\\/2009-04-17_16-53-21.jpg\",\"contentUrl\":\"http:\\\/\\\/www.kobler-margreid.com\\\/blog\\\/wp-content\\\/2009\\\/04\\\/2009-04-17_16-53-21.jpg\"},{\"@type\":\"BreadcrumbList\",\"@id\":\"https:\\\/\\\/www.kobler-margreid.com\\\/blog\\\/blog\\\/2009\\\/04\\\/17\\\/neuanlage-ogeaner-1-nuovo-impianto-ogeaner-1\\\/#breadcrumb\",\"itemListElement\":[{\"@type\":\"ListItem\",\"position\":1,\"name\":\"Startseite\",\"item\":\"https:\\\/\\\/www.kobler-margreid.com\\\/blog\\\/\"},{\"@type\":\"ListItem\",\"position\":2,\"name\":\"Neuanlage &#8222;Ogeaner&#8220; (1) &#8211; Nuovo impianto &#8222;Ogeaner&#8220; (1)\"}]},{\"@type\":\"WebSite\",\"@id\":\"https:\\\/\\\/www.kobler-margreid.com\\\/blog\\\/#website\",\"url\":\"https:\\\/\\\/www.kobler-margreid.com\\\/blog\\\/\",\"name\":\"weinhof KOBLER weblog\",\"description\":\"dem wein ganz nah \u2013 all&#039;interno del vino\",\"publisher\":{\"@id\":\"https:\\\/\\\/www.kobler-margreid.com\\\/blog\\\/#\\\/schema\\\/person\\\/6a2290c17f680f59c1fa7e1c7a36df3a\"},\"potentialAction\":[{\"@type\":\"SearchAction\",\"target\":{\"@type\":\"EntryPoint\",\"urlTemplate\":\"https:\\\/\\\/www.kobler-margreid.com\\\/blog\\\/?s={search_term_string}\"},\"query-input\":{\"@type\":\"PropertyValueSpecification\",\"valueRequired\":true,\"valueName\":\"search_term_string\"}}],\"inLanguage\":\"de\"},{\"@type\":[\"Person\",\"Organization\"],\"@id\":\"https:\\\/\\\/www.kobler-margreid.com\\\/blog\\\/#\\\/schema\\\/person\\\/6a2290c17f680f59c1fa7e1c7a36df3a\",\"name\":\"armin kobler\",\"image\":{\"@type\":\"ImageObject\",\"inLanguage\":\"de\",\"@id\":\"https:\\\/\\\/www.kobler-margreid.com\\\/blog\\\/wp-content\\\/2023\\\/11\\\/2012-05-08_09-33-03a.jpg\",\"url\":\"https:\\\/\\\/www.kobler-margreid.com\\\/blog\\\/wp-content\\\/2023\\\/11\\\/2012-05-08_09-33-03a.jpg\",\"contentUrl\":\"https:\\\/\\\/www.kobler-margreid.com\\\/blog\\\/wp-content\\\/2023\\\/11\\\/2012-05-08_09-33-03a.jpg\",\"width\":1088,\"height\":1184,\"caption\":\"armin kobler\"},\"logo\":{\"@id\":\"https:\\\/\\\/www.kobler-margreid.com\\\/blog\\\/wp-content\\\/2023\\\/11\\\/2012-05-08_09-33-03a.jpg\"},\"sameAs\":[\"http:\\\/\\\/www.kobler-margreid.com\",\"https:\\\/\\\/www.facebook.com\\\/armin.kobler\\\/\"]},{\"@type\":\"Person\",\"@id\":\"https:\\\/\\\/www.kobler-margreid.com\\\/blog\\\/#\\\/schema\\\/person\\\/fcca96145437484793adb0529dc48706\",\"name\":\"armin kobler\",\"image\":{\"@type\":\"ImageObject\",\"inLanguage\":\"de\",\"@id\":\"https:\\\/\\\/secure.gravatar.com\\\/avatar\\\/7ed75d18f117c58598b89fcf3ec9fda3311f3fbda827ac1502944a0804d87b7f?s=96&d=mm&r=g\",\"url\":\"https:\\\/\\\/secure.gravatar.com\\\/avatar\\\/7ed75d18f117c58598b89fcf3ec9fda3311f3fbda827ac1502944a0804d87b7f?s=96&d=mm&r=g\",\"contentUrl\":\"https:\\\/\\\/secure.gravatar.com\\\/avatar\\\/7ed75d18f117c58598b89fcf3ec9fda3311f3fbda827ac1502944a0804d87b7f?s=96&d=mm&r=g\",\"caption\":\"armin kobler\"},\"sameAs\":[\"http:\\\/\\\/\"],\"url\":\"https:\\\/\\\/www.kobler-margreid.com\\\/blog\\\/blog\\\/author\\\/armin-kobler\\\/\"}]}<\/script>\n<!-- \/ Yoast SEO plugin. -->","yoast_head_json":{"title":"Neuanlage \"Ogeaner\" (1) - Nuovo impianto \"Ogeaner\" (1) - weinhof KOBLER weblog","robots":{"index":"index","follow":"follow","max-snippet":"max-snippet:-1","max-image-preview":"max-image-preview:large","max-video-preview":"max-video-preview:-1"},"canonical":"https:\/\/www.kobler-margreid.com\/blog\/blog\/2009\/04\/17\/neuanlage-ogeaner-1-nuovo-impianto-ogeaner-1\/","og_locale":"de_DE","og_type":"article","og_title":"Neuanlage \"Ogeaner\" (1) - Nuovo impianto \"Ogeaner\" (1) - weinhof KOBLER weblog","og_description":"Genug mit den Kommunikations- und Marketingsorgien rund um der Vinitaly, jetzt wird wieder gearbeitet! N\u00e4chste Woche wird nicht nur gef\u00fcllt, auch die im Herbst gerodetete Wei\u00dfburgunder-Anlage am Ogeaner muss neu bestockt werden. Damit einhergeghend das Ausmessen der Fl\u00e4che zur Errechnung &hellip; Weiterlesen &rarr;","og_url":"https:\/\/www.kobler-margreid.com\/blog\/blog\/2009\/04\/17\/neuanlage-ogeaner-1-nuovo-impianto-ogeaner-1\/","og_site_name":"weinhof KOBLER weblog","article_publisher":"https:\/\/www.facebook.com\/armin.kobler\/","article_published_time":"2009-04-17T21:12:33+00:00","article_modified_time":"2011-07-14T22:03:19+00:00","og_image":[{"url":"http:\/\/www.kobler-margreid.com\/blog\/wp-content\/2009\/04\/2009-04-17_16-53-21.jpg","type":"","width":"","height":""}],"author":"armin kobler","twitter_card":"summary_large_image","twitter_misc":{"Verfasst von":"armin kobler","Gesch\u00e4tzte Lesezeit":"1\u00a0Minute"},"schema":{"@context":"https:\/\/schema.org","@graph":[{"@type":"Article","@id":"https:\/\/www.kobler-margreid.com\/blog\/blog\/2009\/04\/17\/neuanlage-ogeaner-1-nuovo-impianto-ogeaner-1\/#article","isPartOf":{"@id":"https:\/\/www.kobler-margreid.com\/blog\/blog\/2009\/04\/17\/neuanlage-ogeaner-1-nuovo-impianto-ogeaner-1\/"},"author":{"name":"armin kobler","@id":"https:\/\/www.kobler-margreid.com\/blog\/#\/schema\/person\/fcca96145437484793adb0529dc48706"},"headline":"Neuanlage &#8222;Ogeaner&#8220; (1) &#8211; Nuovo impianto &#8222;Ogeaner&#8220; (1)","datePublished":"2009-04-17T21:12:33+00:00","dateModified":"2011-07-14T22:03:19+00:00","mainEntityOfPage":{"@id":"https:\/\/www.kobler-margreid.com\/blog\/blog\/2009\/04\/17\/neuanlage-ogeaner-1-nuovo-impianto-ogeaner-1\/"},"wordCount":116,"commentCount":2,"publisher":{"@id":"https:\/\/www.kobler-margreid.com\/blog\/#\/schema\/person\/6a2290c17f680f59c1fa7e1c7a36df3a"},"image":{"@id":"https:\/\/www.kobler-margreid.com\/blog\/blog\/2009\/04\/17\/neuanlage-ogeaner-1-nuovo-impianto-ogeaner-1\/#primaryimage"},"thumbnailUrl":"http:\/\/www.kobler-margreid.com\/blog\/wp-content\/2009\/04\/2009-04-17_16-53-21.jpg","keywords":["Impianto nuovo","Neuanlage","Ogeaner","Rilevamento","Vermessung"],"articleSection":["Weingarten - Vigneto"],"inLanguage":"de","potentialAction":[{"@type":"CommentAction","name":"Comment","target":["https:\/\/www.kobler-margreid.com\/blog\/blog\/2009\/04\/17\/neuanlage-ogeaner-1-nuovo-impianto-ogeaner-1\/#respond"]}]},{"@type":"WebPage","@id":"https:\/\/www.kobler-margreid.com\/blog\/blog\/2009\/04\/17\/neuanlage-ogeaner-1-nuovo-impianto-ogeaner-1\/","url":"https:\/\/www.kobler-margreid.com\/blog\/blog\/2009\/04\/17\/neuanlage-ogeaner-1-nuovo-impianto-ogeaner-1\/","name":"Neuanlage \"Ogeaner\" (1) - Nuovo impianto \"Ogeaner\" (1) - weinhof KOBLER weblog","isPartOf":{"@id":"https:\/\/www.kobler-margreid.com\/blog\/#website"},"primaryImageOfPage":{"@id":"https:\/\/www.kobler-margreid.com\/blog\/blog\/2009\/04\/17\/neuanlage-ogeaner-1-nuovo-impianto-ogeaner-1\/#primaryimage"},"image":{"@id":"https:\/\/www.kobler-margreid.com\/blog\/blog\/2009\/04\/17\/neuanlage-ogeaner-1-nuovo-impianto-ogeaner-1\/#primaryimage"},"thumbnailUrl":"http:\/\/www.kobler-margreid.com\/blog\/wp-content\/2009\/04\/2009-04-17_16-53-21.jpg","datePublished":"2009-04-17T21:12:33+00:00","dateModified":"2011-07-14T22:03:19+00:00","breadcrumb":{"@id":"https:\/\/www.kobler-margreid.com\/blog\/blog\/2009\/04\/17\/neuanlage-ogeaner-1-nuovo-impianto-ogeaner-1\/#breadcrumb"},"inLanguage":"de","potentialAction":[{"@type":"ReadAction","target":["https:\/\/www.kobler-margreid.com\/blog\/blog\/2009\/04\/17\/neuanlage-ogeaner-1-nuovo-impianto-ogeaner-1\/"]}]},{"@type":"ImageObject","inLanguage":"de","@id":"https:\/\/www.kobler-margreid.com\/blog\/blog\/2009\/04\/17\/neuanlage-ogeaner-1-nuovo-impianto-ogeaner-1\/#primaryimage","url":"http:\/\/www.kobler-margreid.com\/blog\/wp-content\/2009\/04\/2009-04-17_16-53-21.jpg","contentUrl":"http:\/\/www.kobler-margreid.com\/blog\/wp-content\/2009\/04\/2009-04-17_16-53-21.jpg"},{"@type":"BreadcrumbList","@id":"https:\/\/www.kobler-margreid.com\/blog\/blog\/2009\/04\/17\/neuanlage-ogeaner-1-nuovo-impianto-ogeaner-1\/#breadcrumb","itemListElement":[{"@type":"ListItem","position":1,"name":"Startseite","item":"https:\/\/www.kobler-margreid.com\/blog\/"},{"@type":"ListItem","position":2,"name":"Neuanlage &#8222;Ogeaner&#8220; (1) &#8211; Nuovo impianto &#8222;Ogeaner&#8220; (1)"}]},{"@type":"WebSite","@id":"https:\/\/www.kobler-margreid.com\/blog\/#website","url":"https:\/\/www.kobler-margreid.com\/blog\/","name":"weinhof KOBLER weblog","description":"dem wein ganz nah \u2013 all&#039;interno del vino","publisher":{"@id":"https:\/\/www.kobler-margreid.com\/blog\/#\/schema\/person\/6a2290c17f680f59c1fa7e1c7a36df3a"},"potentialAction":[{"@type":"SearchAction","target":{"@type":"EntryPoint","urlTemplate":"https:\/\/www.kobler-margreid.com\/blog\/?s={search_term_string}"},"query-input":{"@type":"PropertyValueSpecification","valueRequired":true,"valueName":"search_term_string"}}],"inLanguage":"de"},{"@type":["Person","Organization"],"@id":"https:\/\/www.kobler-margreid.com\/blog\/#\/schema\/person\/6a2290c17f680f59c1fa7e1c7a36df3a","name":"armin kobler","image":{"@type":"ImageObject","inLanguage":"de","@id":"https:\/\/www.kobler-margreid.com\/blog\/wp-content\/2023\/11\/2012-05-08_09-33-03a.jpg","url":"https:\/\/www.kobler-margreid.com\/blog\/wp-content\/2023\/11\/2012-05-08_09-33-03a.jpg","contentUrl":"https:\/\/www.kobler-margreid.com\/blog\/wp-content\/2023\/11\/2012-05-08_09-33-03a.jpg","width":1088,"height":1184,"caption":"armin kobler"},"logo":{"@id":"https:\/\/www.kobler-margreid.com\/blog\/wp-content\/2023\/11\/2012-05-08_09-33-03a.jpg"},"sameAs":["http:\/\/www.kobler-margreid.com","https:\/\/www.facebook.com\/armin.kobler\/"]},{"@type":"Person","@id":"https:\/\/www.kobler-margreid.com\/blog\/#\/schema\/person\/fcca96145437484793adb0529dc48706","name":"armin kobler","image":{"@type":"ImageObject","inLanguage":"de","@id":"https:\/\/secure.gravatar.com\/avatar\/7ed75d18f117c58598b89fcf3ec9fda3311f3fbda827ac1502944a0804d87b7f?s=96&d=mm&r=g","url":"https:\/\/secure.gravatar.com\/avatar\/7ed75d18f117c58598b89fcf3ec9fda3311f3fbda827ac1502944a0804d87b7f?s=96&d=mm&r=g","contentUrl":"https:\/\/secure.gravatar.com\/avatar\/7ed75d18f117c58598b89fcf3ec9fda3311f3fbda827ac1502944a0804d87b7f?s=96&d=mm&r=g","caption":"armin kobler"},"sameAs":["http:\/\/"],"url":"https:\/\/www.kobler-margreid.com\/blog\/blog\/author\/armin-kobler\/"}]}},"_links":{"self":[{"href":"https:\/\/www.kobler-margreid.com\/blog\/wp-json\/wp\/v2\/posts\/1761","targetHints":{"allow":["GET"]}}],"collection":[{"href":"https:\/\/www.kobler-margreid.com\/blog\/wp-json\/wp\/v2\/posts"}],"about":[{"href":"https:\/\/www.kobler-margreid.com\/blog\/wp-json\/wp\/v2\/types\/post"}],"author":[{"embeddable":true,"href":"https:\/\/www.kobler-margreid.com\/blog\/wp-json\/wp\/v2\/users\/6"}],"replies":[{"embeddable":true,"href":"https:\/\/www.kobler-margreid.com\/blog\/wp-json\/wp\/v2\/comments?post=1761"}],"version-history":[{"count":0,"href":"https:\/\/www.kobler-margreid.com\/blog\/wp-json\/wp\/v2\/posts\/1761\/revisions"}],"wp:attachment":[{"href":"https:\/\/www.kobler-margreid.com\/blog\/wp-json\/wp\/v2\/media?parent=1761"}],"wp:term":[{"taxonomy":"category","embeddable":true,"href":"https:\/\/www.kobler-margreid.com\/blog\/wp-json\/wp\/v2\/categories?post=1761"},{"taxonomy":"post_tag","embeddable":true,"href":"https:\/\/www.kobler-margreid.com\/blog\/wp-json\/wp\/v2\/tags?post=1761"}],"curies":[{"name":"wp","href":"https:\/\/api.w.org\/{rel}","templated":true}]}}