{"id":1817,"date":"2009-04-29T21:48:47","date_gmt":"2009-04-29T20:48:47","guid":{"rendered":"http:\/\/www.kobler-margreid.com\/blog\/?p=1817"},"modified":"2009-05-24T14:01:01","modified_gmt":"2009-05-24T13:01:01","slug":"gala-dinner-mit-gewurztraminer-cena-di-gala-con-gewurztraminer","status":"publish","type":"post","link":"https:\/\/www.kobler-margreid.com\/blog\/blog\/2009\/04\/29\/gala-dinner-mit-gewurztraminer-cena-di-gala-con-gewurztraminer\/","title":{"rendered":"Gala-Dinner mit Gew\u00fcrztraminer &#8211; Cena di gala con Gew\u00fcrztraminer"},"content":{"rendered":"<p style=\"text-align: left;\">\u00a0<\/p>\n<p style=\"text-align: center;\"><img loading=\"lazy\" decoding=\"async\" class=\"size-full wp-image-1822 aligncenter\" style=\"border: 0pt none; margin-top: 5px; margin-bottom: 5px;\" title=\"goldene_traube\" src=\"http:\/\/www.kobler-margreid.com\/blog\/wp-content\/imagescaler\/a2684dabb80b61bdbe76660d682301c5.png\" alt=\"goldene_traube\" width=\"491\" height=\"132\" \/><\/p>\n<p style=\"text-align: left;\">Am <strong>24. Mai<\/strong> findet die n\u00e4chste <strong>&#8222;Nacht der Goldenen Traube&#8220;<\/strong> im gleichnamigen <a title=\"Goldene Traube Tramin\" href=\"http:\/\/www.goldene-traube.it\/de.html\" target=\"_blank\">Restaurant<\/a> in Tramin statt. Im Betrieb von Daniel Verdorfer wird <a href=\"http:\/\/www.kobler-margreid.com\/blog\/wp-content\/2009\/04\/burkhard_bacher.pdf\">Burkhard B<\/a><a href=\"http:\/\/www.kobler-margreid.com\/blog\/wp-content\/2009\/04\/burkhard_bacher.pdf\">acher<\/a>, seines Zeichens Chef der &#8222;Kleinen Flamme&#8220; in Sterzing, ein mehrg\u00e4ngiges <a href=\"http:\/\/www.kobler-margreid.com\/blog\/wp-content\/2009\/04\/menu_dt.pdf\">Gala-Menu<\/a> bereiten. F\u00fcr die Liebhaber des Gew\u00fcrztraminers besonders interessant: Zu jedem Gang wird ein anderer Wein dieser autochtonen S\u00fcdtiroler Rebsorte  serviert. U.a. mein <a title=\"weinhof KOBLER: Gew\u00fcrztraminer &quot;Feld&quot;\" href=\"http:\/\/www.kobler-margreid.com\/deutsch\/lagen_weine\/feld_gt\/feld_gt.html\" target=\"_blank\">Feld<\/a> 2006.<\/p>\n<p style=\"text-align: left;\"><em>Il <strong>24 maggio<\/strong> si svolger\u00e0 la prossima edizione di <strong>&#8222;Notte dell&#8217;Uva d&#8217;Oro&#8220; <\/strong>nell&#8217;omonimo <a title=\"Goldene Traube Tramin\" href=\"http:\/\/www.goldene-traube.it\/de.html\" target=\"_blank\">ristorante<\/a><\/em><em> a Termeno. Nel locale di Daniel Verdorfer lo chef del ristorante &#8222;Kleine Flamme&#8220; di Vipiteno, <\/em><em><a href=\"http:\/\/www.kobler-margreid.com\/blog\/wp-content\/2009\/04\/burkhard_bacher_it.pdf\">Burkhard Bacher<\/a><\/em><em>, presenter\u00e0 un <a href=\"http:\/\/www.kobler-margreid.com\/blog\/wp-content\/2009\/04\/menue_it.pdf\">menu <\/a><\/em><a href=\"http:\/\/www.kobler-margreid.com\/blog\/wp-content\/2009\/04\/menue_it.pdf\"><em>di gala<\/em><\/a><em>. Per gli amanti del Gew\u00fcrztraminer molto interessante: Ogni portata sar\u00e0 accompagnata da un vino di questa variet\u00e0 autoctona sudtirolese. Tra l&#8217;altro anche dal mio <a title=\"weinhof KOBLER: Gew\u00fcrztraminer &quot;Feld&quot;\" href=\"http:\/\/www.kobler-margreid.com\/italiano\/vigneti_vini\/feld_gt_it\/feld_gt_it.html\" target=\"_blank\">Feld<\/a> 2006.<\/em><\/p>\n<p style=\"text-align: left;\">Interessiert? N\u00e4here Infos sind <a href=\"http:\/\/www.kobler-margreid.com\/blog\/wp-content\/2009\/04\/infos_nacht_goldenen_traube_dt.pdf\">hier<\/a> einsehbar.<\/p>\n<p style=\"text-align: left;\"><em>Interessato? Ulteriori informazioni ci sono <a href=\"http:\/\/www.kobler-margreid.com\/blog\/wp-content\/2009\/04\/infos_nacht_goldenen_traube_it.pdf\">qui<\/a>.<br \/>\n<\/em><\/p>\n","protected":false},"excerpt":{"rendered":"<p>\u00a0 Am 24. Mai findet die n\u00e4chste &#8222;Nacht der Goldenen Traube&#8220; im gleichnamigen Restaurant in Tramin statt. Im Betrieb von Daniel Verdorfer wird Burkhard Bacher, seines Zeichens Chef der &#8222;Kleinen Flamme&#8220; in Sterzing, ein mehrg\u00e4ngiges Gala-Menu bereiten. F\u00fcr die Liebhaber &hellip; <a href=\"https:\/\/www.kobler-margreid.com\/blog\/blog\/2009\/04\/29\/gala-dinner-mit-gewurztraminer-cena-di-gala-con-gewurztraminer\/\">Weiterlesen <span class=\"meta-nav\">&rarr;<\/span><\/a><\/p>\n","protected":false},"author":1,"featured_media":0,"comment_status":"open","ping_status":"open","sticky":false,"template":"","format":"standard","meta":{"ngg_post_thumbnail":0,"footnotes":"","_links_to":"","_links_to_target":""},"categories":[138,111],"tags":[387,385,384,388,293],"class_list":["post-1817","post","type-post","status-publish","format-standard","hentry","category-ankundigung","category-restaurants","tag-burkhard-bacher","tag-daniel-verdorfer","tag-goldenen-traube","tag-kleine-flamme","tag-sudtiroler-gewurztraminer-feld"],"yoast_head":"<!-- This site is optimized with the Yoast SEO plugin v27.5 - https:\/\/yoast.com\/product\/yoast-seo-wordpress\/ -->\n<title>Gala-Dinner mit Gew\u00fcrztraminer - Cena di gala con Gew\u00fcrztraminer - weinhof KOBLER weblog<\/title>\n<meta name=\"robots\" content=\"index, follow, max-snippet:-1, max-image-preview:large, max-video-preview:-1\" \/>\n<link rel=\"canonical\" href=\"https:\/\/www.kobler-margreid.com\/blog\/blog\/2009\/04\/29\/gala-dinner-mit-gewurztraminer-cena-di-gala-con-gewurztraminer\/\" \/>\n<meta property=\"og:locale\" content=\"de_DE\" \/>\n<meta property=\"og:type\" content=\"article\" \/>\n<meta property=\"og:title\" content=\"Gala-Dinner mit Gew\u00fcrztraminer - Cena di gala con Gew\u00fcrztraminer - weinhof KOBLER weblog\" \/>\n<meta property=\"og:description\" content=\"\u00a0 Am 24. Mai findet die n\u00e4chste &#8222;Nacht der Goldenen Traube&#8220; im gleichnamigen Restaurant in Tramin statt. Im Betrieb von Daniel Verdorfer wird Burkhard Bacher, seines Zeichens Chef der &#8222;Kleinen Flamme&#8220; in Sterzing, ein mehrg\u00e4ngiges Gala-Menu bereiten. F\u00fcr die Liebhaber &hellip; Weiterlesen &rarr;\" \/>\n<meta property=\"og:url\" content=\"https:\/\/www.kobler-margreid.com\/blog\/blog\/2009\/04\/29\/gala-dinner-mit-gewurztraminer-cena-di-gala-con-gewurztraminer\/\" \/>\n<meta property=\"og:site_name\" content=\"weinhof KOBLER weblog\" \/>\n<meta property=\"article:publisher\" content=\"https:\/\/www.facebook.com\/armin.kobler\/\" \/>\n<meta property=\"article:author\" content=\"https:\/\/www.facebook.com\/armin.kobler\/\" \/>\n<meta property=\"article:published_time\" content=\"2009-04-29T20:48:47+00:00\" \/>\n<meta property=\"article:modified_time\" content=\"2009-05-24T13:01:01+00:00\" \/>\n<meta property=\"og:image\" content=\"http:\/\/www.kobler-margreid.com\/blog\/wp-content\/imagescaler\/a2684dabb80b61bdbe76660d682301c5.png\" \/>\n<meta name=\"author\" content=\"armin kobler\" \/>\n<meta name=\"twitter:card\" content=\"summary_large_image\" \/>\n<meta name=\"twitter:label1\" content=\"Verfasst von\" \/>\n\t<meta name=\"twitter:data1\" content=\"armin kobler\" \/>\n\t<meta name=\"twitter:label2\" content=\"Gesch\u00e4tzte Lesezeit\" \/>\n\t<meta name=\"twitter:data2\" content=\"1\u00a0Minute\" \/>\n<script type=\"application\/ld+json\" class=\"yoast-schema-graph\">{\"@context\":\"https:\\\/\\\/schema.org\",\"@graph\":[{\"@type\":\"Article\",\"@id\":\"https:\\\/\\\/www.kobler-margreid.com\\\/blog\\\/blog\\\/2009\\\/04\\\/29\\\/gala-dinner-mit-gewurztraminer-cena-di-gala-con-gewurztraminer\\\/#article\",\"isPartOf\":{\"@id\":\"https:\\\/\\\/www.kobler-margreid.com\\\/blog\\\/blog\\\/2009\\\/04\\\/29\\\/gala-dinner-mit-gewurztraminer-cena-di-gala-con-gewurztraminer\\\/\"},\"author\":{\"name\":\"armin kobler\",\"@id\":\"https:\\\/\\\/www.kobler-margreid.com\\\/blog\\\/#\\\/schema\\\/person\\\/6a2290c17f680f59c1fa7e1c7a36df3a\"},\"headline\":\"Gala-Dinner mit Gew\u00fcrztraminer &#8211; Cena di gala con Gew\u00fcrztraminer\",\"datePublished\":\"2009-04-29T20:48:47+00:00\",\"dateModified\":\"2009-05-24T13:01:01+00:00\",\"mainEntityOfPage\":{\"@id\":\"https:\\\/\\\/www.kobler-margreid.com\\\/blog\\\/blog\\\/2009\\\/04\\\/29\\\/gala-dinner-mit-gewurztraminer-cena-di-gala-con-gewurztraminer\\\/\"},\"wordCount\":149,\"commentCount\":2,\"publisher\":{\"@id\":\"https:\\\/\\\/www.kobler-margreid.com\\\/blog\\\/#\\\/schema\\\/person\\\/6a2290c17f680f59c1fa7e1c7a36df3a\"},\"image\":{\"@id\":\"https:\\\/\\\/www.kobler-margreid.com\\\/blog\\\/blog\\\/2009\\\/04\\\/29\\\/gala-dinner-mit-gewurztraminer-cena-di-gala-con-gewurztraminer\\\/#primaryimage\"},\"thumbnailUrl\":\"http:\\\/\\\/www.kobler-margreid.com\\\/blog\\\/wp-content\\\/imagescaler\\\/a2684dabb80b61bdbe76660d682301c5.png\",\"keywords\":[\"Burkhard Bacher\",\"Daniel Verdorfer\",\"Goldenen Traube\",\"Kleine Flamme\",\"S\u00fcdtiroler Gew\u00fcrztraminer Feld\"],\"articleSection\":[\"Ank\u00fcndigung - Annuncio\",\"Restaurants - Ristoranti\"],\"inLanguage\":\"de\",\"potentialAction\":[{\"@type\":\"CommentAction\",\"name\":\"Comment\",\"target\":[\"https:\\\/\\\/www.kobler-margreid.com\\\/blog\\\/blog\\\/2009\\\/04\\\/29\\\/gala-dinner-mit-gewurztraminer-cena-di-gala-con-gewurztraminer\\\/#respond\"]}]},{\"@type\":\"WebPage\",\"@id\":\"https:\\\/\\\/www.kobler-margreid.com\\\/blog\\\/blog\\\/2009\\\/04\\\/29\\\/gala-dinner-mit-gewurztraminer-cena-di-gala-con-gewurztraminer\\\/\",\"url\":\"https:\\\/\\\/www.kobler-margreid.com\\\/blog\\\/blog\\\/2009\\\/04\\\/29\\\/gala-dinner-mit-gewurztraminer-cena-di-gala-con-gewurztraminer\\\/\",\"name\":\"Gala-Dinner mit Gew\u00fcrztraminer - Cena di gala con Gew\u00fcrztraminer - weinhof KOBLER weblog\",\"isPartOf\":{\"@id\":\"https:\\\/\\\/www.kobler-margreid.com\\\/blog\\\/#website\"},\"primaryImageOfPage\":{\"@id\":\"https:\\\/\\\/www.kobler-margreid.com\\\/blog\\\/blog\\\/2009\\\/04\\\/29\\\/gala-dinner-mit-gewurztraminer-cena-di-gala-con-gewurztraminer\\\/#primaryimage\"},\"image\":{\"@id\":\"https:\\\/\\\/www.kobler-margreid.com\\\/blog\\\/blog\\\/2009\\\/04\\\/29\\\/gala-dinner-mit-gewurztraminer-cena-di-gala-con-gewurztraminer\\\/#primaryimage\"},\"thumbnailUrl\":\"http:\\\/\\\/www.kobler-margreid.com\\\/blog\\\/wp-content\\\/imagescaler\\\/a2684dabb80b61bdbe76660d682301c5.png\",\"datePublished\":\"2009-04-29T20:48:47+00:00\",\"dateModified\":\"2009-05-24T13:01:01+00:00\",\"breadcrumb\":{\"@id\":\"https:\\\/\\\/www.kobler-margreid.com\\\/blog\\\/blog\\\/2009\\\/04\\\/29\\\/gala-dinner-mit-gewurztraminer-cena-di-gala-con-gewurztraminer\\\/#breadcrumb\"},\"inLanguage\":\"de\",\"potentialAction\":[{\"@type\":\"ReadAction\",\"target\":[\"https:\\\/\\\/www.kobler-margreid.com\\\/blog\\\/blog\\\/2009\\\/04\\\/29\\\/gala-dinner-mit-gewurztraminer-cena-di-gala-con-gewurztraminer\\\/\"]}]},{\"@type\":\"ImageObject\",\"inLanguage\":\"de\",\"@id\":\"https:\\\/\\\/www.kobler-margreid.com\\\/blog\\\/blog\\\/2009\\\/04\\\/29\\\/gala-dinner-mit-gewurztraminer-cena-di-gala-con-gewurztraminer\\\/#primaryimage\",\"url\":\"https:\\\/\\\/www.kobler-margreid.com\\\/blog\\\/wp-content\\\/2009\\\/04\\\/goldene_traube.png\",\"contentUrl\":\"https:\\\/\\\/www.kobler-margreid.com\\\/blog\\\/wp-content\\\/2009\\\/04\\\/goldene_traube.png\",\"width\":\"1024\",\"height\":\"275\"},{\"@type\":\"BreadcrumbList\",\"@id\":\"https:\\\/\\\/www.kobler-margreid.com\\\/blog\\\/blog\\\/2009\\\/04\\\/29\\\/gala-dinner-mit-gewurztraminer-cena-di-gala-con-gewurztraminer\\\/#breadcrumb\",\"itemListElement\":[{\"@type\":\"ListItem\",\"position\":1,\"name\":\"Startseite\",\"item\":\"https:\\\/\\\/www.kobler-margreid.com\\\/blog\\\/\"},{\"@type\":\"ListItem\",\"position\":2,\"name\":\"Gala-Dinner mit Gew\u00fcrztraminer &#8211; Cena di gala con Gew\u00fcrztraminer\"}]},{\"@type\":\"WebSite\",\"@id\":\"https:\\\/\\\/www.kobler-margreid.com\\\/blog\\\/#website\",\"url\":\"https:\\\/\\\/www.kobler-margreid.com\\\/blog\\\/\",\"name\":\"weinhof KOBLER weblog\",\"description\":\"dem wein ganz nah \u2013 all&#039;interno del vino\",\"publisher\":{\"@id\":\"https:\\\/\\\/www.kobler-margreid.com\\\/blog\\\/#\\\/schema\\\/person\\\/6a2290c17f680f59c1fa7e1c7a36df3a\"},\"potentialAction\":[{\"@type\":\"SearchAction\",\"target\":{\"@type\":\"EntryPoint\",\"urlTemplate\":\"https:\\\/\\\/www.kobler-margreid.com\\\/blog\\\/?s={search_term_string}\"},\"query-input\":{\"@type\":\"PropertyValueSpecification\",\"valueRequired\":true,\"valueName\":\"search_term_string\"}}],\"inLanguage\":\"de\"},{\"@type\":[\"Person\",\"Organization\"],\"@id\":\"https:\\\/\\\/www.kobler-margreid.com\\\/blog\\\/#\\\/schema\\\/person\\\/6a2290c17f680f59c1fa7e1c7a36df3a\",\"name\":\"armin kobler\",\"image\":{\"@type\":\"ImageObject\",\"inLanguage\":\"de\",\"@id\":\"https:\\\/\\\/www.kobler-margreid.com\\\/blog\\\/wp-content\\\/2023\\\/11\\\/2012-05-08_09-33-03a.jpg\",\"url\":\"https:\\\/\\\/www.kobler-margreid.com\\\/blog\\\/wp-content\\\/2023\\\/11\\\/2012-05-08_09-33-03a.jpg\",\"contentUrl\":\"https:\\\/\\\/www.kobler-margreid.com\\\/blog\\\/wp-content\\\/2023\\\/11\\\/2012-05-08_09-33-03a.jpg\",\"width\":1088,\"height\":1184,\"caption\":\"armin kobler\"},\"logo\":{\"@id\":\"https:\\\/\\\/www.kobler-margreid.com\\\/blog\\\/wp-content\\\/2023\\\/11\\\/2012-05-08_09-33-03a.jpg\"},\"sameAs\":[\"http:\\\/\\\/www.kobler-margreid.com\",\"https:\\\/\\\/www.facebook.com\\\/armin.kobler\\\/\"],\"url\":\"https:\\\/\\\/www.kobler-margreid.com\\\/blog\\\/blog\\\/author\\\/admin\\\/\"}]}<\/script>\n<!-- \/ Yoast SEO plugin. -->","yoast_head_json":{"title":"Gala-Dinner mit Gew\u00fcrztraminer - Cena di gala con Gew\u00fcrztraminer - weinhof KOBLER weblog","robots":{"index":"index","follow":"follow","max-snippet":"max-snippet:-1","max-image-preview":"max-image-preview:large","max-video-preview":"max-video-preview:-1"},"canonical":"https:\/\/www.kobler-margreid.com\/blog\/blog\/2009\/04\/29\/gala-dinner-mit-gewurztraminer-cena-di-gala-con-gewurztraminer\/","og_locale":"de_DE","og_type":"article","og_title":"Gala-Dinner mit Gew\u00fcrztraminer - Cena di gala con Gew\u00fcrztraminer - weinhof KOBLER weblog","og_description":"\u00a0 Am 24. Mai findet die n\u00e4chste &#8222;Nacht der Goldenen Traube&#8220; im gleichnamigen Restaurant in Tramin statt. Im Betrieb von Daniel Verdorfer wird Burkhard Bacher, seines Zeichens Chef der &#8222;Kleinen Flamme&#8220; in Sterzing, ein mehrg\u00e4ngiges Gala-Menu bereiten. F\u00fcr die Liebhaber &hellip; Weiterlesen &rarr;","og_url":"https:\/\/www.kobler-margreid.com\/blog\/blog\/2009\/04\/29\/gala-dinner-mit-gewurztraminer-cena-di-gala-con-gewurztraminer\/","og_site_name":"weinhof KOBLER weblog","article_publisher":"https:\/\/www.facebook.com\/armin.kobler\/","article_author":"https:\/\/www.facebook.com\/armin.kobler\/","article_published_time":"2009-04-29T20:48:47+00:00","article_modified_time":"2009-05-24T13:01:01+00:00","og_image":[{"url":"http:\/\/www.kobler-margreid.com\/blog\/wp-content\/imagescaler\/a2684dabb80b61bdbe76660d682301c5.png","type":"","width":"","height":""}],"author":"armin kobler","twitter_card":"summary_large_image","twitter_misc":{"Verfasst von":"armin kobler","Gesch\u00e4tzte Lesezeit":"1\u00a0Minute"},"schema":{"@context":"https:\/\/schema.org","@graph":[{"@type":"Article","@id":"https:\/\/www.kobler-margreid.com\/blog\/blog\/2009\/04\/29\/gala-dinner-mit-gewurztraminer-cena-di-gala-con-gewurztraminer\/#article","isPartOf":{"@id":"https:\/\/www.kobler-margreid.com\/blog\/blog\/2009\/04\/29\/gala-dinner-mit-gewurztraminer-cena-di-gala-con-gewurztraminer\/"},"author":{"name":"armin kobler","@id":"https:\/\/www.kobler-margreid.com\/blog\/#\/schema\/person\/6a2290c17f680f59c1fa7e1c7a36df3a"},"headline":"Gala-Dinner mit Gew\u00fcrztraminer &#8211; Cena di gala con Gew\u00fcrztraminer","datePublished":"2009-04-29T20:48:47+00:00","dateModified":"2009-05-24T13:01:01+00:00","mainEntityOfPage":{"@id":"https:\/\/www.kobler-margreid.com\/blog\/blog\/2009\/04\/29\/gala-dinner-mit-gewurztraminer-cena-di-gala-con-gewurztraminer\/"},"wordCount":149,"commentCount":2,"publisher":{"@id":"https:\/\/www.kobler-margreid.com\/blog\/#\/schema\/person\/6a2290c17f680f59c1fa7e1c7a36df3a"},"image":{"@id":"https:\/\/www.kobler-margreid.com\/blog\/blog\/2009\/04\/29\/gala-dinner-mit-gewurztraminer-cena-di-gala-con-gewurztraminer\/#primaryimage"},"thumbnailUrl":"http:\/\/www.kobler-margreid.com\/blog\/wp-content\/imagescaler\/a2684dabb80b61bdbe76660d682301c5.png","keywords":["Burkhard Bacher","Daniel Verdorfer","Goldenen Traube","Kleine Flamme","S\u00fcdtiroler Gew\u00fcrztraminer Feld"],"articleSection":["Ank\u00fcndigung - Annuncio","Restaurants - Ristoranti"],"inLanguage":"de","potentialAction":[{"@type":"CommentAction","name":"Comment","target":["https:\/\/www.kobler-margreid.com\/blog\/blog\/2009\/04\/29\/gala-dinner-mit-gewurztraminer-cena-di-gala-con-gewurztraminer\/#respond"]}]},{"@type":"WebPage","@id":"https:\/\/www.kobler-margreid.com\/blog\/blog\/2009\/04\/29\/gala-dinner-mit-gewurztraminer-cena-di-gala-con-gewurztraminer\/","url":"https:\/\/www.kobler-margreid.com\/blog\/blog\/2009\/04\/29\/gala-dinner-mit-gewurztraminer-cena-di-gala-con-gewurztraminer\/","name":"Gala-Dinner mit Gew\u00fcrztraminer - Cena di gala con Gew\u00fcrztraminer - weinhof KOBLER weblog","isPartOf":{"@id":"https:\/\/www.kobler-margreid.com\/blog\/#website"},"primaryImageOfPage":{"@id":"https:\/\/www.kobler-margreid.com\/blog\/blog\/2009\/04\/29\/gala-dinner-mit-gewurztraminer-cena-di-gala-con-gewurztraminer\/#primaryimage"},"image":{"@id":"https:\/\/www.kobler-margreid.com\/blog\/blog\/2009\/04\/29\/gala-dinner-mit-gewurztraminer-cena-di-gala-con-gewurztraminer\/#primaryimage"},"thumbnailUrl":"http:\/\/www.kobler-margreid.com\/blog\/wp-content\/imagescaler\/a2684dabb80b61bdbe76660d682301c5.png","datePublished":"2009-04-29T20:48:47+00:00","dateModified":"2009-05-24T13:01:01+00:00","breadcrumb":{"@id":"https:\/\/www.kobler-margreid.com\/blog\/blog\/2009\/04\/29\/gala-dinner-mit-gewurztraminer-cena-di-gala-con-gewurztraminer\/#breadcrumb"},"inLanguage":"de","potentialAction":[{"@type":"ReadAction","target":["https:\/\/www.kobler-margreid.com\/blog\/blog\/2009\/04\/29\/gala-dinner-mit-gewurztraminer-cena-di-gala-con-gewurztraminer\/"]}]},{"@type":"ImageObject","inLanguage":"de","@id":"https:\/\/www.kobler-margreid.com\/blog\/blog\/2009\/04\/29\/gala-dinner-mit-gewurztraminer-cena-di-gala-con-gewurztraminer\/#primaryimage","url":"https:\/\/www.kobler-margreid.com\/blog\/wp-content\/2009\/04\/goldene_traube.png","contentUrl":"https:\/\/www.kobler-margreid.com\/blog\/wp-content\/2009\/04\/goldene_traube.png","width":"1024","height":"275"},{"@type":"BreadcrumbList","@id":"https:\/\/www.kobler-margreid.com\/blog\/blog\/2009\/04\/29\/gala-dinner-mit-gewurztraminer-cena-di-gala-con-gewurztraminer\/#breadcrumb","itemListElement":[{"@type":"ListItem","position":1,"name":"Startseite","item":"https:\/\/www.kobler-margreid.com\/blog\/"},{"@type":"ListItem","position":2,"name":"Gala-Dinner mit Gew\u00fcrztraminer &#8211; Cena di gala con Gew\u00fcrztraminer"}]},{"@type":"WebSite","@id":"https:\/\/www.kobler-margreid.com\/blog\/#website","url":"https:\/\/www.kobler-margreid.com\/blog\/","name":"weinhof KOBLER weblog","description":"dem wein ganz nah \u2013 all&#039;interno del vino","publisher":{"@id":"https:\/\/www.kobler-margreid.com\/blog\/#\/schema\/person\/6a2290c17f680f59c1fa7e1c7a36df3a"},"potentialAction":[{"@type":"SearchAction","target":{"@type":"EntryPoint","urlTemplate":"https:\/\/www.kobler-margreid.com\/blog\/?s={search_term_string}"},"query-input":{"@type":"PropertyValueSpecification","valueRequired":true,"valueName":"search_term_string"}}],"inLanguage":"de"},{"@type":["Person","Organization"],"@id":"https:\/\/www.kobler-margreid.com\/blog\/#\/schema\/person\/6a2290c17f680f59c1fa7e1c7a36df3a","name":"armin kobler","image":{"@type":"ImageObject","inLanguage":"de","@id":"https:\/\/www.kobler-margreid.com\/blog\/wp-content\/2023\/11\/2012-05-08_09-33-03a.jpg","url":"https:\/\/www.kobler-margreid.com\/blog\/wp-content\/2023\/11\/2012-05-08_09-33-03a.jpg","contentUrl":"https:\/\/www.kobler-margreid.com\/blog\/wp-content\/2023\/11\/2012-05-08_09-33-03a.jpg","width":1088,"height":1184,"caption":"armin kobler"},"logo":{"@id":"https:\/\/www.kobler-margreid.com\/blog\/wp-content\/2023\/11\/2012-05-08_09-33-03a.jpg"},"sameAs":["http:\/\/www.kobler-margreid.com","https:\/\/www.facebook.com\/armin.kobler\/"],"url":"https:\/\/www.kobler-margreid.com\/blog\/blog\/author\/admin\/"}]}},"_links":{"self":[{"href":"https:\/\/www.kobler-margreid.com\/blog\/wp-json\/wp\/v2\/posts\/1817","targetHints":{"allow":["GET"]}}],"collection":[{"href":"https:\/\/www.kobler-margreid.com\/blog\/wp-json\/wp\/v2\/posts"}],"about":[{"href":"https:\/\/www.kobler-margreid.com\/blog\/wp-json\/wp\/v2\/types\/post"}],"author":[{"embeddable":true,"href":"https:\/\/www.kobler-margreid.com\/blog\/wp-json\/wp\/v2\/users\/1"}],"replies":[{"embeddable":true,"href":"https:\/\/www.kobler-margreid.com\/blog\/wp-json\/wp\/v2\/comments?post=1817"}],"version-history":[{"count":0,"href":"https:\/\/www.kobler-margreid.com\/blog\/wp-json\/wp\/v2\/posts\/1817\/revisions"}],"wp:attachment":[{"href":"https:\/\/www.kobler-margreid.com\/blog\/wp-json\/wp\/v2\/media?parent=1817"}],"wp:term":[{"taxonomy":"category","embeddable":true,"href":"https:\/\/www.kobler-margreid.com\/blog\/wp-json\/wp\/v2\/categories?post=1817"},{"taxonomy":"post_tag","embeddable":true,"href":"https:\/\/www.kobler-margreid.com\/blog\/wp-json\/wp\/v2\/tags?post=1817"}],"curies":[{"name":"wp","href":"https:\/\/api.w.org\/{rel}","templated":true}]}}