{"id":1929,"date":"2009-05-20T15:43:16","date_gmt":"2009-05-20T14:43:16","guid":{"rendered":"http:\/\/www.kobler-margreid.com\/blog\/?p=1929"},"modified":"2009-05-22T10:51:58","modified_gmt":"2009-05-22T09:51:58","slug":"neuanlage-ogeaner-2-nuovo-impianto-ogeaner-2","status":"publish","type":"post","link":"https:\/\/www.kobler-margreid.com\/blog\/blog\/2009\/05\/20\/neuanlage-ogeaner-2-nuovo-impianto-ogeaner-2\/","title":{"rendered":"Neuanlage \u201cOgeaner\u201d (2) &#8211; Nuovo impianto \u201cOgeaner\u201d (2)"},"content":{"rendered":"<p><a href=\"http:\/\/www.kobler-margreid.com\/blog\/wp-content\/2009\/05\/2009-05-19_13-51-55.jpg\" rel=\"lightbox[1929]\"><img loading=\"lazy\" decoding=\"async\" class=\"float left size-full wp-image-1933 alignleft\" style=\"border: 0pt none; margin: 0px 5px;\" title=\"2009-05-19_13-51-55\" src=\"http:\/\/www.kobler-margreid.com\/blog\/wp-content\/imagescaler\/bb0f1a90006347c1a04dcf190fbcad5c.jpg\" alt=\"2009-05-19_13-51-55\" width=\"344\" height=\"258\" \/><\/a>1.950\u00a0Jungreben, oder\u00a0<em>Raslen<\/em>, wie sei bei uns hei\u00dfen, wurden gestern auf ca. 0,3 Hektar am <em>Ogeaner<\/em> gesetzt.\u00a0Sorte Chardonnay, Klon 108\u00a0SMA\u00a0und 548 FRA in gleichen Anteilen, geliefert von\u00a0<a title=\"Rebschule Thaler Tramin\" href=\"http:\/\/www.rebschule.it\/\" target=\"_blank\">Hansj\u00f6rg Thaler,<\/a> dem Rebschuler unseres Vertrauens. Erstmalig in unserem Betrieb war die Verwendung eines Pflanzpfluges.<\/p>\n<p><em>1.950 barbatelle sono state piantate su circa 0,3 ettari di <\/em>Ogeaner<em>. Il vitigno \u00e8 Chardonnay, ripartito in ugual parte sui cloni\u00a0108\u00a0SMA e 548 FRA, forniti dal vivaista di fiducia\u00a0<a title=\"Rebschule Thaler Tramin\" href=\"http:\/\/www.rebschule.it\/\" target=\"_blank\">Hansj\u00f6rg Thaler<\/a>. La prima volta nella nostra azienda abbiamo utlizzato una specie di aratro per piantare le barbatelle.<\/em><\/p>\n<p><em><\/em><!--more-->Mit der Planung und dem ersten <a title=\"weinhof KOBLER: Neuanlage \u201cOgeaner\u201d (1) - Nuovo impianto \u201cOgeaner\u201d (1)\" href=\"http:\/\/www.kobler-margreid.com\/blog\/2009\/04\/17\/neuanlage-ogeaner-1-nuovo-impianto-ogeaner-1\/\" target=\"_blank\">Ausmessen<\/a> der Anlage haben wir halbwegs zeitgerecht begonnen (17.4.). Es folgte Tage sp\u00e4ter (23.4.) das Definieren der ersten Zeile und der oberen und unteren Breite, an denen sich die weiteren Zeilen zu orientieren haben. Schn\u00fcre wurden dort gespannt, wo die Rebzeilen sp\u00e4ter hinkommen sollen und an den externen Zeilen wurden die Abst\u00e4nde der S\u00e4ulen ausgemessen. Danach spannten je zwei Personen eine Schnur quer \u00fcber die Fl\u00e4che und dort wo diese die Zeilenschn\u00fcre kreuzte, wurden von anderen zwei mit kleinen Bambusstecken die Orte angezeigt, wo die S\u00e4ulen gesetzt werden sollen. In der Folge wurden die Schn\u00fcre wieder aufgewickelt und begonnen, die S\u00e4ulen auf der Fl\u00e4che zu verteilen. Zuvor wurde mit roter Sprayfarbe die angestrebte Tiefe markiert. Am 25. April kam ein Bagger mit montiertem Pressluftzahn, der die L\u00f6cher f\u00fcr die S\u00e4ule machte. Diese wurden dann hineingestellt und mit Hilfe von zwei Wasserwaagen senkrecht ausgerichtet. Die Metallanker an den Orten wurden vom Bagger in den Boden gedreht. Die Zeilenbreite betr\u00e4gt 1,80 m, die Reben werden in der Reihe 0,80 m voneinander entfernt gesetzt.<\/p>\n<p><em>Con un primo <a title=\"weinhof KOBLER: Neuanlage \u201cOgeaner\u201d (1) - Nuovo impianto \u201cOgeaner\u201d (1)\" href=\"http:\/\/www.kobler-margreid.com\/blog\/2009\/04\/17\/neuanlage-ogeaner-1-nuovo-impianto-ogeaner-1\/\" target=\"_blank\">rilevamento<\/a> abbiamo cominciato in tempo, il 17 aprile. Qualche giorno pi\u00f9 tardi (23\/4) abbiamo continuato il lavoro, definendo il primo filare e le larghezze superiori ed inferiori sulle quali si basano tutti gli altri filari. Abbiamo teso dei fili in corrispondenza dei filari previsti e su quegli esterni abbiamo segnato dove vengono messi i pali. In seguito due operatori hanno teso una fune di traverso ed altri due hanno messo delle asticine di bamb\u00f9 laddove i fili si incrociavano determinando il punto esatto dei pali negli filari interni. <\/em><em>Dopo si sono recuperati tutte le funi e sono stati distribuiti i pali di cemento. In precedenza, ancora sul rimorchio, \u00e8 stato segnato su ogni palo con una strisciata di colore la profondit\u00e0 stabilita. Il 25 aprile una gru con compressore ha fatto le buche per i pali che dopo l&#8217;inserimento sono stati raddrizzati con l&#8217;ausilio di due livelle. Le ancore di ferro sono state &#8222;avvitate&#8220; nel terreno dalla gru. Gli interfilari distano 1,80 m tra di loro, le viti vanno piantate a 0,80 m sul filare.<br \/>\n<\/em><\/p>\n[nggallery\u00a0id=21]\n<p>Nachdem unsere slowakischen Arbeitskr\u00e4fte nicht fr\u00fcher zu uns kommen konnten, begannen wir mit dem eigentlichen Setzen der Jungreben erst am 19. Mai. Bisher haben wir immer ein Setzeisen verwendet, heuer kam ein geliehener Pflanzpflug zur Anwendung. Der erwartete Arbeitszeitgewinn h\u00e4lt sich m.E. in Grenzen, kann die Maschine doch nur sehr langsam fahren, will man die Raslen punktgenau setzen. Zudem musste in unserem Fall der nur teilweise von alleine zugefallene Graben am n\u00e4chsten Tag h\u00e4ndisch zugesch\u00fcttet werden. Zuvor sind die Jungreben aber gezielt eingew\u00e4ssert worden. Dass die Wurzeln nicht mehr stark eingek\u00fcrzt werden m\u00fcssen, ist sicherlich von Vorteil, dass das gegossene Wasser die Wurzeln gut mit Feinerde einschwemmt, ebenso.<\/p>\n<p><em>Siccome i nostri operai slovacchi non potevano venire prima, abbiamo potuto cominciare con la messa a dimora delle barbatelle\u00a0 soltanto il 19 maggio. Finora le abbiamo piantate sempre con un attrezzo <\/em><em>che con l&#8217;ausilio del piede ha spinto le giovani viti nel terreno, quest&#8217;anno abbiamo provato la prima volta una specie di aratro piantabarbatelle. Il risparmio di manodopera seconde me \u00e8 per\u00f2 modesto in quanto la macchina deve andare<\/em><em> molto piano per soddisfare l&#8217;accuratezza da noi richiesta e perch\u00e8 i solchi devono essere poi chiusi a mano, naturlamente dopo che sono state annaffiate per bene le barbatelle. Il fatto che le radici non devono essere pi\u00f9 raccorciate come nel caso del sistema precedente \u00e8 sicuramente un vantaggio, cosiccome il fatto che la prima acqua porta molto bene la terra fine presso le radici.<br \/>\n<\/em><\/p>\n[nggallery\u00a0id=22]\n<p>Die wichtigsten Arbeiten sind somit f\u00fcrs Erste erledigt, es folgt in B\u00e4lde das Einziehen des untersten Drahtes und das Setzen der Pflanzst\u00e4be bei jeder Rebe. Die restlichen Teile des Ger\u00fcstes werden bis zum n\u00e4chsten Jahr montiert; immer dann, wenn keine anderen, wichtigeren Arbeiten anstehen. Momentan ist n\u00e4mlich intensive Laubarbeit in den Ertragsanlagen angesagt. In der n\u00e4chsten Woche ist Bl\u00fchbeginn und bis dorthin m\u00fcssen alle dichtbeerigen Sorten intensiv h\u00e4ndisch entbl\u00e4ttert sein. Wird sind mit dem Setzen heuer sicher etwas sp\u00e4ter als \u00fcblich dran, aber \u00fcber die zuk\u00fcnftige Entwicklung der Reben sagt das nicht allzuviel aus. Das hiesige Sprichwort sagt n\u00e4mlich: &#8222;Setzst du mich im April, komme ich wann ich will, setzst du mich im Mai, komme ich glei(ch)&#8220;. Wer \u00fcbrigens sehen will, wie man in anderen Weinbauregionen eine Neueanlage erstellt, ist bestens auf den Seiten des Winzerkollegen <a title=\"Bernhard Fiedler: Wie ein Weingarten entsteht\" href=\"http:\/\/www.bernhard-fiedler.at\/weblog\/?cat=22\" target=\"_blank\">Bernhard Fiedler<\/a> aufgehoben.<\/p>\n<p><em>I lavori pi\u00f9 importanti al momento sono fatti, prossimamente si monter\u00e0 il primo filo e si pianteranno i tutori. Il montaggio delle parti restanti del sistema di allevamento dovr\u00e0 essere terminato fino all&#8217;inizio della prossima stagione vegetativa, verr\u00e0 eseguito nei periodi quando non ci sono da fare lavori pi\u00f9 urgenti. Al momento sono i lavori di potatura verde ad essere necessari. La settimana prossima comincer\u00e0 la fioritura e fino l\u00ec la defogliazione dei vitigni a grappolo compatto deve essere completata. Quest&#8217;anno siamo in po&#8217;indietro con l&#8217;impianto nuovo per\u00f2 alla fine questo non \u00e8 determinante per lo sviluppo delle viti giovani. Un nostro proverbio, tradotto letteralmente, dice: &#8220; Se mi pianti in aprile vengo quando voglio, se mi pianti a maggio vengo subito.&#8220; Se qualcuno \u00e8 interessato a vedere come si fanno nuovi impianti in altre regioni viticole lo vede molto bene sul sito del collega vignaiolo <a title=\"Bernhard Fiedler: Wie ein Weingarten entsteht\" href=\"http:\/\/www.bernhard-fiedler.at\/weblog\/?cat=22\" target=\"_blank\">Bernhard Fiedler<\/a>.<br \/>\n<\/em><\/p>\n<p><em><br \/>\n<\/em><\/p>\n","protected":false},"excerpt":{"rendered":"<p>1.950\u00a0Jungreben, oder\u00a0Raslen, wie sei bei uns hei\u00dfen, wurden gestern auf ca. 0,3 Hektar am Ogeaner gesetzt.\u00a0Sorte Chardonnay, Klon 108\u00a0SMA\u00a0und 548 FRA in gleichen Anteilen, geliefert von\u00a0Hansj\u00f6rg Thaler, dem Rebschuler unseres Vertrauens. Erstmalig in unserem Betrieb war die Verwendung eines Pflanzpfluges. &hellip; <a href=\"https:\/\/www.kobler-margreid.com\/blog\/blog\/2009\/05\/20\/neuanlage-ogeaner-2-nuovo-impianto-ogeaner-2\/\">Weiterlesen <span class=\"meta-nav\">&rarr;<\/span><\/a><\/p>\n","protected":false},"author":6,"featured_media":0,"comment_status":"open","ping_status":"open","sticky":false,"template":"","format":"standard","meta":{"ngg_post_thumbnail":0,"footnotes":"","_links_to":"","_links_to_target":""},"categories":[14],"tags":[403,404,407,405,237,402,406,408,236],"class_list":["post-1929","post","type-post","status-publish","format-standard","hentry","category-weingarten","tag-108-sma","tag-548-fra","tag-barbatelle","tag-impianto-nuovo","tag-margreider-ogeaner","tag-neuanlage","tag-raslen","tag-rebschule-thaler","tag-sudtiroler-chardonnay"],"yoast_head":"<!-- This site is optimized with the Yoast SEO plugin v27.5 - https:\/\/yoast.com\/product\/yoast-seo-wordpress\/ -->\n<title>Neuanlage \u201cOgeaner\u201d (2) - Nuovo impianto \u201cOgeaner\u201d (2) - weinhof KOBLER weblog<\/title>\n<meta name=\"robots\" content=\"index, follow, max-snippet:-1, max-image-preview:large, max-video-preview:-1\" \/>\n<link rel=\"canonical\" href=\"https:\/\/www.kobler-margreid.com\/blog\/blog\/2009\/05\/20\/neuanlage-ogeaner-2-nuovo-impianto-ogeaner-2\/\" \/>\n<meta property=\"og:locale\" content=\"de_DE\" \/>\n<meta property=\"og:type\" content=\"article\" \/>\n<meta property=\"og:title\" content=\"Neuanlage \u201cOgeaner\u201d (2) - Nuovo impianto \u201cOgeaner\u201d (2) - weinhof KOBLER weblog\" \/>\n<meta property=\"og:description\" content=\"1.950\u00a0Jungreben, oder\u00a0Raslen, wie sei bei uns hei\u00dfen, wurden gestern auf ca. 0,3 Hektar am Ogeaner gesetzt.\u00a0Sorte Chardonnay, Klon 108\u00a0SMA\u00a0und 548 FRA in gleichen Anteilen, geliefert von\u00a0Hansj\u00f6rg Thaler, dem Rebschuler unseres Vertrauens. Erstmalig in unserem Betrieb war die Verwendung eines Pflanzpfluges. &hellip; Weiterlesen &rarr;\" \/>\n<meta property=\"og:url\" content=\"https:\/\/www.kobler-margreid.com\/blog\/blog\/2009\/05\/20\/neuanlage-ogeaner-2-nuovo-impianto-ogeaner-2\/\" \/>\n<meta property=\"og:site_name\" content=\"weinhof KOBLER weblog\" \/>\n<meta property=\"article:publisher\" content=\"https:\/\/www.facebook.com\/armin.kobler\/\" \/>\n<meta property=\"article:published_time\" content=\"2009-05-20T14:43:16+00:00\" \/>\n<meta property=\"article:modified_time\" content=\"2009-05-22T09:51:58+00:00\" \/>\n<meta property=\"og:image\" content=\"http:\/\/www.kobler-margreid.com\/blog\/wp-content\/imagescaler\/bb0f1a90006347c1a04dcf190fbcad5c.jpg\" \/>\n<meta name=\"author\" content=\"armin kobler\" \/>\n<meta name=\"twitter:card\" content=\"summary_large_image\" \/>\n<meta name=\"twitter:label1\" content=\"Verfasst von\" \/>\n\t<meta name=\"twitter:data1\" content=\"armin kobler\" \/>\n\t<meta name=\"twitter:label2\" content=\"Gesch\u00e4tzte Lesezeit\" \/>\n\t<meta name=\"twitter:data2\" content=\"5\u00a0Minuten\" \/>\n<script type=\"application\/ld+json\" class=\"yoast-schema-graph\">{\"@context\":\"https:\\\/\\\/schema.org\",\"@graph\":[{\"@type\":\"Article\",\"@id\":\"https:\\\/\\\/www.kobler-margreid.com\\\/blog\\\/blog\\\/2009\\\/05\\\/20\\\/neuanlage-ogeaner-2-nuovo-impianto-ogeaner-2\\\/#article\",\"isPartOf\":{\"@id\":\"https:\\\/\\\/www.kobler-margreid.com\\\/blog\\\/blog\\\/2009\\\/05\\\/20\\\/neuanlage-ogeaner-2-nuovo-impianto-ogeaner-2\\\/\"},\"author\":{\"name\":\"armin kobler\",\"@id\":\"https:\\\/\\\/www.kobler-margreid.com\\\/blog\\\/#\\\/schema\\\/person\\\/fcca96145437484793adb0529dc48706\"},\"headline\":\"Neuanlage \u201cOgeaner\u201d (2) &#8211; Nuovo impianto \u201cOgeaner\u201d (2)\",\"datePublished\":\"2009-05-20T14:43:16+00:00\",\"dateModified\":\"2009-05-22T09:51:58+00:00\",\"mainEntityOfPage\":{\"@id\":\"https:\\\/\\\/www.kobler-margreid.com\\\/blog\\\/blog\\\/2009\\\/05\\\/20\\\/neuanlage-ogeaner-2-nuovo-impianto-ogeaner-2\\\/\"},\"wordCount\":1004,\"commentCount\":0,\"publisher\":{\"@id\":\"https:\\\/\\\/www.kobler-margreid.com\\\/blog\\\/#\\\/schema\\\/person\\\/6a2290c17f680f59c1fa7e1c7a36df3a\"},\"image\":{\"@id\":\"https:\\\/\\\/www.kobler-margreid.com\\\/blog\\\/blog\\\/2009\\\/05\\\/20\\\/neuanlage-ogeaner-2-nuovo-impianto-ogeaner-2\\\/#primaryimage\"},\"thumbnailUrl\":\"http:\\\/\\\/www.kobler-margreid.com\\\/blog\\\/wp-content\\\/imagescaler\\\/bb0f1a90006347c1a04dcf190fbcad5c.jpg\",\"keywords\":[\"108 SMA\",\"548 FRA\",\"Barbatelle\",\"Impianto nuovo\",\"Margreider Ogeaner\",\"Neuanlage\",\"Raslen\",\"Rebschule Thaler\",\"S\u00fcdtiroler Chardonnay\"],\"articleSection\":[\"Weingarten - Vigneto\"],\"inLanguage\":\"de\",\"potentialAction\":[{\"@type\":\"CommentAction\",\"name\":\"Comment\",\"target\":[\"https:\\\/\\\/www.kobler-margreid.com\\\/blog\\\/blog\\\/2009\\\/05\\\/20\\\/neuanlage-ogeaner-2-nuovo-impianto-ogeaner-2\\\/#respond\"]}]},{\"@type\":\"WebPage\",\"@id\":\"https:\\\/\\\/www.kobler-margreid.com\\\/blog\\\/blog\\\/2009\\\/05\\\/20\\\/neuanlage-ogeaner-2-nuovo-impianto-ogeaner-2\\\/\",\"url\":\"https:\\\/\\\/www.kobler-margreid.com\\\/blog\\\/blog\\\/2009\\\/05\\\/20\\\/neuanlage-ogeaner-2-nuovo-impianto-ogeaner-2\\\/\",\"name\":\"Neuanlage \u201cOgeaner\u201d (2) - Nuovo impianto \u201cOgeaner\u201d (2) - weinhof KOBLER weblog\",\"isPartOf\":{\"@id\":\"https:\\\/\\\/www.kobler-margreid.com\\\/blog\\\/#website\"},\"primaryImageOfPage\":{\"@id\":\"https:\\\/\\\/www.kobler-margreid.com\\\/blog\\\/blog\\\/2009\\\/05\\\/20\\\/neuanlage-ogeaner-2-nuovo-impianto-ogeaner-2\\\/#primaryimage\"},\"image\":{\"@id\":\"https:\\\/\\\/www.kobler-margreid.com\\\/blog\\\/blog\\\/2009\\\/05\\\/20\\\/neuanlage-ogeaner-2-nuovo-impianto-ogeaner-2\\\/#primaryimage\"},\"thumbnailUrl\":\"http:\\\/\\\/www.kobler-margreid.com\\\/blog\\\/wp-content\\\/imagescaler\\\/bb0f1a90006347c1a04dcf190fbcad5c.jpg\",\"datePublished\":\"2009-05-20T14:43:16+00:00\",\"dateModified\":\"2009-05-22T09:51:58+00:00\",\"breadcrumb\":{\"@id\":\"https:\\\/\\\/www.kobler-margreid.com\\\/blog\\\/blog\\\/2009\\\/05\\\/20\\\/neuanlage-ogeaner-2-nuovo-impianto-ogeaner-2\\\/#breadcrumb\"},\"inLanguage\":\"de\",\"potentialAction\":[{\"@type\":\"ReadAction\",\"target\":[\"https:\\\/\\\/www.kobler-margreid.com\\\/blog\\\/blog\\\/2009\\\/05\\\/20\\\/neuanlage-ogeaner-2-nuovo-impianto-ogeaner-2\\\/\"]}]},{\"@type\":\"ImageObject\",\"inLanguage\":\"de\",\"@id\":\"https:\\\/\\\/www.kobler-margreid.com\\\/blog\\\/blog\\\/2009\\\/05\\\/20\\\/neuanlage-ogeaner-2-nuovo-impianto-ogeaner-2\\\/#primaryimage\",\"url\":\"https:\\\/\\\/www.kobler-margreid.com\\\/blog\\\/wp-content\\\/2009\\\/05\\\/2009-05-19_13-51-55.jpg\",\"contentUrl\":\"https:\\\/\\\/www.kobler-margreid.com\\\/blog\\\/wp-content\\\/2009\\\/05\\\/2009-05-19_13-51-55.jpg\",\"width\":\"1024\",\"height\":\"768\"},{\"@type\":\"BreadcrumbList\",\"@id\":\"https:\\\/\\\/www.kobler-margreid.com\\\/blog\\\/blog\\\/2009\\\/05\\\/20\\\/neuanlage-ogeaner-2-nuovo-impianto-ogeaner-2\\\/#breadcrumb\",\"itemListElement\":[{\"@type\":\"ListItem\",\"position\":1,\"name\":\"Startseite\",\"item\":\"https:\\\/\\\/www.kobler-margreid.com\\\/blog\\\/\"},{\"@type\":\"ListItem\",\"position\":2,\"name\":\"Neuanlage \u201cOgeaner\u201d (2) &#8211; Nuovo impianto \u201cOgeaner\u201d (2)\"}]},{\"@type\":\"WebSite\",\"@id\":\"https:\\\/\\\/www.kobler-margreid.com\\\/blog\\\/#website\",\"url\":\"https:\\\/\\\/www.kobler-margreid.com\\\/blog\\\/\",\"name\":\"weinhof KOBLER weblog\",\"description\":\"dem wein ganz nah \u2013 all&#039;interno del vino\",\"publisher\":{\"@id\":\"https:\\\/\\\/www.kobler-margreid.com\\\/blog\\\/#\\\/schema\\\/person\\\/6a2290c17f680f59c1fa7e1c7a36df3a\"},\"potentialAction\":[{\"@type\":\"SearchAction\",\"target\":{\"@type\":\"EntryPoint\",\"urlTemplate\":\"https:\\\/\\\/www.kobler-margreid.com\\\/blog\\\/?s={search_term_string}\"},\"query-input\":{\"@type\":\"PropertyValueSpecification\",\"valueRequired\":true,\"valueName\":\"search_term_string\"}}],\"inLanguage\":\"de\"},{\"@type\":[\"Person\",\"Organization\"],\"@id\":\"https:\\\/\\\/www.kobler-margreid.com\\\/blog\\\/#\\\/schema\\\/person\\\/6a2290c17f680f59c1fa7e1c7a36df3a\",\"name\":\"armin kobler\",\"image\":{\"@type\":\"ImageObject\",\"inLanguage\":\"de\",\"@id\":\"https:\\\/\\\/www.kobler-margreid.com\\\/blog\\\/wp-content\\\/2023\\\/11\\\/2012-05-08_09-33-03a.jpg\",\"url\":\"https:\\\/\\\/www.kobler-margreid.com\\\/blog\\\/wp-content\\\/2023\\\/11\\\/2012-05-08_09-33-03a.jpg\",\"contentUrl\":\"https:\\\/\\\/www.kobler-margreid.com\\\/blog\\\/wp-content\\\/2023\\\/11\\\/2012-05-08_09-33-03a.jpg\",\"width\":1088,\"height\":1184,\"caption\":\"armin kobler\"},\"logo\":{\"@id\":\"https:\\\/\\\/www.kobler-margreid.com\\\/blog\\\/wp-content\\\/2023\\\/11\\\/2012-05-08_09-33-03a.jpg\"},\"sameAs\":[\"http:\\\/\\\/www.kobler-margreid.com\",\"https:\\\/\\\/www.facebook.com\\\/armin.kobler\\\/\"]},{\"@type\":\"Person\",\"@id\":\"https:\\\/\\\/www.kobler-margreid.com\\\/blog\\\/#\\\/schema\\\/person\\\/fcca96145437484793adb0529dc48706\",\"name\":\"armin kobler\",\"image\":{\"@type\":\"ImageObject\",\"inLanguage\":\"de\",\"@id\":\"https:\\\/\\\/secure.gravatar.com\\\/avatar\\\/7ed75d18f117c58598b89fcf3ec9fda3311f3fbda827ac1502944a0804d87b7f?s=96&d=mm&r=g\",\"url\":\"https:\\\/\\\/secure.gravatar.com\\\/avatar\\\/7ed75d18f117c58598b89fcf3ec9fda3311f3fbda827ac1502944a0804d87b7f?s=96&d=mm&r=g\",\"contentUrl\":\"https:\\\/\\\/secure.gravatar.com\\\/avatar\\\/7ed75d18f117c58598b89fcf3ec9fda3311f3fbda827ac1502944a0804d87b7f?s=96&d=mm&r=g\",\"caption\":\"armin kobler\"},\"sameAs\":[\"http:\\\/\\\/\"],\"url\":\"https:\\\/\\\/www.kobler-margreid.com\\\/blog\\\/blog\\\/author\\\/armin-kobler\\\/\"}]}<\/script>\n<!-- \/ Yoast SEO plugin. -->","yoast_head_json":{"title":"Neuanlage \u201cOgeaner\u201d (2) - Nuovo impianto \u201cOgeaner\u201d (2) - weinhof KOBLER weblog","robots":{"index":"index","follow":"follow","max-snippet":"max-snippet:-1","max-image-preview":"max-image-preview:large","max-video-preview":"max-video-preview:-1"},"canonical":"https:\/\/www.kobler-margreid.com\/blog\/blog\/2009\/05\/20\/neuanlage-ogeaner-2-nuovo-impianto-ogeaner-2\/","og_locale":"de_DE","og_type":"article","og_title":"Neuanlage \u201cOgeaner\u201d (2) - Nuovo impianto \u201cOgeaner\u201d (2) - weinhof KOBLER weblog","og_description":"1.950\u00a0Jungreben, oder\u00a0Raslen, wie sei bei uns hei\u00dfen, wurden gestern auf ca. 0,3 Hektar am Ogeaner gesetzt.\u00a0Sorte Chardonnay, Klon 108\u00a0SMA\u00a0und 548 FRA in gleichen Anteilen, geliefert von\u00a0Hansj\u00f6rg Thaler, dem Rebschuler unseres Vertrauens. Erstmalig in unserem Betrieb war die Verwendung eines Pflanzpfluges. &hellip; Weiterlesen &rarr;","og_url":"https:\/\/www.kobler-margreid.com\/blog\/blog\/2009\/05\/20\/neuanlage-ogeaner-2-nuovo-impianto-ogeaner-2\/","og_site_name":"weinhof KOBLER weblog","article_publisher":"https:\/\/www.facebook.com\/armin.kobler\/","article_published_time":"2009-05-20T14:43:16+00:00","article_modified_time":"2009-05-22T09:51:58+00:00","og_image":[{"url":"http:\/\/www.kobler-margreid.com\/blog\/wp-content\/imagescaler\/bb0f1a90006347c1a04dcf190fbcad5c.jpg","type":"","width":"","height":""}],"author":"armin kobler","twitter_card":"summary_large_image","twitter_misc":{"Verfasst von":"armin kobler","Gesch\u00e4tzte Lesezeit":"5\u00a0Minuten"},"schema":{"@context":"https:\/\/schema.org","@graph":[{"@type":"Article","@id":"https:\/\/www.kobler-margreid.com\/blog\/blog\/2009\/05\/20\/neuanlage-ogeaner-2-nuovo-impianto-ogeaner-2\/#article","isPartOf":{"@id":"https:\/\/www.kobler-margreid.com\/blog\/blog\/2009\/05\/20\/neuanlage-ogeaner-2-nuovo-impianto-ogeaner-2\/"},"author":{"name":"armin kobler","@id":"https:\/\/www.kobler-margreid.com\/blog\/#\/schema\/person\/fcca96145437484793adb0529dc48706"},"headline":"Neuanlage \u201cOgeaner\u201d (2) &#8211; Nuovo impianto \u201cOgeaner\u201d (2)","datePublished":"2009-05-20T14:43:16+00:00","dateModified":"2009-05-22T09:51:58+00:00","mainEntityOfPage":{"@id":"https:\/\/www.kobler-margreid.com\/blog\/blog\/2009\/05\/20\/neuanlage-ogeaner-2-nuovo-impianto-ogeaner-2\/"},"wordCount":1004,"commentCount":0,"publisher":{"@id":"https:\/\/www.kobler-margreid.com\/blog\/#\/schema\/person\/6a2290c17f680f59c1fa7e1c7a36df3a"},"image":{"@id":"https:\/\/www.kobler-margreid.com\/blog\/blog\/2009\/05\/20\/neuanlage-ogeaner-2-nuovo-impianto-ogeaner-2\/#primaryimage"},"thumbnailUrl":"http:\/\/www.kobler-margreid.com\/blog\/wp-content\/imagescaler\/bb0f1a90006347c1a04dcf190fbcad5c.jpg","keywords":["108 SMA","548 FRA","Barbatelle","Impianto nuovo","Margreider Ogeaner","Neuanlage","Raslen","Rebschule Thaler","S\u00fcdtiroler Chardonnay"],"articleSection":["Weingarten - Vigneto"],"inLanguage":"de","potentialAction":[{"@type":"CommentAction","name":"Comment","target":["https:\/\/www.kobler-margreid.com\/blog\/blog\/2009\/05\/20\/neuanlage-ogeaner-2-nuovo-impianto-ogeaner-2\/#respond"]}]},{"@type":"WebPage","@id":"https:\/\/www.kobler-margreid.com\/blog\/blog\/2009\/05\/20\/neuanlage-ogeaner-2-nuovo-impianto-ogeaner-2\/","url":"https:\/\/www.kobler-margreid.com\/blog\/blog\/2009\/05\/20\/neuanlage-ogeaner-2-nuovo-impianto-ogeaner-2\/","name":"Neuanlage \u201cOgeaner\u201d (2) - Nuovo impianto \u201cOgeaner\u201d (2) - weinhof KOBLER weblog","isPartOf":{"@id":"https:\/\/www.kobler-margreid.com\/blog\/#website"},"primaryImageOfPage":{"@id":"https:\/\/www.kobler-margreid.com\/blog\/blog\/2009\/05\/20\/neuanlage-ogeaner-2-nuovo-impianto-ogeaner-2\/#primaryimage"},"image":{"@id":"https:\/\/www.kobler-margreid.com\/blog\/blog\/2009\/05\/20\/neuanlage-ogeaner-2-nuovo-impianto-ogeaner-2\/#primaryimage"},"thumbnailUrl":"http:\/\/www.kobler-margreid.com\/blog\/wp-content\/imagescaler\/bb0f1a90006347c1a04dcf190fbcad5c.jpg","datePublished":"2009-05-20T14:43:16+00:00","dateModified":"2009-05-22T09:51:58+00:00","breadcrumb":{"@id":"https:\/\/www.kobler-margreid.com\/blog\/blog\/2009\/05\/20\/neuanlage-ogeaner-2-nuovo-impianto-ogeaner-2\/#breadcrumb"},"inLanguage":"de","potentialAction":[{"@type":"ReadAction","target":["https:\/\/www.kobler-margreid.com\/blog\/blog\/2009\/05\/20\/neuanlage-ogeaner-2-nuovo-impianto-ogeaner-2\/"]}]},{"@type":"ImageObject","inLanguage":"de","@id":"https:\/\/www.kobler-margreid.com\/blog\/blog\/2009\/05\/20\/neuanlage-ogeaner-2-nuovo-impianto-ogeaner-2\/#primaryimage","url":"https:\/\/www.kobler-margreid.com\/blog\/wp-content\/2009\/05\/2009-05-19_13-51-55.jpg","contentUrl":"https:\/\/www.kobler-margreid.com\/blog\/wp-content\/2009\/05\/2009-05-19_13-51-55.jpg","width":"1024","height":"768"},{"@type":"BreadcrumbList","@id":"https:\/\/www.kobler-margreid.com\/blog\/blog\/2009\/05\/20\/neuanlage-ogeaner-2-nuovo-impianto-ogeaner-2\/#breadcrumb","itemListElement":[{"@type":"ListItem","position":1,"name":"Startseite","item":"https:\/\/www.kobler-margreid.com\/blog\/"},{"@type":"ListItem","position":2,"name":"Neuanlage \u201cOgeaner\u201d (2) &#8211; Nuovo impianto \u201cOgeaner\u201d (2)"}]},{"@type":"WebSite","@id":"https:\/\/www.kobler-margreid.com\/blog\/#website","url":"https:\/\/www.kobler-margreid.com\/blog\/","name":"weinhof KOBLER weblog","description":"dem wein ganz nah \u2013 all&#039;interno del vino","publisher":{"@id":"https:\/\/www.kobler-margreid.com\/blog\/#\/schema\/person\/6a2290c17f680f59c1fa7e1c7a36df3a"},"potentialAction":[{"@type":"SearchAction","target":{"@type":"EntryPoint","urlTemplate":"https:\/\/www.kobler-margreid.com\/blog\/?s={search_term_string}"},"query-input":{"@type":"PropertyValueSpecification","valueRequired":true,"valueName":"search_term_string"}}],"inLanguage":"de"},{"@type":["Person","Organization"],"@id":"https:\/\/www.kobler-margreid.com\/blog\/#\/schema\/person\/6a2290c17f680f59c1fa7e1c7a36df3a","name":"armin kobler","image":{"@type":"ImageObject","inLanguage":"de","@id":"https:\/\/www.kobler-margreid.com\/blog\/wp-content\/2023\/11\/2012-05-08_09-33-03a.jpg","url":"https:\/\/www.kobler-margreid.com\/blog\/wp-content\/2023\/11\/2012-05-08_09-33-03a.jpg","contentUrl":"https:\/\/www.kobler-margreid.com\/blog\/wp-content\/2023\/11\/2012-05-08_09-33-03a.jpg","width":1088,"height":1184,"caption":"armin kobler"},"logo":{"@id":"https:\/\/www.kobler-margreid.com\/blog\/wp-content\/2023\/11\/2012-05-08_09-33-03a.jpg"},"sameAs":["http:\/\/www.kobler-margreid.com","https:\/\/www.facebook.com\/armin.kobler\/"]},{"@type":"Person","@id":"https:\/\/www.kobler-margreid.com\/blog\/#\/schema\/person\/fcca96145437484793adb0529dc48706","name":"armin kobler","image":{"@type":"ImageObject","inLanguage":"de","@id":"https:\/\/secure.gravatar.com\/avatar\/7ed75d18f117c58598b89fcf3ec9fda3311f3fbda827ac1502944a0804d87b7f?s=96&d=mm&r=g","url":"https:\/\/secure.gravatar.com\/avatar\/7ed75d18f117c58598b89fcf3ec9fda3311f3fbda827ac1502944a0804d87b7f?s=96&d=mm&r=g","contentUrl":"https:\/\/secure.gravatar.com\/avatar\/7ed75d18f117c58598b89fcf3ec9fda3311f3fbda827ac1502944a0804d87b7f?s=96&d=mm&r=g","caption":"armin kobler"},"sameAs":["http:\/\/"],"url":"https:\/\/www.kobler-margreid.com\/blog\/blog\/author\/armin-kobler\/"}]}},"_links":{"self":[{"href":"https:\/\/www.kobler-margreid.com\/blog\/wp-json\/wp\/v2\/posts\/1929","targetHints":{"allow":["GET"]}}],"collection":[{"href":"https:\/\/www.kobler-margreid.com\/blog\/wp-json\/wp\/v2\/posts"}],"about":[{"href":"https:\/\/www.kobler-margreid.com\/blog\/wp-json\/wp\/v2\/types\/post"}],"author":[{"embeddable":true,"href":"https:\/\/www.kobler-margreid.com\/blog\/wp-json\/wp\/v2\/users\/6"}],"replies":[{"embeddable":true,"href":"https:\/\/www.kobler-margreid.com\/blog\/wp-json\/wp\/v2\/comments?post=1929"}],"version-history":[{"count":0,"href":"https:\/\/www.kobler-margreid.com\/blog\/wp-json\/wp\/v2\/posts\/1929\/revisions"}],"wp:attachment":[{"href":"https:\/\/www.kobler-margreid.com\/blog\/wp-json\/wp\/v2\/media?parent=1929"}],"wp:term":[{"taxonomy":"category","embeddable":true,"href":"https:\/\/www.kobler-margreid.com\/blog\/wp-json\/wp\/v2\/categories?post=1929"},{"taxonomy":"post_tag","embeddable":true,"href":"https:\/\/www.kobler-margreid.com\/blog\/wp-json\/wp\/v2\/tags?post=1929"}],"curies":[{"name":"wp","href":"https:\/\/api.w.org\/{rel}","templated":true}]}}