{"id":198,"date":"2008-08-06T18:53:49","date_gmt":"2008-08-06T16:53:49","guid":{"rendered":"http:\/\/www.kobler-margreid.com\/blog\/?p=198"},"modified":"2008-08-07T08:02:22","modified_gmt":"2008-08-07T06:02:22","slug":"rosso-di-montalcino-capanna-2000","status":"publish","type":"post","link":"https:\/\/www.kobler-margreid.com\/blog\/blog\/2008\/08\/06\/rosso-di-montalcino-capanna-2000\/","title":{"rendered":"Rosso di Montalcino Capanna 2000"},"content":{"rendered":"<p><a href=\"http:\/\/www.kobler-margreid.com\/blog\/wp-content\/2008\/07\/2008-07-30_07-53-26.jpg\" rel=\"lightbox[198]\"><img loading=\"lazy\" decoding=\"async\" class=\"float left size-full wp-image-200 alignleft\" style=\"border: 0pt none;\" title=\"2008-07-30_07-53-26\" src=\"http:\/\/www.kobler-margreid.com\/blog\/wp-content\/2008\/07\/2008-07-30_07-53-26.jpg\" alt=\"\" width=\"230\" height=\"349\" \/><\/a>Es gibt Weine, die man f\u00fcr besondere Gelegenheiten aufbewahrt, so zum Beispiel gro\u00dfe Feierlichkeiten oder f\u00fcr bestimmte Weinkosten, wo ein Thema vorgegeben ist. Oft genug ist es mir aber passiert, dass ich gewisse Weine zu sp\u00e4t ge\u00f6ffnet und ich mich dann ge\u00e4rgert habe. Damit diese F\u00e4lle nicht mehr so oft vorkommen, wird jetzt mehr systematisch nach Jahrgang ge\u00f6ffnet, gekostet und getrunken.<\/p>\n<p>Genau zum richtigen Zeitpunkt habe ich m.E. bei einem Wein den \u00d6ffner angesetzt, den ich 2002 von einer Lehrfahrt in die Toskana mit nach Hause gebracht habe. Herrn Cencioni des Betriebes Capanna in Montalcino habe ich als \u00e4u\u00dferst wortkarge Person in Erinnerung; jede Information hinsichtlich Weinbau und Kellerwirtschaft mussten wir ihm zusammen aus der Nase ziehen. Aufgetaut ist er eigentlich erst dann, als er merkte, dass wir selbst vom Fach sind und seinem Schaffen auch mit dem geb\u00fchrenden Respekt begegneten.<\/p>\n<p>Die Weine in den F\u00e4sser waren naturgem\u00e4\u00df schwierig zu kosten und lie\u00dfen ihr Potential f\u00fcr uns Fremde nur schwer erahnen. Wenn ich mich richtig erinnere, hat er im Gegensatz zu den anderen von uns besuchten Betrieben dort (Caparzo z.B.), zumindest damals, den Einsatz von Barriques abgelehnt. Angenehm \u00fcberrascht waren besonders die j\u00fcngeren Teilnehmer der Fahrt, dass sie noch einzelnen Flaschen ihres Geburtsjahrgangs bei ihm kaufen konnten.<!--more--><\/p>\n<p>Die Qualit\u00e4t dieses Weines hat mich stark beeindruckt, habe ich doch bef\u00fcrchtet, f\u00fcr einen Rosso di Monalcino 2000 zu sp\u00e4t dran zu sein. Die Farbe noch tiefrot mit einzelnen, nicht st\u00f6renden Brauntonreflexen; im Geruch sauber, sehr vielschichtig, wobei der Geruch an getrocknete Feigen als dominant bezeichnet werden kann. Nat\u00fcrlich im Hintergrund allgemeine Aromen gereifter Rotweine: Tabak, Lakritze, aber kein Leder oder animalische T\u00f6ne. Das Mundgef\u00fchl mit einer f\u00fcr die traditionelle Ausrichtung des Betriebes eher ungewohnten F\u00fclle und einer Gerbstoffkomponente mit Charakter aber ohne adstringierend oder bitter zu wirken.<\/p>\n<p>An diesen Wein werde ich mich noch f\u00fcr l\u00e4ngere Zeit erinnern. Sein Brunello 97 liegt noch im meinem Keller, aber ich denke nicht mehr lange&#8230;<\/p>\n<p>P.S.: Vielleicht hat ein(e) der teilnehmenden Kolleg(inn)en den Preis aufgeschrieben? Ich wei\u00df ihn leider nicht mehr.<\/p>\n","protected":false},"excerpt":{"rendered":"<p>Es gibt Weine, die man f\u00fcr besondere Gelegenheiten aufbewahrt, so zum Beispiel gro\u00dfe Feierlichkeiten oder f\u00fcr bestimmte Weinkosten, wo ein Thema vorgegeben ist. Oft genug ist es mir aber passiert, dass ich gewisse Weine zu sp\u00e4t ge\u00f6ffnet und ich mich &hellip; <a href=\"https:\/\/www.kobler-margreid.com\/blog\/blog\/2008\/08\/06\/rosso-di-montalcino-capanna-2000\/\">Weiterlesen <span class=\"meta-nav\">&rarr;<\/span><\/a><\/p>\n","protected":false},"author":1,"featured_media":0,"comment_status":"open","ping_status":"open","sticky":false,"template":"","format":"standard","meta":{"ngg_post_thumbnail":0,"footnotes":"","_links_to":"","_links_to_target":""},"categories":[16],"tags":[134,135],"class_list":["post-198","post","type-post","status-publish","format-standard","hentry","category-weinkost","tag-capanna","tag-rosso-di-montalcino"],"yoast_head":"<!-- This site is optimized with the Yoast SEO plugin v27.5 - https:\/\/yoast.com\/product\/yoast-seo-wordpress\/ -->\n<title>Rosso di Montalcino Capanna 2000 - weinhof KOBLER weblog<\/title>\n<meta name=\"robots\" content=\"index, follow, max-snippet:-1, max-image-preview:large, max-video-preview:-1\" \/>\n<link rel=\"canonical\" href=\"https:\/\/www.kobler-margreid.com\/blog\/blog\/2008\/08\/06\/rosso-di-montalcino-capanna-2000\/\" \/>\n<meta property=\"og:locale\" content=\"de_DE\" \/>\n<meta property=\"og:type\" content=\"article\" \/>\n<meta property=\"og:title\" content=\"Rosso di Montalcino Capanna 2000 - weinhof KOBLER weblog\" \/>\n<meta property=\"og:description\" content=\"Es gibt Weine, die man f\u00fcr besondere Gelegenheiten aufbewahrt, so zum Beispiel gro\u00dfe Feierlichkeiten oder f\u00fcr bestimmte Weinkosten, wo ein Thema vorgegeben ist. Oft genug ist es mir aber passiert, dass ich gewisse Weine zu sp\u00e4t ge\u00f6ffnet und ich mich &hellip; Weiterlesen &rarr;\" \/>\n<meta property=\"og:url\" content=\"https:\/\/www.kobler-margreid.com\/blog\/blog\/2008\/08\/06\/rosso-di-montalcino-capanna-2000\/\" \/>\n<meta property=\"og:site_name\" content=\"weinhof KOBLER weblog\" \/>\n<meta property=\"article:publisher\" content=\"https:\/\/www.facebook.com\/armin.kobler\/\" \/>\n<meta property=\"article:author\" content=\"https:\/\/www.facebook.com\/armin.kobler\/\" \/>\n<meta property=\"article:published_time\" content=\"2008-08-06T16:53:49+00:00\" \/>\n<meta property=\"article:modified_time\" content=\"2008-08-07T06:02:22+00:00\" \/>\n<meta property=\"og:image\" content=\"http:\/\/www.kobler-margreid.com\/blog\/wp-content\/2008\/07\/2008-07-30_07-53-26.jpg\" \/>\n<meta name=\"author\" content=\"armin kobler\" \/>\n<meta name=\"twitter:card\" content=\"summary_large_image\" \/>\n<meta name=\"twitter:label1\" content=\"Verfasst von\" \/>\n\t<meta name=\"twitter:data1\" content=\"armin kobler\" \/>\n\t<meta name=\"twitter:label2\" content=\"Gesch\u00e4tzte Lesezeit\" \/>\n\t<meta name=\"twitter:data2\" content=\"2\u00a0Minuten\" \/>\n<script type=\"application\/ld+json\" class=\"yoast-schema-graph\">{\"@context\":\"https:\\\/\\\/schema.org\",\"@graph\":[{\"@type\":\"Article\",\"@id\":\"https:\\\/\\\/www.kobler-margreid.com\\\/blog\\\/blog\\\/2008\\\/08\\\/06\\\/rosso-di-montalcino-capanna-2000\\\/#article\",\"isPartOf\":{\"@id\":\"https:\\\/\\\/www.kobler-margreid.com\\\/blog\\\/blog\\\/2008\\\/08\\\/06\\\/rosso-di-montalcino-capanna-2000\\\/\"},\"author\":{\"name\":\"armin kobler\",\"@id\":\"https:\\\/\\\/www.kobler-margreid.com\\\/blog\\\/#\\\/schema\\\/person\\\/6a2290c17f680f59c1fa7e1c7a36df3a\"},\"headline\":\"Rosso di Montalcino Capanna 2000\",\"datePublished\":\"2008-08-06T16:53:49+00:00\",\"dateModified\":\"2008-08-07T06:02:22+00:00\",\"mainEntityOfPage\":{\"@id\":\"https:\\\/\\\/www.kobler-margreid.com\\\/blog\\\/blog\\\/2008\\\/08\\\/06\\\/rosso-di-montalcino-capanna-2000\\\/\"},\"wordCount\":369,\"commentCount\":4,\"publisher\":{\"@id\":\"https:\\\/\\\/www.kobler-margreid.com\\\/blog\\\/#\\\/schema\\\/person\\\/6a2290c17f680f59c1fa7e1c7a36df3a\"},\"image\":{\"@id\":\"https:\\\/\\\/www.kobler-margreid.com\\\/blog\\\/blog\\\/2008\\\/08\\\/06\\\/rosso-di-montalcino-capanna-2000\\\/#primaryimage\"},\"thumbnailUrl\":\"http:\\\/\\\/www.kobler-margreid.com\\\/blog\\\/wp-content\\\/2008\\\/07\\\/2008-07-30_07-53-26.jpg\",\"keywords\":[\"Capanna\",\"Rosso di Montalcino\"],\"articleSection\":[\"Weinkost - Degustazione\"],\"inLanguage\":\"de\",\"potentialAction\":[{\"@type\":\"CommentAction\",\"name\":\"Comment\",\"target\":[\"https:\\\/\\\/www.kobler-margreid.com\\\/blog\\\/blog\\\/2008\\\/08\\\/06\\\/rosso-di-montalcino-capanna-2000\\\/#respond\"]}]},{\"@type\":\"WebPage\",\"@id\":\"https:\\\/\\\/www.kobler-margreid.com\\\/blog\\\/blog\\\/2008\\\/08\\\/06\\\/rosso-di-montalcino-capanna-2000\\\/\",\"url\":\"https:\\\/\\\/www.kobler-margreid.com\\\/blog\\\/blog\\\/2008\\\/08\\\/06\\\/rosso-di-montalcino-capanna-2000\\\/\",\"name\":\"Rosso di Montalcino Capanna 2000 - weinhof KOBLER weblog\",\"isPartOf\":{\"@id\":\"https:\\\/\\\/www.kobler-margreid.com\\\/blog\\\/#website\"},\"primaryImageOfPage\":{\"@id\":\"https:\\\/\\\/www.kobler-margreid.com\\\/blog\\\/blog\\\/2008\\\/08\\\/06\\\/rosso-di-montalcino-capanna-2000\\\/#primaryimage\"},\"image\":{\"@id\":\"https:\\\/\\\/www.kobler-margreid.com\\\/blog\\\/blog\\\/2008\\\/08\\\/06\\\/rosso-di-montalcino-capanna-2000\\\/#primaryimage\"},\"thumbnailUrl\":\"http:\\\/\\\/www.kobler-margreid.com\\\/blog\\\/wp-content\\\/2008\\\/07\\\/2008-07-30_07-53-26.jpg\",\"datePublished\":\"2008-08-06T16:53:49+00:00\",\"dateModified\":\"2008-08-07T06:02:22+00:00\",\"breadcrumb\":{\"@id\":\"https:\\\/\\\/www.kobler-margreid.com\\\/blog\\\/blog\\\/2008\\\/08\\\/06\\\/rosso-di-montalcino-capanna-2000\\\/#breadcrumb\"},\"inLanguage\":\"de\",\"potentialAction\":[{\"@type\":\"ReadAction\",\"target\":[\"https:\\\/\\\/www.kobler-margreid.com\\\/blog\\\/blog\\\/2008\\\/08\\\/06\\\/rosso-di-montalcino-capanna-2000\\\/\"]}]},{\"@type\":\"ImageObject\",\"inLanguage\":\"de\",\"@id\":\"https:\\\/\\\/www.kobler-margreid.com\\\/blog\\\/blog\\\/2008\\\/08\\\/06\\\/rosso-di-montalcino-capanna-2000\\\/#primaryimage\",\"url\":\"http:\\\/\\\/www.kobler-margreid.com\\\/blog\\\/wp-content\\\/2008\\\/07\\\/2008-07-30_07-53-26.jpg\",\"contentUrl\":\"http:\\\/\\\/www.kobler-margreid.com\\\/blog\\\/wp-content\\\/2008\\\/07\\\/2008-07-30_07-53-26.jpg\"},{\"@type\":\"BreadcrumbList\",\"@id\":\"https:\\\/\\\/www.kobler-margreid.com\\\/blog\\\/blog\\\/2008\\\/08\\\/06\\\/rosso-di-montalcino-capanna-2000\\\/#breadcrumb\",\"itemListElement\":[{\"@type\":\"ListItem\",\"position\":1,\"name\":\"Startseite\",\"item\":\"https:\\\/\\\/www.kobler-margreid.com\\\/blog\\\/\"},{\"@type\":\"ListItem\",\"position\":2,\"name\":\"Rosso di Montalcino Capanna 2000\"}]},{\"@type\":\"WebSite\",\"@id\":\"https:\\\/\\\/www.kobler-margreid.com\\\/blog\\\/#website\",\"url\":\"https:\\\/\\\/www.kobler-margreid.com\\\/blog\\\/\",\"name\":\"weinhof KOBLER weblog\",\"description\":\"dem wein ganz nah \u2013 all&#039;interno del vino\",\"publisher\":{\"@id\":\"https:\\\/\\\/www.kobler-margreid.com\\\/blog\\\/#\\\/schema\\\/person\\\/6a2290c17f680f59c1fa7e1c7a36df3a\"},\"potentialAction\":[{\"@type\":\"SearchAction\",\"target\":{\"@type\":\"EntryPoint\",\"urlTemplate\":\"https:\\\/\\\/www.kobler-margreid.com\\\/blog\\\/?s={search_term_string}\"},\"query-input\":{\"@type\":\"PropertyValueSpecification\",\"valueRequired\":true,\"valueName\":\"search_term_string\"}}],\"inLanguage\":\"de\"},{\"@type\":[\"Person\",\"Organization\"],\"@id\":\"https:\\\/\\\/www.kobler-margreid.com\\\/blog\\\/#\\\/schema\\\/person\\\/6a2290c17f680f59c1fa7e1c7a36df3a\",\"name\":\"armin kobler\",\"image\":{\"@type\":\"ImageObject\",\"inLanguage\":\"de\",\"@id\":\"https:\\\/\\\/www.kobler-margreid.com\\\/blog\\\/wp-content\\\/2023\\\/11\\\/2012-05-08_09-33-03a.jpg\",\"url\":\"https:\\\/\\\/www.kobler-margreid.com\\\/blog\\\/wp-content\\\/2023\\\/11\\\/2012-05-08_09-33-03a.jpg\",\"contentUrl\":\"https:\\\/\\\/www.kobler-margreid.com\\\/blog\\\/wp-content\\\/2023\\\/11\\\/2012-05-08_09-33-03a.jpg\",\"width\":1088,\"height\":1184,\"caption\":\"armin kobler\"},\"logo\":{\"@id\":\"https:\\\/\\\/www.kobler-margreid.com\\\/blog\\\/wp-content\\\/2023\\\/11\\\/2012-05-08_09-33-03a.jpg\"},\"sameAs\":[\"http:\\\/\\\/www.kobler-margreid.com\",\"https:\\\/\\\/www.facebook.com\\\/armin.kobler\\\/\"],\"url\":\"https:\\\/\\\/www.kobler-margreid.com\\\/blog\\\/blog\\\/author\\\/admin\\\/\"}]}<\/script>\n<!-- \/ Yoast SEO plugin. -->","yoast_head_json":{"title":"Rosso di Montalcino Capanna 2000 - weinhof KOBLER weblog","robots":{"index":"index","follow":"follow","max-snippet":"max-snippet:-1","max-image-preview":"max-image-preview:large","max-video-preview":"max-video-preview:-1"},"canonical":"https:\/\/www.kobler-margreid.com\/blog\/blog\/2008\/08\/06\/rosso-di-montalcino-capanna-2000\/","og_locale":"de_DE","og_type":"article","og_title":"Rosso di Montalcino Capanna 2000 - weinhof KOBLER weblog","og_description":"Es gibt Weine, die man f\u00fcr besondere Gelegenheiten aufbewahrt, so zum Beispiel gro\u00dfe Feierlichkeiten oder f\u00fcr bestimmte Weinkosten, wo ein Thema vorgegeben ist. Oft genug ist es mir aber passiert, dass ich gewisse Weine zu sp\u00e4t ge\u00f6ffnet und ich mich &hellip; Weiterlesen &rarr;","og_url":"https:\/\/www.kobler-margreid.com\/blog\/blog\/2008\/08\/06\/rosso-di-montalcino-capanna-2000\/","og_site_name":"weinhof KOBLER weblog","article_publisher":"https:\/\/www.facebook.com\/armin.kobler\/","article_author":"https:\/\/www.facebook.com\/armin.kobler\/","article_published_time":"2008-08-06T16:53:49+00:00","article_modified_time":"2008-08-07T06:02:22+00:00","og_image":[{"url":"http:\/\/www.kobler-margreid.com\/blog\/wp-content\/2008\/07\/2008-07-30_07-53-26.jpg","type":"","width":"","height":""}],"author":"armin kobler","twitter_card":"summary_large_image","twitter_misc":{"Verfasst von":"armin kobler","Gesch\u00e4tzte Lesezeit":"2\u00a0Minuten"},"schema":{"@context":"https:\/\/schema.org","@graph":[{"@type":"Article","@id":"https:\/\/www.kobler-margreid.com\/blog\/blog\/2008\/08\/06\/rosso-di-montalcino-capanna-2000\/#article","isPartOf":{"@id":"https:\/\/www.kobler-margreid.com\/blog\/blog\/2008\/08\/06\/rosso-di-montalcino-capanna-2000\/"},"author":{"name":"armin kobler","@id":"https:\/\/www.kobler-margreid.com\/blog\/#\/schema\/person\/6a2290c17f680f59c1fa7e1c7a36df3a"},"headline":"Rosso di Montalcino Capanna 2000","datePublished":"2008-08-06T16:53:49+00:00","dateModified":"2008-08-07T06:02:22+00:00","mainEntityOfPage":{"@id":"https:\/\/www.kobler-margreid.com\/blog\/blog\/2008\/08\/06\/rosso-di-montalcino-capanna-2000\/"},"wordCount":369,"commentCount":4,"publisher":{"@id":"https:\/\/www.kobler-margreid.com\/blog\/#\/schema\/person\/6a2290c17f680f59c1fa7e1c7a36df3a"},"image":{"@id":"https:\/\/www.kobler-margreid.com\/blog\/blog\/2008\/08\/06\/rosso-di-montalcino-capanna-2000\/#primaryimage"},"thumbnailUrl":"http:\/\/www.kobler-margreid.com\/blog\/wp-content\/2008\/07\/2008-07-30_07-53-26.jpg","keywords":["Capanna","Rosso di Montalcino"],"articleSection":["Weinkost - Degustazione"],"inLanguage":"de","potentialAction":[{"@type":"CommentAction","name":"Comment","target":["https:\/\/www.kobler-margreid.com\/blog\/blog\/2008\/08\/06\/rosso-di-montalcino-capanna-2000\/#respond"]}]},{"@type":"WebPage","@id":"https:\/\/www.kobler-margreid.com\/blog\/blog\/2008\/08\/06\/rosso-di-montalcino-capanna-2000\/","url":"https:\/\/www.kobler-margreid.com\/blog\/blog\/2008\/08\/06\/rosso-di-montalcino-capanna-2000\/","name":"Rosso di Montalcino Capanna 2000 - weinhof KOBLER weblog","isPartOf":{"@id":"https:\/\/www.kobler-margreid.com\/blog\/#website"},"primaryImageOfPage":{"@id":"https:\/\/www.kobler-margreid.com\/blog\/blog\/2008\/08\/06\/rosso-di-montalcino-capanna-2000\/#primaryimage"},"image":{"@id":"https:\/\/www.kobler-margreid.com\/blog\/blog\/2008\/08\/06\/rosso-di-montalcino-capanna-2000\/#primaryimage"},"thumbnailUrl":"http:\/\/www.kobler-margreid.com\/blog\/wp-content\/2008\/07\/2008-07-30_07-53-26.jpg","datePublished":"2008-08-06T16:53:49+00:00","dateModified":"2008-08-07T06:02:22+00:00","breadcrumb":{"@id":"https:\/\/www.kobler-margreid.com\/blog\/blog\/2008\/08\/06\/rosso-di-montalcino-capanna-2000\/#breadcrumb"},"inLanguage":"de","potentialAction":[{"@type":"ReadAction","target":["https:\/\/www.kobler-margreid.com\/blog\/blog\/2008\/08\/06\/rosso-di-montalcino-capanna-2000\/"]}]},{"@type":"ImageObject","inLanguage":"de","@id":"https:\/\/www.kobler-margreid.com\/blog\/blog\/2008\/08\/06\/rosso-di-montalcino-capanna-2000\/#primaryimage","url":"http:\/\/www.kobler-margreid.com\/blog\/wp-content\/2008\/07\/2008-07-30_07-53-26.jpg","contentUrl":"http:\/\/www.kobler-margreid.com\/blog\/wp-content\/2008\/07\/2008-07-30_07-53-26.jpg"},{"@type":"BreadcrumbList","@id":"https:\/\/www.kobler-margreid.com\/blog\/blog\/2008\/08\/06\/rosso-di-montalcino-capanna-2000\/#breadcrumb","itemListElement":[{"@type":"ListItem","position":1,"name":"Startseite","item":"https:\/\/www.kobler-margreid.com\/blog\/"},{"@type":"ListItem","position":2,"name":"Rosso di Montalcino Capanna 2000"}]},{"@type":"WebSite","@id":"https:\/\/www.kobler-margreid.com\/blog\/#website","url":"https:\/\/www.kobler-margreid.com\/blog\/","name":"weinhof KOBLER weblog","description":"dem wein ganz nah \u2013 all&#039;interno del vino","publisher":{"@id":"https:\/\/www.kobler-margreid.com\/blog\/#\/schema\/person\/6a2290c17f680f59c1fa7e1c7a36df3a"},"potentialAction":[{"@type":"SearchAction","target":{"@type":"EntryPoint","urlTemplate":"https:\/\/www.kobler-margreid.com\/blog\/?s={search_term_string}"},"query-input":{"@type":"PropertyValueSpecification","valueRequired":true,"valueName":"search_term_string"}}],"inLanguage":"de"},{"@type":["Person","Organization"],"@id":"https:\/\/www.kobler-margreid.com\/blog\/#\/schema\/person\/6a2290c17f680f59c1fa7e1c7a36df3a","name":"armin kobler","image":{"@type":"ImageObject","inLanguage":"de","@id":"https:\/\/www.kobler-margreid.com\/blog\/wp-content\/2023\/11\/2012-05-08_09-33-03a.jpg","url":"https:\/\/www.kobler-margreid.com\/blog\/wp-content\/2023\/11\/2012-05-08_09-33-03a.jpg","contentUrl":"https:\/\/www.kobler-margreid.com\/blog\/wp-content\/2023\/11\/2012-05-08_09-33-03a.jpg","width":1088,"height":1184,"caption":"armin kobler"},"logo":{"@id":"https:\/\/www.kobler-margreid.com\/blog\/wp-content\/2023\/11\/2012-05-08_09-33-03a.jpg"},"sameAs":["http:\/\/www.kobler-margreid.com","https:\/\/www.facebook.com\/armin.kobler\/"],"url":"https:\/\/www.kobler-margreid.com\/blog\/blog\/author\/admin\/"}]}},"_links":{"self":[{"href":"https:\/\/www.kobler-margreid.com\/blog\/wp-json\/wp\/v2\/posts\/198","targetHints":{"allow":["GET"]}}],"collection":[{"href":"https:\/\/www.kobler-margreid.com\/blog\/wp-json\/wp\/v2\/posts"}],"about":[{"href":"https:\/\/www.kobler-margreid.com\/blog\/wp-json\/wp\/v2\/types\/post"}],"author":[{"embeddable":true,"href":"https:\/\/www.kobler-margreid.com\/blog\/wp-json\/wp\/v2\/users\/1"}],"replies":[{"embeddable":true,"href":"https:\/\/www.kobler-margreid.com\/blog\/wp-json\/wp\/v2\/comments?post=198"}],"version-history":[{"count":0,"href":"https:\/\/www.kobler-margreid.com\/blog\/wp-json\/wp\/v2\/posts\/198\/revisions"}],"wp:attachment":[{"href":"https:\/\/www.kobler-margreid.com\/blog\/wp-json\/wp\/v2\/media?parent=198"}],"wp:term":[{"taxonomy":"category","embeddable":true,"href":"https:\/\/www.kobler-margreid.com\/blog\/wp-json\/wp\/v2\/categories?post=198"},{"taxonomy":"post_tag","embeddable":true,"href":"https:\/\/www.kobler-margreid.com\/blog\/wp-json\/wp\/v2\/tags?post=198"}],"curies":[{"name":"wp","href":"https:\/\/api.w.org\/{rel}","templated":true}]}}