{"id":19888,"date":"2021-03-18T19:26:49","date_gmt":"2021-03-18T18:26:49","guid":{"rendered":"https:\/\/www.kobler-margreid.com\/blog\/?p=19888"},"modified":"2021-03-18T19:33:52","modified_gmt":"2021-03-18T18:33:52","slug":"der-wichtige-mandelbaum-il-mandorlo-importante","status":"publish","type":"post","link":"https:\/\/www.kobler-margreid.com\/blog\/blog\/2021\/03\/18\/der-wichtige-mandelbaum-il-mandorlo-importante\/","title":{"rendered":"Die Wichtigkeit des Mandelbaums \u2013 L&#8217;importanza del mandorlo"},"content":{"rendered":"\n<figure class=\"wp-block-image size-large\"><a href=\"https:\/\/www.kobler-margreid.com\/blog\/wp-content\/2021\/03\/2021-03-17_08-59-40-scaled.jpg\" rel=\"lightbox[19888]\"><img loading=\"lazy\" decoding=\"async\" width=\"1024\" height=\"768\" src=\"https:\/\/www.kobler-margreid.com\/blog\/wp-content\/2021\/03\/2021-03-17_08-59-40-1024x768.jpg\" alt=\"\" class=\"wp-image-19889\" srcset=\"https:\/\/www.kobler-margreid.com\/blog\/wp-content\/2021\/03\/2021-03-17_08-59-40-1024x768.jpg 1024w, https:\/\/www.kobler-margreid.com\/blog\/wp-content\/2021\/03\/2021-03-17_08-59-40-300x225.jpg 300w, https:\/\/www.kobler-margreid.com\/blog\/wp-content\/2021\/03\/2021-03-17_08-59-40-768x576.jpg 768w, https:\/\/www.kobler-margreid.com\/blog\/wp-content\/2021\/03\/2021-03-17_08-59-40-1536x1152.jpg 1536w, https:\/\/www.kobler-margreid.com\/blog\/wp-content\/2021\/03\/2021-03-17_08-59-40-2048x1536.jpg 2048w, https:\/\/www.kobler-margreid.com\/blog\/wp-content\/2021\/03\/2021-03-17_08-59-40-400x300.jpg 400w\" sizes=\"auto, (max-width: 1024px) 100vw, 1024px\" \/><\/a><\/figure>\n\n\n\n<p>Gespannt schauen wir seit jeher auf die Bl\u00fcte unseres Mandelbaums. Er zeigt immer recht genau an, wie weit der aktuelle Stand der Vegetation ist. Morgen ist Josefi, Tiroler Landespatron, und meine Eltern haben immer gesagt, dass zu ihrer Zeit das der \u00fcbliche Bl\u00fchtermin war. Auf Grund der wahrnehmbaren Klimaerw\u00e4rmung bl\u00fchte er in den letzten drei\u00dfig Jahren zumeist \u2013 nat\u00fcrlich nicht immer \u2013 eine Woche bis zehn Tage fr\u00fcher. <\/p>\n\n\n\n<p><em>Da sempre guardiamo molto attenti la fioritura del nostro mandorlo. Ci indica molto bene l&#8217;attuale stato vegetativo. Domani \u00e8 San Giuseppe, patrono del Tirolo, ed i miei genitori mi hanno sempre detto che ai loro tempi questa era la data consueta. A causa del riscaldamento globale ha cominciato nei trenta anni scorsi il pi\u00f9 delle volte, con le dovute eccezioni, da una settimana a dieci giorni prima.<\/em><br \/><br \/>Die letzten Wochen waren eher kalt, deshalb der &#8222;normale&#8220; Bl\u00fchtermin. Das mag zwar die nicht landwirtschaftliche Bev\u00f6lkerung wenig erfreuen, aber f\u00fcr uns Weinbauern ist ein nicht zu fr\u00fcher Fr\u00fchlings- und damit Vegetationsbeginn sehr wichtig. In erster Linie, weil ein fr\u00fcher Austrieb wesentlich st\u00e4rker sp\u00e4tfrostgef\u00e4hrdet ist. Minustemperaturen sind absolut t\u00f6dlich f\u00fcr die gr\u00fcnen Pflanzenteile weswegen der komplette Jahresertrag auf dem Spiel steht. Zus\u00e4tzlich ist ein sp\u00e4ter Austrieb der erste Schritt in die Richtung eines sp\u00e4teren Jahrgangs, wo die Trauben in einer k\u00fchleren Zeit reifen k\u00f6nnen. Davon profitieren besonders die Wei\u00dfweine, weil frische Aromen erhalten bleiben und bei gleicher Reife tendenziell weniger Zucker eingelagert wird. Nat\u00fcrlich ist das Jahr noch lang und es kann allerhand passieren, der Vegetationsr\u00fcckstand kann unter besonderen Umst\u00e4nden auch wieder aufgeholt werden, aber ein erster Schritt w\u00e4re gemacht.\u00a0<\/p>\n\n\n\n<p><em>Le scorse settimana ha fatto piuttosto freddo, per questo la data di fioritura &#8222;normale&#8220;. Piacer\u00e0 meno alla popolazione non agricola, ma per noi viticoltori un inizio non precoce del periodo vegetativo \u00e8 molto importante. Prima di tutto perch\u00e9 un germogliamento anticipato significa un rischio maggiore di danna gelate tardive. Temperature sotto lo zero sono micidiali per le parti verdi della pianta e mettono a rischio l&#8217;intero raccolto.<\/em> <em>Oltre a questo un inizio ritardato del periodo vegetativo \u00e8 un primo passo verso un&#8217;annata tardiva, che permette all&#8217;uva di maturare in un periodo gi\u00e0 un po&#8216; pi\u00f9 fresco. Di questo ne approfittano soprattutto i vini bianchi in quanto vengono conservati gli aromi freschi e a pari maturit\u00e0 vengono accumulati meno zuccheri. Ovviamente con l&#8217;annata siamo solo all&#8217;inizio, pu\u00f2 succedere di tutto ed il ritardo pu\u00f2 essere anche recuperato, ma un primo passo \u00e8 stato fatto.<\/em><\/p>\n","protected":false},"excerpt":{"rendered":"<p>Gespannt schauen wir seit jeher auf die Bl\u00fcte unseres Mandelbaums. Er zeigt immer recht genau an, wie weit der aktuelle Stand der Vegetation ist. Morgen ist Josefi, Tiroler Landespatron, und meine Eltern haben immer gesagt, dass zu ihrer Zeit das &hellip; <a href=\"https:\/\/www.kobler-margreid.com\/blog\/blog\/2021\/03\/18\/der-wichtige-mandelbaum-il-mandorlo-importante\/\">Weiterlesen <span class=\"meta-nav\">&rarr;<\/span><\/a><\/p>\n","protected":false},"author":1,"featured_media":0,"comment_status":"open","ping_status":"open","sticky":false,"template":"","format":"standard","meta":{"ngg_post_thumbnail":0,"footnotes":"","_links_to":"","_links_to_target":""},"categories":[14],"tags":[352,353,1224,1226],"class_list":["post-19888","post","type-post","status-publish","format-standard","hentry","category-weingarten","tag-mandelbaum","tag-mandorlo","tag-vegetation","tag-vegetazione"],"yoast_head":"<!-- This site is optimized with the Yoast SEO plugin v27.5 - https:\/\/yoast.com\/product\/yoast-seo-wordpress\/ -->\n<title>Die Wichtigkeit des Mandelbaums \u2013 L&#039;importanza del mandorlo - weinhof KOBLER weblog<\/title>\n<meta name=\"robots\" content=\"index, follow, max-snippet:-1, max-image-preview:large, max-video-preview:-1\" \/>\n<link rel=\"canonical\" href=\"https:\/\/www.kobler-margreid.com\/blog\/blog\/2021\/03\/18\/der-wichtige-mandelbaum-il-mandorlo-importante\/\" \/>\n<meta property=\"og:locale\" content=\"de_DE\" \/>\n<meta property=\"og:type\" content=\"article\" \/>\n<meta property=\"og:title\" content=\"Die Wichtigkeit des Mandelbaums \u2013 L&#039;importanza del mandorlo - weinhof KOBLER weblog\" \/>\n<meta property=\"og:description\" content=\"Gespannt schauen wir seit jeher auf die Bl\u00fcte unseres Mandelbaums. Er zeigt immer recht genau an, wie weit der aktuelle Stand der Vegetation ist. Morgen ist Josefi, Tiroler Landespatron, und meine Eltern haben immer gesagt, dass zu ihrer Zeit das &hellip; Weiterlesen &rarr;\" \/>\n<meta property=\"og:url\" content=\"https:\/\/www.kobler-margreid.com\/blog\/blog\/2021\/03\/18\/der-wichtige-mandelbaum-il-mandorlo-importante\/\" \/>\n<meta property=\"og:site_name\" content=\"weinhof KOBLER weblog\" \/>\n<meta property=\"article:publisher\" content=\"https:\/\/www.facebook.com\/armin.kobler\/\" \/>\n<meta property=\"article:author\" content=\"https:\/\/www.facebook.com\/armin.kobler\/\" \/>\n<meta property=\"article:published_time\" content=\"2021-03-18T18:26:49+00:00\" \/>\n<meta property=\"article:modified_time\" content=\"2021-03-18T18:33:52+00:00\" \/>\n<meta property=\"og:image\" content=\"https:\/\/www.kobler-margreid.com\/blog\/wp-content\/2021\/03\/2021-03-17_08-59-40-1024x768.jpg\" \/>\n<meta name=\"author\" content=\"armin kobler\" \/>\n<meta name=\"twitter:card\" content=\"summary_large_image\" \/>\n<meta name=\"twitter:label1\" content=\"Verfasst von\" \/>\n\t<meta name=\"twitter:data1\" content=\"armin kobler\" \/>\n\t<meta name=\"twitter:label2\" content=\"Gesch\u00e4tzte Lesezeit\" \/>\n\t<meta name=\"twitter:data2\" content=\"2\u00a0Minuten\" \/>\n<script type=\"application\/ld+json\" class=\"yoast-schema-graph\">{\"@context\":\"https:\\\/\\\/schema.org\",\"@graph\":[{\"@type\":\"Article\",\"@id\":\"https:\\\/\\\/www.kobler-margreid.com\\\/blog\\\/blog\\\/2021\\\/03\\\/18\\\/der-wichtige-mandelbaum-il-mandorlo-importante\\\/#article\",\"isPartOf\":{\"@id\":\"https:\\\/\\\/www.kobler-margreid.com\\\/blog\\\/blog\\\/2021\\\/03\\\/18\\\/der-wichtige-mandelbaum-il-mandorlo-importante\\\/\"},\"author\":{\"name\":\"armin kobler\",\"@id\":\"https:\\\/\\\/www.kobler-margreid.com\\\/blog\\\/#\\\/schema\\\/person\\\/6a2290c17f680f59c1fa7e1c7a36df3a\"},\"headline\":\"Die Wichtigkeit des Mandelbaums \u2013 L&#8217;importanza del mandorlo\",\"datePublished\":\"2021-03-18T18:26:49+00:00\",\"dateModified\":\"2021-03-18T18:33:52+00:00\",\"mainEntityOfPage\":{\"@id\":\"https:\\\/\\\/www.kobler-margreid.com\\\/blog\\\/blog\\\/2021\\\/03\\\/18\\\/der-wichtige-mandelbaum-il-mandorlo-importante\\\/\"},\"wordCount\":438,\"commentCount\":0,\"publisher\":{\"@id\":\"https:\\\/\\\/www.kobler-margreid.com\\\/blog\\\/#\\\/schema\\\/person\\\/6a2290c17f680f59c1fa7e1c7a36df3a\"},\"image\":{\"@id\":\"https:\\\/\\\/www.kobler-margreid.com\\\/blog\\\/blog\\\/2021\\\/03\\\/18\\\/der-wichtige-mandelbaum-il-mandorlo-importante\\\/#primaryimage\"},\"thumbnailUrl\":\"https:\\\/\\\/www.kobler-margreid.com\\\/blog\\\/wp-content\\\/2021\\\/03\\\/2021-03-17_08-59-40-1024x768.jpg\",\"keywords\":[\"Mandelbaum\",\"Mandorlo\",\"Vegetation\",\"Vegetazione\"],\"articleSection\":[\"Weingarten - Vigneto\"],\"inLanguage\":\"de\",\"potentialAction\":[{\"@type\":\"CommentAction\",\"name\":\"Comment\",\"target\":[\"https:\\\/\\\/www.kobler-margreid.com\\\/blog\\\/blog\\\/2021\\\/03\\\/18\\\/der-wichtige-mandelbaum-il-mandorlo-importante\\\/#respond\"]}]},{\"@type\":\"WebPage\",\"@id\":\"https:\\\/\\\/www.kobler-margreid.com\\\/blog\\\/blog\\\/2021\\\/03\\\/18\\\/der-wichtige-mandelbaum-il-mandorlo-importante\\\/\",\"url\":\"https:\\\/\\\/www.kobler-margreid.com\\\/blog\\\/blog\\\/2021\\\/03\\\/18\\\/der-wichtige-mandelbaum-il-mandorlo-importante\\\/\",\"name\":\"Die Wichtigkeit des Mandelbaums \u2013 L'importanza del mandorlo - weinhof KOBLER weblog\",\"isPartOf\":{\"@id\":\"https:\\\/\\\/www.kobler-margreid.com\\\/blog\\\/#website\"},\"primaryImageOfPage\":{\"@id\":\"https:\\\/\\\/www.kobler-margreid.com\\\/blog\\\/blog\\\/2021\\\/03\\\/18\\\/der-wichtige-mandelbaum-il-mandorlo-importante\\\/#primaryimage\"},\"image\":{\"@id\":\"https:\\\/\\\/www.kobler-margreid.com\\\/blog\\\/blog\\\/2021\\\/03\\\/18\\\/der-wichtige-mandelbaum-il-mandorlo-importante\\\/#primaryimage\"},\"thumbnailUrl\":\"https:\\\/\\\/www.kobler-margreid.com\\\/blog\\\/wp-content\\\/2021\\\/03\\\/2021-03-17_08-59-40-1024x768.jpg\",\"datePublished\":\"2021-03-18T18:26:49+00:00\",\"dateModified\":\"2021-03-18T18:33:52+00:00\",\"breadcrumb\":{\"@id\":\"https:\\\/\\\/www.kobler-margreid.com\\\/blog\\\/blog\\\/2021\\\/03\\\/18\\\/der-wichtige-mandelbaum-il-mandorlo-importante\\\/#breadcrumb\"},\"inLanguage\":\"de\",\"potentialAction\":[{\"@type\":\"ReadAction\",\"target\":[\"https:\\\/\\\/www.kobler-margreid.com\\\/blog\\\/blog\\\/2021\\\/03\\\/18\\\/der-wichtige-mandelbaum-il-mandorlo-importante\\\/\"]}]},{\"@type\":\"ImageObject\",\"inLanguage\":\"de\",\"@id\":\"https:\\\/\\\/www.kobler-margreid.com\\\/blog\\\/blog\\\/2021\\\/03\\\/18\\\/der-wichtige-mandelbaum-il-mandorlo-importante\\\/#primaryimage\",\"url\":\"https:\\\/\\\/www.kobler-margreid.com\\\/blog\\\/wp-content\\\/2021\\\/03\\\/2021-03-17_08-59-40-scaled.jpg\",\"contentUrl\":\"https:\\\/\\\/www.kobler-margreid.com\\\/blog\\\/wp-content\\\/2021\\\/03\\\/2021-03-17_08-59-40-scaled.jpg\",\"width\":2560,\"height\":1920},{\"@type\":\"BreadcrumbList\",\"@id\":\"https:\\\/\\\/www.kobler-margreid.com\\\/blog\\\/blog\\\/2021\\\/03\\\/18\\\/der-wichtige-mandelbaum-il-mandorlo-importante\\\/#breadcrumb\",\"itemListElement\":[{\"@type\":\"ListItem\",\"position\":1,\"name\":\"Startseite\",\"item\":\"https:\\\/\\\/www.kobler-margreid.com\\\/blog\\\/\"},{\"@type\":\"ListItem\",\"position\":2,\"name\":\"Die Wichtigkeit des Mandelbaums \u2013 L&#8217;importanza del mandorlo\"}]},{\"@type\":\"WebSite\",\"@id\":\"https:\\\/\\\/www.kobler-margreid.com\\\/blog\\\/#website\",\"url\":\"https:\\\/\\\/www.kobler-margreid.com\\\/blog\\\/\",\"name\":\"weinhof KOBLER weblog\",\"description\":\"dem wein ganz nah \u2013 all&#039;interno del vino\",\"publisher\":{\"@id\":\"https:\\\/\\\/www.kobler-margreid.com\\\/blog\\\/#\\\/schema\\\/person\\\/6a2290c17f680f59c1fa7e1c7a36df3a\"},\"potentialAction\":[{\"@type\":\"SearchAction\",\"target\":{\"@type\":\"EntryPoint\",\"urlTemplate\":\"https:\\\/\\\/www.kobler-margreid.com\\\/blog\\\/?s={search_term_string}\"},\"query-input\":{\"@type\":\"PropertyValueSpecification\",\"valueRequired\":true,\"valueName\":\"search_term_string\"}}],\"inLanguage\":\"de\"},{\"@type\":[\"Person\",\"Organization\"],\"@id\":\"https:\\\/\\\/www.kobler-margreid.com\\\/blog\\\/#\\\/schema\\\/person\\\/6a2290c17f680f59c1fa7e1c7a36df3a\",\"name\":\"armin kobler\",\"image\":{\"@type\":\"ImageObject\",\"inLanguage\":\"de\",\"@id\":\"https:\\\/\\\/www.kobler-margreid.com\\\/blog\\\/wp-content\\\/2023\\\/11\\\/2012-05-08_09-33-03a.jpg\",\"url\":\"https:\\\/\\\/www.kobler-margreid.com\\\/blog\\\/wp-content\\\/2023\\\/11\\\/2012-05-08_09-33-03a.jpg\",\"contentUrl\":\"https:\\\/\\\/www.kobler-margreid.com\\\/blog\\\/wp-content\\\/2023\\\/11\\\/2012-05-08_09-33-03a.jpg\",\"width\":1088,\"height\":1184,\"caption\":\"armin kobler\"},\"logo\":{\"@id\":\"https:\\\/\\\/www.kobler-margreid.com\\\/blog\\\/wp-content\\\/2023\\\/11\\\/2012-05-08_09-33-03a.jpg\"},\"sameAs\":[\"http:\\\/\\\/www.kobler-margreid.com\",\"https:\\\/\\\/www.facebook.com\\\/armin.kobler\\\/\"],\"url\":\"https:\\\/\\\/www.kobler-margreid.com\\\/blog\\\/blog\\\/author\\\/admin\\\/\"}]}<\/script>\n<!-- \/ Yoast SEO plugin. -->","yoast_head_json":{"title":"Die Wichtigkeit des Mandelbaums \u2013 L'importanza del mandorlo - weinhof KOBLER weblog","robots":{"index":"index","follow":"follow","max-snippet":"max-snippet:-1","max-image-preview":"max-image-preview:large","max-video-preview":"max-video-preview:-1"},"canonical":"https:\/\/www.kobler-margreid.com\/blog\/blog\/2021\/03\/18\/der-wichtige-mandelbaum-il-mandorlo-importante\/","og_locale":"de_DE","og_type":"article","og_title":"Die Wichtigkeit des Mandelbaums \u2013 L'importanza del mandorlo - weinhof KOBLER weblog","og_description":"Gespannt schauen wir seit jeher auf die Bl\u00fcte unseres Mandelbaums. Er zeigt immer recht genau an, wie weit der aktuelle Stand der Vegetation ist. Morgen ist Josefi, Tiroler Landespatron, und meine Eltern haben immer gesagt, dass zu ihrer Zeit das &hellip; Weiterlesen &rarr;","og_url":"https:\/\/www.kobler-margreid.com\/blog\/blog\/2021\/03\/18\/der-wichtige-mandelbaum-il-mandorlo-importante\/","og_site_name":"weinhof KOBLER weblog","article_publisher":"https:\/\/www.facebook.com\/armin.kobler\/","article_author":"https:\/\/www.facebook.com\/armin.kobler\/","article_published_time":"2021-03-18T18:26:49+00:00","article_modified_time":"2021-03-18T18:33:52+00:00","og_image":[{"url":"https:\/\/www.kobler-margreid.com\/blog\/wp-content\/2021\/03\/2021-03-17_08-59-40-1024x768.jpg","type":"","width":"","height":""}],"author":"armin kobler","twitter_card":"summary_large_image","twitter_misc":{"Verfasst von":"armin kobler","Gesch\u00e4tzte Lesezeit":"2\u00a0Minuten"},"schema":{"@context":"https:\/\/schema.org","@graph":[{"@type":"Article","@id":"https:\/\/www.kobler-margreid.com\/blog\/blog\/2021\/03\/18\/der-wichtige-mandelbaum-il-mandorlo-importante\/#article","isPartOf":{"@id":"https:\/\/www.kobler-margreid.com\/blog\/blog\/2021\/03\/18\/der-wichtige-mandelbaum-il-mandorlo-importante\/"},"author":{"name":"armin kobler","@id":"https:\/\/www.kobler-margreid.com\/blog\/#\/schema\/person\/6a2290c17f680f59c1fa7e1c7a36df3a"},"headline":"Die Wichtigkeit des Mandelbaums \u2013 L&#8217;importanza del mandorlo","datePublished":"2021-03-18T18:26:49+00:00","dateModified":"2021-03-18T18:33:52+00:00","mainEntityOfPage":{"@id":"https:\/\/www.kobler-margreid.com\/blog\/blog\/2021\/03\/18\/der-wichtige-mandelbaum-il-mandorlo-importante\/"},"wordCount":438,"commentCount":0,"publisher":{"@id":"https:\/\/www.kobler-margreid.com\/blog\/#\/schema\/person\/6a2290c17f680f59c1fa7e1c7a36df3a"},"image":{"@id":"https:\/\/www.kobler-margreid.com\/blog\/blog\/2021\/03\/18\/der-wichtige-mandelbaum-il-mandorlo-importante\/#primaryimage"},"thumbnailUrl":"https:\/\/www.kobler-margreid.com\/blog\/wp-content\/2021\/03\/2021-03-17_08-59-40-1024x768.jpg","keywords":["Mandelbaum","Mandorlo","Vegetation","Vegetazione"],"articleSection":["Weingarten - Vigneto"],"inLanguage":"de","potentialAction":[{"@type":"CommentAction","name":"Comment","target":["https:\/\/www.kobler-margreid.com\/blog\/blog\/2021\/03\/18\/der-wichtige-mandelbaum-il-mandorlo-importante\/#respond"]}]},{"@type":"WebPage","@id":"https:\/\/www.kobler-margreid.com\/blog\/blog\/2021\/03\/18\/der-wichtige-mandelbaum-il-mandorlo-importante\/","url":"https:\/\/www.kobler-margreid.com\/blog\/blog\/2021\/03\/18\/der-wichtige-mandelbaum-il-mandorlo-importante\/","name":"Die Wichtigkeit des Mandelbaums \u2013 L'importanza del mandorlo - weinhof KOBLER weblog","isPartOf":{"@id":"https:\/\/www.kobler-margreid.com\/blog\/#website"},"primaryImageOfPage":{"@id":"https:\/\/www.kobler-margreid.com\/blog\/blog\/2021\/03\/18\/der-wichtige-mandelbaum-il-mandorlo-importante\/#primaryimage"},"image":{"@id":"https:\/\/www.kobler-margreid.com\/blog\/blog\/2021\/03\/18\/der-wichtige-mandelbaum-il-mandorlo-importante\/#primaryimage"},"thumbnailUrl":"https:\/\/www.kobler-margreid.com\/blog\/wp-content\/2021\/03\/2021-03-17_08-59-40-1024x768.jpg","datePublished":"2021-03-18T18:26:49+00:00","dateModified":"2021-03-18T18:33:52+00:00","breadcrumb":{"@id":"https:\/\/www.kobler-margreid.com\/blog\/blog\/2021\/03\/18\/der-wichtige-mandelbaum-il-mandorlo-importante\/#breadcrumb"},"inLanguage":"de","potentialAction":[{"@type":"ReadAction","target":["https:\/\/www.kobler-margreid.com\/blog\/blog\/2021\/03\/18\/der-wichtige-mandelbaum-il-mandorlo-importante\/"]}]},{"@type":"ImageObject","inLanguage":"de","@id":"https:\/\/www.kobler-margreid.com\/blog\/blog\/2021\/03\/18\/der-wichtige-mandelbaum-il-mandorlo-importante\/#primaryimage","url":"https:\/\/www.kobler-margreid.com\/blog\/wp-content\/2021\/03\/2021-03-17_08-59-40-scaled.jpg","contentUrl":"https:\/\/www.kobler-margreid.com\/blog\/wp-content\/2021\/03\/2021-03-17_08-59-40-scaled.jpg","width":2560,"height":1920},{"@type":"BreadcrumbList","@id":"https:\/\/www.kobler-margreid.com\/blog\/blog\/2021\/03\/18\/der-wichtige-mandelbaum-il-mandorlo-importante\/#breadcrumb","itemListElement":[{"@type":"ListItem","position":1,"name":"Startseite","item":"https:\/\/www.kobler-margreid.com\/blog\/"},{"@type":"ListItem","position":2,"name":"Die Wichtigkeit des Mandelbaums \u2013 L&#8217;importanza del mandorlo"}]},{"@type":"WebSite","@id":"https:\/\/www.kobler-margreid.com\/blog\/#website","url":"https:\/\/www.kobler-margreid.com\/blog\/","name":"weinhof KOBLER weblog","description":"dem wein ganz nah \u2013 all&#039;interno del vino","publisher":{"@id":"https:\/\/www.kobler-margreid.com\/blog\/#\/schema\/person\/6a2290c17f680f59c1fa7e1c7a36df3a"},"potentialAction":[{"@type":"SearchAction","target":{"@type":"EntryPoint","urlTemplate":"https:\/\/www.kobler-margreid.com\/blog\/?s={search_term_string}"},"query-input":{"@type":"PropertyValueSpecification","valueRequired":true,"valueName":"search_term_string"}}],"inLanguage":"de"},{"@type":["Person","Organization"],"@id":"https:\/\/www.kobler-margreid.com\/blog\/#\/schema\/person\/6a2290c17f680f59c1fa7e1c7a36df3a","name":"armin kobler","image":{"@type":"ImageObject","inLanguage":"de","@id":"https:\/\/www.kobler-margreid.com\/blog\/wp-content\/2023\/11\/2012-05-08_09-33-03a.jpg","url":"https:\/\/www.kobler-margreid.com\/blog\/wp-content\/2023\/11\/2012-05-08_09-33-03a.jpg","contentUrl":"https:\/\/www.kobler-margreid.com\/blog\/wp-content\/2023\/11\/2012-05-08_09-33-03a.jpg","width":1088,"height":1184,"caption":"armin kobler"},"logo":{"@id":"https:\/\/www.kobler-margreid.com\/blog\/wp-content\/2023\/11\/2012-05-08_09-33-03a.jpg"},"sameAs":["http:\/\/www.kobler-margreid.com","https:\/\/www.facebook.com\/armin.kobler\/"],"url":"https:\/\/www.kobler-margreid.com\/blog\/blog\/author\/admin\/"}]}},"_links":{"self":[{"href":"https:\/\/www.kobler-margreid.com\/blog\/wp-json\/wp\/v2\/posts\/19888","targetHints":{"allow":["GET"]}}],"collection":[{"href":"https:\/\/www.kobler-margreid.com\/blog\/wp-json\/wp\/v2\/posts"}],"about":[{"href":"https:\/\/www.kobler-margreid.com\/blog\/wp-json\/wp\/v2\/types\/post"}],"author":[{"embeddable":true,"href":"https:\/\/www.kobler-margreid.com\/blog\/wp-json\/wp\/v2\/users\/1"}],"replies":[{"embeddable":true,"href":"https:\/\/www.kobler-margreid.com\/blog\/wp-json\/wp\/v2\/comments?post=19888"}],"version-history":[{"count":22,"href":"https:\/\/www.kobler-margreid.com\/blog\/wp-json\/wp\/v2\/posts\/19888\/revisions"}],"predecessor-version":[{"id":19912,"href":"https:\/\/www.kobler-margreid.com\/blog\/wp-json\/wp\/v2\/posts\/19888\/revisions\/19912"}],"wp:attachment":[{"href":"https:\/\/www.kobler-margreid.com\/blog\/wp-json\/wp\/v2\/media?parent=19888"}],"wp:term":[{"taxonomy":"category","embeddable":true,"href":"https:\/\/www.kobler-margreid.com\/blog\/wp-json\/wp\/v2\/categories?post=19888"},{"taxonomy":"post_tag","embeddable":true,"href":"https:\/\/www.kobler-margreid.com\/blog\/wp-json\/wp\/v2\/tags?post=19888"}],"curies":[{"name":"wp","href":"https:\/\/api.w.org\/{rel}","templated":true}]}}