{"id":20005,"date":"2021-07-09T07:48:08","date_gmt":"2021-07-09T05:48:08","guid":{"rendered":"https:\/\/www.kobler-margreid.com\/blog\/?p=20005"},"modified":"2022-08-15T19:55:05","modified_gmt":"2022-08-15T17:55:05","slug":"unsere-weine-i-nostri-vini-chardonnay-unterfeld","status":"publish","type":"post","link":"https:\/\/www.kobler-margreid.com\/blog\/blog\/2021\/07\/09\/unsere-weine-i-nostri-vini-chardonnay-unterfeld\/","title":{"rendered":"Unsere Weine \u2014 I nostri vini: Chardonnay Unterfeld"},"content":{"rendered":"\n<p><\/p>\n\n\n\n<div class=\"wp-block-columns is-layout-flex wp-container-core-columns-is-layout-9d6595d7 wp-block-columns-is-layout-flex\">\n<div class=\"wp-block-column is-layout-flow wp-block-column-is-layout-flow\" style=\"flex-basis:66.66%\">\n<figure class=\"wp-block-image size-large\"><a href=\"https:\/\/www.kobler-margreid.com\/blog\/wp-content\/2021\/07\/CH-un-20-2.jpg\" rel=\"lightbox[20005]\"><img loading=\"lazy\" decoding=\"async\" width=\"1024\" height=\"819\" src=\"https:\/\/www.kobler-margreid.com\/blog\/wp-content\/2021\/07\/CH-un-20-2-1024x819.jpg\" alt=\"\" class=\"wp-image-20012\" srcset=\"https:\/\/www.kobler-margreid.com\/blog\/wp-content\/2021\/07\/CH-un-20-2-1024x819.jpg 1024w, https:\/\/www.kobler-margreid.com\/blog\/wp-content\/2021\/07\/CH-un-20-2-300x240.jpg 300w, https:\/\/www.kobler-margreid.com\/blog\/wp-content\/2021\/07\/CH-un-20-2-768x615.jpg 768w, https:\/\/www.kobler-margreid.com\/blog\/wp-content\/2021\/07\/CH-un-20-2-1536x1229.jpg 1536w, https:\/\/www.kobler-margreid.com\/blog\/wp-content\/2021\/07\/CH-un-20-2-2048x1639.jpg 2048w, https:\/\/www.kobler-margreid.com\/blog\/wp-content\/2021\/07\/CH-un-20-2-375x300.jpg 375w\" sizes=\"auto, (max-width: 1024px) 100vw, 1024px\" \/><\/a><\/figure>\n<\/div>\n\n\n\n<div class=\"wp-block-column is-layout-flow wp-block-column-is-layout-flow\" style=\"flex-basis:33.33%\">\n<p>Es war von Anfang an ein gro\u00dfer Wunsch von mir: von allen Weing\u00e4rten in unserem Besitz einen eigenen Wein zu machen. Und wenn es auch nur wenige Flaschen sein sollten. In diesem Fall wurden 566 letztlich gef\u00fcllt. Wie immer m\u00f6chten wir, dass die Lage stark im Vordergrund steht. Deswegen wird dieser Wein auch genau wie der Chardonnay vom <a rel=\"noreferrer noopener\" href=\"https:\/\/www.kobler-margreid.com\/blog\/blog\/2015\/10\/31\/unsere-weine_i-nostri-vini-chardonnay-ogeaner\/\" target=\"_blank\">Ogeaner<\/a>, schonend, die Unterschiede hervorhebend, ausgebaut.<\/p>\n<\/div>\n<\/div>\n\n\n\n<p><em>Era dall&#8217;inizio un mio desiderio importante: fare di tutti i nostri vigneti un proprio vino. Anche se dovessero essere sole poche bottiglie. Infatti ne abbiamo imbottigliate 566. Come di consueto vogliamo che il territorio stia in primo piano. Per questo il protocollo di vinificazione cautelativo \u00e8 tidentico a quello dello Chardonnay del vigneto <a rel=\"noreferrer noopener\" href=\"https:\/\/www.kobler-margreid.com\/blog\/blog\/2015\/10\/31\/unsere-weine_i-nostri-vini-chardonnay-ogeaner\/\" target=\"_blank\">Ogeaner<\/a>.<\/em><\/p>\n\n\n<p><!--more--><\/p>\n\n\n<figure class=\"wp-block-image size-large\"><a href=\"https:\/\/www.kobler-margreid.com\/blog\/wp-content\/2021\/07\/2020-09-05_11-39-43-scaled.jpg\" rel=\"lightbox[20005]\"><img loading=\"lazy\" decoding=\"async\" width=\"1024\" height=\"768\" src=\"https:\/\/www.kobler-margreid.com\/blog\/wp-content\/2021\/07\/2020-09-05_11-39-43-1024x768.jpg\" alt=\"\" class=\"wp-image-20038\" srcset=\"https:\/\/www.kobler-margreid.com\/blog\/wp-content\/2021\/07\/2020-09-05_11-39-43-1024x768.jpg 1024w, https:\/\/www.kobler-margreid.com\/blog\/wp-content\/2021\/07\/2020-09-05_11-39-43-300x225.jpg 300w, https:\/\/www.kobler-margreid.com\/blog\/wp-content\/2021\/07\/2020-09-05_11-39-43-768x576.jpg 768w, https:\/\/www.kobler-margreid.com\/blog\/wp-content\/2021\/07\/2020-09-05_11-39-43-1536x1152.jpg 1536w, https:\/\/www.kobler-margreid.com\/blog\/wp-content\/2021\/07\/2020-09-05_11-39-43-2048x1536.jpg 2048w, https:\/\/www.kobler-margreid.com\/blog\/wp-content\/2021\/07\/2020-09-05_11-39-43-400x300.jpg 400w\" sizes=\"auto, (max-width: 1024px) 100vw, 1024px\" \/><\/a><\/figure>\n\n\n\n<p>Das hei\u00dft, auch der Unterfeld wir im Stahl vinifiziert, wobei der biologische S\u00e4ureabbau vermieden wird und der Wein bis kurz vor der F\u00fcllung auf der Feinhefe verbleibt. Die beiden Weine sind hinsichtlich ihrer Sensorik ziemlich verschieden, wobei diese Unterschiede von mir noch nicht vollst\u00e4ndig in Worte zu fassen sind. Vereinfacht gesagt, w\u00e4hrend beim etablierten Ogeaner sogenannte mineralische Noten im Vordergrund stehen, spielt der Unterfeld eher mit fruchtbedingten Chardonnay-Aromen, haupts\u00e4chlich Banane und Ananas mit einem Anklang an Zitrus.<\/p>\n\n\n\n<p><em>Questo significa che anche l&#8217;Unterfeld fermenta in acciaio. Si cerca di evitare la fermentazione malolattica ed il vino rimane sulle fecce fini fino poco prima dell&#8217;imbottigliamento. Le differenze sul piano sensoriale dei due vini sono evidenti ma, almeno da me, non ancora facili da descrivere. Semplificando, mentre presso l&#8217;Ogeaner stanno in primo piano sentori minerali, l&#8217;Unterfeld \u00e8 caratterizzato pi\u00f9 da aromi fruttati tipici dello Chardonnay, cio\u00e8 Banana, Ananas ed un po&#8216; di citrico. <\/em><\/p>\n\n\n\n<p>Das Unterfeld ist unser j\u00fcngster Weingarten; hinsichtlich Erwerb und Bepflanzung. 2014 haben wir unsere letzte Obstwiese gegen diese Fl\u00e4che getauscht. Sie war mit Chardonnay (Doppelpergl) und Grauer Burgunder (Spalier) bestockt, aber der Pflegezustand war alles andere als ideal. Nach einer Lese haben wir 2015 und 2016 die Anlage vollst\u00e4ndig erneuert. Das Unterfeld ist eine der vier Tallagen und hat, wie auch die \u00fcbrigen, seine ganz eigenen Bodenverh\u00e4ltnisse. Mit dem des Ogeaner verglichen ist der Boden nicht ein ganz feiner Flins sondern er ist deutlich lehmiger und hat auch deutlich mehr Humusgehalt. Insgesamt scheint das Unterfeld deutlich der fruchtbarere Weingarten zu sein, man bemerkt es auch bei der St\u00e4rke des Rebwachstums.<\/p>\n\n\n\n<p><em>L&#8217;Unterfeld \u00e8 il vigneto di pi\u00f9 recente. Sia come acquisizione che come impianto. Nel 2014 abbiamo scambiato il nostro ultimo meleto con questo appezzamento. Era impiantato con Chardonnay a pergola doppia e Pinot grigio a spalliera. Per\u00f2 non era per niente curato per cui nel 2015 e 2016 lo abbiamo rinnovato piantando tutto a Chardonnay utilizzando il sistema di allevamento della spalliera. L&#8217;Unterfeld \u00e8 uno dei nostri quattro appezzamenti dislocati nel fondovalle di origine alluvionale ed ha come gli altri condizioni pedologiche individuali. Paragonato all&#8217;Ogeaner non \u00e8 caratterizzato da avere sabbia finissima ma possiede invece un terreno un po&#8216; limoso e ricco di sostanza organica. Complessivamente l&#8217;Unterfeld \u00e8 pi\u00f9 fertile dell&#8217;Ogeaner, lo si deduce anche dalla vigoria delle viti.<\/em><\/p>\n\n\n\n<figure class=\"wp-block-image size-large\"><a href=\"https:\/\/www.kobler-margreid.com\/blog\/wp-content\/2021\/07\/2020-09-05_13-20-53-scaled.jpg\" rel=\"lightbox[20005]\"><img loading=\"lazy\" decoding=\"async\" width=\"1024\" height=\"768\" src=\"https:\/\/www.kobler-margreid.com\/blog\/wp-content\/2021\/07\/2020-09-05_13-20-53-1024x768.jpg\" alt=\"\" class=\"wp-image-20039\" srcset=\"https:\/\/www.kobler-margreid.com\/blog\/wp-content\/2021\/07\/2020-09-05_13-20-53-1024x768.jpg 1024w, https:\/\/www.kobler-margreid.com\/blog\/wp-content\/2021\/07\/2020-09-05_13-20-53-300x225.jpg 300w, https:\/\/www.kobler-margreid.com\/blog\/wp-content\/2021\/07\/2020-09-05_13-20-53-768x576.jpg 768w, https:\/\/www.kobler-margreid.com\/blog\/wp-content\/2021\/07\/2020-09-05_13-20-53-1536x1152.jpg 1536w, https:\/\/www.kobler-margreid.com\/blog\/wp-content\/2021\/07\/2020-09-05_13-20-53-2048x1536.jpg 2048w, https:\/\/www.kobler-margreid.com\/blog\/wp-content\/2021\/07\/2020-09-05_13-20-53-400x300.jpg 400w\" sizes=\"auto, (max-width: 1024px) 100vw, 1024px\" \/><\/a><\/figure>\n\n\n\n<p>Es ist ein sch\u00f6ner Zufall, dass unser Weinhof in allen Margreider Lagen, welche ein &#8222;Feld&#8220; sind, einen Weingarten und damit einen Wein hat. Ich erinnere diesbez\u00fcglich an den <a href=\"https:\/\/www.kobler-margreid.com\/blog\/blog\/2016\/02\/07\/unsere-weine-i-nostri-vini-gewuerztraminer-feld\/\" target=\"_blank\" rel=\"noreferrer noopener\">Gew\u00fcrztraminer &#8222;Feld&#8220;<\/a> und den <a href=\"https:\/\/www.kobler-margreid.com\/blog\/blog\/2016\/09\/02\/unsere-weine_i-nostri-vini-grauer-burgunder-oberfeld\" target=\"_blank\" rel=\"noreferrer noopener\">Grauen Burgunder &#8222;Oberfeld&#8220;<\/a>. Und nachdem eine Anlage jetzt dazugekommen ist, mussten auch die Etiketten leicht abge\u00e4ndert werden. All jene der F\u00fcllung 2021 tragen der Vervollst\u00e4ndigung unseres Angebotes Rechnung. Wie immer haben die Weine der gleichen Sorte und Machart auch den gleichen Preis. Nur die pers\u00f6nliche Geschmacksvorliebe soll entscheiden, f\u00fcr welchen sich die Konsumenten schlussendlich entscheidet.<\/p>\n\n\n\n<p><em>\u00c8 una piacevole coincidenza che la nostra azienda ha un appezzamento in ognuno delle tre zone denominate &#8222;Feld&#8220; nel comune di Magr\u00e8. Ricordo all&#8217;occasione il <a href=\"https:\/\/www.kobler-margreid.com\/blog\/blog\/2016\/02\/07\/unsere-weine-i-nostri-vini-gewuerztraminer-feld\/\" target=\"_blank\" rel=\"noreferrer noopener\">Gew\u00fcrztraminer &#8222;Feld&#8220;<\/a> ed il <a href=\"https:\/\/www.kobler-margreid.com\/blog\/blog\/2016\/09\/02\/unsere-weine_i-nostri-vini-grauer-burgunder-oberfeld\/#more-14187\" target=\"_blank\" rel=\"noreferrer noopener\">Pinot grigio &#8222;Oberfeld&#8220;<\/a>. Siccome si \u00e8 aggiunto un appezzamento alla lista dei vini abbiamo dovuto modificare le etichette. Tutti i vini imbottigliati nel 2021 portano gi\u00e0 l&#8217;etichetta aggiornata. Come sempre i vini della stessa variet\u00e0 e tipologia hanno anche lo stesso prezzo. Vorrei che solo le preferenze personali decidessero quale vino il consumatore alla fine sceglier\u00e0.<\/em><\/p>\n","protected":false},"excerpt":{"rendered":"<p>Es war von Anfang an ein gro\u00dfer Wunsch von mir: von allen Weing\u00e4rten in unserem Besitz einen eigenen Wein zu machen. Und wenn es auch nur wenige Flaschen sein sollten. In diesem Fall wurden 566 letztlich gef\u00fcllt. Wie immer m\u00f6chten &hellip; <a href=\"https:\/\/www.kobler-margreid.com\/blog\/blog\/2021\/07\/09\/unsere-weine-i-nostri-vini-chardonnay-unterfeld\/\">Weiterlesen <span class=\"meta-nav\">&rarr;<\/span><\/a><\/p>\n","protected":false},"author":1,"featured_media":0,"comment_status":"open","ping_status":"open","sticky":false,"template":"","format":"standard","meta":{"ngg_post_thumbnail":0,"footnotes":"","_links_to":"","_links_to_target":""},"categories":[15,14],"tags":[1628,1575],"class_list":["post-20005","post","type-post","status-publish","format-standard","hentry","category-keller","category-weingarten","tag-suedtiroler-chardonnay-unterfeld","tag-unsereweine"],"yoast_head":"<!-- This site is optimized with the Yoast SEO plugin v27.5 - https:\/\/yoast.com\/product\/yoast-seo-wordpress\/ -->\n<title>Unsere Weine \u2014 I nostri vini: Chardonnay Unterfeld - weinhof KOBLER weblog<\/title>\n<meta name=\"robots\" content=\"index, follow, max-snippet:-1, max-image-preview:large, max-video-preview:-1\" \/>\n<link rel=\"canonical\" href=\"https:\/\/www.kobler-margreid.com\/blog\/blog\/2021\/07\/09\/unsere-weine-i-nostri-vini-chardonnay-unterfeld\/\" \/>\n<meta property=\"og:locale\" content=\"de_DE\" \/>\n<meta property=\"og:type\" content=\"article\" \/>\n<meta property=\"og:title\" content=\"Unsere Weine \u2014 I nostri vini: Chardonnay Unterfeld - weinhof KOBLER weblog\" \/>\n<meta property=\"og:description\" content=\"Es war von Anfang an ein gro\u00dfer Wunsch von mir: von allen Weing\u00e4rten in unserem Besitz einen eigenen Wein zu machen. Und wenn es auch nur wenige Flaschen sein sollten. In diesem Fall wurden 566 letztlich gef\u00fcllt. Wie immer m\u00f6chten &hellip; Weiterlesen &rarr;\" \/>\n<meta property=\"og:url\" content=\"https:\/\/www.kobler-margreid.com\/blog\/blog\/2021\/07\/09\/unsere-weine-i-nostri-vini-chardonnay-unterfeld\/\" \/>\n<meta property=\"og:site_name\" content=\"weinhof KOBLER weblog\" \/>\n<meta property=\"article:publisher\" content=\"https:\/\/www.facebook.com\/armin.kobler\/\" \/>\n<meta property=\"article:author\" content=\"https:\/\/www.facebook.com\/armin.kobler\/\" \/>\n<meta property=\"article:published_time\" content=\"2021-07-09T05:48:08+00:00\" \/>\n<meta property=\"article:modified_time\" content=\"2022-08-15T17:55:05+00:00\" \/>\n<meta property=\"og:image\" content=\"https:\/\/www.kobler-margreid.com\/blog\/wp-content\/2021\/07\/CH-un-20-2-1024x819.jpg\" \/>\n<meta name=\"author\" content=\"armin kobler\" \/>\n<meta name=\"twitter:card\" content=\"summary_large_image\" \/>\n<meta name=\"twitter:label1\" content=\"Verfasst von\" \/>\n\t<meta name=\"twitter:data1\" content=\"armin kobler\" \/>\n\t<meta name=\"twitter:label2\" content=\"Gesch\u00e4tzte Lesezeit\" \/>\n\t<meta name=\"twitter:data2\" content=\"3\u00a0Minuten\" \/>\n<script type=\"application\/ld+json\" class=\"yoast-schema-graph\">{\"@context\":\"https:\\\/\\\/schema.org\",\"@graph\":[{\"@type\":\"Article\",\"@id\":\"https:\\\/\\\/www.kobler-margreid.com\\\/blog\\\/blog\\\/2021\\\/07\\\/09\\\/unsere-weine-i-nostri-vini-chardonnay-unterfeld\\\/#article\",\"isPartOf\":{\"@id\":\"https:\\\/\\\/www.kobler-margreid.com\\\/blog\\\/blog\\\/2021\\\/07\\\/09\\\/unsere-weine-i-nostri-vini-chardonnay-unterfeld\\\/\"},\"author\":{\"name\":\"armin kobler\",\"@id\":\"https:\\\/\\\/www.kobler-margreid.com\\\/blog\\\/#\\\/schema\\\/person\\\/6a2290c17f680f59c1fa7e1c7a36df3a\"},\"headline\":\"Unsere Weine \u2014 I nostri vini: Chardonnay Unterfeld\",\"datePublished\":\"2021-07-09T05:48:08+00:00\",\"dateModified\":\"2022-08-15T17:55:05+00:00\",\"mainEntityOfPage\":{\"@id\":\"https:\\\/\\\/www.kobler-margreid.com\\\/blog\\\/blog\\\/2021\\\/07\\\/09\\\/unsere-weine-i-nostri-vini-chardonnay-unterfeld\\\/\"},\"wordCount\":682,\"commentCount\":0,\"publisher\":{\"@id\":\"https:\\\/\\\/www.kobler-margreid.com\\\/blog\\\/#\\\/schema\\\/person\\\/6a2290c17f680f59c1fa7e1c7a36df3a\"},\"image\":{\"@id\":\"https:\\\/\\\/www.kobler-margreid.com\\\/blog\\\/blog\\\/2021\\\/07\\\/09\\\/unsere-weine-i-nostri-vini-chardonnay-unterfeld\\\/#primaryimage\"},\"thumbnailUrl\":\"https:\\\/\\\/www.kobler-margreid.com\\\/blog\\\/wp-content\\\/2021\\\/07\\\/CH-un-20-2-1024x819.jpg\",\"keywords\":[\"S\u00fcdtiroler Chardonnay Unterfeld\",\"UnsereWeine\"],\"articleSection\":[\"Keller - Cantina\",\"Weingarten - Vigneto\"],\"inLanguage\":\"de\",\"potentialAction\":[{\"@type\":\"CommentAction\",\"name\":\"Comment\",\"target\":[\"https:\\\/\\\/www.kobler-margreid.com\\\/blog\\\/blog\\\/2021\\\/07\\\/09\\\/unsere-weine-i-nostri-vini-chardonnay-unterfeld\\\/#respond\"]}]},{\"@type\":\"WebPage\",\"@id\":\"https:\\\/\\\/www.kobler-margreid.com\\\/blog\\\/blog\\\/2021\\\/07\\\/09\\\/unsere-weine-i-nostri-vini-chardonnay-unterfeld\\\/\",\"url\":\"https:\\\/\\\/www.kobler-margreid.com\\\/blog\\\/blog\\\/2021\\\/07\\\/09\\\/unsere-weine-i-nostri-vini-chardonnay-unterfeld\\\/\",\"name\":\"Unsere Weine \u2014 I nostri vini: Chardonnay Unterfeld - weinhof KOBLER weblog\",\"isPartOf\":{\"@id\":\"https:\\\/\\\/www.kobler-margreid.com\\\/blog\\\/#website\"},\"primaryImageOfPage\":{\"@id\":\"https:\\\/\\\/www.kobler-margreid.com\\\/blog\\\/blog\\\/2021\\\/07\\\/09\\\/unsere-weine-i-nostri-vini-chardonnay-unterfeld\\\/#primaryimage\"},\"image\":{\"@id\":\"https:\\\/\\\/www.kobler-margreid.com\\\/blog\\\/blog\\\/2021\\\/07\\\/09\\\/unsere-weine-i-nostri-vini-chardonnay-unterfeld\\\/#primaryimage\"},\"thumbnailUrl\":\"https:\\\/\\\/www.kobler-margreid.com\\\/blog\\\/wp-content\\\/2021\\\/07\\\/CH-un-20-2-1024x819.jpg\",\"datePublished\":\"2021-07-09T05:48:08+00:00\",\"dateModified\":\"2022-08-15T17:55:05+00:00\",\"breadcrumb\":{\"@id\":\"https:\\\/\\\/www.kobler-margreid.com\\\/blog\\\/blog\\\/2021\\\/07\\\/09\\\/unsere-weine-i-nostri-vini-chardonnay-unterfeld\\\/#breadcrumb\"},\"inLanguage\":\"de\",\"potentialAction\":[{\"@type\":\"ReadAction\",\"target\":[\"https:\\\/\\\/www.kobler-margreid.com\\\/blog\\\/blog\\\/2021\\\/07\\\/09\\\/unsere-weine-i-nostri-vini-chardonnay-unterfeld\\\/\"]}]},{\"@type\":\"ImageObject\",\"inLanguage\":\"de\",\"@id\":\"https:\\\/\\\/www.kobler-margreid.com\\\/blog\\\/blog\\\/2021\\\/07\\\/09\\\/unsere-weine-i-nostri-vini-chardonnay-unterfeld\\\/#primaryimage\",\"url\":\"https:\\\/\\\/www.kobler-margreid.com\\\/blog\\\/wp-content\\\/2021\\\/07\\\/CH-un-20-2.jpg\",\"contentUrl\":\"https:\\\/\\\/www.kobler-margreid.com\\\/blog\\\/wp-content\\\/2021\\\/07\\\/CH-un-20-2.jpg\",\"width\":2362,\"height\":1890},{\"@type\":\"BreadcrumbList\",\"@id\":\"https:\\\/\\\/www.kobler-margreid.com\\\/blog\\\/blog\\\/2021\\\/07\\\/09\\\/unsere-weine-i-nostri-vini-chardonnay-unterfeld\\\/#breadcrumb\",\"itemListElement\":[{\"@type\":\"ListItem\",\"position\":1,\"name\":\"Startseite\",\"item\":\"https:\\\/\\\/www.kobler-margreid.com\\\/blog\\\/\"},{\"@type\":\"ListItem\",\"position\":2,\"name\":\"Unsere Weine \u2014 I nostri vini: Chardonnay Unterfeld\"}]},{\"@type\":\"WebSite\",\"@id\":\"https:\\\/\\\/www.kobler-margreid.com\\\/blog\\\/#website\",\"url\":\"https:\\\/\\\/www.kobler-margreid.com\\\/blog\\\/\",\"name\":\"weinhof KOBLER weblog\",\"description\":\"dem wein ganz nah \u2013 all&#039;interno del vino\",\"publisher\":{\"@id\":\"https:\\\/\\\/www.kobler-margreid.com\\\/blog\\\/#\\\/schema\\\/person\\\/6a2290c17f680f59c1fa7e1c7a36df3a\"},\"potentialAction\":[{\"@type\":\"SearchAction\",\"target\":{\"@type\":\"EntryPoint\",\"urlTemplate\":\"https:\\\/\\\/www.kobler-margreid.com\\\/blog\\\/?s={search_term_string}\"},\"query-input\":{\"@type\":\"PropertyValueSpecification\",\"valueRequired\":true,\"valueName\":\"search_term_string\"}}],\"inLanguage\":\"de\"},{\"@type\":[\"Person\",\"Organization\"],\"@id\":\"https:\\\/\\\/www.kobler-margreid.com\\\/blog\\\/#\\\/schema\\\/person\\\/6a2290c17f680f59c1fa7e1c7a36df3a\",\"name\":\"armin kobler\",\"image\":{\"@type\":\"ImageObject\",\"inLanguage\":\"de\",\"@id\":\"https:\\\/\\\/www.kobler-margreid.com\\\/blog\\\/wp-content\\\/2023\\\/11\\\/2012-05-08_09-33-03a.jpg\",\"url\":\"https:\\\/\\\/www.kobler-margreid.com\\\/blog\\\/wp-content\\\/2023\\\/11\\\/2012-05-08_09-33-03a.jpg\",\"contentUrl\":\"https:\\\/\\\/www.kobler-margreid.com\\\/blog\\\/wp-content\\\/2023\\\/11\\\/2012-05-08_09-33-03a.jpg\",\"width\":1088,\"height\":1184,\"caption\":\"armin kobler\"},\"logo\":{\"@id\":\"https:\\\/\\\/www.kobler-margreid.com\\\/blog\\\/wp-content\\\/2023\\\/11\\\/2012-05-08_09-33-03a.jpg\"},\"sameAs\":[\"http:\\\/\\\/www.kobler-margreid.com\",\"https:\\\/\\\/www.facebook.com\\\/armin.kobler\\\/\"],\"url\":\"https:\\\/\\\/www.kobler-margreid.com\\\/blog\\\/blog\\\/author\\\/admin\\\/\"}]}<\/script>\n<!-- \/ Yoast SEO plugin. -->","yoast_head_json":{"title":"Unsere Weine \u2014 I nostri vini: Chardonnay Unterfeld - weinhof KOBLER weblog","robots":{"index":"index","follow":"follow","max-snippet":"max-snippet:-1","max-image-preview":"max-image-preview:large","max-video-preview":"max-video-preview:-1"},"canonical":"https:\/\/www.kobler-margreid.com\/blog\/blog\/2021\/07\/09\/unsere-weine-i-nostri-vini-chardonnay-unterfeld\/","og_locale":"de_DE","og_type":"article","og_title":"Unsere Weine \u2014 I nostri vini: Chardonnay Unterfeld - weinhof KOBLER weblog","og_description":"Es war von Anfang an ein gro\u00dfer Wunsch von mir: von allen Weing\u00e4rten in unserem Besitz einen eigenen Wein zu machen. Und wenn es auch nur wenige Flaschen sein sollten. In diesem Fall wurden 566 letztlich gef\u00fcllt. Wie immer m\u00f6chten &hellip; Weiterlesen &rarr;","og_url":"https:\/\/www.kobler-margreid.com\/blog\/blog\/2021\/07\/09\/unsere-weine-i-nostri-vini-chardonnay-unterfeld\/","og_site_name":"weinhof KOBLER weblog","article_publisher":"https:\/\/www.facebook.com\/armin.kobler\/","article_author":"https:\/\/www.facebook.com\/armin.kobler\/","article_published_time":"2021-07-09T05:48:08+00:00","article_modified_time":"2022-08-15T17:55:05+00:00","og_image":[{"url":"https:\/\/www.kobler-margreid.com\/blog\/wp-content\/2021\/07\/CH-un-20-2-1024x819.jpg","type":"","width":"","height":""}],"author":"armin kobler","twitter_card":"summary_large_image","twitter_misc":{"Verfasst von":"armin kobler","Gesch\u00e4tzte Lesezeit":"3\u00a0Minuten"},"schema":{"@context":"https:\/\/schema.org","@graph":[{"@type":"Article","@id":"https:\/\/www.kobler-margreid.com\/blog\/blog\/2021\/07\/09\/unsere-weine-i-nostri-vini-chardonnay-unterfeld\/#article","isPartOf":{"@id":"https:\/\/www.kobler-margreid.com\/blog\/blog\/2021\/07\/09\/unsere-weine-i-nostri-vini-chardonnay-unterfeld\/"},"author":{"name":"armin kobler","@id":"https:\/\/www.kobler-margreid.com\/blog\/#\/schema\/person\/6a2290c17f680f59c1fa7e1c7a36df3a"},"headline":"Unsere Weine \u2014 I nostri vini: Chardonnay Unterfeld","datePublished":"2021-07-09T05:48:08+00:00","dateModified":"2022-08-15T17:55:05+00:00","mainEntityOfPage":{"@id":"https:\/\/www.kobler-margreid.com\/blog\/blog\/2021\/07\/09\/unsere-weine-i-nostri-vini-chardonnay-unterfeld\/"},"wordCount":682,"commentCount":0,"publisher":{"@id":"https:\/\/www.kobler-margreid.com\/blog\/#\/schema\/person\/6a2290c17f680f59c1fa7e1c7a36df3a"},"image":{"@id":"https:\/\/www.kobler-margreid.com\/blog\/blog\/2021\/07\/09\/unsere-weine-i-nostri-vini-chardonnay-unterfeld\/#primaryimage"},"thumbnailUrl":"https:\/\/www.kobler-margreid.com\/blog\/wp-content\/2021\/07\/CH-un-20-2-1024x819.jpg","keywords":["S\u00fcdtiroler Chardonnay Unterfeld","UnsereWeine"],"articleSection":["Keller - Cantina","Weingarten - Vigneto"],"inLanguage":"de","potentialAction":[{"@type":"CommentAction","name":"Comment","target":["https:\/\/www.kobler-margreid.com\/blog\/blog\/2021\/07\/09\/unsere-weine-i-nostri-vini-chardonnay-unterfeld\/#respond"]}]},{"@type":"WebPage","@id":"https:\/\/www.kobler-margreid.com\/blog\/blog\/2021\/07\/09\/unsere-weine-i-nostri-vini-chardonnay-unterfeld\/","url":"https:\/\/www.kobler-margreid.com\/blog\/blog\/2021\/07\/09\/unsere-weine-i-nostri-vini-chardonnay-unterfeld\/","name":"Unsere Weine \u2014 I nostri vini: Chardonnay Unterfeld - weinhof KOBLER weblog","isPartOf":{"@id":"https:\/\/www.kobler-margreid.com\/blog\/#website"},"primaryImageOfPage":{"@id":"https:\/\/www.kobler-margreid.com\/blog\/blog\/2021\/07\/09\/unsere-weine-i-nostri-vini-chardonnay-unterfeld\/#primaryimage"},"image":{"@id":"https:\/\/www.kobler-margreid.com\/blog\/blog\/2021\/07\/09\/unsere-weine-i-nostri-vini-chardonnay-unterfeld\/#primaryimage"},"thumbnailUrl":"https:\/\/www.kobler-margreid.com\/blog\/wp-content\/2021\/07\/CH-un-20-2-1024x819.jpg","datePublished":"2021-07-09T05:48:08+00:00","dateModified":"2022-08-15T17:55:05+00:00","breadcrumb":{"@id":"https:\/\/www.kobler-margreid.com\/blog\/blog\/2021\/07\/09\/unsere-weine-i-nostri-vini-chardonnay-unterfeld\/#breadcrumb"},"inLanguage":"de","potentialAction":[{"@type":"ReadAction","target":["https:\/\/www.kobler-margreid.com\/blog\/blog\/2021\/07\/09\/unsere-weine-i-nostri-vini-chardonnay-unterfeld\/"]}]},{"@type":"ImageObject","inLanguage":"de","@id":"https:\/\/www.kobler-margreid.com\/blog\/blog\/2021\/07\/09\/unsere-weine-i-nostri-vini-chardonnay-unterfeld\/#primaryimage","url":"https:\/\/www.kobler-margreid.com\/blog\/wp-content\/2021\/07\/CH-un-20-2.jpg","contentUrl":"https:\/\/www.kobler-margreid.com\/blog\/wp-content\/2021\/07\/CH-un-20-2.jpg","width":2362,"height":1890},{"@type":"BreadcrumbList","@id":"https:\/\/www.kobler-margreid.com\/blog\/blog\/2021\/07\/09\/unsere-weine-i-nostri-vini-chardonnay-unterfeld\/#breadcrumb","itemListElement":[{"@type":"ListItem","position":1,"name":"Startseite","item":"https:\/\/www.kobler-margreid.com\/blog\/"},{"@type":"ListItem","position":2,"name":"Unsere Weine \u2014 I nostri vini: Chardonnay Unterfeld"}]},{"@type":"WebSite","@id":"https:\/\/www.kobler-margreid.com\/blog\/#website","url":"https:\/\/www.kobler-margreid.com\/blog\/","name":"weinhof KOBLER weblog","description":"dem wein ganz nah \u2013 all&#039;interno del vino","publisher":{"@id":"https:\/\/www.kobler-margreid.com\/blog\/#\/schema\/person\/6a2290c17f680f59c1fa7e1c7a36df3a"},"potentialAction":[{"@type":"SearchAction","target":{"@type":"EntryPoint","urlTemplate":"https:\/\/www.kobler-margreid.com\/blog\/?s={search_term_string}"},"query-input":{"@type":"PropertyValueSpecification","valueRequired":true,"valueName":"search_term_string"}}],"inLanguage":"de"},{"@type":["Person","Organization"],"@id":"https:\/\/www.kobler-margreid.com\/blog\/#\/schema\/person\/6a2290c17f680f59c1fa7e1c7a36df3a","name":"armin kobler","image":{"@type":"ImageObject","inLanguage":"de","@id":"https:\/\/www.kobler-margreid.com\/blog\/wp-content\/2023\/11\/2012-05-08_09-33-03a.jpg","url":"https:\/\/www.kobler-margreid.com\/blog\/wp-content\/2023\/11\/2012-05-08_09-33-03a.jpg","contentUrl":"https:\/\/www.kobler-margreid.com\/blog\/wp-content\/2023\/11\/2012-05-08_09-33-03a.jpg","width":1088,"height":1184,"caption":"armin kobler"},"logo":{"@id":"https:\/\/www.kobler-margreid.com\/blog\/wp-content\/2023\/11\/2012-05-08_09-33-03a.jpg"},"sameAs":["http:\/\/www.kobler-margreid.com","https:\/\/www.facebook.com\/armin.kobler\/"],"url":"https:\/\/www.kobler-margreid.com\/blog\/blog\/author\/admin\/"}]}},"_links":{"self":[{"href":"https:\/\/www.kobler-margreid.com\/blog\/wp-json\/wp\/v2\/posts\/20005","targetHints":{"allow":["GET"]}}],"collection":[{"href":"https:\/\/www.kobler-margreid.com\/blog\/wp-json\/wp\/v2\/posts"}],"about":[{"href":"https:\/\/www.kobler-margreid.com\/blog\/wp-json\/wp\/v2\/types\/post"}],"author":[{"embeddable":true,"href":"https:\/\/www.kobler-margreid.com\/blog\/wp-json\/wp\/v2\/users\/1"}],"replies":[{"embeddable":true,"href":"https:\/\/www.kobler-margreid.com\/blog\/wp-json\/wp\/v2\/comments?post=20005"}],"version-history":[{"count":39,"href":"https:\/\/www.kobler-margreid.com\/blog\/wp-json\/wp\/v2\/posts\/20005\/revisions"}],"predecessor-version":[{"id":20128,"href":"https:\/\/www.kobler-margreid.com\/blog\/wp-json\/wp\/v2\/posts\/20005\/revisions\/20128"}],"wp:attachment":[{"href":"https:\/\/www.kobler-margreid.com\/blog\/wp-json\/wp\/v2\/media?parent=20005"}],"wp:term":[{"taxonomy":"category","embeddable":true,"href":"https:\/\/www.kobler-margreid.com\/blog\/wp-json\/wp\/v2\/categories?post=20005"},{"taxonomy":"post_tag","embeddable":true,"href":"https:\/\/www.kobler-margreid.com\/blog\/wp-json\/wp\/v2\/tags?post=20005"}],"curies":[{"name":"wp","href":"https:\/\/api.w.org\/{rel}","templated":true}]}}