{"id":20130,"date":"2022-10-03T22:08:42","date_gmt":"2022-10-03T20:08:42","guid":{"rendered":"https:\/\/www.kobler-margreid.com\/blog\/?p=20130"},"modified":"2022-10-03T22:08:43","modified_gmt":"2022-10-03T20:08:43","slug":"ein-abschied-aber-doch-nicht-ganz-un-addio-ma-non-del-tutto","status":"publish","type":"post","link":"https:\/\/www.kobler-margreid.com\/blog\/blog\/2022\/10\/03\/ein-abschied-aber-doch-nicht-ganz-un-addio-ma-non-del-tutto\/","title":{"rendered":"Ein Abschied, aber doch nicht ganz \u2013 Un addio ma non del tutto"},"content":{"rendered":"\n<figure class=\"wp-block-image size-large\"><a href=\"https:\/\/www.kobler-margreid.com\/blog\/wp-content\/2022\/10\/2022-09-02_08-30-01-scaled.jpg\" rel=\"lightbox[20130]\"><img loading=\"lazy\" decoding=\"async\" width=\"1024\" height=\"768\" src=\"https:\/\/www.kobler-margreid.com\/blog\/wp-content\/2022\/10\/2022-09-02_08-30-01-1024x768.jpg\" alt=\"\" class=\"wp-image-20134\" srcset=\"https:\/\/www.kobler-margreid.com\/blog\/wp-content\/2022\/10\/2022-09-02_08-30-01-1024x768.jpg 1024w, https:\/\/www.kobler-margreid.com\/blog\/wp-content\/2022\/10\/2022-09-02_08-30-01-300x225.jpg 300w, https:\/\/www.kobler-margreid.com\/blog\/wp-content\/2022\/10\/2022-09-02_08-30-01-768x576.jpg 768w, https:\/\/www.kobler-margreid.com\/blog\/wp-content\/2022\/10\/2022-09-02_08-30-01-1536x1152.jpg 1536w, https:\/\/www.kobler-margreid.com\/blog\/wp-content\/2022\/10\/2022-09-02_08-30-01-2048x1536.jpg 2048w, https:\/\/www.kobler-margreid.com\/blog\/wp-content\/2022\/10\/2022-09-02_08-30-01-400x300.jpg 400w\" sizes=\"auto, (max-width: 1024px) 100vw, 1024px\" \/><\/a><\/figure>\n\n\n\n<p>Diesen Herbst haben wir das letzte Mal den Chardonnay von den Ogeaner-Pergeln geholt. Damit geht eine \u00fcber 80j\u00e4hrige Geschichte teilweise zu Ende. Der Weingarten dort ist arbeitstechnisch und deshalb auch \u00f6konomisch nicht mehr nachhaltig bewirtschaftbar geworden. Zu viele Fehlstellen und ein St\u00fctzger\u00fcst, welches auch in die Jahre gekommen ist, haben uns immer mehr Sorgen bereitet. Und irgendwann, auch wenn es traurig ist, hat halt alles ein Ende.<\/p>\n\n\n\n<p>Questo autunno ieri abbiamo vendemmiato per l&#8217;ultima volta le uve dalle pergole del vigneto Ogeaner. Con questo si conclude parzialmente una storia che dura da pi\u00f9 di 80 anni. Quel vigneto non era pi\u00f9 sostenibile dal punto di vista tecnico ed di conseguenza economico. Troppe fallanze ed una struttura ormai segnata dal tempo ci hanno procurato sempre pi\u00f9 preoccupazioni. E poi, \u00e8 cos\u00ec anche se \u00e8 triste, ogni cosa un giorno finisce.<\/p>\n\n\n\n<figure class=\"wp-block-image size-large\"><a href=\"https:\/\/www.kobler-margreid.com\/blog\/wp-content\/2022\/10\/2022-09-02_07-26-32-scaled.jpg\" rel=\"lightbox[20130]\"><img loading=\"lazy\" decoding=\"async\" width=\"768\" height=\"1024\" src=\"https:\/\/www.kobler-margreid.com\/blog\/wp-content\/2022\/10\/2022-09-02_07-26-32-768x1024.jpg\" alt=\"\" class=\"wp-image-20135\" srcset=\"https:\/\/www.kobler-margreid.com\/blog\/wp-content\/2022\/10\/2022-09-02_07-26-32-768x1024.jpg 768w, https:\/\/www.kobler-margreid.com\/blog\/wp-content\/2022\/10\/2022-09-02_07-26-32-225x300.jpg 225w, https:\/\/www.kobler-margreid.com\/blog\/wp-content\/2022\/10\/2022-09-02_07-26-32-1152x1536.jpg 1152w, https:\/\/www.kobler-margreid.com\/blog\/wp-content\/2022\/10\/2022-09-02_07-26-32-1536x2048.jpg 1536w, https:\/\/www.kobler-margreid.com\/blog\/wp-content\/2022\/10\/2022-09-02_07-26-32-scaled.jpg 1920w\" sizes=\"auto, (max-width: 768px) 100vw, 768px\" \/><\/a><\/figure>\n\n\n\n<p>Aber es endet nicht ganz! Vor einer Woche bin ich in Begleitung eines Rebschulers durch die Anlage gegangen und habe die interessantesten St\u00f6cke markiert (man sieht einige B\u00e4nder im ersten Bild). Davon werden Edelreiser geschnitten, auf Virosen gepr\u00fcft und in der Rebschule neue Pflanzreben herangezogen. Dann werden diese in der gleichen Lage, welche nachweislich f\u00fcr Chardonnay sehr geeignet ist, ausgepflanzt werden. So lebt das vielf\u00e4ltige Genmaterial dieser alten unverklonten Anlage weiter und ich habe ein etwas weniger schlechtes Gewissen beim Roden. Nat\u00fcrlich w\u00e4re f\u00fcr mich, besonders als ehemaliger Weinforscher das h\u00f6chste der Gef\u00fchle, wenn sich aus dieser uralten Selektion ein neuer interessanter Klon ergeben w\u00fcrde. Den w\u00fcrden wir dann Kobler 5BB nennen, auch wenn es keine Untertage ist. Der letzte Satz ist f\u00fcr die absoluten Nerds unter den Lerser*Innen.<\/p>\n\n\n\n<p>Ma non finisce cos\u00ec! Una settimana fa sono passato nell&#8217;impianto con un vivaista ed abbiamo segnato i ceppi pi\u00f9 interessanti (si vedono i nastri su alcune piante). Da queste vengono recuperate le gemme per produrre, dopo analisi dello stato sanitario, nuove barbatelle che ripianteremo nello stesso vigneto, in una zona dove lo Chardonnay viene bene. In questo modo la diversit\u00e0 genetica viene preservata ed io posso estirpare con la coscienza un po&#8216; pi\u00f9 a posto. Naturalmente sarebbe per me da vecchio ricercatore enologico il massimo, se da questa selezione nascesse un nuovo clone valido di Chardonnay. Questo lo chiameremo Kobler 5BB, anche se ovviamente non sarebbe un portainnesto. Quest&#8217;ultima frase \u00e8 per i veri nerds tra le lettrici ed i lettori.<\/p>\n\n\n\n<figure class=\"wp-block-image size-large\"><a href=\"https:\/\/www.kobler-margreid.com\/blog\/wp-content\/2022\/10\/2022-09-02_12-58-30-scaled.jpg\" rel=\"lightbox[20130]\"><img loading=\"lazy\" decoding=\"async\" width=\"1024\" height=\"768\" src=\"https:\/\/www.kobler-margreid.com\/blog\/wp-content\/2022\/10\/2022-09-02_12-58-30-1024x768.jpg\" alt=\"\" class=\"wp-image-20137\" srcset=\"https:\/\/www.kobler-margreid.com\/blog\/wp-content\/2022\/10\/2022-09-02_12-58-30-1024x768.jpg 1024w, https:\/\/www.kobler-margreid.com\/blog\/wp-content\/2022\/10\/2022-09-02_12-58-30-300x225.jpg 300w, https:\/\/www.kobler-margreid.com\/blog\/wp-content\/2022\/10\/2022-09-02_12-58-30-768x576.jpg 768w, https:\/\/www.kobler-margreid.com\/blog\/wp-content\/2022\/10\/2022-09-02_12-58-30-1536x1152.jpg 1536w, https:\/\/www.kobler-margreid.com\/blog\/wp-content\/2022\/10\/2022-09-02_12-58-30-2048x1536.jpg 2048w, https:\/\/www.kobler-margreid.com\/blog\/wp-content\/2022\/10\/2022-09-02_12-58-30-400x300.jpg 400w\" sizes=\"auto, (max-width: 1024px) 100vw, 1024px\" \/><\/a><\/figure>\n\n\n\n<figure class=\"wp-block-image size-large\"><a href=\"https:\/\/www.kobler-margreid.com\/blog\/wp-content\/2022\/10\/2022-09-02_12-59-22-scaled.jpg\" rel=\"lightbox[20130]\"><img loading=\"lazy\" decoding=\"async\" width=\"1024\" height=\"768\" src=\"https:\/\/www.kobler-margreid.com\/blog\/wp-content\/2022\/10\/2022-09-02_12-59-22-1024x768.jpg\" alt=\"\" class=\"wp-image-20138\" srcset=\"https:\/\/www.kobler-margreid.com\/blog\/wp-content\/2022\/10\/2022-09-02_12-59-22-1024x768.jpg 1024w, https:\/\/www.kobler-margreid.com\/blog\/wp-content\/2022\/10\/2022-09-02_12-59-22-300x225.jpg 300w, https:\/\/www.kobler-margreid.com\/blog\/wp-content\/2022\/10\/2022-09-02_12-59-22-768x576.jpg 768w, https:\/\/www.kobler-margreid.com\/blog\/wp-content\/2022\/10\/2022-09-02_12-59-22-1536x1152.jpg 1536w, https:\/\/www.kobler-margreid.com\/blog\/wp-content\/2022\/10\/2022-09-02_12-59-22-2048x1536.jpg 2048w, https:\/\/www.kobler-margreid.com\/blog\/wp-content\/2022\/10\/2022-09-02_12-59-22-400x300.jpg 400w\" sizes=\"auto, (max-width: 1024px) 100vw, 1024px\" \/><\/a><\/figure>\n","protected":false},"excerpt":{"rendered":"<p>Diesen Herbst haben wir das letzte Mal den Chardonnay von den Ogeaner-Pergeln geholt. Damit geht eine \u00fcber 80j\u00e4hrige Geschichte teilweise zu Ende. Der Weingarten dort ist arbeitstechnisch und deshalb auch \u00f6konomisch nicht mehr nachhaltig bewirtschaftbar geworden. Zu viele Fehlstellen und &hellip; <a href=\"https:\/\/www.kobler-margreid.com\/blog\/blog\/2022\/10\/03\/ein-abschied-aber-doch-nicht-ganz-un-addio-ma-non-del-tutto\/\">Weiterlesen <span class=\"meta-nav\">&rarr;<\/span><\/a><\/p>\n","protected":false},"author":1,"featured_media":0,"comment_status":"open","ping_status":"open","sticky":false,"template":"","format":"standard","meta":{"ngg_post_thumbnail":0,"footnotes":"","_links_to":"","_links_to_target":""},"categories":[12,14],"tags":[1630,1631,517],"class_list":["post-20130","post","type-post","status-publish","format-standard","hentry","category-ernte","category-weingarten","tag-selektion","tag-selezione-massale","tag-sudtiroler-chardonnay-ogeaner"],"yoast_head":"<!-- This site is optimized with the Yoast SEO plugin v27.5 - https:\/\/yoast.com\/product\/yoast-seo-wordpress\/ -->\n<title>Ein Abschied, aber doch nicht ganz \u2013 Un addio ma non del tutto - weinhof KOBLER weblog<\/title>\n<meta name=\"robots\" content=\"index, follow, max-snippet:-1, max-image-preview:large, max-video-preview:-1\" \/>\n<link rel=\"canonical\" href=\"https:\/\/www.kobler-margreid.com\/blog\/blog\/2022\/10\/03\/ein-abschied-aber-doch-nicht-ganz-un-addio-ma-non-del-tutto\/\" \/>\n<meta property=\"og:locale\" content=\"de_DE\" \/>\n<meta property=\"og:type\" content=\"article\" \/>\n<meta property=\"og:title\" content=\"Ein Abschied, aber doch nicht ganz \u2013 Un addio ma non del tutto - weinhof KOBLER weblog\" \/>\n<meta property=\"og:description\" content=\"Diesen Herbst haben wir das letzte Mal den Chardonnay von den Ogeaner-Pergeln geholt. Damit geht eine \u00fcber 80j\u00e4hrige Geschichte teilweise zu Ende. Der Weingarten dort ist arbeitstechnisch und deshalb auch \u00f6konomisch nicht mehr nachhaltig bewirtschaftbar geworden. Zu viele Fehlstellen und &hellip; Weiterlesen &rarr;\" \/>\n<meta property=\"og:url\" content=\"https:\/\/www.kobler-margreid.com\/blog\/blog\/2022\/10\/03\/ein-abschied-aber-doch-nicht-ganz-un-addio-ma-non-del-tutto\/\" \/>\n<meta property=\"og:site_name\" content=\"weinhof KOBLER weblog\" \/>\n<meta property=\"article:publisher\" content=\"https:\/\/www.facebook.com\/armin.kobler\/\" \/>\n<meta property=\"article:author\" content=\"https:\/\/www.facebook.com\/armin.kobler\/\" \/>\n<meta property=\"article:published_time\" content=\"2022-10-03T20:08:42+00:00\" \/>\n<meta property=\"article:modified_time\" content=\"2022-10-03T20:08:43+00:00\" \/>\n<meta property=\"og:image\" content=\"https:\/\/www.kobler-margreid.com\/blog\/wp-content\/2022\/10\/2022-09-02_08-30-01-1024x768.jpg\" \/>\n<meta name=\"author\" content=\"armin kobler\" \/>\n<meta name=\"twitter:card\" content=\"summary_large_image\" \/>\n<meta name=\"twitter:label1\" content=\"Verfasst von\" \/>\n\t<meta name=\"twitter:data1\" content=\"armin kobler\" \/>\n\t<meta name=\"twitter:label2\" content=\"Gesch\u00e4tzte Lesezeit\" \/>\n\t<meta name=\"twitter:data2\" content=\"2\u00a0Minuten\" \/>\n<script type=\"application\/ld+json\" class=\"yoast-schema-graph\">{\"@context\":\"https:\\\/\\\/schema.org\",\"@graph\":[{\"@type\":\"Article\",\"@id\":\"https:\\\/\\\/www.kobler-margreid.com\\\/blog\\\/blog\\\/2022\\\/10\\\/03\\\/ein-abschied-aber-doch-nicht-ganz-un-addio-ma-non-del-tutto\\\/#article\",\"isPartOf\":{\"@id\":\"https:\\\/\\\/www.kobler-margreid.com\\\/blog\\\/blog\\\/2022\\\/10\\\/03\\\/ein-abschied-aber-doch-nicht-ganz-un-addio-ma-non-del-tutto\\\/\"},\"author\":{\"name\":\"armin kobler\",\"@id\":\"https:\\\/\\\/www.kobler-margreid.com\\\/blog\\\/#\\\/schema\\\/person\\\/6a2290c17f680f59c1fa7e1c7a36df3a\"},\"headline\":\"Ein Abschied, aber doch nicht ganz \u2013 Un addio ma non del tutto\",\"datePublished\":\"2022-10-03T20:08:42+00:00\",\"dateModified\":\"2022-10-03T20:08:43+00:00\",\"mainEntityOfPage\":{\"@id\":\"https:\\\/\\\/www.kobler-margreid.com\\\/blog\\\/blog\\\/2022\\\/10\\\/03\\\/ein-abschied-aber-doch-nicht-ganz-un-addio-ma-non-del-tutto\\\/\"},\"wordCount\":414,\"commentCount\":0,\"publisher\":{\"@id\":\"https:\\\/\\\/www.kobler-margreid.com\\\/blog\\\/#\\\/schema\\\/person\\\/6a2290c17f680f59c1fa7e1c7a36df3a\"},\"image\":{\"@id\":\"https:\\\/\\\/www.kobler-margreid.com\\\/blog\\\/blog\\\/2022\\\/10\\\/03\\\/ein-abschied-aber-doch-nicht-ganz-un-addio-ma-non-del-tutto\\\/#primaryimage\"},\"thumbnailUrl\":\"https:\\\/\\\/www.kobler-margreid.com\\\/blog\\\/wp-content\\\/2022\\\/10\\\/2022-09-02_08-30-01-1024x768.jpg\",\"keywords\":[\"Selektion\",\"Selezione massale\",\"S\u00fcdtiroler Chardonnay Ogeaner\"],\"articleSection\":[\"Ernte - Vendemmia\",\"Weingarten - Vigneto\"],\"inLanguage\":\"de\",\"potentialAction\":[{\"@type\":\"CommentAction\",\"name\":\"Comment\",\"target\":[\"https:\\\/\\\/www.kobler-margreid.com\\\/blog\\\/blog\\\/2022\\\/10\\\/03\\\/ein-abschied-aber-doch-nicht-ganz-un-addio-ma-non-del-tutto\\\/#respond\"]}]},{\"@type\":\"WebPage\",\"@id\":\"https:\\\/\\\/www.kobler-margreid.com\\\/blog\\\/blog\\\/2022\\\/10\\\/03\\\/ein-abschied-aber-doch-nicht-ganz-un-addio-ma-non-del-tutto\\\/\",\"url\":\"https:\\\/\\\/www.kobler-margreid.com\\\/blog\\\/blog\\\/2022\\\/10\\\/03\\\/ein-abschied-aber-doch-nicht-ganz-un-addio-ma-non-del-tutto\\\/\",\"name\":\"Ein Abschied, aber doch nicht ganz \u2013 Un addio ma non del tutto - weinhof KOBLER weblog\",\"isPartOf\":{\"@id\":\"https:\\\/\\\/www.kobler-margreid.com\\\/blog\\\/#website\"},\"primaryImageOfPage\":{\"@id\":\"https:\\\/\\\/www.kobler-margreid.com\\\/blog\\\/blog\\\/2022\\\/10\\\/03\\\/ein-abschied-aber-doch-nicht-ganz-un-addio-ma-non-del-tutto\\\/#primaryimage\"},\"image\":{\"@id\":\"https:\\\/\\\/www.kobler-margreid.com\\\/blog\\\/blog\\\/2022\\\/10\\\/03\\\/ein-abschied-aber-doch-nicht-ganz-un-addio-ma-non-del-tutto\\\/#primaryimage\"},\"thumbnailUrl\":\"https:\\\/\\\/www.kobler-margreid.com\\\/blog\\\/wp-content\\\/2022\\\/10\\\/2022-09-02_08-30-01-1024x768.jpg\",\"datePublished\":\"2022-10-03T20:08:42+00:00\",\"dateModified\":\"2022-10-03T20:08:43+00:00\",\"breadcrumb\":{\"@id\":\"https:\\\/\\\/www.kobler-margreid.com\\\/blog\\\/blog\\\/2022\\\/10\\\/03\\\/ein-abschied-aber-doch-nicht-ganz-un-addio-ma-non-del-tutto\\\/#breadcrumb\"},\"inLanguage\":\"de\",\"potentialAction\":[{\"@type\":\"ReadAction\",\"target\":[\"https:\\\/\\\/www.kobler-margreid.com\\\/blog\\\/blog\\\/2022\\\/10\\\/03\\\/ein-abschied-aber-doch-nicht-ganz-un-addio-ma-non-del-tutto\\\/\"]}]},{\"@type\":\"ImageObject\",\"inLanguage\":\"de\",\"@id\":\"https:\\\/\\\/www.kobler-margreid.com\\\/blog\\\/blog\\\/2022\\\/10\\\/03\\\/ein-abschied-aber-doch-nicht-ganz-un-addio-ma-non-del-tutto\\\/#primaryimage\",\"url\":\"https:\\\/\\\/www.kobler-margreid.com\\\/blog\\\/wp-content\\\/2022\\\/10\\\/2022-09-02_08-30-01-scaled.jpg\",\"contentUrl\":\"https:\\\/\\\/www.kobler-margreid.com\\\/blog\\\/wp-content\\\/2022\\\/10\\\/2022-09-02_08-30-01-scaled.jpg\",\"width\":2560,\"height\":1920},{\"@type\":\"BreadcrumbList\",\"@id\":\"https:\\\/\\\/www.kobler-margreid.com\\\/blog\\\/blog\\\/2022\\\/10\\\/03\\\/ein-abschied-aber-doch-nicht-ganz-un-addio-ma-non-del-tutto\\\/#breadcrumb\",\"itemListElement\":[{\"@type\":\"ListItem\",\"position\":1,\"name\":\"Startseite\",\"item\":\"https:\\\/\\\/www.kobler-margreid.com\\\/blog\\\/\"},{\"@type\":\"ListItem\",\"position\":2,\"name\":\"Ein Abschied, aber doch nicht ganz \u2013 Un addio ma non del tutto\"}]},{\"@type\":\"WebSite\",\"@id\":\"https:\\\/\\\/www.kobler-margreid.com\\\/blog\\\/#website\",\"url\":\"https:\\\/\\\/www.kobler-margreid.com\\\/blog\\\/\",\"name\":\"weinhof KOBLER weblog\",\"description\":\"dem wein ganz nah \u2013 all&#039;interno del vino\",\"publisher\":{\"@id\":\"https:\\\/\\\/www.kobler-margreid.com\\\/blog\\\/#\\\/schema\\\/person\\\/6a2290c17f680f59c1fa7e1c7a36df3a\"},\"potentialAction\":[{\"@type\":\"SearchAction\",\"target\":{\"@type\":\"EntryPoint\",\"urlTemplate\":\"https:\\\/\\\/www.kobler-margreid.com\\\/blog\\\/?s={search_term_string}\"},\"query-input\":{\"@type\":\"PropertyValueSpecification\",\"valueRequired\":true,\"valueName\":\"search_term_string\"}}],\"inLanguage\":\"de\"},{\"@type\":[\"Person\",\"Organization\"],\"@id\":\"https:\\\/\\\/www.kobler-margreid.com\\\/blog\\\/#\\\/schema\\\/person\\\/6a2290c17f680f59c1fa7e1c7a36df3a\",\"name\":\"armin kobler\",\"image\":{\"@type\":\"ImageObject\",\"inLanguage\":\"de\",\"@id\":\"https:\\\/\\\/www.kobler-margreid.com\\\/blog\\\/wp-content\\\/2023\\\/11\\\/2012-05-08_09-33-03a.jpg\",\"url\":\"https:\\\/\\\/www.kobler-margreid.com\\\/blog\\\/wp-content\\\/2023\\\/11\\\/2012-05-08_09-33-03a.jpg\",\"contentUrl\":\"https:\\\/\\\/www.kobler-margreid.com\\\/blog\\\/wp-content\\\/2023\\\/11\\\/2012-05-08_09-33-03a.jpg\",\"width\":1088,\"height\":1184,\"caption\":\"armin kobler\"},\"logo\":{\"@id\":\"https:\\\/\\\/www.kobler-margreid.com\\\/blog\\\/wp-content\\\/2023\\\/11\\\/2012-05-08_09-33-03a.jpg\"},\"sameAs\":[\"http:\\\/\\\/www.kobler-margreid.com\",\"https:\\\/\\\/www.facebook.com\\\/armin.kobler\\\/\"],\"url\":\"https:\\\/\\\/www.kobler-margreid.com\\\/blog\\\/blog\\\/author\\\/admin\\\/\"}]}<\/script>\n<!-- \/ Yoast SEO plugin. -->","yoast_head_json":{"title":"Ein Abschied, aber doch nicht ganz \u2013 Un addio ma non del tutto - weinhof KOBLER weblog","robots":{"index":"index","follow":"follow","max-snippet":"max-snippet:-1","max-image-preview":"max-image-preview:large","max-video-preview":"max-video-preview:-1"},"canonical":"https:\/\/www.kobler-margreid.com\/blog\/blog\/2022\/10\/03\/ein-abschied-aber-doch-nicht-ganz-un-addio-ma-non-del-tutto\/","og_locale":"de_DE","og_type":"article","og_title":"Ein Abschied, aber doch nicht ganz \u2013 Un addio ma non del tutto - weinhof KOBLER weblog","og_description":"Diesen Herbst haben wir das letzte Mal den Chardonnay von den Ogeaner-Pergeln geholt. Damit geht eine \u00fcber 80j\u00e4hrige Geschichte teilweise zu Ende. Der Weingarten dort ist arbeitstechnisch und deshalb auch \u00f6konomisch nicht mehr nachhaltig bewirtschaftbar geworden. Zu viele Fehlstellen und &hellip; Weiterlesen &rarr;","og_url":"https:\/\/www.kobler-margreid.com\/blog\/blog\/2022\/10\/03\/ein-abschied-aber-doch-nicht-ganz-un-addio-ma-non-del-tutto\/","og_site_name":"weinhof KOBLER weblog","article_publisher":"https:\/\/www.facebook.com\/armin.kobler\/","article_author":"https:\/\/www.facebook.com\/armin.kobler\/","article_published_time":"2022-10-03T20:08:42+00:00","article_modified_time":"2022-10-03T20:08:43+00:00","og_image":[{"url":"https:\/\/www.kobler-margreid.com\/blog\/wp-content\/2022\/10\/2022-09-02_08-30-01-1024x768.jpg","type":"","width":"","height":""}],"author":"armin kobler","twitter_card":"summary_large_image","twitter_misc":{"Verfasst von":"armin kobler","Gesch\u00e4tzte Lesezeit":"2\u00a0Minuten"},"schema":{"@context":"https:\/\/schema.org","@graph":[{"@type":"Article","@id":"https:\/\/www.kobler-margreid.com\/blog\/blog\/2022\/10\/03\/ein-abschied-aber-doch-nicht-ganz-un-addio-ma-non-del-tutto\/#article","isPartOf":{"@id":"https:\/\/www.kobler-margreid.com\/blog\/blog\/2022\/10\/03\/ein-abschied-aber-doch-nicht-ganz-un-addio-ma-non-del-tutto\/"},"author":{"name":"armin kobler","@id":"https:\/\/www.kobler-margreid.com\/blog\/#\/schema\/person\/6a2290c17f680f59c1fa7e1c7a36df3a"},"headline":"Ein Abschied, aber doch nicht ganz \u2013 Un addio ma non del tutto","datePublished":"2022-10-03T20:08:42+00:00","dateModified":"2022-10-03T20:08:43+00:00","mainEntityOfPage":{"@id":"https:\/\/www.kobler-margreid.com\/blog\/blog\/2022\/10\/03\/ein-abschied-aber-doch-nicht-ganz-un-addio-ma-non-del-tutto\/"},"wordCount":414,"commentCount":0,"publisher":{"@id":"https:\/\/www.kobler-margreid.com\/blog\/#\/schema\/person\/6a2290c17f680f59c1fa7e1c7a36df3a"},"image":{"@id":"https:\/\/www.kobler-margreid.com\/blog\/blog\/2022\/10\/03\/ein-abschied-aber-doch-nicht-ganz-un-addio-ma-non-del-tutto\/#primaryimage"},"thumbnailUrl":"https:\/\/www.kobler-margreid.com\/blog\/wp-content\/2022\/10\/2022-09-02_08-30-01-1024x768.jpg","keywords":["Selektion","Selezione massale","S\u00fcdtiroler Chardonnay Ogeaner"],"articleSection":["Ernte - Vendemmia","Weingarten - Vigneto"],"inLanguage":"de","potentialAction":[{"@type":"CommentAction","name":"Comment","target":["https:\/\/www.kobler-margreid.com\/blog\/blog\/2022\/10\/03\/ein-abschied-aber-doch-nicht-ganz-un-addio-ma-non-del-tutto\/#respond"]}]},{"@type":"WebPage","@id":"https:\/\/www.kobler-margreid.com\/blog\/blog\/2022\/10\/03\/ein-abschied-aber-doch-nicht-ganz-un-addio-ma-non-del-tutto\/","url":"https:\/\/www.kobler-margreid.com\/blog\/blog\/2022\/10\/03\/ein-abschied-aber-doch-nicht-ganz-un-addio-ma-non-del-tutto\/","name":"Ein Abschied, aber doch nicht ganz \u2013 Un addio ma non del tutto - weinhof KOBLER weblog","isPartOf":{"@id":"https:\/\/www.kobler-margreid.com\/blog\/#website"},"primaryImageOfPage":{"@id":"https:\/\/www.kobler-margreid.com\/blog\/blog\/2022\/10\/03\/ein-abschied-aber-doch-nicht-ganz-un-addio-ma-non-del-tutto\/#primaryimage"},"image":{"@id":"https:\/\/www.kobler-margreid.com\/blog\/blog\/2022\/10\/03\/ein-abschied-aber-doch-nicht-ganz-un-addio-ma-non-del-tutto\/#primaryimage"},"thumbnailUrl":"https:\/\/www.kobler-margreid.com\/blog\/wp-content\/2022\/10\/2022-09-02_08-30-01-1024x768.jpg","datePublished":"2022-10-03T20:08:42+00:00","dateModified":"2022-10-03T20:08:43+00:00","breadcrumb":{"@id":"https:\/\/www.kobler-margreid.com\/blog\/blog\/2022\/10\/03\/ein-abschied-aber-doch-nicht-ganz-un-addio-ma-non-del-tutto\/#breadcrumb"},"inLanguage":"de","potentialAction":[{"@type":"ReadAction","target":["https:\/\/www.kobler-margreid.com\/blog\/blog\/2022\/10\/03\/ein-abschied-aber-doch-nicht-ganz-un-addio-ma-non-del-tutto\/"]}]},{"@type":"ImageObject","inLanguage":"de","@id":"https:\/\/www.kobler-margreid.com\/blog\/blog\/2022\/10\/03\/ein-abschied-aber-doch-nicht-ganz-un-addio-ma-non-del-tutto\/#primaryimage","url":"https:\/\/www.kobler-margreid.com\/blog\/wp-content\/2022\/10\/2022-09-02_08-30-01-scaled.jpg","contentUrl":"https:\/\/www.kobler-margreid.com\/blog\/wp-content\/2022\/10\/2022-09-02_08-30-01-scaled.jpg","width":2560,"height":1920},{"@type":"BreadcrumbList","@id":"https:\/\/www.kobler-margreid.com\/blog\/blog\/2022\/10\/03\/ein-abschied-aber-doch-nicht-ganz-un-addio-ma-non-del-tutto\/#breadcrumb","itemListElement":[{"@type":"ListItem","position":1,"name":"Startseite","item":"https:\/\/www.kobler-margreid.com\/blog\/"},{"@type":"ListItem","position":2,"name":"Ein Abschied, aber doch nicht ganz \u2013 Un addio ma non del tutto"}]},{"@type":"WebSite","@id":"https:\/\/www.kobler-margreid.com\/blog\/#website","url":"https:\/\/www.kobler-margreid.com\/blog\/","name":"weinhof KOBLER weblog","description":"dem wein ganz nah \u2013 all&#039;interno del vino","publisher":{"@id":"https:\/\/www.kobler-margreid.com\/blog\/#\/schema\/person\/6a2290c17f680f59c1fa7e1c7a36df3a"},"potentialAction":[{"@type":"SearchAction","target":{"@type":"EntryPoint","urlTemplate":"https:\/\/www.kobler-margreid.com\/blog\/?s={search_term_string}"},"query-input":{"@type":"PropertyValueSpecification","valueRequired":true,"valueName":"search_term_string"}}],"inLanguage":"de"},{"@type":["Person","Organization"],"@id":"https:\/\/www.kobler-margreid.com\/blog\/#\/schema\/person\/6a2290c17f680f59c1fa7e1c7a36df3a","name":"armin kobler","image":{"@type":"ImageObject","inLanguage":"de","@id":"https:\/\/www.kobler-margreid.com\/blog\/wp-content\/2023\/11\/2012-05-08_09-33-03a.jpg","url":"https:\/\/www.kobler-margreid.com\/blog\/wp-content\/2023\/11\/2012-05-08_09-33-03a.jpg","contentUrl":"https:\/\/www.kobler-margreid.com\/blog\/wp-content\/2023\/11\/2012-05-08_09-33-03a.jpg","width":1088,"height":1184,"caption":"armin kobler"},"logo":{"@id":"https:\/\/www.kobler-margreid.com\/blog\/wp-content\/2023\/11\/2012-05-08_09-33-03a.jpg"},"sameAs":["http:\/\/www.kobler-margreid.com","https:\/\/www.facebook.com\/armin.kobler\/"],"url":"https:\/\/www.kobler-margreid.com\/blog\/blog\/author\/admin\/"}]}},"_links":{"self":[{"href":"https:\/\/www.kobler-margreid.com\/blog\/wp-json\/wp\/v2\/posts\/20130","targetHints":{"allow":["GET"]}}],"collection":[{"href":"https:\/\/www.kobler-margreid.com\/blog\/wp-json\/wp\/v2\/posts"}],"about":[{"href":"https:\/\/www.kobler-margreid.com\/blog\/wp-json\/wp\/v2\/types\/post"}],"author":[{"embeddable":true,"href":"https:\/\/www.kobler-margreid.com\/blog\/wp-json\/wp\/v2\/users\/1"}],"replies":[{"embeddable":true,"href":"https:\/\/www.kobler-margreid.com\/blog\/wp-json\/wp\/v2\/comments?post=20130"}],"version-history":[{"count":5,"href":"https:\/\/www.kobler-margreid.com\/blog\/wp-json\/wp\/v2\/posts\/20130\/revisions"}],"predecessor-version":[{"id":20139,"href":"https:\/\/www.kobler-margreid.com\/blog\/wp-json\/wp\/v2\/posts\/20130\/revisions\/20139"}],"wp:attachment":[{"href":"https:\/\/www.kobler-margreid.com\/blog\/wp-json\/wp\/v2\/media?parent=20130"}],"wp:term":[{"taxonomy":"category","embeddable":true,"href":"https:\/\/www.kobler-margreid.com\/blog\/wp-json\/wp\/v2\/categories?post=20130"},{"taxonomy":"post_tag","embeddable":true,"href":"https:\/\/www.kobler-margreid.com\/blog\/wp-json\/wp\/v2\/tags?post=20130"}],"curies":[{"name":"wp","href":"https:\/\/api.w.org\/{rel}","templated":true}]}}