{"id":2019,"date":"2009-05-26T16:47:54","date_gmt":"2009-05-26T15:47:54","guid":{"rendered":"http:\/\/www.kobler-margreid.com\/blog\/?p=2019"},"modified":"2009-11-11T19:08:07","modified_gmt":"2009-11-11T18:08:07","slug":"der-star-des-abends-il-divo-della-serata","status":"publish","type":"post","link":"https:\/\/www.kobler-margreid.com\/blog\/blog\/2009\/05\/26\/der-star-des-abends-il-divo-della-serata\/","title":{"rendered":"Der Star des Abends &#8211; Il divo della serata"},"content":{"rendered":"<p style=\"text-align: center;\"><a href=\"http:\/\/www.kobler-margreid.com\/blog\/wp-content\/2009\/05\/taschen_kretzer.jpg\" rel=\"lightbox[2019]\"><img loading=\"lazy\" decoding=\"async\" class=\"size-full wp-image-2025 aligncenter\" style=\"border: 0pt none; margin-top: 0px; margin-bottom: 0px;\" title=\"taschen_kretzer\" src=\"http:\/\/www.kobler-margreid.com\/blog\/wp-content\/imagescaler\/5334f1ef5b33eb1b0fae80518e10bea2.jpg\" alt=\"taschen_kretzer\" width=\"491\" height=\"368\" \/><\/a><\/p>\n<p>&#8230; war eindeutig der <a title=\"weinhof KOBLER: Merlot Kretzer Kotzner\" href=\"http:\/\/www.kobler-margreid.com\/deutsch\/lagen_weine\/kotzner_mk\/kotzner_mk.html\" target=\"_blank\">Merlot Kretzer <\/a><em><a title=\"weinhof KOBLER: Merlot Kretzer Kotzner\" href=\"http:\/\/www.kobler-margreid.com\/deutsch\/lagen_weine\/kotzner_mk\/kotzner_mk.html\" target=\"_blank\">Kotzner 2008<\/a><\/em> (im Bild in den Gl\u00e4sern), dicht auf seinen Fersen der <a title=\"weinhof KOBLER: Gew\u00fcrztraminer Feld\" href=\"http:\/\/www.kobler-margreid.com\/italiano\/vigneti_vini\/kotzner_mk_it\/kotzner_mk_it.html\" target=\"_blank\">Gew\u00fcrztraminer <em>Feld <\/em>2007<\/a>. Nat\u00fcrlich nur am Degustationstisch, die Besucher kamen naturgem\u00e4\u00df haupts\u00e4chlich wegen der Taschen von <a title=\"Evelyn-Taschen\" href=\"http:\/\/evelyntaschen.wordpress.com\/2009\/05\/23\/3-ausstellung-in-garten\/\" target=\"_blank\">Evelyn<\/a> und des Schmuckes von <a title=\"Secretstyle's Weblog\" href=\"http:\/\/secretstyle.wordpress.com\/2009\/05\/26\/bilder-der-ausstellung-im-garten-des-foto-atelier-haller\/\" target=\"_blank\">Sigrid<\/a>.<\/p>\n<p style=\"text-align: left;\"><em>&#8230; era senza dubbio il\u00a0<a title=\"weinhof KOBLER: Merlot Kretzer Kotzner\" href=\"http:\/\/www.kobler-margreid.com\/italiano\/vigneti_vini\/kotzner_mk_it\/kotzner_mk_it.html\" target=\"_blank\">Merlot Kretzer <\/a><\/em><a title=\"weinhof KOBLER: Merlot Kretzer Kotzner\" href=\"http:\/\/www.kobler-margreid.com\/italiano\/vigneti_vini\/kotzner_mk_it\/kotzner_mk_it.html\" target=\"_blank\">Kotzner<\/a><em><a title=\"weinhof KOBLER: Merlot Kretzer Kotzner\" href=\"http:\/\/www.kobler-margreid.com\/italiano\/vigneti_vini\/kotzner_mk_it\/kotzner_mk_it.html\" target=\"_blank\"> 2008<\/a> (nella foto nei bicchieri), inseguito per\u00f2 dal <a title=\"weinhof KOBLER: Ge\u00fcrztraminer Feld\" href=\"http:\/\/www.kobler-margreid.com\/italiano\/vigneti_vini\/feld_gt_it\/feld_gt_it.html\" target=\"_blank\">Gew\u00fcrztraminer <\/a><\/em><a title=\"weinhof KOBLER: Ge\u00fcrztraminer Feld\" href=\"http:\/\/www.kobler-margreid.com\/italiano\/vigneti_vini\/feld_gt_it\/feld_gt_it.html\" target=\"_blank\">Feld<\/a><em><a title=\"weinhof KOBLER: Ge\u00fcrztraminer Feld\" href=\"http:\/\/www.kobler-margreid.com\/italiano\/vigneti_vini\/feld_gt_it\/feld_gt_it.html\" target=\"_blank\"> 2007<\/a>. Beninteso solo al tavolo di degustazione, i visitatori sono venuti naturalmente soprattutto per le borse di <a title=\"Evelyn-Taschen\" href=\"http:\/\/evelyntaschen.wordpress.com\/2009\/05\/23\/3-ausstellung-in-garten\/\" target=\"_blank\">Evelyn<\/a> ed i gioelli di <a title=\"Secretstyle's Weblog\" href=\"http:\/\/secretstyle.wordpress.com\/2009\/05\/26\/bilder-der-ausstellung-im-garten-des-foto-atelier-haller\/\" target=\"_blank\">Sigrid<\/a>.<\/em><\/p>\n<p style=\"text-align: left;\"><!--more--><\/p>\n<p style=\"text-align: left;\">Das Konsumverhalten nebenbei zu beobachten ist immer interessant. W\u00e4hrend die \u00d6nothekenbesitzer und Gastronomen S\u00fcdtirols dar\u00fcber berichten, dass Einheimische diese beiden Sorten meiden, kann ich eigentlich vom Gegenteil berichten. Ich favorisiere auf die oft gestellte Eingangsfrage hin, welchen Wein ich empfehlen w\u00fcrde, eigentlich keinen, weise h\u00f6chsten beschreibend aber niemals wertend auf Gemeinsamkeiten und Unterschiede hin.<\/p>\n<p style=\"text-align: left;\"><em>Osservare contemporaneamente il comportamento dei\u00a0 consumatori \u00e8 sempre interessante. Mentre gli enotecari e ristoratori sudtirolesi riportano che i clienti locali evitano queste due variet\u00e0, io ho fatto osservazioni contrarie. Alla domanda iniziale, che vini io consiglio, non favorisco nessuno. Gli descrivo non valutandoli, evidenziando <\/em><em>al massimo <\/em><em>comunanze e differenze.<\/em><\/p>\n<p style=\"text-align: left;\">Besonders wenn der Abend angenehm und nicht von kurzer Dauer ist, wird immer wieder von diesen Weinen nachgeschenkt. Mit der richtigen Temperatur serviert, tr\u00fcben auch die tendenziell h\u00f6heren Alkoholgehalte dieser beiden Weine nicht deren Trinkigkeit und ergeben auch ohne Essen Trinkgenuss. Der Konsument ist, wenn unbefangen, m\u00fcndiger als uns so mancher zu verstehen geben will.<\/p>\n<p style=\"text-align: left;\"><em>Soprattutto se le serate sono piacevoli e non troppo brevi, viene chiesto in continuazione di versare ancora questi due vini. Proposti alla temperatura giusta, anche i contenuti alcolici tendenzialmente pi\u00f9 alti di questi due prodotti non guastano la loro bevibilit\u00e0 anche se proposti senza l&#8217;accompagnamento di cibi. Il consumatore, se disinvolto, \u00e8 pi\u00f9 emancipato di quanto ci vogliono far credere.<\/em><\/p>\n<p style=\"text-align: left;\">\n","protected":false},"excerpt":{"rendered":"<p>&#8230; war eindeutig der Merlot Kretzer Kotzner 2008 (im Bild in den Gl\u00e4sern), dicht auf seinen Fersen der Gew\u00fcrztraminer Feld 2007. Nat\u00fcrlich nur am Degustationstisch, die Besucher kamen naturgem\u00e4\u00df haupts\u00e4chlich wegen der Taschen von Evelyn und des Schmuckes von Sigrid. &hellip; <a href=\"https:\/\/www.kobler-margreid.com\/blog\/blog\/2009\/05\/26\/der-star-des-abends-il-divo-della-serata\/\">Weiterlesen <span class=\"meta-nav\">&rarr;<\/span><\/a><\/p>\n","protected":false},"author":6,"featured_media":0,"comment_status":"open","ping_status":"open","sticky":false,"template":"","format":"standard","meta":{"ngg_post_thumbnail":0,"footnotes":"","_links_to":"","_links_to_target":""},"categories":[9,16],"tags":[399,412,400,293,411],"class_list":["post-2019","post","type-post","status-publish","format-standard","hentry","category-oeffentlichkeitsarbeit","category-weinkost","tag-evelyn-krezdorn-puff","tag-konsumenten","tag-sigrid-haller","tag-sudtiroler-gewurztraminer-feld","tag-sudtiroler-merlot-kretzer-kotzner"],"yoast_head":"<!-- This site is optimized with the Yoast SEO plugin v27.5 - https:\/\/yoast.com\/product\/yoast-seo-wordpress\/ -->\n<title>Der Star des Abends - Il divo della serata - weinhof KOBLER weblog<\/title>\n<meta name=\"robots\" content=\"index, follow, max-snippet:-1, max-image-preview:large, max-video-preview:-1\" \/>\n<link rel=\"canonical\" href=\"https:\/\/www.kobler-margreid.com\/blog\/blog\/2009\/05\/26\/der-star-des-abends-il-divo-della-serata\/\" \/>\n<meta property=\"og:locale\" content=\"de_DE\" \/>\n<meta property=\"og:type\" content=\"article\" \/>\n<meta property=\"og:title\" content=\"Der Star des Abends - Il divo della serata - weinhof KOBLER weblog\" \/>\n<meta property=\"og:description\" content=\"&#8230; war eindeutig der Merlot Kretzer Kotzner 2008 (im Bild in den Gl\u00e4sern), dicht auf seinen Fersen der Gew\u00fcrztraminer Feld 2007. Nat\u00fcrlich nur am Degustationstisch, die Besucher kamen naturgem\u00e4\u00df haupts\u00e4chlich wegen der Taschen von Evelyn und des Schmuckes von Sigrid. &hellip; Weiterlesen &rarr;\" \/>\n<meta property=\"og:url\" content=\"https:\/\/www.kobler-margreid.com\/blog\/blog\/2009\/05\/26\/der-star-des-abends-il-divo-della-serata\/\" \/>\n<meta property=\"og:site_name\" content=\"weinhof KOBLER weblog\" \/>\n<meta property=\"article:publisher\" content=\"https:\/\/www.facebook.com\/armin.kobler\/\" \/>\n<meta property=\"article:published_time\" content=\"2009-05-26T15:47:54+00:00\" \/>\n<meta property=\"article:modified_time\" content=\"2009-11-11T18:08:07+00:00\" \/>\n<meta property=\"og:image\" content=\"http:\/\/www.kobler-margreid.com\/blog\/wp-content\/imagescaler\/5334f1ef5b33eb1b0fae80518e10bea2.jpg\" \/>\n<meta name=\"author\" content=\"armin kobler\" \/>\n<meta name=\"twitter:card\" content=\"summary_large_image\" \/>\n<meta name=\"twitter:label1\" content=\"Verfasst von\" \/>\n\t<meta name=\"twitter:data1\" content=\"armin kobler\" \/>\n\t<meta name=\"twitter:label2\" content=\"Gesch\u00e4tzte Lesezeit\" \/>\n\t<meta name=\"twitter:data2\" content=\"2\u00a0Minuten\" \/>\n<script type=\"application\/ld+json\" class=\"yoast-schema-graph\">{\"@context\":\"https:\\\/\\\/schema.org\",\"@graph\":[{\"@type\":\"Article\",\"@id\":\"https:\\\/\\\/www.kobler-margreid.com\\\/blog\\\/blog\\\/2009\\\/05\\\/26\\\/der-star-des-abends-il-divo-della-serata\\\/#article\",\"isPartOf\":{\"@id\":\"https:\\\/\\\/www.kobler-margreid.com\\\/blog\\\/blog\\\/2009\\\/05\\\/26\\\/der-star-des-abends-il-divo-della-serata\\\/\"},\"author\":{\"name\":\"armin kobler\",\"@id\":\"https:\\\/\\\/www.kobler-margreid.com\\\/blog\\\/#\\\/schema\\\/person\\\/fcca96145437484793adb0529dc48706\"},\"headline\":\"Der Star des Abends &#8211; Il divo della serata\",\"datePublished\":\"2009-05-26T15:47:54+00:00\",\"dateModified\":\"2009-11-11T18:08:07+00:00\",\"mainEntityOfPage\":{\"@id\":\"https:\\\/\\\/www.kobler-margreid.com\\\/blog\\\/blog\\\/2009\\\/05\\\/26\\\/der-star-des-abends-il-divo-della-serata\\\/\"},\"wordCount\":313,\"commentCount\":0,\"publisher\":{\"@id\":\"https:\\\/\\\/www.kobler-margreid.com\\\/blog\\\/#\\\/schema\\\/person\\\/6a2290c17f680f59c1fa7e1c7a36df3a\"},\"image\":{\"@id\":\"https:\\\/\\\/www.kobler-margreid.com\\\/blog\\\/blog\\\/2009\\\/05\\\/26\\\/der-star-des-abends-il-divo-della-serata\\\/#primaryimage\"},\"thumbnailUrl\":\"http:\\\/\\\/www.kobler-margreid.com\\\/blog\\\/wp-content\\\/imagescaler\\\/5334f1ef5b33eb1b0fae80518e10bea2.jpg\",\"keywords\":[\"Evelyn Krezdorn-Puff\",\"Konsumenten\",\"Sigrid Haller\",\"S\u00fcdtiroler Gew\u00fcrztraminer Feld\",\"S\u00fcdtiroler Merlot Kretzer Kotzner\"],\"articleSection\":[\"\u00d6ffentlichkeitsarbeit - Pubbliche relazioni\",\"Weinkost - Degustazione\"],\"inLanguage\":\"de\",\"potentialAction\":[{\"@type\":\"CommentAction\",\"name\":\"Comment\",\"target\":[\"https:\\\/\\\/www.kobler-margreid.com\\\/blog\\\/blog\\\/2009\\\/05\\\/26\\\/der-star-des-abends-il-divo-della-serata\\\/#respond\"]}]},{\"@type\":\"WebPage\",\"@id\":\"https:\\\/\\\/www.kobler-margreid.com\\\/blog\\\/blog\\\/2009\\\/05\\\/26\\\/der-star-des-abends-il-divo-della-serata\\\/\",\"url\":\"https:\\\/\\\/www.kobler-margreid.com\\\/blog\\\/blog\\\/2009\\\/05\\\/26\\\/der-star-des-abends-il-divo-della-serata\\\/\",\"name\":\"Der Star des Abends - Il divo della serata - weinhof KOBLER weblog\",\"isPartOf\":{\"@id\":\"https:\\\/\\\/www.kobler-margreid.com\\\/blog\\\/#website\"},\"primaryImageOfPage\":{\"@id\":\"https:\\\/\\\/www.kobler-margreid.com\\\/blog\\\/blog\\\/2009\\\/05\\\/26\\\/der-star-des-abends-il-divo-della-serata\\\/#primaryimage\"},\"image\":{\"@id\":\"https:\\\/\\\/www.kobler-margreid.com\\\/blog\\\/blog\\\/2009\\\/05\\\/26\\\/der-star-des-abends-il-divo-della-serata\\\/#primaryimage\"},\"thumbnailUrl\":\"http:\\\/\\\/www.kobler-margreid.com\\\/blog\\\/wp-content\\\/imagescaler\\\/5334f1ef5b33eb1b0fae80518e10bea2.jpg\",\"datePublished\":\"2009-05-26T15:47:54+00:00\",\"dateModified\":\"2009-11-11T18:08:07+00:00\",\"breadcrumb\":{\"@id\":\"https:\\\/\\\/www.kobler-margreid.com\\\/blog\\\/blog\\\/2009\\\/05\\\/26\\\/der-star-des-abends-il-divo-della-serata\\\/#breadcrumb\"},\"inLanguage\":\"de\",\"potentialAction\":[{\"@type\":\"ReadAction\",\"target\":[\"https:\\\/\\\/www.kobler-margreid.com\\\/blog\\\/blog\\\/2009\\\/05\\\/26\\\/der-star-des-abends-il-divo-della-serata\\\/\"]}]},{\"@type\":\"ImageObject\",\"inLanguage\":\"de\",\"@id\":\"https:\\\/\\\/www.kobler-margreid.com\\\/blog\\\/blog\\\/2009\\\/05\\\/26\\\/der-star-des-abends-il-divo-della-serata\\\/#primaryimage\",\"url\":\"https:\\\/\\\/www.kobler-margreid.com\\\/blog\\\/wp-content\\\/2009\\\/05\\\/taschen_kretzer.jpg\",\"contentUrl\":\"https:\\\/\\\/www.kobler-margreid.com\\\/blog\\\/wp-content\\\/2009\\\/05\\\/taschen_kretzer.jpg\",\"width\":\"1024\",\"height\":\"768\"},{\"@type\":\"BreadcrumbList\",\"@id\":\"https:\\\/\\\/www.kobler-margreid.com\\\/blog\\\/blog\\\/2009\\\/05\\\/26\\\/der-star-des-abends-il-divo-della-serata\\\/#breadcrumb\",\"itemListElement\":[{\"@type\":\"ListItem\",\"position\":1,\"name\":\"Startseite\",\"item\":\"https:\\\/\\\/www.kobler-margreid.com\\\/blog\\\/\"},{\"@type\":\"ListItem\",\"position\":2,\"name\":\"Der Star des Abends &#8211; Il divo della serata\"}]},{\"@type\":\"WebSite\",\"@id\":\"https:\\\/\\\/www.kobler-margreid.com\\\/blog\\\/#website\",\"url\":\"https:\\\/\\\/www.kobler-margreid.com\\\/blog\\\/\",\"name\":\"weinhof KOBLER weblog\",\"description\":\"dem wein ganz nah \u2013 all&#039;interno del vino\",\"publisher\":{\"@id\":\"https:\\\/\\\/www.kobler-margreid.com\\\/blog\\\/#\\\/schema\\\/person\\\/6a2290c17f680f59c1fa7e1c7a36df3a\"},\"potentialAction\":[{\"@type\":\"SearchAction\",\"target\":{\"@type\":\"EntryPoint\",\"urlTemplate\":\"https:\\\/\\\/www.kobler-margreid.com\\\/blog\\\/?s={search_term_string}\"},\"query-input\":{\"@type\":\"PropertyValueSpecification\",\"valueRequired\":true,\"valueName\":\"search_term_string\"}}],\"inLanguage\":\"de\"},{\"@type\":[\"Person\",\"Organization\"],\"@id\":\"https:\\\/\\\/www.kobler-margreid.com\\\/blog\\\/#\\\/schema\\\/person\\\/6a2290c17f680f59c1fa7e1c7a36df3a\",\"name\":\"armin kobler\",\"image\":{\"@type\":\"ImageObject\",\"inLanguage\":\"de\",\"@id\":\"https:\\\/\\\/www.kobler-margreid.com\\\/blog\\\/wp-content\\\/2023\\\/11\\\/2012-05-08_09-33-03a.jpg\",\"url\":\"https:\\\/\\\/www.kobler-margreid.com\\\/blog\\\/wp-content\\\/2023\\\/11\\\/2012-05-08_09-33-03a.jpg\",\"contentUrl\":\"https:\\\/\\\/www.kobler-margreid.com\\\/blog\\\/wp-content\\\/2023\\\/11\\\/2012-05-08_09-33-03a.jpg\",\"width\":1088,\"height\":1184,\"caption\":\"armin kobler\"},\"logo\":{\"@id\":\"https:\\\/\\\/www.kobler-margreid.com\\\/blog\\\/wp-content\\\/2023\\\/11\\\/2012-05-08_09-33-03a.jpg\"},\"sameAs\":[\"http:\\\/\\\/www.kobler-margreid.com\",\"https:\\\/\\\/www.facebook.com\\\/armin.kobler\\\/\"]},{\"@type\":\"Person\",\"@id\":\"https:\\\/\\\/www.kobler-margreid.com\\\/blog\\\/#\\\/schema\\\/person\\\/fcca96145437484793adb0529dc48706\",\"name\":\"armin kobler\",\"image\":{\"@type\":\"ImageObject\",\"inLanguage\":\"de\",\"@id\":\"https:\\\/\\\/secure.gravatar.com\\\/avatar\\\/7ed75d18f117c58598b89fcf3ec9fda3311f3fbda827ac1502944a0804d87b7f?s=96&d=mm&r=g\",\"url\":\"https:\\\/\\\/secure.gravatar.com\\\/avatar\\\/7ed75d18f117c58598b89fcf3ec9fda3311f3fbda827ac1502944a0804d87b7f?s=96&d=mm&r=g\",\"contentUrl\":\"https:\\\/\\\/secure.gravatar.com\\\/avatar\\\/7ed75d18f117c58598b89fcf3ec9fda3311f3fbda827ac1502944a0804d87b7f?s=96&d=mm&r=g\",\"caption\":\"armin kobler\"},\"sameAs\":[\"http:\\\/\\\/\"],\"url\":\"https:\\\/\\\/www.kobler-margreid.com\\\/blog\\\/blog\\\/author\\\/armin-kobler\\\/\"}]}<\/script>\n<!-- \/ Yoast SEO plugin. -->","yoast_head_json":{"title":"Der Star des Abends - Il divo della serata - weinhof KOBLER weblog","robots":{"index":"index","follow":"follow","max-snippet":"max-snippet:-1","max-image-preview":"max-image-preview:large","max-video-preview":"max-video-preview:-1"},"canonical":"https:\/\/www.kobler-margreid.com\/blog\/blog\/2009\/05\/26\/der-star-des-abends-il-divo-della-serata\/","og_locale":"de_DE","og_type":"article","og_title":"Der Star des Abends - Il divo della serata - weinhof KOBLER weblog","og_description":"&#8230; war eindeutig der Merlot Kretzer Kotzner 2008 (im Bild in den Gl\u00e4sern), dicht auf seinen Fersen der Gew\u00fcrztraminer Feld 2007. Nat\u00fcrlich nur am Degustationstisch, die Besucher kamen naturgem\u00e4\u00df haupts\u00e4chlich wegen der Taschen von Evelyn und des Schmuckes von Sigrid. &hellip; Weiterlesen &rarr;","og_url":"https:\/\/www.kobler-margreid.com\/blog\/blog\/2009\/05\/26\/der-star-des-abends-il-divo-della-serata\/","og_site_name":"weinhof KOBLER weblog","article_publisher":"https:\/\/www.facebook.com\/armin.kobler\/","article_published_time":"2009-05-26T15:47:54+00:00","article_modified_time":"2009-11-11T18:08:07+00:00","og_image":[{"url":"http:\/\/www.kobler-margreid.com\/blog\/wp-content\/imagescaler\/5334f1ef5b33eb1b0fae80518e10bea2.jpg","type":"","width":"","height":""}],"author":"armin kobler","twitter_card":"summary_large_image","twitter_misc":{"Verfasst von":"armin kobler","Gesch\u00e4tzte Lesezeit":"2\u00a0Minuten"},"schema":{"@context":"https:\/\/schema.org","@graph":[{"@type":"Article","@id":"https:\/\/www.kobler-margreid.com\/blog\/blog\/2009\/05\/26\/der-star-des-abends-il-divo-della-serata\/#article","isPartOf":{"@id":"https:\/\/www.kobler-margreid.com\/blog\/blog\/2009\/05\/26\/der-star-des-abends-il-divo-della-serata\/"},"author":{"name":"armin kobler","@id":"https:\/\/www.kobler-margreid.com\/blog\/#\/schema\/person\/fcca96145437484793adb0529dc48706"},"headline":"Der Star des Abends &#8211; Il divo della serata","datePublished":"2009-05-26T15:47:54+00:00","dateModified":"2009-11-11T18:08:07+00:00","mainEntityOfPage":{"@id":"https:\/\/www.kobler-margreid.com\/blog\/blog\/2009\/05\/26\/der-star-des-abends-il-divo-della-serata\/"},"wordCount":313,"commentCount":0,"publisher":{"@id":"https:\/\/www.kobler-margreid.com\/blog\/#\/schema\/person\/6a2290c17f680f59c1fa7e1c7a36df3a"},"image":{"@id":"https:\/\/www.kobler-margreid.com\/blog\/blog\/2009\/05\/26\/der-star-des-abends-il-divo-della-serata\/#primaryimage"},"thumbnailUrl":"http:\/\/www.kobler-margreid.com\/blog\/wp-content\/imagescaler\/5334f1ef5b33eb1b0fae80518e10bea2.jpg","keywords":["Evelyn Krezdorn-Puff","Konsumenten","Sigrid Haller","S\u00fcdtiroler Gew\u00fcrztraminer Feld","S\u00fcdtiroler Merlot Kretzer Kotzner"],"articleSection":["\u00d6ffentlichkeitsarbeit - Pubbliche relazioni","Weinkost - Degustazione"],"inLanguage":"de","potentialAction":[{"@type":"CommentAction","name":"Comment","target":["https:\/\/www.kobler-margreid.com\/blog\/blog\/2009\/05\/26\/der-star-des-abends-il-divo-della-serata\/#respond"]}]},{"@type":"WebPage","@id":"https:\/\/www.kobler-margreid.com\/blog\/blog\/2009\/05\/26\/der-star-des-abends-il-divo-della-serata\/","url":"https:\/\/www.kobler-margreid.com\/blog\/blog\/2009\/05\/26\/der-star-des-abends-il-divo-della-serata\/","name":"Der Star des Abends - Il divo della serata - weinhof KOBLER weblog","isPartOf":{"@id":"https:\/\/www.kobler-margreid.com\/blog\/#website"},"primaryImageOfPage":{"@id":"https:\/\/www.kobler-margreid.com\/blog\/blog\/2009\/05\/26\/der-star-des-abends-il-divo-della-serata\/#primaryimage"},"image":{"@id":"https:\/\/www.kobler-margreid.com\/blog\/blog\/2009\/05\/26\/der-star-des-abends-il-divo-della-serata\/#primaryimage"},"thumbnailUrl":"http:\/\/www.kobler-margreid.com\/blog\/wp-content\/imagescaler\/5334f1ef5b33eb1b0fae80518e10bea2.jpg","datePublished":"2009-05-26T15:47:54+00:00","dateModified":"2009-11-11T18:08:07+00:00","breadcrumb":{"@id":"https:\/\/www.kobler-margreid.com\/blog\/blog\/2009\/05\/26\/der-star-des-abends-il-divo-della-serata\/#breadcrumb"},"inLanguage":"de","potentialAction":[{"@type":"ReadAction","target":["https:\/\/www.kobler-margreid.com\/blog\/blog\/2009\/05\/26\/der-star-des-abends-il-divo-della-serata\/"]}]},{"@type":"ImageObject","inLanguage":"de","@id":"https:\/\/www.kobler-margreid.com\/blog\/blog\/2009\/05\/26\/der-star-des-abends-il-divo-della-serata\/#primaryimage","url":"https:\/\/www.kobler-margreid.com\/blog\/wp-content\/2009\/05\/taschen_kretzer.jpg","contentUrl":"https:\/\/www.kobler-margreid.com\/blog\/wp-content\/2009\/05\/taschen_kretzer.jpg","width":"1024","height":"768"},{"@type":"BreadcrumbList","@id":"https:\/\/www.kobler-margreid.com\/blog\/blog\/2009\/05\/26\/der-star-des-abends-il-divo-della-serata\/#breadcrumb","itemListElement":[{"@type":"ListItem","position":1,"name":"Startseite","item":"https:\/\/www.kobler-margreid.com\/blog\/"},{"@type":"ListItem","position":2,"name":"Der Star des Abends &#8211; Il divo della serata"}]},{"@type":"WebSite","@id":"https:\/\/www.kobler-margreid.com\/blog\/#website","url":"https:\/\/www.kobler-margreid.com\/blog\/","name":"weinhof KOBLER weblog","description":"dem wein ganz nah \u2013 all&#039;interno del vino","publisher":{"@id":"https:\/\/www.kobler-margreid.com\/blog\/#\/schema\/person\/6a2290c17f680f59c1fa7e1c7a36df3a"},"potentialAction":[{"@type":"SearchAction","target":{"@type":"EntryPoint","urlTemplate":"https:\/\/www.kobler-margreid.com\/blog\/?s={search_term_string}"},"query-input":{"@type":"PropertyValueSpecification","valueRequired":true,"valueName":"search_term_string"}}],"inLanguage":"de"},{"@type":["Person","Organization"],"@id":"https:\/\/www.kobler-margreid.com\/blog\/#\/schema\/person\/6a2290c17f680f59c1fa7e1c7a36df3a","name":"armin kobler","image":{"@type":"ImageObject","inLanguage":"de","@id":"https:\/\/www.kobler-margreid.com\/blog\/wp-content\/2023\/11\/2012-05-08_09-33-03a.jpg","url":"https:\/\/www.kobler-margreid.com\/blog\/wp-content\/2023\/11\/2012-05-08_09-33-03a.jpg","contentUrl":"https:\/\/www.kobler-margreid.com\/blog\/wp-content\/2023\/11\/2012-05-08_09-33-03a.jpg","width":1088,"height":1184,"caption":"armin kobler"},"logo":{"@id":"https:\/\/www.kobler-margreid.com\/blog\/wp-content\/2023\/11\/2012-05-08_09-33-03a.jpg"},"sameAs":["http:\/\/www.kobler-margreid.com","https:\/\/www.facebook.com\/armin.kobler\/"]},{"@type":"Person","@id":"https:\/\/www.kobler-margreid.com\/blog\/#\/schema\/person\/fcca96145437484793adb0529dc48706","name":"armin kobler","image":{"@type":"ImageObject","inLanguage":"de","@id":"https:\/\/secure.gravatar.com\/avatar\/7ed75d18f117c58598b89fcf3ec9fda3311f3fbda827ac1502944a0804d87b7f?s=96&d=mm&r=g","url":"https:\/\/secure.gravatar.com\/avatar\/7ed75d18f117c58598b89fcf3ec9fda3311f3fbda827ac1502944a0804d87b7f?s=96&d=mm&r=g","contentUrl":"https:\/\/secure.gravatar.com\/avatar\/7ed75d18f117c58598b89fcf3ec9fda3311f3fbda827ac1502944a0804d87b7f?s=96&d=mm&r=g","caption":"armin kobler"},"sameAs":["http:\/\/"],"url":"https:\/\/www.kobler-margreid.com\/blog\/blog\/author\/armin-kobler\/"}]}},"_links":{"self":[{"href":"https:\/\/www.kobler-margreid.com\/blog\/wp-json\/wp\/v2\/posts\/2019","targetHints":{"allow":["GET"]}}],"collection":[{"href":"https:\/\/www.kobler-margreid.com\/blog\/wp-json\/wp\/v2\/posts"}],"about":[{"href":"https:\/\/www.kobler-margreid.com\/blog\/wp-json\/wp\/v2\/types\/post"}],"author":[{"embeddable":true,"href":"https:\/\/www.kobler-margreid.com\/blog\/wp-json\/wp\/v2\/users\/6"}],"replies":[{"embeddable":true,"href":"https:\/\/www.kobler-margreid.com\/blog\/wp-json\/wp\/v2\/comments?post=2019"}],"version-history":[{"count":0,"href":"https:\/\/www.kobler-margreid.com\/blog\/wp-json\/wp\/v2\/posts\/2019\/revisions"}],"wp:attachment":[{"href":"https:\/\/www.kobler-margreid.com\/blog\/wp-json\/wp\/v2\/media?parent=2019"}],"wp:term":[{"taxonomy":"category","embeddable":true,"href":"https:\/\/www.kobler-margreid.com\/blog\/wp-json\/wp\/v2\/categories?post=2019"},{"taxonomy":"post_tag","embeddable":true,"href":"https:\/\/www.kobler-margreid.com\/blog\/wp-json\/wp\/v2\/tags?post=2019"}],"curies":[{"name":"wp","href":"https:\/\/api.w.org\/{rel}","templated":true}]}}