{"id":2153,"date":"2009-06-06T17:12:48","date_gmt":"2009-06-06T16:12:48","guid":{"rendered":"http:\/\/www.kobler-margreid.com\/blog\/?p=2153"},"modified":"2009-06-06T18:39:45","modified_gmt":"2009-06-06T17:39:45","slug":"wasser-ist-wichtig-lacqua-e-importante","status":"publish","type":"post","link":"https:\/\/www.kobler-margreid.com\/blog\/blog\/2009\/06\/06\/wasser-ist-wichtig-lacqua-e-importante\/","title":{"rendered":"Wasser ist wichtig &#8211; L&#8217;acqua \u00e8 importante"},"content":{"rendered":"<p><a href=\"http:\/\/www.provinz.bz.it\/hydro\/precipitazioni_d.asp\"><\/a><\/p>\n<p style=\"text-align: center;\"><a href=\"http:\/\/www.provinz.bz.it\/hydro\/precipitazioni_d.asp\"><img loading=\"lazy\" decoding=\"async\" class=\"size-full wp-image-2158 aligncenter\" style=\"border: 0pt none; margin: 0px;\" title=\"radarbild1\" src=\"http:\/\/www.kobler-margreid.com\/blog\/wp-content\/2009\/06\/radarbild1.jpg\" alt=\"radarbild1\" width=\"473\" height=\"384\" srcset=\"https:\/\/www.kobler-margreid.com\/blog\/wp-content\/2009\/06\/radarbild1.jpg 591w, https:\/\/www.kobler-margreid.com\/blog\/wp-content\/2009\/06\/radarbild1-300x243.jpg 300w\" sizes=\"auto, (max-width: 473px) 100vw, 473px\" \/><\/a><\/p>\n<p style=\"text-align: left;\">&#8230;aber muss es gerade heute den ganzen Tag regnen? Nat\u00fcrlich, wer Freiluftveranstaltungen plant, muss mit dem Allerschlimmsten, einer wetterbedingten Absage, auch rechnen. <a title=\"Weinhanderk 2009\" href=\"http:\/\/www.weinhandwerk.org\/deutsch\/2009\/2009.html\" target=\"_blank\">Weinhanderk in Margreid 2009<\/a> im Rahmen der <a title=\"S\u00fcdtiroler Weinstra\u00dfewochen\" href=\"http:\/\/www.suedtiroler-weinstrasse.it\/deutsch\/aktuelle-veranstaltungen\/suedtiroler-weinstrassenwochen.html\" target=\"_blank\">Weinstra\u00dfenwochen<\/a> ist buchst\u00e4blich ins Wasser gefallen. Viel Dorfbewohner haben es bedauert, die eingeladenen Handwerker und die anderen Mitwirkenden auch. Insofern kann meiner Meinung nach von einer Neuausgabe im n\u00e4chsten Jahr ausgegangen werden. Was den sogenannten Plan B angeht, werden wir \u00dcberlegungen anstellen m\u00fcssen. Zuviele eingesetzte Mittel sowie Vorbereitungszeit auch von Freiwilligen wird inzwischen investiert, um das Ganze einfach ersatzlos absagen zu m\u00fcssen.<\/p>\n<p style=\"text-align: left;\"><em>&#8230; per\u00f2 deve piovere in continuazione proprio oggi? Naturalmente, chi pianifica eventi a cielo aperto dovr\u00e0 considerare anche il peggiore dei casi, la disdetta per maltempo. A <a title=\"VinoArtigianto 2009\" href=\"http:\/\/www.weinhandwerk.org\/italiano\/2009\/2009.html\" target=\"_blank\">VinoArtigianto 2009 a Magr\u00e8<\/a> che fa parte di <a title=\"Vino in Festa 2009\" href=\"http:\/\/www.suedtiroler-weinstrasse.it\/italiano\/manifestazioni-attuali\/vino-in-festa.html\" target=\"_blank\">Vino in Festa 2009<\/a> \u00e8 successo proprio cos\u00ec. Molti abitanti del paese si sono espressi dispiaciuti, anche gli artigiani stessi ed altri collaboratori.\u00a0 A tale riguardo penso che la manifestazione sar\u00e0 ripetuta l&#8217;anno prossimo. Per quello che concerne il cos\u00ecdetto piano B, dovremo riflerttici sopra. Troppi mezzi ed ore impiegati anche da volontari vengono investiti ormai per dover disdire tutto senza evento sostitutivo.<\/em><\/p>\n<p style=\"text-align: center;\">\n","protected":false},"excerpt":{"rendered":"<p>&#8230;aber muss es gerade heute den ganzen Tag regnen? Nat\u00fcrlich, wer Freiluftveranstaltungen plant, muss mit dem Allerschlimmsten, einer wetterbedingten Absage, auch rechnen. Weinhanderk in Margreid 2009 im Rahmen der Weinstra\u00dfenwochen ist buchst\u00e4blich ins Wasser gefallen. Viel Dorfbewohner haben es bedauert, &hellip; <a href=\"https:\/\/www.kobler-margreid.com\/blog\/blog\/2009\/06\/06\/wasser-ist-wichtig-lacqua-e-importante\/\">Weiterlesen <span class=\"meta-nav\">&rarr;<\/span><\/a><\/p>\n","protected":false},"author":6,"featured_media":0,"comment_status":"open","ping_status":"open","sticky":false,"template":"","format":"standard","meta":{"ngg_post_thumbnail":0,"footnotes":"","_links_to":"","_links_to_target":""},"categories":[9],"tags":[372,92,432,431,430,80],"class_list":["post-2153","post","type-post","status-publish","format-standard","hentry","category-oeffentlichkeitsarbeit","tag-magre","tag-margreid","tag-vino-in-festa","tag-vinoartigianato","tag-weinhandwerk","tag-weinstrasenwochen"],"yoast_head":"<!-- This site is optimized with the Yoast SEO plugin v27.5 - https:\/\/yoast.com\/product\/yoast-seo-wordpress\/ -->\n<title>Wasser ist wichtig - L&#039;acqua \u00e8 importante - weinhof KOBLER weblog<\/title>\n<meta name=\"robots\" content=\"index, follow, max-snippet:-1, max-image-preview:large, max-video-preview:-1\" \/>\n<link rel=\"canonical\" href=\"https:\/\/www.kobler-margreid.com\/blog\/blog\/2009\/06\/06\/wasser-ist-wichtig-lacqua-e-importante\/\" \/>\n<meta property=\"og:locale\" content=\"de_DE\" \/>\n<meta property=\"og:type\" content=\"article\" \/>\n<meta property=\"og:title\" content=\"Wasser ist wichtig - L&#039;acqua \u00e8 importante - weinhof KOBLER weblog\" \/>\n<meta property=\"og:description\" content=\"&#8230;aber muss es gerade heute den ganzen Tag regnen? Nat\u00fcrlich, wer Freiluftveranstaltungen plant, muss mit dem Allerschlimmsten, einer wetterbedingten Absage, auch rechnen. Weinhanderk in Margreid 2009 im Rahmen der Weinstra\u00dfenwochen ist buchst\u00e4blich ins Wasser gefallen. Viel Dorfbewohner haben es bedauert, &hellip; Weiterlesen &rarr;\" \/>\n<meta property=\"og:url\" content=\"https:\/\/www.kobler-margreid.com\/blog\/blog\/2009\/06\/06\/wasser-ist-wichtig-lacqua-e-importante\/\" \/>\n<meta property=\"og:site_name\" content=\"weinhof KOBLER weblog\" \/>\n<meta property=\"article:publisher\" content=\"https:\/\/www.facebook.com\/armin.kobler\/\" \/>\n<meta property=\"article:published_time\" content=\"2009-06-06T16:12:48+00:00\" \/>\n<meta property=\"article:modified_time\" content=\"2009-06-06T17:39:45+00:00\" \/>\n<meta property=\"og:image\" content=\"http:\/\/www.kobler-margreid.com\/blog\/wp-content\/2009\/06\/radarbild1.jpg\" \/>\n<meta name=\"author\" content=\"armin kobler\" \/>\n<meta name=\"twitter:card\" content=\"summary_large_image\" \/>\n<meta name=\"twitter:label1\" content=\"Verfasst von\" \/>\n\t<meta name=\"twitter:data1\" content=\"armin kobler\" \/>\n\t<meta name=\"twitter:label2\" content=\"Gesch\u00e4tzte Lesezeit\" \/>\n\t<meta name=\"twitter:data2\" content=\"1\u00a0Minute\" \/>\n<script type=\"application\/ld+json\" class=\"yoast-schema-graph\">{\"@context\":\"https:\\\/\\\/schema.org\",\"@graph\":[{\"@type\":\"Article\",\"@id\":\"https:\\\/\\\/www.kobler-margreid.com\\\/blog\\\/blog\\\/2009\\\/06\\\/06\\\/wasser-ist-wichtig-lacqua-e-importante\\\/#article\",\"isPartOf\":{\"@id\":\"https:\\\/\\\/www.kobler-margreid.com\\\/blog\\\/blog\\\/2009\\\/06\\\/06\\\/wasser-ist-wichtig-lacqua-e-importante\\\/\"},\"author\":{\"name\":\"armin kobler\",\"@id\":\"https:\\\/\\\/www.kobler-margreid.com\\\/blog\\\/#\\\/schema\\\/person\\\/fcca96145437484793adb0529dc48706\"},\"headline\":\"Wasser ist wichtig &#8211; L&#8217;acqua \u00e8 importante\",\"datePublished\":\"2009-06-06T16:12:48+00:00\",\"dateModified\":\"2009-06-06T17:39:45+00:00\",\"mainEntityOfPage\":{\"@id\":\"https:\\\/\\\/www.kobler-margreid.com\\\/blog\\\/blog\\\/2009\\\/06\\\/06\\\/wasser-ist-wichtig-lacqua-e-importante\\\/\"},\"wordCount\":197,\"commentCount\":1,\"publisher\":{\"@id\":\"https:\\\/\\\/www.kobler-margreid.com\\\/blog\\\/#\\\/schema\\\/person\\\/6a2290c17f680f59c1fa7e1c7a36df3a\"},\"image\":{\"@id\":\"https:\\\/\\\/www.kobler-margreid.com\\\/blog\\\/blog\\\/2009\\\/06\\\/06\\\/wasser-ist-wichtig-lacqua-e-importante\\\/#primaryimage\"},\"thumbnailUrl\":\"http:\\\/\\\/www.kobler-margreid.com\\\/blog\\\/wp-content\\\/2009\\\/06\\\/radarbild1.jpg\",\"keywords\":[\"Magr\u00e8\",\"Margreid\",\"Vino in Festa\",\"VinoArtigianato\",\"WeinHandwerk\",\"Weinstra\u00dfenwochen\"],\"articleSection\":[\"\u00d6ffentlichkeitsarbeit - Pubbliche relazioni\"],\"inLanguage\":\"de\",\"potentialAction\":[{\"@type\":\"CommentAction\",\"name\":\"Comment\",\"target\":[\"https:\\\/\\\/www.kobler-margreid.com\\\/blog\\\/blog\\\/2009\\\/06\\\/06\\\/wasser-ist-wichtig-lacqua-e-importante\\\/#respond\"]}]},{\"@type\":\"WebPage\",\"@id\":\"https:\\\/\\\/www.kobler-margreid.com\\\/blog\\\/blog\\\/2009\\\/06\\\/06\\\/wasser-ist-wichtig-lacqua-e-importante\\\/\",\"url\":\"https:\\\/\\\/www.kobler-margreid.com\\\/blog\\\/blog\\\/2009\\\/06\\\/06\\\/wasser-ist-wichtig-lacqua-e-importante\\\/\",\"name\":\"Wasser ist wichtig - L'acqua \u00e8 importante - weinhof KOBLER weblog\",\"isPartOf\":{\"@id\":\"https:\\\/\\\/www.kobler-margreid.com\\\/blog\\\/#website\"},\"primaryImageOfPage\":{\"@id\":\"https:\\\/\\\/www.kobler-margreid.com\\\/blog\\\/blog\\\/2009\\\/06\\\/06\\\/wasser-ist-wichtig-lacqua-e-importante\\\/#primaryimage\"},\"image\":{\"@id\":\"https:\\\/\\\/www.kobler-margreid.com\\\/blog\\\/blog\\\/2009\\\/06\\\/06\\\/wasser-ist-wichtig-lacqua-e-importante\\\/#primaryimage\"},\"thumbnailUrl\":\"http:\\\/\\\/www.kobler-margreid.com\\\/blog\\\/wp-content\\\/2009\\\/06\\\/radarbild1.jpg\",\"datePublished\":\"2009-06-06T16:12:48+00:00\",\"dateModified\":\"2009-06-06T17:39:45+00:00\",\"breadcrumb\":{\"@id\":\"https:\\\/\\\/www.kobler-margreid.com\\\/blog\\\/blog\\\/2009\\\/06\\\/06\\\/wasser-ist-wichtig-lacqua-e-importante\\\/#breadcrumb\"},\"inLanguage\":\"de\",\"potentialAction\":[{\"@type\":\"ReadAction\",\"target\":[\"https:\\\/\\\/www.kobler-margreid.com\\\/blog\\\/blog\\\/2009\\\/06\\\/06\\\/wasser-ist-wichtig-lacqua-e-importante\\\/\"]}]},{\"@type\":\"ImageObject\",\"inLanguage\":\"de\",\"@id\":\"https:\\\/\\\/www.kobler-margreid.com\\\/blog\\\/blog\\\/2009\\\/06\\\/06\\\/wasser-ist-wichtig-lacqua-e-importante\\\/#primaryimage\",\"url\":\"https:\\\/\\\/www.kobler-margreid.com\\\/blog\\\/wp-content\\\/2009\\\/06\\\/radarbild1.jpg\",\"contentUrl\":\"https:\\\/\\\/www.kobler-margreid.com\\\/blog\\\/wp-content\\\/2009\\\/06\\\/radarbild1.jpg\",\"width\":\"591\",\"height\":\"480\"},{\"@type\":\"BreadcrumbList\",\"@id\":\"https:\\\/\\\/www.kobler-margreid.com\\\/blog\\\/blog\\\/2009\\\/06\\\/06\\\/wasser-ist-wichtig-lacqua-e-importante\\\/#breadcrumb\",\"itemListElement\":[{\"@type\":\"ListItem\",\"position\":1,\"name\":\"Startseite\",\"item\":\"https:\\\/\\\/www.kobler-margreid.com\\\/blog\\\/\"},{\"@type\":\"ListItem\",\"position\":2,\"name\":\"Wasser ist wichtig &#8211; L&#8217;acqua \u00e8 importante\"}]},{\"@type\":\"WebSite\",\"@id\":\"https:\\\/\\\/www.kobler-margreid.com\\\/blog\\\/#website\",\"url\":\"https:\\\/\\\/www.kobler-margreid.com\\\/blog\\\/\",\"name\":\"weinhof KOBLER weblog\",\"description\":\"dem wein ganz nah \u2013 all&#039;interno del vino\",\"publisher\":{\"@id\":\"https:\\\/\\\/www.kobler-margreid.com\\\/blog\\\/#\\\/schema\\\/person\\\/6a2290c17f680f59c1fa7e1c7a36df3a\"},\"potentialAction\":[{\"@type\":\"SearchAction\",\"target\":{\"@type\":\"EntryPoint\",\"urlTemplate\":\"https:\\\/\\\/www.kobler-margreid.com\\\/blog\\\/?s={search_term_string}\"},\"query-input\":{\"@type\":\"PropertyValueSpecification\",\"valueRequired\":true,\"valueName\":\"search_term_string\"}}],\"inLanguage\":\"de\"},{\"@type\":[\"Person\",\"Organization\"],\"@id\":\"https:\\\/\\\/www.kobler-margreid.com\\\/blog\\\/#\\\/schema\\\/person\\\/6a2290c17f680f59c1fa7e1c7a36df3a\",\"name\":\"armin kobler\",\"image\":{\"@type\":\"ImageObject\",\"inLanguage\":\"de\",\"@id\":\"https:\\\/\\\/www.kobler-margreid.com\\\/blog\\\/wp-content\\\/2023\\\/11\\\/2012-05-08_09-33-03a.jpg\",\"url\":\"https:\\\/\\\/www.kobler-margreid.com\\\/blog\\\/wp-content\\\/2023\\\/11\\\/2012-05-08_09-33-03a.jpg\",\"contentUrl\":\"https:\\\/\\\/www.kobler-margreid.com\\\/blog\\\/wp-content\\\/2023\\\/11\\\/2012-05-08_09-33-03a.jpg\",\"width\":1088,\"height\":1184,\"caption\":\"armin kobler\"},\"logo\":{\"@id\":\"https:\\\/\\\/www.kobler-margreid.com\\\/blog\\\/wp-content\\\/2023\\\/11\\\/2012-05-08_09-33-03a.jpg\"},\"sameAs\":[\"http:\\\/\\\/www.kobler-margreid.com\",\"https:\\\/\\\/www.facebook.com\\\/armin.kobler\\\/\"]},{\"@type\":\"Person\",\"@id\":\"https:\\\/\\\/www.kobler-margreid.com\\\/blog\\\/#\\\/schema\\\/person\\\/fcca96145437484793adb0529dc48706\",\"name\":\"armin kobler\",\"image\":{\"@type\":\"ImageObject\",\"inLanguage\":\"de\",\"@id\":\"https:\\\/\\\/secure.gravatar.com\\\/avatar\\\/7ed75d18f117c58598b89fcf3ec9fda3311f3fbda827ac1502944a0804d87b7f?s=96&d=mm&r=g\",\"url\":\"https:\\\/\\\/secure.gravatar.com\\\/avatar\\\/7ed75d18f117c58598b89fcf3ec9fda3311f3fbda827ac1502944a0804d87b7f?s=96&d=mm&r=g\",\"contentUrl\":\"https:\\\/\\\/secure.gravatar.com\\\/avatar\\\/7ed75d18f117c58598b89fcf3ec9fda3311f3fbda827ac1502944a0804d87b7f?s=96&d=mm&r=g\",\"caption\":\"armin kobler\"},\"sameAs\":[\"http:\\\/\\\/\"],\"url\":\"https:\\\/\\\/www.kobler-margreid.com\\\/blog\\\/blog\\\/author\\\/armin-kobler\\\/\"}]}<\/script>\n<!-- \/ Yoast SEO plugin. -->","yoast_head_json":{"title":"Wasser ist wichtig - L'acqua \u00e8 importante - weinhof KOBLER weblog","robots":{"index":"index","follow":"follow","max-snippet":"max-snippet:-1","max-image-preview":"max-image-preview:large","max-video-preview":"max-video-preview:-1"},"canonical":"https:\/\/www.kobler-margreid.com\/blog\/blog\/2009\/06\/06\/wasser-ist-wichtig-lacqua-e-importante\/","og_locale":"de_DE","og_type":"article","og_title":"Wasser ist wichtig - L'acqua \u00e8 importante - weinhof KOBLER weblog","og_description":"&#8230;aber muss es gerade heute den ganzen Tag regnen? Nat\u00fcrlich, wer Freiluftveranstaltungen plant, muss mit dem Allerschlimmsten, einer wetterbedingten Absage, auch rechnen. Weinhanderk in Margreid 2009 im Rahmen der Weinstra\u00dfenwochen ist buchst\u00e4blich ins Wasser gefallen. Viel Dorfbewohner haben es bedauert, &hellip; Weiterlesen &rarr;","og_url":"https:\/\/www.kobler-margreid.com\/blog\/blog\/2009\/06\/06\/wasser-ist-wichtig-lacqua-e-importante\/","og_site_name":"weinhof KOBLER weblog","article_publisher":"https:\/\/www.facebook.com\/armin.kobler\/","article_published_time":"2009-06-06T16:12:48+00:00","article_modified_time":"2009-06-06T17:39:45+00:00","og_image":[{"url":"http:\/\/www.kobler-margreid.com\/blog\/wp-content\/2009\/06\/radarbild1.jpg","type":"","width":"","height":""}],"author":"armin kobler","twitter_card":"summary_large_image","twitter_misc":{"Verfasst von":"armin kobler","Gesch\u00e4tzte Lesezeit":"1\u00a0Minute"},"schema":{"@context":"https:\/\/schema.org","@graph":[{"@type":"Article","@id":"https:\/\/www.kobler-margreid.com\/blog\/blog\/2009\/06\/06\/wasser-ist-wichtig-lacqua-e-importante\/#article","isPartOf":{"@id":"https:\/\/www.kobler-margreid.com\/blog\/blog\/2009\/06\/06\/wasser-ist-wichtig-lacqua-e-importante\/"},"author":{"name":"armin kobler","@id":"https:\/\/www.kobler-margreid.com\/blog\/#\/schema\/person\/fcca96145437484793adb0529dc48706"},"headline":"Wasser ist wichtig &#8211; L&#8217;acqua \u00e8 importante","datePublished":"2009-06-06T16:12:48+00:00","dateModified":"2009-06-06T17:39:45+00:00","mainEntityOfPage":{"@id":"https:\/\/www.kobler-margreid.com\/blog\/blog\/2009\/06\/06\/wasser-ist-wichtig-lacqua-e-importante\/"},"wordCount":197,"commentCount":1,"publisher":{"@id":"https:\/\/www.kobler-margreid.com\/blog\/#\/schema\/person\/6a2290c17f680f59c1fa7e1c7a36df3a"},"image":{"@id":"https:\/\/www.kobler-margreid.com\/blog\/blog\/2009\/06\/06\/wasser-ist-wichtig-lacqua-e-importante\/#primaryimage"},"thumbnailUrl":"http:\/\/www.kobler-margreid.com\/blog\/wp-content\/2009\/06\/radarbild1.jpg","keywords":["Magr\u00e8","Margreid","Vino in Festa","VinoArtigianato","WeinHandwerk","Weinstra\u00dfenwochen"],"articleSection":["\u00d6ffentlichkeitsarbeit - Pubbliche relazioni"],"inLanguage":"de","potentialAction":[{"@type":"CommentAction","name":"Comment","target":["https:\/\/www.kobler-margreid.com\/blog\/blog\/2009\/06\/06\/wasser-ist-wichtig-lacqua-e-importante\/#respond"]}]},{"@type":"WebPage","@id":"https:\/\/www.kobler-margreid.com\/blog\/blog\/2009\/06\/06\/wasser-ist-wichtig-lacqua-e-importante\/","url":"https:\/\/www.kobler-margreid.com\/blog\/blog\/2009\/06\/06\/wasser-ist-wichtig-lacqua-e-importante\/","name":"Wasser ist wichtig - L'acqua \u00e8 importante - weinhof KOBLER weblog","isPartOf":{"@id":"https:\/\/www.kobler-margreid.com\/blog\/#website"},"primaryImageOfPage":{"@id":"https:\/\/www.kobler-margreid.com\/blog\/blog\/2009\/06\/06\/wasser-ist-wichtig-lacqua-e-importante\/#primaryimage"},"image":{"@id":"https:\/\/www.kobler-margreid.com\/blog\/blog\/2009\/06\/06\/wasser-ist-wichtig-lacqua-e-importante\/#primaryimage"},"thumbnailUrl":"http:\/\/www.kobler-margreid.com\/blog\/wp-content\/2009\/06\/radarbild1.jpg","datePublished":"2009-06-06T16:12:48+00:00","dateModified":"2009-06-06T17:39:45+00:00","breadcrumb":{"@id":"https:\/\/www.kobler-margreid.com\/blog\/blog\/2009\/06\/06\/wasser-ist-wichtig-lacqua-e-importante\/#breadcrumb"},"inLanguage":"de","potentialAction":[{"@type":"ReadAction","target":["https:\/\/www.kobler-margreid.com\/blog\/blog\/2009\/06\/06\/wasser-ist-wichtig-lacqua-e-importante\/"]}]},{"@type":"ImageObject","inLanguage":"de","@id":"https:\/\/www.kobler-margreid.com\/blog\/blog\/2009\/06\/06\/wasser-ist-wichtig-lacqua-e-importante\/#primaryimage","url":"https:\/\/www.kobler-margreid.com\/blog\/wp-content\/2009\/06\/radarbild1.jpg","contentUrl":"https:\/\/www.kobler-margreid.com\/blog\/wp-content\/2009\/06\/radarbild1.jpg","width":"591","height":"480"},{"@type":"BreadcrumbList","@id":"https:\/\/www.kobler-margreid.com\/blog\/blog\/2009\/06\/06\/wasser-ist-wichtig-lacqua-e-importante\/#breadcrumb","itemListElement":[{"@type":"ListItem","position":1,"name":"Startseite","item":"https:\/\/www.kobler-margreid.com\/blog\/"},{"@type":"ListItem","position":2,"name":"Wasser ist wichtig &#8211; L&#8217;acqua \u00e8 importante"}]},{"@type":"WebSite","@id":"https:\/\/www.kobler-margreid.com\/blog\/#website","url":"https:\/\/www.kobler-margreid.com\/blog\/","name":"weinhof KOBLER weblog","description":"dem wein ganz nah \u2013 all&#039;interno del vino","publisher":{"@id":"https:\/\/www.kobler-margreid.com\/blog\/#\/schema\/person\/6a2290c17f680f59c1fa7e1c7a36df3a"},"potentialAction":[{"@type":"SearchAction","target":{"@type":"EntryPoint","urlTemplate":"https:\/\/www.kobler-margreid.com\/blog\/?s={search_term_string}"},"query-input":{"@type":"PropertyValueSpecification","valueRequired":true,"valueName":"search_term_string"}}],"inLanguage":"de"},{"@type":["Person","Organization"],"@id":"https:\/\/www.kobler-margreid.com\/blog\/#\/schema\/person\/6a2290c17f680f59c1fa7e1c7a36df3a","name":"armin kobler","image":{"@type":"ImageObject","inLanguage":"de","@id":"https:\/\/www.kobler-margreid.com\/blog\/wp-content\/2023\/11\/2012-05-08_09-33-03a.jpg","url":"https:\/\/www.kobler-margreid.com\/blog\/wp-content\/2023\/11\/2012-05-08_09-33-03a.jpg","contentUrl":"https:\/\/www.kobler-margreid.com\/blog\/wp-content\/2023\/11\/2012-05-08_09-33-03a.jpg","width":1088,"height":1184,"caption":"armin kobler"},"logo":{"@id":"https:\/\/www.kobler-margreid.com\/blog\/wp-content\/2023\/11\/2012-05-08_09-33-03a.jpg"},"sameAs":["http:\/\/www.kobler-margreid.com","https:\/\/www.facebook.com\/armin.kobler\/"]},{"@type":"Person","@id":"https:\/\/www.kobler-margreid.com\/blog\/#\/schema\/person\/fcca96145437484793adb0529dc48706","name":"armin kobler","image":{"@type":"ImageObject","inLanguage":"de","@id":"https:\/\/secure.gravatar.com\/avatar\/7ed75d18f117c58598b89fcf3ec9fda3311f3fbda827ac1502944a0804d87b7f?s=96&d=mm&r=g","url":"https:\/\/secure.gravatar.com\/avatar\/7ed75d18f117c58598b89fcf3ec9fda3311f3fbda827ac1502944a0804d87b7f?s=96&d=mm&r=g","contentUrl":"https:\/\/secure.gravatar.com\/avatar\/7ed75d18f117c58598b89fcf3ec9fda3311f3fbda827ac1502944a0804d87b7f?s=96&d=mm&r=g","caption":"armin kobler"},"sameAs":["http:\/\/"],"url":"https:\/\/www.kobler-margreid.com\/blog\/blog\/author\/armin-kobler\/"}]}},"_links":{"self":[{"href":"https:\/\/www.kobler-margreid.com\/blog\/wp-json\/wp\/v2\/posts\/2153","targetHints":{"allow":["GET"]}}],"collection":[{"href":"https:\/\/www.kobler-margreid.com\/blog\/wp-json\/wp\/v2\/posts"}],"about":[{"href":"https:\/\/www.kobler-margreid.com\/blog\/wp-json\/wp\/v2\/types\/post"}],"author":[{"embeddable":true,"href":"https:\/\/www.kobler-margreid.com\/blog\/wp-json\/wp\/v2\/users\/6"}],"replies":[{"embeddable":true,"href":"https:\/\/www.kobler-margreid.com\/blog\/wp-json\/wp\/v2\/comments?post=2153"}],"version-history":[{"count":0,"href":"https:\/\/www.kobler-margreid.com\/blog\/wp-json\/wp\/v2\/posts\/2153\/revisions"}],"wp:attachment":[{"href":"https:\/\/www.kobler-margreid.com\/blog\/wp-json\/wp\/v2\/media?parent=2153"}],"wp:term":[{"taxonomy":"category","embeddable":true,"href":"https:\/\/www.kobler-margreid.com\/blog\/wp-json\/wp\/v2\/categories?post=2153"},{"taxonomy":"post_tag","embeddable":true,"href":"https:\/\/www.kobler-margreid.com\/blog\/wp-json\/wp\/v2\/tags?post=2153"}],"curies":[{"name":"wp","href":"https:\/\/api.w.org\/{rel}","templated":true}]}}