{"id":2230,"date":"2009-06-16T22:53:07","date_gmt":"2009-06-16T21:53:07","guid":{"rendered":"http:\/\/www.kobler-margreid.com\/blog\/?p=2230"},"modified":"2009-06-19T09:41:39","modified_gmt":"2009-06-19T08:41:39","slug":"terroir-vino-2009","status":"publish","type":"post","link":"https:\/\/www.kobler-margreid.com\/blog\/blog\/2009\/06\/16\/terroir-vino-2009\/","title":{"rendered":"Terroir Vino 2009"},"content":{"rendered":"<p style=\"text-align: center;\"><a href=\"http:\/\/www.kobler-margreid.com\/blog\/wp-content\/2009\/06\/2009-06-15_12-22-201.jpg\" rel=\"lightbox[2230]\"><img loading=\"lazy\" decoding=\"async\" class=\"float center aligncenter size-full wp-image-2234\" style=\"border: 0pt none; margin: 0px;\" title=\"2009-06-15_12-22-201\" src=\"http:\/\/www.kobler-margreid.com\/blog\/wp-content\/2009\/06\/2009-06-15_12-22-201.jpg\" alt=\"2009-06-15_12-22-201\" width=\"528\" height=\"396\" srcset=\"https:\/\/www.kobler-margreid.com\/blog\/wp-content\/2009\/06\/2009-06-15_12-22-201.jpg 800w, https:\/\/www.kobler-margreid.com\/blog\/wp-content\/2009\/06\/2009-06-15_12-22-201-300x225.jpg 300w\" sizes=\"auto, (max-width: 528px) 100vw, 528px\" \/><\/a><\/p>\n<p style=\"text-align: left;\">Zusammen mit den <a title=\"Freie Weinbauern S\u00fcdtirol\" href=\"http:\/\/www.fws.it\" target=\"_blank\">Freien Weinbauern<\/a> Andreas Berger (<a title=\"Thurnhof\" href=\"http:\/\/www.thurnhof.com\/\" target=\"_blank\">Thurnhof<\/a>), Florian Hilpold (<a title=\"FWS: Villscheiderhof\" href=\"http:\/\/www.fws.it\/mitglieder-weingueter-suedtirol\/villscheiderhof.shtml\" target=\"_blank\">Villscheiderhof<\/a>), Elda und Heinrich Mayr (<a title=\"FWS: Nusserhof\" href=\"http:\/\/www.fws.it\/mitglieder-weingueter-suedtirol\/nusserhof.shtml\" target=\"_blank\">Nusserhof<\/a>) und Kurt Rottensteiner (<a title=\"Brunnenhof\" href=\"http:\/\/www.brunnenhof-mazzon.it\/\" target=\"_blank\">Brunnenhof<\/a>) besuchten wir das erste Mal die vorbildlich organisierte Veranstaltung <a title=\"Terroir Vino\" href=\"http:\/\/www.terroirvino.it\" target=\"_blank\">Terroir Vino<\/a> im Palazzo Ducale von Genua. \u00dcber diese\u00a0 f\u00fcnfte von <a title=\"Tigulliovino: Filippo ronco\" href=\"http:\/\/www.tigulliovino.it\/vino\/commissione_filippo.htm\" target=\"_blank\">Filippo Ronco<\/a> aufgezogene Veranstaltung m\u00f6chte ich mich nicht weiter \u00e4u\u00dfern, dar\u00fcber wurde schon an anderer Stelle (<a title=\"Vinix: Il mio Terroir vino\" href=\"http:\/\/www.vinix.it\/myDocDetail.php?ID=2973\" target=\"_blank\">1<\/a>, <a title=\"Vinix: terroir vino: grazie\" href=\"http:\/\/www.vinix.it\/myDocDetail.php?ID=2969\" target=\"_blank\">2<\/a>, <a title=\"Vinix: Vini, Volti e Voci...a Genova!\" href=\"http:\/\/www.vinix.it\/myDocDetail.php?ID=2967\" target=\"_blank\">3<\/a>, <a title=\"Aristide: Terroir Vino &amp; Vinix Unplugged, a Genova\" href=\"http:\/\/www.aristide.biz\/2009\/06\/terroir-vino.html\" target=\"_blank\">4<\/a>, <a title=\"Vinopigro: Terroir Vino: l'esperienza (umana)\" href=\"http:\/\/www.tigulliovino.it\/vinopigro\/2009\/06\/terroir_vino_lesperienza.html\" target=\"_blank\">5<\/a>, <a title=\"Vinix: My Terroir Vino 2009\" href=\"http:\/\/www.vinix.it\/myDocDetail.php?ID=2983\" target=\"_blank\">6,<\/a> <a title=\"Vinix: Terroir Vino - Ma da bere?\" href=\"http:\/\/www.vinix.it\/myDocDetail.php?ID=2978\" target=\"_blank\">7<\/a>, <a title=\"Vinix: Terroir Vino, atmosfera alternativa\" href=\"http:\/\/www.vinix.it\/myDocDetail.php?ID=2977\" target=\"_blank\">8<\/a>) entweder als Beitrag oder Kommentar umfassend berichtet.<\/p>\n<p style=\"text-align: left;\"><em>Insieme agli altri vignaioli sudtirolesi Andreas Berger (<a title=\"Thurnhof\" href=\"http:\/\/www.thurnhof.com\/\" target=\"_blank\">Thurnhof<\/a>), Florian Hilpold (<a title=\"FWS: Villscheiderhof\" href=\"http:\/\/www.fws.it\/associati-az-agr-vitivinicole-alto-adige\/villscheiderhof.shtml\" target=\"_blank\">Villscheiderhof<\/a>), Elda e Heinrich Mayr (<a title=\"FWS: Nusserhof\" href=\"http:\/\/www.fws.it\/associati-az-agr-vitivinicole-alto-adige\/nusserhof.shtml\" target=\"_blank\">Nusserhof<\/a>) e Kurt Rottensteiner (<a title=\"Brunnenhof\" href=\"http:\/\/www.brunnenhof-mazzon.it\/\" target=\"_blank\">Brunnenhof<\/a>) abbiamo partecipato la prima volta all&#8217;evento <a title=\"Terroir Vino\" href=\"http:\/\/www.terroirvino.it\" target=\"_blank\">Terroir Vino<\/a>, organizzato impeccabilmente nel Palazzo Ducale di Genova. Non voglio esprimermi anch&#8217;io su questa quinta presentazione di <a title=\"Tigulliovino: Filippo ronco\" href=\"http:\/\/www.tigulliovino.it\/vino\/commissione_filippo.htm\" target=\"_blank\">Filippo Ronco<\/a><\/em><em> in quanto altri (<a title=\"Vinix: Il mio Terroir vino\" href=\"http:\/\/www.vinix.it\/myDocDetail.php?ID=2973\" target=\"_blank\">1<\/a>, <a title=\"Vinix: terroir vino: grazie\" href=\"http:\/\/www.vinix.it\/myDocDetail.php?ID=2969\" target=\"_blank\">2<\/a>, <a title=\"Vinix: Vini, Volti e Voci...a Genova!\" href=\"http:\/\/www.vinix.it\/myDocDetail.php?ID=2967\" target=\"_blank\">3<\/a>, <a title=\"Aristide: Terroir Vino &amp; Vinix Unplugged, a Genova\" href=\"http:\/\/www.aristide.biz\/2009\/06\/terroir-vino.html\" target=\"_blank\">4<\/a>, <a title=\"Vinopigro: Terroir Vino: l'esperienza (umana)\" href=\"http:\/\/www.tigulliovino.it\/vinopigro\/2009\/06\/terroir_vino_lesperienza.html\" target=\"_blank\">5<\/a>, <a title=\"Vinix: My Terroir Vino 2009\" href=\"http:\/\/www.vinix.it\/myDocDetail.php?ID=2983\" target=\"_blank\">6,<\/a> <a title=\"Vinix: Terroir Vino - Ma da bere?\" href=\"http:\/\/www.vinix.it\/myDocDetail.php?ID=2978\" target=\"_blank\">7<\/a>, <a title=\"Vinix: Terroir Vino, atmosfera alternativa\" href=\"http:\/\/www.vinix.it\/myDocDetail.php?ID=2977\" target=\"_blank\">8<\/a>)<\/em><em> lo hanno gi\u00e0 fatto in modo esauriente tramite post e commenti.<\/em><\/p>\n<p style=\"text-align: left;\"><!--more--><\/p>\n<p style=\"text-align: left;\">\n<p style=\"text-align: left;\">Ich bin zus\u00e4tzlich der Meinung, dass sich diese Weinpr\u00e4sentation mehr Aufmerksamkeit von Seiten der Importeure italienischer Weine verdienen w\u00fcrde. Die 128 Aussteller, welche alle schon wegen der Vordegustation qualitativ hochwertig sind, decken n\u00e4mlich so ziemlich alle Weinbauregionen der Halbinsel ab. Da sie mehrheitlich nicht unbedingt sehr bekannt sind, bieten sie zudem Weine mit einem gr\u00f6\u00dftenteils sehr interessanten Preis-Leistungsverh\u00e4ltnis an. Die Veranstaltung kann man deshalb f\u00fcr ausl\u00e4ndische Buyer durchwegs als einen Geheimtip einstufen.<\/p>\n<p style=\"text-align: left;\"><em>Io sono inoltre dell&#8217;opinione che questo evento si meriterebbe pi\u00f9 attenzione da parte degli importatori di vini italiani. I 128 espositori che sono di qualit\u00e0 superiore anche per la selezione fatta a monte attraverso degustazioni, rappresentano pi\u00f9 o meno tutte le regioni viticole della penisola. Siccome non tutte sono molto conosciute, queste offrono vini con <\/em><em> tra l&#8217;altro <\/em><em>un rapporto qualit\u00e0 prezzo molto interessante. La mostra si pu\u00f2 inquadrare per questo a tutti gli effetti come un consiglio  da esperto per i buyer stranieri.<\/em><\/p>\n<p style=\"text-align: left;\">\n<p style=\"text-align: left;\">\n<p style=\"text-align: left;\">\n<p style=\"text-align: left;\">ngg_shortcode_0_placeholder<\/p>\n","protected":false},"excerpt":{"rendered":"<p>Zusammen mit den Freien Weinbauern Andreas Berger (Thurnhof), Florian Hilpold (Villscheiderhof), Elda und Heinrich Mayr (Nusserhof) und Kurt Rottensteiner (Brunnenhof) besuchten wir das erste Mal die vorbildlich organisierte Veranstaltung Terroir Vino im Palazzo Ducale von Genua. \u00dcber diese\u00a0 f\u00fcnfte von &hellip; <a href=\"https:\/\/www.kobler-margreid.com\/blog\/blog\/2009\/06\/16\/terroir-vino-2009\/\">Weiterlesen <span class=\"meta-nav\">&rarr;<\/span><\/a><\/p>\n","protected":false},"author":6,"featured_media":0,"comment_status":"open","ping_status":"open","sticky":false,"template":"","format":"standard","meta":{"ngg_post_thumbnail":0,"footnotes":"","_links_to":"","_links_to_target":""},"categories":[9],"tags":[441,440,442,443,225,439],"class_list":["post-2230","post","type-post","status-publish","format-standard","hentry","category-oeffentlichkeitsarbeit","tag-andreas-berger","tag-filippo-ronco","tag-florian-hilpold","tag-heinrich-mayr","tag-kurt-rottensteiner","tag-terroir-vino-2009"],"yoast_head":"<!-- This site is optimized with the Yoast SEO plugin v27.5 - https:\/\/yoast.com\/product\/yoast-seo-wordpress\/ -->\n<title>Terroir Vino 2009 - weinhof KOBLER weblog<\/title>\n<meta name=\"robots\" content=\"index, follow, max-snippet:-1, max-image-preview:large, max-video-preview:-1\" \/>\n<link rel=\"canonical\" href=\"https:\/\/www.kobler-margreid.com\/blog\/blog\/2009\/06\/16\/terroir-vino-2009\/\" \/>\n<meta property=\"og:locale\" content=\"de_DE\" \/>\n<meta property=\"og:type\" content=\"article\" \/>\n<meta property=\"og:title\" content=\"Terroir Vino 2009 - weinhof KOBLER weblog\" \/>\n<meta property=\"og:description\" content=\"Zusammen mit den Freien Weinbauern Andreas Berger (Thurnhof), Florian Hilpold (Villscheiderhof), Elda und Heinrich Mayr (Nusserhof) und Kurt Rottensteiner (Brunnenhof) besuchten wir das erste Mal die vorbildlich organisierte Veranstaltung Terroir Vino im Palazzo Ducale von Genua. \u00dcber diese\u00a0 f\u00fcnfte von &hellip; Weiterlesen &rarr;\" \/>\n<meta property=\"og:url\" content=\"https:\/\/www.kobler-margreid.com\/blog\/blog\/2009\/06\/16\/terroir-vino-2009\/\" \/>\n<meta property=\"og:site_name\" content=\"weinhof KOBLER weblog\" \/>\n<meta property=\"article:publisher\" content=\"https:\/\/www.facebook.com\/armin.kobler\/\" \/>\n<meta property=\"article:published_time\" content=\"2009-06-16T21:53:07+00:00\" \/>\n<meta property=\"article:modified_time\" content=\"2009-06-19T08:41:39+00:00\" \/>\n<meta property=\"og:image\" content=\"http:\/\/www.kobler-margreid.com\/blog\/wp-content\/2009\/06\/2009-06-15_12-22-201.jpg\" \/>\n<meta name=\"author\" content=\"armin kobler\" \/>\n<meta name=\"twitter:card\" content=\"summary_large_image\" \/>\n<meta name=\"twitter:label1\" content=\"Verfasst von\" \/>\n\t<meta name=\"twitter:data1\" content=\"armin kobler\" \/>\n\t<meta name=\"twitter:label2\" content=\"Gesch\u00e4tzte Lesezeit\" \/>\n\t<meta name=\"twitter:data2\" content=\"1\u00a0Minute\" \/>\n<script type=\"application\/ld+json\" class=\"yoast-schema-graph\">{\"@context\":\"https:\\\/\\\/schema.org\",\"@graph\":[{\"@type\":\"Article\",\"@id\":\"https:\\\/\\\/www.kobler-margreid.com\\\/blog\\\/blog\\\/2009\\\/06\\\/16\\\/terroir-vino-2009\\\/#article\",\"isPartOf\":{\"@id\":\"https:\\\/\\\/www.kobler-margreid.com\\\/blog\\\/blog\\\/2009\\\/06\\\/16\\\/terroir-vino-2009\\\/\"},\"author\":{\"name\":\"armin kobler\",\"@id\":\"https:\\\/\\\/www.kobler-margreid.com\\\/blog\\\/#\\\/schema\\\/person\\\/fcca96145437484793adb0529dc48706\"},\"headline\":\"Terroir Vino 2009\",\"datePublished\":\"2009-06-16T21:53:07+00:00\",\"dateModified\":\"2009-06-19T08:41:39+00:00\",\"mainEntityOfPage\":{\"@id\":\"https:\\\/\\\/www.kobler-margreid.com\\\/blog\\\/blog\\\/2009\\\/06\\\/16\\\/terroir-vino-2009\\\/\"},\"wordCount\":292,\"commentCount\":1,\"publisher\":{\"@id\":\"https:\\\/\\\/www.kobler-margreid.com\\\/blog\\\/#\\\/schema\\\/person\\\/6a2290c17f680f59c1fa7e1c7a36df3a\"},\"image\":{\"@id\":\"https:\\\/\\\/www.kobler-margreid.com\\\/blog\\\/blog\\\/2009\\\/06\\\/16\\\/terroir-vino-2009\\\/#primaryimage\"},\"thumbnailUrl\":\"http:\\\/\\\/www.kobler-margreid.com\\\/blog\\\/wp-content\\\/2009\\\/06\\\/2009-06-15_12-22-201.jpg\",\"keywords\":[\"Andreas Berger\",\"Filippo Ronco\",\"Florian Hilpold\",\"Heinrich Mayr\",\"Kurt Rottensteiner\",\"Terroir Vino 2009\"],\"articleSection\":[\"\u00d6ffentlichkeitsarbeit - Pubbliche relazioni\"],\"inLanguage\":\"de\",\"potentialAction\":[{\"@type\":\"CommentAction\",\"name\":\"Comment\",\"target\":[\"https:\\\/\\\/www.kobler-margreid.com\\\/blog\\\/blog\\\/2009\\\/06\\\/16\\\/terroir-vino-2009\\\/#respond\"]}]},{\"@type\":\"WebPage\",\"@id\":\"https:\\\/\\\/www.kobler-margreid.com\\\/blog\\\/blog\\\/2009\\\/06\\\/16\\\/terroir-vino-2009\\\/\",\"url\":\"https:\\\/\\\/www.kobler-margreid.com\\\/blog\\\/blog\\\/2009\\\/06\\\/16\\\/terroir-vino-2009\\\/\",\"name\":\"Terroir Vino 2009 - weinhof KOBLER weblog\",\"isPartOf\":{\"@id\":\"https:\\\/\\\/www.kobler-margreid.com\\\/blog\\\/#website\"},\"primaryImageOfPage\":{\"@id\":\"https:\\\/\\\/www.kobler-margreid.com\\\/blog\\\/blog\\\/2009\\\/06\\\/16\\\/terroir-vino-2009\\\/#primaryimage\"},\"image\":{\"@id\":\"https:\\\/\\\/www.kobler-margreid.com\\\/blog\\\/blog\\\/2009\\\/06\\\/16\\\/terroir-vino-2009\\\/#primaryimage\"},\"thumbnailUrl\":\"http:\\\/\\\/www.kobler-margreid.com\\\/blog\\\/wp-content\\\/2009\\\/06\\\/2009-06-15_12-22-201.jpg\",\"datePublished\":\"2009-06-16T21:53:07+00:00\",\"dateModified\":\"2009-06-19T08:41:39+00:00\",\"breadcrumb\":{\"@id\":\"https:\\\/\\\/www.kobler-margreid.com\\\/blog\\\/blog\\\/2009\\\/06\\\/16\\\/terroir-vino-2009\\\/#breadcrumb\"},\"inLanguage\":\"de\",\"potentialAction\":[{\"@type\":\"ReadAction\",\"target\":[\"https:\\\/\\\/www.kobler-margreid.com\\\/blog\\\/blog\\\/2009\\\/06\\\/16\\\/terroir-vino-2009\\\/\"]}]},{\"@type\":\"ImageObject\",\"inLanguage\":\"de\",\"@id\":\"https:\\\/\\\/www.kobler-margreid.com\\\/blog\\\/blog\\\/2009\\\/06\\\/16\\\/terroir-vino-2009\\\/#primaryimage\",\"url\":\"http:\\\/\\\/www.kobler-margreid.com\\\/blog\\\/wp-content\\\/2009\\\/06\\\/2009-06-15_12-22-201.jpg\",\"contentUrl\":\"http:\\\/\\\/www.kobler-margreid.com\\\/blog\\\/wp-content\\\/2009\\\/06\\\/2009-06-15_12-22-201.jpg\"},{\"@type\":\"BreadcrumbList\",\"@id\":\"https:\\\/\\\/www.kobler-margreid.com\\\/blog\\\/blog\\\/2009\\\/06\\\/16\\\/terroir-vino-2009\\\/#breadcrumb\",\"itemListElement\":[{\"@type\":\"ListItem\",\"position\":1,\"name\":\"Startseite\",\"item\":\"https:\\\/\\\/www.kobler-margreid.com\\\/blog\\\/\"},{\"@type\":\"ListItem\",\"position\":2,\"name\":\"Terroir Vino 2009\"}]},{\"@type\":\"WebSite\",\"@id\":\"https:\\\/\\\/www.kobler-margreid.com\\\/blog\\\/#website\",\"url\":\"https:\\\/\\\/www.kobler-margreid.com\\\/blog\\\/\",\"name\":\"weinhof KOBLER weblog\",\"description\":\"dem wein ganz nah \u2013 all&#039;interno del vino\",\"publisher\":{\"@id\":\"https:\\\/\\\/www.kobler-margreid.com\\\/blog\\\/#\\\/schema\\\/person\\\/6a2290c17f680f59c1fa7e1c7a36df3a\"},\"potentialAction\":[{\"@type\":\"SearchAction\",\"target\":{\"@type\":\"EntryPoint\",\"urlTemplate\":\"https:\\\/\\\/www.kobler-margreid.com\\\/blog\\\/?s={search_term_string}\"},\"query-input\":{\"@type\":\"PropertyValueSpecification\",\"valueRequired\":true,\"valueName\":\"search_term_string\"}}],\"inLanguage\":\"de\"},{\"@type\":[\"Person\",\"Organization\"],\"@id\":\"https:\\\/\\\/www.kobler-margreid.com\\\/blog\\\/#\\\/schema\\\/person\\\/6a2290c17f680f59c1fa7e1c7a36df3a\",\"name\":\"armin kobler\",\"image\":{\"@type\":\"ImageObject\",\"inLanguage\":\"de\",\"@id\":\"https:\\\/\\\/www.kobler-margreid.com\\\/blog\\\/wp-content\\\/2023\\\/11\\\/2012-05-08_09-33-03a.jpg\",\"url\":\"https:\\\/\\\/www.kobler-margreid.com\\\/blog\\\/wp-content\\\/2023\\\/11\\\/2012-05-08_09-33-03a.jpg\",\"contentUrl\":\"https:\\\/\\\/www.kobler-margreid.com\\\/blog\\\/wp-content\\\/2023\\\/11\\\/2012-05-08_09-33-03a.jpg\",\"width\":1088,\"height\":1184,\"caption\":\"armin kobler\"},\"logo\":{\"@id\":\"https:\\\/\\\/www.kobler-margreid.com\\\/blog\\\/wp-content\\\/2023\\\/11\\\/2012-05-08_09-33-03a.jpg\"},\"sameAs\":[\"http:\\\/\\\/www.kobler-margreid.com\",\"https:\\\/\\\/www.facebook.com\\\/armin.kobler\\\/\"]},{\"@type\":\"Person\",\"@id\":\"https:\\\/\\\/www.kobler-margreid.com\\\/blog\\\/#\\\/schema\\\/person\\\/fcca96145437484793adb0529dc48706\",\"name\":\"armin kobler\",\"image\":{\"@type\":\"ImageObject\",\"inLanguage\":\"de\",\"@id\":\"https:\\\/\\\/secure.gravatar.com\\\/avatar\\\/7ed75d18f117c58598b89fcf3ec9fda3311f3fbda827ac1502944a0804d87b7f?s=96&d=mm&r=g\",\"url\":\"https:\\\/\\\/secure.gravatar.com\\\/avatar\\\/7ed75d18f117c58598b89fcf3ec9fda3311f3fbda827ac1502944a0804d87b7f?s=96&d=mm&r=g\",\"contentUrl\":\"https:\\\/\\\/secure.gravatar.com\\\/avatar\\\/7ed75d18f117c58598b89fcf3ec9fda3311f3fbda827ac1502944a0804d87b7f?s=96&d=mm&r=g\",\"caption\":\"armin kobler\"},\"sameAs\":[\"http:\\\/\\\/\"],\"url\":\"https:\\\/\\\/www.kobler-margreid.com\\\/blog\\\/blog\\\/author\\\/armin-kobler\\\/\"}]}<\/script>\n<!-- \/ Yoast SEO plugin. -->","yoast_head_json":{"title":"Terroir Vino 2009 - weinhof KOBLER weblog","robots":{"index":"index","follow":"follow","max-snippet":"max-snippet:-1","max-image-preview":"max-image-preview:large","max-video-preview":"max-video-preview:-1"},"canonical":"https:\/\/www.kobler-margreid.com\/blog\/blog\/2009\/06\/16\/terroir-vino-2009\/","og_locale":"de_DE","og_type":"article","og_title":"Terroir Vino 2009 - weinhof KOBLER weblog","og_description":"Zusammen mit den Freien Weinbauern Andreas Berger (Thurnhof), Florian Hilpold (Villscheiderhof), Elda und Heinrich Mayr (Nusserhof) und Kurt Rottensteiner (Brunnenhof) besuchten wir das erste Mal die vorbildlich organisierte Veranstaltung Terroir Vino im Palazzo Ducale von Genua. \u00dcber diese\u00a0 f\u00fcnfte von &hellip; Weiterlesen &rarr;","og_url":"https:\/\/www.kobler-margreid.com\/blog\/blog\/2009\/06\/16\/terroir-vino-2009\/","og_site_name":"weinhof KOBLER weblog","article_publisher":"https:\/\/www.facebook.com\/armin.kobler\/","article_published_time":"2009-06-16T21:53:07+00:00","article_modified_time":"2009-06-19T08:41:39+00:00","og_image":[{"url":"http:\/\/www.kobler-margreid.com\/blog\/wp-content\/2009\/06\/2009-06-15_12-22-201.jpg","type":"","width":"","height":""}],"author":"armin kobler","twitter_card":"summary_large_image","twitter_misc":{"Verfasst von":"armin kobler","Gesch\u00e4tzte Lesezeit":"1\u00a0Minute"},"schema":{"@context":"https:\/\/schema.org","@graph":[{"@type":"Article","@id":"https:\/\/www.kobler-margreid.com\/blog\/blog\/2009\/06\/16\/terroir-vino-2009\/#article","isPartOf":{"@id":"https:\/\/www.kobler-margreid.com\/blog\/blog\/2009\/06\/16\/terroir-vino-2009\/"},"author":{"name":"armin kobler","@id":"https:\/\/www.kobler-margreid.com\/blog\/#\/schema\/person\/fcca96145437484793adb0529dc48706"},"headline":"Terroir Vino 2009","datePublished":"2009-06-16T21:53:07+00:00","dateModified":"2009-06-19T08:41:39+00:00","mainEntityOfPage":{"@id":"https:\/\/www.kobler-margreid.com\/blog\/blog\/2009\/06\/16\/terroir-vino-2009\/"},"wordCount":292,"commentCount":1,"publisher":{"@id":"https:\/\/www.kobler-margreid.com\/blog\/#\/schema\/person\/6a2290c17f680f59c1fa7e1c7a36df3a"},"image":{"@id":"https:\/\/www.kobler-margreid.com\/blog\/blog\/2009\/06\/16\/terroir-vino-2009\/#primaryimage"},"thumbnailUrl":"http:\/\/www.kobler-margreid.com\/blog\/wp-content\/2009\/06\/2009-06-15_12-22-201.jpg","keywords":["Andreas Berger","Filippo Ronco","Florian Hilpold","Heinrich Mayr","Kurt Rottensteiner","Terroir Vino 2009"],"articleSection":["\u00d6ffentlichkeitsarbeit - Pubbliche relazioni"],"inLanguage":"de","potentialAction":[{"@type":"CommentAction","name":"Comment","target":["https:\/\/www.kobler-margreid.com\/blog\/blog\/2009\/06\/16\/terroir-vino-2009\/#respond"]}]},{"@type":"WebPage","@id":"https:\/\/www.kobler-margreid.com\/blog\/blog\/2009\/06\/16\/terroir-vino-2009\/","url":"https:\/\/www.kobler-margreid.com\/blog\/blog\/2009\/06\/16\/terroir-vino-2009\/","name":"Terroir Vino 2009 - weinhof KOBLER weblog","isPartOf":{"@id":"https:\/\/www.kobler-margreid.com\/blog\/#website"},"primaryImageOfPage":{"@id":"https:\/\/www.kobler-margreid.com\/blog\/blog\/2009\/06\/16\/terroir-vino-2009\/#primaryimage"},"image":{"@id":"https:\/\/www.kobler-margreid.com\/blog\/blog\/2009\/06\/16\/terroir-vino-2009\/#primaryimage"},"thumbnailUrl":"http:\/\/www.kobler-margreid.com\/blog\/wp-content\/2009\/06\/2009-06-15_12-22-201.jpg","datePublished":"2009-06-16T21:53:07+00:00","dateModified":"2009-06-19T08:41:39+00:00","breadcrumb":{"@id":"https:\/\/www.kobler-margreid.com\/blog\/blog\/2009\/06\/16\/terroir-vino-2009\/#breadcrumb"},"inLanguage":"de","potentialAction":[{"@type":"ReadAction","target":["https:\/\/www.kobler-margreid.com\/blog\/blog\/2009\/06\/16\/terroir-vino-2009\/"]}]},{"@type":"ImageObject","inLanguage":"de","@id":"https:\/\/www.kobler-margreid.com\/blog\/blog\/2009\/06\/16\/terroir-vino-2009\/#primaryimage","url":"http:\/\/www.kobler-margreid.com\/blog\/wp-content\/2009\/06\/2009-06-15_12-22-201.jpg","contentUrl":"http:\/\/www.kobler-margreid.com\/blog\/wp-content\/2009\/06\/2009-06-15_12-22-201.jpg"},{"@type":"BreadcrumbList","@id":"https:\/\/www.kobler-margreid.com\/blog\/blog\/2009\/06\/16\/terroir-vino-2009\/#breadcrumb","itemListElement":[{"@type":"ListItem","position":1,"name":"Startseite","item":"https:\/\/www.kobler-margreid.com\/blog\/"},{"@type":"ListItem","position":2,"name":"Terroir Vino 2009"}]},{"@type":"WebSite","@id":"https:\/\/www.kobler-margreid.com\/blog\/#website","url":"https:\/\/www.kobler-margreid.com\/blog\/","name":"weinhof KOBLER weblog","description":"dem wein ganz nah \u2013 all&#039;interno del vino","publisher":{"@id":"https:\/\/www.kobler-margreid.com\/blog\/#\/schema\/person\/6a2290c17f680f59c1fa7e1c7a36df3a"},"potentialAction":[{"@type":"SearchAction","target":{"@type":"EntryPoint","urlTemplate":"https:\/\/www.kobler-margreid.com\/blog\/?s={search_term_string}"},"query-input":{"@type":"PropertyValueSpecification","valueRequired":true,"valueName":"search_term_string"}}],"inLanguage":"de"},{"@type":["Person","Organization"],"@id":"https:\/\/www.kobler-margreid.com\/blog\/#\/schema\/person\/6a2290c17f680f59c1fa7e1c7a36df3a","name":"armin kobler","image":{"@type":"ImageObject","inLanguage":"de","@id":"https:\/\/www.kobler-margreid.com\/blog\/wp-content\/2023\/11\/2012-05-08_09-33-03a.jpg","url":"https:\/\/www.kobler-margreid.com\/blog\/wp-content\/2023\/11\/2012-05-08_09-33-03a.jpg","contentUrl":"https:\/\/www.kobler-margreid.com\/blog\/wp-content\/2023\/11\/2012-05-08_09-33-03a.jpg","width":1088,"height":1184,"caption":"armin kobler"},"logo":{"@id":"https:\/\/www.kobler-margreid.com\/blog\/wp-content\/2023\/11\/2012-05-08_09-33-03a.jpg"},"sameAs":["http:\/\/www.kobler-margreid.com","https:\/\/www.facebook.com\/armin.kobler\/"]},{"@type":"Person","@id":"https:\/\/www.kobler-margreid.com\/blog\/#\/schema\/person\/fcca96145437484793adb0529dc48706","name":"armin kobler","image":{"@type":"ImageObject","inLanguage":"de","@id":"https:\/\/secure.gravatar.com\/avatar\/7ed75d18f117c58598b89fcf3ec9fda3311f3fbda827ac1502944a0804d87b7f?s=96&d=mm&r=g","url":"https:\/\/secure.gravatar.com\/avatar\/7ed75d18f117c58598b89fcf3ec9fda3311f3fbda827ac1502944a0804d87b7f?s=96&d=mm&r=g","contentUrl":"https:\/\/secure.gravatar.com\/avatar\/7ed75d18f117c58598b89fcf3ec9fda3311f3fbda827ac1502944a0804d87b7f?s=96&d=mm&r=g","caption":"armin kobler"},"sameAs":["http:\/\/"],"url":"https:\/\/www.kobler-margreid.com\/blog\/blog\/author\/armin-kobler\/"}]}},"_links":{"self":[{"href":"https:\/\/www.kobler-margreid.com\/blog\/wp-json\/wp\/v2\/posts\/2230","targetHints":{"allow":["GET"]}}],"collection":[{"href":"https:\/\/www.kobler-margreid.com\/blog\/wp-json\/wp\/v2\/posts"}],"about":[{"href":"https:\/\/www.kobler-margreid.com\/blog\/wp-json\/wp\/v2\/types\/post"}],"author":[{"embeddable":true,"href":"https:\/\/www.kobler-margreid.com\/blog\/wp-json\/wp\/v2\/users\/6"}],"replies":[{"embeddable":true,"href":"https:\/\/www.kobler-margreid.com\/blog\/wp-json\/wp\/v2\/comments?post=2230"}],"version-history":[{"count":0,"href":"https:\/\/www.kobler-margreid.com\/blog\/wp-json\/wp\/v2\/posts\/2230\/revisions"}],"wp:attachment":[{"href":"https:\/\/www.kobler-margreid.com\/blog\/wp-json\/wp\/v2\/media?parent=2230"}],"wp:term":[{"taxonomy":"category","embeddable":true,"href":"https:\/\/www.kobler-margreid.com\/blog\/wp-json\/wp\/v2\/categories?post=2230"},{"taxonomy":"post_tag","embeddable":true,"href":"https:\/\/www.kobler-margreid.com\/blog\/wp-json\/wp\/v2\/tags?post=2230"}],"curies":[{"name":"wp","href":"https:\/\/api.w.org\/{rel}","templated":true}]}}