{"id":2360,"date":"2009-07-08T22:05:31","date_gmt":"2009-07-08T21:05:31","guid":{"rendered":"http:\/\/www.kobler-margreid.com\/blog\/?p=2360"},"modified":"2009-07-09T06:32:34","modified_gmt":"2009-07-09T05:32:34","slug":"auch-uns-hat-es-erwischt-anche-noi-siamo-stati-colpiti","status":"publish","type":"post","link":"https:\/\/www.kobler-margreid.com\/blog\/blog\/2009\/07\/08\/auch-uns-hat-es-erwischt-anche-noi-siamo-stati-colpiti\/","title":{"rendered":"Auch uns hat es erwischt &#8211; Anche noi siamo stati colpiti"},"content":{"rendered":"<p><a href=\"http:\/\/www.kobler-margreid.com\/blog\/wp-content\/2009\/07\/2009-07-07_16-04-09.jpg\" rel=\"lightbox[2360]\"><img loading=\"lazy\" decoding=\"async\" class=\"float left alignleft size-full wp-image-2361\" style=\"border: 0pt none; margin: 0px 5px;\" title=\"2009-07-07_16-04-09\" src=\"http:\/\/www.kobler-margreid.com\/blog\/wp-content\/2009\/07\/2009-07-07_16-04-09.jpg\" alt=\"2009-07-07_16-04-09\" width=\"302\" height=\"260\" srcset=\"https:\/\/www.kobler-margreid.com\/blog\/wp-content\/2009\/07\/2009-07-07_16-04-09.jpg 800w, https:\/\/www.kobler-margreid.com\/blog\/wp-content\/2009\/07\/2009-07-07_16-04-09-300x258.jpg 300w\" sizes=\"auto, (max-width: 302px) 100vw, 302px\" \/><\/a>Aber wir haben gleichzeitig auch riesiges Gl\u00fcck gehabt. Es wurde (bis jetzt!) nur der Weingarten &#8222;Oberfeld&#8220; mit seinem Grauen Burgunder vom Hagel getroffen und dessen Trauben auch nur relativ leicht auf der Westseite der Rebzeilen. Andere Gebiete wie z.B. in Kaltern und Tramin wurden unvergleichlich st\u00e4rker gesch\u00e4digt. Dort gab es stellenweise Totalausf\u00e4lle und Besch\u00e4digungen des Rebholzes, welche sich auch auf das n\u00e4chste Jahr negativ auswirken d\u00fcrften.<\/p>\n<p><em>Ma siamo stati allo stesso momento (finora!) anche molto fortunati. Questo perch\u00e8 dalla grandine \u00e8 stato colpito solo il vigneto &#8222;Oberfeld&#8220; col suo<\/em><em> Pinot grigio <\/em><em>ed inoltre unicamente i grappoli esposti verso ovest presentano acini danneggiati. Altre zone come quelle nei comuni di Caldaro e Termeno sono colpiti in maniera incomparabilmente maggiore. L\u00e0 si hanno talvolte perdite totali della produzione e danneggiamenti dei tralci che avranno ripercussioni anche sull&#8217;anno prossimo.<\/em><\/p>\n<p><!--more-->Was macht man nach solchen Ereignissen? Der Schaden h\u00e4lt sich in meinem Fall auch deshalb in Grenzen, weil es noch relativ fr\u00fch ist. Die Beeren wei\u00dfen enorme S\u00e4ure- und kaum Zuckergehalte auf, weswegen sich darauf Mikroorganismen nur langsam entwickeln. Sollte der Witterungsverlauf keinen weiteren Regen bringen, trocknen die aufgeschlagenen Beeren ein und fallen danach ab. Ein bi\u00dfchen weniger ausd\u00fcnnen sp\u00e4ter und der Ertragsverlust ist praktisch nicht mehr vorhanden. Damit diese Vorg\u00e4nge\u00a0 auch gew\u00e4hrleistet werden, haben wir in dieser Anlage die Behandlung gegen <em>Botrytis cinerera<\/em> vorverlegt. Statt bei Reifebeginn in ca. drei Wochen wurde schon heute nachmittag ein Botrytizid appliziert.<\/p>\n<p><em>Cosa si f\u00e0 in questi casi? Il danno conseguito nel mio caso \u00e8 limitato in quanto \u00e8 ancora presto. Gli acini presentano contenuti acidici altissimi ed il contenuto in zuccheri sono ancora ridotti per cui i microorganismi si sviluppano solo lentamente. Se il tempo non comporter\u00e0 ulteriori piogge gli acini danneggiati si seccano e cadono per terra. Diradare un po&#8216; meno e il danno \u00e8 in gran parte compensato. Per assicurare questo andamento abbiamo anticipato il trattamento contro la <\/em>Bortrytis cinerea<em>. Invece di trattare all&#8217;inizio della maturazione in circa tre settimane abbiamo <\/em><em> applicato l&#8217;antibotritico gi\u00e0 questo pomeriggio. <\/em><\/p>\n<p>Jene Beeren, welche auf Grund eines geringeren Besch\u00e4digungsgrades am Stock bleiben, weisen h\u00f6hrere Gerbstoffgehalte\u00a0 auf, eine Schutzreaktion der Rebe gegen Pilzkrankheiten. Dies muss bei der Traubenverarbeitung unbedingt ber\u00fccksichtigt werden. Den Schadensfall bei der der Versicherung in jedem Fall melden ist aber auch wichtig. Sofern man eine abgeschlossen hat.<\/p>\n<p><em>Gli acini che per il lieve danneggiamento rimangono sul grappolo sono caratterizzati da contenuti polifenolici pi\u00f9 alti del solito, una reazione di autoprotezione della vite nei confronti di attacchi funginei. \u00c8 importante considerare questo fatto nella fase della lavorazione dell&#8217;uva. Infine \u00e8 essenziale denunciare all&#8217;assicurazione in ogni caso il danno. Se si ha stipulato una polizza.<br \/>\n<\/em><\/p>\n","protected":false},"excerpt":{"rendered":"<p>Aber wir haben gleichzeitig auch riesiges Gl\u00fcck gehabt. Es wurde (bis jetzt!) nur der Weingarten &#8222;Oberfeld&#8220; mit seinem Grauen Burgunder vom Hagel getroffen und dessen Trauben auch nur relativ leicht auf der Westseite der Rebzeilen. Andere Gebiete wie z.B. in &hellip; <a href=\"https:\/\/www.kobler-margreid.com\/blog\/blog\/2009\/07\/08\/auch-uns-hat-es-erwischt-anche-noi-siamo-stati-colpiti\/\">Weiterlesen <span class=\"meta-nav\">&rarr;<\/span><\/a><\/p>\n","protected":false},"author":6,"featured_media":0,"comment_status":"open","ping_status":"open","sticky":false,"template":"","format":"standard","meta":{"ngg_post_thumbnail":0,"footnotes":"","_links_to":"","_links_to_target":""},"categories":[14],"tags":[166,446,158,445,444,434],"class_list":["post-2360","post","type-post","status-publish","format-standard","hentry","category-weingarten","tag-botrytis-cinerea","tag-grandine","tag-grauer-burgunder","tag-hagel","tag-oberfeld","tag-pinot-grigio"],"yoast_head":"<!-- This site is optimized with the Yoast SEO plugin v27.5 - https:\/\/yoast.com\/product\/yoast-seo-wordpress\/ -->\n<title>Auch uns hat es erwischt - Anche noi siamo stati colpiti - weinhof KOBLER weblog<\/title>\n<meta name=\"robots\" content=\"index, follow, max-snippet:-1, max-image-preview:large, max-video-preview:-1\" \/>\n<link rel=\"canonical\" href=\"https:\/\/www.kobler-margreid.com\/blog\/blog\/2009\/07\/08\/auch-uns-hat-es-erwischt-anche-noi-siamo-stati-colpiti\/\" \/>\n<meta property=\"og:locale\" content=\"de_DE\" \/>\n<meta property=\"og:type\" content=\"article\" \/>\n<meta property=\"og:title\" content=\"Auch uns hat es erwischt - Anche noi siamo stati colpiti - weinhof KOBLER weblog\" \/>\n<meta property=\"og:description\" content=\"Aber wir haben gleichzeitig auch riesiges Gl\u00fcck gehabt. Es wurde (bis jetzt!) nur der Weingarten &#8222;Oberfeld&#8220; mit seinem Grauen Burgunder vom Hagel getroffen und dessen Trauben auch nur relativ leicht auf der Westseite der Rebzeilen. Andere Gebiete wie z.B. in &hellip; Weiterlesen &rarr;\" \/>\n<meta property=\"og:url\" content=\"https:\/\/www.kobler-margreid.com\/blog\/blog\/2009\/07\/08\/auch-uns-hat-es-erwischt-anche-noi-siamo-stati-colpiti\/\" \/>\n<meta property=\"og:site_name\" content=\"weinhof KOBLER weblog\" \/>\n<meta property=\"article:publisher\" content=\"https:\/\/www.facebook.com\/armin.kobler\/\" \/>\n<meta property=\"article:published_time\" content=\"2009-07-08T21:05:31+00:00\" \/>\n<meta property=\"article:modified_time\" content=\"2009-07-09T05:32:34+00:00\" \/>\n<meta property=\"og:image\" content=\"http:\/\/www.kobler-margreid.com\/blog\/wp-content\/2009\/07\/2009-07-07_16-04-09.jpg\" \/>\n<meta name=\"author\" content=\"armin kobler\" \/>\n<meta name=\"twitter:card\" content=\"summary_large_image\" \/>\n<meta name=\"twitter:label1\" content=\"Verfasst von\" \/>\n\t<meta name=\"twitter:data1\" content=\"armin kobler\" \/>\n\t<meta name=\"twitter:label2\" content=\"Gesch\u00e4tzte Lesezeit\" \/>\n\t<meta name=\"twitter:data2\" content=\"2\u00a0Minuten\" \/>\n<script type=\"application\/ld+json\" class=\"yoast-schema-graph\">{\"@context\":\"https:\\\/\\\/schema.org\",\"@graph\":[{\"@type\":\"Article\",\"@id\":\"https:\\\/\\\/www.kobler-margreid.com\\\/blog\\\/blog\\\/2009\\\/07\\\/08\\\/auch-uns-hat-es-erwischt-anche-noi-siamo-stati-colpiti\\\/#article\",\"isPartOf\":{\"@id\":\"https:\\\/\\\/www.kobler-margreid.com\\\/blog\\\/blog\\\/2009\\\/07\\\/08\\\/auch-uns-hat-es-erwischt-anche-noi-siamo-stati-colpiti\\\/\"},\"author\":{\"name\":\"armin kobler\",\"@id\":\"https:\\\/\\\/www.kobler-margreid.com\\\/blog\\\/#\\\/schema\\\/person\\\/fcca96145437484793adb0529dc48706\"},\"headline\":\"Auch uns hat es erwischt &#8211; Anche noi siamo stati colpiti\",\"datePublished\":\"2009-07-08T21:05:31+00:00\",\"dateModified\":\"2009-07-09T05:32:34+00:00\",\"mainEntityOfPage\":{\"@id\":\"https:\\\/\\\/www.kobler-margreid.com\\\/blog\\\/blog\\\/2009\\\/07\\\/08\\\/auch-uns-hat-es-erwischt-anche-noi-siamo-stati-colpiti\\\/\"},\"wordCount\":461,\"commentCount\":1,\"publisher\":{\"@id\":\"https:\\\/\\\/www.kobler-margreid.com\\\/blog\\\/#\\\/schema\\\/person\\\/6a2290c17f680f59c1fa7e1c7a36df3a\"},\"image\":{\"@id\":\"https:\\\/\\\/www.kobler-margreid.com\\\/blog\\\/blog\\\/2009\\\/07\\\/08\\\/auch-uns-hat-es-erwischt-anche-noi-siamo-stati-colpiti\\\/#primaryimage\"},\"thumbnailUrl\":\"http:\\\/\\\/www.kobler-margreid.com\\\/blog\\\/wp-content\\\/2009\\\/07\\\/2009-07-07_16-04-09.jpg\",\"keywords\":[\"Botrytis cinerea\",\"Grandine\",\"Grauer Burgunder\",\"Hagel\",\"Oberfeld\",\"Pinot grigio\"],\"articleSection\":[\"Weingarten - Vigneto\"],\"inLanguage\":\"de\",\"potentialAction\":[{\"@type\":\"CommentAction\",\"name\":\"Comment\",\"target\":[\"https:\\\/\\\/www.kobler-margreid.com\\\/blog\\\/blog\\\/2009\\\/07\\\/08\\\/auch-uns-hat-es-erwischt-anche-noi-siamo-stati-colpiti\\\/#respond\"]}]},{\"@type\":\"WebPage\",\"@id\":\"https:\\\/\\\/www.kobler-margreid.com\\\/blog\\\/blog\\\/2009\\\/07\\\/08\\\/auch-uns-hat-es-erwischt-anche-noi-siamo-stati-colpiti\\\/\",\"url\":\"https:\\\/\\\/www.kobler-margreid.com\\\/blog\\\/blog\\\/2009\\\/07\\\/08\\\/auch-uns-hat-es-erwischt-anche-noi-siamo-stati-colpiti\\\/\",\"name\":\"Auch uns hat es erwischt - Anche noi siamo stati colpiti - weinhof KOBLER weblog\",\"isPartOf\":{\"@id\":\"https:\\\/\\\/www.kobler-margreid.com\\\/blog\\\/#website\"},\"primaryImageOfPage\":{\"@id\":\"https:\\\/\\\/www.kobler-margreid.com\\\/blog\\\/blog\\\/2009\\\/07\\\/08\\\/auch-uns-hat-es-erwischt-anche-noi-siamo-stati-colpiti\\\/#primaryimage\"},\"image\":{\"@id\":\"https:\\\/\\\/www.kobler-margreid.com\\\/blog\\\/blog\\\/2009\\\/07\\\/08\\\/auch-uns-hat-es-erwischt-anche-noi-siamo-stati-colpiti\\\/#primaryimage\"},\"thumbnailUrl\":\"http:\\\/\\\/www.kobler-margreid.com\\\/blog\\\/wp-content\\\/2009\\\/07\\\/2009-07-07_16-04-09.jpg\",\"datePublished\":\"2009-07-08T21:05:31+00:00\",\"dateModified\":\"2009-07-09T05:32:34+00:00\",\"breadcrumb\":{\"@id\":\"https:\\\/\\\/www.kobler-margreid.com\\\/blog\\\/blog\\\/2009\\\/07\\\/08\\\/auch-uns-hat-es-erwischt-anche-noi-siamo-stati-colpiti\\\/#breadcrumb\"},\"inLanguage\":\"de\",\"potentialAction\":[{\"@type\":\"ReadAction\",\"target\":[\"https:\\\/\\\/www.kobler-margreid.com\\\/blog\\\/blog\\\/2009\\\/07\\\/08\\\/auch-uns-hat-es-erwischt-anche-noi-siamo-stati-colpiti\\\/\"]}]},{\"@type\":\"ImageObject\",\"inLanguage\":\"de\",\"@id\":\"https:\\\/\\\/www.kobler-margreid.com\\\/blog\\\/blog\\\/2009\\\/07\\\/08\\\/auch-uns-hat-es-erwischt-anche-noi-siamo-stati-colpiti\\\/#primaryimage\",\"url\":\"http:\\\/\\\/www.kobler-margreid.com\\\/blog\\\/wp-content\\\/2009\\\/07\\\/2009-07-07_16-04-09.jpg\",\"contentUrl\":\"http:\\\/\\\/www.kobler-margreid.com\\\/blog\\\/wp-content\\\/2009\\\/07\\\/2009-07-07_16-04-09.jpg\"},{\"@type\":\"BreadcrumbList\",\"@id\":\"https:\\\/\\\/www.kobler-margreid.com\\\/blog\\\/blog\\\/2009\\\/07\\\/08\\\/auch-uns-hat-es-erwischt-anche-noi-siamo-stati-colpiti\\\/#breadcrumb\",\"itemListElement\":[{\"@type\":\"ListItem\",\"position\":1,\"name\":\"Startseite\",\"item\":\"https:\\\/\\\/www.kobler-margreid.com\\\/blog\\\/\"},{\"@type\":\"ListItem\",\"position\":2,\"name\":\"Auch uns hat es erwischt &#8211; Anche noi siamo stati colpiti\"}]},{\"@type\":\"WebSite\",\"@id\":\"https:\\\/\\\/www.kobler-margreid.com\\\/blog\\\/#website\",\"url\":\"https:\\\/\\\/www.kobler-margreid.com\\\/blog\\\/\",\"name\":\"weinhof KOBLER weblog\",\"description\":\"dem wein ganz nah \u2013 all&#039;interno del vino\",\"publisher\":{\"@id\":\"https:\\\/\\\/www.kobler-margreid.com\\\/blog\\\/#\\\/schema\\\/person\\\/6a2290c17f680f59c1fa7e1c7a36df3a\"},\"potentialAction\":[{\"@type\":\"SearchAction\",\"target\":{\"@type\":\"EntryPoint\",\"urlTemplate\":\"https:\\\/\\\/www.kobler-margreid.com\\\/blog\\\/?s={search_term_string}\"},\"query-input\":{\"@type\":\"PropertyValueSpecification\",\"valueRequired\":true,\"valueName\":\"search_term_string\"}}],\"inLanguage\":\"de\"},{\"@type\":[\"Person\",\"Organization\"],\"@id\":\"https:\\\/\\\/www.kobler-margreid.com\\\/blog\\\/#\\\/schema\\\/person\\\/6a2290c17f680f59c1fa7e1c7a36df3a\",\"name\":\"armin kobler\",\"image\":{\"@type\":\"ImageObject\",\"inLanguage\":\"de\",\"@id\":\"https:\\\/\\\/www.kobler-margreid.com\\\/blog\\\/wp-content\\\/2023\\\/11\\\/2012-05-08_09-33-03a.jpg\",\"url\":\"https:\\\/\\\/www.kobler-margreid.com\\\/blog\\\/wp-content\\\/2023\\\/11\\\/2012-05-08_09-33-03a.jpg\",\"contentUrl\":\"https:\\\/\\\/www.kobler-margreid.com\\\/blog\\\/wp-content\\\/2023\\\/11\\\/2012-05-08_09-33-03a.jpg\",\"width\":1088,\"height\":1184,\"caption\":\"armin kobler\"},\"logo\":{\"@id\":\"https:\\\/\\\/www.kobler-margreid.com\\\/blog\\\/wp-content\\\/2023\\\/11\\\/2012-05-08_09-33-03a.jpg\"},\"sameAs\":[\"http:\\\/\\\/www.kobler-margreid.com\",\"https:\\\/\\\/www.facebook.com\\\/armin.kobler\\\/\"]},{\"@type\":\"Person\",\"@id\":\"https:\\\/\\\/www.kobler-margreid.com\\\/blog\\\/#\\\/schema\\\/person\\\/fcca96145437484793adb0529dc48706\",\"name\":\"armin kobler\",\"image\":{\"@type\":\"ImageObject\",\"inLanguage\":\"de\",\"@id\":\"https:\\\/\\\/secure.gravatar.com\\\/avatar\\\/7ed75d18f117c58598b89fcf3ec9fda3311f3fbda827ac1502944a0804d87b7f?s=96&d=mm&r=g\",\"url\":\"https:\\\/\\\/secure.gravatar.com\\\/avatar\\\/7ed75d18f117c58598b89fcf3ec9fda3311f3fbda827ac1502944a0804d87b7f?s=96&d=mm&r=g\",\"contentUrl\":\"https:\\\/\\\/secure.gravatar.com\\\/avatar\\\/7ed75d18f117c58598b89fcf3ec9fda3311f3fbda827ac1502944a0804d87b7f?s=96&d=mm&r=g\",\"caption\":\"armin kobler\"},\"sameAs\":[\"http:\\\/\\\/\"],\"url\":\"https:\\\/\\\/www.kobler-margreid.com\\\/blog\\\/blog\\\/author\\\/armin-kobler\\\/\"}]}<\/script>\n<!-- \/ Yoast SEO plugin. -->","yoast_head_json":{"title":"Auch uns hat es erwischt - Anche noi siamo stati colpiti - weinhof KOBLER weblog","robots":{"index":"index","follow":"follow","max-snippet":"max-snippet:-1","max-image-preview":"max-image-preview:large","max-video-preview":"max-video-preview:-1"},"canonical":"https:\/\/www.kobler-margreid.com\/blog\/blog\/2009\/07\/08\/auch-uns-hat-es-erwischt-anche-noi-siamo-stati-colpiti\/","og_locale":"de_DE","og_type":"article","og_title":"Auch uns hat es erwischt - Anche noi siamo stati colpiti - weinhof KOBLER weblog","og_description":"Aber wir haben gleichzeitig auch riesiges Gl\u00fcck gehabt. Es wurde (bis jetzt!) nur der Weingarten &#8222;Oberfeld&#8220; mit seinem Grauen Burgunder vom Hagel getroffen und dessen Trauben auch nur relativ leicht auf der Westseite der Rebzeilen. Andere Gebiete wie z.B. in &hellip; Weiterlesen &rarr;","og_url":"https:\/\/www.kobler-margreid.com\/blog\/blog\/2009\/07\/08\/auch-uns-hat-es-erwischt-anche-noi-siamo-stati-colpiti\/","og_site_name":"weinhof KOBLER weblog","article_publisher":"https:\/\/www.facebook.com\/armin.kobler\/","article_published_time":"2009-07-08T21:05:31+00:00","article_modified_time":"2009-07-09T05:32:34+00:00","og_image":[{"url":"http:\/\/www.kobler-margreid.com\/blog\/wp-content\/2009\/07\/2009-07-07_16-04-09.jpg","type":"","width":"","height":""}],"author":"armin kobler","twitter_card":"summary_large_image","twitter_misc":{"Verfasst von":"armin kobler","Gesch\u00e4tzte Lesezeit":"2\u00a0Minuten"},"schema":{"@context":"https:\/\/schema.org","@graph":[{"@type":"Article","@id":"https:\/\/www.kobler-margreid.com\/blog\/blog\/2009\/07\/08\/auch-uns-hat-es-erwischt-anche-noi-siamo-stati-colpiti\/#article","isPartOf":{"@id":"https:\/\/www.kobler-margreid.com\/blog\/blog\/2009\/07\/08\/auch-uns-hat-es-erwischt-anche-noi-siamo-stati-colpiti\/"},"author":{"name":"armin kobler","@id":"https:\/\/www.kobler-margreid.com\/blog\/#\/schema\/person\/fcca96145437484793adb0529dc48706"},"headline":"Auch uns hat es erwischt &#8211; Anche noi siamo stati colpiti","datePublished":"2009-07-08T21:05:31+00:00","dateModified":"2009-07-09T05:32:34+00:00","mainEntityOfPage":{"@id":"https:\/\/www.kobler-margreid.com\/blog\/blog\/2009\/07\/08\/auch-uns-hat-es-erwischt-anche-noi-siamo-stati-colpiti\/"},"wordCount":461,"commentCount":1,"publisher":{"@id":"https:\/\/www.kobler-margreid.com\/blog\/#\/schema\/person\/6a2290c17f680f59c1fa7e1c7a36df3a"},"image":{"@id":"https:\/\/www.kobler-margreid.com\/blog\/blog\/2009\/07\/08\/auch-uns-hat-es-erwischt-anche-noi-siamo-stati-colpiti\/#primaryimage"},"thumbnailUrl":"http:\/\/www.kobler-margreid.com\/blog\/wp-content\/2009\/07\/2009-07-07_16-04-09.jpg","keywords":["Botrytis cinerea","Grandine","Grauer Burgunder","Hagel","Oberfeld","Pinot grigio"],"articleSection":["Weingarten - Vigneto"],"inLanguage":"de","potentialAction":[{"@type":"CommentAction","name":"Comment","target":["https:\/\/www.kobler-margreid.com\/blog\/blog\/2009\/07\/08\/auch-uns-hat-es-erwischt-anche-noi-siamo-stati-colpiti\/#respond"]}]},{"@type":"WebPage","@id":"https:\/\/www.kobler-margreid.com\/blog\/blog\/2009\/07\/08\/auch-uns-hat-es-erwischt-anche-noi-siamo-stati-colpiti\/","url":"https:\/\/www.kobler-margreid.com\/blog\/blog\/2009\/07\/08\/auch-uns-hat-es-erwischt-anche-noi-siamo-stati-colpiti\/","name":"Auch uns hat es erwischt - Anche noi siamo stati colpiti - weinhof KOBLER weblog","isPartOf":{"@id":"https:\/\/www.kobler-margreid.com\/blog\/#website"},"primaryImageOfPage":{"@id":"https:\/\/www.kobler-margreid.com\/blog\/blog\/2009\/07\/08\/auch-uns-hat-es-erwischt-anche-noi-siamo-stati-colpiti\/#primaryimage"},"image":{"@id":"https:\/\/www.kobler-margreid.com\/blog\/blog\/2009\/07\/08\/auch-uns-hat-es-erwischt-anche-noi-siamo-stati-colpiti\/#primaryimage"},"thumbnailUrl":"http:\/\/www.kobler-margreid.com\/blog\/wp-content\/2009\/07\/2009-07-07_16-04-09.jpg","datePublished":"2009-07-08T21:05:31+00:00","dateModified":"2009-07-09T05:32:34+00:00","breadcrumb":{"@id":"https:\/\/www.kobler-margreid.com\/blog\/blog\/2009\/07\/08\/auch-uns-hat-es-erwischt-anche-noi-siamo-stati-colpiti\/#breadcrumb"},"inLanguage":"de","potentialAction":[{"@type":"ReadAction","target":["https:\/\/www.kobler-margreid.com\/blog\/blog\/2009\/07\/08\/auch-uns-hat-es-erwischt-anche-noi-siamo-stati-colpiti\/"]}]},{"@type":"ImageObject","inLanguage":"de","@id":"https:\/\/www.kobler-margreid.com\/blog\/blog\/2009\/07\/08\/auch-uns-hat-es-erwischt-anche-noi-siamo-stati-colpiti\/#primaryimage","url":"http:\/\/www.kobler-margreid.com\/blog\/wp-content\/2009\/07\/2009-07-07_16-04-09.jpg","contentUrl":"http:\/\/www.kobler-margreid.com\/blog\/wp-content\/2009\/07\/2009-07-07_16-04-09.jpg"},{"@type":"BreadcrumbList","@id":"https:\/\/www.kobler-margreid.com\/blog\/blog\/2009\/07\/08\/auch-uns-hat-es-erwischt-anche-noi-siamo-stati-colpiti\/#breadcrumb","itemListElement":[{"@type":"ListItem","position":1,"name":"Startseite","item":"https:\/\/www.kobler-margreid.com\/blog\/"},{"@type":"ListItem","position":2,"name":"Auch uns hat es erwischt &#8211; Anche noi siamo stati colpiti"}]},{"@type":"WebSite","@id":"https:\/\/www.kobler-margreid.com\/blog\/#website","url":"https:\/\/www.kobler-margreid.com\/blog\/","name":"weinhof KOBLER weblog","description":"dem wein ganz nah \u2013 all&#039;interno del vino","publisher":{"@id":"https:\/\/www.kobler-margreid.com\/blog\/#\/schema\/person\/6a2290c17f680f59c1fa7e1c7a36df3a"},"potentialAction":[{"@type":"SearchAction","target":{"@type":"EntryPoint","urlTemplate":"https:\/\/www.kobler-margreid.com\/blog\/?s={search_term_string}"},"query-input":{"@type":"PropertyValueSpecification","valueRequired":true,"valueName":"search_term_string"}}],"inLanguage":"de"},{"@type":["Person","Organization"],"@id":"https:\/\/www.kobler-margreid.com\/blog\/#\/schema\/person\/6a2290c17f680f59c1fa7e1c7a36df3a","name":"armin kobler","image":{"@type":"ImageObject","inLanguage":"de","@id":"https:\/\/www.kobler-margreid.com\/blog\/wp-content\/2023\/11\/2012-05-08_09-33-03a.jpg","url":"https:\/\/www.kobler-margreid.com\/blog\/wp-content\/2023\/11\/2012-05-08_09-33-03a.jpg","contentUrl":"https:\/\/www.kobler-margreid.com\/blog\/wp-content\/2023\/11\/2012-05-08_09-33-03a.jpg","width":1088,"height":1184,"caption":"armin kobler"},"logo":{"@id":"https:\/\/www.kobler-margreid.com\/blog\/wp-content\/2023\/11\/2012-05-08_09-33-03a.jpg"},"sameAs":["http:\/\/www.kobler-margreid.com","https:\/\/www.facebook.com\/armin.kobler\/"]},{"@type":"Person","@id":"https:\/\/www.kobler-margreid.com\/blog\/#\/schema\/person\/fcca96145437484793adb0529dc48706","name":"armin kobler","image":{"@type":"ImageObject","inLanguage":"de","@id":"https:\/\/secure.gravatar.com\/avatar\/7ed75d18f117c58598b89fcf3ec9fda3311f3fbda827ac1502944a0804d87b7f?s=96&d=mm&r=g","url":"https:\/\/secure.gravatar.com\/avatar\/7ed75d18f117c58598b89fcf3ec9fda3311f3fbda827ac1502944a0804d87b7f?s=96&d=mm&r=g","contentUrl":"https:\/\/secure.gravatar.com\/avatar\/7ed75d18f117c58598b89fcf3ec9fda3311f3fbda827ac1502944a0804d87b7f?s=96&d=mm&r=g","caption":"armin kobler"},"sameAs":["http:\/\/"],"url":"https:\/\/www.kobler-margreid.com\/blog\/blog\/author\/armin-kobler\/"}]}},"_links":{"self":[{"href":"https:\/\/www.kobler-margreid.com\/blog\/wp-json\/wp\/v2\/posts\/2360","targetHints":{"allow":["GET"]}}],"collection":[{"href":"https:\/\/www.kobler-margreid.com\/blog\/wp-json\/wp\/v2\/posts"}],"about":[{"href":"https:\/\/www.kobler-margreid.com\/blog\/wp-json\/wp\/v2\/types\/post"}],"author":[{"embeddable":true,"href":"https:\/\/www.kobler-margreid.com\/blog\/wp-json\/wp\/v2\/users\/6"}],"replies":[{"embeddable":true,"href":"https:\/\/www.kobler-margreid.com\/blog\/wp-json\/wp\/v2\/comments?post=2360"}],"version-history":[{"count":0,"href":"https:\/\/www.kobler-margreid.com\/blog\/wp-json\/wp\/v2\/posts\/2360\/revisions"}],"wp:attachment":[{"href":"https:\/\/www.kobler-margreid.com\/blog\/wp-json\/wp\/v2\/media?parent=2360"}],"wp:term":[{"taxonomy":"category","embeddable":true,"href":"https:\/\/www.kobler-margreid.com\/blog\/wp-json\/wp\/v2\/categories?post=2360"},{"taxonomy":"post_tag","embeddable":true,"href":"https:\/\/www.kobler-margreid.com\/blog\/wp-json\/wp\/v2\/tags?post=2360"}],"curies":[{"name":"wp","href":"https:\/\/api.w.org\/{rel}","templated":true}]}}