{"id":2382,"date":"2009-07-14T22:43:02","date_gmt":"2009-07-14T21:43:02","guid":{"rendered":"http:\/\/www.kobler-margreid.com\/blog\/?p=2382"},"modified":"2011-01-29T19:19:46","modified_gmt":"2011-01-29T18:19:46","slug":"7-internationales-gewurztraminersymposion_7-simposio-internationale-del-gewurztraminer","status":"publish","type":"post","link":"https:\/\/www.kobler-margreid.com\/blog\/blog\/2009\/07\/14\/7-internationales-gewurztraminersymposion_7-simposio-internationale-del-gewurztraminer\/","title":{"rendered":"7. Internationales Gew\u00fcrztraminersymposion (1) \u2014 7\u00b0 Simposio Internazionale del Gew\u00fcrztraminer (1)"},"content":{"rendered":"<p><a href=\"http:\/\/www.kobler-margreid.com\/blog\/wp-content\/2009\/07\/2009-07-09_20-36-49.jpg\" rel=\"lightbox[2382]\"><img loading=\"lazy\" decoding=\"async\" class=\"float left alignleft size-full wp-image-2384\" style=\"border: 0pt none; margin: 0px 5px;\" title=\"2009-07-09_20-36-49\" src=\"http:\/\/www.kobler-margreid.com\/blog\/wp-content\/2009\/07\/2009-07-09_20-36-49.jpg\" alt=\"2009-07-09_20-36-49\" width=\"297\" height=\"395\" srcset=\"https:\/\/www.kobler-margreid.com\/blog\/wp-content\/2009\/07\/2009-07-09_20-36-49.jpg 618w, https:\/\/www.kobler-margreid.com\/blog\/wp-content\/2009\/07\/2009-07-09_20-36-49-225x300.jpg 225w\" sizes=\"auto, (max-width: 297px) 100vw, 297px\" \/><\/a>Elisabeth Eder (im Bild links) aus Salzburg (<a title=\"Weinfl\u00fcsterer\" href=\"http:\/\/www.weinfluesterer.at\/\" target=\"_blank\">weinfl\u00fcsterer<\/a>, <a title=\"wein.pur\" href=\"http:\/\/www.genuss-magazin.eu\/subwein\/\" target=\"_blank\">wein.pur<\/a>) war eine der Besucherinnen, welche sich anl\u00e4sslich des siebten internationalen Gew\u00fcrztraminersymposions vom 9. bis 11. Juli auf Schloss Rechtenthal in Tramin eingefunden haben. Franz Scarizuola und seine Mithelfer, welche \u00fcbrigens alle ehrenamtlich t\u00e4tig sind, haben wieder einmal ein sehr interessantes und vielf\u00e4ltiges <a title=\"Gew\u00fcrztraminer Symposion\" href=\"http:\/\/www.gewuerztraminer.info\/deutsch\/programm-referenten\/index.html\" target=\"_blank\">Programm<\/a> f\u00fcr diese im zweij\u00e4hrigen Rhythmus stattfindende Veranstaltung ausgearbeitet.<\/p>\n<p><em>Elisabeth Eder (nella foto sinistra) di Salisburgo (<a title=\"Weinfl\u00fcsterer\" href=\"http:\/\/www.weinfluesterer.at\/\" target=\"_blank\">Weinfl\u00fcsterer<\/a>, <a title=\"wein.pur\" href=\"http:\/\/www.genuss-magazin.eu\/subwein\/\" target=\"_blank\">wein.pur<\/a>) era una delle ospiti che si sono ritrovati dal 9 al 11 luglio al castello di Rechtenthal per partecipare al 7\u00b0 simposio internazionale del Gew\u00fcrztraminer. Franz Scarizuola ed il suo gruppo che peraltro lavora completamente a titolo volontario hanno preparato anche per questa manifestazione biennale un programma ambizionato e vario.<\/em><\/p>\n<p><em><!--more--><\/em><a href=\"http:\/\/www.kobler-margreid.com\/blog\/wp-content\/2009\/07\/2009-07-09_21-14-23.jpg\" rel=\"lightbox[2382]\"><img loading=\"lazy\" decoding=\"async\" class=\"float left alignleft size-full wp-image-2406\" style=\"border: 0pt none; margin: 0px 5px;\" title=\"2009-07-09_21-14-23\" src=\"http:\/\/www.kobler-margreid.com\/blog\/wp-content\/2009\/07\/2009-07-09_21-14-23.jpg\" alt=\"2009-07-09_21-14-23\" width=\"348\" height=\"262\" srcset=\"https:\/\/www.kobler-margreid.com\/blog\/wp-content\/2009\/07\/2009-07-09_21-14-23.jpg 824w, https:\/\/www.kobler-margreid.com\/blog\/wp-content\/2009\/07\/2009-07-09_21-14-23-300x225.jpg 300w\" sizes=\"auto, (max-width: 348px) 100vw, 348px\" \/><\/a>Am Er\u00f6ffnungsabend, von diesem stammen die Bilder, pr\u00e4sentierten die <a title=\"Gew\u00fcrztraminer Symposion: teilnehmende Betriebe\" href=\"http:\/\/www.gewuerztraminer.info\/deutsch\/kellereien-sponsoren\/index.html\" target=\"_blank\">S\u00fcdtiroler Weinbetriebe<\/a> im Schlossgarten ihre Gew\u00fcrztraminer. Parallel dazu konnten in den Innenr\u00e4umen die restlichen Weine dieser Sorte aus aller Welt gekostet werden. Sp\u00e4ter bereitete J\u00f6rg Trafoier\u00a0vom Restaurant <a title=\"Restaurant Kuppelrain\" href=\"http:\/\/www.kuppelrain.com\/de\/restaurant.php\" target=\"_blank\">Kuppelrain<\/a> feine Speisen auf Apfelbasis f\u00fcr alle Anwesenden. Von Journalisten war dieser erste Abend recht gut besucht. Ich konnte u.a. <a title=\"Wine Taste\" href=\"http:\/\/www.winetaste.it\/ita\/anteprima.php?id=5049\" target=\"_blank\">Roberto Gatti<\/a>, <a title=\"Vinealia\" href=\"http:\/\/www.vinealia.org\/default.asp\" target=\"_blank\">Lorenzo Colombo<\/a> und <a title=\"wein.pur\" href=\"http:\/\/www.genuss-magazin.eu\/subwein\/\" target=\"_blank\">Klaus Stumvoll<\/a> entdecken und auch Presseg\u00e4ste aus den USA (Bild links) waren angereist: von Uwe Staffler und Paul Zandanel (beide vom <a title=\"EOS-Team\" href=\"http:\/\/www.eos-export.org\/de-DE\/marketing_supportde.html\" target=\"_blank\">EOS-Team<\/a>) eingerahmt <a title=\"WineSkinny.com\" href=\"http:\/\/www.wineskinny.com\/about\/\" target=\"_blank\">Robyn Tinsley<\/a>, <a title=\"kelly magyarics wine consulting\" href=\"http:\/\/www.trywine.net\/pages\/about.html\" target=\"_blank\">Kelly Magyarics<\/a>, <a title=\"Every Day with Rachael Ray\" href=\"http:\/\/www.rachaelraymag.com\/\" target=\"_blank\">Susan Gordon<\/a> und <a title=\"Cornerstone Communications\" href=\"http:\/\/www.cornerstonepr.com\" target=\"_blank\">Chandni Patel<\/a>.<\/p>\n<p><em>Alla serata iniziale, di questa sono tratte le fotografie, i produttori sudtirolesi hanno presentato nel giardino antestante il castello i loro prodotti. Contemporaneamente si potevano degustare all&#8217;interno dell&#8217;edificio i Gew\u00fcrztraminer di tutto il mondo. Pi\u00f9 tardi lo chef del ristorante <a title=\"Restaurant Kuppelrain\" href=\"http:\/\/www.kuppelrain.com\/de\/restaurant.php\" target=\"_blank\">Kuppelrain<\/a>, J\u00f6rg Trafoier, ha preparato delle portate a base di mele. Questo primo evento \u00e8 stato frequentato bene dai giornalisti: Ho riconosciuti tra l&#8217;altro <a title=\"Wine Taste\" href=\"http:\/\/www.winetaste.it\/ita\/anteprima.php?id=5049\" target=\"_blank\">Roberto Gatti<\/a>, <a title=\"Vinealia\" href=\"http:\/\/www.vinealia.org\/default.asp\" target=\"_blank\">Lorenzo Colombo<\/a> e <a title=\"wein.pur\" href=\"http:\/\/www.genuss-magazin.eu\/subwein\/\" target=\"_blank\">Klaus Stumvoll<\/a> ma anche dagli stati uniti (foto sopra) ce n&#8217;erano: contornate da Uwe Staffler e Paul Zandanel del <a title=\"Team EOS\" href=\"http:\/\/www.eos-export.org\/it-IT\/marketing_supportit.html\" target=\"_blank\">Team EOS<\/a> <a title=\"WineSkinny.com\" href=\"http:\/\/www.wineskinny.com\/about\/\" target=\"_blank\">Robyn Tinsley<\/a>, <a title=\"kelly magyarics wine consulting\" href=\"http:\/\/www.trywine.net\/pages\/about.html\" target=\"_blank\">Kelly Magyarics<\/a>, <a title=\"Every Day with Rachael Ray\" href=\"http:\/\/www.rachaelraymag.com\/\" target=\"_blank\">Susan Gordon<\/a> e <a title=\"Cornerstone Communications\" href=\"http:\/\/www.cornerstonepr.com\/\" target=\"_blank\">Chandni Patel<\/a>.<\/em><\/p>\n<p>Schade, dass wieder einmal wenige S\u00fcdtiroler diesen Abend besucht haben. Dass Weinpr\u00e4sentationen allgemein nicht mehr so gut ankommen, ist inzwischen allgemein bemerkt worden und wird in der Folge auch <a title=\"Poggio Argentiera Blog\" href=\"http:\/\/poggioargentiera.com\/blog\/2009\/06\/26\/bordeaux-italissima-off-bloggers-e-la-stanchezza-di-certe-formule\/\" target=\"_blank\">diskutiert<\/a>. Dass die Einheimischen eine solche Veranstaltung mit eindrucksvollen Rahmen, toller Verk\u00f6stigung und interessanten Weinen zu einem sehr erschwinglichen Preis nicht nutzen, ist kaum verst\u00e4ndlich. Die Organisation ist top, das Personal motiviert, die Weine gut, die Ank\u00fcndigung war auch breit gef\u00e4chert. Das vielgeh\u00f6rte Argument, es sei zu viel los, passt bei besserer Betrachtung auch nicht, da manche Leute keine dieser Veranstaltungen besuchen und trotzdem jammern, es geschehe nichts.<\/p>\n<p><em>Peccato che come al solito ultimamente pochi sudtirolesi hanno partecipato alla serata. Che presentazioni di vini non attirano pi\u00f9 cos\u00ec tante persone come in passato \u00e8 ormai cosa nota che viene anche <a title=\"Poggio Argentiera Blog\" href=\"http:\/\/poggioargentiera.com\/blog\/2009\/06\/26\/bordeaux-italissima-off-bloggers-e-la-stanchezza-di-certe-formule\/\" target=\"_blank\">discussa<\/a>. Non riesco a capire per\u00f2 perch\u00e8 la gente del posto ignori una manifestazione in un bellissimo posto con dei piatti buonissimi e dei vini molto interessanti a un prezzo molto contenuto. L&#8217;organizzazione \u00e8 perfetta, il personale motivato, i vini buoni e la pubblicit\u00e0 era anche capillare. L&#8217;argomento spesso sentito che ci sono troppe opportunit\u00e0 non vale in quanto molte persone non ci vanno mai e poi si lamentano che non si f\u00e0 mai niente.<\/em><\/p>\nngg_shortcode_0_placeholder\n<p>Ist es vielleicht der Weintyp? Gew\u00fcrztraminer wird von den Einheimischen bekannterma\u00dfen au\u00dfer in <a title=\"weinhof KOBLER: Der Star des Abends \u2013 Il divo della serata\" href=\"http:\/\/www.kobler-margreid.com\/blog\/2009\/05\/26\/der-star-des-abends-il-divo-della-serata\/\" target=\"_blank\">Ausnahmef\u00e4llen<\/a> sehr wenig getrunken. Warum k\u00e4mpfen die <a title=\"Blauburgundertage Neumarkt\" href=\"http:\/\/www.blauburgunder.it\/de\/die-blauburgundertage\" target=\"_blank\">Blauburgundertage<\/a> dann aber mit dem gleichen Ph\u00e4nomen? Eine Erkl\u00e4rung k\u00f6nnte sein, dass in einer \u00dcberflussgesellschaft, und in der befinden wir uns trotz Wirtschaftskrise immer noch mehrheitlich, Veranstaltungen nur interessant sind, solange sie etwas Neues darstellen. Sobald sie, trotz gleichbleibender oder gar steigender Qualit\u00e4t sich wiederholen, verlieren sie merkbar an Anziehungskraft. Aber vielleicht hat jemand eine bessere Erkl\u00e4rung daf\u00fcr?<\/p>\n<p><em>\u00c8 forse la tipologia di vino? Il Gew\u00fcrztraminer \u00e8 un vino che a parte <a title=\"weinhof KOBLER: Der Star des Abends \u2013 Il divo della serata\" href=\"..\/2009\/05\/26\/der-star-des-abends-il-divo-della-serata\/\" target=\"_blank\">eccezzioni<\/a> non viene bevuto dai nativi. Ma perch\u00e8 allora anche le <a title=\"Giornate del Pinot nero\" href=\"http:\/\/www.blauburgunder.it\/it\/la-manifestazione\" target=\"_blank\">Giornate del Pinot nero<\/a> hanno lo stesso problema? Un motivo potrebbe essere che in una societ\u00e0 opulenta come la nostra, di cui nonostante la crisi la maggiorparte di noi f\u00e0 parte, le manifestazioni sono solo interessanti finch\u00e8 rappresentano qualcosa di nuovo. Quando si ripetono, nonostante che la qualit\u00e0 rimanga la stessa o venga addirittura migliorata, perdono di interesse in modo sensibile. Qualcuno ha migliori spiegazioni?<\/em><\/p>\n","protected":false},"excerpt":{"rendered":"<p>Elisabeth Eder (im Bild links) aus Salzburg (weinfl\u00fcsterer, wein.pur) war eine der Besucherinnen, welche sich anl\u00e4sslich des siebten internationalen Gew\u00fcrztraminersymposions vom 9. bis 11. Juli auf Schloss Rechtenthal in Tramin eingefunden haben. Franz Scarizuola und seine Mithelfer, welche \u00fcbrigens alle &hellip; <a href=\"https:\/\/www.kobler-margreid.com\/blog\/blog\/2009\/07\/14\/7-internationales-gewurztraminersymposion_7-simposio-internationale-del-gewurztraminer\/\">Weiterlesen <span class=\"meta-nav\">&rarr;<\/span><\/a><\/p>\n","protected":false},"author":6,"featured_media":0,"comment_status":"open","ping_status":"open","sticky":false,"template":"","format":"standard","meta":{"ngg_post_thumbnail":0,"footnotes":"","_links_to":"","_links_to_target":""},"categories":[9],"tags":[462,454,460,85,464,447,463,459,452,457,456,450,458,455,451,448,453,461,386,449],"class_list":["post-2382","post","type-post","status-publish","format-standard","hentry","category-oeffentlichkeitsarbeit","tag-blauburgundertage","tag-chandni-patel","tag-elisabeth-eder","tag-eos","tag-franz-scarizuola","tag-gewurztraminer-symposium","tag-giornate-del-pinot-nero","tag-jorg-trafoier","tag-kelly-magyarics","tag-klaus-stumvoll","tag-lorenzo-colombo","tag-paul-zandanel","tag-restaurant-kuppelrain","tag-roberto-gatti","tag-robyn-tinsley","tag-schloss-rechtenthal","tag-susan-gordon","tag-termeno","tag-tramin","tag-uwe-staffler"],"yoast_head":"<!-- This site is optimized with the Yoast SEO plugin v27.5 - https:\/\/yoast.com\/product\/yoast-seo-wordpress\/ -->\n<title>7. Internationales Gew\u00fcrztraminersymposion (1) \u2014 7\u00b0 Simposio Internazionale del Gew\u00fcrztraminer (1) - weinhof KOBLER weblog<\/title>\n<meta name=\"robots\" content=\"index, follow, max-snippet:-1, max-image-preview:large, max-video-preview:-1\" \/>\n<link rel=\"canonical\" href=\"https:\/\/www.kobler-margreid.com\/blog\/blog\/2009\/07\/14\/7-internationales-gewurztraminersymposion_7-simposio-internationale-del-gewurztraminer\/\" \/>\n<meta property=\"og:locale\" content=\"de_DE\" \/>\n<meta property=\"og:type\" content=\"article\" \/>\n<meta property=\"og:title\" content=\"7. Internationales Gew\u00fcrztraminersymposion (1) \u2014 7\u00b0 Simposio Internazionale del Gew\u00fcrztraminer (1) - weinhof KOBLER weblog\" \/>\n<meta property=\"og:description\" content=\"Elisabeth Eder (im Bild links) aus Salzburg (weinfl\u00fcsterer, wein.pur) war eine der Besucherinnen, welche sich anl\u00e4sslich des siebten internationalen Gew\u00fcrztraminersymposions vom 9. bis 11. Juli auf Schloss Rechtenthal in Tramin eingefunden haben. Franz Scarizuola und seine Mithelfer, welche \u00fcbrigens alle &hellip; Weiterlesen &rarr;\" \/>\n<meta property=\"og:url\" content=\"https:\/\/www.kobler-margreid.com\/blog\/blog\/2009\/07\/14\/7-internationales-gewurztraminersymposion_7-simposio-internationale-del-gewurztraminer\/\" \/>\n<meta property=\"og:site_name\" content=\"weinhof KOBLER weblog\" \/>\n<meta property=\"article:publisher\" content=\"https:\/\/www.facebook.com\/armin.kobler\/\" \/>\n<meta property=\"article:published_time\" content=\"2009-07-14T21:43:02+00:00\" \/>\n<meta property=\"article:modified_time\" content=\"2011-01-29T18:19:46+00:00\" \/>\n<meta property=\"og:image\" content=\"http:\/\/www.kobler-margreid.com\/blog\/wp-content\/2009\/07\/2009-07-09_20-36-49.jpg\" \/>\n<meta name=\"author\" content=\"armin kobler\" \/>\n<meta name=\"twitter:card\" content=\"summary_large_image\" \/>\n<meta name=\"twitter:label1\" content=\"Verfasst von\" \/>\n\t<meta name=\"twitter:data1\" content=\"armin kobler\" \/>\n\t<meta name=\"twitter:label2\" content=\"Gesch\u00e4tzte Lesezeit\" \/>\n\t<meta name=\"twitter:data2\" content=\"4\u00a0Minuten\" \/>\n<script type=\"application\/ld+json\" class=\"yoast-schema-graph\">{\"@context\":\"https:\\\/\\\/schema.org\",\"@graph\":[{\"@type\":\"Article\",\"@id\":\"https:\\\/\\\/www.kobler-margreid.com\\\/blog\\\/blog\\\/2009\\\/07\\\/14\\\/7-internationales-gewurztraminersymposion_7-simposio-internationale-del-gewurztraminer\\\/#article\",\"isPartOf\":{\"@id\":\"https:\\\/\\\/www.kobler-margreid.com\\\/blog\\\/blog\\\/2009\\\/07\\\/14\\\/7-internationales-gewurztraminersymposion_7-simposio-internationale-del-gewurztraminer\\\/\"},\"author\":{\"name\":\"armin kobler\",\"@id\":\"https:\\\/\\\/www.kobler-margreid.com\\\/blog\\\/#\\\/schema\\\/person\\\/fcca96145437484793adb0529dc48706\"},\"headline\":\"7. Internationales Gew\u00fcrztraminersymposion (1) \u2014 7\u00b0 Simposio Internazionale del Gew\u00fcrztraminer (1)\",\"datePublished\":\"2009-07-14T21:43:02+00:00\",\"dateModified\":\"2011-01-29T18:19:46+00:00\",\"mainEntityOfPage\":{\"@id\":\"https:\\\/\\\/www.kobler-margreid.com\\\/blog\\\/blog\\\/2009\\\/07\\\/14\\\/7-internationales-gewurztraminersymposion_7-simposio-internationale-del-gewurztraminer\\\/\"},\"wordCount\":726,\"commentCount\":1,\"publisher\":{\"@id\":\"https:\\\/\\\/www.kobler-margreid.com\\\/blog\\\/#\\\/schema\\\/person\\\/6a2290c17f680f59c1fa7e1c7a36df3a\"},\"image\":{\"@id\":\"https:\\\/\\\/www.kobler-margreid.com\\\/blog\\\/blog\\\/2009\\\/07\\\/14\\\/7-internationales-gewurztraminersymposion_7-simposio-internationale-del-gewurztraminer\\\/#primaryimage\"},\"thumbnailUrl\":\"http:\\\/\\\/www.kobler-margreid.com\\\/blog\\\/wp-content\\\/2009\\\/07\\\/2009-07-09_20-36-49.jpg\",\"keywords\":[\"Blauburgundertage\",\"Chandni Patel\",\"Elisabeth Eder\",\"EOS\",\"Franz Scarizuola\",\"Gew\u00fcrztraminer Symposium\",\"Giornate del Pinot nero\",\"J\u00f6rg Trafoier\",\"Kelly Magyarics\",\"Klaus Stumvoll\",\"Lorenzo Colombo\",\"Paul Zandanel\",\"Restaurant Kuppelrain\",\"Roberto Gatti\",\"Robyn Tinsley\",\"Schloss Rechtenthal\",\"Susan Gordon\",\"Termeno\",\"Tramin\",\"Uwe Staffler\"],\"articleSection\":[\"\u00d6ffentlichkeitsarbeit - Pubbliche relazioni\"],\"inLanguage\":\"de\",\"potentialAction\":[{\"@type\":\"CommentAction\",\"name\":\"Comment\",\"target\":[\"https:\\\/\\\/www.kobler-margreid.com\\\/blog\\\/blog\\\/2009\\\/07\\\/14\\\/7-internationales-gewurztraminersymposion_7-simposio-internationale-del-gewurztraminer\\\/#respond\"]}]},{\"@type\":\"WebPage\",\"@id\":\"https:\\\/\\\/www.kobler-margreid.com\\\/blog\\\/blog\\\/2009\\\/07\\\/14\\\/7-internationales-gewurztraminersymposion_7-simposio-internationale-del-gewurztraminer\\\/\",\"url\":\"https:\\\/\\\/www.kobler-margreid.com\\\/blog\\\/blog\\\/2009\\\/07\\\/14\\\/7-internationales-gewurztraminersymposion_7-simposio-internationale-del-gewurztraminer\\\/\",\"name\":\"7. Internationales Gew\u00fcrztraminersymposion (1) \u2014 7\u00b0 Simposio Internazionale del Gew\u00fcrztraminer (1) - weinhof KOBLER weblog\",\"isPartOf\":{\"@id\":\"https:\\\/\\\/www.kobler-margreid.com\\\/blog\\\/#website\"},\"primaryImageOfPage\":{\"@id\":\"https:\\\/\\\/www.kobler-margreid.com\\\/blog\\\/blog\\\/2009\\\/07\\\/14\\\/7-internationales-gewurztraminersymposion_7-simposio-internationale-del-gewurztraminer\\\/#primaryimage\"},\"image\":{\"@id\":\"https:\\\/\\\/www.kobler-margreid.com\\\/blog\\\/blog\\\/2009\\\/07\\\/14\\\/7-internationales-gewurztraminersymposion_7-simposio-internationale-del-gewurztraminer\\\/#primaryimage\"},\"thumbnailUrl\":\"http:\\\/\\\/www.kobler-margreid.com\\\/blog\\\/wp-content\\\/2009\\\/07\\\/2009-07-09_20-36-49.jpg\",\"datePublished\":\"2009-07-14T21:43:02+00:00\",\"dateModified\":\"2011-01-29T18:19:46+00:00\",\"breadcrumb\":{\"@id\":\"https:\\\/\\\/www.kobler-margreid.com\\\/blog\\\/blog\\\/2009\\\/07\\\/14\\\/7-internationales-gewurztraminersymposion_7-simposio-internationale-del-gewurztraminer\\\/#breadcrumb\"},\"inLanguage\":\"de\",\"potentialAction\":[{\"@type\":\"ReadAction\",\"target\":[\"https:\\\/\\\/www.kobler-margreid.com\\\/blog\\\/blog\\\/2009\\\/07\\\/14\\\/7-internationales-gewurztraminersymposion_7-simposio-internationale-del-gewurztraminer\\\/\"]}]},{\"@type\":\"ImageObject\",\"inLanguage\":\"de\",\"@id\":\"https:\\\/\\\/www.kobler-margreid.com\\\/blog\\\/blog\\\/2009\\\/07\\\/14\\\/7-internationales-gewurztraminersymposion_7-simposio-internationale-del-gewurztraminer\\\/#primaryimage\",\"url\":\"http:\\\/\\\/www.kobler-margreid.com\\\/blog\\\/wp-content\\\/2009\\\/07\\\/2009-07-09_20-36-49.jpg\",\"contentUrl\":\"http:\\\/\\\/www.kobler-margreid.com\\\/blog\\\/wp-content\\\/2009\\\/07\\\/2009-07-09_20-36-49.jpg\"},{\"@type\":\"BreadcrumbList\",\"@id\":\"https:\\\/\\\/www.kobler-margreid.com\\\/blog\\\/blog\\\/2009\\\/07\\\/14\\\/7-internationales-gewurztraminersymposion_7-simposio-internationale-del-gewurztraminer\\\/#breadcrumb\",\"itemListElement\":[{\"@type\":\"ListItem\",\"position\":1,\"name\":\"Startseite\",\"item\":\"https:\\\/\\\/www.kobler-margreid.com\\\/blog\\\/\"},{\"@type\":\"ListItem\",\"position\":2,\"name\":\"7. Internationales Gew\u00fcrztraminersymposion (1) \u2014 7\u00b0 Simposio Internazionale del Gew\u00fcrztraminer (1)\"}]},{\"@type\":\"WebSite\",\"@id\":\"https:\\\/\\\/www.kobler-margreid.com\\\/blog\\\/#website\",\"url\":\"https:\\\/\\\/www.kobler-margreid.com\\\/blog\\\/\",\"name\":\"weinhof KOBLER weblog\",\"description\":\"dem wein ganz nah \u2013 all&#039;interno del vino\",\"publisher\":{\"@id\":\"https:\\\/\\\/www.kobler-margreid.com\\\/blog\\\/#\\\/schema\\\/person\\\/6a2290c17f680f59c1fa7e1c7a36df3a\"},\"potentialAction\":[{\"@type\":\"SearchAction\",\"target\":{\"@type\":\"EntryPoint\",\"urlTemplate\":\"https:\\\/\\\/www.kobler-margreid.com\\\/blog\\\/?s={search_term_string}\"},\"query-input\":{\"@type\":\"PropertyValueSpecification\",\"valueRequired\":true,\"valueName\":\"search_term_string\"}}],\"inLanguage\":\"de\"},{\"@type\":[\"Person\",\"Organization\"],\"@id\":\"https:\\\/\\\/www.kobler-margreid.com\\\/blog\\\/#\\\/schema\\\/person\\\/6a2290c17f680f59c1fa7e1c7a36df3a\",\"name\":\"armin kobler\",\"image\":{\"@type\":\"ImageObject\",\"inLanguage\":\"de\",\"@id\":\"https:\\\/\\\/www.kobler-margreid.com\\\/blog\\\/wp-content\\\/2023\\\/11\\\/2012-05-08_09-33-03a.jpg\",\"url\":\"https:\\\/\\\/www.kobler-margreid.com\\\/blog\\\/wp-content\\\/2023\\\/11\\\/2012-05-08_09-33-03a.jpg\",\"contentUrl\":\"https:\\\/\\\/www.kobler-margreid.com\\\/blog\\\/wp-content\\\/2023\\\/11\\\/2012-05-08_09-33-03a.jpg\",\"width\":1088,\"height\":1184,\"caption\":\"armin kobler\"},\"logo\":{\"@id\":\"https:\\\/\\\/www.kobler-margreid.com\\\/blog\\\/wp-content\\\/2023\\\/11\\\/2012-05-08_09-33-03a.jpg\"},\"sameAs\":[\"http:\\\/\\\/www.kobler-margreid.com\",\"https:\\\/\\\/www.facebook.com\\\/armin.kobler\\\/\"]},{\"@type\":\"Person\",\"@id\":\"https:\\\/\\\/www.kobler-margreid.com\\\/blog\\\/#\\\/schema\\\/person\\\/fcca96145437484793adb0529dc48706\",\"name\":\"armin kobler\",\"image\":{\"@type\":\"ImageObject\",\"inLanguage\":\"de\",\"@id\":\"https:\\\/\\\/secure.gravatar.com\\\/avatar\\\/7ed75d18f117c58598b89fcf3ec9fda3311f3fbda827ac1502944a0804d87b7f?s=96&d=mm&r=g\",\"url\":\"https:\\\/\\\/secure.gravatar.com\\\/avatar\\\/7ed75d18f117c58598b89fcf3ec9fda3311f3fbda827ac1502944a0804d87b7f?s=96&d=mm&r=g\",\"contentUrl\":\"https:\\\/\\\/secure.gravatar.com\\\/avatar\\\/7ed75d18f117c58598b89fcf3ec9fda3311f3fbda827ac1502944a0804d87b7f?s=96&d=mm&r=g\",\"caption\":\"armin kobler\"},\"sameAs\":[\"http:\\\/\\\/\"],\"url\":\"https:\\\/\\\/www.kobler-margreid.com\\\/blog\\\/blog\\\/author\\\/armin-kobler\\\/\"}]}<\/script>\n<!-- \/ Yoast SEO plugin. -->","yoast_head_json":{"title":"7. Internationales Gew\u00fcrztraminersymposion (1) \u2014 7\u00b0 Simposio Internazionale del Gew\u00fcrztraminer (1) - weinhof KOBLER weblog","robots":{"index":"index","follow":"follow","max-snippet":"max-snippet:-1","max-image-preview":"max-image-preview:large","max-video-preview":"max-video-preview:-1"},"canonical":"https:\/\/www.kobler-margreid.com\/blog\/blog\/2009\/07\/14\/7-internationales-gewurztraminersymposion_7-simposio-internationale-del-gewurztraminer\/","og_locale":"de_DE","og_type":"article","og_title":"7. Internationales Gew\u00fcrztraminersymposion (1) \u2014 7\u00b0 Simposio Internazionale del Gew\u00fcrztraminer (1) - weinhof KOBLER weblog","og_description":"Elisabeth Eder (im Bild links) aus Salzburg (weinfl\u00fcsterer, wein.pur) war eine der Besucherinnen, welche sich anl\u00e4sslich des siebten internationalen Gew\u00fcrztraminersymposions vom 9. bis 11. Juli auf Schloss Rechtenthal in Tramin eingefunden haben. Franz Scarizuola und seine Mithelfer, welche \u00fcbrigens alle &hellip; Weiterlesen &rarr;","og_url":"https:\/\/www.kobler-margreid.com\/blog\/blog\/2009\/07\/14\/7-internationales-gewurztraminersymposion_7-simposio-internationale-del-gewurztraminer\/","og_site_name":"weinhof KOBLER weblog","article_publisher":"https:\/\/www.facebook.com\/armin.kobler\/","article_published_time":"2009-07-14T21:43:02+00:00","article_modified_time":"2011-01-29T18:19:46+00:00","og_image":[{"url":"http:\/\/www.kobler-margreid.com\/blog\/wp-content\/2009\/07\/2009-07-09_20-36-49.jpg","type":"","width":"","height":""}],"author":"armin kobler","twitter_card":"summary_large_image","twitter_misc":{"Verfasst von":"armin kobler","Gesch\u00e4tzte Lesezeit":"4\u00a0Minuten"},"schema":{"@context":"https:\/\/schema.org","@graph":[{"@type":"Article","@id":"https:\/\/www.kobler-margreid.com\/blog\/blog\/2009\/07\/14\/7-internationales-gewurztraminersymposion_7-simposio-internationale-del-gewurztraminer\/#article","isPartOf":{"@id":"https:\/\/www.kobler-margreid.com\/blog\/blog\/2009\/07\/14\/7-internationales-gewurztraminersymposion_7-simposio-internationale-del-gewurztraminer\/"},"author":{"name":"armin kobler","@id":"https:\/\/www.kobler-margreid.com\/blog\/#\/schema\/person\/fcca96145437484793adb0529dc48706"},"headline":"7. Internationales Gew\u00fcrztraminersymposion (1) \u2014 7\u00b0 Simposio Internazionale del Gew\u00fcrztraminer (1)","datePublished":"2009-07-14T21:43:02+00:00","dateModified":"2011-01-29T18:19:46+00:00","mainEntityOfPage":{"@id":"https:\/\/www.kobler-margreid.com\/blog\/blog\/2009\/07\/14\/7-internationales-gewurztraminersymposion_7-simposio-internationale-del-gewurztraminer\/"},"wordCount":726,"commentCount":1,"publisher":{"@id":"https:\/\/www.kobler-margreid.com\/blog\/#\/schema\/person\/6a2290c17f680f59c1fa7e1c7a36df3a"},"image":{"@id":"https:\/\/www.kobler-margreid.com\/blog\/blog\/2009\/07\/14\/7-internationales-gewurztraminersymposion_7-simposio-internationale-del-gewurztraminer\/#primaryimage"},"thumbnailUrl":"http:\/\/www.kobler-margreid.com\/blog\/wp-content\/2009\/07\/2009-07-09_20-36-49.jpg","keywords":["Blauburgundertage","Chandni Patel","Elisabeth Eder","EOS","Franz Scarizuola","Gew\u00fcrztraminer Symposium","Giornate del Pinot nero","J\u00f6rg Trafoier","Kelly Magyarics","Klaus Stumvoll","Lorenzo Colombo","Paul Zandanel","Restaurant Kuppelrain","Roberto Gatti","Robyn Tinsley","Schloss Rechtenthal","Susan Gordon","Termeno","Tramin","Uwe Staffler"],"articleSection":["\u00d6ffentlichkeitsarbeit - Pubbliche relazioni"],"inLanguage":"de","potentialAction":[{"@type":"CommentAction","name":"Comment","target":["https:\/\/www.kobler-margreid.com\/blog\/blog\/2009\/07\/14\/7-internationales-gewurztraminersymposion_7-simposio-internationale-del-gewurztraminer\/#respond"]}]},{"@type":"WebPage","@id":"https:\/\/www.kobler-margreid.com\/blog\/blog\/2009\/07\/14\/7-internationales-gewurztraminersymposion_7-simposio-internationale-del-gewurztraminer\/","url":"https:\/\/www.kobler-margreid.com\/blog\/blog\/2009\/07\/14\/7-internationales-gewurztraminersymposion_7-simposio-internationale-del-gewurztraminer\/","name":"7. Internationales Gew\u00fcrztraminersymposion (1) \u2014 7\u00b0 Simposio Internazionale del Gew\u00fcrztraminer (1) - weinhof KOBLER weblog","isPartOf":{"@id":"https:\/\/www.kobler-margreid.com\/blog\/#website"},"primaryImageOfPage":{"@id":"https:\/\/www.kobler-margreid.com\/blog\/blog\/2009\/07\/14\/7-internationales-gewurztraminersymposion_7-simposio-internationale-del-gewurztraminer\/#primaryimage"},"image":{"@id":"https:\/\/www.kobler-margreid.com\/blog\/blog\/2009\/07\/14\/7-internationales-gewurztraminersymposion_7-simposio-internationale-del-gewurztraminer\/#primaryimage"},"thumbnailUrl":"http:\/\/www.kobler-margreid.com\/blog\/wp-content\/2009\/07\/2009-07-09_20-36-49.jpg","datePublished":"2009-07-14T21:43:02+00:00","dateModified":"2011-01-29T18:19:46+00:00","breadcrumb":{"@id":"https:\/\/www.kobler-margreid.com\/blog\/blog\/2009\/07\/14\/7-internationales-gewurztraminersymposion_7-simposio-internationale-del-gewurztraminer\/#breadcrumb"},"inLanguage":"de","potentialAction":[{"@type":"ReadAction","target":["https:\/\/www.kobler-margreid.com\/blog\/blog\/2009\/07\/14\/7-internationales-gewurztraminersymposion_7-simposio-internationale-del-gewurztraminer\/"]}]},{"@type":"ImageObject","inLanguage":"de","@id":"https:\/\/www.kobler-margreid.com\/blog\/blog\/2009\/07\/14\/7-internationales-gewurztraminersymposion_7-simposio-internationale-del-gewurztraminer\/#primaryimage","url":"http:\/\/www.kobler-margreid.com\/blog\/wp-content\/2009\/07\/2009-07-09_20-36-49.jpg","contentUrl":"http:\/\/www.kobler-margreid.com\/blog\/wp-content\/2009\/07\/2009-07-09_20-36-49.jpg"},{"@type":"BreadcrumbList","@id":"https:\/\/www.kobler-margreid.com\/blog\/blog\/2009\/07\/14\/7-internationales-gewurztraminersymposion_7-simposio-internationale-del-gewurztraminer\/#breadcrumb","itemListElement":[{"@type":"ListItem","position":1,"name":"Startseite","item":"https:\/\/www.kobler-margreid.com\/blog\/"},{"@type":"ListItem","position":2,"name":"7. Internationales Gew\u00fcrztraminersymposion (1) \u2014 7\u00b0 Simposio Internazionale del Gew\u00fcrztraminer (1)"}]},{"@type":"WebSite","@id":"https:\/\/www.kobler-margreid.com\/blog\/#website","url":"https:\/\/www.kobler-margreid.com\/blog\/","name":"weinhof KOBLER weblog","description":"dem wein ganz nah \u2013 all&#039;interno del vino","publisher":{"@id":"https:\/\/www.kobler-margreid.com\/blog\/#\/schema\/person\/6a2290c17f680f59c1fa7e1c7a36df3a"},"potentialAction":[{"@type":"SearchAction","target":{"@type":"EntryPoint","urlTemplate":"https:\/\/www.kobler-margreid.com\/blog\/?s={search_term_string}"},"query-input":{"@type":"PropertyValueSpecification","valueRequired":true,"valueName":"search_term_string"}}],"inLanguage":"de"},{"@type":["Person","Organization"],"@id":"https:\/\/www.kobler-margreid.com\/blog\/#\/schema\/person\/6a2290c17f680f59c1fa7e1c7a36df3a","name":"armin kobler","image":{"@type":"ImageObject","inLanguage":"de","@id":"https:\/\/www.kobler-margreid.com\/blog\/wp-content\/2023\/11\/2012-05-08_09-33-03a.jpg","url":"https:\/\/www.kobler-margreid.com\/blog\/wp-content\/2023\/11\/2012-05-08_09-33-03a.jpg","contentUrl":"https:\/\/www.kobler-margreid.com\/blog\/wp-content\/2023\/11\/2012-05-08_09-33-03a.jpg","width":1088,"height":1184,"caption":"armin kobler"},"logo":{"@id":"https:\/\/www.kobler-margreid.com\/blog\/wp-content\/2023\/11\/2012-05-08_09-33-03a.jpg"},"sameAs":["http:\/\/www.kobler-margreid.com","https:\/\/www.facebook.com\/armin.kobler\/"]},{"@type":"Person","@id":"https:\/\/www.kobler-margreid.com\/blog\/#\/schema\/person\/fcca96145437484793adb0529dc48706","name":"armin kobler","image":{"@type":"ImageObject","inLanguage":"de","@id":"https:\/\/secure.gravatar.com\/avatar\/7ed75d18f117c58598b89fcf3ec9fda3311f3fbda827ac1502944a0804d87b7f?s=96&d=mm&r=g","url":"https:\/\/secure.gravatar.com\/avatar\/7ed75d18f117c58598b89fcf3ec9fda3311f3fbda827ac1502944a0804d87b7f?s=96&d=mm&r=g","contentUrl":"https:\/\/secure.gravatar.com\/avatar\/7ed75d18f117c58598b89fcf3ec9fda3311f3fbda827ac1502944a0804d87b7f?s=96&d=mm&r=g","caption":"armin kobler"},"sameAs":["http:\/\/"],"url":"https:\/\/www.kobler-margreid.com\/blog\/blog\/author\/armin-kobler\/"}]}},"_links":{"self":[{"href":"https:\/\/www.kobler-margreid.com\/blog\/wp-json\/wp\/v2\/posts\/2382","targetHints":{"allow":["GET"]}}],"collection":[{"href":"https:\/\/www.kobler-margreid.com\/blog\/wp-json\/wp\/v2\/posts"}],"about":[{"href":"https:\/\/www.kobler-margreid.com\/blog\/wp-json\/wp\/v2\/types\/post"}],"author":[{"embeddable":true,"href":"https:\/\/www.kobler-margreid.com\/blog\/wp-json\/wp\/v2\/users\/6"}],"replies":[{"embeddable":true,"href":"https:\/\/www.kobler-margreid.com\/blog\/wp-json\/wp\/v2\/comments?post=2382"}],"version-history":[{"count":0,"href":"https:\/\/www.kobler-margreid.com\/blog\/wp-json\/wp\/v2\/posts\/2382\/revisions"}],"wp:attachment":[{"href":"https:\/\/www.kobler-margreid.com\/blog\/wp-json\/wp\/v2\/media?parent=2382"}],"wp:term":[{"taxonomy":"category","embeddable":true,"href":"https:\/\/www.kobler-margreid.com\/blog\/wp-json\/wp\/v2\/categories?post=2382"},{"taxonomy":"post_tag","embeddable":true,"href":"https:\/\/www.kobler-margreid.com\/blog\/wp-json\/wp\/v2\/tags?post=2382"}],"curies":[{"name":"wp","href":"https:\/\/api.w.org\/{rel}","templated":true}]}}