{"id":2475,"date":"2009-08-17T16:33:49","date_gmt":"2009-08-17T15:33:49","guid":{"rendered":"http:\/\/www.kobler-margreid.com\/blog\/?p=2475"},"modified":"2009-08-28T17:06:20","modified_gmt":"2009-08-28T16:06:20","slug":"die-weinkrise-meine-antwort-la-crisi-del-vino-la-mia-risposta","status":"publish","type":"post","link":"https:\/\/www.kobler-margreid.com\/blog\/blog\/2009\/08\/17\/die-weinkrise-meine-antwort-la-crisi-del-vino-la-mia-risposta\/","title":{"rendered":"Die Weinkrise? Meine Antwort &#8211; La crisi del vino? La mia risposta"},"content":{"rendered":"<p><a href=\"http:\/\/www.kobler-margreid.com\/blog\/wp-content\/2009\/08\/paketuebergabe4.jpg\" rel=\"lightbox[2475]\"><img loading=\"lazy\" decoding=\"async\" class=\"float left alignleft size-full wp-image-2477\" style=\"border: 0pt none; margin: 0px 5px;\" title=\"paketuebergabe4\" src=\"http:\/\/www.kobler-margreid.com\/blog\/wp-content\/imagescaler\/dc42a2763e9999ffa025e1a2b31cd0c6.jpg\" alt=\"paketuebergabe4\" width=\"279\" height=\"183\" \/><\/a>Wir sollen uns selbst und anderen nichts vormachen, auch die S\u00fcdtiroler Weinwirtschaft klagt unter zum Teil empfindlichen Absatzr\u00fcckg\u00e4ngen. Die reale bzw. empfundene Wirtschaftskrise hat den Verbrauchern den Kauf vom Wein im Einzelhandel und den Konsum in der Gastronomie sp\u00fcrbar verdorben. Besonders letztere versp\u00fcrt zudem die immer strenger sanktionierten Alkoholkontrollen, welche dann oft irrationale Fr\u00fcchte hervorbringen: allzuviele Konsumenten meinen in der Angst, zumindest den F\u00fchrerschein zu verlieren, dass auch w\u00e4hrend eines Essens maximal ein Glas Wein oder besser gar keines getrunken werden kann, um unter den allesentscheidenden 0,5 \u2030 zu bleiben.<\/p>\n<p><em>Sar\u00e0 meglio che non illudiamo noi stessi e gli altri, anche l&#8217;economia vinicola sudtirolese soffre di difficolt\u00e0 <\/em><em>di vendita<\/em><em> in parte dolorose. La crisi economica reale e quella immaginata hanno tolto al consumatore la voglia di comprare vino nelle enoteche o di consumarlo nella ristorazione. Soprattutto quest&#8217;ultima soffre peraltro dei controlli stradali fortemente sanzionati che portano a dei risultati anche molto irrazionali: la paura fortissima di tantissimi consumatori di perdere come minimo la patente porta a farli pensare che anche durante un pranzo si possa bere solo un bicchiere di vino o meglio neanche quello per restare sotto i fatidici 0,5 \u2030.<\/em><\/p>\n<p><em> <\/em><em><!--more--><\/em><\/p>\n<p>N\u00fcchtern denkende Wirtschaftsexperten sehen die Krise gelassener und betrachten sie wie ein strenger Besen, der endlich die M\u00e4rkte ordentlich ausputzt und die Gleichgewichte auf ein realeres Niveau bringt. In so einem Klima werden die Lagerbest\u00e4nde \u00fcberall abgebaut indem nur die mindestem\u00f6glichen Nachbestellungen erfolgen. In der Folge wird es auch in den Nischen eng und die Neigung der Gastronomen und \u00d6nothekenbesitzer, wenig bekannte Betriebe ins Portfolio aufzunehmen, sinkt rapide. Man will auf der sicheren Seite bleiben. Verst\u00e4rkt wird diese Tendenz dadurch, so wurde dies mir von mehreren Gastronomen berichtet, dass weinkundiges Service-Personal immer seltener wird. Und ohne Weinempfehlung tendiert der Gast automatisch dazu, die bekannten Namen auf der Weinkarte auszusuchen, auch er will kein Risiko eingehen.<\/p>\n<p><em>Gli esperti di economia non allarmisti vedono la crisi pi\u00f9 rilassati e la considerano come una scopa che ripulisce i mercati e riporta gli equilibri economici a livelli pi\u00f9 reali. In questo clima si riducono le giacenze in maggazino ordinando solo lo stretto necessario.  Di conseguenza anche le nicchie si restringono e la tendenza degli enotecari e ristoratori di introdurre aziende poco conosciute diminuisce in modo significativo. Si vuole andare sul sicuro. Questa tendenza, cos\u00ec ho sentito dai ristoratori, viene rafforzata dal fatto che \u00e8 sempre pi\u00f9 difficile trovare personale di servizio che si intenda di vini. E senza venire consigliato nella scelta dei vini, l&#8217;ospite tender\u00e0 sempre a scegliere cose che conosce, anche lui non vuole rischiare.<\/em><\/p>\n<p>Nat\u00fcrlich haben mich diese Entwicklungen nicht verschont. Ich merke, dass Bestellungen sp\u00e4ter als gewohnt eintreffen und\/oder kleinere Mengen als bisher beinhalten. Dies kann mich als ausgesprochener Wei\u00dfweinproduzenten nicht unber\u00fchrt lassen: besonders heuer, wo Fl\u00e4chenerweiterungen eine Steigerung der Produktion mit sich gebracht haben und ab einen bestimmten Zeitpunkt der m.E. immer ungerechtfertigtere Ruf nach dem neuen Jahrgang laut werden wird.<em> <\/em><\/p>\n<p><em>Naturalmente questi sviluppi non mi hanno risparmiato. Vedo che gli ordini arrivano pi\u00f9 tardi del consueto e talvolta comprendono quantit\u00e0 minori del solito. Questo naturalmente non posso ignorarlo da produttore soprattutto di vini bianchi: in special modo quest&#8217;anno dove ho aumentato la superficie vinificata e dato che ad un certo punto si sentir\u00e0 quel secondo me sempre pi\u00f9 ingiustificato &#8222;aspetto l&#8217;annata nuova&#8220;.<\/em><\/p>\n<p>Wie versuche ich dem entgegenzusteuern?<em> <\/em>\u00dcber Wundermittel verf\u00fcge ich nat\u00fcrlich nicht, ich versuche \u00fcberall anzusetzen. Die Summe aller Bem\u00fchungen wird hoffentlich<em> <\/em>helfen, diese Krise mittelfristig erfolgreich zu meistern. Als Selbstvermarkter intensiviere ich zun\u00e4chst den Kontakt zum Kunden, sei es der Endverbraucher wie der Wiederverk\u00e4ufer, der Weineinzelh\u00e4ndler oder der Gastronom. W\u00e4hrend ich anfangs drei Messen oder Pr\u00e4sentationen im Jahresbudget eingeplant habe, werden es 2009 doppelt so viele sein. Auch bei kleineren Events, sofern zeitlich machbar, werde ich zugegegen sein. Das Internetangebot soll weiterhin aktuell, die Blogeintr\u00e4ge wenn m\u00f6glich h\u00e4ufiger erfolgen. Autobeklebungen mit dem Betriebslogo runden den Auftritt nach au\u00dfen hin ab. Die Weinf\u00fchrer werden aber weiterhin meine Weine nicht bekommen (dar\u00fcber vielleicht zu einem anderen Zeitpunkt). Das ambizionierteste und finanziell auch intensivste Projekt stellt aber der in Planung befindliche &#8222;Weinraum&#8220;, so sein Arbeitstitel, dar. Ein Raum, welcher der Selbstvermarkung, Weinseminaren und der Weinsensorik dienen soll. Damit will ich dem steigenden Bed\u00fcrfnis nach umfassenden, gef\u00fchrten Weingenuss entgegenkommen und \u00fcberdurchschnittlich weininteressierte Kunden ansprechen.<\/p>\n<p><em>Come cerco di reagire? Non dispongo di ricette sicure ma cerco di lavorare su pi\u00f9 fronti, sperando che la somma degli interventi porti ad un miglioramento della situazione a medio termine. Da vignaiolo per primo intensifico il contatto col cliente, che esso sia il privato, il grossista, l&#8217;enotecario o il ristoratore. Se all&#8217;inizio della mia attivit\u00e0 ho previsto nel budget annuale tre uscite su fiere e presentazioni, nel 2009 ho raddoppiato le mie presenze. Anche ad eventi piccoli sar\u00f2 presente, se c&#8217;\u00e8 disponibilit\u00e0 di tempo. Il sito web dovr\u00e0 continuare ad essere aggiornato ed informativo, cercher\u00f2 di scrivere pi\u00f9 frequentemente sul blog. La macchina personalizzata col logo dell&#8217;azienda completa la presentazione. Le guide continueranno per\u00f2 a non avere i miei vini (forse in un altro momento i motivi). Il progetto pi\u00f9 ambizioso e costoso \u00e8 senz&#8217;altro la creazione di uno &#8222;spazio del vino&#8220;, cos\u00ec il titolo provvisorio. Al momento \u00e8 in fase di proggettazione e dovrebbe servire per la vendita diretta, per seminari sul vino, per l&#8217;analisi sensoriale. Con questo voglio reagire alla domanda crescente di degustazioni guidate nel quadro dell&#8217;enoturismo.<\/em><\/p>\n<p><a href=\"http:\/\/www.kobler-margreid.com\/blog\/wp-content\/2009\/08\/2009-08-14_06-42-49.jpg\" rel=\"lightbox[2475]\"><img loading=\"lazy\" decoding=\"async\" class=\"float left alignleft size-full wp-image-2495\" style=\"border: 0pt none; margin: 0px 5px;\" title=\"2009-08-14_06-42-49\" src=\"http:\/\/www.kobler-margreid.com\/blog\/wp-content\/2009\/08\/2009-08-14_06-42-49.jpg\" alt=\"2009-08-14_06-42-49\" width=\"348\" height=\"262\" srcset=\"https:\/\/www.kobler-margreid.com\/blog\/wp-content\/2009\/08\/2009-08-14_06-42-49.jpg 824w, https:\/\/www.kobler-margreid.com\/blog\/wp-content\/2009\/08\/2009-08-14_06-42-49-300x225.jpg 300w\" sizes=\"auto, (max-width: 348px) 100vw, 348px\" \/><\/a>Ganz wichtig ist momentan die vermehrte Suche nach neuen M\u00e4rkten.<em> <\/em>Was da so gro\u00dfspurig klingt, bedeutet in meinem Mikrokosmos, dass ich noch intensiver bei \u00d6notheken und Restaurants aber auch bei Wiederverk\u00e4ufern mit meinen Weinen <a title=\"weinhof KOBLER: Meine wichtigste Begleiterin\" href=\"http:\/\/www.kobler-margreid.com\/blog\/2008\/06\/28\/meine-wichtigste-begleiterin\/\" target=\"_blank\">vorspreche<\/a>. Da kann es schon passieren, das mein Smart mit auszuliefernden Kartonen und K\u00fchlboxen zum K\u00fchlhalten der Musterflaschen ordentlich beladen wird. Parallel laufen Verhandlungen mit Weinh\u00e4ndlern in Deutschland und mittelfristig m\u00f6chte ich in auf dem so schwierigen \u00f6sterreichischen Markt pr\u00e4sent sein. Ein Gl\u00fcck, dass die momentan aktuellen Weine meiner Meinung nach die besten der drei letzten Jahrg\u00e4nge sind.<\/p>\n<p>In diesem Sommer haben mir folgende Betreibe erstmals das Vertrauen geschenkt:<\/p>\n<p><a title=\"Goldner Adler\" href=\"http:\/\/www.zum-goldnen-adler.com\/\" target=\"_blank\">Hotel Goldner Adler<\/a> in Schleis<br \/>\n<a title=\"Greif\" href=\"http:\/\/www.hotel-greif.com\/\" target=\"_blank\">Hotel Greif<\/a> in Mals<br \/>\n<strong>Pfoshof<\/strong> in Lengmoos am Ritten<br \/>\n<a title=\"Rosenbaum\" href=\"http:\/\/www.rosenbaum.it\" target=\"_blank\">Hotel Rosenbaum<\/a> in Nals<br \/>\n<a title=\"Seeperle\" href=\"http:\/\/www.seeperle.com\/\" target=\"_blank\">Hotel Seeperle<\/a> in Kaltern<br \/>\n<a title=\"Turmbach\" href=\"http:\/\/www.turmbach.com\" target=\"_blank\">Landgasthof Bad Turmbach<\/a> in Eppan<br \/>\n<a title=\"Unterpazeider\" href=\"http:\/\/www.unterpazeider.com\" target=\"_blank\">Hotel Unterpazeider<\/a> in Marling<br \/>\n<a title=\"Weingalerie\" href=\"http:\/\/www.weingalerie.it\" target=\"_blank\">Weingalerie<\/a> in Brixen<br \/>\n<a title=\"Waltershof\" href=\"http:\/\/www.waltershof.it\/\" target=\"_blank\">Hotel Waltershof<\/a> in Ulten<br \/>\nWinebar <a title=\"Banco 11\" href=\"http:\/\/www.banco11.it\" target=\"_blank\"><strong>Banco undici<\/strong><\/a> in Bozen<\/p>\n<p><em>Molto importante \u00e8 al momento la ricerca di nuovi mercati. Riferito al mio microcosmo vuol dire presentarsi ancora pi\u00f9 frequentemente presso enotecari, ristoratori ma anche grossisti con i miei campioni per avviare nuovi contatti commerciali. Nel\u00a0 corso di questi viaggi pu\u00f2 succedere che la mia smart sia abbastanza riempita di cartoni da consegnare e dei box che tengono freschi i campioni da degustare. Contemporaneamente sono in trattativa con importatori germanici e a medio termine vorrei essere presente anche sul cos\u00ec difficile mercato austriaco. Sono contento che proprio i vini delle annate attuali secondo me sono i migliori che sono riuscito a fare da quando vinifico in proprio.<\/em><\/p>\n<p><em>Quest&#8217;estate mi hanno dato la prima volta la loro fiducia le seguenti imprese:<\/em><\/p>\n<p><em><a title=\"Goldner Adler\" href=\"http:\/\/www.zum-goldnen-adler.com\/\" target=\"_blank\">Hotel Aquila d&#8217;Oro<\/a> a Schleis\/Clusio<br \/>\n<a title=\"Greif\" href=\"http:\/\/www.hotel-greif.com\/\" target=\"_blank\">Hotel Greif<\/a> a Mals\/Malles<br \/>\n<strong>Pfoshof<\/strong> a Lengmoos\/Longomoso sul Ritten\/Renon<br \/>\n<a title=\"Rosenbaum\" href=\"http:\/\/www.rosenbaum.it\/\" target=\"_blank\">Hotel Rosenbaum<\/a> a Nals\/Nalles<br \/>\n<a title=\"Seeperle\" href=\"http:\/\/www.seeperle.com\/\" target=\"_blank\">Hotel Seeperle<\/a> a Kaltern\/Caldaro<br \/>\n<a title=\"Turmbach\" href=\"http:\/\/www.turmbach.com\/\" target=\"_blank\">Landgasthof Bad Turmbach<\/a> a Eppan\/Appiano<br \/>\n<a title=\"Unterpazeider\" href=\"http:\/\/www.unterpazeider.com\/\" target=\"_blank\">Hotel Unterpazeider<\/a> a Marling\/Marlengo<br \/>\n<a title=\"Weingalerie\" href=\"http:\/\/www.weingalerie.it\/\" target=\"_blank\">Weingalerie<\/a> a Brixen\/Bressanone<br \/>\n<a title=\"Waltershof\" href=\"http:\/\/www.waltershof.it\/\" target=\"_blank\">Hotel Waltershof<\/a> a Ulten\/Ultimo<br \/>\nWinebar<strong> <\/strong><a title=\"Banco 11\" href=\"http:\/\/www.banco11.it\/\" target=\"_blank\"><strong>Banco undici<\/strong><\/a><\/em><em> a Bozen\/Bolzano<\/em><\/p>\n<p><em><br \/>\n<\/em><\/p>\n","protected":false},"excerpt":{"rendered":"<p>Wir sollen uns selbst und anderen nichts vormachen, auch die S\u00fcdtiroler Weinwirtschaft klagt unter zum Teil empfindlichen Absatzr\u00fcckg\u00e4ngen. Die reale bzw. empfundene Wirtschaftskrise hat den Verbrauchern den Kauf vom Wein im Einzelhandel und den Konsum in der Gastronomie sp\u00fcrbar verdorben. &hellip; <a href=\"https:\/\/www.kobler-margreid.com\/blog\/blog\/2009\/08\/17\/die-weinkrise-meine-antwort-la-crisi-del-vino-la-mia-risposta\/\">Weiterlesen <span class=\"meta-nav\">&rarr;<\/span><\/a><\/p>\n","protected":false},"author":6,"featured_media":0,"comment_status":"open","ping_status":"open","sticky":false,"template":"","format":"standard","meta":{"ngg_post_thumbnail":0,"footnotes":"","_links_to":"","_links_to_target":""},"categories":[113,112,111,114],"tags":[468,478,469,474,477,476,473,472,470,475,471,480,467,479],"class_list":["post-2475","post","type-post","status-publish","format-standard","hentry","category-hotel","category-onotheken","category-restaurants","category-verkauf","tag-crisi-del-vino","tag-hotel-aquila-doro","tag-hotel-goldner-adler","tag-hotel-greif","tag-hotel-rosenbaum","tag-hotel-seeperle","tag-hotel-unterpazeider","tag-hotel-waltershof","tag-landgasthof-bad-turmbach","tag-pfoshof","tag-punto-undici","tag-spazio-del-vino","tag-weinkrise","tag-weinraum"],"yoast_head":"<!-- This site is optimized with the Yoast SEO plugin v27.5 - https:\/\/yoast.com\/product\/yoast-seo-wordpress\/ -->\n<title>Die Weinkrise? Meine Antwort - La crisi del vino? La mia risposta - weinhof KOBLER weblog<\/title>\n<meta name=\"robots\" content=\"index, follow, max-snippet:-1, max-image-preview:large, max-video-preview:-1\" \/>\n<link rel=\"canonical\" href=\"https:\/\/www.kobler-margreid.com\/blog\/blog\/2009\/08\/17\/die-weinkrise-meine-antwort-la-crisi-del-vino-la-mia-risposta\/\" \/>\n<meta property=\"og:locale\" content=\"de_DE\" \/>\n<meta property=\"og:type\" content=\"article\" \/>\n<meta property=\"og:title\" content=\"Die Weinkrise? Meine Antwort - La crisi del vino? La mia risposta - weinhof KOBLER weblog\" \/>\n<meta property=\"og:description\" content=\"Wir sollen uns selbst und anderen nichts vormachen, auch die S\u00fcdtiroler Weinwirtschaft klagt unter zum Teil empfindlichen Absatzr\u00fcckg\u00e4ngen. Die reale bzw. empfundene Wirtschaftskrise hat den Verbrauchern den Kauf vom Wein im Einzelhandel und den Konsum in der Gastronomie sp\u00fcrbar verdorben. &hellip; Weiterlesen &rarr;\" \/>\n<meta property=\"og:url\" content=\"https:\/\/www.kobler-margreid.com\/blog\/blog\/2009\/08\/17\/die-weinkrise-meine-antwort-la-crisi-del-vino-la-mia-risposta\/\" \/>\n<meta property=\"og:site_name\" content=\"weinhof KOBLER weblog\" \/>\n<meta property=\"article:publisher\" content=\"https:\/\/www.facebook.com\/armin.kobler\/\" \/>\n<meta property=\"article:published_time\" content=\"2009-08-17T15:33:49+00:00\" \/>\n<meta property=\"article:modified_time\" content=\"2009-08-28T16:06:20+00:00\" \/>\n<meta property=\"og:image\" content=\"http:\/\/www.kobler-margreid.com\/blog\/wp-content\/imagescaler\/dc42a2763e9999ffa025e1a2b31cd0c6.jpg\" \/>\n<meta name=\"author\" content=\"armin kobler\" \/>\n<meta name=\"twitter:card\" content=\"summary_large_image\" \/>\n<meta name=\"twitter:label1\" content=\"Verfasst von\" \/>\n\t<meta name=\"twitter:data1\" content=\"armin kobler\" \/>\n\t<meta name=\"twitter:label2\" content=\"Gesch\u00e4tzte Lesezeit\" \/>\n\t<meta name=\"twitter:data2\" content=\"6\u00a0Minuten\" \/>\n<script type=\"application\/ld+json\" class=\"yoast-schema-graph\">{\"@context\":\"https:\\\/\\\/schema.org\",\"@graph\":[{\"@type\":\"Article\",\"@id\":\"https:\\\/\\\/www.kobler-margreid.com\\\/blog\\\/blog\\\/2009\\\/08\\\/17\\\/die-weinkrise-meine-antwort-la-crisi-del-vino-la-mia-risposta\\\/#article\",\"isPartOf\":{\"@id\":\"https:\\\/\\\/www.kobler-margreid.com\\\/blog\\\/blog\\\/2009\\\/08\\\/17\\\/die-weinkrise-meine-antwort-la-crisi-del-vino-la-mia-risposta\\\/\"},\"author\":{\"name\":\"armin kobler\",\"@id\":\"https:\\\/\\\/www.kobler-margreid.com\\\/blog\\\/#\\\/schema\\\/person\\\/fcca96145437484793adb0529dc48706\"},\"headline\":\"Die Weinkrise? Meine Antwort &#8211; La crisi del vino? La mia risposta\",\"datePublished\":\"2009-08-17T15:33:49+00:00\",\"dateModified\":\"2009-08-28T16:06:20+00:00\",\"mainEntityOfPage\":{\"@id\":\"https:\\\/\\\/www.kobler-margreid.com\\\/blog\\\/blog\\\/2009\\\/08\\\/17\\\/die-weinkrise-meine-antwort-la-crisi-del-vino-la-mia-risposta\\\/\"},\"wordCount\":1255,\"commentCount\":1,\"publisher\":{\"@id\":\"https:\\\/\\\/www.kobler-margreid.com\\\/blog\\\/#\\\/schema\\\/person\\\/6a2290c17f680f59c1fa7e1c7a36df3a\"},\"image\":{\"@id\":\"https:\\\/\\\/www.kobler-margreid.com\\\/blog\\\/blog\\\/2009\\\/08\\\/17\\\/die-weinkrise-meine-antwort-la-crisi-del-vino-la-mia-risposta\\\/#primaryimage\"},\"thumbnailUrl\":\"http:\\\/\\\/www.kobler-margreid.com\\\/blog\\\/wp-content\\\/imagescaler\\\/dc42a2763e9999ffa025e1a2b31cd0c6.jpg\",\"keywords\":[\"Crisi del vino\",\"Hotel Aquila d'Oro\",\"Hotel Goldner Adler\",\"Hotel Greif\",\"Hotel Rosenbaum\",\"Hotel Seeperle\",\"Hotel Unterpazeider\",\"Hotel Waltershof\",\"Landgasthof Bad Turmbach\",\"Pfoshof\",\"Punto undici\",\"Spazio del Vino\",\"Weinkrise\",\"Weinraum\"],\"articleSection\":[\"Hotel\",\"\u00d6notheken - Enoteche\",\"Restaurants - Ristoranti\",\"Verkauf - Vendita\"],\"inLanguage\":\"de\",\"potentialAction\":[{\"@type\":\"CommentAction\",\"name\":\"Comment\",\"target\":[\"https:\\\/\\\/www.kobler-margreid.com\\\/blog\\\/blog\\\/2009\\\/08\\\/17\\\/die-weinkrise-meine-antwort-la-crisi-del-vino-la-mia-risposta\\\/#respond\"]}]},{\"@type\":\"WebPage\",\"@id\":\"https:\\\/\\\/www.kobler-margreid.com\\\/blog\\\/blog\\\/2009\\\/08\\\/17\\\/die-weinkrise-meine-antwort-la-crisi-del-vino-la-mia-risposta\\\/\",\"url\":\"https:\\\/\\\/www.kobler-margreid.com\\\/blog\\\/blog\\\/2009\\\/08\\\/17\\\/die-weinkrise-meine-antwort-la-crisi-del-vino-la-mia-risposta\\\/\",\"name\":\"Die Weinkrise? Meine Antwort - La crisi del vino? La mia risposta - weinhof KOBLER weblog\",\"isPartOf\":{\"@id\":\"https:\\\/\\\/www.kobler-margreid.com\\\/blog\\\/#website\"},\"primaryImageOfPage\":{\"@id\":\"https:\\\/\\\/www.kobler-margreid.com\\\/blog\\\/blog\\\/2009\\\/08\\\/17\\\/die-weinkrise-meine-antwort-la-crisi-del-vino-la-mia-risposta\\\/#primaryimage\"},\"image\":{\"@id\":\"https:\\\/\\\/www.kobler-margreid.com\\\/blog\\\/blog\\\/2009\\\/08\\\/17\\\/die-weinkrise-meine-antwort-la-crisi-del-vino-la-mia-risposta\\\/#primaryimage\"},\"thumbnailUrl\":\"http:\\\/\\\/www.kobler-margreid.com\\\/blog\\\/wp-content\\\/imagescaler\\\/dc42a2763e9999ffa025e1a2b31cd0c6.jpg\",\"datePublished\":\"2009-08-17T15:33:49+00:00\",\"dateModified\":\"2009-08-28T16:06:20+00:00\",\"breadcrumb\":{\"@id\":\"https:\\\/\\\/www.kobler-margreid.com\\\/blog\\\/blog\\\/2009\\\/08\\\/17\\\/die-weinkrise-meine-antwort-la-crisi-del-vino-la-mia-risposta\\\/#breadcrumb\"},\"inLanguage\":\"de\",\"potentialAction\":[{\"@type\":\"ReadAction\",\"target\":[\"https:\\\/\\\/www.kobler-margreid.com\\\/blog\\\/blog\\\/2009\\\/08\\\/17\\\/die-weinkrise-meine-antwort-la-crisi-del-vino-la-mia-risposta\\\/\"]}]},{\"@type\":\"ImageObject\",\"inLanguage\":\"de\",\"@id\":\"https:\\\/\\\/www.kobler-margreid.com\\\/blog\\\/blog\\\/2009\\\/08\\\/17\\\/die-weinkrise-meine-antwort-la-crisi-del-vino-la-mia-risposta\\\/#primaryimage\",\"url\":\"https:\\\/\\\/www.kobler-margreid.com\\\/blog\\\/wp-content\\\/2009\\\/08\\\/paketuebergabe4.jpg\",\"contentUrl\":\"https:\\\/\\\/www.kobler-margreid.com\\\/blog\\\/wp-content\\\/2009\\\/08\\\/paketuebergabe4.jpg\",\"width\":\"1082\",\"height\":\"705\"},{\"@type\":\"BreadcrumbList\",\"@id\":\"https:\\\/\\\/www.kobler-margreid.com\\\/blog\\\/blog\\\/2009\\\/08\\\/17\\\/die-weinkrise-meine-antwort-la-crisi-del-vino-la-mia-risposta\\\/#breadcrumb\",\"itemListElement\":[{\"@type\":\"ListItem\",\"position\":1,\"name\":\"Startseite\",\"item\":\"https:\\\/\\\/www.kobler-margreid.com\\\/blog\\\/\"},{\"@type\":\"ListItem\",\"position\":2,\"name\":\"Die Weinkrise? Meine Antwort &#8211; La crisi del vino? La mia risposta\"}]},{\"@type\":\"WebSite\",\"@id\":\"https:\\\/\\\/www.kobler-margreid.com\\\/blog\\\/#website\",\"url\":\"https:\\\/\\\/www.kobler-margreid.com\\\/blog\\\/\",\"name\":\"weinhof KOBLER weblog\",\"description\":\"dem wein ganz nah \u2013 all&#039;interno del vino\",\"publisher\":{\"@id\":\"https:\\\/\\\/www.kobler-margreid.com\\\/blog\\\/#\\\/schema\\\/person\\\/6a2290c17f680f59c1fa7e1c7a36df3a\"},\"potentialAction\":[{\"@type\":\"SearchAction\",\"target\":{\"@type\":\"EntryPoint\",\"urlTemplate\":\"https:\\\/\\\/www.kobler-margreid.com\\\/blog\\\/?s={search_term_string}\"},\"query-input\":{\"@type\":\"PropertyValueSpecification\",\"valueRequired\":true,\"valueName\":\"search_term_string\"}}],\"inLanguage\":\"de\"},{\"@type\":[\"Person\",\"Organization\"],\"@id\":\"https:\\\/\\\/www.kobler-margreid.com\\\/blog\\\/#\\\/schema\\\/person\\\/6a2290c17f680f59c1fa7e1c7a36df3a\",\"name\":\"armin kobler\",\"image\":{\"@type\":\"ImageObject\",\"inLanguage\":\"de\",\"@id\":\"https:\\\/\\\/www.kobler-margreid.com\\\/blog\\\/wp-content\\\/2023\\\/11\\\/2012-05-08_09-33-03a.jpg\",\"url\":\"https:\\\/\\\/www.kobler-margreid.com\\\/blog\\\/wp-content\\\/2023\\\/11\\\/2012-05-08_09-33-03a.jpg\",\"contentUrl\":\"https:\\\/\\\/www.kobler-margreid.com\\\/blog\\\/wp-content\\\/2023\\\/11\\\/2012-05-08_09-33-03a.jpg\",\"width\":1088,\"height\":1184,\"caption\":\"armin kobler\"},\"logo\":{\"@id\":\"https:\\\/\\\/www.kobler-margreid.com\\\/blog\\\/wp-content\\\/2023\\\/11\\\/2012-05-08_09-33-03a.jpg\"},\"sameAs\":[\"http:\\\/\\\/www.kobler-margreid.com\",\"https:\\\/\\\/www.facebook.com\\\/armin.kobler\\\/\"]},{\"@type\":\"Person\",\"@id\":\"https:\\\/\\\/www.kobler-margreid.com\\\/blog\\\/#\\\/schema\\\/person\\\/fcca96145437484793adb0529dc48706\",\"name\":\"armin kobler\",\"image\":{\"@type\":\"ImageObject\",\"inLanguage\":\"de\",\"@id\":\"https:\\\/\\\/secure.gravatar.com\\\/avatar\\\/7ed75d18f117c58598b89fcf3ec9fda3311f3fbda827ac1502944a0804d87b7f?s=96&d=mm&r=g\",\"url\":\"https:\\\/\\\/secure.gravatar.com\\\/avatar\\\/7ed75d18f117c58598b89fcf3ec9fda3311f3fbda827ac1502944a0804d87b7f?s=96&d=mm&r=g\",\"contentUrl\":\"https:\\\/\\\/secure.gravatar.com\\\/avatar\\\/7ed75d18f117c58598b89fcf3ec9fda3311f3fbda827ac1502944a0804d87b7f?s=96&d=mm&r=g\",\"caption\":\"armin kobler\"},\"sameAs\":[\"http:\\\/\\\/\"],\"url\":\"https:\\\/\\\/www.kobler-margreid.com\\\/blog\\\/blog\\\/author\\\/armin-kobler\\\/\"}]}<\/script>\n<!-- \/ Yoast SEO plugin. -->","yoast_head_json":{"title":"Die Weinkrise? Meine Antwort - La crisi del vino? La mia risposta - weinhof KOBLER weblog","robots":{"index":"index","follow":"follow","max-snippet":"max-snippet:-1","max-image-preview":"max-image-preview:large","max-video-preview":"max-video-preview:-1"},"canonical":"https:\/\/www.kobler-margreid.com\/blog\/blog\/2009\/08\/17\/die-weinkrise-meine-antwort-la-crisi-del-vino-la-mia-risposta\/","og_locale":"de_DE","og_type":"article","og_title":"Die Weinkrise? Meine Antwort - La crisi del vino? La mia risposta - weinhof KOBLER weblog","og_description":"Wir sollen uns selbst und anderen nichts vormachen, auch die S\u00fcdtiroler Weinwirtschaft klagt unter zum Teil empfindlichen Absatzr\u00fcckg\u00e4ngen. Die reale bzw. empfundene Wirtschaftskrise hat den Verbrauchern den Kauf vom Wein im Einzelhandel und den Konsum in der Gastronomie sp\u00fcrbar verdorben. &hellip; Weiterlesen &rarr;","og_url":"https:\/\/www.kobler-margreid.com\/blog\/blog\/2009\/08\/17\/die-weinkrise-meine-antwort-la-crisi-del-vino-la-mia-risposta\/","og_site_name":"weinhof KOBLER weblog","article_publisher":"https:\/\/www.facebook.com\/armin.kobler\/","article_published_time":"2009-08-17T15:33:49+00:00","article_modified_time":"2009-08-28T16:06:20+00:00","og_image":[{"url":"http:\/\/www.kobler-margreid.com\/blog\/wp-content\/imagescaler\/dc42a2763e9999ffa025e1a2b31cd0c6.jpg","type":"","width":"","height":""}],"author":"armin kobler","twitter_card":"summary_large_image","twitter_misc":{"Verfasst von":"armin kobler","Gesch\u00e4tzte Lesezeit":"6\u00a0Minuten"},"schema":{"@context":"https:\/\/schema.org","@graph":[{"@type":"Article","@id":"https:\/\/www.kobler-margreid.com\/blog\/blog\/2009\/08\/17\/die-weinkrise-meine-antwort-la-crisi-del-vino-la-mia-risposta\/#article","isPartOf":{"@id":"https:\/\/www.kobler-margreid.com\/blog\/blog\/2009\/08\/17\/die-weinkrise-meine-antwort-la-crisi-del-vino-la-mia-risposta\/"},"author":{"name":"armin kobler","@id":"https:\/\/www.kobler-margreid.com\/blog\/#\/schema\/person\/fcca96145437484793adb0529dc48706"},"headline":"Die Weinkrise? Meine Antwort &#8211; La crisi del vino? La mia risposta","datePublished":"2009-08-17T15:33:49+00:00","dateModified":"2009-08-28T16:06:20+00:00","mainEntityOfPage":{"@id":"https:\/\/www.kobler-margreid.com\/blog\/blog\/2009\/08\/17\/die-weinkrise-meine-antwort-la-crisi-del-vino-la-mia-risposta\/"},"wordCount":1255,"commentCount":1,"publisher":{"@id":"https:\/\/www.kobler-margreid.com\/blog\/#\/schema\/person\/6a2290c17f680f59c1fa7e1c7a36df3a"},"image":{"@id":"https:\/\/www.kobler-margreid.com\/blog\/blog\/2009\/08\/17\/die-weinkrise-meine-antwort-la-crisi-del-vino-la-mia-risposta\/#primaryimage"},"thumbnailUrl":"http:\/\/www.kobler-margreid.com\/blog\/wp-content\/imagescaler\/dc42a2763e9999ffa025e1a2b31cd0c6.jpg","keywords":["Crisi del vino","Hotel Aquila d'Oro","Hotel Goldner Adler","Hotel Greif","Hotel Rosenbaum","Hotel Seeperle","Hotel Unterpazeider","Hotel Waltershof","Landgasthof Bad Turmbach","Pfoshof","Punto undici","Spazio del Vino","Weinkrise","Weinraum"],"articleSection":["Hotel","\u00d6notheken - Enoteche","Restaurants - Ristoranti","Verkauf - Vendita"],"inLanguage":"de","potentialAction":[{"@type":"CommentAction","name":"Comment","target":["https:\/\/www.kobler-margreid.com\/blog\/blog\/2009\/08\/17\/die-weinkrise-meine-antwort-la-crisi-del-vino-la-mia-risposta\/#respond"]}]},{"@type":"WebPage","@id":"https:\/\/www.kobler-margreid.com\/blog\/blog\/2009\/08\/17\/die-weinkrise-meine-antwort-la-crisi-del-vino-la-mia-risposta\/","url":"https:\/\/www.kobler-margreid.com\/blog\/blog\/2009\/08\/17\/die-weinkrise-meine-antwort-la-crisi-del-vino-la-mia-risposta\/","name":"Die Weinkrise? Meine Antwort - La crisi del vino? La mia risposta - weinhof KOBLER weblog","isPartOf":{"@id":"https:\/\/www.kobler-margreid.com\/blog\/#website"},"primaryImageOfPage":{"@id":"https:\/\/www.kobler-margreid.com\/blog\/blog\/2009\/08\/17\/die-weinkrise-meine-antwort-la-crisi-del-vino-la-mia-risposta\/#primaryimage"},"image":{"@id":"https:\/\/www.kobler-margreid.com\/blog\/blog\/2009\/08\/17\/die-weinkrise-meine-antwort-la-crisi-del-vino-la-mia-risposta\/#primaryimage"},"thumbnailUrl":"http:\/\/www.kobler-margreid.com\/blog\/wp-content\/imagescaler\/dc42a2763e9999ffa025e1a2b31cd0c6.jpg","datePublished":"2009-08-17T15:33:49+00:00","dateModified":"2009-08-28T16:06:20+00:00","breadcrumb":{"@id":"https:\/\/www.kobler-margreid.com\/blog\/blog\/2009\/08\/17\/die-weinkrise-meine-antwort-la-crisi-del-vino-la-mia-risposta\/#breadcrumb"},"inLanguage":"de","potentialAction":[{"@type":"ReadAction","target":["https:\/\/www.kobler-margreid.com\/blog\/blog\/2009\/08\/17\/die-weinkrise-meine-antwort-la-crisi-del-vino-la-mia-risposta\/"]}]},{"@type":"ImageObject","inLanguage":"de","@id":"https:\/\/www.kobler-margreid.com\/blog\/blog\/2009\/08\/17\/die-weinkrise-meine-antwort-la-crisi-del-vino-la-mia-risposta\/#primaryimage","url":"https:\/\/www.kobler-margreid.com\/blog\/wp-content\/2009\/08\/paketuebergabe4.jpg","contentUrl":"https:\/\/www.kobler-margreid.com\/blog\/wp-content\/2009\/08\/paketuebergabe4.jpg","width":"1082","height":"705"},{"@type":"BreadcrumbList","@id":"https:\/\/www.kobler-margreid.com\/blog\/blog\/2009\/08\/17\/die-weinkrise-meine-antwort-la-crisi-del-vino-la-mia-risposta\/#breadcrumb","itemListElement":[{"@type":"ListItem","position":1,"name":"Startseite","item":"https:\/\/www.kobler-margreid.com\/blog\/"},{"@type":"ListItem","position":2,"name":"Die Weinkrise? Meine Antwort &#8211; La crisi del vino? La mia risposta"}]},{"@type":"WebSite","@id":"https:\/\/www.kobler-margreid.com\/blog\/#website","url":"https:\/\/www.kobler-margreid.com\/blog\/","name":"weinhof KOBLER weblog","description":"dem wein ganz nah \u2013 all&#039;interno del vino","publisher":{"@id":"https:\/\/www.kobler-margreid.com\/blog\/#\/schema\/person\/6a2290c17f680f59c1fa7e1c7a36df3a"},"potentialAction":[{"@type":"SearchAction","target":{"@type":"EntryPoint","urlTemplate":"https:\/\/www.kobler-margreid.com\/blog\/?s={search_term_string}"},"query-input":{"@type":"PropertyValueSpecification","valueRequired":true,"valueName":"search_term_string"}}],"inLanguage":"de"},{"@type":["Person","Organization"],"@id":"https:\/\/www.kobler-margreid.com\/blog\/#\/schema\/person\/6a2290c17f680f59c1fa7e1c7a36df3a","name":"armin kobler","image":{"@type":"ImageObject","inLanguage":"de","@id":"https:\/\/www.kobler-margreid.com\/blog\/wp-content\/2023\/11\/2012-05-08_09-33-03a.jpg","url":"https:\/\/www.kobler-margreid.com\/blog\/wp-content\/2023\/11\/2012-05-08_09-33-03a.jpg","contentUrl":"https:\/\/www.kobler-margreid.com\/blog\/wp-content\/2023\/11\/2012-05-08_09-33-03a.jpg","width":1088,"height":1184,"caption":"armin kobler"},"logo":{"@id":"https:\/\/www.kobler-margreid.com\/blog\/wp-content\/2023\/11\/2012-05-08_09-33-03a.jpg"},"sameAs":["http:\/\/www.kobler-margreid.com","https:\/\/www.facebook.com\/armin.kobler\/"]},{"@type":"Person","@id":"https:\/\/www.kobler-margreid.com\/blog\/#\/schema\/person\/fcca96145437484793adb0529dc48706","name":"armin kobler","image":{"@type":"ImageObject","inLanguage":"de","@id":"https:\/\/secure.gravatar.com\/avatar\/7ed75d18f117c58598b89fcf3ec9fda3311f3fbda827ac1502944a0804d87b7f?s=96&d=mm&r=g","url":"https:\/\/secure.gravatar.com\/avatar\/7ed75d18f117c58598b89fcf3ec9fda3311f3fbda827ac1502944a0804d87b7f?s=96&d=mm&r=g","contentUrl":"https:\/\/secure.gravatar.com\/avatar\/7ed75d18f117c58598b89fcf3ec9fda3311f3fbda827ac1502944a0804d87b7f?s=96&d=mm&r=g","caption":"armin kobler"},"sameAs":["http:\/\/"],"url":"https:\/\/www.kobler-margreid.com\/blog\/blog\/author\/armin-kobler\/"}]}},"_links":{"self":[{"href":"https:\/\/www.kobler-margreid.com\/blog\/wp-json\/wp\/v2\/posts\/2475","targetHints":{"allow":["GET"]}}],"collection":[{"href":"https:\/\/www.kobler-margreid.com\/blog\/wp-json\/wp\/v2\/posts"}],"about":[{"href":"https:\/\/www.kobler-margreid.com\/blog\/wp-json\/wp\/v2\/types\/post"}],"author":[{"embeddable":true,"href":"https:\/\/www.kobler-margreid.com\/blog\/wp-json\/wp\/v2\/users\/6"}],"replies":[{"embeddable":true,"href":"https:\/\/www.kobler-margreid.com\/blog\/wp-json\/wp\/v2\/comments?post=2475"}],"version-history":[{"count":0,"href":"https:\/\/www.kobler-margreid.com\/blog\/wp-json\/wp\/v2\/posts\/2475\/revisions"}],"wp:attachment":[{"href":"https:\/\/www.kobler-margreid.com\/blog\/wp-json\/wp\/v2\/media?parent=2475"}],"wp:term":[{"taxonomy":"category","embeddable":true,"href":"https:\/\/www.kobler-margreid.com\/blog\/wp-json\/wp\/v2\/categories?post=2475"},{"taxonomy":"post_tag","embeddable":true,"href":"https:\/\/www.kobler-margreid.com\/blog\/wp-json\/wp\/v2\/tags?post=2475"}],"curies":[{"name":"wp","href":"https:\/\/api.w.org\/{rel}","templated":true}]}}