{"id":2554,"date":"2009-08-31T00:16:30","date_gmt":"2009-08-30T23:16:30","guid":{"rendered":"http:\/\/www.kobler-margreid.com\/blog\/?p=2554"},"modified":"2009-08-31T00:50:11","modified_gmt":"2009-08-30T23:50:11","slug":"osterreichische-dac-highlights-des-jahrganges-2008-vertici-austriaci-dac-dellannata-2008","status":"publish","type":"post","link":"https:\/\/www.kobler-margreid.com\/blog\/blog\/2009\/08\/31\/osterreichische-dac-highlights-des-jahrganges-2008-vertici-austriaci-dac-dellannata-2008\/","title":{"rendered":"\u00d6sterreichische DAC Highlights des Jahrganges 2008 &#8211; Vertici austriaci DAC dell&#8217;annata 2008"},"content":{"rendered":"<p style=\"text-align: left;\"><a href=\"http:\/\/www.kobler-margreid.com\/blog\/wp-content\/2009\/08\/Kost.jpg\" rel=\"lightbox[2554]\"><img loading=\"lazy\" decoding=\"async\" class=\"float left alignleft size-full wp-image-2559\" style=\"border: 0pt none; margin: 0px 5px;\" title=\"Kost\" src=\"http:\/\/www.kobler-margreid.com\/blog\/wp-content\/2009\/08\/Kost.jpg\" alt=\"Kost\" width=\"316\" height=\"238\" srcset=\"https:\/\/www.kobler-margreid.com\/blog\/wp-content\/2009\/08\/Kost.jpg 824w, https:\/\/www.kobler-margreid.com\/blog\/wp-content\/2009\/08\/Kost-300x225.jpg 300w\" sizes=\"auto, (max-width: 316px) 100vw, 316px\" \/><\/a>Im Anschluss an die ordentliche Mitgliederversammlung der Vereinigung \u00f6sterreichischer \u00d6nologen und Weinforscher (V\u00d6St\u00d6F), welcher Reinhard Eder (Klosterneuburg) vorsteht, bestand die M\u00f6glichkeit, an einer geleiteten Verkostung der <em>DAC Highlights des Jahrganges 2008<\/em> teilzunehmen. Weinbauberater Konrad Hackl hat zu diesem Zweck acht Serien zu jeweils 3 bis 4 Weine der Sorten Gr\u00fcner Veltliner und Riesling der Klassifikation <em>DAC<\/em> sowie <em>DAC Reserve <\/em>zusammengestellt.<\/p>\n<p style=\"text-align: left;\"><em>A seguito dell&#8217;assemblea ordinaria dell&#8217;associazione degli enologi e ricercatori enologici austriaci (V\u00d6St\u00d6F), alla cui presiede Reinhard Eder (Klosterneuburg) c&#8217;era la possibilit\u00e0 di partecipare ad una degustazione commentata dei <\/em>Vertici DAC dell&#8217;annata 2008<em>. Il consulente viticolo Konrad Hackl a preparato otto serie di 3 o 4 vini delle variet\u00e0 Gr\u00fcner Veltliner e Riesling classificati <\/em>DAC<em> e <\/em>DAC Reserve<em>.<\/em><\/p>\n<p style=\"text-align: left;\"><em><!--more--><\/em>Am Podium waren anwesend: Willi Klinger (Gesch\u00e4ftsf\u00fchrer \u00d6sterreich           Wein Marketing GmbH), die Obm\u00e4nner der regionalen Interprofessionellen Kommittees Fred Loimer (Kamptal), Roman Pfaffl (Weinviertel), Sepp Mantler (Kremstal) und Andreas Herzinger (stellvertretender Obmann in Vertretung von Markus Huber, Traisental) zudem Franz Backknecht (Direktor <em> <\/em><em>Nieder\u00f6sterreichischer<\/em> Weinbauverband), Heinz Frischengruber (Dom\u00e4ne Wachau), Konrad Hackl und Reinhard Eder.<\/p>\n<p style=\"text-align: left;\"><em>Sul podio erano presenti: Willi Klinger (direttore \u00d6sterreich Wein Marketing GmbH) e i presidenti dei comitati interprofessionali regionali Fred Loimer (Kamptal), Roman Pfaffl (Weinviertel), Sepp Mantler (Kremstal) e Andreas Herzinger (il vice di Markus Huber, Traisental), inoltre Franz Backknecht (direttore del Nieder\u00f6sterreichischer Weinbauverband), Heinz Frischengruber (Dom\u00e4ne Wachau), Konrad Hackl e Reinhard Eder.<\/em><\/p>\n<p>Laut <a title=\"Wikipedia: DAC\" href=\"http:\/\/de.wikipedia.org\/wiki\/Districtus_Austriae_Controllatus\" target=\"_blank\">Wikipedia<\/a> ist &#8222;<strong>Districtus Austriae Controllatus<\/strong> (DAC) eine Herkunftsbezeichnung f\u00fcr regionaltypische Qualit\u00e4tsweine aus \u00d6sterreich. Die Bezeichnung DAC wird von regionalen Weinkomitees an jene Weine vergeben, die ihre Herkunftsregion in unverkennbarer Weise repr\u00e4sentieren. Im Jahr 2002 wurde mit der Einf\u00fchrung des Appellationssystems DAC (Districtus Austriae Controllatus) in \u00d6sterreichs Weinhierarchie erstmals die Herkunft \u00fcber die Rebsorte gestellt. Ziel ist es typische Weine einer Region unter einer gemeinsamen Marke zusammenzufassen und damit gr\u00f6\u00dfere Weinmengen mit einer zuordenbaren Stilistik zu schaffen.&#8220;<br \/>\nMehr Details gibt es auf den spezifischen Seiten (<a title=\"\u00d6sterreich Wein: Weingesetz\" href=\"http:\/\/www.weinausoesterreich.at\/daten\/weingesetz_c.html\" target=\"_blank\">1<\/a>, <a title=\"\u00d6sterreich Wein: DAC\" href=\"http:\/\/www.weinausoesterreich.at\/wein\/herkunftsmarketing.html\" target=\"_blank\">2<\/a>) von<em> \u00d6sterreich Wein<\/em>.<\/p>\n<p align=\"left\"><em>Sul sito di <a title=\"Austrian Wine\" href=\"http:\/\/www.winesfromaustria.com\/wine\/qualitywine.html\" target=\"_blank\">Austrian Wine<\/a> la classificazione <\/em>DAC<em> viene spiegata cos\u00ec: &#8222;Strategy for Specific Appellations: A particular wine style representative of a specific region should use the name of this region as appellation on the label. If a specified region officially accepts this strategy according to regulations of its own devising within the framework of the Austrian Wine Law, the Minister for Agriculture can declare it to be a DAC-appellation. In this case the appellation (e. g. Weinviertel, Mittelburgenland, Traisental, Kremstal or Kamptal) is followed by the expresion \u201cDAC\u201d (<strong>Districtus Austriae Controllatus<\/strong>). Only the wine(s) most representative of these specific regions will then be permitted to bear the specific appellation on the label; all other wines will be labelled with the name of the generic appellation.&#8220;<\/em><\/p>\n<p align=\"left\">ngg_shortcode_0_placeholder<\/p>\n<p align=\"left\">Die Weine waren alle von hoher Qualit\u00e4t, trotz des besonders f\u00fcr den sp\u00e4treifenden Riesling schwierigen Jahrgangverlaufes 2008. Manche Serien waren hinsichtlich der Stilistik recht homogen, andere wiederum sehr verschiedenartig. Mit den <em>DAC-Reserve<\/em>-Weinen tat ich mir etwas schwer. Unzweifelhaft waren es besonders hochwertige Weine, doch oft so gehaltvoll, dass man sie sich dauernd vor Augen halten musste, dass sie ausgesprochene Essenbegleiter sind. Die Trinkigkeit \u2014 sofern \u00fcberhaupt als wichtig empfunden \u2014 hat sicherlich unter der Konzentration der Inhaltsstoffe gelitten. Sehr interessant, wie erwartet, die Diskussionen \u00fcber die Typizit\u00e4t der Produkte.<\/p>\n<p align=\"left\"><em>Tutti i vini erano di alta qualit\u00e0, nonostante che proprio per il Riesling che matura tardi, il decorso dell&#8217;annata 2008 non era molto facile. Diverse serie erano molto omogenee, altre erano caratterizzate da differenze notevoli circa la stilistica dei vini. Io avevo dei problemi con i prodotti classificati <\/em>DAC Reserve<em>. Indubbiamente erano vini molto importanti, ma cos\u00ec concentrati che bisognava tener presente ogni volta che sono degli accompagnatori di pasti. La bevibilit\u00e0, nel caso che si sia dato dell&#8217;importanza, ha risentito senz altro della concentrazione di questi vini. Molto interessante le discussioni circa la tipicit\u00e0 dei singoli vini. <\/em><em>C&#8217;era da aspettarsi diversamente?<\/em><\/p>\n<p align=\"left\">Bemerkenswert waren auch die verschiedenen Statements der Teilnehmer. Fred Loimer z.B. betonte, dass im Kamptal die Bezeichnung <em>DAC<\/em> nicht zu evident aufscheinen soll, weswegen der Begriff nur auf dem Etikett mit den gesetzlichen Bezeichnungen, in der Regel auf dem R\u00fcckenetikett, ersichtlich sein soll. Der Konsument solle wissen, was er bekommt. <em>DAC<\/em> steht f\u00fcr einen bestimmten, eher klassichen Weintyp, bei der Bezeichnung <em>DAC <\/em><em>Reserve<\/em> kann sich der Konsument mehr Freestyle erwarten.  <em>DAC<\/em> soll aber in keinem Fall die Unterschiede in der Stilistik zwischen den Betrieben einebnen.<br \/>\nWilli Klinger will die <em>DAC<\/em>-Weine als dominierende Regionstypen haben, Spielwiesen f\u00fcr die Winzer, welche sich am Rande mit Syrah, Cabernet usw. besch\u00e4ftigen wollen, solle\u00a0 es aber weiterhin geben. Wenn man das nicht zul\u00e4sst, werden diese L\u00fccken von ausl\u00e4ndischen Weine gef\u00fcllt.<br \/>\nRoman Pfaffl verteidigte hingegen die Entscheidung des Weinviertels, keine <em>DAC Reserve<\/em> eingef\u00fchrt zu haben, obwohl dort auch Weine produziert werden, welche von der Typologie her eher der Reserve als dem klassischen Typ entsprechen.<br \/>\nIch frage mich aber, ob solche regionalspezifische Verwendungen der <em>DAC<\/em>-Strategie wirklich dem Konsumenten die Wahl des f\u00fcr ihn geeigneten Produktes dienen.<\/p>\n<p align=\"left\"><em>Erano interessanti inoltre i diversi interventi: Fred Loimer per esempio ha ribadito che nel suo Kamptal la denominazione <\/em>DAC <em>non compare troppo in evidenza. Infatti viene applicata solo sull&#8217;etichetta che ospitata i dati voluti dalla legge, generalmente allora sulla retroetichetta. Lo scopo della <\/em>DAC<em> \u00e8 fondamentalmente quello che il consumatore sappia cosa gli attende. <\/em>DAC<em> st\u00e0 pi\u00f9 per una versione classica, con la denominazione <\/em>DAC Reserve<em> ci si pu\u00f2 aspettare pi\u00f9 &#8222;freestyle&#8220;. La <\/em>DAC <em>comunque non deve azzerare le differenze die stilistica tra le aziende.<br \/>\nPer Willi Klinger le tipologie regionali sono molto importanti anche in termini quantitativi. Le nicchie in cui si possono sbizzarirsi i vignaioli con Syrah o Cabernet per esmpio continueranno per\u00f2 ad esistere. Se no queste nicchie veranno colmate dai produttori stranieri.<br \/>\nRoma Pfaffl invece ha difeso la decisione del suo Weinviertel di non aver introdotto la denominazione DAC-Reserve anche se l\u00ec vengono prdotti tra l&#8217;altro dei vini che corrsispondono pi\u00f9 a quella tipologia che a quella classica.<br \/>\nIo mi domando se l&#8217;impiego cos\u00ec diversificato secondo le regioni viticole della strategia DAC, aiuter\u00e0 alla fine il consumatore a scegliere il prodotto che pi\u00f9 gli addice.<\/em>\n<\/p>\n<p align=\"left\">Der wichtigste\u00a0 Satz m.E. kam abschlie\u00dfend von Willi Klinger: Die stilistische Diskussion sei wichtig. Das Bed\u00fcrfnis nach <em>DAC<\/em> m\u00fcsse aber von unten kommen, solle es auch funktionieren.<\/p>\n<p align=\"left\"><em>La frase <\/em><em>secondo me pi\u00f9 importante \u00e8 stata detta alla fine da Willi Klinger: La discussione sulla stilistica dei vini \u00e8 molto importante. Il desiderio di lavorare con una <\/em>DAC<em> deve provenire per\u00f2 dalla base, se si vuole che funzioni.<\/em><\/p>\n<p align=\"left\"><em><a href=\"http:\/\/www.kobler-margreid.com\/blog\/wp-content\/2009\/08\/Haushofer_Kobler.jpg\" rel=\"lightbox[2554]\"><img loading=\"lazy\" decoding=\"async\" class=\"float left alignleft size-full wp-image-2579\" style=\"border: 0pt none; margin: 0px 5px;\" title=\"Haushofer_Kobler\" src=\"http:\/\/www.kobler-margreid.com\/blog\/wp-content\/2009\/08\/Haushofer_Kobler.jpg\" alt=\"Haushofer_Kobler\" width=\"336\" height=\"336\" srcset=\"https:\/\/www.kobler-margreid.com\/blog\/wp-content\/2009\/08\/Haushofer_Kobler.jpg 700w, https:\/\/www.kobler-margreid.com\/blog\/wp-content\/2009\/08\/Haushofer_Kobler-150x150.jpg 150w, https:\/\/www.kobler-margreid.com\/blog\/wp-content\/2009\/08\/Haushofer_Kobler-300x300.jpg 300w\" sizes=\"auto, (max-width: 336px) 100vw, 336px\" \/><\/a><\/em><\/p>\n<p align=\"left\">F\u00fcr mich war diese Versammlung auch vom Pers\u00f6nlichen her sehr wichtig, konnte ich doch ganz unerwartet jenen Universit\u00e4tsprofessor nach fast 20 Jahren treffen, der in mir die Liebe zum Wein wesentlich geweckt hat. Professor Johann Haushofer aus Klosterneuburg bei Wien.<em> <\/em><\/p>\n<p align=\"left\"><em>Per me questa riunione ha riservato inoltre una sorpresa molto impressionante. Infatti ho incontrato senza avermelo aspettato il professore universitario che quasi vent&#8217;anni fa ha svegliato in me l&#8217;amore per il vino: il professor Johann Haushofer di Klosterneuburg presso Vienna.<\/em><\/p>\n<p style=\"text-align: left;\">\n<p style=\"text-align: left;\">\n<p style=\"text-align: left;\">\n<p style=\"text-align: left;\">\n<p style=\"text-align: left;\">\n","protected":false},"excerpt":{"rendered":"<p>aaa <a href=\"https:\/\/www.kobler-margreid.com\/blog\/blog\/2009\/08\/31\/osterreichische-dac-highlights-des-jahrganges-2008-vertici-austriaci-dac-dellannata-2008\/\">Weiterlesen <span class=\"meta-nav\">&rarr;<\/span><\/a><\/p>\n","protected":false},"author":6,"featured_media":0,"comment_status":"open","ping_status":"open","sticky":false,"template":"","format":"standard","meta":{"ngg_post_thumbnail":0,"footnotes":"","_links_to":"","_links_to_target":""},"categories":[16],"tags":[501,483,506,502,498,484,503,507,504,505,485,499,500,497],"class_list":["post-2554","post","type-post","status-publish","format-standard","hentry","category-weinkost","tag-andreas-herzinger","tag-dac","tag-districtus-austriae-controllatus","tag-franz-backknecht","tag-fred-loimer","tag-gruner-veltliner","tag-heinz-frischengruber","tag-johann-haushofer","tag-konrad-hackl","tag-reinhard-eder","tag-riesling","tag-roman-pfaffl","tag-sepp-mantler","tag-willi-klinger"],"yoast_head":"<!-- This site is optimized with the Yoast SEO plugin v27.5 - https:\/\/yoast.com\/product\/yoast-seo-wordpress\/ -->\n<title>\u00d6sterreichische DAC Highlights des Jahrganges 2008 - Vertici austriaci DAC dell&#039;annata 2008 - weinhof KOBLER weblog<\/title>\n<meta name=\"robots\" content=\"index, follow, max-snippet:-1, max-image-preview:large, max-video-preview:-1\" \/>\n<link rel=\"canonical\" href=\"https:\/\/www.kobler-margreid.com\/blog\/blog\/2009\/08\/31\/osterreichische-dac-highlights-des-jahrganges-2008-vertici-austriaci-dac-dellannata-2008\/\" \/>\n<meta property=\"og:locale\" content=\"de_DE\" \/>\n<meta property=\"og:type\" content=\"article\" \/>\n<meta property=\"og:title\" content=\"\u00d6sterreichische DAC Highlights des Jahrganges 2008 - Vertici austriaci DAC dell&#039;annata 2008 - weinhof KOBLER weblog\" \/>\n<meta property=\"og:description\" content=\"aaa Weiterlesen &rarr;\" \/>\n<meta property=\"og:url\" content=\"https:\/\/www.kobler-margreid.com\/blog\/blog\/2009\/08\/31\/osterreichische-dac-highlights-des-jahrganges-2008-vertici-austriaci-dac-dellannata-2008\/\" \/>\n<meta property=\"og:site_name\" content=\"weinhof KOBLER weblog\" \/>\n<meta property=\"article:publisher\" content=\"https:\/\/www.facebook.com\/armin.kobler\/\" \/>\n<meta property=\"article:published_time\" content=\"2009-08-30T23:16:30+00:00\" \/>\n<meta property=\"article:modified_time\" content=\"2009-08-30T23:50:11+00:00\" \/>\n<meta property=\"og:image\" content=\"http:\/\/www.kobler-margreid.com\/blog\/wp-content\/2009\/08\/Kost.jpg\" \/>\n<meta name=\"author\" content=\"armin kobler\" \/>\n<meta name=\"twitter:card\" content=\"summary_large_image\" \/>\n<meta name=\"twitter:label1\" content=\"Verfasst von\" \/>\n\t<meta name=\"twitter:data1\" content=\"armin kobler\" \/>\n\t<meta name=\"twitter:label2\" content=\"Gesch\u00e4tzte Lesezeit\" \/>\n\t<meta name=\"twitter:data2\" content=\"6\u00a0Minuten\" \/>\n<script type=\"application\/ld+json\" class=\"yoast-schema-graph\">{\"@context\":\"https:\\\/\\\/schema.org\",\"@graph\":[{\"@type\":\"Article\",\"@id\":\"https:\\\/\\\/www.kobler-margreid.com\\\/blog\\\/blog\\\/2009\\\/08\\\/31\\\/osterreichische-dac-highlights-des-jahrganges-2008-vertici-austriaci-dac-dellannata-2008\\\/#article\",\"isPartOf\":{\"@id\":\"https:\\\/\\\/www.kobler-margreid.com\\\/blog\\\/blog\\\/2009\\\/08\\\/31\\\/osterreichische-dac-highlights-des-jahrganges-2008-vertici-austriaci-dac-dellannata-2008\\\/\"},\"author\":{\"name\":\"armin kobler\",\"@id\":\"https:\\\/\\\/www.kobler-margreid.com\\\/blog\\\/#\\\/schema\\\/person\\\/fcca96145437484793adb0529dc48706\"},\"headline\":\"\u00d6sterreichische DAC Highlights des Jahrganges 2008 &#8211; Vertici austriaci DAC dell&#8217;annata 2008\",\"datePublished\":\"2009-08-30T23:16:30+00:00\",\"dateModified\":\"2009-08-30T23:50:11+00:00\",\"mainEntityOfPage\":{\"@id\":\"https:\\\/\\\/www.kobler-margreid.com\\\/blog\\\/blog\\\/2009\\\/08\\\/31\\\/osterreichische-dac-highlights-des-jahrganges-2008-vertici-austriaci-dac-dellannata-2008\\\/\"},\"wordCount\":1180,\"commentCount\":0,\"publisher\":{\"@id\":\"https:\\\/\\\/www.kobler-margreid.com\\\/blog\\\/#\\\/schema\\\/person\\\/6a2290c17f680f59c1fa7e1c7a36df3a\"},\"image\":{\"@id\":\"https:\\\/\\\/www.kobler-margreid.com\\\/blog\\\/blog\\\/2009\\\/08\\\/31\\\/osterreichische-dac-highlights-des-jahrganges-2008-vertici-austriaci-dac-dellannata-2008\\\/#primaryimage\"},\"thumbnailUrl\":\"http:\\\/\\\/www.kobler-margreid.com\\\/blog\\\/wp-content\\\/2009\\\/08\\\/Kost.jpg\",\"keywords\":[\"Andreas Herzinger\",\"DAC\",\"Districtus Austriae Controllatus\",\"Franz Backknecht\",\"Fred Loimer\",\"Gr\u00fcner Veltliner\",\"Heinz Frischengruber\",\"Johann Haushofer\",\"Konrad Hackl\",\"Reinhard Eder\",\"Riesling\",\"Roman Pfaffl\",\"Sepp Mantler\",\"Willi Klinger\"],\"articleSection\":[\"Weinkost - Degustazione\"],\"inLanguage\":\"de\",\"potentialAction\":[{\"@type\":\"CommentAction\",\"name\":\"Comment\",\"target\":[\"https:\\\/\\\/www.kobler-margreid.com\\\/blog\\\/blog\\\/2009\\\/08\\\/31\\\/osterreichische-dac-highlights-des-jahrganges-2008-vertici-austriaci-dac-dellannata-2008\\\/#respond\"]}]},{\"@type\":\"WebPage\",\"@id\":\"https:\\\/\\\/www.kobler-margreid.com\\\/blog\\\/blog\\\/2009\\\/08\\\/31\\\/osterreichische-dac-highlights-des-jahrganges-2008-vertici-austriaci-dac-dellannata-2008\\\/\",\"url\":\"https:\\\/\\\/www.kobler-margreid.com\\\/blog\\\/blog\\\/2009\\\/08\\\/31\\\/osterreichische-dac-highlights-des-jahrganges-2008-vertici-austriaci-dac-dellannata-2008\\\/\",\"name\":\"\u00d6sterreichische DAC Highlights des Jahrganges 2008 - Vertici austriaci DAC dell'annata 2008 - weinhof KOBLER weblog\",\"isPartOf\":{\"@id\":\"https:\\\/\\\/www.kobler-margreid.com\\\/blog\\\/#website\"},\"primaryImageOfPage\":{\"@id\":\"https:\\\/\\\/www.kobler-margreid.com\\\/blog\\\/blog\\\/2009\\\/08\\\/31\\\/osterreichische-dac-highlights-des-jahrganges-2008-vertici-austriaci-dac-dellannata-2008\\\/#primaryimage\"},\"image\":{\"@id\":\"https:\\\/\\\/www.kobler-margreid.com\\\/blog\\\/blog\\\/2009\\\/08\\\/31\\\/osterreichische-dac-highlights-des-jahrganges-2008-vertici-austriaci-dac-dellannata-2008\\\/#primaryimage\"},\"thumbnailUrl\":\"http:\\\/\\\/www.kobler-margreid.com\\\/blog\\\/wp-content\\\/2009\\\/08\\\/Kost.jpg\",\"datePublished\":\"2009-08-30T23:16:30+00:00\",\"dateModified\":\"2009-08-30T23:50:11+00:00\",\"breadcrumb\":{\"@id\":\"https:\\\/\\\/www.kobler-margreid.com\\\/blog\\\/blog\\\/2009\\\/08\\\/31\\\/osterreichische-dac-highlights-des-jahrganges-2008-vertici-austriaci-dac-dellannata-2008\\\/#breadcrumb\"},\"inLanguage\":\"de\",\"potentialAction\":[{\"@type\":\"ReadAction\",\"target\":[\"https:\\\/\\\/www.kobler-margreid.com\\\/blog\\\/blog\\\/2009\\\/08\\\/31\\\/osterreichische-dac-highlights-des-jahrganges-2008-vertici-austriaci-dac-dellannata-2008\\\/\"]}]},{\"@type\":\"ImageObject\",\"inLanguage\":\"de\",\"@id\":\"https:\\\/\\\/www.kobler-margreid.com\\\/blog\\\/blog\\\/2009\\\/08\\\/31\\\/osterreichische-dac-highlights-des-jahrganges-2008-vertici-austriaci-dac-dellannata-2008\\\/#primaryimage\",\"url\":\"http:\\\/\\\/www.kobler-margreid.com\\\/blog\\\/wp-content\\\/2009\\\/08\\\/Kost.jpg\",\"contentUrl\":\"http:\\\/\\\/www.kobler-margreid.com\\\/blog\\\/wp-content\\\/2009\\\/08\\\/Kost.jpg\"},{\"@type\":\"BreadcrumbList\",\"@id\":\"https:\\\/\\\/www.kobler-margreid.com\\\/blog\\\/blog\\\/2009\\\/08\\\/31\\\/osterreichische-dac-highlights-des-jahrganges-2008-vertici-austriaci-dac-dellannata-2008\\\/#breadcrumb\",\"itemListElement\":[{\"@type\":\"ListItem\",\"position\":1,\"name\":\"Startseite\",\"item\":\"https:\\\/\\\/www.kobler-margreid.com\\\/blog\\\/\"},{\"@type\":\"ListItem\",\"position\":2,\"name\":\"\u00d6sterreichische DAC Highlights des Jahrganges 2008 &#8211; Vertici austriaci DAC dell&#8217;annata 2008\"}]},{\"@type\":\"WebSite\",\"@id\":\"https:\\\/\\\/www.kobler-margreid.com\\\/blog\\\/#website\",\"url\":\"https:\\\/\\\/www.kobler-margreid.com\\\/blog\\\/\",\"name\":\"weinhof KOBLER weblog\",\"description\":\"dem wein ganz nah \u2013 all&#039;interno del vino\",\"publisher\":{\"@id\":\"https:\\\/\\\/www.kobler-margreid.com\\\/blog\\\/#\\\/schema\\\/person\\\/6a2290c17f680f59c1fa7e1c7a36df3a\"},\"potentialAction\":[{\"@type\":\"SearchAction\",\"target\":{\"@type\":\"EntryPoint\",\"urlTemplate\":\"https:\\\/\\\/www.kobler-margreid.com\\\/blog\\\/?s={search_term_string}\"},\"query-input\":{\"@type\":\"PropertyValueSpecification\",\"valueRequired\":true,\"valueName\":\"search_term_string\"}}],\"inLanguage\":\"de\"},{\"@type\":[\"Person\",\"Organization\"],\"@id\":\"https:\\\/\\\/www.kobler-margreid.com\\\/blog\\\/#\\\/schema\\\/person\\\/6a2290c17f680f59c1fa7e1c7a36df3a\",\"name\":\"armin kobler\",\"image\":{\"@type\":\"ImageObject\",\"inLanguage\":\"de\",\"@id\":\"https:\\\/\\\/www.kobler-margreid.com\\\/blog\\\/wp-content\\\/2023\\\/11\\\/2012-05-08_09-33-03a.jpg\",\"url\":\"https:\\\/\\\/www.kobler-margreid.com\\\/blog\\\/wp-content\\\/2023\\\/11\\\/2012-05-08_09-33-03a.jpg\",\"contentUrl\":\"https:\\\/\\\/www.kobler-margreid.com\\\/blog\\\/wp-content\\\/2023\\\/11\\\/2012-05-08_09-33-03a.jpg\",\"width\":1088,\"height\":1184,\"caption\":\"armin kobler\"},\"logo\":{\"@id\":\"https:\\\/\\\/www.kobler-margreid.com\\\/blog\\\/wp-content\\\/2023\\\/11\\\/2012-05-08_09-33-03a.jpg\"},\"sameAs\":[\"http:\\\/\\\/www.kobler-margreid.com\",\"https:\\\/\\\/www.facebook.com\\\/armin.kobler\\\/\"]},{\"@type\":\"Person\",\"@id\":\"https:\\\/\\\/www.kobler-margreid.com\\\/blog\\\/#\\\/schema\\\/person\\\/fcca96145437484793adb0529dc48706\",\"name\":\"armin kobler\",\"image\":{\"@type\":\"ImageObject\",\"inLanguage\":\"de\",\"@id\":\"https:\\\/\\\/secure.gravatar.com\\\/avatar\\\/7ed75d18f117c58598b89fcf3ec9fda3311f3fbda827ac1502944a0804d87b7f?s=96&d=mm&r=g\",\"url\":\"https:\\\/\\\/secure.gravatar.com\\\/avatar\\\/7ed75d18f117c58598b89fcf3ec9fda3311f3fbda827ac1502944a0804d87b7f?s=96&d=mm&r=g\",\"contentUrl\":\"https:\\\/\\\/secure.gravatar.com\\\/avatar\\\/7ed75d18f117c58598b89fcf3ec9fda3311f3fbda827ac1502944a0804d87b7f?s=96&d=mm&r=g\",\"caption\":\"armin kobler\"},\"sameAs\":[\"http:\\\/\\\/\"],\"url\":\"https:\\\/\\\/www.kobler-margreid.com\\\/blog\\\/blog\\\/author\\\/armin-kobler\\\/\"}]}<\/script>\n<!-- \/ Yoast SEO plugin. -->","yoast_head_json":{"title":"\u00d6sterreichische DAC Highlights des Jahrganges 2008 - Vertici austriaci DAC dell'annata 2008 - weinhof KOBLER weblog","robots":{"index":"index","follow":"follow","max-snippet":"max-snippet:-1","max-image-preview":"max-image-preview:large","max-video-preview":"max-video-preview:-1"},"canonical":"https:\/\/www.kobler-margreid.com\/blog\/blog\/2009\/08\/31\/osterreichische-dac-highlights-des-jahrganges-2008-vertici-austriaci-dac-dellannata-2008\/","og_locale":"de_DE","og_type":"article","og_title":"\u00d6sterreichische DAC Highlights des Jahrganges 2008 - Vertici austriaci DAC dell'annata 2008 - weinhof KOBLER weblog","og_description":"aaa Weiterlesen &rarr;","og_url":"https:\/\/www.kobler-margreid.com\/blog\/blog\/2009\/08\/31\/osterreichische-dac-highlights-des-jahrganges-2008-vertici-austriaci-dac-dellannata-2008\/","og_site_name":"weinhof KOBLER weblog","article_publisher":"https:\/\/www.facebook.com\/armin.kobler\/","article_published_time":"2009-08-30T23:16:30+00:00","article_modified_time":"2009-08-30T23:50:11+00:00","og_image":[{"url":"http:\/\/www.kobler-margreid.com\/blog\/wp-content\/2009\/08\/Kost.jpg","type":"","width":"","height":""}],"author":"armin kobler","twitter_card":"summary_large_image","twitter_misc":{"Verfasst von":"armin kobler","Gesch\u00e4tzte Lesezeit":"6\u00a0Minuten"},"schema":{"@context":"https:\/\/schema.org","@graph":[{"@type":"Article","@id":"https:\/\/www.kobler-margreid.com\/blog\/blog\/2009\/08\/31\/osterreichische-dac-highlights-des-jahrganges-2008-vertici-austriaci-dac-dellannata-2008\/#article","isPartOf":{"@id":"https:\/\/www.kobler-margreid.com\/blog\/blog\/2009\/08\/31\/osterreichische-dac-highlights-des-jahrganges-2008-vertici-austriaci-dac-dellannata-2008\/"},"author":{"name":"armin kobler","@id":"https:\/\/www.kobler-margreid.com\/blog\/#\/schema\/person\/fcca96145437484793adb0529dc48706"},"headline":"\u00d6sterreichische DAC Highlights des Jahrganges 2008 &#8211; Vertici austriaci DAC dell&#8217;annata 2008","datePublished":"2009-08-30T23:16:30+00:00","dateModified":"2009-08-30T23:50:11+00:00","mainEntityOfPage":{"@id":"https:\/\/www.kobler-margreid.com\/blog\/blog\/2009\/08\/31\/osterreichische-dac-highlights-des-jahrganges-2008-vertici-austriaci-dac-dellannata-2008\/"},"wordCount":1180,"commentCount":0,"publisher":{"@id":"https:\/\/www.kobler-margreid.com\/blog\/#\/schema\/person\/6a2290c17f680f59c1fa7e1c7a36df3a"},"image":{"@id":"https:\/\/www.kobler-margreid.com\/blog\/blog\/2009\/08\/31\/osterreichische-dac-highlights-des-jahrganges-2008-vertici-austriaci-dac-dellannata-2008\/#primaryimage"},"thumbnailUrl":"http:\/\/www.kobler-margreid.com\/blog\/wp-content\/2009\/08\/Kost.jpg","keywords":["Andreas Herzinger","DAC","Districtus Austriae Controllatus","Franz Backknecht","Fred Loimer","Gr\u00fcner Veltliner","Heinz Frischengruber","Johann Haushofer","Konrad Hackl","Reinhard Eder","Riesling","Roman Pfaffl","Sepp Mantler","Willi Klinger"],"articleSection":["Weinkost - Degustazione"],"inLanguage":"de","potentialAction":[{"@type":"CommentAction","name":"Comment","target":["https:\/\/www.kobler-margreid.com\/blog\/blog\/2009\/08\/31\/osterreichische-dac-highlights-des-jahrganges-2008-vertici-austriaci-dac-dellannata-2008\/#respond"]}]},{"@type":"WebPage","@id":"https:\/\/www.kobler-margreid.com\/blog\/blog\/2009\/08\/31\/osterreichische-dac-highlights-des-jahrganges-2008-vertici-austriaci-dac-dellannata-2008\/","url":"https:\/\/www.kobler-margreid.com\/blog\/blog\/2009\/08\/31\/osterreichische-dac-highlights-des-jahrganges-2008-vertici-austriaci-dac-dellannata-2008\/","name":"\u00d6sterreichische DAC Highlights des Jahrganges 2008 - Vertici austriaci DAC dell'annata 2008 - weinhof KOBLER weblog","isPartOf":{"@id":"https:\/\/www.kobler-margreid.com\/blog\/#website"},"primaryImageOfPage":{"@id":"https:\/\/www.kobler-margreid.com\/blog\/blog\/2009\/08\/31\/osterreichische-dac-highlights-des-jahrganges-2008-vertici-austriaci-dac-dellannata-2008\/#primaryimage"},"image":{"@id":"https:\/\/www.kobler-margreid.com\/blog\/blog\/2009\/08\/31\/osterreichische-dac-highlights-des-jahrganges-2008-vertici-austriaci-dac-dellannata-2008\/#primaryimage"},"thumbnailUrl":"http:\/\/www.kobler-margreid.com\/blog\/wp-content\/2009\/08\/Kost.jpg","datePublished":"2009-08-30T23:16:30+00:00","dateModified":"2009-08-30T23:50:11+00:00","breadcrumb":{"@id":"https:\/\/www.kobler-margreid.com\/blog\/blog\/2009\/08\/31\/osterreichische-dac-highlights-des-jahrganges-2008-vertici-austriaci-dac-dellannata-2008\/#breadcrumb"},"inLanguage":"de","potentialAction":[{"@type":"ReadAction","target":["https:\/\/www.kobler-margreid.com\/blog\/blog\/2009\/08\/31\/osterreichische-dac-highlights-des-jahrganges-2008-vertici-austriaci-dac-dellannata-2008\/"]}]},{"@type":"ImageObject","inLanguage":"de","@id":"https:\/\/www.kobler-margreid.com\/blog\/blog\/2009\/08\/31\/osterreichische-dac-highlights-des-jahrganges-2008-vertici-austriaci-dac-dellannata-2008\/#primaryimage","url":"http:\/\/www.kobler-margreid.com\/blog\/wp-content\/2009\/08\/Kost.jpg","contentUrl":"http:\/\/www.kobler-margreid.com\/blog\/wp-content\/2009\/08\/Kost.jpg"},{"@type":"BreadcrumbList","@id":"https:\/\/www.kobler-margreid.com\/blog\/blog\/2009\/08\/31\/osterreichische-dac-highlights-des-jahrganges-2008-vertici-austriaci-dac-dellannata-2008\/#breadcrumb","itemListElement":[{"@type":"ListItem","position":1,"name":"Startseite","item":"https:\/\/www.kobler-margreid.com\/blog\/"},{"@type":"ListItem","position":2,"name":"\u00d6sterreichische DAC Highlights des Jahrganges 2008 &#8211; Vertici austriaci DAC dell&#8217;annata 2008"}]},{"@type":"WebSite","@id":"https:\/\/www.kobler-margreid.com\/blog\/#website","url":"https:\/\/www.kobler-margreid.com\/blog\/","name":"weinhof KOBLER weblog","description":"dem wein ganz nah \u2013 all&#039;interno del vino","publisher":{"@id":"https:\/\/www.kobler-margreid.com\/blog\/#\/schema\/person\/6a2290c17f680f59c1fa7e1c7a36df3a"},"potentialAction":[{"@type":"SearchAction","target":{"@type":"EntryPoint","urlTemplate":"https:\/\/www.kobler-margreid.com\/blog\/?s={search_term_string}"},"query-input":{"@type":"PropertyValueSpecification","valueRequired":true,"valueName":"search_term_string"}}],"inLanguage":"de"},{"@type":["Person","Organization"],"@id":"https:\/\/www.kobler-margreid.com\/blog\/#\/schema\/person\/6a2290c17f680f59c1fa7e1c7a36df3a","name":"armin kobler","image":{"@type":"ImageObject","inLanguage":"de","@id":"https:\/\/www.kobler-margreid.com\/blog\/wp-content\/2023\/11\/2012-05-08_09-33-03a.jpg","url":"https:\/\/www.kobler-margreid.com\/blog\/wp-content\/2023\/11\/2012-05-08_09-33-03a.jpg","contentUrl":"https:\/\/www.kobler-margreid.com\/blog\/wp-content\/2023\/11\/2012-05-08_09-33-03a.jpg","width":1088,"height":1184,"caption":"armin kobler"},"logo":{"@id":"https:\/\/www.kobler-margreid.com\/blog\/wp-content\/2023\/11\/2012-05-08_09-33-03a.jpg"},"sameAs":["http:\/\/www.kobler-margreid.com","https:\/\/www.facebook.com\/armin.kobler\/"]},{"@type":"Person","@id":"https:\/\/www.kobler-margreid.com\/blog\/#\/schema\/person\/fcca96145437484793adb0529dc48706","name":"armin kobler","image":{"@type":"ImageObject","inLanguage":"de","@id":"https:\/\/secure.gravatar.com\/avatar\/7ed75d18f117c58598b89fcf3ec9fda3311f3fbda827ac1502944a0804d87b7f?s=96&d=mm&r=g","url":"https:\/\/secure.gravatar.com\/avatar\/7ed75d18f117c58598b89fcf3ec9fda3311f3fbda827ac1502944a0804d87b7f?s=96&d=mm&r=g","contentUrl":"https:\/\/secure.gravatar.com\/avatar\/7ed75d18f117c58598b89fcf3ec9fda3311f3fbda827ac1502944a0804d87b7f?s=96&d=mm&r=g","caption":"armin kobler"},"sameAs":["http:\/\/"],"url":"https:\/\/www.kobler-margreid.com\/blog\/blog\/author\/armin-kobler\/"}]}},"_links":{"self":[{"href":"https:\/\/www.kobler-margreid.com\/blog\/wp-json\/wp\/v2\/posts\/2554","targetHints":{"allow":["GET"]}}],"collection":[{"href":"https:\/\/www.kobler-margreid.com\/blog\/wp-json\/wp\/v2\/posts"}],"about":[{"href":"https:\/\/www.kobler-margreid.com\/blog\/wp-json\/wp\/v2\/types\/post"}],"author":[{"embeddable":true,"href":"https:\/\/www.kobler-margreid.com\/blog\/wp-json\/wp\/v2\/users\/6"}],"replies":[{"embeddable":true,"href":"https:\/\/www.kobler-margreid.com\/blog\/wp-json\/wp\/v2\/comments?post=2554"}],"version-history":[{"count":0,"href":"https:\/\/www.kobler-margreid.com\/blog\/wp-json\/wp\/v2\/posts\/2554\/revisions"}],"wp:attachment":[{"href":"https:\/\/www.kobler-margreid.com\/blog\/wp-json\/wp\/v2\/media?parent=2554"}],"wp:term":[{"taxonomy":"category","embeddable":true,"href":"https:\/\/www.kobler-margreid.com\/blog\/wp-json\/wp\/v2\/categories?post=2554"},{"taxonomy":"post_tag","embeddable":true,"href":"https:\/\/www.kobler-margreid.com\/blog\/wp-json\/wp\/v2\/tags?post=2554"}],"curies":[{"name":"wp","href":"https:\/\/api.w.org\/{rel}","templated":true}]}}