{"id":261,"date":"2008-08-18T13:03:22","date_gmt":"2008-08-18T11:03:22","guid":{"rendered":"http:\/\/www.kobler-margreid.com\/blog\/?p=261"},"modified":"2008-09-08T22:20:19","modified_gmt":"2008-09-08T20:20:19","slug":"in-bester-gesellschaft","status":"publish","type":"post","link":"https:\/\/www.kobler-margreid.com\/blog\/blog\/2008\/08\/18\/in-bester-gesellschaft\/","title":{"rendered":"In bester Gesellschaft"},"content":{"rendered":"<p style=\"text-align: center;\"><a href=\"http:\/\/www.kobler-margreid.com\/blog\/wp-content\/2008\/08\/2008-08-13_18-56-381.jpg\" rel=\"lightbox[261]\"><img loading=\"lazy\" decoding=\"async\" class=\"aligncenter size-full wp-image-269 aligncenter\" style=\"border: 0pt none; margin: 0px;\" title=\"Speisekarte Gretl am See (zum Vergr\u00f6\u00dfern anklicken)\" src=\"http:\/\/www.kobler-margreid.com\/blog\/wp-content\/2008\/08\/2008-08-13_18-56-381.jpg\" alt=\"\" width=\"499\" height=\"398\" \/><\/a><\/p>\n<p style=\"text-align: left;\">\n<p style=\"text-align: left;\">Mit gro\u00dfer Genugtuung konnte ich den Namen unseres Betriebes inmitten der wirklich bedeutenden Kellereien S\u00fcdtirols auf der Speise- und Getr\u00e4nkekarte vom &#8222;<a href=\"http:\/\/www.gretlamsee.com\/de\" target=\"_blank\">Gretl am See<\/a>&#8220; lesen. Vor ein paar Wochen noch sprach ich mit meiner zur Zeit wichtigsten <a href=\"http:\/\/www.kobler-margreid.com\/blog\/2008\/06\/28\/meine-wichtigste-begleiterin\/\" target=\"_blank\">Begleiterin<\/a> das erste Mal bei Klaus Maran vor, ein paar Tage sp\u00e4ter lieferte ich die erste Menge und vorgestern durfte ich mit unseren Weinen den \u00f6nologischen Teil dieses fern\u00f6stlichen Abends (<a href=\"http:\/\/www.kobler-margreid.com\/blog\/2008\/08\/11\/sushi-und-gewurztraminer-am-kalterer-see\/\" target=\"_blank\">Ank\u00fcndigung<\/a>) gestalten.<\/p>\n<p style=\"text-align: left;\"><!--more--><\/p>\n<p style=\"text-align: left;\">\n<p style=\"text-align: left;\">Der Abend war wie immer bei dieser Event-Reihe ausgebucht und fast alle Teilnehmer nutzen die Zeit nach dem Bestellen der Speisen und zwischen den G\u00e4ngen, um unsere Weine kennenzulernen. Bei Tisch konnten sie dann die Kobler-Weine oder jene der restlichen Weinkarte, auch gl\u00e4schenweise, bestellen. Interessant, wie ich auch bei dieser Pres\u00e4ntation die ausgepr\u00e4gte Vielf\u00e4ltigkeit des Publikumsgeschmackes beobachten konnte. W\u00e4hrend der eine Gast von einem Wein schw\u00e4rmte, konnte schon der n\u00e4chste mit dieser Sorte relativ wenig anfangen. Zum Gl\u00fcck verteilen sich die Pr\u00e4ferenzen im Laufe des Abends relativ gleichm\u00e4\u00dfig, so dass jeder Weintyp seine Abnehmer fand.<\/p>\n<p style=\"text-align: left;\">Nat\u00fcrlich haben wir, Untermieter, seine Freundin und ich, am Ende auch noch probiert, welcher meiner Weine am besten zu den angebotenen Gerichten passt, aber dar\u00fcber wird er selbst in der Form eines Kommentars berichten.<\/p>\n<p style=\"text-align: left;\">Einige mehr oder weniger scharfe Eindr\u00fccke vom Abend:<\/p>\n<p style=\"text-align: left;\">\n<p style=\"text-align: left;\">ngg_shortcode_0_placeholder\n<p style=\"text-align: left;\">\n<p style=\"text-align: left;\">\n","protected":false},"excerpt":{"rendered":"<p>Mit gro\u00dfer Genugtuung konnte ich den Namen unseres Betriebes inmitten der wirklich bedeutenden Kellereien S\u00fcdtirols auf der Speise- und Getr\u00e4nkekarte vom &#8222;Gretl am See&#8220; lesen. Vor ein paar Wochen noch sprach ich mit meiner zur Zeit wichtigsten Begleiterin das erste &hellip; <a href=\"https:\/\/www.kobler-margreid.com\/blog\/blog\/2008\/08\/18\/in-bester-gesellschaft\/\">Weiterlesen <span class=\"meta-nav\">&rarr;<\/span><\/a><\/p>\n","protected":false},"author":1,"featured_media":0,"comment_status":"open","ping_status":"open","sticky":false,"template":"","format":"standard","meta":{"ngg_post_thumbnail":0,"footnotes":"","_links_to":"","_links_to_target":""},"categories":[9,111,114],"tags":[137,59,79,136],"class_list":["post-261","post","type-post","status-publish","format-standard","hentry","category-oeffentlichkeitsarbeit","category-restaurants","category-verkauf","tag-gretl-am-see","tag-suedtiroler-gewuerztraminer","tag-suedtiroler-merlot-kretze","tag-sushi"],"yoast_head":"<!-- This site is optimized with the Yoast SEO plugin v27.5 - https:\/\/yoast.com\/product\/yoast-seo-wordpress\/ -->\n<title>In bester Gesellschaft - weinhof KOBLER weblog<\/title>\n<meta name=\"robots\" content=\"index, follow, max-snippet:-1, max-image-preview:large, max-video-preview:-1\" \/>\n<link rel=\"canonical\" href=\"https:\/\/www.kobler-margreid.com\/blog\/blog\/2008\/08\/18\/in-bester-gesellschaft\/\" \/>\n<meta property=\"og:locale\" content=\"de_DE\" \/>\n<meta property=\"og:type\" content=\"article\" \/>\n<meta property=\"og:title\" content=\"In bester Gesellschaft - weinhof KOBLER weblog\" \/>\n<meta property=\"og:description\" content=\"Mit gro\u00dfer Genugtuung konnte ich den Namen unseres Betriebes inmitten der wirklich bedeutenden Kellereien S\u00fcdtirols auf der Speise- und Getr\u00e4nkekarte vom &#8222;Gretl am See&#8220; lesen. Vor ein paar Wochen noch sprach ich mit meiner zur Zeit wichtigsten Begleiterin das erste &hellip; Weiterlesen &rarr;\" \/>\n<meta property=\"og:url\" content=\"https:\/\/www.kobler-margreid.com\/blog\/blog\/2008\/08\/18\/in-bester-gesellschaft\/\" \/>\n<meta property=\"og:site_name\" content=\"weinhof KOBLER weblog\" \/>\n<meta property=\"article:publisher\" content=\"https:\/\/www.facebook.com\/armin.kobler\/\" \/>\n<meta property=\"article:author\" content=\"https:\/\/www.facebook.com\/armin.kobler\/\" \/>\n<meta property=\"article:published_time\" content=\"2008-08-18T11:03:22+00:00\" \/>\n<meta property=\"article:modified_time\" content=\"2008-09-08T20:20:19+00:00\" \/>\n<meta property=\"og:image\" content=\"https:\/\/www.kobler-margreid.com\/blog\/wp-content\/\/home\/pl13659\/websites\/www.kobler-margreid.com\/blog\/wp-content\/2008\/08\/2008-08-13_18-56-381.jpg\" \/>\n<meta name=\"author\" content=\"armin kobler\" \/>\n<meta name=\"twitter:card\" content=\"summary_large_image\" \/>\n<meta name=\"twitter:label1\" content=\"Verfasst von\" \/>\n\t<meta name=\"twitter:data1\" content=\"armin kobler\" \/>\n\t<meta name=\"twitter:label2\" content=\"Gesch\u00e4tzte Lesezeit\" \/>\n\t<meta name=\"twitter:data2\" content=\"1\u00a0Minute\" \/>\n<script type=\"application\/ld+json\" class=\"yoast-schema-graph\">{\"@context\":\"https:\\\/\\\/schema.org\",\"@graph\":[{\"@type\":\"Article\",\"@id\":\"https:\\\/\\\/www.kobler-margreid.com\\\/blog\\\/blog\\\/2008\\\/08\\\/18\\\/in-bester-gesellschaft\\\/#article\",\"isPartOf\":{\"@id\":\"https:\\\/\\\/www.kobler-margreid.com\\\/blog\\\/blog\\\/2008\\\/08\\\/18\\\/in-bester-gesellschaft\\\/\"},\"author\":{\"name\":\"armin kobler\",\"@id\":\"https:\\\/\\\/www.kobler-margreid.com\\\/blog\\\/#\\\/schema\\\/person\\\/6a2290c17f680f59c1fa7e1c7a36df3a\"},\"headline\":\"In bester Gesellschaft\",\"datePublished\":\"2008-08-18T11:03:22+00:00\",\"dateModified\":\"2008-09-08T20:20:19+00:00\",\"mainEntityOfPage\":{\"@id\":\"https:\\\/\\\/www.kobler-margreid.com\\\/blog\\\/blog\\\/2008\\\/08\\\/18\\\/in-bester-gesellschaft\\\/\"},\"wordCount\":230,\"commentCount\":4,\"publisher\":{\"@id\":\"https:\\\/\\\/www.kobler-margreid.com\\\/blog\\\/#\\\/schema\\\/person\\\/6a2290c17f680f59c1fa7e1c7a36df3a\"},\"image\":{\"@id\":\"https:\\\/\\\/www.kobler-margreid.com\\\/blog\\\/blog\\\/2008\\\/08\\\/18\\\/in-bester-gesellschaft\\\/#primaryimage\"},\"thumbnailUrl\":\"http:\\\/\\\/www.kobler-margreid.com\\\/blog\\\/wp-content\\\/2008\\\/08\\\/2008-08-13_18-56-381.jpg\",\"keywords\":[\"Gretl am See\",\"S\u00fcdtiroler Gew\u00fcrztraminer\",\"S\u00fcdtiroler Merlot Kretzer\",\"Sushi\"],\"articleSection\":[\"\u00d6ffentlichkeitsarbeit - Pubbliche relazioni\",\"Restaurants - Ristoranti\",\"Verkauf - Vendita\"],\"inLanguage\":\"de\",\"potentialAction\":[{\"@type\":\"CommentAction\",\"name\":\"Comment\",\"target\":[\"https:\\\/\\\/www.kobler-margreid.com\\\/blog\\\/blog\\\/2008\\\/08\\\/18\\\/in-bester-gesellschaft\\\/#respond\"]}]},{\"@type\":\"WebPage\",\"@id\":\"https:\\\/\\\/www.kobler-margreid.com\\\/blog\\\/blog\\\/2008\\\/08\\\/18\\\/in-bester-gesellschaft\\\/\",\"url\":\"https:\\\/\\\/www.kobler-margreid.com\\\/blog\\\/blog\\\/2008\\\/08\\\/18\\\/in-bester-gesellschaft\\\/\",\"name\":\"In bester Gesellschaft - weinhof KOBLER weblog\",\"isPartOf\":{\"@id\":\"https:\\\/\\\/www.kobler-margreid.com\\\/blog\\\/#website\"},\"primaryImageOfPage\":{\"@id\":\"https:\\\/\\\/www.kobler-margreid.com\\\/blog\\\/blog\\\/2008\\\/08\\\/18\\\/in-bester-gesellschaft\\\/#primaryimage\"},\"image\":{\"@id\":\"https:\\\/\\\/www.kobler-margreid.com\\\/blog\\\/blog\\\/2008\\\/08\\\/18\\\/in-bester-gesellschaft\\\/#primaryimage\"},\"thumbnailUrl\":\"http:\\\/\\\/www.kobler-margreid.com\\\/blog\\\/wp-content\\\/2008\\\/08\\\/2008-08-13_18-56-381.jpg\",\"datePublished\":\"2008-08-18T11:03:22+00:00\",\"dateModified\":\"2008-09-08T20:20:19+00:00\",\"breadcrumb\":{\"@id\":\"https:\\\/\\\/www.kobler-margreid.com\\\/blog\\\/blog\\\/2008\\\/08\\\/18\\\/in-bester-gesellschaft\\\/#breadcrumb\"},\"inLanguage\":\"de\",\"potentialAction\":[{\"@type\":\"ReadAction\",\"target\":[\"https:\\\/\\\/www.kobler-margreid.com\\\/blog\\\/blog\\\/2008\\\/08\\\/18\\\/in-bester-gesellschaft\\\/\"]}]},{\"@type\":\"ImageObject\",\"inLanguage\":\"de\",\"@id\":\"https:\\\/\\\/www.kobler-margreid.com\\\/blog\\\/blog\\\/2008\\\/08\\\/18\\\/in-bester-gesellschaft\\\/#primaryimage\",\"url\":\"http:\\\/\\\/www.kobler-margreid.com\\\/blog\\\/wp-content\\\/2008\\\/08\\\/2008-08-13_18-56-381.jpg\",\"contentUrl\":\"http:\\\/\\\/www.kobler-margreid.com\\\/blog\\\/wp-content\\\/2008\\\/08\\\/2008-08-13_18-56-381.jpg\"},{\"@type\":\"BreadcrumbList\",\"@id\":\"https:\\\/\\\/www.kobler-margreid.com\\\/blog\\\/blog\\\/2008\\\/08\\\/18\\\/in-bester-gesellschaft\\\/#breadcrumb\",\"itemListElement\":[{\"@type\":\"ListItem\",\"position\":1,\"name\":\"Startseite\",\"item\":\"https:\\\/\\\/www.kobler-margreid.com\\\/blog\\\/\"},{\"@type\":\"ListItem\",\"position\":2,\"name\":\"In bester Gesellschaft\"}]},{\"@type\":\"WebSite\",\"@id\":\"https:\\\/\\\/www.kobler-margreid.com\\\/blog\\\/#website\",\"url\":\"https:\\\/\\\/www.kobler-margreid.com\\\/blog\\\/\",\"name\":\"weinhof KOBLER weblog\",\"description\":\"dem wein ganz nah \u2013 all&#039;interno del vino\",\"publisher\":{\"@id\":\"https:\\\/\\\/www.kobler-margreid.com\\\/blog\\\/#\\\/schema\\\/person\\\/6a2290c17f680f59c1fa7e1c7a36df3a\"},\"potentialAction\":[{\"@type\":\"SearchAction\",\"target\":{\"@type\":\"EntryPoint\",\"urlTemplate\":\"https:\\\/\\\/www.kobler-margreid.com\\\/blog\\\/?s={search_term_string}\"},\"query-input\":{\"@type\":\"PropertyValueSpecification\",\"valueRequired\":true,\"valueName\":\"search_term_string\"}}],\"inLanguage\":\"de\"},{\"@type\":[\"Person\",\"Organization\"],\"@id\":\"https:\\\/\\\/www.kobler-margreid.com\\\/blog\\\/#\\\/schema\\\/person\\\/6a2290c17f680f59c1fa7e1c7a36df3a\",\"name\":\"armin kobler\",\"image\":{\"@type\":\"ImageObject\",\"inLanguage\":\"de\",\"@id\":\"https:\\\/\\\/www.kobler-margreid.com\\\/blog\\\/wp-content\\\/2023\\\/11\\\/2012-05-08_09-33-03a.jpg\",\"url\":\"https:\\\/\\\/www.kobler-margreid.com\\\/blog\\\/wp-content\\\/2023\\\/11\\\/2012-05-08_09-33-03a.jpg\",\"contentUrl\":\"https:\\\/\\\/www.kobler-margreid.com\\\/blog\\\/wp-content\\\/2023\\\/11\\\/2012-05-08_09-33-03a.jpg\",\"width\":1088,\"height\":1184,\"caption\":\"armin kobler\"},\"logo\":{\"@id\":\"https:\\\/\\\/www.kobler-margreid.com\\\/blog\\\/wp-content\\\/2023\\\/11\\\/2012-05-08_09-33-03a.jpg\"},\"sameAs\":[\"http:\\\/\\\/www.kobler-margreid.com\",\"https:\\\/\\\/www.facebook.com\\\/armin.kobler\\\/\"],\"url\":\"https:\\\/\\\/www.kobler-margreid.com\\\/blog\\\/blog\\\/author\\\/admin\\\/\"}]}<\/script>\n<!-- \/ Yoast SEO plugin. -->","yoast_head_json":{"title":"In bester Gesellschaft - weinhof KOBLER weblog","robots":{"index":"index","follow":"follow","max-snippet":"max-snippet:-1","max-image-preview":"max-image-preview:large","max-video-preview":"max-video-preview:-1"},"canonical":"https:\/\/www.kobler-margreid.com\/blog\/blog\/2008\/08\/18\/in-bester-gesellschaft\/","og_locale":"de_DE","og_type":"article","og_title":"In bester Gesellschaft - weinhof KOBLER weblog","og_description":"Mit gro\u00dfer Genugtuung konnte ich den Namen unseres Betriebes inmitten der wirklich bedeutenden Kellereien S\u00fcdtirols auf der Speise- und Getr\u00e4nkekarte vom &#8222;Gretl am See&#8220; lesen. Vor ein paar Wochen noch sprach ich mit meiner zur Zeit wichtigsten Begleiterin das erste &hellip; Weiterlesen &rarr;","og_url":"https:\/\/www.kobler-margreid.com\/blog\/blog\/2008\/08\/18\/in-bester-gesellschaft\/","og_site_name":"weinhof KOBLER weblog","article_publisher":"https:\/\/www.facebook.com\/armin.kobler\/","article_author":"https:\/\/www.facebook.com\/armin.kobler\/","article_published_time":"2008-08-18T11:03:22+00:00","article_modified_time":"2008-09-08T20:20:19+00:00","og_image":[{"url":"https:\/\/www.kobler-margreid.com\/blog\/wp-content\/\/home\/pl13659\/websites\/www.kobler-margreid.com\/blog\/wp-content\/2008\/08\/2008-08-13_18-56-381.jpg","type":"","width":"","height":""}],"author":"armin kobler","twitter_card":"summary_large_image","twitter_misc":{"Verfasst von":"armin kobler","Gesch\u00e4tzte Lesezeit":"1\u00a0Minute"},"schema":{"@context":"https:\/\/schema.org","@graph":[{"@type":"Article","@id":"https:\/\/www.kobler-margreid.com\/blog\/blog\/2008\/08\/18\/in-bester-gesellschaft\/#article","isPartOf":{"@id":"https:\/\/www.kobler-margreid.com\/blog\/blog\/2008\/08\/18\/in-bester-gesellschaft\/"},"author":{"name":"armin kobler","@id":"https:\/\/www.kobler-margreid.com\/blog\/#\/schema\/person\/6a2290c17f680f59c1fa7e1c7a36df3a"},"headline":"In bester Gesellschaft","datePublished":"2008-08-18T11:03:22+00:00","dateModified":"2008-09-08T20:20:19+00:00","mainEntityOfPage":{"@id":"https:\/\/www.kobler-margreid.com\/blog\/blog\/2008\/08\/18\/in-bester-gesellschaft\/"},"wordCount":230,"commentCount":4,"publisher":{"@id":"https:\/\/www.kobler-margreid.com\/blog\/#\/schema\/person\/6a2290c17f680f59c1fa7e1c7a36df3a"},"image":{"@id":"https:\/\/www.kobler-margreid.com\/blog\/blog\/2008\/08\/18\/in-bester-gesellschaft\/#primaryimage"},"thumbnailUrl":"http:\/\/www.kobler-margreid.com\/blog\/wp-content\/2008\/08\/2008-08-13_18-56-381.jpg","keywords":["Gretl am See","S\u00fcdtiroler Gew\u00fcrztraminer","S\u00fcdtiroler Merlot Kretzer","Sushi"],"articleSection":["\u00d6ffentlichkeitsarbeit - Pubbliche relazioni","Restaurants - Ristoranti","Verkauf - Vendita"],"inLanguage":"de","potentialAction":[{"@type":"CommentAction","name":"Comment","target":["https:\/\/www.kobler-margreid.com\/blog\/blog\/2008\/08\/18\/in-bester-gesellschaft\/#respond"]}]},{"@type":"WebPage","@id":"https:\/\/www.kobler-margreid.com\/blog\/blog\/2008\/08\/18\/in-bester-gesellschaft\/","url":"https:\/\/www.kobler-margreid.com\/blog\/blog\/2008\/08\/18\/in-bester-gesellschaft\/","name":"In bester Gesellschaft - weinhof KOBLER weblog","isPartOf":{"@id":"https:\/\/www.kobler-margreid.com\/blog\/#website"},"primaryImageOfPage":{"@id":"https:\/\/www.kobler-margreid.com\/blog\/blog\/2008\/08\/18\/in-bester-gesellschaft\/#primaryimage"},"image":{"@id":"https:\/\/www.kobler-margreid.com\/blog\/blog\/2008\/08\/18\/in-bester-gesellschaft\/#primaryimage"},"thumbnailUrl":"http:\/\/www.kobler-margreid.com\/blog\/wp-content\/2008\/08\/2008-08-13_18-56-381.jpg","datePublished":"2008-08-18T11:03:22+00:00","dateModified":"2008-09-08T20:20:19+00:00","breadcrumb":{"@id":"https:\/\/www.kobler-margreid.com\/blog\/blog\/2008\/08\/18\/in-bester-gesellschaft\/#breadcrumb"},"inLanguage":"de","potentialAction":[{"@type":"ReadAction","target":["https:\/\/www.kobler-margreid.com\/blog\/blog\/2008\/08\/18\/in-bester-gesellschaft\/"]}]},{"@type":"ImageObject","inLanguage":"de","@id":"https:\/\/www.kobler-margreid.com\/blog\/blog\/2008\/08\/18\/in-bester-gesellschaft\/#primaryimage","url":"http:\/\/www.kobler-margreid.com\/blog\/wp-content\/2008\/08\/2008-08-13_18-56-381.jpg","contentUrl":"http:\/\/www.kobler-margreid.com\/blog\/wp-content\/2008\/08\/2008-08-13_18-56-381.jpg"},{"@type":"BreadcrumbList","@id":"https:\/\/www.kobler-margreid.com\/blog\/blog\/2008\/08\/18\/in-bester-gesellschaft\/#breadcrumb","itemListElement":[{"@type":"ListItem","position":1,"name":"Startseite","item":"https:\/\/www.kobler-margreid.com\/blog\/"},{"@type":"ListItem","position":2,"name":"In bester Gesellschaft"}]},{"@type":"WebSite","@id":"https:\/\/www.kobler-margreid.com\/blog\/#website","url":"https:\/\/www.kobler-margreid.com\/blog\/","name":"weinhof KOBLER weblog","description":"dem wein ganz nah \u2013 all&#039;interno del vino","publisher":{"@id":"https:\/\/www.kobler-margreid.com\/blog\/#\/schema\/person\/6a2290c17f680f59c1fa7e1c7a36df3a"},"potentialAction":[{"@type":"SearchAction","target":{"@type":"EntryPoint","urlTemplate":"https:\/\/www.kobler-margreid.com\/blog\/?s={search_term_string}"},"query-input":{"@type":"PropertyValueSpecification","valueRequired":true,"valueName":"search_term_string"}}],"inLanguage":"de"},{"@type":["Person","Organization"],"@id":"https:\/\/www.kobler-margreid.com\/blog\/#\/schema\/person\/6a2290c17f680f59c1fa7e1c7a36df3a","name":"armin kobler","image":{"@type":"ImageObject","inLanguage":"de","@id":"https:\/\/www.kobler-margreid.com\/blog\/wp-content\/2023\/11\/2012-05-08_09-33-03a.jpg","url":"https:\/\/www.kobler-margreid.com\/blog\/wp-content\/2023\/11\/2012-05-08_09-33-03a.jpg","contentUrl":"https:\/\/www.kobler-margreid.com\/blog\/wp-content\/2023\/11\/2012-05-08_09-33-03a.jpg","width":1088,"height":1184,"caption":"armin kobler"},"logo":{"@id":"https:\/\/www.kobler-margreid.com\/blog\/wp-content\/2023\/11\/2012-05-08_09-33-03a.jpg"},"sameAs":["http:\/\/www.kobler-margreid.com","https:\/\/www.facebook.com\/armin.kobler\/"],"url":"https:\/\/www.kobler-margreid.com\/blog\/blog\/author\/admin\/"}]}},"_links":{"self":[{"href":"https:\/\/www.kobler-margreid.com\/blog\/wp-json\/wp\/v2\/posts\/261","targetHints":{"allow":["GET"]}}],"collection":[{"href":"https:\/\/www.kobler-margreid.com\/blog\/wp-json\/wp\/v2\/posts"}],"about":[{"href":"https:\/\/www.kobler-margreid.com\/blog\/wp-json\/wp\/v2\/types\/post"}],"author":[{"embeddable":true,"href":"https:\/\/www.kobler-margreid.com\/blog\/wp-json\/wp\/v2\/users\/1"}],"replies":[{"embeddable":true,"href":"https:\/\/www.kobler-margreid.com\/blog\/wp-json\/wp\/v2\/comments?post=261"}],"version-history":[{"count":0,"href":"https:\/\/www.kobler-margreid.com\/blog\/wp-json\/wp\/v2\/posts\/261\/revisions"}],"wp:attachment":[{"href":"https:\/\/www.kobler-margreid.com\/blog\/wp-json\/wp\/v2\/media?parent=261"}],"wp:term":[{"taxonomy":"category","embeddable":true,"href":"https:\/\/www.kobler-margreid.com\/blog\/wp-json\/wp\/v2\/categories?post=261"},{"taxonomy":"post_tag","embeddable":true,"href":"https:\/\/www.kobler-margreid.com\/blog\/wp-json\/wp\/v2\/tags?post=261"}],"curies":[{"name":"wp","href":"https:\/\/api.w.org\/{rel}","templated":true}]}}