{"id":2807,"date":"2009-09-23T22:57:56","date_gmt":"2009-09-23T21:57:56","guid":{"rendered":"http:\/\/www.kobler-margreid.com\/blog\/?p=2807"},"modified":"2009-09-23T23:24:02","modified_gmt":"2009-09-23T22:24:02","slug":"big-bubbles","status":"publish","type":"post","link":"https:\/\/www.kobler-margreid.com\/blog\/blog\/2009\/09\/23\/big-bubbles\/","title":{"rendered":"Big Bubbles"},"content":{"rendered":"<p>[youtube]http:\/\/www.youtube.com\/watch?v=zdZdAiXs62s[\/youtube] Dass die Schaumbildung stark vom Eiwei\u00dfgehalt abh\u00e4ngig ist, wissen unsere <a title=\"Erste Deutsche Biersekte\" href=\"http:\/\/www.biersekte.de\/Bier\/Bierpflege\/Das-Geheimnis-der-Schaumkrone.html?date=2009-08-01\" target=\"_blank\">Biertrinker-Freunde<\/a> schon lange. Der Gew\u00fcrztraminer ist eine Sorte, welche verh\u00e4ltnism\u00e4\u00dfig eiwei\u00dfreich ist &#8211; der davon abh\u00e4ngende Bentonitbedarf ist immer der h\u00f6chste &#8211; und deshalb wundert man sich nicht, wenn beim Abpumpen des von der Presse flie\u00dfenden Mostes solche Blasen entstehen.<\/p>\n<p><em>Il fatto, che lo sviluppo di schiuma dipende molto dal contenuto in proteine, i nostri amici <a title=\"MondoBirra.org\" href=\"http:\/\/www.mondobirra.org\/letteras.htm\" target=\"_blank\">amatori della birra<\/a> lo sanno da tempo. Il Gew\u00fcrztraminer \u00e8 un vitigno ricco in proteine, il suo fabbisogno altissimo in bentonite lo dimostra. Per questo non ci si meraviglia pi\u00f9 di tanto se pompando il mosto della pressa nei serbatoi vengono generate bolle cos\u00ec grandi.<\/em><\/p>\n<p><em><!--more--><\/em>Dass gerade die Moste dieser Sorte nicht sehr apetitlich aussehen, auch weil sie tendenziell reifer, aufgel\u00f6ster und <em>Botrytis<\/em>-befallener in den Keller kommen, ist bekannt. Oft reagieren Laien erschrocken, wenn sie das Ausgangsmaterial der Weine sehen und wundern sich, dass aus der tr\u00fcben, hasslich graubraunen Fl\u00fcssigkeit ein blassgelber, klarer, wohlriechender und -schmeckender Wein werden kann. Die heutigen Detailkunden hat der Blick in den Keller nicht abgeschreckt, sie verlie\u00dfen den Hof mit \u00fcberdurchschnittlich vielen Flaschen <em>Gew\u00fcrztraminer Feld 2008<\/em>.<\/p>\n<p><em>I mosti di Gew\u00fcrztraminer non hanno mai un aspetto molto apetibile, anche perch\u00e8 <\/em><em>generalmente <\/em><em>rispetto agli altri vitigni vengono vendemmiati\u00a0 pi\u00f9 tardi, con le bucce poco resistenti e magari colpiti dalla Botrite. Spesso i profani si spaventano quando vedono il materiale di partenza e si meravigliano che di questo liquido brutto, torbido, di colore grigiobruno possa diventare un vino limpido, giallo paglierino, buono in naso ed in bocca. I clienti al dettaglio di oggi comunque non si hanno fatto impressionare dalla visita in cantina ed hanno lasciato l&#8217;azienda con un quantitativo di <\/em>Gew\u00fcrztraminer Feld 2008<em> pi\u00f9 alto del solito.<\/em><\/p>\n<p>Heute wurden \u00fcbrigens die erste H\u00e4lfte der Gew\u00fcrztraminer-Trauben der Lage <em>Feld<\/em> gelesen, am Freitag soll der zweite und letzte Tei dieser Sorte folgen. Zum Gl\u00fcck haben die Trauben unter der gerade \u00fcberstandenen Schlechtwetterperiode nicht gelitten. Mit den Bilder der Trauben am Stock erschrecke ich vielleicht dann nocheinmal die Leser.<\/p>\n<p><em>Oggi a proposito \u00e8 stata vendemmiata la prima parte delle uve di Gew\u00fcrztraminer del vigneto <\/em>Feld<em>. Il venerd\u00ec cercheremo di completare la vendemmia di questo vitigno. Per fortuna le uve non hanno risentito del periodo di maltempo appena passato. Comunque forse riesco a spaventare prossimamente i lettori un&#8217;altra volta con le foto dell&#8217;uva.<\/em><\/p>\n","protected":false},"excerpt":{"rendered":"<p>[youtube]http:\/\/www.youtube.com\/watch?v=zdZdAiXs62s[\/youtube] Dass die Schaumbildung stark vom Eiwei\u00dfgehalt abh\u00e4ngig ist, wissen unsere Biertrinker-Freunde schon lange. Der Gew\u00fcrztraminer ist eine Sorte, welche verh\u00e4ltnism\u00e4\u00dfig eiwei\u00dfreich ist &#8211; der davon abh\u00e4ngende Bentonitbedarf ist immer der h\u00f6chste &#8211; und deshalb wundert man sich nicht, wenn &hellip; <a href=\"https:\/\/www.kobler-margreid.com\/blog\/blog\/2009\/09\/23\/big-bubbles\/\">Weiterlesen <span class=\"meta-nav\">&rarr;<\/span><\/a><\/p>\n","protected":false},"author":6,"featured_media":0,"comment_status":"open","ping_status":"open","sticky":false,"template":"","format":"standard","meta":{"ngg_post_thumbnail":0,"footnotes":"","_links_to":"","_links_to_target":""},"categories":[15],"tags":[534,533,531,532,293],"class_list":["post-2807","post","type-post","status-publish","format-standard","hentry","category-keller","tag-eiweis","tag-proteine","tag-schaum","tag-schiuma","tag-sudtiroler-gewurztraminer-feld"],"yoast_head":"<!-- This site is optimized with the Yoast SEO plugin v27.5 - https:\/\/yoast.com\/product\/yoast-seo-wordpress\/ -->\n<title>Big Bubbles - weinhof KOBLER weblog<\/title>\n<meta name=\"robots\" content=\"index, follow, max-snippet:-1, max-image-preview:large, max-video-preview:-1\" \/>\n<link rel=\"canonical\" href=\"https:\/\/www.kobler-margreid.com\/blog\/blog\/2009\/09\/23\/big-bubbles\/\" \/>\n<meta property=\"og:locale\" content=\"de_DE\" \/>\n<meta property=\"og:type\" content=\"article\" \/>\n<meta property=\"og:title\" content=\"Big Bubbles - weinhof KOBLER weblog\" \/>\n<meta property=\"og:description\" content=\"[youtube]http:\/\/www.youtube.com\/watch?v=zdZdAiXs62s[\/youtube] Dass die Schaumbildung stark vom Eiwei\u00dfgehalt abh\u00e4ngig ist, wissen unsere Biertrinker-Freunde schon lange. Der Gew\u00fcrztraminer ist eine Sorte, welche verh\u00e4ltnism\u00e4\u00dfig eiwei\u00dfreich ist &#8211; der davon abh\u00e4ngende Bentonitbedarf ist immer der h\u00f6chste &#8211; und deshalb wundert man sich nicht, wenn &hellip; Weiterlesen &rarr;\" \/>\n<meta property=\"og:url\" content=\"https:\/\/www.kobler-margreid.com\/blog\/blog\/2009\/09\/23\/big-bubbles\/\" \/>\n<meta property=\"og:site_name\" content=\"weinhof KOBLER weblog\" \/>\n<meta property=\"article:publisher\" content=\"https:\/\/www.facebook.com\/armin.kobler\/\" \/>\n<meta property=\"article:published_time\" content=\"2009-09-23T21:57:56+00:00\" \/>\n<meta property=\"article:modified_time\" content=\"2009-09-23T22:24:02+00:00\" \/>\n<meta name=\"author\" content=\"armin kobler\" \/>\n<meta name=\"twitter:card\" content=\"summary_large_image\" \/>\n<meta name=\"twitter:label1\" content=\"Verfasst von\" \/>\n\t<meta name=\"twitter:data1\" content=\"armin kobler\" \/>\n\t<meta name=\"twitter:label2\" content=\"Gesch\u00e4tzte Lesezeit\" \/>\n\t<meta name=\"twitter:data2\" content=\"2\u00a0Minuten\" \/>\n<script type=\"application\/ld+json\" class=\"yoast-schema-graph\">{\"@context\":\"https:\\\/\\\/schema.org\",\"@graph\":[{\"@type\":\"Article\",\"@id\":\"https:\\\/\\\/www.kobler-margreid.com\\\/blog\\\/blog\\\/2009\\\/09\\\/23\\\/big-bubbles\\\/#article\",\"isPartOf\":{\"@id\":\"https:\\\/\\\/www.kobler-margreid.com\\\/blog\\\/blog\\\/2009\\\/09\\\/23\\\/big-bubbles\\\/\"},\"author\":{\"name\":\"armin kobler\",\"@id\":\"https:\\\/\\\/www.kobler-margreid.com\\\/blog\\\/#\\\/schema\\\/person\\\/fcca96145437484793adb0529dc48706\"},\"headline\":\"Big Bubbles\",\"datePublished\":\"2009-09-23T21:57:56+00:00\",\"dateModified\":\"2009-09-23T22:24:02+00:00\",\"mainEntityOfPage\":{\"@id\":\"https:\\\/\\\/www.kobler-margreid.com\\\/blog\\\/blog\\\/2009\\\/09\\\/23\\\/big-bubbles\\\/\"},\"wordCount\":417,\"commentCount\":1,\"publisher\":{\"@id\":\"https:\\\/\\\/www.kobler-margreid.com\\\/blog\\\/#\\\/schema\\\/person\\\/6a2290c17f680f59c1fa7e1c7a36df3a\"},\"keywords\":[\"Eiwei\u00df\",\"Proteine\",\"Schaum\",\"Schiuma\",\"S\u00fcdtiroler Gew\u00fcrztraminer Feld\"],\"articleSection\":[\"Keller - Cantina\"],\"inLanguage\":\"de\",\"potentialAction\":[{\"@type\":\"CommentAction\",\"name\":\"Comment\",\"target\":[\"https:\\\/\\\/www.kobler-margreid.com\\\/blog\\\/blog\\\/2009\\\/09\\\/23\\\/big-bubbles\\\/#respond\"]}]},{\"@type\":\"WebPage\",\"@id\":\"https:\\\/\\\/www.kobler-margreid.com\\\/blog\\\/blog\\\/2009\\\/09\\\/23\\\/big-bubbles\\\/\",\"url\":\"https:\\\/\\\/www.kobler-margreid.com\\\/blog\\\/blog\\\/2009\\\/09\\\/23\\\/big-bubbles\\\/\",\"name\":\"Big Bubbles - weinhof KOBLER weblog\",\"isPartOf\":{\"@id\":\"https:\\\/\\\/www.kobler-margreid.com\\\/blog\\\/#website\"},\"datePublished\":\"2009-09-23T21:57:56+00:00\",\"dateModified\":\"2009-09-23T22:24:02+00:00\",\"breadcrumb\":{\"@id\":\"https:\\\/\\\/www.kobler-margreid.com\\\/blog\\\/blog\\\/2009\\\/09\\\/23\\\/big-bubbles\\\/#breadcrumb\"},\"inLanguage\":\"de\",\"potentialAction\":[{\"@type\":\"ReadAction\",\"target\":[\"https:\\\/\\\/www.kobler-margreid.com\\\/blog\\\/blog\\\/2009\\\/09\\\/23\\\/big-bubbles\\\/\"]}]},{\"@type\":\"BreadcrumbList\",\"@id\":\"https:\\\/\\\/www.kobler-margreid.com\\\/blog\\\/blog\\\/2009\\\/09\\\/23\\\/big-bubbles\\\/#breadcrumb\",\"itemListElement\":[{\"@type\":\"ListItem\",\"position\":1,\"name\":\"Startseite\",\"item\":\"https:\\\/\\\/www.kobler-margreid.com\\\/blog\\\/\"},{\"@type\":\"ListItem\",\"position\":2,\"name\":\"Big Bubbles\"}]},{\"@type\":\"WebSite\",\"@id\":\"https:\\\/\\\/www.kobler-margreid.com\\\/blog\\\/#website\",\"url\":\"https:\\\/\\\/www.kobler-margreid.com\\\/blog\\\/\",\"name\":\"weinhof KOBLER weblog\",\"description\":\"dem wein ganz nah \u2013 all&#039;interno del vino\",\"publisher\":{\"@id\":\"https:\\\/\\\/www.kobler-margreid.com\\\/blog\\\/#\\\/schema\\\/person\\\/6a2290c17f680f59c1fa7e1c7a36df3a\"},\"potentialAction\":[{\"@type\":\"SearchAction\",\"target\":{\"@type\":\"EntryPoint\",\"urlTemplate\":\"https:\\\/\\\/www.kobler-margreid.com\\\/blog\\\/?s={search_term_string}\"},\"query-input\":{\"@type\":\"PropertyValueSpecification\",\"valueRequired\":true,\"valueName\":\"search_term_string\"}}],\"inLanguage\":\"de\"},{\"@type\":[\"Person\",\"Organization\"],\"@id\":\"https:\\\/\\\/www.kobler-margreid.com\\\/blog\\\/#\\\/schema\\\/person\\\/6a2290c17f680f59c1fa7e1c7a36df3a\",\"name\":\"armin kobler\",\"image\":{\"@type\":\"ImageObject\",\"inLanguage\":\"de\",\"@id\":\"https:\\\/\\\/www.kobler-margreid.com\\\/blog\\\/wp-content\\\/2023\\\/11\\\/2012-05-08_09-33-03a.jpg\",\"url\":\"https:\\\/\\\/www.kobler-margreid.com\\\/blog\\\/wp-content\\\/2023\\\/11\\\/2012-05-08_09-33-03a.jpg\",\"contentUrl\":\"https:\\\/\\\/www.kobler-margreid.com\\\/blog\\\/wp-content\\\/2023\\\/11\\\/2012-05-08_09-33-03a.jpg\",\"width\":1088,\"height\":1184,\"caption\":\"armin kobler\"},\"logo\":{\"@id\":\"https:\\\/\\\/www.kobler-margreid.com\\\/blog\\\/wp-content\\\/2023\\\/11\\\/2012-05-08_09-33-03a.jpg\"},\"sameAs\":[\"http:\\\/\\\/www.kobler-margreid.com\",\"https:\\\/\\\/www.facebook.com\\\/armin.kobler\\\/\"]},{\"@type\":\"Person\",\"@id\":\"https:\\\/\\\/www.kobler-margreid.com\\\/blog\\\/#\\\/schema\\\/person\\\/fcca96145437484793adb0529dc48706\",\"name\":\"armin kobler\",\"image\":{\"@type\":\"ImageObject\",\"inLanguage\":\"de\",\"@id\":\"https:\\\/\\\/secure.gravatar.com\\\/avatar\\\/7ed75d18f117c58598b89fcf3ec9fda3311f3fbda827ac1502944a0804d87b7f?s=96&d=mm&r=g\",\"url\":\"https:\\\/\\\/secure.gravatar.com\\\/avatar\\\/7ed75d18f117c58598b89fcf3ec9fda3311f3fbda827ac1502944a0804d87b7f?s=96&d=mm&r=g\",\"contentUrl\":\"https:\\\/\\\/secure.gravatar.com\\\/avatar\\\/7ed75d18f117c58598b89fcf3ec9fda3311f3fbda827ac1502944a0804d87b7f?s=96&d=mm&r=g\",\"caption\":\"armin kobler\"},\"sameAs\":[\"http:\\\/\\\/\"],\"url\":\"https:\\\/\\\/www.kobler-margreid.com\\\/blog\\\/blog\\\/author\\\/armin-kobler\\\/\"}]}<\/script>\n<!-- \/ Yoast SEO plugin. -->","yoast_head_json":{"title":"Big Bubbles - weinhof KOBLER weblog","robots":{"index":"index","follow":"follow","max-snippet":"max-snippet:-1","max-image-preview":"max-image-preview:large","max-video-preview":"max-video-preview:-1"},"canonical":"https:\/\/www.kobler-margreid.com\/blog\/blog\/2009\/09\/23\/big-bubbles\/","og_locale":"de_DE","og_type":"article","og_title":"Big Bubbles - weinhof KOBLER weblog","og_description":"[youtube]http:\/\/www.youtube.com\/watch?v=zdZdAiXs62s[\/youtube] Dass die Schaumbildung stark vom Eiwei\u00dfgehalt abh\u00e4ngig ist, wissen unsere Biertrinker-Freunde schon lange. Der Gew\u00fcrztraminer ist eine Sorte, welche verh\u00e4ltnism\u00e4\u00dfig eiwei\u00dfreich ist &#8211; der davon abh\u00e4ngende Bentonitbedarf ist immer der h\u00f6chste &#8211; und deshalb wundert man sich nicht, wenn &hellip; Weiterlesen &rarr;","og_url":"https:\/\/www.kobler-margreid.com\/blog\/blog\/2009\/09\/23\/big-bubbles\/","og_site_name":"weinhof KOBLER weblog","article_publisher":"https:\/\/www.facebook.com\/armin.kobler\/","article_published_time":"2009-09-23T21:57:56+00:00","article_modified_time":"2009-09-23T22:24:02+00:00","author":"armin kobler","twitter_card":"summary_large_image","twitter_misc":{"Verfasst von":"armin kobler","Gesch\u00e4tzte Lesezeit":"2\u00a0Minuten"},"schema":{"@context":"https:\/\/schema.org","@graph":[{"@type":"Article","@id":"https:\/\/www.kobler-margreid.com\/blog\/blog\/2009\/09\/23\/big-bubbles\/#article","isPartOf":{"@id":"https:\/\/www.kobler-margreid.com\/blog\/blog\/2009\/09\/23\/big-bubbles\/"},"author":{"name":"armin kobler","@id":"https:\/\/www.kobler-margreid.com\/blog\/#\/schema\/person\/fcca96145437484793adb0529dc48706"},"headline":"Big Bubbles","datePublished":"2009-09-23T21:57:56+00:00","dateModified":"2009-09-23T22:24:02+00:00","mainEntityOfPage":{"@id":"https:\/\/www.kobler-margreid.com\/blog\/blog\/2009\/09\/23\/big-bubbles\/"},"wordCount":417,"commentCount":1,"publisher":{"@id":"https:\/\/www.kobler-margreid.com\/blog\/#\/schema\/person\/6a2290c17f680f59c1fa7e1c7a36df3a"},"keywords":["Eiwei\u00df","Proteine","Schaum","Schiuma","S\u00fcdtiroler Gew\u00fcrztraminer Feld"],"articleSection":["Keller - Cantina"],"inLanguage":"de","potentialAction":[{"@type":"CommentAction","name":"Comment","target":["https:\/\/www.kobler-margreid.com\/blog\/blog\/2009\/09\/23\/big-bubbles\/#respond"]}]},{"@type":"WebPage","@id":"https:\/\/www.kobler-margreid.com\/blog\/blog\/2009\/09\/23\/big-bubbles\/","url":"https:\/\/www.kobler-margreid.com\/blog\/blog\/2009\/09\/23\/big-bubbles\/","name":"Big Bubbles - weinhof KOBLER weblog","isPartOf":{"@id":"https:\/\/www.kobler-margreid.com\/blog\/#website"},"datePublished":"2009-09-23T21:57:56+00:00","dateModified":"2009-09-23T22:24:02+00:00","breadcrumb":{"@id":"https:\/\/www.kobler-margreid.com\/blog\/blog\/2009\/09\/23\/big-bubbles\/#breadcrumb"},"inLanguage":"de","potentialAction":[{"@type":"ReadAction","target":["https:\/\/www.kobler-margreid.com\/blog\/blog\/2009\/09\/23\/big-bubbles\/"]}]},{"@type":"BreadcrumbList","@id":"https:\/\/www.kobler-margreid.com\/blog\/blog\/2009\/09\/23\/big-bubbles\/#breadcrumb","itemListElement":[{"@type":"ListItem","position":1,"name":"Startseite","item":"https:\/\/www.kobler-margreid.com\/blog\/"},{"@type":"ListItem","position":2,"name":"Big Bubbles"}]},{"@type":"WebSite","@id":"https:\/\/www.kobler-margreid.com\/blog\/#website","url":"https:\/\/www.kobler-margreid.com\/blog\/","name":"weinhof KOBLER weblog","description":"dem wein ganz nah \u2013 all&#039;interno del vino","publisher":{"@id":"https:\/\/www.kobler-margreid.com\/blog\/#\/schema\/person\/6a2290c17f680f59c1fa7e1c7a36df3a"},"potentialAction":[{"@type":"SearchAction","target":{"@type":"EntryPoint","urlTemplate":"https:\/\/www.kobler-margreid.com\/blog\/?s={search_term_string}"},"query-input":{"@type":"PropertyValueSpecification","valueRequired":true,"valueName":"search_term_string"}}],"inLanguage":"de"},{"@type":["Person","Organization"],"@id":"https:\/\/www.kobler-margreid.com\/blog\/#\/schema\/person\/6a2290c17f680f59c1fa7e1c7a36df3a","name":"armin kobler","image":{"@type":"ImageObject","inLanguage":"de","@id":"https:\/\/www.kobler-margreid.com\/blog\/wp-content\/2023\/11\/2012-05-08_09-33-03a.jpg","url":"https:\/\/www.kobler-margreid.com\/blog\/wp-content\/2023\/11\/2012-05-08_09-33-03a.jpg","contentUrl":"https:\/\/www.kobler-margreid.com\/blog\/wp-content\/2023\/11\/2012-05-08_09-33-03a.jpg","width":1088,"height":1184,"caption":"armin kobler"},"logo":{"@id":"https:\/\/www.kobler-margreid.com\/blog\/wp-content\/2023\/11\/2012-05-08_09-33-03a.jpg"},"sameAs":["http:\/\/www.kobler-margreid.com","https:\/\/www.facebook.com\/armin.kobler\/"]},{"@type":"Person","@id":"https:\/\/www.kobler-margreid.com\/blog\/#\/schema\/person\/fcca96145437484793adb0529dc48706","name":"armin kobler","image":{"@type":"ImageObject","inLanguage":"de","@id":"https:\/\/secure.gravatar.com\/avatar\/7ed75d18f117c58598b89fcf3ec9fda3311f3fbda827ac1502944a0804d87b7f?s=96&d=mm&r=g","url":"https:\/\/secure.gravatar.com\/avatar\/7ed75d18f117c58598b89fcf3ec9fda3311f3fbda827ac1502944a0804d87b7f?s=96&d=mm&r=g","contentUrl":"https:\/\/secure.gravatar.com\/avatar\/7ed75d18f117c58598b89fcf3ec9fda3311f3fbda827ac1502944a0804d87b7f?s=96&d=mm&r=g","caption":"armin kobler"},"sameAs":["http:\/\/"],"url":"https:\/\/www.kobler-margreid.com\/blog\/blog\/author\/armin-kobler\/"}]}},"_links":{"self":[{"href":"https:\/\/www.kobler-margreid.com\/blog\/wp-json\/wp\/v2\/posts\/2807","targetHints":{"allow":["GET"]}}],"collection":[{"href":"https:\/\/www.kobler-margreid.com\/blog\/wp-json\/wp\/v2\/posts"}],"about":[{"href":"https:\/\/www.kobler-margreid.com\/blog\/wp-json\/wp\/v2\/types\/post"}],"author":[{"embeddable":true,"href":"https:\/\/www.kobler-margreid.com\/blog\/wp-json\/wp\/v2\/users\/6"}],"replies":[{"embeddable":true,"href":"https:\/\/www.kobler-margreid.com\/blog\/wp-json\/wp\/v2\/comments?post=2807"}],"version-history":[{"count":0,"href":"https:\/\/www.kobler-margreid.com\/blog\/wp-json\/wp\/v2\/posts\/2807\/revisions"}],"wp:attachment":[{"href":"https:\/\/www.kobler-margreid.com\/blog\/wp-json\/wp\/v2\/media?parent=2807"}],"wp:term":[{"taxonomy":"category","embeddable":true,"href":"https:\/\/www.kobler-margreid.com\/blog\/wp-json\/wp\/v2\/categories?post=2807"},{"taxonomy":"post_tag","embeddable":true,"href":"https:\/\/www.kobler-margreid.com\/blog\/wp-json\/wp\/v2\/tags?post=2807"}],"curies":[{"name":"wp","href":"https:\/\/api.w.org\/{rel}","templated":true}]}}