{"id":2867,"date":"2009-10-03T00:40:06","date_gmt":"2009-10-02T23:40:06","guid":{"rendered":"http:\/\/www.kobler-margreid.com\/blog\/?p=2867"},"modified":"2009-10-03T21:05:26","modified_gmt":"2009-10-03T20:05:26","slug":"ein-leichter-kretzer-%e2%80%94-un-rosato-leggero","status":"publish","type":"post","link":"https:\/\/www.kobler-margreid.com\/blog\/blog\/2009\/10\/03\/ein-leichter-kretzer-%e2%80%94-un-rosato-leggero\/","title":{"rendered":"Ein leichter Kretzer \u2014 Un rosato leggero"},"content":{"rendered":"<p><a href=\"http:\/\/www.kobler-margreid.com\/blog\/wp-content\/2009\/10\/2009-09-30_09-49-37a.jpg\" rel=\"lightbox[2867]\"><img loading=\"lazy\" decoding=\"async\" class=\"float left alignleft size-full wp-image-2884\" style=\"border: 0pt none; margin: 0px 5px;\" title=\"2009-09-30_09-49-37a\" src=\"http:\/\/www.kobler-margreid.com\/blog\/wp-content\/2009\/10\/2009-09-30_09-49-37a.jpg\" alt=\"2009-09-30_09-49-37a\" width=\"346\" height=\"325\" srcset=\"https:\/\/www.kobler-margreid.com\/blog\/wp-content\/2009\/10\/2009-09-30_09-49-37a.jpg 800w, https:\/\/www.kobler-margreid.com\/blog\/wp-content\/2009\/10\/2009-09-30_09-49-37a-300x282.jpg 300w\" sizes=\"auto, (max-width: 346px) 100vw, 346px\" \/><\/a>&#8230; wird das auch heuer nicht werden. Macht nichts, bis jetzt hat es immer noch genug Konsumenten gegeben, welche diesem vornehmlich als Essensbegleiter zu betrachtenden Wein zugesprochen haben. Und zugegeben, so einen Wein will und kann ich mit Merlot, unserer Hausrotweinsorte, auch gar nicht machen. Will man n\u00e4mlich die allgemeine gesch\u00e4tzte, von Erd- und Himbeeren gepr\u00e4gte Frucht anstatt den Paprikanoten, dann muss mit der Lese zugewartet werden. Dass dann der Alkoholgehalt nicht mehr nur 12 % Vol betragen kann, ist nur allzu logisch.<\/p>\n<p><em>&#8230; non ci sar\u00e0 neanche quest&#8217;anno. Non importa, finora si sono sempre trovati abbastanza consumatori che hanno optato per questo vino. Ed inoltre non voglio e non posso neanche fare del nostro vitigno rosso di casa un rosato leggero. Infatti, se si vogliono ottenere le note apprezzate e ormai consuete di lampone e fragola invece del peperone bisogna aspettare con la vendemmia. Che il risultato non si ferma ai 12 gradi alcolici \u00e8 per\u00f2 anche ovvio.<\/em><\/p>\n<p><!--more-->[youtube width=&#8220;350&#8243; height=&#8220;285&#8243;]http:\/\/www.youtube.com\/watch?v=NQ6SQX_gPlw[\/youtube]Fast wollte ich f\u00fcr heuer sagen, dass Botrytis kein Problem dieses Jahrganges sei, zu wenig bzw. gar keinen Befall hatte ich bis letzte Woche gefunden. Der Regen von Freitag auf Samstag und die \u00fcberdurchschnittlichen Tagestemperaturen um die 27 \u00b0C haben dem Pilz doch noch die M\u00f6glichkeit zur Entfaltung gegeben. Ganz erschrocken musste ich am Montag fesstellen, dass teilweiese ganze Trauben der Sorten Cabernet franc und Merlot von innnen heraus begannen zu faulen. Aber auch freistehende Beeren wiesen diese wei\u00dfen Halbmonde auf, die Folge von aufgesprungen Beeren, des Saftaustritts und der folgenden Pilzbesiedelung.<\/p>\n<p><em>Quasi volevo dire che quest&#8217;anno la botrite non \u00e8 stata un problema in quanto ho trovato pochissima se mai uva colpita. La pioggia tra venerd\u00ec e sabato scorso e le temperature medie giornaliere alte attorno ai 27 \u00b0C hanno dato per\u00f2 al parassita un ultima opportunit\u00e0 di espansione. Veramente spaventato dovevo constatare il luned\u00ec che ogni tanto grappoli interi di Cabernet franc e Merlot hanno cominciato a marcire partendo dall&#8217;interno. Ma anche acini ben esposti mostravano quelle semilune bianche che sono la conseguenza di acini spaccati, la fuoriuscita di mosto e la conseguente infezione del fungo.<\/em><\/p>\n<p>[youtube width=&#8220;350&#8243; height=&#8220;285&#8243;]http:\/\/www.youtube.com\/watch?v=z6SdAxzlpMA[\/youtube]<\/p>\n<p>Jetzt musste gehandelt werden: schon am Dienstag wimmten wir den Cabernet franc und am Mittwoch jenen Merlot in der Lage Kotzner, direkt hinter dem Haus, der den Kretzer ergibt. Wie haben sich die Zuckergehalte entwickelt? Der Cabernt franc Puit sowie der Merlot Kotzner wie\u00dfen beim Abladen in der Kellerei 19,7 bzw. 20,1 \u00b0KMW auf. Wichtiger war aber f\u00fcr mich\u00a0 der sensorische Windruck: Die Beeren hatten\u00a0 eine inzwischen weiche Schale, waren gr\u00f6\u00dftenteil schon etwas eingetrocknet und jedenfalls reif f\u00fcr die Ernte. Zumindest kam es mir so vor, als ich immer wieder ein paar Beeren in der Anlage kostete. Das Lesepersonal konnte jedenfalls nicht sehr schnell wimmen, muste doch jede Traube auf Befalle kontrolliert werden.<\/p>\n<p><em> <\/em><em>Non si poteva pi\u00f9 perdere del tempo, bisognava agire. Gi\u00e0 il marted\u00ec si \u00e8 vendemmiato il Cabernet franc il mercoled\u00ec quel Merlot che \u00e8 localizzato dietro casa nostra e che va a costituire il Merlot rosato. Come sono andati avanti i gradi zuccherini? Il Cabernt franc Puit e il Merlot Kotzner avevano al momento del conferimento in cantina\u00a0 19,7 rispettivamente\u00a0 20,1 \u00b0Babo. Pi\u00f9 importante per\u00f2\u00a0 \u00e8 per me l&#8217;impressione gustativa degli acini: essi avevano intanto una buccia sottile, in gran parte erano gi\u00e0 raggrinzite e comunque sicuramente abbastanza mature per la vendemmia. Almeno a me \u00e8 parso cos\u00ec dopo che ho degustato pi\u00f9 volte degli acini. Il personale di vendemmia putroppo non era molto veloce in quanto ogni grappolo doveva venire controllato nei confronti della botrite.<\/em><\/p>\nngg_shortcode_0_placeholder\n","protected":false},"excerpt":{"rendered":"<p>&#8230; wird das auch heuer nicht werden. Macht nichts, bis jetzt hat es immer noch genug Konsumenten gegeben, welche diesem vornehmlich als Essensbegleiter zu betrachtenden Wein zugesprochen haben. Und zugegeben, so einen Wein will und kann ich mit Merlot, unserer &hellip; <a href=\"https:\/\/www.kobler-margreid.com\/blog\/blog\/2009\/10\/03\/ein-leichter-kretzer-%e2%80%94-un-rosato-leggero\/\">Weiterlesen <span class=\"meta-nav\">&rarr;<\/span><\/a><\/p>\n","protected":false},"author":6,"featured_media":0,"comment_status":"open","ping_status":"open","sticky":false,"template":"","format":"standard","meta":{"ngg_post_thumbnail":0,"footnotes":"","_links_to":"","_links_to_target":""},"categories":[12],"tags":[166,540,541,188,411],"class_list":["post-2867","post","type-post","status-publish","format-standard","hentry","category-ernte","tag-botrytis-cinerea","tag-cabernet-franc-puit","tag-rosato","tag-rose","tag-sudtiroler-merlot-kretzer-kotzner"],"yoast_head":"<!-- This site is optimized with the Yoast SEO plugin v27.5 - https:\/\/yoast.com\/product\/yoast-seo-wordpress\/ -->\n<title>Ein leichter Kretzer \u2014 Un rosato leggero - weinhof KOBLER weblog<\/title>\n<meta name=\"robots\" content=\"index, follow, max-snippet:-1, max-image-preview:large, max-video-preview:-1\" \/>\n<link rel=\"canonical\" href=\"https:\/\/www.kobler-margreid.com\/blog\/blog\/2009\/10\/03\/ein-leichter-kretzer-\u2014-un-rosato-leggero\/\" \/>\n<meta property=\"og:locale\" content=\"de_DE\" \/>\n<meta property=\"og:type\" content=\"article\" \/>\n<meta property=\"og:title\" content=\"Ein leichter Kretzer \u2014 Un rosato leggero - weinhof KOBLER weblog\" \/>\n<meta property=\"og:description\" content=\"&#8230; wird das auch heuer nicht werden. Macht nichts, bis jetzt hat es immer noch genug Konsumenten gegeben, welche diesem vornehmlich als Essensbegleiter zu betrachtenden Wein zugesprochen haben. Und zugegeben, so einen Wein will und kann ich mit Merlot, unserer &hellip; Weiterlesen &rarr;\" \/>\n<meta property=\"og:url\" content=\"https:\/\/www.kobler-margreid.com\/blog\/blog\/2009\/10\/03\/ein-leichter-kretzer-\u2014-un-rosato-leggero\/\" \/>\n<meta property=\"og:site_name\" content=\"weinhof KOBLER weblog\" \/>\n<meta property=\"article:publisher\" content=\"https:\/\/www.facebook.com\/armin.kobler\/\" \/>\n<meta property=\"article:published_time\" content=\"2009-10-02T23:40:06+00:00\" \/>\n<meta property=\"article:modified_time\" content=\"2009-10-03T20:05:26+00:00\" \/>\n<meta property=\"og:image\" content=\"http:\/\/www.kobler-margreid.com\/blog\/wp-content\/2009\/10\/2009-09-30_09-49-37a.jpg\" \/>\n<meta name=\"author\" content=\"armin kobler\" \/>\n<meta name=\"twitter:card\" content=\"summary_large_image\" \/>\n<meta name=\"twitter:label1\" content=\"Verfasst von\" \/>\n\t<meta name=\"twitter:data1\" content=\"armin kobler\" \/>\n\t<meta name=\"twitter:label2\" content=\"Gesch\u00e4tzte Lesezeit\" \/>\n\t<meta name=\"twitter:data2\" content=\"3\u00a0Minuten\" \/>\n<script type=\"application\/ld+json\" class=\"yoast-schema-graph\">{\"@context\":\"https:\\\/\\\/schema.org\",\"@graph\":[{\"@type\":\"Article\",\"@id\":\"https:\\\/\\\/www.kobler-margreid.com\\\/blog\\\/blog\\\/2009\\\/10\\\/03\\\/ein-leichter-kretzer-%e2%80%94-un-rosato-leggero\\\/#article\",\"isPartOf\":{\"@id\":\"https:\\\/\\\/www.kobler-margreid.com\\\/blog\\\/blog\\\/2009\\\/10\\\/03\\\/ein-leichter-kretzer-%e2%80%94-un-rosato-leggero\\\/\"},\"author\":{\"name\":\"armin kobler\",\"@id\":\"https:\\\/\\\/www.kobler-margreid.com\\\/blog\\\/#\\\/schema\\\/person\\\/fcca96145437484793adb0529dc48706\"},\"headline\":\"Ein leichter Kretzer \u2014 Un rosato leggero\",\"datePublished\":\"2009-10-02T23:40:06+00:00\",\"dateModified\":\"2009-10-03T20:05:26+00:00\",\"mainEntityOfPage\":{\"@id\":\"https:\\\/\\\/www.kobler-margreid.com\\\/blog\\\/blog\\\/2009\\\/10\\\/03\\\/ein-leichter-kretzer-%e2%80%94-un-rosato-leggero\\\/\"},\"wordCount\":612,\"commentCount\":0,\"publisher\":{\"@id\":\"https:\\\/\\\/www.kobler-margreid.com\\\/blog\\\/#\\\/schema\\\/person\\\/6a2290c17f680f59c1fa7e1c7a36df3a\"},\"image\":{\"@id\":\"https:\\\/\\\/www.kobler-margreid.com\\\/blog\\\/blog\\\/2009\\\/10\\\/03\\\/ein-leichter-kretzer-%e2%80%94-un-rosato-leggero\\\/#primaryimage\"},\"thumbnailUrl\":\"http:\\\/\\\/www.kobler-margreid.com\\\/blog\\\/wp-content\\\/2009\\\/10\\\/2009-09-30_09-49-37a.jpg\",\"keywords\":[\"Botrytis cinerea\",\"Cabernet franc Puit\",\"Rosato\",\"Ros\u00e9\",\"S\u00fcdtiroler Merlot Kretzer Kotzner\"],\"articleSection\":[\"Ernte - Vendemmia\"],\"inLanguage\":\"de\",\"potentialAction\":[{\"@type\":\"CommentAction\",\"name\":\"Comment\",\"target\":[\"https:\\\/\\\/www.kobler-margreid.com\\\/blog\\\/blog\\\/2009\\\/10\\\/03\\\/ein-leichter-kretzer-%e2%80%94-un-rosato-leggero\\\/#respond\"]}]},{\"@type\":\"WebPage\",\"@id\":\"https:\\\/\\\/www.kobler-margreid.com\\\/blog\\\/blog\\\/2009\\\/10\\\/03\\\/ein-leichter-kretzer-%e2%80%94-un-rosato-leggero\\\/\",\"url\":\"https:\\\/\\\/www.kobler-margreid.com\\\/blog\\\/blog\\\/2009\\\/10\\\/03\\\/ein-leichter-kretzer-%e2%80%94-un-rosato-leggero\\\/\",\"name\":\"Ein leichter Kretzer \u2014 Un rosato leggero - weinhof KOBLER weblog\",\"isPartOf\":{\"@id\":\"https:\\\/\\\/www.kobler-margreid.com\\\/blog\\\/#website\"},\"primaryImageOfPage\":{\"@id\":\"https:\\\/\\\/www.kobler-margreid.com\\\/blog\\\/blog\\\/2009\\\/10\\\/03\\\/ein-leichter-kretzer-%e2%80%94-un-rosato-leggero\\\/#primaryimage\"},\"image\":{\"@id\":\"https:\\\/\\\/www.kobler-margreid.com\\\/blog\\\/blog\\\/2009\\\/10\\\/03\\\/ein-leichter-kretzer-%e2%80%94-un-rosato-leggero\\\/#primaryimage\"},\"thumbnailUrl\":\"http:\\\/\\\/www.kobler-margreid.com\\\/blog\\\/wp-content\\\/2009\\\/10\\\/2009-09-30_09-49-37a.jpg\",\"datePublished\":\"2009-10-02T23:40:06+00:00\",\"dateModified\":\"2009-10-03T20:05:26+00:00\",\"breadcrumb\":{\"@id\":\"https:\\\/\\\/www.kobler-margreid.com\\\/blog\\\/blog\\\/2009\\\/10\\\/03\\\/ein-leichter-kretzer-%e2%80%94-un-rosato-leggero\\\/#breadcrumb\"},\"inLanguage\":\"de\",\"potentialAction\":[{\"@type\":\"ReadAction\",\"target\":[\"https:\\\/\\\/www.kobler-margreid.com\\\/blog\\\/blog\\\/2009\\\/10\\\/03\\\/ein-leichter-kretzer-%e2%80%94-un-rosato-leggero\\\/\"]}]},{\"@type\":\"ImageObject\",\"inLanguage\":\"de\",\"@id\":\"https:\\\/\\\/www.kobler-margreid.com\\\/blog\\\/blog\\\/2009\\\/10\\\/03\\\/ein-leichter-kretzer-%e2%80%94-un-rosato-leggero\\\/#primaryimage\",\"url\":\"http:\\\/\\\/www.kobler-margreid.com\\\/blog\\\/wp-content\\\/2009\\\/10\\\/2009-09-30_09-49-37a.jpg\",\"contentUrl\":\"http:\\\/\\\/www.kobler-margreid.com\\\/blog\\\/wp-content\\\/2009\\\/10\\\/2009-09-30_09-49-37a.jpg\"},{\"@type\":\"BreadcrumbList\",\"@id\":\"https:\\\/\\\/www.kobler-margreid.com\\\/blog\\\/blog\\\/2009\\\/10\\\/03\\\/ein-leichter-kretzer-%e2%80%94-un-rosato-leggero\\\/#breadcrumb\",\"itemListElement\":[{\"@type\":\"ListItem\",\"position\":1,\"name\":\"Startseite\",\"item\":\"https:\\\/\\\/www.kobler-margreid.com\\\/blog\\\/\"},{\"@type\":\"ListItem\",\"position\":2,\"name\":\"Ein leichter Kretzer \u2014 Un rosato leggero\"}]},{\"@type\":\"WebSite\",\"@id\":\"https:\\\/\\\/www.kobler-margreid.com\\\/blog\\\/#website\",\"url\":\"https:\\\/\\\/www.kobler-margreid.com\\\/blog\\\/\",\"name\":\"weinhof KOBLER weblog\",\"description\":\"dem wein ganz nah \u2013 all&#039;interno del vino\",\"publisher\":{\"@id\":\"https:\\\/\\\/www.kobler-margreid.com\\\/blog\\\/#\\\/schema\\\/person\\\/6a2290c17f680f59c1fa7e1c7a36df3a\"},\"potentialAction\":[{\"@type\":\"SearchAction\",\"target\":{\"@type\":\"EntryPoint\",\"urlTemplate\":\"https:\\\/\\\/www.kobler-margreid.com\\\/blog\\\/?s={search_term_string}\"},\"query-input\":{\"@type\":\"PropertyValueSpecification\",\"valueRequired\":true,\"valueName\":\"search_term_string\"}}],\"inLanguage\":\"de\"},{\"@type\":[\"Person\",\"Organization\"],\"@id\":\"https:\\\/\\\/www.kobler-margreid.com\\\/blog\\\/#\\\/schema\\\/person\\\/6a2290c17f680f59c1fa7e1c7a36df3a\",\"name\":\"armin kobler\",\"image\":{\"@type\":\"ImageObject\",\"inLanguage\":\"de\",\"@id\":\"https:\\\/\\\/www.kobler-margreid.com\\\/blog\\\/wp-content\\\/2023\\\/11\\\/2012-05-08_09-33-03a.jpg\",\"url\":\"https:\\\/\\\/www.kobler-margreid.com\\\/blog\\\/wp-content\\\/2023\\\/11\\\/2012-05-08_09-33-03a.jpg\",\"contentUrl\":\"https:\\\/\\\/www.kobler-margreid.com\\\/blog\\\/wp-content\\\/2023\\\/11\\\/2012-05-08_09-33-03a.jpg\",\"width\":1088,\"height\":1184,\"caption\":\"armin kobler\"},\"logo\":{\"@id\":\"https:\\\/\\\/www.kobler-margreid.com\\\/blog\\\/wp-content\\\/2023\\\/11\\\/2012-05-08_09-33-03a.jpg\"},\"sameAs\":[\"http:\\\/\\\/www.kobler-margreid.com\",\"https:\\\/\\\/www.facebook.com\\\/armin.kobler\\\/\"]},{\"@type\":\"Person\",\"@id\":\"https:\\\/\\\/www.kobler-margreid.com\\\/blog\\\/#\\\/schema\\\/person\\\/fcca96145437484793adb0529dc48706\",\"name\":\"armin kobler\",\"image\":{\"@type\":\"ImageObject\",\"inLanguage\":\"de\",\"@id\":\"https:\\\/\\\/secure.gravatar.com\\\/avatar\\\/7ed75d18f117c58598b89fcf3ec9fda3311f3fbda827ac1502944a0804d87b7f?s=96&d=mm&r=g\",\"url\":\"https:\\\/\\\/secure.gravatar.com\\\/avatar\\\/7ed75d18f117c58598b89fcf3ec9fda3311f3fbda827ac1502944a0804d87b7f?s=96&d=mm&r=g\",\"contentUrl\":\"https:\\\/\\\/secure.gravatar.com\\\/avatar\\\/7ed75d18f117c58598b89fcf3ec9fda3311f3fbda827ac1502944a0804d87b7f?s=96&d=mm&r=g\",\"caption\":\"armin kobler\"},\"sameAs\":[\"http:\\\/\\\/\"],\"url\":\"https:\\\/\\\/www.kobler-margreid.com\\\/blog\\\/blog\\\/author\\\/armin-kobler\\\/\"}]}<\/script>\n<!-- \/ Yoast SEO plugin. -->","yoast_head_json":{"title":"Ein leichter Kretzer \u2014 Un rosato leggero - weinhof KOBLER weblog","robots":{"index":"index","follow":"follow","max-snippet":"max-snippet:-1","max-image-preview":"max-image-preview:large","max-video-preview":"max-video-preview:-1"},"canonical":"https:\/\/www.kobler-margreid.com\/blog\/blog\/2009\/10\/03\/ein-leichter-kretzer-\u2014-un-rosato-leggero\/","og_locale":"de_DE","og_type":"article","og_title":"Ein leichter Kretzer \u2014 Un rosato leggero - weinhof KOBLER weblog","og_description":"&#8230; wird das auch heuer nicht werden. Macht nichts, bis jetzt hat es immer noch genug Konsumenten gegeben, welche diesem vornehmlich als Essensbegleiter zu betrachtenden Wein zugesprochen haben. Und zugegeben, so einen Wein will und kann ich mit Merlot, unserer &hellip; Weiterlesen &rarr;","og_url":"https:\/\/www.kobler-margreid.com\/blog\/blog\/2009\/10\/03\/ein-leichter-kretzer-\u2014-un-rosato-leggero\/","og_site_name":"weinhof KOBLER weblog","article_publisher":"https:\/\/www.facebook.com\/armin.kobler\/","article_published_time":"2009-10-02T23:40:06+00:00","article_modified_time":"2009-10-03T20:05:26+00:00","og_image":[{"url":"http:\/\/www.kobler-margreid.com\/blog\/wp-content\/2009\/10\/2009-09-30_09-49-37a.jpg","type":"","width":"","height":""}],"author":"armin kobler","twitter_card":"summary_large_image","twitter_misc":{"Verfasst von":"armin kobler","Gesch\u00e4tzte Lesezeit":"3\u00a0Minuten"},"schema":{"@context":"https:\/\/schema.org","@graph":[{"@type":"Article","@id":"https:\/\/www.kobler-margreid.com\/blog\/blog\/2009\/10\/03\/ein-leichter-kretzer-%e2%80%94-un-rosato-leggero\/#article","isPartOf":{"@id":"https:\/\/www.kobler-margreid.com\/blog\/blog\/2009\/10\/03\/ein-leichter-kretzer-%e2%80%94-un-rosato-leggero\/"},"author":{"name":"armin kobler","@id":"https:\/\/www.kobler-margreid.com\/blog\/#\/schema\/person\/fcca96145437484793adb0529dc48706"},"headline":"Ein leichter Kretzer \u2014 Un rosato leggero","datePublished":"2009-10-02T23:40:06+00:00","dateModified":"2009-10-03T20:05:26+00:00","mainEntityOfPage":{"@id":"https:\/\/www.kobler-margreid.com\/blog\/blog\/2009\/10\/03\/ein-leichter-kretzer-%e2%80%94-un-rosato-leggero\/"},"wordCount":612,"commentCount":0,"publisher":{"@id":"https:\/\/www.kobler-margreid.com\/blog\/#\/schema\/person\/6a2290c17f680f59c1fa7e1c7a36df3a"},"image":{"@id":"https:\/\/www.kobler-margreid.com\/blog\/blog\/2009\/10\/03\/ein-leichter-kretzer-%e2%80%94-un-rosato-leggero\/#primaryimage"},"thumbnailUrl":"http:\/\/www.kobler-margreid.com\/blog\/wp-content\/2009\/10\/2009-09-30_09-49-37a.jpg","keywords":["Botrytis cinerea","Cabernet franc Puit","Rosato","Ros\u00e9","S\u00fcdtiroler Merlot Kretzer Kotzner"],"articleSection":["Ernte - Vendemmia"],"inLanguage":"de","potentialAction":[{"@type":"CommentAction","name":"Comment","target":["https:\/\/www.kobler-margreid.com\/blog\/blog\/2009\/10\/03\/ein-leichter-kretzer-%e2%80%94-un-rosato-leggero\/#respond"]}]},{"@type":"WebPage","@id":"https:\/\/www.kobler-margreid.com\/blog\/blog\/2009\/10\/03\/ein-leichter-kretzer-%e2%80%94-un-rosato-leggero\/","url":"https:\/\/www.kobler-margreid.com\/blog\/blog\/2009\/10\/03\/ein-leichter-kretzer-%e2%80%94-un-rosato-leggero\/","name":"Ein leichter Kretzer \u2014 Un rosato leggero - weinhof KOBLER weblog","isPartOf":{"@id":"https:\/\/www.kobler-margreid.com\/blog\/#website"},"primaryImageOfPage":{"@id":"https:\/\/www.kobler-margreid.com\/blog\/blog\/2009\/10\/03\/ein-leichter-kretzer-%e2%80%94-un-rosato-leggero\/#primaryimage"},"image":{"@id":"https:\/\/www.kobler-margreid.com\/blog\/blog\/2009\/10\/03\/ein-leichter-kretzer-%e2%80%94-un-rosato-leggero\/#primaryimage"},"thumbnailUrl":"http:\/\/www.kobler-margreid.com\/blog\/wp-content\/2009\/10\/2009-09-30_09-49-37a.jpg","datePublished":"2009-10-02T23:40:06+00:00","dateModified":"2009-10-03T20:05:26+00:00","breadcrumb":{"@id":"https:\/\/www.kobler-margreid.com\/blog\/blog\/2009\/10\/03\/ein-leichter-kretzer-%e2%80%94-un-rosato-leggero\/#breadcrumb"},"inLanguage":"de","potentialAction":[{"@type":"ReadAction","target":["https:\/\/www.kobler-margreid.com\/blog\/blog\/2009\/10\/03\/ein-leichter-kretzer-%e2%80%94-un-rosato-leggero\/"]}]},{"@type":"ImageObject","inLanguage":"de","@id":"https:\/\/www.kobler-margreid.com\/blog\/blog\/2009\/10\/03\/ein-leichter-kretzer-%e2%80%94-un-rosato-leggero\/#primaryimage","url":"http:\/\/www.kobler-margreid.com\/blog\/wp-content\/2009\/10\/2009-09-30_09-49-37a.jpg","contentUrl":"http:\/\/www.kobler-margreid.com\/blog\/wp-content\/2009\/10\/2009-09-30_09-49-37a.jpg"},{"@type":"BreadcrumbList","@id":"https:\/\/www.kobler-margreid.com\/blog\/blog\/2009\/10\/03\/ein-leichter-kretzer-%e2%80%94-un-rosato-leggero\/#breadcrumb","itemListElement":[{"@type":"ListItem","position":1,"name":"Startseite","item":"https:\/\/www.kobler-margreid.com\/blog\/"},{"@type":"ListItem","position":2,"name":"Ein leichter Kretzer \u2014 Un rosato leggero"}]},{"@type":"WebSite","@id":"https:\/\/www.kobler-margreid.com\/blog\/#website","url":"https:\/\/www.kobler-margreid.com\/blog\/","name":"weinhof KOBLER weblog","description":"dem wein ganz nah \u2013 all&#039;interno del vino","publisher":{"@id":"https:\/\/www.kobler-margreid.com\/blog\/#\/schema\/person\/6a2290c17f680f59c1fa7e1c7a36df3a"},"potentialAction":[{"@type":"SearchAction","target":{"@type":"EntryPoint","urlTemplate":"https:\/\/www.kobler-margreid.com\/blog\/?s={search_term_string}"},"query-input":{"@type":"PropertyValueSpecification","valueRequired":true,"valueName":"search_term_string"}}],"inLanguage":"de"},{"@type":["Person","Organization"],"@id":"https:\/\/www.kobler-margreid.com\/blog\/#\/schema\/person\/6a2290c17f680f59c1fa7e1c7a36df3a","name":"armin kobler","image":{"@type":"ImageObject","inLanguage":"de","@id":"https:\/\/www.kobler-margreid.com\/blog\/wp-content\/2023\/11\/2012-05-08_09-33-03a.jpg","url":"https:\/\/www.kobler-margreid.com\/blog\/wp-content\/2023\/11\/2012-05-08_09-33-03a.jpg","contentUrl":"https:\/\/www.kobler-margreid.com\/blog\/wp-content\/2023\/11\/2012-05-08_09-33-03a.jpg","width":1088,"height":1184,"caption":"armin kobler"},"logo":{"@id":"https:\/\/www.kobler-margreid.com\/blog\/wp-content\/2023\/11\/2012-05-08_09-33-03a.jpg"},"sameAs":["http:\/\/www.kobler-margreid.com","https:\/\/www.facebook.com\/armin.kobler\/"]},{"@type":"Person","@id":"https:\/\/www.kobler-margreid.com\/blog\/#\/schema\/person\/fcca96145437484793adb0529dc48706","name":"armin kobler","image":{"@type":"ImageObject","inLanguage":"de","@id":"https:\/\/secure.gravatar.com\/avatar\/7ed75d18f117c58598b89fcf3ec9fda3311f3fbda827ac1502944a0804d87b7f?s=96&d=mm&r=g","url":"https:\/\/secure.gravatar.com\/avatar\/7ed75d18f117c58598b89fcf3ec9fda3311f3fbda827ac1502944a0804d87b7f?s=96&d=mm&r=g","contentUrl":"https:\/\/secure.gravatar.com\/avatar\/7ed75d18f117c58598b89fcf3ec9fda3311f3fbda827ac1502944a0804d87b7f?s=96&d=mm&r=g","caption":"armin kobler"},"sameAs":["http:\/\/"],"url":"https:\/\/www.kobler-margreid.com\/blog\/blog\/author\/armin-kobler\/"}]}},"_links":{"self":[{"href":"https:\/\/www.kobler-margreid.com\/blog\/wp-json\/wp\/v2\/posts\/2867","targetHints":{"allow":["GET"]}}],"collection":[{"href":"https:\/\/www.kobler-margreid.com\/blog\/wp-json\/wp\/v2\/posts"}],"about":[{"href":"https:\/\/www.kobler-margreid.com\/blog\/wp-json\/wp\/v2\/types\/post"}],"author":[{"embeddable":true,"href":"https:\/\/www.kobler-margreid.com\/blog\/wp-json\/wp\/v2\/users\/6"}],"replies":[{"embeddable":true,"href":"https:\/\/www.kobler-margreid.com\/blog\/wp-json\/wp\/v2\/comments?post=2867"}],"version-history":[{"count":0,"href":"https:\/\/www.kobler-margreid.com\/blog\/wp-json\/wp\/v2\/posts\/2867\/revisions"}],"wp:attachment":[{"href":"https:\/\/www.kobler-margreid.com\/blog\/wp-json\/wp\/v2\/media?parent=2867"}],"wp:term":[{"taxonomy":"category","embeddable":true,"href":"https:\/\/www.kobler-margreid.com\/blog\/wp-json\/wp\/v2\/categories?post=2867"},{"taxonomy":"post_tag","embeddable":true,"href":"https:\/\/www.kobler-margreid.com\/blog\/wp-json\/wp\/v2\/tags?post=2867"}],"curies":[{"name":"wp","href":"https:\/\/api.w.org\/{rel}","templated":true}]}}