{"id":3008,"date":"2009-10-26T22:40:13","date_gmt":"2009-10-26T21:40:13","guid":{"rendered":"http:\/\/www.kobler-margreid.com\/blog\/?p=3008"},"modified":"2009-10-27T00:40:29","modified_gmt":"2009-10-26T23:40:29","slug":"wein_kastaniengerichte_vino_castagne","status":"publish","type":"post","link":"https:\/\/www.kobler-margreid.com\/blog\/blog\/2009\/10\/26\/wein_kastaniengerichte_vino_castagne\/","title":{"rendered":"Welcher Wein zu Kastaniengerichten? \u2014 Quale vino per accompagnare piatti di castagne?"},"content":{"rendered":"<p><a href=\"http:\/\/www.kobler-margreid.com\/blog\/wp-content\/2009\/10\/2009-10-11_16-31-14.jpg\" rel=\"lightbox[3008]\"><img loading=\"lazy\" decoding=\"async\" class=\"float left alignleft size-full wp-image-3009\" style=\"border: 0pt none; margin: 0px 5px;\" title=\"2009-10-11_16-31-14\" src=\"http:\/\/www.kobler-margreid.com\/blog\/wp-content\/imagescaler\/e3f230915c40381673bfde943614e5d6.jpg\" alt=\"2009-10-11_16-31-14\" width=\"344\" height=\"258\" \/><\/a>Am 24. und 25. Oktober veranstaltete die <a title=\"Marroni di Castione\" href=\"http:\/\/www.marronicastione.it\/\" target=\"_blank\">Vereinigung zum Schutz der Marroni aus Castione<\/a> (Associazione Tutela Marroni di Castione) wieder ihr Kastanienfest in Brentonico (Provinz Trient). Dabei werden u.a. typische Gerichte, in denen Kastanien verwendet werden, den G\u00e4sten angeboten.<\/p>\n<p><em>Il 24 e 25 ottobre l&#8216;<a title=\"Marroni di Castione\" href=\"http:\/\/www.marronicastione.it\/\" target=\"_blank\">Associazione Tutela Marroni di Castione<\/a> ha organizzato l&#8217;annuale festa della castagna a Brentonico (TN). Tra l&#8217;altro vengono proposti in quell&#8217;occasione piatti tipici a base di marroni.<\/em><\/p>\n<p><em><!--more--><\/em><\/p>\n<p>Erstmalig dabei wurde im Vorfeld ein <a title=\"Download: Regolamento\" href=\"http:\/\/www.marronicastione.it\/pagine\/concorso_castagne_vino_09.pdf\" target=\"_blank\">Wettbewerb<\/a> organisiert, bei welchen der ideale Wein zu diesen Gerichten ermittelt werden sollte.\u00a0 Die Speisen, zu denen immer wieder die Weine in 3er- und 4er-Serien gereicht wurden, waren: Tagliatelle aus Kastanienmehl mit Wildschweinragu, Lendenst\u00fcckbraten mit Kastaniencremef\u00fcllung auf gegrillter Polenta und Kastanienkuchen. Die Personen, welche die Kombinationen beurteilten, waren der Gastro-Journalist Paolo Massobrio, die Sommeliers Mauro De Concini, Mariano Francescani und Maria Grazia Brugnara, der Gastronom Sergio Valentini, Stefano Viesi der Associazione Marroni di Castione und meine Wenigkeit als Weinproduzent. Organisiert wurde diese etwas andere Weinkost von den Sommeli\u00e8res Rosaria Benedetti und Maria Grazia Brugnara.<\/p>\n<p><a href=\"http:\/\/www.kobler-margreid.com\/blog\/wp-content\/2009\/10\/2009-10-11_18-49-04.jpg\" rel=\"lightbox[3008]\"><img loading=\"lazy\" decoding=\"async\" class=\"float left alignleft size-full wp-image-3011\" style=\"border: 0pt none; margin: 0px 5px;\" title=\"2009-10-11_18-49-04\" src=\"http:\/\/www.kobler-margreid.com\/blog\/wp-content\/imagescaler\/8380159252161281ec662bfb82681415.jpg\" alt=\"2009-10-11_18-49-04\" width=\"368\" height=\"276\" \/><\/a><em>Per la prima volta precedentemente alla manifestazione \u00e8 stato organizzato un <a title=\"Download: Regolamento\" href=\"http:\/\/www.marronicastione.it\/pagine\/concorso_castagne_vino_09.pdf\" target=\"_blank\">concorso<\/a><\/em><em> per scoprire i vini che meglio si accostano o nel caso migliore si abbinano coi piatti proposti. Questi erano: tagliatelle di farina di castagne al ragu? di cinghiale, arrosto di lonza ai marroni con polenta alla piastra e crostata con crema di marroni. Le persone che hanno giudicato queste combinazioni in una degustazione un po&#8216; insolita erano il giornalista enogastronomico Paolo Massobrio, i sommeliers Mauro De Concini, Mariano Francescani e Maria Grazia Brugnara, il ristoratore Sergio Valentini, Stefano Viesi dell&#8217;Associazione Marroni di Castione ed io come produttore di vino. L&#8217;organizzazione ed il coordinamento del concorso erano affidate alle sommeli\u00e8res Rosaria Benedetti e Maria Grazia Brugnara.<\/em><\/p>\n<p>Diese neue sensorische Erfahrung war mir sehr wichtig und die Ergebnisse sowie die anschlie\u00dfende Diskussionen \u00e4u\u00dferst aufschlussreich. Der meiste Wein wird meines Wissens beim Essen konsumiert, dessen Beurteilung findet aber aus verst\u00e4ndlichen Gr\u00fcnden immer ohne Speisen statt. Die Kombinationsm\u00f6glichkeiten sind in der Tat auch unendlich. Ohne dass es vorgesehen war, habe ich immer die Weine &#8211; wie gewohnt, daf\u00fcr bin ich zuviel Weintechniker &#8211; zuerst alleine gekostet und dann erst die Kombination mit den Speisen gepr\u00fcft. Und das Ergebnis der Bevorzugung war tats\u00e4chlich oft ein anderes. Ein Aspekt, der eigentlich noch mehr Widerspr\u00fcchlichkeit in die Interpretation von Ergebnissen sensorischer Untersuchungen einbringt. Erfreulicher war hingegen die Beobachtung, dass zwischen den Kostern bei der Beurteilung der Kombinationen mehr Einhelligkeit herrschte als bei der Verkostung der Weine alleine oft der Fall ist.<\/p>\n<p><em>Questa per di pi\u00f9 nuova esperienza organolettica era molto importante per me e la discussione seguente i nostri giudizi era alquanto istruttiva. La maggiorparte del vino viene consumato pasteggiando, ma le valutazioni della loro qualit\u00e0 avvengono in un altro contesto per ovvii motivi. Le combinazioni possibili sono infatti infinite. Senza che ci\u00f2 era previsto, da tecnico del vino che sono ho assaggiato sempre prima i vini da soli prima di giudicare la combinazione. E devo dire che le mie preferenze erano spesso davvero differenti tra il vino senza e con il relativo piatto. Questo \u00e8 un aspetto che apporta ulteriore contraddizione nell&#8217;interpretatzione di risultati di analisi organolettiche. Pi\u00f9 lieta era invece l&#8217;osservazione che tra i giudici c&#8217;era pi\u00f9 concordanza nella valutazione delle combinazioni che non nell&#8217;usuale valutazione dei soli vini.<\/em><\/p>\nngg_shortcode_0_placeholder\n<p>Die beiden besten Weine zur Vorspeise waren der Trentino DOC Chardonnay <em>Lukin<\/em> 2004 von <a title=\"Villa Corniole\" href=\"http:\/\/www.villacorniole.com\/\" target=\"_blank\">Villa Corniole<\/a> und der Trentino DOC Merlot <em>Campiano<\/em> 2003 der <a title=\"De Tarczal\" href=\"http:\/\/www.detarczal.it\/\" target=\"_blank\">Azienda Agricola de Tarczal<\/a>. Als idealen Begleiter der Hauptspeise wurde der IGT Vallagarina Cabernet Sauvignon 2004 der\u00a0<a title=\"Vignaioli trentini: Vilar\" href=\"http:\/\/www.vignaiolideltrentino.it\/index.php?option=com_content&amp;task=view&amp;id=114&amp;Itemid=51\" target=\"_blank\">Azienda Agricola Vilar<\/a> auserw\u00e4hlt, f\u00fcr die Nachspeise wurde der Passito Traminer Aromatico der <a title=\"Bellaveder\" href=\"http:\/\/www.bellaveder.com\" target=\"_blank\">Azienda Agricola Bellaveder<\/a> als ideal empfunden.<\/p>\n<p><em>I due migliori vini per il primo piatto erano il Trentino DOC Chardonnay <\/em>Lukin<em> 2004 di <a title=\"Villa Corniole\" href=\"http:\/\/www.villacorniole.com\/\" target=\"_blank\">Villa Corniole<\/a><\/em><em> ed il Trentino DOC Merlot <\/em>Campiano<em> 2003 dell&#8216;<a title=\"De Tarczal\" href=\"http:\/\/www.detarczal.it\/\" target=\"_blank\">Azienda Agricola de Tarczal<\/a><\/em><em>. Come accompagnatore ideale del piatto principale si \u00e8 scelto l&#8217;IGT Vallagarina\u00a0 Cabernet Sauvignon 2004 dell<a title=\"Vignaioli trentini: Vilar\" href=\"http:\/\/www.vignaiolideltrentino.it\/index.php?option=com_content&amp;task=view&amp;id=114&amp;Itemid=51\" target=\"_blank\">&#8218;Azienda Agricola Vilar<\/a><\/em><em>, per la crostata invece il Passito Traminer Aromatico dell&#8216;<a title=\"Bellaveder\" href=\"http:\/\/www.bellaveder.com\/\" target=\"_blank\">Azienda Agricola Bellaveder<\/a><\/em><em>.<\/em><\/p>\n","protected":false},"excerpt":{"rendered":"<p>Am 24. und 25. Oktober veranstaltete die Vereinigung zum Schutz der Marroni aus Castione (Associazione Tutela Marroni di Castione) wieder ihr Kastanienfest in Brentonico (Provinz Trient). Dabei werden u.a. typische Gerichte, in denen Kastanien verwendet werden, den G\u00e4sten angeboten. Il &hellip; <a href=\"https:\/\/www.kobler-margreid.com\/blog\/blog\/2009\/10\/26\/wein_kastaniengerichte_vino_castagne\/\">Weiterlesen <span class=\"meta-nav\">&rarr;<\/span><\/a><\/p>\n","protected":false},"author":6,"featured_media":0,"comment_status":"open","ping_status":"open","sticky":false,"template":"","format":"standard","meta":{"ngg_post_thumbnail":0,"footnotes":"","_links_to":"","_links_to_target":""},"categories":[16],"tags":[556,547,546,548,543,235,551,544,550,549,555,552,553,39,545],"class_list":["post-3008","post","type-post","status-publish","format-standard","hentry","category-weinkost","tag-associazione-tutela-marroni-di-castione","tag-bellaveder","tag-de-tarczal","tag-festa-della-castagna","tag-kastanien","tag-maria-grazia-brugnara","tag-mariano-francescani","tag-marroni","tag-mauro-de-concini","tag-paolo-massobrio","tag-rosaria-benedetti","tag-sergio-valentini","tag-stefano-viesi","tag-vilar","tag-villa-corniole"],"yoast_head":"<!-- This site is optimized with the Yoast SEO plugin v27.5 - https:\/\/yoast.com\/product\/yoast-seo-wordpress\/ -->\n<title>Welcher Wein zu Kastaniengerichten? \u2014 Quale vino per accompagnare piatti di castagne?  - weinhof KOBLER weblog<\/title>\n<meta name=\"robots\" content=\"index, follow, max-snippet:-1, max-image-preview:large, max-video-preview:-1\" \/>\n<link rel=\"canonical\" href=\"https:\/\/www.kobler-margreid.com\/blog\/blog\/2009\/10\/26\/wein_kastaniengerichte_vino_castagne\/\" \/>\n<meta property=\"og:locale\" content=\"de_DE\" \/>\n<meta property=\"og:type\" content=\"article\" \/>\n<meta property=\"og:title\" content=\"Welcher Wein zu Kastaniengerichten? \u2014 Quale vino per accompagnare piatti di castagne?  - weinhof KOBLER weblog\" \/>\n<meta property=\"og:description\" content=\"Am 24. und 25. Oktober veranstaltete die Vereinigung zum Schutz der Marroni aus Castione (Associazione Tutela Marroni di Castione) wieder ihr Kastanienfest in Brentonico (Provinz Trient). Dabei werden u.a. typische Gerichte, in denen Kastanien verwendet werden, den G\u00e4sten angeboten. Il &hellip; Weiterlesen &rarr;\" \/>\n<meta property=\"og:url\" content=\"https:\/\/www.kobler-margreid.com\/blog\/blog\/2009\/10\/26\/wein_kastaniengerichte_vino_castagne\/\" \/>\n<meta property=\"og:site_name\" content=\"weinhof KOBLER weblog\" \/>\n<meta property=\"article:publisher\" content=\"https:\/\/www.facebook.com\/armin.kobler\/\" \/>\n<meta property=\"article:published_time\" content=\"2009-10-26T21:40:13+00:00\" \/>\n<meta property=\"article:modified_time\" content=\"2009-10-26T23:40:29+00:00\" \/>\n<meta property=\"og:image\" content=\"http:\/\/www.kobler-margreid.com\/blog\/wp-content\/imagescaler\/e3f230915c40381673bfde943614e5d6.jpg\" \/>\n<meta name=\"author\" content=\"armin kobler\" \/>\n<meta name=\"twitter:card\" content=\"summary_large_image\" \/>\n<meta name=\"twitter:label1\" content=\"Verfasst von\" \/>\n\t<meta name=\"twitter:data1\" content=\"armin kobler\" \/>\n\t<meta name=\"twitter:label2\" content=\"Gesch\u00e4tzte Lesezeit\" \/>\n\t<meta name=\"twitter:data2\" content=\"3\u00a0Minuten\" \/>\n<script type=\"application\/ld+json\" class=\"yoast-schema-graph\">{\"@context\":\"https:\\\/\\\/schema.org\",\"@graph\":[{\"@type\":\"Article\",\"@id\":\"https:\\\/\\\/www.kobler-margreid.com\\\/blog\\\/blog\\\/2009\\\/10\\\/26\\\/wein_kastaniengerichte_vino_castagne\\\/#article\",\"isPartOf\":{\"@id\":\"https:\\\/\\\/www.kobler-margreid.com\\\/blog\\\/blog\\\/2009\\\/10\\\/26\\\/wein_kastaniengerichte_vino_castagne\\\/\"},\"author\":{\"name\":\"armin kobler\",\"@id\":\"https:\\\/\\\/www.kobler-margreid.com\\\/blog\\\/#\\\/schema\\\/person\\\/fcca96145437484793adb0529dc48706\"},\"headline\":\"Welcher Wein zu Kastaniengerichten? \u2014 Quale vino per accompagnare piatti di castagne?\",\"datePublished\":\"2009-10-26T21:40:13+00:00\",\"dateModified\":\"2009-10-26T23:40:29+00:00\",\"mainEntityOfPage\":{\"@id\":\"https:\\\/\\\/www.kobler-margreid.com\\\/blog\\\/blog\\\/2009\\\/10\\\/26\\\/wein_kastaniengerichte_vino_castagne\\\/\"},\"wordCount\":680,\"commentCount\":0,\"publisher\":{\"@id\":\"https:\\\/\\\/www.kobler-margreid.com\\\/blog\\\/#\\\/schema\\\/person\\\/6a2290c17f680f59c1fa7e1c7a36df3a\"},\"image\":{\"@id\":\"https:\\\/\\\/www.kobler-margreid.com\\\/blog\\\/blog\\\/2009\\\/10\\\/26\\\/wein_kastaniengerichte_vino_castagne\\\/#primaryimage\"},\"thumbnailUrl\":\"http:\\\/\\\/www.kobler-margreid.com\\\/blog\\\/wp-content\\\/imagescaler\\\/e3f230915c40381673bfde943614e5d6.jpg\",\"keywords\":[\"Associazione Tutela Marroni di Castione\",\"Bellaveder\",\"De Tarczal\",\"Festa della Castagna\",\"Kastanien\",\"Maria Grazia Brugnara\",\"Mariano Francescani\",\"Marroni\",\"Mauro De Concini\",\"Paolo Massobrio\",\"Rosaria Benedetti\",\"Sergio Valentini\",\"Stefano Viesi\",\"Vilar\",\"Villa Corniole\"],\"articleSection\":[\"Weinkost - Degustazione\"],\"inLanguage\":\"de\",\"potentialAction\":[{\"@type\":\"CommentAction\",\"name\":\"Comment\",\"target\":[\"https:\\\/\\\/www.kobler-margreid.com\\\/blog\\\/blog\\\/2009\\\/10\\\/26\\\/wein_kastaniengerichte_vino_castagne\\\/#respond\"]}]},{\"@type\":\"WebPage\",\"@id\":\"https:\\\/\\\/www.kobler-margreid.com\\\/blog\\\/blog\\\/2009\\\/10\\\/26\\\/wein_kastaniengerichte_vino_castagne\\\/\",\"url\":\"https:\\\/\\\/www.kobler-margreid.com\\\/blog\\\/blog\\\/2009\\\/10\\\/26\\\/wein_kastaniengerichte_vino_castagne\\\/\",\"name\":\"Welcher Wein zu Kastaniengerichten? \u2014 Quale vino per accompagnare piatti di castagne? - weinhof KOBLER weblog\",\"isPartOf\":{\"@id\":\"https:\\\/\\\/www.kobler-margreid.com\\\/blog\\\/#website\"},\"primaryImageOfPage\":{\"@id\":\"https:\\\/\\\/www.kobler-margreid.com\\\/blog\\\/blog\\\/2009\\\/10\\\/26\\\/wein_kastaniengerichte_vino_castagne\\\/#primaryimage\"},\"image\":{\"@id\":\"https:\\\/\\\/www.kobler-margreid.com\\\/blog\\\/blog\\\/2009\\\/10\\\/26\\\/wein_kastaniengerichte_vino_castagne\\\/#primaryimage\"},\"thumbnailUrl\":\"http:\\\/\\\/www.kobler-margreid.com\\\/blog\\\/wp-content\\\/imagescaler\\\/e3f230915c40381673bfde943614e5d6.jpg\",\"datePublished\":\"2009-10-26T21:40:13+00:00\",\"dateModified\":\"2009-10-26T23:40:29+00:00\",\"breadcrumb\":{\"@id\":\"https:\\\/\\\/www.kobler-margreid.com\\\/blog\\\/blog\\\/2009\\\/10\\\/26\\\/wein_kastaniengerichte_vino_castagne\\\/#breadcrumb\"},\"inLanguage\":\"de\",\"potentialAction\":[{\"@type\":\"ReadAction\",\"target\":[\"https:\\\/\\\/www.kobler-margreid.com\\\/blog\\\/blog\\\/2009\\\/10\\\/26\\\/wein_kastaniengerichte_vino_castagne\\\/\"]}]},{\"@type\":\"ImageObject\",\"inLanguage\":\"de\",\"@id\":\"https:\\\/\\\/www.kobler-margreid.com\\\/blog\\\/blog\\\/2009\\\/10\\\/26\\\/wein_kastaniengerichte_vino_castagne\\\/#primaryimage\",\"url\":\"https:\\\/\\\/www.kobler-margreid.com\\\/blog\\\/wp-content\\\/2009\\\/10\\\/2009-10-11_16-31-14.jpg\",\"contentUrl\":\"https:\\\/\\\/www.kobler-margreid.com\\\/blog\\\/wp-content\\\/2009\\\/10\\\/2009-10-11_16-31-14.jpg\",\"width\":\"1024\",\"height\":\"768\"},{\"@type\":\"BreadcrumbList\",\"@id\":\"https:\\\/\\\/www.kobler-margreid.com\\\/blog\\\/blog\\\/2009\\\/10\\\/26\\\/wein_kastaniengerichte_vino_castagne\\\/#breadcrumb\",\"itemListElement\":[{\"@type\":\"ListItem\",\"position\":1,\"name\":\"Startseite\",\"item\":\"https:\\\/\\\/www.kobler-margreid.com\\\/blog\\\/\"},{\"@type\":\"ListItem\",\"position\":2,\"name\":\"Welcher Wein zu Kastaniengerichten? \u2014 Quale vino per accompagnare piatti di castagne?\"}]},{\"@type\":\"WebSite\",\"@id\":\"https:\\\/\\\/www.kobler-margreid.com\\\/blog\\\/#website\",\"url\":\"https:\\\/\\\/www.kobler-margreid.com\\\/blog\\\/\",\"name\":\"weinhof KOBLER weblog\",\"description\":\"dem wein ganz nah \u2013 all&#039;interno del vino\",\"publisher\":{\"@id\":\"https:\\\/\\\/www.kobler-margreid.com\\\/blog\\\/#\\\/schema\\\/person\\\/6a2290c17f680f59c1fa7e1c7a36df3a\"},\"potentialAction\":[{\"@type\":\"SearchAction\",\"target\":{\"@type\":\"EntryPoint\",\"urlTemplate\":\"https:\\\/\\\/www.kobler-margreid.com\\\/blog\\\/?s={search_term_string}\"},\"query-input\":{\"@type\":\"PropertyValueSpecification\",\"valueRequired\":true,\"valueName\":\"search_term_string\"}}],\"inLanguage\":\"de\"},{\"@type\":[\"Person\",\"Organization\"],\"@id\":\"https:\\\/\\\/www.kobler-margreid.com\\\/blog\\\/#\\\/schema\\\/person\\\/6a2290c17f680f59c1fa7e1c7a36df3a\",\"name\":\"armin kobler\",\"image\":{\"@type\":\"ImageObject\",\"inLanguage\":\"de\",\"@id\":\"https:\\\/\\\/www.kobler-margreid.com\\\/blog\\\/wp-content\\\/2023\\\/11\\\/2012-05-08_09-33-03a.jpg\",\"url\":\"https:\\\/\\\/www.kobler-margreid.com\\\/blog\\\/wp-content\\\/2023\\\/11\\\/2012-05-08_09-33-03a.jpg\",\"contentUrl\":\"https:\\\/\\\/www.kobler-margreid.com\\\/blog\\\/wp-content\\\/2023\\\/11\\\/2012-05-08_09-33-03a.jpg\",\"width\":1088,\"height\":1184,\"caption\":\"armin kobler\"},\"logo\":{\"@id\":\"https:\\\/\\\/www.kobler-margreid.com\\\/blog\\\/wp-content\\\/2023\\\/11\\\/2012-05-08_09-33-03a.jpg\"},\"sameAs\":[\"http:\\\/\\\/www.kobler-margreid.com\",\"https:\\\/\\\/www.facebook.com\\\/armin.kobler\\\/\"]},{\"@type\":\"Person\",\"@id\":\"https:\\\/\\\/www.kobler-margreid.com\\\/blog\\\/#\\\/schema\\\/person\\\/fcca96145437484793adb0529dc48706\",\"name\":\"armin kobler\",\"image\":{\"@type\":\"ImageObject\",\"inLanguage\":\"de\",\"@id\":\"https:\\\/\\\/secure.gravatar.com\\\/avatar\\\/7ed75d18f117c58598b89fcf3ec9fda3311f3fbda827ac1502944a0804d87b7f?s=96&d=mm&r=g\",\"url\":\"https:\\\/\\\/secure.gravatar.com\\\/avatar\\\/7ed75d18f117c58598b89fcf3ec9fda3311f3fbda827ac1502944a0804d87b7f?s=96&d=mm&r=g\",\"contentUrl\":\"https:\\\/\\\/secure.gravatar.com\\\/avatar\\\/7ed75d18f117c58598b89fcf3ec9fda3311f3fbda827ac1502944a0804d87b7f?s=96&d=mm&r=g\",\"caption\":\"armin kobler\"},\"sameAs\":[\"http:\\\/\\\/\"],\"url\":\"https:\\\/\\\/www.kobler-margreid.com\\\/blog\\\/blog\\\/author\\\/armin-kobler\\\/\"}]}<\/script>\n<!-- \/ Yoast SEO plugin. -->","yoast_head_json":{"title":"Welcher Wein zu Kastaniengerichten? \u2014 Quale vino per accompagnare piatti di castagne?  - weinhof KOBLER weblog","robots":{"index":"index","follow":"follow","max-snippet":"max-snippet:-1","max-image-preview":"max-image-preview:large","max-video-preview":"max-video-preview:-1"},"canonical":"https:\/\/www.kobler-margreid.com\/blog\/blog\/2009\/10\/26\/wein_kastaniengerichte_vino_castagne\/","og_locale":"de_DE","og_type":"article","og_title":"Welcher Wein zu Kastaniengerichten? \u2014 Quale vino per accompagnare piatti di castagne?  - weinhof KOBLER weblog","og_description":"Am 24. und 25. Oktober veranstaltete die Vereinigung zum Schutz der Marroni aus Castione (Associazione Tutela Marroni di Castione) wieder ihr Kastanienfest in Brentonico (Provinz Trient). Dabei werden u.a. typische Gerichte, in denen Kastanien verwendet werden, den G\u00e4sten angeboten. Il &hellip; Weiterlesen &rarr;","og_url":"https:\/\/www.kobler-margreid.com\/blog\/blog\/2009\/10\/26\/wein_kastaniengerichte_vino_castagne\/","og_site_name":"weinhof KOBLER weblog","article_publisher":"https:\/\/www.facebook.com\/armin.kobler\/","article_published_time":"2009-10-26T21:40:13+00:00","article_modified_time":"2009-10-26T23:40:29+00:00","og_image":[{"url":"http:\/\/www.kobler-margreid.com\/blog\/wp-content\/imagescaler\/e3f230915c40381673bfde943614e5d6.jpg","type":"","width":"","height":""}],"author":"armin kobler","twitter_card":"summary_large_image","twitter_misc":{"Verfasst von":"armin kobler","Gesch\u00e4tzte Lesezeit":"3\u00a0Minuten"},"schema":{"@context":"https:\/\/schema.org","@graph":[{"@type":"Article","@id":"https:\/\/www.kobler-margreid.com\/blog\/blog\/2009\/10\/26\/wein_kastaniengerichte_vino_castagne\/#article","isPartOf":{"@id":"https:\/\/www.kobler-margreid.com\/blog\/blog\/2009\/10\/26\/wein_kastaniengerichte_vino_castagne\/"},"author":{"name":"armin kobler","@id":"https:\/\/www.kobler-margreid.com\/blog\/#\/schema\/person\/fcca96145437484793adb0529dc48706"},"headline":"Welcher Wein zu Kastaniengerichten? \u2014 Quale vino per accompagnare piatti di castagne?","datePublished":"2009-10-26T21:40:13+00:00","dateModified":"2009-10-26T23:40:29+00:00","mainEntityOfPage":{"@id":"https:\/\/www.kobler-margreid.com\/blog\/blog\/2009\/10\/26\/wein_kastaniengerichte_vino_castagne\/"},"wordCount":680,"commentCount":0,"publisher":{"@id":"https:\/\/www.kobler-margreid.com\/blog\/#\/schema\/person\/6a2290c17f680f59c1fa7e1c7a36df3a"},"image":{"@id":"https:\/\/www.kobler-margreid.com\/blog\/blog\/2009\/10\/26\/wein_kastaniengerichte_vino_castagne\/#primaryimage"},"thumbnailUrl":"http:\/\/www.kobler-margreid.com\/blog\/wp-content\/imagescaler\/e3f230915c40381673bfde943614e5d6.jpg","keywords":["Associazione Tutela Marroni di Castione","Bellaveder","De Tarczal","Festa della Castagna","Kastanien","Maria Grazia Brugnara","Mariano Francescani","Marroni","Mauro De Concini","Paolo Massobrio","Rosaria Benedetti","Sergio Valentini","Stefano Viesi","Vilar","Villa Corniole"],"articleSection":["Weinkost - Degustazione"],"inLanguage":"de","potentialAction":[{"@type":"CommentAction","name":"Comment","target":["https:\/\/www.kobler-margreid.com\/blog\/blog\/2009\/10\/26\/wein_kastaniengerichte_vino_castagne\/#respond"]}]},{"@type":"WebPage","@id":"https:\/\/www.kobler-margreid.com\/blog\/blog\/2009\/10\/26\/wein_kastaniengerichte_vino_castagne\/","url":"https:\/\/www.kobler-margreid.com\/blog\/blog\/2009\/10\/26\/wein_kastaniengerichte_vino_castagne\/","name":"Welcher Wein zu Kastaniengerichten? \u2014 Quale vino per accompagnare piatti di castagne? - weinhof KOBLER weblog","isPartOf":{"@id":"https:\/\/www.kobler-margreid.com\/blog\/#website"},"primaryImageOfPage":{"@id":"https:\/\/www.kobler-margreid.com\/blog\/blog\/2009\/10\/26\/wein_kastaniengerichte_vino_castagne\/#primaryimage"},"image":{"@id":"https:\/\/www.kobler-margreid.com\/blog\/blog\/2009\/10\/26\/wein_kastaniengerichte_vino_castagne\/#primaryimage"},"thumbnailUrl":"http:\/\/www.kobler-margreid.com\/blog\/wp-content\/imagescaler\/e3f230915c40381673bfde943614e5d6.jpg","datePublished":"2009-10-26T21:40:13+00:00","dateModified":"2009-10-26T23:40:29+00:00","breadcrumb":{"@id":"https:\/\/www.kobler-margreid.com\/blog\/blog\/2009\/10\/26\/wein_kastaniengerichte_vino_castagne\/#breadcrumb"},"inLanguage":"de","potentialAction":[{"@type":"ReadAction","target":["https:\/\/www.kobler-margreid.com\/blog\/blog\/2009\/10\/26\/wein_kastaniengerichte_vino_castagne\/"]}]},{"@type":"ImageObject","inLanguage":"de","@id":"https:\/\/www.kobler-margreid.com\/blog\/blog\/2009\/10\/26\/wein_kastaniengerichte_vino_castagne\/#primaryimage","url":"https:\/\/www.kobler-margreid.com\/blog\/wp-content\/2009\/10\/2009-10-11_16-31-14.jpg","contentUrl":"https:\/\/www.kobler-margreid.com\/blog\/wp-content\/2009\/10\/2009-10-11_16-31-14.jpg","width":"1024","height":"768"},{"@type":"BreadcrumbList","@id":"https:\/\/www.kobler-margreid.com\/blog\/blog\/2009\/10\/26\/wein_kastaniengerichte_vino_castagne\/#breadcrumb","itemListElement":[{"@type":"ListItem","position":1,"name":"Startseite","item":"https:\/\/www.kobler-margreid.com\/blog\/"},{"@type":"ListItem","position":2,"name":"Welcher Wein zu Kastaniengerichten? \u2014 Quale vino per accompagnare piatti di castagne?"}]},{"@type":"WebSite","@id":"https:\/\/www.kobler-margreid.com\/blog\/#website","url":"https:\/\/www.kobler-margreid.com\/blog\/","name":"weinhof KOBLER weblog","description":"dem wein ganz nah \u2013 all&#039;interno del vino","publisher":{"@id":"https:\/\/www.kobler-margreid.com\/blog\/#\/schema\/person\/6a2290c17f680f59c1fa7e1c7a36df3a"},"potentialAction":[{"@type":"SearchAction","target":{"@type":"EntryPoint","urlTemplate":"https:\/\/www.kobler-margreid.com\/blog\/?s={search_term_string}"},"query-input":{"@type":"PropertyValueSpecification","valueRequired":true,"valueName":"search_term_string"}}],"inLanguage":"de"},{"@type":["Person","Organization"],"@id":"https:\/\/www.kobler-margreid.com\/blog\/#\/schema\/person\/6a2290c17f680f59c1fa7e1c7a36df3a","name":"armin kobler","image":{"@type":"ImageObject","inLanguage":"de","@id":"https:\/\/www.kobler-margreid.com\/blog\/wp-content\/2023\/11\/2012-05-08_09-33-03a.jpg","url":"https:\/\/www.kobler-margreid.com\/blog\/wp-content\/2023\/11\/2012-05-08_09-33-03a.jpg","contentUrl":"https:\/\/www.kobler-margreid.com\/blog\/wp-content\/2023\/11\/2012-05-08_09-33-03a.jpg","width":1088,"height":1184,"caption":"armin kobler"},"logo":{"@id":"https:\/\/www.kobler-margreid.com\/blog\/wp-content\/2023\/11\/2012-05-08_09-33-03a.jpg"},"sameAs":["http:\/\/www.kobler-margreid.com","https:\/\/www.facebook.com\/armin.kobler\/"]},{"@type":"Person","@id":"https:\/\/www.kobler-margreid.com\/blog\/#\/schema\/person\/fcca96145437484793adb0529dc48706","name":"armin kobler","image":{"@type":"ImageObject","inLanguage":"de","@id":"https:\/\/secure.gravatar.com\/avatar\/7ed75d18f117c58598b89fcf3ec9fda3311f3fbda827ac1502944a0804d87b7f?s=96&d=mm&r=g","url":"https:\/\/secure.gravatar.com\/avatar\/7ed75d18f117c58598b89fcf3ec9fda3311f3fbda827ac1502944a0804d87b7f?s=96&d=mm&r=g","contentUrl":"https:\/\/secure.gravatar.com\/avatar\/7ed75d18f117c58598b89fcf3ec9fda3311f3fbda827ac1502944a0804d87b7f?s=96&d=mm&r=g","caption":"armin kobler"},"sameAs":["http:\/\/"],"url":"https:\/\/www.kobler-margreid.com\/blog\/blog\/author\/armin-kobler\/"}]}},"_links":{"self":[{"href":"https:\/\/www.kobler-margreid.com\/blog\/wp-json\/wp\/v2\/posts\/3008","targetHints":{"allow":["GET"]}}],"collection":[{"href":"https:\/\/www.kobler-margreid.com\/blog\/wp-json\/wp\/v2\/posts"}],"about":[{"href":"https:\/\/www.kobler-margreid.com\/blog\/wp-json\/wp\/v2\/types\/post"}],"author":[{"embeddable":true,"href":"https:\/\/www.kobler-margreid.com\/blog\/wp-json\/wp\/v2\/users\/6"}],"replies":[{"embeddable":true,"href":"https:\/\/www.kobler-margreid.com\/blog\/wp-json\/wp\/v2\/comments?post=3008"}],"version-history":[{"count":0,"href":"https:\/\/www.kobler-margreid.com\/blog\/wp-json\/wp\/v2\/posts\/3008\/revisions"}],"wp:attachment":[{"href":"https:\/\/www.kobler-margreid.com\/blog\/wp-json\/wp\/v2\/media?parent=3008"}],"wp:term":[{"taxonomy":"category","embeddable":true,"href":"https:\/\/www.kobler-margreid.com\/blog\/wp-json\/wp\/v2\/categories?post=3008"},{"taxonomy":"post_tag","embeddable":true,"href":"https:\/\/www.kobler-margreid.com\/blog\/wp-json\/wp\/v2\/tags?post=3008"}],"curies":[{"name":"wp","href":"https:\/\/api.w.org\/{rel}","templated":true}]}}