{"id":3231,"date":"2009-11-08T14:45:39","date_gmt":"2009-11-08T13:45:39","guid":{"rendered":"http:\/\/www.kobler-margreid.com\/blog\/?p=3231"},"modified":"2012-12-17T21:41:44","modified_gmt":"2012-12-17T20:41:44","slug":"unter-blinden_tra-i-ciechi","status":"publish","type":"post","link":"https:\/\/www.kobler-margreid.com\/blog\/blog\/2009\/11\/08\/unter-blinden_tra-i-ciechi\/","title":{"rendered":"Unter Blinden ist der Ein\u00e4ugige K\u00f6nig \u2014 Tra i ciechi l&#8217;orbo d&#8217;un occhio \u00e8 re"},"content":{"rendered":"<p><a href=\"http:\/\/www.kobler-margreid.com\/blog\/wp-content\/2009\/11\/2009-11-05_11-28-30.jpg\" rel=\"lightbox[3231]\"><img loading=\"lazy\" decoding=\"async\" class=\"float left alignleft size-full wp-image-3235\" style=\"border: 0pt none; margin: 0px 5px;\" title=\"2009-11-05_11-28-30\" src=\"http:\/\/www.kobler-margreid.com\/blog\/wp-content\/2009\/11\/2009-11-05_11-28-30.jpg\" alt=\"2009-11-05_11-28-30\" width=\"332\" height=\"442\" srcset=\"https:\/\/www.kobler-margreid.com\/blog\/wp-content\/2009\/11\/2009-11-05_11-28-30.jpg 768w, https:\/\/www.kobler-margreid.com\/blog\/wp-content\/2009\/11\/2009-11-05_11-28-30-225x300.jpg 225w\" sizes=\"auto, (max-width: 332px) 100vw, 332px\" \/><\/a>Dieses Sprichwort benutze ich gerne, wenn so mancher Teilnehmer an den von mir durchgef\u00fchrten Kostwettbewerben sich dar\u00fcber anerkennend \u00e4u\u00dfert. Es ist insofern zutreffend, da es ein leichtes ist, an dem Ablauf von diesen Veranstaltungen etwas zu verbessern, wenn sie \u00fcber Jahrzehnte unver\u00e4ndert geblieben sind. Dabei geht es mir eingentlich noch nicht darum, die Bewertung der einzelnen Weine zu ver\u00e4ndern &#8211; es werden die \u00fcblichen 100\/100 vergeben &#8211; sondern andere, augenscheinlichere M\u00e4ngel zu beseitigen.<\/p>\n<p><em>Io uso questo proverbio per rispondere ai diversi partecipanti quando si esprimono in seguito con apprezzamento. Il detto \u00e8 azzeccato nel senso che \u00e8 facile migliorare qualcosa nello svolgimento di certe manifestazioni se sono rimaste invariate per decenni.<\/em> <em>Inoltre finora la valutazione di per s\u00e8 l&#8217;ho lasciata immutata, i vini vengono giudicati con il punteggio dei 100 centesimi. Mi stava al cuore ovviare a diverse altre insufficienze pi\u00f9 appariscenti.<\/em><\/p>\n<p><em><!--more--><\/em>Zum einen geht es um das Garantieren der Chanchengleichheit der beteiligten Weine. Damit jeder Weine die M\u00f6glichkeit erh\u00e4lt, von m\u00f6glichst vielen verschiedenen Kostern zu allen m\u00f6glichen Zeitpunkten der Kost und zwischen m\u00f6glichst vielen verschiedenen Mitbewerbern angestellt zu werden, ist eine vollst\u00e4ndige Randomisation gefragt. Aus diesem Grund ist jeder Koster seine eigene Kommission: die Wahrscheinlichkeit, dass ein anderer Bewerter die gleichen Weine in der gleichen Reihenfolge bekommt, ist verschwindend gering.<\/p>\n<p><em>Per primo si tratta di garantire a tutti i vini partecipanti al concorso le pari opportunit\u00e0. Per fare s\u00ec che ogni vino abbi la stessa possibilit\u00e0 di essere valutato dal numero maggiore possibile di degustatori, di essere proposto nei pi\u00f9 diversi momenti dello svolgimento della seduta sensoriale e di venire degustato in mezzo ai pi\u00f9 disparati campioni concorrenti ci si avvale di una randomizzazione completa. Di conseguenza ogni giudice fa commissione e la probabilit\u00e0 che un altro assaggiatore abbi i stessi vini nella stessa sequenza \u00e8 minima.<br \/>\n<\/em><\/p>\n<p>Der zweite wichtige Ansatz liegt in der Bewertung der Tagesform der Koster. Auch wenn es nicht wirklich alle wahrhaben wollen, auch erfahrene, trainierte Weinkoster bewerten nicht alle Tage gleich gut. Sollen die Beurteilungen von Panelmitgliedern, welche aus physiologischen, h\u00e4ufiger aus psychologischen Gr\u00fcnden an dem einen Tag keine gen\u00fcgend reproduzierbare und differenzierende Urteile abgeben k\u00f6nnen, die Endergebnisse durch ihre schlussendlich eher zuf\u00e4llig vergebenen Punktezahlen negativ beeinflussen? Ich finde nicht. Ein statistisches Verfahren, das sich an den F-Test der Varianzanalysre anlehnt, setzt die Auspunktungsbereitschaft der Koster und ihre F\u00e4higkeit, gleiche Weine m\u00f6glichst \u00e4hnlich zu bewerten, gegen\u00fcber und filtert Koster mit ungen\u00fcgender Performance heraus.<\/p>\n<p><em>Il secondo importante concetto consiste nella valutazione della forma giornaliera dei giudici. Anche se non tutti lo vogliono ammettere, anche assaggiatori formati, esperti ed allenati non valutano ogni giorno con la stessa bravura. \u00c8 giusto che valutazioni derivate da assaggiatori che per motivi fisiologici o pi\u00f9 spesso psicologici non esprimono valutazioni abbastanza riproducibili e discriminanti dando per di pi\u00f9 punteggi involutamente casuali influiscano negativamente su quelli degli altri giudici? Io direi di no. Un procedimento statistico che si avvale in sostanza della statistica F dell&#8217;analisi della varianza confronta l&#8217;utilizzo della scala di valutazione da parte di ogni assaggiatore con la sua capacit\u00e0 di riprodurre i suoi giudizi escludendo in questo modo i degustatori con una perfomance insufficiente.<br \/>\n<\/em><\/p>\n<p>Beim <a title=\"Rieslingbewerb Naturns\" href=\"http:\/\/www.rieslingtage.com\/rieslingbewerb.php\" target=\"_blank\">4. Nationalen Rieslingwettbewerb<\/a> im Rahmen der 5. Rieslingtage S\u00fcdtirols in Naturns kam letztlich dieses Kostsystem (es wurde auch <a title=\"Die quantitative sensorische Weinbewertung: ihre Grenzen und die Mo?glich- keiten ihrer Optimierung\" href=\"http:\/\/moosmandl.macbay.de\/publikationen\/enology_sensorik_05.pdf\">publiziert<\/a>) wieder zur Anwendung. Auch nach meinem <a title=\"weinhof KOBLER blog: I\u2019m changing\" href=\"http:\/\/www.kobler-margreid.com\/blog\/2009\/08\/21\/im-changing\/\" target=\"_blank\">Changing<\/a> bin ich weiterhin an der Weiterentwicklung der Sensorik, auch f\u00fcr Kostwettbewerbe, interessiert. Mal schauen, wie sich das mit meinem Betrieb in Zukunft vereinen l\u00e4sst. Hindernis oder Synergie? Ich hoffe auf letzteres.<\/p>\n<p><em>Per il <a title=\"Concorso nazionale Riesling\" href=\"http:\/\/www.rieslingtage.com\/rieslingbewerb.php?sys[lang]=it\" target=\"_blank\">4\u00b0 concorso nazionale del Riesling<\/a> nell&#8217;ambito delle 5\u00b0 giornate altoatesine del Riesling di Naturno \u00e8 stato addottato per ultimo questo sistema di valutazione, che peraltro \u00e8 stato anche <a title=\"Limiti e possibili evoluzioni dell'\u2019analisi sensoriale quantitativa dei vini\" href=\"http:\/\/moosmandl.macbay.de\/publikationen\/enologo_analisisensoriale_08.pdf\">pubblicato<\/a>. Anche dopo il mio <a title=\"weinhof KOBLER blog: I\u2019m changing\" href=\"..\/2009\/08\/21\/im-changing\/\" target=\"_blank\">changing<\/a> rimango interessato allo sviluppo dell&#8217;analisi sensoriale ed anche dei concorsi enologici. Vediamo se questo interesse \u00e8 conciliabile con il mio lavoro in azienda. Ostacolo o sinergia? Spero che si avveri quest&#8217;ultima.<\/em><\/p>\n<p><em>ngg_shortcode_0_placeholder<br \/>\n<\/em><\/p>\n","protected":false},"excerpt":{"rendered":"<p>Dieses Sprichwort benutze ich gerne, wenn so mancher Teilnehmer an den von mir durchgef\u00fchrten Kostwettbewerben sich dar\u00fcber anerkennend \u00e4u\u00dfert. Es ist insofern zutreffend, da es ein leichtes ist, an dem Ablauf von diesen Veranstaltungen etwas zu verbessern, wenn sie \u00fcber &hellip; <a href=\"https:\/\/www.kobler-margreid.com\/blog\/blog\/2009\/11\/08\/unter-blinden_tra-i-ciechi\/\">Weiterlesen <span class=\"meta-nav\">&rarr;<\/span><\/a><\/p>\n","protected":false},"author":6,"featured_media":0,"comment_status":"open","ping_status":"open","sticky":false,"template":"","format":"standard","meta":{"ngg_post_thumbnail":0,"footnotes":"","_links_to":"","_links_to_target":""},"categories":[1163],"tags":[569,572,568,570],"class_list":["post-3231","post","type-post","status-publish","format-standard","hentry","category-weinbewertung-valutazione-dei-vini","tag-concorso-enologico","tag-giornate-del-riesling-a-naturno","tag-kostwettbewerb","tag-rieslingtage-naturns"],"yoast_head":"<!-- This site is optimized with the Yoast SEO plugin v27.5 - https:\/\/yoast.com\/product\/yoast-seo-wordpress\/ -->\n<title>Unter Blinden ist der Ein\u00e4ugige K\u00f6nig \u2014 Tra i ciechi l&#039;orbo d&#039;un occhio \u00e8 re - weinhof KOBLER weblog<\/title>\n<meta name=\"robots\" content=\"index, follow, max-snippet:-1, max-image-preview:large, max-video-preview:-1\" \/>\n<link rel=\"canonical\" href=\"https:\/\/www.kobler-margreid.com\/blog\/blog\/2009\/11\/08\/unter-blinden_tra-i-ciechi\/\" \/>\n<meta property=\"og:locale\" content=\"de_DE\" \/>\n<meta property=\"og:type\" content=\"article\" \/>\n<meta property=\"og:title\" content=\"Unter Blinden ist der Ein\u00e4ugige K\u00f6nig \u2014 Tra i ciechi l&#039;orbo d&#039;un occhio \u00e8 re - weinhof KOBLER weblog\" \/>\n<meta property=\"og:description\" content=\"Dieses Sprichwort benutze ich gerne, wenn so mancher Teilnehmer an den von mir durchgef\u00fchrten Kostwettbewerben sich dar\u00fcber anerkennend \u00e4u\u00dfert. Es ist insofern zutreffend, da es ein leichtes ist, an dem Ablauf von diesen Veranstaltungen etwas zu verbessern, wenn sie \u00fcber &hellip; Weiterlesen &rarr;\" \/>\n<meta property=\"og:url\" content=\"https:\/\/www.kobler-margreid.com\/blog\/blog\/2009\/11\/08\/unter-blinden_tra-i-ciechi\/\" \/>\n<meta property=\"og:site_name\" content=\"weinhof KOBLER weblog\" \/>\n<meta property=\"article:publisher\" content=\"https:\/\/www.facebook.com\/armin.kobler\/\" \/>\n<meta property=\"article:published_time\" content=\"2009-11-08T13:45:39+00:00\" \/>\n<meta property=\"article:modified_time\" content=\"2012-12-17T20:41:44+00:00\" \/>\n<meta property=\"og:image\" content=\"http:\/\/www.kobler-margreid.com\/blog\/wp-content\/2009\/11\/2009-11-05_11-28-30.jpg\" \/>\n<meta name=\"author\" content=\"armin kobler\" \/>\n<meta name=\"twitter:card\" content=\"summary_large_image\" \/>\n<meta name=\"twitter:label1\" content=\"Verfasst von\" \/>\n\t<meta name=\"twitter:data1\" content=\"armin kobler\" \/>\n\t<meta name=\"twitter:label2\" content=\"Gesch\u00e4tzte Lesezeit\" \/>\n\t<meta name=\"twitter:data2\" content=\"3\u00a0Minuten\" \/>\n<script type=\"application\/ld+json\" class=\"yoast-schema-graph\">{\"@context\":\"https:\\\/\\\/schema.org\",\"@graph\":[{\"@type\":\"Article\",\"@id\":\"https:\\\/\\\/www.kobler-margreid.com\\\/blog\\\/blog\\\/2009\\\/11\\\/08\\\/unter-blinden_tra-i-ciechi\\\/#article\",\"isPartOf\":{\"@id\":\"https:\\\/\\\/www.kobler-margreid.com\\\/blog\\\/blog\\\/2009\\\/11\\\/08\\\/unter-blinden_tra-i-ciechi\\\/\"},\"author\":{\"name\":\"armin kobler\",\"@id\":\"https:\\\/\\\/www.kobler-margreid.com\\\/blog\\\/#\\\/schema\\\/person\\\/fcca96145437484793adb0529dc48706\"},\"headline\":\"Unter Blinden ist der Ein\u00e4ugige K\u00f6nig \u2014 Tra i ciechi l&#8217;orbo d&#8217;un occhio \u00e8 re\",\"datePublished\":\"2009-11-08T13:45:39+00:00\",\"dateModified\":\"2012-12-17T20:41:44+00:00\",\"mainEntityOfPage\":{\"@id\":\"https:\\\/\\\/www.kobler-margreid.com\\\/blog\\\/blog\\\/2009\\\/11\\\/08\\\/unter-blinden_tra-i-ciechi\\\/\"},\"wordCount\":669,\"commentCount\":2,\"publisher\":{\"@id\":\"https:\\\/\\\/www.kobler-margreid.com\\\/blog\\\/#\\\/schema\\\/person\\\/6a2290c17f680f59c1fa7e1c7a36df3a\"},\"image\":{\"@id\":\"https:\\\/\\\/www.kobler-margreid.com\\\/blog\\\/blog\\\/2009\\\/11\\\/08\\\/unter-blinden_tra-i-ciechi\\\/#primaryimage\"},\"thumbnailUrl\":\"http:\\\/\\\/www.kobler-margreid.com\\\/blog\\\/wp-content\\\/2009\\\/11\\\/2009-11-05_11-28-30.jpg\",\"keywords\":[\"Concorso enologico\",\"Giornate del Riesling a Naturno\",\"Kostwettbewerb\",\"Rieslingtage Naturns\"],\"articleSection\":[\"Weinbewertung \u2014 Valutazione dei Vini\"],\"inLanguage\":\"de\",\"potentialAction\":[{\"@type\":\"CommentAction\",\"name\":\"Comment\",\"target\":[\"https:\\\/\\\/www.kobler-margreid.com\\\/blog\\\/blog\\\/2009\\\/11\\\/08\\\/unter-blinden_tra-i-ciechi\\\/#respond\"]}]},{\"@type\":\"WebPage\",\"@id\":\"https:\\\/\\\/www.kobler-margreid.com\\\/blog\\\/blog\\\/2009\\\/11\\\/08\\\/unter-blinden_tra-i-ciechi\\\/\",\"url\":\"https:\\\/\\\/www.kobler-margreid.com\\\/blog\\\/blog\\\/2009\\\/11\\\/08\\\/unter-blinden_tra-i-ciechi\\\/\",\"name\":\"Unter Blinden ist der Ein\u00e4ugige K\u00f6nig \u2014 Tra i ciechi l'orbo d'un occhio \u00e8 re - weinhof KOBLER weblog\",\"isPartOf\":{\"@id\":\"https:\\\/\\\/www.kobler-margreid.com\\\/blog\\\/#website\"},\"primaryImageOfPage\":{\"@id\":\"https:\\\/\\\/www.kobler-margreid.com\\\/blog\\\/blog\\\/2009\\\/11\\\/08\\\/unter-blinden_tra-i-ciechi\\\/#primaryimage\"},\"image\":{\"@id\":\"https:\\\/\\\/www.kobler-margreid.com\\\/blog\\\/blog\\\/2009\\\/11\\\/08\\\/unter-blinden_tra-i-ciechi\\\/#primaryimage\"},\"thumbnailUrl\":\"http:\\\/\\\/www.kobler-margreid.com\\\/blog\\\/wp-content\\\/2009\\\/11\\\/2009-11-05_11-28-30.jpg\",\"datePublished\":\"2009-11-08T13:45:39+00:00\",\"dateModified\":\"2012-12-17T20:41:44+00:00\",\"breadcrumb\":{\"@id\":\"https:\\\/\\\/www.kobler-margreid.com\\\/blog\\\/blog\\\/2009\\\/11\\\/08\\\/unter-blinden_tra-i-ciechi\\\/#breadcrumb\"},\"inLanguage\":\"de\",\"potentialAction\":[{\"@type\":\"ReadAction\",\"target\":[\"https:\\\/\\\/www.kobler-margreid.com\\\/blog\\\/blog\\\/2009\\\/11\\\/08\\\/unter-blinden_tra-i-ciechi\\\/\"]}]},{\"@type\":\"ImageObject\",\"inLanguage\":\"de\",\"@id\":\"https:\\\/\\\/www.kobler-margreid.com\\\/blog\\\/blog\\\/2009\\\/11\\\/08\\\/unter-blinden_tra-i-ciechi\\\/#primaryimage\",\"url\":\"http:\\\/\\\/www.kobler-margreid.com\\\/blog\\\/wp-content\\\/2009\\\/11\\\/2009-11-05_11-28-30.jpg\",\"contentUrl\":\"http:\\\/\\\/www.kobler-margreid.com\\\/blog\\\/wp-content\\\/2009\\\/11\\\/2009-11-05_11-28-30.jpg\"},{\"@type\":\"BreadcrumbList\",\"@id\":\"https:\\\/\\\/www.kobler-margreid.com\\\/blog\\\/blog\\\/2009\\\/11\\\/08\\\/unter-blinden_tra-i-ciechi\\\/#breadcrumb\",\"itemListElement\":[{\"@type\":\"ListItem\",\"position\":1,\"name\":\"Startseite\",\"item\":\"https:\\\/\\\/www.kobler-margreid.com\\\/blog\\\/\"},{\"@type\":\"ListItem\",\"position\":2,\"name\":\"Unter Blinden ist der Ein\u00e4ugige K\u00f6nig \u2014 Tra i ciechi l&#8217;orbo d&#8217;un occhio \u00e8 re\"}]},{\"@type\":\"WebSite\",\"@id\":\"https:\\\/\\\/www.kobler-margreid.com\\\/blog\\\/#website\",\"url\":\"https:\\\/\\\/www.kobler-margreid.com\\\/blog\\\/\",\"name\":\"weinhof KOBLER weblog\",\"description\":\"dem wein ganz nah \u2013 all&#039;interno del vino\",\"publisher\":{\"@id\":\"https:\\\/\\\/www.kobler-margreid.com\\\/blog\\\/#\\\/schema\\\/person\\\/6a2290c17f680f59c1fa7e1c7a36df3a\"},\"potentialAction\":[{\"@type\":\"SearchAction\",\"target\":{\"@type\":\"EntryPoint\",\"urlTemplate\":\"https:\\\/\\\/www.kobler-margreid.com\\\/blog\\\/?s={search_term_string}\"},\"query-input\":{\"@type\":\"PropertyValueSpecification\",\"valueRequired\":true,\"valueName\":\"search_term_string\"}}],\"inLanguage\":\"de\"},{\"@type\":[\"Person\",\"Organization\"],\"@id\":\"https:\\\/\\\/www.kobler-margreid.com\\\/blog\\\/#\\\/schema\\\/person\\\/6a2290c17f680f59c1fa7e1c7a36df3a\",\"name\":\"armin kobler\",\"image\":{\"@type\":\"ImageObject\",\"inLanguage\":\"de\",\"@id\":\"https:\\\/\\\/www.kobler-margreid.com\\\/blog\\\/wp-content\\\/2023\\\/11\\\/2012-05-08_09-33-03a.jpg\",\"url\":\"https:\\\/\\\/www.kobler-margreid.com\\\/blog\\\/wp-content\\\/2023\\\/11\\\/2012-05-08_09-33-03a.jpg\",\"contentUrl\":\"https:\\\/\\\/www.kobler-margreid.com\\\/blog\\\/wp-content\\\/2023\\\/11\\\/2012-05-08_09-33-03a.jpg\",\"width\":1088,\"height\":1184,\"caption\":\"armin kobler\"},\"logo\":{\"@id\":\"https:\\\/\\\/www.kobler-margreid.com\\\/blog\\\/wp-content\\\/2023\\\/11\\\/2012-05-08_09-33-03a.jpg\"},\"sameAs\":[\"http:\\\/\\\/www.kobler-margreid.com\",\"https:\\\/\\\/www.facebook.com\\\/armin.kobler\\\/\"]},{\"@type\":\"Person\",\"@id\":\"https:\\\/\\\/www.kobler-margreid.com\\\/blog\\\/#\\\/schema\\\/person\\\/fcca96145437484793adb0529dc48706\",\"name\":\"armin kobler\",\"image\":{\"@type\":\"ImageObject\",\"inLanguage\":\"de\",\"@id\":\"https:\\\/\\\/secure.gravatar.com\\\/avatar\\\/7ed75d18f117c58598b89fcf3ec9fda3311f3fbda827ac1502944a0804d87b7f?s=96&d=mm&r=g\",\"url\":\"https:\\\/\\\/secure.gravatar.com\\\/avatar\\\/7ed75d18f117c58598b89fcf3ec9fda3311f3fbda827ac1502944a0804d87b7f?s=96&d=mm&r=g\",\"contentUrl\":\"https:\\\/\\\/secure.gravatar.com\\\/avatar\\\/7ed75d18f117c58598b89fcf3ec9fda3311f3fbda827ac1502944a0804d87b7f?s=96&d=mm&r=g\",\"caption\":\"armin kobler\"},\"sameAs\":[\"http:\\\/\\\/\"],\"url\":\"https:\\\/\\\/www.kobler-margreid.com\\\/blog\\\/blog\\\/author\\\/armin-kobler\\\/\"}]}<\/script>\n<!-- \/ Yoast SEO plugin. -->","yoast_head_json":{"title":"Unter Blinden ist der Ein\u00e4ugige K\u00f6nig \u2014 Tra i ciechi l'orbo d'un occhio \u00e8 re - weinhof KOBLER weblog","robots":{"index":"index","follow":"follow","max-snippet":"max-snippet:-1","max-image-preview":"max-image-preview:large","max-video-preview":"max-video-preview:-1"},"canonical":"https:\/\/www.kobler-margreid.com\/blog\/blog\/2009\/11\/08\/unter-blinden_tra-i-ciechi\/","og_locale":"de_DE","og_type":"article","og_title":"Unter Blinden ist der Ein\u00e4ugige K\u00f6nig \u2014 Tra i ciechi l'orbo d'un occhio \u00e8 re - weinhof KOBLER weblog","og_description":"Dieses Sprichwort benutze ich gerne, wenn so mancher Teilnehmer an den von mir durchgef\u00fchrten Kostwettbewerben sich dar\u00fcber anerkennend \u00e4u\u00dfert. Es ist insofern zutreffend, da es ein leichtes ist, an dem Ablauf von diesen Veranstaltungen etwas zu verbessern, wenn sie \u00fcber &hellip; Weiterlesen &rarr;","og_url":"https:\/\/www.kobler-margreid.com\/blog\/blog\/2009\/11\/08\/unter-blinden_tra-i-ciechi\/","og_site_name":"weinhof KOBLER weblog","article_publisher":"https:\/\/www.facebook.com\/armin.kobler\/","article_published_time":"2009-11-08T13:45:39+00:00","article_modified_time":"2012-12-17T20:41:44+00:00","og_image":[{"url":"http:\/\/www.kobler-margreid.com\/blog\/wp-content\/2009\/11\/2009-11-05_11-28-30.jpg","type":"","width":"","height":""}],"author":"armin kobler","twitter_card":"summary_large_image","twitter_misc":{"Verfasst von":"armin kobler","Gesch\u00e4tzte Lesezeit":"3\u00a0Minuten"},"schema":{"@context":"https:\/\/schema.org","@graph":[{"@type":"Article","@id":"https:\/\/www.kobler-margreid.com\/blog\/blog\/2009\/11\/08\/unter-blinden_tra-i-ciechi\/#article","isPartOf":{"@id":"https:\/\/www.kobler-margreid.com\/blog\/blog\/2009\/11\/08\/unter-blinden_tra-i-ciechi\/"},"author":{"name":"armin kobler","@id":"https:\/\/www.kobler-margreid.com\/blog\/#\/schema\/person\/fcca96145437484793adb0529dc48706"},"headline":"Unter Blinden ist der Ein\u00e4ugige K\u00f6nig \u2014 Tra i ciechi l&#8217;orbo d&#8217;un occhio \u00e8 re","datePublished":"2009-11-08T13:45:39+00:00","dateModified":"2012-12-17T20:41:44+00:00","mainEntityOfPage":{"@id":"https:\/\/www.kobler-margreid.com\/blog\/blog\/2009\/11\/08\/unter-blinden_tra-i-ciechi\/"},"wordCount":669,"commentCount":2,"publisher":{"@id":"https:\/\/www.kobler-margreid.com\/blog\/#\/schema\/person\/6a2290c17f680f59c1fa7e1c7a36df3a"},"image":{"@id":"https:\/\/www.kobler-margreid.com\/blog\/blog\/2009\/11\/08\/unter-blinden_tra-i-ciechi\/#primaryimage"},"thumbnailUrl":"http:\/\/www.kobler-margreid.com\/blog\/wp-content\/2009\/11\/2009-11-05_11-28-30.jpg","keywords":["Concorso enologico","Giornate del Riesling a Naturno","Kostwettbewerb","Rieslingtage Naturns"],"articleSection":["Weinbewertung \u2014 Valutazione dei Vini"],"inLanguage":"de","potentialAction":[{"@type":"CommentAction","name":"Comment","target":["https:\/\/www.kobler-margreid.com\/blog\/blog\/2009\/11\/08\/unter-blinden_tra-i-ciechi\/#respond"]}]},{"@type":"WebPage","@id":"https:\/\/www.kobler-margreid.com\/blog\/blog\/2009\/11\/08\/unter-blinden_tra-i-ciechi\/","url":"https:\/\/www.kobler-margreid.com\/blog\/blog\/2009\/11\/08\/unter-blinden_tra-i-ciechi\/","name":"Unter Blinden ist der Ein\u00e4ugige K\u00f6nig \u2014 Tra i ciechi l'orbo d'un occhio \u00e8 re - weinhof KOBLER weblog","isPartOf":{"@id":"https:\/\/www.kobler-margreid.com\/blog\/#website"},"primaryImageOfPage":{"@id":"https:\/\/www.kobler-margreid.com\/blog\/blog\/2009\/11\/08\/unter-blinden_tra-i-ciechi\/#primaryimage"},"image":{"@id":"https:\/\/www.kobler-margreid.com\/blog\/blog\/2009\/11\/08\/unter-blinden_tra-i-ciechi\/#primaryimage"},"thumbnailUrl":"http:\/\/www.kobler-margreid.com\/blog\/wp-content\/2009\/11\/2009-11-05_11-28-30.jpg","datePublished":"2009-11-08T13:45:39+00:00","dateModified":"2012-12-17T20:41:44+00:00","breadcrumb":{"@id":"https:\/\/www.kobler-margreid.com\/blog\/blog\/2009\/11\/08\/unter-blinden_tra-i-ciechi\/#breadcrumb"},"inLanguage":"de","potentialAction":[{"@type":"ReadAction","target":["https:\/\/www.kobler-margreid.com\/blog\/blog\/2009\/11\/08\/unter-blinden_tra-i-ciechi\/"]}]},{"@type":"ImageObject","inLanguage":"de","@id":"https:\/\/www.kobler-margreid.com\/blog\/blog\/2009\/11\/08\/unter-blinden_tra-i-ciechi\/#primaryimage","url":"http:\/\/www.kobler-margreid.com\/blog\/wp-content\/2009\/11\/2009-11-05_11-28-30.jpg","contentUrl":"http:\/\/www.kobler-margreid.com\/blog\/wp-content\/2009\/11\/2009-11-05_11-28-30.jpg"},{"@type":"BreadcrumbList","@id":"https:\/\/www.kobler-margreid.com\/blog\/blog\/2009\/11\/08\/unter-blinden_tra-i-ciechi\/#breadcrumb","itemListElement":[{"@type":"ListItem","position":1,"name":"Startseite","item":"https:\/\/www.kobler-margreid.com\/blog\/"},{"@type":"ListItem","position":2,"name":"Unter Blinden ist der Ein\u00e4ugige K\u00f6nig \u2014 Tra i ciechi l&#8217;orbo d&#8217;un occhio \u00e8 re"}]},{"@type":"WebSite","@id":"https:\/\/www.kobler-margreid.com\/blog\/#website","url":"https:\/\/www.kobler-margreid.com\/blog\/","name":"weinhof KOBLER weblog","description":"dem wein ganz nah \u2013 all&#039;interno del vino","publisher":{"@id":"https:\/\/www.kobler-margreid.com\/blog\/#\/schema\/person\/6a2290c17f680f59c1fa7e1c7a36df3a"},"potentialAction":[{"@type":"SearchAction","target":{"@type":"EntryPoint","urlTemplate":"https:\/\/www.kobler-margreid.com\/blog\/?s={search_term_string}"},"query-input":{"@type":"PropertyValueSpecification","valueRequired":true,"valueName":"search_term_string"}}],"inLanguage":"de"},{"@type":["Person","Organization"],"@id":"https:\/\/www.kobler-margreid.com\/blog\/#\/schema\/person\/6a2290c17f680f59c1fa7e1c7a36df3a","name":"armin kobler","image":{"@type":"ImageObject","inLanguage":"de","@id":"https:\/\/www.kobler-margreid.com\/blog\/wp-content\/2023\/11\/2012-05-08_09-33-03a.jpg","url":"https:\/\/www.kobler-margreid.com\/blog\/wp-content\/2023\/11\/2012-05-08_09-33-03a.jpg","contentUrl":"https:\/\/www.kobler-margreid.com\/blog\/wp-content\/2023\/11\/2012-05-08_09-33-03a.jpg","width":1088,"height":1184,"caption":"armin kobler"},"logo":{"@id":"https:\/\/www.kobler-margreid.com\/blog\/wp-content\/2023\/11\/2012-05-08_09-33-03a.jpg"},"sameAs":["http:\/\/www.kobler-margreid.com","https:\/\/www.facebook.com\/armin.kobler\/"]},{"@type":"Person","@id":"https:\/\/www.kobler-margreid.com\/blog\/#\/schema\/person\/fcca96145437484793adb0529dc48706","name":"armin kobler","image":{"@type":"ImageObject","inLanguage":"de","@id":"https:\/\/secure.gravatar.com\/avatar\/7ed75d18f117c58598b89fcf3ec9fda3311f3fbda827ac1502944a0804d87b7f?s=96&d=mm&r=g","url":"https:\/\/secure.gravatar.com\/avatar\/7ed75d18f117c58598b89fcf3ec9fda3311f3fbda827ac1502944a0804d87b7f?s=96&d=mm&r=g","contentUrl":"https:\/\/secure.gravatar.com\/avatar\/7ed75d18f117c58598b89fcf3ec9fda3311f3fbda827ac1502944a0804d87b7f?s=96&d=mm&r=g","caption":"armin kobler"},"sameAs":["http:\/\/"],"url":"https:\/\/www.kobler-margreid.com\/blog\/blog\/author\/armin-kobler\/"}]}},"_links":{"self":[{"href":"https:\/\/www.kobler-margreid.com\/blog\/wp-json\/wp\/v2\/posts\/3231","targetHints":{"allow":["GET"]}}],"collection":[{"href":"https:\/\/www.kobler-margreid.com\/blog\/wp-json\/wp\/v2\/posts"}],"about":[{"href":"https:\/\/www.kobler-margreid.com\/blog\/wp-json\/wp\/v2\/types\/post"}],"author":[{"embeddable":true,"href":"https:\/\/www.kobler-margreid.com\/blog\/wp-json\/wp\/v2\/users\/6"}],"replies":[{"embeddable":true,"href":"https:\/\/www.kobler-margreid.com\/blog\/wp-json\/wp\/v2\/comments?post=3231"}],"version-history":[{"count":0,"href":"https:\/\/www.kobler-margreid.com\/blog\/wp-json\/wp\/v2\/posts\/3231\/revisions"}],"wp:attachment":[{"href":"https:\/\/www.kobler-margreid.com\/blog\/wp-json\/wp\/v2\/media?parent=3231"}],"wp:term":[{"taxonomy":"category","embeddable":true,"href":"https:\/\/www.kobler-margreid.com\/blog\/wp-json\/wp\/v2\/categories?post=3231"},{"taxonomy":"post_tag","embeddable":true,"href":"https:\/\/www.kobler-margreid.com\/blog\/wp-json\/wp\/v2\/tags?post=3231"}],"curies":[{"name":"wp","href":"https:\/\/api.w.org\/{rel}","templated":true}]}}