{"id":3282,"date":"2009-11-14T11:35:04","date_gmt":"2009-11-14T10:35:04","guid":{"rendered":"http:\/\/www.kobler-margreid.com\/blog\/?p=3282"},"modified":"2009-11-14T12:06:51","modified_gmt":"2009-11-14T11:06:51","slug":"unser-martiniwein-nostro-vino-di-san-martino","status":"publish","type":"post","link":"https:\/\/www.kobler-margreid.com\/blog\/blog\/2009\/11\/14\/unser-martiniwein-nostro-vino-di-san-martino\/","title":{"rendered":"Unser Martiniwein &#8211; Nostro vino di San Martino"},"content":{"rendered":"<p><a href=\"http:\/\/www.kobler-margreid.com\/blog\/wp-content\/2009\/11\/2009-11-11_09-24-44.jpg\" rel=\"lightbox[3282]\"><img loading=\"lazy\" decoding=\"async\" class=\"float left size-full wp-image-3284 alignleft\" style=\"border: 0pt none; margin: 0px 5px;\" title=\"2009-11-11_09-24-44\" src=\"http:\/\/www.kobler-margreid.com\/blog\/wp-content\/2009\/11\/2009-11-11_09-24-44.jpg\" alt=\"2009-11-11_09-24-44\" width=\"323\" height=\"430\" srcset=\"https:\/\/www.kobler-margreid.com\/blog\/wp-content\/2009\/11\/2009-11-11_09-24-44.jpg 768w, https:\/\/www.kobler-margreid.com\/blog\/wp-content\/2009\/11\/2009-11-11_09-24-44-225x300.jpg 225w\" sizes=\"auto, (max-width: 323px) 100vw, 323px\" \/><\/a>Nein, es ist nicht die Taufe eines neuen, in jedem Fall schon schon durch das Fegefeuer der G\u00e4rung gegangenen Weines. In unserem Fall war es heuer die Lese unserer letzten Trauben. Es handelt sich dabei um ein paar St\u00f6cke der Sorte <em>Tannat<\/em>, welche neben der Hofstelle gepflanzt sind. Das sp\u00e4therbstliche Wetter war wundersch\u00f6n, die Temperaturen an diesem 11.11. am Morgen wieder einmal etwas unter dem Gefrierpunkt.<\/p>\n<p><em>Non, non \u00e8 il battesimo del nuovo vino che in ogni caso ha passato il purgatorio della fermentazione. Nel nostro caso si tratta della vendemmia delle nostre ultime uve, precisamente di alcuni ceppi della variet\u00e0 <\/em>Tannat<em>. Il tempo tardoautunnale era splendido e le temperature minime quella mattina erano nuovamente un po&#8216; sotto lo zero.<\/em><\/p>\n<p><!--more-->2004 von einer Reise aus dem <a title=\"Appellation Madiran\" href=\"http:\/\/www.weinausfrankreich.com\/bouteillebouche\/appellationsdetail.aspx?a=Appellation_Madiran\" target=\"_blank\">Madiran<\/a> zur\u00fcckgekehrt, war ich von den dortigen Weinen der Sorte <a title=\"Tannat \" href=\"http:\/\/de.wikipedia.org\/wiki\/Tannat-Rebe\" target=\"_blank\">Tannat<\/a>, aber auch von Landschaft und Leuten so beeindruckt, dass ich unbedingt probeweise eine kurze Rebzeile in Hausn\u00e4he setzen musste. Es ist eine sp\u00e4treifende, \u00e4u\u00dferst tanninreiche Sorte. Um in jedem Fall die phenolische Reife zu erreichen, wollte ich sie, unabh\u00e4ngig von der Zuckerkonzentration, so sp\u00e4t als m\u00f6glich wimmen.<\/p>\n<p><em>Ritornato nel 2004 da un viaggio nel <a title=\"Wikipedia: Madiran\" href=\"http:\/\/it.wikipedia.org\/wiki\/Madiran\" target=\"_blank\">Madiran<\/a> ero talmente impressionato dai vini del vitigno <\/em><em><a title=\"Tannat \" href=\"http:\/\/www.vinealia.org\/vitigni.asp?id=1196\" target=\"_blank\">Tannat<\/a>, nonch\u00e8 dal paessaggio e dalla gente di quella regione, che decisi di piantare per prova un breve filare vicino a casa. \u00c8 un vitigno da maturazione tardiva e con un contenuto tannico elevatissimo. Per arrivare in ogni caso alla maturit\u00e0 fenolica volevo vendemmiarlo il pi\u00f9 tardi possibile, indipendentemene dal grado zuccherino.<\/em><\/p>\n<p>Die Rebbl\u00e4tter waren schon am Fallen, die mehrmaligen Morgenfr\u00f6ste haben die Beerenh\u00e4ute m\u00fcrbe gemacht, der Botrytispilz war im Kommen, es war also Zeit. Die Anwesenheit von den in Wien lebenden Freunden <a title=\"Judith Kaltenb\u00f6ck\" href=\"http:\/\/www.judithkaltenboeck.com\/\" target=\"_blank\">Judith<\/a> und <a title=\"Armin Bardel\" href=\"http:\/\/arminbardel.at\/\" target=\"_blank\">Armin<\/a>, denen ich gr\u00f6\u00dftenteils die sch\u00f6nen Bilder verdanke, war ein Grund mehr, die Lesesaison endg\u00fcltig abzuschlie\u00dfen. Bei der Gelegenheit konnte ich auch meine kleine Abbeermaschine, mit der &#8217;93 alles begann, reaktivieren. Die Ausbeute: ca. 70 kg Trauben mit 22 \u00b0KMW.<em> <\/em><\/p>\n<p><em>Le foglie hanno gi\u00e0 cominciato a cadere, le continue gelate mattuitine hann reso friabili le bucce degli acini, la botrite stava diffondendosi, era veramente ora di vendemmiare. La presenza degli amici di Vienna <a title=\"Judith Kaltenb\u00f6ck\" href=\"http:\/\/www.judithkaltenboeck.com\/\" target=\"_blank\">Judith<\/a> e <a title=\"Armin Bardel\" href=\"http:\/\/arminbardel.at\/\" target=\"_blank\">Armin<\/a> che sono in gran parte gli autori delle belle foto era un motivo in pi\u00f9 per concludere definitivamente la vendemmia. In quell&#8217;occasione ho riattivato la mia piccola pigiadiraspatrice con la quale nel &#8217;93 tutto cominci\u00f2. La resa: circa 70 kg di uva a 22 \u00b0Babo.<\/em><\/p>\nngg_shortcode_0_placeholder\n","protected":false},"excerpt":{"rendered":"<p>Nein, es ist nicht die Taufe eines neuen, in jedem Fall schon schon durch das Fegefeuer der G\u00e4rung gegangenen Weines. In unserem Fall war es heuer die Lese unserer letzten Trauben. Es handelt sich dabei um ein paar St\u00f6cke der &hellip; <a href=\"https:\/\/www.kobler-margreid.com\/blog\/blog\/2009\/11\/14\/unser-martiniwein-nostro-vino-di-san-martino\/\">Weiterlesen <span class=\"meta-nav\">&rarr;<\/span><\/a><\/p>\n","protected":false},"author":6,"featured_media":0,"comment_status":"open","ping_status":"open","sticky":false,"template":"","format":"standard","meta":{"ngg_post_thumbnail":0,"footnotes":"","_links_to":"","_links_to_target":""},"categories":[12],"tags":[189,576,575,339],"class_list":["post-3282","post","type-post","status-publish","format-standard","hentry","category-ernte","tag-armin-bardel","tag-judith-kaltenbock","tag-madiran","tag-tannat"],"yoast_head":"<!-- This site is optimized with the Yoast SEO plugin v27.5 - https:\/\/yoast.com\/product\/yoast-seo-wordpress\/ -->\n<title>Unser Martiniwein - Nostro vino di San Martino - weinhof KOBLER weblog<\/title>\n<meta name=\"robots\" content=\"index, follow, max-snippet:-1, max-image-preview:large, max-video-preview:-1\" \/>\n<link rel=\"canonical\" href=\"https:\/\/www.kobler-margreid.com\/blog\/blog\/2009\/11\/14\/unser-martiniwein-nostro-vino-di-san-martino\/\" \/>\n<meta property=\"og:locale\" content=\"de_DE\" \/>\n<meta property=\"og:type\" content=\"article\" \/>\n<meta property=\"og:title\" content=\"Unser Martiniwein - Nostro vino di San Martino - weinhof KOBLER weblog\" \/>\n<meta property=\"og:description\" content=\"Nein, es ist nicht die Taufe eines neuen, in jedem Fall schon schon durch das Fegefeuer der G\u00e4rung gegangenen Weines. In unserem Fall war es heuer die Lese unserer letzten Trauben. Es handelt sich dabei um ein paar St\u00f6cke der &hellip; Weiterlesen &rarr;\" \/>\n<meta property=\"og:url\" content=\"https:\/\/www.kobler-margreid.com\/blog\/blog\/2009\/11\/14\/unser-martiniwein-nostro-vino-di-san-martino\/\" \/>\n<meta property=\"og:site_name\" content=\"weinhof KOBLER weblog\" \/>\n<meta property=\"article:publisher\" content=\"https:\/\/www.facebook.com\/armin.kobler\/\" \/>\n<meta property=\"article:published_time\" content=\"2009-11-14T10:35:04+00:00\" \/>\n<meta property=\"article:modified_time\" content=\"2009-11-14T11:06:51+00:00\" \/>\n<meta property=\"og:image\" content=\"http:\/\/www.kobler-margreid.com\/blog\/wp-content\/2009\/11\/2009-11-11_09-24-44.jpg\" \/>\n<meta name=\"author\" content=\"armin kobler\" \/>\n<meta name=\"twitter:card\" content=\"summary_large_image\" \/>\n<meta name=\"twitter:label1\" content=\"Verfasst von\" \/>\n\t<meta name=\"twitter:data1\" content=\"armin kobler\" \/>\n\t<meta name=\"twitter:label2\" content=\"Gesch\u00e4tzte Lesezeit\" \/>\n\t<meta name=\"twitter:data2\" content=\"2\u00a0Minuten\" \/>\n<script type=\"application\/ld+json\" class=\"yoast-schema-graph\">{\"@context\":\"https:\\\/\\\/schema.org\",\"@graph\":[{\"@type\":\"Article\",\"@id\":\"https:\\\/\\\/www.kobler-margreid.com\\\/blog\\\/blog\\\/2009\\\/11\\\/14\\\/unser-martiniwein-nostro-vino-di-san-martino\\\/#article\",\"isPartOf\":{\"@id\":\"https:\\\/\\\/www.kobler-margreid.com\\\/blog\\\/blog\\\/2009\\\/11\\\/14\\\/unser-martiniwein-nostro-vino-di-san-martino\\\/\"},\"author\":{\"name\":\"armin kobler\",\"@id\":\"https:\\\/\\\/www.kobler-margreid.com\\\/blog\\\/#\\\/schema\\\/person\\\/fcca96145437484793adb0529dc48706\"},\"headline\":\"Unser Martiniwein &#8211; Nostro vino di San Martino\",\"datePublished\":\"2009-11-14T10:35:04+00:00\",\"dateModified\":\"2009-11-14T11:06:51+00:00\",\"mainEntityOfPage\":{\"@id\":\"https:\\\/\\\/www.kobler-margreid.com\\\/blog\\\/blog\\\/2009\\\/11\\\/14\\\/unser-martiniwein-nostro-vino-di-san-martino\\\/\"},\"wordCount\":425,\"commentCount\":0,\"publisher\":{\"@id\":\"https:\\\/\\\/www.kobler-margreid.com\\\/blog\\\/#\\\/schema\\\/person\\\/6a2290c17f680f59c1fa7e1c7a36df3a\"},\"image\":{\"@id\":\"https:\\\/\\\/www.kobler-margreid.com\\\/blog\\\/blog\\\/2009\\\/11\\\/14\\\/unser-martiniwein-nostro-vino-di-san-martino\\\/#primaryimage\"},\"thumbnailUrl\":\"http:\\\/\\\/www.kobler-margreid.com\\\/blog\\\/wp-content\\\/2009\\\/11\\\/2009-11-11_09-24-44.jpg\",\"keywords\":[\"Armin Bardel\",\"Judith Kaltenb\u00f6ck\",\"Madiran\",\"Tannat\"],\"articleSection\":[\"Ernte - Vendemmia\"],\"inLanguage\":\"de\",\"potentialAction\":[{\"@type\":\"CommentAction\",\"name\":\"Comment\",\"target\":[\"https:\\\/\\\/www.kobler-margreid.com\\\/blog\\\/blog\\\/2009\\\/11\\\/14\\\/unser-martiniwein-nostro-vino-di-san-martino\\\/#respond\"]}]},{\"@type\":\"WebPage\",\"@id\":\"https:\\\/\\\/www.kobler-margreid.com\\\/blog\\\/blog\\\/2009\\\/11\\\/14\\\/unser-martiniwein-nostro-vino-di-san-martino\\\/\",\"url\":\"https:\\\/\\\/www.kobler-margreid.com\\\/blog\\\/blog\\\/2009\\\/11\\\/14\\\/unser-martiniwein-nostro-vino-di-san-martino\\\/\",\"name\":\"Unser Martiniwein - Nostro vino di San Martino - weinhof KOBLER weblog\",\"isPartOf\":{\"@id\":\"https:\\\/\\\/www.kobler-margreid.com\\\/blog\\\/#website\"},\"primaryImageOfPage\":{\"@id\":\"https:\\\/\\\/www.kobler-margreid.com\\\/blog\\\/blog\\\/2009\\\/11\\\/14\\\/unser-martiniwein-nostro-vino-di-san-martino\\\/#primaryimage\"},\"image\":{\"@id\":\"https:\\\/\\\/www.kobler-margreid.com\\\/blog\\\/blog\\\/2009\\\/11\\\/14\\\/unser-martiniwein-nostro-vino-di-san-martino\\\/#primaryimage\"},\"thumbnailUrl\":\"http:\\\/\\\/www.kobler-margreid.com\\\/blog\\\/wp-content\\\/2009\\\/11\\\/2009-11-11_09-24-44.jpg\",\"datePublished\":\"2009-11-14T10:35:04+00:00\",\"dateModified\":\"2009-11-14T11:06:51+00:00\",\"breadcrumb\":{\"@id\":\"https:\\\/\\\/www.kobler-margreid.com\\\/blog\\\/blog\\\/2009\\\/11\\\/14\\\/unser-martiniwein-nostro-vino-di-san-martino\\\/#breadcrumb\"},\"inLanguage\":\"de\",\"potentialAction\":[{\"@type\":\"ReadAction\",\"target\":[\"https:\\\/\\\/www.kobler-margreid.com\\\/blog\\\/blog\\\/2009\\\/11\\\/14\\\/unser-martiniwein-nostro-vino-di-san-martino\\\/\"]}]},{\"@type\":\"ImageObject\",\"inLanguage\":\"de\",\"@id\":\"https:\\\/\\\/www.kobler-margreid.com\\\/blog\\\/blog\\\/2009\\\/11\\\/14\\\/unser-martiniwein-nostro-vino-di-san-martino\\\/#primaryimage\",\"url\":\"http:\\\/\\\/www.kobler-margreid.com\\\/blog\\\/wp-content\\\/2009\\\/11\\\/2009-11-11_09-24-44.jpg\",\"contentUrl\":\"http:\\\/\\\/www.kobler-margreid.com\\\/blog\\\/wp-content\\\/2009\\\/11\\\/2009-11-11_09-24-44.jpg\"},{\"@type\":\"BreadcrumbList\",\"@id\":\"https:\\\/\\\/www.kobler-margreid.com\\\/blog\\\/blog\\\/2009\\\/11\\\/14\\\/unser-martiniwein-nostro-vino-di-san-martino\\\/#breadcrumb\",\"itemListElement\":[{\"@type\":\"ListItem\",\"position\":1,\"name\":\"Startseite\",\"item\":\"https:\\\/\\\/www.kobler-margreid.com\\\/blog\\\/\"},{\"@type\":\"ListItem\",\"position\":2,\"name\":\"Unser Martiniwein &#8211; Nostro vino di San Martino\"}]},{\"@type\":\"WebSite\",\"@id\":\"https:\\\/\\\/www.kobler-margreid.com\\\/blog\\\/#website\",\"url\":\"https:\\\/\\\/www.kobler-margreid.com\\\/blog\\\/\",\"name\":\"weinhof KOBLER weblog\",\"description\":\"dem wein ganz nah \u2013 all&#039;interno del vino\",\"publisher\":{\"@id\":\"https:\\\/\\\/www.kobler-margreid.com\\\/blog\\\/#\\\/schema\\\/person\\\/6a2290c17f680f59c1fa7e1c7a36df3a\"},\"potentialAction\":[{\"@type\":\"SearchAction\",\"target\":{\"@type\":\"EntryPoint\",\"urlTemplate\":\"https:\\\/\\\/www.kobler-margreid.com\\\/blog\\\/?s={search_term_string}\"},\"query-input\":{\"@type\":\"PropertyValueSpecification\",\"valueRequired\":true,\"valueName\":\"search_term_string\"}}],\"inLanguage\":\"de\"},{\"@type\":[\"Person\",\"Organization\"],\"@id\":\"https:\\\/\\\/www.kobler-margreid.com\\\/blog\\\/#\\\/schema\\\/person\\\/6a2290c17f680f59c1fa7e1c7a36df3a\",\"name\":\"armin kobler\",\"image\":{\"@type\":\"ImageObject\",\"inLanguage\":\"de\",\"@id\":\"https:\\\/\\\/www.kobler-margreid.com\\\/blog\\\/wp-content\\\/2023\\\/11\\\/2012-05-08_09-33-03a.jpg\",\"url\":\"https:\\\/\\\/www.kobler-margreid.com\\\/blog\\\/wp-content\\\/2023\\\/11\\\/2012-05-08_09-33-03a.jpg\",\"contentUrl\":\"https:\\\/\\\/www.kobler-margreid.com\\\/blog\\\/wp-content\\\/2023\\\/11\\\/2012-05-08_09-33-03a.jpg\",\"width\":1088,\"height\":1184,\"caption\":\"armin kobler\"},\"logo\":{\"@id\":\"https:\\\/\\\/www.kobler-margreid.com\\\/blog\\\/wp-content\\\/2023\\\/11\\\/2012-05-08_09-33-03a.jpg\"},\"sameAs\":[\"http:\\\/\\\/www.kobler-margreid.com\",\"https:\\\/\\\/www.facebook.com\\\/armin.kobler\\\/\"]},{\"@type\":\"Person\",\"@id\":\"https:\\\/\\\/www.kobler-margreid.com\\\/blog\\\/#\\\/schema\\\/person\\\/fcca96145437484793adb0529dc48706\",\"name\":\"armin kobler\",\"image\":{\"@type\":\"ImageObject\",\"inLanguage\":\"de\",\"@id\":\"https:\\\/\\\/secure.gravatar.com\\\/avatar\\\/7ed75d18f117c58598b89fcf3ec9fda3311f3fbda827ac1502944a0804d87b7f?s=96&d=mm&r=g\",\"url\":\"https:\\\/\\\/secure.gravatar.com\\\/avatar\\\/7ed75d18f117c58598b89fcf3ec9fda3311f3fbda827ac1502944a0804d87b7f?s=96&d=mm&r=g\",\"contentUrl\":\"https:\\\/\\\/secure.gravatar.com\\\/avatar\\\/7ed75d18f117c58598b89fcf3ec9fda3311f3fbda827ac1502944a0804d87b7f?s=96&d=mm&r=g\",\"caption\":\"armin kobler\"},\"sameAs\":[\"http:\\\/\\\/\"],\"url\":\"https:\\\/\\\/www.kobler-margreid.com\\\/blog\\\/blog\\\/author\\\/armin-kobler\\\/\"}]}<\/script>\n<!-- \/ Yoast SEO plugin. -->","yoast_head_json":{"title":"Unser Martiniwein - Nostro vino di San Martino - weinhof KOBLER weblog","robots":{"index":"index","follow":"follow","max-snippet":"max-snippet:-1","max-image-preview":"max-image-preview:large","max-video-preview":"max-video-preview:-1"},"canonical":"https:\/\/www.kobler-margreid.com\/blog\/blog\/2009\/11\/14\/unser-martiniwein-nostro-vino-di-san-martino\/","og_locale":"de_DE","og_type":"article","og_title":"Unser Martiniwein - Nostro vino di San Martino - weinhof KOBLER weblog","og_description":"Nein, es ist nicht die Taufe eines neuen, in jedem Fall schon schon durch das Fegefeuer der G\u00e4rung gegangenen Weines. In unserem Fall war es heuer die Lese unserer letzten Trauben. Es handelt sich dabei um ein paar St\u00f6cke der &hellip; Weiterlesen &rarr;","og_url":"https:\/\/www.kobler-margreid.com\/blog\/blog\/2009\/11\/14\/unser-martiniwein-nostro-vino-di-san-martino\/","og_site_name":"weinhof KOBLER weblog","article_publisher":"https:\/\/www.facebook.com\/armin.kobler\/","article_published_time":"2009-11-14T10:35:04+00:00","article_modified_time":"2009-11-14T11:06:51+00:00","og_image":[{"url":"http:\/\/www.kobler-margreid.com\/blog\/wp-content\/2009\/11\/2009-11-11_09-24-44.jpg","type":"","width":"","height":""}],"author":"armin kobler","twitter_card":"summary_large_image","twitter_misc":{"Verfasst von":"armin kobler","Gesch\u00e4tzte Lesezeit":"2\u00a0Minuten"},"schema":{"@context":"https:\/\/schema.org","@graph":[{"@type":"Article","@id":"https:\/\/www.kobler-margreid.com\/blog\/blog\/2009\/11\/14\/unser-martiniwein-nostro-vino-di-san-martino\/#article","isPartOf":{"@id":"https:\/\/www.kobler-margreid.com\/blog\/blog\/2009\/11\/14\/unser-martiniwein-nostro-vino-di-san-martino\/"},"author":{"name":"armin kobler","@id":"https:\/\/www.kobler-margreid.com\/blog\/#\/schema\/person\/fcca96145437484793adb0529dc48706"},"headline":"Unser Martiniwein &#8211; Nostro vino di San Martino","datePublished":"2009-11-14T10:35:04+00:00","dateModified":"2009-11-14T11:06:51+00:00","mainEntityOfPage":{"@id":"https:\/\/www.kobler-margreid.com\/blog\/blog\/2009\/11\/14\/unser-martiniwein-nostro-vino-di-san-martino\/"},"wordCount":425,"commentCount":0,"publisher":{"@id":"https:\/\/www.kobler-margreid.com\/blog\/#\/schema\/person\/6a2290c17f680f59c1fa7e1c7a36df3a"},"image":{"@id":"https:\/\/www.kobler-margreid.com\/blog\/blog\/2009\/11\/14\/unser-martiniwein-nostro-vino-di-san-martino\/#primaryimage"},"thumbnailUrl":"http:\/\/www.kobler-margreid.com\/blog\/wp-content\/2009\/11\/2009-11-11_09-24-44.jpg","keywords":["Armin Bardel","Judith Kaltenb\u00f6ck","Madiran","Tannat"],"articleSection":["Ernte - Vendemmia"],"inLanguage":"de","potentialAction":[{"@type":"CommentAction","name":"Comment","target":["https:\/\/www.kobler-margreid.com\/blog\/blog\/2009\/11\/14\/unser-martiniwein-nostro-vino-di-san-martino\/#respond"]}]},{"@type":"WebPage","@id":"https:\/\/www.kobler-margreid.com\/blog\/blog\/2009\/11\/14\/unser-martiniwein-nostro-vino-di-san-martino\/","url":"https:\/\/www.kobler-margreid.com\/blog\/blog\/2009\/11\/14\/unser-martiniwein-nostro-vino-di-san-martino\/","name":"Unser Martiniwein - Nostro vino di San Martino - weinhof KOBLER weblog","isPartOf":{"@id":"https:\/\/www.kobler-margreid.com\/blog\/#website"},"primaryImageOfPage":{"@id":"https:\/\/www.kobler-margreid.com\/blog\/blog\/2009\/11\/14\/unser-martiniwein-nostro-vino-di-san-martino\/#primaryimage"},"image":{"@id":"https:\/\/www.kobler-margreid.com\/blog\/blog\/2009\/11\/14\/unser-martiniwein-nostro-vino-di-san-martino\/#primaryimage"},"thumbnailUrl":"http:\/\/www.kobler-margreid.com\/blog\/wp-content\/2009\/11\/2009-11-11_09-24-44.jpg","datePublished":"2009-11-14T10:35:04+00:00","dateModified":"2009-11-14T11:06:51+00:00","breadcrumb":{"@id":"https:\/\/www.kobler-margreid.com\/blog\/blog\/2009\/11\/14\/unser-martiniwein-nostro-vino-di-san-martino\/#breadcrumb"},"inLanguage":"de","potentialAction":[{"@type":"ReadAction","target":["https:\/\/www.kobler-margreid.com\/blog\/blog\/2009\/11\/14\/unser-martiniwein-nostro-vino-di-san-martino\/"]}]},{"@type":"ImageObject","inLanguage":"de","@id":"https:\/\/www.kobler-margreid.com\/blog\/blog\/2009\/11\/14\/unser-martiniwein-nostro-vino-di-san-martino\/#primaryimage","url":"http:\/\/www.kobler-margreid.com\/blog\/wp-content\/2009\/11\/2009-11-11_09-24-44.jpg","contentUrl":"http:\/\/www.kobler-margreid.com\/blog\/wp-content\/2009\/11\/2009-11-11_09-24-44.jpg"},{"@type":"BreadcrumbList","@id":"https:\/\/www.kobler-margreid.com\/blog\/blog\/2009\/11\/14\/unser-martiniwein-nostro-vino-di-san-martino\/#breadcrumb","itemListElement":[{"@type":"ListItem","position":1,"name":"Startseite","item":"https:\/\/www.kobler-margreid.com\/blog\/"},{"@type":"ListItem","position":2,"name":"Unser Martiniwein &#8211; Nostro vino di San Martino"}]},{"@type":"WebSite","@id":"https:\/\/www.kobler-margreid.com\/blog\/#website","url":"https:\/\/www.kobler-margreid.com\/blog\/","name":"weinhof KOBLER weblog","description":"dem wein ganz nah \u2013 all&#039;interno del vino","publisher":{"@id":"https:\/\/www.kobler-margreid.com\/blog\/#\/schema\/person\/6a2290c17f680f59c1fa7e1c7a36df3a"},"potentialAction":[{"@type":"SearchAction","target":{"@type":"EntryPoint","urlTemplate":"https:\/\/www.kobler-margreid.com\/blog\/?s={search_term_string}"},"query-input":{"@type":"PropertyValueSpecification","valueRequired":true,"valueName":"search_term_string"}}],"inLanguage":"de"},{"@type":["Person","Organization"],"@id":"https:\/\/www.kobler-margreid.com\/blog\/#\/schema\/person\/6a2290c17f680f59c1fa7e1c7a36df3a","name":"armin kobler","image":{"@type":"ImageObject","inLanguage":"de","@id":"https:\/\/www.kobler-margreid.com\/blog\/wp-content\/2023\/11\/2012-05-08_09-33-03a.jpg","url":"https:\/\/www.kobler-margreid.com\/blog\/wp-content\/2023\/11\/2012-05-08_09-33-03a.jpg","contentUrl":"https:\/\/www.kobler-margreid.com\/blog\/wp-content\/2023\/11\/2012-05-08_09-33-03a.jpg","width":1088,"height":1184,"caption":"armin kobler"},"logo":{"@id":"https:\/\/www.kobler-margreid.com\/blog\/wp-content\/2023\/11\/2012-05-08_09-33-03a.jpg"},"sameAs":["http:\/\/www.kobler-margreid.com","https:\/\/www.facebook.com\/armin.kobler\/"]},{"@type":"Person","@id":"https:\/\/www.kobler-margreid.com\/blog\/#\/schema\/person\/fcca96145437484793adb0529dc48706","name":"armin kobler","image":{"@type":"ImageObject","inLanguage":"de","@id":"https:\/\/secure.gravatar.com\/avatar\/7ed75d18f117c58598b89fcf3ec9fda3311f3fbda827ac1502944a0804d87b7f?s=96&d=mm&r=g","url":"https:\/\/secure.gravatar.com\/avatar\/7ed75d18f117c58598b89fcf3ec9fda3311f3fbda827ac1502944a0804d87b7f?s=96&d=mm&r=g","contentUrl":"https:\/\/secure.gravatar.com\/avatar\/7ed75d18f117c58598b89fcf3ec9fda3311f3fbda827ac1502944a0804d87b7f?s=96&d=mm&r=g","caption":"armin kobler"},"sameAs":["http:\/\/"],"url":"https:\/\/www.kobler-margreid.com\/blog\/blog\/author\/armin-kobler\/"}]}},"_links":{"self":[{"href":"https:\/\/www.kobler-margreid.com\/blog\/wp-json\/wp\/v2\/posts\/3282","targetHints":{"allow":["GET"]}}],"collection":[{"href":"https:\/\/www.kobler-margreid.com\/blog\/wp-json\/wp\/v2\/posts"}],"about":[{"href":"https:\/\/www.kobler-margreid.com\/blog\/wp-json\/wp\/v2\/types\/post"}],"author":[{"embeddable":true,"href":"https:\/\/www.kobler-margreid.com\/blog\/wp-json\/wp\/v2\/users\/6"}],"replies":[{"embeddable":true,"href":"https:\/\/www.kobler-margreid.com\/blog\/wp-json\/wp\/v2\/comments?post=3282"}],"version-history":[{"count":0,"href":"https:\/\/www.kobler-margreid.com\/blog\/wp-json\/wp\/v2\/posts\/3282\/revisions"}],"wp:attachment":[{"href":"https:\/\/www.kobler-margreid.com\/blog\/wp-json\/wp\/v2\/media?parent=3282"}],"wp:term":[{"taxonomy":"category","embeddable":true,"href":"https:\/\/www.kobler-margreid.com\/blog\/wp-json\/wp\/v2\/categories?post=3282"},{"taxonomy":"post_tag","embeddable":true,"href":"https:\/\/www.kobler-margreid.com\/blog\/wp-json\/wp\/v2\/tags?post=3282"}],"curies":[{"name":"wp","href":"https:\/\/api.w.org\/{rel}","templated":true}]}}