{"id":3313,"date":"2009-11-18T11:31:16","date_gmt":"2009-11-18T10:31:16","guid":{"rendered":"http:\/\/www.kobler-margreid.com\/blog\/?p=3313"},"modified":"2009-11-18T13:58:36","modified_gmt":"2009-11-18T12:58:36","slug":"in-der-andersartigkeit_nella-diversita","status":"publish","type":"post","link":"https:\/\/www.kobler-margreid.com\/blog\/blog\/2009\/11\/18\/in-der-andersartigkeit_nella-diversita\/","title":{"rendered":"In der Andersartigkeit hat alles Platz &#8211; Nella diversit\u00e0 ci sta tutto"},"content":{"rendered":"<p><a href=\"http:\/\/www.kobler-margreid.com\/blog\/wp-content\/2009\/11\/2009-11-17_17-12-26.jpg\" rel=\"lightbox[3313]\"><img loading=\"lazy\" decoding=\"async\" class=\"float left size-full wp-image-3312 alignleft\" style=\"border: 0pt none; margin: 0px 5px;\" title=\"2009-11-17_17-12-26\" src=\"http:\/\/www.kobler-margreid.com\/blog\/wp-content\/2009\/11\/2009-11-17_17-12-26.jpg\" alt=\"2009-11-17_17-12-26\" width=\"257\" height=\"480\" srcset=\"https:\/\/www.kobler-margreid.com\/blog\/wp-content\/2009\/11\/2009-11-17_17-12-26.jpg 429w, https:\/\/www.kobler-margreid.com\/blog\/wp-content\/2009\/11\/2009-11-17_17-12-26-160x300.jpg 160w\" sizes=\"auto, (max-width: 257px) 100vw, 257px\" \/><\/a>Zum dritten Mal bin ich inzwischen eingeladen worden, f\u00fcr das <a title=\"progetto ECCELLENZA\" href=\"http:\/\/www.trentinospa.info\/livello1\/istituzionale.aspx?ID=7695\" target=\"_blank\">Progetto Eccellenza<\/a> Weine zu kosten und zu bewerten. Wie in den <a title=\"weinhof KOBLER blog: Interessantes Weinpr\u00e4sentationskonzept im Trentino: Progetto ECCELLENZA\" href=\"http:\/\/www.kobler-margreid.com\/blog\/2008\/12\/12\/interessantes-weinprasentationskonzept-im-trentino-progetto-eccellenza\" target=\"_blank\">vorigen<\/a> Jahren galt es, jene Weine auszusuchen, mit denen sich das weinwirtschaftliche Trentino auf mehreren Pr\u00e4sentationen zeigen wird. Heuer wurden nur jene Sorten von uns bewertet, welche eher im Abseits des Medieninteresses stehen, aber trotzdem f\u00fcr die Identit\u00e4t dieser Weinregion von Wichtigkeit sind, und zwar Nosiola, M\u00fcller-Thurgau, Marzemino, Teroldego und Trentino DOC als Sekt. Leider hat man sich heuer hinsichtlich der anderen Weine g\u00e4nzlich auf die Urteile der f\u00fcnf in Italien f\u00fchrenden Weinf\u00fchrer verlassen. Ein m.E. unn\u00f6tiger und auch gef\u00e4hrlicher Kniefall vor diese diskutierten und diskutablen Publikationen.<\/p>\n<p><em>Per la terza volta sono stato invitato a degustare e valutare vini per il <a title=\"progetto ECCELLENZA\" href=\"http:\/\/www.trentinospa.info\/livello1\/istituzionale.aspx?ID=7695\" target=\"_blank\">Progetto Eccellenza<\/a>. Come nei due anni <a title=\"weinhof KOBLER blog: Interessantes Weinpr\u00e4sentationskonzept im Trentino: Progetto ECCELLENZA\" href=\"..\/2008\/12\/12\/interessantes-weinprasentationskonzept-im-trentino-progetto-eccellenza\" target=\"_blank\">precedenti<\/a> si trattava di scegliere quei vini con cui il Trentino enologico si presenter\u00e0 per un anno. Questa volta sono stati per\u00f2 giudicati da noi soltanto quei vitigni che di solito stanno al di fuori dell&#8217;interesse mediatico ma lo stesso sono importanti per l&#8217;identit\u00e0 di questa regione viticola e cio\u00e8 Nosiola, M\u00fcller-Thurgau, Marzemino, Teroldego e Trentino DOC come spumante. Purtroppo per i vitigni restanti ci si \u00e8 affidati completamente al giudizio delle cinque <\/em><em> pi\u00f9 importanti <\/em><em>guide italiane. Un&#8217;inginocchiamento secondo me inutile e pericoloso davanti a delle publicazioni discusse e discutibili.<\/em><\/p>\n<p><em><!--more--><span style=\"font-style: normal;\">Der Titel des Beitrages hat mit den bei dieser Gelegenheit verkosteten Weine eigentlich nichts zu tun, wurde aber am Rande der Veranstaltung von einem der Anwesenden, <a title=\"weinhof KOBLER blog: Wiedersehen auf der Bozner Weinkost\" href=\"http:\/\/www.kobler-margreid.com\/blog\/2008\/05\/21\/wiedersehen-auf-der-bozner-weinkost\" target=\"_blank\">Giorgio Grai<\/a>, get\u00e4tigt, und ist f\u00fcr mich im schon bezeichnend. Gegangen ist es in der Diskussion um jene Weine, die in bestimmten, wichtigen Kreisen sich\u00a0immer gr\u00f6\u00dferer Beliebtheit erfreuen, und zwar jene, welche vorzugsweise in archaischen Beh\u00e4ltern ausgebaut werden, nat\u00fcrlich ohne Schwefel aber mit viel Tannin und unfiltriert in die Flasche kommen. Weine, welche nat\u00fcrlich nicht von konventionell erzeugten Trauben stammen und denen man sich sehr oft nur wohlwollend n\u00e4hern kann, wenn man der sogenannten &#8222;Neuen Sensorik&#8220; aufgeschlossen gegen\u00fcbersteht. Als sich einer der Gespr\u00e4chspartner von den kritischen Argumenten Grais in die Engen getrieben sah, \u00fcbte er den Befreiungsschlag, in dem er sagte: &#8222;Diese Weine sind eben anders&#8220;. &#8222;Eben&#8220;, entegnete der Altmeister nicht ohne Genugtuung, &#8222;in der Andersartigkeit\u00a0hat alles Platz.&#8220; <\/span><\/em><\/p>\n<p><span style=\"font-style: normal;\"><em>Il titolo del post non ha niente a che fare con i vini di questa degustazione, per\u00f2 fu espresso da uno dei presenti, <\/em><a title=\"weinhof KOBLER blog: Wiedersehen auf der Bozner Weinkost\" href=\"http:\/\/www.kobler-margreid.com\/blog\/2008\/05\/21\/wiedersehen-auf-der-bozner-weinkost\" target=\"_blank\"><em>Giorgio Grai<\/em><\/a><em>, ed \u00e8 secondo me una frase significativa.\u00a0Si parlava di quella tipologia di vini, che da certi ambienti importanti viene sempre pi\u00f9 apprezzata e cio\u00e8 vini che fermentati preferibilmente in contenitori arcaici, vengono vinificati senza anidride solforosa ma con tanto tannino e finiscono in bottiglia senza filtrazione. Vini che derivano naturalmente non da uve prodotte in modo convenzionale e a cui ci si pu\u00f2 avvicinare benevolmente dal punto di vista organolettico solo se si \u00e8 aperti alla cos\u00ecdetta &#8222;nuova analisi sensoriale&#8220;. Nel momento che uno degli interlocutori si vide messo alle strette dall&#8217;argomentazione critica di Grai cercava di giustificare questi vino coll&#8217;esclamazione: &#8222;Ma sai, questi vini sono diversi.&#8220; &#8222;Appunto&#8220; rispose non senza soddisfazione il veterano enologico, &#8222;nel diverso ci sta tutto.&#8220;<\/em><\/span><\/p>\n<p style=\"text-align: center;\"><span style=\"font-style: normal;\"><em><a href=\"http:\/\/www.kobler-margreid.com\/blog\/wp-content\/2009\/11\/2009-11-17_10-15-56.jpg\" rel=\"lightbox[3313]\"><img loading=\"lazy\" decoding=\"async\" class=\"aligncenter size-full wp-image-3340\" style=\"border: 0pt none; margin: 0px;\" title=\"2009-11-17_10-15-56\" src=\"http:\/\/www.kobler-margreid.com\/blog\/wp-content\/2009\/11\/2009-11-17_10-15-56.jpg\" alt=\"2009-11-17_10-15-56\" width=\"498\" height=\"374\" srcset=\"https:\/\/www.kobler-margreid.com\/blog\/wp-content\/2009\/11\/2009-11-17_10-15-56.jpg 1024w, https:\/\/www.kobler-margreid.com\/blog\/wp-content\/2009\/11\/2009-11-17_10-15-56-300x225.jpg 300w\" sizes=\"auto, (max-width: 498px) 100vw, 498px\" \/><\/a><br \/>\n<\/em><\/span><\/p>\n<p>[Im Bild eines der Gem\u00e4lde von <a title=\"Webseite von Pietro Verdini\" href=\"http:\/\/www.verdinipietro.it\" target=\"_blank\">Pietro Verdini<\/a>, mit denen die Saalw\u00e4nde der Handelskammer Trient bemalt sind, darunter <a title=\"Enrico Paternoster\" href=\"http:\/\/www.winesurf.it\/index.php?file=onenews&amp;form_id_notizia=209\" target=\"_blank\">Enrico Paternoster<\/a>, der Kommissionspr\u00e4sident.<br \/>\nN<em>ell&#8217;immagine una delle pitture di <\/em><a title=\"Webseite von Pietro Verdini\" href=\"http:\/\/www.verdinipietro.it\" target=\"_blank\"><em>Pietro Verdini<\/em><\/a><em> che adornano la Camera di Commercio di Trento, sotto una foto con <a title=\"Enrico Paternoster\" href=\"http:\/\/www.winesurf.it\/index.php?file=onenews&amp;form_id_notizia=209\" target=\"_blank\">Enrico Paternoster<\/a><\/em><em>, il presidente della commissione d&#8217;assaggio.<\/em>]<\/p>\n","protected":false},"excerpt":{"rendered":"<p>Zum dritten Mal bin ich inzwischen eingeladen worden, f\u00fcr das Progetto Eccellenza Weine zu kosten und zu bewerten. Wie in den vorigen Jahren galt es, jene Weine auszusuchen, mit denen sich das weinwirtschaftliche Trentino auf mehreren Pr\u00e4sentationen zeigen wird. Heuer &hellip; <a href=\"https:\/\/www.kobler-margreid.com\/blog\/blog\/2009\/11\/18\/in-der-andersartigkeit_nella-diversita\/\">Weiterlesen <span class=\"meta-nav\">&rarr;<\/span><\/a><\/p>\n","protected":false},"author":6,"featured_media":0,"comment_status":"open","ping_status":"open","sticky":false,"template":"","format":"standard","meta":{"ngg_post_thumbnail":0,"footnotes":"","_links_to":"","_links_to_target":""},"categories":[16],"tags":[87,578,577,228],"class_list":["post-3313","post","type-post","status-publish","format-standard","hentry","category-weinkost","tag-giorgio-grai","tag-neue-sensorik","tag-pietro-verdini","tag-progetto-eccellenza"],"yoast_head":"<!-- This site is optimized with the Yoast SEO plugin v27.5 - https:\/\/yoast.com\/product\/yoast-seo-wordpress\/ -->\n<title>In der Andersartigkeit hat alles Platz - Nella diversit\u00e0 ci sta tutto - weinhof KOBLER weblog<\/title>\n<meta name=\"robots\" content=\"index, follow, max-snippet:-1, max-image-preview:large, max-video-preview:-1\" \/>\n<link rel=\"canonical\" href=\"https:\/\/www.kobler-margreid.com\/blog\/blog\/2009\/11\/18\/in-der-andersartigkeit_nella-diversita\/\" \/>\n<meta property=\"og:locale\" content=\"de_DE\" \/>\n<meta property=\"og:type\" content=\"article\" \/>\n<meta property=\"og:title\" content=\"In der Andersartigkeit hat alles Platz - Nella diversit\u00e0 ci sta tutto - weinhof KOBLER weblog\" \/>\n<meta property=\"og:description\" content=\"Zum dritten Mal bin ich inzwischen eingeladen worden, f\u00fcr das Progetto Eccellenza Weine zu kosten und zu bewerten. Wie in den vorigen Jahren galt es, jene Weine auszusuchen, mit denen sich das weinwirtschaftliche Trentino auf mehreren Pr\u00e4sentationen zeigen wird. Heuer &hellip; Weiterlesen &rarr;\" \/>\n<meta property=\"og:url\" content=\"https:\/\/www.kobler-margreid.com\/blog\/blog\/2009\/11\/18\/in-der-andersartigkeit_nella-diversita\/\" \/>\n<meta property=\"og:site_name\" content=\"weinhof KOBLER weblog\" \/>\n<meta property=\"article:publisher\" content=\"https:\/\/www.facebook.com\/armin.kobler\/\" \/>\n<meta property=\"article:published_time\" content=\"2009-11-18T10:31:16+00:00\" \/>\n<meta property=\"article:modified_time\" content=\"2009-11-18T12:58:36+00:00\" \/>\n<meta property=\"og:image\" content=\"http:\/\/www.kobler-margreid.com\/blog\/wp-content\/2009\/11\/2009-11-17_17-12-26.jpg\" \/>\n<meta name=\"author\" content=\"armin kobler\" \/>\n<meta name=\"twitter:card\" content=\"summary_large_image\" \/>\n<meta name=\"twitter:label1\" content=\"Verfasst von\" \/>\n\t<meta name=\"twitter:data1\" content=\"armin kobler\" \/>\n\t<meta name=\"twitter:label2\" content=\"Gesch\u00e4tzte Lesezeit\" \/>\n\t<meta name=\"twitter:data2\" content=\"3\u00a0Minuten\" \/>\n<script type=\"application\/ld+json\" class=\"yoast-schema-graph\">{\"@context\":\"https:\\\/\\\/schema.org\",\"@graph\":[{\"@type\":\"Article\",\"@id\":\"https:\\\/\\\/www.kobler-margreid.com\\\/blog\\\/blog\\\/2009\\\/11\\\/18\\\/in-der-andersartigkeit_nella-diversita\\\/#article\",\"isPartOf\":{\"@id\":\"https:\\\/\\\/www.kobler-margreid.com\\\/blog\\\/blog\\\/2009\\\/11\\\/18\\\/in-der-andersartigkeit_nella-diversita\\\/\"},\"author\":{\"name\":\"armin kobler\",\"@id\":\"https:\\\/\\\/www.kobler-margreid.com\\\/blog\\\/#\\\/schema\\\/person\\\/fcca96145437484793adb0529dc48706\"},\"headline\":\"In der Andersartigkeit hat alles Platz &#8211; Nella diversit\u00e0 ci sta tutto\",\"datePublished\":\"2009-11-18T10:31:16+00:00\",\"dateModified\":\"2009-11-18T12:58:36+00:00\",\"mainEntityOfPage\":{\"@id\":\"https:\\\/\\\/www.kobler-margreid.com\\\/blog\\\/blog\\\/2009\\\/11\\\/18\\\/in-der-andersartigkeit_nella-diversita\\\/\"},\"wordCount\":593,\"commentCount\":1,\"publisher\":{\"@id\":\"https:\\\/\\\/www.kobler-margreid.com\\\/blog\\\/#\\\/schema\\\/person\\\/6a2290c17f680f59c1fa7e1c7a36df3a\"},\"image\":{\"@id\":\"https:\\\/\\\/www.kobler-margreid.com\\\/blog\\\/blog\\\/2009\\\/11\\\/18\\\/in-der-andersartigkeit_nella-diversita\\\/#primaryimage\"},\"thumbnailUrl\":\"http:\\\/\\\/www.kobler-margreid.com\\\/blog\\\/wp-content\\\/2009\\\/11\\\/2009-11-17_17-12-26.jpg\",\"keywords\":[\"Giorgio Grai\",\"Neue Sensorik\",\"Pietro Verdini\",\"Progetto Eccellenza\"],\"articleSection\":[\"Weinkost - Degustazione\"],\"inLanguage\":\"de\",\"potentialAction\":[{\"@type\":\"CommentAction\",\"name\":\"Comment\",\"target\":[\"https:\\\/\\\/www.kobler-margreid.com\\\/blog\\\/blog\\\/2009\\\/11\\\/18\\\/in-der-andersartigkeit_nella-diversita\\\/#respond\"]}]},{\"@type\":\"WebPage\",\"@id\":\"https:\\\/\\\/www.kobler-margreid.com\\\/blog\\\/blog\\\/2009\\\/11\\\/18\\\/in-der-andersartigkeit_nella-diversita\\\/\",\"url\":\"https:\\\/\\\/www.kobler-margreid.com\\\/blog\\\/blog\\\/2009\\\/11\\\/18\\\/in-der-andersartigkeit_nella-diversita\\\/\",\"name\":\"In der Andersartigkeit hat alles Platz - Nella diversit\u00e0 ci sta tutto - weinhof KOBLER weblog\",\"isPartOf\":{\"@id\":\"https:\\\/\\\/www.kobler-margreid.com\\\/blog\\\/#website\"},\"primaryImageOfPage\":{\"@id\":\"https:\\\/\\\/www.kobler-margreid.com\\\/blog\\\/blog\\\/2009\\\/11\\\/18\\\/in-der-andersartigkeit_nella-diversita\\\/#primaryimage\"},\"image\":{\"@id\":\"https:\\\/\\\/www.kobler-margreid.com\\\/blog\\\/blog\\\/2009\\\/11\\\/18\\\/in-der-andersartigkeit_nella-diversita\\\/#primaryimage\"},\"thumbnailUrl\":\"http:\\\/\\\/www.kobler-margreid.com\\\/blog\\\/wp-content\\\/2009\\\/11\\\/2009-11-17_17-12-26.jpg\",\"datePublished\":\"2009-11-18T10:31:16+00:00\",\"dateModified\":\"2009-11-18T12:58:36+00:00\",\"breadcrumb\":{\"@id\":\"https:\\\/\\\/www.kobler-margreid.com\\\/blog\\\/blog\\\/2009\\\/11\\\/18\\\/in-der-andersartigkeit_nella-diversita\\\/#breadcrumb\"},\"inLanguage\":\"de\",\"potentialAction\":[{\"@type\":\"ReadAction\",\"target\":[\"https:\\\/\\\/www.kobler-margreid.com\\\/blog\\\/blog\\\/2009\\\/11\\\/18\\\/in-der-andersartigkeit_nella-diversita\\\/\"]}]},{\"@type\":\"ImageObject\",\"inLanguage\":\"de\",\"@id\":\"https:\\\/\\\/www.kobler-margreid.com\\\/blog\\\/blog\\\/2009\\\/11\\\/18\\\/in-der-andersartigkeit_nella-diversita\\\/#primaryimage\",\"url\":\"http:\\\/\\\/www.kobler-margreid.com\\\/blog\\\/wp-content\\\/2009\\\/11\\\/2009-11-17_17-12-26.jpg\",\"contentUrl\":\"http:\\\/\\\/www.kobler-margreid.com\\\/blog\\\/wp-content\\\/2009\\\/11\\\/2009-11-17_17-12-26.jpg\"},{\"@type\":\"BreadcrumbList\",\"@id\":\"https:\\\/\\\/www.kobler-margreid.com\\\/blog\\\/blog\\\/2009\\\/11\\\/18\\\/in-der-andersartigkeit_nella-diversita\\\/#breadcrumb\",\"itemListElement\":[{\"@type\":\"ListItem\",\"position\":1,\"name\":\"Startseite\",\"item\":\"https:\\\/\\\/www.kobler-margreid.com\\\/blog\\\/\"},{\"@type\":\"ListItem\",\"position\":2,\"name\":\"In der Andersartigkeit hat alles Platz &#8211; Nella diversit\u00e0 ci sta tutto\"}]},{\"@type\":\"WebSite\",\"@id\":\"https:\\\/\\\/www.kobler-margreid.com\\\/blog\\\/#website\",\"url\":\"https:\\\/\\\/www.kobler-margreid.com\\\/blog\\\/\",\"name\":\"weinhof KOBLER weblog\",\"description\":\"dem wein ganz nah \u2013 all&#039;interno del vino\",\"publisher\":{\"@id\":\"https:\\\/\\\/www.kobler-margreid.com\\\/blog\\\/#\\\/schema\\\/person\\\/6a2290c17f680f59c1fa7e1c7a36df3a\"},\"potentialAction\":[{\"@type\":\"SearchAction\",\"target\":{\"@type\":\"EntryPoint\",\"urlTemplate\":\"https:\\\/\\\/www.kobler-margreid.com\\\/blog\\\/?s={search_term_string}\"},\"query-input\":{\"@type\":\"PropertyValueSpecification\",\"valueRequired\":true,\"valueName\":\"search_term_string\"}}],\"inLanguage\":\"de\"},{\"@type\":[\"Person\",\"Organization\"],\"@id\":\"https:\\\/\\\/www.kobler-margreid.com\\\/blog\\\/#\\\/schema\\\/person\\\/6a2290c17f680f59c1fa7e1c7a36df3a\",\"name\":\"armin kobler\",\"image\":{\"@type\":\"ImageObject\",\"inLanguage\":\"de\",\"@id\":\"https:\\\/\\\/www.kobler-margreid.com\\\/blog\\\/wp-content\\\/2023\\\/11\\\/2012-05-08_09-33-03a.jpg\",\"url\":\"https:\\\/\\\/www.kobler-margreid.com\\\/blog\\\/wp-content\\\/2023\\\/11\\\/2012-05-08_09-33-03a.jpg\",\"contentUrl\":\"https:\\\/\\\/www.kobler-margreid.com\\\/blog\\\/wp-content\\\/2023\\\/11\\\/2012-05-08_09-33-03a.jpg\",\"width\":1088,\"height\":1184,\"caption\":\"armin kobler\"},\"logo\":{\"@id\":\"https:\\\/\\\/www.kobler-margreid.com\\\/blog\\\/wp-content\\\/2023\\\/11\\\/2012-05-08_09-33-03a.jpg\"},\"sameAs\":[\"http:\\\/\\\/www.kobler-margreid.com\",\"https:\\\/\\\/www.facebook.com\\\/armin.kobler\\\/\"]},{\"@type\":\"Person\",\"@id\":\"https:\\\/\\\/www.kobler-margreid.com\\\/blog\\\/#\\\/schema\\\/person\\\/fcca96145437484793adb0529dc48706\",\"name\":\"armin kobler\",\"image\":{\"@type\":\"ImageObject\",\"inLanguage\":\"de\",\"@id\":\"https:\\\/\\\/secure.gravatar.com\\\/avatar\\\/7ed75d18f117c58598b89fcf3ec9fda3311f3fbda827ac1502944a0804d87b7f?s=96&d=mm&r=g\",\"url\":\"https:\\\/\\\/secure.gravatar.com\\\/avatar\\\/7ed75d18f117c58598b89fcf3ec9fda3311f3fbda827ac1502944a0804d87b7f?s=96&d=mm&r=g\",\"contentUrl\":\"https:\\\/\\\/secure.gravatar.com\\\/avatar\\\/7ed75d18f117c58598b89fcf3ec9fda3311f3fbda827ac1502944a0804d87b7f?s=96&d=mm&r=g\",\"caption\":\"armin kobler\"},\"sameAs\":[\"http:\\\/\\\/\"],\"url\":\"https:\\\/\\\/www.kobler-margreid.com\\\/blog\\\/blog\\\/author\\\/armin-kobler\\\/\"}]}<\/script>\n<!-- \/ Yoast SEO plugin. -->","yoast_head_json":{"title":"In der Andersartigkeit hat alles Platz - Nella diversit\u00e0 ci sta tutto - weinhof KOBLER weblog","robots":{"index":"index","follow":"follow","max-snippet":"max-snippet:-1","max-image-preview":"max-image-preview:large","max-video-preview":"max-video-preview:-1"},"canonical":"https:\/\/www.kobler-margreid.com\/blog\/blog\/2009\/11\/18\/in-der-andersartigkeit_nella-diversita\/","og_locale":"de_DE","og_type":"article","og_title":"In der Andersartigkeit hat alles Platz - Nella diversit\u00e0 ci sta tutto - weinhof KOBLER weblog","og_description":"Zum dritten Mal bin ich inzwischen eingeladen worden, f\u00fcr das Progetto Eccellenza Weine zu kosten und zu bewerten. Wie in den vorigen Jahren galt es, jene Weine auszusuchen, mit denen sich das weinwirtschaftliche Trentino auf mehreren Pr\u00e4sentationen zeigen wird. Heuer &hellip; Weiterlesen &rarr;","og_url":"https:\/\/www.kobler-margreid.com\/blog\/blog\/2009\/11\/18\/in-der-andersartigkeit_nella-diversita\/","og_site_name":"weinhof KOBLER weblog","article_publisher":"https:\/\/www.facebook.com\/armin.kobler\/","article_published_time":"2009-11-18T10:31:16+00:00","article_modified_time":"2009-11-18T12:58:36+00:00","og_image":[{"url":"http:\/\/www.kobler-margreid.com\/blog\/wp-content\/2009\/11\/2009-11-17_17-12-26.jpg","type":"","width":"","height":""}],"author":"armin kobler","twitter_card":"summary_large_image","twitter_misc":{"Verfasst von":"armin kobler","Gesch\u00e4tzte Lesezeit":"3\u00a0Minuten"},"schema":{"@context":"https:\/\/schema.org","@graph":[{"@type":"Article","@id":"https:\/\/www.kobler-margreid.com\/blog\/blog\/2009\/11\/18\/in-der-andersartigkeit_nella-diversita\/#article","isPartOf":{"@id":"https:\/\/www.kobler-margreid.com\/blog\/blog\/2009\/11\/18\/in-der-andersartigkeit_nella-diversita\/"},"author":{"name":"armin kobler","@id":"https:\/\/www.kobler-margreid.com\/blog\/#\/schema\/person\/fcca96145437484793adb0529dc48706"},"headline":"In der Andersartigkeit hat alles Platz &#8211; Nella diversit\u00e0 ci sta tutto","datePublished":"2009-11-18T10:31:16+00:00","dateModified":"2009-11-18T12:58:36+00:00","mainEntityOfPage":{"@id":"https:\/\/www.kobler-margreid.com\/blog\/blog\/2009\/11\/18\/in-der-andersartigkeit_nella-diversita\/"},"wordCount":593,"commentCount":1,"publisher":{"@id":"https:\/\/www.kobler-margreid.com\/blog\/#\/schema\/person\/6a2290c17f680f59c1fa7e1c7a36df3a"},"image":{"@id":"https:\/\/www.kobler-margreid.com\/blog\/blog\/2009\/11\/18\/in-der-andersartigkeit_nella-diversita\/#primaryimage"},"thumbnailUrl":"http:\/\/www.kobler-margreid.com\/blog\/wp-content\/2009\/11\/2009-11-17_17-12-26.jpg","keywords":["Giorgio Grai","Neue Sensorik","Pietro Verdini","Progetto Eccellenza"],"articleSection":["Weinkost - Degustazione"],"inLanguage":"de","potentialAction":[{"@type":"CommentAction","name":"Comment","target":["https:\/\/www.kobler-margreid.com\/blog\/blog\/2009\/11\/18\/in-der-andersartigkeit_nella-diversita\/#respond"]}]},{"@type":"WebPage","@id":"https:\/\/www.kobler-margreid.com\/blog\/blog\/2009\/11\/18\/in-der-andersartigkeit_nella-diversita\/","url":"https:\/\/www.kobler-margreid.com\/blog\/blog\/2009\/11\/18\/in-der-andersartigkeit_nella-diversita\/","name":"In der Andersartigkeit hat alles Platz - Nella diversit\u00e0 ci sta tutto - weinhof KOBLER weblog","isPartOf":{"@id":"https:\/\/www.kobler-margreid.com\/blog\/#website"},"primaryImageOfPage":{"@id":"https:\/\/www.kobler-margreid.com\/blog\/blog\/2009\/11\/18\/in-der-andersartigkeit_nella-diversita\/#primaryimage"},"image":{"@id":"https:\/\/www.kobler-margreid.com\/blog\/blog\/2009\/11\/18\/in-der-andersartigkeit_nella-diversita\/#primaryimage"},"thumbnailUrl":"http:\/\/www.kobler-margreid.com\/blog\/wp-content\/2009\/11\/2009-11-17_17-12-26.jpg","datePublished":"2009-11-18T10:31:16+00:00","dateModified":"2009-11-18T12:58:36+00:00","breadcrumb":{"@id":"https:\/\/www.kobler-margreid.com\/blog\/blog\/2009\/11\/18\/in-der-andersartigkeit_nella-diversita\/#breadcrumb"},"inLanguage":"de","potentialAction":[{"@type":"ReadAction","target":["https:\/\/www.kobler-margreid.com\/blog\/blog\/2009\/11\/18\/in-der-andersartigkeit_nella-diversita\/"]}]},{"@type":"ImageObject","inLanguage":"de","@id":"https:\/\/www.kobler-margreid.com\/blog\/blog\/2009\/11\/18\/in-der-andersartigkeit_nella-diversita\/#primaryimage","url":"http:\/\/www.kobler-margreid.com\/blog\/wp-content\/2009\/11\/2009-11-17_17-12-26.jpg","contentUrl":"http:\/\/www.kobler-margreid.com\/blog\/wp-content\/2009\/11\/2009-11-17_17-12-26.jpg"},{"@type":"BreadcrumbList","@id":"https:\/\/www.kobler-margreid.com\/blog\/blog\/2009\/11\/18\/in-der-andersartigkeit_nella-diversita\/#breadcrumb","itemListElement":[{"@type":"ListItem","position":1,"name":"Startseite","item":"https:\/\/www.kobler-margreid.com\/blog\/"},{"@type":"ListItem","position":2,"name":"In der Andersartigkeit hat alles Platz &#8211; Nella diversit\u00e0 ci sta tutto"}]},{"@type":"WebSite","@id":"https:\/\/www.kobler-margreid.com\/blog\/#website","url":"https:\/\/www.kobler-margreid.com\/blog\/","name":"weinhof KOBLER weblog","description":"dem wein ganz nah \u2013 all&#039;interno del vino","publisher":{"@id":"https:\/\/www.kobler-margreid.com\/blog\/#\/schema\/person\/6a2290c17f680f59c1fa7e1c7a36df3a"},"potentialAction":[{"@type":"SearchAction","target":{"@type":"EntryPoint","urlTemplate":"https:\/\/www.kobler-margreid.com\/blog\/?s={search_term_string}"},"query-input":{"@type":"PropertyValueSpecification","valueRequired":true,"valueName":"search_term_string"}}],"inLanguage":"de"},{"@type":["Person","Organization"],"@id":"https:\/\/www.kobler-margreid.com\/blog\/#\/schema\/person\/6a2290c17f680f59c1fa7e1c7a36df3a","name":"armin kobler","image":{"@type":"ImageObject","inLanguage":"de","@id":"https:\/\/www.kobler-margreid.com\/blog\/wp-content\/2023\/11\/2012-05-08_09-33-03a.jpg","url":"https:\/\/www.kobler-margreid.com\/blog\/wp-content\/2023\/11\/2012-05-08_09-33-03a.jpg","contentUrl":"https:\/\/www.kobler-margreid.com\/blog\/wp-content\/2023\/11\/2012-05-08_09-33-03a.jpg","width":1088,"height":1184,"caption":"armin kobler"},"logo":{"@id":"https:\/\/www.kobler-margreid.com\/blog\/wp-content\/2023\/11\/2012-05-08_09-33-03a.jpg"},"sameAs":["http:\/\/www.kobler-margreid.com","https:\/\/www.facebook.com\/armin.kobler\/"]},{"@type":"Person","@id":"https:\/\/www.kobler-margreid.com\/blog\/#\/schema\/person\/fcca96145437484793adb0529dc48706","name":"armin kobler","image":{"@type":"ImageObject","inLanguage":"de","@id":"https:\/\/secure.gravatar.com\/avatar\/7ed75d18f117c58598b89fcf3ec9fda3311f3fbda827ac1502944a0804d87b7f?s=96&d=mm&r=g","url":"https:\/\/secure.gravatar.com\/avatar\/7ed75d18f117c58598b89fcf3ec9fda3311f3fbda827ac1502944a0804d87b7f?s=96&d=mm&r=g","contentUrl":"https:\/\/secure.gravatar.com\/avatar\/7ed75d18f117c58598b89fcf3ec9fda3311f3fbda827ac1502944a0804d87b7f?s=96&d=mm&r=g","caption":"armin kobler"},"sameAs":["http:\/\/"],"url":"https:\/\/www.kobler-margreid.com\/blog\/blog\/author\/armin-kobler\/"}]}},"_links":{"self":[{"href":"https:\/\/www.kobler-margreid.com\/blog\/wp-json\/wp\/v2\/posts\/3313","targetHints":{"allow":["GET"]}}],"collection":[{"href":"https:\/\/www.kobler-margreid.com\/blog\/wp-json\/wp\/v2\/posts"}],"about":[{"href":"https:\/\/www.kobler-margreid.com\/blog\/wp-json\/wp\/v2\/types\/post"}],"author":[{"embeddable":true,"href":"https:\/\/www.kobler-margreid.com\/blog\/wp-json\/wp\/v2\/users\/6"}],"replies":[{"embeddable":true,"href":"https:\/\/www.kobler-margreid.com\/blog\/wp-json\/wp\/v2\/comments?post=3313"}],"version-history":[{"count":0,"href":"https:\/\/www.kobler-margreid.com\/blog\/wp-json\/wp\/v2\/posts\/3313\/revisions"}],"wp:attachment":[{"href":"https:\/\/www.kobler-margreid.com\/blog\/wp-json\/wp\/v2\/media?parent=3313"}],"wp:term":[{"taxonomy":"category","embeddable":true,"href":"https:\/\/www.kobler-margreid.com\/blog\/wp-json\/wp\/v2\/categories?post=3313"},{"taxonomy":"post_tag","embeddable":true,"href":"https:\/\/www.kobler-margreid.com\/blog\/wp-json\/wp\/v2\/tags?post=3313"}],"curies":[{"name":"wp","href":"https:\/\/api.w.org\/{rel}","templated":true}]}}