{"id":3525,"date":"2010-01-01T21:41:29","date_gmt":"2010-01-01T20:41:29","guid":{"rendered":"http:\/\/www.kobler-margreid.com\/blog\/?p=3525"},"modified":"2010-01-02T17:31:59","modified_gmt":"2010-01-02T16:31:59","slug":"meistkommentierten-beitragei_post-piu-commentati","status":"publish","type":"post","link":"https:\/\/www.kobler-margreid.com\/blog\/blog\/2010\/01\/01\/meistkommentierten-beitragei_post-piu-commentati\/","title":{"rendered":"weinhof KOBLER weblog: Die meistkommentierten Beitr\u00e4ge 2009 \u2014 I post pi\u00f9 commentati 2009"},"content":{"rendered":"<p><a href=\"http:\/\/www.kobler-margreid.com\/blog\/wp-content\/2010\/01\/4stats_08_09.jpg\" rel=\"lightbox[3525]\"><img loading=\"lazy\" decoding=\"async\" class=\"size-full wp-image-3527  alignnone\" style=\"border: 0pt none; margin: 0px 0px;\" title=\"4stats_08_09\" src=\"http:\/\/www.kobler-margreid.com\/blog\/wp-content\/2010\/01\/4stats_08_09.jpg\" alt=\"\" width=\"521\" height=\"236\" srcset=\"https:\/\/www.kobler-margreid.com\/blog\/wp-content\/2010\/01\/4stats_08_09.jpg 724w, https:\/\/www.kobler-margreid.com\/blog\/wp-content\/2010\/01\/4stats_08_09-300x135.jpg 300w\" sizes=\"auto, (max-width: 521px) 100vw, 521px\" \/><\/a><\/p>\n<p><a href=\"http:\/\/www.kobler-margreid.com\/blog\/wp-content\/2010\/01\/4stats_08_09.jpg\" rel=\"lightbox[3525]\"><\/a>Angeregt vom Freund und gro\u00dfen, unerreichbaren Blogger <a title=\"Ariside: Aristide, le 10 Storie Top del 2009\" href=\"http:\/\/www.aristide.biz\/2009\/12\/top-stories-del-2009.html\" target=\"_blank\">Aristide<\/a>, habe ich mir erlaubt, den gesch\u00e4tzten Leserinnen und Lesern, die mir hoffentlich auch im neuen Jahr die Treue halten, eine kurze Blogretrospektive zu bieten. Da mein (kostenloses) Statistikprogramm keine Jahreshitliste liefert, habe ich die am h\u00e4ufigsten kommentierten Beitr\u00e4ge aufgelistet. Es h\u00e4tten eigentlich nur zehn sein sollen, aber es hat ein paar zu viele mit der gleichen Anzahl an Antworten gegeben.<\/p>\n<p>Gute Lekt\u00fcre und alles Gute f\u00fcr das gerade begonnene Jahr 2010!<\/p>\n<p><em>Ispirato dall&#8217;amico nonch\u00e8 irragiungibile blogger <a title=\"Ariside: Aristide, le 10 Storie Top del 2009\" href=\"http:\/\/www.aristide.biz\/2009\/12\/top-stories-del-2009.html\" target=\"_blank\">Aristide<\/a>, mi sono permesso di riproporre alle lettrici ed ai lettori, che spero mi resteranno fedeli anche nel nuovo anno, una breve retrospettiva di questo blog. Siccome il mio programma (gratuito) di statistica non d\u00e0 un riassunto annuale ho elencato i contributi pi\u00f9 commentati. Avrebbero dovuto essere solo dieci, ma alla fine ce n&#8217;erano di pi\u00f9 in quanto alcuni avevano lo stesso numero di risposte.<\/em><\/p>\n<p><em>Buona lettura e tanti auguri per il nuovo anno appena cominciato!<\/em><\/p>\n<p><span style=\"color: #000000;\"><span style=\"text-decoration: none;\"><strong><a title=\"Permanent Link: I\u2019m changing\" rel=\"bookmark\" href=\"http:\/\/www.kobler-margreid.com\/blog\/2009\/08\/21\/im-changing\/\">I\u2019m changing<\/a><\/strong><\/span><\/span><\/p>\n<p><span style=\"color: #000000;\"><span style=\"text-decoration: none;\"><strong><a title=\"Permanent Link: I\u2019m changing\" rel=\"bookmark\" href=\"http:\/\/www.kobler-margreid.com\/blog\/2009\/08\/21\/im-changing\/\"><\/a><a title=\"Permanent Link: Merry X-Mas\" rel=\"bookmark\" href=\"http:\/\/www.kobler-margreid.com\/blog\/2009\/12\/23\/merry-x-mas\/\">Merry X-Mas<\/a><\/strong><\/span><\/span><\/p>\n<p><span style=\"color: #000000;\"><span style=\"text-decoration: none;\"><strong><a title=\"Permanent Link: Zeit der Reife \u2013 Epoca di maturazione\" rel=\"bookmark\" href=\"http:\/\/www.kobler-margreid.com\/blog\/2009\/09\/03\/zeit-der-reife-epoca-di-maturazione\/\">Zeit der Reife \u2013 Epoca di maturazione<\/a><\/strong><\/span><\/span><\/p>\n<p><span style=\"color: #000000;\"><span style=\"text-decoration: none;\"><strong><a title=\"Permanent Link: Riesling, Pinot noir, Merlot &amp; Cabernet\" rel=\"bookmark\" href=\"http:\/\/www.kobler-margreid.com\/blog\/2009\/12\/20\/riesling-pinotnoir-merlot-cabernet\/\">Riesling, Pinot noir, Merlot &amp; Cabernet<\/a><\/strong><\/span><\/span><\/p>\n<p><span style=\"color: #000000;\"><span style=\"text-decoration: none;\"><strong><a title=\"Permanent Link: H\u00e4sslicher Gew\u00fcrztraminer \u2014 Gew\u00fcrztraminer ripugnante\" rel=\"bookmark\" href=\"http:\/\/www.kobler-margreid.com\/blog\/2009\/09\/27\/haesslicher-gewuerztraminer-gewuerztraminer-ripugnante\/\">H\u00e4sslicher Gew\u00fcrztraminer \u2014 Gew\u00fcrztraminer ripugnante<\/a><\/strong><\/span><\/span><\/p>\n<p><span style=\"color: #000000;\"><span style=\"text-decoration: none;\"><strong><a title=\"Permanent Link: Ich sage nichts \u2014 io me ne sto zitto\" rel=\"bookmark\" href=\"http:\/\/www.kobler-margreid.com\/blog\/2009\/09\/19\/ich-sage-nichts-%e2%80%94-io-me-ne-sto-zitto\/\">Ich sage nichts \u2014 io me ne sto zitto<\/a><\/strong><\/span><\/span><\/p>\n<p><span style=\"color: #000000;\"><span style=\"text-decoration: none;\"><strong><a title=\"Permanent Link: Vinitaly 09 5. Tag \u2013 5\u00b0 giorno: Crisis? What Crisis?\" rel=\"bookmark\" href=\"http:\/\/www.kobler-margreid.com\/blog\/2009\/04\/06\/vinitaly-09-5-tag-5%c2%b0-giorno-crisis-what-crisis\/\">Vinitaly 09 5. Tag \u2013 5\u00b0 giorno: Crisis? What Crisis?<\/a><\/strong><\/span><\/span><\/p>\n<p><span style=\"color: #000000;\"><span style=\"text-decoration: none;\"><strong><a title=\"Permanent Link: Vinitaly 09 4. Tag \u2013 4\u00b0 giorno: L\u2019indiscutibile gusto italiano\" rel=\"bookmark\" href=\"http:\/\/www.kobler-margreid.com\/blog\/2009\/04\/06\/vinitaly-09-4-tag-4%c2%b0-giorno-lindiscutibile-gusto-italiano\/\">Vinitaly 09 4. Tag \u2013 4\u00b0 giorno: L\u2019indiscutibile gusto italiano<\/a><\/strong><\/span><\/span><\/p>\n<p><span style=\"color: #000000;\"><span style=\"text-decoration: none;\"><strong><a title=\"Permanent Link: Vinitaly 09 2.Tag: Auch das geh\u00f6rt dazu \u2013 Vinitaly 09 2\u00b0 giorno: Anche questo ci sta\" rel=\"bookmark\" href=\"http:\/\/www.kobler-margreid.com\/blog\/2009\/04\/04\/vinitaly-09-2tag-auch-das-gehort-dazu-vinitaly-09-2%c2%b0-giorno-anche-questo-ci-sta\/\">Vinitaly 09 2. Tag: Auch das geh\u00f6rt dazu \u2013 Vinitaly 09 2\u00b0 giorno: Anche questo ci sta<\/a><\/strong><\/span><\/span><\/p>\n<p><span style=\"color: #000000;\"><span style=\"text-decoration: none;\"><strong><a title=\"Permanent Link: Vinitaly 09 1.Tag: Regen und Minirock \u2013 Vinitaly 09 1\u00b0 giorno: Pioggia e minigonna\" rel=\"bookmark\" href=\"http:\/\/www.kobler-margreid.com\/blog\/2009\/04\/02\/vinitaly-09-1tag-regen-und-minirock-vinitaly-09-1%c2%b0-giorno-pioggia-e-minigonna\/\">Vinitaly 09 1<\/a><a title=\"Permanent Link: Vinitaly 09 1.Tag: Regen und Minirock \u2013 Vinitaly 09 1\u00b0 giorno: Pioggia e minigonna\" rel=\"bookmark\" href=\"http:\/\/www.kobler-margreid.com\/blog\/2009\/04\/02\/vinitaly-09-1tag-regen-und-minirock-vinitaly-09-1%c2%b0-giorno-pioggia-e-minigonna\/\">. Tag: Regen und Minirock \u2013 Vinitaly 09 1\u00b0 giorno: Pioggia e minigonna<\/a><\/strong><\/span><\/span><\/p>\n<p><span style=\"color: #000000;\"><span style=\"text-decoration: none;\"><strong><a title=\"Permanent Link: Unterwegs zur Vinitaly 2009- In strada per il Vinitaly 2009\" rel=\"bookmark\" href=\"http:\/\/www.kobler-margreid.com\/blog\/2009\/03\/20\/unterwegs-zur-vinitaly-in-strada-per-il-vinitaly\/\">Unterwegs zur Vinitaly 2009 &#8211; In strada per il Vinitaly <\/a><a title=\"Permanent Link: Unterwegs zur Vinitaly 2009- In strada per il Vinitaly 2009\" rel=\"bookmark\" href=\"http:\/\/www.kobler-margreid.com\/blog\/2009\/03\/20\/unterwegs-zur-vinitaly-in-strada-per-il-vinitaly\/\">2009<\/a><\/strong><\/span><\/span><\/p>\n<p><span style=\"color: #000000;\"><span style=\"text-decoration: none;\"><strong><a title=\"Permanent Link: Heute bin ich still, versprochen (2) \u2013 Oggi non parler\u00f2, promesso (2)\" rel=\"bookmark\" href=\"http:\/\/www.kobler-margreid.com\/blog\/2009\/03\/01\/still-2-non-parlero-2\/\">Heute bin ich still, versprochen (2) \u2013 Oggi non parler\u00f2, promesso (2)<\/a><\/strong><\/span><\/span><\/p>\n<p><span style=\"color: #000000;\"><span style=\"text-decoration: none;\"><strong><a title=\"Permanent Link: Was kann einem Weinbauern und Urbanistikreferenten besseres passieren? \u2013 Cosa pu\u00f2 succedere di meglio ad un vignaiolo ed assessore all\u2019urbanistica?\" rel=\"bookmark\" href=\"http:\/\/www.kobler-margreid.com\/blog\/2009\/02\/23\/weinbauern-urbanistikreferenten-vignaiolo-assessore-all-urbanisitica\/\">Was kann einem Weinbauern und Urbanistikreferenten besseres passieren? \u2013 Cosa pu\u00f2 succedere di meglio ad un vignaiolo ed assessore all\u2019urbanistica?<\/a><\/strong><\/span><\/span><\/p>\n<p><span style=\"color: #000000;\"><span style=\"text-decoration: none;\"><strong><br \/>\n<\/strong><\/span><\/span><\/p>\n<p><!--more--><\/p>\n<p>Was die Zugriffe insgesamt angeht, erweiterte sich die Leserschaft, auf das ganze Webangebot des weinhof KOBLER bezogen, auch heuer wieder. Im Schnitt des Jahres konnte die Zugriffszahlen gegen\u00fcber 2008 fast verdoppelt werden. Neben der hoffentlich gestiegenen Bekanntheit der Weine und damit des Betriebes wird sicherlich die in diesem Jahr eingef\u00fchrte Zweisprachigkeit des Blogs eine der Hauptursachen sein. Nat\u00fcrlich sind das Zugriffszahlen, welche den etablierten Betriebsbloggern nicht einmal ein m\u00fcdes L\u00e4cheln hervorlocken. Anders w\u00fcrde die Sache aber ausschauen, da bin ich mir ziemlich sicher, wenn man die Anzahl der Besucher mit den produzierten Flaschen in Bezug bringen w\u00fcrde.<\/p>\n<p><em>Per quanto concerne gli accessi, la schiera dei lettori si \u00e8 allargata anche l&#8217;anno scorso, sempre guardando tutta la proposta web di weinhof KOBLER. Nella media dell&#8217;anno il numero si \u00e8 quasi raddoppiato confrontando i dati col 2008. La causa sar\u00e0 da attribuire principalmente alla, speriamo, pi\u00f9 diffusa conoscenza dei vini e di conseguenza dell&#8217;azienda ma anche alla bilinguit\u00e0 del blog introdotta nel 2009. Naturalmente questi numeri di accesso sono pi\u00f9 che ridicoli per i blogger aziendali arrivati, ma diversamente sarebbe il risultato, e di ci\u00f2 sono molto convinto, se si metterebbe il numero di accessi in relazione col numero di bottiglie prodotte.<\/em><\/p>\n","protected":false},"excerpt":{"rendered":"<p>Angeregt vom Freund und gro\u00dfen, unerreichbaren Blogger Aristide, habe ich mir erlaubt, den gesch\u00e4tzten Leserinnen und Lesern, die mir hoffentlich auch im neuen Jahr die Treue halten, eine kurze Blogretrospektive zu bieten. Da mein (kostenloses) Statistikprogramm keine Jahreshitliste liefert, habe &hellip; <a href=\"https:\/\/www.kobler-margreid.com\/blog\/blog\/2010\/01\/01\/meistkommentierten-beitragei_post-piu-commentati\/\">Weiterlesen <span class=\"meta-nav\">&rarr;<\/span><\/a><\/p>\n","protected":false},"author":6,"featured_media":0,"comment_status":"open","ping_status":"open","sticky":false,"template":"","format":"standard","meta":{"ngg_post_thumbnail":0,"footnotes":"","_links_to":"","_links_to_target":""},"categories":[209],"tags":[627,628,626,629,590],"class_list":["post-3525","post","type-post","status-publish","format-standard","hentry","category-internet","tag-beitrage","tag-commenti","tag-kommentare","tag-post","tag-weinblog"],"yoast_head":"<!-- This site is optimized with the Yoast SEO plugin v27.5 - https:\/\/yoast.com\/product\/yoast-seo-wordpress\/ -->\n<title>weinhof KOBLER weblog: Die meistkommentierten Beitr\u00e4ge 2009 \u2014 I post pi\u00f9 commentati 2009 - weinhof KOBLER weblog<\/title>\n<meta name=\"robots\" content=\"index, follow, max-snippet:-1, max-image-preview:large, max-video-preview:-1\" \/>\n<link rel=\"canonical\" href=\"https:\/\/www.kobler-margreid.com\/blog\/blog\/2010\/01\/01\/meistkommentierten-beitragei_post-piu-commentati\/\" \/>\n<meta property=\"og:locale\" content=\"de_DE\" \/>\n<meta property=\"og:type\" content=\"article\" \/>\n<meta property=\"og:title\" content=\"weinhof KOBLER weblog: Die meistkommentierten Beitr\u00e4ge 2009 \u2014 I post pi\u00f9 commentati 2009 - weinhof KOBLER weblog\" \/>\n<meta property=\"og:description\" content=\"Angeregt vom Freund und gro\u00dfen, unerreichbaren Blogger Aristide, habe ich mir erlaubt, den gesch\u00e4tzten Leserinnen und Lesern, die mir hoffentlich auch im neuen Jahr die Treue halten, eine kurze Blogretrospektive zu bieten. Da mein (kostenloses) Statistikprogramm keine Jahreshitliste liefert, habe &hellip; Weiterlesen &rarr;\" \/>\n<meta property=\"og:url\" content=\"https:\/\/www.kobler-margreid.com\/blog\/blog\/2010\/01\/01\/meistkommentierten-beitragei_post-piu-commentati\/\" \/>\n<meta property=\"og:site_name\" content=\"weinhof KOBLER weblog\" \/>\n<meta property=\"article:publisher\" content=\"https:\/\/www.facebook.com\/armin.kobler\/\" \/>\n<meta property=\"article:published_time\" content=\"2010-01-01T20:41:29+00:00\" \/>\n<meta property=\"article:modified_time\" content=\"2010-01-02T16:31:59+00:00\" \/>\n<meta property=\"og:image\" content=\"http:\/\/www.kobler-margreid.com\/blog\/wp-content\/2010\/01\/4stats_08_09.jpg\" \/>\n<meta name=\"author\" content=\"armin kobler\" \/>\n<meta name=\"twitter:card\" content=\"summary_large_image\" \/>\n<meta name=\"twitter:label1\" content=\"Verfasst von\" \/>\n\t<meta name=\"twitter:data1\" content=\"armin kobler\" \/>\n\t<meta name=\"twitter:label2\" content=\"Gesch\u00e4tzte Lesezeit\" \/>\n\t<meta name=\"twitter:data2\" content=\"2\u00a0Minuten\" \/>\n<script type=\"application\/ld+json\" class=\"yoast-schema-graph\">{\"@context\":\"https:\\\/\\\/schema.org\",\"@graph\":[{\"@type\":\"Article\",\"@id\":\"https:\\\/\\\/www.kobler-margreid.com\\\/blog\\\/blog\\\/2010\\\/01\\\/01\\\/meistkommentierten-beitragei_post-piu-commentati\\\/#article\",\"isPartOf\":{\"@id\":\"https:\\\/\\\/www.kobler-margreid.com\\\/blog\\\/blog\\\/2010\\\/01\\\/01\\\/meistkommentierten-beitragei_post-piu-commentati\\\/\"},\"author\":{\"name\":\"armin kobler\",\"@id\":\"https:\\\/\\\/www.kobler-margreid.com\\\/blog\\\/#\\\/schema\\\/person\\\/fcca96145437484793adb0529dc48706\"},\"headline\":\"weinhof KOBLER weblog: Die meistkommentierten Beitr\u00e4ge 2009 \u2014 I post pi\u00f9 commentati 2009\",\"datePublished\":\"2010-01-01T20:41:29+00:00\",\"dateModified\":\"2010-01-02T16:31:59+00:00\",\"mainEntityOfPage\":{\"@id\":\"https:\\\/\\\/www.kobler-margreid.com\\\/blog\\\/blog\\\/2010\\\/01\\\/01\\\/meistkommentierten-beitragei_post-piu-commentati\\\/\"},\"wordCount\":485,\"commentCount\":4,\"publisher\":{\"@id\":\"https:\\\/\\\/www.kobler-margreid.com\\\/blog\\\/#\\\/schema\\\/person\\\/6a2290c17f680f59c1fa7e1c7a36df3a\"},\"image\":{\"@id\":\"https:\\\/\\\/www.kobler-margreid.com\\\/blog\\\/blog\\\/2010\\\/01\\\/01\\\/meistkommentierten-beitragei_post-piu-commentati\\\/#primaryimage\"},\"thumbnailUrl\":\"http:\\\/\\\/www.kobler-margreid.com\\\/blog\\\/wp-content\\\/2010\\\/01\\\/4stats_08_09.jpg\",\"keywords\":[\"Beitr\u00e4ge\",\"Commenti\",\"Kommentare\",\"Post\",\"Weinblog\"],\"articleSection\":[\"Internet\"],\"inLanguage\":\"de\",\"potentialAction\":[{\"@type\":\"CommentAction\",\"name\":\"Comment\",\"target\":[\"https:\\\/\\\/www.kobler-margreid.com\\\/blog\\\/blog\\\/2010\\\/01\\\/01\\\/meistkommentierten-beitragei_post-piu-commentati\\\/#respond\"]}]},{\"@type\":\"WebPage\",\"@id\":\"https:\\\/\\\/www.kobler-margreid.com\\\/blog\\\/blog\\\/2010\\\/01\\\/01\\\/meistkommentierten-beitragei_post-piu-commentati\\\/\",\"url\":\"https:\\\/\\\/www.kobler-margreid.com\\\/blog\\\/blog\\\/2010\\\/01\\\/01\\\/meistkommentierten-beitragei_post-piu-commentati\\\/\",\"name\":\"weinhof KOBLER weblog: Die meistkommentierten Beitr\u00e4ge 2009 \u2014 I post pi\u00f9 commentati 2009 - weinhof KOBLER weblog\",\"isPartOf\":{\"@id\":\"https:\\\/\\\/www.kobler-margreid.com\\\/blog\\\/#website\"},\"primaryImageOfPage\":{\"@id\":\"https:\\\/\\\/www.kobler-margreid.com\\\/blog\\\/blog\\\/2010\\\/01\\\/01\\\/meistkommentierten-beitragei_post-piu-commentati\\\/#primaryimage\"},\"image\":{\"@id\":\"https:\\\/\\\/www.kobler-margreid.com\\\/blog\\\/blog\\\/2010\\\/01\\\/01\\\/meistkommentierten-beitragei_post-piu-commentati\\\/#primaryimage\"},\"thumbnailUrl\":\"http:\\\/\\\/www.kobler-margreid.com\\\/blog\\\/wp-content\\\/2010\\\/01\\\/4stats_08_09.jpg\",\"datePublished\":\"2010-01-01T20:41:29+00:00\",\"dateModified\":\"2010-01-02T16:31:59+00:00\",\"breadcrumb\":{\"@id\":\"https:\\\/\\\/www.kobler-margreid.com\\\/blog\\\/blog\\\/2010\\\/01\\\/01\\\/meistkommentierten-beitragei_post-piu-commentati\\\/#breadcrumb\"},\"inLanguage\":\"de\",\"potentialAction\":[{\"@type\":\"ReadAction\",\"target\":[\"https:\\\/\\\/www.kobler-margreid.com\\\/blog\\\/blog\\\/2010\\\/01\\\/01\\\/meistkommentierten-beitragei_post-piu-commentati\\\/\"]}]},{\"@type\":\"ImageObject\",\"inLanguage\":\"de\",\"@id\":\"https:\\\/\\\/www.kobler-margreid.com\\\/blog\\\/blog\\\/2010\\\/01\\\/01\\\/meistkommentierten-beitragei_post-piu-commentati\\\/#primaryimage\",\"url\":\"http:\\\/\\\/www.kobler-margreid.com\\\/blog\\\/wp-content\\\/2010\\\/01\\\/4stats_08_09.jpg\",\"contentUrl\":\"http:\\\/\\\/www.kobler-margreid.com\\\/blog\\\/wp-content\\\/2010\\\/01\\\/4stats_08_09.jpg\"},{\"@type\":\"BreadcrumbList\",\"@id\":\"https:\\\/\\\/www.kobler-margreid.com\\\/blog\\\/blog\\\/2010\\\/01\\\/01\\\/meistkommentierten-beitragei_post-piu-commentati\\\/#breadcrumb\",\"itemListElement\":[{\"@type\":\"ListItem\",\"position\":1,\"name\":\"Startseite\",\"item\":\"https:\\\/\\\/www.kobler-margreid.com\\\/blog\\\/\"},{\"@type\":\"ListItem\",\"position\":2,\"name\":\"weinhof KOBLER weblog: Die meistkommentierten Beitr\u00e4ge 2009 \u2014 I post pi\u00f9 commentati 2009\"}]},{\"@type\":\"WebSite\",\"@id\":\"https:\\\/\\\/www.kobler-margreid.com\\\/blog\\\/#website\",\"url\":\"https:\\\/\\\/www.kobler-margreid.com\\\/blog\\\/\",\"name\":\"weinhof KOBLER weblog\",\"description\":\"dem wein ganz nah \u2013 all&#039;interno del vino\",\"publisher\":{\"@id\":\"https:\\\/\\\/www.kobler-margreid.com\\\/blog\\\/#\\\/schema\\\/person\\\/6a2290c17f680f59c1fa7e1c7a36df3a\"},\"potentialAction\":[{\"@type\":\"SearchAction\",\"target\":{\"@type\":\"EntryPoint\",\"urlTemplate\":\"https:\\\/\\\/www.kobler-margreid.com\\\/blog\\\/?s={search_term_string}\"},\"query-input\":{\"@type\":\"PropertyValueSpecification\",\"valueRequired\":true,\"valueName\":\"search_term_string\"}}],\"inLanguage\":\"de\"},{\"@type\":[\"Person\",\"Organization\"],\"@id\":\"https:\\\/\\\/www.kobler-margreid.com\\\/blog\\\/#\\\/schema\\\/person\\\/6a2290c17f680f59c1fa7e1c7a36df3a\",\"name\":\"armin kobler\",\"image\":{\"@type\":\"ImageObject\",\"inLanguage\":\"de\",\"@id\":\"https:\\\/\\\/www.kobler-margreid.com\\\/blog\\\/wp-content\\\/2023\\\/11\\\/2012-05-08_09-33-03a.jpg\",\"url\":\"https:\\\/\\\/www.kobler-margreid.com\\\/blog\\\/wp-content\\\/2023\\\/11\\\/2012-05-08_09-33-03a.jpg\",\"contentUrl\":\"https:\\\/\\\/www.kobler-margreid.com\\\/blog\\\/wp-content\\\/2023\\\/11\\\/2012-05-08_09-33-03a.jpg\",\"width\":1088,\"height\":1184,\"caption\":\"armin kobler\"},\"logo\":{\"@id\":\"https:\\\/\\\/www.kobler-margreid.com\\\/blog\\\/wp-content\\\/2023\\\/11\\\/2012-05-08_09-33-03a.jpg\"},\"sameAs\":[\"http:\\\/\\\/www.kobler-margreid.com\",\"https:\\\/\\\/www.facebook.com\\\/armin.kobler\\\/\"]},{\"@type\":\"Person\",\"@id\":\"https:\\\/\\\/www.kobler-margreid.com\\\/blog\\\/#\\\/schema\\\/person\\\/fcca96145437484793adb0529dc48706\",\"name\":\"armin kobler\",\"image\":{\"@type\":\"ImageObject\",\"inLanguage\":\"de\",\"@id\":\"https:\\\/\\\/secure.gravatar.com\\\/avatar\\\/7ed75d18f117c58598b89fcf3ec9fda3311f3fbda827ac1502944a0804d87b7f?s=96&d=mm&r=g\",\"url\":\"https:\\\/\\\/secure.gravatar.com\\\/avatar\\\/7ed75d18f117c58598b89fcf3ec9fda3311f3fbda827ac1502944a0804d87b7f?s=96&d=mm&r=g\",\"contentUrl\":\"https:\\\/\\\/secure.gravatar.com\\\/avatar\\\/7ed75d18f117c58598b89fcf3ec9fda3311f3fbda827ac1502944a0804d87b7f?s=96&d=mm&r=g\",\"caption\":\"armin kobler\"},\"sameAs\":[\"http:\\\/\\\/\"],\"url\":\"https:\\\/\\\/www.kobler-margreid.com\\\/blog\\\/blog\\\/author\\\/armin-kobler\\\/\"}]}<\/script>\n<!-- \/ Yoast SEO plugin. -->","yoast_head_json":{"title":"weinhof KOBLER weblog: Die meistkommentierten Beitr\u00e4ge 2009 \u2014 I post pi\u00f9 commentati 2009 - weinhof KOBLER weblog","robots":{"index":"index","follow":"follow","max-snippet":"max-snippet:-1","max-image-preview":"max-image-preview:large","max-video-preview":"max-video-preview:-1"},"canonical":"https:\/\/www.kobler-margreid.com\/blog\/blog\/2010\/01\/01\/meistkommentierten-beitragei_post-piu-commentati\/","og_locale":"de_DE","og_type":"article","og_title":"weinhof KOBLER weblog: Die meistkommentierten Beitr\u00e4ge 2009 \u2014 I post pi\u00f9 commentati 2009 - weinhof KOBLER weblog","og_description":"Angeregt vom Freund und gro\u00dfen, unerreichbaren Blogger Aristide, habe ich mir erlaubt, den gesch\u00e4tzten Leserinnen und Lesern, die mir hoffentlich auch im neuen Jahr die Treue halten, eine kurze Blogretrospektive zu bieten. Da mein (kostenloses) Statistikprogramm keine Jahreshitliste liefert, habe &hellip; Weiterlesen &rarr;","og_url":"https:\/\/www.kobler-margreid.com\/blog\/blog\/2010\/01\/01\/meistkommentierten-beitragei_post-piu-commentati\/","og_site_name":"weinhof KOBLER weblog","article_publisher":"https:\/\/www.facebook.com\/armin.kobler\/","article_published_time":"2010-01-01T20:41:29+00:00","article_modified_time":"2010-01-02T16:31:59+00:00","og_image":[{"url":"http:\/\/www.kobler-margreid.com\/blog\/wp-content\/2010\/01\/4stats_08_09.jpg","type":"","width":"","height":""}],"author":"armin kobler","twitter_card":"summary_large_image","twitter_misc":{"Verfasst von":"armin kobler","Gesch\u00e4tzte Lesezeit":"2\u00a0Minuten"},"schema":{"@context":"https:\/\/schema.org","@graph":[{"@type":"Article","@id":"https:\/\/www.kobler-margreid.com\/blog\/blog\/2010\/01\/01\/meistkommentierten-beitragei_post-piu-commentati\/#article","isPartOf":{"@id":"https:\/\/www.kobler-margreid.com\/blog\/blog\/2010\/01\/01\/meistkommentierten-beitragei_post-piu-commentati\/"},"author":{"name":"armin kobler","@id":"https:\/\/www.kobler-margreid.com\/blog\/#\/schema\/person\/fcca96145437484793adb0529dc48706"},"headline":"weinhof KOBLER weblog: Die meistkommentierten Beitr\u00e4ge 2009 \u2014 I post pi\u00f9 commentati 2009","datePublished":"2010-01-01T20:41:29+00:00","dateModified":"2010-01-02T16:31:59+00:00","mainEntityOfPage":{"@id":"https:\/\/www.kobler-margreid.com\/blog\/blog\/2010\/01\/01\/meistkommentierten-beitragei_post-piu-commentati\/"},"wordCount":485,"commentCount":4,"publisher":{"@id":"https:\/\/www.kobler-margreid.com\/blog\/#\/schema\/person\/6a2290c17f680f59c1fa7e1c7a36df3a"},"image":{"@id":"https:\/\/www.kobler-margreid.com\/blog\/blog\/2010\/01\/01\/meistkommentierten-beitragei_post-piu-commentati\/#primaryimage"},"thumbnailUrl":"http:\/\/www.kobler-margreid.com\/blog\/wp-content\/2010\/01\/4stats_08_09.jpg","keywords":["Beitr\u00e4ge","Commenti","Kommentare","Post","Weinblog"],"articleSection":["Internet"],"inLanguage":"de","potentialAction":[{"@type":"CommentAction","name":"Comment","target":["https:\/\/www.kobler-margreid.com\/blog\/blog\/2010\/01\/01\/meistkommentierten-beitragei_post-piu-commentati\/#respond"]}]},{"@type":"WebPage","@id":"https:\/\/www.kobler-margreid.com\/blog\/blog\/2010\/01\/01\/meistkommentierten-beitragei_post-piu-commentati\/","url":"https:\/\/www.kobler-margreid.com\/blog\/blog\/2010\/01\/01\/meistkommentierten-beitragei_post-piu-commentati\/","name":"weinhof KOBLER weblog: Die meistkommentierten Beitr\u00e4ge 2009 \u2014 I post pi\u00f9 commentati 2009 - weinhof KOBLER weblog","isPartOf":{"@id":"https:\/\/www.kobler-margreid.com\/blog\/#website"},"primaryImageOfPage":{"@id":"https:\/\/www.kobler-margreid.com\/blog\/blog\/2010\/01\/01\/meistkommentierten-beitragei_post-piu-commentati\/#primaryimage"},"image":{"@id":"https:\/\/www.kobler-margreid.com\/blog\/blog\/2010\/01\/01\/meistkommentierten-beitragei_post-piu-commentati\/#primaryimage"},"thumbnailUrl":"http:\/\/www.kobler-margreid.com\/blog\/wp-content\/2010\/01\/4stats_08_09.jpg","datePublished":"2010-01-01T20:41:29+00:00","dateModified":"2010-01-02T16:31:59+00:00","breadcrumb":{"@id":"https:\/\/www.kobler-margreid.com\/blog\/blog\/2010\/01\/01\/meistkommentierten-beitragei_post-piu-commentati\/#breadcrumb"},"inLanguage":"de","potentialAction":[{"@type":"ReadAction","target":["https:\/\/www.kobler-margreid.com\/blog\/blog\/2010\/01\/01\/meistkommentierten-beitragei_post-piu-commentati\/"]}]},{"@type":"ImageObject","inLanguage":"de","@id":"https:\/\/www.kobler-margreid.com\/blog\/blog\/2010\/01\/01\/meistkommentierten-beitragei_post-piu-commentati\/#primaryimage","url":"http:\/\/www.kobler-margreid.com\/blog\/wp-content\/2010\/01\/4stats_08_09.jpg","contentUrl":"http:\/\/www.kobler-margreid.com\/blog\/wp-content\/2010\/01\/4stats_08_09.jpg"},{"@type":"BreadcrumbList","@id":"https:\/\/www.kobler-margreid.com\/blog\/blog\/2010\/01\/01\/meistkommentierten-beitragei_post-piu-commentati\/#breadcrumb","itemListElement":[{"@type":"ListItem","position":1,"name":"Startseite","item":"https:\/\/www.kobler-margreid.com\/blog\/"},{"@type":"ListItem","position":2,"name":"weinhof KOBLER weblog: Die meistkommentierten Beitr\u00e4ge 2009 \u2014 I post pi\u00f9 commentati 2009"}]},{"@type":"WebSite","@id":"https:\/\/www.kobler-margreid.com\/blog\/#website","url":"https:\/\/www.kobler-margreid.com\/blog\/","name":"weinhof KOBLER weblog","description":"dem wein ganz nah \u2013 all&#039;interno del vino","publisher":{"@id":"https:\/\/www.kobler-margreid.com\/blog\/#\/schema\/person\/6a2290c17f680f59c1fa7e1c7a36df3a"},"potentialAction":[{"@type":"SearchAction","target":{"@type":"EntryPoint","urlTemplate":"https:\/\/www.kobler-margreid.com\/blog\/?s={search_term_string}"},"query-input":{"@type":"PropertyValueSpecification","valueRequired":true,"valueName":"search_term_string"}}],"inLanguage":"de"},{"@type":["Person","Organization"],"@id":"https:\/\/www.kobler-margreid.com\/blog\/#\/schema\/person\/6a2290c17f680f59c1fa7e1c7a36df3a","name":"armin kobler","image":{"@type":"ImageObject","inLanguage":"de","@id":"https:\/\/www.kobler-margreid.com\/blog\/wp-content\/2023\/11\/2012-05-08_09-33-03a.jpg","url":"https:\/\/www.kobler-margreid.com\/blog\/wp-content\/2023\/11\/2012-05-08_09-33-03a.jpg","contentUrl":"https:\/\/www.kobler-margreid.com\/blog\/wp-content\/2023\/11\/2012-05-08_09-33-03a.jpg","width":1088,"height":1184,"caption":"armin kobler"},"logo":{"@id":"https:\/\/www.kobler-margreid.com\/blog\/wp-content\/2023\/11\/2012-05-08_09-33-03a.jpg"},"sameAs":["http:\/\/www.kobler-margreid.com","https:\/\/www.facebook.com\/armin.kobler\/"]},{"@type":"Person","@id":"https:\/\/www.kobler-margreid.com\/blog\/#\/schema\/person\/fcca96145437484793adb0529dc48706","name":"armin kobler","image":{"@type":"ImageObject","inLanguage":"de","@id":"https:\/\/secure.gravatar.com\/avatar\/7ed75d18f117c58598b89fcf3ec9fda3311f3fbda827ac1502944a0804d87b7f?s=96&d=mm&r=g","url":"https:\/\/secure.gravatar.com\/avatar\/7ed75d18f117c58598b89fcf3ec9fda3311f3fbda827ac1502944a0804d87b7f?s=96&d=mm&r=g","contentUrl":"https:\/\/secure.gravatar.com\/avatar\/7ed75d18f117c58598b89fcf3ec9fda3311f3fbda827ac1502944a0804d87b7f?s=96&d=mm&r=g","caption":"armin kobler"},"sameAs":["http:\/\/"],"url":"https:\/\/www.kobler-margreid.com\/blog\/blog\/author\/armin-kobler\/"}]}},"_links":{"self":[{"href":"https:\/\/www.kobler-margreid.com\/blog\/wp-json\/wp\/v2\/posts\/3525","targetHints":{"allow":["GET"]}}],"collection":[{"href":"https:\/\/www.kobler-margreid.com\/blog\/wp-json\/wp\/v2\/posts"}],"about":[{"href":"https:\/\/www.kobler-margreid.com\/blog\/wp-json\/wp\/v2\/types\/post"}],"author":[{"embeddable":true,"href":"https:\/\/www.kobler-margreid.com\/blog\/wp-json\/wp\/v2\/users\/6"}],"replies":[{"embeddable":true,"href":"https:\/\/www.kobler-margreid.com\/blog\/wp-json\/wp\/v2\/comments?post=3525"}],"version-history":[{"count":0,"href":"https:\/\/www.kobler-margreid.com\/blog\/wp-json\/wp\/v2\/posts\/3525\/revisions"}],"wp:attachment":[{"href":"https:\/\/www.kobler-margreid.com\/blog\/wp-json\/wp\/v2\/media?parent=3525"}],"wp:term":[{"taxonomy":"category","embeddable":true,"href":"https:\/\/www.kobler-margreid.com\/blog\/wp-json\/wp\/v2\/categories?post=3525"},{"taxonomy":"post_tag","embeddable":true,"href":"https:\/\/www.kobler-margreid.com\/blog\/wp-json\/wp\/v2\/tags?post=3525"}],"curies":[{"name":"wp","href":"https:\/\/api.w.org\/{rel}","templated":true}]}}