{"id":3634,"date":"2010-01-23T19:42:58","date_gmt":"2010-01-23T18:42:58","guid":{"rendered":"http:\/\/www.kobler-margreid.com\/blog\/?p=3634"},"modified":"2010-01-31T18:21:38","modified_gmt":"2010-01-31T17:21:38","slug":"in-zuerich_a-zurigo","status":"publish","type":"post","link":"https:\/\/www.kobler-margreid.com\/blog\/blog\/2010\/01\/23\/in-zuerich_a-zurigo\/","title":{"rendered":"Und  wieder in Z\u00fcrich \u2014 E di nuovo a Zurigo"},"content":{"rendered":"<p style=\"text-align: center;\">\n<p style=\"text-align: center;\"><a href=\"http:\/\/www.kobler-margreid.com\/blog\/wp-content\/2010\/01\/2010-01-18_13-30-24.jpg\" rel=\"lightbox[3634]\"><img loading=\"lazy\" decoding=\"async\" class=\"aligncenter size-full wp-image-3633\" style=\"border: 0pt none; margin: 0px 5px;\" title=\"2010-01-18_12-44-55\" src=\"http:\/\/www.kobler-margreid.com\/blog\/wp-content\/2010\/01\/2010-01-18_12-44-55.jpg\" alt=\"\" width=\"491\" height=\"340\" srcset=\"https:\/\/www.kobler-margreid.com\/blog\/wp-content\/2010\/01\/2010-01-18_12-44-55.jpg 1024w, https:\/\/www.kobler-margreid.com\/blog\/wp-content\/2010\/01\/2010-01-18_12-44-55-300x207.jpg 300w\" sizes=\"auto, (max-width: 491px) 100vw, 491px\" \/><\/a><\/p>\n<p style=\"text-align: center;\">\n<p style=\"text-align: left;\">Momentan geht es Schlag auf Schlag mit den Weinpr\u00e4sentationen: Am vorigen Freitag und Samstag war ich in Peschiera am Gardasee. Dort wurde der neue Katalog des Verteilers\u00a0<a title=\"Proposta Vini\" href=\"http:\/\/www.propostavini.com\" target=\"_blank\">Proposta Vini<\/a>, welcher meine Weine in ganz Italien au\u00dfer S\u00fcdtirol exklusiv anbietet, vorgestellt. Gleichzeitig k\u00f6nnen die ca. 90 Handelsvertreter die dort angef\u00fchrten Weine kosten und die Produzenten kennenlernen oder wiedersehen. Alles lief \u00e4hnlich wie <a title=\"weinhof KOBLER weblog: Proposta Vini 2009 \u2013 Treffen mit den Handelsvertretern\" href=\"http:\/\/www.kobler-margreid.com\/blog\/2009\/01\/25\/proposta-vini-2009-treffen-mit-den-handelsvertretern\/\" target=\"_blank\">voriges<\/a> Jahr ab, mit dem Unterschied, dass nur mehr einige, die zuerst angemeldeten Produzenten, ausstellen durften, damit in der begrenzten Zeit auch mehr oder weniger alle Weine verkostet werden konnten.<\/p>\n<p style=\"text-align: left;\"><em>Al<\/em><em> momento non c&#8217;\u00e8 sosta a proposito di presentazioni: venerd\u00ec e sabato scorso ero a Peschiera del Garda. L\u00ec \u00e8 stato presentato il nuovo catalogo del mio distributore <\/em><a title=\"Proposta Vini\" href=\"http:\/\/www.propostavini.com\" target=\"_blank\"><em>Proposta Vini<\/em><\/a><em>, che vende i miei vini in esclusiva in tutta l&#8217;Italia, tranne in Sudtirolo. Nello stesso momento tutti i circa 90 agenti hanno l&#8217;occasione di degustare i vini proposti e di conoscere o rivedere i fornitori. Tutto si \u00e8 svolto come <\/em><a title=\"weinhof KOBLER weblog: Proposta Vini 2009 \u2013 Treffen mit den Handelsvertretern\" href=\"http:\/\/www.kobler-margreid.com\/blog\/2009\/01\/25\/proposta-vini-2009-treffen-mit-den-handelsvertretern\/\" target=\"_blank\"><em>l&#8217;anno scorso<\/em><\/a><em> con l&#8217;eccezzione che solo una parte dei produttori, i primi a rispondere, potevano partecipare, in modo che nel tempo limitato pi\u00f9 o meno tutti i vini potevano essere degustati.<\/em><\/p>\n<p style=\"text-align: left;\"><em><!--more--><\/em><\/p>\n<p style=\"text-align: left;\">Montags darauf war <a title=\"FWS in Z\u00fcrich 2010\" href=\"http:\/\/www.fws.it\/termine-img\/2010-01-18_Degustation-Zuerich-Flyer.pdf\" target=\"_blank\">Z\u00fcrich<\/a> dran, wo sich die Freien Weinbauern S\u00fcdtirol (<a title=\"Freie Weinbauern S\u00fcdtirol\" href=\"http:\/\/www.fws.it\" target=\"_blank\">FWS<\/a>) im Papiersaal der Sihlcity dem Kostpublikum stellten. Meine Beobachtungen und Eindr\u00fccke waren \u00e4hnlich wie bei der <a title=\"weinhof KOBLER weblog: FWS-Pr\u00e4sentation Z\u00fcrich: Zwischenbericht\" href=\"http:\/\/\" target=\"_blank\">vorigen<\/a> Ausstellung, welche ebendort 2007 stattgefunden hat. Ob sich im Gegensatz zu vor etwas mehr als zwei Jahren diesmal etwas hinsichtlich Importeueren ergibt, werden die n\u00e4chsten Wochen zeigen. Froh und auch etwas stolz bin ich \u00fcber einen neuen, prestigetr\u00e4chtigen Kunden, den ich bei der Gelegenheit beliefern konnte: Josef Wimmer, r\u00fchriger P\u00e4chter des zentral gelegenen\u00a0<a title=\"Zunfthaus zur Waag\" href=\"http:\/\/www.zunfthaus-zur-waag.ch\/index.htm\" target=\"_blank\">Zunfthaus zur Waag<\/a>, welchen ich eben vor zwei\u00a0Jahren dort kennengelernt habe und der sich seinerzeit hier im Blog Gedanken \u00fcber eine effektive Marketingpolitik gemacht hat, hat mich auf seine <a title=\"Weinkarte Zunfthaus zur Waag\" href=\"http:\/\/www.zunfthaus-zur-waag.ch\/pdf\/Weinkarteaktuell_012.pdf\">Weinkarte<\/a> getan. Wie man sehen kann, sind unsere Weine dort in wahrlich bester Gesellschaft.<\/p>\n<p style=\"text-align: left;\"><em>Il luned\u00ec dopo ero a <\/em><a title=\"FWS in Z\u00fcrich 2010\" href=\"http:\/\/www.fws.it\/termine-img\/2010-01-18_Degustation-Zuerich-Flyer.pdf\" target=\"_blank\"><em>Zurigo<\/em><\/a><em> dove un gruppo di Vignaioli dell&#8217;Alto Adige (<\/em><a title=\"Freie Weinbauern S\u00fcdtirol\" href=\"http:\/\/www.fws.it\" target=\"_blank\"><em>FWS<\/em><\/a><em>) si sono presentati al pubblico nel Papiersaal della Sihlcity. Le mie impressioni ed osservazioni erano simili all&#8217;esposizione <\/em><a title=\"weinhof KOBLER weblog: FWS-Pr\u00e4sentation Z\u00fcrich: Zwischenbericht\" href=\"http:\/\/\" target=\"_blank\"><em>precedente<\/em><\/a><em>, che si \u00e8 svolta nella stessa citt\u00e0 nel 2007. Vediamo se contrariamente ad allora si riesce a fare qualcosa con degli importatori, le prossime settimane lo dimostreranno. Contento ed anche un po&#8216; fiero sono del fatto che all&#8217;occasione ho potuto fornire del vino ad un nuovo cliente prestigioso: Josef Wimmer, attivissimo ristoratore dello\u00a0<a title=\"Zunfthaus zur Waag\" href=\"http:\/\/www.zunfthaus-zur-waag.ch\/index.htm\" target=\"_blank\">Zunfthaus zur Waag<\/a>, che ho conosciuto due anni fa, mi ha messo sulla sua <a title=\"Weinkarte Zunfthaus zur Waag\" href=\"http:\/\/www.zunfthaus-zur-waag.ch\/pdf\/Weinkarteaktuell_012.pdf\">carta dei vini<\/a>. Come si pu\u00f2 vedere i nostri vini l\u00ec\u00a0sono \u00a0in ottima compagnia.<\/em><\/p>\n<p style=\"text-align: left;\"><em>ngg_shortcode_0_placeholder<\/em><\/p>\n<p style=\"text-align: left;\">Die R\u00fcckkehr \u00fcber Vorarlberg mit dem Besuch einiger potentieller Kunden war mit wenigen Ausnahmen \u2014 wie erwartet \u00fcbrigens \u2014 sehr ern\u00fcchternd. Aber wer es nicht versucht, hat von Anfang an verloren und Trends k\u00f6nnen sich auch \u00e4ndern. Fragt sich nur wann&#8230;<\/p>\n<p style=\"text-align: left;\"><em>Il ritorno attraverso le regioni austriache del Vorarlberg e del Tirolo del Nord con visite presso possibili clienti era, a parte qualche rara eccezzione, come me lo aspettavo, tutt&#8217;altro che entusiasmante. Ma chi non ci prova ha gi\u00e0 perso in partenza e tendenze si possono anche invertire. Solo che non si s\u00e0 quando&#8230;<\/em><\/p>\n<p style=\"text-align: left;\">\n<p style=\"text-align: left;\">\n<p style=\"text-align: left;\">Morgen geht es hingegen nach <a title=\"EOS Bruessel 2010\" href=\"http:\/\/pl13659.macbay.de\/Invitation_AltoAdigeWorkshopBrussels.pdf\" target=\"_blank\">Br\u00fcssel<\/a>, wo wieder, diesmal von der <em>Export Organisation S\u00fcdtirol <\/em>(<a title=\"EOS\" href=\"http:\/\/www.eos-export.org\/\" target=\"_blank\">EOS<\/a>) organisiert, S\u00fcdtiroler Betriebe ausstellen. Am Heimweg, Dienstag und Mittwoch, werde ich mich mit vier Weinh\u00e4ndlern im Ruhrgebiet und im Frankfurter Raum treffen. Vielleicht gelingt es mir diesmal, eine stabile Verbindung nach Deutschland und, warum auch nicht, nach Belgien aufzubauen.<\/p>\n<p style=\"text-align: left;\"><em>Domani invece si parte per <\/em><a title=\"EOS Bruessel 2010\" href=\"http:\/\/pl13659.macbay.de\/Invitation_AltoAdigeWorkshopBrussels.pdf\" target=\"_blank\"><em>Bruxelles<\/em><\/a><em>, dove mi attende il luned\u00ec un&#8217;altra presentazione di produttori sudtirolesi, questa volta organizzata dall&#8216;<\/em>Organizzazione Export Alto Adige della Camera di Commercio di Bolzano<em> (<\/em><a title=\"EOS\" href=\"http:\/\/www.eos-export.org\/\" target=\"_blank\"><em>EOS<\/em><\/a><em>). Sulla strada del ritorno, il marted\u00ec e mercoled\u00ec, incontrer\u00f2 quattro commercianti di vino nel Ruhrgebiet ed a Francoforte. Forse riesco stavolta ad instaurare un rapporto stabile con la Germania e, perch\u00e8 no, col Belgio.<\/em><\/p>\n<p style=\"text-align: left;\">\n","protected":false},"excerpt":{"rendered":"<p>Momentan geht es Schlag auf Schlag mit den Weinpr\u00e4sentationen: Am vorigen Freitag und Samstag war ich in Peschiera am Gardasee. Dort wurde der neue Katalog des Verteilers\u00a0Proposta Vini, welcher meine Weine in ganz Italien au\u00dfer S\u00fcdtirol exklusiv anbietet, vorgestellt. Gleichzeitig &hellip; <a href=\"https:\/\/www.kobler-margreid.com\/blog\/blog\/2010\/01\/23\/in-zuerich_a-zurigo\/\">Weiterlesen <span class=\"meta-nav\">&rarr;<\/span><\/a><\/p>\n","protected":false},"author":6,"featured_media":0,"comment_status":"open","ping_status":"open","sticky":false,"template":"","format":"standard","meta":{"ngg_post_thumbnail":0,"footnotes":"","_links_to":"","_links_to_target":""},"categories":[9,111,114],"tags":[642,643,641,206,190,644],"class_list":["post-3634","post","type-post","status-publish","format-standard","hentry","category-oeffentlichkeitsarbeit","category-restaurants","category-verkauf","tag-bruessel","tag-bruxelles","tag-josef-wimmer","tag-zunfthaus-zur-waag","tag-zurich","tag-zurigo"],"yoast_head":"<!-- This site is optimized with the Yoast SEO plugin v27.5 - https:\/\/yoast.com\/product\/yoast-seo-wordpress\/ -->\n<title>Und wieder in Z\u00fcrich \u2014 E di nuovo a Zurigo - weinhof KOBLER weblog<\/title>\n<meta name=\"robots\" content=\"index, follow, max-snippet:-1, max-image-preview:large, max-video-preview:-1\" \/>\n<link rel=\"canonical\" href=\"https:\/\/www.kobler-margreid.com\/blog\/blog\/2010\/01\/23\/in-zuerich_a-zurigo\/\" \/>\n<meta property=\"og:locale\" content=\"de_DE\" \/>\n<meta property=\"og:type\" content=\"article\" \/>\n<meta property=\"og:title\" content=\"Und wieder in Z\u00fcrich \u2014 E di nuovo a Zurigo - weinhof KOBLER weblog\" \/>\n<meta property=\"og:description\" content=\"Momentan geht es Schlag auf Schlag mit den Weinpr\u00e4sentationen: Am vorigen Freitag und Samstag war ich in Peschiera am Gardasee. Dort wurde der neue Katalog des Verteilers\u00a0Proposta Vini, welcher meine Weine in ganz Italien au\u00dfer S\u00fcdtirol exklusiv anbietet, vorgestellt. Gleichzeitig &hellip; Weiterlesen &rarr;\" \/>\n<meta property=\"og:url\" content=\"https:\/\/www.kobler-margreid.com\/blog\/blog\/2010\/01\/23\/in-zuerich_a-zurigo\/\" \/>\n<meta property=\"og:site_name\" content=\"weinhof KOBLER weblog\" \/>\n<meta property=\"article:publisher\" content=\"https:\/\/www.facebook.com\/armin.kobler\/\" \/>\n<meta property=\"article:published_time\" content=\"2010-01-23T18:42:58+00:00\" \/>\n<meta property=\"article:modified_time\" content=\"2010-01-31T17:21:38+00:00\" \/>\n<meta property=\"og:image\" content=\"http:\/\/www.kobler-margreid.com\/blog\/wp-content\/2010\/01\/2010-01-18_12-44-55.jpg\" \/>\n<meta name=\"author\" content=\"armin kobler\" \/>\n<meta name=\"twitter:card\" content=\"summary_large_image\" \/>\n<meta name=\"twitter:label1\" content=\"Verfasst von\" \/>\n\t<meta name=\"twitter:data1\" content=\"armin kobler\" \/>\n\t<meta name=\"twitter:label2\" content=\"Gesch\u00e4tzte Lesezeit\" \/>\n\t<meta name=\"twitter:data2\" content=\"3\u00a0Minuten\" \/>\n<script type=\"application\/ld+json\" class=\"yoast-schema-graph\">{\"@context\":\"https:\\\/\\\/schema.org\",\"@graph\":[{\"@type\":\"Article\",\"@id\":\"https:\\\/\\\/www.kobler-margreid.com\\\/blog\\\/blog\\\/2010\\\/01\\\/23\\\/in-zuerich_a-zurigo\\\/#article\",\"isPartOf\":{\"@id\":\"https:\\\/\\\/www.kobler-margreid.com\\\/blog\\\/blog\\\/2010\\\/01\\\/23\\\/in-zuerich_a-zurigo\\\/\"},\"author\":{\"name\":\"armin kobler\",\"@id\":\"https:\\\/\\\/www.kobler-margreid.com\\\/blog\\\/#\\\/schema\\\/person\\\/fcca96145437484793adb0529dc48706\"},\"headline\":\"Und wieder in Z\u00fcrich \u2014 E di nuovo a Zurigo\",\"datePublished\":\"2010-01-23T18:42:58+00:00\",\"dateModified\":\"2010-01-31T17:21:38+00:00\",\"mainEntityOfPage\":{\"@id\":\"https:\\\/\\\/www.kobler-margreid.com\\\/blog\\\/blog\\\/2010\\\/01\\\/23\\\/in-zuerich_a-zurigo\\\/\"},\"wordCount\":666,\"commentCount\":0,\"publisher\":{\"@id\":\"https:\\\/\\\/www.kobler-margreid.com\\\/blog\\\/#\\\/schema\\\/person\\\/6a2290c17f680f59c1fa7e1c7a36df3a\"},\"image\":{\"@id\":\"https:\\\/\\\/www.kobler-margreid.com\\\/blog\\\/blog\\\/2010\\\/01\\\/23\\\/in-zuerich_a-zurigo\\\/#primaryimage\"},\"thumbnailUrl\":\"http:\\\/\\\/www.kobler-margreid.com\\\/blog\\\/wp-content\\\/2010\\\/01\\\/2010-01-18_12-44-55.jpg\",\"keywords\":[\"Br\u00fcssel\",\"Bruxelles\",\"Josef Wimmer\",\"Zunfthaus zur Waag\",\"Z\u00fcrich\",\"Zurigo\"],\"articleSection\":[\"\u00d6ffentlichkeitsarbeit - Pubbliche relazioni\",\"Restaurants - Ristoranti\",\"Verkauf - Vendita\"],\"inLanguage\":\"de\",\"potentialAction\":[{\"@type\":\"CommentAction\",\"name\":\"Comment\",\"target\":[\"https:\\\/\\\/www.kobler-margreid.com\\\/blog\\\/blog\\\/2010\\\/01\\\/23\\\/in-zuerich_a-zurigo\\\/#respond\"]}]},{\"@type\":\"WebPage\",\"@id\":\"https:\\\/\\\/www.kobler-margreid.com\\\/blog\\\/blog\\\/2010\\\/01\\\/23\\\/in-zuerich_a-zurigo\\\/\",\"url\":\"https:\\\/\\\/www.kobler-margreid.com\\\/blog\\\/blog\\\/2010\\\/01\\\/23\\\/in-zuerich_a-zurigo\\\/\",\"name\":\"Und wieder in Z\u00fcrich \u2014 E di nuovo a Zurigo - weinhof KOBLER weblog\",\"isPartOf\":{\"@id\":\"https:\\\/\\\/www.kobler-margreid.com\\\/blog\\\/#website\"},\"primaryImageOfPage\":{\"@id\":\"https:\\\/\\\/www.kobler-margreid.com\\\/blog\\\/blog\\\/2010\\\/01\\\/23\\\/in-zuerich_a-zurigo\\\/#primaryimage\"},\"image\":{\"@id\":\"https:\\\/\\\/www.kobler-margreid.com\\\/blog\\\/blog\\\/2010\\\/01\\\/23\\\/in-zuerich_a-zurigo\\\/#primaryimage\"},\"thumbnailUrl\":\"http:\\\/\\\/www.kobler-margreid.com\\\/blog\\\/wp-content\\\/2010\\\/01\\\/2010-01-18_12-44-55.jpg\",\"datePublished\":\"2010-01-23T18:42:58+00:00\",\"dateModified\":\"2010-01-31T17:21:38+00:00\",\"breadcrumb\":{\"@id\":\"https:\\\/\\\/www.kobler-margreid.com\\\/blog\\\/blog\\\/2010\\\/01\\\/23\\\/in-zuerich_a-zurigo\\\/#breadcrumb\"},\"inLanguage\":\"de\",\"potentialAction\":[{\"@type\":\"ReadAction\",\"target\":[\"https:\\\/\\\/www.kobler-margreid.com\\\/blog\\\/blog\\\/2010\\\/01\\\/23\\\/in-zuerich_a-zurigo\\\/\"]}]},{\"@type\":\"ImageObject\",\"inLanguage\":\"de\",\"@id\":\"https:\\\/\\\/www.kobler-margreid.com\\\/blog\\\/blog\\\/2010\\\/01\\\/23\\\/in-zuerich_a-zurigo\\\/#primaryimage\",\"url\":\"https:\\\/\\\/www.kobler-margreid.com\\\/blog\\\/wp-content\\\/2010\\\/01\\\/2010-01-18_12-44-55.jpg\",\"contentUrl\":\"https:\\\/\\\/www.kobler-margreid.com\\\/blog\\\/wp-content\\\/2010\\\/01\\\/2010-01-18_12-44-55.jpg\",\"width\":\"1024\",\"height\":\"708\"},{\"@type\":\"BreadcrumbList\",\"@id\":\"https:\\\/\\\/www.kobler-margreid.com\\\/blog\\\/blog\\\/2010\\\/01\\\/23\\\/in-zuerich_a-zurigo\\\/#breadcrumb\",\"itemListElement\":[{\"@type\":\"ListItem\",\"position\":1,\"name\":\"Startseite\",\"item\":\"https:\\\/\\\/www.kobler-margreid.com\\\/blog\\\/\"},{\"@type\":\"ListItem\",\"position\":2,\"name\":\"Und wieder in Z\u00fcrich \u2014 E di nuovo a Zurigo\"}]},{\"@type\":\"WebSite\",\"@id\":\"https:\\\/\\\/www.kobler-margreid.com\\\/blog\\\/#website\",\"url\":\"https:\\\/\\\/www.kobler-margreid.com\\\/blog\\\/\",\"name\":\"weinhof KOBLER weblog\",\"description\":\"dem wein ganz nah \u2013 all&#039;interno del vino\",\"publisher\":{\"@id\":\"https:\\\/\\\/www.kobler-margreid.com\\\/blog\\\/#\\\/schema\\\/person\\\/6a2290c17f680f59c1fa7e1c7a36df3a\"},\"potentialAction\":[{\"@type\":\"SearchAction\",\"target\":{\"@type\":\"EntryPoint\",\"urlTemplate\":\"https:\\\/\\\/www.kobler-margreid.com\\\/blog\\\/?s={search_term_string}\"},\"query-input\":{\"@type\":\"PropertyValueSpecification\",\"valueRequired\":true,\"valueName\":\"search_term_string\"}}],\"inLanguage\":\"de\"},{\"@type\":[\"Person\",\"Organization\"],\"@id\":\"https:\\\/\\\/www.kobler-margreid.com\\\/blog\\\/#\\\/schema\\\/person\\\/6a2290c17f680f59c1fa7e1c7a36df3a\",\"name\":\"armin kobler\",\"image\":{\"@type\":\"ImageObject\",\"inLanguage\":\"de\",\"@id\":\"https:\\\/\\\/www.kobler-margreid.com\\\/blog\\\/wp-content\\\/2023\\\/11\\\/2012-05-08_09-33-03a.jpg\",\"url\":\"https:\\\/\\\/www.kobler-margreid.com\\\/blog\\\/wp-content\\\/2023\\\/11\\\/2012-05-08_09-33-03a.jpg\",\"contentUrl\":\"https:\\\/\\\/www.kobler-margreid.com\\\/blog\\\/wp-content\\\/2023\\\/11\\\/2012-05-08_09-33-03a.jpg\",\"width\":1088,\"height\":1184,\"caption\":\"armin kobler\"},\"logo\":{\"@id\":\"https:\\\/\\\/www.kobler-margreid.com\\\/blog\\\/wp-content\\\/2023\\\/11\\\/2012-05-08_09-33-03a.jpg\"},\"sameAs\":[\"http:\\\/\\\/www.kobler-margreid.com\",\"https:\\\/\\\/www.facebook.com\\\/armin.kobler\\\/\"]},{\"@type\":\"Person\",\"@id\":\"https:\\\/\\\/www.kobler-margreid.com\\\/blog\\\/#\\\/schema\\\/person\\\/fcca96145437484793adb0529dc48706\",\"name\":\"armin kobler\",\"image\":{\"@type\":\"ImageObject\",\"inLanguage\":\"de\",\"@id\":\"https:\\\/\\\/secure.gravatar.com\\\/avatar\\\/7ed75d18f117c58598b89fcf3ec9fda3311f3fbda827ac1502944a0804d87b7f?s=96&d=mm&r=g\",\"url\":\"https:\\\/\\\/secure.gravatar.com\\\/avatar\\\/7ed75d18f117c58598b89fcf3ec9fda3311f3fbda827ac1502944a0804d87b7f?s=96&d=mm&r=g\",\"contentUrl\":\"https:\\\/\\\/secure.gravatar.com\\\/avatar\\\/7ed75d18f117c58598b89fcf3ec9fda3311f3fbda827ac1502944a0804d87b7f?s=96&d=mm&r=g\",\"caption\":\"armin kobler\"},\"sameAs\":[\"http:\\\/\\\/\"],\"url\":\"https:\\\/\\\/www.kobler-margreid.com\\\/blog\\\/blog\\\/author\\\/armin-kobler\\\/\"}]}<\/script>\n<!-- \/ Yoast SEO plugin. -->","yoast_head_json":{"title":"Und wieder in Z\u00fcrich \u2014 E di nuovo a Zurigo - weinhof KOBLER weblog","robots":{"index":"index","follow":"follow","max-snippet":"max-snippet:-1","max-image-preview":"max-image-preview:large","max-video-preview":"max-video-preview:-1"},"canonical":"https:\/\/www.kobler-margreid.com\/blog\/blog\/2010\/01\/23\/in-zuerich_a-zurigo\/","og_locale":"de_DE","og_type":"article","og_title":"Und wieder in Z\u00fcrich \u2014 E di nuovo a Zurigo - weinhof KOBLER weblog","og_description":"Momentan geht es Schlag auf Schlag mit den Weinpr\u00e4sentationen: Am vorigen Freitag und Samstag war ich in Peschiera am Gardasee. Dort wurde der neue Katalog des Verteilers\u00a0Proposta Vini, welcher meine Weine in ganz Italien au\u00dfer S\u00fcdtirol exklusiv anbietet, vorgestellt. Gleichzeitig &hellip; Weiterlesen &rarr;","og_url":"https:\/\/www.kobler-margreid.com\/blog\/blog\/2010\/01\/23\/in-zuerich_a-zurigo\/","og_site_name":"weinhof KOBLER weblog","article_publisher":"https:\/\/www.facebook.com\/armin.kobler\/","article_published_time":"2010-01-23T18:42:58+00:00","article_modified_time":"2010-01-31T17:21:38+00:00","og_image":[{"url":"http:\/\/www.kobler-margreid.com\/blog\/wp-content\/2010\/01\/2010-01-18_12-44-55.jpg","type":"","width":"","height":""}],"author":"armin kobler","twitter_card":"summary_large_image","twitter_misc":{"Verfasst von":"armin kobler","Gesch\u00e4tzte Lesezeit":"3\u00a0Minuten"},"schema":{"@context":"https:\/\/schema.org","@graph":[{"@type":"Article","@id":"https:\/\/www.kobler-margreid.com\/blog\/blog\/2010\/01\/23\/in-zuerich_a-zurigo\/#article","isPartOf":{"@id":"https:\/\/www.kobler-margreid.com\/blog\/blog\/2010\/01\/23\/in-zuerich_a-zurigo\/"},"author":{"name":"armin kobler","@id":"https:\/\/www.kobler-margreid.com\/blog\/#\/schema\/person\/fcca96145437484793adb0529dc48706"},"headline":"Und wieder in Z\u00fcrich \u2014 E di nuovo a Zurigo","datePublished":"2010-01-23T18:42:58+00:00","dateModified":"2010-01-31T17:21:38+00:00","mainEntityOfPage":{"@id":"https:\/\/www.kobler-margreid.com\/blog\/blog\/2010\/01\/23\/in-zuerich_a-zurigo\/"},"wordCount":666,"commentCount":0,"publisher":{"@id":"https:\/\/www.kobler-margreid.com\/blog\/#\/schema\/person\/6a2290c17f680f59c1fa7e1c7a36df3a"},"image":{"@id":"https:\/\/www.kobler-margreid.com\/blog\/blog\/2010\/01\/23\/in-zuerich_a-zurigo\/#primaryimage"},"thumbnailUrl":"http:\/\/www.kobler-margreid.com\/blog\/wp-content\/2010\/01\/2010-01-18_12-44-55.jpg","keywords":["Br\u00fcssel","Bruxelles","Josef Wimmer","Zunfthaus zur Waag","Z\u00fcrich","Zurigo"],"articleSection":["\u00d6ffentlichkeitsarbeit - Pubbliche relazioni","Restaurants - Ristoranti","Verkauf - Vendita"],"inLanguage":"de","potentialAction":[{"@type":"CommentAction","name":"Comment","target":["https:\/\/www.kobler-margreid.com\/blog\/blog\/2010\/01\/23\/in-zuerich_a-zurigo\/#respond"]}]},{"@type":"WebPage","@id":"https:\/\/www.kobler-margreid.com\/blog\/blog\/2010\/01\/23\/in-zuerich_a-zurigo\/","url":"https:\/\/www.kobler-margreid.com\/blog\/blog\/2010\/01\/23\/in-zuerich_a-zurigo\/","name":"Und wieder in Z\u00fcrich \u2014 E di nuovo a Zurigo - weinhof KOBLER weblog","isPartOf":{"@id":"https:\/\/www.kobler-margreid.com\/blog\/#website"},"primaryImageOfPage":{"@id":"https:\/\/www.kobler-margreid.com\/blog\/blog\/2010\/01\/23\/in-zuerich_a-zurigo\/#primaryimage"},"image":{"@id":"https:\/\/www.kobler-margreid.com\/blog\/blog\/2010\/01\/23\/in-zuerich_a-zurigo\/#primaryimage"},"thumbnailUrl":"http:\/\/www.kobler-margreid.com\/blog\/wp-content\/2010\/01\/2010-01-18_12-44-55.jpg","datePublished":"2010-01-23T18:42:58+00:00","dateModified":"2010-01-31T17:21:38+00:00","breadcrumb":{"@id":"https:\/\/www.kobler-margreid.com\/blog\/blog\/2010\/01\/23\/in-zuerich_a-zurigo\/#breadcrumb"},"inLanguage":"de","potentialAction":[{"@type":"ReadAction","target":["https:\/\/www.kobler-margreid.com\/blog\/blog\/2010\/01\/23\/in-zuerich_a-zurigo\/"]}]},{"@type":"ImageObject","inLanguage":"de","@id":"https:\/\/www.kobler-margreid.com\/blog\/blog\/2010\/01\/23\/in-zuerich_a-zurigo\/#primaryimage","url":"https:\/\/www.kobler-margreid.com\/blog\/wp-content\/2010\/01\/2010-01-18_12-44-55.jpg","contentUrl":"https:\/\/www.kobler-margreid.com\/blog\/wp-content\/2010\/01\/2010-01-18_12-44-55.jpg","width":"1024","height":"708"},{"@type":"BreadcrumbList","@id":"https:\/\/www.kobler-margreid.com\/blog\/blog\/2010\/01\/23\/in-zuerich_a-zurigo\/#breadcrumb","itemListElement":[{"@type":"ListItem","position":1,"name":"Startseite","item":"https:\/\/www.kobler-margreid.com\/blog\/"},{"@type":"ListItem","position":2,"name":"Und wieder in Z\u00fcrich \u2014 E di nuovo a Zurigo"}]},{"@type":"WebSite","@id":"https:\/\/www.kobler-margreid.com\/blog\/#website","url":"https:\/\/www.kobler-margreid.com\/blog\/","name":"weinhof KOBLER weblog","description":"dem wein ganz nah \u2013 all&#039;interno del vino","publisher":{"@id":"https:\/\/www.kobler-margreid.com\/blog\/#\/schema\/person\/6a2290c17f680f59c1fa7e1c7a36df3a"},"potentialAction":[{"@type":"SearchAction","target":{"@type":"EntryPoint","urlTemplate":"https:\/\/www.kobler-margreid.com\/blog\/?s={search_term_string}"},"query-input":{"@type":"PropertyValueSpecification","valueRequired":true,"valueName":"search_term_string"}}],"inLanguage":"de"},{"@type":["Person","Organization"],"@id":"https:\/\/www.kobler-margreid.com\/blog\/#\/schema\/person\/6a2290c17f680f59c1fa7e1c7a36df3a","name":"armin kobler","image":{"@type":"ImageObject","inLanguage":"de","@id":"https:\/\/www.kobler-margreid.com\/blog\/wp-content\/2023\/11\/2012-05-08_09-33-03a.jpg","url":"https:\/\/www.kobler-margreid.com\/blog\/wp-content\/2023\/11\/2012-05-08_09-33-03a.jpg","contentUrl":"https:\/\/www.kobler-margreid.com\/blog\/wp-content\/2023\/11\/2012-05-08_09-33-03a.jpg","width":1088,"height":1184,"caption":"armin kobler"},"logo":{"@id":"https:\/\/www.kobler-margreid.com\/blog\/wp-content\/2023\/11\/2012-05-08_09-33-03a.jpg"},"sameAs":["http:\/\/www.kobler-margreid.com","https:\/\/www.facebook.com\/armin.kobler\/"]},{"@type":"Person","@id":"https:\/\/www.kobler-margreid.com\/blog\/#\/schema\/person\/fcca96145437484793adb0529dc48706","name":"armin kobler","image":{"@type":"ImageObject","inLanguage":"de","@id":"https:\/\/secure.gravatar.com\/avatar\/7ed75d18f117c58598b89fcf3ec9fda3311f3fbda827ac1502944a0804d87b7f?s=96&d=mm&r=g","url":"https:\/\/secure.gravatar.com\/avatar\/7ed75d18f117c58598b89fcf3ec9fda3311f3fbda827ac1502944a0804d87b7f?s=96&d=mm&r=g","contentUrl":"https:\/\/secure.gravatar.com\/avatar\/7ed75d18f117c58598b89fcf3ec9fda3311f3fbda827ac1502944a0804d87b7f?s=96&d=mm&r=g","caption":"armin kobler"},"sameAs":["http:\/\/"],"url":"https:\/\/www.kobler-margreid.com\/blog\/blog\/author\/armin-kobler\/"}]}},"_links":{"self":[{"href":"https:\/\/www.kobler-margreid.com\/blog\/wp-json\/wp\/v2\/posts\/3634","targetHints":{"allow":["GET"]}}],"collection":[{"href":"https:\/\/www.kobler-margreid.com\/blog\/wp-json\/wp\/v2\/posts"}],"about":[{"href":"https:\/\/www.kobler-margreid.com\/blog\/wp-json\/wp\/v2\/types\/post"}],"author":[{"embeddable":true,"href":"https:\/\/www.kobler-margreid.com\/blog\/wp-json\/wp\/v2\/users\/6"}],"replies":[{"embeddable":true,"href":"https:\/\/www.kobler-margreid.com\/blog\/wp-json\/wp\/v2\/comments?post=3634"}],"version-history":[{"count":0,"href":"https:\/\/www.kobler-margreid.com\/blog\/wp-json\/wp\/v2\/posts\/3634\/revisions"}],"wp:attachment":[{"href":"https:\/\/www.kobler-margreid.com\/blog\/wp-json\/wp\/v2\/media?parent=3634"}],"wp:term":[{"taxonomy":"category","embeddable":true,"href":"https:\/\/www.kobler-margreid.com\/blog\/wp-json\/wp\/v2\/categories?post=3634"},{"taxonomy":"post_tag","embeddable":true,"href":"https:\/\/www.kobler-margreid.com\/blog\/wp-json\/wp\/v2\/tags?post=3634"}],"curies":[{"name":"wp","href":"https:\/\/api.w.org\/{rel}","templated":true}]}}