{"id":3675,"date":"2010-02-08T09:39:11","date_gmt":"2010-02-08T08:39:11","guid":{"rendered":"http:\/\/www.kobler-margreid.com\/blog\/?p=3675"},"modified":"2010-02-08T10:15:18","modified_gmt":"2010-02-08T09:15:18","slug":"der-richtige-moment-il-momento-giusto","status":"publish","type":"post","link":"https:\/\/www.kobler-margreid.com\/blog\/blog\/2010\/02\/08\/der-richtige-moment-il-momento-giusto\/","title":{"rendered":"Der richtige Moment? \u2014 Il momento giusto?"},"content":{"rendered":"<p><a href=\"http:\/\/www.kobler-margreid.com\/blog\/wp-content\/2010\/01\/2010-01-27_14-09-55.jpg\" rel=\"lightbox[3675]\"><img loading=\"lazy\" decoding=\"async\" class=\"float left alignleft size-full wp-image-3677\" style=\"border: 0pt none; margin: 0px 5px;\" title=\"2010-01-27_14-09-55\" src=\"http:\/\/www.kobler-margreid.com\/blog\/wp-content\/2010\/01\/2010-01-27_14-09-55.jpg\" alt=\"\" width=\"331\" height=\"249\" srcset=\"https:\/\/www.kobler-margreid.com\/blog\/wp-content\/2010\/01\/2010-01-27_14-09-55.jpg 1024w, https:\/\/www.kobler-margreid.com\/blog\/wp-content\/2010\/01\/2010-01-27_14-09-55-300x225.jpg 300w\" sizes=\"auto, (max-width: 331px) 100vw, 331px\" \/><\/a>Seit ein paar Tagen bin ich von meiner Vorstellungstour zur\u00fcck, welche mich zuerst nach Br\u00fcssel und danach in das n\u00f6rdliche Ruhrgebiet und abschlie\u00dfend in die Gegend von Frankfurt (im Bild das verschneite und eisig kalte Mainhattan) f\u00fchrte. Um den Markt in Belgien zu bearbeiten, hat die EOS zusammen mit dem ICE eine <a title=\"Einladung zur Kost\" href=\"http:\/\/moosmandl.macbay.de\/Invitation_AltoAdigeWorkshopBrussels.pdf\">Pr\u00e4sentation<\/a> S\u00fcdtiroler Weine im dortigen Hotel Conrad organisiert. Tags darauf besuchte ich Weinfachh\u00e4ndler in Wesel (Nord-Rhein-Westfalen), D\u00fcrrenheim (Hessen), am Heimreisetag in Offenbach und Frankfurt am Main (beide Hessen).<\/p>\n<p><em>Da qualche giorno sono di nuovo a casa, dopo il mio tour di presentazioni che mi ha portato prima a Bruxelles, poi nella regione germanica del Ruhrgebiet ed infine a Francoforte ed i suoi d&#8217;intorni (nella foto la cos\u00ecdetta &#8222;Mainhattan&#8220; innevata e gelida). Per aiutare il nostro lavoro nel Belgio l&#8217;EOS e l&#8217;ICE hanno organizzato nella capitale all&#8217;Hotel Conrad una <\/em><a title=\"Einladung zur Kost\" href=\"http:\/\/moosmandl.macbay.de\/Invitation_AltoAdigeWorkshopBrussels.pdf\"><em>presentazione<\/em><\/a><em> di vini sudtirolesi. Il giorno dopo sono andato a trovare grossisti a Wesel (Nord-Rhein-Westfalen), D\u00fcrrenheim (Hessen), sul ritorno a Offenbach e Francoforte sul Meno (ambedue sempre Hessen).<\/em><\/p>\n<p><!--more--><a href=\"http:\/\/www.kobler-margreid.com\/blog\/wp-content\/2010\/02\/conrad.jpg\" rel=\"lightbox[3675]\"><img loading=\"lazy\" decoding=\"async\" class=\"float left alignleft size-full wp-image-3693\" style=\"border: 0pt none; margin: 0px 5px;\" title=\"conrad\" src=\"http:\/\/www.kobler-margreid.com\/blog\/wp-content\/2010\/02\/conrad.jpg\" alt=\"\" width=\"304\" height=\"228\" srcset=\"https:\/\/www.kobler-margreid.com\/blog\/wp-content\/2010\/02\/conrad.jpg 800w, https:\/\/www.kobler-margreid.com\/blog\/wp-content\/2010\/02\/conrad-300x225.jpg 300w\" sizes=\"auto, (max-width: 304px) 100vw, 304px\" \/><\/a>Die Veranstaltung samt Einf\u00fchrungsseminar\u00a0im <a title=\"Hotel Conrad Image Gallery\" href=\"http:\/\/conradhotels1.hilton.com\/en\/ch\/hotels\/photoTour.do?ctyhocn=BRUHCCI\" target=\"_blank\">Conrad<\/a> war, wie wir es von den r\u00fchrigen <a title=\"EOS Marketing Support\" href=\"http:\/\/www.eos-export.org\/de-DE\/marketing_supportde.html\" target=\"_blank\">Mitarbeitern<\/a> des <a title=\"Thomas Augsch\u00f6ll\" href=\"http:\/\/www.prowein.de\/cipp\/md_prowein\/custom\/pub\/content,lang,2\/oid,16742\/ticket,g_u_e_s_t\/local_lang,2\/~\/Thomas_Augsch\u00f6ll_EOS_Export_Organisation_S\u00fcdtirol.html\" target=\"_blank\">Thomas Augsch\u00f6ll<\/a> gewohnt sind, wieder sehr gut organisiert. Das Publikum war gemischt und sehr interessiert, die Location (im Bild der mit Michael Reiterer von\u00a0<a title=\"Sektkellerei Arunda\" href=\"http:\/\/www.arundavivaldi.it\" target=\"_blank\">Arunda<\/a> geteilte Tisch) und das Mittagsbuffet von h\u00f6chstem Niveau. Deswegen war es sehr verwunderlich, dass f\u00fcr die G\u00e4ste gerade an so einem Ort nur das 1971 eingef\u00fchrte \u00a0<a title=\"INAO-Kostglas\" href=\"http:\/\/www.kaiserstuhlshop.de\/catalog\/images\/inao_degustationsglas.jpg\" rel=\"lightbox[3675]\">INAO-Kostglas<\/a> ausgegeben wurde; es wird den heutigen Weinen m.E. nicht mehr gerecht. Nur zu gerne lasse ich mich korrigieren, aber dies hat meine Erfahrung best\u00e4tigt, dass in den francophonen Regionen heute auf das richtige Glas im Durchschnitt weniger Wert gelegt wird als anderswo.<\/p>\n<p><em><a href=\"http:\/\/www.kobler-margreid.com\/blog\/wp-content\/2010\/02\/reiterer_kobler.jpg\" rel=\"lightbox[3675]\"><img loading=\"lazy\" decoding=\"async\" class=\"float left alignleft size-full wp-image-3696\" style=\"border: 0pt none; margin: 0px 5px;\" title=\"reiterer_kobler\" src=\"http:\/\/www.kobler-margreid.com\/blog\/wp-content\/2010\/02\/reiterer_kobler.jpg\" alt=\"\" width=\"281\" height=\"239\" srcset=\"https:\/\/www.kobler-margreid.com\/blog\/wp-content\/2010\/02\/reiterer_kobler.jpg 687w, https:\/\/www.kobler-margreid.com\/blog\/wp-content\/2010\/02\/reiterer_kobler-300x255.jpg 300w\" sizes=\"auto, (max-width: 281px) 100vw, 281px\" \/><\/a>La manifestazione con il seminario introduttivo al <\/em><a title=\"Hotel Conrad Image Gallery\" href=\"http:\/\/conradhotels1.hilton.com\/en\/ch\/hotels\/photoTour.do?ctyhocn=BRUHCCI\" target=\"_blank\"><em>Conrad<\/em><\/a><em> era molto ben organizzato come peraltro siamo abituati da <\/em><a title=\"Thomas Augsch\u00f6ll\" href=\"http:\/\/www.prowein.de\/cipp\/md_prowein\/custom\/pub\/content,lang,2\/oid,16742\/ticket,g_u_e_s_t\/local_lang,2\/~\/Thomas_Augsch\u00f6ll_EOS_Export_Organisation_S\u00fcdtirol.html\" target=\"_blank\"><em>Thomas Augsch\u00f6ll<\/em><\/a><em> ed i suoi attivissimi <\/em><a title=\"EOS Marketing Support\" href=\"http:\/\/www.eos-export.org\/de-DE\/marketing_supportde.html\" target=\"_blank\"><em>collaboratori<\/em><\/a><em>. Il pubblico era misto e molto interessato, il posto ed il buffet di altissimo livello (nella foto il tavolo condiviso con Michael Reiterer di <a title=\"Sektkellerei Arunda\" href=\"http:\/\/www.arundavivaldi.it\" target=\"_blank\">Arunda<\/a><\/em><em>). Proprio per questo mi sono inizialmente meravigliato del fatto che agli ospiti proprio qu\u00ec sono stati distribuiti solamente bicchieri del tipo <\/em><a title=\"INAO-Kostglas\" href=\"http:\/\/www.kaiserstuhlshop.de\/catalog\/images\/inao_degustationsglas.jpg\" rel=\"lightbox[3675]\"><em>INAO<\/em><\/a><em>, introdotti nel 1971, che secondo me non rendono giustizia ai vini d&#8217;oggi. Vorrei sbagliare, ma questo ha confermato le mie esperienze fatte finora, che nelle regioni francofone la cultura del bicchiere nella media non viene cos\u00ec curata come in altri posti.<\/em><\/p>\n<p>Die Fachh\u00e4ndler, welche von mir gezielt in Deutschland besucht wurden, habe ich au\u00dfer in einem Fall, welcher mir empfohlen wurde, im Internet gefunden. Bei der Auswahl hat auch ihre geografische Lage eine Rolle gespielt, da ich mich ja von Br\u00fcssel kommend der Heimat n\u00e4hern wollte. Die gesammelten Erfahrungen kann ich schon jetzt, wo die Verhandlungen noch laufen und ich noch nicht wei\u00df, ob es kurzfristig zu einem Export meiner Weine in die betroffenen Regionen kommen wird, sehr interessant und aufschlussreich. Zum einen ist es schon einmal spannend, gesch\u00e4ftlich mit Menschen, welche doch in f\u00fcr mich fremden Regionen arbeiten,\u00a0\u00fcber Wein zu sprechen und deren Sichtweisen zu erfahren. Erfreulich war zudem, dass sich jeder Gespr\u00e4chspartner f\u00fcr mich viel Zeit genommen hat. Auch jene, welche bei der ersten telefonischen Terminabsprache gegen\u00fcber dem Angebot S\u00fcdtiroler Weine sehr reserviert geklungen haben, h\u00f6rten mir aufmerksam zu und das Interesse f\u00fcr S\u00fcdtirol ist m.E. im Laufe des Gespr\u00e4chs eher gestiegen als gesunken.<\/p>\n<p><em>I rivenditori da me visitati li ho trovati ad eccezzione di uno che mi \u00e8 stato consigliato, tutti in internet. Nella scelta era di una certa importanza anche il loro luogo in quanto partendo da Bruxelles volevo averli pi\u00f9 o meno sulla strada del ritorno. Le esperienze fatte finora sono gi\u00e0 adesso, nel momento dove le trattative sono ancora in corso ed io non s\u00f2 se a breve termine esporter\u00f2 del mio vino in quelle regioni, molto interessanti ed istruttive. Gi\u00e0 era molto avvincente per me parlare di vino professionalmente con operatori di regioni a me straniere e di capire i loro punti di vista. Piacevole era anche il fatto che tutti gli interlocutori si sono presi molto tempo per gli incontri. Anche quelli che al momento del fissare l&#8217;appuntamento al telefono erano molto riservati nei confronti dei vini sudtirolesi hanno dimostrato un interesse crescente nel corso delle trattative.<\/em><\/p>\n<p>Nat\u00fcrlich ist einem wieder einmal die Tatsache vor Augen gef\u00fchrt worden, dass S\u00fcdtirol alles andere als der \u00f6nologische Nabel der Welt ist, doch glaube ich, die im Titel gestellte Frage mit ja beantworten zu k\u00f6nnen. Denn ganz unbekannt sind wir nicht und das Interesse scheint m.E. zu steigen, auch wenn sehr langsam. Momentan haben die besuchten H\u00e4ndler S\u00fcdtirol \u00fcberhaupt nicht im Angebot oder beschr\u00e4nken sich auf zwei Extreme: Vernatsch- und Lagreinweine im unteren und untersten Preissegment f\u00fcr ein Publikum, das biologisch bedingt immer kleiner wird, oder teure und teuerste Ikonen wie ein Lafoa oder Cor R\u00f6migberg. Das mittlere Segment scheint v\u00f6llig zu fehlen aber ich vermeine diesbez\u00fcglich Neugierde versp\u00fcrt zu haben. Unser Imageproblem in deutschen Landen sind wir \u2014 endlich mit Erfolg \u2014 dabei abzuarbeiten, und eine gewisse, noch bescheidene Nachfrage scheint wirklich da zu sein. Jetzt liegt es an uns, dieses zarte Pfl\u00e4nzchen zu hegen und zu pflegen. Vielleicht auch mit meinen Weinen&#8230;<\/p>\n<p><em>Naturalmente si \u00e8 visto per l&#8217;ennesima volta che il sudtirolo \u00e8 tutt&#8217;altro che l&#8217;ombelico del mondo enologico, per\u00f2 penso di poter rispondere alla domanda nel titolo con un s\u00ec. Infatti non siamo del tutto sconosciuti e l&#8217;interesse secondo me sta aumentando pian piano. Al momento i rivenditori da me incontrati non propongono l&#8217;Alto Adige o limitano l&#8217;offerta a due estremi: vini della variet\u00e0 Schiava e Lagrein a prezzi bassi e bassissimi per una clientela che per ragioni biologiche dimiuisce sempre di pi\u00f9 o delle icone costose e costosissime del tipo Lafoa o Cor R\u00f6migberg. La parte media in termini di qualit\u00e0 e prezzi manca completamente ma mi sembra di percepire una certa curiosit\u00e0 nei suoi confronti. Il nostro problema di immagine in Germania lo stiamo risolvendo finalmente con un certo successo ed una richiesta, anche se molto modesta, sembra esserci davvero. Adesso spetta a noi di gestirla con prudenza e di averne gran cura. Forse anche con i miei vini&#8230;<\/em><\/p>\n","protected":false},"excerpt":{"rendered":"<p>Seit ein paar Tagen bin ich von meiner Vorstellungstour zur\u00fcck, welche mich zuerst nach Br\u00fcssel und danach in das n\u00f6rdliche Ruhrgebiet und abschlie\u00dfend in die Gegend von Frankfurt (im Bild das verschneite und eisig kalte Mainhattan) f\u00fchrte. Um den Markt &hellip; <a href=\"https:\/\/www.kobler-margreid.com\/blog\/blog\/2010\/02\/08\/der-richtige-moment-il-momento-giusto\/\">Weiterlesen <span class=\"meta-nav\">&rarr;<\/span><\/a><\/p>\n","protected":false},"author":6,"featured_media":0,"comment_status":"open","ping_status":"open","sticky":false,"template":"","format":"standard","meta":{"ngg_post_thumbnail":0,"footnotes":"","_links_to":"","_links_to_target":""},"categories":[9,114],"tags":[654,651,642,643,656,85,647,646,652,650,655,340,653,648,649,320,645],"class_list":["post-3675","post","type-post","status-publish","format-standard","hentry","category-oeffentlichkeitsarbeit","category-verkauf","tag-arunda","tag-bicchiere-inao","tag-bruessel","tag-bruxelles","tag-cor-roemigberg","tag-eos","tag-francoforte","tag-frankfurt","tag-ice","tag-inao-kostglas","tag-lafoa","tag-lagrein","tag-michael-reiterer","tag-offenbach","tag-thomas-augschoell","tag-vernatsch","tag-wesel"],"yoast_head":"<!-- This site is optimized with the Yoast SEO plugin v27.5 - https:\/\/yoast.com\/product\/yoast-seo-wordpress\/ -->\n<title>Der richtige Moment? \u2014 Il momento giusto? - weinhof KOBLER weblog<\/title>\n<meta name=\"robots\" content=\"index, follow, max-snippet:-1, max-image-preview:large, max-video-preview:-1\" \/>\n<link rel=\"canonical\" href=\"https:\/\/www.kobler-margreid.com\/blog\/blog\/2010\/02\/08\/der-richtige-moment-il-momento-giusto\/\" \/>\n<meta property=\"og:locale\" content=\"de_DE\" \/>\n<meta property=\"og:type\" content=\"article\" \/>\n<meta property=\"og:title\" content=\"Der richtige Moment? \u2014 Il momento giusto? - weinhof KOBLER weblog\" \/>\n<meta property=\"og:description\" content=\"Seit ein paar Tagen bin ich von meiner Vorstellungstour zur\u00fcck, welche mich zuerst nach Br\u00fcssel und danach in das n\u00f6rdliche Ruhrgebiet und abschlie\u00dfend in die Gegend von Frankfurt (im Bild das verschneite und eisig kalte Mainhattan) f\u00fchrte. Um den Markt &hellip; Weiterlesen &rarr;\" \/>\n<meta property=\"og:url\" content=\"https:\/\/www.kobler-margreid.com\/blog\/blog\/2010\/02\/08\/der-richtige-moment-il-momento-giusto\/\" \/>\n<meta property=\"og:site_name\" content=\"weinhof KOBLER weblog\" \/>\n<meta property=\"article:publisher\" content=\"https:\/\/www.facebook.com\/armin.kobler\/\" \/>\n<meta property=\"article:published_time\" content=\"2010-02-08T08:39:11+00:00\" \/>\n<meta property=\"article:modified_time\" content=\"2010-02-08T09:15:18+00:00\" \/>\n<meta property=\"og:image\" content=\"http:\/\/www.kobler-margreid.com\/blog\/wp-content\/2010\/01\/2010-01-27_14-09-55.jpg\" \/>\n<meta name=\"author\" content=\"armin kobler\" \/>\n<meta name=\"twitter:card\" content=\"summary_large_image\" \/>\n<meta name=\"twitter:label1\" content=\"Verfasst von\" \/>\n\t<meta name=\"twitter:data1\" content=\"armin kobler\" \/>\n\t<meta name=\"twitter:label2\" content=\"Gesch\u00e4tzte Lesezeit\" \/>\n\t<meta name=\"twitter:data2\" content=\"5\u00a0Minuten\" \/>\n<script type=\"application\/ld+json\" class=\"yoast-schema-graph\">{\"@context\":\"https:\\\/\\\/schema.org\",\"@graph\":[{\"@type\":\"Article\",\"@id\":\"https:\\\/\\\/www.kobler-margreid.com\\\/blog\\\/blog\\\/2010\\\/02\\\/08\\\/der-richtige-moment-il-momento-giusto\\\/#article\",\"isPartOf\":{\"@id\":\"https:\\\/\\\/www.kobler-margreid.com\\\/blog\\\/blog\\\/2010\\\/02\\\/08\\\/der-richtige-moment-il-momento-giusto\\\/\"},\"author\":{\"name\":\"armin kobler\",\"@id\":\"https:\\\/\\\/www.kobler-margreid.com\\\/blog\\\/#\\\/schema\\\/person\\\/fcca96145437484793adb0529dc48706\"},\"headline\":\"Der richtige Moment? \u2014 Il momento giusto?\",\"datePublished\":\"2010-02-08T08:39:11+00:00\",\"dateModified\":\"2010-02-08T09:15:18+00:00\",\"mainEntityOfPage\":{\"@id\":\"https:\\\/\\\/www.kobler-margreid.com\\\/blog\\\/blog\\\/2010\\\/02\\\/08\\\/der-richtige-moment-il-momento-giusto\\\/\"},\"wordCount\":1058,\"commentCount\":1,\"publisher\":{\"@id\":\"https:\\\/\\\/www.kobler-margreid.com\\\/blog\\\/#\\\/schema\\\/person\\\/6a2290c17f680f59c1fa7e1c7a36df3a\"},\"image\":{\"@id\":\"https:\\\/\\\/www.kobler-margreid.com\\\/blog\\\/blog\\\/2010\\\/02\\\/08\\\/der-richtige-moment-il-momento-giusto\\\/#primaryimage\"},\"thumbnailUrl\":\"http:\\\/\\\/www.kobler-margreid.com\\\/blog\\\/wp-content\\\/2010\\\/01\\\/2010-01-27_14-09-55.jpg\",\"keywords\":[\"Arunda\",\"Bicchiere INAO\",\"Br\u00fcssel\",\"Bruxelles\",\"Cor R\u00f6migberg\",\"EOS\",\"Francoforte\",\"Frankfurt\",\"ICE\",\"INAO-Kostglas\",\"Lafoa\",\"Lagrein\",\"Michael Reiterer\",\"Offenbach\",\"Thomas Augsch\u00f6ll\",\"Vernatsch\",\"Wesel\"],\"articleSection\":[\"\u00d6ffentlichkeitsarbeit - Pubbliche relazioni\",\"Verkauf - Vendita\"],\"inLanguage\":\"de\",\"potentialAction\":[{\"@type\":\"CommentAction\",\"name\":\"Comment\",\"target\":[\"https:\\\/\\\/www.kobler-margreid.com\\\/blog\\\/blog\\\/2010\\\/02\\\/08\\\/der-richtige-moment-il-momento-giusto\\\/#respond\"]}]},{\"@type\":\"WebPage\",\"@id\":\"https:\\\/\\\/www.kobler-margreid.com\\\/blog\\\/blog\\\/2010\\\/02\\\/08\\\/der-richtige-moment-il-momento-giusto\\\/\",\"url\":\"https:\\\/\\\/www.kobler-margreid.com\\\/blog\\\/blog\\\/2010\\\/02\\\/08\\\/der-richtige-moment-il-momento-giusto\\\/\",\"name\":\"Der richtige Moment? \u2014 Il momento giusto? - weinhof KOBLER weblog\",\"isPartOf\":{\"@id\":\"https:\\\/\\\/www.kobler-margreid.com\\\/blog\\\/#website\"},\"primaryImageOfPage\":{\"@id\":\"https:\\\/\\\/www.kobler-margreid.com\\\/blog\\\/blog\\\/2010\\\/02\\\/08\\\/der-richtige-moment-il-momento-giusto\\\/#primaryimage\"},\"image\":{\"@id\":\"https:\\\/\\\/www.kobler-margreid.com\\\/blog\\\/blog\\\/2010\\\/02\\\/08\\\/der-richtige-moment-il-momento-giusto\\\/#primaryimage\"},\"thumbnailUrl\":\"http:\\\/\\\/www.kobler-margreid.com\\\/blog\\\/wp-content\\\/2010\\\/01\\\/2010-01-27_14-09-55.jpg\",\"datePublished\":\"2010-02-08T08:39:11+00:00\",\"dateModified\":\"2010-02-08T09:15:18+00:00\",\"breadcrumb\":{\"@id\":\"https:\\\/\\\/www.kobler-margreid.com\\\/blog\\\/blog\\\/2010\\\/02\\\/08\\\/der-richtige-moment-il-momento-giusto\\\/#breadcrumb\"},\"inLanguage\":\"de\",\"potentialAction\":[{\"@type\":\"ReadAction\",\"target\":[\"https:\\\/\\\/www.kobler-margreid.com\\\/blog\\\/blog\\\/2010\\\/02\\\/08\\\/der-richtige-moment-il-momento-giusto\\\/\"]}]},{\"@type\":\"ImageObject\",\"inLanguage\":\"de\",\"@id\":\"https:\\\/\\\/www.kobler-margreid.com\\\/blog\\\/blog\\\/2010\\\/02\\\/08\\\/der-richtige-moment-il-momento-giusto\\\/#primaryimage\",\"url\":\"http:\\\/\\\/www.kobler-margreid.com\\\/blog\\\/wp-content\\\/2010\\\/01\\\/2010-01-27_14-09-55.jpg\",\"contentUrl\":\"http:\\\/\\\/www.kobler-margreid.com\\\/blog\\\/wp-content\\\/2010\\\/01\\\/2010-01-27_14-09-55.jpg\"},{\"@type\":\"BreadcrumbList\",\"@id\":\"https:\\\/\\\/www.kobler-margreid.com\\\/blog\\\/blog\\\/2010\\\/02\\\/08\\\/der-richtige-moment-il-momento-giusto\\\/#breadcrumb\",\"itemListElement\":[{\"@type\":\"ListItem\",\"position\":1,\"name\":\"Startseite\",\"item\":\"https:\\\/\\\/www.kobler-margreid.com\\\/blog\\\/\"},{\"@type\":\"ListItem\",\"position\":2,\"name\":\"Der richtige Moment? \u2014 Il momento giusto?\"}]},{\"@type\":\"WebSite\",\"@id\":\"https:\\\/\\\/www.kobler-margreid.com\\\/blog\\\/#website\",\"url\":\"https:\\\/\\\/www.kobler-margreid.com\\\/blog\\\/\",\"name\":\"weinhof KOBLER weblog\",\"description\":\"dem wein ganz nah \u2013 all&#039;interno del vino\",\"publisher\":{\"@id\":\"https:\\\/\\\/www.kobler-margreid.com\\\/blog\\\/#\\\/schema\\\/person\\\/6a2290c17f680f59c1fa7e1c7a36df3a\"},\"potentialAction\":[{\"@type\":\"SearchAction\",\"target\":{\"@type\":\"EntryPoint\",\"urlTemplate\":\"https:\\\/\\\/www.kobler-margreid.com\\\/blog\\\/?s={search_term_string}\"},\"query-input\":{\"@type\":\"PropertyValueSpecification\",\"valueRequired\":true,\"valueName\":\"search_term_string\"}}],\"inLanguage\":\"de\"},{\"@type\":[\"Person\",\"Organization\"],\"@id\":\"https:\\\/\\\/www.kobler-margreid.com\\\/blog\\\/#\\\/schema\\\/person\\\/6a2290c17f680f59c1fa7e1c7a36df3a\",\"name\":\"armin kobler\",\"image\":{\"@type\":\"ImageObject\",\"inLanguage\":\"de\",\"@id\":\"https:\\\/\\\/www.kobler-margreid.com\\\/blog\\\/wp-content\\\/2023\\\/11\\\/2012-05-08_09-33-03a.jpg\",\"url\":\"https:\\\/\\\/www.kobler-margreid.com\\\/blog\\\/wp-content\\\/2023\\\/11\\\/2012-05-08_09-33-03a.jpg\",\"contentUrl\":\"https:\\\/\\\/www.kobler-margreid.com\\\/blog\\\/wp-content\\\/2023\\\/11\\\/2012-05-08_09-33-03a.jpg\",\"width\":1088,\"height\":1184,\"caption\":\"armin kobler\"},\"logo\":{\"@id\":\"https:\\\/\\\/www.kobler-margreid.com\\\/blog\\\/wp-content\\\/2023\\\/11\\\/2012-05-08_09-33-03a.jpg\"},\"sameAs\":[\"http:\\\/\\\/www.kobler-margreid.com\",\"https:\\\/\\\/www.facebook.com\\\/armin.kobler\\\/\"]},{\"@type\":\"Person\",\"@id\":\"https:\\\/\\\/www.kobler-margreid.com\\\/blog\\\/#\\\/schema\\\/person\\\/fcca96145437484793adb0529dc48706\",\"name\":\"armin kobler\",\"image\":{\"@type\":\"ImageObject\",\"inLanguage\":\"de\",\"@id\":\"https:\\\/\\\/secure.gravatar.com\\\/avatar\\\/7ed75d18f117c58598b89fcf3ec9fda3311f3fbda827ac1502944a0804d87b7f?s=96&d=mm&r=g\",\"url\":\"https:\\\/\\\/secure.gravatar.com\\\/avatar\\\/7ed75d18f117c58598b89fcf3ec9fda3311f3fbda827ac1502944a0804d87b7f?s=96&d=mm&r=g\",\"contentUrl\":\"https:\\\/\\\/secure.gravatar.com\\\/avatar\\\/7ed75d18f117c58598b89fcf3ec9fda3311f3fbda827ac1502944a0804d87b7f?s=96&d=mm&r=g\",\"caption\":\"armin kobler\"},\"sameAs\":[\"http:\\\/\\\/\"],\"url\":\"https:\\\/\\\/www.kobler-margreid.com\\\/blog\\\/blog\\\/author\\\/armin-kobler\\\/\"}]}<\/script>\n<!-- \/ Yoast SEO plugin. -->","yoast_head_json":{"title":"Der richtige Moment? \u2014 Il momento giusto? - weinhof KOBLER weblog","robots":{"index":"index","follow":"follow","max-snippet":"max-snippet:-1","max-image-preview":"max-image-preview:large","max-video-preview":"max-video-preview:-1"},"canonical":"https:\/\/www.kobler-margreid.com\/blog\/blog\/2010\/02\/08\/der-richtige-moment-il-momento-giusto\/","og_locale":"de_DE","og_type":"article","og_title":"Der richtige Moment? \u2014 Il momento giusto? - weinhof KOBLER weblog","og_description":"Seit ein paar Tagen bin ich von meiner Vorstellungstour zur\u00fcck, welche mich zuerst nach Br\u00fcssel und danach in das n\u00f6rdliche Ruhrgebiet und abschlie\u00dfend in die Gegend von Frankfurt (im Bild das verschneite und eisig kalte Mainhattan) f\u00fchrte. Um den Markt &hellip; Weiterlesen &rarr;","og_url":"https:\/\/www.kobler-margreid.com\/blog\/blog\/2010\/02\/08\/der-richtige-moment-il-momento-giusto\/","og_site_name":"weinhof KOBLER weblog","article_publisher":"https:\/\/www.facebook.com\/armin.kobler\/","article_published_time":"2010-02-08T08:39:11+00:00","article_modified_time":"2010-02-08T09:15:18+00:00","og_image":[{"url":"http:\/\/www.kobler-margreid.com\/blog\/wp-content\/2010\/01\/2010-01-27_14-09-55.jpg","type":"","width":"","height":""}],"author":"armin kobler","twitter_card":"summary_large_image","twitter_misc":{"Verfasst von":"armin kobler","Gesch\u00e4tzte Lesezeit":"5\u00a0Minuten"},"schema":{"@context":"https:\/\/schema.org","@graph":[{"@type":"Article","@id":"https:\/\/www.kobler-margreid.com\/blog\/blog\/2010\/02\/08\/der-richtige-moment-il-momento-giusto\/#article","isPartOf":{"@id":"https:\/\/www.kobler-margreid.com\/blog\/blog\/2010\/02\/08\/der-richtige-moment-il-momento-giusto\/"},"author":{"name":"armin kobler","@id":"https:\/\/www.kobler-margreid.com\/blog\/#\/schema\/person\/fcca96145437484793adb0529dc48706"},"headline":"Der richtige Moment? \u2014 Il momento giusto?","datePublished":"2010-02-08T08:39:11+00:00","dateModified":"2010-02-08T09:15:18+00:00","mainEntityOfPage":{"@id":"https:\/\/www.kobler-margreid.com\/blog\/blog\/2010\/02\/08\/der-richtige-moment-il-momento-giusto\/"},"wordCount":1058,"commentCount":1,"publisher":{"@id":"https:\/\/www.kobler-margreid.com\/blog\/#\/schema\/person\/6a2290c17f680f59c1fa7e1c7a36df3a"},"image":{"@id":"https:\/\/www.kobler-margreid.com\/blog\/blog\/2010\/02\/08\/der-richtige-moment-il-momento-giusto\/#primaryimage"},"thumbnailUrl":"http:\/\/www.kobler-margreid.com\/blog\/wp-content\/2010\/01\/2010-01-27_14-09-55.jpg","keywords":["Arunda","Bicchiere INAO","Br\u00fcssel","Bruxelles","Cor R\u00f6migberg","EOS","Francoforte","Frankfurt","ICE","INAO-Kostglas","Lafoa","Lagrein","Michael Reiterer","Offenbach","Thomas Augsch\u00f6ll","Vernatsch","Wesel"],"articleSection":["\u00d6ffentlichkeitsarbeit - Pubbliche relazioni","Verkauf - Vendita"],"inLanguage":"de","potentialAction":[{"@type":"CommentAction","name":"Comment","target":["https:\/\/www.kobler-margreid.com\/blog\/blog\/2010\/02\/08\/der-richtige-moment-il-momento-giusto\/#respond"]}]},{"@type":"WebPage","@id":"https:\/\/www.kobler-margreid.com\/blog\/blog\/2010\/02\/08\/der-richtige-moment-il-momento-giusto\/","url":"https:\/\/www.kobler-margreid.com\/blog\/blog\/2010\/02\/08\/der-richtige-moment-il-momento-giusto\/","name":"Der richtige Moment? \u2014 Il momento giusto? - weinhof KOBLER weblog","isPartOf":{"@id":"https:\/\/www.kobler-margreid.com\/blog\/#website"},"primaryImageOfPage":{"@id":"https:\/\/www.kobler-margreid.com\/blog\/blog\/2010\/02\/08\/der-richtige-moment-il-momento-giusto\/#primaryimage"},"image":{"@id":"https:\/\/www.kobler-margreid.com\/blog\/blog\/2010\/02\/08\/der-richtige-moment-il-momento-giusto\/#primaryimage"},"thumbnailUrl":"http:\/\/www.kobler-margreid.com\/blog\/wp-content\/2010\/01\/2010-01-27_14-09-55.jpg","datePublished":"2010-02-08T08:39:11+00:00","dateModified":"2010-02-08T09:15:18+00:00","breadcrumb":{"@id":"https:\/\/www.kobler-margreid.com\/blog\/blog\/2010\/02\/08\/der-richtige-moment-il-momento-giusto\/#breadcrumb"},"inLanguage":"de","potentialAction":[{"@type":"ReadAction","target":["https:\/\/www.kobler-margreid.com\/blog\/blog\/2010\/02\/08\/der-richtige-moment-il-momento-giusto\/"]}]},{"@type":"ImageObject","inLanguage":"de","@id":"https:\/\/www.kobler-margreid.com\/blog\/blog\/2010\/02\/08\/der-richtige-moment-il-momento-giusto\/#primaryimage","url":"http:\/\/www.kobler-margreid.com\/blog\/wp-content\/2010\/01\/2010-01-27_14-09-55.jpg","contentUrl":"http:\/\/www.kobler-margreid.com\/blog\/wp-content\/2010\/01\/2010-01-27_14-09-55.jpg"},{"@type":"BreadcrumbList","@id":"https:\/\/www.kobler-margreid.com\/blog\/blog\/2010\/02\/08\/der-richtige-moment-il-momento-giusto\/#breadcrumb","itemListElement":[{"@type":"ListItem","position":1,"name":"Startseite","item":"https:\/\/www.kobler-margreid.com\/blog\/"},{"@type":"ListItem","position":2,"name":"Der richtige Moment? \u2014 Il momento giusto?"}]},{"@type":"WebSite","@id":"https:\/\/www.kobler-margreid.com\/blog\/#website","url":"https:\/\/www.kobler-margreid.com\/blog\/","name":"weinhof KOBLER weblog","description":"dem wein ganz nah \u2013 all&#039;interno del vino","publisher":{"@id":"https:\/\/www.kobler-margreid.com\/blog\/#\/schema\/person\/6a2290c17f680f59c1fa7e1c7a36df3a"},"potentialAction":[{"@type":"SearchAction","target":{"@type":"EntryPoint","urlTemplate":"https:\/\/www.kobler-margreid.com\/blog\/?s={search_term_string}"},"query-input":{"@type":"PropertyValueSpecification","valueRequired":true,"valueName":"search_term_string"}}],"inLanguage":"de"},{"@type":["Person","Organization"],"@id":"https:\/\/www.kobler-margreid.com\/blog\/#\/schema\/person\/6a2290c17f680f59c1fa7e1c7a36df3a","name":"armin kobler","image":{"@type":"ImageObject","inLanguage":"de","@id":"https:\/\/www.kobler-margreid.com\/blog\/wp-content\/2023\/11\/2012-05-08_09-33-03a.jpg","url":"https:\/\/www.kobler-margreid.com\/blog\/wp-content\/2023\/11\/2012-05-08_09-33-03a.jpg","contentUrl":"https:\/\/www.kobler-margreid.com\/blog\/wp-content\/2023\/11\/2012-05-08_09-33-03a.jpg","width":1088,"height":1184,"caption":"armin kobler"},"logo":{"@id":"https:\/\/www.kobler-margreid.com\/blog\/wp-content\/2023\/11\/2012-05-08_09-33-03a.jpg"},"sameAs":["http:\/\/www.kobler-margreid.com","https:\/\/www.facebook.com\/armin.kobler\/"]},{"@type":"Person","@id":"https:\/\/www.kobler-margreid.com\/blog\/#\/schema\/person\/fcca96145437484793adb0529dc48706","name":"armin kobler","image":{"@type":"ImageObject","inLanguage":"de","@id":"https:\/\/secure.gravatar.com\/avatar\/7ed75d18f117c58598b89fcf3ec9fda3311f3fbda827ac1502944a0804d87b7f?s=96&d=mm&r=g","url":"https:\/\/secure.gravatar.com\/avatar\/7ed75d18f117c58598b89fcf3ec9fda3311f3fbda827ac1502944a0804d87b7f?s=96&d=mm&r=g","contentUrl":"https:\/\/secure.gravatar.com\/avatar\/7ed75d18f117c58598b89fcf3ec9fda3311f3fbda827ac1502944a0804d87b7f?s=96&d=mm&r=g","caption":"armin kobler"},"sameAs":["http:\/\/"],"url":"https:\/\/www.kobler-margreid.com\/blog\/blog\/author\/armin-kobler\/"}]}},"_links":{"self":[{"href":"https:\/\/www.kobler-margreid.com\/blog\/wp-json\/wp\/v2\/posts\/3675","targetHints":{"allow":["GET"]}}],"collection":[{"href":"https:\/\/www.kobler-margreid.com\/blog\/wp-json\/wp\/v2\/posts"}],"about":[{"href":"https:\/\/www.kobler-margreid.com\/blog\/wp-json\/wp\/v2\/types\/post"}],"author":[{"embeddable":true,"href":"https:\/\/www.kobler-margreid.com\/blog\/wp-json\/wp\/v2\/users\/6"}],"replies":[{"embeddable":true,"href":"https:\/\/www.kobler-margreid.com\/blog\/wp-json\/wp\/v2\/comments?post=3675"}],"version-history":[{"count":0,"href":"https:\/\/www.kobler-margreid.com\/blog\/wp-json\/wp\/v2\/posts\/3675\/revisions"}],"wp:attachment":[{"href":"https:\/\/www.kobler-margreid.com\/blog\/wp-json\/wp\/v2\/media?parent=3675"}],"wp:term":[{"taxonomy":"category","embeddable":true,"href":"https:\/\/www.kobler-margreid.com\/blog\/wp-json\/wp\/v2\/categories?post=3675"},{"taxonomy":"post_tag","embeddable":true,"href":"https:\/\/www.kobler-margreid.com\/blog\/wp-json\/wp\/v2\/tags?post=3675"}],"curies":[{"name":"wp","href":"https:\/\/api.w.org\/{rel}","templated":true}]}}