{"id":38,"date":"2008-04-03T21:20:37","date_gmt":"2008-04-03T20:20:37","guid":{"rendered":"http:\/\/www.kobler-margreid.com\/blog\/2008\/04\/03\/vinitaly-1-tag\/"},"modified":"2008-04-03T22:17:50","modified_gmt":"2008-04-03T21:17:50","slug":"vinitaly-1-tag","status":"publish","type":"post","link":"https:\/\/www.kobler-margreid.com\/blog\/blog\/2008\/04\/03\/vinitaly-1-tag\/","title":{"rendered":"Vinitaly &#8211; 1. Tag"},"content":{"rendered":"<p><img loading=\"lazy\" decoding=\"async\" src=\"http:\/\/www.kobler-margreid.com\/blog\/wp-content\/2008\/04\/2008-04-03-11-56-30a500.jpg\" alt=\"2008-04-03_11-56-30a500.jpg\" style=\"margin: 5px; padding-bottom: 5px; padding-right: 5px; padding-left: 5px; float: left\" name=\"2008-04-03-11-56-30a500.jpg\" height=\"360\" width=\"480\" \/>Einen kurzen Moment der Ruhe nutzend schreibe ich die ersten Zeilen dieses Blogs, direkt von unserem Stand der Vinitaly.<\/p>\n<p>Zusammen mit <a href=\"http:\/\/www.unterortl.it\">Martin Aurich<\/a>, <a href=\"http:\/\/fws.it\/mitglieder-weingueter-suedtirol\/fliederhof.shtml\">Stefan<\/a> und <a href=\"http:\/\/fws.it\/mitglieder-weingueter-suedtirol\/untermoserhof.shtml\">Georg Ramoser<\/a> bin ich das zweite Mal auf dieser Messe, die zusammen mit der <a href=\"http:\/\/www.vinexpo.com\">Vinexpo<\/a> in Bordeaux die weltgr\u00f6\u00dfte Weinmesse sein wird. Gr\u00f6\u00dfe muss nicht unbedingt Qualit\u00e4t mit sich bringen, weshalb die Ansichten hinsichtlich dieser Ausstellung sehr mannigfaltig sind.<!--more--> F\u00fcr all jene, welche sich am italienischen Markt bewegen ist es <span style=\"font-style: italic\">die<\/span> Gelegenheit, mit Kunden und jenen, die es vielleicht morgen sein werden, in Kontakt zu treten. Viele Eink\u00e4ufer ihrerseits nutzen die Gelegenheit, um die Lieferanten ihres 08\/09-Programms ausfindig zu machen.<\/p>\n<p>Die Probleme, die dieser riesige Ansturm an Ausstellern mit zum Teil sehr aufwendigen Standkonstruktionen, der Dauer von ganzen f\u00fcnf Tagen und den Massen von Besuchern mit sich bringt, sind jedoch auch immens und seit Jahren nicht, oder nur im Ansatz gel\u00f6st. Auch dass die Vinitaly laut Statut ausschlie\u00dflich dem Fachpublikum vorbehalten sein sollte, tats\u00e4chlich aber besonders am Wochenende von Konsumenten \u00fcberschwemmt wird, gestaltet das Miteinander dieser verschiedenen Gruppen oft alles andere als konfliktfrei. \u00dcber das Verhalten der Aussteller und den Erwartungen der Nicht-Fachbesucher wird <a href=\"http:\/\/www.aristide.biz\/2008\/03\/vinitaly-2008-m.html\">hier<\/a>, <a href=\"http:\/\/www.tigulliovino.it\/vinopigro\/2008\/03\/il_vinitaly_del_giornalista.html#more\">hier<\/a> und <a href=\"http:\/\/poggioargentiera.simplicissimus.it\/2008\/03\/il-vinitaly.html\">hier<\/a> recht ausf\u00fchrlich diskutiert.<\/p>\n<p><span style=\"font-style: italic\">Wer raunzt, kauft<\/span> und deshalb ist heuer zumindest die S\u00fcdtiroler Beteiligung an der Vinitaly sogar leicht gestiegen. Am Dienstag haben Martin und ich den etwas neu gestalteten Stand aufgestellt und gereinigt; heute um 9.00 Uhr waren wir bereit, die ersten Interessenten zu bedienen. Das Interesse an meinen Weine erwies sich als relativ kontinuierlich, nur f\u00fcr kurze Zeit konnte ich mich vom Stand entfernen, um schnell etwas an der Bar zu essen. Als besonders erfreulich kann der Besuch einiger Vertreter und des Eink\u00e4ufers meines <a href=\"http:\/\/www.propostavini.com\" target=\"_blank\">Hauptverteilers<\/a> in Italien gewertet werden. Die Weine gefielen, das Gespr\u00e4ch war gut und ich denke, dass ich unsere Betriebsphilosophie gut vermitteln konnte. Aufkl\u00e4rungsbedarf gibt es immer wieder hinsichtlich unseres <a href=\"http:\/\/www.stelvin.com\/pdf\/FR\/stelvin-lux-FR.pdf\">Schraubverschlusses<\/a>. Eine ablehnende Haltung kommt aber seltenst zum Vorschein. Bringen die Standbesucher ihre Einw\u00e4nde nur nicht vor oder ist der Durchbruch des Drehverschlusses auch auf dem italienischen Markt in greifbare N\u00e4he ger\u00fcckt? On verra&#8230;<\/p>\n","protected":false},"excerpt":{"rendered":"<p>Einen kurzen Moment der Ruhe nutzend schreibe ich die ersten Zeilen dieses Blogs, direkt von unserem Stand der Vinitaly. Zusammen mit Martin Aurich, Stefan und Georg Ramoser bin ich das zweite Mal auf dieser Messe, die zusammen mit der Vinexpo &hellip; <a href=\"https:\/\/www.kobler-margreid.com\/blog\/blog\/2008\/04\/03\/vinitaly-1-tag\/\">Weiterlesen <span class=\"meta-nav\">&rarr;<\/span><\/a><\/p>\n","protected":false},"author":1,"featured_media":0,"comment_status":"open","ping_status":"closed","sticky":false,"template":"","format":"standard","meta":{"ngg_post_thumbnail":0,"footnotes":"","_links_to":"","_links_to_target":""},"categories":[9],"tags":[22,20,21],"class_list":["post-38","post","type-post","status-publish","format-standard","hentry","category-oeffentlichkeitsarbeit","tag-schraubverschluss","tag-vinitaly","tag-weinmesse"],"yoast_head":"<!-- This site is optimized with the Yoast SEO plugin v27.5 - https:\/\/yoast.com\/product\/yoast-seo-wordpress\/ -->\n<title>Vinitaly - 1. Tag - weinhof KOBLER weblog<\/title>\n<meta name=\"robots\" content=\"index, follow, max-snippet:-1, max-image-preview:large, max-video-preview:-1\" \/>\n<link rel=\"canonical\" href=\"https:\/\/www.kobler-margreid.com\/blog\/blog\/2008\/04\/03\/vinitaly-1-tag\/\" \/>\n<meta property=\"og:locale\" content=\"de_DE\" \/>\n<meta property=\"og:type\" content=\"article\" \/>\n<meta property=\"og:title\" content=\"Vinitaly - 1. Tag - weinhof KOBLER weblog\" \/>\n<meta property=\"og:description\" content=\"Einen kurzen Moment der Ruhe nutzend schreibe ich die ersten Zeilen dieses Blogs, direkt von unserem Stand der Vinitaly. Zusammen mit Martin Aurich, Stefan und Georg Ramoser bin ich das zweite Mal auf dieser Messe, die zusammen mit der Vinexpo &hellip; Weiterlesen &rarr;\" \/>\n<meta property=\"og:url\" content=\"https:\/\/www.kobler-margreid.com\/blog\/blog\/2008\/04\/03\/vinitaly-1-tag\/\" \/>\n<meta property=\"og:site_name\" content=\"weinhof KOBLER weblog\" \/>\n<meta property=\"article:publisher\" content=\"https:\/\/www.facebook.com\/armin.kobler\/\" \/>\n<meta property=\"article:author\" content=\"https:\/\/www.facebook.com\/armin.kobler\/\" \/>\n<meta property=\"article:published_time\" content=\"2008-04-03T20:20:37+00:00\" \/>\n<meta property=\"article:modified_time\" content=\"2008-04-03T21:17:50+00:00\" \/>\n<meta property=\"og:image\" content=\"http:\/\/www.kobler-margreid.com\/blog\/wp-content\/2008\/04\/2008-04-03-11-56-30a500.jpg\" \/>\n<meta name=\"author\" content=\"armin kobler\" \/>\n<meta name=\"twitter:card\" content=\"summary_large_image\" \/>\n<meta name=\"twitter:label1\" content=\"Verfasst von\" \/>\n\t<meta name=\"twitter:data1\" content=\"armin kobler\" \/>\n\t<meta name=\"twitter:label2\" content=\"Gesch\u00e4tzte Lesezeit\" \/>\n\t<meta name=\"twitter:data2\" content=\"2\u00a0Minuten\" \/>\n<script type=\"application\/ld+json\" class=\"yoast-schema-graph\">{\"@context\":\"https:\\\/\\\/schema.org\",\"@graph\":[{\"@type\":\"Article\",\"@id\":\"https:\\\/\\\/www.kobler-margreid.com\\\/blog\\\/blog\\\/2008\\\/04\\\/03\\\/vinitaly-1-tag\\\/#article\",\"isPartOf\":{\"@id\":\"https:\\\/\\\/www.kobler-margreid.com\\\/blog\\\/blog\\\/2008\\\/04\\\/03\\\/vinitaly-1-tag\\\/\"},\"author\":{\"name\":\"armin kobler\",\"@id\":\"https:\\\/\\\/www.kobler-margreid.com\\\/blog\\\/#\\\/schema\\\/person\\\/6a2290c17f680f59c1fa7e1c7a36df3a\"},\"headline\":\"Vinitaly &#8211; 1. Tag\",\"datePublished\":\"2008-04-03T20:20:37+00:00\",\"dateModified\":\"2008-04-03T21:17:50+00:00\",\"mainEntityOfPage\":{\"@id\":\"https:\\\/\\\/www.kobler-margreid.com\\\/blog\\\/blog\\\/2008\\\/04\\\/03\\\/vinitaly-1-tag\\\/\"},\"wordCount\":362,\"commentCount\":4,\"publisher\":{\"@id\":\"https:\\\/\\\/www.kobler-margreid.com\\\/blog\\\/#\\\/schema\\\/person\\\/6a2290c17f680f59c1fa7e1c7a36df3a\"},\"image\":{\"@id\":\"https:\\\/\\\/www.kobler-margreid.com\\\/blog\\\/blog\\\/2008\\\/04\\\/03\\\/vinitaly-1-tag\\\/#primaryimage\"},\"thumbnailUrl\":\"http:\\\/\\\/www.kobler-margreid.com\\\/blog\\\/wp-content\\\/2008\\\/04\\\/2008-04-03-11-56-30a500.jpg\",\"keywords\":[\"Schraubverschluss\",\"Vinitaly\",\"Weinmesse\"],\"articleSection\":[\"\u00d6ffentlichkeitsarbeit - Pubbliche relazioni\"],\"inLanguage\":\"de\",\"potentialAction\":[{\"@type\":\"CommentAction\",\"name\":\"Comment\",\"target\":[\"https:\\\/\\\/www.kobler-margreid.com\\\/blog\\\/blog\\\/2008\\\/04\\\/03\\\/vinitaly-1-tag\\\/#respond\"]}]},{\"@type\":\"WebPage\",\"@id\":\"https:\\\/\\\/www.kobler-margreid.com\\\/blog\\\/blog\\\/2008\\\/04\\\/03\\\/vinitaly-1-tag\\\/\",\"url\":\"https:\\\/\\\/www.kobler-margreid.com\\\/blog\\\/blog\\\/2008\\\/04\\\/03\\\/vinitaly-1-tag\\\/\",\"name\":\"Vinitaly - 1. Tag - weinhof KOBLER weblog\",\"isPartOf\":{\"@id\":\"https:\\\/\\\/www.kobler-margreid.com\\\/blog\\\/#website\"},\"primaryImageOfPage\":{\"@id\":\"https:\\\/\\\/www.kobler-margreid.com\\\/blog\\\/blog\\\/2008\\\/04\\\/03\\\/vinitaly-1-tag\\\/#primaryimage\"},\"image\":{\"@id\":\"https:\\\/\\\/www.kobler-margreid.com\\\/blog\\\/blog\\\/2008\\\/04\\\/03\\\/vinitaly-1-tag\\\/#primaryimage\"},\"thumbnailUrl\":\"http:\\\/\\\/www.kobler-margreid.com\\\/blog\\\/wp-content\\\/2008\\\/04\\\/2008-04-03-11-56-30a500.jpg\",\"datePublished\":\"2008-04-03T20:20:37+00:00\",\"dateModified\":\"2008-04-03T21:17:50+00:00\",\"breadcrumb\":{\"@id\":\"https:\\\/\\\/www.kobler-margreid.com\\\/blog\\\/blog\\\/2008\\\/04\\\/03\\\/vinitaly-1-tag\\\/#breadcrumb\"},\"inLanguage\":\"de\",\"potentialAction\":[{\"@type\":\"ReadAction\",\"target\":[\"https:\\\/\\\/www.kobler-margreid.com\\\/blog\\\/blog\\\/2008\\\/04\\\/03\\\/vinitaly-1-tag\\\/\"]}]},{\"@type\":\"ImageObject\",\"inLanguage\":\"de\",\"@id\":\"https:\\\/\\\/www.kobler-margreid.com\\\/blog\\\/blog\\\/2008\\\/04\\\/03\\\/vinitaly-1-tag\\\/#primaryimage\",\"url\":\"http:\\\/\\\/www.kobler-margreid.com\\\/blog\\\/wp-content\\\/2008\\\/04\\\/2008-04-03-11-56-30a500.jpg\",\"contentUrl\":\"http:\\\/\\\/www.kobler-margreid.com\\\/blog\\\/wp-content\\\/2008\\\/04\\\/2008-04-03-11-56-30a500.jpg\"},{\"@type\":\"BreadcrumbList\",\"@id\":\"https:\\\/\\\/www.kobler-margreid.com\\\/blog\\\/blog\\\/2008\\\/04\\\/03\\\/vinitaly-1-tag\\\/#breadcrumb\",\"itemListElement\":[{\"@type\":\"ListItem\",\"position\":1,\"name\":\"Startseite\",\"item\":\"https:\\\/\\\/www.kobler-margreid.com\\\/blog\\\/\"},{\"@type\":\"ListItem\",\"position\":2,\"name\":\"Vinitaly &#8211; 1. Tag\"}]},{\"@type\":\"WebSite\",\"@id\":\"https:\\\/\\\/www.kobler-margreid.com\\\/blog\\\/#website\",\"url\":\"https:\\\/\\\/www.kobler-margreid.com\\\/blog\\\/\",\"name\":\"weinhof KOBLER weblog\",\"description\":\"dem wein ganz nah \u2013 all&#039;interno del vino\",\"publisher\":{\"@id\":\"https:\\\/\\\/www.kobler-margreid.com\\\/blog\\\/#\\\/schema\\\/person\\\/6a2290c17f680f59c1fa7e1c7a36df3a\"},\"potentialAction\":[{\"@type\":\"SearchAction\",\"target\":{\"@type\":\"EntryPoint\",\"urlTemplate\":\"https:\\\/\\\/www.kobler-margreid.com\\\/blog\\\/?s={search_term_string}\"},\"query-input\":{\"@type\":\"PropertyValueSpecification\",\"valueRequired\":true,\"valueName\":\"search_term_string\"}}],\"inLanguage\":\"de\"},{\"@type\":[\"Person\",\"Organization\"],\"@id\":\"https:\\\/\\\/www.kobler-margreid.com\\\/blog\\\/#\\\/schema\\\/person\\\/6a2290c17f680f59c1fa7e1c7a36df3a\",\"name\":\"armin kobler\",\"image\":{\"@type\":\"ImageObject\",\"inLanguage\":\"de\",\"@id\":\"https:\\\/\\\/www.kobler-margreid.com\\\/blog\\\/wp-content\\\/2023\\\/11\\\/2012-05-08_09-33-03a.jpg\",\"url\":\"https:\\\/\\\/www.kobler-margreid.com\\\/blog\\\/wp-content\\\/2023\\\/11\\\/2012-05-08_09-33-03a.jpg\",\"contentUrl\":\"https:\\\/\\\/www.kobler-margreid.com\\\/blog\\\/wp-content\\\/2023\\\/11\\\/2012-05-08_09-33-03a.jpg\",\"width\":1088,\"height\":1184,\"caption\":\"armin kobler\"},\"logo\":{\"@id\":\"https:\\\/\\\/www.kobler-margreid.com\\\/blog\\\/wp-content\\\/2023\\\/11\\\/2012-05-08_09-33-03a.jpg\"},\"sameAs\":[\"http:\\\/\\\/www.kobler-margreid.com\",\"https:\\\/\\\/www.facebook.com\\\/armin.kobler\\\/\"],\"url\":\"https:\\\/\\\/www.kobler-margreid.com\\\/blog\\\/blog\\\/author\\\/admin\\\/\"}]}<\/script>\n<!-- \/ Yoast SEO plugin. -->","yoast_head_json":{"title":"Vinitaly - 1. Tag - weinhof KOBLER weblog","robots":{"index":"index","follow":"follow","max-snippet":"max-snippet:-1","max-image-preview":"max-image-preview:large","max-video-preview":"max-video-preview:-1"},"canonical":"https:\/\/www.kobler-margreid.com\/blog\/blog\/2008\/04\/03\/vinitaly-1-tag\/","og_locale":"de_DE","og_type":"article","og_title":"Vinitaly - 1. Tag - weinhof KOBLER weblog","og_description":"Einen kurzen Moment der Ruhe nutzend schreibe ich die ersten Zeilen dieses Blogs, direkt von unserem Stand der Vinitaly. Zusammen mit Martin Aurich, Stefan und Georg Ramoser bin ich das zweite Mal auf dieser Messe, die zusammen mit der Vinexpo &hellip; Weiterlesen &rarr;","og_url":"https:\/\/www.kobler-margreid.com\/blog\/blog\/2008\/04\/03\/vinitaly-1-tag\/","og_site_name":"weinhof KOBLER weblog","article_publisher":"https:\/\/www.facebook.com\/armin.kobler\/","article_author":"https:\/\/www.facebook.com\/armin.kobler\/","article_published_time":"2008-04-03T20:20:37+00:00","article_modified_time":"2008-04-03T21:17:50+00:00","og_image":[{"url":"http:\/\/www.kobler-margreid.com\/blog\/wp-content\/2008\/04\/2008-04-03-11-56-30a500.jpg","type":"","width":"","height":""}],"author":"armin kobler","twitter_card":"summary_large_image","twitter_misc":{"Verfasst von":"armin kobler","Gesch\u00e4tzte Lesezeit":"2\u00a0Minuten"},"schema":{"@context":"https:\/\/schema.org","@graph":[{"@type":"Article","@id":"https:\/\/www.kobler-margreid.com\/blog\/blog\/2008\/04\/03\/vinitaly-1-tag\/#article","isPartOf":{"@id":"https:\/\/www.kobler-margreid.com\/blog\/blog\/2008\/04\/03\/vinitaly-1-tag\/"},"author":{"name":"armin kobler","@id":"https:\/\/www.kobler-margreid.com\/blog\/#\/schema\/person\/6a2290c17f680f59c1fa7e1c7a36df3a"},"headline":"Vinitaly &#8211; 1. Tag","datePublished":"2008-04-03T20:20:37+00:00","dateModified":"2008-04-03T21:17:50+00:00","mainEntityOfPage":{"@id":"https:\/\/www.kobler-margreid.com\/blog\/blog\/2008\/04\/03\/vinitaly-1-tag\/"},"wordCount":362,"commentCount":4,"publisher":{"@id":"https:\/\/www.kobler-margreid.com\/blog\/#\/schema\/person\/6a2290c17f680f59c1fa7e1c7a36df3a"},"image":{"@id":"https:\/\/www.kobler-margreid.com\/blog\/blog\/2008\/04\/03\/vinitaly-1-tag\/#primaryimage"},"thumbnailUrl":"http:\/\/www.kobler-margreid.com\/blog\/wp-content\/2008\/04\/2008-04-03-11-56-30a500.jpg","keywords":["Schraubverschluss","Vinitaly","Weinmesse"],"articleSection":["\u00d6ffentlichkeitsarbeit - Pubbliche relazioni"],"inLanguage":"de","potentialAction":[{"@type":"CommentAction","name":"Comment","target":["https:\/\/www.kobler-margreid.com\/blog\/blog\/2008\/04\/03\/vinitaly-1-tag\/#respond"]}]},{"@type":"WebPage","@id":"https:\/\/www.kobler-margreid.com\/blog\/blog\/2008\/04\/03\/vinitaly-1-tag\/","url":"https:\/\/www.kobler-margreid.com\/blog\/blog\/2008\/04\/03\/vinitaly-1-tag\/","name":"Vinitaly - 1. Tag - weinhof KOBLER weblog","isPartOf":{"@id":"https:\/\/www.kobler-margreid.com\/blog\/#website"},"primaryImageOfPage":{"@id":"https:\/\/www.kobler-margreid.com\/blog\/blog\/2008\/04\/03\/vinitaly-1-tag\/#primaryimage"},"image":{"@id":"https:\/\/www.kobler-margreid.com\/blog\/blog\/2008\/04\/03\/vinitaly-1-tag\/#primaryimage"},"thumbnailUrl":"http:\/\/www.kobler-margreid.com\/blog\/wp-content\/2008\/04\/2008-04-03-11-56-30a500.jpg","datePublished":"2008-04-03T20:20:37+00:00","dateModified":"2008-04-03T21:17:50+00:00","breadcrumb":{"@id":"https:\/\/www.kobler-margreid.com\/blog\/blog\/2008\/04\/03\/vinitaly-1-tag\/#breadcrumb"},"inLanguage":"de","potentialAction":[{"@type":"ReadAction","target":["https:\/\/www.kobler-margreid.com\/blog\/blog\/2008\/04\/03\/vinitaly-1-tag\/"]}]},{"@type":"ImageObject","inLanguage":"de","@id":"https:\/\/www.kobler-margreid.com\/blog\/blog\/2008\/04\/03\/vinitaly-1-tag\/#primaryimage","url":"http:\/\/www.kobler-margreid.com\/blog\/wp-content\/2008\/04\/2008-04-03-11-56-30a500.jpg","contentUrl":"http:\/\/www.kobler-margreid.com\/blog\/wp-content\/2008\/04\/2008-04-03-11-56-30a500.jpg"},{"@type":"BreadcrumbList","@id":"https:\/\/www.kobler-margreid.com\/blog\/blog\/2008\/04\/03\/vinitaly-1-tag\/#breadcrumb","itemListElement":[{"@type":"ListItem","position":1,"name":"Startseite","item":"https:\/\/www.kobler-margreid.com\/blog\/"},{"@type":"ListItem","position":2,"name":"Vinitaly &#8211; 1. Tag"}]},{"@type":"WebSite","@id":"https:\/\/www.kobler-margreid.com\/blog\/#website","url":"https:\/\/www.kobler-margreid.com\/blog\/","name":"weinhof KOBLER weblog","description":"dem wein ganz nah \u2013 all&#039;interno del vino","publisher":{"@id":"https:\/\/www.kobler-margreid.com\/blog\/#\/schema\/person\/6a2290c17f680f59c1fa7e1c7a36df3a"},"potentialAction":[{"@type":"SearchAction","target":{"@type":"EntryPoint","urlTemplate":"https:\/\/www.kobler-margreid.com\/blog\/?s={search_term_string}"},"query-input":{"@type":"PropertyValueSpecification","valueRequired":true,"valueName":"search_term_string"}}],"inLanguage":"de"},{"@type":["Person","Organization"],"@id":"https:\/\/www.kobler-margreid.com\/blog\/#\/schema\/person\/6a2290c17f680f59c1fa7e1c7a36df3a","name":"armin kobler","image":{"@type":"ImageObject","inLanguage":"de","@id":"https:\/\/www.kobler-margreid.com\/blog\/wp-content\/2023\/11\/2012-05-08_09-33-03a.jpg","url":"https:\/\/www.kobler-margreid.com\/blog\/wp-content\/2023\/11\/2012-05-08_09-33-03a.jpg","contentUrl":"https:\/\/www.kobler-margreid.com\/blog\/wp-content\/2023\/11\/2012-05-08_09-33-03a.jpg","width":1088,"height":1184,"caption":"armin kobler"},"logo":{"@id":"https:\/\/www.kobler-margreid.com\/blog\/wp-content\/2023\/11\/2012-05-08_09-33-03a.jpg"},"sameAs":["http:\/\/www.kobler-margreid.com","https:\/\/www.facebook.com\/armin.kobler\/"],"url":"https:\/\/www.kobler-margreid.com\/blog\/blog\/author\/admin\/"}]}},"_links":{"self":[{"href":"https:\/\/www.kobler-margreid.com\/blog\/wp-json\/wp\/v2\/posts\/38","targetHints":{"allow":["GET"]}}],"collection":[{"href":"https:\/\/www.kobler-margreid.com\/blog\/wp-json\/wp\/v2\/posts"}],"about":[{"href":"https:\/\/www.kobler-margreid.com\/blog\/wp-json\/wp\/v2\/types\/post"}],"author":[{"embeddable":true,"href":"https:\/\/www.kobler-margreid.com\/blog\/wp-json\/wp\/v2\/users\/1"}],"replies":[{"embeddable":true,"href":"https:\/\/www.kobler-margreid.com\/blog\/wp-json\/wp\/v2\/comments?post=38"}],"version-history":[{"count":0,"href":"https:\/\/www.kobler-margreid.com\/blog\/wp-json\/wp\/v2\/posts\/38\/revisions"}],"wp:attachment":[{"href":"https:\/\/www.kobler-margreid.com\/blog\/wp-json\/wp\/v2\/media?parent=38"}],"wp:term":[{"taxonomy":"category","embeddable":true,"href":"https:\/\/www.kobler-margreid.com\/blog\/wp-json\/wp\/v2\/categories?post=38"},{"taxonomy":"post_tag","embeddable":true,"href":"https:\/\/www.kobler-margreid.com\/blog\/wp-json\/wp\/v2\/tags?post=38"}],"curies":[{"name":"wp","href":"https:\/\/api.w.org\/{rel}","templated":true}]}}