{"id":3964,"date":"2010-05-21T12:40:07","date_gmt":"2010-05-21T11:40:07","guid":{"rendered":"http:\/\/www.kobler-margreid.com\/blog\/?p=3964"},"modified":"2010-05-21T20:31:15","modified_gmt":"2010-05-21T19:31:15","slug":"fuellung-2010-imbottigliamento-2010","status":"publish","type":"post","link":"https:\/\/www.kobler-margreid.com\/blog\/blog\/2010\/05\/21\/fuellung-2010-imbottigliamento-2010\/","title":{"rendered":"F\u00fcllung 2010 \u2014 Imbottigliamento 2010"},"content":{"rendered":"<p><a href=\"http:\/\/www.kobler-margreid.com\/blog\/wp-content\/2010\/05\/2010-05-08_13-32-351.jpg\" rel=\"lightbox[3964]\"><img loading=\"lazy\" decoding=\"async\" class=\"float left alignleft size-full wp-image-3976\" style=\"border: 0pt none; margin: 0px 5px;\" title=\"2010-05-08_13-32-35\" src=\"http:\/\/www.kobler-margreid.com\/blog\/wp-content\/2010\/05\/2010-05-08_13-32-351.jpg\" alt=\"\" width=\"344\" height=\"258\" srcset=\"https:\/\/www.kobler-margreid.com\/blog\/wp-content\/2010\/05\/2010-05-08_13-32-351.jpg 1024w, https:\/\/www.kobler-margreid.com\/blog\/wp-content\/2010\/05\/2010-05-08_13-32-351-300x225.jpg 300w\" sizes=\"auto, (max-width: 344px) 100vw, 344px\" \/><\/a>Im Fr\u00fchjahr werden in unserem Betrieb die Weine gef\u00fcllt, bis jetzt in den Monaten April oder Mai, mit der Tendenz, diesen die Weinbereitung abschlie\u00dfenden Vorgang sp\u00e4ter durchzuf\u00fchren. Es kommen dabei die Wei\u00dfweine und der Kretzer des vorigen, sowie der Rotwein des vorvorigen Jahres in die Flasche. Bis jetzt konnten wir immer in maximal drei Tagen die zuletzt angefallenen etwas mehr als 14.000 Flaschen f\u00fcllen. Die Abf\u00fcllmaschine samt Techniker stammt von unserer Maschinengemeinschaft, f\u00fcnf zus\u00e4tzliche Leute muss ich f\u00fcr den Anlass stellen.<\/p>\n<p><em>In primavera, normalmente ad aprile o maggio con la tendenza di ritardare, imbottigliamo. Vengono messi in bottiglia i bianchi ed il rosato dell&#8217;anno precedente nonch\u00e8 il rosso di due anni prima. Finora siamo sempre riusciti a fare in tre giorni al massimo le poco pi\u00f9 di 14.000 bottiglie di produzione annuale. L&#8217;imbottigliatrice ed etichettatrice mobile \u00e8 quella della nostra cooperativa di macchine enologiche. Ha con se un tecnico, altre cinque persone devo mettere a disposizione io all&#8217;occasione.<\/em><\/p>\n<p><em> <!--more--><\/em><\/p>\n<p>Der F\u00fcller funktionierte anstandslos, auch der Anroller und die Etikettiermaschine zickten, im Gegensatz zu vorigen Jahren (<a href=\"http:\/\/www.kobler-margreid.com\/blog\/2008\/04\/26\/fullung-1-3-zentimeter\/\" target=\"_blank\">1<\/a>, <a href=\"http:\/\/www.kobler-margreid.com\/blog\/2008\/05\/02\/fullung-2-immer-den-wagenheber-mitnehmen\/\" target=\"_blank\">2<\/a>, <a href=\"http:\/\/www.kobler-margreid.com\/blog\/2008\/05\/04\/fullung-3-geschafft\/\" target=\"_blank\">3<\/a>, <a href=\"http:\/\/www.kobler-margreid.com\/blog\/2009\/04\/24\/alles-raus-fuori-tutto\/\" target=\"_blank\">4<\/a>) zum Gl\u00fcck nicht. Diese Mal war es die Filtration, welche mir zum Teil schwerwiegende Probleme bescherte. Die bew\u00e4hrte <a href=\"http:\/\/www.kobler-margreid.com\/blog\/2008\/04\/19\/fullvorbereitungen-2-ich-muss-drausen-bleiben\/\" target=\"_blank\">Tangentialfiltration<\/a> funktionierte nicht wie erwartet und bl\u00f6derweise, mich in Sicherheit wiegend, habe ich keinen Filtrierbarkeitstest danach durchgf\u00fchrt. Die Folge war, dass mir beim F\u00fcllen die Sterilmembrane an der Maschine immer wieder &#8222;zu gingen&#8220; und aufwendige Regenerierungen notwendig machten. Am Samstag hat mir dann noch <a href=\"http:\/\/www.tiefenbrunner.com\/\" target=\"_blank\">Christoph Tiefenbrunner<\/a> aus der Patsche geholfen, in dem er mir eine seiner Kerzen schnell zur Verf\u00fcgung gestellt hat. F\u00fcr das n\u00e4chste Jahr ist der Filtrationsablauf sicher zu \u00fcberdenken. F\u00fcr den Wein sicher nicht bedenklich und f\u00fcr die allermeisten Konsumenten auch irrelvant: Die Druckerei hat wieder einmal im letzten Moment die Etiketten geliefert und auch nicht so, wie sie bestellt waren, leider. Auch hierzu habe ich mir dringende Verbesserungsvorschl\u00e4ge f\u00fcr das n\u00e4chste Jahr notiert.<\/p>\nngg_shortcode_0_placeholder\n<p><em>La riempitrice ha funzionato senza problemi, anche la tappatrice e l&#8217;etichettatrice per fortuna non hanno dato problemi come negli anni precedenti (<\/em><a href=\"http:\/\/www.kobler-margreid.com\/blog\/2008\/04\/26\/fullung-1-3-zentimeter\/\" target=\"_blank\"><em>1<\/em><\/a><em>,<\/em><a href=\"http:\/\/www.kobler-margreid.com\/blog\/2008\/05\/02\/fullung-2-immer-den-wagenheber-mitnehmen\/\" target=\"_blank\"><em>2<\/em><\/a><em>, <\/em><a href=\"http:\/\/www.kobler-margreid.com\/blog\/2008\/05\/04\/fullung-3-geschafft\/\" target=\"_blank\"><em>3<\/em><\/a><em>, <\/em><a href=\"http:\/\/www.kobler-margreid.com\/blog\/2009\/04\/24\/alles-raus-fuori-tutto\/\" target=\"_blank\"><em>4<\/em><\/a><em>). Questa volta era la filtrazione per\u00f2 a provocare problemi pi\u00f9 che fastidiosi. La <a href=\"http:\/\/www.kobler-margreid.com\/blog\/2008\/04\/19\/fullvorbereitungen-2-ich-muss-drausen-bleiben\/\" target=\"_blank\">filtrazione tangenziale<\/a> a mia insaputa non ha funzionato come negli anni precedenti ed io, sicuro di un procedimento affermato, non ho determinato l&#8217;indice di filtrabilit\u00e0 del prodotto prima dell&#8217;imbotigliamento. Di conseguenza le cartucce prima dell&#8217;imbottigliatrice e quelle sterili sulla macchina stessa si sono intasate in continuazione e solo ripetuti lavaggi le hanno rigenerate. Il sabato infine abbiamo potuto finire il lavoro grazie ad una cartuccia prestata dal collega <a href=\"http:\/\/www.tiefenbrunner.com\/\" target=\"_blank\">Christoph Tiefenbrunner<\/a>. Per l&#8217;anno prossimo dovr\u00f2 rivedere in ogni caso la filiera della filtrazione. Senza ripercussioni sul vino e senza che la maggiorparte dei consumatori probabilmente lo noter\u00e0, anche la tipografia ha dato dei problemi, fornendo le etichette all&#8217;ultimo momento e, peggio, stampandole diversamenta da come le ho volute. Anche a proposito di questo ho fatto diverse annotazioni per l&#8217;anno prossimo.<\/em><\/p>\n<p style=\"text-align: left;\"><em><object classid=\"clsid:d27cdb6e-ae6d-11cf-96b8-444553540000\" width=\"425\" height=\"350\" codebase=\"http:\/\/download.macromedia.com\/pub\/shockwave\/cabs\/flash\/swflash.cab#version=6,0,40,0\"><param name=\"src\" value=\"http:\/\/www.youtube.com\/v\/Sn-TNHhRr5A\" \/><embed type=\"application\/x-shockwave-flash\" width=\"425\" height=\"350\" src=\"http:\/\/www.youtube.com\/v\/Sn-TNHhRr5A\"><\/embed><\/object><\/em><\/p>\n<p style=\"text-align: left;\"><em><br \/>\n<\/em><\/p>\n<p style=\"text-align: left;\"><em><br \/>\n<\/em><\/p>\n<p><em> <\/em><\/p>\n","protected":false},"excerpt":{"rendered":"<p>Im Fr\u00fchjahr werden in unserem Betrieb die Weine gef\u00fcllt, bis jetzt in den Monaten April oder Mai, mit der Tendenz, diesen die Weinbereitung abschlie\u00dfenden Vorgang sp\u00e4ter durchzuf\u00fchren. Es kommen dabei die Wei\u00dfweine und der Kretzer des vorigen, sowie der Rotwein &hellip; <a href=\"https:\/\/www.kobler-margreid.com\/blog\/blog\/2010\/05\/21\/fuellung-2010-imbottigliamento-2010\/\">Weiterlesen <span class=\"meta-nav\">&rarr;<\/span><\/a><\/p>\n","protected":false},"author":6,"featured_media":0,"comment_status":"open","ping_status":"open","sticky":false,"template":"","format":"standard","meta":{"ngg_post_thumbnail":0,"footnotes":"","_links_to":"","_links_to_target":""},"categories":[15],"tags":[68,677,61,377],"class_list":["post-3964","post","type-post","status-publish","format-standard","hentry","category-keller","tag-filtration","tag-filtrazione","tag-fullung","tag-imbottigliamento"],"yoast_head":"<!-- This site is optimized with the Yoast SEO plugin v27.5 - https:\/\/yoast.com\/product\/yoast-seo-wordpress\/ -->\n<title>F\u00fcllung 2010 \u2014 Imbottigliamento 2010 - weinhof KOBLER weblog<\/title>\n<meta name=\"robots\" content=\"index, follow, max-snippet:-1, max-image-preview:large, max-video-preview:-1\" \/>\n<link rel=\"canonical\" href=\"https:\/\/www.kobler-margreid.com\/blog\/blog\/2010\/05\/21\/fuellung-2010-imbottigliamento-2010\/\" \/>\n<meta property=\"og:locale\" content=\"de_DE\" \/>\n<meta property=\"og:type\" content=\"article\" \/>\n<meta property=\"og:title\" content=\"F\u00fcllung 2010 \u2014 Imbottigliamento 2010 - weinhof KOBLER weblog\" \/>\n<meta property=\"og:description\" content=\"Im Fr\u00fchjahr werden in unserem Betrieb die Weine gef\u00fcllt, bis jetzt in den Monaten April oder Mai, mit der Tendenz, diesen die Weinbereitung abschlie\u00dfenden Vorgang sp\u00e4ter durchzuf\u00fchren. Es kommen dabei die Wei\u00dfweine und der Kretzer des vorigen, sowie der Rotwein &hellip; Weiterlesen &rarr;\" \/>\n<meta property=\"og:url\" content=\"https:\/\/www.kobler-margreid.com\/blog\/blog\/2010\/05\/21\/fuellung-2010-imbottigliamento-2010\/\" \/>\n<meta property=\"og:site_name\" content=\"weinhof KOBLER weblog\" \/>\n<meta property=\"article:publisher\" content=\"https:\/\/www.facebook.com\/armin.kobler\/\" \/>\n<meta property=\"article:published_time\" content=\"2010-05-21T11:40:07+00:00\" \/>\n<meta property=\"article:modified_time\" content=\"2010-05-21T19:31:15+00:00\" \/>\n<meta property=\"og:image\" content=\"http:\/\/www.kobler-margreid.com\/blog\/wp-content\/2010\/05\/2010-05-08_13-32-351.jpg\" \/>\n<meta name=\"author\" content=\"armin kobler\" \/>\n<meta name=\"twitter:card\" content=\"summary_large_image\" \/>\n<meta name=\"twitter:label1\" content=\"Verfasst von\" \/>\n\t<meta name=\"twitter:data1\" content=\"armin kobler\" \/>\n\t<meta name=\"twitter:label2\" content=\"Gesch\u00e4tzte Lesezeit\" \/>\n\t<meta name=\"twitter:data2\" content=\"2\u00a0Minuten\" \/>\n<script type=\"application\/ld+json\" class=\"yoast-schema-graph\">{\"@context\":\"https:\\\/\\\/schema.org\",\"@graph\":[{\"@type\":\"Article\",\"@id\":\"https:\\\/\\\/www.kobler-margreid.com\\\/blog\\\/blog\\\/2010\\\/05\\\/21\\\/fuellung-2010-imbottigliamento-2010\\\/#article\",\"isPartOf\":{\"@id\":\"https:\\\/\\\/www.kobler-margreid.com\\\/blog\\\/blog\\\/2010\\\/05\\\/21\\\/fuellung-2010-imbottigliamento-2010\\\/\"},\"author\":{\"name\":\"armin kobler\",\"@id\":\"https:\\\/\\\/www.kobler-margreid.com\\\/blog\\\/#\\\/schema\\\/person\\\/fcca96145437484793adb0529dc48706\"},\"headline\":\"F\u00fcllung 2010 \u2014 Imbottigliamento 2010\",\"datePublished\":\"2010-05-21T11:40:07+00:00\",\"dateModified\":\"2010-05-21T19:31:15+00:00\",\"mainEntityOfPage\":{\"@id\":\"https:\\\/\\\/www.kobler-margreid.com\\\/blog\\\/blog\\\/2010\\\/05\\\/21\\\/fuellung-2010-imbottigliamento-2010\\\/\"},\"wordCount\":499,\"commentCount\":3,\"publisher\":{\"@id\":\"https:\\\/\\\/www.kobler-margreid.com\\\/blog\\\/#\\\/schema\\\/person\\\/6a2290c17f680f59c1fa7e1c7a36df3a\"},\"image\":{\"@id\":\"https:\\\/\\\/www.kobler-margreid.com\\\/blog\\\/blog\\\/2010\\\/05\\\/21\\\/fuellung-2010-imbottigliamento-2010\\\/#primaryimage\"},\"thumbnailUrl\":\"http:\\\/\\\/www.kobler-margreid.com\\\/blog\\\/wp-content\\\/2010\\\/05\\\/2010-05-08_13-32-351.jpg\",\"keywords\":[\"Filtration\",\"Filtrazione\",\"F\u00fcllung\",\"Imbottigliamento\"],\"articleSection\":[\"Keller - Cantina\"],\"inLanguage\":\"de\",\"potentialAction\":[{\"@type\":\"CommentAction\",\"name\":\"Comment\",\"target\":[\"https:\\\/\\\/www.kobler-margreid.com\\\/blog\\\/blog\\\/2010\\\/05\\\/21\\\/fuellung-2010-imbottigliamento-2010\\\/#respond\"]}]},{\"@type\":\"WebPage\",\"@id\":\"https:\\\/\\\/www.kobler-margreid.com\\\/blog\\\/blog\\\/2010\\\/05\\\/21\\\/fuellung-2010-imbottigliamento-2010\\\/\",\"url\":\"https:\\\/\\\/www.kobler-margreid.com\\\/blog\\\/blog\\\/2010\\\/05\\\/21\\\/fuellung-2010-imbottigliamento-2010\\\/\",\"name\":\"F\u00fcllung 2010 \u2014 Imbottigliamento 2010 - weinhof KOBLER weblog\",\"isPartOf\":{\"@id\":\"https:\\\/\\\/www.kobler-margreid.com\\\/blog\\\/#website\"},\"primaryImageOfPage\":{\"@id\":\"https:\\\/\\\/www.kobler-margreid.com\\\/blog\\\/blog\\\/2010\\\/05\\\/21\\\/fuellung-2010-imbottigliamento-2010\\\/#primaryimage\"},\"image\":{\"@id\":\"https:\\\/\\\/www.kobler-margreid.com\\\/blog\\\/blog\\\/2010\\\/05\\\/21\\\/fuellung-2010-imbottigliamento-2010\\\/#primaryimage\"},\"thumbnailUrl\":\"http:\\\/\\\/www.kobler-margreid.com\\\/blog\\\/wp-content\\\/2010\\\/05\\\/2010-05-08_13-32-351.jpg\",\"datePublished\":\"2010-05-21T11:40:07+00:00\",\"dateModified\":\"2010-05-21T19:31:15+00:00\",\"breadcrumb\":{\"@id\":\"https:\\\/\\\/www.kobler-margreid.com\\\/blog\\\/blog\\\/2010\\\/05\\\/21\\\/fuellung-2010-imbottigliamento-2010\\\/#breadcrumb\"},\"inLanguage\":\"de\",\"potentialAction\":[{\"@type\":\"ReadAction\",\"target\":[\"https:\\\/\\\/www.kobler-margreid.com\\\/blog\\\/blog\\\/2010\\\/05\\\/21\\\/fuellung-2010-imbottigliamento-2010\\\/\"]}]},{\"@type\":\"ImageObject\",\"inLanguage\":\"de\",\"@id\":\"https:\\\/\\\/www.kobler-margreid.com\\\/blog\\\/blog\\\/2010\\\/05\\\/21\\\/fuellung-2010-imbottigliamento-2010\\\/#primaryimage\",\"url\":\"http:\\\/\\\/www.kobler-margreid.com\\\/blog\\\/wp-content\\\/2010\\\/05\\\/2010-05-08_13-32-351.jpg\",\"contentUrl\":\"http:\\\/\\\/www.kobler-margreid.com\\\/blog\\\/wp-content\\\/2010\\\/05\\\/2010-05-08_13-32-351.jpg\"},{\"@type\":\"BreadcrumbList\",\"@id\":\"https:\\\/\\\/www.kobler-margreid.com\\\/blog\\\/blog\\\/2010\\\/05\\\/21\\\/fuellung-2010-imbottigliamento-2010\\\/#breadcrumb\",\"itemListElement\":[{\"@type\":\"ListItem\",\"position\":1,\"name\":\"Startseite\",\"item\":\"https:\\\/\\\/www.kobler-margreid.com\\\/blog\\\/\"},{\"@type\":\"ListItem\",\"position\":2,\"name\":\"F\u00fcllung 2010 \u2014 Imbottigliamento 2010\"}]},{\"@type\":\"WebSite\",\"@id\":\"https:\\\/\\\/www.kobler-margreid.com\\\/blog\\\/#website\",\"url\":\"https:\\\/\\\/www.kobler-margreid.com\\\/blog\\\/\",\"name\":\"weinhof KOBLER weblog\",\"description\":\"dem wein ganz nah \u2013 all&#039;interno del vino\",\"publisher\":{\"@id\":\"https:\\\/\\\/www.kobler-margreid.com\\\/blog\\\/#\\\/schema\\\/person\\\/6a2290c17f680f59c1fa7e1c7a36df3a\"},\"potentialAction\":[{\"@type\":\"SearchAction\",\"target\":{\"@type\":\"EntryPoint\",\"urlTemplate\":\"https:\\\/\\\/www.kobler-margreid.com\\\/blog\\\/?s={search_term_string}\"},\"query-input\":{\"@type\":\"PropertyValueSpecification\",\"valueRequired\":true,\"valueName\":\"search_term_string\"}}],\"inLanguage\":\"de\"},{\"@type\":[\"Person\",\"Organization\"],\"@id\":\"https:\\\/\\\/www.kobler-margreid.com\\\/blog\\\/#\\\/schema\\\/person\\\/6a2290c17f680f59c1fa7e1c7a36df3a\",\"name\":\"armin kobler\",\"image\":{\"@type\":\"ImageObject\",\"inLanguage\":\"de\",\"@id\":\"https:\\\/\\\/www.kobler-margreid.com\\\/blog\\\/wp-content\\\/2023\\\/11\\\/2012-05-08_09-33-03a.jpg\",\"url\":\"https:\\\/\\\/www.kobler-margreid.com\\\/blog\\\/wp-content\\\/2023\\\/11\\\/2012-05-08_09-33-03a.jpg\",\"contentUrl\":\"https:\\\/\\\/www.kobler-margreid.com\\\/blog\\\/wp-content\\\/2023\\\/11\\\/2012-05-08_09-33-03a.jpg\",\"width\":1088,\"height\":1184,\"caption\":\"armin kobler\"},\"logo\":{\"@id\":\"https:\\\/\\\/www.kobler-margreid.com\\\/blog\\\/wp-content\\\/2023\\\/11\\\/2012-05-08_09-33-03a.jpg\"},\"sameAs\":[\"http:\\\/\\\/www.kobler-margreid.com\",\"https:\\\/\\\/www.facebook.com\\\/armin.kobler\\\/\"]},{\"@type\":\"Person\",\"@id\":\"https:\\\/\\\/www.kobler-margreid.com\\\/blog\\\/#\\\/schema\\\/person\\\/fcca96145437484793adb0529dc48706\",\"name\":\"armin kobler\",\"image\":{\"@type\":\"ImageObject\",\"inLanguage\":\"de\",\"@id\":\"https:\\\/\\\/secure.gravatar.com\\\/avatar\\\/7ed75d18f117c58598b89fcf3ec9fda3311f3fbda827ac1502944a0804d87b7f?s=96&d=mm&r=g\",\"url\":\"https:\\\/\\\/secure.gravatar.com\\\/avatar\\\/7ed75d18f117c58598b89fcf3ec9fda3311f3fbda827ac1502944a0804d87b7f?s=96&d=mm&r=g\",\"contentUrl\":\"https:\\\/\\\/secure.gravatar.com\\\/avatar\\\/7ed75d18f117c58598b89fcf3ec9fda3311f3fbda827ac1502944a0804d87b7f?s=96&d=mm&r=g\",\"caption\":\"armin kobler\"},\"sameAs\":[\"http:\\\/\\\/\"],\"url\":\"https:\\\/\\\/www.kobler-margreid.com\\\/blog\\\/blog\\\/author\\\/armin-kobler\\\/\"}]}<\/script>\n<!-- \/ Yoast SEO plugin. -->","yoast_head_json":{"title":"F\u00fcllung 2010 \u2014 Imbottigliamento 2010 - weinhof KOBLER weblog","robots":{"index":"index","follow":"follow","max-snippet":"max-snippet:-1","max-image-preview":"max-image-preview:large","max-video-preview":"max-video-preview:-1"},"canonical":"https:\/\/www.kobler-margreid.com\/blog\/blog\/2010\/05\/21\/fuellung-2010-imbottigliamento-2010\/","og_locale":"de_DE","og_type":"article","og_title":"F\u00fcllung 2010 \u2014 Imbottigliamento 2010 - weinhof KOBLER weblog","og_description":"Im Fr\u00fchjahr werden in unserem Betrieb die Weine gef\u00fcllt, bis jetzt in den Monaten April oder Mai, mit der Tendenz, diesen die Weinbereitung abschlie\u00dfenden Vorgang sp\u00e4ter durchzuf\u00fchren. Es kommen dabei die Wei\u00dfweine und der Kretzer des vorigen, sowie der Rotwein &hellip; Weiterlesen &rarr;","og_url":"https:\/\/www.kobler-margreid.com\/blog\/blog\/2010\/05\/21\/fuellung-2010-imbottigliamento-2010\/","og_site_name":"weinhof KOBLER weblog","article_publisher":"https:\/\/www.facebook.com\/armin.kobler\/","article_published_time":"2010-05-21T11:40:07+00:00","article_modified_time":"2010-05-21T19:31:15+00:00","og_image":[{"url":"http:\/\/www.kobler-margreid.com\/blog\/wp-content\/2010\/05\/2010-05-08_13-32-351.jpg","type":"","width":"","height":""}],"author":"armin kobler","twitter_card":"summary_large_image","twitter_misc":{"Verfasst von":"armin kobler","Gesch\u00e4tzte Lesezeit":"2\u00a0Minuten"},"schema":{"@context":"https:\/\/schema.org","@graph":[{"@type":"Article","@id":"https:\/\/www.kobler-margreid.com\/blog\/blog\/2010\/05\/21\/fuellung-2010-imbottigliamento-2010\/#article","isPartOf":{"@id":"https:\/\/www.kobler-margreid.com\/blog\/blog\/2010\/05\/21\/fuellung-2010-imbottigliamento-2010\/"},"author":{"name":"armin kobler","@id":"https:\/\/www.kobler-margreid.com\/blog\/#\/schema\/person\/fcca96145437484793adb0529dc48706"},"headline":"F\u00fcllung 2010 \u2014 Imbottigliamento 2010","datePublished":"2010-05-21T11:40:07+00:00","dateModified":"2010-05-21T19:31:15+00:00","mainEntityOfPage":{"@id":"https:\/\/www.kobler-margreid.com\/blog\/blog\/2010\/05\/21\/fuellung-2010-imbottigliamento-2010\/"},"wordCount":499,"commentCount":3,"publisher":{"@id":"https:\/\/www.kobler-margreid.com\/blog\/#\/schema\/person\/6a2290c17f680f59c1fa7e1c7a36df3a"},"image":{"@id":"https:\/\/www.kobler-margreid.com\/blog\/blog\/2010\/05\/21\/fuellung-2010-imbottigliamento-2010\/#primaryimage"},"thumbnailUrl":"http:\/\/www.kobler-margreid.com\/blog\/wp-content\/2010\/05\/2010-05-08_13-32-351.jpg","keywords":["Filtration","Filtrazione","F\u00fcllung","Imbottigliamento"],"articleSection":["Keller - Cantina"],"inLanguage":"de","potentialAction":[{"@type":"CommentAction","name":"Comment","target":["https:\/\/www.kobler-margreid.com\/blog\/blog\/2010\/05\/21\/fuellung-2010-imbottigliamento-2010\/#respond"]}]},{"@type":"WebPage","@id":"https:\/\/www.kobler-margreid.com\/blog\/blog\/2010\/05\/21\/fuellung-2010-imbottigliamento-2010\/","url":"https:\/\/www.kobler-margreid.com\/blog\/blog\/2010\/05\/21\/fuellung-2010-imbottigliamento-2010\/","name":"F\u00fcllung 2010 \u2014 Imbottigliamento 2010 - weinhof KOBLER weblog","isPartOf":{"@id":"https:\/\/www.kobler-margreid.com\/blog\/#website"},"primaryImageOfPage":{"@id":"https:\/\/www.kobler-margreid.com\/blog\/blog\/2010\/05\/21\/fuellung-2010-imbottigliamento-2010\/#primaryimage"},"image":{"@id":"https:\/\/www.kobler-margreid.com\/blog\/blog\/2010\/05\/21\/fuellung-2010-imbottigliamento-2010\/#primaryimage"},"thumbnailUrl":"http:\/\/www.kobler-margreid.com\/blog\/wp-content\/2010\/05\/2010-05-08_13-32-351.jpg","datePublished":"2010-05-21T11:40:07+00:00","dateModified":"2010-05-21T19:31:15+00:00","breadcrumb":{"@id":"https:\/\/www.kobler-margreid.com\/blog\/blog\/2010\/05\/21\/fuellung-2010-imbottigliamento-2010\/#breadcrumb"},"inLanguage":"de","potentialAction":[{"@type":"ReadAction","target":["https:\/\/www.kobler-margreid.com\/blog\/blog\/2010\/05\/21\/fuellung-2010-imbottigliamento-2010\/"]}]},{"@type":"ImageObject","inLanguage":"de","@id":"https:\/\/www.kobler-margreid.com\/blog\/blog\/2010\/05\/21\/fuellung-2010-imbottigliamento-2010\/#primaryimage","url":"http:\/\/www.kobler-margreid.com\/blog\/wp-content\/2010\/05\/2010-05-08_13-32-351.jpg","contentUrl":"http:\/\/www.kobler-margreid.com\/blog\/wp-content\/2010\/05\/2010-05-08_13-32-351.jpg"},{"@type":"BreadcrumbList","@id":"https:\/\/www.kobler-margreid.com\/blog\/blog\/2010\/05\/21\/fuellung-2010-imbottigliamento-2010\/#breadcrumb","itemListElement":[{"@type":"ListItem","position":1,"name":"Startseite","item":"https:\/\/www.kobler-margreid.com\/blog\/"},{"@type":"ListItem","position":2,"name":"F\u00fcllung 2010 \u2014 Imbottigliamento 2010"}]},{"@type":"WebSite","@id":"https:\/\/www.kobler-margreid.com\/blog\/#website","url":"https:\/\/www.kobler-margreid.com\/blog\/","name":"weinhof KOBLER weblog","description":"dem wein ganz nah \u2013 all&#039;interno del vino","publisher":{"@id":"https:\/\/www.kobler-margreid.com\/blog\/#\/schema\/person\/6a2290c17f680f59c1fa7e1c7a36df3a"},"potentialAction":[{"@type":"SearchAction","target":{"@type":"EntryPoint","urlTemplate":"https:\/\/www.kobler-margreid.com\/blog\/?s={search_term_string}"},"query-input":{"@type":"PropertyValueSpecification","valueRequired":true,"valueName":"search_term_string"}}],"inLanguage":"de"},{"@type":["Person","Organization"],"@id":"https:\/\/www.kobler-margreid.com\/blog\/#\/schema\/person\/6a2290c17f680f59c1fa7e1c7a36df3a","name":"armin kobler","image":{"@type":"ImageObject","inLanguage":"de","@id":"https:\/\/www.kobler-margreid.com\/blog\/wp-content\/2023\/11\/2012-05-08_09-33-03a.jpg","url":"https:\/\/www.kobler-margreid.com\/blog\/wp-content\/2023\/11\/2012-05-08_09-33-03a.jpg","contentUrl":"https:\/\/www.kobler-margreid.com\/blog\/wp-content\/2023\/11\/2012-05-08_09-33-03a.jpg","width":1088,"height":1184,"caption":"armin kobler"},"logo":{"@id":"https:\/\/www.kobler-margreid.com\/blog\/wp-content\/2023\/11\/2012-05-08_09-33-03a.jpg"},"sameAs":["http:\/\/www.kobler-margreid.com","https:\/\/www.facebook.com\/armin.kobler\/"]},{"@type":"Person","@id":"https:\/\/www.kobler-margreid.com\/blog\/#\/schema\/person\/fcca96145437484793adb0529dc48706","name":"armin kobler","image":{"@type":"ImageObject","inLanguage":"de","@id":"https:\/\/secure.gravatar.com\/avatar\/7ed75d18f117c58598b89fcf3ec9fda3311f3fbda827ac1502944a0804d87b7f?s=96&d=mm&r=g","url":"https:\/\/secure.gravatar.com\/avatar\/7ed75d18f117c58598b89fcf3ec9fda3311f3fbda827ac1502944a0804d87b7f?s=96&d=mm&r=g","contentUrl":"https:\/\/secure.gravatar.com\/avatar\/7ed75d18f117c58598b89fcf3ec9fda3311f3fbda827ac1502944a0804d87b7f?s=96&d=mm&r=g","caption":"armin kobler"},"sameAs":["http:\/\/"],"url":"https:\/\/www.kobler-margreid.com\/blog\/blog\/author\/armin-kobler\/"}]}},"_links":{"self":[{"href":"https:\/\/www.kobler-margreid.com\/blog\/wp-json\/wp\/v2\/posts\/3964","targetHints":{"allow":["GET"]}}],"collection":[{"href":"https:\/\/www.kobler-margreid.com\/blog\/wp-json\/wp\/v2\/posts"}],"about":[{"href":"https:\/\/www.kobler-margreid.com\/blog\/wp-json\/wp\/v2\/types\/post"}],"author":[{"embeddable":true,"href":"https:\/\/www.kobler-margreid.com\/blog\/wp-json\/wp\/v2\/users\/6"}],"replies":[{"embeddable":true,"href":"https:\/\/www.kobler-margreid.com\/blog\/wp-json\/wp\/v2\/comments?post=3964"}],"version-history":[{"count":0,"href":"https:\/\/www.kobler-margreid.com\/blog\/wp-json\/wp\/v2\/posts\/3964\/revisions"}],"wp:attachment":[{"href":"https:\/\/www.kobler-margreid.com\/blog\/wp-json\/wp\/v2\/media?parent=3964"}],"wp:term":[{"taxonomy":"category","embeddable":true,"href":"https:\/\/www.kobler-margreid.com\/blog\/wp-json\/wp\/v2\/categories?post=3964"},{"taxonomy":"post_tag","embeddable":true,"href":"https:\/\/www.kobler-margreid.com\/blog\/wp-json\/wp\/v2\/tags?post=3964"}],"curies":[{"name":"wp","href":"https:\/\/api.w.org\/{rel}","templated":true}]}}